{"id":234636,"date":"2026-04-20T10:46:13","date_gmt":"2026-04-20T08:46:13","guid":{"rendered":"https:\/\/kohenavocats.com\/comparution-immediate\/"},"modified":"2026-04-20T10:46:15","modified_gmt":"2026-04-20T08:46:15","slug":"comparution-immediate","status":"publish","type":"post","link":"https:\/\/kohenavocats.com\/ar\/comparution-immediate\/","title":{"rendered":"Comparution imm\u00e9diate"},"content":{"rendered":"<div class=\"avertissement-juridique\" style=\"background: #fff3cd; border: 1px solid #ffc107; padding: 15px; margin-bottom: 20px; border-radius: 4px;\">\n<p><strong>Information :<\/strong> Cette fiche presente les regles generales applicables.<br \/>\n    Votre situation personnelle peut necessiter une analyse specifique.<br \/>\n    <a href=\"\/contact\/\">Contactez notre cabinet<\/a> pour un accompagnement personnalise.<\/p>\n<\/div>\n<div class=\"introduction\">\n<p>La comparution imm\u00e9diate est une proc\u00e9dure rapide qui permet de faire juger un pr\u00e9venu \u00e0 la suite de sa garde \u00e0 vue. Elle ne s\u2019applique pas aux contraventions et aux crimes, mais seulement \u00e0 certains d\u00e9lits. Les personnes jug\u00e9es doivent \u00eatre majeures. Nous vous pr\u00e9sentons les informations \u00e0 conna\u00eetre.<\/p>\n<\/div>\n<section class=\"analyse-cabinet\" style=\"background:#f8f7f5;border:1px solid #d7d3cc;padding:20px;margin:25px 0;border-radius:6px;\">\n<h2>Analyse pratique du cabinet<\/h2>\n<p>La fiche officielle d\u00e9crit la comparution imm\u00e9diate. En pratique, c&#x27;est une proc\u00e9dure de tr\u00e8s forte intensit\u00e9 o\u00f9 la vraie question n&#x27;est pas seulement d&#x27;\u00eatre jug\u00e9 vite, mais de savoir s&#x27;il faut \u00eatre jug\u00e9 imm\u00e9diatement ou demander un d\u00e9lai pour pr\u00e9parer la d\u00e9fense.<\/p>\n<h3>Ce qu\u2019il faut retenir<\/h3>\n<ul>\n<li>La comparution imm\u00e9diate intervient \u00e0 tr\u00e8s bref d\u00e9lai apr\u00e8s la garde \u00e0 vue pour certains d\u00e9lits. Le temps proc\u00e9dural est donc extr\u00eamement resserr\u00e9.<\/li>\n<li>Le pr\u00e9venu peut demander un d\u00e9lai pour pr\u00e9parer sa d\u00e9fense. Cette d\u00e9cision doit \u00eatre prise \u00e0 la lumi\u00e8re du dossier, de la peine encourue, du risque de d\u00e9tention et des v\u00e9rifications encore n\u00e9cessaires.<\/li>\n<li>Demander un d\u00e9lai n&#x27;est pas neutre : cela peut ouvrir imm\u00e9diatement le d\u00e9bat sur le contr\u00f4le judiciaire, l&#x27;assignation \u00e0 r\u00e9sidence sous surveillance \u00e9lectronique ou la d\u00e9tention provisoire.<\/li>\n<\/ul>\n<h3>Points de vigilance<\/h3>\n<ul>\n<li>Le point critique est la lecture du dossier p\u00e9nal avant l&#x27;audience : proc\u00e8s-verbaux, auditions, ant\u00e9c\u00e9dents, \u00e9l\u00e9ments de personnalit\u00e9 et preuves mat\u00e9rielles.<\/li>\n<li>Une d\u00e9fense efficace suppose souvent d&#x27;avoir pr\u00e9par\u00e9 des garanties de repr\u00e9sentation d\u00e8s avant l&#x27;audience : domicile, emploi, formation, soins, entourage, justificatifs.<\/li>\n<li>Il faut distinguer la strat\u00e9gie du fond et la strat\u00e9gie de l&#x27;audience. M\u00eame quand les faits sont contest\u00e9s, l&#x27;absence de garanties imm\u00e9diates peut peser lourd sur la libert\u00e9.<\/li>\n<\/ul>\n<h3>Pi\u00e8ces \u00e0 pr\u00e9parer<\/h3>\n<ul>\n<li>Justificatif de domicile r\u00e9cent, contrat de travail ou attestations d&#x27;activit\u00e9, justificatifs de formation ou de soins, et tout document d\u00e9montrant la stabilit\u00e9 personnelle.<\/li>\n<li>Pi\u00e8ces de personnalit\u00e9 utiles : attestations, certificat d&#x27;h\u00e9bergement, documents relatifs aux enfants ou aux obligations familiales selon la situation.<\/li>\n<li>Si un d\u00e9lai est envisag\u00e9, tout \u00e9l\u00e9ment montrant qu&#x27;une d\u00e9fense s\u00e9rieuse n\u00e9cessite des v\u00e9rifications, pi\u00e8ces compl\u00e9mentaires ou auditions suppl\u00e9mentaires.<\/li>\n<\/ul>\n<h3>Erreurs fr\u00e9quentes \u00e0 \u00e9viter<\/h3>\n<ul>\n<li>Se focaliser uniquement sur l&#x27;audience au fond sans pr\u00e9parer les garanties de repr\u00e9sentation.<\/li>\n<li>Demander un d\u00e9lai sans avoir mesur\u00e9 le risque imm\u00e9diat de placement ou de maintien en d\u00e9tention.<\/li>\n<li>Consid\u00e9rer la comparution imm\u00e9diate comme une simple formalit\u00e9 alors qu&#x27;une d\u00e9cision prise dans l&#x27;urgence peut engager durablement le dossier.<\/li>\n<\/ul>\n<h3>Point de jurisprudence utile<\/h3>\n<ul>\n<li>La chambre criminelle a rappel\u00e9 qu&#x27;en comparution imm\u00e9diate, lorsqu&#x27;un pr\u00e9venu demande un d\u00e9lai et conteste la l\u00e9galit\u00e9 de son titre initial de d\u00e9tention, le tribunal doit statuer dans un m\u00eame jugement sur cette contestation et sur la suite proc\u00e9durale. Cass. crim., 18 avril 2023, n\u00b0 23-80.674. <a href=\"https:\/\/www.courdecassation.fr\/decision\/64422944d2fa6fd0f8040284\" target=\"_blank\" rel=\"noopener\">Source officielle<\/a><\/li>\n<\/ul>\n<h3>Liens utiles sur notre site<\/h3>\n<ul>\n<li><a href=\"https:\/\/kohenavocats.com\/garde-a-vue\/\">Garde \u00e0 vue<\/a> : pour comprendre l&#x27;\u00e9tape qui pr\u00e9c\u00e8de souvent la comparution imm\u00e9diate<\/li>\n<li><a href=\"https:\/\/kohenavocats.com\/deroulement-d-une-affaire-devant-le-tribunal-correctionnel\/\">D\u00e9roulement d&#x27;une affaire devant le tribunal correctionnel<\/a> : pour situer l&#x27;audience dans la suite de la proc\u00e9dure<\/li>\n<li><a href=\"https:\/\/kohenavocats.com\/l-avocat-est-il-obligatoire-dans-un-proces-penal\/\">L&#x27;avocat est-il obligatoire dans un proc\u00e8s p\u00e9nal ?<\/a> : pour mesurer l&#x27;importance d&#x27;une d\u00e9fense pr\u00e9par\u00e9e<\/li>\n<\/ul>\n<div class=\"analyse-cabinet-cta\" style=\"background:#ffffff;border:1px solid #c9c4bb;padding:16px;margin-top:20px;\">\n<p>En comparution imm\u00e9diate, la strat\u00e9gie se joue avant m\u00eame l&#x27;appel de l&#x27;affaire : lecture du dossier, choix entre jugement imm\u00e9diat ou d\u00e9lai, et pr\u00e9paration des garanties de repr\u00e9sentation.<\/p>\n<p><a href=\"https:\/\/kohenavocats.com\/contactez-nous\/\">Joindre le cabinet<\/a><\/p>\n<\/div>\n<\/section>\n<h2>Quelles sont les conditions n\u00e9cessaires \u00e0 la comparution imm\u00e9diate\u00a0?<\/h2>\n<p>Quelles sont les conditions n\u00e9cessaires \u00e0 la comparution imm\u00e9diate ?<\/p>\n<p>La comparution imm\u00e9diate s&#x27;applique uniquement pour certains d\u00e9lits :<\/p>\n<p>D\u00e9lits punis d\u2019une peine d&#x27;au moins 2 ans de prison en enqu\u00eate pr\u00e9liminaire<\/p>\n<p>D\u00e9lits punis d\u2019une peine d&#x27;au moins 6 mois de prison en .enqu\u00eate de flagrance<\/p>\n<p>Ce sont des infractions qui constituent une atteinte \u00e0 l\u2019ordre public, d\u2019une certaine gravit\u00e9.<\/p>\n<p>La comparution imm\u00e9diate ne s\u2019applique pas pour certains d\u00e9lits :<\/p>\n<p>D\u00e9lits de presse<\/p>\n<p>D\u00e9lits politiques<\/p>\n<p>D\u00e9lits dont la proc\u00e9dure est pr\u00e9vue par une loi sp\u00e9ciale.<\/p>\n<p>L&#x27;affaire doit \u00eatre en \u00e9tat d&#x27;\u00eatre jug\u00e9e, une enqu\u00eate approfondie n&#x27;est pas n\u00e9cessaire et il y a assez d&#x27;\u00e9l\u00e9ments \u00e0 charge pour permettre rapidement le jugement de l&#x27;affaire.<\/p>\n<p>Le pr\u00e9venu doit \u00eatre majeur.<\/p>\n<p>M\u00eame si toutes les conditions sont r\u00e9unies, le pr\u00e9venu peut \u00eatre jug\u00e9 en comparution imm\u00e9diate uniquement s\u2019il a donn\u00e9 son accord en pr\u00e9sence d\u2019un avocat.<\/p>\n<ul>\n<li>D\u00e9lits punis d\u2019une peine d&#x27;au moins 2 ans de prison en enqu\u00eate pr\u00e9liminaire<\/li>\n<li>D\u00e9lits punis d\u2019une peine d&#x27;au moins 6 mois de prison en .enqu\u00eate de flagrance<\/li>\n<\/ul>\n<ul>\n<li>D\u00e9lits de presse<\/li>\n<li>D\u00e9lits politiques<\/li>\n<li>D\u00e9lits dont la proc\u00e9dure est pr\u00e9vue par une loi sp\u00e9ciale.<\/li>\n<\/ul>\n<h2>Quelles sont les \u00e9tapes de la proc\u00e9dure de comparution imm\u00e9diate\u00a0?<\/h2>\n<p>Quelles sont les \u00e9tapes de la proc\u00e9dure de comparution imm\u00e9diate ?<\/p>\n<p>C&#x27;est le procureur de la R\u00e9publique qui d\u00e9cide d&#x27;utiliser la proc\u00e9dure de comparution imm\u00e9diate. Il prend sa d\u00e9cision \u00e0 la fin de la garde \u00e0 vue du suspect.<\/p>\n<p>D\u00e9f\u00e8rement<\/p>\n<p>\u00c0 la fin de la garde \u00e0 vue, le procureur de la R\u00e9publique donne l&#x27;ordre aux enqu\u00eateurs de conduire le suspect devant lui pour l&#x27;auditionner. C&#x27;est ce qu&#x27;on appelle le d\u00e9f\u00e8rement du suspect.<\/p>\n<p>Le procureur informe d&#x27;abord le suspect sur ses droits et sur les faits qui lui sont reproch\u00e9s. Puis il interroge le suspect et recueille ses observations. Il recueille aussi les observations de l&#x27;avocat si le suspect est assist\u00e9 d&#x27;un avocat choisi ou commis d&#x27;office.<\/p>\n<p>Audience de comparution imm\u00e9diate<\/p>\n<p>Le pr\u00e9venu compara\u00eet le jour m\u00eame \u00e0 l&#x27;audience du tribunal correctionnel pour \u00eatre jug\u00e9. En attendant l\u2019heure de l&#x27;audience, il est retenu dans une salle s\u00e9curis\u00e9e du tribunal sous la surveillance des policiers ou des gendarmes.<\/p>\n<p>L&#x27;audience se d\u00e9roule selon les r\u00e8gles communes d\u2019un proc\u00e8s devant le tribunal correctionnel.<\/p>\n<p>Juge des libert\u00e9s et de la d\u00e9tention (JLD)<\/p>\n<p>C&#x27;est une \u00e9tape interm\u00e9diaire lorsque l\u2019audience de comparution imm\u00e9diate est impossible le jour m\u00eame du d\u00e9f\u00e8rement et qu&#x27;elle est report\u00e9e \u00e0 un autre jour.<\/p>\n<p>Le procureur de la R\u00e9publique peut demander au juge des libert\u00e9s et de la d\u00e9tention (JLD) d&#x27;ordonner des mesures de s\u00fbret\u00e9 en attendant l&#x27;audience de comparution imm\u00e9diate.<\/p>\n<p>Le JLD peut prononcer les mesures de s\u00fbret\u00e9 suivantes :<\/p>\n<p>Contr\u00f4le judiciaire<\/p>\n<p>Assignation \u00e0 r\u00e9sidence avec surveillance \u00e9lectronique<\/p>\n<p>D\u00e9tention provisoire.<\/p>\n<p>Le pr\u00e9venu ne peut pas faire de la d\u00e9cision du JLD.appel<\/p>\n<ul>\n<li>Contr\u00f4le judiciaire<\/li>\n<li>Assignation \u00e0 r\u00e9sidence avec surveillance \u00e9lectronique<\/li>\n<li>D\u00e9tention provisoire.<\/li>\n<\/ul>\n<h2>Quels sont les droits du pr\u00e9venu lors d&#x27;une comparution imm\u00e9diate\u00a0?<\/h2>\n<p>Quels sont les droits du pr\u00e9venu lors d&#x27;une comparution imm\u00e9diate ?<\/p>\n<p>Le suspect qui est d\u00e9f\u00e9r\u00e9 en vue d&#x27;une comparution imm\u00e9diate a le droit de :<\/p>\n<p>Consulter son dossier sur le champ<\/p>\n<p>\u00catre assister d&#x27;un interpr\u00e8te s&#x27;il ne comprend pas le fran\u00e7ais<\/p>\n<p>\u00catre assist\u00e9 d&#x27;un avocat choisi par lui ou commis d&#x27;office par le b\u00e2tonnier<\/p>\n<p>Faire des d\u00e9clarations et r\u00e9pondre aux questions ou de se taire<\/p>\n<p>Refuser d&#x27;\u00eatre jug\u00e9 sur le champ et d\u2019obtenir un renvoi pour pr\u00e9parer sa d\u00e9fense.<\/p>\n<ul>\n<li>Consulter son dossier sur le champ<\/li>\n<li>\u00catre assister d&#x27;un interpr\u00e8te s&#x27;il ne comprend pas le fran\u00e7ais<\/li>\n<li>\u00catre assist\u00e9 d&#x27;un avocat choisi par lui ou commis d&#x27;office par le b\u00e2tonnier<\/li>\n<li>Faire des d\u00e9clarations et r\u00e9pondre aux questions ou de se taire<\/li>\n<li>Refuser d&#x27;\u00eatre jug\u00e9 sur le champ et d\u2019obtenir un renvoi pour pr\u00e9parer sa d\u00e9fense.<\/li>\n<\/ul>\n<h2>Quels sont les droits de la victime lors d&#x27;une comparution imm\u00e9diate\u00a0?<\/h2>\n<p>Quels sont les droits de la victime lors d&#x27;une comparution imm\u00e9diate ?<\/p>\n<p>La victime de l&#x27;infraction est avertie par tout moyen de la proc\u00e9dure de comparution imm\u00e9diate et de la date de l&#x27;audience. En pratique, c&#x27;est la police ou la gendarmerie qui lui donne l&#x27;information. La victime peut se faire traduire l&#x27;avis d&#x27;audience si elle ne comprend pas le fran\u00e7ais.<\/p>\n<p>La victime peut pour demander des se constituer partie civiledommages-int\u00e9r\u00eats en r\u00e9paration de son pr\u00e9judice.<\/p>\n<p>La victime partie civile peut choisir un avocat ou faire ses demandes seule. Si elle souhaite \u00eatre assist\u00e9e d\u2019un avocat mais que ses ressources sont insuffisantes pour le payer, elle peut demander \u00e0 b\u00e9n\u00e9ficier de l&#x27;aide juridictionnelle.<\/p>\n<p>Ce service permet aux victimes d&#x27;infractions (hors atteintes aux biens sur internet) d&#x27;\u00eatre \u00e9cout\u00e9es et orient\u00e9es vers une association d\u2019aide aux victimes ou un service sp\u00e9cialis\u00e9. Il est accessible aux personnes sourdes et malentendantes.<\/p>\n<p>En France m\u00e9tropolitaine<\/p>\n<p>116 006<\/p>\n<p>Appel gratuit<\/p>\n<p>Service joignable tous les jours de l&#x27;ann\u00e9e, de 9h \u00e0 20h.<\/p>\n<p>Hors m\u00e9tropole (ou depuis l&#x27;\u00e9tranger)<\/p>\n<p>+ 33 (0)1 80 52 33 76<\/p>\n<p>Appel gratuit<\/p>\n<p>Service joignable tous les jours de l&#x27;ann\u00e9e, de 9h \u00e0 20h (heure de Paris).<\/p>\n<p>Par mail<\/p>\n<p>Par mail : victimes@116006.fr<\/p>\n<h2>Dans quels d\u00e9lais l&#x27;audience de comparution imm\u00e9diate a-t-elle lieu\u00a0?<\/h2>\n<p>Dans quels d\u00e9lais l&#x27;audience de comparution imm\u00e9diate a-t-elle lieu ?<\/p>\n<p>D\u00e9lais pour comparaitre \u00e0 l\u2019audience du tribunal correctionnel<\/p>\n<p>L&#x27;audience de comparution imm\u00e9diate doit avoir lieu le m\u00eame jour, \u00e0 la suite du d\u00e9f\u00e8rement.<\/p>\n<p>Si l&#x27;audience est impossible le jour m\u00eame, la comparution imm\u00e9diate est report\u00e9e dans le d\u00e9lai de :<\/p>\n<p>3 jours ouvrables maximum si le pr\u00e9venu est plac\u00e9 en d\u00e9tention provisoire par le JLD. Ce d\u00e9lai court \u00e0 partir du lendemain de la d\u00e9cision du JLD. Sinon, il est automatiquement mis en libert\u00e9.<\/p>\n<p>3 jours ouvrables maximum si le pr\u00e9venu est plac\u00e9 sous contr\u00f4le judiciaire ou assign\u00e9 \u00e0 r\u00e9sidence avec surveillance \u00e9lectronique par le JLD.<\/p>\n<p>D\u00e9lais de renvois d&#x27;audience en comparution imm\u00e9diate<\/p>\n<p>Le jour de l\u2019audience, le pr\u00e9venu peut refuser d\u2019\u00eatre jug\u00e9 imm\u00e9diatement ou l\u2019affaire n\u2019est pas en \u00e9tat d\u2019\u00eatre jug\u00e9e (c\u2019est-\u00e0-dire quand les charges r\u00e9unies dans le dossier sont insuffisantes).<\/p>\n<p>Dans ce cas, le tribunal ordonne le renvoi de l&#x27;affaire \u00e0 une autre date.<\/p>\n<p>Le d\u00e9lai de renvoi, quelle que soit la peine encourue, ne peut pas \u00eatre inf\u00e9rieur \u00e0 4 semaines (sauf si le pr\u00e9venu renonce \u00e0 ce d\u00e9lai), ni sup\u00e9rieur \u00e0 10 semaines.<\/p>\n<p>En cas de renvoi, le pr\u00e9venu ou son avocat peut demander au tribunal d&#x27;ordonner un compl\u00e9ment d&#x27;enqu\u00eate (auditions, expertises&#8230;).<\/p>\n<p>Le tribunal peut ordonner des mesures de s\u00fbret\u00e9 (contr\u00f4le judiciaire, assignation \u00e0 r\u00e9sidence avec surveillance \u00e9lectronique ou d\u00e9tention provisoire), ou les prolonger, dans l&#x27;attente de l&#x27;audience.<\/p>\n<ul>\n<li>3 jours ouvrables maximum si le pr\u00e9venu est plac\u00e9 en d\u00e9tention provisoire par le JLD. Ce d\u00e9lai court \u00e0 partir du lendemain de la d\u00e9cision du JLD. Sinon, il est automatiquement mis en libert\u00e9.<\/li>\n<li>3 jours ouvrables maximum si le pr\u00e9venu est plac\u00e9 sous contr\u00f4le judiciaire ou assign\u00e9 \u00e0 r\u00e9sidence avec surveillance \u00e9lectronique par le JLD.<\/li>\n<\/ul>\n<h2>Comment se d\u00e9roule l\u2019audience correctionnelle de comparution imm\u00e9diate\u00a0?<\/h2>\n<p>Comment se d\u00e9roule l\u2019audience correctionnelle de comparution imm\u00e9diate ?<\/p>\n<p>\u00c0 l&#x27;audience, le pr\u00e9venu compara\u00eet sous escorte (police ou gendarmerie) devant le tribunal.<\/p>\n<p>Le pr\u00e9sident du tribunal doit demander au pr\u00e9venu s&#x27;il accepte d&#x27;\u00eatre jug\u00e9 imm\u00e9diatement.<\/p>\n<p>La pr\u00e9sence d&#x27;un avocat est obligatoire pour recueillir le consentement du pr\u00e9venu \u00e0 \u00eatre jug\u00e9 sur le champ. Si le pr\u00e9venu n&#x27;a pas d&#x27;avocat, le tribunal demande au b\u00e2tonnier de d\u00e9signer un avocat commis d&#x27;office.<\/p>\n<p>L\u2019audience se d\u00e9roule selon les r\u00e8gles communes d\u2019un proc\u00e8s devant le tribunal correctionnel.<\/p>\n<p>Si la demande de dommages et int\u00e9r\u00eats de la partie civile ne peut pas \u00eatre jug\u00e9e \u00e0 l\u2019audience imm\u00e9diatement, le tribunal renvoie le dossier \u00e0 une audience sur int\u00e9r\u00eats civils. Cette audience concerne uniquement la demande de dommages et int\u00e9r\u00eats.<\/p>\n<h2>Quel est le recours contre le jugement prononc\u00e9 en comparution imm\u00e9diate\u00a0?<\/h2>\n<p>Quel est le recours contre le jugement prononc\u00e9 en comparution imm\u00e9diate ?<\/p>\n<p>La personne condamn\u00e9e, la partie civile ou le minist\u00e8re public peuvent faire de la d\u00e9cision du tribunal correctionnel.appel<\/p>\n<p>L&#x27;appel de la partie civile est limit\u00e9 aux : elle ne peut pas contester la peine condamn\u00e9e \u00e0 l\u2019encontre du pr\u00e9venu, ni une d\u00e9cision de int\u00e9r\u00eats civilsrelaxe.<\/p>\n<p>Si le pr\u00e9venu est condamn\u00e9 et maintenu en d\u00e9tention par le tribunal, en cas d\u2019appel, la cour d&#x27;appel a 4 mois pour rendre sa d\u00e9cision. Sinon, le pr\u00e9venu est lib\u00e9r\u00e9.<\/p>\n<h2>En France m\u00e9tropolitaine<\/h2>\n<p>En France m\u00e9tropolitaine<\/p>\n<p>116 006<\/p>\n<p>Appel gratuit<\/p>\n<p>Service joignable tous les jours de l&#x27;ann\u00e9e, de 9h \u00e0 20h.<\/p>\n<h2>Hors m\u00e9tropole (ou depuis l&#x27;\u00e9tranger)<\/h2>\n<p>Hors m\u00e9tropole (ou depuis l&#x27;\u00e9tranger)<\/p>\n<p>+ 33 (0)1 80 52 33 76<\/p>\n<p>Appel gratuit<\/p>\n<p>Service joignable tous les jours de l&#x27;ann\u00e9e, de 9h \u00e0 20h (heure de Paris).<\/p>\n<h2>Par mail<\/h2>\n<p>Par mail<\/p>\n<p>Par mail : victimes@116006.fr<\/p>\n<div class=\"references-legifrance\">\n<h3>Textes de reference<\/h3>\n<ul>\n<li><a href=\"https:\/\/www.legifrance.gouv.fr\/codes\/section_lc\/LEGITEXT000006071154\/LEGISCTA000006182903\/\" target=\"_blank\" rel=\"noopener\">Paragraphe 3 : De la convocation par proc\u00e8s-verbal, de la comparution imm\u00e9diate et de la comparution diff\u00e9r\u00e9e (Code de procedure penale)<\/a><\/li>\n<li><a href=\"https:\/\/www.legifrance.gouv.fr\/codes\/section_lc\/LEGITEXT000006070719\/LEGISCTA000006181730\/#LEGISCTA000006181730\" target=\"_blank\" rel=\"noopener\">Sous-section 4 : Des peines contraventionnelles (Code penal)<\/a><\/li>\n<li><a href=\"https:\/\/www.legifrance.gouv.fr\/codes\/id\/LEGISCTA000006151877\/\" target=\"_blank\" rel=\"noopener\">Chapitre II : De l&#8217;enqu\u00eate pr\u00e9liminaire<\/a><\/li>\n<\/ul>\n<\/div>\n<div class=\"questions-reponses\">\n<h3>Questions frequentes<\/h3>\n<ul>\n<li>Qu&#x27;est-ce qu&#x27;une comparution \u00e0 d\u00e9lai diff\u00e9r\u00e9\u00a0?<\/li>\n<li>Convocation par proc\u00e8s-verbal (CPPV)\u00a0: quelles sont les r\u00e8gles\u00a0?<\/li>\n<\/ul>\n<\/div>\n<div class=\"source-service-public\" style=\"background: #f8f9fa; border-left: 4px solid #000091; padding: 15px; margin-top: 30px; font-size: 0.9em;\">\n<p><strong>Source :<\/strong> Cette fiche est issue du site <a href=\"https:\/\/www.service-public.gouv.fr\/particuliers\/vosdroits\/F32129\" target=\"_blank\" rel=\"noopener\">Service-Public.fr<\/a>,<br \/>\n    le site officiel de l&#8217;administration francaise, edite par la Direction de l&#8217;information legale et administrative (DILA).<\/p>\n<p><em>Fiche F32129 &#8211; Derniere mise a jour : 30\/09\/2024<\/em><\/p>\n<p>Donnees diffusees sous <a href=\"https:\/\/www.etalab.gouv.fr\/licence-ouverte-open-licence\/\" target=\"_blank\" rel=\"noopener\">Licence Ouverte v2.0<\/a><\/p>\n<\/div>\n","protected":false},"excerpt":{"rendered":"<p>Information : Cette fiche presente les regles generales applicables. Votre situation personnelle peut necessiter une analyse specifique. Contactez notre cabinet pour un accompagnement personnalise. La comparution imm\u00e9diate est une proc\u00e9dure rapide qui permet de faire juger un pr\u00e9venu \u00e0 la suite de sa garde \u00e0 vue. Elle ne s\u2019applique pas aux contraventions et aux crimes, [&hellip;]<\/p>\n","protected":false},"author":232070755,"featured_media":9481,"comment_status":"open","ping_status":"open","sticky":false,"template":"","format":"standard","meta":{"_crdt_document":"","_jetpack_newsletter_access":"","_jetpack_dont_email_post_to_subs":false,"_jetpack_newsletter_tier_id":0,"_jetpack_memberships_contains_paywalled_content":false,"_kj_source_type":"","_kj_official_id":"","_kj_official_url":"","_kj_judilibre_id":"","_kj_jur":"","_kj_lieu":"","_kj_chambre":"","_kj_rg":"","_kj_date":"","_jetpack_memberships_contains_paid_content":false,"footnotes":"","jetpack_post_was_ever_published":false},"categories":[7129],"tags":[],"class_list":["post-234636","post","type-post","status-publish","format-standard","has-post-thumbnail","hentry","category-droit-penal"],"yoast_head":"<!-- This site is optimized with the Yoast SEO Premium plugin v27.5 (Yoast SEO v27.5) - https:\/\/yoast.com\/product\/yoast-seo-premium-wordpress\/ -->\n<title>Comparution imm\u00e9diate - Ma\u00eetre Hassan Kohen, avocat en droit p\u00e9nal \u00e0 Paris<\/title>\n<meta name=\"robots\" content=\"index, follow, max-snippet:-1, max-image-preview:large, max-video-preview:-1\" \/>\n<link rel=\"canonical\" href=\"https:\/\/kohenavocats.com\/ar\/comparution-immediate\/\" \/>\n<meta property=\"og:locale\" content=\"ar_AR\" \/>\n<meta property=\"og:type\" content=\"article\" \/>\n<meta property=\"og:title\" content=\"Comparution imm\u00e9diate\" \/>\n<meta property=\"og:description\" content=\"Information : Cette fiche presente les regles generales applicables. Votre situation personnelle peut necessiter une analyse specifique. Contactez notre cabinet pour un accompagnement personnalise. La comparution imm\u00e9diate est une proc\u00e9dure rapide qui permet de faire juger un pr\u00e9venu \u00e0 la suite de sa garde \u00e0 vue. Elle ne s\u2019applique pas aux contraventions et aux crimes, [&hellip;]\" \/>\n<meta property=\"og:url\" content=\"https:\/\/kohenavocats.com\/ar\/comparution-immediate\/\" \/>\n<meta property=\"og:site_name\" content=\"Ma\u00eetre Hassan Kohen, avocat en droit p\u00e9nal \u00e0 Paris\" \/>\n<meta property=\"article:published_time\" content=\"2026-04-20T08:46:13+00:00\" \/>\n<meta property=\"article:modified_time\" content=\"2026-04-20T08:46:15+00:00\" \/>\n<meta property=\"og:image\" content=\"https:\/\/kohenavocats.com\/wp-content\/uploads\/2024\/11\/getty-images-IixEkPUt3kU-unsplash.webp\" \/>\n\t<meta property=\"og:image:width\" content=\"6000\" \/>\n\t<meta property=\"og:image:height\" content=\"3701\" \/>\n\t<meta property=\"og:image:type\" content=\"image\/webp\" \/>\n<meta name=\"author\" content=\"Kohen\" \/>\n<meta name=\"twitter:card\" content=\"summary_large_image\" \/>\n<meta name=\"twitter:label1\" content=\"\u0643\u064f\u062a\u0628 \u0628\u0648\u0627\u0633\u0637\u0629\" \/>\n\t<meta name=\"twitter:data1\" content=\"Kohen\" \/>\n\t<meta name=\"twitter:label2\" content=\"\u0648\u0642\u062a \u0627\u0644\u0642\u0631\u0627\u0621\u0629 \u0627\u0644\u0645\u064f\u0642\u062f\u0651\u0631\" \/>\n\t<meta name=\"twitter:data2\" content=\"12 \u062f\u0642\u064a\u0642\u0629\" \/>\n<script type=\"application\/ld+json\" class=\"yoast-schema-graph\">{\"@context\":\"https:\\\/\\\/schema.org\",\"@graph\":[{\"@type\":\"Article\",\"@id\":\"https:\\\/\\\/kohenavocats.com\\\/ar\\\/comparution-immediate\\\/#article\",\"isPartOf\":{\"@id\":\"https:\\\/\\\/kohenavocats.com\\\/ar\\\/comparution-immediate\\\/\"},\"author\":{\"name\":\"Kohen\",\"@id\":\"https:\\\/\\\/kohenavocats.com\\\/ar\\\/#\\\/schema\\\/person\\\/761c9ba54fa1ca84d405cef0831ff751\"},\"headline\":\"Comparution imm\u00e9diate\",\"datePublished\":\"2026-04-20T08:46:13+00:00\",\"dateModified\":\"2026-04-20T08:46:15+00:00\",\"mainEntityOfPage\":{\"@id\":\"https:\\\/\\\/kohenavocats.com\\\/ar\\\/comparution-immediate\\\/\"},\"wordCount\":2512,\"commentCount\":0,\"publisher\":{\"@id\":\"https:\\\/\\\/kohenavocats.com\\\/ar\\\/#organization\"},\"image\":{\"@id\":\"https:\\\/\\\/kohenavocats.com\\\/ar\\\/comparution-immediate\\\/#primaryimage\"},\"thumbnailUrl\":\"https:\\\/\\\/kohenavocats.com\\\/wp-content\\\/uploads\\\/2024\\\/11\\\/getty-images-IixEkPUt3kU-unsplash.webp\",\"articleSection\":[\"Droit penal\"],\"inLanguage\":\"ar\",\"potentialAction\":[{\"@type\":\"CommentAction\",\"name\":\"Comment\",\"target\":[\"https:\\\/\\\/kohenavocats.com\\\/ar\\\/comparution-immediate\\\/#respond\"]}],\"citation\":\"Comparution imm\u00e9diate\",\"about\":[{\"@type\":\"Thing\",\"name\":\"Droit penal\"}],\"speakable\":{\"@type\":\"SpeakableSpecification\",\"cssSelector\":[\".article-content > p:first-of-type\"]}},{\"@type\":\"WebPage\",\"@id\":\"https:\\\/\\\/kohenavocats.com\\\/ar\\\/comparution-immediate\\\/\",\"url\":\"https:\\\/\\\/kohenavocats.com\\\/ar\\\/comparution-immediate\\\/\",\"name\":\"Comparution imm\u00e9diate - Ma\u00eetre Hassan Kohen, avocat en droit p\u00e9nal \u00e0 Paris\",\"isPartOf\":{\"@id\":\"https:\\\/\\\/kohenavocats.com\\\/ar\\\/#website\"},\"primaryImageOfPage\":{\"@id\":\"https:\\\/\\\/kohenavocats.com\\\/ar\\\/comparution-immediate\\\/#primaryimage\"},\"image\":{\"@id\":\"https:\\\/\\\/kohenavocats.com\\\/ar\\\/comparution-immediate\\\/#primaryimage\"},\"thumbnailUrl\":\"https:\\\/\\\/kohenavocats.com\\\/wp-content\\\/uploads\\\/2024\\\/11\\\/getty-images-IixEkPUt3kU-unsplash.webp\",\"datePublished\":\"2026-04-20T08:46:13+00:00\",\"dateModified\":\"2026-04-20T08:46:15+00:00\",\"breadcrumb\":{\"@id\":\"https:\\\/\\\/kohenavocats.com\\\/ar\\\/comparution-immediate\\\/#breadcrumb\"},\"inLanguage\":\"ar\",\"potentialAction\":[{\"@type\":\"ReadAction\",\"target\":[\"https:\\\/\\\/kohenavocats.com\\\/ar\\\/comparution-immediate\\\/\"]}]},{\"@type\":\"ImageObject\",\"inLanguage\":\"ar\",\"@id\":\"https:\\\/\\\/kohenavocats.com\\\/ar\\\/comparution-immediate\\\/#primaryimage\",\"url\":\"https:\\\/\\\/kohenavocats.com\\\/wp-content\\\/uploads\\\/2024\\\/11\\\/getty-images-IixEkPUt3kU-unsplash.webp\",\"contentUrl\":\"https:\\\/\\\/kohenavocats.com\\\/wp-content\\\/uploads\\\/2024\\\/11\\\/getty-images-IixEkPUt3kU-unsplash.webp\",\"width\":6000,\"height\":3701},{\"@type\":\"BreadcrumbList\",\"@id\":\"https:\\\/\\\/kohenavocats.com\\\/ar\\\/comparution-immediate\\\/#breadcrumb\",\"itemListElement\":[{\"@type\":\"ListItem\",\"position\":1,\"name\":\"Home\",\"item\":\"https:\\\/\\\/kohenavocats.com\\\/ar\\\/%d9%85%d8%ad%d8%a7%d9%85%d9%88%d9%86-%d9%85%d8%aa%d8%ae%d8%b5%d8%b5%d9%88%d9%86-%d9%81%d9%8a-%d8%a7%d9%84%d9%82%d8%a7%d9%86%d9%88%d9%86-%d8%a7%d9%84%d8%ac%d9%86%d8%a7%d8%a6%d9%8a-%d8%a8%d8%a8%d8%a7\\\/\"},{\"@type\":\"ListItem\",\"position\":2,\"name\":\"Comparution imm\u00e9diate\"}]},{\"@type\":\"WebSite\",\"@id\":\"https:\\\/\\\/kohenavocats.com\\\/ar\\\/#website\",\"url\":\"https:\\\/\\\/kohenavocats.com\\\/ar\\\/\",\"name\":\"Kohen Avocats\",\"description\":\"Ma\u00eetre Hassan Kohen, avocat p\u00e9naliste \u00e0 Paris, intervient exclusivement en droit p\u00e9nal pour la d\u00e9fense des particuliers, notamment en mati\u00e8re d\u2019accusations de viol. Il assure un accompagnement rigoureux d\u00e8s la garde \u00e0 vue jusqu\u2019\u00e0 la Cour d\u2019assises, veillant au strict respect des garanties proc\u00e9durales.\",\"publisher\":{\"@id\":\"https:\\\/\\\/kohenavocats.com\\\/ar\\\/#organization\"},\"potentialAction\":[{\"@type\":\"SearchAction\",\"target\":{\"@type\":\"EntryPoint\",\"urlTemplate\":\"https:\\\/\\\/kohenavocats.com\\\/ar\\\/?s={search_term_string}\"},\"query-input\":{\"@type\":\"PropertyValueSpecification\",\"valueRequired\":true,\"valueName\":\"search_term_string\"}}],\"inLanguage\":\"ar\"},{\"@type\":\"Organization\",\"@id\":\"https:\\\/\\\/kohenavocats.com\\\/ar\\\/#organization\",\"name\":\"Kohen Avocats\",\"url\":\"https:\\\/\\\/kohenavocats.com\\\/ar\\\/\",\"logo\":{\"@type\":\"ImageObject\",\"inLanguage\":\"ar\",\"@id\":\"https:\\\/\\\/kohenavocats.com\\\/ar\\\/#\\\/schema\\\/logo\\\/image\\\/\",\"url\":\"https:\\\/\\\/kohenavocats.com\\\/wp-content\\\/uploads\\\/2026\\\/01\\\/Logo-2-1.webp\",\"contentUrl\":\"https:\\\/\\\/kohenavocats.com\\\/wp-content\\\/uploads\\\/2026\\\/01\\\/Logo-2-1.webp\",\"width\":2114,\"height\":1253,\"caption\":\"Kohen Avocats\"},\"image\":{\"@id\":\"https:\\\/\\\/kohenavocats.com\\\/ar\\\/#\\\/schema\\\/logo\\\/image\\\/\"}},{\"@type\":\"Person\",\"@id\":\"https:\\\/\\\/kohenavocats.com\\\/ar\\\/#\\\/schema\\\/person\\\/761c9ba54fa1ca84d405cef0831ff751\",\"name\":\"Kohen\",\"image\":{\"@type\":\"ImageObject\",\"inLanguage\":\"ar\",\"@id\":\"https:\\\/\\\/secure.gravatar.com\\\/avatar\\\/1c5e76ef76bbbfdd2b4da984e2bf2fa4056fd51a27d25ce2c332047f1dfd6e00?s=96&d=identicon&r=g\",\"url\":\"https:\\\/\\\/secure.gravatar.com\\\/avatar\\\/1c5e76ef76bbbfdd2b4da984e2bf2fa4056fd51a27d25ce2c332047f1dfd6e00?s=96&d=identicon&r=g\",\"contentUrl\":\"https:\\\/\\\/secure.gravatar.com\\\/avatar\\\/1c5e76ef76bbbfdd2b4da984e2bf2fa4056fd51a27d25ce2c332047f1dfd6e00?s=96&d=identicon&r=g\",\"caption\":\"Kohen\"},\"sameAs\":[\"https:\\\/\\\/www.linkedin.com\\\/in\\\/hassan-kohen-448548192\\\/\",\"https:\\\/\\\/www.youtube.com\\\/@Kohen-Avocats\"],\"url\":\"https:\\\/\\\/kohenavocats.com\\\/ar\\\/author\\\/kohenmlk\\\/\"}]}<\/script>\n<!-- \/ Yoast SEO Premium plugin. -->","yoast_head_json":{"title":"Comparution imm\u00e9diate - Ma\u00eetre Hassan Kohen, avocat en droit p\u00e9nal \u00e0 Paris","robots":{"index":"index","follow":"follow","max-snippet":"max-snippet:-1","max-image-preview":"max-image-preview:large","max-video-preview":"max-video-preview:-1"},"canonical":"https:\/\/kohenavocats.com\/ar\/comparution-immediate\/","og_locale":"ar_AR","og_type":"article","og_title":"Comparution imm\u00e9diate","og_description":"Information : Cette fiche presente les regles generales applicables. Votre situation personnelle peut necessiter une analyse specifique. Contactez notre cabinet pour un accompagnement personnalise. La comparution imm\u00e9diate est une proc\u00e9dure rapide qui permet de faire juger un pr\u00e9venu \u00e0 la suite de sa garde \u00e0 vue. Elle ne s\u2019applique pas aux contraventions et aux crimes, [&hellip;]","og_url":"https:\/\/kohenavocats.com\/ar\/comparution-immediate\/","og_site_name":"Ma\u00eetre Hassan Kohen, avocat en droit p\u00e9nal \u00e0 Paris","article_published_time":"2026-04-20T08:46:13+00:00","article_modified_time":"2026-04-20T08:46:15+00:00","og_image":[{"width":6000,"height":3701,"url":"https:\/\/kohenavocats.com\/wp-content\/uploads\/2024\/11\/getty-images-IixEkPUt3kU-unsplash.webp","type":"image\/webp"}],"author":"Kohen","twitter_card":"summary_large_image","twitter_misc":{"\u0643\u064f\u062a\u0628 \u0628\u0648\u0627\u0633\u0637\u0629":"Kohen","\u0648\u0642\u062a \u0627\u0644\u0642\u0631\u0627\u0621\u0629 \u0627\u0644\u0645\u064f\u0642\u062f\u0651\u0631":"12 \u062f\u0642\u064a\u0642\u0629"},"schema":{"@context":"https:\/\/schema.org","@graph":[{"@type":"Article","@id":"https:\/\/kohenavocats.com\/ar\/comparution-immediate\/#article","isPartOf":{"@id":"https:\/\/kohenavocats.com\/ar\/comparution-immediate\/"},"author":{"name":"Kohen","@id":"https:\/\/kohenavocats.com\/ar\/#\/schema\/person\/761c9ba54fa1ca84d405cef0831ff751"},"headline":"Comparution imm\u00e9diate","datePublished":"2026-04-20T08:46:13+00:00","dateModified":"2026-04-20T08:46:15+00:00","mainEntityOfPage":{"@id":"https:\/\/kohenavocats.com\/ar\/comparution-immediate\/"},"wordCount":2512,"commentCount":0,"publisher":{"@id":"https:\/\/kohenavocats.com\/ar\/#organization"},"image":{"@id":"https:\/\/kohenavocats.com\/ar\/comparution-immediate\/#primaryimage"},"thumbnailUrl":"https:\/\/kohenavocats.com\/wp-content\/uploads\/2024\/11\/getty-images-IixEkPUt3kU-unsplash.webp","articleSection":["Droit penal"],"inLanguage":"ar","potentialAction":[{"@type":"CommentAction","name":"Comment","target":["https:\/\/kohenavocats.com\/ar\/comparution-immediate\/#respond"]}],"citation":"Comparution imm\u00e9diate","about":[{"@type":"Thing","name":"Droit penal"}],"speakable":{"@type":"SpeakableSpecification","cssSelector":[".article-content > p:first-of-type"]}},{"@type":"WebPage","@id":"https:\/\/kohenavocats.com\/ar\/comparution-immediate\/","url":"https:\/\/kohenavocats.com\/ar\/comparution-immediate\/","name":"Comparution imm\u00e9diate - Ma\u00eetre Hassan Kohen, avocat en droit p\u00e9nal \u00e0 Paris","isPartOf":{"@id":"https:\/\/kohenavocats.com\/ar\/#website"},"primaryImageOfPage":{"@id":"https:\/\/kohenavocats.com\/ar\/comparution-immediate\/#primaryimage"},"image":{"@id":"https:\/\/kohenavocats.com\/ar\/comparution-immediate\/#primaryimage"},"thumbnailUrl":"https:\/\/kohenavocats.com\/wp-content\/uploads\/2024\/11\/getty-images-IixEkPUt3kU-unsplash.webp","datePublished":"2026-04-20T08:46:13+00:00","dateModified":"2026-04-20T08:46:15+00:00","breadcrumb":{"@id":"https:\/\/kohenavocats.com\/ar\/comparution-immediate\/#breadcrumb"},"inLanguage":"ar","potentialAction":[{"@type":"ReadAction","target":["https:\/\/kohenavocats.com\/ar\/comparution-immediate\/"]}]},{"@type":"ImageObject","inLanguage":"ar","@id":"https:\/\/kohenavocats.com\/ar\/comparution-immediate\/#primaryimage","url":"https:\/\/kohenavocats.com\/wp-content\/uploads\/2024\/11\/getty-images-IixEkPUt3kU-unsplash.webp","contentUrl":"https:\/\/kohenavocats.com\/wp-content\/uploads\/2024\/11\/getty-images-IixEkPUt3kU-unsplash.webp","width":6000,"height":3701},{"@type":"BreadcrumbList","@id":"https:\/\/kohenavocats.com\/ar\/comparution-immediate\/#breadcrumb","itemListElement":[{"@type":"ListItem","position":1,"name":"Home","item":"https:\/\/kohenavocats.com\/ar\/%d9%85%d8%ad%d8%a7%d9%85%d9%88%d9%86-%d9%85%d8%aa%d8%ae%d8%b5%d8%b5%d9%88%d9%86-%d9%81%d9%8a-%d8%a7%d9%84%d9%82%d8%a7%d9%86%d9%88%d9%86-%d8%a7%d9%84%d8%ac%d9%86%d8%a7%d8%a6%d9%8a-%d8%a8%d8%a8%d8%a7\/"},{"@type":"ListItem","position":2,"name":"Comparution imm\u00e9diate"}]},{"@type":"WebSite","@id":"https:\/\/kohenavocats.com\/ar\/#website","url":"https:\/\/kohenavocats.com\/ar\/","name":"Kohen Avocats","description":"Ma\u00eetre Hassan Kohen, avocat p\u00e9naliste \u00e0 Paris, intervient exclusivement en droit p\u00e9nal pour la d\u00e9fense des particuliers, notamment en mati\u00e8re d\u2019accusations de viol. Il assure un accompagnement rigoureux d\u00e8s la garde \u00e0 vue jusqu\u2019\u00e0 la Cour d\u2019assises, veillant au strict respect des garanties proc\u00e9durales.","publisher":{"@id":"https:\/\/kohenavocats.com\/ar\/#organization"},"potentialAction":[{"@type":"SearchAction","target":{"@type":"EntryPoint","urlTemplate":"https:\/\/kohenavocats.com\/ar\/?s={search_term_string}"},"query-input":{"@type":"PropertyValueSpecification","valueRequired":true,"valueName":"search_term_string"}}],"inLanguage":"ar"},{"@type":"Organization","@id":"https:\/\/kohenavocats.com\/ar\/#organization","name":"Kohen Avocats","url":"https:\/\/kohenavocats.com\/ar\/","logo":{"@type":"ImageObject","inLanguage":"ar","@id":"https:\/\/kohenavocats.com\/ar\/#\/schema\/logo\/image\/","url":"https:\/\/kohenavocats.com\/wp-content\/uploads\/2026\/01\/Logo-2-1.webp","contentUrl":"https:\/\/kohenavocats.com\/wp-content\/uploads\/2026\/01\/Logo-2-1.webp","width":2114,"height":1253,"caption":"Kohen Avocats"},"image":{"@id":"https:\/\/kohenavocats.com\/ar\/#\/schema\/logo\/image\/"}},{"@type":"Person","@id":"https:\/\/kohenavocats.com\/ar\/#\/schema\/person\/761c9ba54fa1ca84d405cef0831ff751","name":"Kohen","image":{"@type":"ImageObject","inLanguage":"ar","@id":"https:\/\/secure.gravatar.com\/avatar\/1c5e76ef76bbbfdd2b4da984e2bf2fa4056fd51a27d25ce2c332047f1dfd6e00?s=96&d=identicon&r=g","url":"https:\/\/secure.gravatar.com\/avatar\/1c5e76ef76bbbfdd2b4da984e2bf2fa4056fd51a27d25ce2c332047f1dfd6e00?s=96&d=identicon&r=g","contentUrl":"https:\/\/secure.gravatar.com\/avatar\/1c5e76ef76bbbfdd2b4da984e2bf2fa4056fd51a27d25ce2c332047f1dfd6e00?s=96&d=identicon&r=g","caption":"Kohen"},"sameAs":["https:\/\/www.linkedin.com\/in\/hassan-kohen-448548192\/","https:\/\/www.youtube.com\/@Kohen-Avocats"],"url":"https:\/\/kohenavocats.com\/ar\/author\/kohenmlk\/"}]}},"jetpack_featured_media_url":"https:\/\/kohenavocats.com\/wp-content\/uploads\/2024\/11\/getty-images-IixEkPUt3kU-unsplash.webp","jetpack_likes_enabled":false,"jetpack_shortlink":"https:\/\/wp.me\/peCrII-Z2s","jetpack-related-posts":[{"id":235377,"url":"https:\/\/kohenavocats.com\/ar\/l-avocat-est-il-obligatoire-dans-un-proces-penal\/","url_meta":{"origin":234636,"position":0},"title":"L&#8217;avocat est-il obligatoire dans un proc\u00e8s p\u00e9nal\u00a0?","author":"Kohen","date":"20 \u0623\u0628\u0631\u064a\u0644\u060c 2026","format":false,"excerpt":"Information : Cette fiche presente les regles generales applicables. Votre situation personnelle peut necessiter une analyse specifique. Contactez notre cabinet pour un accompagnement personnalise. L'avocat n'est pas toujours obligatoire en mati\u00e8re p\u00e9nale. Dans certaines proc\u00e9dures, la loi l'impose notamment pour les mineurs. M\u00eame quand l'avocat n'est pas obligatoire, le pr\u00e9venu,\u2026","rel":"","context":"\u0641\u064a &quot;Droit penal&quot;","block_context":{"text":"Droit penal","link":"https:\/\/kohenavocats.com\/category\/droit-penal\/"},"img":{"alt_text":"","src":"https:\/\/i0.wp.com\/kohenavocats.com\/wp-content\/uploads\/2024\/11\/getty-images-Q3a9uErAXXo-unsplash.webp?resize=350%2C200&ssl=1","width":350,"height":200,"srcset":"https:\/\/i0.wp.com\/kohenavocats.com\/wp-content\/uploads\/2024\/11\/getty-images-Q3a9uErAXXo-unsplash.webp?resize=350%2C200&ssl=1 1x, https:\/\/i0.wp.com\/kohenavocats.com\/wp-content\/uploads\/2024\/11\/getty-images-Q3a9uErAXXo-unsplash.webp?resize=525%2C300&ssl=1 1.5x, https:\/\/i0.wp.com\/kohenavocats.com\/wp-content\/uploads\/2024\/11\/getty-images-Q3a9uErAXXo-unsplash.webp?resize=700%2C400&ssl=1 2x, https:\/\/i0.wp.com\/kohenavocats.com\/wp-content\/uploads\/2024\/11\/getty-images-Q3a9uErAXXo-unsplash.webp?resize=1050%2C600&ssl=1 3x, https:\/\/i0.wp.com\/kohenavocats.com\/wp-content\/uploads\/2024\/11\/getty-images-Q3a9uErAXXo-unsplash.webp?resize=1400%2C800&ssl=1 4x"},"classes":[]},{"id":234456,"url":"https:\/\/kohenavocats.com\/ar\/convocation-par-proces-verbal-cppv-quelles-sont-les-regles\/","url_meta":{"origin":234636,"position":1},"title":"Convocation par proc\u00e8s-verbal (CPPV)\u00a0: quelles sont les r\u00e8gles\u00a0?","author":"Kohen","date":"20 \u0623\u0628\u0631\u064a\u0644\u060c 2026","format":false,"excerpt":"Information : Cette fiche presente les regles generales applicables. Votre situation personnelle peut necessiter une analyse specifique. Contactez notre cabinet pour un accompagnement personnalise. La convocation sur proc\u00e8s-verbal (CPPV) permet au procureur de la R\u00e9publique de faire juger une personne qui a commis un d\u00e9lit dans un d\u00e9lai maximum de\u2026","rel":"","context":"\u0641\u064a &quot;Droit penal&quot;","block_context":{"text":"Droit penal","link":"https:\/\/kohenavocats.com\/category\/droit-penal\/"},"img":{"alt_text":"","src":"https:\/\/i0.wp.com\/kohenavocats.com\/wp-content\/uploads\/2024\/11\/pawel-czerwinski-EPAQ0_u0VZo-unsplash.webp?resize=350%2C200&ssl=1","width":350,"height":200,"srcset":"https:\/\/i0.wp.com\/kohenavocats.com\/wp-content\/uploads\/2024\/11\/pawel-czerwinski-EPAQ0_u0VZo-unsplash.webp?resize=350%2C200&ssl=1 1x, https:\/\/i0.wp.com\/kohenavocats.com\/wp-content\/uploads\/2024\/11\/pawel-czerwinski-EPAQ0_u0VZo-unsplash.webp?resize=525%2C300&ssl=1 1.5x, https:\/\/i0.wp.com\/kohenavocats.com\/wp-content\/uploads\/2024\/11\/pawel-czerwinski-EPAQ0_u0VZo-unsplash.webp?resize=700%2C400&ssl=1 2x, https:\/\/i0.wp.com\/kohenavocats.com\/wp-content\/uploads\/2024\/11\/pawel-czerwinski-EPAQ0_u0VZo-unsplash.webp?resize=1050%2C600&ssl=1 3x, https:\/\/i0.wp.com\/kohenavocats.com\/wp-content\/uploads\/2024\/11\/pawel-czerwinski-EPAQ0_u0VZo-unsplash.webp?resize=1400%2C800&ssl=1 4x"},"classes":[]},{"id":234376,"url":"https:\/\/kohenavocats.com\/ar\/comment-beneficier-d-un-avocat-commis-d-office\/","url_meta":{"origin":234636,"position":2},"title":"Comment b\u00e9n\u00e9ficier d&#8217;un avocat commis d&#8217;office\u00a0?","author":"Kohen","date":"4 \u0623\u0628\u0631\u064a\u0644\u060c 2026","format":false,"excerpt":"Information : Cette fiche presente les regles generales applicables. Votre situation personnelle peut necessiter une analyse specifique. Contactez notre cabinet pour un accompagnement personnalise. Si vous ne trouvez pas d'avocat pour vous repr\u00e9senter dans une proc\u00e9dure p\u00e9nale, le b\u00e2tonnier peut vous en d\u00e9signer un. Dans certaines proc\u00e9dures civiles (par exemple,\u2026","rel":"","context":"\u0641\u064a &quot;Droit penal&quot;","block_context":{"text":"Droit penal","link":"https:\/\/kohenavocats.com\/category\/droit-penal\/"},"img":{"alt_text":"","src":"https:\/\/i0.wp.com\/kohenavocats.com\/wp-content\/uploads\/2024\/08\/rafael-m-CTNHIGI2WcU-unsplash.webp?resize=350%2C200&ssl=1","width":350,"height":200,"srcset":"https:\/\/i0.wp.com\/kohenavocats.com\/wp-content\/uploads\/2024\/08\/rafael-m-CTNHIGI2WcU-unsplash.webp?resize=350%2C200&ssl=1 1x, https:\/\/i0.wp.com\/kohenavocats.com\/wp-content\/uploads\/2024\/08\/rafael-m-CTNHIGI2WcU-unsplash.webp?resize=525%2C300&ssl=1 1.5x, https:\/\/i0.wp.com\/kohenavocats.com\/wp-content\/uploads\/2024\/08\/rafael-m-CTNHIGI2WcU-unsplash.webp?resize=700%2C400&ssl=1 2x, https:\/\/i0.wp.com\/kohenavocats.com\/wp-content\/uploads\/2024\/08\/rafael-m-CTNHIGI2WcU-unsplash.webp?resize=1050%2C600&ssl=1 3x, https:\/\/i0.wp.com\/kohenavocats.com\/wp-content\/uploads\/2024\/08\/rafael-m-CTNHIGI2WcU-unsplash.webp?resize=1400%2C800&ssl=1 4x"},"classes":[]},{"id":440410,"url":"https:\/\/kohenavocats.com\/ar\/avocat-comparution-immediate-paris\/","url_meta":{"origin":234636,"position":3},"title":"Avocat comparution imm\u00e9diate Paris : proc\u00e9dure, droits de la d\u00e9fense et strat\u00e9gie en mati\u00e8re p\u00e9nale","author":"Kohen","date":"30 \u0645\u0627\u0631\u0633\u060c 2026","format":false,"excerpt":"Guide complet sur l\u2019avocat en comparution imm\u00e9diate \u00e0 Paris : d\u00e9roulement, d\u00e9lais, consultation du dossier, nullit\u00e9s et d\u00e9fense, notamment en cas de menaces.","rel":"","context":"\u0641\u064a &quot;Non cat\u00e9goris\u00e9&quot;","block_context":{"text":"Non cat\u00e9goris\u00e9","link":"https:\/\/kohenavocats.com\/category\/non-categorise\/"},"img":{"alt_text":"","src":"https:\/\/i0.wp.com\/kohenavocats.com\/wp-content\/uploads\/2024\/11\/resource-database-X0ndGue1HFY-unsplash.webp?resize=350%2C200&ssl=1","width":350,"height":200,"srcset":"https:\/\/i0.wp.com\/kohenavocats.com\/wp-content\/uploads\/2024\/11\/resource-database-X0ndGue1HFY-unsplash.webp?resize=350%2C200&ssl=1 1x, https:\/\/i0.wp.com\/kohenavocats.com\/wp-content\/uploads\/2024\/11\/resource-database-X0ndGue1HFY-unsplash.webp?resize=525%2C300&ssl=1 1.5x, https:\/\/i0.wp.com\/kohenavocats.com\/wp-content\/uploads\/2024\/11\/resource-database-X0ndGue1HFY-unsplash.webp?resize=700%2C400&ssl=1 2x, https:\/\/i0.wp.com\/kohenavocats.com\/wp-content\/uploads\/2024\/11\/resource-database-X0ndGue1HFY-unsplash.webp?resize=1050%2C600&ssl=1 3x, https:\/\/i0.wp.com\/kohenavocats.com\/wp-content\/uploads\/2024\/11\/resource-database-X0ndGue1HFY-unsplash.webp?resize=1400%2C800&ssl=1 4x"},"classes":[]},{"id":234330,"url":"https:\/\/kohenavocats.com\/ar\/deroulement-d-une-affaire-devant-le-tribunal-correctionnel\/","url_meta":{"origin":234636,"position":4},"title":"D\u00e9roulement d&#8217;une affaire devant le tribunal correctionnel","author":"Kohen","date":"20 \u0623\u0628\u0631\u064a\u0644\u060c 2026","format":false,"excerpt":"Information : Cette fiche presente les regles generales applicables. Votre situation personnelle peut necessiter une analyse specifique. Contactez notre cabinet pour un accompagnement personnalise. Le tribunal correctionnel est comp\u00e9tent pour juger une personne majeure soup\u00e7onn\u00e9e d'avoir commis un d\u00e9lit. Il est saisi dans la majorit\u00e9 des cas par le procureur\u2026","rel":"","context":"\u0641\u064a &quot;Droit penal&quot;","block_context":{"text":"Droit penal","link":"https:\/\/kohenavocats.com\/category\/droit-penal\/"},"img":{"alt_text":"","src":"https:\/\/i0.wp.com\/kohenavocats.com\/wp-content\/uploads\/2024\/08\/diogo-nunes-bNEaIT3HIMk-unsplash.webp?resize=350%2C200&ssl=1","width":350,"height":200,"srcset":"https:\/\/i0.wp.com\/kohenavocats.com\/wp-content\/uploads\/2024\/08\/diogo-nunes-bNEaIT3HIMk-unsplash.webp?resize=350%2C200&ssl=1 1x, https:\/\/i0.wp.com\/kohenavocats.com\/wp-content\/uploads\/2024\/08\/diogo-nunes-bNEaIT3HIMk-unsplash.webp?resize=525%2C300&ssl=1 1.5x, https:\/\/i0.wp.com\/kohenavocats.com\/wp-content\/uploads\/2024\/08\/diogo-nunes-bNEaIT3HIMk-unsplash.webp?resize=700%2C400&ssl=1 2x, https:\/\/i0.wp.com\/kohenavocats.com\/wp-content\/uploads\/2024\/08\/diogo-nunes-bNEaIT3HIMk-unsplash.webp?resize=1050%2C600&ssl=1 3x, https:\/\/i0.wp.com\/kohenavocats.com\/wp-content\/uploads\/2024\/08\/diogo-nunes-bNEaIT3HIMk-unsplash.webp?resize=1400%2C800&ssl=1 4x"},"classes":[]},{"id":234221,"url":"https:\/\/kohenavocats.com\/ar\/bracelet-electronique-lors-d-une-assignation-a-residence\/","url_meta":{"origin":234636,"position":5},"title":"Bracelet \u00e9lectronique lors d&#8217;une assignation \u00e0 r\u00e9sidence","author":"Kohen","date":"4 \u0623\u0628\u0631\u064a\u0644\u060c 2026","format":false,"excerpt":"Information : Cette fiche presente les regles generales applicables. Votre situation personnelle peut necessiter une analyse specifique. Contactez notre cabinet pour un accompagnement personnalise. L'assignation \u00e0 r\u00e9sidence avec surveillance \u00e9lectronique (ARSE), souvent appel\u00e9e \"bracelet \u00e9lectronique\", est une solution alternative \u00e0 la . Le tribunal peut contraindre la personne \u00e0 demeurer\u2026","rel":"","context":"\u0641\u064a &quot;Droit penal&quot;","block_context":{"text":"Droit penal","link":"https:\/\/kohenavocats.com\/category\/droit-penal\/"},"img":{"alt_text":"","src":"https:\/\/i0.wp.com\/kohenavocats.com\/wp-content\/uploads\/2024\/11\/getty-images-tv21aoxFzwY-unsplash.webp?resize=350%2C200&ssl=1","width":350,"height":200,"srcset":"https:\/\/i0.wp.com\/kohenavocats.com\/wp-content\/uploads\/2024\/11\/getty-images-tv21aoxFzwY-unsplash.webp?resize=350%2C200&ssl=1 1x, https:\/\/i0.wp.com\/kohenavocats.com\/wp-content\/uploads\/2024\/11\/getty-images-tv21aoxFzwY-unsplash.webp?resize=525%2C300&ssl=1 1.5x, https:\/\/i0.wp.com\/kohenavocats.com\/wp-content\/uploads\/2024\/11\/getty-images-tv21aoxFzwY-unsplash.webp?resize=700%2C400&ssl=1 2x, https:\/\/i0.wp.com\/kohenavocats.com\/wp-content\/uploads\/2024\/11\/getty-images-tv21aoxFzwY-unsplash.webp?resize=1050%2C600&ssl=1 3x, https:\/\/i0.wp.com\/kohenavocats.com\/wp-content\/uploads\/2024\/11\/getty-images-tv21aoxFzwY-unsplash.webp?resize=1400%2C800&ssl=1 4x"},"classes":[]}],"jetpack_sharing_enabled":true,"_links":{"self":[{"href":"https:\/\/kohenavocats.com\/ar\/wp-json\/wp\/v2\/posts\/234636","targetHints":{"allow":["GET"]}}],"collection":[{"href":"https:\/\/kohenavocats.com\/ar\/wp-json\/wp\/v2\/posts"}],"about":[{"href":"https:\/\/kohenavocats.com\/ar\/wp-json\/wp\/v2\/types\/post"}],"author":[{"embeddable":true,"href":"https:\/\/kohenavocats.com\/ar\/wp-json\/wp\/v2\/users\/232070755"}],"replies":[{"embeddable":true,"href":"https:\/\/kohenavocats.com\/ar\/wp-json\/wp\/v2\/comments?post=234636"}],"version-history":[{"count":16,"href":"https:\/\/kohenavocats.com\/ar\/wp-json\/wp\/v2\/posts\/234636\/revisions"}],"predecessor-version":[{"id":620789,"href":"https:\/\/kohenavocats.com\/ar\/wp-json\/wp\/v2\/posts\/234636\/revisions\/620789"}],"wp:featuredmedia":[{"embeddable":true,"href":"https:\/\/kohenavocats.com\/ar\/wp-json\/wp\/v2\/media\/9481"}],"wp:attachment":[{"href":"https:\/\/kohenavocats.com\/ar\/wp-json\/wp\/v2\/media?parent=234636"}],"wp:term":[{"taxonomy":"category","embeddable":true,"href":"https:\/\/kohenavocats.com\/ar\/wp-json\/wp\/v2\/categories?post=234636"},{"taxonomy":"post_tag","embeddable":true,"href":"https:\/\/kohenavocats.com\/ar\/wp-json\/wp\/v2\/tags?post=234636"}],"curies":[{"name":"wp","href":"https:\/\/api.w.org\/{rel}","templated":true}]}}