{"id":620650,"date":"2026-04-20T10:34:06","date_gmt":"2026-04-20T08:34:06","guid":{"rendered":"https:\/\/kohenavocats.com\/tribunal-judiciaire-de-mesnil-amelot-le-20-octobre-2025-n25-04213\/"},"modified":"2026-04-20T10:34:06","modified_gmt":"2026-04-20T08:34:06","slug":"tribunal-judiciaire-de-mesnil-amelot-le-20-octobre-2025-n25-04213","status":"publish","type":"post","link":"https:\/\/kohenavocats.com\/ar\/tribunal-judiciaire-de-mesnil-amelot-le-20-octobre-2025-n25-04213\/","title":{"rendered":"Tribunal judiciaire de Mesnil-Amelot, le 20 octobre 2025, n\u00b025\/04213"},"content":{"rendered":"<div class=\"article-content\">\n<p>Le tribunal judiciaire du Mesnil-Amelot, statuant le 20 octobre 2025, examine une demande de quatri\u00e8me prolongation de r\u00e9tention administrative. L\u2019autorit\u00e9 administrative invoque un d\u00e9faut de d\u00e9livrance de laissez-passer consulaire et une menace pour l\u2019ordre public. Le juge rejette les conclusions d\u2019irrecevabilit\u00e9 et accorde la prolongation exceptionnelle de quinze jours.<\/p>\n<p>Le contr\u00f4le concret de la recevabilit\u00e9 de la requ\u00eate<\/p>\n<p>La fonction utilitaire du registre de r\u00e9tention guide l\u2019appr\u00e9ciation des vices de forme. Le juge rappelle que la production du registre vise \u00e0 pallier la difficult\u00e9 de preuve pour la personne retenue. &#8220;La production d\u2019une copie actualis\u00e9e du registre a pour seul but de permettre au juge de contr\u00f4ler l\u2019effectivit\u00e9 des droits reconnus au retenu au cours de la mesure de r\u00e9tention&#8221; (Motifs). Aucun texte ne d\u00e9termine exhaustivement les mentions obligatoires de ce document. Le formalisme excessif est ainsi \u00e9cart\u00e9 au profit d\u2019un examen in concreto. Cette analyse consacre une approche pragmatique des conditions de recevabilit\u00e9. Elle \u00e9vite que des omissions formelles ne fassent obstacle au contr\u00f4le juridictionnel essentiel.<\/p>\n<p>Le rejet des irr\u00e9gularit\u00e9s ant\u00e9rieures non soulev\u00e9es en temps utile. Le juge \u00e9carte le moyen tir\u00e9 de la notification des droits sans interpr\u00e8te lors d\u2019une audience ult\u00e9rieure. Il constate que cette irr\u00e9gularit\u00e9 n\u2019a pas \u00e9t\u00e9 soulev\u00e9e lors des prolongations pr\u00e9c\u00e9dentes. &#8220;Aucune irr\u00e9gularit\u00e9 ant\u00e9rieure \u00e0 l\u2019audience relative \u00e0 la premi\u00e8re prolongation de la r\u00e9tention ne peut \u00eatre soulev\u00e9e lors de l\u2019audience relative \u00e0 la quatri\u00e8me prolongation&#8221; (Motifs). Cette application stricte de l\u2019article L. 743-11 du CESEDA assure la s\u00e9curit\u00e9 juridique de la proc\u00e9dure. Elle pr\u00e9vient les man\u0153uvres dilatoires et garantit l\u2019efficacit\u00e9 du contr\u00f4le judiciaire.<\/p>\n<p>Les conditions substantielles d\u2019une prolongation exceptionnelle<\/p>\n<p>L\u2019appr\u00e9ciation restrictive de l\u2019absence de perspectives d\u2019\u00e9loignement. Le juge judiciaire se d\u00e9clare incomp\u00e9tent pour \u00e9valuer les relations diplomatiques. Il rappelle le principe de s\u00e9paration des pouvoirs en cette mati\u00e8re. &#8220;Le juge judiciaire ne saurait fonder sa d\u00e9cision relative \u00e0 la prolongation de la r\u00e9tention administrative sur son appr\u00e9ciation personnelle de l\u2019existence ou de l\u2019absence de perspectives d\u2019\u00e9loignement&#8221; (Motifs). La d\u00e9livrance d\u2019un laissez-passer rel\u00e8ve d\u2019un acte de souverainet\u00e9 nationale. D\u00e8s lors, l\u2019administration justifie suffisamment ses diligences r\u00e9p\u00e9t\u00e9es aupr\u00e8s du consulat. Cette position marque les limites du contr\u00f4le du juge judiciaire sur la politique d\u2019\u00e9loignement.<\/p>\n<p>La caract\u00e9risation in concreto de la menace pour l\u2019ordre public. Le juge op\u00e8re une appr\u00e9ciation concr\u00e8te et individualis\u00e9e de cette notion. Il s\u2019appuie sur la r\u00e9alit\u00e9 et la gravit\u00e9 des faits reproch\u00e9s \u00e0 l\u2019int\u00e9ress\u00e9. &#8220;La r\u00e9alit\u00e9, la gravit\u00e9 et l\u2019actualit\u00e9 de la menace que constitue le comportement personnel de l\u2019\u00e9tranger pour l\u2019ordre public sont caract\u00e9ris\u00e9es&#8221; (Motifs). Une condamnation p\u00e9nale r\u00e9cente pour violences avec arme fonde cette qualification. Cette analyse permet de satisfaire une condition alternative de la quatri\u00e8me prolongation. Elle r\u00e9affirme que la menace pour l\u2019ordre public demeure une notion autonome et substantielle.<\/p>\n<p>Cette d\u00e9cision illustre la tension entre protection des libert\u00e9s et imp\u00e9ratif d\u2019\u00e9loignement. Elle affirme un contr\u00f4le pragmatique sur la recevabilit\u00e9, refusant tout formalisme excessif. Simultan\u00e9ment, elle circonscrit strictement le pouvoir du juge judiciaire face aux actes de souverainet\u00e9 \u00e9tatique. L\u2019\u00e9quilibre recherch\u00e9 penche ici en faveur de l\u2019efficacit\u00e9 de la proc\u00e9dure d\u2019\u00e9loignement. La protection de la libert\u00e9 individuelle s\u2019en trouve ainsi interpr\u00e9t\u00e9e de mani\u00e8re restrictive dans ce contexte particulier.<\/p>\n<\/div>\n","protected":false},"excerpt":{"rendered":"<p>Le tribunal judiciaire du Mesnil-Amelot, statuant le 20 octobre 2025, examine une demande de quatri\u00e8me prolongation de r\u00e9tention administrative. L\u2019autorit\u00e9 a&#8230;<\/p>\n","protected":false},"author":232070755,"featured_media":4817,"comment_status":"open","ping_status":"open","sticky":false,"template":"","format":"standard","meta":{"_crdt_document":"","_jetpack_newsletter_access":"","_jetpack_dont_email_post_to_subs":false,"_jetpack_newsletter_tier_id":0,"_jetpack_memberships_contains_paywalled_content":false,"_jetpack_memberships_contains_paid_content":false,"footnotes":"","jetpack_post_was_ever_published":false},"categories":[7597],"tags":[],"class_list":["post-620650","post","type-post","status-publish","format-standard","has-post-thumbnail","hentry","category-jurisprudence"],"yoast_head":"<!-- This site is optimized with the Yoast SEO Premium plugin v27.4 (Yoast SEO v27.4) - https:\/\/yoast.com\/product\/yoast-seo-premium-wordpress\/ -->\n<title>Tribunal judiciaire de Mesnil-Amelot, le 20 octobre 2025, n\u00b025\/04213 - Ma\u00eetre Hassan Kohen, avocat en droit p\u00e9nal \u00e0 Paris<\/title>\n<meta name=\"description\" content=\"Le tribunal judiciaire du Mesnil-Amelot, statuant le 20 octobre 2025, examine une demande de quatri\u00e8me prolongation de r\u00e9tention administrative. L\u2019autorit\u00e9 a...\" \/>\n<meta name=\"robots\" content=\"index, follow, max-snippet:-1, max-image-preview:large, max-video-preview:-1\" \/>\n<link rel=\"canonical\" href=\"https:\/\/kohenavocats.com\/ar\/tribunal-judiciaire-de-mesnil-amelot-le-20-octobre-2025-n25-04213\/\" \/>\n<meta property=\"og:locale\" content=\"ar_AR\" \/>\n<meta property=\"og:type\" content=\"article\" \/>\n<meta property=\"og:title\" content=\"Tribunal judiciaire de Mesnil-Amelot, le 20 octobre 2025, n\u00b025\/04213\" \/>\n<meta property=\"og:description\" content=\"Le tribunal judiciaire du Mesnil-Amelot, statuant le 20 octobre 2025, examine une demande de quatri\u00e8me prolongation de r\u00e9tention administrative. L\u2019autorit\u00e9 a...\" \/>\n<meta property=\"og:url\" content=\"https:\/\/kohenavocats.com\/ar\/tribunal-judiciaire-de-mesnil-amelot-le-20-octobre-2025-n25-04213\/\" \/>\n<meta property=\"og:site_name\" content=\"Ma\u00eetre Hassan Kohen, avocat en droit p\u00e9nal \u00e0 Paris\" \/>\n<meta property=\"article:published_time\" content=\"2026-04-20T08:34:06+00:00\" \/>\n<meta property=\"og:image\" content=\"https:\/\/kohenavocats.com\/wp-content\/uploads\/2024\/08\/kylie-paz-cbl1K6yJlDI-unsplash-1.webp\" \/>\n\t<meta property=\"og:image:width\" content=\"5472\" \/>\n\t<meta property=\"og:image:height\" content=\"3648\" \/>\n\t<meta property=\"og:image:type\" content=\"image\/webp\" \/>\n<meta name=\"author\" content=\"Kohen\" \/>\n<meta name=\"twitter:card\" content=\"summary_large_image\" \/>\n<meta name=\"twitter:label1\" content=\"\u0643\u064f\u062a\u0628 \u0628\u0648\u0627\u0633\u0637\u0629\" \/>\n\t<meta name=\"twitter:data1\" content=\"Kohen\" \/>\n\t<meta name=\"twitter:label2\" content=\"\u0648\u0642\u062a \u0627\u0644\u0642\u0631\u0627\u0621\u0629 \u0627\u0644\u0645\u064f\u0642\u062f\u0651\u0631\" \/>\n\t<meta name=\"twitter:data2\" content=\"3 \u062f\u0642\u0627\u0626\u0642\" \/>\n<script type=\"application\/ld+json\" class=\"yoast-schema-graph\">{\"@context\":\"https:\\\/\\\/schema.org\",\"@graph\":[{\"@type\":\"Article\",\"@id\":\"https:\\\/\\\/kohenavocats.com\\\/ar\\\/tribunal-judiciaire-de-mesnil-amelot-le-20-octobre-2025-n25-04213\\\/#article\",\"isPartOf\":{\"@id\":\"https:\\\/\\\/kohenavocats.com\\\/ar\\\/tribunal-judiciaire-de-mesnil-amelot-le-20-octobre-2025-n25-04213\\\/\"},\"author\":{\"name\":\"Kohen\",\"@id\":\"https:\\\/\\\/kohenavocats.com\\\/ar\\\/#\\\/schema\\\/person\\\/761c9ba54fa1ca84d405cef0831ff751\"},\"headline\":\"Tribunal judiciaire de Mesnil-Amelot, le 20 octobre 2025, n\u00b025\\\/04213\",\"datePublished\":\"2026-04-20T08:34:06+00:00\",\"mainEntityOfPage\":{\"@id\":\"https:\\\/\\\/kohenavocats.com\\\/ar\\\/tribunal-judiciaire-de-mesnil-amelot-le-20-octobre-2025-n25-04213\\\/\"},\"wordCount\":629,\"commentCount\":0,\"publisher\":{\"@id\":\"https:\\\/\\\/kohenavocats.com\\\/ar\\\/#organization\"},\"image\":{\"@id\":\"https:\\\/\\\/kohenavocats.com\\\/ar\\\/tribunal-judiciaire-de-mesnil-amelot-le-20-octobre-2025-n25-04213\\\/#primaryimage\"},\"thumbnailUrl\":\"https:\\\/\\\/kohenavocats.com\\\/wp-content\\\/uploads\\\/2024\\\/08\\\/kylie-paz-cbl1K6yJlDI-unsplash-1.webp\",\"articleSection\":[\"Jurisprudence\"],\"inLanguage\":\"ar\",\"potentialAction\":[{\"@type\":\"CommentAction\",\"name\":\"Comment\",\"target\":[\"https:\\\/\\\/kohenavocats.com\\\/ar\\\/tribunal-judiciaire-de-mesnil-amelot-le-20-octobre-2025-n25-04213\\\/#respond\"]}],\"citation\":\"Tribunal judiciaire de Mesnil-Amelot, le 20 octobre 2025, n\u00b025\\\/04213\",\"about\":[{\"@type\":\"Thing\",\"name\":\"Jurisprudence\"}],\"dateModified\":\"2026-04-20T08:34:06+00:00\",\"speakable\":{\"@type\":\"SpeakableSpecification\",\"cssSelector\":[\".article-content > p:first-of-type\"]}},{\"@type\":\"WebPage\",\"@id\":\"https:\\\/\\\/kohenavocats.com\\\/ar\\\/tribunal-judiciaire-de-mesnil-amelot-le-20-octobre-2025-n25-04213\\\/\",\"url\":\"https:\\\/\\\/kohenavocats.com\\\/ar\\\/tribunal-judiciaire-de-mesnil-amelot-le-20-octobre-2025-n25-04213\\\/\",\"name\":\"Tribunal judiciaire de Mesnil-Amelot, le 20 octobre 2025, n\u00b025\\\/04213 - Ma\u00eetre Hassan Kohen, avocat en droit p\u00e9nal \u00e0 Paris\",\"isPartOf\":{\"@id\":\"https:\\\/\\\/kohenavocats.com\\\/ar\\\/#website\"},\"primaryImageOfPage\":{\"@id\":\"https:\\\/\\\/kohenavocats.com\\\/ar\\\/tribunal-judiciaire-de-mesnil-amelot-le-20-octobre-2025-n25-04213\\\/#primaryimage\"},\"image\":{\"@id\":\"https:\\\/\\\/kohenavocats.com\\\/ar\\\/tribunal-judiciaire-de-mesnil-amelot-le-20-octobre-2025-n25-04213\\\/#primaryimage\"},\"thumbnailUrl\":\"https:\\\/\\\/kohenavocats.com\\\/wp-content\\\/uploads\\\/2024\\\/08\\\/kylie-paz-cbl1K6yJlDI-unsplash-1.webp\",\"datePublished\":\"2026-04-20T08:34:06+00:00\",\"description\":\"Le tribunal judiciaire du Mesnil-Amelot, statuant le 20 octobre 2025, examine une demande de quatri\u00e8me prolongation de r\u00e9tention administrative. L\u2019autorit\u00e9 a...\",\"breadcrumb\":{\"@id\":\"https:\\\/\\\/kohenavocats.com\\\/ar\\\/tribunal-judiciaire-de-mesnil-amelot-le-20-octobre-2025-n25-04213\\\/#breadcrumb\"},\"inLanguage\":\"ar\",\"potentialAction\":[{\"@type\":\"ReadAction\",\"target\":[\"https:\\\/\\\/kohenavocats.com\\\/ar\\\/tribunal-judiciaire-de-mesnil-amelot-le-20-octobre-2025-n25-04213\\\/\"]}]},{\"@type\":\"ImageObject\",\"inLanguage\":\"ar\",\"@id\":\"https:\\\/\\\/kohenavocats.com\\\/ar\\\/tribunal-judiciaire-de-mesnil-amelot-le-20-octobre-2025-n25-04213\\\/#primaryimage\",\"url\":\"https:\\\/\\\/kohenavocats.com\\\/wp-content\\\/uploads\\\/2024\\\/08\\\/kylie-paz-cbl1K6yJlDI-unsplash-1.webp\",\"contentUrl\":\"https:\\\/\\\/kohenavocats.com\\\/wp-content\\\/uploads\\\/2024\\\/08\\\/kylie-paz-cbl1K6yJlDI-unsplash-1.webp\",\"width\":5472,\"height\":3648},{\"@type\":\"BreadcrumbList\",\"@id\":\"https:\\\/\\\/kohenavocats.com\\\/ar\\\/tribunal-judiciaire-de-mesnil-amelot-le-20-octobre-2025-n25-04213\\\/#breadcrumb\",\"itemListElement\":[{\"@type\":\"ListItem\",\"position\":1,\"name\":\"Home\",\"item\":\"https:\\\/\\\/kohenavocats.com\\\/ar\\\/%d9%85%d8%ad%d8%a7%d9%85%d9%88%d9%86-%d9%85%d8%aa%d8%ae%d8%b5%d8%b5%d9%88%d9%86-%d9%81%d9%8a-%d8%a7%d9%84%d9%82%d8%a7%d9%86%d9%88%d9%86-%d8%a7%d9%84%d8%ac%d9%86%d8%a7%d8%a6%d9%8a-%d8%a8%d8%a8%d8%a7\\\/\"},{\"@type\":\"ListItem\",\"position\":2,\"name\":\"Tribunal judiciaire de Mesnil-Amelot, le 20 octobre 2025, n\u00b025\\\/04213\"}]},{\"@type\":\"WebSite\",\"@id\":\"https:\\\/\\\/kohenavocats.com\\\/ar\\\/#website\",\"url\":\"https:\\\/\\\/kohenavocats.com\\\/ar\\\/\",\"name\":\"Kohen Avocats\",\"description\":\"Ma\u00eetre Hassan Kohen, avocat p\u00e9naliste \u00e0 Paris, intervient exclusivement en droit p\u00e9nal pour la d\u00e9fense des particuliers, notamment en mati\u00e8re d\u2019accusations de viol. Il assure un accompagnement rigoureux d\u00e8s la garde \u00e0 vue jusqu\u2019\u00e0 la Cour d\u2019assises, veillant au strict respect des garanties proc\u00e9durales.\",\"publisher\":{\"@id\":\"https:\\\/\\\/kohenavocats.com\\\/ar\\\/#organization\"},\"potentialAction\":[{\"@type\":\"SearchAction\",\"target\":{\"@type\":\"EntryPoint\",\"urlTemplate\":\"https:\\\/\\\/kohenavocats.com\\\/ar\\\/?s={search_term_string}\"},\"query-input\":{\"@type\":\"PropertyValueSpecification\",\"valueRequired\":true,\"valueName\":\"search_term_string\"}}],\"inLanguage\":\"ar\"},{\"@type\":\"Organization\",\"@id\":\"https:\\\/\\\/kohenavocats.com\\\/ar\\\/#organization\",\"name\":\"Kohen Avocats\",\"url\":\"https:\\\/\\\/kohenavocats.com\\\/ar\\\/\",\"logo\":{\"@type\":\"ImageObject\",\"inLanguage\":\"ar\",\"@id\":\"https:\\\/\\\/kohenavocats.com\\\/ar\\\/#\\\/schema\\\/logo\\\/image\\\/\",\"url\":\"https:\\\/\\\/kohenavocats.com\\\/wp-content\\\/uploads\\\/2026\\\/01\\\/Logo-2-1.webp\",\"contentUrl\":\"https:\\\/\\\/kohenavocats.com\\\/wp-content\\\/uploads\\\/2026\\\/01\\\/Logo-2-1.webp\",\"width\":2114,\"height\":1253,\"caption\":\"Kohen Avocats\"},\"image\":{\"@id\":\"https:\\\/\\\/kohenavocats.com\\\/ar\\\/#\\\/schema\\\/logo\\\/image\\\/\"}},{\"@type\":\"Person\",\"@id\":\"https:\\\/\\\/kohenavocats.com\\\/ar\\\/#\\\/schema\\\/person\\\/761c9ba54fa1ca84d405cef0831ff751\",\"name\":\"Kohen\",\"image\":{\"@type\":\"ImageObject\",\"inLanguage\":\"ar\",\"@id\":\"https:\\\/\\\/secure.gravatar.com\\\/avatar\\\/1c5e76ef76bbbfdd2b4da984e2bf2fa4056fd51a27d25ce2c332047f1dfd6e00?s=96&d=identicon&r=g\",\"url\":\"https:\\\/\\\/secure.gravatar.com\\\/avatar\\\/1c5e76ef76bbbfdd2b4da984e2bf2fa4056fd51a27d25ce2c332047f1dfd6e00?s=96&d=identicon&r=g\",\"contentUrl\":\"https:\\\/\\\/secure.gravatar.com\\\/avatar\\\/1c5e76ef76bbbfdd2b4da984e2bf2fa4056fd51a27d25ce2c332047f1dfd6e00?s=96&d=identicon&r=g\",\"caption\":\"Kohen\"},\"sameAs\":[\"https:\\\/\\\/www.linkedin.com\\\/in\\\/hassan-kohen-448548192\\\/\",\"https:\\\/\\\/www.youtube.com\\\/@Kohen-Avocats\"],\"url\":\"https:\\\/\\\/kohenavocats.com\\\/ar\\\/author\\\/kohenmlk\\\/\"}]}<\/script>\n<!-- \/ Yoast SEO Premium plugin. -->","yoast_head_json":{"title":"Tribunal judiciaire de Mesnil-Amelot, le 20 octobre 2025, n\u00b025\/04213 - Ma\u00eetre Hassan Kohen, avocat en droit p\u00e9nal \u00e0 Paris","description":"Le tribunal judiciaire du Mesnil-Amelot, statuant le 20 octobre 2025, examine une demande de quatri\u00e8me prolongation de r\u00e9tention administrative. L\u2019autorit\u00e9 a...","robots":{"index":"index","follow":"follow","max-snippet":"max-snippet:-1","max-image-preview":"max-image-preview:large","max-video-preview":"max-video-preview:-1"},"canonical":"https:\/\/kohenavocats.com\/ar\/tribunal-judiciaire-de-mesnil-amelot-le-20-octobre-2025-n25-04213\/","og_locale":"ar_AR","og_type":"article","og_title":"Tribunal judiciaire de Mesnil-Amelot, le 20 octobre 2025, n\u00b025\/04213","og_description":"Le tribunal judiciaire du Mesnil-Amelot, statuant le 20 octobre 2025, examine une demande de quatri\u00e8me prolongation de r\u00e9tention administrative. L\u2019autorit\u00e9 a...","og_url":"https:\/\/kohenavocats.com\/ar\/tribunal-judiciaire-de-mesnil-amelot-le-20-octobre-2025-n25-04213\/","og_site_name":"Ma\u00eetre Hassan Kohen, avocat en droit p\u00e9nal \u00e0 Paris","article_published_time":"2026-04-20T08:34:06+00:00","og_image":[{"width":5472,"height":3648,"url":"https:\/\/kohenavocats.com\/wp-content\/uploads\/2024\/08\/kylie-paz-cbl1K6yJlDI-unsplash-1.webp","type":"image\/webp"}],"author":"Kohen","twitter_card":"summary_large_image","twitter_misc":{"\u0643\u064f\u062a\u0628 \u0628\u0648\u0627\u0633\u0637\u0629":"Kohen","\u0648\u0642\u062a \u0627\u0644\u0642\u0631\u0627\u0621\u0629 \u0627\u0644\u0645\u064f\u0642\u062f\u0651\u0631":"3 \u062f\u0642\u0627\u0626\u0642"},"schema":{"@context":"https:\/\/schema.org","@graph":[{"@type":"Article","@id":"https:\/\/kohenavocats.com\/ar\/tribunal-judiciaire-de-mesnil-amelot-le-20-octobre-2025-n25-04213\/#article","isPartOf":{"@id":"https:\/\/kohenavocats.com\/ar\/tribunal-judiciaire-de-mesnil-amelot-le-20-octobre-2025-n25-04213\/"},"author":{"name":"Kohen","@id":"https:\/\/kohenavocats.com\/ar\/#\/schema\/person\/761c9ba54fa1ca84d405cef0831ff751"},"headline":"Tribunal judiciaire de Mesnil-Amelot, le 20 octobre 2025, n\u00b025\/04213","datePublished":"2026-04-20T08:34:06+00:00","mainEntityOfPage":{"@id":"https:\/\/kohenavocats.com\/ar\/tribunal-judiciaire-de-mesnil-amelot-le-20-octobre-2025-n25-04213\/"},"wordCount":629,"commentCount":0,"publisher":{"@id":"https:\/\/kohenavocats.com\/ar\/#organization"},"image":{"@id":"https:\/\/kohenavocats.com\/ar\/tribunal-judiciaire-de-mesnil-amelot-le-20-octobre-2025-n25-04213\/#primaryimage"},"thumbnailUrl":"https:\/\/kohenavocats.com\/wp-content\/uploads\/2024\/08\/kylie-paz-cbl1K6yJlDI-unsplash-1.webp","articleSection":["Jurisprudence"],"inLanguage":"ar","potentialAction":[{"@type":"CommentAction","name":"Comment","target":["https:\/\/kohenavocats.com\/ar\/tribunal-judiciaire-de-mesnil-amelot-le-20-octobre-2025-n25-04213\/#respond"]}],"citation":"Tribunal judiciaire de Mesnil-Amelot, le 20 octobre 2025, n\u00b025\/04213","about":[{"@type":"Thing","name":"Jurisprudence"}],"dateModified":"2026-04-20T08:34:06+00:00","speakable":{"@type":"SpeakableSpecification","cssSelector":[".article-content > p:first-of-type"]}},{"@type":"WebPage","@id":"https:\/\/kohenavocats.com\/ar\/tribunal-judiciaire-de-mesnil-amelot-le-20-octobre-2025-n25-04213\/","url":"https:\/\/kohenavocats.com\/ar\/tribunal-judiciaire-de-mesnil-amelot-le-20-octobre-2025-n25-04213\/","name":"Tribunal judiciaire de Mesnil-Amelot, le 20 octobre 2025, n\u00b025\/04213 - Ma\u00eetre Hassan Kohen, avocat en droit p\u00e9nal \u00e0 Paris","isPartOf":{"@id":"https:\/\/kohenavocats.com\/ar\/#website"},"primaryImageOfPage":{"@id":"https:\/\/kohenavocats.com\/ar\/tribunal-judiciaire-de-mesnil-amelot-le-20-octobre-2025-n25-04213\/#primaryimage"},"image":{"@id":"https:\/\/kohenavocats.com\/ar\/tribunal-judiciaire-de-mesnil-amelot-le-20-octobre-2025-n25-04213\/#primaryimage"},"thumbnailUrl":"https:\/\/kohenavocats.com\/wp-content\/uploads\/2024\/08\/kylie-paz-cbl1K6yJlDI-unsplash-1.webp","datePublished":"2026-04-20T08:34:06+00:00","description":"Le tribunal judiciaire du Mesnil-Amelot, statuant le 20 octobre 2025, examine une demande de quatri\u00e8me prolongation de r\u00e9tention administrative. L\u2019autorit\u00e9 a...","breadcrumb":{"@id":"https:\/\/kohenavocats.com\/ar\/tribunal-judiciaire-de-mesnil-amelot-le-20-octobre-2025-n25-04213\/#breadcrumb"},"inLanguage":"ar","potentialAction":[{"@type":"ReadAction","target":["https:\/\/kohenavocats.com\/ar\/tribunal-judiciaire-de-mesnil-amelot-le-20-octobre-2025-n25-04213\/"]}]},{"@type":"ImageObject","inLanguage":"ar","@id":"https:\/\/kohenavocats.com\/ar\/tribunal-judiciaire-de-mesnil-amelot-le-20-octobre-2025-n25-04213\/#primaryimage","url":"https:\/\/kohenavocats.com\/wp-content\/uploads\/2024\/08\/kylie-paz-cbl1K6yJlDI-unsplash-1.webp","contentUrl":"https:\/\/kohenavocats.com\/wp-content\/uploads\/2024\/08\/kylie-paz-cbl1K6yJlDI-unsplash-1.webp","width":5472,"height":3648},{"@type":"BreadcrumbList","@id":"https:\/\/kohenavocats.com\/ar\/tribunal-judiciaire-de-mesnil-amelot-le-20-octobre-2025-n25-04213\/#breadcrumb","itemListElement":[{"@type":"ListItem","position":1,"name":"Home","item":"https:\/\/kohenavocats.com\/ar\/%d9%85%d8%ad%d8%a7%d9%85%d9%88%d9%86-%d9%85%d8%aa%d8%ae%d8%b5%d8%b5%d9%88%d9%86-%d9%81%d9%8a-%d8%a7%d9%84%d9%82%d8%a7%d9%86%d9%88%d9%86-%d8%a7%d9%84%d8%ac%d9%86%d8%a7%d8%a6%d9%8a-%d8%a8%d8%a8%d8%a7\/"},{"@type":"ListItem","position":2,"name":"Tribunal judiciaire de Mesnil-Amelot, le 20 octobre 2025, n\u00b025\/04213"}]},{"@type":"WebSite","@id":"https:\/\/kohenavocats.com\/ar\/#website","url":"https:\/\/kohenavocats.com\/ar\/","name":"Kohen Avocats","description":"Ma\u00eetre Hassan Kohen, avocat p\u00e9naliste \u00e0 Paris, intervient exclusivement en droit p\u00e9nal pour la d\u00e9fense des particuliers, notamment en mati\u00e8re d\u2019accusations de viol. Il assure un accompagnement rigoureux d\u00e8s la garde \u00e0 vue jusqu\u2019\u00e0 la Cour d\u2019assises, veillant au strict respect des garanties proc\u00e9durales.","publisher":{"@id":"https:\/\/kohenavocats.com\/ar\/#organization"},"potentialAction":[{"@type":"SearchAction","target":{"@type":"EntryPoint","urlTemplate":"https:\/\/kohenavocats.com\/ar\/?s={search_term_string}"},"query-input":{"@type":"PropertyValueSpecification","valueRequired":true,"valueName":"search_term_string"}}],"inLanguage":"ar"},{"@type":"Organization","@id":"https:\/\/kohenavocats.com\/ar\/#organization","name":"Kohen Avocats","url":"https:\/\/kohenavocats.com\/ar\/","logo":{"@type":"ImageObject","inLanguage":"ar","@id":"https:\/\/kohenavocats.com\/ar\/#\/schema\/logo\/image\/","url":"https:\/\/kohenavocats.com\/wp-content\/uploads\/2026\/01\/Logo-2-1.webp","contentUrl":"https:\/\/kohenavocats.com\/wp-content\/uploads\/2026\/01\/Logo-2-1.webp","width":2114,"height":1253,"caption":"Kohen Avocats"},"image":{"@id":"https:\/\/kohenavocats.com\/ar\/#\/schema\/logo\/image\/"}},{"@type":"Person","@id":"https:\/\/kohenavocats.com\/ar\/#\/schema\/person\/761c9ba54fa1ca84d405cef0831ff751","name":"Kohen","image":{"@type":"ImageObject","inLanguage":"ar","@id":"https:\/\/secure.gravatar.com\/avatar\/1c5e76ef76bbbfdd2b4da984e2bf2fa4056fd51a27d25ce2c332047f1dfd6e00?s=96&d=identicon&r=g","url":"https:\/\/secure.gravatar.com\/avatar\/1c5e76ef76bbbfdd2b4da984e2bf2fa4056fd51a27d25ce2c332047f1dfd6e00?s=96&d=identicon&r=g","contentUrl":"https:\/\/secure.gravatar.com\/avatar\/1c5e76ef76bbbfdd2b4da984e2bf2fa4056fd51a27d25ce2c332047f1dfd6e00?s=96&d=identicon&r=g","caption":"Kohen"},"sameAs":["https:\/\/www.linkedin.com\/in\/hassan-kohen-448548192\/","https:\/\/www.youtube.com\/@Kohen-Avocats"],"url":"https:\/\/kohenavocats.com\/ar\/author\/kohenmlk\/"}]}},"jetpack_featured_media_url":"https:\/\/kohenavocats.com\/wp-content\/uploads\/2024\/08\/kylie-paz-cbl1K6yJlDI-unsplash-1.webp","jetpack_likes_enabled":false,"jetpack_shortlink":"https:\/\/wp.me\/peCrII-2Bsu","jetpack-related-posts":[{"id":633391,"url":"https:\/\/kohenavocats.com\/ar\/tribunal-judiciaire-de-mesnil-amelot-le-14-octobre-2025-n25-04121\/","url_meta":{"origin":620650,"position":0},"title":"Tribunal judiciaire de Mesnil-Amelot, le 14 octobre 2025, n\u00b025\/04121","author":"Kohen","date":"21 \u0623\u0628\u0631\u064a\u0644\u060c 2026","format":false,"excerpt":"Le tribunal judiciaire du Mesnil-Amelot, le 14 octobre 2025, se prononce sur une requ\u00eate en prolongation de r\u00e9tention administrative. L\u2019autorit\u00e9 administrati...","rel":"","context":"\u0641\u064a &quot;Jurisprudence&quot;","block_context":{"text":"Jurisprudence","link":"https:\/\/kohenavocats.com\/category\/jurisprudence\/"},"img":{"alt_text":"","src":"https:\/\/i0.wp.com\/kohenavocats.com\/wp-content\/uploads\/2024\/11\/mohamed-nohassi-_amjPlrSrKA-unsplash.webp?resize=350%2C200&ssl=1","width":350,"height":200,"srcset":"https:\/\/i0.wp.com\/kohenavocats.com\/wp-content\/uploads\/2024\/11\/mohamed-nohassi-_amjPlrSrKA-unsplash.webp?resize=350%2C200&ssl=1 1x, https:\/\/i0.wp.com\/kohenavocats.com\/wp-content\/uploads\/2024\/11\/mohamed-nohassi-_amjPlrSrKA-unsplash.webp?resize=525%2C300&ssl=1 1.5x, https:\/\/i0.wp.com\/kohenavocats.com\/wp-content\/uploads\/2024\/11\/mohamed-nohassi-_amjPlrSrKA-unsplash.webp?resize=700%2C400&ssl=1 2x, https:\/\/i0.wp.com\/kohenavocats.com\/wp-content\/uploads\/2024\/11\/mohamed-nohassi-_amjPlrSrKA-unsplash.webp?resize=1050%2C600&ssl=1 3x, https:\/\/i0.wp.com\/kohenavocats.com\/wp-content\/uploads\/2024\/11\/mohamed-nohassi-_amjPlrSrKA-unsplash.webp?resize=1400%2C800&ssl=1 4x"},"classes":[]},{"id":482561,"url":"https:\/\/kohenavocats.com\/ar\/tribunal-judiciaire-de-mesnil-amelot-le-20-novembre-2025-n25-04715\/","url_meta":{"origin":620650,"position":1},"title":"Tribunal judiciaire de Mesnil-Amelot, le 20 novembre 2025, n\u00b025\/04715","author":"Kohen","date":"8 \u0623\u0628\u0631\u064a\u0644\u060c 2026","format":false,"excerpt":"Le tribunal judiciaire du Mesnil-Amelot, statuant le 20 novembre 2025, a examin\u00e9 une demande de prolongation de r\u00e9tention et un recours contre le placement. ...","rel":"","context":"\u0641\u064a &quot;Jurisprudence&quot;","block_context":{"text":"Jurisprudence","link":"https:\/\/kohenavocats.com\/category\/jurisprudence\/"},"img":{"alt_text":"","src":"https:\/\/i0.wp.com\/kohenavocats.com\/wp-content\/uploads\/2024\/08\/sofia-vila-flor-iX4r2YviN8E-unsplash.webp?resize=350%2C200&ssl=1","width":350,"height":200,"srcset":"https:\/\/i0.wp.com\/kohenavocats.com\/wp-content\/uploads\/2024\/08\/sofia-vila-flor-iX4r2YviN8E-unsplash.webp?resize=350%2C200&ssl=1 1x, https:\/\/i0.wp.com\/kohenavocats.com\/wp-content\/uploads\/2024\/08\/sofia-vila-flor-iX4r2YviN8E-unsplash.webp?resize=525%2C300&ssl=1 1.5x, https:\/\/i0.wp.com\/kohenavocats.com\/wp-content\/uploads\/2024\/08\/sofia-vila-flor-iX4r2YviN8E-unsplash.webp?resize=700%2C400&ssl=1 2x, https:\/\/i0.wp.com\/kohenavocats.com\/wp-content\/uploads\/2024\/08\/sofia-vila-flor-iX4r2YviN8E-unsplash.webp?resize=1050%2C600&ssl=1 3x, https:\/\/i0.wp.com\/kohenavocats.com\/wp-content\/uploads\/2024\/08\/sofia-vila-flor-iX4r2YviN8E-unsplash.webp?resize=1400%2C800&ssl=1 4x"},"classes":[]},{"id":654224,"url":"https:\/\/kohenavocats.com\/ar\/tribunal-judiciaire-de-mesnil-amelot-le-1-octobre-2025-n25-03878\/","url_meta":{"origin":620650,"position":2},"title":"Tribunal judiciaire de Mesnil-Amelot, le 1 octobre 2025, n\u00b025\/03878","author":"Kohen","date":"23 \u0623\u0628\u0631\u064a\u0644\u060c 2026","format":false,"excerpt":"Le tribunal judiciaire du Mesnil-Amelot, statuant le 1er octobre 2025, examine une demande de prolongation de r\u00e9tention administrative. La personne retenue s...","rel":"","context":"\u0641\u064a &quot;Jurisprudence&quot;","block_context":{"text":"Jurisprudence","link":"https:\/\/kohenavocats.com\/category\/jurisprudence\/"},"img":{"alt_text":"","src":"https:\/\/i0.wp.com\/kohenavocats.com\/wp-content\/uploads\/2024\/08\/rafael-m-CTNHIGI2WcU-unsplash.webp?resize=350%2C200&ssl=1","width":350,"height":200,"srcset":"https:\/\/i0.wp.com\/kohenavocats.com\/wp-content\/uploads\/2024\/08\/rafael-m-CTNHIGI2WcU-unsplash.webp?resize=350%2C200&ssl=1 1x, https:\/\/i0.wp.com\/kohenavocats.com\/wp-content\/uploads\/2024\/08\/rafael-m-CTNHIGI2WcU-unsplash.webp?resize=525%2C300&ssl=1 1.5x, https:\/\/i0.wp.com\/kohenavocats.com\/wp-content\/uploads\/2024\/08\/rafael-m-CTNHIGI2WcU-unsplash.webp?resize=700%2C400&ssl=1 2x, https:\/\/i0.wp.com\/kohenavocats.com\/wp-content\/uploads\/2024\/08\/rafael-m-CTNHIGI2WcU-unsplash.webp?resize=1050%2C600&ssl=1 3x, https:\/\/i0.wp.com\/kohenavocats.com\/wp-content\/uploads\/2024\/08\/rafael-m-CTNHIGI2WcU-unsplash.webp?resize=1400%2C800&ssl=1 4x"},"classes":[]},{"id":647401,"url":"https:\/\/kohenavocats.com\/ar\/tribunal-judiciaire-de-mesnil-amelot-le-5-octobre-2025-n25-03959\/","url_meta":{"origin":620650,"position":3},"title":"Tribunal judiciaire de Mesnil-Amelot, le 5 octobre 2025, n\u00b025\/03959","author":"Kohen","date":"22 \u0623\u0628\u0631\u064a\u0644\u060c 2026","format":false,"excerpt":"Le tribunal judiciaire du Mesnil-Amelot, statuant le 5 octobre 2025, examine une requ\u00eate en prolongation de r\u00e9tention administrative. Le conseil de la person...","rel":"","context":"\u0641\u064a &quot;Jurisprudence&quot;","block_context":{"text":"Jurisprudence","link":"https:\/\/kohenavocats.com\/category\/jurisprudence\/"},"img":{"alt_text":"","src":"https:\/\/i0.wp.com\/kohenavocats.com\/wp-content\/uploads\/2024\/11\/getty-images-23s86SIERuk-unsplash.webp?resize=350%2C200&ssl=1","width":350,"height":200,"srcset":"https:\/\/i0.wp.com\/kohenavocats.com\/wp-content\/uploads\/2024\/11\/getty-images-23s86SIERuk-unsplash.webp?resize=350%2C200&ssl=1 1x, https:\/\/i0.wp.com\/kohenavocats.com\/wp-content\/uploads\/2024\/11\/getty-images-23s86SIERuk-unsplash.webp?resize=525%2C300&ssl=1 1.5x, https:\/\/i0.wp.com\/kohenavocats.com\/wp-content\/uploads\/2024\/11\/getty-images-23s86SIERuk-unsplash.webp?resize=700%2C400&ssl=1 2x, https:\/\/i0.wp.com\/kohenavocats.com\/wp-content\/uploads\/2024\/11\/getty-images-23s86SIERuk-unsplash.webp?resize=1050%2C600&ssl=1 3x, https:\/\/i0.wp.com\/kohenavocats.com\/wp-content\/uploads\/2024\/11\/getty-images-23s86SIERuk-unsplash.webp?resize=1400%2C800&ssl=1 4x"},"classes":[]},{"id":635112,"url":"https:\/\/kohenavocats.com\/ar\/tribunal-judiciaire-de-mesnil-amelot-le-12-octobre-2025-n25-04065\/","url_meta":{"origin":620650,"position":4},"title":"Tribunal judiciaire de Mesnil-Amelot, le 12 octobre 2025, n\u00b025\/04065","author":"Kohen","date":"21 \u0623\u0628\u0631\u064a\u0644\u060c 2026","format":false,"excerpt":"Le tribunal judiciaire du Mesnil-Amelot, statuant le 12 octobre 2025, examine une demande de prolongation de r\u00e9tention administrative. La personne retenue in...","rel":"","context":"\u0641\u064a &quot;Jurisprudence&quot;","block_context":{"text":"Jurisprudence","link":"https:\/\/kohenavocats.com\/category\/jurisprudence\/"},"img":{"alt_text":"","src":"https:\/\/i0.wp.com\/kohenavocats.com\/wp-content\/uploads\/2024\/08\/nils-kaEhf0eZme8-unsplash.webp?resize=350%2C200&ssl=1","width":350,"height":200,"srcset":"https:\/\/i0.wp.com\/kohenavocats.com\/wp-content\/uploads\/2024\/08\/nils-kaEhf0eZme8-unsplash.webp?resize=350%2C200&ssl=1 1x, https:\/\/i0.wp.com\/kohenavocats.com\/wp-content\/uploads\/2024\/08\/nils-kaEhf0eZme8-unsplash.webp?resize=525%2C300&ssl=1 1.5x, https:\/\/i0.wp.com\/kohenavocats.com\/wp-content\/uploads\/2024\/08\/nils-kaEhf0eZme8-unsplash.webp?resize=700%2C400&ssl=1 2x, https:\/\/i0.wp.com\/kohenavocats.com\/wp-content\/uploads\/2024\/08\/nils-kaEhf0eZme8-unsplash.webp?resize=1050%2C600&ssl=1 3x, https:\/\/i0.wp.com\/kohenavocats.com\/wp-content\/uploads\/2024\/08\/nils-kaEhf0eZme8-unsplash.webp?resize=1400%2C800&ssl=1 4x"},"classes":[]},{"id":476247,"url":"https:\/\/kohenavocats.com\/ar\/tribunal-judiciaire-du-mesnil-amelot-le-8-decembre-2025-n25-04997\/","url_meta":{"origin":620650,"position":5},"title":"Tribunal judiciaire du Mesnil-Amelot, le 8 d\u00e9cembre 2025, n\u00b025\/04997","author":"Kohen","date":"7 \u0623\u0628\u0631\u064a\u0644\u060c 2026","format":false,"excerpt":"Le tribunal judiciaire du Mesnil-Amelot, statuant le 8 d\u00e9cembre 2025, a examin\u00e9 une requ\u00eate en prolongation de r\u00e9tention administrative. L'autorit\u00e9 administr...","rel":"","context":"\u0641\u064a &quot;Jurisprudence&quot;","block_context":{"text":"Jurisprudence","link":"https:\/\/kohenavocats.com\/category\/jurisprudence\/"},"img":{"alt_text":"","src":"https:\/\/i0.wp.com\/kohenavocats.com\/wp-content\/uploads\/2024\/08\/kris-atomic-6xJ9GUbbFEo-unsplash.webp?resize=350%2C200&ssl=1","width":350,"height":200,"srcset":"https:\/\/i0.wp.com\/kohenavocats.com\/wp-content\/uploads\/2024\/08\/kris-atomic-6xJ9GUbbFEo-unsplash.webp?resize=350%2C200&ssl=1 1x, https:\/\/i0.wp.com\/kohenavocats.com\/wp-content\/uploads\/2024\/08\/kris-atomic-6xJ9GUbbFEo-unsplash.webp?resize=525%2C300&ssl=1 1.5x, https:\/\/i0.wp.com\/kohenavocats.com\/wp-content\/uploads\/2024\/08\/kris-atomic-6xJ9GUbbFEo-unsplash.webp?resize=700%2C400&ssl=1 2x, https:\/\/i0.wp.com\/kohenavocats.com\/wp-content\/uploads\/2024\/08\/kris-atomic-6xJ9GUbbFEo-unsplash.webp?resize=1050%2C600&ssl=1 3x, https:\/\/i0.wp.com\/kohenavocats.com\/wp-content\/uploads\/2024\/08\/kris-atomic-6xJ9GUbbFEo-unsplash.webp?resize=1400%2C800&ssl=1 4x"},"classes":[]}],"jetpack_sharing_enabled":true,"_links":{"self":[{"href":"https:\/\/kohenavocats.com\/ar\/wp-json\/wp\/v2\/posts\/620650","targetHints":{"allow":["GET"]}}],"collection":[{"href":"https:\/\/kohenavocats.com\/ar\/wp-json\/wp\/v2\/posts"}],"about":[{"href":"https:\/\/kohenavocats.com\/ar\/wp-json\/wp\/v2\/types\/post"}],"author":[{"embeddable":true,"href":"https:\/\/kohenavocats.com\/ar\/wp-json\/wp\/v2\/users\/232070755"}],"replies":[{"embeddable":true,"href":"https:\/\/kohenavocats.com\/ar\/wp-json\/wp\/v2\/comments?post=620650"}],"version-history":[{"count":0,"href":"https:\/\/kohenavocats.com\/ar\/wp-json\/wp\/v2\/posts\/620650\/revisions"}],"wp:featuredmedia":[{"embeddable":true,"href":"https:\/\/kohenavocats.com\/ar\/wp-json\/wp\/v2\/media\/4817"}],"wp:attachment":[{"href":"https:\/\/kohenavocats.com\/ar\/wp-json\/wp\/v2\/media?parent=620650"}],"wp:term":[{"taxonomy":"category","embeddable":true,"href":"https:\/\/kohenavocats.com\/ar\/wp-json\/wp\/v2\/categories?post=620650"},{"taxonomy":"post_tag","embeddable":true,"href":"https:\/\/kohenavocats.com\/ar\/wp-json\/wp\/v2\/tags?post=620650"}],"curies":[{"name":"wp","href":"https:\/\/api.w.org\/{rel}","templated":true}]}}