{"id":634405,"date":"2026-04-21T10:33:33","date_gmt":"2026-04-21T08:33:33","guid":{"rendered":"https:\/\/kohenavocats.com\/tribunal-judiciaire-de-havre-le-13-octobre-2025-n25-00223\/"},"modified":"2026-04-21T10:33:33","modified_gmt":"2026-04-21T08:33:33","slug":"tribunal-judiciaire-de-havre-le-13-octobre-2025-n25-00223","status":"publish","type":"post","link":"https:\/\/kohenavocats.com\/ar\/tribunal-judiciaire-de-havre-le-13-octobre-2025-n25-00223\/","title":{"rendered":"Tribunal judiciaire de Havre, le 13 octobre 2025, n\u00b025\/00223"},"content":{"rendered":"<div class=\"article-content\">\n<p>Le tribunal judiciaire du Havre, statuant le treize octobre deux mil vingt-cinq, a examin\u00e9 un recours contre le refus implicite d\u2019attribution d\u2019une carte mobilit\u00e9 inclusion. Le requ\u00e9rant, se d\u00e9pla\u00e7ant \u00e0 vie avec des b\u00e9quilles, sollicitait la mention priorit\u00e9 pour son handicap. La juridiction a accord\u00e9 le b\u00e9n\u00e9fice de la carte pour cinq ans aux d\u00e9pens de l\u2019administration d\u00e9faillante. Elle pr\u00e9cise ainsi les conditions d\u2019application de l\u2019article L. 241-3 du code de l\u2019action sociale.<\/p>\n<p>L\u2019exigence d\u2019une incapacit\u00e9 rendant la station debout p\u00e9nible<\/p>\n<p>Le texte conditionne l\u2019attribution \u00e0 un taux d\u2019incapacit\u00e9 inf\u00e9rieur \u00e0 quatre-vingts pour cent. La disposition l\u00e9gale exige que cette incapacit\u00e9 rende la station debout p\u00e9nible pour le requ\u00e9rant. &#8220;la carte \u00ab mobilit\u00e9 inclusion \u00bb mention \u00ab priorit\u00e9 \u00bb est attribu\u00e9e \u00e0 toute personne atteinte d\u2019un taux d\u2019incapacit\u00e9 permanente inf\u00e9rieur \u00e0 80% rendant la station debout p\u00e9nible&#8221; (Motifs de la d\u00e9cision). Le juge op\u00e8re donc une appr\u00e9ciation concr\u00e8te de la p\u00e9nibilit\u00e9 all\u00e9gu\u00e9e par le demandeur.<\/p>\n<p>La d\u00e9cision consacre une interpr\u00e9tation large et bienveillante de cette notion de p\u00e9nibilit\u00e9. Elle ne subordonne pas la preuve \u00e0 un seuil m\u00e9dical quantitatif ou \u00e0 un pourcentage pr\u00e9cis. La n\u00e9cessit\u00e9 d\u2019un d\u00e9placement perp\u00e9tuel \u00e0 l\u2019aide de b\u00e9quilles constitue un indice suffisant. Cette approche favorise l\u2019acc\u00e8s au droit sans exiger une d\u00e9monstration m\u00e9dicale excessive. Elle aligne le sens du texte sur son objectif social d\u2019inclusion et de priorit\u00e9.<\/p>\n<p>La charge de la preuve et le d\u00e9faut de contradiction administrative<\/p>\n<p>Le requ\u00e9rant a apport\u00e9 des \u00e9l\u00e9ments cr\u00e9dibles \u00e9tayant sa situation m\u00e9dicale et ses difficult\u00e9s. Il a produit un courriel de son chirurgien et a d\u00e9crit la n\u00e9cessit\u00e9 d\u2019un accompagnement pour ses d\u00e9placements. La maison d\u00e9partementale des personnes handicap\u00e9es, rest\u00e9e non comparante, n\u2019a fourni aucun \u00e9l\u00e9ment contraire. &#8220;La MDPH non-comparante ne fait valoir aucun \u00e9l\u00e9ment permettant de rejeter la demande&#8221; (Motifs de la d\u00e9cision). L\u2019absence de contradiction p\u00e8se donc lourdement dans la balance probatoire.<\/p>\n<p>Ce raisonnement renverse pratiquement la charge de la preuve au d\u00e9triment de l\u2019administration d\u00e9faillante. D\u00e8s lors que le demandeur pr\u00e9sente des \u00e9l\u00e9ments plausibles, le silence de l\u2019autorit\u00e9 vaut acquiescement. Cette solution rappelle que l\u2019administration doit motiver ses refus de fa\u00e7on pr\u00e9cise et circonstanci\u00e9e. La jurisprudence ant\u00e9rieure exigeait d\u00e9j\u00e0 des \u00e9l\u00e9ments affirmant la p\u00e9nibilit\u00e9 au sens strict. &#8220;aucun \u00e9l\u00e9ment ne permet d&#8217;affirmer que la station debout lui est p\u00e9nible au sens strict des dispositions de l\u2019article L. 241 &#8216; 3 pr\u00e9cit\u00e9&#8221; (Tribunal judiciaire, le 15 janvier 2026, n\u00b025\/00461). Le juge contr\u00f4le ainsi l\u2019exactitude mat\u00e9rielle des d\u00e9cisions administratives.<\/p>\n<p>La port\u00e9e sociale de la carte et l\u2019effectivit\u00e9 du droit<\/p>\n<p>La carte octroy\u00e9e permet une priorit\u00e9 d\u2019acc\u00e8s aux places assises dans les transports en commun. Elle facilite \u00e9galement l\u2019acc\u00e8s aux files d\u2019attente et aux salles d\u2019attente des \u00e9tablissements recevant du public. L\u2019enjeu d\u00e9passe le simple symbole pour toucher \u00e0 l\u2019autonomie et \u00e0 la vie quotidienne. La d\u00e9cision garantit l\u2019effectivit\u00e9 de ce droit en accordant la carte pour une dur\u00e9e significative de cinq ans. Elle \u00e9vite ainsi au requ\u00e9rant des renouvellements proc\u00e9duraux fr\u00e9quents et \u00e9prouvants.<\/p>\n<p>Le juge administratif a d\u00e9j\u00e0 interpr\u00e9t\u00e9 les conditions d\u2019attribution de cette carte de mani\u00e8re similaire. &#8220;la carte \u00ab mobilit\u00e9 inclusion \u00bb mention \u00ab priorit\u00e9 \u00bb est attribu\u00e9e \u00e0 toute personne atteinte d&#8217;une incapacit\u00e9 inf\u00e9rieure \u00e0 80 % rendant la station debout p\u00e9nible&#8221; (Cour d\u2019appel, le 26 juin 2025, n\u00b024\/00167). Cette convergence jurisprudentielle s\u00e9curise les droits des personnes en situation de handicap. La d\u00e9cision renforce enfin le principe d\u2019ex\u00e9cution provisoire de droit en mati\u00e8re sociale. Elle assure une protection imm\u00e9diate et pratique sans attendre les \u00e9ventuels d\u00e9lais d\u2019appel.<\/p>\n<\/div>\n","protected":false},"excerpt":{"rendered":"<p>Le tribunal judiciaire du Havre, statuant le treize octobre deux mil vingt-cinq, a examin\u00e9 un recours contre le refus implicite d\u2019attribution d\u2019une carte mob&#8230;<\/p>\n","protected":false},"author":232070755,"featured_media":4703,"comment_status":"open","ping_status":"open","sticky":false,"template":"","format":"standard","meta":{"_crdt_document":"","_jetpack_newsletter_access":"","_jetpack_dont_email_post_to_subs":false,"_jetpack_newsletter_tier_id":0,"_jetpack_memberships_contains_paywalled_content":false,"_kj_source_type":"judilibre","_kj_official_id":"68f1586488dcb0e97e9191f4","_kj_official_url":"https:\/\/www.courdecassation.fr\/decision\/68f1586488dcb0e97e9191f4","_kj_judilibre_id":"68f1586488dcb0e97e9191f4","_kj_jur":"Tribunal judiciaire","_kj_lieu":"Tribunal judiciaire du Havre","_kj_chambre":"CTX PROTECTION SOCIALE","_kj_rg":"25\/00223","_kj_date":"2025-10-13","_jetpack_memberships_contains_paid_content":false,"footnotes":"","jetpack_post_was_ever_published":false},"categories":[7597],"tags":[],"class_list":["post-634405","post","type-post","status-publish","format-standard","has-post-thumbnail","hentry","category-jurisprudence"],"yoast_head":"<!-- This site is optimized with the Yoast SEO Premium plugin v27.5 (Yoast SEO v27.5) - https:\/\/yoast.com\/product\/yoast-seo-premium-wordpress\/ -->\n<title>Tribunal judiciaire de Havre, le 13 octobre 2025, n\u00b025\/00223 - Ma\u00eetre Hassan Kohen, avocat en droit p\u00e9nal \u00e0 Paris<\/title>\n<meta name=\"description\" content=\"Le tribunal judiciaire du Havre, statuant le treize octobre deux mil vingt-cinq, a examin\u00e9 un recours contre le refus implicite d\u2019attribution d\u2019une carte mob...\" \/>\n<meta name=\"robots\" content=\"index, follow, max-snippet:-1, max-image-preview:large, max-video-preview:-1\" \/>\n<link rel=\"canonical\" href=\"https:\/\/kohenavocats.com\/ar\/tribunal-judiciaire-de-havre-le-13-octobre-2025-n25-00223\/\" \/>\n<meta property=\"og:locale\" content=\"ar_AR\" \/>\n<meta property=\"og:type\" content=\"article\" \/>\n<meta property=\"og:title\" content=\"Tribunal judiciaire de Havre, le 13 octobre 2025, n\u00b025\/00223\" \/>\n<meta property=\"og:description\" content=\"Le tribunal judiciaire du Havre, statuant le treize octobre deux mil vingt-cinq, a examin\u00e9 un recours contre le refus implicite d\u2019attribution d\u2019une carte mob...\" \/>\n<meta property=\"og:url\" content=\"https:\/\/kohenavocats.com\/ar\/tribunal-judiciaire-de-havre-le-13-octobre-2025-n25-00223\/\" \/>\n<meta property=\"og:site_name\" content=\"Ma\u00eetre Hassan Kohen, avocat en droit p\u00e9nal \u00e0 Paris\" \/>\n<meta property=\"article:published_time\" content=\"2026-04-21T08:33:33+00:00\" \/>\n<meta property=\"og:image\" content=\"https:\/\/kohenavocats.com\/wp-content\/uploads\/2024\/08\/bastien-nvs-SkgPTTk_eXE-unsplash.webp\" \/>\n\t<meta property=\"og:image:width\" content=\"6000\" \/>\n\t<meta property=\"og:image:height\" content=\"4000\" \/>\n\t<meta property=\"og:image:type\" content=\"image\/webp\" \/>\n<meta name=\"author\" content=\"Kohen\" \/>\n<meta name=\"twitter:card\" content=\"summary_large_image\" \/>\n<meta name=\"twitter:label1\" content=\"\u0643\u064f\u062a\u0628 \u0628\u0648\u0627\u0633\u0637\u0629\" \/>\n\t<meta name=\"twitter:data1\" content=\"Kohen\" \/>\n\t<meta name=\"twitter:label2\" content=\"\u0648\u0642\u062a \u0627\u0644\u0642\u0631\u0627\u0621\u0629 \u0627\u0644\u0645\u064f\u0642\u062f\u0651\u0631\" \/>\n\t<meta name=\"twitter:data2\" content=\"3 \u062f\u0642\u0627\u0626\u0642\" \/>\n<script type=\"application\/ld+json\" class=\"yoast-schema-graph\">{\"@context\":\"https:\\\/\\\/schema.org\",\"@graph\":[{\"@type\":\"Article\",\"@id\":\"https:\\\/\\\/kohenavocats.com\\\/ar\\\/tribunal-judiciaire-de-havre-le-13-octobre-2025-n25-00223\\\/#article\",\"isPartOf\":{\"@id\":\"https:\\\/\\\/kohenavocats.com\\\/ar\\\/tribunal-judiciaire-de-havre-le-13-octobre-2025-n25-00223\\\/\"},\"author\":{\"name\":\"Kohen\",\"@id\":\"https:\\\/\\\/kohenavocats.com\\\/ar\\\/#\\\/schema\\\/person\\\/761c9ba54fa1ca84d405cef0831ff751\"},\"headline\":\"Tribunal judiciaire de Havre, le 13 octobre 2025, n\u00b025\\\/00223\",\"datePublished\":\"2026-04-21T08:33:33+00:00\",\"mainEntityOfPage\":{\"@id\":\"https:\\\/\\\/kohenavocats.com\\\/ar\\\/tribunal-judiciaire-de-havre-le-13-octobre-2025-n25-00223\\\/\"},\"wordCount\":681,\"commentCount\":0,\"publisher\":{\"@id\":\"https:\\\/\\\/kohenavocats.com\\\/ar\\\/#organization\"},\"image\":{\"@id\":\"https:\\\/\\\/kohenavocats.com\\\/ar\\\/tribunal-judiciaire-de-havre-le-13-octobre-2025-n25-00223\\\/#primaryimage\"},\"thumbnailUrl\":\"https:\\\/\\\/kohenavocats.com\\\/wp-content\\\/uploads\\\/2024\\\/08\\\/bastien-nvs-SkgPTTk_eXE-unsplash.webp\",\"articleSection\":[\"Jurisprudence\"],\"inLanguage\":\"ar\",\"potentialAction\":[{\"@type\":\"CommentAction\",\"name\":\"Comment\",\"target\":[\"https:\\\/\\\/kohenavocats.com\\\/ar\\\/tribunal-judiciaire-de-havre-le-13-octobre-2025-n25-00223\\\/#respond\"]}],\"citation\":\"Tribunal judiciaire de Havre, le 13 octobre 2025, n\u00b025\\\/00223\",\"about\":[{\"@type\":\"Thing\",\"name\":\"Jurisprudence\"}],\"dateModified\":\"2026-04-21T08:33:33+00:00\",\"speakable\":{\"@type\":\"SpeakableSpecification\",\"cssSelector\":[\".article-content > p:first-of-type\"]}},{\"@type\":\"WebPage\",\"@id\":\"https:\\\/\\\/kohenavocats.com\\\/ar\\\/tribunal-judiciaire-de-havre-le-13-octobre-2025-n25-00223\\\/\",\"url\":\"https:\\\/\\\/kohenavocats.com\\\/ar\\\/tribunal-judiciaire-de-havre-le-13-octobre-2025-n25-00223\\\/\",\"name\":\"Tribunal judiciaire de Havre, le 13 octobre 2025, n\u00b025\\\/00223 - Ma\u00eetre Hassan Kohen, avocat en droit p\u00e9nal \u00e0 Paris\",\"isPartOf\":{\"@id\":\"https:\\\/\\\/kohenavocats.com\\\/ar\\\/#website\"},\"primaryImageOfPage\":{\"@id\":\"https:\\\/\\\/kohenavocats.com\\\/ar\\\/tribunal-judiciaire-de-havre-le-13-octobre-2025-n25-00223\\\/#primaryimage\"},\"image\":{\"@id\":\"https:\\\/\\\/kohenavocats.com\\\/ar\\\/tribunal-judiciaire-de-havre-le-13-octobre-2025-n25-00223\\\/#primaryimage\"},\"thumbnailUrl\":\"https:\\\/\\\/kohenavocats.com\\\/wp-content\\\/uploads\\\/2024\\\/08\\\/bastien-nvs-SkgPTTk_eXE-unsplash.webp\",\"datePublished\":\"2026-04-21T08:33:33+00:00\",\"description\":\"Le tribunal judiciaire du Havre, statuant le treize octobre deux mil vingt-cinq, a examin\u00e9 un recours contre le refus implicite d\u2019attribution d\u2019une carte mob...\",\"breadcrumb\":{\"@id\":\"https:\\\/\\\/kohenavocats.com\\\/ar\\\/tribunal-judiciaire-de-havre-le-13-octobre-2025-n25-00223\\\/#breadcrumb\"},\"inLanguage\":\"ar\",\"potentialAction\":[{\"@type\":\"ReadAction\",\"target\":[\"https:\\\/\\\/kohenavocats.com\\\/ar\\\/tribunal-judiciaire-de-havre-le-13-octobre-2025-n25-00223\\\/\"]}]},{\"@type\":\"ImageObject\",\"inLanguage\":\"ar\",\"@id\":\"https:\\\/\\\/kohenavocats.com\\\/ar\\\/tribunal-judiciaire-de-havre-le-13-octobre-2025-n25-00223\\\/#primaryimage\",\"url\":\"https:\\\/\\\/kohenavocats.com\\\/wp-content\\\/uploads\\\/2024\\\/08\\\/bastien-nvs-SkgPTTk_eXE-unsplash.webp\",\"contentUrl\":\"https:\\\/\\\/kohenavocats.com\\\/wp-content\\\/uploads\\\/2024\\\/08\\\/bastien-nvs-SkgPTTk_eXE-unsplash.webp\",\"width\":6000,\"height\":4000},{\"@type\":\"BreadcrumbList\",\"@id\":\"https:\\\/\\\/kohenavocats.com\\\/ar\\\/tribunal-judiciaire-de-havre-le-13-octobre-2025-n25-00223\\\/#breadcrumb\",\"itemListElement\":[{\"@type\":\"ListItem\",\"position\":1,\"name\":\"Home\",\"item\":\"https:\\\/\\\/kohenavocats.com\\\/ar\\\/%d9%85%d8%ad%d8%a7%d9%85%d9%88%d9%86-%d9%85%d8%aa%d8%ae%d8%b5%d8%b5%d9%88%d9%86-%d9%81%d9%8a-%d8%a7%d9%84%d9%82%d8%a7%d9%86%d9%88%d9%86-%d8%a7%d9%84%d8%ac%d9%86%d8%a7%d8%a6%d9%8a-%d8%a8%d8%a8%d8%a7\\\/\"},{\"@type\":\"ListItem\",\"position\":2,\"name\":\"Tribunal judiciaire de Havre, le 13 octobre 2025, n\u00b025\\\/00223\"}]},{\"@type\":\"WebSite\",\"@id\":\"https:\\\/\\\/kohenavocats.com\\\/ar\\\/#website\",\"url\":\"https:\\\/\\\/kohenavocats.com\\\/ar\\\/\",\"name\":\"Kohen Avocats\",\"description\":\"Ma\u00eetre Hassan Kohen, avocat p\u00e9naliste \u00e0 Paris, intervient exclusivement en droit p\u00e9nal pour la d\u00e9fense des particuliers, notamment en mati\u00e8re d\u2019accusations de viol. Il assure un accompagnement rigoureux d\u00e8s la garde \u00e0 vue jusqu\u2019\u00e0 la Cour d\u2019assises, veillant au strict respect des garanties proc\u00e9durales.\",\"publisher\":{\"@id\":\"https:\\\/\\\/kohenavocats.com\\\/ar\\\/#organization\"},\"potentialAction\":[{\"@type\":\"SearchAction\",\"target\":{\"@type\":\"EntryPoint\",\"urlTemplate\":\"https:\\\/\\\/kohenavocats.com\\\/ar\\\/?s={search_term_string}\"},\"query-input\":{\"@type\":\"PropertyValueSpecification\",\"valueRequired\":true,\"valueName\":\"search_term_string\"}}],\"inLanguage\":\"ar\"},{\"@type\":\"Organization\",\"@id\":\"https:\\\/\\\/kohenavocats.com\\\/ar\\\/#organization\",\"name\":\"Kohen Avocats\",\"url\":\"https:\\\/\\\/kohenavocats.com\\\/ar\\\/\",\"logo\":{\"@type\":\"ImageObject\",\"inLanguage\":\"ar\",\"@id\":\"https:\\\/\\\/kohenavocats.com\\\/ar\\\/#\\\/schema\\\/logo\\\/image\\\/\",\"url\":\"https:\\\/\\\/kohenavocats.com\\\/wp-content\\\/uploads\\\/2026\\\/01\\\/Logo-2-1.webp\",\"contentUrl\":\"https:\\\/\\\/kohenavocats.com\\\/wp-content\\\/uploads\\\/2026\\\/01\\\/Logo-2-1.webp\",\"width\":2114,\"height\":1253,\"caption\":\"Kohen Avocats\"},\"image\":{\"@id\":\"https:\\\/\\\/kohenavocats.com\\\/ar\\\/#\\\/schema\\\/logo\\\/image\\\/\"}},{\"@type\":\"Person\",\"@id\":\"https:\\\/\\\/kohenavocats.com\\\/ar\\\/#\\\/schema\\\/person\\\/761c9ba54fa1ca84d405cef0831ff751\",\"name\":\"Kohen\",\"image\":{\"@type\":\"ImageObject\",\"inLanguage\":\"ar\",\"@id\":\"https:\\\/\\\/secure.gravatar.com\\\/avatar\\\/1c5e76ef76bbbfdd2b4da984e2bf2fa4056fd51a27d25ce2c332047f1dfd6e00?s=96&d=identicon&r=g\",\"url\":\"https:\\\/\\\/secure.gravatar.com\\\/avatar\\\/1c5e76ef76bbbfdd2b4da984e2bf2fa4056fd51a27d25ce2c332047f1dfd6e00?s=96&d=identicon&r=g\",\"contentUrl\":\"https:\\\/\\\/secure.gravatar.com\\\/avatar\\\/1c5e76ef76bbbfdd2b4da984e2bf2fa4056fd51a27d25ce2c332047f1dfd6e00?s=96&d=identicon&r=g\",\"caption\":\"Kohen\"},\"sameAs\":[\"https:\\\/\\\/www.linkedin.com\\\/in\\\/hassan-kohen-448548192\\\/\",\"https:\\\/\\\/www.youtube.com\\\/@Kohen-Avocats\"],\"url\":\"https:\\\/\\\/kohenavocats.com\\\/ar\\\/author\\\/kohenmlk\\\/\"}]}<\/script>\n<!-- \/ Yoast SEO Premium plugin. -->","yoast_head_json":{"title":"Tribunal judiciaire de Havre, le 13 octobre 2025, n\u00b025\/00223 - Ma\u00eetre Hassan Kohen, avocat en droit p\u00e9nal \u00e0 Paris","description":"Le tribunal judiciaire du Havre, statuant le treize octobre deux mil vingt-cinq, a examin\u00e9 un recours contre le refus implicite d\u2019attribution d\u2019une carte mob...","robots":{"index":"index","follow":"follow","max-snippet":"max-snippet:-1","max-image-preview":"max-image-preview:large","max-video-preview":"max-video-preview:-1"},"canonical":"https:\/\/kohenavocats.com\/ar\/tribunal-judiciaire-de-havre-le-13-octobre-2025-n25-00223\/","og_locale":"ar_AR","og_type":"article","og_title":"Tribunal judiciaire de Havre, le 13 octobre 2025, n\u00b025\/00223","og_description":"Le tribunal judiciaire du Havre, statuant le treize octobre deux mil vingt-cinq, a examin\u00e9 un recours contre le refus implicite d\u2019attribution d\u2019une carte mob...","og_url":"https:\/\/kohenavocats.com\/ar\/tribunal-judiciaire-de-havre-le-13-octobre-2025-n25-00223\/","og_site_name":"Ma\u00eetre Hassan Kohen, avocat en droit p\u00e9nal \u00e0 Paris","article_published_time":"2026-04-21T08:33:33+00:00","og_image":[{"width":6000,"height":4000,"url":"https:\/\/kohenavocats.com\/wp-content\/uploads\/2024\/08\/bastien-nvs-SkgPTTk_eXE-unsplash.webp","type":"image\/webp"}],"author":"Kohen","twitter_card":"summary_large_image","twitter_misc":{"\u0643\u064f\u062a\u0628 \u0628\u0648\u0627\u0633\u0637\u0629":"Kohen","\u0648\u0642\u062a \u0627\u0644\u0642\u0631\u0627\u0621\u0629 \u0627\u0644\u0645\u064f\u0642\u062f\u0651\u0631":"3 \u062f\u0642\u0627\u0626\u0642"},"schema":{"@context":"https:\/\/schema.org","@graph":[{"@type":"Article","@id":"https:\/\/kohenavocats.com\/ar\/tribunal-judiciaire-de-havre-le-13-octobre-2025-n25-00223\/#article","isPartOf":{"@id":"https:\/\/kohenavocats.com\/ar\/tribunal-judiciaire-de-havre-le-13-octobre-2025-n25-00223\/"},"author":{"name":"Kohen","@id":"https:\/\/kohenavocats.com\/ar\/#\/schema\/person\/761c9ba54fa1ca84d405cef0831ff751"},"headline":"Tribunal judiciaire de Havre, le 13 octobre 2025, n\u00b025\/00223","datePublished":"2026-04-21T08:33:33+00:00","mainEntityOfPage":{"@id":"https:\/\/kohenavocats.com\/ar\/tribunal-judiciaire-de-havre-le-13-octobre-2025-n25-00223\/"},"wordCount":681,"commentCount":0,"publisher":{"@id":"https:\/\/kohenavocats.com\/ar\/#organization"},"image":{"@id":"https:\/\/kohenavocats.com\/ar\/tribunal-judiciaire-de-havre-le-13-octobre-2025-n25-00223\/#primaryimage"},"thumbnailUrl":"https:\/\/kohenavocats.com\/wp-content\/uploads\/2024\/08\/bastien-nvs-SkgPTTk_eXE-unsplash.webp","articleSection":["Jurisprudence"],"inLanguage":"ar","potentialAction":[{"@type":"CommentAction","name":"Comment","target":["https:\/\/kohenavocats.com\/ar\/tribunal-judiciaire-de-havre-le-13-octobre-2025-n25-00223\/#respond"]}],"citation":"Tribunal judiciaire de Havre, le 13 octobre 2025, n\u00b025\/00223","about":[{"@type":"Thing","name":"Jurisprudence"}],"dateModified":"2026-04-21T08:33:33+00:00","speakable":{"@type":"SpeakableSpecification","cssSelector":[".article-content > p:first-of-type"]}},{"@type":"WebPage","@id":"https:\/\/kohenavocats.com\/ar\/tribunal-judiciaire-de-havre-le-13-octobre-2025-n25-00223\/","url":"https:\/\/kohenavocats.com\/ar\/tribunal-judiciaire-de-havre-le-13-octobre-2025-n25-00223\/","name":"Tribunal judiciaire de Havre, le 13 octobre 2025, n\u00b025\/00223 - Ma\u00eetre Hassan Kohen, avocat en droit p\u00e9nal \u00e0 Paris","isPartOf":{"@id":"https:\/\/kohenavocats.com\/ar\/#website"},"primaryImageOfPage":{"@id":"https:\/\/kohenavocats.com\/ar\/tribunal-judiciaire-de-havre-le-13-octobre-2025-n25-00223\/#primaryimage"},"image":{"@id":"https:\/\/kohenavocats.com\/ar\/tribunal-judiciaire-de-havre-le-13-octobre-2025-n25-00223\/#primaryimage"},"thumbnailUrl":"https:\/\/kohenavocats.com\/wp-content\/uploads\/2024\/08\/bastien-nvs-SkgPTTk_eXE-unsplash.webp","datePublished":"2026-04-21T08:33:33+00:00","description":"Le tribunal judiciaire du Havre, statuant le treize octobre deux mil vingt-cinq, a examin\u00e9 un recours contre le refus implicite d\u2019attribution d\u2019une carte mob...","breadcrumb":{"@id":"https:\/\/kohenavocats.com\/ar\/tribunal-judiciaire-de-havre-le-13-octobre-2025-n25-00223\/#breadcrumb"},"inLanguage":"ar","potentialAction":[{"@type":"ReadAction","target":["https:\/\/kohenavocats.com\/ar\/tribunal-judiciaire-de-havre-le-13-octobre-2025-n25-00223\/"]}]},{"@type":"ImageObject","inLanguage":"ar","@id":"https:\/\/kohenavocats.com\/ar\/tribunal-judiciaire-de-havre-le-13-octobre-2025-n25-00223\/#primaryimage","url":"https:\/\/kohenavocats.com\/wp-content\/uploads\/2024\/08\/bastien-nvs-SkgPTTk_eXE-unsplash.webp","contentUrl":"https:\/\/kohenavocats.com\/wp-content\/uploads\/2024\/08\/bastien-nvs-SkgPTTk_eXE-unsplash.webp","width":6000,"height":4000},{"@type":"BreadcrumbList","@id":"https:\/\/kohenavocats.com\/ar\/tribunal-judiciaire-de-havre-le-13-octobre-2025-n25-00223\/#breadcrumb","itemListElement":[{"@type":"ListItem","position":1,"name":"Home","item":"https:\/\/kohenavocats.com\/ar\/%d9%85%d8%ad%d8%a7%d9%85%d9%88%d9%86-%d9%85%d8%aa%d8%ae%d8%b5%d8%b5%d9%88%d9%86-%d9%81%d9%8a-%d8%a7%d9%84%d9%82%d8%a7%d9%86%d9%88%d9%86-%d8%a7%d9%84%d8%ac%d9%86%d8%a7%d8%a6%d9%8a-%d8%a8%d8%a8%d8%a7\/"},{"@type":"ListItem","position":2,"name":"Tribunal judiciaire de Havre, le 13 octobre 2025, n\u00b025\/00223"}]},{"@type":"WebSite","@id":"https:\/\/kohenavocats.com\/ar\/#website","url":"https:\/\/kohenavocats.com\/ar\/","name":"Kohen Avocats","description":"Ma\u00eetre Hassan Kohen, avocat p\u00e9naliste \u00e0 Paris, intervient exclusivement en droit p\u00e9nal pour la d\u00e9fense des particuliers, notamment en mati\u00e8re d\u2019accusations de viol. Il assure un accompagnement rigoureux d\u00e8s la garde \u00e0 vue jusqu\u2019\u00e0 la Cour d\u2019assises, veillant au strict respect des garanties proc\u00e9durales.","publisher":{"@id":"https:\/\/kohenavocats.com\/ar\/#organization"},"potentialAction":[{"@type":"SearchAction","target":{"@type":"EntryPoint","urlTemplate":"https:\/\/kohenavocats.com\/ar\/?s={search_term_string}"},"query-input":{"@type":"PropertyValueSpecification","valueRequired":true,"valueName":"search_term_string"}}],"inLanguage":"ar"},{"@type":"Organization","@id":"https:\/\/kohenavocats.com\/ar\/#organization","name":"Kohen Avocats","url":"https:\/\/kohenavocats.com\/ar\/","logo":{"@type":"ImageObject","inLanguage":"ar","@id":"https:\/\/kohenavocats.com\/ar\/#\/schema\/logo\/image\/","url":"https:\/\/kohenavocats.com\/wp-content\/uploads\/2026\/01\/Logo-2-1.webp","contentUrl":"https:\/\/kohenavocats.com\/wp-content\/uploads\/2026\/01\/Logo-2-1.webp","width":2114,"height":1253,"caption":"Kohen Avocats"},"image":{"@id":"https:\/\/kohenavocats.com\/ar\/#\/schema\/logo\/image\/"}},{"@type":"Person","@id":"https:\/\/kohenavocats.com\/ar\/#\/schema\/person\/761c9ba54fa1ca84d405cef0831ff751","name":"Kohen","image":{"@type":"ImageObject","inLanguage":"ar","@id":"https:\/\/secure.gravatar.com\/avatar\/1c5e76ef76bbbfdd2b4da984e2bf2fa4056fd51a27d25ce2c332047f1dfd6e00?s=96&d=identicon&r=g","url":"https:\/\/secure.gravatar.com\/avatar\/1c5e76ef76bbbfdd2b4da984e2bf2fa4056fd51a27d25ce2c332047f1dfd6e00?s=96&d=identicon&r=g","contentUrl":"https:\/\/secure.gravatar.com\/avatar\/1c5e76ef76bbbfdd2b4da984e2bf2fa4056fd51a27d25ce2c332047f1dfd6e00?s=96&d=identicon&r=g","caption":"Kohen"},"sameAs":["https:\/\/www.linkedin.com\/in\/hassan-kohen-448548192\/","https:\/\/www.youtube.com\/@Kohen-Avocats"],"url":"https:\/\/kohenavocats.com\/ar\/author\/kohenmlk\/"}]}},"jetpack_featured_media_url":"https:\/\/kohenavocats.com\/wp-content\/uploads\/2024\/08\/bastien-nvs-SkgPTTk_eXE-unsplash.webp","jetpack_likes_enabled":false,"jetpack_shortlink":"https:\/\/wp.me\/peCrII-2F2l","jetpack-related-posts":[{"id":471949,"url":"https:\/\/kohenavocats.com\/ar\/tribunal-judiciaire-de-dijon-le-12-fevrier-2025-n25-00227\/","url_meta":{"origin":634405,"position":0},"title":"Tribunal judiciaire de Dijon, le 12 f\u00e9vrier 2025, n\u00b025\/00227","author":"Kohen","date":"7 \u0623\u0628\u0631\u064a\u0644\u060c 2026","format":false,"excerpt":"Le tribunal du contentieux de l'incapacit\u00e9 de Dijon, statuant le 12 f\u00e9vrier 2025, a examin\u00e9 un recours contre le refus d'attribution d'une carte mobilit\u00e9 inc...","rel":"","context":"\u0641\u064a &quot;Jurisprudence&quot;","block_context":{"text":"Jurisprudence","link":"https:\/\/kohenavocats.com\/category\/jurisprudence\/"},"img":{"alt_text":"","src":"https:\/\/i0.wp.com\/kohenavocats.com\/wp-content\/uploads\/2024\/08\/sarah-donisi-yf0ndtS1k-U-unsplash.webp?resize=350%2C200&ssl=1","width":350,"height":200,"srcset":"https:\/\/i0.wp.com\/kohenavocats.com\/wp-content\/uploads\/2024\/08\/sarah-donisi-yf0ndtS1k-U-unsplash.webp?resize=350%2C200&ssl=1 1x, https:\/\/i0.wp.com\/kohenavocats.com\/wp-content\/uploads\/2024\/08\/sarah-donisi-yf0ndtS1k-U-unsplash.webp?resize=525%2C300&ssl=1 1.5x, https:\/\/i0.wp.com\/kohenavocats.com\/wp-content\/uploads\/2024\/08\/sarah-donisi-yf0ndtS1k-U-unsplash.webp?resize=700%2C400&ssl=1 2x, https:\/\/i0.wp.com\/kohenavocats.com\/wp-content\/uploads\/2024\/08\/sarah-donisi-yf0ndtS1k-U-unsplash.webp?resize=1050%2C600&ssl=1 3x, https:\/\/i0.wp.com\/kohenavocats.com\/wp-content\/uploads\/2024\/08\/sarah-donisi-yf0ndtS1k-U-unsplash.webp?resize=1400%2C800&ssl=1 4x"},"classes":[]},{"id":668167,"url":"https:\/\/kohenavocats.com\/ar\/tribunal-judiciaire-de-bourg-en-bresse-le-14-janvier-2025-n25-00093\/","url_meta":{"origin":634405,"position":1},"title":"Tribunal judiciaire de Bourg-en-Bresse, le 14 janvier 2025, n\u00b025\/00093","author":"Kohen","date":"24 \u0623\u0628\u0631\u064a\u0644\u060c 2026","format":false,"excerpt":"Le tribunal judiciaire de Bourg-en-Bresse, statuant en mati\u00e8re sociale, a rendu un jugement le 14 janvier 2025. L\u2019affaire concernait le refus d\u2019attribuer une...","rel":"","context":"\u0641\u064a &quot;Jurisprudence&quot;","block_context":{"text":"Jurisprudence","link":"https:\/\/kohenavocats.com\/category\/jurisprudence\/"},"img":{"alt_text":"","src":"https:\/\/i0.wp.com\/kohenavocats.com\/wp-content\/uploads\/2024\/11\/aperture-vintage-BcceGzBmeTI-unsplash.webp?resize=350%2C200&ssl=1","width":350,"height":200,"srcset":"https:\/\/i0.wp.com\/kohenavocats.com\/wp-content\/uploads\/2024\/11\/aperture-vintage-BcceGzBmeTI-unsplash.webp?resize=350%2C200&ssl=1 1x, https:\/\/i0.wp.com\/kohenavocats.com\/wp-content\/uploads\/2024\/11\/aperture-vintage-BcceGzBmeTI-unsplash.webp?resize=525%2C300&ssl=1 1.5x, https:\/\/i0.wp.com\/kohenavocats.com\/wp-content\/uploads\/2024\/11\/aperture-vintage-BcceGzBmeTI-unsplash.webp?resize=700%2C400&ssl=1 2x, https:\/\/i0.wp.com\/kohenavocats.com\/wp-content\/uploads\/2024\/11\/aperture-vintage-BcceGzBmeTI-unsplash.webp?resize=1050%2C600&ssl=1 3x, https:\/\/i0.wp.com\/kohenavocats.com\/wp-content\/uploads\/2024\/11\/aperture-vintage-BcceGzBmeTI-unsplash.webp?resize=1400%2C800&ssl=1 4x"},"classes":[]},{"id":521716,"url":"https:\/\/kohenavocats.com\/ar\/tribunal-judiciaire-le-13-octobre-2025-n25-00223\/","url_meta":{"origin":634405,"position":2},"title":"Tribunal judiciaire, le 13 octobre 2025, n\u00b025\/00223","author":"Kohen","date":"9 \u0623\u0628\u0631\u064a\u0644\u060c 2026","format":false,"excerpt":"Le tribunal judiciaire du Havre, statuant le treize octobre deux mil vingt-cinq, a examin\u00e9 un recours contre le refus implicite d\u2019attribution d\u2019une carte...","rel":"","context":"\u0641\u064a &quot;D\u00e9cisions juridiques&quot;","block_context":{"text":"D\u00e9cisions juridiques","link":"https:\/\/kohenavocats.com\/category\/decisions-juridiques\/"},"img":{"alt_text":"","src":"https:\/\/i0.wp.com\/kohenavocats.com\/wp-content\/uploads\/2024\/08\/ruben-minguer-ohq49pdlt9w-unsplash.webp?resize=350%2C200&ssl=1","width":350,"height":200,"srcset":"https:\/\/i0.wp.com\/kohenavocats.com\/wp-content\/uploads\/2024\/08\/ruben-minguer-ohq49pdlt9w-unsplash.webp?resize=350%2C200&ssl=1 1x, https:\/\/i0.wp.com\/kohenavocats.com\/wp-content\/uploads\/2024\/08\/ruben-minguer-ohq49pdlt9w-unsplash.webp?resize=525%2C300&ssl=1 1.5x, https:\/\/i0.wp.com\/kohenavocats.com\/wp-content\/uploads\/2024\/08\/ruben-minguer-ohq49pdlt9w-unsplash.webp?resize=700%2C400&ssl=1 2x, https:\/\/i0.wp.com\/kohenavocats.com\/wp-content\/uploads\/2024\/08\/ruben-minguer-ohq49pdlt9w-unsplash.webp?resize=1050%2C600&ssl=1 3x, https:\/\/i0.wp.com\/kohenavocats.com\/wp-content\/uploads\/2024\/08\/ruben-minguer-ohq49pdlt9w-unsplash.webp?resize=1400%2C800&ssl=1 4x"},"classes":[]},{"id":471930,"url":"https:\/\/kohenavocats.com\/ar\/tribunal-judiciaire-de-dijon-le-11-avril-2025-n25-00287\/","url_meta":{"origin":634405,"position":3},"title":"Tribunal judiciaire de Dijon, le 11 avril 2025, n\u00b025\/00287","author":"Kohen","date":"7 \u0623\u0628\u0631\u064a\u0644\u060c 2026","format":false,"excerpt":"Le tribunal administratif de Dijon, par jugement du 11 avril 2025, a \u00e9t\u00e9 saisi d\u2019un recours contre le refus d\u2019octroi d\u2019une carte mobilit\u00e9 inclusion mention p...","rel":"","context":"\u0641\u064a &quot;Jurisprudence&quot;","block_context":{"text":"Jurisprudence","link":"https:\/\/kohenavocats.com\/category\/jurisprudence\/"},"img":{"alt_text":"","src":"https:\/\/i0.wp.com\/kohenavocats.com\/wp-content\/uploads\/2024\/05\/daniele-d-andreti-mGH4FxehE2s-unsplash.webp?resize=350%2C200&ssl=1","width":350,"height":200,"srcset":"https:\/\/i0.wp.com\/kohenavocats.com\/wp-content\/uploads\/2024\/05\/daniele-d-andreti-mGH4FxehE2s-unsplash.webp?resize=350%2C200&ssl=1 1x, https:\/\/i0.wp.com\/kohenavocats.com\/wp-content\/uploads\/2024\/05\/daniele-d-andreti-mGH4FxehE2s-unsplash.webp?resize=525%2C300&ssl=1 1.5x, https:\/\/i0.wp.com\/kohenavocats.com\/wp-content\/uploads\/2024\/05\/daniele-d-andreti-mGH4FxehE2s-unsplash.webp?resize=700%2C400&ssl=1 2x, https:\/\/i0.wp.com\/kohenavocats.com\/wp-content\/uploads\/2024\/05\/daniele-d-andreti-mGH4FxehE2s-unsplash.webp?resize=1050%2C600&ssl=1 3x, https:\/\/i0.wp.com\/kohenavocats.com\/wp-content\/uploads\/2024\/05\/daniele-d-andreti-mGH4FxehE2s-unsplash.webp?resize=1400%2C800&ssl=1 4x"},"classes":[]},{"id":670560,"url":"https:\/\/kohenavocats.com\/ar\/tribunal-judiciaire-de-clermont-ferrand-le-5-mars-2024-n24-00507\/","url_meta":{"origin":634405,"position":4},"title":"Tribunal judiciaire de Clermont-Ferrand, le 5 mars 2024, n\u00b024\/00507","author":"Kohen","date":"24 \u0623\u0628\u0631\u064a\u0644\u060c 2026","format":false,"excerpt":"Le tribunal judiciaire de Clermont-Ferrand, statuant en premier ressort le 5 mars 2024, a infirm\u00e9 une d\u00e9cision pr\u00e9fectorale refusant la d\u00e9livrance d\u2019une Cart...","rel":"","context":"\u0641\u064a &quot;Jurisprudence&quot;","block_context":{"text":"Jurisprudence","link":"https:\/\/kohenavocats.com\/category\/jurisprudence\/"},"img":{"alt_text":"","src":"https:\/\/i0.wp.com\/kohenavocats.com\/wp-content\/uploads\/2024\/11\/getty-images-wRCxUP603nE-unsplash.webp?resize=350%2C200&ssl=1","width":350,"height":200,"srcset":"https:\/\/i0.wp.com\/kohenavocats.com\/wp-content\/uploads\/2024\/11\/getty-images-wRCxUP603nE-unsplash.webp?resize=350%2C200&ssl=1 1x, https:\/\/i0.wp.com\/kohenavocats.com\/wp-content\/uploads\/2024\/11\/getty-images-wRCxUP603nE-unsplash.webp?resize=525%2C300&ssl=1 1.5x, https:\/\/i0.wp.com\/kohenavocats.com\/wp-content\/uploads\/2024\/11\/getty-images-wRCxUP603nE-unsplash.webp?resize=700%2C400&ssl=1 2x, https:\/\/i0.wp.com\/kohenavocats.com\/wp-content\/uploads\/2024\/11\/getty-images-wRCxUP603nE-unsplash.webp?resize=1050%2C600&ssl=1 3x, https:\/\/i0.wp.com\/kohenavocats.com\/wp-content\/uploads\/2024\/11\/getty-images-wRCxUP603nE-unsplash.webp?resize=1400%2C800&ssl=1 4x"},"classes":[]},{"id":490338,"url":"https:\/\/kohenavocats.com\/ar\/tribunal-judiciaire-le-1-decembre-2025-n25-00112\/","url_meta":{"origin":634405,"position":5},"title":"Tribunal judiciaire, le 1 d\u00e9cembre 2025, n\u00b025\/00112","author":"Kohen","date":"8 \u0623\u0628\u0631\u064a\u0644\u060c 2026","format":false,"excerpt":"Le tribunal judiciaire, statuant en mati\u00e8re sociale, a rendu une d\u00e9cision le 1er d\u00e9cembre 2025. Il s\u2019agissait d\u2019une demande de carte mobilit\u00e9 inclusion pr\u00e9se...","rel":"","context":"\u0641\u064a &quot;Jurisprudence&quot;","block_context":{"text":"Jurisprudence","link":"https:\/\/kohenavocats.com\/category\/jurisprudence\/"},"img":{"alt_text":"","src":"https:\/\/i0.wp.com\/kohenavocats.com\/wp-content\/uploads\/2024\/11\/getty-images-2F-9_XQYhP8-unsplash.webp?resize=350%2C200&ssl=1","width":350,"height":200,"srcset":"https:\/\/i0.wp.com\/kohenavocats.com\/wp-content\/uploads\/2024\/11\/getty-images-2F-9_XQYhP8-unsplash.webp?resize=350%2C200&ssl=1 1x, https:\/\/i0.wp.com\/kohenavocats.com\/wp-content\/uploads\/2024\/11\/getty-images-2F-9_XQYhP8-unsplash.webp?resize=525%2C300&ssl=1 1.5x, https:\/\/i0.wp.com\/kohenavocats.com\/wp-content\/uploads\/2024\/11\/getty-images-2F-9_XQYhP8-unsplash.webp?resize=700%2C400&ssl=1 2x, https:\/\/i0.wp.com\/kohenavocats.com\/wp-content\/uploads\/2024\/11\/getty-images-2F-9_XQYhP8-unsplash.webp?resize=1050%2C600&ssl=1 3x, https:\/\/i0.wp.com\/kohenavocats.com\/wp-content\/uploads\/2024\/11\/getty-images-2F-9_XQYhP8-unsplash.webp?resize=1400%2C800&ssl=1 4x"},"classes":[]}],"jetpack_sharing_enabled":true,"_links":{"self":[{"href":"https:\/\/kohenavocats.com\/ar\/wp-json\/wp\/v2\/posts\/634405","targetHints":{"allow":["GET"]}}],"collection":[{"href":"https:\/\/kohenavocats.com\/ar\/wp-json\/wp\/v2\/posts"}],"about":[{"href":"https:\/\/kohenavocats.com\/ar\/wp-json\/wp\/v2\/types\/post"}],"author":[{"embeddable":true,"href":"https:\/\/kohenavocats.com\/ar\/wp-json\/wp\/v2\/users\/232070755"}],"replies":[{"embeddable":true,"href":"https:\/\/kohenavocats.com\/ar\/wp-json\/wp\/v2\/comments?post=634405"}],"version-history":[{"count":0,"href":"https:\/\/kohenavocats.com\/ar\/wp-json\/wp\/v2\/posts\/634405\/revisions"}],"wp:featuredmedia":[{"embeddable":true,"href":"https:\/\/kohenavocats.com\/ar\/wp-json\/wp\/v2\/media\/4703"}],"wp:attachment":[{"href":"https:\/\/kohenavocats.com\/ar\/wp-json\/wp\/v2\/media?parent=634405"}],"wp:term":[{"taxonomy":"category","embeddable":true,"href":"https:\/\/kohenavocats.com\/ar\/wp-json\/wp\/v2\/categories?post=634405"},{"taxonomy":"post_tag","embeddable":true,"href":"https:\/\/kohenavocats.com\/ar\/wp-json\/wp\/v2\/tags?post=634405"}],"curies":[{"name":"wp","href":"https:\/\/api.w.org\/{rel}","templated":true}]}}