{"id":634406,"date":"2026-04-21T10:33:37","date_gmt":"2026-04-21T08:33:37","guid":{"rendered":"https:\/\/kohenavocats.com\/tribunal-judiciaire-de-paris-le-13-octobre-2025-n25-06206\/"},"modified":"2026-04-21T10:33:37","modified_gmt":"2026-04-21T08:33:37","slug":"tribunal-judiciaire-de-paris-le-13-octobre-2025-n25-06206","status":"publish","type":"post","link":"https:\/\/kohenavocats.com\/ar\/tribunal-judiciaire-de-paris-le-13-octobre-2025-n25-06206\/","title":{"rendered":"Tribunal judiciaire de Paris, le 13 octobre 2025, n\u00b025\/06206"},"content":{"rendered":"<div class=\"article-content\">\n<p>Le tribunal judiciaire de Paris, statuant en la forme des r\u00e9f\u00e9r\u00e9s, a rendu une d\u00e9cision le 13 octobre 2025. Le juge de l&#8217;ex\u00e9cution \u00e9tait saisi d&#8217;une demande de d\u00e9lais avant expulsion formul\u00e9e par une occupante. L&#8217;occupante, m\u00e8re d&#8217;un enfant mineur et en situation de handicap, sollicitait un report. Le juge a accord\u00e9 un d\u00e9lai de douze mois, subordonn\u00e9 au paiement r\u00e9gulier de l&#8217;indemnit\u00e9 d&#8217;occupation.<\/p>\n<p>L&#8217;appr\u00e9ciation souveraine des crit\u00e8res l\u00e9gaux par le juge<\/p>\n<p>Le juge op\u00e8re une pes\u00e9e globale des circonstances de l&#8217;esp\u00e8ce. Il applique strictement la liste des \u00e9l\u00e9ments pr\u00e9vus par l&#8217;article L412-4 du code des proc\u00e9dures civiles d&#8217;ex\u00e9cution. Son raisonnement int\u00e8gre \u00e0 la fois la situation personnelle de l&#8217;occupante et son comportement financier.<\/p>\n<p>La prise en compte de la situation personnelle pr\u00e9caire. Le juge rel\u00e8ve la pr\u00e9sence d&#8217;un enfant mineur au domicile et la reconnaissance d&#8217;un handicap. &#8220;Il ressort des documents produits que la demanderesse a \u00e9t\u00e9 hospitalis\u00e9e \u00e0 plusieurs reprises en 2024 et qu\u2019elle b\u00e9n\u00e9ficie \u00e9galement d\u2019une reconnaissance de la qualit\u00e9 de travailleur handicap\u00e9 sans limitation de dur\u00e9e&#8221; (Motifs). Ces \u00e9l\u00e9ments objectifs justifient une protection accrue face \u00e0 l&#8217;expulsion.<\/p>\n<p>L&#8217;analyse du comportement financier et de la bonne volont\u00e9. La d\u00e9cision examine scrupuleusement les revenus et les paiements effectu\u00e9s. Elle constate une r\u00e9duction de la dette locative gr\u00e2ce \u00e0 des versements r\u00e9cents. Cette d\u00e9monstration de bonne foi financi\u00e8re est un facteur d\u00e9terminant dans l&#8217;octroi du d\u00e9lai maximal.<\/p>\n<p>La port\u00e9e d&#8217;une d\u00e9cision conditionnelle et \u00e9quilibr\u00e9e<\/p>\n<p>Le juge use de son pouvoir d&#8217;appr\u00e9ciation pour concilier des int\u00e9r\u00eats antagonistes. La solution retenue est un \u00e9quilibre entre la protection de l&#8217;occupant vuln\u00e9rable et les droits du propri\u00e9taire. Elle illustre la nature \u00e0 la fois protectrice et contraignante de la mesure de d\u00e9lais.<\/p>\n<p>La subordination du d\u00e9lai au paiement r\u00e9gulier. Le b\u00e9n\u00e9fice du report de douze mois n&#8217;est pas absolu. Il est suspendu \u00e0 la condition du &#8220;paiement r\u00e9gulier de l\u2019indemnit\u00e9 d\u2019occupation courante&#8221; (Motifs). Cette condition pr\u00e9serve les int\u00e9r\u00eats patrimoniaux du propri\u00e9taire et incite l&#8217;occupant \u00e0 remplir ses obligations.<\/p>\n<p>L&#8217;octroi du d\u00e9lai maximum dans un contexte de vuln\u00e9rabilit\u00e9. La dur\u00e9e d&#8217;un an constitue la limite sup\u00e9rieure pr\u00e9vue par la loi. Son attribution est rare et signale une situation sociale particuli\u00e8rement difficile. Elle permet \u00e0 l&#8217;occupante d&#8217;organiser son relogement dans des conditions sereines, compte tenu de son \u00e9tat de sant\u00e9.<\/p>\n<p>Cette d\u00e9cision rappelle que le juge de l&#8217;ex\u00e9cution dispose d&#8217;un large pouvoir d&#8217;appr\u00e9ciation. Il doit concilier le droit de propri\u00e9t\u00e9 et la protection des occupants vuln\u00e9rables. La jurisprudence rappelle que &#8220;pour la fixation de ces d\u00e9lais, il est tenu compte de la bonne ou mauvaise volont\u00e9 manifest\u00e9e par l&#8217;occupant&#8221; (Tribunal judiciaire de Lille, le 9 mai 2025, n\u00b025\/00058). L&#8217;\u00e9quilibre trouv\u00e9 ici, conditionnel et temporaire, sert finalement l&#8217;objectif d&#8217;une ex\u00e9cution civile humaine et efficace.<\/p>\n<\/div>\n","protected":false},"excerpt":{"rendered":"<p>Le tribunal judiciaire de Paris, statuant en la forme des r\u00e9f\u00e9r\u00e9s, a rendu une d\u00e9cision le 13 octobre 2025. Le juge de l&#8217;ex\u00e9cution \u00e9tait saisi d&#8217;une demande &#8230;<\/p>\n","protected":false},"author":232070755,"featured_media":9686,"comment_status":"open","ping_status":"open","sticky":false,"template":"","format":"standard","meta":{"_crdt_document":"","_jetpack_newsletter_access":"","_jetpack_dont_email_post_to_subs":false,"_jetpack_newsletter_tier_id":0,"_jetpack_memberships_contains_paywalled_content":false,"_jetpack_memberships_contains_paid_content":false,"footnotes":"","jetpack_post_was_ever_published":false},"categories":[7597],"tags":[],"class_list":["post-634406","post","type-post","status-publish","format-standard","has-post-thumbnail","hentry","category-jurisprudence"],"yoast_head":"<!-- This site is optimized with the Yoast SEO Premium plugin v27.4 (Yoast SEO v27.4) - https:\/\/yoast.com\/product\/yoast-seo-premium-wordpress\/ -->\n<title>Tribunal judiciaire de Paris, le 13 octobre 2025, n\u00b025\/06206 - Ma\u00eetre Hassan Kohen, avocat en droit p\u00e9nal \u00e0 Paris<\/title>\n<meta name=\"description\" content=\"Le tribunal judiciaire de Paris, statuant en la forme des r\u00e9f\u00e9r\u00e9s, a rendu une d\u00e9cision le 13 octobre 2025. Le juge de l&#039;ex\u00e9cution \u00e9tait saisi d&#039;une demande ...\" \/>\n<meta name=\"robots\" content=\"index, follow, max-snippet:-1, max-image-preview:large, max-video-preview:-1\" \/>\n<link rel=\"canonical\" href=\"https:\/\/kohenavocats.com\/ar\/tribunal-judiciaire-de-paris-le-13-octobre-2025-n25-06206\/\" \/>\n<meta property=\"og:locale\" content=\"ar_AR\" \/>\n<meta property=\"og:type\" content=\"article\" \/>\n<meta property=\"og:title\" content=\"Tribunal judiciaire de Paris, le 13 octobre 2025, n\u00b025\/06206\" \/>\n<meta property=\"og:description\" content=\"Le tribunal judiciaire de Paris, statuant en la forme des r\u00e9f\u00e9r\u00e9s, a rendu une d\u00e9cision le 13 octobre 2025. Le juge de l&#039;ex\u00e9cution \u00e9tait saisi d&#039;une demande ...\" \/>\n<meta property=\"og:url\" content=\"https:\/\/kohenavocats.com\/ar\/tribunal-judiciaire-de-paris-le-13-octobre-2025-n25-06206\/\" \/>\n<meta property=\"og:site_name\" content=\"Ma\u00eetre Hassan Kohen, avocat en droit p\u00e9nal \u00e0 Paris\" \/>\n<meta property=\"article:published_time\" content=\"2026-04-21T08:33:37+00:00\" \/>\n<meta property=\"og:image\" content=\"https:\/\/kohenavocats.com\/wp-content\/uploads\/2024\/11\/lala-azizli-IdY1J7h1vwQ-unsplash-1.webp\" \/>\n\t<meta property=\"og:image:width\" content=\"6000\" \/>\n\t<meta property=\"og:image:height\" content=\"4000\" \/>\n\t<meta property=\"og:image:type\" content=\"image\/webp\" \/>\n<meta name=\"author\" content=\"Kohen\" \/>\n<meta name=\"twitter:card\" content=\"summary_large_image\" \/>\n<meta name=\"twitter:label1\" content=\"\u0643\u064f\u062a\u0628 \u0628\u0648\u0627\u0633\u0637\u0629\" \/>\n\t<meta name=\"twitter:data1\" content=\"Kohen\" \/>\n\t<meta name=\"twitter:label2\" content=\"\u0648\u0642\u062a \u0627\u0644\u0642\u0631\u0627\u0621\u0629 \u0627\u0644\u0645\u064f\u0642\u062f\u0651\u0631\" \/>\n\t<meta name=\"twitter:data2\" content=\"3 \u062f\u0642\u0627\u0626\u0642\" \/>\n<script type=\"application\/ld+json\" class=\"yoast-schema-graph\">{\"@context\":\"https:\\\/\\\/schema.org\",\"@graph\":[{\"@type\":\"Article\",\"@id\":\"https:\\\/\\\/kohenavocats.com\\\/ar\\\/tribunal-judiciaire-de-paris-le-13-octobre-2025-n25-06206\\\/#article\",\"isPartOf\":{\"@id\":\"https:\\\/\\\/kohenavocats.com\\\/ar\\\/tribunal-judiciaire-de-paris-le-13-octobre-2025-n25-06206\\\/\"},\"author\":{\"name\":\"Kohen\",\"@id\":\"https:\\\/\\\/kohenavocats.com\\\/ar\\\/#\\\/schema\\\/person\\\/761c9ba54fa1ca84d405cef0831ff751\"},\"headline\":\"Tribunal judiciaire de Paris, le 13 octobre 2025, n\u00b025\\\/06206\",\"datePublished\":\"2026-04-21T08:33:37+00:00\",\"mainEntityOfPage\":{\"@id\":\"https:\\\/\\\/kohenavocats.com\\\/ar\\\/tribunal-judiciaire-de-paris-le-13-octobre-2025-n25-06206\\\/\"},\"wordCount\":549,\"commentCount\":0,\"publisher\":{\"@id\":\"https:\\\/\\\/kohenavocats.com\\\/ar\\\/#organization\"},\"image\":{\"@id\":\"https:\\\/\\\/kohenavocats.com\\\/ar\\\/tribunal-judiciaire-de-paris-le-13-octobre-2025-n25-06206\\\/#primaryimage\"},\"thumbnailUrl\":\"https:\\\/\\\/kohenavocats.com\\\/wp-content\\\/uploads\\\/2024\\\/11\\\/lala-azizli-IdY1J7h1vwQ-unsplash-1.webp\",\"articleSection\":[\"Jurisprudence\"],\"inLanguage\":\"ar\",\"potentialAction\":[{\"@type\":\"CommentAction\",\"name\":\"Comment\",\"target\":[\"https:\\\/\\\/kohenavocats.com\\\/ar\\\/tribunal-judiciaire-de-paris-le-13-octobre-2025-n25-06206\\\/#respond\"]}],\"citation\":\"Tribunal judiciaire de Paris, le 13 octobre 2025, n\u00b025\\\/06206\",\"about\":[{\"@type\":\"Thing\",\"name\":\"Jurisprudence\"}],\"dateModified\":\"2026-04-21T08:33:37+00:00\",\"speakable\":{\"@type\":\"SpeakableSpecification\",\"cssSelector\":[\".article-content > p:first-of-type\"]}},{\"@type\":\"WebPage\",\"@id\":\"https:\\\/\\\/kohenavocats.com\\\/ar\\\/tribunal-judiciaire-de-paris-le-13-octobre-2025-n25-06206\\\/\",\"url\":\"https:\\\/\\\/kohenavocats.com\\\/ar\\\/tribunal-judiciaire-de-paris-le-13-octobre-2025-n25-06206\\\/\",\"name\":\"Tribunal judiciaire de Paris, le 13 octobre 2025, n\u00b025\\\/06206 - Ma\u00eetre Hassan Kohen, avocat en droit p\u00e9nal \u00e0 Paris\",\"isPartOf\":{\"@id\":\"https:\\\/\\\/kohenavocats.com\\\/ar\\\/#website\"},\"primaryImageOfPage\":{\"@id\":\"https:\\\/\\\/kohenavocats.com\\\/ar\\\/tribunal-judiciaire-de-paris-le-13-octobre-2025-n25-06206\\\/#primaryimage\"},\"image\":{\"@id\":\"https:\\\/\\\/kohenavocats.com\\\/ar\\\/tribunal-judiciaire-de-paris-le-13-octobre-2025-n25-06206\\\/#primaryimage\"},\"thumbnailUrl\":\"https:\\\/\\\/kohenavocats.com\\\/wp-content\\\/uploads\\\/2024\\\/11\\\/lala-azizli-IdY1J7h1vwQ-unsplash-1.webp\",\"datePublished\":\"2026-04-21T08:33:37+00:00\",\"description\":\"Le tribunal judiciaire de Paris, statuant en la forme des r\u00e9f\u00e9r\u00e9s, a rendu une d\u00e9cision le 13 octobre 2025. Le juge de l'ex\u00e9cution \u00e9tait saisi d'une demande ...\",\"breadcrumb\":{\"@id\":\"https:\\\/\\\/kohenavocats.com\\\/ar\\\/tribunal-judiciaire-de-paris-le-13-octobre-2025-n25-06206\\\/#breadcrumb\"},\"inLanguage\":\"ar\",\"potentialAction\":[{\"@type\":\"ReadAction\",\"target\":[\"https:\\\/\\\/kohenavocats.com\\\/ar\\\/tribunal-judiciaire-de-paris-le-13-octobre-2025-n25-06206\\\/\"]}]},{\"@type\":\"ImageObject\",\"inLanguage\":\"ar\",\"@id\":\"https:\\\/\\\/kohenavocats.com\\\/ar\\\/tribunal-judiciaire-de-paris-le-13-octobre-2025-n25-06206\\\/#primaryimage\",\"url\":\"https:\\\/\\\/kohenavocats.com\\\/wp-content\\\/uploads\\\/2024\\\/11\\\/lala-azizli-IdY1J7h1vwQ-unsplash-1.webp\",\"contentUrl\":\"https:\\\/\\\/kohenavocats.com\\\/wp-content\\\/uploads\\\/2024\\\/11\\\/lala-azizli-IdY1J7h1vwQ-unsplash-1.webp\",\"width\":6000,\"height\":4000},{\"@type\":\"BreadcrumbList\",\"@id\":\"https:\\\/\\\/kohenavocats.com\\\/ar\\\/tribunal-judiciaire-de-paris-le-13-octobre-2025-n25-06206\\\/#breadcrumb\",\"itemListElement\":[{\"@type\":\"ListItem\",\"position\":1,\"name\":\"Home\",\"item\":\"https:\\\/\\\/kohenavocats.com\\\/ar\\\/%d9%85%d8%ad%d8%a7%d9%85%d9%88%d9%86-%d9%85%d8%aa%d8%ae%d8%b5%d8%b5%d9%88%d9%86-%d9%81%d9%8a-%d8%a7%d9%84%d9%82%d8%a7%d9%86%d9%88%d9%86-%d8%a7%d9%84%d8%ac%d9%86%d8%a7%d8%a6%d9%8a-%d8%a8%d8%a8%d8%a7\\\/\"},{\"@type\":\"ListItem\",\"position\":2,\"name\":\"Tribunal judiciaire de Paris, le 13 octobre 2025, n\u00b025\\\/06206\"}]},{\"@type\":\"WebSite\",\"@id\":\"https:\\\/\\\/kohenavocats.com\\\/ar\\\/#website\",\"url\":\"https:\\\/\\\/kohenavocats.com\\\/ar\\\/\",\"name\":\"Kohen Avocats\",\"description\":\"Ma\u00eetre Hassan Kohen, avocat p\u00e9naliste \u00e0 Paris, intervient exclusivement en droit p\u00e9nal pour la d\u00e9fense des particuliers, notamment en mati\u00e8re d\u2019accusations de viol. Il assure un accompagnement rigoureux d\u00e8s la garde \u00e0 vue jusqu\u2019\u00e0 la Cour d\u2019assises, veillant au strict respect des garanties proc\u00e9durales.\",\"publisher\":{\"@id\":\"https:\\\/\\\/kohenavocats.com\\\/ar\\\/#organization\"},\"potentialAction\":[{\"@type\":\"SearchAction\",\"target\":{\"@type\":\"EntryPoint\",\"urlTemplate\":\"https:\\\/\\\/kohenavocats.com\\\/ar\\\/?s={search_term_string}\"},\"query-input\":{\"@type\":\"PropertyValueSpecification\",\"valueRequired\":true,\"valueName\":\"search_term_string\"}}],\"inLanguage\":\"ar\"},{\"@type\":\"Organization\",\"@id\":\"https:\\\/\\\/kohenavocats.com\\\/ar\\\/#organization\",\"name\":\"Kohen Avocats\",\"url\":\"https:\\\/\\\/kohenavocats.com\\\/ar\\\/\",\"logo\":{\"@type\":\"ImageObject\",\"inLanguage\":\"ar\",\"@id\":\"https:\\\/\\\/kohenavocats.com\\\/ar\\\/#\\\/schema\\\/logo\\\/image\\\/\",\"url\":\"https:\\\/\\\/kohenavocats.com\\\/wp-content\\\/uploads\\\/2026\\\/01\\\/Logo-2-1.webp\",\"contentUrl\":\"https:\\\/\\\/kohenavocats.com\\\/wp-content\\\/uploads\\\/2026\\\/01\\\/Logo-2-1.webp\",\"width\":2114,\"height\":1253,\"caption\":\"Kohen Avocats\"},\"image\":{\"@id\":\"https:\\\/\\\/kohenavocats.com\\\/ar\\\/#\\\/schema\\\/logo\\\/image\\\/\"}},{\"@type\":\"Person\",\"@id\":\"https:\\\/\\\/kohenavocats.com\\\/ar\\\/#\\\/schema\\\/person\\\/761c9ba54fa1ca84d405cef0831ff751\",\"name\":\"Kohen\",\"image\":{\"@type\":\"ImageObject\",\"inLanguage\":\"ar\",\"@id\":\"https:\\\/\\\/secure.gravatar.com\\\/avatar\\\/1c5e76ef76bbbfdd2b4da984e2bf2fa4056fd51a27d25ce2c332047f1dfd6e00?s=96&d=identicon&r=g\",\"url\":\"https:\\\/\\\/secure.gravatar.com\\\/avatar\\\/1c5e76ef76bbbfdd2b4da984e2bf2fa4056fd51a27d25ce2c332047f1dfd6e00?s=96&d=identicon&r=g\",\"contentUrl\":\"https:\\\/\\\/secure.gravatar.com\\\/avatar\\\/1c5e76ef76bbbfdd2b4da984e2bf2fa4056fd51a27d25ce2c332047f1dfd6e00?s=96&d=identicon&r=g\",\"caption\":\"Kohen\"},\"sameAs\":[\"https:\\\/\\\/www.linkedin.com\\\/in\\\/hassan-kohen-448548192\\\/\",\"https:\\\/\\\/www.youtube.com\\\/@Kohen-Avocats\"],\"url\":\"https:\\\/\\\/kohenavocats.com\\\/ar\\\/author\\\/kohenmlk\\\/\"}]}<\/script>\n<!-- \/ Yoast SEO Premium plugin. -->","yoast_head_json":{"title":"Tribunal judiciaire de Paris, le 13 octobre 2025, n\u00b025\/06206 - Ma\u00eetre Hassan Kohen, avocat en droit p\u00e9nal \u00e0 Paris","description":"Le tribunal judiciaire de Paris, statuant en la forme des r\u00e9f\u00e9r\u00e9s, a rendu une d\u00e9cision le 13 octobre 2025. Le juge de l'ex\u00e9cution \u00e9tait saisi d'une demande ...","robots":{"index":"index","follow":"follow","max-snippet":"max-snippet:-1","max-image-preview":"max-image-preview:large","max-video-preview":"max-video-preview:-1"},"canonical":"https:\/\/kohenavocats.com\/ar\/tribunal-judiciaire-de-paris-le-13-octobre-2025-n25-06206\/","og_locale":"ar_AR","og_type":"article","og_title":"Tribunal judiciaire de Paris, le 13 octobre 2025, n\u00b025\/06206","og_description":"Le tribunal judiciaire de Paris, statuant en la forme des r\u00e9f\u00e9r\u00e9s, a rendu une d\u00e9cision le 13 octobre 2025. Le juge de l'ex\u00e9cution \u00e9tait saisi d'une demande ...","og_url":"https:\/\/kohenavocats.com\/ar\/tribunal-judiciaire-de-paris-le-13-octobre-2025-n25-06206\/","og_site_name":"Ma\u00eetre Hassan Kohen, avocat en droit p\u00e9nal \u00e0 Paris","article_published_time":"2026-04-21T08:33:37+00:00","og_image":[{"width":6000,"height":4000,"url":"https:\/\/kohenavocats.com\/wp-content\/uploads\/2024\/11\/lala-azizli-IdY1J7h1vwQ-unsplash-1.webp","type":"image\/webp"}],"author":"Kohen","twitter_card":"summary_large_image","twitter_misc":{"\u0643\u064f\u062a\u0628 \u0628\u0648\u0627\u0633\u0637\u0629":"Kohen","\u0648\u0642\u062a \u0627\u0644\u0642\u0631\u0627\u0621\u0629 \u0627\u0644\u0645\u064f\u0642\u062f\u0651\u0631":"3 \u062f\u0642\u0627\u0626\u0642"},"schema":{"@context":"https:\/\/schema.org","@graph":[{"@type":"Article","@id":"https:\/\/kohenavocats.com\/ar\/tribunal-judiciaire-de-paris-le-13-octobre-2025-n25-06206\/#article","isPartOf":{"@id":"https:\/\/kohenavocats.com\/ar\/tribunal-judiciaire-de-paris-le-13-octobre-2025-n25-06206\/"},"author":{"name":"Kohen","@id":"https:\/\/kohenavocats.com\/ar\/#\/schema\/person\/761c9ba54fa1ca84d405cef0831ff751"},"headline":"Tribunal judiciaire de Paris, le 13 octobre 2025, n\u00b025\/06206","datePublished":"2026-04-21T08:33:37+00:00","mainEntityOfPage":{"@id":"https:\/\/kohenavocats.com\/ar\/tribunal-judiciaire-de-paris-le-13-octobre-2025-n25-06206\/"},"wordCount":549,"commentCount":0,"publisher":{"@id":"https:\/\/kohenavocats.com\/ar\/#organization"},"image":{"@id":"https:\/\/kohenavocats.com\/ar\/tribunal-judiciaire-de-paris-le-13-octobre-2025-n25-06206\/#primaryimage"},"thumbnailUrl":"https:\/\/kohenavocats.com\/wp-content\/uploads\/2024\/11\/lala-azizli-IdY1J7h1vwQ-unsplash-1.webp","articleSection":["Jurisprudence"],"inLanguage":"ar","potentialAction":[{"@type":"CommentAction","name":"Comment","target":["https:\/\/kohenavocats.com\/ar\/tribunal-judiciaire-de-paris-le-13-octobre-2025-n25-06206\/#respond"]}],"citation":"Tribunal judiciaire de Paris, le 13 octobre 2025, n\u00b025\/06206","about":[{"@type":"Thing","name":"Jurisprudence"}],"dateModified":"2026-04-21T08:33:37+00:00","speakable":{"@type":"SpeakableSpecification","cssSelector":[".article-content > p:first-of-type"]}},{"@type":"WebPage","@id":"https:\/\/kohenavocats.com\/ar\/tribunal-judiciaire-de-paris-le-13-octobre-2025-n25-06206\/","url":"https:\/\/kohenavocats.com\/ar\/tribunal-judiciaire-de-paris-le-13-octobre-2025-n25-06206\/","name":"Tribunal judiciaire de Paris, le 13 octobre 2025, n\u00b025\/06206 - Ma\u00eetre Hassan Kohen, avocat en droit p\u00e9nal \u00e0 Paris","isPartOf":{"@id":"https:\/\/kohenavocats.com\/ar\/#website"},"primaryImageOfPage":{"@id":"https:\/\/kohenavocats.com\/ar\/tribunal-judiciaire-de-paris-le-13-octobre-2025-n25-06206\/#primaryimage"},"image":{"@id":"https:\/\/kohenavocats.com\/ar\/tribunal-judiciaire-de-paris-le-13-octobre-2025-n25-06206\/#primaryimage"},"thumbnailUrl":"https:\/\/kohenavocats.com\/wp-content\/uploads\/2024\/11\/lala-azizli-IdY1J7h1vwQ-unsplash-1.webp","datePublished":"2026-04-21T08:33:37+00:00","description":"Le tribunal judiciaire de Paris, statuant en la forme des r\u00e9f\u00e9r\u00e9s, a rendu une d\u00e9cision le 13 octobre 2025. Le juge de l'ex\u00e9cution \u00e9tait saisi d'une demande ...","breadcrumb":{"@id":"https:\/\/kohenavocats.com\/ar\/tribunal-judiciaire-de-paris-le-13-octobre-2025-n25-06206\/#breadcrumb"},"inLanguage":"ar","potentialAction":[{"@type":"ReadAction","target":["https:\/\/kohenavocats.com\/ar\/tribunal-judiciaire-de-paris-le-13-octobre-2025-n25-06206\/"]}]},{"@type":"ImageObject","inLanguage":"ar","@id":"https:\/\/kohenavocats.com\/ar\/tribunal-judiciaire-de-paris-le-13-octobre-2025-n25-06206\/#primaryimage","url":"https:\/\/kohenavocats.com\/wp-content\/uploads\/2024\/11\/lala-azizli-IdY1J7h1vwQ-unsplash-1.webp","contentUrl":"https:\/\/kohenavocats.com\/wp-content\/uploads\/2024\/11\/lala-azizli-IdY1J7h1vwQ-unsplash-1.webp","width":6000,"height":4000},{"@type":"BreadcrumbList","@id":"https:\/\/kohenavocats.com\/ar\/tribunal-judiciaire-de-paris-le-13-octobre-2025-n25-06206\/#breadcrumb","itemListElement":[{"@type":"ListItem","position":1,"name":"Home","item":"https:\/\/kohenavocats.com\/ar\/%d9%85%d8%ad%d8%a7%d9%85%d9%88%d9%86-%d9%85%d8%aa%d8%ae%d8%b5%d8%b5%d9%88%d9%86-%d9%81%d9%8a-%d8%a7%d9%84%d9%82%d8%a7%d9%86%d9%88%d9%86-%d8%a7%d9%84%d8%ac%d9%86%d8%a7%d8%a6%d9%8a-%d8%a8%d8%a8%d8%a7\/"},{"@type":"ListItem","position":2,"name":"Tribunal judiciaire de Paris, le 13 octobre 2025, n\u00b025\/06206"}]},{"@type":"WebSite","@id":"https:\/\/kohenavocats.com\/ar\/#website","url":"https:\/\/kohenavocats.com\/ar\/","name":"Kohen Avocats","description":"Ma\u00eetre Hassan Kohen, avocat p\u00e9naliste \u00e0 Paris, intervient exclusivement en droit p\u00e9nal pour la d\u00e9fense des particuliers, notamment en mati\u00e8re d\u2019accusations de viol. Il assure un accompagnement rigoureux d\u00e8s la garde \u00e0 vue jusqu\u2019\u00e0 la Cour d\u2019assises, veillant au strict respect des garanties proc\u00e9durales.","publisher":{"@id":"https:\/\/kohenavocats.com\/ar\/#organization"},"potentialAction":[{"@type":"SearchAction","target":{"@type":"EntryPoint","urlTemplate":"https:\/\/kohenavocats.com\/ar\/?s={search_term_string}"},"query-input":{"@type":"PropertyValueSpecification","valueRequired":true,"valueName":"search_term_string"}}],"inLanguage":"ar"},{"@type":"Organization","@id":"https:\/\/kohenavocats.com\/ar\/#organization","name":"Kohen Avocats","url":"https:\/\/kohenavocats.com\/ar\/","logo":{"@type":"ImageObject","inLanguage":"ar","@id":"https:\/\/kohenavocats.com\/ar\/#\/schema\/logo\/image\/","url":"https:\/\/kohenavocats.com\/wp-content\/uploads\/2026\/01\/Logo-2-1.webp","contentUrl":"https:\/\/kohenavocats.com\/wp-content\/uploads\/2026\/01\/Logo-2-1.webp","width":2114,"height":1253,"caption":"Kohen Avocats"},"image":{"@id":"https:\/\/kohenavocats.com\/ar\/#\/schema\/logo\/image\/"}},{"@type":"Person","@id":"https:\/\/kohenavocats.com\/ar\/#\/schema\/person\/761c9ba54fa1ca84d405cef0831ff751","name":"Kohen","image":{"@type":"ImageObject","inLanguage":"ar","@id":"https:\/\/secure.gravatar.com\/avatar\/1c5e76ef76bbbfdd2b4da984e2bf2fa4056fd51a27d25ce2c332047f1dfd6e00?s=96&d=identicon&r=g","url":"https:\/\/secure.gravatar.com\/avatar\/1c5e76ef76bbbfdd2b4da984e2bf2fa4056fd51a27d25ce2c332047f1dfd6e00?s=96&d=identicon&r=g","contentUrl":"https:\/\/secure.gravatar.com\/avatar\/1c5e76ef76bbbfdd2b4da984e2bf2fa4056fd51a27d25ce2c332047f1dfd6e00?s=96&d=identicon&r=g","caption":"Kohen"},"sameAs":["https:\/\/www.linkedin.com\/in\/hassan-kohen-448548192\/","https:\/\/www.youtube.com\/@Kohen-Avocats"],"url":"https:\/\/kohenavocats.com\/ar\/author\/kohenmlk\/"}]}},"jetpack_featured_media_url":"https:\/\/kohenavocats.com\/wp-content\/uploads\/2024\/11\/lala-azizli-IdY1J7h1vwQ-unsplash-1.webp","jetpack_likes_enabled":false,"jetpack_shortlink":"https:\/\/wp.me\/peCrII-2F2m","jetpack-related-posts":[{"id":643420,"url":"https:\/\/kohenavocats.com\/ar\/cour-dappel-de-paris-le-13-fevrier-2025-n25-00152\/","url_meta":{"origin":634406,"position":0},"title":"Cour d&#8217;appel de Paris, le 13 f\u00e9vrier 2025, n\u00b025\/00152","author":"Kohen","date":"22 \u0623\u0628\u0631\u064a\u0644\u060c 2026","format":false,"excerpt":"La cour d'appel de Paris, dans un arr\u00eat du 13 f\u00e9vrier 2025, statue sur une demande de d\u00e9lais d'expulsion. Un occupant, dont le bail a \u00e9t\u00e9 r\u00e9solu en f\u00e9vrier 2...","rel":"","context":"\u0641\u064a &quot;Jurisprudence&quot;","block_context":{"text":"Jurisprudence","link":"https:\/\/kohenavocats.com\/category\/jurisprudence\/"},"img":{"alt_text":"","src":"https:\/\/i0.wp.com\/kohenavocats.com\/wp-content\/uploads\/2024\/11\/pawel-czerwinski-lH8vmlCC1JU-unsplash.webp?resize=350%2C200&ssl=1","width":350,"height":200,"srcset":"https:\/\/i0.wp.com\/kohenavocats.com\/wp-content\/uploads\/2024\/11\/pawel-czerwinski-lH8vmlCC1JU-unsplash.webp?resize=350%2C200&ssl=1 1x, https:\/\/i0.wp.com\/kohenavocats.com\/wp-content\/uploads\/2024\/11\/pawel-czerwinski-lH8vmlCC1JU-unsplash.webp?resize=525%2C300&ssl=1 1.5x, https:\/\/i0.wp.com\/kohenavocats.com\/wp-content\/uploads\/2024\/11\/pawel-czerwinski-lH8vmlCC1JU-unsplash.webp?resize=700%2C400&ssl=1 2x, https:\/\/i0.wp.com\/kohenavocats.com\/wp-content\/uploads\/2024\/11\/pawel-czerwinski-lH8vmlCC1JU-unsplash.webp?resize=1050%2C600&ssl=1 3x, https:\/\/i0.wp.com\/kohenavocats.com\/wp-content\/uploads\/2024\/11\/pawel-czerwinski-lH8vmlCC1JU-unsplash.webp?resize=1400%2C800&ssl=1 4x"},"classes":[]},{"id":610550,"url":"https:\/\/kohenavocats.com\/ar\/tribunal-judiciaire-de-compiegne-le-13-fevrier-2026-n25-00050\/","url_meta":{"origin":634406,"position":1},"title":"Tribunal judiciaire de Compi\u00e8gne, le 13 f\u00e9vrier 2026, n\u00b025\/00050","author":"Kohen","date":"19 \u0623\u0628\u0631\u064a\u0644\u060c 2026","format":false,"excerpt":"Le juge de l\u2019ex\u00e9cution du tribunal judiciaire de Compi\u00e8gne, statuant le 13 f\u00e9vrier 2026, rejette une demande de d\u00e9lais avant expulsion. L\u2019occupante, dont le ...","rel":"","context":"\u0641\u064a &quot;Jurisprudence&quot;","block_context":{"text":"Jurisprudence","link":"https:\/\/kohenavocats.com\/category\/jurisprudence\/"},"img":{"alt_text":"","src":"https:\/\/i0.wp.com\/kohenavocats.com\/wp-content\/uploads\/2024\/07\/jez-timms-vTKLujPJecw-unsplash.webp?resize=350%2C200&ssl=1","width":350,"height":200,"srcset":"https:\/\/i0.wp.com\/kohenavocats.com\/wp-content\/uploads\/2024\/07\/jez-timms-vTKLujPJecw-unsplash.webp?resize=350%2C200&ssl=1 1x, https:\/\/i0.wp.com\/kohenavocats.com\/wp-content\/uploads\/2024\/07\/jez-timms-vTKLujPJecw-unsplash.webp?resize=525%2C300&ssl=1 1.5x, https:\/\/i0.wp.com\/kohenavocats.com\/wp-content\/uploads\/2024\/07\/jez-timms-vTKLujPJecw-unsplash.webp?resize=700%2C400&ssl=1 2x, https:\/\/i0.wp.com\/kohenavocats.com\/wp-content\/uploads\/2024\/07\/jez-timms-vTKLujPJecw-unsplash.webp?resize=1050%2C600&ssl=1 3x, https:\/\/i0.wp.com\/kohenavocats.com\/wp-content\/uploads\/2024\/07\/jez-timms-vTKLujPJecw-unsplash.webp?resize=1400%2C800&ssl=1 4x"},"classes":[]},{"id":636074,"url":"https:\/\/kohenavocats.com\/ar\/tribunal-judiciaire-de-paris-le-10-octobre-2025-n25-02244\/","url_meta":{"origin":634406,"position":2},"title":"Tribunal judiciaire de Paris, le 10 octobre 2025, n\u00b025\/02244","author":"Kohen","date":"21 \u0623\u0628\u0631\u064a\u0644\u060c 2026","format":false,"excerpt":"Le tribunal judiciaire de Paris, le 10 octobre 2025, statue sur une demande de d\u00e9lais d\u2019expulsion. Le juge de l\u2019ex\u00e9cution, saisi par une locataire, accorde u...","rel":"","context":"\u0641\u064a &quot;Jurisprudence&quot;","block_context":{"text":"Jurisprudence","link":"https:\/\/kohenavocats.com\/category\/jurisprudence\/"},"img":{"alt_text":"","src":"https:\/\/i0.wp.com\/kohenavocats.com\/wp-content\/uploads\/2024\/08\/vinh-PzXQ-ycHboI-unsplash.webp?resize=350%2C200&ssl=1","width":350,"height":200,"srcset":"https:\/\/i0.wp.com\/kohenavocats.com\/wp-content\/uploads\/2024\/08\/vinh-PzXQ-ycHboI-unsplash.webp?resize=350%2C200&ssl=1 1x, https:\/\/i0.wp.com\/kohenavocats.com\/wp-content\/uploads\/2024\/08\/vinh-PzXQ-ycHboI-unsplash.webp?resize=525%2C300&ssl=1 1.5x, https:\/\/i0.wp.com\/kohenavocats.com\/wp-content\/uploads\/2024\/08\/vinh-PzXQ-ycHboI-unsplash.webp?resize=700%2C400&ssl=1 2x, https:\/\/i0.wp.com\/kohenavocats.com\/wp-content\/uploads\/2024\/08\/vinh-PzXQ-ycHboI-unsplash.webp?resize=1050%2C600&ssl=1 3x, https:\/\/i0.wp.com\/kohenavocats.com\/wp-content\/uploads\/2024\/08\/vinh-PzXQ-ycHboI-unsplash.webp?resize=1400%2C800&ssl=1 4x"},"classes":[]},{"id":494699,"url":"https:\/\/kohenavocats.com\/ar\/tribunal-judiciaire-de-metz-le-28-octobre-2025-n25-00186\/","url_meta":{"origin":634406,"position":3},"title":"Tribunal judiciaire de Metz, le 28 octobre 2025, n\u00b025\/00186","author":"Kohen","date":"8 \u0623\u0628\u0631\u064a\u0644\u060c 2026","format":false,"excerpt":"Le tribunal judiciaire de Paris, juge de l'ex\u00e9cution, statue le 28 octobre 2025 sur une demande de d\u00e9lais d'expulsion. L'occupante, divorc\u00e9e avec trois...","rel":"","context":"\u0641\u064a &quot;D\u00e9cisions juridiques&quot;","block_context":{"text":"D\u00e9cisions juridiques","link":"https:\/\/kohenavocats.com\/category\/decisions-juridiques\/"},"img":{"alt_text":"","src":"https:\/\/i0.wp.com\/kohenavocats.com\/wp-content\/uploads\/2024\/08\/diane-picchiottino-PeF-Q-zRVSA-unsplash.webp?resize=350%2C200&ssl=1","width":350,"height":200,"srcset":"https:\/\/i0.wp.com\/kohenavocats.com\/wp-content\/uploads\/2024\/08\/diane-picchiottino-PeF-Q-zRVSA-unsplash.webp?resize=350%2C200&ssl=1 1x, https:\/\/i0.wp.com\/kohenavocats.com\/wp-content\/uploads\/2024\/08\/diane-picchiottino-PeF-Q-zRVSA-unsplash.webp?resize=525%2C300&ssl=1 1.5x, https:\/\/i0.wp.com\/kohenavocats.com\/wp-content\/uploads\/2024\/08\/diane-picchiottino-PeF-Q-zRVSA-unsplash.webp?resize=700%2C400&ssl=1 2x, https:\/\/i0.wp.com\/kohenavocats.com\/wp-content\/uploads\/2024\/08\/diane-picchiottino-PeF-Q-zRVSA-unsplash.webp?resize=1050%2C600&ssl=1 3x, https:\/\/i0.wp.com\/kohenavocats.com\/wp-content\/uploads\/2024\/08\/diane-picchiottino-PeF-Q-zRVSA-unsplash.webp?resize=1400%2C800&ssl=1 4x"},"classes":[]},{"id":620381,"url":"https:\/\/kohenavocats.com\/ar\/tribunal-judiciaire-de-paris-le-20-octobre-2025-n25-07199\/","url_meta":{"origin":634406,"position":4},"title":"Tribunal judiciaire de Paris, le 20 octobre 2025, n\u00b025\/07199","author":"Kohen","date":"20 \u0623\u0628\u0631\u064a\u0644\u060c 2026","format":false,"excerpt":"Le tribunal judiciaire de Paris, juge de l\u2019ex\u00e9cution, statuant le 20 octobre 2025, se prononce sur une demande de d\u00e9lais pour quitter les lieux formul\u00e9e par ...","rel":"","context":"\u0641\u064a &quot;Jurisprudence&quot;","block_context":{"text":"Jurisprudence","link":"https:\/\/kohenavocats.com\/category\/jurisprudence\/"},"img":{"alt_text":"","src":"https:\/\/i0.wp.com\/kohenavocats.com\/wp-content\/uploads\/2024\/08\/eddie-junior-foXddRnxfc-unsplash-1.webp?resize=350%2C200&ssl=1","width":350,"height":200,"srcset":"https:\/\/i0.wp.com\/kohenavocats.com\/wp-content\/uploads\/2024\/08\/eddie-junior-foXddRnxfc-unsplash-1.webp?resize=350%2C200&ssl=1 1x, https:\/\/i0.wp.com\/kohenavocats.com\/wp-content\/uploads\/2024\/08\/eddie-junior-foXddRnxfc-unsplash-1.webp?resize=525%2C300&ssl=1 1.5x, https:\/\/i0.wp.com\/kohenavocats.com\/wp-content\/uploads\/2024\/08\/eddie-junior-foXddRnxfc-unsplash-1.webp?resize=700%2C400&ssl=1 2x, https:\/\/i0.wp.com\/kohenavocats.com\/wp-content\/uploads\/2024\/08\/eddie-junior-foXddRnxfc-unsplash-1.webp?resize=1050%2C600&ssl=1 3x, https:\/\/i0.wp.com\/kohenavocats.com\/wp-content\/uploads\/2024\/08\/eddie-junior-foXddRnxfc-unsplash-1.webp?resize=1400%2C800&ssl=1 4x"},"classes":[]},{"id":231663,"url":"https:\/\/kohenavocats.com\/ar\/tribunal-judiciaire-de-bobigny-le-19-juin-2025-n25-02773\/","url_meta":{"origin":634406,"position":5},"title":"Tribunal judiciaire de Bobigny, le 19 juin 2025, n\u00b025\/02773","author":"Kohen","date":"28 \u062f\u064a\u0633\u0645\u0628\u0631\u060c 2025","format":false,"excerpt":"Le droit au logement, consacr\u00e9 comme objectif \u00e0 valeur constitutionnelle, trouve dans les d\u00e9lais accord\u00e9s avant expulsion une traduction proc\u00e9durale d\u00e9licate. Le juge de l'ex\u00e9cution doit en effet concilier les droits du propri\u00e9taire avec la protection des personnes vuln\u00e9rables.Le tribunal judiciaire de Bobigny, par jugement du 19 juin 2025, offre\u2026","rel":"","context":"\u0641\u064a &quot;D\u00e9cisions juridiques&quot;","block_context":{"text":"D\u00e9cisions juridiques","link":"https:\/\/kohenavocats.com\/category\/decisions-juridiques\/"},"img":{"alt_text":"","src":"https:\/\/i0.wp.com\/kohenavocats.com\/wp-content\/uploads\/2024\/11\/getty-images-v_YYHSi9aoU-unsplash.webp?resize=350%2C200&ssl=1","width":350,"height":200,"srcset":"https:\/\/i0.wp.com\/kohenavocats.com\/wp-content\/uploads\/2024\/11\/getty-images-v_YYHSi9aoU-unsplash.webp?resize=350%2C200&ssl=1 1x, https:\/\/i0.wp.com\/kohenavocats.com\/wp-content\/uploads\/2024\/11\/getty-images-v_YYHSi9aoU-unsplash.webp?resize=525%2C300&ssl=1 1.5x, https:\/\/i0.wp.com\/kohenavocats.com\/wp-content\/uploads\/2024\/11\/getty-images-v_YYHSi9aoU-unsplash.webp?resize=700%2C400&ssl=1 2x, https:\/\/i0.wp.com\/kohenavocats.com\/wp-content\/uploads\/2024\/11\/getty-images-v_YYHSi9aoU-unsplash.webp?resize=1050%2C600&ssl=1 3x, https:\/\/i0.wp.com\/kohenavocats.com\/wp-content\/uploads\/2024\/11\/getty-images-v_YYHSi9aoU-unsplash.webp?resize=1400%2C800&ssl=1 4x"},"classes":[]}],"jetpack_sharing_enabled":true,"_links":{"self":[{"href":"https:\/\/kohenavocats.com\/ar\/wp-json\/wp\/v2\/posts\/634406","targetHints":{"allow":["GET"]}}],"collection":[{"href":"https:\/\/kohenavocats.com\/ar\/wp-json\/wp\/v2\/posts"}],"about":[{"href":"https:\/\/kohenavocats.com\/ar\/wp-json\/wp\/v2\/types\/post"}],"author":[{"embeddable":true,"href":"https:\/\/kohenavocats.com\/ar\/wp-json\/wp\/v2\/users\/232070755"}],"replies":[{"embeddable":true,"href":"https:\/\/kohenavocats.com\/ar\/wp-json\/wp\/v2\/comments?post=634406"}],"version-history":[{"count":0,"href":"https:\/\/kohenavocats.com\/ar\/wp-json\/wp\/v2\/posts\/634406\/revisions"}],"wp:featuredmedia":[{"embeddable":true,"href":"https:\/\/kohenavocats.com\/ar\/wp-json\/wp\/v2\/media\/9686"}],"wp:attachment":[{"href":"https:\/\/kohenavocats.com\/ar\/wp-json\/wp\/v2\/media?parent=634406"}],"wp:term":[{"taxonomy":"category","embeddable":true,"href":"https:\/\/kohenavocats.com\/ar\/wp-json\/wp\/v2\/categories?post=634406"},{"taxonomy":"post_tag","embeddable":true,"href":"https:\/\/kohenavocats.com\/ar\/wp-json\/wp\/v2\/tags?post=634406"}],"curies":[{"name":"wp","href":"https:\/\/api.w.org\/{rel}","templated":true}]}}