{"id":634407,"date":"2026-04-21T10:33:41","date_gmt":"2026-04-21T08:33:41","guid":{"rendered":"https:\/\/kohenavocats.com\/tribunal-judiciaire-de-saint-denis-de-la-reunion-le-13-octobre-2025-n25-00541\/"},"modified":"2026-04-21T10:33:41","modified_gmt":"2026-04-21T08:33:41","slug":"tribunal-judiciaire-de-saint-denis-de-la-reunion-le-13-octobre-2025-n25-00541","status":"publish","type":"post","link":"https:\/\/kohenavocats.com\/ar\/tribunal-judiciaire-de-saint-denis-de-la-reunion-le-13-octobre-2025-n25-00541\/","title":{"rendered":"Tribunal judiciaire de Saint-Denis de La R\u00e9union, le 13 octobre 2025, n\u00b025\/00541"},"content":{"rendered":"<div class=\"article-content\">\n<p>Le juge des contentieux de la protection du tribunal judiciaire, statuant le 13 octobre 2025, a examin\u00e9 une demande en r\u00e9siliation de bail pour impay\u00e9s. Apr\u00e8s avoir constat\u00e9 la recevabilit\u00e9 de l&#8217;action, le juge a prononc\u00e9 l&#8217;expulsion des locataires et condamn\u00e9 ces derniers au paiement des sommes dues. La d\u00e9cision pr\u00e9cise les conditions d&#8217;acquisition de la clause r\u00e9solutoire et rejette l&#8217;octroi de d\u00e9lais de paiement. Elle illustre ainsi le r\u00e9gime protecteur encadrant la r\u00e9siliation pour d\u00e9faut de paiement.<\/p>\n<p>L&#8217;acquisition de la clause r\u00e9solutoire et son r\u00e9gime d\u00e9rogatoire<\/p>\n<p>Le juge rappelle le principe l\u00e9gal d&#8217;une clause de r\u00e9siliation de plein droit. &#8220;tout contrat de bail d&#8217;habitation contient une clause pr\u00e9voyant la r\u00e9siliation de plein droit du contrat de location pour d\u00e9faut de paiement du loyer ou des charges aux termes convenus&#8221; (article 24 I de la loi n\u00b089-462 du 06 juillet 1989). Le texte impose un d\u00e9lai de carence de six semaines apr\u00e8s un commandement demeur\u00e9 infructueux. Le bail litigieux pr\u00e9voyait quant \u00e0 lui un d\u00e9lai contractuel de deux mois suivant le commandement.<\/p>\n<p>Le juge applique le d\u00e9lai contractuel plus favorable au preneur. Il motive ce choix par le caract\u00e8re d&#8217;ordre public de protection de la loi. Cette solution consacre la primaut\u00e9 de la r\u00e8gle la plus protectrice pour le locataire. La port\u00e9e est significative car elle confirme la nature imp\u00e9rative protective de ces dispositions. Le commandement \u00e9tant rest\u00e9 sans effet au-del\u00e0 de ce d\u00e9lai, la clause r\u00e9solutoire est donc acquise. Cette analyse souligne la volont\u00e9 du juge de prot\u00e9ger le locataire contre une expulsion trop rapide.<\/p>\n<p>Les cons\u00e9quences de la r\u00e9siliation et le rejet des d\u00e9lais de paiement<\/p>\n<p>La r\u00e9siliation du bail entra\u00eene la condamnation au paiement des arri\u00e9r\u00e9s et une indemnit\u00e9 d&#8217;occupation. Le juge condamne solidairement les locataires \u00e0 payer la somme due arr\u00eat\u00e9e au huit septembre 2025. L&#8217;indemnit\u00e9 d&#8217;occupation est fix\u00e9e au montant du dernier loyer et charges courants. Elle est due \u00e0 compter du jour de la r\u00e9siliation jusqu&#8217;\u00e0 la lib\u00e9ration effective des lieux. Cette indemnit\u00e9 vise \u00e0 r\u00e9parer le pr\u00e9judice r\u00e9sultant du maintien dans les lieux.<\/p>\n<p>Le juge examine ensuite la possibilit\u00e9 d&#8217;accorder des d\u00e9lais de paiement. &#8220;le juge peut, \u00e0 la demande du locataire, du bailleur ou d&#8217;office, \u00e0 la condition que le locataire soit en situation de r\u00e9gler sa dette locative et qu&#8217;il ait repris le versement int\u00e9gral du loyer courant avant la date de l&#8217;audience, accorder des d\u00e9lais de paiement&#8221; (article 24 V de la loi n\u00b089-462 du 06 juillet 1989). Constatant l&#8217;absence de reprise du paiement du loyer courant, le juge rejette cette demande. Ce refus est conforme \u00e0 la lettre de la loi qui pose une condition pr\u00e9alable stricte. La d\u00e9cision rappelle ainsi que le l\u00e9gislateur subordonne la bienveillance du juge \u00e0 un effort pr\u00e9alable du d\u00e9biteur.<\/p>\n<\/div>\n","protected":false},"excerpt":{"rendered":"<p>Le juge des contentieux de la protection du tribunal judiciaire, statuant le 13 octobre 2025, a examin\u00e9 une demande en r\u00e9siliation de bail pour impay\u00e9s. Apr\u00e8&#8230;<\/p>\n","protected":false},"author":232070755,"featured_media":9619,"comment_status":"open","ping_status":"open","sticky":false,"template":"","format":"standard","meta":{"_crdt_document":"","_jetpack_newsletter_access":"","_jetpack_dont_email_post_to_subs":false,"_jetpack_newsletter_tier_id":0,"_jetpack_memberships_contains_paywalled_content":false,"_kj_source_type":"judilibre","_kj_official_id":"68ee813422996ce5447df4f8","_kj_official_url":"https:\/\/www.courdecassation.fr\/decision\/68ee813422996ce5447df4f8","_kj_judilibre_id":"68ee813422996ce5447df4f8","_kj_jur":"Tribunal judiciaire","_kj_lieu":"Tribunal judiciaire de Saint-Denis de La R\u00e9union","_kj_chambre":"CIVIL TP SAINT DENIS","_kj_rg":"25\/00541","_kj_date":"2025-10-13","_jetpack_memberships_contains_paid_content":false,"footnotes":"","jetpack_post_was_ever_published":false},"categories":[7597],"tags":[],"class_list":["post-634407","post","type-post","status-publish","format-standard","has-post-thumbnail","hentry","category-jurisprudence"],"yoast_head":"<!-- This site is optimized with the Yoast SEO Premium plugin v27.5 (Yoast SEO v27.5) - https:\/\/yoast.com\/product\/yoast-seo-premium-wordpress\/ -->\n<title>Tribunal judiciaire de Saint-Denis de La R\u00e9union, le 13 octobre 2025, n\u00b025\/00541 - Ma\u00eetre Hassan Kohen, avocat en droit p\u00e9nal \u00e0 Paris<\/title>\n<meta name=\"description\" content=\"Le juge des contentieux de la protection du tribunal judiciaire, statuant le 13 octobre 2025, a examin\u00e9 une demande en r\u00e9siliation de bail pour impay\u00e9s. Apr\u00e8...\" \/>\n<meta name=\"robots\" content=\"index, follow, max-snippet:-1, max-image-preview:large, max-video-preview:-1\" \/>\n<link rel=\"canonical\" href=\"https:\/\/kohenavocats.com\/ar\/tribunal-judiciaire-de-saint-denis-de-la-reunion-le-13-octobre-2025-n25-00541\/\" \/>\n<meta property=\"og:locale\" content=\"ar_AR\" \/>\n<meta property=\"og:type\" content=\"article\" \/>\n<meta property=\"og:title\" content=\"Tribunal judiciaire de Saint-Denis de La R\u00e9union, le 13 octobre 2025, n\u00b025\/00541\" \/>\n<meta property=\"og:description\" content=\"Le juge des contentieux de la protection du tribunal judiciaire, statuant le 13 octobre 2025, a examin\u00e9 une demande en r\u00e9siliation de bail pour impay\u00e9s. Apr\u00e8...\" \/>\n<meta property=\"og:url\" content=\"https:\/\/kohenavocats.com\/ar\/tribunal-judiciaire-de-saint-denis-de-la-reunion-le-13-octobre-2025-n25-00541\/\" \/>\n<meta property=\"og:site_name\" content=\"Ma\u00eetre Hassan Kohen, avocat en droit p\u00e9nal \u00e0 Paris\" \/>\n<meta property=\"article:published_time\" content=\"2026-04-21T08:33:41+00:00\" \/>\n<meta property=\"og:image\" content=\"https:\/\/kohenavocats.com\/wp-content\/uploads\/2024\/11\/mohamed-nohassi-wHmB_RPpurI-unsplash.webp\" \/>\n\t<meta property=\"og:image:width\" content=\"5690\" \/>\n\t<meta property=\"og:image:height\" content=\"3796\" \/>\n\t<meta property=\"og:image:type\" content=\"image\/webp\" \/>\n<meta name=\"author\" content=\"Kohen\" \/>\n<meta name=\"twitter:card\" content=\"summary_large_image\" \/>\n<meta name=\"twitter:label1\" content=\"\u0643\u064f\u062a\u0628 \u0628\u0648\u0627\u0633\u0637\u0629\" \/>\n\t<meta name=\"twitter:data1\" content=\"Kohen\" \/>\n\t<meta name=\"twitter:label2\" content=\"\u0648\u0642\u062a \u0627\u0644\u0642\u0631\u0627\u0621\u0629 \u0627\u0644\u0645\u064f\u0642\u062f\u0651\u0631\" \/>\n\t<meta name=\"twitter:data2\" content=\"\u062f\u0642\u064a\u0642\u062a\u0627\u0646\" \/>\n<script type=\"application\/ld+json\" class=\"yoast-schema-graph\">{\"@context\":\"https:\\\/\\\/schema.org\",\"@graph\":[{\"@type\":\"Article\",\"@id\":\"https:\\\/\\\/kohenavocats.com\\\/ar\\\/tribunal-judiciaire-de-saint-denis-de-la-reunion-le-13-octobre-2025-n25-00541\\\/#article\",\"isPartOf\":{\"@id\":\"https:\\\/\\\/kohenavocats.com\\\/ar\\\/tribunal-judiciaire-de-saint-denis-de-la-reunion-le-13-octobre-2025-n25-00541\\\/\"},\"author\":{\"name\":\"Kohen\",\"@id\":\"https:\\\/\\\/kohenavocats.com\\\/ar\\\/#\\\/schema\\\/person\\\/761c9ba54fa1ca84d405cef0831ff751\"},\"headline\":\"Tribunal judiciaire de Saint-Denis de La R\u00e9union, le 13 octobre 2025, n\u00b025\\\/00541\",\"datePublished\":\"2026-04-21T08:33:41+00:00\",\"mainEntityOfPage\":{\"@id\":\"https:\\\/\\\/kohenavocats.com\\\/ar\\\/tribunal-judiciaire-de-saint-denis-de-la-reunion-le-13-octobre-2025-n25-00541\\\/\"},\"wordCount\":522,\"commentCount\":0,\"publisher\":{\"@id\":\"https:\\\/\\\/kohenavocats.com\\\/ar\\\/#organization\"},\"image\":{\"@id\":\"https:\\\/\\\/kohenavocats.com\\\/ar\\\/tribunal-judiciaire-de-saint-denis-de-la-reunion-le-13-octobre-2025-n25-00541\\\/#primaryimage\"},\"thumbnailUrl\":\"https:\\\/\\\/kohenavocats.com\\\/wp-content\\\/uploads\\\/2024\\\/11\\\/mohamed-nohassi-wHmB_RPpurI-unsplash.webp\",\"articleSection\":[\"Jurisprudence\"],\"inLanguage\":\"ar\",\"potentialAction\":[{\"@type\":\"CommentAction\",\"name\":\"Comment\",\"target\":[\"https:\\\/\\\/kohenavocats.com\\\/ar\\\/tribunal-judiciaire-de-saint-denis-de-la-reunion-le-13-octobre-2025-n25-00541\\\/#respond\"]}],\"citation\":\"Tribunal judiciaire de Saint-Denis de La R\u00e9union, le 13 octobre 2025, n\u00b025\\\/00541\",\"about\":[{\"@type\":\"Thing\",\"name\":\"Jurisprudence\"}],\"dateModified\":\"2026-04-21T08:33:41+00:00\",\"speakable\":{\"@type\":\"SpeakableSpecification\",\"cssSelector\":[\".article-content > p:first-of-type\"]}},{\"@type\":\"WebPage\",\"@id\":\"https:\\\/\\\/kohenavocats.com\\\/ar\\\/tribunal-judiciaire-de-saint-denis-de-la-reunion-le-13-octobre-2025-n25-00541\\\/\",\"url\":\"https:\\\/\\\/kohenavocats.com\\\/ar\\\/tribunal-judiciaire-de-saint-denis-de-la-reunion-le-13-octobre-2025-n25-00541\\\/\",\"name\":\"Tribunal judiciaire de Saint-Denis de La R\u00e9union, le 13 octobre 2025, n\u00b025\\\/00541 - Ma\u00eetre Hassan Kohen, avocat en droit p\u00e9nal \u00e0 Paris\",\"isPartOf\":{\"@id\":\"https:\\\/\\\/kohenavocats.com\\\/ar\\\/#website\"},\"primaryImageOfPage\":{\"@id\":\"https:\\\/\\\/kohenavocats.com\\\/ar\\\/tribunal-judiciaire-de-saint-denis-de-la-reunion-le-13-octobre-2025-n25-00541\\\/#primaryimage\"},\"image\":{\"@id\":\"https:\\\/\\\/kohenavocats.com\\\/ar\\\/tribunal-judiciaire-de-saint-denis-de-la-reunion-le-13-octobre-2025-n25-00541\\\/#primaryimage\"},\"thumbnailUrl\":\"https:\\\/\\\/kohenavocats.com\\\/wp-content\\\/uploads\\\/2024\\\/11\\\/mohamed-nohassi-wHmB_RPpurI-unsplash.webp\",\"datePublished\":\"2026-04-21T08:33:41+00:00\",\"description\":\"Le juge des contentieux de la protection du tribunal judiciaire, statuant le 13 octobre 2025, a examin\u00e9 une demande en r\u00e9siliation de bail pour impay\u00e9s. Apr\u00e8...\",\"breadcrumb\":{\"@id\":\"https:\\\/\\\/kohenavocats.com\\\/ar\\\/tribunal-judiciaire-de-saint-denis-de-la-reunion-le-13-octobre-2025-n25-00541\\\/#breadcrumb\"},\"inLanguage\":\"ar\",\"potentialAction\":[{\"@type\":\"ReadAction\",\"target\":[\"https:\\\/\\\/kohenavocats.com\\\/ar\\\/tribunal-judiciaire-de-saint-denis-de-la-reunion-le-13-octobre-2025-n25-00541\\\/\"]}]},{\"@type\":\"ImageObject\",\"inLanguage\":\"ar\",\"@id\":\"https:\\\/\\\/kohenavocats.com\\\/ar\\\/tribunal-judiciaire-de-saint-denis-de-la-reunion-le-13-octobre-2025-n25-00541\\\/#primaryimage\",\"url\":\"https:\\\/\\\/kohenavocats.com\\\/wp-content\\\/uploads\\\/2024\\\/11\\\/mohamed-nohassi-wHmB_RPpurI-unsplash.webp\",\"contentUrl\":\"https:\\\/\\\/kohenavocats.com\\\/wp-content\\\/uploads\\\/2024\\\/11\\\/mohamed-nohassi-wHmB_RPpurI-unsplash.webp\",\"width\":5690,\"height\":3796},{\"@type\":\"BreadcrumbList\",\"@id\":\"https:\\\/\\\/kohenavocats.com\\\/ar\\\/tribunal-judiciaire-de-saint-denis-de-la-reunion-le-13-octobre-2025-n25-00541\\\/#breadcrumb\",\"itemListElement\":[{\"@type\":\"ListItem\",\"position\":1,\"name\":\"Home\",\"item\":\"https:\\\/\\\/kohenavocats.com\\\/ar\\\/%d9%85%d8%ad%d8%a7%d9%85%d9%88%d9%86-%d9%85%d8%aa%d8%ae%d8%b5%d8%b5%d9%88%d9%86-%d9%81%d9%8a-%d8%a7%d9%84%d9%82%d8%a7%d9%86%d9%88%d9%86-%d8%a7%d9%84%d8%ac%d9%86%d8%a7%d8%a6%d9%8a-%d8%a8%d8%a8%d8%a7\\\/\"},{\"@type\":\"ListItem\",\"position\":2,\"name\":\"Tribunal judiciaire de Saint-Denis de La R\u00e9union, le 13 octobre 2025, n\u00b025\\\/00541\"}]},{\"@type\":\"WebSite\",\"@id\":\"https:\\\/\\\/kohenavocats.com\\\/ar\\\/#website\",\"url\":\"https:\\\/\\\/kohenavocats.com\\\/ar\\\/\",\"name\":\"Kohen Avocats\",\"description\":\"Ma\u00eetre Hassan Kohen, avocat p\u00e9naliste \u00e0 Paris, intervient exclusivement en droit p\u00e9nal pour la d\u00e9fense des particuliers, notamment en mati\u00e8re d\u2019accusations de viol. Il assure un accompagnement rigoureux d\u00e8s la garde \u00e0 vue jusqu\u2019\u00e0 la Cour d\u2019assises, veillant au strict respect des garanties proc\u00e9durales.\",\"publisher\":{\"@id\":\"https:\\\/\\\/kohenavocats.com\\\/ar\\\/#organization\"},\"potentialAction\":[{\"@type\":\"SearchAction\",\"target\":{\"@type\":\"EntryPoint\",\"urlTemplate\":\"https:\\\/\\\/kohenavocats.com\\\/ar\\\/?s={search_term_string}\"},\"query-input\":{\"@type\":\"PropertyValueSpecification\",\"valueRequired\":true,\"valueName\":\"search_term_string\"}}],\"inLanguage\":\"ar\"},{\"@type\":\"Organization\",\"@id\":\"https:\\\/\\\/kohenavocats.com\\\/ar\\\/#organization\",\"name\":\"Kohen Avocats\",\"url\":\"https:\\\/\\\/kohenavocats.com\\\/ar\\\/\",\"logo\":{\"@type\":\"ImageObject\",\"inLanguage\":\"ar\",\"@id\":\"https:\\\/\\\/kohenavocats.com\\\/ar\\\/#\\\/schema\\\/logo\\\/image\\\/\",\"url\":\"https:\\\/\\\/kohenavocats.com\\\/wp-content\\\/uploads\\\/2026\\\/01\\\/Logo-2-1.webp\",\"contentUrl\":\"https:\\\/\\\/kohenavocats.com\\\/wp-content\\\/uploads\\\/2026\\\/01\\\/Logo-2-1.webp\",\"width\":2114,\"height\":1253,\"caption\":\"Kohen Avocats\"},\"image\":{\"@id\":\"https:\\\/\\\/kohenavocats.com\\\/ar\\\/#\\\/schema\\\/logo\\\/image\\\/\"}},{\"@type\":\"Person\",\"@id\":\"https:\\\/\\\/kohenavocats.com\\\/ar\\\/#\\\/schema\\\/person\\\/761c9ba54fa1ca84d405cef0831ff751\",\"name\":\"Kohen\",\"image\":{\"@type\":\"ImageObject\",\"inLanguage\":\"ar\",\"@id\":\"https:\\\/\\\/secure.gravatar.com\\\/avatar\\\/1c5e76ef76bbbfdd2b4da984e2bf2fa4056fd51a27d25ce2c332047f1dfd6e00?s=96&d=identicon&r=g\",\"url\":\"https:\\\/\\\/secure.gravatar.com\\\/avatar\\\/1c5e76ef76bbbfdd2b4da984e2bf2fa4056fd51a27d25ce2c332047f1dfd6e00?s=96&d=identicon&r=g\",\"contentUrl\":\"https:\\\/\\\/secure.gravatar.com\\\/avatar\\\/1c5e76ef76bbbfdd2b4da984e2bf2fa4056fd51a27d25ce2c332047f1dfd6e00?s=96&d=identicon&r=g\",\"caption\":\"Kohen\"},\"sameAs\":[\"https:\\\/\\\/www.linkedin.com\\\/in\\\/hassan-kohen-448548192\\\/\",\"https:\\\/\\\/www.youtube.com\\\/@Kohen-Avocats\"],\"url\":\"https:\\\/\\\/kohenavocats.com\\\/ar\\\/author\\\/kohenmlk\\\/\"}]}<\/script>\n<!-- \/ Yoast SEO Premium plugin. -->","yoast_head_json":{"title":"Tribunal judiciaire de Saint-Denis de La R\u00e9union, le 13 octobre 2025, n\u00b025\/00541 - Ma\u00eetre Hassan Kohen, avocat en droit p\u00e9nal \u00e0 Paris","description":"Le juge des contentieux de la protection du tribunal judiciaire, statuant le 13 octobre 2025, a examin\u00e9 une demande en r\u00e9siliation de bail pour impay\u00e9s. Apr\u00e8...","robots":{"index":"index","follow":"follow","max-snippet":"max-snippet:-1","max-image-preview":"max-image-preview:large","max-video-preview":"max-video-preview:-1"},"canonical":"https:\/\/kohenavocats.com\/ar\/tribunal-judiciaire-de-saint-denis-de-la-reunion-le-13-octobre-2025-n25-00541\/","og_locale":"ar_AR","og_type":"article","og_title":"Tribunal judiciaire de Saint-Denis de La R\u00e9union, le 13 octobre 2025, n\u00b025\/00541","og_description":"Le juge des contentieux de la protection du tribunal judiciaire, statuant le 13 octobre 2025, a examin\u00e9 une demande en r\u00e9siliation de bail pour impay\u00e9s. Apr\u00e8...","og_url":"https:\/\/kohenavocats.com\/ar\/tribunal-judiciaire-de-saint-denis-de-la-reunion-le-13-octobre-2025-n25-00541\/","og_site_name":"Ma\u00eetre Hassan Kohen, avocat en droit p\u00e9nal \u00e0 Paris","article_published_time":"2026-04-21T08:33:41+00:00","og_image":[{"width":5690,"height":3796,"url":"https:\/\/kohenavocats.com\/wp-content\/uploads\/2024\/11\/mohamed-nohassi-wHmB_RPpurI-unsplash.webp","type":"image\/webp"}],"author":"Kohen","twitter_card":"summary_large_image","twitter_misc":{"\u0643\u064f\u062a\u0628 \u0628\u0648\u0627\u0633\u0637\u0629":"Kohen","\u0648\u0642\u062a \u0627\u0644\u0642\u0631\u0627\u0621\u0629 \u0627\u0644\u0645\u064f\u0642\u062f\u0651\u0631":"\u062f\u0642\u064a\u0642\u062a\u0627\u0646"},"schema":{"@context":"https:\/\/schema.org","@graph":[{"@type":"Article","@id":"https:\/\/kohenavocats.com\/ar\/tribunal-judiciaire-de-saint-denis-de-la-reunion-le-13-octobre-2025-n25-00541\/#article","isPartOf":{"@id":"https:\/\/kohenavocats.com\/ar\/tribunal-judiciaire-de-saint-denis-de-la-reunion-le-13-octobre-2025-n25-00541\/"},"author":{"name":"Kohen","@id":"https:\/\/kohenavocats.com\/ar\/#\/schema\/person\/761c9ba54fa1ca84d405cef0831ff751"},"headline":"Tribunal judiciaire de Saint-Denis de La R\u00e9union, le 13 octobre 2025, n\u00b025\/00541","datePublished":"2026-04-21T08:33:41+00:00","mainEntityOfPage":{"@id":"https:\/\/kohenavocats.com\/ar\/tribunal-judiciaire-de-saint-denis-de-la-reunion-le-13-octobre-2025-n25-00541\/"},"wordCount":522,"commentCount":0,"publisher":{"@id":"https:\/\/kohenavocats.com\/ar\/#organization"},"image":{"@id":"https:\/\/kohenavocats.com\/ar\/tribunal-judiciaire-de-saint-denis-de-la-reunion-le-13-octobre-2025-n25-00541\/#primaryimage"},"thumbnailUrl":"https:\/\/kohenavocats.com\/wp-content\/uploads\/2024\/11\/mohamed-nohassi-wHmB_RPpurI-unsplash.webp","articleSection":["Jurisprudence"],"inLanguage":"ar","potentialAction":[{"@type":"CommentAction","name":"Comment","target":["https:\/\/kohenavocats.com\/ar\/tribunal-judiciaire-de-saint-denis-de-la-reunion-le-13-octobre-2025-n25-00541\/#respond"]}],"citation":"Tribunal judiciaire de Saint-Denis de La R\u00e9union, le 13 octobre 2025, n\u00b025\/00541","about":[{"@type":"Thing","name":"Jurisprudence"}],"dateModified":"2026-04-21T08:33:41+00:00","speakable":{"@type":"SpeakableSpecification","cssSelector":[".article-content > p:first-of-type"]}},{"@type":"WebPage","@id":"https:\/\/kohenavocats.com\/ar\/tribunal-judiciaire-de-saint-denis-de-la-reunion-le-13-octobre-2025-n25-00541\/","url":"https:\/\/kohenavocats.com\/ar\/tribunal-judiciaire-de-saint-denis-de-la-reunion-le-13-octobre-2025-n25-00541\/","name":"Tribunal judiciaire de Saint-Denis de La R\u00e9union, le 13 octobre 2025, n\u00b025\/00541 - Ma\u00eetre Hassan Kohen, avocat en droit p\u00e9nal \u00e0 Paris","isPartOf":{"@id":"https:\/\/kohenavocats.com\/ar\/#website"},"primaryImageOfPage":{"@id":"https:\/\/kohenavocats.com\/ar\/tribunal-judiciaire-de-saint-denis-de-la-reunion-le-13-octobre-2025-n25-00541\/#primaryimage"},"image":{"@id":"https:\/\/kohenavocats.com\/ar\/tribunal-judiciaire-de-saint-denis-de-la-reunion-le-13-octobre-2025-n25-00541\/#primaryimage"},"thumbnailUrl":"https:\/\/kohenavocats.com\/wp-content\/uploads\/2024\/11\/mohamed-nohassi-wHmB_RPpurI-unsplash.webp","datePublished":"2026-04-21T08:33:41+00:00","description":"Le juge des contentieux de la protection du tribunal judiciaire, statuant le 13 octobre 2025, a examin\u00e9 une demande en r\u00e9siliation de bail pour impay\u00e9s. Apr\u00e8...","breadcrumb":{"@id":"https:\/\/kohenavocats.com\/ar\/tribunal-judiciaire-de-saint-denis-de-la-reunion-le-13-octobre-2025-n25-00541\/#breadcrumb"},"inLanguage":"ar","potentialAction":[{"@type":"ReadAction","target":["https:\/\/kohenavocats.com\/ar\/tribunal-judiciaire-de-saint-denis-de-la-reunion-le-13-octobre-2025-n25-00541\/"]}]},{"@type":"ImageObject","inLanguage":"ar","@id":"https:\/\/kohenavocats.com\/ar\/tribunal-judiciaire-de-saint-denis-de-la-reunion-le-13-octobre-2025-n25-00541\/#primaryimage","url":"https:\/\/kohenavocats.com\/wp-content\/uploads\/2024\/11\/mohamed-nohassi-wHmB_RPpurI-unsplash.webp","contentUrl":"https:\/\/kohenavocats.com\/wp-content\/uploads\/2024\/11\/mohamed-nohassi-wHmB_RPpurI-unsplash.webp","width":5690,"height":3796},{"@type":"BreadcrumbList","@id":"https:\/\/kohenavocats.com\/ar\/tribunal-judiciaire-de-saint-denis-de-la-reunion-le-13-octobre-2025-n25-00541\/#breadcrumb","itemListElement":[{"@type":"ListItem","position":1,"name":"Home","item":"https:\/\/kohenavocats.com\/ar\/%d9%85%d8%ad%d8%a7%d9%85%d9%88%d9%86-%d9%85%d8%aa%d8%ae%d8%b5%d8%b5%d9%88%d9%86-%d9%81%d9%8a-%d8%a7%d9%84%d9%82%d8%a7%d9%86%d9%88%d9%86-%d8%a7%d9%84%d8%ac%d9%86%d8%a7%d8%a6%d9%8a-%d8%a8%d8%a8%d8%a7\/"},{"@type":"ListItem","position":2,"name":"Tribunal judiciaire de Saint-Denis de La R\u00e9union, le 13 octobre 2025, n\u00b025\/00541"}]},{"@type":"WebSite","@id":"https:\/\/kohenavocats.com\/ar\/#website","url":"https:\/\/kohenavocats.com\/ar\/","name":"Kohen Avocats","description":"Ma\u00eetre Hassan Kohen, avocat p\u00e9naliste \u00e0 Paris, intervient exclusivement en droit p\u00e9nal pour la d\u00e9fense des particuliers, notamment en mati\u00e8re d\u2019accusations de viol. Il assure un accompagnement rigoureux d\u00e8s la garde \u00e0 vue jusqu\u2019\u00e0 la Cour d\u2019assises, veillant au strict respect des garanties proc\u00e9durales.","publisher":{"@id":"https:\/\/kohenavocats.com\/ar\/#organization"},"potentialAction":[{"@type":"SearchAction","target":{"@type":"EntryPoint","urlTemplate":"https:\/\/kohenavocats.com\/ar\/?s={search_term_string}"},"query-input":{"@type":"PropertyValueSpecification","valueRequired":true,"valueName":"search_term_string"}}],"inLanguage":"ar"},{"@type":"Organization","@id":"https:\/\/kohenavocats.com\/ar\/#organization","name":"Kohen Avocats","url":"https:\/\/kohenavocats.com\/ar\/","logo":{"@type":"ImageObject","inLanguage":"ar","@id":"https:\/\/kohenavocats.com\/ar\/#\/schema\/logo\/image\/","url":"https:\/\/kohenavocats.com\/wp-content\/uploads\/2026\/01\/Logo-2-1.webp","contentUrl":"https:\/\/kohenavocats.com\/wp-content\/uploads\/2026\/01\/Logo-2-1.webp","width":2114,"height":1253,"caption":"Kohen Avocats"},"image":{"@id":"https:\/\/kohenavocats.com\/ar\/#\/schema\/logo\/image\/"}},{"@type":"Person","@id":"https:\/\/kohenavocats.com\/ar\/#\/schema\/person\/761c9ba54fa1ca84d405cef0831ff751","name":"Kohen","image":{"@type":"ImageObject","inLanguage":"ar","@id":"https:\/\/secure.gravatar.com\/avatar\/1c5e76ef76bbbfdd2b4da984e2bf2fa4056fd51a27d25ce2c332047f1dfd6e00?s=96&d=identicon&r=g","url":"https:\/\/secure.gravatar.com\/avatar\/1c5e76ef76bbbfdd2b4da984e2bf2fa4056fd51a27d25ce2c332047f1dfd6e00?s=96&d=identicon&r=g","contentUrl":"https:\/\/secure.gravatar.com\/avatar\/1c5e76ef76bbbfdd2b4da984e2bf2fa4056fd51a27d25ce2c332047f1dfd6e00?s=96&d=identicon&r=g","caption":"Kohen"},"sameAs":["https:\/\/www.linkedin.com\/in\/hassan-kohen-448548192\/","https:\/\/www.youtube.com\/@Kohen-Avocats"],"url":"https:\/\/kohenavocats.com\/ar\/author\/kohenmlk\/"}]}},"jetpack_featured_media_url":"https:\/\/kohenavocats.com\/wp-content\/uploads\/2024\/11\/mohamed-nohassi-wHmB_RPpurI-unsplash.webp","jetpack_likes_enabled":false,"jetpack_shortlink":"https:\/\/wp.me\/peCrII-2F2n","jetpack-related-posts":[{"id":622745,"url":"https:\/\/kohenavocats.com\/ar\/tribunal-judiciaire-de-saint-pierre-le-17-octobre-2025-n25-00978\/","url_meta":{"origin":634407,"position":0},"title":"Tribunal judiciaire de Saint-Pierre, le 17 octobre 2025, n\u00b025\/00978","author":"Kohen","date":"20 \u0623\u0628\u0631\u064a\u0644\u060c 2026","format":false,"excerpt":"Le Tribunal judiciaire de Saint-Pierre, statuant le 17 octobre 2025, se prononce sur une demande en r\u00e9siliation d'un bail commercial pour d\u00e9faut de paiement....","rel":"","context":"\u0641\u064a &quot;Jurisprudence&quot;","block_context":{"text":"Jurisprudence","link":"https:\/\/kohenavocats.com\/category\/jurisprudence\/"},"img":{"alt_text":"","src":"https:\/\/i0.wp.com\/kohenavocats.com\/wp-content\/uploads\/2024\/11\/getty-images-wRCxUP603nE-unsplash.webp?resize=350%2C200&ssl=1","width":350,"height":200,"srcset":"https:\/\/i0.wp.com\/kohenavocats.com\/wp-content\/uploads\/2024\/11\/getty-images-wRCxUP603nE-unsplash.webp?resize=350%2C200&ssl=1 1x, https:\/\/i0.wp.com\/kohenavocats.com\/wp-content\/uploads\/2024\/11\/getty-images-wRCxUP603nE-unsplash.webp?resize=525%2C300&ssl=1 1.5x, https:\/\/i0.wp.com\/kohenavocats.com\/wp-content\/uploads\/2024\/11\/getty-images-wRCxUP603nE-unsplash.webp?resize=700%2C400&ssl=1 2x, https:\/\/i0.wp.com\/kohenavocats.com\/wp-content\/uploads\/2024\/11\/getty-images-wRCxUP603nE-unsplash.webp?resize=1050%2C600&ssl=1 3x, https:\/\/i0.wp.com\/kohenavocats.com\/wp-content\/uploads\/2024\/11\/getty-images-wRCxUP603nE-unsplash.webp?resize=1400%2C800&ssl=1 4x"},"classes":[]},{"id":473177,"url":"https:\/\/kohenavocats.com\/ar\/tribunal-judiciaire-de-saint-etienne-le-10-octobre-2025-n25-02315\/","url_meta":{"origin":634407,"position":1},"title":"Tribunal judiciaire de Saint-Etienne, le 10 octobre 2025, n\u00b025\/02315","author":"Kohen","date":"7 \u0623\u0628\u0631\u064a\u0644\u060c 2026","format":false,"excerpt":"Le tribunal judiciaire, dans une d\u00e9cision du 10 octobre 2025, statue sur une demande en constatation de r\u00e9siliation de bail pour impay\u00e9s. Le bailleur, un org...","rel":"","context":"\u0641\u064a &quot;Jurisprudence&quot;","block_context":{"text":"Jurisprudence","link":"https:\/\/kohenavocats.com\/category\/jurisprudence\/"},"img":{"alt_text":"","src":"https:\/\/i0.wp.com\/kohenavocats.com\/wp-content\/uploads\/2024\/08\/kyle-glenn-TELAb4duebI-unsplash.webp?resize=350%2C200&ssl=1","width":350,"height":200,"srcset":"https:\/\/i0.wp.com\/kohenavocats.com\/wp-content\/uploads\/2024\/08\/kyle-glenn-TELAb4duebI-unsplash.webp?resize=350%2C200&ssl=1 1x, https:\/\/i0.wp.com\/kohenavocats.com\/wp-content\/uploads\/2024\/08\/kyle-glenn-TELAb4duebI-unsplash.webp?resize=525%2C300&ssl=1 1.5x, https:\/\/i0.wp.com\/kohenavocats.com\/wp-content\/uploads\/2024\/08\/kyle-glenn-TELAb4duebI-unsplash.webp?resize=700%2C400&ssl=1 2x, https:\/\/i0.wp.com\/kohenavocats.com\/wp-content\/uploads\/2024\/08\/kyle-glenn-TELAb4duebI-unsplash.webp?resize=1050%2C600&ssl=1 3x, https:\/\/i0.wp.com\/kohenavocats.com\/wp-content\/uploads\/2024\/08\/kyle-glenn-TELAb4duebI-unsplash.webp?resize=1400%2C800&ssl=1 4x"},"classes":[]},{"id":634063,"url":"https:\/\/kohenavocats.com\/ar\/tribunal-judiciaire-de-saint-denis-de-la-reunion-le-13-octobre-2025-n24-01027\/","url_meta":{"origin":634407,"position":2},"title":"Tribunal judiciaire de Saint-Denis de La R\u00e9union, le 13 octobre 2025, n\u00b024\/01027","author":"Kohen","date":"21 \u0623\u0628\u0631\u064a\u0644\u060c 2026","format":false,"excerpt":"Le tribunal judiciaire, statuant le 13 octobre 2025, a examin\u00e9 une demande en expulsion pour impay\u00e9s de loyers. Le bailleur, une soci\u00e9t\u00e9, invoquait une claus...","rel":"","context":"\u0641\u064a &quot;Jurisprudence&quot;","block_context":{"text":"Jurisprudence","link":"https:\/\/kohenavocats.com\/category\/jurisprudence\/"},"img":{"alt_text":"","src":"https:\/\/i0.wp.com\/kohenavocats.com\/wp-content\/uploads\/2024\/08\/stephanie-leblanc-h5RH0srRrwY-unsplash.webp?resize=350%2C200&ssl=1","width":350,"height":200,"srcset":"https:\/\/i0.wp.com\/kohenavocats.com\/wp-content\/uploads\/2024\/08\/stephanie-leblanc-h5RH0srRrwY-unsplash.webp?resize=350%2C200&ssl=1 1x, https:\/\/i0.wp.com\/kohenavocats.com\/wp-content\/uploads\/2024\/08\/stephanie-leblanc-h5RH0srRrwY-unsplash.webp?resize=525%2C300&ssl=1 1.5x, https:\/\/i0.wp.com\/kohenavocats.com\/wp-content\/uploads\/2024\/08\/stephanie-leblanc-h5RH0srRrwY-unsplash.webp?resize=700%2C400&ssl=1 2x, https:\/\/i0.wp.com\/kohenavocats.com\/wp-content\/uploads\/2024\/08\/stephanie-leblanc-h5RH0srRrwY-unsplash.webp?resize=1050%2C600&ssl=1 3x, https:\/\/i0.wp.com\/kohenavocats.com\/wp-content\/uploads\/2024\/08\/stephanie-leblanc-h5RH0srRrwY-unsplash.webp?resize=1400%2C800&ssl=1 4x"},"classes":[]},{"id":649970,"url":"https:\/\/kohenavocats.com\/ar\/tribunal-judiciaire-de-grenoble-le-2-octobre-2025-n25-00754\/","url_meta":{"origin":634407,"position":3},"title":"Tribunal judiciaire de Grenoble, le 2 octobre 2025, n\u00b025\/00754","author":"Kohen","date":"22 \u0623\u0628\u0631\u064a\u0644\u060c 2026","format":false,"excerpt":"Le tribunal judiciaire, statuant en r\u00e9f\u00e9r\u00e9 le 2 octobre 2025, se prononce sur une demande de constat de r\u00e9siliation d'un bail d'habitation pour impay\u00e9s. Le j...","rel":"","context":"\u0641\u064a &quot;Jurisprudence&quot;","block_context":{"text":"Jurisprudence","link":"https:\/\/kohenavocats.com\/category\/jurisprudence\/"},"img":{"alt_text":"","src":"https:\/\/i0.wp.com\/kohenavocats.com\/wp-content\/uploads\/2024\/11\/virginia-marinova-5TTaPKNAuHU-unsplash.webp?resize=350%2C200&ssl=1","width":350,"height":200,"srcset":"https:\/\/i0.wp.com\/kohenavocats.com\/wp-content\/uploads\/2024\/11\/virginia-marinova-5TTaPKNAuHU-unsplash.webp?resize=350%2C200&ssl=1 1x, https:\/\/i0.wp.com\/kohenavocats.com\/wp-content\/uploads\/2024\/11\/virginia-marinova-5TTaPKNAuHU-unsplash.webp?resize=525%2C300&ssl=1 1.5x, https:\/\/i0.wp.com\/kohenavocats.com\/wp-content\/uploads\/2024\/11\/virginia-marinova-5TTaPKNAuHU-unsplash.webp?resize=700%2C400&ssl=1 2x, https:\/\/i0.wp.com\/kohenavocats.com\/wp-content\/uploads\/2024\/11\/virginia-marinova-5TTaPKNAuHU-unsplash.webp?resize=1050%2C600&ssl=1 3x, https:\/\/i0.wp.com\/kohenavocats.com\/wp-content\/uploads\/2024\/11\/virginia-marinova-5TTaPKNAuHU-unsplash.webp?resize=1400%2C800&ssl=1 4x"},"classes":[]},{"id":650453,"url":"https:\/\/kohenavocats.com\/ar\/tribunal-judiciaire-de-grenoble-le-2-octobre-2025-n25-01802\/","url_meta":{"origin":634407,"position":4},"title":"Tribunal judiciaire de Grenoble, le 2 octobre 2025, n\u00b025\/01802","author":"Kohen","date":"22 \u0623\u0628\u0631\u064a\u0644\u060c 2026","format":false,"excerpt":"Le juge des contentieux de la protection, statuant le 2 octobre 2025, se prononce sur une demande en constatation de r\u00e9siliation de bail pour impay\u00e9s. Apr\u00e8s ...","rel":"","context":"\u0641\u064a &quot;Jurisprudence&quot;","block_context":{"text":"Jurisprudence","link":"https:\/\/kohenavocats.com\/category\/jurisprudence\/"},"img":{"alt_text":"","src":"https:\/\/i0.wp.com\/kohenavocats.com\/wp-content\/uploads\/2024\/11\/luke-jones-9xrEnr-lrDQ-unsplash.webp?resize=350%2C200&ssl=1","width":350,"height":200,"srcset":"https:\/\/i0.wp.com\/kohenavocats.com\/wp-content\/uploads\/2024\/11\/luke-jones-9xrEnr-lrDQ-unsplash.webp?resize=350%2C200&ssl=1 1x, https:\/\/i0.wp.com\/kohenavocats.com\/wp-content\/uploads\/2024\/11\/luke-jones-9xrEnr-lrDQ-unsplash.webp?resize=525%2C300&ssl=1 1.5x, https:\/\/i0.wp.com\/kohenavocats.com\/wp-content\/uploads\/2024\/11\/luke-jones-9xrEnr-lrDQ-unsplash.webp?resize=700%2C400&ssl=1 2x, https:\/\/i0.wp.com\/kohenavocats.com\/wp-content\/uploads\/2024\/11\/luke-jones-9xrEnr-lrDQ-unsplash.webp?resize=1050%2C600&ssl=1 3x, https:\/\/i0.wp.com\/kohenavocats.com\/wp-content\/uploads\/2024\/11\/luke-jones-9xrEnr-lrDQ-unsplash.webp?resize=1400%2C800&ssl=1 4x"},"classes":[]},{"id":634378,"url":"https:\/\/kohenavocats.com\/ar\/tribunal-judiciaire-de-bourg-en-bresse-le-13-octobre-2025-n25-00644\/","url_meta":{"origin":634407,"position":5},"title":"Tribunal judiciaire de Bourg-en-Bresse, le 13 octobre 2025, n\u00b025\/00644","author":"Kohen","date":"21 \u0623\u0628\u0631\u064a\u0644\u060c 2026","format":false,"excerpt":"Le tribunal judiciaire de Bourg-en-Bresse, statuant en r\u00e9f\u00e9r\u00e9, rend une ordonnance le 13 octobre 2025. Le bailleur d\u2019un bail commercial agit en constatation ...","rel":"","context":"\u0641\u064a &quot;Jurisprudence&quot;","block_context":{"text":"Jurisprudence","link":"https:\/\/kohenavocats.com\/category\/jurisprudence\/"},"img":{"alt_text":"","src":"https:\/\/i0.wp.com\/kohenavocats.com\/wp-content\/uploads\/2024\/11\/feyza-yildirim-dFgyns8DMIE-unsplash.webp?resize=350%2C200&ssl=1","width":350,"height":200,"srcset":"https:\/\/i0.wp.com\/kohenavocats.com\/wp-content\/uploads\/2024\/11\/feyza-yildirim-dFgyns8DMIE-unsplash.webp?resize=350%2C200&ssl=1 1x, https:\/\/i0.wp.com\/kohenavocats.com\/wp-content\/uploads\/2024\/11\/feyza-yildirim-dFgyns8DMIE-unsplash.webp?resize=525%2C300&ssl=1 1.5x, https:\/\/i0.wp.com\/kohenavocats.com\/wp-content\/uploads\/2024\/11\/feyza-yildirim-dFgyns8DMIE-unsplash.webp?resize=700%2C400&ssl=1 2x, https:\/\/i0.wp.com\/kohenavocats.com\/wp-content\/uploads\/2024\/11\/feyza-yildirim-dFgyns8DMIE-unsplash.webp?resize=1050%2C600&ssl=1 3x, https:\/\/i0.wp.com\/kohenavocats.com\/wp-content\/uploads\/2024\/11\/feyza-yildirim-dFgyns8DMIE-unsplash.webp?resize=1400%2C800&ssl=1 4x"},"classes":[]}],"jetpack_sharing_enabled":true,"_links":{"self":[{"href":"https:\/\/kohenavocats.com\/ar\/wp-json\/wp\/v2\/posts\/634407","targetHints":{"allow":["GET"]}}],"collection":[{"href":"https:\/\/kohenavocats.com\/ar\/wp-json\/wp\/v2\/posts"}],"about":[{"href":"https:\/\/kohenavocats.com\/ar\/wp-json\/wp\/v2\/types\/post"}],"author":[{"embeddable":true,"href":"https:\/\/kohenavocats.com\/ar\/wp-json\/wp\/v2\/users\/232070755"}],"replies":[{"embeddable":true,"href":"https:\/\/kohenavocats.com\/ar\/wp-json\/wp\/v2\/comments?post=634407"}],"version-history":[{"count":0,"href":"https:\/\/kohenavocats.com\/ar\/wp-json\/wp\/v2\/posts\/634407\/revisions"}],"wp:featuredmedia":[{"embeddable":true,"href":"https:\/\/kohenavocats.com\/ar\/wp-json\/wp\/v2\/media\/9619"}],"wp:attachment":[{"href":"https:\/\/kohenavocats.com\/ar\/wp-json\/wp\/v2\/media?parent=634407"}],"wp:term":[{"taxonomy":"category","embeddable":true,"href":"https:\/\/kohenavocats.com\/ar\/wp-json\/wp\/v2\/categories?post=634407"},{"taxonomy":"post_tag","embeddable":true,"href":"https:\/\/kohenavocats.com\/ar\/wp-json\/wp\/v2\/tags?post=634407"}],"curies":[{"name":"wp","href":"https:\/\/api.w.org\/{rel}","templated":true}]}}