{"id":637711,"date":"2026-04-21T17:01:59","date_gmt":"2026-04-21T15:01:59","guid":{"rendered":"https:\/\/kohenavocats.com\/tribunal-judiciaire-de-angers-le-9-octobre-2025-n25-00038\/"},"modified":"2026-04-21T17:01:59","modified_gmt":"2026-04-21T15:01:59","slug":"tribunal-judiciaire-de-angers-le-9-octobre-2025-n25-00038","status":"publish","type":"post","link":"https:\/\/kohenavocats.com\/ar\/tribunal-judiciaire-de-angers-le-9-octobre-2025-n25-00038\/","title":{"rendered":"Tribunal judiciaire de Angers, le 9 octobre 2025, n\u00b025\/00038"},"content":{"rendered":"<div class=\"article-content\">\n<p>Le tribunal judiciaire d\u2019Angers, statuant en r\u00e9f\u00e9r\u00e9 le 9 octobre 2025, a \u00e9t\u00e9 saisi d\u2019une demande incidente. Le juge a ordonn\u00e9 le renvoi des parties \u00e0 une audience de r\u00e8glement amiable. Il a \u00e9galement d\u00e9cid\u00e9 de surseoir \u00e0 statuer sur leurs demandes initiales. La solution consacre le pouvoir du juge des r\u00e9f\u00e9r\u00e9s d\u2019orienter la proc\u00e9dure vers un mode alternatif de r\u00e9solution des litiges.<\/p>\n<p>La nature proc\u00e9durale de la d\u00e9cision de renvoi<br \/>\nLa qualification retenue par le juge est celle d\u2019une mesure d\u2019administration judiciaire. Cette qualification est explicitement \u00e9nonc\u00e9e dans le dispositif de l\u2019ordonnance. Elle a pour effet de rendre la d\u00e9cision insusceptible de recours imm\u00e9diat. Cette analyse rejoint une jurisprudence constante sur le sujet. &#8220;Cette d\u00e9cision est une mesure d\u2019administration judiciaire. Elle ne dessaisit pas le juge&#8221; (Tribunal judiciaire de Paris, le 13 octobre 2025, n\u00b025\/50074). La port\u00e9e de cette qualification est donc de pr\u00e9server l\u2019\u00e9conomie g\u00e9n\u00e9rale de la proc\u00e9dure. Elle permet une gestion flexible du calendrier judiciaire sans clore l\u2019instance.<\/p>\n<p>Les conditions l\u00e9gales du renvoi en r\u00e8glement amiable<br \/>\nLe juge fonde sa d\u00e9cision sur les nouveaux articles 774-1 et suivants du code de proc\u00e9dure civile. Le texte pr\u00e9voit que le juge peut d\u00e9cider du renvoi \u00e0 la demande d\u2019une partie ou d\u2019office. &#8220;Le juge des r\u00e9f\u00e9r\u00e9s peut, \u00e0 la demande de l\u2019une des parties ou d\u2019office apr\u00e8s avoir recueilli leur avis, d\u00e9cider qu\u2019elles seront convoqu\u00e9es \u00e0 une audience de r\u00e8glement amiable&#8221; (Motifs de la d\u00e9cision). En l\u2019esp\u00e8ce, le juge a recueilli l\u2019avis des parties \u00e0 l\u2019audience. La valeur de cette condition est d\u2019assurer le respect du principe du contradictoire. Le sens est d\u2019encadrer strictement cette nouvelle pr\u00e9rogative proc\u00e9durale offerte au juge.<\/p>\n<p>L\u2019objectif poursuivi par l\u2019audience de r\u00e8glement amiable<br \/>\nLa finalit\u00e9 de cette audience est d\u00e9finie par la loi. Elle vise la r\u00e9solution amiable du diff\u00e9rend par un dialogue structur\u00e9. &#8220;L\u2019audience de r\u00e8glement amiable a pour finalit\u00e9 la r\u00e9solution amiable du diff\u00e9rend entre les parties, par la confrontation \u00e9quilibr\u00e9e de leurs points de vue&#8221; (Motifs de la d\u00e9cision). Le juge constate en l\u2019esp\u00e8ce que cette confrontation pourrait faciliter le r\u00e8glement. La port\u00e9e de cette analyse est d\u2019ancrer l\u2019institution dans une logique purement facultative et incitative. Elle ne impose aucune solution mais cr\u00e9e un cadre propice \u00e0 la recherche d\u2019un accord.<\/p>\n<p>Les effets imm\u00e9diats sur la proc\u00e9dure en cours<br \/>\nLa d\u00e9cision produit deux effets principaux sur l\u2019instance r\u00e9f\u00e9r\u00e9e. Elle entra\u00eene d\u2019abord la convocation des parties \u00e0 une audience sp\u00e9cifique. Elle ordonne ensuite le sursis \u00e0 statuer sur le fond des demandes. &#8220;Il y a enfin lieu de surseoir \u00e0 statuer sur l\u2019ensemble des demandes des parties&#8221; (Motifs de la d\u00e9cision). La valeur du sursis \u00e0 statuer est de suspendre temporairement l\u2019examen au fond. Le sens est de donner une chance \u00e0 l\u2019apaisement du conflit sans pour autant \u00e9teindre la proc\u00e9dure initiale. L\u2019affaire est renvoy\u00e9e \u00e0 une date ult\u00e9rieure pour permettre un retour devant le juge des r\u00e9f\u00e9r\u00e9s.<\/p>\n<\/div>\n","protected":false},"excerpt":{"rendered":"<p>Le tribunal judiciaire d\u2019Angers, statuant en r\u00e9f\u00e9r\u00e9 le 9 octobre 2025, a \u00e9t\u00e9 saisi d\u2019une demande incidente. Le juge a ordonn\u00e9 le renvoi des parties \u00e0 une aud&#8230;<\/p>\n","protected":false},"author":232070755,"featured_media":4918,"comment_status":"open","ping_status":"open","sticky":false,"template":"","format":"standard","meta":{"_crdt_document":"","_jetpack_newsletter_access":"","_jetpack_dont_email_post_to_subs":false,"_jetpack_newsletter_tier_id":0,"_jetpack_memberships_contains_paywalled_content":false,"_kj_source_type":"judilibre","_kj_official_id":"68ed5cb30da7cb996dca9989","_kj_official_url":"https:\/\/www.courdecassation.fr\/decision\/68ed5cb30da7cb996dca9989","_kj_judilibre_id":"68ed5cb30da7cb996dca9989","_kj_jur":"Tribunal judiciaire","_kj_lieu":"Tribunal judiciaire d'Angers","_kj_chambre":"R\u00e9f\u00e9r\u00e9s","_kj_rg":"25\/00038","_kj_date":"2025-10-09","_jetpack_memberships_contains_paid_content":false,"footnotes":"","jetpack_post_was_ever_published":false},"categories":[7597],"tags":[],"class_list":["post-637711","post","type-post","status-publish","format-standard","has-post-thumbnail","hentry","category-jurisprudence"],"yoast_head":"<!-- This site is optimized with the Yoast SEO Premium plugin v27.5 (Yoast SEO v27.5) - https:\/\/yoast.com\/product\/yoast-seo-premium-wordpress\/ -->\n<title>Tribunal judiciaire de Angers, le 9 octobre 2025, n\u00b025\/00038 - Ma\u00eetre Hassan Kohen, avocat en droit p\u00e9nal \u00e0 Paris<\/title>\n<meta name=\"description\" content=\"Le tribunal judiciaire d\u2019Angers, statuant en r\u00e9f\u00e9r\u00e9 le 9 octobre 2025, a \u00e9t\u00e9 saisi d\u2019une demande incidente. Le juge a ordonn\u00e9 le renvoi des parties \u00e0 une aud...\" \/>\n<meta name=\"robots\" content=\"index, follow, max-snippet:-1, max-image-preview:large, max-video-preview:-1\" \/>\n<link rel=\"canonical\" href=\"https:\/\/kohenavocats.com\/ar\/tribunal-judiciaire-de-angers-le-9-octobre-2025-n25-00038\/\" \/>\n<meta property=\"og:locale\" content=\"ar_AR\" \/>\n<meta property=\"og:type\" content=\"article\" \/>\n<meta property=\"og:title\" content=\"Tribunal judiciaire de Angers, le 9 octobre 2025, n\u00b025\/00038\" \/>\n<meta property=\"og:description\" content=\"Le tribunal judiciaire d\u2019Angers, statuant en r\u00e9f\u00e9r\u00e9 le 9 octobre 2025, a \u00e9t\u00e9 saisi d\u2019une demande incidente. Le juge a ordonn\u00e9 le renvoi des parties \u00e0 une aud...\" \/>\n<meta property=\"og:url\" content=\"https:\/\/kohenavocats.com\/ar\/tribunal-judiciaire-de-angers-le-9-octobre-2025-n25-00038\/\" \/>\n<meta property=\"og:site_name\" content=\"Ma\u00eetre Hassan Kohen, avocat en droit p\u00e9nal \u00e0 Paris\" \/>\n<meta property=\"article:published_time\" content=\"2026-04-21T15:01:59+00:00\" \/>\n<meta property=\"og:image\" content=\"https:\/\/kohenavocats.com\/wp-content\/uploads\/2024\/08\/diogo-nunes-bNEaIT3HIMk-unsplash.webp\" \/>\n\t<meta property=\"og:image:width\" content=\"4347\" \/>\n\t<meta property=\"og:image:height\" content=\"2898\" \/>\n\t<meta property=\"og:image:type\" content=\"image\/webp\" \/>\n<meta name=\"author\" content=\"Kohen\" \/>\n<meta name=\"twitter:card\" content=\"summary_large_image\" \/>\n<meta name=\"twitter:label1\" content=\"\u0643\u064f\u062a\u0628 \u0628\u0648\u0627\u0633\u0637\u0629\" \/>\n\t<meta name=\"twitter:data1\" content=\"Kohen\" \/>\n\t<meta name=\"twitter:label2\" content=\"\u0648\u0642\u062a \u0627\u0644\u0642\u0631\u0627\u0621\u0629 \u0627\u0644\u0645\u064f\u0642\u062f\u0651\u0631\" \/>\n\t<meta name=\"twitter:data2\" content=\"3 \u062f\u0642\u0627\u0626\u0642\" \/>\n<script type=\"application\/ld+json\" class=\"yoast-schema-graph\">{\"@context\":\"https:\\\/\\\/schema.org\",\"@graph\":[{\"@type\":\"Article\",\"@id\":\"https:\\\/\\\/kohenavocats.com\\\/ar\\\/tribunal-judiciaire-de-angers-le-9-octobre-2025-n25-00038\\\/#article\",\"isPartOf\":{\"@id\":\"https:\\\/\\\/kohenavocats.com\\\/ar\\\/tribunal-judiciaire-de-angers-le-9-octobre-2025-n25-00038\\\/\"},\"author\":{\"name\":\"Kohen\",\"@id\":\"https:\\\/\\\/kohenavocats.com\\\/ar\\\/#\\\/schema\\\/person\\\/761c9ba54fa1ca84d405cef0831ff751\"},\"headline\":\"Tribunal judiciaire de Angers, le 9 octobre 2025, n\u00b025\\\/00038\",\"datePublished\":\"2026-04-21T15:01:59+00:00\",\"mainEntityOfPage\":{\"@id\":\"https:\\\/\\\/kohenavocats.com\\\/ar\\\/tribunal-judiciaire-de-angers-le-9-octobre-2025-n25-00038\\\/\"},\"wordCount\":563,\"commentCount\":0,\"publisher\":{\"@id\":\"https:\\\/\\\/kohenavocats.com\\\/ar\\\/#organization\"},\"image\":{\"@id\":\"https:\\\/\\\/kohenavocats.com\\\/ar\\\/tribunal-judiciaire-de-angers-le-9-octobre-2025-n25-00038\\\/#primaryimage\"},\"thumbnailUrl\":\"https:\\\/\\\/kohenavocats.com\\\/wp-content\\\/uploads\\\/2024\\\/08\\\/diogo-nunes-bNEaIT3HIMk-unsplash.webp\",\"articleSection\":[\"Jurisprudence\"],\"inLanguage\":\"ar\",\"potentialAction\":[{\"@type\":\"CommentAction\",\"name\":\"Comment\",\"target\":[\"https:\\\/\\\/kohenavocats.com\\\/ar\\\/tribunal-judiciaire-de-angers-le-9-octobre-2025-n25-00038\\\/#respond\"]}],\"citation\":\"Tribunal judiciaire de Angers, le 9 octobre 2025, n\u00b025\\\/00038\",\"about\":[{\"@type\":\"Thing\",\"name\":\"Jurisprudence\"}],\"dateModified\":\"2026-04-21T15:01:59+00:00\",\"speakable\":{\"@type\":\"SpeakableSpecification\",\"cssSelector\":[\".article-content > p:first-of-type\"]}},{\"@type\":\"WebPage\",\"@id\":\"https:\\\/\\\/kohenavocats.com\\\/ar\\\/tribunal-judiciaire-de-angers-le-9-octobre-2025-n25-00038\\\/\",\"url\":\"https:\\\/\\\/kohenavocats.com\\\/ar\\\/tribunal-judiciaire-de-angers-le-9-octobre-2025-n25-00038\\\/\",\"name\":\"Tribunal judiciaire de Angers, le 9 octobre 2025, n\u00b025\\\/00038 - Ma\u00eetre Hassan Kohen, avocat en droit p\u00e9nal \u00e0 Paris\",\"isPartOf\":{\"@id\":\"https:\\\/\\\/kohenavocats.com\\\/ar\\\/#website\"},\"primaryImageOfPage\":{\"@id\":\"https:\\\/\\\/kohenavocats.com\\\/ar\\\/tribunal-judiciaire-de-angers-le-9-octobre-2025-n25-00038\\\/#primaryimage\"},\"image\":{\"@id\":\"https:\\\/\\\/kohenavocats.com\\\/ar\\\/tribunal-judiciaire-de-angers-le-9-octobre-2025-n25-00038\\\/#primaryimage\"},\"thumbnailUrl\":\"https:\\\/\\\/kohenavocats.com\\\/wp-content\\\/uploads\\\/2024\\\/08\\\/diogo-nunes-bNEaIT3HIMk-unsplash.webp\",\"datePublished\":\"2026-04-21T15:01:59+00:00\",\"description\":\"Le tribunal judiciaire d\u2019Angers, statuant en r\u00e9f\u00e9r\u00e9 le 9 octobre 2025, a \u00e9t\u00e9 saisi d\u2019une demande incidente. Le juge a ordonn\u00e9 le renvoi des parties \u00e0 une aud...\",\"breadcrumb\":{\"@id\":\"https:\\\/\\\/kohenavocats.com\\\/ar\\\/tribunal-judiciaire-de-angers-le-9-octobre-2025-n25-00038\\\/#breadcrumb\"},\"inLanguage\":\"ar\",\"potentialAction\":[{\"@type\":\"ReadAction\",\"target\":[\"https:\\\/\\\/kohenavocats.com\\\/ar\\\/tribunal-judiciaire-de-angers-le-9-octobre-2025-n25-00038\\\/\"]}]},{\"@type\":\"ImageObject\",\"inLanguage\":\"ar\",\"@id\":\"https:\\\/\\\/kohenavocats.com\\\/ar\\\/tribunal-judiciaire-de-angers-le-9-octobre-2025-n25-00038\\\/#primaryimage\",\"url\":\"https:\\\/\\\/kohenavocats.com\\\/wp-content\\\/uploads\\\/2024\\\/08\\\/diogo-nunes-bNEaIT3HIMk-unsplash.webp\",\"contentUrl\":\"https:\\\/\\\/kohenavocats.com\\\/wp-content\\\/uploads\\\/2024\\\/08\\\/diogo-nunes-bNEaIT3HIMk-unsplash.webp\",\"width\":4347,\"height\":2898},{\"@type\":\"BreadcrumbList\",\"@id\":\"https:\\\/\\\/kohenavocats.com\\\/ar\\\/tribunal-judiciaire-de-angers-le-9-octobre-2025-n25-00038\\\/#breadcrumb\",\"itemListElement\":[{\"@type\":\"ListItem\",\"position\":1,\"name\":\"Home\",\"item\":\"https:\\\/\\\/kohenavocats.com\\\/ar\\\/%d9%85%d8%ad%d8%a7%d9%85%d9%88%d9%86-%d9%85%d8%aa%d8%ae%d8%b5%d8%b5%d9%88%d9%86-%d9%81%d9%8a-%d8%a7%d9%84%d9%82%d8%a7%d9%86%d9%88%d9%86-%d8%a7%d9%84%d8%ac%d9%86%d8%a7%d8%a6%d9%8a-%d8%a8%d8%a8%d8%a7\\\/\"},{\"@type\":\"ListItem\",\"position\":2,\"name\":\"Tribunal judiciaire de Angers, le 9 octobre 2025, n\u00b025\\\/00038\"}]},{\"@type\":\"WebSite\",\"@id\":\"https:\\\/\\\/kohenavocats.com\\\/ar\\\/#website\",\"url\":\"https:\\\/\\\/kohenavocats.com\\\/ar\\\/\",\"name\":\"Kohen Avocats\",\"description\":\"Ma\u00eetre Hassan Kohen, avocat p\u00e9naliste \u00e0 Paris, intervient exclusivement en droit p\u00e9nal pour la d\u00e9fense des particuliers, notamment en mati\u00e8re d\u2019accusations de viol. Il assure un accompagnement rigoureux d\u00e8s la garde \u00e0 vue jusqu\u2019\u00e0 la Cour d\u2019assises, veillant au strict respect des garanties proc\u00e9durales.\",\"publisher\":{\"@id\":\"https:\\\/\\\/kohenavocats.com\\\/ar\\\/#organization\"},\"potentialAction\":[{\"@type\":\"SearchAction\",\"target\":{\"@type\":\"EntryPoint\",\"urlTemplate\":\"https:\\\/\\\/kohenavocats.com\\\/ar\\\/?s={search_term_string}\"},\"query-input\":{\"@type\":\"PropertyValueSpecification\",\"valueRequired\":true,\"valueName\":\"search_term_string\"}}],\"inLanguage\":\"ar\"},{\"@type\":\"Organization\",\"@id\":\"https:\\\/\\\/kohenavocats.com\\\/ar\\\/#organization\",\"name\":\"Kohen Avocats\",\"url\":\"https:\\\/\\\/kohenavocats.com\\\/ar\\\/\",\"logo\":{\"@type\":\"ImageObject\",\"inLanguage\":\"ar\",\"@id\":\"https:\\\/\\\/kohenavocats.com\\\/ar\\\/#\\\/schema\\\/logo\\\/image\\\/\",\"url\":\"https:\\\/\\\/kohenavocats.com\\\/wp-content\\\/uploads\\\/2026\\\/01\\\/Logo-2-1.webp\",\"contentUrl\":\"https:\\\/\\\/kohenavocats.com\\\/wp-content\\\/uploads\\\/2026\\\/01\\\/Logo-2-1.webp\",\"width\":2114,\"height\":1253,\"caption\":\"Kohen Avocats\"},\"image\":{\"@id\":\"https:\\\/\\\/kohenavocats.com\\\/ar\\\/#\\\/schema\\\/logo\\\/image\\\/\"}},{\"@type\":\"Person\",\"@id\":\"https:\\\/\\\/kohenavocats.com\\\/ar\\\/#\\\/schema\\\/person\\\/761c9ba54fa1ca84d405cef0831ff751\",\"name\":\"Kohen\",\"image\":{\"@type\":\"ImageObject\",\"inLanguage\":\"ar\",\"@id\":\"https:\\\/\\\/secure.gravatar.com\\\/avatar\\\/1c5e76ef76bbbfdd2b4da984e2bf2fa4056fd51a27d25ce2c332047f1dfd6e00?s=96&d=identicon&r=g\",\"url\":\"https:\\\/\\\/secure.gravatar.com\\\/avatar\\\/1c5e76ef76bbbfdd2b4da984e2bf2fa4056fd51a27d25ce2c332047f1dfd6e00?s=96&d=identicon&r=g\",\"contentUrl\":\"https:\\\/\\\/secure.gravatar.com\\\/avatar\\\/1c5e76ef76bbbfdd2b4da984e2bf2fa4056fd51a27d25ce2c332047f1dfd6e00?s=96&d=identicon&r=g\",\"caption\":\"Kohen\"},\"sameAs\":[\"https:\\\/\\\/www.linkedin.com\\\/in\\\/hassan-kohen-448548192\\\/\",\"https:\\\/\\\/www.youtube.com\\\/@Kohen-Avocats\"],\"url\":\"https:\\\/\\\/kohenavocats.com\\\/ar\\\/author\\\/kohenmlk\\\/\"}]}<\/script>\n<!-- \/ Yoast SEO Premium plugin. -->","yoast_head_json":{"title":"Tribunal judiciaire de Angers, le 9 octobre 2025, n\u00b025\/00038 - Ma\u00eetre Hassan Kohen, avocat en droit p\u00e9nal \u00e0 Paris","description":"Le tribunal judiciaire d\u2019Angers, statuant en r\u00e9f\u00e9r\u00e9 le 9 octobre 2025, a \u00e9t\u00e9 saisi d\u2019une demande incidente. Le juge a ordonn\u00e9 le renvoi des parties \u00e0 une aud...","robots":{"index":"index","follow":"follow","max-snippet":"max-snippet:-1","max-image-preview":"max-image-preview:large","max-video-preview":"max-video-preview:-1"},"canonical":"https:\/\/kohenavocats.com\/ar\/tribunal-judiciaire-de-angers-le-9-octobre-2025-n25-00038\/","og_locale":"ar_AR","og_type":"article","og_title":"Tribunal judiciaire de Angers, le 9 octobre 2025, n\u00b025\/00038","og_description":"Le tribunal judiciaire d\u2019Angers, statuant en r\u00e9f\u00e9r\u00e9 le 9 octobre 2025, a \u00e9t\u00e9 saisi d\u2019une demande incidente. Le juge a ordonn\u00e9 le renvoi des parties \u00e0 une aud...","og_url":"https:\/\/kohenavocats.com\/ar\/tribunal-judiciaire-de-angers-le-9-octobre-2025-n25-00038\/","og_site_name":"Ma\u00eetre Hassan Kohen, avocat en droit p\u00e9nal \u00e0 Paris","article_published_time":"2026-04-21T15:01:59+00:00","og_image":[{"width":4347,"height":2898,"url":"https:\/\/kohenavocats.com\/wp-content\/uploads\/2024\/08\/diogo-nunes-bNEaIT3HIMk-unsplash.webp","type":"image\/webp"}],"author":"Kohen","twitter_card":"summary_large_image","twitter_misc":{"\u0643\u064f\u062a\u0628 \u0628\u0648\u0627\u0633\u0637\u0629":"Kohen","\u0648\u0642\u062a \u0627\u0644\u0642\u0631\u0627\u0621\u0629 \u0627\u0644\u0645\u064f\u0642\u062f\u0651\u0631":"3 \u062f\u0642\u0627\u0626\u0642"},"schema":{"@context":"https:\/\/schema.org","@graph":[{"@type":"Article","@id":"https:\/\/kohenavocats.com\/ar\/tribunal-judiciaire-de-angers-le-9-octobre-2025-n25-00038\/#article","isPartOf":{"@id":"https:\/\/kohenavocats.com\/ar\/tribunal-judiciaire-de-angers-le-9-octobre-2025-n25-00038\/"},"author":{"name":"Kohen","@id":"https:\/\/kohenavocats.com\/ar\/#\/schema\/person\/761c9ba54fa1ca84d405cef0831ff751"},"headline":"Tribunal judiciaire de Angers, le 9 octobre 2025, n\u00b025\/00038","datePublished":"2026-04-21T15:01:59+00:00","mainEntityOfPage":{"@id":"https:\/\/kohenavocats.com\/ar\/tribunal-judiciaire-de-angers-le-9-octobre-2025-n25-00038\/"},"wordCount":563,"commentCount":0,"publisher":{"@id":"https:\/\/kohenavocats.com\/ar\/#organization"},"image":{"@id":"https:\/\/kohenavocats.com\/ar\/tribunal-judiciaire-de-angers-le-9-octobre-2025-n25-00038\/#primaryimage"},"thumbnailUrl":"https:\/\/kohenavocats.com\/wp-content\/uploads\/2024\/08\/diogo-nunes-bNEaIT3HIMk-unsplash.webp","articleSection":["Jurisprudence"],"inLanguage":"ar","potentialAction":[{"@type":"CommentAction","name":"Comment","target":["https:\/\/kohenavocats.com\/ar\/tribunal-judiciaire-de-angers-le-9-octobre-2025-n25-00038\/#respond"]}],"citation":"Tribunal judiciaire de Angers, le 9 octobre 2025, n\u00b025\/00038","about":[{"@type":"Thing","name":"Jurisprudence"}],"dateModified":"2026-04-21T15:01:59+00:00","speakable":{"@type":"SpeakableSpecification","cssSelector":[".article-content > p:first-of-type"]}},{"@type":"WebPage","@id":"https:\/\/kohenavocats.com\/ar\/tribunal-judiciaire-de-angers-le-9-octobre-2025-n25-00038\/","url":"https:\/\/kohenavocats.com\/ar\/tribunal-judiciaire-de-angers-le-9-octobre-2025-n25-00038\/","name":"Tribunal judiciaire de Angers, le 9 octobre 2025, n\u00b025\/00038 - Ma\u00eetre Hassan Kohen, avocat en droit p\u00e9nal \u00e0 Paris","isPartOf":{"@id":"https:\/\/kohenavocats.com\/ar\/#website"},"primaryImageOfPage":{"@id":"https:\/\/kohenavocats.com\/ar\/tribunal-judiciaire-de-angers-le-9-octobre-2025-n25-00038\/#primaryimage"},"image":{"@id":"https:\/\/kohenavocats.com\/ar\/tribunal-judiciaire-de-angers-le-9-octobre-2025-n25-00038\/#primaryimage"},"thumbnailUrl":"https:\/\/kohenavocats.com\/wp-content\/uploads\/2024\/08\/diogo-nunes-bNEaIT3HIMk-unsplash.webp","datePublished":"2026-04-21T15:01:59+00:00","description":"Le tribunal judiciaire d\u2019Angers, statuant en r\u00e9f\u00e9r\u00e9 le 9 octobre 2025, a \u00e9t\u00e9 saisi d\u2019une demande incidente. Le juge a ordonn\u00e9 le renvoi des parties \u00e0 une aud...","breadcrumb":{"@id":"https:\/\/kohenavocats.com\/ar\/tribunal-judiciaire-de-angers-le-9-octobre-2025-n25-00038\/#breadcrumb"},"inLanguage":"ar","potentialAction":[{"@type":"ReadAction","target":["https:\/\/kohenavocats.com\/ar\/tribunal-judiciaire-de-angers-le-9-octobre-2025-n25-00038\/"]}]},{"@type":"ImageObject","inLanguage":"ar","@id":"https:\/\/kohenavocats.com\/ar\/tribunal-judiciaire-de-angers-le-9-octobre-2025-n25-00038\/#primaryimage","url":"https:\/\/kohenavocats.com\/wp-content\/uploads\/2024\/08\/diogo-nunes-bNEaIT3HIMk-unsplash.webp","contentUrl":"https:\/\/kohenavocats.com\/wp-content\/uploads\/2024\/08\/diogo-nunes-bNEaIT3HIMk-unsplash.webp","width":4347,"height":2898},{"@type":"BreadcrumbList","@id":"https:\/\/kohenavocats.com\/ar\/tribunal-judiciaire-de-angers-le-9-octobre-2025-n25-00038\/#breadcrumb","itemListElement":[{"@type":"ListItem","position":1,"name":"Home","item":"https:\/\/kohenavocats.com\/ar\/%d9%85%d8%ad%d8%a7%d9%85%d9%88%d9%86-%d9%85%d8%aa%d8%ae%d8%b5%d8%b5%d9%88%d9%86-%d9%81%d9%8a-%d8%a7%d9%84%d9%82%d8%a7%d9%86%d9%88%d9%86-%d8%a7%d9%84%d8%ac%d9%86%d8%a7%d8%a6%d9%8a-%d8%a8%d8%a8%d8%a7\/"},{"@type":"ListItem","position":2,"name":"Tribunal judiciaire de Angers, le 9 octobre 2025, n\u00b025\/00038"}]},{"@type":"WebSite","@id":"https:\/\/kohenavocats.com\/ar\/#website","url":"https:\/\/kohenavocats.com\/ar\/","name":"Kohen Avocats","description":"Ma\u00eetre Hassan Kohen, avocat p\u00e9naliste \u00e0 Paris, intervient exclusivement en droit p\u00e9nal pour la d\u00e9fense des particuliers, notamment en mati\u00e8re d\u2019accusations de viol. Il assure un accompagnement rigoureux d\u00e8s la garde \u00e0 vue jusqu\u2019\u00e0 la Cour d\u2019assises, veillant au strict respect des garanties proc\u00e9durales.","publisher":{"@id":"https:\/\/kohenavocats.com\/ar\/#organization"},"potentialAction":[{"@type":"SearchAction","target":{"@type":"EntryPoint","urlTemplate":"https:\/\/kohenavocats.com\/ar\/?s={search_term_string}"},"query-input":{"@type":"PropertyValueSpecification","valueRequired":true,"valueName":"search_term_string"}}],"inLanguage":"ar"},{"@type":"Organization","@id":"https:\/\/kohenavocats.com\/ar\/#organization","name":"Kohen Avocats","url":"https:\/\/kohenavocats.com\/ar\/","logo":{"@type":"ImageObject","inLanguage":"ar","@id":"https:\/\/kohenavocats.com\/ar\/#\/schema\/logo\/image\/","url":"https:\/\/kohenavocats.com\/wp-content\/uploads\/2026\/01\/Logo-2-1.webp","contentUrl":"https:\/\/kohenavocats.com\/wp-content\/uploads\/2026\/01\/Logo-2-1.webp","width":2114,"height":1253,"caption":"Kohen Avocats"},"image":{"@id":"https:\/\/kohenavocats.com\/ar\/#\/schema\/logo\/image\/"}},{"@type":"Person","@id":"https:\/\/kohenavocats.com\/ar\/#\/schema\/person\/761c9ba54fa1ca84d405cef0831ff751","name":"Kohen","image":{"@type":"ImageObject","inLanguage":"ar","@id":"https:\/\/secure.gravatar.com\/avatar\/1c5e76ef76bbbfdd2b4da984e2bf2fa4056fd51a27d25ce2c332047f1dfd6e00?s=96&d=identicon&r=g","url":"https:\/\/secure.gravatar.com\/avatar\/1c5e76ef76bbbfdd2b4da984e2bf2fa4056fd51a27d25ce2c332047f1dfd6e00?s=96&d=identicon&r=g","contentUrl":"https:\/\/secure.gravatar.com\/avatar\/1c5e76ef76bbbfdd2b4da984e2bf2fa4056fd51a27d25ce2c332047f1dfd6e00?s=96&d=identicon&r=g","caption":"Kohen"},"sameAs":["https:\/\/www.linkedin.com\/in\/hassan-kohen-448548192\/","https:\/\/www.youtube.com\/@Kohen-Avocats"],"url":"https:\/\/kohenavocats.com\/ar\/author\/kohenmlk\/"}]}},"jetpack_featured_media_url":"https:\/\/kohenavocats.com\/wp-content\/uploads\/2024\/08\/diogo-nunes-bNEaIT3HIMk-unsplash.webp","jetpack_likes_enabled":false,"jetpack_shortlink":"https:\/\/wp.me\/peCrII-2FTF","jetpack-related-posts":[{"id":415925,"url":"https:\/\/kohenavocats.com\/ar\/cour-dappel-de-angers-le-22-mai-2012-n11-00540\/","url_meta":{"origin":637711,"position":0},"title":"Cour d&#8217;appel de Angers, le 22 mai 2012, n\u00b011\/00540","author":"Kohen","date":"22 \u0645\u0627\u0631\u0633\u060c 2026","format":false,"excerpt":"Un salari\u00e9 engag\u00e9 en contrat \u00e0 dur\u00e9e d\u00e9termin\u00e9e puis poursuivant la relation de travail sans nouvel \u00e9crit a remis \u00e0 son employeur un document dat\u00e9 du 1er octobre 2010. Ce document indiquait rompre le contrat \u00ab pour incompatibilit\u00e9 avec la Direction \u00bb et \u00e9tait pr\u00e9cis\u00e9 \u00eatre \u00ab fait d'un commun\u2026","rel":"","context":"\u0641\u064a &quot;Cour d'appel&quot;","block_context":{"text":"Cour d'appel","link":"https:\/\/kohenavocats.com\/category\/cour-dappel\/"},"img":{"alt_text":"","src":"https:\/\/i0.wp.com\/kohenavocats.com\/wp-content\/uploads\/2024\/11\/kamran-abdullayev-KGkwMo7r-kA-unsplash.webp?resize=350%2C200&ssl=1","width":350,"height":200,"srcset":"https:\/\/i0.wp.com\/kohenavocats.com\/wp-content\/uploads\/2024\/11\/kamran-abdullayev-KGkwMo7r-kA-unsplash.webp?resize=350%2C200&ssl=1 1x, https:\/\/i0.wp.com\/kohenavocats.com\/wp-content\/uploads\/2024\/11\/kamran-abdullayev-KGkwMo7r-kA-unsplash.webp?resize=525%2C300&ssl=1 1.5x, https:\/\/i0.wp.com\/kohenavocats.com\/wp-content\/uploads\/2024\/11\/kamran-abdullayev-KGkwMo7r-kA-unsplash.webp?resize=700%2C400&ssl=1 2x, https:\/\/i0.wp.com\/kohenavocats.com\/wp-content\/uploads\/2024\/11\/kamran-abdullayev-KGkwMo7r-kA-unsplash.webp?resize=1050%2C600&ssl=1 3x, https:\/\/i0.wp.com\/kohenavocats.com\/wp-content\/uploads\/2024\/11\/kamran-abdullayev-KGkwMo7r-kA-unsplash.webp?resize=1400%2C800&ssl=1 4x"},"classes":[]},{"id":683982,"url":"https:\/\/kohenavocats.com\/ar\/tribunal-judiciaire-de-angers-le-19-juin-2025-n25-00249\/","url_meta":{"origin":637711,"position":1},"title":"Tribunal judiciaire de Angers, le 19 juin 2025, n\u00b025\/00249","author":"Kohen","date":"25 \u0623\u0628\u0631\u064a\u0644\u060c 2026","format":false,"excerpt":"Rendue par le Tribunal judiciaire d\u2019Angers le 19 juin 2025, l\u2019ordonnance de r\u00e9f\u00e9r\u00e9 commente l\u2019usage des audiences de r\u00e8glement amiable nouvellement consacr\u00e9e...","rel":"","context":"\u0641\u064a &quot;Jurisprudence&quot;","block_context":{"text":"Jurisprudence","link":"https:\/\/kohenavocats.com\/category\/jurisprudence\/"},"img":{"alt_text":"","src":"https:\/\/i0.wp.com\/kohenavocats.com\/wp-content\/uploads\/2024\/06\/pexels-pavel-danilyuk-8112201.jpg?resize=350%2C200&ssl=1","width":350,"height":200,"srcset":"https:\/\/i0.wp.com\/kohenavocats.com\/wp-content\/uploads\/2024\/06\/pexels-pavel-danilyuk-8112201.jpg?resize=350%2C200&ssl=1 1x, https:\/\/i0.wp.com\/kohenavocats.com\/wp-content\/uploads\/2024\/06\/pexels-pavel-danilyuk-8112201.jpg?resize=525%2C300&ssl=1 1.5x, https:\/\/i0.wp.com\/kohenavocats.com\/wp-content\/uploads\/2024\/06\/pexels-pavel-danilyuk-8112201.jpg?resize=700%2C400&ssl=1 2x, https:\/\/i0.wp.com\/kohenavocats.com\/wp-content\/uploads\/2024\/06\/pexels-pavel-danilyuk-8112201.jpg?resize=1050%2C600&ssl=1 3x, https:\/\/i0.wp.com\/kohenavocats.com\/wp-content\/uploads\/2024\/06\/pexels-pavel-danilyuk-8112201.jpg?resize=1400%2C800&ssl=1 4x"},"classes":[]},{"id":489100,"url":"https:\/\/kohenavocats.com\/ar\/tribunal-judiciaire-de-angers-le-9-decembre-2025-n25-00513\/","url_meta":{"origin":637711,"position":2},"title":"Tribunal judiciaire de Angers, le 9 d\u00e9cembre 2025, n\u00b025\/00513","author":"Kohen","date":"8 \u0623\u0628\u0631\u064a\u0644\u060c 2026","format":false,"excerpt":"Le tribunal judiciaire d\u2019Angers, statuant en r\u00e9f\u00e9r\u00e9 le 9 d\u00e9cembre 2025, a examin\u00e9 une demande d\u2019extension d\u2019une expertise. Le juge a ordonn\u00e9 cette extension ...","rel":"","context":"\u0641\u064a &quot;Jurisprudence&quot;","block_context":{"text":"Jurisprudence","link":"https:\/\/kohenavocats.com\/category\/jurisprudence\/"},"img":{"alt_text":"","src":"https:\/\/i0.wp.com\/kohenavocats.com\/wp-content\/uploads\/2024\/08\/stephanie-leblanc-h5RH0srRrwY-unsplash.webp?resize=350%2C200&ssl=1","width":350,"height":200,"srcset":"https:\/\/i0.wp.com\/kohenavocats.com\/wp-content\/uploads\/2024\/08\/stephanie-leblanc-h5RH0srRrwY-unsplash.webp?resize=350%2C200&ssl=1 1x, https:\/\/i0.wp.com\/kohenavocats.com\/wp-content\/uploads\/2024\/08\/stephanie-leblanc-h5RH0srRrwY-unsplash.webp?resize=525%2C300&ssl=1 1.5x, https:\/\/i0.wp.com\/kohenavocats.com\/wp-content\/uploads\/2024\/08\/stephanie-leblanc-h5RH0srRrwY-unsplash.webp?resize=700%2C400&ssl=1 2x, https:\/\/i0.wp.com\/kohenavocats.com\/wp-content\/uploads\/2024\/08\/stephanie-leblanc-h5RH0srRrwY-unsplash.webp?resize=1050%2C600&ssl=1 3x, https:\/\/i0.wp.com\/kohenavocats.com\/wp-content\/uploads\/2024\/08\/stephanie-leblanc-h5RH0srRrwY-unsplash.webp?resize=1400%2C800&ssl=1 4x"},"classes":[]},{"id":422159,"url":"https:\/\/kohenavocats.com\/ar\/cour-dappel-de-angers-le-6-decembre-2011-n10-00039\/","url_meta":{"origin":637711,"position":3},"title":"Cour d&#8217;appel de Angers, le 6 d\u00e9cembre 2011, n\u00b010\/00039","author":"Kohen","date":"22 \u0645\u0627\u0631\u0633\u060c 2026","format":false,"excerpt":"Une assistante maternelle avait engag\u00e9 une salari\u00e9e sous contrat \u00e0 dur\u00e9e ind\u00e9termin\u00e9e. La salari\u00e9e a d\u00e9missionn\u00e9 sans observer le pr\u00e9avis contractuel. L\u2019employeur a saisi la formation de r\u00e9f\u00e9r\u00e9 du conseil de prud\u2019hommes pour obtenir le paiement d\u2019une indemnit\u00e9 compensatrice. Par ordonnance du 29 d\u00e9cembre 2009, le conseil de prud\u2019hommes d\u2019Angers\u2026","rel":"","context":"\u0641\u064a &quot;Cour d'appel&quot;","block_context":{"text":"Cour d'appel","link":"https:\/\/kohenavocats.com\/category\/cour-dappel\/"},"img":{"alt_text":"","src":"https:\/\/i0.wp.com\/kohenavocats.com\/wp-content\/uploads\/2024\/07\/corentin-J5TYAxwQoM8-unsplash.webp?resize=350%2C200&ssl=1","width":350,"height":200,"srcset":"https:\/\/i0.wp.com\/kohenavocats.com\/wp-content\/uploads\/2024\/07\/corentin-J5TYAxwQoM8-unsplash.webp?resize=350%2C200&ssl=1 1x, https:\/\/i0.wp.com\/kohenavocats.com\/wp-content\/uploads\/2024\/07\/corentin-J5TYAxwQoM8-unsplash.webp?resize=525%2C300&ssl=1 1.5x, https:\/\/i0.wp.com\/kohenavocats.com\/wp-content\/uploads\/2024\/07\/corentin-J5TYAxwQoM8-unsplash.webp?resize=700%2C400&ssl=1 2x, https:\/\/i0.wp.com\/kohenavocats.com\/wp-content\/uploads\/2024\/07\/corentin-J5TYAxwQoM8-unsplash.webp?resize=1050%2C600&ssl=1 3x, https:\/\/i0.wp.com\/kohenavocats.com\/wp-content\/uploads\/2024\/07\/corentin-J5TYAxwQoM8-unsplash.webp?resize=1400%2C800&ssl=1 4x"},"classes":[]},{"id":662809,"url":"https:\/\/kohenavocats.com\/ar\/tribunal-judiciaire-de-angers-le-25-septembre-2025-n25-00323\/","url_meta":{"origin":637711,"position":4},"title":"Tribunal judiciaire de Angers, le 25 septembre 2025, n\u00b025\/00323","author":"Kohen","date":"23 \u0623\u0628\u0631\u064a\u0644\u060c 2026","format":false,"excerpt":"Le tribunal judiciaire d\u2019Angers, statuant en r\u00e9f\u00e9r\u00e9 le 25 septembre 2025, a \u00e9t\u00e9 saisi d\u2019une demande en r\u00e9f\u00e9r\u00e9. Le juge a ordonn\u00e9 le renvoi des parties \u00e0 une ...","rel":"","context":"\u0641\u064a &quot;Jurisprudence&quot;","block_context":{"text":"Jurisprudence","link":"https:\/\/kohenavocats.com\/category\/jurisprudence\/"},"img":{"alt_text":"","src":"https:\/\/i0.wp.com\/kohenavocats.com\/wp-content\/uploads\/2024\/11\/martin-martz-vy6eb3gscTk-unsplash.webp?resize=350%2C200&ssl=1","width":350,"height":200,"srcset":"https:\/\/i0.wp.com\/kohenavocats.com\/wp-content\/uploads\/2024\/11\/martin-martz-vy6eb3gscTk-unsplash.webp?resize=350%2C200&ssl=1 1x, https:\/\/i0.wp.com\/kohenavocats.com\/wp-content\/uploads\/2024\/11\/martin-martz-vy6eb3gscTk-unsplash.webp?resize=525%2C300&ssl=1 1.5x, https:\/\/i0.wp.com\/kohenavocats.com\/wp-content\/uploads\/2024\/11\/martin-martz-vy6eb3gscTk-unsplash.webp?resize=700%2C400&ssl=1 2x, https:\/\/i0.wp.com\/kohenavocats.com\/wp-content\/uploads\/2024\/11\/martin-martz-vy6eb3gscTk-unsplash.webp?resize=1050%2C600&ssl=1 3x, https:\/\/i0.wp.com\/kohenavocats.com\/wp-content\/uploads\/2024\/11\/martin-martz-vy6eb3gscTk-unsplash.webp?resize=1400%2C800&ssl=1 4x"},"classes":[]},{"id":478330,"url":"https:\/\/kohenavocats.com\/ar\/tribunal-judiciaire-de-angers-le-22-mai-2025-n25-00582\/","url_meta":{"origin":637711,"position":5},"title":"Tribunal judiciaire de Angers, le 22 mai 2025, n\u00b025\/00582","author":"Kohen","date":"7 \u0623\u0628\u0631\u064a\u0644\u060c 2026","format":false,"excerpt":"Le tribunal judiciaire d\u2019Angers, statuant en r\u00e9f\u00e9r\u00e9 le 22 mai 2025, a \u00e9t\u00e9 saisi d\u2019une demande de mesures d\u2019instruction avant proc\u00e8s. La requ\u00e9rante a saisi le...","rel":"","context":"\u0641\u064a &quot;Jurisprudence&quot;","block_context":{"text":"Jurisprudence","link":"https:\/\/kohenavocats.com\/category\/jurisprudence\/"},"img":{"alt_text":"","src":"https:\/\/i0.wp.com\/kohenavocats.com\/wp-content\/uploads\/2024\/08\/nicolo-bettoni-4lAAYgIsEBI-unsplash.webp?resize=350%2C200&ssl=1","width":350,"height":200,"srcset":"https:\/\/i0.wp.com\/kohenavocats.com\/wp-content\/uploads\/2024\/08\/nicolo-bettoni-4lAAYgIsEBI-unsplash.webp?resize=350%2C200&ssl=1 1x, https:\/\/i0.wp.com\/kohenavocats.com\/wp-content\/uploads\/2024\/08\/nicolo-bettoni-4lAAYgIsEBI-unsplash.webp?resize=525%2C300&ssl=1 1.5x, https:\/\/i0.wp.com\/kohenavocats.com\/wp-content\/uploads\/2024\/08\/nicolo-bettoni-4lAAYgIsEBI-unsplash.webp?resize=700%2C400&ssl=1 2x, https:\/\/i0.wp.com\/kohenavocats.com\/wp-content\/uploads\/2024\/08\/nicolo-bettoni-4lAAYgIsEBI-unsplash.webp?resize=1050%2C600&ssl=1 3x, https:\/\/i0.wp.com\/kohenavocats.com\/wp-content\/uploads\/2024\/08\/nicolo-bettoni-4lAAYgIsEBI-unsplash.webp?resize=1400%2C800&ssl=1 4x"},"classes":[]}],"jetpack_sharing_enabled":true,"_links":{"self":[{"href":"https:\/\/kohenavocats.com\/ar\/wp-json\/wp\/v2\/posts\/637711","targetHints":{"allow":["GET"]}}],"collection":[{"href":"https:\/\/kohenavocats.com\/ar\/wp-json\/wp\/v2\/posts"}],"about":[{"href":"https:\/\/kohenavocats.com\/ar\/wp-json\/wp\/v2\/types\/post"}],"author":[{"embeddable":true,"href":"https:\/\/kohenavocats.com\/ar\/wp-json\/wp\/v2\/users\/232070755"}],"replies":[{"embeddable":true,"href":"https:\/\/kohenavocats.com\/ar\/wp-json\/wp\/v2\/comments?post=637711"}],"version-history":[{"count":0,"href":"https:\/\/kohenavocats.com\/ar\/wp-json\/wp\/v2\/posts\/637711\/revisions"}],"wp:featuredmedia":[{"embeddable":true,"href":"https:\/\/kohenavocats.com\/ar\/wp-json\/wp\/v2\/media\/4918"}],"wp:attachment":[{"href":"https:\/\/kohenavocats.com\/ar\/wp-json\/wp\/v2\/media?parent=637711"}],"wp:term":[{"taxonomy":"category","embeddable":true,"href":"https:\/\/kohenavocats.com\/ar\/wp-json\/wp\/v2\/categories?post=637711"},{"taxonomy":"post_tag","embeddable":true,"href":"https:\/\/kohenavocats.com\/ar\/wp-json\/wp\/v2\/tags?post=637711"}],"curies":[{"name":"wp","href":"https:\/\/api.w.org\/{rel}","templated":true}]}}