{"id":637909,"date":"2026-04-21T17:27:10","date_gmt":"2026-04-21T15:27:10","guid":{"rendered":"https:\/\/kohenavocats.com\/tribunal-judiciaire-de-beziers-le-7-novembre-2025-n24-01118\/"},"modified":"2026-04-21T17:27:10","modified_gmt":"2026-04-21T15:27:10","slug":"tribunal-judiciaire-de-beziers-le-7-novembre-2025-n24-01118","status":"publish","type":"post","link":"https:\/\/kohenavocats.com\/ar\/tribunal-judiciaire-de-beziers-le-7-novembre-2025-n24-01118\/","title":{"rendered":"Tribunal judiciaire de B\u00e9ziers, le 7 novembre 2025, n\u00b024\/01118"},"content":{"rendered":"<div class=\"article-content\">\n<p>Le juge de la mise en \u00e9tat du tribunal judiciaire de Saint-Gaudens, statuant par ordonnance du 7 novembre 2025, a examin\u00e9 une fin de non-recevoir. Celle-ci \u00e9tait tir\u00e9e de la prescription de l&#8217;action en r\u00e9vocation d&#8217;une donation pour cause d&#8217;ingratitude. La juridiction a rejet\u00e9 cette exception et d\u00e9clar\u00e9 la demande recevable. Elle a \u00e9galement statu\u00e9 sur les frais de la proc\u00e9dure incidente.<\/p>\n<p>Le point de d\u00e9part du d\u00e9lai pr\u00e9fix<\/p>\n<p>Le juge rappelle la nature particuli\u00e8re du d\u00e9lai applicable \u00e0 l&#8217;action en cause. Le d\u00e9lai d&#8217;un an fix\u00e9 par l\u2019article 957 pour l&#8217;exercice de l&#8217;action en r\u00e9vocation de donation pour cause d&#8217;ingratitude est un d\u00e9lai pr\u00e9fix non susceptible d&#8217;interruption ni de prolongation. Cette qualification en fait un terme rigoureux, distinct d&#8217;un d\u00e9lai de prescription ordinaire. La solution retenue concerne pr\u00e9cis\u00e9ment la d\u00e9termination de son point de d\u00e9part. Il est constant que, si les faits d\u00e9nonc\u00e9s \u00e0 l\u2019appui d\u2019une demande de r\u00e9vocation pour ingratitude forment un ensemble indivisible, la d\u00e9ch\u00e9ance pr\u00e9vue par l\u2019article 957 ne commence \u00e0 courir qu\u2019\u00e0 partir du dernier fait. Cette analyse permet de consid\u00e9rer une succession d&#8217;agissements comme un tout constitutif du d\u00e9lit d&#8217;ingratitude.<\/p>\n<p>La port\u00e9e de cette solution est pratique et protectrice pour l&#8217;auteur de la lib\u00e9ralit\u00e9. Elle \u00e9vite que le d\u00e9lai ne commence \u00e0 courir pr\u00e9matur\u00e9ment face \u00e0 un comportement fautif qui se prolonge ou s&#8217;aggrave. La valeur de cette interpr\u00e9tation r\u00e9side dans la coh\u00e9rence avec la finalit\u00e9 de l&#8217;action, qui est de sanctionner un comportement global. Elle rejoint la solution selon laquelle &#8220;la demande en r\u00e9vocation d&#8217;une donation pour cause d&#8217;ingratitude devra \u00eatre form\u00e9e dans l&#8217;ann\u00e9e, \u00e0 compter du jour du d\u00e9lit imput\u00e9 par le donateur au donataire, ou du jour que le d\u00e9lit aura pu \u00eatre connu par le donateur&#8221; (Cass. Premi\u00e8re chambre civile, le 27 janvier 2021, n\u00b019-18.278). L&#8217;application au cas d&#8217;esp\u00e8ce a permis de retenir la date du refus le plus r\u00e9cent pour calculer le d\u00e9lai.<\/p>\n<p>La qualification de la fin de non-recevoir<\/p>\n<p>La d\u00e9cision proc\u00e8de \u00e0 une qualification juridique pr\u00e9cise des moyens soulev\u00e9s par les parties. Aux termes de l\u2019article 122 du Code de proc\u00e9dure civile, constitue une fin de non-recevoir tout moyen qui tend \u00e0 faire d\u00e9clarer l&#8217;adversaire irrecevable en sa demande, sans examen au fond, pour d\u00e9faut de droit d&#8217;agir, tel le d\u00e9faut de qualit\u00e9, le d\u00e9faut d&#8217;int\u00e9r\u00eat, la prescription, le d\u00e9lai pr\u00e9fix, la chose jug\u00e9e. En l&#8217;esp\u00e8ce, le moyen tir\u00e9 de l&#8217;\u00e9coulement du d\u00e9lai de l&#8217;article 957 du code civil est bien une fin de non-recevoir. Le juge \u00e9carte cette fin sans examiner le fond du litige sur l&#8217;existence du refus d&#8217;aliments.<\/p>\n<p>Le sens de cette \u00e9tape proc\u00e9durale est essentiel pour la bonne administration de la justice. Elle permet d&#8217;\u00e9liminer rapidement les demandes irrecevables sans engager un d\u00e9bat sur le fond. La valeur de cette distinction est confirm\u00e9e par une jurisprudence constante, comme le rel\u00e8ve un autre tribunal : &#8220;Il est exact que la demande en r\u00e9vocation d&#8217;une donation doit \u00eatre form\u00e9e dans le d\u00e9lai pr\u00e9fix vis\u00e9 \u00e0 l&#8217;article 957 du code civil&#8221; (Tribunal judiciaire de Saint-Gaudens, le 7 novembre 2025, n\u00b022\/00588). La port\u00e9e de la d\u00e9cision est donc de valider la recevabilit\u00e9 de l&#8217;action, renvoyant l&#8217;examen au fond \u00e0 une phase ult\u00e9rieure. Le juge a ensuite exerc\u00e9 son pouvoir d&#8217;appr\u00e9ciation pour condamner la partie perdante de l&#8217;incident aux d\u00e9pens et \u00e0 une somme au titre de l&#8217;article 700 du code de proc\u00e9dure civile.<\/p>\n<\/div>\n","protected":false},"excerpt":{"rendered":"<p>Le juge de la mise en \u00e9tat du tribunal judiciaire de Saint-Gaudens, statuant par ordonnance du 7 novembre 2025, a examin\u00e9 une fin de non-recevoir. Celle-ci \u00e9&#8230;<\/p>\n","protected":false},"author":232070755,"featured_media":9668,"comment_status":"open","ping_status":"open","sticky":false,"template":"","format":"standard","meta":{"_crdt_document":"","_jetpack_newsletter_access":"","_jetpack_dont_email_post_to_subs":false,"_jetpack_newsletter_tier_id":0,"_jetpack_memberships_contains_paywalled_content":false,"_kj_source_type":"judilibre","_kj_official_id":"68f92db4de0ebe408daa1877","_kj_official_url":"https:\/\/www.courdecassation.fr\/decision\/68f92db4de0ebe408daa1877","_kj_judilibre_id":"68f92db4de0ebe408daa1877","_kj_jur":"Tribunal judiciaire","_kj_lieu":"Tribunal judiciaire de B\u00e9ziers","_kj_chambre":"Chambre 1 Section 6","_kj_rg":"24\/01118","_kj_date":"2025-10-09","_jetpack_memberships_contains_paid_content":false,"footnotes":"","jetpack_post_was_ever_published":false},"categories":[7597],"tags":[],"class_list":["post-637909","post","type-post","status-publish","format-standard","has-post-thumbnail","hentry","category-jurisprudence"],"yoast_head":"<!-- This site is optimized with the Yoast SEO Premium plugin v27.5 (Yoast SEO v27.5) - https:\/\/yoast.com\/product\/yoast-seo-premium-wordpress\/ -->\n<title>Tribunal judiciaire de B\u00e9ziers, le 7 novembre 2025, n\u00b024\/01118 - Ma\u00eetre Hassan Kohen, avocat en droit p\u00e9nal \u00e0 Paris<\/title>\n<meta name=\"description\" content=\"Le juge de la mise en \u00e9tat du tribunal judiciaire de Saint-Gaudens, statuant par ordonnance du 7 novembre 2025, a examin\u00e9 une fin de non-recevoir. Celle-ci \u00e9...\" \/>\n<meta name=\"robots\" content=\"index, follow, max-snippet:-1, max-image-preview:large, max-video-preview:-1\" \/>\n<link rel=\"canonical\" href=\"https:\/\/kohenavocats.com\/ar\/tribunal-judiciaire-de-beziers-le-7-novembre-2025-n24-01118\/\" \/>\n<meta property=\"og:locale\" content=\"ar_AR\" \/>\n<meta property=\"og:type\" content=\"article\" \/>\n<meta property=\"og:title\" content=\"Tribunal judiciaire de B\u00e9ziers, le 7 novembre 2025, n\u00b024\/01118\" \/>\n<meta property=\"og:description\" content=\"Le juge de la mise en \u00e9tat du tribunal judiciaire de Saint-Gaudens, statuant par ordonnance du 7 novembre 2025, a examin\u00e9 une fin de non-recevoir. Celle-ci \u00e9...\" \/>\n<meta property=\"og:url\" content=\"https:\/\/kohenavocats.com\/ar\/tribunal-judiciaire-de-beziers-le-7-novembre-2025-n24-01118\/\" \/>\n<meta property=\"og:site_name\" content=\"Ma\u00eetre Hassan Kohen, avocat en droit p\u00e9nal \u00e0 Paris\" \/>\n<meta property=\"article:published_time\" content=\"2026-04-21T15:27:10+00:00\" \/>\n<meta property=\"og:image\" content=\"https:\/\/kohenavocats.com\/wp-content\/uploads\/2024\/11\/n-c-gNefKC_WWXM-unsplash.webp\" \/>\n\t<meta property=\"og:image:width\" content=\"6000\" \/>\n\t<meta property=\"og:image:height\" content=\"4000\" \/>\n\t<meta property=\"og:image:type\" content=\"image\/webp\" \/>\n<meta name=\"author\" content=\"Kohen\" \/>\n<meta name=\"twitter:card\" content=\"summary_large_image\" \/>\n<meta name=\"twitter:label1\" content=\"\u0643\u064f\u062a\u0628 \u0628\u0648\u0627\u0633\u0637\u0629\" \/>\n\t<meta name=\"twitter:data1\" content=\"Kohen\" \/>\n\t<meta name=\"twitter:label2\" content=\"\u0648\u0642\u062a \u0627\u0644\u0642\u0631\u0627\u0621\u0629 \u0627\u0644\u0645\u064f\u0642\u062f\u0651\u0631\" \/>\n\t<meta name=\"twitter:data2\" content=\"3 \u062f\u0642\u0627\u0626\u0642\" \/>\n<script type=\"application\/ld+json\" class=\"yoast-schema-graph\">{\"@context\":\"https:\\\/\\\/schema.org\",\"@graph\":[{\"@type\":\"Article\",\"@id\":\"https:\\\/\\\/kohenavocats.com\\\/ar\\\/tribunal-judiciaire-de-beziers-le-7-novembre-2025-n24-01118\\\/#article\",\"isPartOf\":{\"@id\":\"https:\\\/\\\/kohenavocats.com\\\/ar\\\/tribunal-judiciaire-de-beziers-le-7-novembre-2025-n24-01118\\\/\"},\"author\":{\"name\":\"Kohen\",\"@id\":\"https:\\\/\\\/kohenavocats.com\\\/ar\\\/#\\\/schema\\\/person\\\/761c9ba54fa1ca84d405cef0831ff751\"},\"headline\":\"Tribunal judiciaire de B\u00e9ziers, le 7 novembre 2025, n\u00b024\\\/01118\",\"datePublished\":\"2026-04-21T15:27:10+00:00\",\"mainEntityOfPage\":{\"@id\":\"https:\\\/\\\/kohenavocats.com\\\/ar\\\/tribunal-judiciaire-de-beziers-le-7-novembre-2025-n24-01118\\\/\"},\"wordCount\":655,\"commentCount\":0,\"publisher\":{\"@id\":\"https:\\\/\\\/kohenavocats.com\\\/ar\\\/#organization\"},\"image\":{\"@id\":\"https:\\\/\\\/kohenavocats.com\\\/ar\\\/tribunal-judiciaire-de-beziers-le-7-novembre-2025-n24-01118\\\/#primaryimage\"},\"thumbnailUrl\":\"https:\\\/\\\/kohenavocats.com\\\/wp-content\\\/uploads\\\/2024\\\/11\\\/n-c-gNefKC_WWXM-unsplash.webp\",\"articleSection\":[\"Jurisprudence\"],\"inLanguage\":\"ar\",\"potentialAction\":[{\"@type\":\"CommentAction\",\"name\":\"Comment\",\"target\":[\"https:\\\/\\\/kohenavocats.com\\\/ar\\\/tribunal-judiciaire-de-beziers-le-7-novembre-2025-n24-01118\\\/#respond\"]}],\"citation\":\"Tribunal judiciaire de B\u00e9ziers, le 7 novembre 2025, n\u00b024\\\/01118\",\"about\":[{\"@type\":\"Thing\",\"name\":\"Jurisprudence\"}],\"dateModified\":\"2026-04-21T15:27:10+00:00\",\"speakable\":{\"@type\":\"SpeakableSpecification\",\"cssSelector\":[\".article-content > p:first-of-type\"]}},{\"@type\":\"WebPage\",\"@id\":\"https:\\\/\\\/kohenavocats.com\\\/ar\\\/tribunal-judiciaire-de-beziers-le-7-novembre-2025-n24-01118\\\/\",\"url\":\"https:\\\/\\\/kohenavocats.com\\\/ar\\\/tribunal-judiciaire-de-beziers-le-7-novembre-2025-n24-01118\\\/\",\"name\":\"Tribunal judiciaire de B\u00e9ziers, le 7 novembre 2025, n\u00b024\\\/01118 - Ma\u00eetre Hassan Kohen, avocat en droit p\u00e9nal \u00e0 Paris\",\"isPartOf\":{\"@id\":\"https:\\\/\\\/kohenavocats.com\\\/ar\\\/#website\"},\"primaryImageOfPage\":{\"@id\":\"https:\\\/\\\/kohenavocats.com\\\/ar\\\/tribunal-judiciaire-de-beziers-le-7-novembre-2025-n24-01118\\\/#primaryimage\"},\"image\":{\"@id\":\"https:\\\/\\\/kohenavocats.com\\\/ar\\\/tribunal-judiciaire-de-beziers-le-7-novembre-2025-n24-01118\\\/#primaryimage\"},\"thumbnailUrl\":\"https:\\\/\\\/kohenavocats.com\\\/wp-content\\\/uploads\\\/2024\\\/11\\\/n-c-gNefKC_WWXM-unsplash.webp\",\"datePublished\":\"2026-04-21T15:27:10+00:00\",\"description\":\"Le juge de la mise en \u00e9tat du tribunal judiciaire de Saint-Gaudens, statuant par ordonnance du 7 novembre 2025, a examin\u00e9 une fin de non-recevoir. Celle-ci \u00e9...\",\"breadcrumb\":{\"@id\":\"https:\\\/\\\/kohenavocats.com\\\/ar\\\/tribunal-judiciaire-de-beziers-le-7-novembre-2025-n24-01118\\\/#breadcrumb\"},\"inLanguage\":\"ar\",\"potentialAction\":[{\"@type\":\"ReadAction\",\"target\":[\"https:\\\/\\\/kohenavocats.com\\\/ar\\\/tribunal-judiciaire-de-beziers-le-7-novembre-2025-n24-01118\\\/\"]}]},{\"@type\":\"ImageObject\",\"inLanguage\":\"ar\",\"@id\":\"https:\\\/\\\/kohenavocats.com\\\/ar\\\/tribunal-judiciaire-de-beziers-le-7-novembre-2025-n24-01118\\\/#primaryimage\",\"url\":\"https:\\\/\\\/kohenavocats.com\\\/wp-content\\\/uploads\\\/2024\\\/11\\\/n-c-gNefKC_WWXM-unsplash.webp\",\"contentUrl\":\"https:\\\/\\\/kohenavocats.com\\\/wp-content\\\/uploads\\\/2024\\\/11\\\/n-c-gNefKC_WWXM-unsplash.webp\",\"width\":6000,\"height\":4000},{\"@type\":\"BreadcrumbList\",\"@id\":\"https:\\\/\\\/kohenavocats.com\\\/ar\\\/tribunal-judiciaire-de-beziers-le-7-novembre-2025-n24-01118\\\/#breadcrumb\",\"itemListElement\":[{\"@type\":\"ListItem\",\"position\":1,\"name\":\"Home\",\"item\":\"https:\\\/\\\/kohenavocats.com\\\/ar\\\/%d9%85%d8%ad%d8%a7%d9%85%d9%88%d9%86-%d9%85%d8%aa%d8%ae%d8%b5%d8%b5%d9%88%d9%86-%d9%81%d9%8a-%d8%a7%d9%84%d9%82%d8%a7%d9%86%d9%88%d9%86-%d8%a7%d9%84%d8%ac%d9%86%d8%a7%d8%a6%d9%8a-%d8%a8%d8%a8%d8%a7\\\/\"},{\"@type\":\"ListItem\",\"position\":2,\"name\":\"Tribunal judiciaire de B\u00e9ziers, le 7 novembre 2025, n\u00b024\\\/01118\"}]},{\"@type\":\"WebSite\",\"@id\":\"https:\\\/\\\/kohenavocats.com\\\/ar\\\/#website\",\"url\":\"https:\\\/\\\/kohenavocats.com\\\/ar\\\/\",\"name\":\"Kohen Avocats\",\"description\":\"Ma\u00eetre Hassan Kohen, avocat p\u00e9naliste \u00e0 Paris, intervient exclusivement en droit p\u00e9nal pour la d\u00e9fense des particuliers, notamment en mati\u00e8re d\u2019accusations de viol. Il assure un accompagnement rigoureux d\u00e8s la garde \u00e0 vue jusqu\u2019\u00e0 la Cour d\u2019assises, veillant au strict respect des garanties proc\u00e9durales.\",\"publisher\":{\"@id\":\"https:\\\/\\\/kohenavocats.com\\\/ar\\\/#organization\"},\"potentialAction\":[{\"@type\":\"SearchAction\",\"target\":{\"@type\":\"EntryPoint\",\"urlTemplate\":\"https:\\\/\\\/kohenavocats.com\\\/ar\\\/?s={search_term_string}\"},\"query-input\":{\"@type\":\"PropertyValueSpecification\",\"valueRequired\":true,\"valueName\":\"search_term_string\"}}],\"inLanguage\":\"ar\"},{\"@type\":\"Organization\",\"@id\":\"https:\\\/\\\/kohenavocats.com\\\/ar\\\/#organization\",\"name\":\"Kohen Avocats\",\"url\":\"https:\\\/\\\/kohenavocats.com\\\/ar\\\/\",\"logo\":{\"@type\":\"ImageObject\",\"inLanguage\":\"ar\",\"@id\":\"https:\\\/\\\/kohenavocats.com\\\/ar\\\/#\\\/schema\\\/logo\\\/image\\\/\",\"url\":\"https:\\\/\\\/kohenavocats.com\\\/wp-content\\\/uploads\\\/2026\\\/01\\\/Logo-2-1.webp\",\"contentUrl\":\"https:\\\/\\\/kohenavocats.com\\\/wp-content\\\/uploads\\\/2026\\\/01\\\/Logo-2-1.webp\",\"width\":2114,\"height\":1253,\"caption\":\"Kohen Avocats\"},\"image\":{\"@id\":\"https:\\\/\\\/kohenavocats.com\\\/ar\\\/#\\\/schema\\\/logo\\\/image\\\/\"}},{\"@type\":\"Person\",\"@id\":\"https:\\\/\\\/kohenavocats.com\\\/ar\\\/#\\\/schema\\\/person\\\/761c9ba54fa1ca84d405cef0831ff751\",\"name\":\"Kohen\",\"image\":{\"@type\":\"ImageObject\",\"inLanguage\":\"ar\",\"@id\":\"https:\\\/\\\/secure.gravatar.com\\\/avatar\\\/1c5e76ef76bbbfdd2b4da984e2bf2fa4056fd51a27d25ce2c332047f1dfd6e00?s=96&d=identicon&r=g\",\"url\":\"https:\\\/\\\/secure.gravatar.com\\\/avatar\\\/1c5e76ef76bbbfdd2b4da984e2bf2fa4056fd51a27d25ce2c332047f1dfd6e00?s=96&d=identicon&r=g\",\"contentUrl\":\"https:\\\/\\\/secure.gravatar.com\\\/avatar\\\/1c5e76ef76bbbfdd2b4da984e2bf2fa4056fd51a27d25ce2c332047f1dfd6e00?s=96&d=identicon&r=g\",\"caption\":\"Kohen\"},\"sameAs\":[\"https:\\\/\\\/www.linkedin.com\\\/in\\\/hassan-kohen-448548192\\\/\",\"https:\\\/\\\/www.youtube.com\\\/@Kohen-Avocats\"],\"url\":\"https:\\\/\\\/kohenavocats.com\\\/ar\\\/author\\\/kohenmlk\\\/\"}]}<\/script>\n<!-- \/ Yoast SEO Premium plugin. -->","yoast_head_json":{"title":"Tribunal judiciaire de B\u00e9ziers, le 7 novembre 2025, n\u00b024\/01118 - Ma\u00eetre Hassan Kohen, avocat en droit p\u00e9nal \u00e0 Paris","description":"Le juge de la mise en \u00e9tat du tribunal judiciaire de Saint-Gaudens, statuant par ordonnance du 7 novembre 2025, a examin\u00e9 une fin de non-recevoir. Celle-ci \u00e9...","robots":{"index":"index","follow":"follow","max-snippet":"max-snippet:-1","max-image-preview":"max-image-preview:large","max-video-preview":"max-video-preview:-1"},"canonical":"https:\/\/kohenavocats.com\/ar\/tribunal-judiciaire-de-beziers-le-7-novembre-2025-n24-01118\/","og_locale":"ar_AR","og_type":"article","og_title":"Tribunal judiciaire de B\u00e9ziers, le 7 novembre 2025, n\u00b024\/01118","og_description":"Le juge de la mise en \u00e9tat du tribunal judiciaire de Saint-Gaudens, statuant par ordonnance du 7 novembre 2025, a examin\u00e9 une fin de non-recevoir. Celle-ci \u00e9...","og_url":"https:\/\/kohenavocats.com\/ar\/tribunal-judiciaire-de-beziers-le-7-novembre-2025-n24-01118\/","og_site_name":"Ma\u00eetre Hassan Kohen, avocat en droit p\u00e9nal \u00e0 Paris","article_published_time":"2026-04-21T15:27:10+00:00","og_image":[{"width":6000,"height":4000,"url":"https:\/\/kohenavocats.com\/wp-content\/uploads\/2024\/11\/n-c-gNefKC_WWXM-unsplash.webp","type":"image\/webp"}],"author":"Kohen","twitter_card":"summary_large_image","twitter_misc":{"\u0643\u064f\u062a\u0628 \u0628\u0648\u0627\u0633\u0637\u0629":"Kohen","\u0648\u0642\u062a \u0627\u0644\u0642\u0631\u0627\u0621\u0629 \u0627\u0644\u0645\u064f\u0642\u062f\u0651\u0631":"3 \u062f\u0642\u0627\u0626\u0642"},"schema":{"@context":"https:\/\/schema.org","@graph":[{"@type":"Article","@id":"https:\/\/kohenavocats.com\/ar\/tribunal-judiciaire-de-beziers-le-7-novembre-2025-n24-01118\/#article","isPartOf":{"@id":"https:\/\/kohenavocats.com\/ar\/tribunal-judiciaire-de-beziers-le-7-novembre-2025-n24-01118\/"},"author":{"name":"Kohen","@id":"https:\/\/kohenavocats.com\/ar\/#\/schema\/person\/761c9ba54fa1ca84d405cef0831ff751"},"headline":"Tribunal judiciaire de B\u00e9ziers, le 7 novembre 2025, n\u00b024\/01118","datePublished":"2026-04-21T15:27:10+00:00","mainEntityOfPage":{"@id":"https:\/\/kohenavocats.com\/ar\/tribunal-judiciaire-de-beziers-le-7-novembre-2025-n24-01118\/"},"wordCount":655,"commentCount":0,"publisher":{"@id":"https:\/\/kohenavocats.com\/ar\/#organization"},"image":{"@id":"https:\/\/kohenavocats.com\/ar\/tribunal-judiciaire-de-beziers-le-7-novembre-2025-n24-01118\/#primaryimage"},"thumbnailUrl":"https:\/\/kohenavocats.com\/wp-content\/uploads\/2024\/11\/n-c-gNefKC_WWXM-unsplash.webp","articleSection":["Jurisprudence"],"inLanguage":"ar","potentialAction":[{"@type":"CommentAction","name":"Comment","target":["https:\/\/kohenavocats.com\/ar\/tribunal-judiciaire-de-beziers-le-7-novembre-2025-n24-01118\/#respond"]}],"citation":"Tribunal judiciaire de B\u00e9ziers, le 7 novembre 2025, n\u00b024\/01118","about":[{"@type":"Thing","name":"Jurisprudence"}],"dateModified":"2026-04-21T15:27:10+00:00","speakable":{"@type":"SpeakableSpecification","cssSelector":[".article-content > p:first-of-type"]}},{"@type":"WebPage","@id":"https:\/\/kohenavocats.com\/ar\/tribunal-judiciaire-de-beziers-le-7-novembre-2025-n24-01118\/","url":"https:\/\/kohenavocats.com\/ar\/tribunal-judiciaire-de-beziers-le-7-novembre-2025-n24-01118\/","name":"Tribunal judiciaire de B\u00e9ziers, le 7 novembre 2025, n\u00b024\/01118 - Ma\u00eetre Hassan Kohen, avocat en droit p\u00e9nal \u00e0 Paris","isPartOf":{"@id":"https:\/\/kohenavocats.com\/ar\/#website"},"primaryImageOfPage":{"@id":"https:\/\/kohenavocats.com\/ar\/tribunal-judiciaire-de-beziers-le-7-novembre-2025-n24-01118\/#primaryimage"},"image":{"@id":"https:\/\/kohenavocats.com\/ar\/tribunal-judiciaire-de-beziers-le-7-novembre-2025-n24-01118\/#primaryimage"},"thumbnailUrl":"https:\/\/kohenavocats.com\/wp-content\/uploads\/2024\/11\/n-c-gNefKC_WWXM-unsplash.webp","datePublished":"2026-04-21T15:27:10+00:00","description":"Le juge de la mise en \u00e9tat du tribunal judiciaire de Saint-Gaudens, statuant par ordonnance du 7 novembre 2025, a examin\u00e9 une fin de non-recevoir. Celle-ci \u00e9...","breadcrumb":{"@id":"https:\/\/kohenavocats.com\/ar\/tribunal-judiciaire-de-beziers-le-7-novembre-2025-n24-01118\/#breadcrumb"},"inLanguage":"ar","potentialAction":[{"@type":"ReadAction","target":["https:\/\/kohenavocats.com\/ar\/tribunal-judiciaire-de-beziers-le-7-novembre-2025-n24-01118\/"]}]},{"@type":"ImageObject","inLanguage":"ar","@id":"https:\/\/kohenavocats.com\/ar\/tribunal-judiciaire-de-beziers-le-7-novembre-2025-n24-01118\/#primaryimage","url":"https:\/\/kohenavocats.com\/wp-content\/uploads\/2024\/11\/n-c-gNefKC_WWXM-unsplash.webp","contentUrl":"https:\/\/kohenavocats.com\/wp-content\/uploads\/2024\/11\/n-c-gNefKC_WWXM-unsplash.webp","width":6000,"height":4000},{"@type":"BreadcrumbList","@id":"https:\/\/kohenavocats.com\/ar\/tribunal-judiciaire-de-beziers-le-7-novembre-2025-n24-01118\/#breadcrumb","itemListElement":[{"@type":"ListItem","position":1,"name":"Home","item":"https:\/\/kohenavocats.com\/ar\/%d9%85%d8%ad%d8%a7%d9%85%d9%88%d9%86-%d9%85%d8%aa%d8%ae%d8%b5%d8%b5%d9%88%d9%86-%d9%81%d9%8a-%d8%a7%d9%84%d9%82%d8%a7%d9%86%d9%88%d9%86-%d8%a7%d9%84%d8%ac%d9%86%d8%a7%d8%a6%d9%8a-%d8%a8%d8%a8%d8%a7\/"},{"@type":"ListItem","position":2,"name":"Tribunal judiciaire de B\u00e9ziers, le 7 novembre 2025, n\u00b024\/01118"}]},{"@type":"WebSite","@id":"https:\/\/kohenavocats.com\/ar\/#website","url":"https:\/\/kohenavocats.com\/ar\/","name":"Kohen Avocats","description":"Ma\u00eetre Hassan Kohen, avocat p\u00e9naliste \u00e0 Paris, intervient exclusivement en droit p\u00e9nal pour la d\u00e9fense des particuliers, notamment en mati\u00e8re d\u2019accusations de viol. Il assure un accompagnement rigoureux d\u00e8s la garde \u00e0 vue jusqu\u2019\u00e0 la Cour d\u2019assises, veillant au strict respect des garanties proc\u00e9durales.","publisher":{"@id":"https:\/\/kohenavocats.com\/ar\/#organization"},"potentialAction":[{"@type":"SearchAction","target":{"@type":"EntryPoint","urlTemplate":"https:\/\/kohenavocats.com\/ar\/?s={search_term_string}"},"query-input":{"@type":"PropertyValueSpecification","valueRequired":true,"valueName":"search_term_string"}}],"inLanguage":"ar"},{"@type":"Organization","@id":"https:\/\/kohenavocats.com\/ar\/#organization","name":"Kohen Avocats","url":"https:\/\/kohenavocats.com\/ar\/","logo":{"@type":"ImageObject","inLanguage":"ar","@id":"https:\/\/kohenavocats.com\/ar\/#\/schema\/logo\/image\/","url":"https:\/\/kohenavocats.com\/wp-content\/uploads\/2026\/01\/Logo-2-1.webp","contentUrl":"https:\/\/kohenavocats.com\/wp-content\/uploads\/2026\/01\/Logo-2-1.webp","width":2114,"height":1253,"caption":"Kohen Avocats"},"image":{"@id":"https:\/\/kohenavocats.com\/ar\/#\/schema\/logo\/image\/"}},{"@type":"Person","@id":"https:\/\/kohenavocats.com\/ar\/#\/schema\/person\/761c9ba54fa1ca84d405cef0831ff751","name":"Kohen","image":{"@type":"ImageObject","inLanguage":"ar","@id":"https:\/\/secure.gravatar.com\/avatar\/1c5e76ef76bbbfdd2b4da984e2bf2fa4056fd51a27d25ce2c332047f1dfd6e00?s=96&d=identicon&r=g","url":"https:\/\/secure.gravatar.com\/avatar\/1c5e76ef76bbbfdd2b4da984e2bf2fa4056fd51a27d25ce2c332047f1dfd6e00?s=96&d=identicon&r=g","contentUrl":"https:\/\/secure.gravatar.com\/avatar\/1c5e76ef76bbbfdd2b4da984e2bf2fa4056fd51a27d25ce2c332047f1dfd6e00?s=96&d=identicon&r=g","caption":"Kohen"},"sameAs":["https:\/\/www.linkedin.com\/in\/hassan-kohen-448548192\/","https:\/\/www.youtube.com\/@Kohen-Avocats"],"url":"https:\/\/kohenavocats.com\/ar\/author\/kohenmlk\/"}]}},"jetpack_featured_media_url":"https:\/\/kohenavocats.com\/wp-content\/uploads\/2024\/11\/n-c-gNefKC_WWXM-unsplash.webp","jetpack_likes_enabled":false,"jetpack_shortlink":"https:\/\/wp.me\/peCrII-2FWR","jetpack-related-posts":[{"id":657957,"url":"https:\/\/kohenavocats.com\/ar\/revocation-donation-ingratitude-inexecution-charges-procedure-effets\/","url_meta":{"origin":637909,"position":0},"title":"R\u00e9vocation de donation pour ingratitude ou inex\u00e9cution des charges : causes, proc\u00e9dure et effets patrimoniaux","author":"Kohen","date":"23 \u0623\u0628\u0631\u064a\u0644\u060c 2026","format":false,"excerpt":"R\u00e9vocation d'une donation pour ingratitude (art. 955 C. civ.) ou inex\u00e9cution des charges (art. 953) : causes limitatives, qualit\u00e9 pour agir, d\u00e9lai d'un an de l'article 957, report sur la condamnation p\u00e9nale, effet r\u00e9troactif et sort des tiers. Jurisprudence 2019-2026 de la premi\u00e8re chambre civile, dont Cass. 1re civ., 10\u2026","rel":"","context":"\u0641\u064a &quot;Non cat\u00e9goris\u00e9&quot;","block_context":{"text":"Non cat\u00e9goris\u00e9","link":"https:\/\/kohenavocats.com\/category\/non-categorise\/"},"img":{"alt_text":"","src":"https:\/\/i0.wp.com\/kohenavocats.com\/wp-content\/uploads\/2024\/11\/resource-database-lRwnx8gdAW0-unsplash.webp?resize=350%2C200&ssl=1","width":350,"height":200,"srcset":"https:\/\/i0.wp.com\/kohenavocats.com\/wp-content\/uploads\/2024\/11\/resource-database-lRwnx8gdAW0-unsplash.webp?resize=350%2C200&ssl=1 1x, https:\/\/i0.wp.com\/kohenavocats.com\/wp-content\/uploads\/2024\/11\/resource-database-lRwnx8gdAW0-unsplash.webp?resize=525%2C300&ssl=1 1.5x, https:\/\/i0.wp.com\/kohenavocats.com\/wp-content\/uploads\/2024\/11\/resource-database-lRwnx8gdAW0-unsplash.webp?resize=700%2C400&ssl=1 2x, https:\/\/i0.wp.com\/kohenavocats.com\/wp-content\/uploads\/2024\/11\/resource-database-lRwnx8gdAW0-unsplash.webp?resize=1050%2C600&ssl=1 3x, https:\/\/i0.wp.com\/kohenavocats.com\/wp-content\/uploads\/2024\/11\/resource-database-lRwnx8gdAW0-unsplash.webp?resize=1400%2C800&ssl=1 4x"},"classes":[]},{"id":456564,"url":"https:\/\/kohenavocats.com\/ar\/cour-dappel-de-dijon-2025-10-02-n25-00184\/","url_meta":{"origin":637909,"position":1},"title":"Cour d&#8217;appel de Dijon &#8211; 2025-10-02 &#8211; n\u00b025\/00184","author":"Kohen","date":"7 \u0623\u0628\u0631\u064a\u0644\u060c 2026","format":false,"excerpt":"La cour d'appel de Dijon, dans un arr\u00eat du 18 juin 2024, statue sur une fin de non-recevoir tir\u00e9e de la prescription d'une action en r\u00e9vocation de testament pour ingratitude. L'h\u00e9riti\u00e8re de la donatri...","rel":"","context":"\u0641\u064a &quot;Jurisprudence&quot;","block_context":{"text":"Jurisprudence","link":"https:\/\/kohenavocats.com\/category\/jurisprudence\/"},"img":{"alt_text":"","src":"https:\/\/i0.wp.com\/kohenavocats.com\/wp-content\/uploads\/2024\/06\/giammarco-boscaro-OPzWvgL-upY-unsplash.jpg?resize=350%2C200&ssl=1","width":350,"height":200,"srcset":"https:\/\/i0.wp.com\/kohenavocats.com\/wp-content\/uploads\/2024\/06\/giammarco-boscaro-OPzWvgL-upY-unsplash.jpg?resize=350%2C200&ssl=1 1x, https:\/\/i0.wp.com\/kohenavocats.com\/wp-content\/uploads\/2024\/06\/giammarco-boscaro-OPzWvgL-upY-unsplash.jpg?resize=525%2C300&ssl=1 1.5x, https:\/\/i0.wp.com\/kohenavocats.com\/wp-content\/uploads\/2024\/06\/giammarco-boscaro-OPzWvgL-upY-unsplash.jpg?resize=700%2C400&ssl=1 2x, https:\/\/i0.wp.com\/kohenavocats.com\/wp-content\/uploads\/2024\/06\/giammarco-boscaro-OPzWvgL-upY-unsplash.jpg?resize=1050%2C600&ssl=1 3x, https:\/\/i0.wp.com\/kohenavocats.com\/wp-content\/uploads\/2024\/06\/giammarco-boscaro-OPzWvgL-upY-unsplash.jpg?resize=1400%2C800&ssl=1 4x"},"classes":[]},{"id":656167,"url":"https:\/\/kohenavocats.com\/ar\/tribunal-judiciaire-de-strasbourg-le-16-octobre-2025-n21-01209\/","url_meta":{"origin":637909,"position":2},"title":"Tribunal judiciaire de Strasbourg, le 16 octobre 2025, n\u00b021\/01209","author":"Kohen","date":"23 \u0623\u0628\u0631\u064a\u0644\u060c 2026","format":false,"excerpt":"Le Tribunal judiciaire de Strasbourg, par jugement du 16 octobre 2025, statue sur une demande en r\u00e9vocation d\u2019une donation pour cause d\u2019ingratitude. La donat...","rel":"","context":"\u0641\u064a &quot;Jurisprudence&quot;","block_context":{"text":"Jurisprudence","link":"https:\/\/kohenavocats.com\/category\/jurisprudence\/"},"img":{"alt_text":"","src":"https:\/\/i0.wp.com\/kohenavocats.com\/wp-content\/uploads\/2024\/08\/waqar-KY7GFNrxoOY-unsplash-2.webp?resize=350%2C200&ssl=1","width":350,"height":200,"srcset":"https:\/\/i0.wp.com\/kohenavocats.com\/wp-content\/uploads\/2024\/08\/waqar-KY7GFNrxoOY-unsplash-2.webp?resize=350%2C200&ssl=1 1x, https:\/\/i0.wp.com\/kohenavocats.com\/wp-content\/uploads\/2024\/08\/waqar-KY7GFNrxoOY-unsplash-2.webp?resize=525%2C300&ssl=1 1.5x, https:\/\/i0.wp.com\/kohenavocats.com\/wp-content\/uploads\/2024\/08\/waqar-KY7GFNrxoOY-unsplash-2.webp?resize=700%2C400&ssl=1 2x, https:\/\/i0.wp.com\/kohenavocats.com\/wp-content\/uploads\/2024\/08\/waqar-KY7GFNrxoOY-unsplash-2.webp?resize=1050%2C600&ssl=1 3x, https:\/\/i0.wp.com\/kohenavocats.com\/wp-content\/uploads\/2024\/08\/waqar-KY7GFNrxoOY-unsplash-2.webp?resize=1400%2C800&ssl=1 4x"},"classes":[]},{"id":626214,"url":"https:\/\/kohenavocats.com\/ar\/tribunal-judiciaire-de-montpellier-le-14-mars-2024-n21-00809\/","url_meta":{"origin":637909,"position":3},"title":"Tribunal judiciaire de Montpellier, le 14 mars 2024, n\u00b021\/00809","author":"Kohen","date":"20 \u0623\u0628\u0631\u064a\u0644\u060c 2026","format":false,"excerpt":"Le tribunal judiciaire de Montpellier, par jugement du 14 mars 2024, a statu\u00e9 sur une demande en r\u00e9vocation de donation. Un p\u00e8re, usufruitier de parcelles do...","rel":"","context":"\u0641\u064a &quot;Jurisprudence&quot;","block_context":{"text":"Jurisprudence","link":"https:\/\/kohenavocats.com\/category\/jurisprudence\/"},"img":{"alt_text":"","src":"https:\/\/i0.wp.com\/kohenavocats.com\/wp-content\/uploads\/2024\/08\/sylvia-yang-_ar2ENzmqb0-unsplash.webp?resize=350%2C200&ssl=1","width":350,"height":200,"srcset":"https:\/\/i0.wp.com\/kohenavocats.com\/wp-content\/uploads\/2024\/08\/sylvia-yang-_ar2ENzmqb0-unsplash.webp?resize=350%2C200&ssl=1 1x, https:\/\/i0.wp.com\/kohenavocats.com\/wp-content\/uploads\/2024\/08\/sylvia-yang-_ar2ENzmqb0-unsplash.webp?resize=525%2C300&ssl=1 1.5x, https:\/\/i0.wp.com\/kohenavocats.com\/wp-content\/uploads\/2024\/08\/sylvia-yang-_ar2ENzmqb0-unsplash.webp?resize=700%2C400&ssl=1 2x, https:\/\/i0.wp.com\/kohenavocats.com\/wp-content\/uploads\/2024\/08\/sylvia-yang-_ar2ENzmqb0-unsplash.webp?resize=1050%2C600&ssl=1 3x, https:\/\/i0.wp.com\/kohenavocats.com\/wp-content\/uploads\/2024\/08\/sylvia-yang-_ar2ENzmqb0-unsplash.webp?resize=1400%2C800&ssl=1 4x"},"classes":[]},{"id":436948,"url":"https:\/\/kohenavocats.com\/ar\/cour-dappel-de-pau-le-6-decembre-2010-n08-04579\/","url_meta":{"origin":637909,"position":4},"title":"Cour d&#8217;appel de Pau, le 6 d\u00e9cembre 2010, n\u00b008\/04579","author":"Kohen","date":"25 \u0645\u0627\u0631\u0633\u060c 2026","format":false,"excerpt":"Un p\u00e8re, apr\u00e8s avoir reconnu son fils \u00e0 la naissance, n\u2019a entretenu aucun lien avec lui pendant plus de soixante ans. Les relations reprennent en 1999. Le p\u00e8re consent alors \u00e0 son fils des lib\u00e9ralit\u00e9s importantes, notamment pour financer et am\u00e9nager une propri\u00e9t\u00e9. Une d\u00e9t\u00e9rioration des relations conduit le p\u00e8re\u2026","rel":"","context":"\u0641\u064a &quot;Cour d'appel&quot;","block_context":{"text":"Cour d'appel","link":"https:\/\/kohenavocats.com\/category\/cour-dappel\/"},"img":{"alt_text":"","src":"https:\/\/i0.wp.com\/kohenavocats.com\/wp-content\/uploads\/2024\/11\/mohamed-nohassi-RwwD1cmvyC0-unsplash.webp?resize=350%2C200&ssl=1","width":350,"height":200,"srcset":"https:\/\/i0.wp.com\/kohenavocats.com\/wp-content\/uploads\/2024\/11\/mohamed-nohassi-RwwD1cmvyC0-unsplash.webp?resize=350%2C200&ssl=1 1x, https:\/\/i0.wp.com\/kohenavocats.com\/wp-content\/uploads\/2024\/11\/mohamed-nohassi-RwwD1cmvyC0-unsplash.webp?resize=525%2C300&ssl=1 1.5x, https:\/\/i0.wp.com\/kohenavocats.com\/wp-content\/uploads\/2024\/11\/mohamed-nohassi-RwwD1cmvyC0-unsplash.webp?resize=700%2C400&ssl=1 2x, https:\/\/i0.wp.com\/kohenavocats.com\/wp-content\/uploads\/2024\/11\/mohamed-nohassi-RwwD1cmvyC0-unsplash.webp?resize=1050%2C600&ssl=1 3x, https:\/\/i0.wp.com\/kohenavocats.com\/wp-content\/uploads\/2024\/11\/mohamed-nohassi-RwwD1cmvyC0-unsplash.webp?resize=1400%2C800&ssl=1 4x"},"classes":[]},{"id":433683,"url":"https:\/\/kohenavocats.com\/ar\/cour-dappel-de-rennes-le-11-septembre-2012-n10-06264\/","url_meta":{"origin":637909,"position":5},"title":"Cour d&#8217;appel de Rennes, le 11 septembre 2012, n\u00b010\/06264","author":"Kohen","date":"24 \u0645\u0627\u0631\u0633\u060c 2026","format":false,"excerpt":"La Cour d'appel de Rennes, le 11 septembre 2012, a statu\u00e9 sur une demande en r\u00e9vocation d'une donation pour cause d'ingratitude. Les donateurs, parents de la donataire, avaient consenti une donation-partage en 1999. Un conflit familial ult\u00e9rieur, marqu\u00e9 par une assignation en expulsion d\u00e9livr\u00e9e par la fille contre ses parents,\u2026","rel":"","context":"\u0641\u064a &quot;Cour d'appel&quot;","block_context":{"text":"Cour d'appel","link":"https:\/\/kohenavocats.com\/category\/cour-dappel\/"},"img":{"alt_text":"","src":"https:\/\/i0.wp.com\/kohenavocats.com\/wp-content\/uploads\/2024\/07\/chris-lawton-zvKx6ixUhWQ-unsplash.webp?resize=350%2C200&ssl=1","width":350,"height":200,"srcset":"https:\/\/i0.wp.com\/kohenavocats.com\/wp-content\/uploads\/2024\/07\/chris-lawton-zvKx6ixUhWQ-unsplash.webp?resize=350%2C200&ssl=1 1x, https:\/\/i0.wp.com\/kohenavocats.com\/wp-content\/uploads\/2024\/07\/chris-lawton-zvKx6ixUhWQ-unsplash.webp?resize=525%2C300&ssl=1 1.5x, https:\/\/i0.wp.com\/kohenavocats.com\/wp-content\/uploads\/2024\/07\/chris-lawton-zvKx6ixUhWQ-unsplash.webp?resize=700%2C400&ssl=1 2x, https:\/\/i0.wp.com\/kohenavocats.com\/wp-content\/uploads\/2024\/07\/chris-lawton-zvKx6ixUhWQ-unsplash.webp?resize=1050%2C600&ssl=1 3x, https:\/\/i0.wp.com\/kohenavocats.com\/wp-content\/uploads\/2024\/07\/chris-lawton-zvKx6ixUhWQ-unsplash.webp?resize=1400%2C800&ssl=1 4x"},"classes":[]}],"jetpack_sharing_enabled":true,"_links":{"self":[{"href":"https:\/\/kohenavocats.com\/ar\/wp-json\/wp\/v2\/posts\/637909","targetHints":{"allow":["GET"]}}],"collection":[{"href":"https:\/\/kohenavocats.com\/ar\/wp-json\/wp\/v2\/posts"}],"about":[{"href":"https:\/\/kohenavocats.com\/ar\/wp-json\/wp\/v2\/types\/post"}],"author":[{"embeddable":true,"href":"https:\/\/kohenavocats.com\/ar\/wp-json\/wp\/v2\/users\/232070755"}],"replies":[{"embeddable":true,"href":"https:\/\/kohenavocats.com\/ar\/wp-json\/wp\/v2\/comments?post=637909"}],"version-history":[{"count":0,"href":"https:\/\/kohenavocats.com\/ar\/wp-json\/wp\/v2\/posts\/637909\/revisions"}],"wp:featuredmedia":[{"embeddable":true,"href":"https:\/\/kohenavocats.com\/ar\/wp-json\/wp\/v2\/media\/9668"}],"wp:attachment":[{"href":"https:\/\/kohenavocats.com\/ar\/wp-json\/wp\/v2\/media?parent=637909"}],"wp:term":[{"taxonomy":"category","embeddable":true,"href":"https:\/\/kohenavocats.com\/ar\/wp-json\/wp\/v2\/categories?post=637909"},{"taxonomy":"post_tag","embeddable":true,"href":"https:\/\/kohenavocats.com\/ar\/wp-json\/wp\/v2\/tags?post=637909"}],"curies":[{"name":"wp","href":"https:\/\/api.w.org\/{rel}","templated":true}]}}