{"id":642677,"date":"2026-04-22T01:48:41","date_gmt":"2026-04-21T23:48:41","guid":{"rendered":"https:\/\/kohenavocats.com\/cour-dappel-le-8-octobre-2025-n25-00619\/"},"modified":"2026-04-22T01:48:41","modified_gmt":"2026-04-21T23:48:41","slug":"cour-dappel-le-8-octobre-2025-n25-00619","status":"publish","type":"post","link":"https:\/\/kohenavocats.com\/ar\/cour-dappel-le-8-octobre-2025-n25-00619\/","title":{"rendered":"Cour d&#8217;appel, le 8 octobre 2025, n\u00b025\/00619"},"content":{"rendered":"<div class=\"article-content\">\n<p>La chambre sociale du tribunal judiciaire de Saint-Denis de La R\u00e9union, le 8 octobre 2025, statue sur une demande de sursis \u00e0 statuer. Le tribunal avait pr\u00e9c\u00e9demment rendu un jugement le 27 novembre 2024, frapp\u00e9 d\u2019appel. Il s\u2019agissait de d\u00e9terminer s\u2019il convenait de diff\u00e9rer la d\u00e9cision sur les demandes en instance. La juridiction ordonne finalement un sursis \u00e0 statuer dans l\u2019attente de l\u2019arr\u00eat de la cour d\u2019appel saisie.<\/p>\n<p>Le pouvoir discr\u00e9tionnaire du juge et ses limites<\/p>\n<p>Le fondement l\u00e9gal et la nature du pouvoir d\u2019appr\u00e9ciation<\/p>\n<p>Le jugement rappelle le cadre l\u00e9gal du sursis \u00e0 statuer d\u00e9fini par l\u2019article 378 du code de proc\u00e9dure civile. Il en d\u00e9duit que les juges du fond disposent d\u2019un pouvoir discr\u00e9tionnaire pour appr\u00e9cier l\u2019opportunit\u00e9 d\u2019un sursis \u00e0 statuer. Cette mesure rel\u00e8ve donc d\u2019une appr\u00e9ciation souveraine des circonstances de l\u2019esp\u00e8ce. &#8220;Il r\u00e9sulte des dispositions de l&#8217;article 378 du code de proc\u00e9dure civile que les juges du fond disposent d&#8217;un pouvoir discr\u00e9tionnaire pour appr\u00e9cier l&#8217;opportunit\u00e9 d&#8217;un sursis \u00e0 statuer, hors les cas o\u00f9 cette mesure est pr\u00e9vue par la loi&#8221; (Motifs de la d\u00e9cision). Cette formulation confirme une jurisprudence constante sur le caract\u00e8re discr\u00e9tionnaire de la mesure. &#8220;La d\u00e9cision de sursis \u00e0 statuer est une mesure d\u2019administration judiciaire que les juges appr\u00e9cient discr\u00e9tionnairement pour une bonne administration de la justice&#8221; (Tribunal judiciaire, le 22 septembre 2025, n\u00b024\/01514). Le pouvoir est ainsi ancr\u00e9 dans l\u2019objectif d\u2019une bonne administration de la justice.<\/p>\n<p>L\u2019encadrement n\u00e9cessaire pour \u00e9viter les abus de pouvoir<\/p>\n<p>Ce pouvoir discr\u00e9tionnaire ne saurait cependant \u00eatre absolu et illimit\u00e9. Le tribunal pose imm\u00e9diatement une restriction essentielle \u00e0 son exercice. Il souligne que ce pouvoir ne doit pas servir \u00e0 diff\u00e9rer ind\u00fbment une d\u00e9cision qui pourrait \u00eatre rendue. &#8220;Cependant le pouvoir d&#8217;appr\u00e9ciation ne doit pas \u00eatre le pr\u00e9texte \u00e0 diff\u00e9rer une d\u00e9cision qui pourrait d\u00e9j\u00e0 \u00eatre rendue&#8221; (Motifs de la d\u00e9cision). Cette pr\u00e9cision est cruciale pour pr\u00e9venir tout usage dilatoire ou arbitraire de cette mesure proc\u00e9durale. Elle rappelle que le sursis \u00e0 statuer est une exception justifi\u00e9e par un motif s\u00e9rieux. La bonne administration de la justice commande aussi une certaine c\u00e9l\u00e9rit\u00e9 dans le r\u00e8glement des litiges.<\/p>\n<p>Les conditions d\u2019application dans l\u2019esp\u00e8ce<\/p>\n<p>L\u2019existence d\u2019une d\u00e9cision pendante connexe<\/p>\n<p>Le tribunal justifie son recours au sursis \u00e0 statuer par l\u2019existence d\u2019une autre d\u00e9cision en cours. Il s\u2019agit de l\u2019arr\u00eat attendu de la cour d\u2019appel de Saint-Denis de La R\u00e9union. Cette juridiction est saisie d\u2019un appel contre le jugement pr\u00e9c\u00e9dent du m\u00eame tribunal. Le lien entre les deux instances est \u00e9tabli par les juges. &#8220;Au cas particulier, force est de constater que l\u2019arr\u00eat attendu est susceptible d\u2019avoir une incidence sur la solution du pr\u00e9sent litige&#8221; (Motifs de la d\u00e9cision). Cette incidence potentielle constitue le motif l\u00e9gitime et concret du sursis. La mesure vise \u00e0 \u00e9viter des d\u00e9cisions contradictoires ou inutiles. Elle assure ainsi la coh\u00e9rence et l\u2019efficacit\u00e9 de la justice.<\/p>\n<p>Les modalit\u00e9s pratiques et les cons\u00e9quences proc\u00e9durales<\/p>\n<p>La d\u00e9cision op\u00e8re un sursis \u00e0 statuer sur l\u2019ensemble des demandes en attente. Elle ordonne la radiation du r\u00f4le avec la possibilit\u00e9 d\u2019un r\u00e9enr\u00f4lement ult\u00e9rieur. Ce r\u00e9enr\u00f4lement est subordonn\u00e9 \u00e0 la disparition de la cause du sursis. Il est laiss\u00e9 \u00e0 la diligence d\u2019une des parties sous peine de p\u00e9remption. Ces modalit\u00e9s sont classiques et visent \u00e0 d\u00e9sencombrer le r\u00f4le du tribunal. Elles pr\u00e9servent \u00e9galement les droits des parties \u00e0 reprendre la proc\u00e9dure. La d\u00e9cision illustre ainsi la mise en \u0153uvre concr\u00e8te d\u2019une mesure d\u2019administration judiciaire. Elle en d\u00e9taille les effets proc\u00e9duraux imm\u00e9diats et futurs pour une s\u00e9curit\u00e9 juridique compl\u00e8te.<\/p>\n<\/div>\n","protected":false},"excerpt":{"rendered":"<p>La chambre sociale du tribunal judiciaire de Saint-Denis de La R\u00e9union, le 8 octobre 2025, statue sur une demande de sursis \u00e0 statuer. Le tribunal avait pr\u00e9c&#8230;<\/p>\n","protected":false},"author":232070755,"featured_media":9626,"comment_status":"open","ping_status":"open","sticky":false,"template":"","format":"standard","meta":{"_crdt_document":"","_jetpack_newsletter_access":"","_jetpack_dont_email_post_to_subs":false,"_jetpack_newsletter_tier_id":0,"_jetpack_memberships_contains_paywalled_content":false,"_kj_source_type":"judilibre","_kj_official_id":"68efcedbc07170de10dff731","_kj_official_url":"https:\/\/www.courdecassation.fr\/decision\/68efcedbc07170de10dff731","_kj_judilibre_id":"68efcedbc07170de10dff731","_kj_jur":"Tribunal judiciaire","_kj_lieu":"Tribunal judiciaire de Saint-Denis de La R\u00e9union","_kj_chambre":"CTX PROTECTION SOCIALE","_kj_rg":"25\/00619","_kj_date":"2025-10-08","_jetpack_memberships_contains_paid_content":false,"footnotes":"","jetpack_post_was_ever_published":false},"categories":[7597],"tags":[],"class_list":["post-642677","post","type-post","status-publish","format-standard","has-post-thumbnail","hentry","category-jurisprudence"],"yoast_head":"<!-- This site is optimized with the Yoast SEO Premium plugin v27.5 (Yoast SEO v27.5) - https:\/\/yoast.com\/product\/yoast-seo-premium-wordpress\/ -->\n<title>Cour d&#039;appel, le 8 octobre 2025, n\u00b025\/00619 - Ma\u00eetre Hassan Kohen, avocat en droit p\u00e9nal \u00e0 Paris<\/title>\n<meta name=\"description\" content=\"La chambre sociale du tribunal judiciaire de Saint-Denis de La R\u00e9union, le 8 octobre 2025, statue sur une demande de sursis \u00e0 statuer. Le tribunal avait pr\u00e9c...\" \/>\n<meta name=\"robots\" content=\"index, follow, max-snippet:-1, max-image-preview:large, max-video-preview:-1\" \/>\n<link rel=\"canonical\" href=\"https:\/\/kohenavocats.com\/ar\/cour-dappel-le-8-octobre-2025-n25-00619\/\" \/>\n<meta property=\"og:locale\" content=\"ar_AR\" \/>\n<meta property=\"og:type\" content=\"article\" \/>\n<meta property=\"og:title\" content=\"Cour d&#039;appel, le 8 octobre 2025, n\u00b025\/00619\" \/>\n<meta property=\"og:description\" content=\"La chambre sociale du tribunal judiciaire de Saint-Denis de La R\u00e9union, le 8 octobre 2025, statue sur une demande de sursis \u00e0 statuer. Le tribunal avait pr\u00e9c...\" \/>\n<meta property=\"og:url\" content=\"https:\/\/kohenavocats.com\/ar\/cour-dappel-le-8-octobre-2025-n25-00619\/\" \/>\n<meta property=\"og:site_name\" content=\"Ma\u00eetre Hassan Kohen, avocat en droit p\u00e9nal \u00e0 Paris\" \/>\n<meta property=\"article:published_time\" content=\"2026-04-21T23:48:41+00:00\" \/>\n<meta property=\"og:image\" content=\"https:\/\/kohenavocats.com\/wp-content\/uploads\/2024\/11\/pawel-czerwinski-ZJk8NX0aR8s-unsplash.webp\" \/>\n\t<meta property=\"og:image:width\" content=\"8400\" \/>\n\t<meta property=\"og:image:height\" content=\"5600\" \/>\n\t<meta property=\"og:image:type\" content=\"image\/webp\" \/>\n<meta name=\"author\" content=\"Kohen\" \/>\n<meta name=\"twitter:card\" content=\"summary_large_image\" \/>\n<meta name=\"twitter:label1\" content=\"\u0643\u064f\u062a\u0628 \u0628\u0648\u0627\u0633\u0637\u0629\" \/>\n\t<meta name=\"twitter:data1\" content=\"Kohen\" \/>\n\t<meta name=\"twitter:label2\" content=\"\u0648\u0642\u062a \u0627\u0644\u0642\u0631\u0627\u0621\u0629 \u0627\u0644\u0645\u064f\u0642\u062f\u0651\u0631\" \/>\n\t<meta name=\"twitter:data2\" content=\"3 \u062f\u0642\u0627\u0626\u0642\" \/>\n<script type=\"application\/ld+json\" class=\"yoast-schema-graph\">{\"@context\":\"https:\\\/\\\/schema.org\",\"@graph\":[{\"@type\":\"Article\",\"@id\":\"https:\\\/\\\/kohenavocats.com\\\/ar\\\/cour-dappel-le-8-octobre-2025-n25-00619\\\/#article\",\"isPartOf\":{\"@id\":\"https:\\\/\\\/kohenavocats.com\\\/ar\\\/cour-dappel-le-8-octobre-2025-n25-00619\\\/\"},\"author\":{\"name\":\"Kohen\",\"@id\":\"https:\\\/\\\/kohenavocats.com\\\/ar\\\/#\\\/schema\\\/person\\\/761c9ba54fa1ca84d405cef0831ff751\"},\"headline\":\"Cour d&#8217;appel, le 8 octobre 2025, n\u00b025\\\/00619\",\"datePublished\":\"2026-04-21T23:48:41+00:00\",\"mainEntityOfPage\":{\"@id\":\"https:\\\/\\\/kohenavocats.com\\\/ar\\\/cour-dappel-le-8-octobre-2025-n25-00619\\\/\"},\"wordCount\":684,\"commentCount\":0,\"publisher\":{\"@id\":\"https:\\\/\\\/kohenavocats.com\\\/ar\\\/#organization\"},\"image\":{\"@id\":\"https:\\\/\\\/kohenavocats.com\\\/ar\\\/cour-dappel-le-8-octobre-2025-n25-00619\\\/#primaryimage\"},\"thumbnailUrl\":\"https:\\\/\\\/kohenavocats.com\\\/wp-content\\\/uploads\\\/2024\\\/11\\\/pawel-czerwinski-ZJk8NX0aR8s-unsplash.webp\",\"articleSection\":[\"Jurisprudence\"],\"inLanguage\":\"ar\",\"potentialAction\":[{\"@type\":\"CommentAction\",\"name\":\"Comment\",\"target\":[\"https:\\\/\\\/kohenavocats.com\\\/ar\\\/cour-dappel-le-8-octobre-2025-n25-00619\\\/#respond\"]}],\"citation\":\"Cour d&#8217;appel, le 8 octobre 2025, n\u00b025\\\/00619\",\"about\":[{\"@type\":\"Thing\",\"name\":\"Jurisprudence\"}],\"dateModified\":\"2026-04-21T23:48:41+00:00\",\"speakable\":{\"@type\":\"SpeakableSpecification\",\"cssSelector\":[\".article-content > p:first-of-type\"]}},{\"@type\":\"WebPage\",\"@id\":\"https:\\\/\\\/kohenavocats.com\\\/ar\\\/cour-dappel-le-8-octobre-2025-n25-00619\\\/\",\"url\":\"https:\\\/\\\/kohenavocats.com\\\/ar\\\/cour-dappel-le-8-octobre-2025-n25-00619\\\/\",\"name\":\"Cour d'appel, le 8 octobre 2025, n\u00b025\\\/00619 - Ma\u00eetre Hassan Kohen, avocat en droit p\u00e9nal \u00e0 Paris\",\"isPartOf\":{\"@id\":\"https:\\\/\\\/kohenavocats.com\\\/ar\\\/#website\"},\"primaryImageOfPage\":{\"@id\":\"https:\\\/\\\/kohenavocats.com\\\/ar\\\/cour-dappel-le-8-octobre-2025-n25-00619\\\/#primaryimage\"},\"image\":{\"@id\":\"https:\\\/\\\/kohenavocats.com\\\/ar\\\/cour-dappel-le-8-octobre-2025-n25-00619\\\/#primaryimage\"},\"thumbnailUrl\":\"https:\\\/\\\/kohenavocats.com\\\/wp-content\\\/uploads\\\/2024\\\/11\\\/pawel-czerwinski-ZJk8NX0aR8s-unsplash.webp\",\"datePublished\":\"2026-04-21T23:48:41+00:00\",\"description\":\"La chambre sociale du tribunal judiciaire de Saint-Denis de La R\u00e9union, le 8 octobre 2025, statue sur une demande de sursis \u00e0 statuer. Le tribunal avait pr\u00e9c...\",\"breadcrumb\":{\"@id\":\"https:\\\/\\\/kohenavocats.com\\\/ar\\\/cour-dappel-le-8-octobre-2025-n25-00619\\\/#breadcrumb\"},\"inLanguage\":\"ar\",\"potentialAction\":[{\"@type\":\"ReadAction\",\"target\":[\"https:\\\/\\\/kohenavocats.com\\\/ar\\\/cour-dappel-le-8-octobre-2025-n25-00619\\\/\"]}]},{\"@type\":\"ImageObject\",\"inLanguage\":\"ar\",\"@id\":\"https:\\\/\\\/kohenavocats.com\\\/ar\\\/cour-dappel-le-8-octobre-2025-n25-00619\\\/#primaryimage\",\"url\":\"https:\\\/\\\/kohenavocats.com\\\/wp-content\\\/uploads\\\/2024\\\/11\\\/pawel-czerwinski-ZJk8NX0aR8s-unsplash.webp\",\"contentUrl\":\"https:\\\/\\\/kohenavocats.com\\\/wp-content\\\/uploads\\\/2024\\\/11\\\/pawel-czerwinski-ZJk8NX0aR8s-unsplash.webp\",\"width\":8400,\"height\":5600},{\"@type\":\"BreadcrumbList\",\"@id\":\"https:\\\/\\\/kohenavocats.com\\\/ar\\\/cour-dappel-le-8-octobre-2025-n25-00619\\\/#breadcrumb\",\"itemListElement\":[{\"@type\":\"ListItem\",\"position\":1,\"name\":\"Home\",\"item\":\"https:\\\/\\\/kohenavocats.com\\\/ar\\\/%d9%85%d8%ad%d8%a7%d9%85%d9%88%d9%86-%d9%85%d8%aa%d8%ae%d8%b5%d8%b5%d9%88%d9%86-%d9%81%d9%8a-%d8%a7%d9%84%d9%82%d8%a7%d9%86%d9%88%d9%86-%d8%a7%d9%84%d8%ac%d9%86%d8%a7%d8%a6%d9%8a-%d8%a8%d8%a8%d8%a7\\\/\"},{\"@type\":\"ListItem\",\"position\":2,\"name\":\"Cour d&rsquo;appel, le 8 octobre 2025, n\u00b025\\\/00619\"}]},{\"@type\":\"WebSite\",\"@id\":\"https:\\\/\\\/kohenavocats.com\\\/ar\\\/#website\",\"url\":\"https:\\\/\\\/kohenavocats.com\\\/ar\\\/\",\"name\":\"Kohen Avocats\",\"description\":\"Ma\u00eetre Hassan Kohen, avocat p\u00e9naliste \u00e0 Paris, intervient exclusivement en droit p\u00e9nal pour la d\u00e9fense des particuliers, notamment en mati\u00e8re d\u2019accusations de viol. Il assure un accompagnement rigoureux d\u00e8s la garde \u00e0 vue jusqu\u2019\u00e0 la Cour d\u2019assises, veillant au strict respect des garanties proc\u00e9durales.\",\"publisher\":{\"@id\":\"https:\\\/\\\/kohenavocats.com\\\/ar\\\/#organization\"},\"potentialAction\":[{\"@type\":\"SearchAction\",\"target\":{\"@type\":\"EntryPoint\",\"urlTemplate\":\"https:\\\/\\\/kohenavocats.com\\\/ar\\\/?s={search_term_string}\"},\"query-input\":{\"@type\":\"PropertyValueSpecification\",\"valueRequired\":true,\"valueName\":\"search_term_string\"}}],\"inLanguage\":\"ar\"},{\"@type\":\"Organization\",\"@id\":\"https:\\\/\\\/kohenavocats.com\\\/ar\\\/#organization\",\"name\":\"Kohen Avocats\",\"url\":\"https:\\\/\\\/kohenavocats.com\\\/ar\\\/\",\"logo\":{\"@type\":\"ImageObject\",\"inLanguage\":\"ar\",\"@id\":\"https:\\\/\\\/kohenavocats.com\\\/ar\\\/#\\\/schema\\\/logo\\\/image\\\/\",\"url\":\"https:\\\/\\\/kohenavocats.com\\\/wp-content\\\/uploads\\\/2026\\\/01\\\/Logo-2-1.webp\",\"contentUrl\":\"https:\\\/\\\/kohenavocats.com\\\/wp-content\\\/uploads\\\/2026\\\/01\\\/Logo-2-1.webp\",\"width\":2114,\"height\":1253,\"caption\":\"Kohen Avocats\"},\"image\":{\"@id\":\"https:\\\/\\\/kohenavocats.com\\\/ar\\\/#\\\/schema\\\/logo\\\/image\\\/\"}},{\"@type\":\"Person\",\"@id\":\"https:\\\/\\\/kohenavocats.com\\\/ar\\\/#\\\/schema\\\/person\\\/761c9ba54fa1ca84d405cef0831ff751\",\"name\":\"Kohen\",\"image\":{\"@type\":\"ImageObject\",\"inLanguage\":\"ar\",\"@id\":\"https:\\\/\\\/secure.gravatar.com\\\/avatar\\\/1c5e76ef76bbbfdd2b4da984e2bf2fa4056fd51a27d25ce2c332047f1dfd6e00?s=96&d=identicon&r=g\",\"url\":\"https:\\\/\\\/secure.gravatar.com\\\/avatar\\\/1c5e76ef76bbbfdd2b4da984e2bf2fa4056fd51a27d25ce2c332047f1dfd6e00?s=96&d=identicon&r=g\",\"contentUrl\":\"https:\\\/\\\/secure.gravatar.com\\\/avatar\\\/1c5e76ef76bbbfdd2b4da984e2bf2fa4056fd51a27d25ce2c332047f1dfd6e00?s=96&d=identicon&r=g\",\"caption\":\"Kohen\"},\"sameAs\":[\"https:\\\/\\\/www.linkedin.com\\\/in\\\/hassan-kohen-448548192\\\/\",\"https:\\\/\\\/www.youtube.com\\\/@Kohen-Avocats\"],\"url\":\"https:\\\/\\\/kohenavocats.com\\\/ar\\\/author\\\/kohenmlk\\\/\"}]}<\/script>\n<!-- \/ Yoast SEO Premium plugin. -->","yoast_head_json":{"title":"Cour d'appel, le 8 octobre 2025, n\u00b025\/00619 - Ma\u00eetre Hassan Kohen, avocat en droit p\u00e9nal \u00e0 Paris","description":"La chambre sociale du tribunal judiciaire de Saint-Denis de La R\u00e9union, le 8 octobre 2025, statue sur une demande de sursis \u00e0 statuer. Le tribunal avait pr\u00e9c...","robots":{"index":"index","follow":"follow","max-snippet":"max-snippet:-1","max-image-preview":"max-image-preview:large","max-video-preview":"max-video-preview:-1"},"canonical":"https:\/\/kohenavocats.com\/ar\/cour-dappel-le-8-octobre-2025-n25-00619\/","og_locale":"ar_AR","og_type":"article","og_title":"Cour d'appel, le 8 octobre 2025, n\u00b025\/00619","og_description":"La chambre sociale du tribunal judiciaire de Saint-Denis de La R\u00e9union, le 8 octobre 2025, statue sur une demande de sursis \u00e0 statuer. Le tribunal avait pr\u00e9c...","og_url":"https:\/\/kohenavocats.com\/ar\/cour-dappel-le-8-octobre-2025-n25-00619\/","og_site_name":"Ma\u00eetre Hassan Kohen, avocat en droit p\u00e9nal \u00e0 Paris","article_published_time":"2026-04-21T23:48:41+00:00","og_image":[{"width":8400,"height":5600,"url":"https:\/\/kohenavocats.com\/wp-content\/uploads\/2024\/11\/pawel-czerwinski-ZJk8NX0aR8s-unsplash.webp","type":"image\/webp"}],"author":"Kohen","twitter_card":"summary_large_image","twitter_misc":{"\u0643\u064f\u062a\u0628 \u0628\u0648\u0627\u0633\u0637\u0629":"Kohen","\u0648\u0642\u062a \u0627\u0644\u0642\u0631\u0627\u0621\u0629 \u0627\u0644\u0645\u064f\u0642\u062f\u0651\u0631":"3 \u062f\u0642\u0627\u0626\u0642"},"schema":{"@context":"https:\/\/schema.org","@graph":[{"@type":"Article","@id":"https:\/\/kohenavocats.com\/ar\/cour-dappel-le-8-octobre-2025-n25-00619\/#article","isPartOf":{"@id":"https:\/\/kohenavocats.com\/ar\/cour-dappel-le-8-octobre-2025-n25-00619\/"},"author":{"name":"Kohen","@id":"https:\/\/kohenavocats.com\/ar\/#\/schema\/person\/761c9ba54fa1ca84d405cef0831ff751"},"headline":"Cour d&#8217;appel, le 8 octobre 2025, n\u00b025\/00619","datePublished":"2026-04-21T23:48:41+00:00","mainEntityOfPage":{"@id":"https:\/\/kohenavocats.com\/ar\/cour-dappel-le-8-octobre-2025-n25-00619\/"},"wordCount":684,"commentCount":0,"publisher":{"@id":"https:\/\/kohenavocats.com\/ar\/#organization"},"image":{"@id":"https:\/\/kohenavocats.com\/ar\/cour-dappel-le-8-octobre-2025-n25-00619\/#primaryimage"},"thumbnailUrl":"https:\/\/kohenavocats.com\/wp-content\/uploads\/2024\/11\/pawel-czerwinski-ZJk8NX0aR8s-unsplash.webp","articleSection":["Jurisprudence"],"inLanguage":"ar","potentialAction":[{"@type":"CommentAction","name":"Comment","target":["https:\/\/kohenavocats.com\/ar\/cour-dappel-le-8-octobre-2025-n25-00619\/#respond"]}],"citation":"Cour d&#8217;appel, le 8 octobre 2025, n\u00b025\/00619","about":[{"@type":"Thing","name":"Jurisprudence"}],"dateModified":"2026-04-21T23:48:41+00:00","speakable":{"@type":"SpeakableSpecification","cssSelector":[".article-content > p:first-of-type"]}},{"@type":"WebPage","@id":"https:\/\/kohenavocats.com\/ar\/cour-dappel-le-8-octobre-2025-n25-00619\/","url":"https:\/\/kohenavocats.com\/ar\/cour-dappel-le-8-octobre-2025-n25-00619\/","name":"Cour d'appel, le 8 octobre 2025, n\u00b025\/00619 - Ma\u00eetre Hassan Kohen, avocat en droit p\u00e9nal \u00e0 Paris","isPartOf":{"@id":"https:\/\/kohenavocats.com\/ar\/#website"},"primaryImageOfPage":{"@id":"https:\/\/kohenavocats.com\/ar\/cour-dappel-le-8-octobre-2025-n25-00619\/#primaryimage"},"image":{"@id":"https:\/\/kohenavocats.com\/ar\/cour-dappel-le-8-octobre-2025-n25-00619\/#primaryimage"},"thumbnailUrl":"https:\/\/kohenavocats.com\/wp-content\/uploads\/2024\/11\/pawel-czerwinski-ZJk8NX0aR8s-unsplash.webp","datePublished":"2026-04-21T23:48:41+00:00","description":"La chambre sociale du tribunal judiciaire de Saint-Denis de La R\u00e9union, le 8 octobre 2025, statue sur une demande de sursis \u00e0 statuer. Le tribunal avait pr\u00e9c...","breadcrumb":{"@id":"https:\/\/kohenavocats.com\/ar\/cour-dappel-le-8-octobre-2025-n25-00619\/#breadcrumb"},"inLanguage":"ar","potentialAction":[{"@type":"ReadAction","target":["https:\/\/kohenavocats.com\/ar\/cour-dappel-le-8-octobre-2025-n25-00619\/"]}]},{"@type":"ImageObject","inLanguage":"ar","@id":"https:\/\/kohenavocats.com\/ar\/cour-dappel-le-8-octobre-2025-n25-00619\/#primaryimage","url":"https:\/\/kohenavocats.com\/wp-content\/uploads\/2024\/11\/pawel-czerwinski-ZJk8NX0aR8s-unsplash.webp","contentUrl":"https:\/\/kohenavocats.com\/wp-content\/uploads\/2024\/11\/pawel-czerwinski-ZJk8NX0aR8s-unsplash.webp","width":8400,"height":5600},{"@type":"BreadcrumbList","@id":"https:\/\/kohenavocats.com\/ar\/cour-dappel-le-8-octobre-2025-n25-00619\/#breadcrumb","itemListElement":[{"@type":"ListItem","position":1,"name":"Home","item":"https:\/\/kohenavocats.com\/ar\/%d9%85%d8%ad%d8%a7%d9%85%d9%88%d9%86-%d9%85%d8%aa%d8%ae%d8%b5%d8%b5%d9%88%d9%86-%d9%81%d9%8a-%d8%a7%d9%84%d9%82%d8%a7%d9%86%d9%88%d9%86-%d8%a7%d9%84%d8%ac%d9%86%d8%a7%d8%a6%d9%8a-%d8%a8%d8%a8%d8%a7\/"},{"@type":"ListItem","position":2,"name":"Cour d&rsquo;appel, le 8 octobre 2025, n\u00b025\/00619"}]},{"@type":"WebSite","@id":"https:\/\/kohenavocats.com\/ar\/#website","url":"https:\/\/kohenavocats.com\/ar\/","name":"Kohen Avocats","description":"Ma\u00eetre Hassan Kohen, avocat p\u00e9naliste \u00e0 Paris, intervient exclusivement en droit p\u00e9nal pour la d\u00e9fense des particuliers, notamment en mati\u00e8re d\u2019accusations de viol. Il assure un accompagnement rigoureux d\u00e8s la garde \u00e0 vue jusqu\u2019\u00e0 la Cour d\u2019assises, veillant au strict respect des garanties proc\u00e9durales.","publisher":{"@id":"https:\/\/kohenavocats.com\/ar\/#organization"},"potentialAction":[{"@type":"SearchAction","target":{"@type":"EntryPoint","urlTemplate":"https:\/\/kohenavocats.com\/ar\/?s={search_term_string}"},"query-input":{"@type":"PropertyValueSpecification","valueRequired":true,"valueName":"search_term_string"}}],"inLanguage":"ar"},{"@type":"Organization","@id":"https:\/\/kohenavocats.com\/ar\/#organization","name":"Kohen Avocats","url":"https:\/\/kohenavocats.com\/ar\/","logo":{"@type":"ImageObject","inLanguage":"ar","@id":"https:\/\/kohenavocats.com\/ar\/#\/schema\/logo\/image\/","url":"https:\/\/kohenavocats.com\/wp-content\/uploads\/2026\/01\/Logo-2-1.webp","contentUrl":"https:\/\/kohenavocats.com\/wp-content\/uploads\/2026\/01\/Logo-2-1.webp","width":2114,"height":1253,"caption":"Kohen Avocats"},"image":{"@id":"https:\/\/kohenavocats.com\/ar\/#\/schema\/logo\/image\/"}},{"@type":"Person","@id":"https:\/\/kohenavocats.com\/ar\/#\/schema\/person\/761c9ba54fa1ca84d405cef0831ff751","name":"Kohen","image":{"@type":"ImageObject","inLanguage":"ar","@id":"https:\/\/secure.gravatar.com\/avatar\/1c5e76ef76bbbfdd2b4da984e2bf2fa4056fd51a27d25ce2c332047f1dfd6e00?s=96&d=identicon&r=g","url":"https:\/\/secure.gravatar.com\/avatar\/1c5e76ef76bbbfdd2b4da984e2bf2fa4056fd51a27d25ce2c332047f1dfd6e00?s=96&d=identicon&r=g","contentUrl":"https:\/\/secure.gravatar.com\/avatar\/1c5e76ef76bbbfdd2b4da984e2bf2fa4056fd51a27d25ce2c332047f1dfd6e00?s=96&d=identicon&r=g","caption":"Kohen"},"sameAs":["https:\/\/www.linkedin.com\/in\/hassan-kohen-448548192\/","https:\/\/www.youtube.com\/@Kohen-Avocats"],"url":"https:\/\/kohenavocats.com\/ar\/author\/kohenmlk\/"}]}},"jetpack_featured_media_url":"https:\/\/kohenavocats.com\/wp-content\/uploads\/2024\/11\/pawel-czerwinski-ZJk8NX0aR8s-unsplash.webp","jetpack_likes_enabled":false,"jetpack_shortlink":"https:\/\/wp.me\/peCrII-2HbL","jetpack-related-posts":[{"id":205803,"url":"https:\/\/kohenavocats.com\/ar\/cour-dappel-administrative-de-marseille-le-25-mars-2025-n24ma03209\/","url_meta":{"origin":642677,"position":0},"title":"Cour d&#8217;appel administrative de Marseille, le 25 mars 2025, n\u00b024MA03209","author":"Kohen","date":"22 \u062f\u064a\u0633\u0645\u0628\u0631\u060c 2025","format":false,"excerpt":"Par un arr\u00eat en date du 25 mars 2025, la Cour administrative d\u2019appel de Marseille a statu\u00e9 sur la question de la suspension de l\u2019ex\u00e9cution d\u2019un jugement de premi\u00e8re instance rejetant une demande en d\u00e9charge d\u2019impositions suppl\u00e9mentaires. En l'esp\u00e8ce, une soci\u00e9t\u00e9 avait c\u00e9d\u00e9 des \u00e9l\u00e9ments de son fonds de commerce\u2026","rel":"","context":"\u0641\u064a &quot;Cour administrative d'appel&quot;","block_context":{"text":"Cour administrative d'appel","link":"https:\/\/kohenavocats.com\/category\/cour-administrative-dappel\/"},"img":{"alt_text":"","src":"https:\/\/i0.wp.com\/kohenavocats.com\/wp-content\/uploads\/2024\/08\/pascal-bernardon-bUC0D8FFwAA-unsplash.webp?resize=350%2C200&ssl=1","width":350,"height":200,"srcset":"https:\/\/i0.wp.com\/kohenavocats.com\/wp-content\/uploads\/2024\/08\/pascal-bernardon-bUC0D8FFwAA-unsplash.webp?resize=350%2C200&ssl=1 1x, https:\/\/i0.wp.com\/kohenavocats.com\/wp-content\/uploads\/2024\/08\/pascal-bernardon-bUC0D8FFwAA-unsplash.webp?resize=525%2C300&ssl=1 1.5x, https:\/\/i0.wp.com\/kohenavocats.com\/wp-content\/uploads\/2024\/08\/pascal-bernardon-bUC0D8FFwAA-unsplash.webp?resize=700%2C400&ssl=1 2x, https:\/\/i0.wp.com\/kohenavocats.com\/wp-content\/uploads\/2024\/08\/pascal-bernardon-bUC0D8FFwAA-unsplash.webp?resize=1050%2C600&ssl=1 3x, https:\/\/i0.wp.com\/kohenavocats.com\/wp-content\/uploads\/2024\/08\/pascal-bernardon-bUC0D8FFwAA-unsplash.webp?resize=1400%2C800&ssl=1 4x"},"classes":[]},{"id":726045,"url":"https:\/\/kohenavocats.com\/ar\/cour-dappel-de-douai-le-5-fevrier-2026-n23-02751\/","url_meta":{"origin":642677,"position":1},"title":"Cour d&#8217;appel de Douai, le 5 f\u00e9vrier 2026, n\u00b023\/02751","author":"Kohen","date":"28 \u0623\u0628\u0631\u064a\u0644\u060c 2026","format":false,"excerpt":"La cour d'appel de Douai, dans un arr\u00eat du 5 f\u00e9vrier 2026, a \u00e9t\u00e9 saisie d'un litige opposant deux clubs de football professionnels. Un club fran\u00e7ais contesta...","rel":"","context":"\u0641\u064a &quot;Jurisprudence&quot;","block_context":{"text":"Jurisprudence","link":"https:\/\/kohenavocats.com\/category\/jurisprudence\/"},"img":{"alt_text":"","src":"https:\/\/i0.wp.com\/kohenavocats.com\/wp-content\/uploads\/2024\/08\/luca-trassini-OhaRmr5mJYA-unsplash.webp?resize=350%2C200&ssl=1","width":350,"height":200,"srcset":"https:\/\/i0.wp.com\/kohenavocats.com\/wp-content\/uploads\/2024\/08\/luca-trassini-OhaRmr5mJYA-unsplash.webp?resize=350%2C200&ssl=1 1x, https:\/\/i0.wp.com\/kohenavocats.com\/wp-content\/uploads\/2024\/08\/luca-trassini-OhaRmr5mJYA-unsplash.webp?resize=525%2C300&ssl=1 1.5x, https:\/\/i0.wp.com\/kohenavocats.com\/wp-content\/uploads\/2024\/08\/luca-trassini-OhaRmr5mJYA-unsplash.webp?resize=700%2C400&ssl=1 2x, https:\/\/i0.wp.com\/kohenavocats.com\/wp-content\/uploads\/2024\/08\/luca-trassini-OhaRmr5mJYA-unsplash.webp?resize=1050%2C600&ssl=1 3x, https:\/\/i0.wp.com\/kohenavocats.com\/wp-content\/uploads\/2024\/08\/luca-trassini-OhaRmr5mJYA-unsplash.webp?resize=1400%2C800&ssl=1 4x"},"classes":[]},{"id":304735,"url":"https:\/\/kohenavocats.com\/ar\/tribunal-judiciaire-de-arras-le-11-juillet-2025-n25-00131\/","url_meta":{"origin":642677,"position":2},"title":"Tribunal judiciaire de Arras, le 11 juillet 2025, n\u00b025\/00131","author":"Kohen","date":"5 \u0641\u0628\u0631\u0627\u064a\u0631\u060c 2026","format":false,"excerpt":"La pr\u00e9sente ordonnance statue sur une demande incidente de sursis \u00e0 statuer. Le juge de la mise en \u00e9tat ordonne la suspension de l\u2019instance. Cette d\u00e9cision proc\u00e8de d\u2019une appr\u00e9ciation souveraine des conditions l\u00e9gales. **I. Les conditions l\u00e9gales du sursis \u00e0 statuer sont r\u00e9unies** Le sursis \u00e0 statuer rel\u00e8ve du pouvoir\u2026","rel":"","context":"\u0641\u064a &quot;D\u00e9cisions juridiques&quot;","block_context":{"text":"D\u00e9cisions juridiques","link":"https:\/\/kohenavocats.com\/category\/decisions-juridiques\/"},"img":{"alt_text":"","src":"https:\/\/i0.wp.com\/kohenavocats.com\/wp-content\/uploads\/2024\/11\/getty-images-wvhLLa5sdtg-unsplash.webp?resize=350%2C200&ssl=1","width":350,"height":200,"srcset":"https:\/\/i0.wp.com\/kohenavocats.com\/wp-content\/uploads\/2024\/11\/getty-images-wvhLLa5sdtg-unsplash.webp?resize=350%2C200&ssl=1 1x, https:\/\/i0.wp.com\/kohenavocats.com\/wp-content\/uploads\/2024\/11\/getty-images-wvhLLa5sdtg-unsplash.webp?resize=525%2C300&ssl=1 1.5x, https:\/\/i0.wp.com\/kohenavocats.com\/wp-content\/uploads\/2024\/11\/getty-images-wvhLLa5sdtg-unsplash.webp?resize=700%2C400&ssl=1 2x, https:\/\/i0.wp.com\/kohenavocats.com\/wp-content\/uploads\/2024\/11\/getty-images-wvhLLa5sdtg-unsplash.webp?resize=1050%2C600&ssl=1 3x, https:\/\/i0.wp.com\/kohenavocats.com\/wp-content\/uploads\/2024\/11\/getty-images-wvhLLa5sdtg-unsplash.webp?resize=1400%2C800&ssl=1 4x"},"classes":[]},{"id":307709,"url":"https:\/\/kohenavocats.com\/ar\/cour-dappel-de-aix-en-provence-le-9-octobre-2025-n24-11809\/","url_meta":{"origin":642677,"position":3},"title":"Cour d&#8217;appel de Aix-en-Provence, le 9 octobre 2025, n\u00b024\/11809","author":"Kohen","date":"6 \u0641\u0628\u0631\u0627\u064a\u0631\u060c 2026","format":false,"excerpt":"La Cour d\u2019appel d\u2019Aix-en-Provence, dans un arr\u00eat du 9 octobre 2025, a \u00e9t\u00e9 saisie d\u2019un litige relatif \u00e0 l\u2019ex\u00e9cution forc\u00e9e d\u2019une cr\u00e9ance. Un d\u00e9biteur, faisant l\u2019objet d\u2019une saisie-vente, avait sollicit\u00e9 en premi\u00e8re instance un sursis \u00e0 statuer dans l\u2019attente d\u2019une d\u00e9cision de la commission de surendettement. Le juge de l\u2019ex\u00e9cution\u2026","rel":"","context":"\u0641\u064a &quot;Cour d'appel&quot;","block_context":{"text":"Cour d'appel","link":"https:\/\/kohenavocats.com\/category\/cour-dappel\/"},"img":{"alt_text":"","src":"https:\/\/i0.wp.com\/kohenavocats.com\/wp-content\/uploads\/2024\/11\/getty-images-IP1sG-uokus-unsplash.webp?resize=350%2C200&ssl=1","width":350,"height":200,"srcset":"https:\/\/i0.wp.com\/kohenavocats.com\/wp-content\/uploads\/2024\/11\/getty-images-IP1sG-uokus-unsplash.webp?resize=350%2C200&ssl=1 1x, https:\/\/i0.wp.com\/kohenavocats.com\/wp-content\/uploads\/2024\/11\/getty-images-IP1sG-uokus-unsplash.webp?resize=525%2C300&ssl=1 1.5x, https:\/\/i0.wp.com\/kohenavocats.com\/wp-content\/uploads\/2024\/11\/getty-images-IP1sG-uokus-unsplash.webp?resize=700%2C400&ssl=1 2x, https:\/\/i0.wp.com\/kohenavocats.com\/wp-content\/uploads\/2024\/11\/getty-images-IP1sG-uokus-unsplash.webp?resize=1050%2C600&ssl=1 3x, https:\/\/i0.wp.com\/kohenavocats.com\/wp-content\/uploads\/2024\/11\/getty-images-IP1sG-uokus-unsplash.webp?resize=1400%2C800&ssl=1 4x"},"classes":[]},{"id":306191,"url":"https:\/\/kohenavocats.com\/ar\/tribunal-judiciaire-de-chambery-le-8-juillet-2025-n22-01250\/","url_meta":{"origin":642677,"position":4},"title":"Tribunal judiciaire de Chamb\u00e9ry, le 8 juillet 2025, n\u00b022\/01250","author":"Kohen","date":"5 \u0641\u0628\u0631\u0627\u064a\u0631\u060c 2026","format":false,"excerpt":"La pr\u00e9sente ordonnance statue sur une demande incidente de sursis \u00e0 statuer. Le juge de la mise en \u00e9tat y fait droit au nom d\u2019une bonne administration de la justice. Cette d\u00e9cision proc\u00e8de d\u2019un pouvoir discr\u00e9tionnaire et s\u2019appuie sur la n\u00e9cessit\u00e9 d\u2019une d\u00e9cision pr\u00e9alable.**I. Le pouvoir discr\u00e9tionnaire du juge fonde\u2026","rel":"","context":"\u0641\u064a &quot;D\u00e9cisions juridiques&quot;","block_context":{"text":"D\u00e9cisions juridiques","link":"https:\/\/kohenavocats.com\/category\/decisions-juridiques\/"},"img":{"alt_text":"","src":"https:\/\/i0.wp.com\/kohenavocats.com\/wp-content\/uploads\/2024\/11\/kamran-abdullayev-tRrxCpbE1pQ-unsplash.webp?resize=350%2C200&ssl=1","width":350,"height":200,"srcset":"https:\/\/i0.wp.com\/kohenavocats.com\/wp-content\/uploads\/2024\/11\/kamran-abdullayev-tRrxCpbE1pQ-unsplash.webp?resize=350%2C200&ssl=1 1x, https:\/\/i0.wp.com\/kohenavocats.com\/wp-content\/uploads\/2024\/11\/kamran-abdullayev-tRrxCpbE1pQ-unsplash.webp?resize=525%2C300&ssl=1 1.5x, https:\/\/i0.wp.com\/kohenavocats.com\/wp-content\/uploads\/2024\/11\/kamran-abdullayev-tRrxCpbE1pQ-unsplash.webp?resize=700%2C400&ssl=1 2x, https:\/\/i0.wp.com\/kohenavocats.com\/wp-content\/uploads\/2024\/11\/kamran-abdullayev-tRrxCpbE1pQ-unsplash.webp?resize=1050%2C600&ssl=1 3x, https:\/\/i0.wp.com\/kohenavocats.com\/wp-content\/uploads\/2024\/11\/kamran-abdullayev-tRrxCpbE1pQ-unsplash.webp?resize=1400%2C800&ssl=1 4x"},"classes":[]},{"id":303935,"url":"https:\/\/kohenavocats.com\/ar\/cour-dappel-de-bordeaux-le-7-octobre-2025-n23-02346\/","url_meta":{"origin":642677,"position":5},"title":"Cour d&#8217;appel de Bordeaux, le 7 octobre 2025, n\u00b023\/02346","author":"Kohen","date":"5 \u0641\u0628\u0631\u0627\u064a\u0631\u060c 2026","format":false,"excerpt":"La Cour d\u2019appel de Bordeaux, chambre sociale, le 7 octobre 2025, a \u00e9t\u00e9 saisie d\u2019un appel contre un jugement du Conseil de prud\u2019hommes de Bordeaux du 28 avril 2023. Ce jugement avait condamn\u00e9 les h\u00e9ritiers de l\u2019employeuse \u00e0 verser diverses indemnit\u00e9s \u00e0 une salari\u00e9e licenci\u00e9e pour faute lourde. Les h\u00e9ritiers\u2026","rel":"","context":"\u0641\u064a &quot;Cour d'appel&quot;","block_context":{"text":"Cour d'appel","link":"https:\/\/kohenavocats.com\/category\/cour-dappel\/"},"img":{"alt_text":"","src":"https:\/\/i0.wp.com\/kohenavocats.com\/wp-content\/uploads\/2024\/11\/getty-images-UzSgkFUhmVc-unsplash.webp?resize=350%2C200&ssl=1","width":350,"height":200,"srcset":"https:\/\/i0.wp.com\/kohenavocats.com\/wp-content\/uploads\/2024\/11\/getty-images-UzSgkFUhmVc-unsplash.webp?resize=350%2C200&ssl=1 1x, https:\/\/i0.wp.com\/kohenavocats.com\/wp-content\/uploads\/2024\/11\/getty-images-UzSgkFUhmVc-unsplash.webp?resize=525%2C300&ssl=1 1.5x, https:\/\/i0.wp.com\/kohenavocats.com\/wp-content\/uploads\/2024\/11\/getty-images-UzSgkFUhmVc-unsplash.webp?resize=700%2C400&ssl=1 2x, https:\/\/i0.wp.com\/kohenavocats.com\/wp-content\/uploads\/2024\/11\/getty-images-UzSgkFUhmVc-unsplash.webp?resize=1050%2C600&ssl=1 3x, https:\/\/i0.wp.com\/kohenavocats.com\/wp-content\/uploads\/2024\/11\/getty-images-UzSgkFUhmVc-unsplash.webp?resize=1400%2C800&ssl=1 4x"},"classes":[]}],"jetpack_sharing_enabled":true,"_links":{"self":[{"href":"https:\/\/kohenavocats.com\/ar\/wp-json\/wp\/v2\/posts\/642677","targetHints":{"allow":["GET"]}}],"collection":[{"href":"https:\/\/kohenavocats.com\/ar\/wp-json\/wp\/v2\/posts"}],"about":[{"href":"https:\/\/kohenavocats.com\/ar\/wp-json\/wp\/v2\/types\/post"}],"author":[{"embeddable":true,"href":"https:\/\/kohenavocats.com\/ar\/wp-json\/wp\/v2\/users\/232070755"}],"replies":[{"embeddable":true,"href":"https:\/\/kohenavocats.com\/ar\/wp-json\/wp\/v2\/comments?post=642677"}],"version-history":[{"count":0,"href":"https:\/\/kohenavocats.com\/ar\/wp-json\/wp\/v2\/posts\/642677\/revisions"}],"wp:featuredmedia":[{"embeddable":true,"href":"https:\/\/kohenavocats.com\/ar\/wp-json\/wp\/v2\/media\/9626"}],"wp:attachment":[{"href":"https:\/\/kohenavocats.com\/ar\/wp-json\/wp\/v2\/media?parent=642677"}],"wp:term":[{"taxonomy":"category","embeddable":true,"href":"https:\/\/kohenavocats.com\/ar\/wp-json\/wp\/v2\/categories?post=642677"},{"taxonomy":"post_tag","embeddable":true,"href":"https:\/\/kohenavocats.com\/ar\/wp-json\/wp\/v2\/tags?post=642677"}],"curies":[{"name":"wp","href":"https:\/\/api.w.org\/{rel}","templated":true}]}}