{"id":649892,"date":"2026-04-22T17:26:14","date_gmt":"2026-04-22T15:26:14","guid":{"rendered":"https:\/\/kohenavocats.com\/tribunal-judiciaire-de-montpellier-le-29-juillet-2022-n21-01523\/"},"modified":"2026-04-22T17:26:14","modified_gmt":"2026-04-22T15:26:14","slug":"tribunal-judiciaire-de-montpellier-le-29-juillet-2022-n21-01523","status":"publish","type":"post","link":"https:\/\/kohenavocats.com\/ar\/tribunal-judiciaire-de-montpellier-le-29-juillet-2022-n21-01523\/","title":{"rendered":"Tribunal judiciaire de Montpellier, le 29 juillet 2022, n\u00b021\/01523"},"content":{"rendered":"<div class=\"article-content\">\n<p>Le Tribunal judiciaire de Montpellier, par jugement du 29 juillet 2022, statue sur les suites d&#8217;une liquidation judiciaire. L&#8217;\u00e9tablissement bancaire poursuit le d\u00e9biteur principal et ses cautions pour le recouvrement d&#8217;un pr\u00eat. La question centrale r\u00e9side dans l&#8217;application des r\u00e8gles proc\u00e9durales de la liquidation et du r\u00e9gime de l&#8217;information annuelle des cautions. Le tribunal fixe la cr\u00e9ance au passif de la soci\u00e9t\u00e9 d\u00e9bitrice et condamne solidairement les cautions, apr\u00e8s d\u00e9ch\u00e9ance de leurs int\u00e9r\u00eats pour d\u00e9faut d&#8217;information.<\/p>\n<p>Le r\u00e9gime des poursuites dans la liquidation judiciaire<\/p>\n<p>Les effets de l&#8217;ouverture de la proc\u00e9dure collective. Le jugement rappelle les interdictions de payer \u00e9dict\u00e9es par l&#8217;article L622-7 du code de commerce. Il pr\u00e9cise \u00e9galement l&#8217;interruption des instances jusqu&#8217;\u00e0 la d\u00e9claration de cr\u00e9ance, conform\u00e9ment \u00e0 l&#8217;article L622-22. Ces dispositions encadrent strictement l&#8217;action du cr\u00e9ancier contre le d\u00e9biteur principal d\u00e9sormais en liquidation. La port\u00e9e est de soumettre le recouvrement aux imp\u00e9ratifs de la proc\u00e9dure collective et de la discipline du passif.<\/p>\n<p>La fixation de la cr\u00e9ance au passif de la soci\u00e9t\u00e9 d\u00e9bitrice. La juridiction constate le caract\u00e8re non contest\u00e9 du principal de la cr\u00e9ance et de ses accessoires. Elle rel\u00e8ve que le taux d&#8217;int\u00e9r\u00eat appliqu\u00e9 est inf\u00e9rieur au taux initial conventionnel. Le tribunal fixe donc la cr\u00e9ance pour un montant d\u00e9termin\u00e9 \u00e0 titre chirographaire. La valeur de cette solution r\u00e9side dans le respect des r\u00e8gles de la liquidation, qui imposent une d\u00e9claration et un examen des cr\u00e9ances. Elle pr\u00e9serve les droits du cr\u00e9ancier tout en l&#8217;int\u00e9grant au rang qui lui est assign\u00e9 par la loi.<\/p>\n<p>Le r\u00e9gime de la caution et la sanction du d\u00e9faut d&#8217;information<\/p>\n<p>L&#8217;application stricte de l&#8217;obligation d&#8217;information annuelle. Le tribunal applique l&#8217;article L313-22 du code mon\u00e9taire et financier. &#8220;Le d\u00e9faut d&#8217;accomplissement de la formalit\u00e9 pr\u00e9vue \u00e0 l&#8217;alin\u00e9a pr\u00e9c\u00e9dent emporte, dans les rapports entre la caution et l&#8217;\u00e9tablissement tenu \u00e0 cette formalit\u00e9, d\u00e9ch\u00e9ance des int\u00e9r\u00eats \u00e9chus depuis la pr\u00e9c\u00e9dente information jusqu&#8217;\u00e0 la date de communication de la nouvelle information.&#8221; (Motifs de la d\u00e9cision). La sanction est automatique et prot\u00e8ge la caution d&#8217;une m\u00e9connaissance de sa situation. La port\u00e9e est imp\u00e9rative et s&#8217;impose au cr\u00e9ancier, qui en supporte les cons\u00e9quences financi\u00e8res.<\/p>\n<p>La solidarit\u00e9 des cautions et le rejet des d\u00e9lais de paiement. La condamnation solidaire des \u00e9poux cautions est fond\u00e9e sur l&#8217;article 220 du code civil. Les d\u00e9fendeurs sollicitent des d\u00e9lais de paiement sur le fondement de l&#8217;article 1343-5 du Code civil. Le juge rejette cette demande au motif de l&#8217;absence de justification de leur situation patrimoniale. La solution affirme le caract\u00e8re strict de la condition des d\u00e9lais de paiement. La valeur est de rappeler que la facult\u00e9 d&#8217;am\u00e9nagement du juge est subordonn\u00e9e \u00e0 la preuve d&#8217;une situation le justifiant.<\/p>\n<\/div>\n","protected":false},"excerpt":{"rendered":"<p>Le Tribunal judiciaire de Montpellier, par jugement du 29 juillet 2022, statue sur les suites d&#8217;une liquidation judiciaire. L&#8217;\u00e9tablissement bancaire poursuit&#8230;<\/p>\n","protected":false},"author":232070755,"featured_media":4664,"comment_status":"open","ping_status":"open","sticky":false,"template":"","format":"standard","meta":{"_crdt_document":"","_jetpack_newsletter_access":"","_jetpack_dont_email_post_to_subs":false,"_jetpack_newsletter_tier_id":0,"_jetpack_memberships_contains_paywalled_content":false,"_kj_source_type":"","_kj_official_id":"","_kj_official_url":"","_kj_judilibre_id":"","_kj_jur":"","_kj_lieu":"","_kj_chambre":"","_kj_rg":"","_kj_date":"","_jetpack_memberships_contains_paid_content":false,"footnotes":"","jetpack_post_was_ever_published":false},"categories":[7597],"tags":[],"class_list":["post-649892","post","type-post","status-publish","format-standard","has-post-thumbnail","hentry","category-jurisprudence"],"yoast_head":"<!-- This site is optimized with the Yoast SEO Premium plugin v27.4 (Yoast SEO v27.4) - https:\/\/yoast.com\/product\/yoast-seo-premium-wordpress\/ -->\n<title>Tribunal judiciaire de Montpellier, le 29 juillet 2022, n\u00b021\/01523 - Ma\u00eetre Hassan Kohen, avocat en droit p\u00e9nal \u00e0 Paris<\/title>\n<meta name=\"description\" content=\"Le Tribunal judiciaire de Montpellier, par jugement du 29 juillet 2022, statue sur les suites d&#039;une liquidation judiciaire. L&#039;\u00e9tablissement bancaire poursuit...\" \/>\n<meta name=\"robots\" content=\"index, follow, max-snippet:-1, max-image-preview:large, max-video-preview:-1\" \/>\n<link rel=\"canonical\" href=\"https:\/\/kohenavocats.com\/ar\/tribunal-judiciaire-de-montpellier-le-29-juillet-2022-n21-01523\/\" \/>\n<meta property=\"og:locale\" content=\"ar_AR\" \/>\n<meta property=\"og:type\" content=\"article\" \/>\n<meta property=\"og:title\" content=\"Tribunal judiciaire de Montpellier, le 29 juillet 2022, n\u00b021\/01523\" \/>\n<meta property=\"og:description\" content=\"Le Tribunal judiciaire de Montpellier, par jugement du 29 juillet 2022, statue sur les suites d&#039;une liquidation judiciaire. L&#039;\u00e9tablissement bancaire poursuit...\" \/>\n<meta property=\"og:url\" content=\"https:\/\/kohenavocats.com\/ar\/tribunal-judiciaire-de-montpellier-le-29-juillet-2022-n21-01523\/\" \/>\n<meta property=\"og:site_name\" content=\"Ma\u00eetre Hassan Kohen, avocat en droit p\u00e9nal \u00e0 Paris\" \/>\n<meta property=\"article:published_time\" content=\"2026-04-22T15:26:14+00:00\" \/>\n<meta property=\"og:image\" content=\"https:\/\/kohenavocats.com\/wp-content\/uploads\/2024\/08\/maximilian-zahn-SKf_POUVJnQ-unsplash.webp\" \/>\n\t<meta property=\"og:image:width\" content=\"6000\" \/>\n\t<meta property=\"og:image:height\" content=\"4000\" \/>\n\t<meta property=\"og:image:type\" content=\"image\/webp\" \/>\n<meta name=\"author\" content=\"Kohen\" \/>\n<meta name=\"twitter:card\" content=\"summary_large_image\" \/>\n<meta name=\"twitter:label1\" content=\"\u0643\u064f\u062a\u0628 \u0628\u0648\u0627\u0633\u0637\u0629\" \/>\n\t<meta name=\"twitter:data1\" content=\"Kohen\" \/>\n\t<meta name=\"twitter:label2\" content=\"\u0648\u0642\u062a \u0627\u0644\u0642\u0631\u0627\u0621\u0629 \u0627\u0644\u0645\u064f\u0642\u062f\u0651\u0631\" \/>\n\t<meta name=\"twitter:data2\" content=\"3 \u062f\u0642\u0627\u0626\u0642\" \/>\n<script type=\"application\/ld+json\" class=\"yoast-schema-graph\">{\"@context\":\"https:\\\/\\\/schema.org\",\"@graph\":[{\"@type\":\"Article\",\"@id\":\"https:\\\/\\\/kohenavocats.com\\\/ar\\\/tribunal-judiciaire-de-montpellier-le-29-juillet-2022-n21-01523\\\/#article\",\"isPartOf\":{\"@id\":\"https:\\\/\\\/kohenavocats.com\\\/ar\\\/tribunal-judiciaire-de-montpellier-le-29-juillet-2022-n21-01523\\\/\"},\"author\":{\"name\":\"Kohen\",\"@id\":\"https:\\\/\\\/kohenavocats.com\\\/ar\\\/#\\\/schema\\\/person\\\/761c9ba54fa1ca84d405cef0831ff751\"},\"headline\":\"Tribunal judiciaire de Montpellier, le 29 juillet 2022, n\u00b021\\\/01523\",\"datePublished\":\"2026-04-22T15:26:14+00:00\",\"mainEntityOfPage\":{\"@id\":\"https:\\\/\\\/kohenavocats.com\\\/ar\\\/tribunal-judiciaire-de-montpellier-le-29-juillet-2022-n21-01523\\\/\"},\"wordCount\":542,\"commentCount\":0,\"publisher\":{\"@id\":\"https:\\\/\\\/kohenavocats.com\\\/ar\\\/#organization\"},\"image\":{\"@id\":\"https:\\\/\\\/kohenavocats.com\\\/ar\\\/tribunal-judiciaire-de-montpellier-le-29-juillet-2022-n21-01523\\\/#primaryimage\"},\"thumbnailUrl\":\"https:\\\/\\\/kohenavocats.com\\\/wp-content\\\/uploads\\\/2024\\\/08\\\/maximilian-zahn-SKf_POUVJnQ-unsplash.webp\",\"articleSection\":[\"Jurisprudence\"],\"inLanguage\":\"ar\",\"potentialAction\":[{\"@type\":\"CommentAction\",\"name\":\"Comment\",\"target\":[\"https:\\\/\\\/kohenavocats.com\\\/ar\\\/tribunal-judiciaire-de-montpellier-le-29-juillet-2022-n21-01523\\\/#respond\"]}],\"citation\":\"Tribunal judiciaire de Montpellier, le 29 juillet 2022, n\u00b021\\\/01523\",\"about\":[{\"@type\":\"Thing\",\"name\":\"Jurisprudence\"}],\"dateModified\":\"2026-04-22T15:26:14+00:00\",\"speakable\":{\"@type\":\"SpeakableSpecification\",\"cssSelector\":[\".article-content > p:first-of-type\"]}},{\"@type\":\"WebPage\",\"@id\":\"https:\\\/\\\/kohenavocats.com\\\/ar\\\/tribunal-judiciaire-de-montpellier-le-29-juillet-2022-n21-01523\\\/\",\"url\":\"https:\\\/\\\/kohenavocats.com\\\/ar\\\/tribunal-judiciaire-de-montpellier-le-29-juillet-2022-n21-01523\\\/\",\"name\":\"Tribunal judiciaire de Montpellier, le 29 juillet 2022, n\u00b021\\\/01523 - Ma\u00eetre Hassan Kohen, avocat en droit p\u00e9nal \u00e0 Paris\",\"isPartOf\":{\"@id\":\"https:\\\/\\\/kohenavocats.com\\\/ar\\\/#website\"},\"primaryImageOfPage\":{\"@id\":\"https:\\\/\\\/kohenavocats.com\\\/ar\\\/tribunal-judiciaire-de-montpellier-le-29-juillet-2022-n21-01523\\\/#primaryimage\"},\"image\":{\"@id\":\"https:\\\/\\\/kohenavocats.com\\\/ar\\\/tribunal-judiciaire-de-montpellier-le-29-juillet-2022-n21-01523\\\/#primaryimage\"},\"thumbnailUrl\":\"https:\\\/\\\/kohenavocats.com\\\/wp-content\\\/uploads\\\/2024\\\/08\\\/maximilian-zahn-SKf_POUVJnQ-unsplash.webp\",\"datePublished\":\"2026-04-22T15:26:14+00:00\",\"description\":\"Le Tribunal judiciaire de Montpellier, par jugement du 29 juillet 2022, statue sur les suites d'une liquidation judiciaire. L'\u00e9tablissement bancaire poursuit...\",\"breadcrumb\":{\"@id\":\"https:\\\/\\\/kohenavocats.com\\\/ar\\\/tribunal-judiciaire-de-montpellier-le-29-juillet-2022-n21-01523\\\/#breadcrumb\"},\"inLanguage\":\"ar\",\"potentialAction\":[{\"@type\":\"ReadAction\",\"target\":[\"https:\\\/\\\/kohenavocats.com\\\/ar\\\/tribunal-judiciaire-de-montpellier-le-29-juillet-2022-n21-01523\\\/\"]}]},{\"@type\":\"ImageObject\",\"inLanguage\":\"ar\",\"@id\":\"https:\\\/\\\/kohenavocats.com\\\/ar\\\/tribunal-judiciaire-de-montpellier-le-29-juillet-2022-n21-01523\\\/#primaryimage\",\"url\":\"https:\\\/\\\/kohenavocats.com\\\/wp-content\\\/uploads\\\/2024\\\/08\\\/maximilian-zahn-SKf_POUVJnQ-unsplash.webp\",\"contentUrl\":\"https:\\\/\\\/kohenavocats.com\\\/wp-content\\\/uploads\\\/2024\\\/08\\\/maximilian-zahn-SKf_POUVJnQ-unsplash.webp\",\"width\":6000,\"height\":4000},{\"@type\":\"BreadcrumbList\",\"@id\":\"https:\\\/\\\/kohenavocats.com\\\/ar\\\/tribunal-judiciaire-de-montpellier-le-29-juillet-2022-n21-01523\\\/#breadcrumb\",\"itemListElement\":[{\"@type\":\"ListItem\",\"position\":1,\"name\":\"Home\",\"item\":\"https:\\\/\\\/kohenavocats.com\\\/ar\\\/%d9%85%d8%ad%d8%a7%d9%85%d9%88%d9%86-%d9%85%d8%aa%d8%ae%d8%b5%d8%b5%d9%88%d9%86-%d9%81%d9%8a-%d8%a7%d9%84%d9%82%d8%a7%d9%86%d9%88%d9%86-%d8%a7%d9%84%d8%ac%d9%86%d8%a7%d8%a6%d9%8a-%d8%a8%d8%a8%d8%a7\\\/\"},{\"@type\":\"ListItem\",\"position\":2,\"name\":\"Tribunal judiciaire de Montpellier, le 29 juillet 2022, n\u00b021\\\/01523\"}]},{\"@type\":\"WebSite\",\"@id\":\"https:\\\/\\\/kohenavocats.com\\\/ar\\\/#website\",\"url\":\"https:\\\/\\\/kohenavocats.com\\\/ar\\\/\",\"name\":\"Kohen Avocats\",\"description\":\"Ma\u00eetre Hassan Kohen, avocat p\u00e9naliste \u00e0 Paris, intervient exclusivement en droit p\u00e9nal pour la d\u00e9fense des particuliers, notamment en mati\u00e8re d\u2019accusations de viol. Il assure un accompagnement rigoureux d\u00e8s la garde \u00e0 vue jusqu\u2019\u00e0 la Cour d\u2019assises, veillant au strict respect des garanties proc\u00e9durales.\",\"publisher\":{\"@id\":\"https:\\\/\\\/kohenavocats.com\\\/ar\\\/#organization\"},\"potentialAction\":[{\"@type\":\"SearchAction\",\"target\":{\"@type\":\"EntryPoint\",\"urlTemplate\":\"https:\\\/\\\/kohenavocats.com\\\/ar\\\/?s={search_term_string}\"},\"query-input\":{\"@type\":\"PropertyValueSpecification\",\"valueRequired\":true,\"valueName\":\"search_term_string\"}}],\"inLanguage\":\"ar\"},{\"@type\":\"Organization\",\"@id\":\"https:\\\/\\\/kohenavocats.com\\\/ar\\\/#organization\",\"name\":\"Kohen Avocats\",\"url\":\"https:\\\/\\\/kohenavocats.com\\\/ar\\\/\",\"logo\":{\"@type\":\"ImageObject\",\"inLanguage\":\"ar\",\"@id\":\"https:\\\/\\\/kohenavocats.com\\\/ar\\\/#\\\/schema\\\/logo\\\/image\\\/\",\"url\":\"https:\\\/\\\/kohenavocats.com\\\/wp-content\\\/uploads\\\/2026\\\/01\\\/Logo-2-1.webp\",\"contentUrl\":\"https:\\\/\\\/kohenavocats.com\\\/wp-content\\\/uploads\\\/2026\\\/01\\\/Logo-2-1.webp\",\"width\":2114,\"height\":1253,\"caption\":\"Kohen Avocats\"},\"image\":{\"@id\":\"https:\\\/\\\/kohenavocats.com\\\/ar\\\/#\\\/schema\\\/logo\\\/image\\\/\"}},{\"@type\":\"Person\",\"@id\":\"https:\\\/\\\/kohenavocats.com\\\/ar\\\/#\\\/schema\\\/person\\\/761c9ba54fa1ca84d405cef0831ff751\",\"name\":\"Kohen\",\"image\":{\"@type\":\"ImageObject\",\"inLanguage\":\"ar\",\"@id\":\"https:\\\/\\\/secure.gravatar.com\\\/avatar\\\/1c5e76ef76bbbfdd2b4da984e2bf2fa4056fd51a27d25ce2c332047f1dfd6e00?s=96&d=identicon&r=g\",\"url\":\"https:\\\/\\\/secure.gravatar.com\\\/avatar\\\/1c5e76ef76bbbfdd2b4da984e2bf2fa4056fd51a27d25ce2c332047f1dfd6e00?s=96&d=identicon&r=g\",\"contentUrl\":\"https:\\\/\\\/secure.gravatar.com\\\/avatar\\\/1c5e76ef76bbbfdd2b4da984e2bf2fa4056fd51a27d25ce2c332047f1dfd6e00?s=96&d=identicon&r=g\",\"caption\":\"Kohen\"},\"sameAs\":[\"https:\\\/\\\/www.linkedin.com\\\/in\\\/hassan-kohen-448548192\\\/\",\"https:\\\/\\\/www.youtube.com\\\/@Kohen-Avocats\"],\"url\":\"https:\\\/\\\/kohenavocats.com\\\/ar\\\/author\\\/kohenmlk\\\/\"}]}<\/script>\n<!-- \/ Yoast SEO Premium plugin. -->","yoast_head_json":{"title":"Tribunal judiciaire de Montpellier, le 29 juillet 2022, n\u00b021\/01523 - Ma\u00eetre Hassan Kohen, avocat en droit p\u00e9nal \u00e0 Paris","description":"Le Tribunal judiciaire de Montpellier, par jugement du 29 juillet 2022, statue sur les suites d'une liquidation judiciaire. L'\u00e9tablissement bancaire poursuit...","robots":{"index":"index","follow":"follow","max-snippet":"max-snippet:-1","max-image-preview":"max-image-preview:large","max-video-preview":"max-video-preview:-1"},"canonical":"https:\/\/kohenavocats.com\/ar\/tribunal-judiciaire-de-montpellier-le-29-juillet-2022-n21-01523\/","og_locale":"ar_AR","og_type":"article","og_title":"Tribunal judiciaire de Montpellier, le 29 juillet 2022, n\u00b021\/01523","og_description":"Le Tribunal judiciaire de Montpellier, par jugement du 29 juillet 2022, statue sur les suites d'une liquidation judiciaire. L'\u00e9tablissement bancaire poursuit...","og_url":"https:\/\/kohenavocats.com\/ar\/tribunal-judiciaire-de-montpellier-le-29-juillet-2022-n21-01523\/","og_site_name":"Ma\u00eetre Hassan Kohen, avocat en droit p\u00e9nal \u00e0 Paris","article_published_time":"2026-04-22T15:26:14+00:00","og_image":[{"width":6000,"height":4000,"url":"https:\/\/kohenavocats.com\/wp-content\/uploads\/2024\/08\/maximilian-zahn-SKf_POUVJnQ-unsplash.webp","type":"image\/webp"}],"author":"Kohen","twitter_card":"summary_large_image","twitter_misc":{"\u0643\u064f\u062a\u0628 \u0628\u0648\u0627\u0633\u0637\u0629":"Kohen","\u0648\u0642\u062a \u0627\u0644\u0642\u0631\u0627\u0621\u0629 \u0627\u0644\u0645\u064f\u0642\u062f\u0651\u0631":"3 \u062f\u0642\u0627\u0626\u0642"},"schema":{"@context":"https:\/\/schema.org","@graph":[{"@type":"Article","@id":"https:\/\/kohenavocats.com\/ar\/tribunal-judiciaire-de-montpellier-le-29-juillet-2022-n21-01523\/#article","isPartOf":{"@id":"https:\/\/kohenavocats.com\/ar\/tribunal-judiciaire-de-montpellier-le-29-juillet-2022-n21-01523\/"},"author":{"name":"Kohen","@id":"https:\/\/kohenavocats.com\/ar\/#\/schema\/person\/761c9ba54fa1ca84d405cef0831ff751"},"headline":"Tribunal judiciaire de Montpellier, le 29 juillet 2022, n\u00b021\/01523","datePublished":"2026-04-22T15:26:14+00:00","mainEntityOfPage":{"@id":"https:\/\/kohenavocats.com\/ar\/tribunal-judiciaire-de-montpellier-le-29-juillet-2022-n21-01523\/"},"wordCount":542,"commentCount":0,"publisher":{"@id":"https:\/\/kohenavocats.com\/ar\/#organization"},"image":{"@id":"https:\/\/kohenavocats.com\/ar\/tribunal-judiciaire-de-montpellier-le-29-juillet-2022-n21-01523\/#primaryimage"},"thumbnailUrl":"https:\/\/kohenavocats.com\/wp-content\/uploads\/2024\/08\/maximilian-zahn-SKf_POUVJnQ-unsplash.webp","articleSection":["Jurisprudence"],"inLanguage":"ar","potentialAction":[{"@type":"CommentAction","name":"Comment","target":["https:\/\/kohenavocats.com\/ar\/tribunal-judiciaire-de-montpellier-le-29-juillet-2022-n21-01523\/#respond"]}],"citation":"Tribunal judiciaire de Montpellier, le 29 juillet 2022, n\u00b021\/01523","about":[{"@type":"Thing","name":"Jurisprudence"}],"dateModified":"2026-04-22T15:26:14+00:00","speakable":{"@type":"SpeakableSpecification","cssSelector":[".article-content > p:first-of-type"]}},{"@type":"WebPage","@id":"https:\/\/kohenavocats.com\/ar\/tribunal-judiciaire-de-montpellier-le-29-juillet-2022-n21-01523\/","url":"https:\/\/kohenavocats.com\/ar\/tribunal-judiciaire-de-montpellier-le-29-juillet-2022-n21-01523\/","name":"Tribunal judiciaire de Montpellier, le 29 juillet 2022, n\u00b021\/01523 - Ma\u00eetre Hassan Kohen, avocat en droit p\u00e9nal \u00e0 Paris","isPartOf":{"@id":"https:\/\/kohenavocats.com\/ar\/#website"},"primaryImageOfPage":{"@id":"https:\/\/kohenavocats.com\/ar\/tribunal-judiciaire-de-montpellier-le-29-juillet-2022-n21-01523\/#primaryimage"},"image":{"@id":"https:\/\/kohenavocats.com\/ar\/tribunal-judiciaire-de-montpellier-le-29-juillet-2022-n21-01523\/#primaryimage"},"thumbnailUrl":"https:\/\/kohenavocats.com\/wp-content\/uploads\/2024\/08\/maximilian-zahn-SKf_POUVJnQ-unsplash.webp","datePublished":"2026-04-22T15:26:14+00:00","description":"Le Tribunal judiciaire de Montpellier, par jugement du 29 juillet 2022, statue sur les suites d'une liquidation judiciaire. L'\u00e9tablissement bancaire poursuit...","breadcrumb":{"@id":"https:\/\/kohenavocats.com\/ar\/tribunal-judiciaire-de-montpellier-le-29-juillet-2022-n21-01523\/#breadcrumb"},"inLanguage":"ar","potentialAction":[{"@type":"ReadAction","target":["https:\/\/kohenavocats.com\/ar\/tribunal-judiciaire-de-montpellier-le-29-juillet-2022-n21-01523\/"]}]},{"@type":"ImageObject","inLanguage":"ar","@id":"https:\/\/kohenavocats.com\/ar\/tribunal-judiciaire-de-montpellier-le-29-juillet-2022-n21-01523\/#primaryimage","url":"https:\/\/kohenavocats.com\/wp-content\/uploads\/2024\/08\/maximilian-zahn-SKf_POUVJnQ-unsplash.webp","contentUrl":"https:\/\/kohenavocats.com\/wp-content\/uploads\/2024\/08\/maximilian-zahn-SKf_POUVJnQ-unsplash.webp","width":6000,"height":4000},{"@type":"BreadcrumbList","@id":"https:\/\/kohenavocats.com\/ar\/tribunal-judiciaire-de-montpellier-le-29-juillet-2022-n21-01523\/#breadcrumb","itemListElement":[{"@type":"ListItem","position":1,"name":"Home","item":"https:\/\/kohenavocats.com\/ar\/%d9%85%d8%ad%d8%a7%d9%85%d9%88%d9%86-%d9%85%d8%aa%d8%ae%d8%b5%d8%b5%d9%88%d9%86-%d9%81%d9%8a-%d8%a7%d9%84%d9%82%d8%a7%d9%86%d9%88%d9%86-%d8%a7%d9%84%d8%ac%d9%86%d8%a7%d8%a6%d9%8a-%d8%a8%d8%a8%d8%a7\/"},{"@type":"ListItem","position":2,"name":"Tribunal judiciaire de Montpellier, le 29 juillet 2022, n\u00b021\/01523"}]},{"@type":"WebSite","@id":"https:\/\/kohenavocats.com\/ar\/#website","url":"https:\/\/kohenavocats.com\/ar\/","name":"Kohen Avocats","description":"Ma\u00eetre Hassan Kohen, avocat p\u00e9naliste \u00e0 Paris, intervient exclusivement en droit p\u00e9nal pour la d\u00e9fense des particuliers, notamment en mati\u00e8re d\u2019accusations de viol. Il assure un accompagnement rigoureux d\u00e8s la garde \u00e0 vue jusqu\u2019\u00e0 la Cour d\u2019assises, veillant au strict respect des garanties proc\u00e9durales.","publisher":{"@id":"https:\/\/kohenavocats.com\/ar\/#organization"},"potentialAction":[{"@type":"SearchAction","target":{"@type":"EntryPoint","urlTemplate":"https:\/\/kohenavocats.com\/ar\/?s={search_term_string}"},"query-input":{"@type":"PropertyValueSpecification","valueRequired":true,"valueName":"search_term_string"}}],"inLanguage":"ar"},{"@type":"Organization","@id":"https:\/\/kohenavocats.com\/ar\/#organization","name":"Kohen Avocats","url":"https:\/\/kohenavocats.com\/ar\/","logo":{"@type":"ImageObject","inLanguage":"ar","@id":"https:\/\/kohenavocats.com\/ar\/#\/schema\/logo\/image\/","url":"https:\/\/kohenavocats.com\/wp-content\/uploads\/2026\/01\/Logo-2-1.webp","contentUrl":"https:\/\/kohenavocats.com\/wp-content\/uploads\/2026\/01\/Logo-2-1.webp","width":2114,"height":1253,"caption":"Kohen Avocats"},"image":{"@id":"https:\/\/kohenavocats.com\/ar\/#\/schema\/logo\/image\/"}},{"@type":"Person","@id":"https:\/\/kohenavocats.com\/ar\/#\/schema\/person\/761c9ba54fa1ca84d405cef0831ff751","name":"Kohen","image":{"@type":"ImageObject","inLanguage":"ar","@id":"https:\/\/secure.gravatar.com\/avatar\/1c5e76ef76bbbfdd2b4da984e2bf2fa4056fd51a27d25ce2c332047f1dfd6e00?s=96&d=identicon&r=g","url":"https:\/\/secure.gravatar.com\/avatar\/1c5e76ef76bbbfdd2b4da984e2bf2fa4056fd51a27d25ce2c332047f1dfd6e00?s=96&d=identicon&r=g","contentUrl":"https:\/\/secure.gravatar.com\/avatar\/1c5e76ef76bbbfdd2b4da984e2bf2fa4056fd51a27d25ce2c332047f1dfd6e00?s=96&d=identicon&r=g","caption":"Kohen"},"sameAs":["https:\/\/www.linkedin.com\/in\/hassan-kohen-448548192\/","https:\/\/www.youtube.com\/@Kohen-Avocats"],"url":"https:\/\/kohenavocats.com\/ar\/author\/kohenmlk\/"}]}},"jetpack_featured_media_url":"https:\/\/kohenavocats.com\/wp-content\/uploads\/2024\/08\/maximilian-zahn-SKf_POUVJnQ-unsplash.webp","jetpack_likes_enabled":false,"jetpack_shortlink":"https:\/\/wp.me\/peCrII-2J48","jetpack-related-posts":[{"id":491927,"url":"https:\/\/kohenavocats.com\/ar\/tribunal-de-commerce-de-montpellier-le-14-novembre-2025-n2025011705\/","url_meta":{"origin":649892,"position":0},"title":"Tribunal de commerce de Montpellier, le 14 novembre 2025, n\u00b02025011705","author":"Kohen","date":"8 \u0623\u0628\u0631\u064a\u0644\u060c 2026","format":false,"excerpt":"Le tribunal de commerce de Montpellier, le 14 novembre 2025, a statu\u00e9 sur une demande de paiement dirig\u00e9e contre une caution personnelle. L\u2019\u00e9tablissement...","rel":"","context":"\u0641\u064a &quot;D\u00e9cisions juridiques&quot;","block_context":{"text":"D\u00e9cisions juridiques","link":"https:\/\/kohenavocats.com\/category\/decisions-juridiques\/"},"img":{"alt_text":"","src":"https:\/\/i0.wp.com\/kohenavocats.com\/wp-content\/uploads\/2024\/08\/brandy-willetts-8gXjWj-9OD0-unsplash.webp?resize=350%2C200&ssl=1","width":350,"height":200,"srcset":"https:\/\/i0.wp.com\/kohenavocats.com\/wp-content\/uploads\/2024\/08\/brandy-willetts-8gXjWj-9OD0-unsplash.webp?resize=350%2C200&ssl=1 1x, https:\/\/i0.wp.com\/kohenavocats.com\/wp-content\/uploads\/2024\/08\/brandy-willetts-8gXjWj-9OD0-unsplash.webp?resize=525%2C300&ssl=1 1.5x, https:\/\/i0.wp.com\/kohenavocats.com\/wp-content\/uploads\/2024\/08\/brandy-willetts-8gXjWj-9OD0-unsplash.webp?resize=700%2C400&ssl=1 2x, https:\/\/i0.wp.com\/kohenavocats.com\/wp-content\/uploads\/2024\/08\/brandy-willetts-8gXjWj-9OD0-unsplash.webp?resize=1050%2C600&ssl=1 3x, https:\/\/i0.wp.com\/kohenavocats.com\/wp-content\/uploads\/2024\/08\/brandy-willetts-8gXjWj-9OD0-unsplash.webp?resize=1400%2C800&ssl=1 4x"},"classes":[]},{"id":498755,"url":"https:\/\/kohenavocats.com\/ar\/cour-dappel-de-montpellier-le-2-juillet-2024-n23-02778\/","url_meta":{"origin":649892,"position":1},"title":"Cour d&#8217;appel de Montpellier, le 2 juillet 2024, n\u00b023\/02778","author":"Kohen","date":"8 \u0623\u0628\u0631\u064a\u0644\u060c 2026","format":false,"excerpt":"La cour d'appel de Montpellier, le 2 juillet 2024, statue sur la validit\u00e9 de deux engagements de caution. Un \u00e9tablissement de cr\u00e9dit poursuit le remboursemen...","rel":"","context":"\u0641\u064a &quot;Jurisprudence&quot;","block_context":{"text":"Jurisprudence","link":"https:\/\/kohenavocats.com\/category\/jurisprudence\/"},"img":{"alt_text":"","src":"https:\/\/i0.wp.com\/kohenavocats.com\/wp-content\/uploads\/2024\/08\/louis-paulin-dQBs6n5Sf4g-unsplash.webp?resize=350%2C200&ssl=1","width":350,"height":200,"srcset":"https:\/\/i0.wp.com\/kohenavocats.com\/wp-content\/uploads\/2024\/08\/louis-paulin-dQBs6n5Sf4g-unsplash.webp?resize=350%2C200&ssl=1 1x, https:\/\/i0.wp.com\/kohenavocats.com\/wp-content\/uploads\/2024\/08\/louis-paulin-dQBs6n5Sf4g-unsplash.webp?resize=525%2C300&ssl=1 1.5x, https:\/\/i0.wp.com\/kohenavocats.com\/wp-content\/uploads\/2024\/08\/louis-paulin-dQBs6n5Sf4g-unsplash.webp?resize=700%2C400&ssl=1 2x, https:\/\/i0.wp.com\/kohenavocats.com\/wp-content\/uploads\/2024\/08\/louis-paulin-dQBs6n5Sf4g-unsplash.webp?resize=1050%2C600&ssl=1 3x, https:\/\/i0.wp.com\/kohenavocats.com\/wp-content\/uploads\/2024\/08\/louis-paulin-dQBs6n5Sf4g-unsplash.webp?resize=1400%2C800&ssl=1 4x"},"classes":[]},{"id":619998,"url":"https:\/\/kohenavocats.com\/ar\/cour-dappel-de-montpellier-le-20-aout-2025-n24-06466\/","url_meta":{"origin":649892,"position":2},"title":"Cour d&#8217;appel de Montpellier, le 20 ao\u00fbt 2025, n\u00b024\/06466","author":"Kohen","date":"20 \u0623\u0628\u0631\u064a\u0644\u060c 2026","format":false,"excerpt":"La Cour d'appel de Montpellier, statuant le 20 ao\u00fbt 2025, examine un litige entre un \u00e9tablissement bancaire et deux cautions. L'\u00e9tablissement poursuit le pai...","rel":"","context":"\u0641\u064a &quot;Jurisprudence&quot;","block_context":{"text":"Jurisprudence","link":"https:\/\/kohenavocats.com\/category\/jurisprudence\/"},"img":{"alt_text":"","src":"https:\/\/i0.wp.com\/kohenavocats.com\/wp-content\/uploads\/2024\/08\/alexey-larionov-S8cOCANSb8g-unsplash.webp?resize=350%2C200&ssl=1","width":350,"height":200,"srcset":"https:\/\/i0.wp.com\/kohenavocats.com\/wp-content\/uploads\/2024\/08\/alexey-larionov-S8cOCANSb8g-unsplash.webp?resize=350%2C200&ssl=1 1x, https:\/\/i0.wp.com\/kohenavocats.com\/wp-content\/uploads\/2024\/08\/alexey-larionov-S8cOCANSb8g-unsplash.webp?resize=525%2C300&ssl=1 1.5x, https:\/\/i0.wp.com\/kohenavocats.com\/wp-content\/uploads\/2024\/08\/alexey-larionov-S8cOCANSb8g-unsplash.webp?resize=700%2C400&ssl=1 2x, https:\/\/i0.wp.com\/kohenavocats.com\/wp-content\/uploads\/2024\/08\/alexey-larionov-S8cOCANSb8g-unsplash.webp?resize=1050%2C600&ssl=1 3x, https:\/\/i0.wp.com\/kohenavocats.com\/wp-content\/uploads\/2024\/08\/alexey-larionov-S8cOCANSb8g-unsplash.webp?resize=1400%2C800&ssl=1 4x"},"classes":[]},{"id":487594,"url":"https:\/\/kohenavocats.com\/ar\/tribunal-judiciaire-de-montpellier-le-10-juillet-2025-n2025015191\/","url_meta":{"origin":649892,"position":3},"title":"Tribunal judiciaire de Montpellier, le 10 juillet 2025, n\u00b02025015191","author":"Kohen","date":"8 \u0623\u0628\u0631\u064a\u0644\u060c 2026","format":false,"excerpt":"Le tribunal judiciaire de Montpellier, le 10 juillet 2025, statue sur une action en paiement engag\u00e9e par un \u00e9tablissement bancaire contre une caution. La soc...","rel":"","context":"\u0641\u064a &quot;Jurisprudence&quot;","block_context":{"text":"Jurisprudence","link":"https:\/\/kohenavocats.com\/category\/jurisprudence\/"},"img":{"alt_text":"","src":"https:\/\/i0.wp.com\/kohenavocats.com\/wp-content\/uploads\/2024\/11\/mohamed-nohassi-CRktpOMkRIs-unsplash.webp?resize=350%2C200&ssl=1","width":350,"height":200,"srcset":"https:\/\/i0.wp.com\/kohenavocats.com\/wp-content\/uploads\/2024\/11\/mohamed-nohassi-CRktpOMkRIs-unsplash.webp?resize=350%2C200&ssl=1 1x, https:\/\/i0.wp.com\/kohenavocats.com\/wp-content\/uploads\/2024\/11\/mohamed-nohassi-CRktpOMkRIs-unsplash.webp?resize=525%2C300&ssl=1 1.5x, https:\/\/i0.wp.com\/kohenavocats.com\/wp-content\/uploads\/2024\/11\/mohamed-nohassi-CRktpOMkRIs-unsplash.webp?resize=700%2C400&ssl=1 2x, https:\/\/i0.wp.com\/kohenavocats.com\/wp-content\/uploads\/2024\/11\/mohamed-nohassi-CRktpOMkRIs-unsplash.webp?resize=1050%2C600&ssl=1 3x, https:\/\/i0.wp.com\/kohenavocats.com\/wp-content\/uploads\/2024\/11\/mohamed-nohassi-CRktpOMkRIs-unsplash.webp?resize=1400%2C800&ssl=1 4x"},"classes":[]},{"id":84389,"url":"https:\/\/kohenavocats.com\/ar\/cour-dappel-de-montpellier-le-3-juillet-2025-n23-06251\/","url_meta":{"origin":649892,"position":4},"title":"Cour d&#8217;appel de Montpellier, le 3 juillet 2025, n\u00b023\/06251","author":"Kohen","date":"10 \u0646\u0648\u0641\u0645\u0628\u0631\u060c 2025","format":false,"excerpt":"Par arr\u00eat du 3 juillet 2025, la Cour d\u2019appel de Montpellier (4e chambre civile) a statu\u00e9 sur l\u2019opposabilit\u00e9 d\u2019un cautionnement consenti au soutien d\u2019un cr\u00e9dit-bail. La cour \u00e9tait saisie d\u2019un appel dirig\u00e9 contre une d\u00e9cision du tribunal judiciaire de Perpignan rendue le 7 septembre 2023. Les faits tiennent \u00e0 un\u2026","rel":"","context":"\u0641\u064a &quot;Travaux Parlementaires&quot;","block_context":{"text":"Travaux Parlementaires","link":"https:\/\/kohenavocats.com\/category\/travaux-parlementaires\/"},"img":{"alt_text":"","src":"https:\/\/i0.wp.com\/kohenavocats.com\/wp-content\/uploads\/2024\/11\/osarugue-igbinoba-GtkcrFqc5hE-unsplash.webp?resize=350%2C200&ssl=1","width":350,"height":200,"srcset":"https:\/\/i0.wp.com\/kohenavocats.com\/wp-content\/uploads\/2024\/11\/osarugue-igbinoba-GtkcrFqc5hE-unsplash.webp?resize=350%2C200&ssl=1 1x, https:\/\/i0.wp.com\/kohenavocats.com\/wp-content\/uploads\/2024\/11\/osarugue-igbinoba-GtkcrFqc5hE-unsplash.webp?resize=525%2C300&ssl=1 1.5x, https:\/\/i0.wp.com\/kohenavocats.com\/wp-content\/uploads\/2024\/11\/osarugue-igbinoba-GtkcrFqc5hE-unsplash.webp?resize=700%2C400&ssl=1 2x, https:\/\/i0.wp.com\/kohenavocats.com\/wp-content\/uploads\/2024\/11\/osarugue-igbinoba-GtkcrFqc5hE-unsplash.webp?resize=1050%2C600&ssl=1 3x, https:\/\/i0.wp.com\/kohenavocats.com\/wp-content\/uploads\/2024\/11\/osarugue-igbinoba-GtkcrFqc5hE-unsplash.webp?resize=1400%2C800&ssl=1 4x"},"classes":[]},{"id":422400,"url":"https:\/\/kohenavocats.com\/ar\/cour-dappel-de-montpellier-le-24-fevrier-2026-n25-02470\/","url_meta":{"origin":649892,"position":5},"title":"Cour d&#8217;appel de Montpellier, le 24 f\u00e9vrier 2026, n\u00b025\/02470","author":"Kohen","date":"22 \u0645\u0627\u0631\u0633\u060c 2026","format":false,"excerpt":"La chambre commerciale de la Cour d\u2019appel de Montpellier, dans un arr\u00eat du 24 f\u00e9vrier 2026, a \u00e9t\u00e9 saisie d\u2019un litige opposant un \u00e9tablissement de cr\u00e9dit \u00e0 une caution personne physique. La soci\u00e9t\u00e9 d\u00e9bitrice, plac\u00e9e en liquidation judiciaire, avait souscrit plusieurs pr\u00eats professionnels garantis par des engagements de caution. Le\u2026","rel":"","context":"\u0641\u064a &quot;Cour d'appel&quot;","block_context":{"text":"Cour d'appel","link":"https:\/\/kohenavocats.com\/category\/cour-dappel\/"},"img":{"alt_text":"","src":"https:\/\/i0.wp.com\/kohenavocats.com\/wp-content\/uploads\/2024\/11\/getty-images-d21STWFPkw0-unsplash.webp?resize=350%2C200&ssl=1","width":350,"height":200,"srcset":"https:\/\/i0.wp.com\/kohenavocats.com\/wp-content\/uploads\/2024\/11\/getty-images-d21STWFPkw0-unsplash.webp?resize=350%2C200&ssl=1 1x, https:\/\/i0.wp.com\/kohenavocats.com\/wp-content\/uploads\/2024\/11\/getty-images-d21STWFPkw0-unsplash.webp?resize=525%2C300&ssl=1 1.5x, https:\/\/i0.wp.com\/kohenavocats.com\/wp-content\/uploads\/2024\/11\/getty-images-d21STWFPkw0-unsplash.webp?resize=700%2C400&ssl=1 2x, https:\/\/i0.wp.com\/kohenavocats.com\/wp-content\/uploads\/2024\/11\/getty-images-d21STWFPkw0-unsplash.webp?resize=1050%2C600&ssl=1 3x, https:\/\/i0.wp.com\/kohenavocats.com\/wp-content\/uploads\/2024\/11\/getty-images-d21STWFPkw0-unsplash.webp?resize=1400%2C800&ssl=1 4x"},"classes":[]}],"jetpack_sharing_enabled":true,"_links":{"self":[{"href":"https:\/\/kohenavocats.com\/ar\/wp-json\/wp\/v2\/posts\/649892","targetHints":{"allow":["GET"]}}],"collection":[{"href":"https:\/\/kohenavocats.com\/ar\/wp-json\/wp\/v2\/posts"}],"about":[{"href":"https:\/\/kohenavocats.com\/ar\/wp-json\/wp\/v2\/types\/post"}],"author":[{"embeddable":true,"href":"https:\/\/kohenavocats.com\/ar\/wp-json\/wp\/v2\/users\/232070755"}],"replies":[{"embeddable":true,"href":"https:\/\/kohenavocats.com\/ar\/wp-json\/wp\/v2\/comments?post=649892"}],"version-history":[{"count":0,"href":"https:\/\/kohenavocats.com\/ar\/wp-json\/wp\/v2\/posts\/649892\/revisions"}],"wp:featuredmedia":[{"embeddable":true,"href":"https:\/\/kohenavocats.com\/ar\/wp-json\/wp\/v2\/media\/4664"}],"wp:attachment":[{"href":"https:\/\/kohenavocats.com\/ar\/wp-json\/wp\/v2\/media?parent=649892"}],"wp:term":[{"taxonomy":"category","embeddable":true,"href":"https:\/\/kohenavocats.com\/ar\/wp-json\/wp\/v2\/categories?post=649892"},{"taxonomy":"post_tag","embeddable":true,"href":"https:\/\/kohenavocats.com\/ar\/wp-json\/wp\/v2\/tags?post=649892"}],"curies":[{"name":"wp","href":"https:\/\/api.w.org\/{rel}","templated":true}]}}