{"id":650041,"date":"2026-04-22T17:40:46","date_gmt":"2026-04-22T15:40:46","guid":{"rendered":"https:\/\/kohenavocats.com\/tribunal-judiciaire-de-lons-le-saunier-le-13-novembre-2025-n24-00019\/"},"modified":"2026-04-22T17:40:46","modified_gmt":"2026-04-22T15:40:46","slug":"tribunal-judiciaire-de-lons-le-saunier-le-13-novembre-2025-n24-00019","status":"publish","type":"post","link":"https:\/\/kohenavocats.com\/ar\/tribunal-judiciaire-de-lons-le-saunier-le-13-novembre-2025-n24-00019\/","title":{"rendered":"Tribunal judiciaire de Lons-le-Saunier, le 13 novembre 2025, n\u00b024\/00019"},"content":{"rendered":"<div class=\"article-content\">\n<p>Le tribunal judiciaire de Lons-le-Saunier, statuant le 13 novembre 2025, se prononce sur un litige opposant un syndicat mixte \u00e0 une caisse de s\u00e9curit\u00e9 sociale. L&#8217;organisme public contestait le refus de b\u00e9n\u00e9ficier d&#8217;une r\u00e9duction g\u00e9n\u00e9rale des cotisations patronales. La juridiction rejette sa demande en relevant l&#8217;absence d&#8217;adh\u00e9sion pr\u00e9alable au r\u00e9gime d&#8217;assurance ch\u00f4mage. Elle pr\u00e9cise les conditions d&#8217;application des exon\u00e9rations pour les employeurs publics.<\/p>\n<p>Le principe de corr\u00e9lation entre les r\u00e9gimes<br \/>\nLe lien entre affiliation et r\u00e9duction. Le tribunal fonde sa d\u00e9cision sur une lecture combin\u00e9e des articles du code du travail et du code de la s\u00e9curit\u00e9 sociale. Il \u00e9tablit un principe de corr\u00e9lation essentiel pour l&#8217;octroi des avantages sociaux. L&#8217;assujettissement au r\u00e9gime d&#8217;assurance ch\u00f4mage conditionne le b\u00e9n\u00e9fice de la r\u00e9duction des cotisations sur les bas salaires. Cette analyse interpr\u00e9tative unifie des dispositions l\u00e9gales distinctes mais connexes.<\/p>\n<p>La port\u00e9e de ce principe est substantielle pour les employeurs publics. Elle clarifie une condition proc\u00e9durale souvent m\u00e9connue. La r\u00e9duction g\u00e9n\u00e9rale des cotisations patronales sur les bas salaires ne s&#8217;applique aux r\u00e9mun\u00e9rations vers\u00e9es aux salari\u00e9s des \u00e9tablissement publics \u00e0 caract\u00e8re industriel et commercial des collectivit\u00e9s territoriales que si ces derniers ont adh\u00e9r\u00e9 au r\u00e9gime d&#8217;assurance ch\u00f4mage. (Motifs). Ce raisonnement \u00e9carte toute automaticit\u00e9 du b\u00e9n\u00e9fice malgr\u00e9 la qualit\u00e9 d&#8217;employeur public.<\/p>\n<p>L&#8217;irrecevabilit\u00e9 des pr\u00e9tentions subsidiaires<br \/>\nL&#8217;absence d&#8217;incidence de la qualification juridique. Le syndicat mixte arguait de sa nature d&#8217;\u00e9tablissement public industriel et commercial pour revendiquer le droit \u00e0 la r\u00e9duction. Le tribunal \u00e9carte cet argument en le jugeant inop\u00e9rant face au d\u00e9faut d&#8217;option pr\u00e9alable. La v\u00e9rification de la qualification devient sans objet d\u00e8s lors que la condition proc\u00e9durale n&#8217;est pas remplie.<\/p>\n<p>Cette analyse limite la port\u00e9e du d\u00e9bat sur la nature de l&#8217;employeur. Que le tribunal consid\u00e8re ou non que le syndicat est un EPIC est sans incidence sur l\u2019octroi du b\u00e9n\u00e9fice \u00e0 la r\u00e9duction g\u00e9n\u00e9rale. (Motifs). Le juge rappelle ainsi la primaut\u00e9 du respect des formalit\u00e9s l\u00e9gales sur la qualification substantielle. La solution pr\u00e9vient les contentieux futurs en centrant l&#8217;examen sur un crit\u00e8re objectif et v\u00e9rifiable.<\/p>\n<p>La jurisprudence disponible \u00e9claire les crit\u00e8res de qualification des EPIC mais reste hors sujet ici. La d\u00e9cision comment\u00e9e op\u00e8re en effet un d\u00e9placement de l&#8217;enjeu juridique. Elle substitue \u00e0 la question classique de la nature de l&#8217;\u00e9tablissement celle du respect d&#8217;une formalit\u00e9 d&#8217;adh\u00e9sion. Cette approche pragmatique renforce la s\u00e9curit\u00e9 juridique en simplifiant le contr\u00f4le du juge. Elle consacre une condition d&#8217;\u00e9ligibilit\u00e9 claire pour tous les employeurs publics concern\u00e9s.<\/p>\n<\/div>\n","protected":false},"excerpt":{"rendered":"<p>Le tribunal judiciaire de Lons-le-Saunier, statuant le 13 novembre 2025, se prononce sur un litige opposant un syndicat mixte \u00e0 une caisse de s\u00e9curit\u00e9 social&#8230;<\/p>\n","protected":false},"author":232070755,"featured_media":9490,"comment_status":"open","ping_status":"open","sticky":false,"template":"","format":"standard","meta":{"_crdt_document":"","_jetpack_newsletter_access":"","_jetpack_dont_email_post_to_subs":false,"_jetpack_newsletter_tier_id":0,"_jetpack_memberships_contains_paywalled_content":false,"_kj_source_type":"judilibre","_kj_official_id":"68e950fa3ea43407b910619d","_kj_official_url":"https:\/\/www.courdecassation.fr\/decision\/68e950fa3ea43407b910619d","_kj_judilibre_id":"68e950fa3ea43407b910619d","_kj_jur":"Tribunal judiciaire","_kj_lieu":"Lons-le-Saunier","_kj_chambre":"CTX PROTECTION SOCIALE","_kj_rg":"24\/00019","_kj_date":"2025-10-02","_jetpack_memberships_contains_paid_content":false,"footnotes":"","jetpack_post_was_ever_published":false},"categories":[7597],"tags":[],"class_list":["post-650041","post","type-post","status-publish","format-standard","has-post-thumbnail","hentry","category-jurisprudence"],"yoast_head":"<!-- This site is optimized with the Yoast SEO Premium plugin v27.5 (Yoast SEO v27.5) - https:\/\/yoast.com\/product\/yoast-seo-premium-wordpress\/ -->\n<title>Tribunal judiciaire de Lons-le-Saunier, le 13 novembre 2025, n\u00b024\/00019 - Ma\u00eetre Hassan Kohen, avocat en droit p\u00e9nal \u00e0 Paris<\/title>\n<meta name=\"description\" content=\"Le tribunal judiciaire de Lons-le-Saunier, statuant le 13 novembre 2025, se prononce sur un litige opposant un syndicat mixte \u00e0 une caisse de s\u00e9curit\u00e9 social...\" \/>\n<meta name=\"robots\" content=\"index, follow, max-snippet:-1, max-image-preview:large, max-video-preview:-1\" \/>\n<link rel=\"canonical\" href=\"https:\/\/kohenavocats.com\/ar\/tribunal-judiciaire-de-lons-le-saunier-le-13-novembre-2025-n24-00019\/\" \/>\n<meta property=\"og:locale\" content=\"ar_AR\" \/>\n<meta property=\"og:type\" content=\"article\" \/>\n<meta property=\"og:title\" content=\"Tribunal judiciaire de Lons-le-Saunier, le 13 novembre 2025, n\u00b024\/00019\" \/>\n<meta property=\"og:description\" content=\"Le tribunal judiciaire de Lons-le-Saunier, statuant le 13 novembre 2025, se prononce sur un litige opposant un syndicat mixte \u00e0 une caisse de s\u00e9curit\u00e9 social...\" \/>\n<meta property=\"og:url\" content=\"https:\/\/kohenavocats.com\/ar\/tribunal-judiciaire-de-lons-le-saunier-le-13-novembre-2025-n24-00019\/\" \/>\n<meta property=\"og:site_name\" content=\"Ma\u00eetre Hassan Kohen, avocat en droit p\u00e9nal \u00e0 Paris\" \/>\n<meta property=\"article:published_time\" content=\"2026-04-22T15:40:46+00:00\" \/>\n<meta property=\"og:image\" content=\"https:\/\/kohenavocats.com\/wp-content\/uploads\/2024\/11\/jigar-panchal-JMz61NKc3E-unsplash-1024x576.webp\" \/>\n\t<meta property=\"og:image:width\" content=\"1024\" \/>\n\t<meta property=\"og:image:height\" content=\"576\" \/>\n\t<meta property=\"og:image:type\" content=\"image\/webp\" \/>\n<meta name=\"author\" content=\"Kohen\" \/>\n<meta name=\"twitter:card\" content=\"summary_large_image\" \/>\n<meta name=\"twitter:label1\" content=\"\u0643\u064f\u062a\u0628 \u0628\u0648\u0627\u0633\u0637\u0629\" \/>\n\t<meta name=\"twitter:data1\" content=\"Kohen\" \/>\n\t<meta name=\"twitter:label2\" content=\"\u0648\u0642\u062a \u0627\u0644\u0642\u0631\u0627\u0621\u0629 \u0627\u0644\u0645\u064f\u0642\u062f\u0651\u0631\" \/>\n\t<meta name=\"twitter:data2\" content=\"\u062f\u0642\u064a\u0642\u062a\u0627\u0646\" \/>\n<script type=\"application\/ld+json\" class=\"yoast-schema-graph\">{\"@context\":\"https:\\\/\\\/schema.org\",\"@graph\":[{\"@type\":\"Article\",\"@id\":\"https:\\\/\\\/kohenavocats.com\\\/ar\\\/tribunal-judiciaire-de-lons-le-saunier-le-13-novembre-2025-n24-00019\\\/#article\",\"isPartOf\":{\"@id\":\"https:\\\/\\\/kohenavocats.com\\\/ar\\\/tribunal-judiciaire-de-lons-le-saunier-le-13-novembre-2025-n24-00019\\\/\"},\"author\":{\"name\":\"Kohen\",\"@id\":\"https:\\\/\\\/kohenavocats.com\\\/ar\\\/#\\\/schema\\\/person\\\/761c9ba54fa1ca84d405cef0831ff751\"},\"headline\":\"Tribunal judiciaire de Lons-le-Saunier, le 13 novembre 2025, n\u00b024\\\/00019\",\"datePublished\":\"2026-04-22T15:40:46+00:00\",\"mainEntityOfPage\":{\"@id\":\"https:\\\/\\\/kohenavocats.com\\\/ar\\\/tribunal-judiciaire-de-lons-le-saunier-le-13-novembre-2025-n24-00019\\\/\"},\"wordCount\":499,\"commentCount\":0,\"publisher\":{\"@id\":\"https:\\\/\\\/kohenavocats.com\\\/ar\\\/#organization\"},\"image\":{\"@id\":\"https:\\\/\\\/kohenavocats.com\\\/ar\\\/tribunal-judiciaire-de-lons-le-saunier-le-13-novembre-2025-n24-00019\\\/#primaryimage\"},\"thumbnailUrl\":\"https:\\\/\\\/kohenavocats.com\\\/wp-content\\\/uploads\\\/2024\\\/11\\\/jigar-panchal-JMz61NKc3E-unsplash.webp\",\"articleSection\":[\"Jurisprudence\"],\"inLanguage\":\"ar\",\"potentialAction\":[{\"@type\":\"CommentAction\",\"name\":\"Comment\",\"target\":[\"https:\\\/\\\/kohenavocats.com\\\/ar\\\/tribunal-judiciaire-de-lons-le-saunier-le-13-novembre-2025-n24-00019\\\/#respond\"]}],\"citation\":\"Tribunal judiciaire de Lons-le-Saunier, le 13 novembre 2025, n\u00b024\\\/00019\",\"about\":[{\"@type\":\"Thing\",\"name\":\"Jurisprudence\"}],\"dateModified\":\"2026-04-22T15:40:46+00:00\",\"speakable\":{\"@type\":\"SpeakableSpecification\",\"cssSelector\":[\".article-content > p:first-of-type\"]}},{\"@type\":\"WebPage\",\"@id\":\"https:\\\/\\\/kohenavocats.com\\\/ar\\\/tribunal-judiciaire-de-lons-le-saunier-le-13-novembre-2025-n24-00019\\\/\",\"url\":\"https:\\\/\\\/kohenavocats.com\\\/ar\\\/tribunal-judiciaire-de-lons-le-saunier-le-13-novembre-2025-n24-00019\\\/\",\"name\":\"Tribunal judiciaire de Lons-le-Saunier, le 13 novembre 2025, n\u00b024\\\/00019 - Ma\u00eetre Hassan Kohen, avocat en droit p\u00e9nal \u00e0 Paris\",\"isPartOf\":{\"@id\":\"https:\\\/\\\/kohenavocats.com\\\/ar\\\/#website\"},\"primaryImageOfPage\":{\"@id\":\"https:\\\/\\\/kohenavocats.com\\\/ar\\\/tribunal-judiciaire-de-lons-le-saunier-le-13-novembre-2025-n24-00019\\\/#primaryimage\"},\"image\":{\"@id\":\"https:\\\/\\\/kohenavocats.com\\\/ar\\\/tribunal-judiciaire-de-lons-le-saunier-le-13-novembre-2025-n24-00019\\\/#primaryimage\"},\"thumbnailUrl\":\"https:\\\/\\\/kohenavocats.com\\\/wp-content\\\/uploads\\\/2024\\\/11\\\/jigar-panchal-JMz61NKc3E-unsplash.webp\",\"datePublished\":\"2026-04-22T15:40:46+00:00\",\"description\":\"Le tribunal judiciaire de Lons-le-Saunier, statuant le 13 novembre 2025, se prononce sur un litige opposant un syndicat mixte \u00e0 une caisse de s\u00e9curit\u00e9 social...\",\"breadcrumb\":{\"@id\":\"https:\\\/\\\/kohenavocats.com\\\/ar\\\/tribunal-judiciaire-de-lons-le-saunier-le-13-novembre-2025-n24-00019\\\/#breadcrumb\"},\"inLanguage\":\"ar\",\"potentialAction\":[{\"@type\":\"ReadAction\",\"target\":[\"https:\\\/\\\/kohenavocats.com\\\/ar\\\/tribunal-judiciaire-de-lons-le-saunier-le-13-novembre-2025-n24-00019\\\/\"]}]},{\"@type\":\"ImageObject\",\"inLanguage\":\"ar\",\"@id\":\"https:\\\/\\\/kohenavocats.com\\\/ar\\\/tribunal-judiciaire-de-lons-le-saunier-le-13-novembre-2025-n24-00019\\\/#primaryimage\",\"url\":\"https:\\\/\\\/kohenavocats.com\\\/wp-content\\\/uploads\\\/2024\\\/11\\\/jigar-panchal-JMz61NKc3E-unsplash.webp\",\"contentUrl\":\"https:\\\/\\\/kohenavocats.com\\\/wp-content\\\/uploads\\\/2024\\\/11\\\/jigar-panchal-JMz61NKc3E-unsplash.webp\",\"width\":7680,\"height\":4320},{\"@type\":\"BreadcrumbList\",\"@id\":\"https:\\\/\\\/kohenavocats.com\\\/ar\\\/tribunal-judiciaire-de-lons-le-saunier-le-13-novembre-2025-n24-00019\\\/#breadcrumb\",\"itemListElement\":[{\"@type\":\"ListItem\",\"position\":1,\"name\":\"Home\",\"item\":\"https:\\\/\\\/kohenavocats.com\\\/ar\\\/%d9%85%d8%ad%d8%a7%d9%85%d9%88%d9%86-%d9%85%d8%aa%d8%ae%d8%b5%d8%b5%d9%88%d9%86-%d9%81%d9%8a-%d8%a7%d9%84%d9%82%d8%a7%d9%86%d9%88%d9%86-%d8%a7%d9%84%d8%ac%d9%86%d8%a7%d8%a6%d9%8a-%d8%a8%d8%a8%d8%a7\\\/\"},{\"@type\":\"ListItem\",\"position\":2,\"name\":\"Tribunal judiciaire de Lons-le-Saunier, le 13 novembre 2025, n\u00b024\\\/00019\"}]},{\"@type\":\"WebSite\",\"@id\":\"https:\\\/\\\/kohenavocats.com\\\/ar\\\/#website\",\"url\":\"https:\\\/\\\/kohenavocats.com\\\/ar\\\/\",\"name\":\"Kohen Avocats\",\"description\":\"Ma\u00eetre Hassan Kohen, avocat p\u00e9naliste \u00e0 Paris, intervient exclusivement en droit p\u00e9nal pour la d\u00e9fense des particuliers, notamment en mati\u00e8re d\u2019accusations de viol. Il assure un accompagnement rigoureux d\u00e8s la garde \u00e0 vue jusqu\u2019\u00e0 la Cour d\u2019assises, veillant au strict respect des garanties proc\u00e9durales.\",\"publisher\":{\"@id\":\"https:\\\/\\\/kohenavocats.com\\\/ar\\\/#organization\"},\"potentialAction\":[{\"@type\":\"SearchAction\",\"target\":{\"@type\":\"EntryPoint\",\"urlTemplate\":\"https:\\\/\\\/kohenavocats.com\\\/ar\\\/?s={search_term_string}\"},\"query-input\":{\"@type\":\"PropertyValueSpecification\",\"valueRequired\":true,\"valueName\":\"search_term_string\"}}],\"inLanguage\":\"ar\"},{\"@type\":\"Organization\",\"@id\":\"https:\\\/\\\/kohenavocats.com\\\/ar\\\/#organization\",\"name\":\"Kohen Avocats\",\"url\":\"https:\\\/\\\/kohenavocats.com\\\/ar\\\/\",\"logo\":{\"@type\":\"ImageObject\",\"inLanguage\":\"ar\",\"@id\":\"https:\\\/\\\/kohenavocats.com\\\/ar\\\/#\\\/schema\\\/logo\\\/image\\\/\",\"url\":\"https:\\\/\\\/kohenavocats.com\\\/wp-content\\\/uploads\\\/2026\\\/01\\\/Logo-2-1.webp\",\"contentUrl\":\"https:\\\/\\\/kohenavocats.com\\\/wp-content\\\/uploads\\\/2026\\\/01\\\/Logo-2-1.webp\",\"width\":2114,\"height\":1253,\"caption\":\"Kohen Avocats\"},\"image\":{\"@id\":\"https:\\\/\\\/kohenavocats.com\\\/ar\\\/#\\\/schema\\\/logo\\\/image\\\/\"}},{\"@type\":\"Person\",\"@id\":\"https:\\\/\\\/kohenavocats.com\\\/ar\\\/#\\\/schema\\\/person\\\/761c9ba54fa1ca84d405cef0831ff751\",\"name\":\"Kohen\",\"image\":{\"@type\":\"ImageObject\",\"inLanguage\":\"ar\",\"@id\":\"https:\\\/\\\/secure.gravatar.com\\\/avatar\\\/1c5e76ef76bbbfdd2b4da984e2bf2fa4056fd51a27d25ce2c332047f1dfd6e00?s=96&d=identicon&r=g\",\"url\":\"https:\\\/\\\/secure.gravatar.com\\\/avatar\\\/1c5e76ef76bbbfdd2b4da984e2bf2fa4056fd51a27d25ce2c332047f1dfd6e00?s=96&d=identicon&r=g\",\"contentUrl\":\"https:\\\/\\\/secure.gravatar.com\\\/avatar\\\/1c5e76ef76bbbfdd2b4da984e2bf2fa4056fd51a27d25ce2c332047f1dfd6e00?s=96&d=identicon&r=g\",\"caption\":\"Kohen\"},\"sameAs\":[\"https:\\\/\\\/www.linkedin.com\\\/in\\\/hassan-kohen-448548192\\\/\",\"https:\\\/\\\/www.youtube.com\\\/@Kohen-Avocats\"],\"url\":\"https:\\\/\\\/kohenavocats.com\\\/ar\\\/author\\\/kohenmlk\\\/\"}]}<\/script>\n<!-- \/ Yoast SEO Premium plugin. -->","yoast_head_json":{"title":"Tribunal judiciaire de Lons-le-Saunier, le 13 novembre 2025, n\u00b024\/00019 - Ma\u00eetre Hassan Kohen, avocat en droit p\u00e9nal \u00e0 Paris","description":"Le tribunal judiciaire de Lons-le-Saunier, statuant le 13 novembre 2025, se prononce sur un litige opposant un syndicat mixte \u00e0 une caisse de s\u00e9curit\u00e9 social...","robots":{"index":"index","follow":"follow","max-snippet":"max-snippet:-1","max-image-preview":"max-image-preview:large","max-video-preview":"max-video-preview:-1"},"canonical":"https:\/\/kohenavocats.com\/ar\/tribunal-judiciaire-de-lons-le-saunier-le-13-novembre-2025-n24-00019\/","og_locale":"ar_AR","og_type":"article","og_title":"Tribunal judiciaire de Lons-le-Saunier, le 13 novembre 2025, n\u00b024\/00019","og_description":"Le tribunal judiciaire de Lons-le-Saunier, statuant le 13 novembre 2025, se prononce sur un litige opposant un syndicat mixte \u00e0 une caisse de s\u00e9curit\u00e9 social...","og_url":"https:\/\/kohenavocats.com\/ar\/tribunal-judiciaire-de-lons-le-saunier-le-13-novembre-2025-n24-00019\/","og_site_name":"Ma\u00eetre Hassan Kohen, avocat en droit p\u00e9nal \u00e0 Paris","article_published_time":"2026-04-22T15:40:46+00:00","og_image":[{"width":1024,"height":576,"url":"https:\/\/kohenavocats.com\/wp-content\/uploads\/2024\/11\/jigar-panchal-JMz61NKc3E-unsplash-1024x576.webp","type":"image\/webp"}],"author":"Kohen","twitter_card":"summary_large_image","twitter_misc":{"\u0643\u064f\u062a\u0628 \u0628\u0648\u0627\u0633\u0637\u0629":"Kohen","\u0648\u0642\u062a \u0627\u0644\u0642\u0631\u0627\u0621\u0629 \u0627\u0644\u0645\u064f\u0642\u062f\u0651\u0631":"\u062f\u0642\u064a\u0642\u062a\u0627\u0646"},"schema":{"@context":"https:\/\/schema.org","@graph":[{"@type":"Article","@id":"https:\/\/kohenavocats.com\/ar\/tribunal-judiciaire-de-lons-le-saunier-le-13-novembre-2025-n24-00019\/#article","isPartOf":{"@id":"https:\/\/kohenavocats.com\/ar\/tribunal-judiciaire-de-lons-le-saunier-le-13-novembre-2025-n24-00019\/"},"author":{"name":"Kohen","@id":"https:\/\/kohenavocats.com\/ar\/#\/schema\/person\/761c9ba54fa1ca84d405cef0831ff751"},"headline":"Tribunal judiciaire de Lons-le-Saunier, le 13 novembre 2025, n\u00b024\/00019","datePublished":"2026-04-22T15:40:46+00:00","mainEntityOfPage":{"@id":"https:\/\/kohenavocats.com\/ar\/tribunal-judiciaire-de-lons-le-saunier-le-13-novembre-2025-n24-00019\/"},"wordCount":499,"commentCount":0,"publisher":{"@id":"https:\/\/kohenavocats.com\/ar\/#organization"},"image":{"@id":"https:\/\/kohenavocats.com\/ar\/tribunal-judiciaire-de-lons-le-saunier-le-13-novembre-2025-n24-00019\/#primaryimage"},"thumbnailUrl":"https:\/\/kohenavocats.com\/wp-content\/uploads\/2024\/11\/jigar-panchal-JMz61NKc3E-unsplash.webp","articleSection":["Jurisprudence"],"inLanguage":"ar","potentialAction":[{"@type":"CommentAction","name":"Comment","target":["https:\/\/kohenavocats.com\/ar\/tribunal-judiciaire-de-lons-le-saunier-le-13-novembre-2025-n24-00019\/#respond"]}],"citation":"Tribunal judiciaire de Lons-le-Saunier, le 13 novembre 2025, n\u00b024\/00019","about":[{"@type":"Thing","name":"Jurisprudence"}],"dateModified":"2026-04-22T15:40:46+00:00","speakable":{"@type":"SpeakableSpecification","cssSelector":[".article-content > p:first-of-type"]}},{"@type":"WebPage","@id":"https:\/\/kohenavocats.com\/ar\/tribunal-judiciaire-de-lons-le-saunier-le-13-novembre-2025-n24-00019\/","url":"https:\/\/kohenavocats.com\/ar\/tribunal-judiciaire-de-lons-le-saunier-le-13-novembre-2025-n24-00019\/","name":"Tribunal judiciaire de Lons-le-Saunier, le 13 novembre 2025, n\u00b024\/00019 - Ma\u00eetre Hassan Kohen, avocat en droit p\u00e9nal \u00e0 Paris","isPartOf":{"@id":"https:\/\/kohenavocats.com\/ar\/#website"},"primaryImageOfPage":{"@id":"https:\/\/kohenavocats.com\/ar\/tribunal-judiciaire-de-lons-le-saunier-le-13-novembre-2025-n24-00019\/#primaryimage"},"image":{"@id":"https:\/\/kohenavocats.com\/ar\/tribunal-judiciaire-de-lons-le-saunier-le-13-novembre-2025-n24-00019\/#primaryimage"},"thumbnailUrl":"https:\/\/kohenavocats.com\/wp-content\/uploads\/2024\/11\/jigar-panchal-JMz61NKc3E-unsplash.webp","datePublished":"2026-04-22T15:40:46+00:00","description":"Le tribunal judiciaire de Lons-le-Saunier, statuant le 13 novembre 2025, se prononce sur un litige opposant un syndicat mixte \u00e0 une caisse de s\u00e9curit\u00e9 social...","breadcrumb":{"@id":"https:\/\/kohenavocats.com\/ar\/tribunal-judiciaire-de-lons-le-saunier-le-13-novembre-2025-n24-00019\/#breadcrumb"},"inLanguage":"ar","potentialAction":[{"@type":"ReadAction","target":["https:\/\/kohenavocats.com\/ar\/tribunal-judiciaire-de-lons-le-saunier-le-13-novembre-2025-n24-00019\/"]}]},{"@type":"ImageObject","inLanguage":"ar","@id":"https:\/\/kohenavocats.com\/ar\/tribunal-judiciaire-de-lons-le-saunier-le-13-novembre-2025-n24-00019\/#primaryimage","url":"https:\/\/kohenavocats.com\/wp-content\/uploads\/2024\/11\/jigar-panchal-JMz61NKc3E-unsplash.webp","contentUrl":"https:\/\/kohenavocats.com\/wp-content\/uploads\/2024\/11\/jigar-panchal-JMz61NKc3E-unsplash.webp","width":7680,"height":4320},{"@type":"BreadcrumbList","@id":"https:\/\/kohenavocats.com\/ar\/tribunal-judiciaire-de-lons-le-saunier-le-13-novembre-2025-n24-00019\/#breadcrumb","itemListElement":[{"@type":"ListItem","position":1,"name":"Home","item":"https:\/\/kohenavocats.com\/ar\/%d9%85%d8%ad%d8%a7%d9%85%d9%88%d9%86-%d9%85%d8%aa%d8%ae%d8%b5%d8%b5%d9%88%d9%86-%d9%81%d9%8a-%d8%a7%d9%84%d9%82%d8%a7%d9%86%d9%88%d9%86-%d8%a7%d9%84%d8%ac%d9%86%d8%a7%d8%a6%d9%8a-%d8%a8%d8%a8%d8%a7\/"},{"@type":"ListItem","position":2,"name":"Tribunal judiciaire de Lons-le-Saunier, le 13 novembre 2025, n\u00b024\/00019"}]},{"@type":"WebSite","@id":"https:\/\/kohenavocats.com\/ar\/#website","url":"https:\/\/kohenavocats.com\/ar\/","name":"Kohen Avocats","description":"Ma\u00eetre Hassan Kohen, avocat p\u00e9naliste \u00e0 Paris, intervient exclusivement en droit p\u00e9nal pour la d\u00e9fense des particuliers, notamment en mati\u00e8re d\u2019accusations de viol. Il assure un accompagnement rigoureux d\u00e8s la garde \u00e0 vue jusqu\u2019\u00e0 la Cour d\u2019assises, veillant au strict respect des garanties proc\u00e9durales.","publisher":{"@id":"https:\/\/kohenavocats.com\/ar\/#organization"},"potentialAction":[{"@type":"SearchAction","target":{"@type":"EntryPoint","urlTemplate":"https:\/\/kohenavocats.com\/ar\/?s={search_term_string}"},"query-input":{"@type":"PropertyValueSpecification","valueRequired":true,"valueName":"search_term_string"}}],"inLanguage":"ar"},{"@type":"Organization","@id":"https:\/\/kohenavocats.com\/ar\/#organization","name":"Kohen Avocats","url":"https:\/\/kohenavocats.com\/ar\/","logo":{"@type":"ImageObject","inLanguage":"ar","@id":"https:\/\/kohenavocats.com\/ar\/#\/schema\/logo\/image\/","url":"https:\/\/kohenavocats.com\/wp-content\/uploads\/2026\/01\/Logo-2-1.webp","contentUrl":"https:\/\/kohenavocats.com\/wp-content\/uploads\/2026\/01\/Logo-2-1.webp","width":2114,"height":1253,"caption":"Kohen Avocats"},"image":{"@id":"https:\/\/kohenavocats.com\/ar\/#\/schema\/logo\/image\/"}},{"@type":"Person","@id":"https:\/\/kohenavocats.com\/ar\/#\/schema\/person\/761c9ba54fa1ca84d405cef0831ff751","name":"Kohen","image":{"@type":"ImageObject","inLanguage":"ar","@id":"https:\/\/secure.gravatar.com\/avatar\/1c5e76ef76bbbfdd2b4da984e2bf2fa4056fd51a27d25ce2c332047f1dfd6e00?s=96&d=identicon&r=g","url":"https:\/\/secure.gravatar.com\/avatar\/1c5e76ef76bbbfdd2b4da984e2bf2fa4056fd51a27d25ce2c332047f1dfd6e00?s=96&d=identicon&r=g","contentUrl":"https:\/\/secure.gravatar.com\/avatar\/1c5e76ef76bbbfdd2b4da984e2bf2fa4056fd51a27d25ce2c332047f1dfd6e00?s=96&d=identicon&r=g","caption":"Kohen"},"sameAs":["https:\/\/www.linkedin.com\/in\/hassan-kohen-448548192\/","https:\/\/www.youtube.com\/@Kohen-Avocats"],"url":"https:\/\/kohenavocats.com\/ar\/author\/kohenmlk\/"}]}},"jetpack_featured_media_url":"https:\/\/kohenavocats.com\/wp-content\/uploads\/2024\/11\/jigar-panchal-JMz61NKc3E-unsplash.webp","jetpack_likes_enabled":false,"jetpack_shortlink":"https:\/\/wp.me\/peCrII-2J6x","jetpack-related-posts":[{"id":644197,"url":"https:\/\/kohenavocats.com\/ar\/tribunal-judiciaire-de-lons-le-saunier-le-20-novembre-2025-n22-00371\/","url_meta":{"origin":650041,"position":0},"title":"Tribunal judiciaire de Lons-le-Saunier, le 20 novembre 2025, n\u00b022\/00371","author":"Kohen","date":"22 \u0623\u0628\u0631\u064a\u0644\u060c 2026","format":false,"excerpt":"Le tribunal judiciaire de Lons-le-Saunier, le 20 novembre 2025, statue sur un recours contre un taux d'incapacit\u00e9 permanente. Un assur\u00e9 conteste le taux de q...","rel":"","context":"\u0641\u064a &quot;Jurisprudence&quot;","block_context":{"text":"Jurisprudence","link":"https:\/\/kohenavocats.com\/category\/jurisprudence\/"},"img":{"alt_text":"","src":"https:\/\/i0.wp.com\/kohenavocats.com\/wp-content\/uploads\/2024\/11\/luke-jones-DaS7IxmJGfw-unsplash.webp?resize=350%2C200&ssl=1","width":350,"height":200,"srcset":"https:\/\/i0.wp.com\/kohenavocats.com\/wp-content\/uploads\/2024\/11\/luke-jones-DaS7IxmJGfw-unsplash.webp?resize=350%2C200&ssl=1 1x, https:\/\/i0.wp.com\/kohenavocats.com\/wp-content\/uploads\/2024\/11\/luke-jones-DaS7IxmJGfw-unsplash.webp?resize=525%2C300&ssl=1 1.5x, https:\/\/i0.wp.com\/kohenavocats.com\/wp-content\/uploads\/2024\/11\/luke-jones-DaS7IxmJGfw-unsplash.webp?resize=700%2C400&ssl=1 2x, https:\/\/i0.wp.com\/kohenavocats.com\/wp-content\/uploads\/2024\/11\/luke-jones-DaS7IxmJGfw-unsplash.webp?resize=1050%2C600&ssl=1 3x, https:\/\/i0.wp.com\/kohenavocats.com\/wp-content\/uploads\/2024\/11\/luke-jones-DaS7IxmJGfw-unsplash.webp?resize=1400%2C800&ssl=1 4x"},"classes":[]},{"id":489800,"url":"https:\/\/kohenavocats.com\/ar\/tribunal-judiciaire-de-lons-le-saunier-le-20-novembre-2025-n24-00186\/","url_meta":{"origin":650041,"position":1},"title":"Tribunal judiciaire de Lons-le-Saunier, le 20 novembre 2025, n\u00b024\/00186","author":"Kohen","date":"8 \u0623\u0628\u0631\u064a\u0644\u060c 2026","format":false,"excerpt":"Le tribunal judiciaire de Lons-le-Saunier, statuant en mati\u00e8re sociale, a rendu son jugement le vingt novembre deux mille vingt-cinq. L\u2019affaire concernait...","rel":"","context":"\u0641\u064a &quot;D\u00e9cisions juridiques&quot;","block_context":{"text":"D\u00e9cisions juridiques","link":"https:\/\/kohenavocats.com\/category\/decisions-juridiques\/"},"img":{"alt_text":"","src":"https:\/\/i0.wp.com\/kohenavocats.com\/wp-content\/uploads\/2024\/11\/samuel-pujades-3y1FUf7mjFw-unsplash.webp?resize=350%2C200&ssl=1","width":350,"height":200,"srcset":"https:\/\/i0.wp.com\/kohenavocats.com\/wp-content\/uploads\/2024\/11\/samuel-pujades-3y1FUf7mjFw-unsplash.webp?resize=350%2C200&ssl=1 1x, https:\/\/i0.wp.com\/kohenavocats.com\/wp-content\/uploads\/2024\/11\/samuel-pujades-3y1FUf7mjFw-unsplash.webp?resize=525%2C300&ssl=1 1.5x, https:\/\/i0.wp.com\/kohenavocats.com\/wp-content\/uploads\/2024\/11\/samuel-pujades-3y1FUf7mjFw-unsplash.webp?resize=700%2C400&ssl=1 2x, https:\/\/i0.wp.com\/kohenavocats.com\/wp-content\/uploads\/2024\/11\/samuel-pujades-3y1FUf7mjFw-unsplash.webp?resize=1050%2C600&ssl=1 3x, https:\/\/i0.wp.com\/kohenavocats.com\/wp-content\/uploads\/2024\/11\/samuel-pujades-3y1FUf7mjFw-unsplash.webp?resize=1400%2C800&ssl=1 4x"},"classes":[]},{"id":653315,"url":"https:\/\/kohenavocats.com\/ar\/tribunal-judiciaire-de-lons-le-saunier-le-12-juillet-2024-n24-00003\/","url_meta":{"origin":650041,"position":2},"title":"Tribunal judiciaire de Lons-le-Saunier, le 12 juillet 2024, n\u00b024\/00003","author":"Kohen","date":"23 \u0623\u0628\u0631\u064a\u0644\u060c 2026","format":false,"excerpt":"Le tribunal judiciaire, statuant en mati\u00e8re de s\u00e9curit\u00e9 sociale, a rendu un jugement le 12 juillet 2024. Un agent public avait \u00e9t\u00e9 expos\u00e9 \u00e0 des facteurs de r...","rel":"","context":"\u0641\u064a &quot;Jurisprudence&quot;","block_context":{"text":"Jurisprudence","link":"https:\/\/kohenavocats.com\/category\/jurisprudence\/"},"img":{"alt_text":"","src":"https:\/\/i0.wp.com\/kohenavocats.com\/wp-content\/uploads\/2024\/11\/getty-images-2F-9_XQYhP8-unsplash.webp?resize=350%2C200&ssl=1","width":350,"height":200,"srcset":"https:\/\/i0.wp.com\/kohenavocats.com\/wp-content\/uploads\/2024\/11\/getty-images-2F-9_XQYhP8-unsplash.webp?resize=350%2C200&ssl=1 1x, https:\/\/i0.wp.com\/kohenavocats.com\/wp-content\/uploads\/2024\/11\/getty-images-2F-9_XQYhP8-unsplash.webp?resize=525%2C300&ssl=1 1.5x, https:\/\/i0.wp.com\/kohenavocats.com\/wp-content\/uploads\/2024\/11\/getty-images-2F-9_XQYhP8-unsplash.webp?resize=700%2C400&ssl=1 2x, https:\/\/i0.wp.com\/kohenavocats.com\/wp-content\/uploads\/2024\/11\/getty-images-2F-9_XQYhP8-unsplash.webp?resize=1050%2C600&ssl=1 3x, https:\/\/i0.wp.com\/kohenavocats.com\/wp-content\/uploads\/2024\/11\/getty-images-2F-9_XQYhP8-unsplash.webp?resize=1400%2C800&ssl=1 4x"},"classes":[]},{"id":651912,"url":"https:\/\/kohenavocats.com\/ar\/tribunal-judiciaire-de-lons-le-saunier-le-3-mars-2026-n24-00162\/","url_meta":{"origin":650041,"position":3},"title":"Tribunal judiciaire de Lons-le-Saunier, le 3 mars 2026, n\u00b024\/00162","author":"Kohen","date":"22 \u0623\u0628\u0631\u064a\u0644\u060c 2026","format":false,"excerpt":"Le tribunal judiciaire de Lons-le-Saunier, statuant le 3 mars 2026, a examin\u00e9 un recours contre une p\u00e9nalit\u00e9 financi\u00e8re notifi\u00e9e par une caisse d'allocations...","rel":"","context":"\u0641\u064a &quot;Jurisprudence&quot;","block_context":{"text":"Jurisprudence","link":"https:\/\/kohenavocats.com\/category\/jurisprudence\/"},"img":{"alt_text":"","src":"https:\/\/i0.wp.com\/kohenavocats.com\/wp-content\/uploads\/2024\/11\/getty-images-IQwGidv9mK0-unsplash.webp?resize=350%2C200&ssl=1","width":350,"height":200,"srcset":"https:\/\/i0.wp.com\/kohenavocats.com\/wp-content\/uploads\/2024\/11\/getty-images-IQwGidv9mK0-unsplash.webp?resize=350%2C200&ssl=1 1x, https:\/\/i0.wp.com\/kohenavocats.com\/wp-content\/uploads\/2024\/11\/getty-images-IQwGidv9mK0-unsplash.webp?resize=525%2C300&ssl=1 1.5x, https:\/\/i0.wp.com\/kohenavocats.com\/wp-content\/uploads\/2024\/11\/getty-images-IQwGidv9mK0-unsplash.webp?resize=700%2C400&ssl=1 2x, https:\/\/i0.wp.com\/kohenavocats.com\/wp-content\/uploads\/2024\/11\/getty-images-IQwGidv9mK0-unsplash.webp?resize=1050%2C600&ssl=1 3x, https:\/\/i0.wp.com\/kohenavocats.com\/wp-content\/uploads\/2024\/11\/getty-images-IQwGidv9mK0-unsplash.webp?resize=1400%2C800&ssl=1 4x"},"classes":[]},{"id":490914,"url":"https:\/\/kohenavocats.com\/ar\/tribunal-judiciaire-de-lons-le-saunier-le-2-octobre-2024-n25-00120\/","url_meta":{"origin":650041,"position":4},"title":"Tribunal judiciaire de Lons-le-Saunier, le 2 octobre 2024, n\u00b025\/00120","author":"Kohen","date":"8 \u0623\u0628\u0631\u064a\u0644\u060c 2026","format":false,"excerpt":"Le juge des r\u00e9f\u00e9r\u00e9s du tribunal judiciaire de Lons-Le-Saunier, le 2 octobre 2024, a ordonn\u00e9 une expertise. Une soci\u00e9t\u00e9 a ensuite demand\u00e9 l'extension de cette...","rel":"","context":"\u0641\u064a &quot;Jurisprudence&quot;","block_context":{"text":"Jurisprudence","link":"https:\/\/kohenavocats.com\/category\/jurisprudence\/"},"img":{"alt_text":"","src":"https:\/\/i0.wp.com\/kohenavocats.com\/wp-content\/uploads\/2024\/07\/alex-block-PdDBTrkGYLo-unsplash-2.webp?resize=350%2C200&ssl=1","width":350,"height":200,"srcset":"https:\/\/i0.wp.com\/kohenavocats.com\/wp-content\/uploads\/2024\/07\/alex-block-PdDBTrkGYLo-unsplash-2.webp?resize=350%2C200&ssl=1 1x, https:\/\/i0.wp.com\/kohenavocats.com\/wp-content\/uploads\/2024\/07\/alex-block-PdDBTrkGYLo-unsplash-2.webp?resize=525%2C300&ssl=1 1.5x, https:\/\/i0.wp.com\/kohenavocats.com\/wp-content\/uploads\/2024\/07\/alex-block-PdDBTrkGYLo-unsplash-2.webp?resize=700%2C400&ssl=1 2x, https:\/\/i0.wp.com\/kohenavocats.com\/wp-content\/uploads\/2024\/07\/alex-block-PdDBTrkGYLo-unsplash-2.webp?resize=1050%2C600&ssl=1 3x, https:\/\/i0.wp.com\/kohenavocats.com\/wp-content\/uploads\/2024\/07\/alex-block-PdDBTrkGYLo-unsplash-2.webp?resize=1400%2C800&ssl=1 4x"},"classes":[]},{"id":655311,"url":"https:\/\/kohenavocats.com\/ar\/tribunal-judiciaire-de-lons-le-saunier-le-26-mars-2026-n23-00311\/","url_meta":{"origin":650041,"position":5},"title":"Tribunal judiciaire de Lons-le-Saunier, le 26 mars 2026, n\u00b023\/00311","author":"Kohen","date":"23 \u0623\u0628\u0631\u064a\u0644\u060c 2026","format":false,"excerpt":"Le tribunal judiciaire de Lons-le-Saunier, statuant le 26 mars 2026, a examin\u00e9 un litige opposant un employeur \u00e0 une caisse de s\u00e9curit\u00e9 sociale. L'employeur ...","rel":"","context":"\u0641\u064a &quot;Jurisprudence&quot;","block_context":{"text":"Jurisprudence","link":"https:\/\/kohenavocats.com\/category\/jurisprudence\/"},"img":{"alt_text":"","src":"https:\/\/i0.wp.com\/kohenavocats.com\/wp-content\/uploads\/2024\/11\/mourad-saadi-LWhFQL0hL7o-unsplash-1.webp?resize=350%2C200&ssl=1","width":350,"height":200,"srcset":"https:\/\/i0.wp.com\/kohenavocats.com\/wp-content\/uploads\/2024\/11\/mourad-saadi-LWhFQL0hL7o-unsplash-1.webp?resize=350%2C200&ssl=1 1x, https:\/\/i0.wp.com\/kohenavocats.com\/wp-content\/uploads\/2024\/11\/mourad-saadi-LWhFQL0hL7o-unsplash-1.webp?resize=525%2C300&ssl=1 1.5x, https:\/\/i0.wp.com\/kohenavocats.com\/wp-content\/uploads\/2024\/11\/mourad-saadi-LWhFQL0hL7o-unsplash-1.webp?resize=700%2C400&ssl=1 2x, https:\/\/i0.wp.com\/kohenavocats.com\/wp-content\/uploads\/2024\/11\/mourad-saadi-LWhFQL0hL7o-unsplash-1.webp?resize=1050%2C600&ssl=1 3x, https:\/\/i0.wp.com\/kohenavocats.com\/wp-content\/uploads\/2024\/11\/mourad-saadi-LWhFQL0hL7o-unsplash-1.webp?resize=1400%2C800&ssl=1 4x"},"classes":[]}],"jetpack_sharing_enabled":true,"_links":{"self":[{"href":"https:\/\/kohenavocats.com\/ar\/wp-json\/wp\/v2\/posts\/650041","targetHints":{"allow":["GET"]}}],"collection":[{"href":"https:\/\/kohenavocats.com\/ar\/wp-json\/wp\/v2\/posts"}],"about":[{"href":"https:\/\/kohenavocats.com\/ar\/wp-json\/wp\/v2\/types\/post"}],"author":[{"embeddable":true,"href":"https:\/\/kohenavocats.com\/ar\/wp-json\/wp\/v2\/users\/232070755"}],"replies":[{"embeddable":true,"href":"https:\/\/kohenavocats.com\/ar\/wp-json\/wp\/v2\/comments?post=650041"}],"version-history":[{"count":0,"href":"https:\/\/kohenavocats.com\/ar\/wp-json\/wp\/v2\/posts\/650041\/revisions"}],"wp:featuredmedia":[{"embeddable":true,"href":"https:\/\/kohenavocats.com\/ar\/wp-json\/wp\/v2\/media\/9490"}],"wp:attachment":[{"href":"https:\/\/kohenavocats.com\/ar\/wp-json\/wp\/v2\/media?parent=650041"}],"wp:term":[{"taxonomy":"category","embeddable":true,"href":"https:\/\/kohenavocats.com\/ar\/wp-json\/wp\/v2\/categories?post=650041"},{"taxonomy":"post_tag","embeddable":true,"href":"https:\/\/kohenavocats.com\/ar\/wp-json\/wp\/v2\/tags?post=650041"}],"curies":[{"name":"wp","href":"https:\/\/api.w.org\/{rel}","templated":true}]}}