{"id":650607,"date":"2026-04-22T19:01:19","date_gmt":"2026-04-22T17:01:19","guid":{"rendered":"https:\/\/kohenavocats.com\/tribunal-judiciaire-de-paris-le-12-juillet-2024-n25-00319\/"},"modified":"2026-04-22T19:01:19","modified_gmt":"2026-04-22T17:01:19","slug":"tribunal-judiciaire-de-paris-le-12-juillet-2024-n25-00319","status":"publish","type":"post","link":"https:\/\/kohenavocats.com\/ar\/tribunal-judiciaire-de-paris-le-12-juillet-2024-n25-00319\/","title":{"rendered":"Tribunal judiciaire de Paris, le 12 juillet 2024, n\u00b025\/00319"},"content":{"rendered":"<div class=\"article-content\">\n<p>Le tribunal judiciaire de Paris, statuant en r\u00e9f\u00e9r\u00e9 le 12 juillet 2024, a \u00e9t\u00e9 saisi de multiples demandes entre deux anciens concubins. Ces demandes concernaient l\u2019acc\u00e8s \u00e0 un garage, le remboursement de sommes d\u2019argent et le paiement de loyers commerciaux. Le juge a d\u00fb trancher ces requ\u00eates en application des pouvoirs de l\u2019article 835 du code de proc\u00e9dure civile. L\u2019ordonnance rejette la quasi-totalit\u00e9 des pr\u00e9tentions des parties, faute de preuve suffisante ou en raison de contestations s\u00e9rieuses.<\/p>\n<p>La rigueur probatoire dans l\u2019administration de la preuve<\/p>\n<p>L\u2019exigence d\u2019une preuve certaine et personnelle. Le juge des r\u00e9f\u00e9r\u00e9s a rappel\u00e9 avec fermet\u00e9 les principes fondamentaux de la charge de la preuve. Pour obtenir une mesure d\u2019urgence, la requ\u00e9rante doit \u00e9tablir des \u00e9l\u00e9ments pr\u00e9cis et concordants. Le rejet de la demande de remise des cl\u00e9s illustre cette exigence, car &#8220;elle ne verse aucun \u00e9l\u00e9ment permettant d\u2019\u00e9tablir que c\u2019est [le d\u00e9fendeur] qui interdit cet acc\u00e8s&#8221; (Sur la condamnation \u00e0 la remise des cl\u00e9s sous astreinte). L\u2019absence de preuve directe ou de demande pr\u00e9alable d\u2019acc\u00e8s a \u00e9t\u00e9 fatale \u00e0 sa pr\u00e9tention.<\/p>\n<p>La validation des modes de preuve traditionnels face aux documents modernes. La d\u00e9cision op\u00e8re une distinction nette entre les \u00e9crits probants et les documents incertains. Une reconnaissance de dette sign\u00e9e num\u00e9riquement a \u00e9t\u00e9 \u00e9cart\u00e9e car elle ne constituait pas &#8220;un \u00e9crit sous seing priv\u00e9 r\u00e9pondant aux exigences de forme pos\u00e9es par le code civil&#8221; (Sur le remboursement de la somme de 13.000 euros). Ce point confirme l\u2019importance des formes l\u00e9gales pour valider un engagement juridique, m\u00eame en r\u00e9f\u00e9r\u00e9. La souplesse proc\u00e9durale de l\u2019urgence ne saurait dispenser du respect des conditions de fond.<\/p>\n<p>La gestion des contestations s\u00e9rieuses en proc\u00e9dure d\u2019urgence<\/p>\n<p>L\u2019appr\u00e9ciation souveraine du caract\u00e8re s\u00e9rieux de la contestation. L\u2019ordonnance applique concr\u00e8tement le cadre l\u00e9gal qui permet d\u2019agir malgr\u00e9 une contestation. Pour le virement de 2000 euros, le juge a estim\u00e9 qu\u2019une incertitude persistait sur son origine et sa cause. Il a donc conclu qu\u2019&#8221;il existe une contestation s\u00e9rieuse \u00e0 la demande de remboursement&#8221; (Sur la demande de remboursement du virement de 2.000 euros). Cette appr\u00e9ciation justifie le rejet de la demande sans examen au fond, pr\u00e9servant ainsi la nature conservatoire de la proc\u00e9dure.<\/p>\n<p>L\u2019effet neutralisateur d\u2019une contestation \u00e9tay\u00e9e sur une demande provisionnelle. La d\u00e9cision montre qu\u2019une contestation cr\u00e9dible peut faire \u00e9chec \u00e0 une demande en paiement. Le bailleur r\u00e9clamait des loyers impay\u00e9s, mais le juge a constat\u00e9 que l\u2019occupante apportait des \u00e9l\u00e9ments concrets. Des photos et attestations d\u00e9montraient que &#8220;l\u2019exploitation normale du local n\u2019\u00e9tait pas assur\u00e9e&#8221; (Sur la demande reconventionnelle en paiement des loyers). D\u00e8s lors, la contestation \u00e9tait jug\u00e9e s\u00e9rieuse, entra\u00eenant le rejet de la demande provisionnelle. Ce raisonnement rejoint la jurisprudence selon laquelle &#8220;l\u2019existence de contestations s\u00e9rieuses n\u2019interdit pas au juge de prendre les mesures n\u00e9cessaires&#8221; (Tribunal judiciaire de Bobigny, le 16 juin 2025, n\u00b025\/01106). Ici, la mesure n\u00e9cessaire fut de refuser la provision.<\/p>\n<p>Cette ordonnance constitue une application rigoureuse des pouvoirs du juge des r\u00e9f\u00e9r\u00e9s. Elle rappelle que l\u2019urgence ne fait pas dispara\u00eetre les exigences probatoires fondamentales. La d\u00e9cision illustre aussi l\u2019\u00e9quilibre entre c\u00e9l\u00e9rit\u00e9 et respect des droits de la d\u00e9fense. En refusant de statuer sur le fond d\u00e8s qu\u2019une contestation para\u00eet s\u00e9rieuse, le juge pr\u00e9serve la fonction sp\u00e9cifique de la proc\u00e9dure r\u00e9f\u00e9r\u00e9. Cette solution garantit l\u2019efficacit\u00e9 du dispositif tout en \u00e9vitant les d\u00e9cisions pr\u00e9cipit\u00e9es sur des questions complexes.<\/p>\n<\/div>\n","protected":false},"excerpt":{"rendered":"<p>Le tribunal judiciaire de Paris, statuant en r\u00e9f\u00e9r\u00e9 le 12 juillet 2024, a \u00e9t\u00e9 saisi de multiples demandes entre deux anciens concubins. Ces demandes concerna&#8230;<\/p>\n","protected":false},"author":232070755,"featured_media":4768,"comment_status":"open","ping_status":"open","sticky":false,"template":"","format":"standard","meta":{"_crdt_document":"","_jetpack_newsletter_access":"","_jetpack_dont_email_post_to_subs":false,"_jetpack_newsletter_tier_id":0,"_jetpack_memberships_contains_paywalled_content":false,"_kj_source_type":"judilibre","_kj_official_id":"68deeade6af9fd1f80972556","_kj_official_url":"https:\/\/www.courdecassation.fr\/decision\/68deeade6af9fd1f80972556","_kj_judilibre_id":"68deeade6af9fd1f80972556","_kj_jur":"Tribunal judiciaire","_kj_lieu":"Tribunal judiciaire de Grenoble","_kj_chambre":"Ch 10 REFERES","_kj_rg":"25\/00319","_kj_date":"2025-10-02","_jetpack_memberships_contains_paid_content":false,"footnotes":"","jetpack_post_was_ever_published":false},"categories":[7597],"tags":[],"class_list":["post-650607","post","type-post","status-publish","format-standard","has-post-thumbnail","hentry","category-jurisprudence"],"yoast_head":"<!-- This site is optimized with the Yoast SEO Premium plugin v27.5 (Yoast SEO v27.5) - https:\/\/yoast.com\/product\/yoast-seo-premium-wordpress\/ -->\n<title>Tribunal judiciaire de Paris, le 12 juillet 2024, n\u00b025\/00319 - Ma\u00eetre Hassan Kohen, avocat en droit p\u00e9nal \u00e0 Paris<\/title>\n<meta name=\"description\" content=\"Le tribunal judiciaire de Paris, statuant en r\u00e9f\u00e9r\u00e9 le 12 juillet 2024, a \u00e9t\u00e9 saisi de multiples demandes entre deux anciens concubins. Ces demandes concerna...\" \/>\n<meta name=\"robots\" content=\"index, follow, max-snippet:-1, max-image-preview:large, max-video-preview:-1\" \/>\n<link rel=\"canonical\" href=\"https:\/\/kohenavocats.com\/ar\/tribunal-judiciaire-de-paris-le-12-juillet-2024-n25-00319\/\" \/>\n<meta property=\"og:locale\" content=\"ar_AR\" \/>\n<meta property=\"og:type\" content=\"article\" \/>\n<meta property=\"og:title\" content=\"Tribunal judiciaire de Paris, le 12 juillet 2024, n\u00b025\/00319\" \/>\n<meta property=\"og:description\" content=\"Le tribunal judiciaire de Paris, statuant en r\u00e9f\u00e9r\u00e9 le 12 juillet 2024, a \u00e9t\u00e9 saisi de multiples demandes entre deux anciens concubins. Ces demandes concerna...\" \/>\n<meta property=\"og:url\" content=\"https:\/\/kohenavocats.com\/ar\/tribunal-judiciaire-de-paris-le-12-juillet-2024-n25-00319\/\" \/>\n<meta property=\"og:site_name\" content=\"Ma\u00eetre Hassan Kohen, avocat en droit p\u00e9nal \u00e0 Paris\" \/>\n<meta property=\"article:published_time\" content=\"2026-04-22T17:01:19+00:00\" \/>\n<meta property=\"og:image\" content=\"https:\/\/kohenavocats.com\/wp-content\/uploads\/2024\/08\/roman-suslov-7jSq1rrpku0-unsplash.webp\" \/>\n\t<meta property=\"og:image:width\" content=\"5362\" \/>\n\t<meta property=\"og:image:height\" content=\"3649\" \/>\n\t<meta property=\"og:image:type\" content=\"image\/webp\" \/>\n<meta name=\"author\" content=\"Kohen\" \/>\n<meta name=\"twitter:card\" content=\"summary_large_image\" \/>\n<meta name=\"twitter:label1\" content=\"\u0643\u064f\u062a\u0628 \u0628\u0648\u0627\u0633\u0637\u0629\" \/>\n\t<meta name=\"twitter:data1\" content=\"Kohen\" \/>\n\t<meta name=\"twitter:label2\" content=\"\u0648\u0642\u062a \u0627\u0644\u0642\u0631\u0627\u0621\u0629 \u0627\u0644\u0645\u064f\u0642\u062f\u0651\u0631\" \/>\n\t<meta name=\"twitter:data2\" content=\"3 \u062f\u0642\u0627\u0626\u0642\" \/>\n<script type=\"application\/ld+json\" class=\"yoast-schema-graph\">{\"@context\":\"https:\\\/\\\/schema.org\",\"@graph\":[{\"@type\":\"Article\",\"@id\":\"https:\\\/\\\/kohenavocats.com\\\/ar\\\/tribunal-judiciaire-de-paris-le-12-juillet-2024-n25-00319\\\/#article\",\"isPartOf\":{\"@id\":\"https:\\\/\\\/kohenavocats.com\\\/ar\\\/tribunal-judiciaire-de-paris-le-12-juillet-2024-n25-00319\\\/\"},\"author\":{\"name\":\"Kohen\",\"@id\":\"https:\\\/\\\/kohenavocats.com\\\/ar\\\/#\\\/schema\\\/person\\\/761c9ba54fa1ca84d405cef0831ff751\"},\"headline\":\"Tribunal judiciaire de Paris, le 12 juillet 2024, n\u00b025\\\/00319\",\"datePublished\":\"2026-04-22T17:01:19+00:00\",\"mainEntityOfPage\":{\"@id\":\"https:\\\/\\\/kohenavocats.com\\\/ar\\\/tribunal-judiciaire-de-paris-le-12-juillet-2024-n25-00319\\\/\"},\"wordCount\":651,\"commentCount\":0,\"publisher\":{\"@id\":\"https:\\\/\\\/kohenavocats.com\\\/ar\\\/#organization\"},\"image\":{\"@id\":\"https:\\\/\\\/kohenavocats.com\\\/ar\\\/tribunal-judiciaire-de-paris-le-12-juillet-2024-n25-00319\\\/#primaryimage\"},\"thumbnailUrl\":\"https:\\\/\\\/kohenavocats.com\\\/wp-content\\\/uploads\\\/2024\\\/08\\\/roman-suslov-7jSq1rrpku0-unsplash.webp\",\"articleSection\":[\"Jurisprudence\"],\"inLanguage\":\"ar\",\"potentialAction\":[{\"@type\":\"CommentAction\",\"name\":\"Comment\",\"target\":[\"https:\\\/\\\/kohenavocats.com\\\/ar\\\/tribunal-judiciaire-de-paris-le-12-juillet-2024-n25-00319\\\/#respond\"]}],\"citation\":\"Tribunal judiciaire de Paris, le 12 juillet 2024, n\u00b025\\\/00319\",\"about\":[{\"@type\":\"Thing\",\"name\":\"Jurisprudence\"}],\"dateModified\":\"2026-04-22T17:01:19+00:00\",\"speakable\":{\"@type\":\"SpeakableSpecification\",\"cssSelector\":[\".article-content > p:first-of-type\"]}},{\"@type\":\"WebPage\",\"@id\":\"https:\\\/\\\/kohenavocats.com\\\/ar\\\/tribunal-judiciaire-de-paris-le-12-juillet-2024-n25-00319\\\/\",\"url\":\"https:\\\/\\\/kohenavocats.com\\\/ar\\\/tribunal-judiciaire-de-paris-le-12-juillet-2024-n25-00319\\\/\",\"name\":\"Tribunal judiciaire de Paris, le 12 juillet 2024, n\u00b025\\\/00319 - Ma\u00eetre Hassan Kohen, avocat en droit p\u00e9nal \u00e0 Paris\",\"isPartOf\":{\"@id\":\"https:\\\/\\\/kohenavocats.com\\\/ar\\\/#website\"},\"primaryImageOfPage\":{\"@id\":\"https:\\\/\\\/kohenavocats.com\\\/ar\\\/tribunal-judiciaire-de-paris-le-12-juillet-2024-n25-00319\\\/#primaryimage\"},\"image\":{\"@id\":\"https:\\\/\\\/kohenavocats.com\\\/ar\\\/tribunal-judiciaire-de-paris-le-12-juillet-2024-n25-00319\\\/#primaryimage\"},\"thumbnailUrl\":\"https:\\\/\\\/kohenavocats.com\\\/wp-content\\\/uploads\\\/2024\\\/08\\\/roman-suslov-7jSq1rrpku0-unsplash.webp\",\"datePublished\":\"2026-04-22T17:01:19+00:00\",\"description\":\"Le tribunal judiciaire de Paris, statuant en r\u00e9f\u00e9r\u00e9 le 12 juillet 2024, a \u00e9t\u00e9 saisi de multiples demandes entre deux anciens concubins. Ces demandes concerna...\",\"breadcrumb\":{\"@id\":\"https:\\\/\\\/kohenavocats.com\\\/ar\\\/tribunal-judiciaire-de-paris-le-12-juillet-2024-n25-00319\\\/#breadcrumb\"},\"inLanguage\":\"ar\",\"potentialAction\":[{\"@type\":\"ReadAction\",\"target\":[\"https:\\\/\\\/kohenavocats.com\\\/ar\\\/tribunal-judiciaire-de-paris-le-12-juillet-2024-n25-00319\\\/\"]}]},{\"@type\":\"ImageObject\",\"inLanguage\":\"ar\",\"@id\":\"https:\\\/\\\/kohenavocats.com\\\/ar\\\/tribunal-judiciaire-de-paris-le-12-juillet-2024-n25-00319\\\/#primaryimage\",\"url\":\"https:\\\/\\\/kohenavocats.com\\\/wp-content\\\/uploads\\\/2024\\\/08\\\/roman-suslov-7jSq1rrpku0-unsplash.webp\",\"contentUrl\":\"https:\\\/\\\/kohenavocats.com\\\/wp-content\\\/uploads\\\/2024\\\/08\\\/roman-suslov-7jSq1rrpku0-unsplash.webp\",\"width\":5362,\"height\":3649},{\"@type\":\"BreadcrumbList\",\"@id\":\"https:\\\/\\\/kohenavocats.com\\\/ar\\\/tribunal-judiciaire-de-paris-le-12-juillet-2024-n25-00319\\\/#breadcrumb\",\"itemListElement\":[{\"@type\":\"ListItem\",\"position\":1,\"name\":\"Home\",\"item\":\"https:\\\/\\\/kohenavocats.com\\\/ar\\\/%d9%85%d8%ad%d8%a7%d9%85%d9%88%d9%86-%d9%85%d8%aa%d8%ae%d8%b5%d8%b5%d9%88%d9%86-%d9%81%d9%8a-%d8%a7%d9%84%d9%82%d8%a7%d9%86%d9%88%d9%86-%d8%a7%d9%84%d8%ac%d9%86%d8%a7%d8%a6%d9%8a-%d8%a8%d8%a8%d8%a7\\\/\"},{\"@type\":\"ListItem\",\"position\":2,\"name\":\"Tribunal judiciaire de Paris, le 12 juillet 2024, n\u00b025\\\/00319\"}]},{\"@type\":\"WebSite\",\"@id\":\"https:\\\/\\\/kohenavocats.com\\\/ar\\\/#website\",\"url\":\"https:\\\/\\\/kohenavocats.com\\\/ar\\\/\",\"name\":\"Kohen Avocats\",\"description\":\"Ma\u00eetre Hassan Kohen, avocat p\u00e9naliste \u00e0 Paris, intervient exclusivement en droit p\u00e9nal pour la d\u00e9fense des particuliers, notamment en mati\u00e8re d\u2019accusations de viol. Il assure un accompagnement rigoureux d\u00e8s la garde \u00e0 vue jusqu\u2019\u00e0 la Cour d\u2019assises, veillant au strict respect des garanties proc\u00e9durales.\",\"publisher\":{\"@id\":\"https:\\\/\\\/kohenavocats.com\\\/ar\\\/#organization\"},\"potentialAction\":[{\"@type\":\"SearchAction\",\"target\":{\"@type\":\"EntryPoint\",\"urlTemplate\":\"https:\\\/\\\/kohenavocats.com\\\/ar\\\/?s={search_term_string}\"},\"query-input\":{\"@type\":\"PropertyValueSpecification\",\"valueRequired\":true,\"valueName\":\"search_term_string\"}}],\"inLanguage\":\"ar\"},{\"@type\":\"Organization\",\"@id\":\"https:\\\/\\\/kohenavocats.com\\\/ar\\\/#organization\",\"name\":\"Kohen Avocats\",\"url\":\"https:\\\/\\\/kohenavocats.com\\\/ar\\\/\",\"logo\":{\"@type\":\"ImageObject\",\"inLanguage\":\"ar\",\"@id\":\"https:\\\/\\\/kohenavocats.com\\\/ar\\\/#\\\/schema\\\/logo\\\/image\\\/\",\"url\":\"https:\\\/\\\/kohenavocats.com\\\/wp-content\\\/uploads\\\/2026\\\/01\\\/Logo-2-1.webp\",\"contentUrl\":\"https:\\\/\\\/kohenavocats.com\\\/wp-content\\\/uploads\\\/2026\\\/01\\\/Logo-2-1.webp\",\"width\":2114,\"height\":1253,\"caption\":\"Kohen Avocats\"},\"image\":{\"@id\":\"https:\\\/\\\/kohenavocats.com\\\/ar\\\/#\\\/schema\\\/logo\\\/image\\\/\"}},{\"@type\":\"Person\",\"@id\":\"https:\\\/\\\/kohenavocats.com\\\/ar\\\/#\\\/schema\\\/person\\\/761c9ba54fa1ca84d405cef0831ff751\",\"name\":\"Kohen\",\"image\":{\"@type\":\"ImageObject\",\"inLanguage\":\"ar\",\"@id\":\"https:\\\/\\\/secure.gravatar.com\\\/avatar\\\/1c5e76ef76bbbfdd2b4da984e2bf2fa4056fd51a27d25ce2c332047f1dfd6e00?s=96&d=identicon&r=g\",\"url\":\"https:\\\/\\\/secure.gravatar.com\\\/avatar\\\/1c5e76ef76bbbfdd2b4da984e2bf2fa4056fd51a27d25ce2c332047f1dfd6e00?s=96&d=identicon&r=g\",\"contentUrl\":\"https:\\\/\\\/secure.gravatar.com\\\/avatar\\\/1c5e76ef76bbbfdd2b4da984e2bf2fa4056fd51a27d25ce2c332047f1dfd6e00?s=96&d=identicon&r=g\",\"caption\":\"Kohen\"},\"sameAs\":[\"https:\\\/\\\/www.linkedin.com\\\/in\\\/hassan-kohen-448548192\\\/\",\"https:\\\/\\\/www.youtube.com\\\/@Kohen-Avocats\"],\"url\":\"https:\\\/\\\/kohenavocats.com\\\/ar\\\/author\\\/kohenmlk\\\/\"}]}<\/script>\n<!-- \/ Yoast SEO Premium plugin. -->","yoast_head_json":{"title":"Tribunal judiciaire de Paris, le 12 juillet 2024, n\u00b025\/00319 - Ma\u00eetre Hassan Kohen, avocat en droit p\u00e9nal \u00e0 Paris","description":"Le tribunal judiciaire de Paris, statuant en r\u00e9f\u00e9r\u00e9 le 12 juillet 2024, a \u00e9t\u00e9 saisi de multiples demandes entre deux anciens concubins. Ces demandes concerna...","robots":{"index":"index","follow":"follow","max-snippet":"max-snippet:-1","max-image-preview":"max-image-preview:large","max-video-preview":"max-video-preview:-1"},"canonical":"https:\/\/kohenavocats.com\/ar\/tribunal-judiciaire-de-paris-le-12-juillet-2024-n25-00319\/","og_locale":"ar_AR","og_type":"article","og_title":"Tribunal judiciaire de Paris, le 12 juillet 2024, n\u00b025\/00319","og_description":"Le tribunal judiciaire de Paris, statuant en r\u00e9f\u00e9r\u00e9 le 12 juillet 2024, a \u00e9t\u00e9 saisi de multiples demandes entre deux anciens concubins. Ces demandes concerna...","og_url":"https:\/\/kohenavocats.com\/ar\/tribunal-judiciaire-de-paris-le-12-juillet-2024-n25-00319\/","og_site_name":"Ma\u00eetre Hassan Kohen, avocat en droit p\u00e9nal \u00e0 Paris","article_published_time":"2026-04-22T17:01:19+00:00","og_image":[{"width":5362,"height":3649,"url":"https:\/\/kohenavocats.com\/wp-content\/uploads\/2024\/08\/roman-suslov-7jSq1rrpku0-unsplash.webp","type":"image\/webp"}],"author":"Kohen","twitter_card":"summary_large_image","twitter_misc":{"\u0643\u064f\u062a\u0628 \u0628\u0648\u0627\u0633\u0637\u0629":"Kohen","\u0648\u0642\u062a \u0627\u0644\u0642\u0631\u0627\u0621\u0629 \u0627\u0644\u0645\u064f\u0642\u062f\u0651\u0631":"3 \u062f\u0642\u0627\u0626\u0642"},"schema":{"@context":"https:\/\/schema.org","@graph":[{"@type":"Article","@id":"https:\/\/kohenavocats.com\/ar\/tribunal-judiciaire-de-paris-le-12-juillet-2024-n25-00319\/#article","isPartOf":{"@id":"https:\/\/kohenavocats.com\/ar\/tribunal-judiciaire-de-paris-le-12-juillet-2024-n25-00319\/"},"author":{"name":"Kohen","@id":"https:\/\/kohenavocats.com\/ar\/#\/schema\/person\/761c9ba54fa1ca84d405cef0831ff751"},"headline":"Tribunal judiciaire de Paris, le 12 juillet 2024, n\u00b025\/00319","datePublished":"2026-04-22T17:01:19+00:00","mainEntityOfPage":{"@id":"https:\/\/kohenavocats.com\/ar\/tribunal-judiciaire-de-paris-le-12-juillet-2024-n25-00319\/"},"wordCount":651,"commentCount":0,"publisher":{"@id":"https:\/\/kohenavocats.com\/ar\/#organization"},"image":{"@id":"https:\/\/kohenavocats.com\/ar\/tribunal-judiciaire-de-paris-le-12-juillet-2024-n25-00319\/#primaryimage"},"thumbnailUrl":"https:\/\/kohenavocats.com\/wp-content\/uploads\/2024\/08\/roman-suslov-7jSq1rrpku0-unsplash.webp","articleSection":["Jurisprudence"],"inLanguage":"ar","potentialAction":[{"@type":"CommentAction","name":"Comment","target":["https:\/\/kohenavocats.com\/ar\/tribunal-judiciaire-de-paris-le-12-juillet-2024-n25-00319\/#respond"]}],"citation":"Tribunal judiciaire de Paris, le 12 juillet 2024, n\u00b025\/00319","about":[{"@type":"Thing","name":"Jurisprudence"}],"dateModified":"2026-04-22T17:01:19+00:00","speakable":{"@type":"SpeakableSpecification","cssSelector":[".article-content > p:first-of-type"]}},{"@type":"WebPage","@id":"https:\/\/kohenavocats.com\/ar\/tribunal-judiciaire-de-paris-le-12-juillet-2024-n25-00319\/","url":"https:\/\/kohenavocats.com\/ar\/tribunal-judiciaire-de-paris-le-12-juillet-2024-n25-00319\/","name":"Tribunal judiciaire de Paris, le 12 juillet 2024, n\u00b025\/00319 - Ma\u00eetre Hassan Kohen, avocat en droit p\u00e9nal \u00e0 Paris","isPartOf":{"@id":"https:\/\/kohenavocats.com\/ar\/#website"},"primaryImageOfPage":{"@id":"https:\/\/kohenavocats.com\/ar\/tribunal-judiciaire-de-paris-le-12-juillet-2024-n25-00319\/#primaryimage"},"image":{"@id":"https:\/\/kohenavocats.com\/ar\/tribunal-judiciaire-de-paris-le-12-juillet-2024-n25-00319\/#primaryimage"},"thumbnailUrl":"https:\/\/kohenavocats.com\/wp-content\/uploads\/2024\/08\/roman-suslov-7jSq1rrpku0-unsplash.webp","datePublished":"2026-04-22T17:01:19+00:00","description":"Le tribunal judiciaire de Paris, statuant en r\u00e9f\u00e9r\u00e9 le 12 juillet 2024, a \u00e9t\u00e9 saisi de multiples demandes entre deux anciens concubins. Ces demandes concerna...","breadcrumb":{"@id":"https:\/\/kohenavocats.com\/ar\/tribunal-judiciaire-de-paris-le-12-juillet-2024-n25-00319\/#breadcrumb"},"inLanguage":"ar","potentialAction":[{"@type":"ReadAction","target":["https:\/\/kohenavocats.com\/ar\/tribunal-judiciaire-de-paris-le-12-juillet-2024-n25-00319\/"]}]},{"@type":"ImageObject","inLanguage":"ar","@id":"https:\/\/kohenavocats.com\/ar\/tribunal-judiciaire-de-paris-le-12-juillet-2024-n25-00319\/#primaryimage","url":"https:\/\/kohenavocats.com\/wp-content\/uploads\/2024\/08\/roman-suslov-7jSq1rrpku0-unsplash.webp","contentUrl":"https:\/\/kohenavocats.com\/wp-content\/uploads\/2024\/08\/roman-suslov-7jSq1rrpku0-unsplash.webp","width":5362,"height":3649},{"@type":"BreadcrumbList","@id":"https:\/\/kohenavocats.com\/ar\/tribunal-judiciaire-de-paris-le-12-juillet-2024-n25-00319\/#breadcrumb","itemListElement":[{"@type":"ListItem","position":1,"name":"Home","item":"https:\/\/kohenavocats.com\/ar\/%d9%85%d8%ad%d8%a7%d9%85%d9%88%d9%86-%d9%85%d8%aa%d8%ae%d8%b5%d8%b5%d9%88%d9%86-%d9%81%d9%8a-%d8%a7%d9%84%d9%82%d8%a7%d9%86%d9%88%d9%86-%d8%a7%d9%84%d8%ac%d9%86%d8%a7%d8%a6%d9%8a-%d8%a8%d8%a8%d8%a7\/"},{"@type":"ListItem","position":2,"name":"Tribunal judiciaire de Paris, le 12 juillet 2024, n\u00b025\/00319"}]},{"@type":"WebSite","@id":"https:\/\/kohenavocats.com\/ar\/#website","url":"https:\/\/kohenavocats.com\/ar\/","name":"Kohen Avocats","description":"Ma\u00eetre Hassan Kohen, avocat p\u00e9naliste \u00e0 Paris, intervient exclusivement en droit p\u00e9nal pour la d\u00e9fense des particuliers, notamment en mati\u00e8re d\u2019accusations de viol. Il assure un accompagnement rigoureux d\u00e8s la garde \u00e0 vue jusqu\u2019\u00e0 la Cour d\u2019assises, veillant au strict respect des garanties proc\u00e9durales.","publisher":{"@id":"https:\/\/kohenavocats.com\/ar\/#organization"},"potentialAction":[{"@type":"SearchAction","target":{"@type":"EntryPoint","urlTemplate":"https:\/\/kohenavocats.com\/ar\/?s={search_term_string}"},"query-input":{"@type":"PropertyValueSpecification","valueRequired":true,"valueName":"search_term_string"}}],"inLanguage":"ar"},{"@type":"Organization","@id":"https:\/\/kohenavocats.com\/ar\/#organization","name":"Kohen Avocats","url":"https:\/\/kohenavocats.com\/ar\/","logo":{"@type":"ImageObject","inLanguage":"ar","@id":"https:\/\/kohenavocats.com\/ar\/#\/schema\/logo\/image\/","url":"https:\/\/kohenavocats.com\/wp-content\/uploads\/2026\/01\/Logo-2-1.webp","contentUrl":"https:\/\/kohenavocats.com\/wp-content\/uploads\/2026\/01\/Logo-2-1.webp","width":2114,"height":1253,"caption":"Kohen Avocats"},"image":{"@id":"https:\/\/kohenavocats.com\/ar\/#\/schema\/logo\/image\/"}},{"@type":"Person","@id":"https:\/\/kohenavocats.com\/ar\/#\/schema\/person\/761c9ba54fa1ca84d405cef0831ff751","name":"Kohen","image":{"@type":"ImageObject","inLanguage":"ar","@id":"https:\/\/secure.gravatar.com\/avatar\/1c5e76ef76bbbfdd2b4da984e2bf2fa4056fd51a27d25ce2c332047f1dfd6e00?s=96&d=identicon&r=g","url":"https:\/\/secure.gravatar.com\/avatar\/1c5e76ef76bbbfdd2b4da984e2bf2fa4056fd51a27d25ce2c332047f1dfd6e00?s=96&d=identicon&r=g","contentUrl":"https:\/\/secure.gravatar.com\/avatar\/1c5e76ef76bbbfdd2b4da984e2bf2fa4056fd51a27d25ce2c332047f1dfd6e00?s=96&d=identicon&r=g","caption":"Kohen"},"sameAs":["https:\/\/www.linkedin.com\/in\/hassan-kohen-448548192\/","https:\/\/www.youtube.com\/@Kohen-Avocats"],"url":"https:\/\/kohenavocats.com\/ar\/author\/kohenmlk\/"}]}},"jetpack_featured_media_url":"https:\/\/kohenavocats.com\/wp-content\/uploads\/2024\/08\/roman-suslov-7jSq1rrpku0-unsplash.webp","jetpack_likes_enabled":false,"jetpack_shortlink":"https:\/\/wp.me\/peCrII-2JfF","jetpack-related-posts":[{"id":642581,"url":"https:\/\/kohenavocats.com\/ar\/tribunal-judiciaire-de-paris-le-8-octobre-2025-n25-00797\/","url_meta":{"origin":650607,"position":0},"title":"Tribunal judiciaire de Paris, le 8 octobre 2025, n\u00b025\/00797","author":"Kohen","date":"22 \u0623\u0628\u0631\u064a\u0644\u060c 2026","format":false,"excerpt":"Le Tribunal judiciaire de Paris, le 8 octobre 2025, statue sur une demande en r\u00e9f\u00e9r\u00e9 suite \u00e0 un changement de syndic. Le nouveau gestionnaire r\u00e9clame la tran...","rel":"","context":"\u0641\u064a &quot;Jurisprudence&quot;","block_context":{"text":"Jurisprudence","link":"https:\/\/kohenavocats.com\/category\/jurisprudence\/"},"img":{"alt_text":"","src":"https:\/\/i0.wp.com\/kohenavocats.com\/wp-content\/uploads\/2024\/11\/kamran-abdullayev-KGkwMo7r-kA-unsplash.webp?resize=350%2C200&ssl=1","width":350,"height":200,"srcset":"https:\/\/i0.wp.com\/kohenavocats.com\/wp-content\/uploads\/2024\/11\/kamran-abdullayev-KGkwMo7r-kA-unsplash.webp?resize=350%2C200&ssl=1 1x, https:\/\/i0.wp.com\/kohenavocats.com\/wp-content\/uploads\/2024\/11\/kamran-abdullayev-KGkwMo7r-kA-unsplash.webp?resize=525%2C300&ssl=1 1.5x, https:\/\/i0.wp.com\/kohenavocats.com\/wp-content\/uploads\/2024\/11\/kamran-abdullayev-KGkwMo7r-kA-unsplash.webp?resize=700%2C400&ssl=1 2x, https:\/\/i0.wp.com\/kohenavocats.com\/wp-content\/uploads\/2024\/11\/kamran-abdullayev-KGkwMo7r-kA-unsplash.webp?resize=1050%2C600&ssl=1 3x, https:\/\/i0.wp.com\/kohenavocats.com\/wp-content\/uploads\/2024\/11\/kamran-abdullayev-KGkwMo7r-kA-unsplash.webp?resize=1400%2C800&ssl=1 4x"},"classes":[]},{"id":650772,"url":"https:\/\/kohenavocats.com\/ar\/tribunal-judiciaire-de-paris-le-26-mars-2025-n24-00312\/","url_meta":{"origin":650607,"position":1},"title":"Tribunal judiciaire de Paris, le 26 mars 2025, n\u00b024\/00312","author":"Kohen","date":"22 \u0623\u0628\u0631\u064a\u0644\u060c 2026","format":false,"excerpt":"Le tribunal judiciaire de Paris, statuant le 26 mars 2025, a examin\u00e9 un litige relatif \u00e0 la reconnaissance d\u2019un accident du travail. Un salari\u00e9 a d\u00e9clar\u00e9 une...","rel":"","context":"\u0641\u064a &quot;Jurisprudence&quot;","block_context":{"text":"Jurisprudence","link":"https:\/\/kohenavocats.com\/category\/jurisprudence\/"},"img":{"alt_text":"","src":"https:\/\/i0.wp.com\/kohenavocats.com\/wp-content\/uploads\/2024\/08\/ruben-minguer-ohq49pdlt9w-unsplash.webp?resize=350%2C200&ssl=1","width":350,"height":200,"srcset":"https:\/\/i0.wp.com\/kohenavocats.com\/wp-content\/uploads\/2024\/08\/ruben-minguer-ohq49pdlt9w-unsplash.webp?resize=350%2C200&ssl=1 1x, https:\/\/i0.wp.com\/kohenavocats.com\/wp-content\/uploads\/2024\/08\/ruben-minguer-ohq49pdlt9w-unsplash.webp?resize=525%2C300&ssl=1 1.5x, https:\/\/i0.wp.com\/kohenavocats.com\/wp-content\/uploads\/2024\/08\/ruben-minguer-ohq49pdlt9w-unsplash.webp?resize=700%2C400&ssl=1 2x, https:\/\/i0.wp.com\/kohenavocats.com\/wp-content\/uploads\/2024\/08\/ruben-minguer-ohq49pdlt9w-unsplash.webp?resize=1050%2C600&ssl=1 3x, https:\/\/i0.wp.com\/kohenavocats.com\/wp-content\/uploads\/2024\/08\/ruben-minguer-ohq49pdlt9w-unsplash.webp?resize=1400%2C800&ssl=1 4x"},"classes":[]},{"id":642691,"url":"https:\/\/kohenavocats.com\/ar\/tribunal-judiciaire-de-paris-le-8-octobre-2025-n23-12154\/","url_meta":{"origin":650607,"position":2},"title":"Tribunal judiciaire de Paris, le 8 octobre 2025, n\u00b023\/12154","author":"Kohen","date":"22 \u0623\u0628\u0631\u064a\u0644\u060c 2026","format":false,"excerpt":"Le tribunal judiciaire de Paris, le huit octobre deux mille vingt-cinq, statue sur une action en recouvrement de charges de copropri\u00e9t\u00e9. Le syndicat demande ...","rel":"","context":"\u0641\u064a &quot;Jurisprudence&quot;","block_context":{"text":"Jurisprudence","link":"https:\/\/kohenavocats.com\/category\/jurisprudence\/"},"img":{"alt_text":"","src":"https:\/\/i0.wp.com\/kohenavocats.com\/wp-content\/uploads\/2024\/11\/haut-risque-JoyJpFZM-ZE-unsplash.webp?resize=350%2C200&ssl=1","width":350,"height":200,"srcset":"https:\/\/i0.wp.com\/kohenavocats.com\/wp-content\/uploads\/2024\/11\/haut-risque-JoyJpFZM-ZE-unsplash.webp?resize=350%2C200&ssl=1 1x, https:\/\/i0.wp.com\/kohenavocats.com\/wp-content\/uploads\/2024\/11\/haut-risque-JoyJpFZM-ZE-unsplash.webp?resize=525%2C300&ssl=1 1.5x, https:\/\/i0.wp.com\/kohenavocats.com\/wp-content\/uploads\/2024\/11\/haut-risque-JoyJpFZM-ZE-unsplash.webp?resize=700%2C400&ssl=1 2x, https:\/\/i0.wp.com\/kohenavocats.com\/wp-content\/uploads\/2024\/11\/haut-risque-JoyJpFZM-ZE-unsplash.webp?resize=1050%2C600&ssl=1 3x, https:\/\/i0.wp.com\/kohenavocats.com\/wp-content\/uploads\/2024\/11\/haut-risque-JoyJpFZM-ZE-unsplash.webp?resize=1400%2C800&ssl=1 4x"},"classes":[]},{"id":651711,"url":"https:\/\/kohenavocats.com\/ar\/tribunal-judiciaire-de-paris-le-2-octobre-2025-n24-01678\/","url_meta":{"origin":650607,"position":3},"title":"Tribunal judiciaire de Paris, le 2 octobre 2025, n\u00b024\/01678","author":"Kohen","date":"22 \u0623\u0628\u0631\u064a\u0644\u060c 2026","format":false,"excerpt":"Le Tribunal judiciaire de Paris, statuant \u00e0 juge unique le 2 octobre 2025, a examin\u00e9 une demande en paiement r\u00e9siduel suite \u00e0 une saisie immobili\u00e8re. Le d\u00e9fe...","rel":"","context":"\u0641\u064a &quot;Jurisprudence&quot;","block_context":{"text":"Jurisprudence","link":"https:\/\/kohenavocats.com\/category\/jurisprudence\/"},"img":{"alt_text":"","src":"https:\/\/i0.wp.com\/kohenavocats.com\/wp-content\/uploads\/2024\/11\/planet-volumes-HQLfJrtqmKg-unsplash.webp?resize=350%2C200&ssl=1","width":350,"height":200,"srcset":"https:\/\/i0.wp.com\/kohenavocats.com\/wp-content\/uploads\/2024\/11\/planet-volumes-HQLfJrtqmKg-unsplash.webp?resize=350%2C200&ssl=1 1x, https:\/\/i0.wp.com\/kohenavocats.com\/wp-content\/uploads\/2024\/11\/planet-volumes-HQLfJrtqmKg-unsplash.webp?resize=525%2C300&ssl=1 1.5x, https:\/\/i0.wp.com\/kohenavocats.com\/wp-content\/uploads\/2024\/11\/planet-volumes-HQLfJrtqmKg-unsplash.webp?resize=700%2C400&ssl=1 2x, https:\/\/i0.wp.com\/kohenavocats.com\/wp-content\/uploads\/2024\/11\/planet-volumes-HQLfJrtqmKg-unsplash.webp?resize=1050%2C600&ssl=1 3x, https:\/\/i0.wp.com\/kohenavocats.com\/wp-content\/uploads\/2024\/11\/planet-volumes-HQLfJrtqmKg-unsplash.webp?resize=1400%2C800&ssl=1 4x"},"classes":[]},{"id":651740,"url":"https:\/\/kohenavocats.com\/ar\/tribunal-judiciaire-de-nantes-le-31-juillet-2025-n25-00936\/","url_meta":{"origin":650607,"position":4},"title":"Tribunal judiciaire de Nantes, le 31 juillet 2025, n\u00b025\/00936","author":"Kohen","date":"22 \u0623\u0628\u0631\u064a\u0644\u060c 2026","format":false,"excerpt":"Le tribunal judiciaire, statuant en r\u00e9f\u00e9r\u00e9 le 31 juillet 2025, est saisi d'une demande d'extension de mission d'expertise. Les propri\u00e9taires d'une habitation...","rel":"","context":"\u0641\u064a &quot;Jurisprudence&quot;","block_context":{"text":"Jurisprudence","link":"https:\/\/kohenavocats.com\/category\/jurisprudence\/"},"img":{"alt_text":"","src":"https:\/\/i0.wp.com\/kohenavocats.com\/wp-content\/uploads\/2024\/11\/getty-images-RvXjV3spXFA-unsplash.webp?resize=350%2C200&ssl=1","width":350,"height":200,"srcset":"https:\/\/i0.wp.com\/kohenavocats.com\/wp-content\/uploads\/2024\/11\/getty-images-RvXjV3spXFA-unsplash.webp?resize=350%2C200&ssl=1 1x, https:\/\/i0.wp.com\/kohenavocats.com\/wp-content\/uploads\/2024\/11\/getty-images-RvXjV3spXFA-unsplash.webp?resize=525%2C300&ssl=1 1.5x, https:\/\/i0.wp.com\/kohenavocats.com\/wp-content\/uploads\/2024\/11\/getty-images-RvXjV3spXFA-unsplash.webp?resize=700%2C400&ssl=1 2x, https:\/\/i0.wp.com\/kohenavocats.com\/wp-content\/uploads\/2024\/11\/getty-images-RvXjV3spXFA-unsplash.webp?resize=1050%2C600&ssl=1 3x, https:\/\/i0.wp.com\/kohenavocats.com\/wp-content\/uploads\/2024\/11\/getty-images-RvXjV3spXFA-unsplash.webp?resize=1400%2C800&ssl=1 4x"},"classes":[]},{"id":650536,"url":"https:\/\/kohenavocats.com\/ar\/tribunal-judiciaire-de-paris-le-2-octobre-2025-n25-00040\/","url_meta":{"origin":650607,"position":5},"title":"Tribunal judiciaire de Paris, le 2 octobre 2025, n\u00b025\/00040","author":"Kohen","date":"22 \u0623\u0628\u0631\u064a\u0644\u060c 2026","format":false,"excerpt":"Le tribunal judiciaire de Paris, dans un jugement du 2 octobre 2025, statue sur une opposition \u00e0 une ordonnance d'injonction de payer. Un entrepreneur r\u00e9clam...","rel":"","context":"\u0641\u064a &quot;Jurisprudence&quot;","block_context":{"text":"Jurisprudence","link":"https:\/\/kohenavocats.com\/category\/jurisprudence\/"},"img":{"alt_text":"","src":"https:\/\/i0.wp.com\/kohenavocats.com\/wp-content\/uploads\/2024\/08\/peter-ivey-hansen-K3qrgjT7N2M-unsplash.webp?resize=350%2C200&ssl=1","width":350,"height":200,"srcset":"https:\/\/i0.wp.com\/kohenavocats.com\/wp-content\/uploads\/2024\/08\/peter-ivey-hansen-K3qrgjT7N2M-unsplash.webp?resize=350%2C200&ssl=1 1x, https:\/\/i0.wp.com\/kohenavocats.com\/wp-content\/uploads\/2024\/08\/peter-ivey-hansen-K3qrgjT7N2M-unsplash.webp?resize=525%2C300&ssl=1 1.5x, https:\/\/i0.wp.com\/kohenavocats.com\/wp-content\/uploads\/2024\/08\/peter-ivey-hansen-K3qrgjT7N2M-unsplash.webp?resize=700%2C400&ssl=1 2x, https:\/\/i0.wp.com\/kohenavocats.com\/wp-content\/uploads\/2024\/08\/peter-ivey-hansen-K3qrgjT7N2M-unsplash.webp?resize=1050%2C600&ssl=1 3x, https:\/\/i0.wp.com\/kohenavocats.com\/wp-content\/uploads\/2024\/08\/peter-ivey-hansen-K3qrgjT7N2M-unsplash.webp?resize=1400%2C800&ssl=1 4x"},"classes":[]}],"jetpack_sharing_enabled":true,"_links":{"self":[{"href":"https:\/\/kohenavocats.com\/ar\/wp-json\/wp\/v2\/posts\/650607","targetHints":{"allow":["GET"]}}],"collection":[{"href":"https:\/\/kohenavocats.com\/ar\/wp-json\/wp\/v2\/posts"}],"about":[{"href":"https:\/\/kohenavocats.com\/ar\/wp-json\/wp\/v2\/types\/post"}],"author":[{"embeddable":true,"href":"https:\/\/kohenavocats.com\/ar\/wp-json\/wp\/v2\/users\/232070755"}],"replies":[{"embeddable":true,"href":"https:\/\/kohenavocats.com\/ar\/wp-json\/wp\/v2\/comments?post=650607"}],"version-history":[{"count":0,"href":"https:\/\/kohenavocats.com\/ar\/wp-json\/wp\/v2\/posts\/650607\/revisions"}],"wp:featuredmedia":[{"embeddable":true,"href":"https:\/\/kohenavocats.com\/ar\/wp-json\/wp\/v2\/media\/4768"}],"wp:attachment":[{"href":"https:\/\/kohenavocats.com\/ar\/wp-json\/wp\/v2\/media?parent=650607"}],"wp:term":[{"taxonomy":"category","embeddable":true,"href":"https:\/\/kohenavocats.com\/ar\/wp-json\/wp\/v2\/categories?post=650607"},{"taxonomy":"post_tag","embeddable":true,"href":"https:\/\/kohenavocats.com\/ar\/wp-json\/wp\/v2\/tags?post=650607"}],"curies":[{"name":"wp","href":"https:\/\/api.w.org\/{rel}","templated":true}]}}