{"id":653182,"date":"2026-04-23T00:19:25","date_gmt":"2026-04-22T22:19:25","guid":{"rendered":"https:\/\/kohenavocats.com\/tribunal-judiciaire-de-paris-le-30-janvier-2025-n25-00589\/"},"modified":"2026-04-23T00:19:25","modified_gmt":"2026-04-22T22:19:25","slug":"tribunal-judiciaire-de-paris-le-30-janvier-2025-n25-00589","status":"publish","type":"post","link":"https:\/\/kohenavocats.com\/ar\/tribunal-judiciaire-de-paris-le-30-janvier-2025-n25-00589\/","title":{"rendered":"Tribunal judiciaire de Paris, le 30 janvier 2025, n\u00b025\/00589"},"content":{"rendered":"<div class=\"article-content\">\n<p>Le tribunal judiciaire de Paris, statuant par d\u00e9faut le 30 janvier 2025, se prononce sur les suites d&#8217;une ex\u00e9cution imparfaite de travaux. Le demandeur, ayant constat\u00e9 des malfa\u00e7ons sur une pose de porte, sollicite r\u00e9paration. La soci\u00e9t\u00e9 d\u00e9faillante ne compara\u00eet pas. Le juge, apr\u00e8s expertise, accueille la demande d&#8217;indemnisation pour le co\u00fbt de la reprise des travaux mais rejette la demande de pr\u00e9judice moral. Il condamne \u00e9galement la soci\u00e9t\u00e9 aux d\u00e9pens et \u00e0 une somme au titre de l&#8217;article 700 du code de proc\u00e9dure civile.<\/p>\n<p>La sanction de l&#8217;inex\u00e9cution imparfaite<\/p>\n<p>L&#8217;\u00e9valuation du pr\u00e9judice r\u00e9parable<br \/>\nLe juge retient la responsabilit\u00e9 contractuelle de l&#8217;entreprise en raison de malfa\u00e7ons \u00e9tablies par expertise. L&#8217;expert a constat\u00e9 &#8220;l&#8217;absence de retour sur la tranche de l&#8217;habillage du dormant en bois, des coupes des raccords entre les faces de profil\u00e9s en angle au lieu d&#8217;\u00eatre en onglet, la mauvaise fixation du rail et de son capot, et un habillage peu soign\u00e9 du capot.&#8221; (Motifs) Ces d\u00e9fauts, non contest\u00e9s, constituent une ex\u00e9cution imparfaite ouvrant droit \u00e0 r\u00e9paration. Le demandeur peut d\u00e8s lors l\u00e9gitimement refuser une nouvelle intervention du d\u00e9biteur d\u00e9faillant. Il est fond\u00e9 \u00e0 &#8220;faire ex\u00e9cuter lui-m\u00eame l&#8217;obligation de la d\u00e9fenderesse&#8221; (Motifs) et \u00e0 en r\u00e9clamer le co\u00fbt. La juridiction \u00e9carte l&#8217;estimation initiale de l&#8217;expert au profit d&#8217;un devis global de reprise. Elle estime que les d\u00e9sordres n\u00e9cessitent une remise en \u00e9tat compl\u00e8te et non de simples r\u00e9parations ponctuelles. La solution consacre une approche concr\u00e8te de la r\u00e9paration, alignant l&#8217;indemnisation sur le co\u00fbt r\u00e9el de la remise en conformit\u00e9. Cette \u00e9valuation in concreto du pr\u00e9judice assure une restitution int\u00e9grale de la situation qui aurait exist\u00e9 sans le manquement contractuel.<\/p>\n<p>Le refus de r\u00e9parer le pr\u00e9judice moral<br \/>\nLe demandeur sollicitait \u00e9galement une indemnisation pour un pr\u00e9judice moral li\u00e9 aux d\u00e9sordres esth\u00e9tiques. Le juge rejette cette demande au motif que le requ\u00e9rant ne &#8220;caract\u00e9rise ni ne prouve le pr\u00e9judice moral&#8221; (Motifs) all\u00e9gu\u00e9. Cette exigence de preuve rappelle le principe g\u00e9n\u00e9ral de la charge de l&#8217;all\u00e9gation. Le pr\u00e9judice moral, bien que r\u00e9parable en droit de la responsabilit\u00e9 contractuelle, ne se pr\u00e9sume pas. Il doit \u00eatre \u00e9tabli de mani\u00e8re certaine par celui qui l&#8217;invoque. En l&#8217;absence d&#8217;\u00e9l\u00e9ments d\u00e9montrant une souffrance particuli\u00e8re au-del\u00e0 de la simple g\u00eane, le juge refuse de l&#8217;indemniser. Cette d\u00e9cision limite la port\u00e9e de la r\u00e9paration aux seuls pr\u00e9judices patrimoniaux directs et prouv\u00e9s. Elle \u00e9vite ainsi une indemnisation excessive pour des troubles consid\u00e9r\u00e9s comme mineurs. La solution maintient une distinction nette entre le dommage mat\u00e9riel, objectivement constat\u00e9 par expertise, et le dommage moral, qui requiert une d\u00e9monstration sp\u00e9cifique.<\/p>\n<p>Les cons\u00e9quences proc\u00e9durales du d\u00e9faut<\/p>\n<p>Les effets de la non-comparution<br \/>\nLa soci\u00e9t\u00e9 d\u00e9faillante n&#8217;ayant pas comparu, le juge statue par d\u00e9faut en application de l&#8217;article 472 du code de proc\u00e9dure civile. Ce texte pr\u00e9voit que le juge ne fait droit \u00e0 la demande &#8220;que dans la mesure o\u00f9 il l&#8217;estime r\u00e9guli\u00e8re, recevable et bien fond\u00e9e.&#8221; (Motifs) La non-comparution n&#8217;\u00e9quivaut pas \u00e0 une acceptation des pr\u00e9tentions adverses. Le juge proc\u00e8de \u00e0 un examen approfondi du bien-fond\u00e9 de la demande sur pi\u00e8ces. Il v\u00e9rifie scrupuleusement les preuves apport\u00e9es, notamment le rapport d&#8217;expertise contradictoire. La d\u00e9cision d\u00e9montre que l&#8217;absence d&#8217;une partie ne dispense pas le demandeur de prouver son droit. Elle renforce l&#8217;id\u00e9e que le jugement par d\u00e9faut reste une d\u00e9cision sur le fond m\u00e9rit\u00e9e. Cette rigueur proc\u00e9durale garantit les droits de la partie absente tout en permettant la bonne administration de la justice. Elle pr\u00e9vient toute condamnation automatique et injustifi\u00e9e r\u00e9sultant d&#8217;un simple d\u00e9sint\u00e9r\u00eat pour la proc\u00e9dure.<\/p>\n<p>L&#8217;allocation de frais non compris dans les d\u00e9pens<br \/>\nOutre la condamnation au principal et aux d\u00e9pens, le juge accorde une somme au titre de l&#8217;article 700 du code de proc\u00e9dure civile. Il rel\u00e8ve que le demandeur &#8220;a engag\u00e9 des frais qui ne sont pas compris dans les d\u00e9pens notamment pour l\u2019assistance par un avocat.&#8221; (Motifs) Le juge estime qu'&#8221;il ne serait pas \u00e9quitable de laisser \u00e0 sa charge&#8221; (Motifs) ces frais expos\u00e9s pour faire valoir son droit. Cette condamnation, facultative, repose sur une appr\u00e9ciation d&#8217;\u00e9quit\u00e9 et la situation \u00e9conomique des parties. Elle compense partiellement les frais r\u00e9els de proc\u00e9dure support\u00e9s par la partie victorieuse. Cette attribution vise \u00e0 r\u00e9\u00e9quilibrer les charges financi\u00e8res induites par le proc\u00e8s. Elle sanctionne indirectement la partie perdante pour avoir contraint l&#8217;autre \u00e0 saisir la justice. La d\u00e9cision illustre l&#8217;usage de ce dispositif pour assurer une justice plus effective, sans pour autant couvrir l&#8217;int\u00e9gralit\u00e9 des frais d&#8217;avocat.<\/p>\n<\/div>\n","protected":false},"excerpt":{"rendered":"<p>Le tribunal judiciaire de Paris, statuant par d\u00e9faut le 30 janvier 2025, se prononce sur les suites d&#8217;une ex\u00e9cution imparfaite de travaux. Le demandeur, ayan&#8230;<\/p>\n","protected":false},"author":232070755,"featured_media":9433,"comment_status":"open","ping_status":"open","sticky":false,"template":"","format":"standard","meta":{"_crdt_document":"","_jetpack_newsletter_access":"","_jetpack_dont_email_post_to_subs":false,"_jetpack_newsletter_tier_id":0,"_jetpack_memberships_contains_paywalled_content":false,"_kj_source_type":"","_kj_official_id":"","_kj_official_url":"","_kj_judilibre_id":"","_kj_jur":"","_kj_lieu":"","_kj_chambre":"","_kj_rg":"","_kj_date":"","_jetpack_memberships_contains_paid_content":false,"footnotes":"","jetpack_post_was_ever_published":false},"categories":[7597],"tags":[],"class_list":["post-653182","post","type-post","status-publish","format-standard","has-post-thumbnail","hentry","category-jurisprudence"],"yoast_head":"<!-- This site is optimized with the Yoast SEO Premium plugin v27.4 (Yoast SEO v27.4) - https:\/\/yoast.com\/product\/yoast-seo-premium-wordpress\/ -->\n<title>Tribunal judiciaire de Paris, le 30 janvier 2025, n\u00b025\/00589 - Ma\u00eetre Hassan Kohen, avocat en droit p\u00e9nal \u00e0 Paris<\/title>\n<meta name=\"description\" content=\"Le tribunal judiciaire de Paris, statuant par d\u00e9faut le 30 janvier 2025, se prononce sur les suites d&#039;une ex\u00e9cution imparfaite de travaux. Le demandeur, ayan...\" \/>\n<meta name=\"robots\" content=\"index, follow, max-snippet:-1, max-image-preview:large, max-video-preview:-1\" \/>\n<link rel=\"canonical\" href=\"https:\/\/kohenavocats.com\/ar\/tribunal-judiciaire-de-paris-le-30-janvier-2025-n25-00589\/\" \/>\n<meta property=\"og:locale\" content=\"ar_AR\" \/>\n<meta property=\"og:type\" content=\"article\" \/>\n<meta property=\"og:title\" content=\"Tribunal judiciaire de Paris, le 30 janvier 2025, n\u00b025\/00589\" \/>\n<meta property=\"og:description\" content=\"Le tribunal judiciaire de Paris, statuant par d\u00e9faut le 30 janvier 2025, se prononce sur les suites d&#039;une ex\u00e9cution imparfaite de travaux. Le demandeur, ayan...\" \/>\n<meta property=\"og:url\" content=\"https:\/\/kohenavocats.com\/ar\/tribunal-judiciaire-de-paris-le-30-janvier-2025-n25-00589\/\" \/>\n<meta property=\"og:site_name\" content=\"Ma\u00eetre Hassan Kohen, avocat en droit p\u00e9nal \u00e0 Paris\" \/>\n<meta property=\"article:published_time\" content=\"2026-04-22T22:19:25+00:00\" \/>\n<meta property=\"og:image\" content=\"https:\/\/kohenavocats.com\/wp-content\/uploads\/2024\/11\/philip-oroni-7cSSg-1365U-unsplash.webp\" \/>\n\t<meta property=\"og:image:width\" content=\"3840\" \/>\n\t<meta property=\"og:image:height\" content=\"2160\" \/>\n\t<meta property=\"og:image:type\" content=\"image\/webp\" \/>\n<meta name=\"author\" content=\"Kohen\" \/>\n<meta name=\"twitter:card\" content=\"summary_large_image\" \/>\n<meta name=\"twitter:label1\" content=\"\u0643\u064f\u062a\u0628 \u0628\u0648\u0627\u0633\u0637\u0629\" \/>\n\t<meta name=\"twitter:data1\" content=\"Kohen\" \/>\n\t<meta name=\"twitter:label2\" content=\"\u0648\u0642\u062a \u0627\u0644\u0642\u0631\u0627\u0621\u0629 \u0627\u0644\u0645\u064f\u0642\u062f\u0651\u0631\" \/>\n\t<meta name=\"twitter:data2\" content=\"4 \u062f\u0642\u0627\u0626\u0642\" \/>\n<script type=\"application\/ld+json\" class=\"yoast-schema-graph\">{\"@context\":\"https:\\\/\\\/schema.org\",\"@graph\":[{\"@type\":\"Article\",\"@id\":\"https:\\\/\\\/kohenavocats.com\\\/ar\\\/tribunal-judiciaire-de-paris-le-30-janvier-2025-n25-00589\\\/#article\",\"isPartOf\":{\"@id\":\"https:\\\/\\\/kohenavocats.com\\\/ar\\\/tribunal-judiciaire-de-paris-le-30-janvier-2025-n25-00589\\\/\"},\"author\":{\"name\":\"Kohen\",\"@id\":\"https:\\\/\\\/kohenavocats.com\\\/ar\\\/#\\\/schema\\\/person\\\/761c9ba54fa1ca84d405cef0831ff751\"},\"headline\":\"Tribunal judiciaire de Paris, le 30 janvier 2025, n\u00b025\\\/00589\",\"datePublished\":\"2026-04-22T22:19:25+00:00\",\"mainEntityOfPage\":{\"@id\":\"https:\\\/\\\/kohenavocats.com\\\/ar\\\/tribunal-judiciaire-de-paris-le-30-janvier-2025-n25-00589\\\/\"},\"wordCount\":872,\"commentCount\":0,\"publisher\":{\"@id\":\"https:\\\/\\\/kohenavocats.com\\\/ar\\\/#organization\"},\"image\":{\"@id\":\"https:\\\/\\\/kohenavocats.com\\\/ar\\\/tribunal-judiciaire-de-paris-le-30-janvier-2025-n25-00589\\\/#primaryimage\"},\"thumbnailUrl\":\"https:\\\/\\\/kohenavocats.com\\\/wp-content\\\/uploads\\\/2024\\\/11\\\/philip-oroni-7cSSg-1365U-unsplash.webp\",\"articleSection\":[\"Jurisprudence\"],\"inLanguage\":\"ar\",\"potentialAction\":[{\"@type\":\"CommentAction\",\"name\":\"Comment\",\"target\":[\"https:\\\/\\\/kohenavocats.com\\\/ar\\\/tribunal-judiciaire-de-paris-le-30-janvier-2025-n25-00589\\\/#respond\"]}],\"citation\":\"Tribunal judiciaire de Paris, le 30 janvier 2025, n\u00b025\\\/00589\",\"about\":[{\"@type\":\"Thing\",\"name\":\"Jurisprudence\"}],\"dateModified\":\"2026-04-22T22:19:25+00:00\",\"speakable\":{\"@type\":\"SpeakableSpecification\",\"cssSelector\":[\".article-content > p:first-of-type\"]}},{\"@type\":\"WebPage\",\"@id\":\"https:\\\/\\\/kohenavocats.com\\\/ar\\\/tribunal-judiciaire-de-paris-le-30-janvier-2025-n25-00589\\\/\",\"url\":\"https:\\\/\\\/kohenavocats.com\\\/ar\\\/tribunal-judiciaire-de-paris-le-30-janvier-2025-n25-00589\\\/\",\"name\":\"Tribunal judiciaire de Paris, le 30 janvier 2025, n\u00b025\\\/00589 - Ma\u00eetre Hassan Kohen, avocat en droit p\u00e9nal \u00e0 Paris\",\"isPartOf\":{\"@id\":\"https:\\\/\\\/kohenavocats.com\\\/ar\\\/#website\"},\"primaryImageOfPage\":{\"@id\":\"https:\\\/\\\/kohenavocats.com\\\/ar\\\/tribunal-judiciaire-de-paris-le-30-janvier-2025-n25-00589\\\/#primaryimage\"},\"image\":{\"@id\":\"https:\\\/\\\/kohenavocats.com\\\/ar\\\/tribunal-judiciaire-de-paris-le-30-janvier-2025-n25-00589\\\/#primaryimage\"},\"thumbnailUrl\":\"https:\\\/\\\/kohenavocats.com\\\/wp-content\\\/uploads\\\/2024\\\/11\\\/philip-oroni-7cSSg-1365U-unsplash.webp\",\"datePublished\":\"2026-04-22T22:19:25+00:00\",\"description\":\"Le tribunal judiciaire de Paris, statuant par d\u00e9faut le 30 janvier 2025, se prononce sur les suites d'une ex\u00e9cution imparfaite de travaux. Le demandeur, ayan...\",\"breadcrumb\":{\"@id\":\"https:\\\/\\\/kohenavocats.com\\\/ar\\\/tribunal-judiciaire-de-paris-le-30-janvier-2025-n25-00589\\\/#breadcrumb\"},\"inLanguage\":\"ar\",\"potentialAction\":[{\"@type\":\"ReadAction\",\"target\":[\"https:\\\/\\\/kohenavocats.com\\\/ar\\\/tribunal-judiciaire-de-paris-le-30-janvier-2025-n25-00589\\\/\"]}]},{\"@type\":\"ImageObject\",\"inLanguage\":\"ar\",\"@id\":\"https:\\\/\\\/kohenavocats.com\\\/ar\\\/tribunal-judiciaire-de-paris-le-30-janvier-2025-n25-00589\\\/#primaryimage\",\"url\":\"https:\\\/\\\/kohenavocats.com\\\/wp-content\\\/uploads\\\/2024\\\/11\\\/philip-oroni-7cSSg-1365U-unsplash.webp\",\"contentUrl\":\"https:\\\/\\\/kohenavocats.com\\\/wp-content\\\/uploads\\\/2024\\\/11\\\/philip-oroni-7cSSg-1365U-unsplash.webp\",\"width\":3840,\"height\":2160},{\"@type\":\"BreadcrumbList\",\"@id\":\"https:\\\/\\\/kohenavocats.com\\\/ar\\\/tribunal-judiciaire-de-paris-le-30-janvier-2025-n25-00589\\\/#breadcrumb\",\"itemListElement\":[{\"@type\":\"ListItem\",\"position\":1,\"name\":\"Home\",\"item\":\"https:\\\/\\\/kohenavocats.com\\\/ar\\\/%d9%85%d8%ad%d8%a7%d9%85%d9%88%d9%86-%d9%85%d8%aa%d8%ae%d8%b5%d8%b5%d9%88%d9%86-%d9%81%d9%8a-%d8%a7%d9%84%d9%82%d8%a7%d9%86%d9%88%d9%86-%d8%a7%d9%84%d8%ac%d9%86%d8%a7%d8%a6%d9%8a-%d8%a8%d8%a8%d8%a7\\\/\"},{\"@type\":\"ListItem\",\"position\":2,\"name\":\"Tribunal judiciaire de Paris, le 30 janvier 2025, n\u00b025\\\/00589\"}]},{\"@type\":\"WebSite\",\"@id\":\"https:\\\/\\\/kohenavocats.com\\\/ar\\\/#website\",\"url\":\"https:\\\/\\\/kohenavocats.com\\\/ar\\\/\",\"name\":\"Kohen Avocats\",\"description\":\"Ma\u00eetre Hassan Kohen, avocat p\u00e9naliste \u00e0 Paris, intervient exclusivement en droit p\u00e9nal pour la d\u00e9fense des particuliers, notamment en mati\u00e8re d\u2019accusations de viol. Il assure un accompagnement rigoureux d\u00e8s la garde \u00e0 vue jusqu\u2019\u00e0 la Cour d\u2019assises, veillant au strict respect des garanties proc\u00e9durales.\",\"publisher\":{\"@id\":\"https:\\\/\\\/kohenavocats.com\\\/ar\\\/#organization\"},\"potentialAction\":[{\"@type\":\"SearchAction\",\"target\":{\"@type\":\"EntryPoint\",\"urlTemplate\":\"https:\\\/\\\/kohenavocats.com\\\/ar\\\/?s={search_term_string}\"},\"query-input\":{\"@type\":\"PropertyValueSpecification\",\"valueRequired\":true,\"valueName\":\"search_term_string\"}}],\"inLanguage\":\"ar\"},{\"@type\":\"Organization\",\"@id\":\"https:\\\/\\\/kohenavocats.com\\\/ar\\\/#organization\",\"name\":\"Kohen Avocats\",\"url\":\"https:\\\/\\\/kohenavocats.com\\\/ar\\\/\",\"logo\":{\"@type\":\"ImageObject\",\"inLanguage\":\"ar\",\"@id\":\"https:\\\/\\\/kohenavocats.com\\\/ar\\\/#\\\/schema\\\/logo\\\/image\\\/\",\"url\":\"https:\\\/\\\/kohenavocats.com\\\/wp-content\\\/uploads\\\/2026\\\/01\\\/Logo-2-1.webp\",\"contentUrl\":\"https:\\\/\\\/kohenavocats.com\\\/wp-content\\\/uploads\\\/2026\\\/01\\\/Logo-2-1.webp\",\"width\":2114,\"height\":1253,\"caption\":\"Kohen Avocats\"},\"image\":{\"@id\":\"https:\\\/\\\/kohenavocats.com\\\/ar\\\/#\\\/schema\\\/logo\\\/image\\\/\"}},{\"@type\":\"Person\",\"@id\":\"https:\\\/\\\/kohenavocats.com\\\/ar\\\/#\\\/schema\\\/person\\\/761c9ba54fa1ca84d405cef0831ff751\",\"name\":\"Kohen\",\"image\":{\"@type\":\"ImageObject\",\"inLanguage\":\"ar\",\"@id\":\"https:\\\/\\\/secure.gravatar.com\\\/avatar\\\/1c5e76ef76bbbfdd2b4da984e2bf2fa4056fd51a27d25ce2c332047f1dfd6e00?s=96&d=identicon&r=g\",\"url\":\"https:\\\/\\\/secure.gravatar.com\\\/avatar\\\/1c5e76ef76bbbfdd2b4da984e2bf2fa4056fd51a27d25ce2c332047f1dfd6e00?s=96&d=identicon&r=g\",\"contentUrl\":\"https:\\\/\\\/secure.gravatar.com\\\/avatar\\\/1c5e76ef76bbbfdd2b4da984e2bf2fa4056fd51a27d25ce2c332047f1dfd6e00?s=96&d=identicon&r=g\",\"caption\":\"Kohen\"},\"sameAs\":[\"https:\\\/\\\/www.linkedin.com\\\/in\\\/hassan-kohen-448548192\\\/\",\"https:\\\/\\\/www.youtube.com\\\/@Kohen-Avocats\"],\"url\":\"https:\\\/\\\/kohenavocats.com\\\/ar\\\/author\\\/kohenmlk\\\/\"}]}<\/script>\n<!-- \/ Yoast SEO Premium plugin. -->","yoast_head_json":{"title":"Tribunal judiciaire de Paris, le 30 janvier 2025, n\u00b025\/00589 - Ma\u00eetre Hassan Kohen, avocat en droit p\u00e9nal \u00e0 Paris","description":"Le tribunal judiciaire de Paris, statuant par d\u00e9faut le 30 janvier 2025, se prononce sur les suites d'une ex\u00e9cution imparfaite de travaux. Le demandeur, ayan...","robots":{"index":"index","follow":"follow","max-snippet":"max-snippet:-1","max-image-preview":"max-image-preview:large","max-video-preview":"max-video-preview:-1"},"canonical":"https:\/\/kohenavocats.com\/ar\/tribunal-judiciaire-de-paris-le-30-janvier-2025-n25-00589\/","og_locale":"ar_AR","og_type":"article","og_title":"Tribunal judiciaire de Paris, le 30 janvier 2025, n\u00b025\/00589","og_description":"Le tribunal judiciaire de Paris, statuant par d\u00e9faut le 30 janvier 2025, se prononce sur les suites d'une ex\u00e9cution imparfaite de travaux. Le demandeur, ayan...","og_url":"https:\/\/kohenavocats.com\/ar\/tribunal-judiciaire-de-paris-le-30-janvier-2025-n25-00589\/","og_site_name":"Ma\u00eetre Hassan Kohen, avocat en droit p\u00e9nal \u00e0 Paris","article_published_time":"2026-04-22T22:19:25+00:00","og_image":[{"width":3840,"height":2160,"url":"https:\/\/kohenavocats.com\/wp-content\/uploads\/2024\/11\/philip-oroni-7cSSg-1365U-unsplash.webp","type":"image\/webp"}],"author":"Kohen","twitter_card":"summary_large_image","twitter_misc":{"\u0643\u064f\u062a\u0628 \u0628\u0648\u0627\u0633\u0637\u0629":"Kohen","\u0648\u0642\u062a \u0627\u0644\u0642\u0631\u0627\u0621\u0629 \u0627\u0644\u0645\u064f\u0642\u062f\u0651\u0631":"4 \u062f\u0642\u0627\u0626\u0642"},"schema":{"@context":"https:\/\/schema.org","@graph":[{"@type":"Article","@id":"https:\/\/kohenavocats.com\/ar\/tribunal-judiciaire-de-paris-le-30-janvier-2025-n25-00589\/#article","isPartOf":{"@id":"https:\/\/kohenavocats.com\/ar\/tribunal-judiciaire-de-paris-le-30-janvier-2025-n25-00589\/"},"author":{"name":"Kohen","@id":"https:\/\/kohenavocats.com\/ar\/#\/schema\/person\/761c9ba54fa1ca84d405cef0831ff751"},"headline":"Tribunal judiciaire de Paris, le 30 janvier 2025, n\u00b025\/00589","datePublished":"2026-04-22T22:19:25+00:00","mainEntityOfPage":{"@id":"https:\/\/kohenavocats.com\/ar\/tribunal-judiciaire-de-paris-le-30-janvier-2025-n25-00589\/"},"wordCount":872,"commentCount":0,"publisher":{"@id":"https:\/\/kohenavocats.com\/ar\/#organization"},"image":{"@id":"https:\/\/kohenavocats.com\/ar\/tribunal-judiciaire-de-paris-le-30-janvier-2025-n25-00589\/#primaryimage"},"thumbnailUrl":"https:\/\/kohenavocats.com\/wp-content\/uploads\/2024\/11\/philip-oroni-7cSSg-1365U-unsplash.webp","articleSection":["Jurisprudence"],"inLanguage":"ar","potentialAction":[{"@type":"CommentAction","name":"Comment","target":["https:\/\/kohenavocats.com\/ar\/tribunal-judiciaire-de-paris-le-30-janvier-2025-n25-00589\/#respond"]}],"citation":"Tribunal judiciaire de Paris, le 30 janvier 2025, n\u00b025\/00589","about":[{"@type":"Thing","name":"Jurisprudence"}],"dateModified":"2026-04-22T22:19:25+00:00","speakable":{"@type":"SpeakableSpecification","cssSelector":[".article-content > p:first-of-type"]}},{"@type":"WebPage","@id":"https:\/\/kohenavocats.com\/ar\/tribunal-judiciaire-de-paris-le-30-janvier-2025-n25-00589\/","url":"https:\/\/kohenavocats.com\/ar\/tribunal-judiciaire-de-paris-le-30-janvier-2025-n25-00589\/","name":"Tribunal judiciaire de Paris, le 30 janvier 2025, n\u00b025\/00589 - Ma\u00eetre Hassan Kohen, avocat en droit p\u00e9nal \u00e0 Paris","isPartOf":{"@id":"https:\/\/kohenavocats.com\/ar\/#website"},"primaryImageOfPage":{"@id":"https:\/\/kohenavocats.com\/ar\/tribunal-judiciaire-de-paris-le-30-janvier-2025-n25-00589\/#primaryimage"},"image":{"@id":"https:\/\/kohenavocats.com\/ar\/tribunal-judiciaire-de-paris-le-30-janvier-2025-n25-00589\/#primaryimage"},"thumbnailUrl":"https:\/\/kohenavocats.com\/wp-content\/uploads\/2024\/11\/philip-oroni-7cSSg-1365U-unsplash.webp","datePublished":"2026-04-22T22:19:25+00:00","description":"Le tribunal judiciaire de Paris, statuant par d\u00e9faut le 30 janvier 2025, se prononce sur les suites d'une ex\u00e9cution imparfaite de travaux. Le demandeur, ayan...","breadcrumb":{"@id":"https:\/\/kohenavocats.com\/ar\/tribunal-judiciaire-de-paris-le-30-janvier-2025-n25-00589\/#breadcrumb"},"inLanguage":"ar","potentialAction":[{"@type":"ReadAction","target":["https:\/\/kohenavocats.com\/ar\/tribunal-judiciaire-de-paris-le-30-janvier-2025-n25-00589\/"]}]},{"@type":"ImageObject","inLanguage":"ar","@id":"https:\/\/kohenavocats.com\/ar\/tribunal-judiciaire-de-paris-le-30-janvier-2025-n25-00589\/#primaryimage","url":"https:\/\/kohenavocats.com\/wp-content\/uploads\/2024\/11\/philip-oroni-7cSSg-1365U-unsplash.webp","contentUrl":"https:\/\/kohenavocats.com\/wp-content\/uploads\/2024\/11\/philip-oroni-7cSSg-1365U-unsplash.webp","width":3840,"height":2160},{"@type":"BreadcrumbList","@id":"https:\/\/kohenavocats.com\/ar\/tribunal-judiciaire-de-paris-le-30-janvier-2025-n25-00589\/#breadcrumb","itemListElement":[{"@type":"ListItem","position":1,"name":"Home","item":"https:\/\/kohenavocats.com\/ar\/%d9%85%d8%ad%d8%a7%d9%85%d9%88%d9%86-%d9%85%d8%aa%d8%ae%d8%b5%d8%b5%d9%88%d9%86-%d9%81%d9%8a-%d8%a7%d9%84%d9%82%d8%a7%d9%86%d9%88%d9%86-%d8%a7%d9%84%d8%ac%d9%86%d8%a7%d8%a6%d9%8a-%d8%a8%d8%a8%d8%a7\/"},{"@type":"ListItem","position":2,"name":"Tribunal judiciaire de Paris, le 30 janvier 2025, n\u00b025\/00589"}]},{"@type":"WebSite","@id":"https:\/\/kohenavocats.com\/ar\/#website","url":"https:\/\/kohenavocats.com\/ar\/","name":"Kohen Avocats","description":"Ma\u00eetre Hassan Kohen, avocat p\u00e9naliste \u00e0 Paris, intervient exclusivement en droit p\u00e9nal pour la d\u00e9fense des particuliers, notamment en mati\u00e8re d\u2019accusations de viol. Il assure un accompagnement rigoureux d\u00e8s la garde \u00e0 vue jusqu\u2019\u00e0 la Cour d\u2019assises, veillant au strict respect des garanties proc\u00e9durales.","publisher":{"@id":"https:\/\/kohenavocats.com\/ar\/#organization"},"potentialAction":[{"@type":"SearchAction","target":{"@type":"EntryPoint","urlTemplate":"https:\/\/kohenavocats.com\/ar\/?s={search_term_string}"},"query-input":{"@type":"PropertyValueSpecification","valueRequired":true,"valueName":"search_term_string"}}],"inLanguage":"ar"},{"@type":"Organization","@id":"https:\/\/kohenavocats.com\/ar\/#organization","name":"Kohen Avocats","url":"https:\/\/kohenavocats.com\/ar\/","logo":{"@type":"ImageObject","inLanguage":"ar","@id":"https:\/\/kohenavocats.com\/ar\/#\/schema\/logo\/image\/","url":"https:\/\/kohenavocats.com\/wp-content\/uploads\/2026\/01\/Logo-2-1.webp","contentUrl":"https:\/\/kohenavocats.com\/wp-content\/uploads\/2026\/01\/Logo-2-1.webp","width":2114,"height":1253,"caption":"Kohen Avocats"},"image":{"@id":"https:\/\/kohenavocats.com\/ar\/#\/schema\/logo\/image\/"}},{"@type":"Person","@id":"https:\/\/kohenavocats.com\/ar\/#\/schema\/person\/761c9ba54fa1ca84d405cef0831ff751","name":"Kohen","image":{"@type":"ImageObject","inLanguage":"ar","@id":"https:\/\/secure.gravatar.com\/avatar\/1c5e76ef76bbbfdd2b4da984e2bf2fa4056fd51a27d25ce2c332047f1dfd6e00?s=96&d=identicon&r=g","url":"https:\/\/secure.gravatar.com\/avatar\/1c5e76ef76bbbfdd2b4da984e2bf2fa4056fd51a27d25ce2c332047f1dfd6e00?s=96&d=identicon&r=g","contentUrl":"https:\/\/secure.gravatar.com\/avatar\/1c5e76ef76bbbfdd2b4da984e2bf2fa4056fd51a27d25ce2c332047f1dfd6e00?s=96&d=identicon&r=g","caption":"Kohen"},"sameAs":["https:\/\/www.linkedin.com\/in\/hassan-kohen-448548192\/","https:\/\/www.youtube.com\/@Kohen-Avocats"],"url":"https:\/\/kohenavocats.com\/ar\/author\/kohenmlk\/"}]}},"jetpack_featured_media_url":"https:\/\/kohenavocats.com\/wp-content\/uploads\/2024\/11\/philip-oroni-7cSSg-1365U-unsplash.webp","jetpack_likes_enabled":false,"jetpack_shortlink":"https:\/\/wp.me\/peCrII-2JVc","jetpack-related-posts":[{"id":420306,"url":"https:\/\/kohenavocats.com\/ar\/tribunal-de-commerce-de-nimes-le-30-janvier-2025-n2024j00372\/","url_meta":{"origin":653182,"position":0},"title":"Tribunal de commerce de N\u00eemes, le 30 janvier 2025, n\u00b02024J00372","author":"Kohen","date":"22 \u0645\u0627\u0631\u0633\u060c 2026","format":false,"excerpt":"Le Tribunal de commerce de N\u00eemes, par jugement du trente janvier deux mille vingt-cinq, statue sur un litige opposant une soci\u00e9t\u00e9 exploitant un restaurant \u00e0 l\u2019entrepreneur ayant r\u00e9alis\u00e9 des travaux de r\u00e9novation de sa toiture. L\u2019exploitant assigne l\u2019entrepreneur en responsabilit\u00e9 contractuelle pour malfa\u00e7ons et demande diverses indemnit\u00e9s. L\u2019entrepreneur appelle en\u2026","rel":"","context":"\u0641\u064a &quot;D\u00e9cisions juridiques&quot;","block_context":{"text":"D\u00e9cisions juridiques","link":"https:\/\/kohenavocats.com\/category\/decisions-juridiques\/"},"img":{"alt_text":"","src":"https:\/\/i0.wp.com\/kohenavocats.com\/wp-content\/uploads\/2024\/11\/planet-volumes-ONz69eiMEV8-unsplash.webp?resize=350%2C200&ssl=1","width":350,"height":200,"srcset":"https:\/\/i0.wp.com\/kohenavocats.com\/wp-content\/uploads\/2024\/11\/planet-volumes-ONz69eiMEV8-unsplash.webp?resize=350%2C200&ssl=1 1x, https:\/\/i0.wp.com\/kohenavocats.com\/wp-content\/uploads\/2024\/11\/planet-volumes-ONz69eiMEV8-unsplash.webp?resize=525%2C300&ssl=1 1.5x, https:\/\/i0.wp.com\/kohenavocats.com\/wp-content\/uploads\/2024\/11\/planet-volumes-ONz69eiMEV8-unsplash.webp?resize=700%2C400&ssl=1 2x, https:\/\/i0.wp.com\/kohenavocats.com\/wp-content\/uploads\/2024\/11\/planet-volumes-ONz69eiMEV8-unsplash.webp?resize=1050%2C600&ssl=1 3x, https:\/\/i0.wp.com\/kohenavocats.com\/wp-content\/uploads\/2024\/11\/planet-volumes-ONz69eiMEV8-unsplash.webp?resize=1400%2C800&ssl=1 4x"},"classes":[]},{"id":643124,"url":"https:\/\/kohenavocats.com\/ar\/cour-dappel-de-versailles-le-8-octobre-2025-n22-09037\/","url_meta":{"origin":653182,"position":1},"title":"Cour d&#8217;appel de Versailles, le 8 octobre 2025, n\u00b022\/09037","author":"Kohen","date":"22 \u0623\u0628\u0631\u064a\u0644\u060c 2026","format":false,"excerpt":"La cour d'appel de Versailles, statuant le quinze janvier deux mille vingt-quatre, examine un litige entre un entrepreneur principal et son sous-traitant. L'...","rel":"","context":"\u0641\u064a &quot;Jurisprudence&quot;","block_context":{"text":"Jurisprudence","link":"https:\/\/kohenavocats.com\/category\/jurisprudence\/"},"img":{"alt_text":"","src":"https:\/\/i0.wp.com\/kohenavocats.com\/wp-content\/uploads\/2024\/11\/george-dagerotip-kFQshsmdP-M-unsplash.webp?resize=350%2C200&ssl=1","width":350,"height":200,"srcset":"https:\/\/i0.wp.com\/kohenavocats.com\/wp-content\/uploads\/2024\/11\/george-dagerotip-kFQshsmdP-M-unsplash.webp?resize=350%2C200&ssl=1 1x, https:\/\/i0.wp.com\/kohenavocats.com\/wp-content\/uploads\/2024\/11\/george-dagerotip-kFQshsmdP-M-unsplash.webp?resize=525%2C300&ssl=1 1.5x, https:\/\/i0.wp.com\/kohenavocats.com\/wp-content\/uploads\/2024\/11\/george-dagerotip-kFQshsmdP-M-unsplash.webp?resize=700%2C400&ssl=1 2x, https:\/\/i0.wp.com\/kohenavocats.com\/wp-content\/uploads\/2024\/11\/george-dagerotip-kFQshsmdP-M-unsplash.webp?resize=1050%2C600&ssl=1 3x, https:\/\/i0.wp.com\/kohenavocats.com\/wp-content\/uploads\/2024\/11\/george-dagerotip-kFQshsmdP-M-unsplash.webp?resize=1400%2C800&ssl=1 4x"},"classes":[]},{"id":498593,"url":"https:\/\/kohenavocats.com\/ar\/tribunal-judiciaire-de-saint-quentin-le-27-novembre-2025-n25-00334\/","url_meta":{"origin":653182,"position":2},"title":"Tribunal judiciaire de Saint-Quentin, le 27 novembre 2025, n\u00b025\/00334","author":"Kohen","date":"8 \u0623\u0628\u0631\u064a\u0644\u060c 2026","format":false,"excerpt":"Le tribunal judiciaire de Saint-Quentin, le 27 novembre 2025, statue sur un litige contractuel relatif \u00e0 des travaux d'installation de cuisine. Apr\u00e8s une...","rel":"","context":"\u0641\u064a &quot;D\u00e9cisions juridiques&quot;","block_context":{"text":"D\u00e9cisions juridiques","link":"https:\/\/kohenavocats.com\/category\/decisions-juridiques\/"},"img":{"alt_text":"","src":"https:\/\/i0.wp.com\/kohenavocats.com\/wp-content\/uploads\/2024\/11\/pawel-czerwinski-lH8vmlCC1JU-unsplash.webp?resize=350%2C200&ssl=1","width":350,"height":200,"srcset":"https:\/\/i0.wp.com\/kohenavocats.com\/wp-content\/uploads\/2024\/11\/pawel-czerwinski-lH8vmlCC1JU-unsplash.webp?resize=350%2C200&ssl=1 1x, https:\/\/i0.wp.com\/kohenavocats.com\/wp-content\/uploads\/2024\/11\/pawel-czerwinski-lH8vmlCC1JU-unsplash.webp?resize=525%2C300&ssl=1 1.5x, https:\/\/i0.wp.com\/kohenavocats.com\/wp-content\/uploads\/2024\/11\/pawel-czerwinski-lH8vmlCC1JU-unsplash.webp?resize=700%2C400&ssl=1 2x, https:\/\/i0.wp.com\/kohenavocats.com\/wp-content\/uploads\/2024\/11\/pawel-czerwinski-lH8vmlCC1JU-unsplash.webp?resize=1050%2C600&ssl=1 3x, https:\/\/i0.wp.com\/kohenavocats.com\/wp-content\/uploads\/2024\/11\/pawel-czerwinski-lH8vmlCC1JU-unsplash.webp?resize=1400%2C800&ssl=1 4x"},"classes":[]},{"id":605529,"url":"https:\/\/kohenavocats.com\/ar\/tribunal-judiciaire-de-lille-le-19-mars-2024-n24-11057\/","url_meta":{"origin":653182,"position":3},"title":"Tribunal judiciaire de Lille, le 19 mars 2024, n\u00b024\/11057","author":"Kohen","date":"19 \u0623\u0628\u0631\u064a\u0644\u060c 2026","format":false,"excerpt":"Le juge des contentieux de la protection, statuant par d\u00e9cision r\u00e9put\u00e9e contradictoire, a rendu un jugement le 19 mars 2024. Des acqu\u00e9reurs poursuivaient la ...","rel":"","context":"\u0641\u064a &quot;Jurisprudence&quot;","block_context":{"text":"Jurisprudence","link":"https:\/\/kohenavocats.com\/category\/jurisprudence\/"},"img":{"alt_text":"","src":"https:\/\/i0.wp.com\/kohenavocats.com\/wp-content\/uploads\/2024\/11\/mohamed-nohassi-CRktpOMkRIs-unsplash.webp?resize=350%2C200&ssl=1","width":350,"height":200,"srcset":"https:\/\/i0.wp.com\/kohenavocats.com\/wp-content\/uploads\/2024\/11\/mohamed-nohassi-CRktpOMkRIs-unsplash.webp?resize=350%2C200&ssl=1 1x, https:\/\/i0.wp.com\/kohenavocats.com\/wp-content\/uploads\/2024\/11\/mohamed-nohassi-CRktpOMkRIs-unsplash.webp?resize=525%2C300&ssl=1 1.5x, https:\/\/i0.wp.com\/kohenavocats.com\/wp-content\/uploads\/2024\/11\/mohamed-nohassi-CRktpOMkRIs-unsplash.webp?resize=700%2C400&ssl=1 2x, https:\/\/i0.wp.com\/kohenavocats.com\/wp-content\/uploads\/2024\/11\/mohamed-nohassi-CRktpOMkRIs-unsplash.webp?resize=1050%2C600&ssl=1 3x, https:\/\/i0.wp.com\/kohenavocats.com\/wp-content\/uploads\/2024\/11\/mohamed-nohassi-CRktpOMkRIs-unsplash.webp?resize=1400%2C800&ssl=1 4x"},"classes":[]},{"id":686776,"url":"https:\/\/kohenavocats.com\/ar\/tribunal-judiciaire-de-bordeaux-le-23-juillet-2025-n23-10424\/","url_meta":{"origin":653182,"position":4},"title":"Tribunal judiciaire de Bordeaux, le 23 juillet 2025, n\u00b023\/10424","author":"Kohen","date":"25 \u0623\u0628\u0631\u064a\u0644\u060c 2026","format":false,"excerpt":"Le Tribunal judiciaire de Bordeaux, statuant en premi\u00e8re instance par jugement du 23 juillet 2025, a \u00e9t\u00e9 saisi d\u2019un litige contractuel entre une soci\u00e9t\u00e9 de r...","rel":"","context":"\u0641\u064a &quot;Jurisprudence&quot;","block_context":{"text":"Jurisprudence","link":"https:\/\/kohenavocats.com\/category\/jurisprudence\/"},"img":{"alt_text":"","src":"https:\/\/i0.wp.com\/kohenavocats.com\/wp-content\/uploads\/2024\/08\/amy-gatenby-jwNtJHycBnw-unsplash.webp?resize=350%2C200&ssl=1","width":350,"height":200,"srcset":"https:\/\/i0.wp.com\/kohenavocats.com\/wp-content\/uploads\/2024\/08\/amy-gatenby-jwNtJHycBnw-unsplash.webp?resize=350%2C200&ssl=1 1x, https:\/\/i0.wp.com\/kohenavocats.com\/wp-content\/uploads\/2024\/08\/amy-gatenby-jwNtJHycBnw-unsplash.webp?resize=525%2C300&ssl=1 1.5x, https:\/\/i0.wp.com\/kohenavocats.com\/wp-content\/uploads\/2024\/08\/amy-gatenby-jwNtJHycBnw-unsplash.webp?resize=700%2C400&ssl=1 2x, https:\/\/i0.wp.com\/kohenavocats.com\/wp-content\/uploads\/2024\/08\/amy-gatenby-jwNtJHycBnw-unsplash.webp?resize=1050%2C600&ssl=1 3x, https:\/\/i0.wp.com\/kohenavocats.com\/wp-content\/uploads\/2024\/08\/amy-gatenby-jwNtJHycBnw-unsplash.webp?resize=1400%2C800&ssl=1 4x"},"classes":[]},{"id":479360,"url":"https:\/\/kohenavocats.com\/ar\/tribunal-judiciaire-de-compiegne-le-4-novembre-2025-n25-00486\/","url_meta":{"origin":653182,"position":5},"title":"Tribunal judiciaire de Compi\u00e8gne, le 4 novembre 2025, n\u00b025\/00486","author":"Kohen","date":"7 \u0623\u0628\u0631\u064a\u0644\u060c 2026","format":false,"excerpt":"Le Tribunal judiciaire de Compi\u00e8gne, statuant le 4 novembre 2025, a \u00e9t\u00e9 saisi d\u2019un litige n\u00e9 de l\u2019inex\u00e9cution d\u2019un contrat de travaux de r\u00e9novation de couver...","rel":"","context":"\u0641\u064a &quot;Jurisprudence&quot;","block_context":{"text":"Jurisprudence","link":"https:\/\/kohenavocats.com\/category\/jurisprudence\/"},"img":{"alt_text":"","src":"https:\/\/i0.wp.com\/kohenavocats.com\/wp-content\/uploads\/2024\/11\/luke-jones-DaS7IxmJGfw-unsplash.webp?resize=350%2C200&ssl=1","width":350,"height":200,"srcset":"https:\/\/i0.wp.com\/kohenavocats.com\/wp-content\/uploads\/2024\/11\/luke-jones-DaS7IxmJGfw-unsplash.webp?resize=350%2C200&ssl=1 1x, https:\/\/i0.wp.com\/kohenavocats.com\/wp-content\/uploads\/2024\/11\/luke-jones-DaS7IxmJGfw-unsplash.webp?resize=525%2C300&ssl=1 1.5x, https:\/\/i0.wp.com\/kohenavocats.com\/wp-content\/uploads\/2024\/11\/luke-jones-DaS7IxmJGfw-unsplash.webp?resize=700%2C400&ssl=1 2x, https:\/\/i0.wp.com\/kohenavocats.com\/wp-content\/uploads\/2024\/11\/luke-jones-DaS7IxmJGfw-unsplash.webp?resize=1050%2C600&ssl=1 3x, https:\/\/i0.wp.com\/kohenavocats.com\/wp-content\/uploads\/2024\/11\/luke-jones-DaS7IxmJGfw-unsplash.webp?resize=1400%2C800&ssl=1 4x"},"classes":[]}],"jetpack_sharing_enabled":true,"_links":{"self":[{"href":"https:\/\/kohenavocats.com\/ar\/wp-json\/wp\/v2\/posts\/653182","targetHints":{"allow":["GET"]}}],"collection":[{"href":"https:\/\/kohenavocats.com\/ar\/wp-json\/wp\/v2\/posts"}],"about":[{"href":"https:\/\/kohenavocats.com\/ar\/wp-json\/wp\/v2\/types\/post"}],"author":[{"embeddable":true,"href":"https:\/\/kohenavocats.com\/ar\/wp-json\/wp\/v2\/users\/232070755"}],"replies":[{"embeddable":true,"href":"https:\/\/kohenavocats.com\/ar\/wp-json\/wp\/v2\/comments?post=653182"}],"version-history":[{"count":0,"href":"https:\/\/kohenavocats.com\/ar\/wp-json\/wp\/v2\/posts\/653182\/revisions"}],"wp:featuredmedia":[{"embeddable":true,"href":"https:\/\/kohenavocats.com\/ar\/wp-json\/wp\/v2\/media\/9433"}],"wp:attachment":[{"href":"https:\/\/kohenavocats.com\/ar\/wp-json\/wp\/v2\/media?parent=653182"}],"wp:term":[{"taxonomy":"category","embeddable":true,"href":"https:\/\/kohenavocats.com\/ar\/wp-json\/wp\/v2\/categories?post=653182"},{"taxonomy":"post_tag","embeddable":true,"href":"https:\/\/kohenavocats.com\/ar\/wp-json\/wp\/v2\/tags?post=653182"}],"curies":[{"name":"wp","href":"https:\/\/api.w.org\/{rel}","templated":true}]}}