{"id":653208,"date":"2026-04-23T00:23:57","date_gmt":"2026-04-22T22:23:57","guid":{"rendered":"https:\/\/kohenavocats.com\/tribunal-judiciaire-de-paris-le-19-decembre-2025-n25-02812\/"},"modified":"2026-04-23T00:23:57","modified_gmt":"2026-04-22T22:23:57","slug":"tribunal-judiciaire-de-paris-le-19-decembre-2025-n25-02812","status":"publish","type":"post","link":"https:\/\/kohenavocats.com\/ar\/tribunal-judiciaire-de-paris-le-19-decembre-2025-n25-02812\/","title":{"rendered":"Tribunal judiciaire de Paris, le 19 d\u00e9cembre 2025, n\u00b025\/02812"},"content":{"rendered":"<div class=\"article-content\">\n<p>Le Tribunal judiciaire de Paris, statuant en r\u00e9f\u00e9r\u00e9, a examin\u00e9 un litige relatif \u00e0 l&#8217;occupation d&#8217;une chambre en r\u00e9sidence sociale. Le gestionnaire demandait l&#8217;expulsion du r\u00e9sident pour h\u00e9bergement prolong\u00e9 de tiers en violation du r\u00e8glement. Le r\u00e9sident contestait la comp\u00e9tence du juge des r\u00e9f\u00e9r\u00e9s et invoquait une atteinte \u00e0 sa vie priv\u00e9e. Par ordonnance du 19 d\u00e9cembre 2025, le juge a rejet\u00e9 l&#8217;exception d&#8217;incomp\u00e9tence, constat\u00e9 la r\u00e9siliation du contrat et ordonn\u00e9 l&#8217;expulsion avec une indemnit\u00e9 d&#8217;occupation.<\/p>\n<p>La comp\u00e9tence du juge des r\u00e9f\u00e9r\u00e9s face \u00e0 un trouble illicite<\/p>\n<p>Le juge \u00e9carte l&#8217;exception d&#8217;incomp\u00e9tence soulev\u00e9e par le r\u00e9sident. Il estime que la situation constitue un trouble manifestement illicite justifiant l&#8217;intervention du r\u00e9f\u00e9r\u00e9. La suroccupation de la chambre enfreint les r\u00e8gles de s\u00e9curit\u00e9 et d&#8217;hygi\u00e8ne propres \u00e0 ce type d&#8217;\u00e9tablissement. Le juge fonde sa comp\u00e9tence sur l&#8217;article 849 du code de proc\u00e9dure civile relatif aux troubles manifestes. Cette analyse confirme la vocation du juge des r\u00e9f\u00e9r\u00e9s \u00e0 pr\u00e9venir les d\u00e9sordres concrets et imm\u00e9diats. Elle aligne sa comp\u00e9tence sur l&#8217;urgence et la n\u00e9cessit\u00e9 d&#8217;une remise en \u00e9tat rapide.<\/p>\n<p>La r\u00e9gularit\u00e9 du r\u00e8glement int\u00e9rieur au regard des libert\u00e9s fondamentales<\/p>\n<p>Le tribunal valide la clause limitant l&#8217;h\u00e9bergement de tiers \u00e0 trois mois. Il souligne que cette r\u00e8gle d\u00e9coule directement des dispositions du code de la construction. &#8220;Le Tribunal rel\u00e8ve que l&#8217;article 9 reprend les dispositions du code de la construction et de l&#8217;habitation qui interdit l&#8217;h\u00e9bergement d&#8217;un tiers en dehors d&#8217;un cadre r\u00e9glementaire&#8221; (Motifs). La limitation poursuit un objectif l\u00e9gitime de s\u00e9curit\u00e9 et de sant\u00e9 publique. Elle pr\u00e9vient la suroccupation des lieux et pr\u00e9serve les \u00e9quipements collectifs. Le juge estime que cette ing\u00e9rence dans la vie priv\u00e9e n&#8217;est pas disproportionn\u00e9e. Cette solution rejoint une jurisprudence constante sur la conciliation des droits. &#8220;Les limitations pr\u00e9vues \u00e0 l\u2019article 9 du r\u00e8glement int\u00e9rieur, qui reprennent les dispositions l\u00e9gislatives et r\u00e9glementaires du code de la construction et de l&#8217;habitation, pour contraignantes qu\u2019elles soient, ont pour objectif de garantir la s\u00e9curit\u00e9 et la p\u00e9rennit\u00e9 du collectif h\u00e9berg\u00e9&#8221; (Tribunal judiciaire de Paris, le 19 d\u00e9cembre 2025, n\u00b025\/08643).<\/p>\n<p>La sanction d&#8217;une violation caract\u00e9ris\u00e9e des obligations contractuelles<\/p>\n<p>La r\u00e9siliation de plein droit est constat\u00e9e en raison d&#8217;un manquement grave. Le r\u00e9sident a h\u00e9berg\u00e9 cinq personnes sans autorisation et au-del\u00e0 de la dur\u00e9e permise. Il n&#8217;a pas obtemp\u00e9r\u00e9 \u00e0 la mise en demeure de faire cesser cette situation. Le juge applique strictement la clause contractuelle pr\u00e9voyant la r\u00e9siliation de plein droit. La date de prise d&#8217;effet est fix\u00e9e un mois apr\u00e8s la notification de la mise en demeure. Cette application rigoureuse sanctionne l&#8217;inex\u00e9cution patente des obligations essentielles. Elle prot\u00e8ge l&#8217;\u00e9quilibre contractuel et les r\u00e8gles de vie collective dans les foyers.<\/p>\n<p>Les cons\u00e9quences de l&#8217;occupation sans titre apr\u00e8s r\u00e9siliation<\/p>\n<p>Le juge ordonne l&#8217;expulsion et fixe une indemnit\u00e9 d&#8217;occupation provisionnelle. L&#8217;occupant est d\u00e9clar\u00e9 sans droit ni titre depuis la date de r\u00e9siliation effective. L&#8217;indemnit\u00e9 est fix\u00e9e au montant de l&#8217;ancienne redevance mensuelle jusqu&#8217;\u00e0 la lib\u00e9ration. Cette condamnation vise \u00e0 compenser le pr\u00e9judice subi par le gestionnaire priv\u00e9 de son bien. Elle rappelle que toute occupation sans titre g\u00e9n\u00e8re une obligation de payer une indemnit\u00e9. La d\u00e9cision assure une protection efficace du propri\u00e9taire contre les occupations irr\u00e9guli\u00e8res. Elle illustre les pouvoirs du juge des r\u00e9f\u00e9r\u00e9s pour mettre fin \u00e0 un trouble manifeste.<\/p>\n<\/div>\n","protected":false},"excerpt":{"rendered":"<p>Le Tribunal judiciaire de Paris, statuant en r\u00e9f\u00e9r\u00e9, a examin\u00e9 un litige relatif \u00e0 l&#8217;occupation d&#8217;une chambre en r\u00e9sidence sociale. Le gestionnaire demandait&#8230;<\/p>\n","protected":false},"author":232070755,"featured_media":4693,"comment_status":"open","ping_status":"open","sticky":false,"template":"","format":"standard","meta":{"_crdt_document":"","_jetpack_newsletter_access":"","_jetpack_dont_email_post_to_subs":false,"_jetpack_newsletter_tier_id":0,"_jetpack_memberships_contains_paywalled_content":false,"_kj_source_type":"judilibre","_kj_official_id":"68e88b563ea43407b9fbac39","_kj_official_url":"https:\/\/www.courdecassation.fr\/decision\/68e88b563ea43407b9fbac39","_kj_judilibre_id":"68e88b563ea43407b9fbac39","_kj_jur":"Tribunal judiciaire","_kj_lieu":"Tribunal judiciaire de Paris","_kj_chambre":"PCP JCP ACR r\u00e9f\u00e9r\u00e9","_kj_rg":"25\/02812","_kj_date":"2025-10-02","_jetpack_memberships_contains_paid_content":false,"footnotes":"","jetpack_post_was_ever_published":false},"categories":[7597],"tags":[],"class_list":["post-653208","post","type-post","status-publish","format-standard","has-post-thumbnail","hentry","category-jurisprudence"],"yoast_head":"<!-- This site is optimized with the Yoast SEO Premium plugin v27.5 (Yoast SEO v27.5) - https:\/\/yoast.com\/product\/yoast-seo-premium-wordpress\/ -->\n<title>Tribunal judiciaire de Paris, le 19 d\u00e9cembre 2025, n\u00b025\/02812 - Ma\u00eetre Hassan Kohen, avocat en droit p\u00e9nal \u00e0 Paris<\/title>\n<meta name=\"description\" content=\"Le Tribunal judiciaire de Paris, statuant en r\u00e9f\u00e9r\u00e9, a examin\u00e9 un litige relatif \u00e0 l&#039;occupation d&#039;une chambre en r\u00e9sidence sociale. Le gestionnaire demandait...\" \/>\n<meta name=\"robots\" content=\"index, follow, max-snippet:-1, max-image-preview:large, max-video-preview:-1\" \/>\n<link rel=\"canonical\" href=\"https:\/\/kohenavocats.com\/ar\/tribunal-judiciaire-de-paris-le-19-decembre-2025-n25-02812\/\" \/>\n<meta property=\"og:locale\" content=\"ar_AR\" \/>\n<meta property=\"og:type\" content=\"article\" \/>\n<meta property=\"og:title\" content=\"Tribunal judiciaire de Paris, le 19 d\u00e9cembre 2025, n\u00b025\/02812\" \/>\n<meta property=\"og:description\" content=\"Le Tribunal judiciaire de Paris, statuant en r\u00e9f\u00e9r\u00e9, a examin\u00e9 un litige relatif \u00e0 l&#039;occupation d&#039;une chambre en r\u00e9sidence sociale. Le gestionnaire demandait...\" \/>\n<meta property=\"og:url\" content=\"https:\/\/kohenavocats.com\/ar\/tribunal-judiciaire-de-paris-le-19-decembre-2025-n25-02812\/\" \/>\n<meta property=\"og:site_name\" content=\"Ma\u00eetre Hassan Kohen, avocat en droit p\u00e9nal \u00e0 Paris\" \/>\n<meta property=\"article:published_time\" content=\"2026-04-22T22:23:57+00:00\" \/>\n<meta property=\"og:image\" content=\"https:\/\/kohenavocats.com\/wp-content\/uploads\/2024\/08\/waqar-KY7GFNrxoOY-unsplash.webp\" \/>\n\t<meta property=\"og:image:width\" content=\"6000\" \/>\n\t<meta property=\"og:image:height\" content=\"3597\" \/>\n\t<meta property=\"og:image:type\" content=\"image\/webp\" \/>\n<meta name=\"author\" content=\"Kohen\" \/>\n<meta name=\"twitter:card\" content=\"summary_large_image\" \/>\n<meta name=\"twitter:label1\" content=\"\u0643\u064f\u062a\u0628 \u0628\u0648\u0627\u0633\u0637\u0629\" \/>\n\t<meta name=\"twitter:data1\" content=\"Kohen\" \/>\n\t<meta name=\"twitter:label2\" content=\"\u0648\u0642\u062a \u0627\u0644\u0642\u0631\u0627\u0621\u0629 \u0627\u0644\u0645\u064f\u0642\u062f\u0651\u0631\" \/>\n\t<meta name=\"twitter:data2\" content=\"3 \u062f\u0642\u0627\u0626\u0642\" \/>\n<script type=\"application\/ld+json\" class=\"yoast-schema-graph\">{\"@context\":\"https:\\\/\\\/schema.org\",\"@graph\":[{\"@type\":\"Article\",\"@id\":\"https:\\\/\\\/kohenavocats.com\\\/ar\\\/tribunal-judiciaire-de-paris-le-19-decembre-2025-n25-02812\\\/#article\",\"isPartOf\":{\"@id\":\"https:\\\/\\\/kohenavocats.com\\\/ar\\\/tribunal-judiciaire-de-paris-le-19-decembre-2025-n25-02812\\\/\"},\"author\":{\"name\":\"Kohen\",\"@id\":\"https:\\\/\\\/kohenavocats.com\\\/ar\\\/#\\\/schema\\\/person\\\/761c9ba54fa1ca84d405cef0831ff751\"},\"headline\":\"Tribunal judiciaire de Paris, le 19 d\u00e9cembre 2025, n\u00b025\\\/02812\",\"datePublished\":\"2026-04-22T22:23:57+00:00\",\"mainEntityOfPage\":{\"@id\":\"https:\\\/\\\/kohenavocats.com\\\/ar\\\/tribunal-judiciaire-de-paris-le-19-decembre-2025-n25-02812\\\/\"},\"wordCount\":657,\"commentCount\":0,\"publisher\":{\"@id\":\"https:\\\/\\\/kohenavocats.com\\\/ar\\\/#organization\"},\"image\":{\"@id\":\"https:\\\/\\\/kohenavocats.com\\\/ar\\\/tribunal-judiciaire-de-paris-le-19-decembre-2025-n25-02812\\\/#primaryimage\"},\"thumbnailUrl\":\"https:\\\/\\\/kohenavocats.com\\\/wp-content\\\/uploads\\\/2024\\\/08\\\/waqar-KY7GFNrxoOY-unsplash.webp\",\"articleSection\":[\"Jurisprudence\"],\"inLanguage\":\"ar\",\"potentialAction\":[{\"@type\":\"CommentAction\",\"name\":\"Comment\",\"target\":[\"https:\\\/\\\/kohenavocats.com\\\/ar\\\/tribunal-judiciaire-de-paris-le-19-decembre-2025-n25-02812\\\/#respond\"]}],\"citation\":\"Tribunal judiciaire de Paris, le 19 d\u00e9cembre 2025, n\u00b025\\\/02812\",\"about\":[{\"@type\":\"Thing\",\"name\":\"Jurisprudence\"}],\"dateModified\":\"2026-04-22T22:23:57+00:00\",\"speakable\":{\"@type\":\"SpeakableSpecification\",\"cssSelector\":[\".article-content > p:first-of-type\"]}},{\"@type\":\"WebPage\",\"@id\":\"https:\\\/\\\/kohenavocats.com\\\/ar\\\/tribunal-judiciaire-de-paris-le-19-decembre-2025-n25-02812\\\/\",\"url\":\"https:\\\/\\\/kohenavocats.com\\\/ar\\\/tribunal-judiciaire-de-paris-le-19-decembre-2025-n25-02812\\\/\",\"name\":\"Tribunal judiciaire de Paris, le 19 d\u00e9cembre 2025, n\u00b025\\\/02812 - Ma\u00eetre Hassan Kohen, avocat en droit p\u00e9nal \u00e0 Paris\",\"isPartOf\":{\"@id\":\"https:\\\/\\\/kohenavocats.com\\\/ar\\\/#website\"},\"primaryImageOfPage\":{\"@id\":\"https:\\\/\\\/kohenavocats.com\\\/ar\\\/tribunal-judiciaire-de-paris-le-19-decembre-2025-n25-02812\\\/#primaryimage\"},\"image\":{\"@id\":\"https:\\\/\\\/kohenavocats.com\\\/ar\\\/tribunal-judiciaire-de-paris-le-19-decembre-2025-n25-02812\\\/#primaryimage\"},\"thumbnailUrl\":\"https:\\\/\\\/kohenavocats.com\\\/wp-content\\\/uploads\\\/2024\\\/08\\\/waqar-KY7GFNrxoOY-unsplash.webp\",\"datePublished\":\"2026-04-22T22:23:57+00:00\",\"description\":\"Le Tribunal judiciaire de Paris, statuant en r\u00e9f\u00e9r\u00e9, a examin\u00e9 un litige relatif \u00e0 l'occupation d'une chambre en r\u00e9sidence sociale. Le gestionnaire demandait...\",\"breadcrumb\":{\"@id\":\"https:\\\/\\\/kohenavocats.com\\\/ar\\\/tribunal-judiciaire-de-paris-le-19-decembre-2025-n25-02812\\\/#breadcrumb\"},\"inLanguage\":\"ar\",\"potentialAction\":[{\"@type\":\"ReadAction\",\"target\":[\"https:\\\/\\\/kohenavocats.com\\\/ar\\\/tribunal-judiciaire-de-paris-le-19-decembre-2025-n25-02812\\\/\"]}]},{\"@type\":\"ImageObject\",\"inLanguage\":\"ar\",\"@id\":\"https:\\\/\\\/kohenavocats.com\\\/ar\\\/tribunal-judiciaire-de-paris-le-19-decembre-2025-n25-02812\\\/#primaryimage\",\"url\":\"https:\\\/\\\/kohenavocats.com\\\/wp-content\\\/uploads\\\/2024\\\/08\\\/waqar-KY7GFNrxoOY-unsplash.webp\",\"contentUrl\":\"https:\\\/\\\/kohenavocats.com\\\/wp-content\\\/uploads\\\/2024\\\/08\\\/waqar-KY7GFNrxoOY-unsplash.webp\",\"width\":6000,\"height\":3597},{\"@type\":\"BreadcrumbList\",\"@id\":\"https:\\\/\\\/kohenavocats.com\\\/ar\\\/tribunal-judiciaire-de-paris-le-19-decembre-2025-n25-02812\\\/#breadcrumb\",\"itemListElement\":[{\"@type\":\"ListItem\",\"position\":1,\"name\":\"Home\",\"item\":\"https:\\\/\\\/kohenavocats.com\\\/ar\\\/%d9%85%d8%ad%d8%a7%d9%85%d9%88%d9%86-%d9%85%d8%aa%d8%ae%d8%b5%d8%b5%d9%88%d9%86-%d9%81%d9%8a-%d8%a7%d9%84%d9%82%d8%a7%d9%86%d9%88%d9%86-%d8%a7%d9%84%d8%ac%d9%86%d8%a7%d8%a6%d9%8a-%d8%a8%d8%a8%d8%a7\\\/\"},{\"@type\":\"ListItem\",\"position\":2,\"name\":\"Tribunal judiciaire de Paris, le 19 d\u00e9cembre 2025, n\u00b025\\\/02812\"}]},{\"@type\":\"WebSite\",\"@id\":\"https:\\\/\\\/kohenavocats.com\\\/ar\\\/#website\",\"url\":\"https:\\\/\\\/kohenavocats.com\\\/ar\\\/\",\"name\":\"Kohen Avocats\",\"description\":\"Ma\u00eetre Hassan Kohen, avocat p\u00e9naliste \u00e0 Paris, intervient exclusivement en droit p\u00e9nal pour la d\u00e9fense des particuliers, notamment en mati\u00e8re d\u2019accusations de viol. Il assure un accompagnement rigoureux d\u00e8s la garde \u00e0 vue jusqu\u2019\u00e0 la Cour d\u2019assises, veillant au strict respect des garanties proc\u00e9durales.\",\"publisher\":{\"@id\":\"https:\\\/\\\/kohenavocats.com\\\/ar\\\/#organization\"},\"potentialAction\":[{\"@type\":\"SearchAction\",\"target\":{\"@type\":\"EntryPoint\",\"urlTemplate\":\"https:\\\/\\\/kohenavocats.com\\\/ar\\\/?s={search_term_string}\"},\"query-input\":{\"@type\":\"PropertyValueSpecification\",\"valueRequired\":true,\"valueName\":\"search_term_string\"}}],\"inLanguage\":\"ar\"},{\"@type\":\"Organization\",\"@id\":\"https:\\\/\\\/kohenavocats.com\\\/ar\\\/#organization\",\"name\":\"Kohen Avocats\",\"url\":\"https:\\\/\\\/kohenavocats.com\\\/ar\\\/\",\"logo\":{\"@type\":\"ImageObject\",\"inLanguage\":\"ar\",\"@id\":\"https:\\\/\\\/kohenavocats.com\\\/ar\\\/#\\\/schema\\\/logo\\\/image\\\/\",\"url\":\"https:\\\/\\\/kohenavocats.com\\\/wp-content\\\/uploads\\\/2026\\\/01\\\/Logo-2-1.webp\",\"contentUrl\":\"https:\\\/\\\/kohenavocats.com\\\/wp-content\\\/uploads\\\/2026\\\/01\\\/Logo-2-1.webp\",\"width\":2114,\"height\":1253,\"caption\":\"Kohen Avocats\"},\"image\":{\"@id\":\"https:\\\/\\\/kohenavocats.com\\\/ar\\\/#\\\/schema\\\/logo\\\/image\\\/\"}},{\"@type\":\"Person\",\"@id\":\"https:\\\/\\\/kohenavocats.com\\\/ar\\\/#\\\/schema\\\/person\\\/761c9ba54fa1ca84d405cef0831ff751\",\"name\":\"Kohen\",\"image\":{\"@type\":\"ImageObject\",\"inLanguage\":\"ar\",\"@id\":\"https:\\\/\\\/secure.gravatar.com\\\/avatar\\\/1c5e76ef76bbbfdd2b4da984e2bf2fa4056fd51a27d25ce2c332047f1dfd6e00?s=96&d=identicon&r=g\",\"url\":\"https:\\\/\\\/secure.gravatar.com\\\/avatar\\\/1c5e76ef76bbbfdd2b4da984e2bf2fa4056fd51a27d25ce2c332047f1dfd6e00?s=96&d=identicon&r=g\",\"contentUrl\":\"https:\\\/\\\/secure.gravatar.com\\\/avatar\\\/1c5e76ef76bbbfdd2b4da984e2bf2fa4056fd51a27d25ce2c332047f1dfd6e00?s=96&d=identicon&r=g\",\"caption\":\"Kohen\"},\"sameAs\":[\"https:\\\/\\\/www.linkedin.com\\\/in\\\/hassan-kohen-448548192\\\/\",\"https:\\\/\\\/www.youtube.com\\\/@Kohen-Avocats\"],\"url\":\"https:\\\/\\\/kohenavocats.com\\\/ar\\\/author\\\/kohenmlk\\\/\"}]}<\/script>\n<!-- \/ Yoast SEO Premium plugin. -->","yoast_head_json":{"title":"Tribunal judiciaire de Paris, le 19 d\u00e9cembre 2025, n\u00b025\/02812 - Ma\u00eetre Hassan Kohen, avocat en droit p\u00e9nal \u00e0 Paris","description":"Le Tribunal judiciaire de Paris, statuant en r\u00e9f\u00e9r\u00e9, a examin\u00e9 un litige relatif \u00e0 l'occupation d'une chambre en r\u00e9sidence sociale. Le gestionnaire demandait...","robots":{"index":"index","follow":"follow","max-snippet":"max-snippet:-1","max-image-preview":"max-image-preview:large","max-video-preview":"max-video-preview:-1"},"canonical":"https:\/\/kohenavocats.com\/ar\/tribunal-judiciaire-de-paris-le-19-decembre-2025-n25-02812\/","og_locale":"ar_AR","og_type":"article","og_title":"Tribunal judiciaire de Paris, le 19 d\u00e9cembre 2025, n\u00b025\/02812","og_description":"Le Tribunal judiciaire de Paris, statuant en r\u00e9f\u00e9r\u00e9, a examin\u00e9 un litige relatif \u00e0 l'occupation d'une chambre en r\u00e9sidence sociale. Le gestionnaire demandait...","og_url":"https:\/\/kohenavocats.com\/ar\/tribunal-judiciaire-de-paris-le-19-decembre-2025-n25-02812\/","og_site_name":"Ma\u00eetre Hassan Kohen, avocat en droit p\u00e9nal \u00e0 Paris","article_published_time":"2026-04-22T22:23:57+00:00","og_image":[{"width":6000,"height":3597,"url":"https:\/\/kohenavocats.com\/wp-content\/uploads\/2024\/08\/waqar-KY7GFNrxoOY-unsplash.webp","type":"image\/webp"}],"author":"Kohen","twitter_card":"summary_large_image","twitter_misc":{"\u0643\u064f\u062a\u0628 \u0628\u0648\u0627\u0633\u0637\u0629":"Kohen","\u0648\u0642\u062a \u0627\u0644\u0642\u0631\u0627\u0621\u0629 \u0627\u0644\u0645\u064f\u0642\u062f\u0651\u0631":"3 \u062f\u0642\u0627\u0626\u0642"},"schema":{"@context":"https:\/\/schema.org","@graph":[{"@type":"Article","@id":"https:\/\/kohenavocats.com\/ar\/tribunal-judiciaire-de-paris-le-19-decembre-2025-n25-02812\/#article","isPartOf":{"@id":"https:\/\/kohenavocats.com\/ar\/tribunal-judiciaire-de-paris-le-19-decembre-2025-n25-02812\/"},"author":{"name":"Kohen","@id":"https:\/\/kohenavocats.com\/ar\/#\/schema\/person\/761c9ba54fa1ca84d405cef0831ff751"},"headline":"Tribunal judiciaire de Paris, le 19 d\u00e9cembre 2025, n\u00b025\/02812","datePublished":"2026-04-22T22:23:57+00:00","mainEntityOfPage":{"@id":"https:\/\/kohenavocats.com\/ar\/tribunal-judiciaire-de-paris-le-19-decembre-2025-n25-02812\/"},"wordCount":657,"commentCount":0,"publisher":{"@id":"https:\/\/kohenavocats.com\/ar\/#organization"},"image":{"@id":"https:\/\/kohenavocats.com\/ar\/tribunal-judiciaire-de-paris-le-19-decembre-2025-n25-02812\/#primaryimage"},"thumbnailUrl":"https:\/\/kohenavocats.com\/wp-content\/uploads\/2024\/08\/waqar-KY7GFNrxoOY-unsplash.webp","articleSection":["Jurisprudence"],"inLanguage":"ar","potentialAction":[{"@type":"CommentAction","name":"Comment","target":["https:\/\/kohenavocats.com\/ar\/tribunal-judiciaire-de-paris-le-19-decembre-2025-n25-02812\/#respond"]}],"citation":"Tribunal judiciaire de Paris, le 19 d\u00e9cembre 2025, n\u00b025\/02812","about":[{"@type":"Thing","name":"Jurisprudence"}],"dateModified":"2026-04-22T22:23:57+00:00","speakable":{"@type":"SpeakableSpecification","cssSelector":[".article-content > p:first-of-type"]}},{"@type":"WebPage","@id":"https:\/\/kohenavocats.com\/ar\/tribunal-judiciaire-de-paris-le-19-decembre-2025-n25-02812\/","url":"https:\/\/kohenavocats.com\/ar\/tribunal-judiciaire-de-paris-le-19-decembre-2025-n25-02812\/","name":"Tribunal judiciaire de Paris, le 19 d\u00e9cembre 2025, n\u00b025\/02812 - Ma\u00eetre Hassan Kohen, avocat en droit p\u00e9nal \u00e0 Paris","isPartOf":{"@id":"https:\/\/kohenavocats.com\/ar\/#website"},"primaryImageOfPage":{"@id":"https:\/\/kohenavocats.com\/ar\/tribunal-judiciaire-de-paris-le-19-decembre-2025-n25-02812\/#primaryimage"},"image":{"@id":"https:\/\/kohenavocats.com\/ar\/tribunal-judiciaire-de-paris-le-19-decembre-2025-n25-02812\/#primaryimage"},"thumbnailUrl":"https:\/\/kohenavocats.com\/wp-content\/uploads\/2024\/08\/waqar-KY7GFNrxoOY-unsplash.webp","datePublished":"2026-04-22T22:23:57+00:00","description":"Le Tribunal judiciaire de Paris, statuant en r\u00e9f\u00e9r\u00e9, a examin\u00e9 un litige relatif \u00e0 l'occupation d'une chambre en r\u00e9sidence sociale. Le gestionnaire demandait...","breadcrumb":{"@id":"https:\/\/kohenavocats.com\/ar\/tribunal-judiciaire-de-paris-le-19-decembre-2025-n25-02812\/#breadcrumb"},"inLanguage":"ar","potentialAction":[{"@type":"ReadAction","target":["https:\/\/kohenavocats.com\/ar\/tribunal-judiciaire-de-paris-le-19-decembre-2025-n25-02812\/"]}]},{"@type":"ImageObject","inLanguage":"ar","@id":"https:\/\/kohenavocats.com\/ar\/tribunal-judiciaire-de-paris-le-19-decembre-2025-n25-02812\/#primaryimage","url":"https:\/\/kohenavocats.com\/wp-content\/uploads\/2024\/08\/waqar-KY7GFNrxoOY-unsplash.webp","contentUrl":"https:\/\/kohenavocats.com\/wp-content\/uploads\/2024\/08\/waqar-KY7GFNrxoOY-unsplash.webp","width":6000,"height":3597},{"@type":"BreadcrumbList","@id":"https:\/\/kohenavocats.com\/ar\/tribunal-judiciaire-de-paris-le-19-decembre-2025-n25-02812\/#breadcrumb","itemListElement":[{"@type":"ListItem","position":1,"name":"Home","item":"https:\/\/kohenavocats.com\/ar\/%d9%85%d8%ad%d8%a7%d9%85%d9%88%d9%86-%d9%85%d8%aa%d8%ae%d8%b5%d8%b5%d9%88%d9%86-%d9%81%d9%8a-%d8%a7%d9%84%d9%82%d8%a7%d9%86%d9%88%d9%86-%d8%a7%d9%84%d8%ac%d9%86%d8%a7%d8%a6%d9%8a-%d8%a8%d8%a8%d8%a7\/"},{"@type":"ListItem","position":2,"name":"Tribunal judiciaire de Paris, le 19 d\u00e9cembre 2025, n\u00b025\/02812"}]},{"@type":"WebSite","@id":"https:\/\/kohenavocats.com\/ar\/#website","url":"https:\/\/kohenavocats.com\/ar\/","name":"Kohen Avocats","description":"Ma\u00eetre Hassan Kohen, avocat p\u00e9naliste \u00e0 Paris, intervient exclusivement en droit p\u00e9nal pour la d\u00e9fense des particuliers, notamment en mati\u00e8re d\u2019accusations de viol. Il assure un accompagnement rigoureux d\u00e8s la garde \u00e0 vue jusqu\u2019\u00e0 la Cour d\u2019assises, veillant au strict respect des garanties proc\u00e9durales.","publisher":{"@id":"https:\/\/kohenavocats.com\/ar\/#organization"},"potentialAction":[{"@type":"SearchAction","target":{"@type":"EntryPoint","urlTemplate":"https:\/\/kohenavocats.com\/ar\/?s={search_term_string}"},"query-input":{"@type":"PropertyValueSpecification","valueRequired":true,"valueName":"search_term_string"}}],"inLanguage":"ar"},{"@type":"Organization","@id":"https:\/\/kohenavocats.com\/ar\/#organization","name":"Kohen Avocats","url":"https:\/\/kohenavocats.com\/ar\/","logo":{"@type":"ImageObject","inLanguage":"ar","@id":"https:\/\/kohenavocats.com\/ar\/#\/schema\/logo\/image\/","url":"https:\/\/kohenavocats.com\/wp-content\/uploads\/2026\/01\/Logo-2-1.webp","contentUrl":"https:\/\/kohenavocats.com\/wp-content\/uploads\/2026\/01\/Logo-2-1.webp","width":2114,"height":1253,"caption":"Kohen Avocats"},"image":{"@id":"https:\/\/kohenavocats.com\/ar\/#\/schema\/logo\/image\/"}},{"@type":"Person","@id":"https:\/\/kohenavocats.com\/ar\/#\/schema\/person\/761c9ba54fa1ca84d405cef0831ff751","name":"Kohen","image":{"@type":"ImageObject","inLanguage":"ar","@id":"https:\/\/secure.gravatar.com\/avatar\/1c5e76ef76bbbfdd2b4da984e2bf2fa4056fd51a27d25ce2c332047f1dfd6e00?s=96&d=identicon&r=g","url":"https:\/\/secure.gravatar.com\/avatar\/1c5e76ef76bbbfdd2b4da984e2bf2fa4056fd51a27d25ce2c332047f1dfd6e00?s=96&d=identicon&r=g","contentUrl":"https:\/\/secure.gravatar.com\/avatar\/1c5e76ef76bbbfdd2b4da984e2bf2fa4056fd51a27d25ce2c332047f1dfd6e00?s=96&d=identicon&r=g","caption":"Kohen"},"sameAs":["https:\/\/www.linkedin.com\/in\/hassan-kohen-448548192\/","https:\/\/www.youtube.com\/@Kohen-Avocats"],"url":"https:\/\/kohenavocats.com\/ar\/author\/kohenmlk\/"}]}},"jetpack_featured_media_url":"https:\/\/kohenavocats.com\/wp-content\/uploads\/2024\/08\/waqar-KY7GFNrxoOY-unsplash.webp","jetpack_likes_enabled":false,"jetpack_shortlink":"https:\/\/wp.me\/peCrII-2JVC","jetpack-related-posts":[{"id":639960,"url":"https:\/\/kohenavocats.com\/ar\/cour-dappel-de-montpellier-le-12-juillet-2024-n24-06458\/","url_meta":{"origin":653208,"position":0},"title":"Cour d&#8217;appel de Montpellier, le 12 juillet 2024, n\u00b024\/06458","author":"Kohen","date":"21 \u0623\u0628\u0631\u064a\u0644\u060c 2026","format":false,"excerpt":"La Cour d'appel de Montpellier, statuant le 12 juillet 2024, a examin\u00e9 un pourvoi contre une ordonnance de r\u00e9f\u00e9r\u00e9 ordonnant l'expulsion. L'occupante, propri\u00e9...","rel":"","context":"\u0641\u064a &quot;Jurisprudence&quot;","block_context":{"text":"Jurisprudence","link":"https:\/\/kohenavocats.com\/category\/jurisprudence\/"},"img":{"alt_text":"","src":"https:\/\/i0.wp.com\/kohenavocats.com\/wp-content\/uploads\/2024\/11\/chris-barbalis-2t1i0nXa-BI-unsplash.webp?resize=350%2C200&ssl=1","width":350,"height":200,"srcset":"https:\/\/i0.wp.com\/kohenavocats.com\/wp-content\/uploads\/2024\/11\/chris-barbalis-2t1i0nXa-BI-unsplash.webp?resize=350%2C200&ssl=1 1x, https:\/\/i0.wp.com\/kohenavocats.com\/wp-content\/uploads\/2024\/11\/chris-barbalis-2t1i0nXa-BI-unsplash.webp?resize=525%2C300&ssl=1 1.5x, https:\/\/i0.wp.com\/kohenavocats.com\/wp-content\/uploads\/2024\/11\/chris-barbalis-2t1i0nXa-BI-unsplash.webp?resize=700%2C400&ssl=1 2x, https:\/\/i0.wp.com\/kohenavocats.com\/wp-content\/uploads\/2024\/11\/chris-barbalis-2t1i0nXa-BI-unsplash.webp?resize=1050%2C600&ssl=1 3x, https:\/\/i0.wp.com\/kohenavocats.com\/wp-content\/uploads\/2024\/11\/chris-barbalis-2t1i0nXa-BI-unsplash.webp?resize=1400%2C800&ssl=1 4x"},"classes":[]},{"id":487292,"url":"https:\/\/kohenavocats.com\/ar\/tribunal-judiciaire-de-paris-le-26-novembre-2025-n25-05177\/","url_meta":{"origin":653208,"position":1},"title":"Tribunal judiciaire de Paris, le 26 novembre 2025, n\u00b025\/05177","author":"Kohen","date":"8 \u0623\u0628\u0631\u064a\u0644\u060c 2026","format":false,"excerpt":"Le juge des contentieux de la protection, statuant en r\u00e9f\u00e9r\u00e9 le 26 novembre 2025, constate la r\u00e9siliation d\u2019un contrat de r\u00e9sidence sociale pour h\u00e9bergement ...","rel":"","context":"\u0641\u064a &quot;Jurisprudence&quot;","block_context":{"text":"Jurisprudence","link":"https:\/\/kohenavocats.com\/category\/jurisprudence\/"},"img":{"alt_text":"","src":"https:\/\/i0.wp.com\/kohenavocats.com\/wp-content\/uploads\/2024\/11\/chris-czermak-PamFFHL6fVY-unsplash.webp?resize=350%2C200&ssl=1","width":350,"height":200,"srcset":"https:\/\/i0.wp.com\/kohenavocats.com\/wp-content\/uploads\/2024\/11\/chris-czermak-PamFFHL6fVY-unsplash.webp?resize=350%2C200&ssl=1 1x, https:\/\/i0.wp.com\/kohenavocats.com\/wp-content\/uploads\/2024\/11\/chris-czermak-PamFFHL6fVY-unsplash.webp?resize=525%2C300&ssl=1 1.5x, https:\/\/i0.wp.com\/kohenavocats.com\/wp-content\/uploads\/2024\/11\/chris-czermak-PamFFHL6fVY-unsplash.webp?resize=700%2C400&ssl=1 2x, https:\/\/i0.wp.com\/kohenavocats.com\/wp-content\/uploads\/2024\/11\/chris-czermak-PamFFHL6fVY-unsplash.webp?resize=1050%2C600&ssl=1 3x, https:\/\/i0.wp.com\/kohenavocats.com\/wp-content\/uploads\/2024\/11\/chris-czermak-PamFFHL6fVY-unsplash.webp?resize=1400%2C800&ssl=1 4x"},"classes":[]},{"id":472233,"url":"https:\/\/kohenavocats.com\/ar\/tribunal-judiciaire-de-paris-le-11-decembre-2025-n25-06763\/","url_meta":{"origin":653208,"position":2},"title":"Tribunal judiciaire de Paris, le 11 d\u00e9cembre 2025, n\u00b025\/06763","author":"Kohen","date":"7 \u0623\u0628\u0631\u064a\u0644\u060c 2026","format":false,"excerpt":"Le juge des contentieux de la protection, statuant en r\u00e9f\u00e9r\u00e9 le 11 d\u00e9cembre 2025, examine une demande d'expulsion d'un r\u00e9sident d'une r\u00e9sidence sociale. Le g...","rel":"","context":"\u0641\u064a &quot;Jurisprudence&quot;","block_context":{"text":"Jurisprudence","link":"https:\/\/kohenavocats.com\/category\/jurisprudence\/"},"img":{"alt_text":"","src":"https:\/\/i0.wp.com\/kohenavocats.com\/wp-content\/uploads\/2024\/11\/getty-images-btf-2n_Kcgw-unsplash.webp?resize=350%2C200&ssl=1","width":350,"height":200,"srcset":"https:\/\/i0.wp.com\/kohenavocats.com\/wp-content\/uploads\/2024\/11\/getty-images-btf-2n_Kcgw-unsplash.webp?resize=350%2C200&ssl=1 1x, https:\/\/i0.wp.com\/kohenavocats.com\/wp-content\/uploads\/2024\/11\/getty-images-btf-2n_Kcgw-unsplash.webp?resize=525%2C300&ssl=1 1.5x, https:\/\/i0.wp.com\/kohenavocats.com\/wp-content\/uploads\/2024\/11\/getty-images-btf-2n_Kcgw-unsplash.webp?resize=700%2C400&ssl=1 2x, https:\/\/i0.wp.com\/kohenavocats.com\/wp-content\/uploads\/2024\/11\/getty-images-btf-2n_Kcgw-unsplash.webp?resize=1050%2C600&ssl=1 3x, https:\/\/i0.wp.com\/kohenavocats.com\/wp-content\/uploads\/2024\/11\/getty-images-btf-2n_Kcgw-unsplash.webp?resize=1400%2C800&ssl=1 4x"},"classes":[]},{"id":481585,"url":"https:\/\/kohenavocats.com\/ar\/tribunal-judiciaire-de-paris-le-18-mars-2025-n25-05340\/","url_meta":{"origin":653208,"position":3},"title":"Tribunal judiciaire de Paris, le 18 mars 2025, n\u00b025\/05340","author":"Kohen","date":"7 \u0623\u0628\u0631\u064a\u0644\u060c 2026","format":false,"excerpt":"Le juge des contentieux de la protection du tribunal judiciaire de Paris, statuant en r\u00e9f\u00e9r\u00e9, a \u00e9t\u00e9 saisi par le gestionnaire d'une r\u00e9sidence sociale. Ce der...","rel":"","context":"\u0641\u064a &quot;Jurisprudence&quot;","block_context":{"text":"Jurisprudence","link":"https:\/\/kohenavocats.com\/category\/jurisprudence\/"},"img":{"alt_text":"","src":"https:\/\/i0.wp.com\/kohenavocats.com\/wp-content\/uploads\/2024\/11\/steve-johnson-GMZq7FZRcvc-unsplash.webp?resize=350%2C200&ssl=1","width":350,"height":200,"srcset":"https:\/\/i0.wp.com\/kohenavocats.com\/wp-content\/uploads\/2024\/11\/steve-johnson-GMZq7FZRcvc-unsplash.webp?resize=350%2C200&ssl=1 1x, https:\/\/i0.wp.com\/kohenavocats.com\/wp-content\/uploads\/2024\/11\/steve-johnson-GMZq7FZRcvc-unsplash.webp?resize=525%2C300&ssl=1 1.5x, https:\/\/i0.wp.com\/kohenavocats.com\/wp-content\/uploads\/2024\/11\/steve-johnson-GMZq7FZRcvc-unsplash.webp?resize=700%2C400&ssl=1 2x, https:\/\/i0.wp.com\/kohenavocats.com\/wp-content\/uploads\/2024\/11\/steve-johnson-GMZq7FZRcvc-unsplash.webp?resize=1050%2C600&ssl=1 3x, https:\/\/i0.wp.com\/kohenavocats.com\/wp-content\/uploads\/2024\/11\/steve-johnson-GMZq7FZRcvc-unsplash.webp?resize=1400%2C800&ssl=1 4x"},"classes":[]},{"id":684619,"url":"https:\/\/kohenavocats.com\/ar\/cour-dappel-de-paris-le-26-juin-2025-n24-14204\/","url_meta":{"origin":653208,"position":4},"title":"Cour d&#8217;appel de Paris, le 26 juin 2025, n\u00b024\/14204","author":"Kohen","date":"25 \u0623\u0628\u0631\u064a\u0644\u060c 2026","format":false,"excerpt":"La Cour d'appel de Paris, P\u00f4le 1 \u2013 Chambre 3, par arr\u00eat du 26 juin 2025, statue en r\u00e9f\u00e9r\u00e9 \u00e0 propos d\u2019une r\u00e9sidence sociale. Le litige porte sur la possibilit...","rel":"","context":"\u0641\u064a &quot;Jurisprudence&quot;","block_context":{"text":"Jurisprudence","link":"https:\/\/kohenavocats.com\/category\/jurisprudence\/"},"img":{"alt_text":"","src":"https:\/\/i0.wp.com\/kohenavocats.com\/wp-content\/uploads\/2024\/08\/irina-nakonechnaya-7Dkxd1b9uyE-unsplash.webp?resize=350%2C200&ssl=1","width":350,"height":200,"srcset":"https:\/\/i0.wp.com\/kohenavocats.com\/wp-content\/uploads\/2024\/08\/irina-nakonechnaya-7Dkxd1b9uyE-unsplash.webp?resize=350%2C200&ssl=1 1x, https:\/\/i0.wp.com\/kohenavocats.com\/wp-content\/uploads\/2024\/08\/irina-nakonechnaya-7Dkxd1b9uyE-unsplash.webp?resize=525%2C300&ssl=1 1.5x, https:\/\/i0.wp.com\/kohenavocats.com\/wp-content\/uploads\/2024\/08\/irina-nakonechnaya-7Dkxd1b9uyE-unsplash.webp?resize=700%2C400&ssl=1 2x, https:\/\/i0.wp.com\/kohenavocats.com\/wp-content\/uploads\/2024\/08\/irina-nakonechnaya-7Dkxd1b9uyE-unsplash.webp?resize=1050%2C600&ssl=1 3x, https:\/\/i0.wp.com\/kohenavocats.com\/wp-content\/uploads\/2024\/08\/irina-nakonechnaya-7Dkxd1b9uyE-unsplash.webp?resize=1400%2C800&ssl=1 4x"},"classes":[]},{"id":235787,"url":"https:\/\/kohenavocats.com\/ar\/tribunal-judiciaire-de-paris-le-16-juin-2025-n25-03879\/","url_meta":{"origin":653208,"position":5},"title":"Tribunal judiciaire de Paris, le 16 juin 2025, n\u00b025\/03879","author":"Kohen","date":"28 \u062f\u064a\u0633\u0645\u0628\u0631\u060c 2025","format":false,"excerpt":"Je dois d'abord lire int\u00e9gralement cette d\u00e9cision pour bien la comprendre avant de r\u00e9diger le commentaire d'arr\u00eat.L'ordonnance de r\u00e9f\u00e9r\u00e9 rendue par le juge des contentieux de la protection du Tribunal judiciaire de Paris le 16 juin 2025 illustre le contentieux r\u00e9current de l'expulsion des r\u00e9sidents de foyers-logements ayant d\u00e9pass\u00e9 la\u2026","rel":"","context":"\u0641\u064a &quot;D\u00e9cisions juridiques&quot;","block_context":{"text":"D\u00e9cisions juridiques","link":"https:\/\/kohenavocats.com\/category\/decisions-juridiques\/"},"img":{"alt_text":"","src":"https:\/\/i0.wp.com\/kohenavocats.com\/wp-content\/uploads\/2024\/11\/aakash-dhage-mpt624SvwS4-unsplash.webp?resize=350%2C200&ssl=1","width":350,"height":200,"srcset":"https:\/\/i0.wp.com\/kohenavocats.com\/wp-content\/uploads\/2024\/11\/aakash-dhage-mpt624SvwS4-unsplash.webp?resize=350%2C200&ssl=1 1x, https:\/\/i0.wp.com\/kohenavocats.com\/wp-content\/uploads\/2024\/11\/aakash-dhage-mpt624SvwS4-unsplash.webp?resize=525%2C300&ssl=1 1.5x, https:\/\/i0.wp.com\/kohenavocats.com\/wp-content\/uploads\/2024\/11\/aakash-dhage-mpt624SvwS4-unsplash.webp?resize=700%2C400&ssl=1 2x, https:\/\/i0.wp.com\/kohenavocats.com\/wp-content\/uploads\/2024\/11\/aakash-dhage-mpt624SvwS4-unsplash.webp?resize=1050%2C600&ssl=1 3x, https:\/\/i0.wp.com\/kohenavocats.com\/wp-content\/uploads\/2024\/11\/aakash-dhage-mpt624SvwS4-unsplash.webp?resize=1400%2C800&ssl=1 4x"},"classes":[]}],"jetpack_sharing_enabled":true,"_links":{"self":[{"href":"https:\/\/kohenavocats.com\/ar\/wp-json\/wp\/v2\/posts\/653208","targetHints":{"allow":["GET"]}}],"collection":[{"href":"https:\/\/kohenavocats.com\/ar\/wp-json\/wp\/v2\/posts"}],"about":[{"href":"https:\/\/kohenavocats.com\/ar\/wp-json\/wp\/v2\/types\/post"}],"author":[{"embeddable":true,"href":"https:\/\/kohenavocats.com\/ar\/wp-json\/wp\/v2\/users\/232070755"}],"replies":[{"embeddable":true,"href":"https:\/\/kohenavocats.com\/ar\/wp-json\/wp\/v2\/comments?post=653208"}],"version-history":[{"count":0,"href":"https:\/\/kohenavocats.com\/ar\/wp-json\/wp\/v2\/posts\/653208\/revisions"}],"wp:featuredmedia":[{"embeddable":true,"href":"https:\/\/kohenavocats.com\/ar\/wp-json\/wp\/v2\/media\/4693"}],"wp:attachment":[{"href":"https:\/\/kohenavocats.com\/ar\/wp-json\/wp\/v2\/media?parent=653208"}],"wp:term":[{"taxonomy":"category","embeddable":true,"href":"https:\/\/kohenavocats.com\/ar\/wp-json\/wp\/v2\/categories?post=653208"},{"taxonomy":"post_tag","embeddable":true,"href":"https:\/\/kohenavocats.com\/ar\/wp-json\/wp\/v2\/tags?post=653208"}],"curies":[{"name":"wp","href":"https:\/\/api.w.org\/{rel}","templated":true}]}}