{"id":653519,"date":"2026-04-23T01:14:47","date_gmt":"2026-04-22T23:14:47","guid":{"rendered":"https:\/\/kohenavocats.com\/cour-dappel-de-paris-le-16-juin-2025-n21-03898\/"},"modified":"2026-04-23T01:14:47","modified_gmt":"2026-04-22T23:14:47","slug":"cour-dappel-de-paris-le-16-juin-2025-n21-03898","status":"publish","type":"post","link":"https:\/\/kohenavocats.com\/ar\/cour-dappel-de-paris-le-16-juin-2025-n21-03898\/","title":{"rendered":"Cour d&#8217;appel de Paris, le 16 juin 2025, n\u00b021\/03898"},"content":{"rendered":"<div class=\"article-content\">\n<p>La Cour d\u2019appel de Paris, statuant le 16 juin 2025, examine l\u2019ex\u00e9cution d\u2019un arr\u00eat ordonnant la r\u00e9int\u00e9gration d\u2019une salari\u00e9e. L\u2019employeur conteste le calcul de l\u2019indemnit\u00e9 d\u2019\u00e9viction due suite \u00e0 un licenciement nul. La juridiction doit pr\u00e9ciser les modalit\u00e9s de calcul de cette indemnit\u00e9 et le traitement des revenus de remplacement. La cour fixe le montant de l\u2019indemnit\u00e9 et rejette les arguments de l\u2019employeur.<\/p>\n<p>Le calcul de l\u2019indemnit\u00e9 d\u2019\u00e9viction et son assiette temporelle<\/p>\n<p>La cour d\u00e9termine d\u2019abord la p\u00e9riode indemnisable jusqu\u2019\u00e0 la r\u00e9int\u00e9gration effective. Elle rejette l\u2019argument selon lequel l\u2019absence de sollicitation par la salari\u00e9e interrompt le droit \u00e0 indemnit\u00e9. La juridiction rappelle en effet que &#8220;l&#8217;employeur doit proc\u00e9der \u00e0 la r\u00e9int\u00e9gration du salari\u00e9 sans que ce dernier ait besoin de le solliciter&#8221; (Motifs, point 1). La port\u00e9e est claire : l\u2019obligation de r\u00e9int\u00e9gration p\u00e8se uniquement sur l\u2019employeur. La p\u00e9riode court donc jusqu\u2019au jour de la r\u00e9int\u00e9gration effective, fix\u00e9e au 18 avril 2025. La valeur de cette solution r\u00e9side dans la protection du salari\u00e9, qui n\u2019a pas \u00e0 initier une d\u00e9marche suppl\u00e9mentaire. La cour \u00e9carte ensuite la contestation sur la base de calcul salariale, retenant les \u00e9l\u00e9ments fournis par les parties pour \u00e9tablir le salaire d\u00fb.<\/p>\n<p>La d\u00e9duction des revenus de remplacement et la charge de la preuve<\/p>\n<p>Le second point concerne la d\u00e9duction des revenus de remplacement per\u00e7us par la salari\u00e9e. L\u2019employeur invoquait des activit\u00e9s lucratives non d\u00e9clar\u00e9es pour demander une majoration de cette d\u00e9duction. La cour, examinant les pi\u00e8ces, constate que les d\u00e9clarations de revenus &#8220;ne mentionnent que les allocations de ch\u00f4mage&#8221; (Motifs, point 1). Elle retient donc ce montant comme seul revenu de remplacement \u00e0 d\u00e9duire. Le sens de cette analyse est de placer la charge de la preuve sur l\u2019employeur qui all\u00e8gue des revenus suppl\u00e9mentaires. La port\u00e9e est pratique : seuls les revenus formellement \u00e9tablis sont d\u00e9duits, prot\u00e9geant ainsi le salari\u00e9 de demandes sp\u00e9culatives. Cette approche rejoint la logique d\u2019une jurisprudence r\u00e9cente de la Chambre sociale. Celle-ci a en effet jug\u00e9 que le salari\u00e9 &#8220;a droit au paiement d&#8217;une indemnit\u00e9 \u00e9gale au montant de la r\u00e9mun\u00e9ration qu&#8217;il aurait d\u00fb percevoir entre son \u00e9viction et sa r\u00e9int\u00e9gration, sans d\u00e9duction des \u00e9ventuels revenus de remplacement dont il a pu b\u00e9n\u00e9ficier pendant cette p\u00e9riode&#8221; (Cass. Chambre sociale, le 9 juillet 2025, n\u00b023-21.863). La solution de la cour d\u2019appel, qui op\u00e8re une d\u00e9duction, semble a priori diff\u00e9rente. Elle s\u2019explique cependant par le cadre proc\u00e9dural de l\u2019ex\u00e9cution d\u2019un jugement d\u00e9j\u00e0 rendu. La valeur de l\u2019arr\u00eat comment\u00e9 est de confirmer la n\u00e9cessit\u00e9 d\u2019une preuve solide pour toute d\u00e9duction suppl\u00e9mentaire.<\/p>\n<\/div>\n","protected":false},"excerpt":{"rendered":"<p>La Cour d\u2019appel de Paris, statuant le 16 juin 2025, examine l\u2019ex\u00e9cution d\u2019un arr\u00eat ordonnant la r\u00e9int\u00e9gration d\u2019une salari\u00e9e. L\u2019employeur conteste le calcul &#8230;<\/p>\n","protected":false},"author":232070755,"featured_media":4744,"comment_status":"open","ping_status":"open","sticky":false,"template":"","format":"standard","meta":{"_crdt_document":"","_jetpack_newsletter_access":"","_jetpack_dont_email_post_to_subs":false,"_jetpack_newsletter_tier_id":0,"_jetpack_memberships_contains_paywalled_content":false,"_jetpack_memberships_contains_paid_content":false,"footnotes":"","jetpack_post_was_ever_published":false},"categories":[7597],"tags":[],"class_list":["post-653519","post","type-post","status-publish","format-standard","has-post-thumbnail","hentry","category-jurisprudence"],"yoast_head":"<!-- This site is optimized with the Yoast SEO Premium plugin v27.4 (Yoast SEO v27.4) - https:\/\/yoast.com\/product\/yoast-seo-premium-wordpress\/ -->\n<title>Cour d&#039;appel de Paris, le 16 juin 2025, n\u00b021\/03898 - Ma\u00eetre Hassan Kohen, avocat en droit p\u00e9nal \u00e0 Paris<\/title>\n<meta name=\"description\" content=\"La Cour d\u2019appel de Paris, statuant le 16 juin 2025, examine l\u2019ex\u00e9cution d\u2019un arr\u00eat ordonnant la r\u00e9int\u00e9gration d\u2019une salari\u00e9e. L\u2019employeur conteste le calcul ...\" \/>\n<meta name=\"robots\" content=\"index, follow, max-snippet:-1, max-image-preview:large, max-video-preview:-1\" \/>\n<link rel=\"canonical\" href=\"https:\/\/kohenavocats.com\/ar\/cour-dappel-de-paris-le-16-juin-2025-n21-03898\/\" \/>\n<meta property=\"og:locale\" content=\"ar_AR\" \/>\n<meta property=\"og:type\" content=\"article\" \/>\n<meta property=\"og:title\" content=\"Cour d&#039;appel de Paris, le 16 juin 2025, n\u00b021\/03898\" \/>\n<meta property=\"og:description\" content=\"La Cour d\u2019appel de Paris, statuant le 16 juin 2025, examine l\u2019ex\u00e9cution d\u2019un arr\u00eat ordonnant la r\u00e9int\u00e9gration d\u2019une salari\u00e9e. L\u2019employeur conteste le calcul ...\" \/>\n<meta property=\"og:url\" content=\"https:\/\/kohenavocats.com\/ar\/cour-dappel-de-paris-le-16-juin-2025-n21-03898\/\" \/>\n<meta property=\"og:site_name\" content=\"Ma\u00eetre Hassan Kohen, avocat en droit p\u00e9nal \u00e0 Paris\" \/>\n<meta property=\"article:published_time\" content=\"2026-04-22T23:14:47+00:00\" \/>\n<meta property=\"og:image\" content=\"https:\/\/kohenavocats.com\/wp-content\/uploads\/2024\/08\/xavier-photography-Cgzlv8ZL188-unsplash.webp\" \/>\n\t<meta property=\"og:image:width\" content=\"7095\" \/>\n\t<meta property=\"og:image:height\" content=\"4735\" \/>\n\t<meta property=\"og:image:type\" content=\"image\/webp\" \/>\n<meta name=\"author\" content=\"Kohen\" \/>\n<meta name=\"twitter:card\" content=\"summary_large_image\" \/>\n<meta name=\"twitter:label1\" content=\"\u0643\u064f\u062a\u0628 \u0628\u0648\u0627\u0633\u0637\u0629\" \/>\n\t<meta name=\"twitter:data1\" content=\"Kohen\" \/>\n\t<meta name=\"twitter:label2\" content=\"\u0648\u0642\u062a \u0627\u0644\u0642\u0631\u0627\u0621\u0629 \u0627\u0644\u0645\u064f\u0642\u062f\u0651\u0631\" \/>\n\t<meta name=\"twitter:data2\" content=\"\u062f\u0642\u064a\u0642\u062a\u0627\u0646\" \/>\n<script type=\"application\/ld+json\" class=\"yoast-schema-graph\">{\"@context\":\"https:\\\/\\\/schema.org\",\"@graph\":[{\"@type\":\"Article\",\"@id\":\"https:\\\/\\\/kohenavocats.com\\\/ar\\\/cour-dappel-de-paris-le-16-juin-2025-n21-03898\\\/#article\",\"isPartOf\":{\"@id\":\"https:\\\/\\\/kohenavocats.com\\\/ar\\\/cour-dappel-de-paris-le-16-juin-2025-n21-03898\\\/\"},\"author\":{\"name\":\"Kohen\",\"@id\":\"https:\\\/\\\/kohenavocats.com\\\/ar\\\/#\\\/schema\\\/person\\\/761c9ba54fa1ca84d405cef0831ff751\"},\"headline\":\"Cour d&#8217;appel de Paris, le 16 juin 2025, n\u00b021\\\/03898\",\"datePublished\":\"2026-04-22T23:14:47+00:00\",\"mainEntityOfPage\":{\"@id\":\"https:\\\/\\\/kohenavocats.com\\\/ar\\\/cour-dappel-de-paris-le-16-juin-2025-n21-03898\\\/\"},\"wordCount\":504,\"commentCount\":0,\"publisher\":{\"@id\":\"https:\\\/\\\/kohenavocats.com\\\/ar\\\/#organization\"},\"image\":{\"@id\":\"https:\\\/\\\/kohenavocats.com\\\/ar\\\/cour-dappel-de-paris-le-16-juin-2025-n21-03898\\\/#primaryimage\"},\"thumbnailUrl\":\"https:\\\/\\\/kohenavocats.com\\\/wp-content\\\/uploads\\\/2024\\\/08\\\/xavier-photography-Cgzlv8ZL188-unsplash.webp\",\"articleSection\":[\"Jurisprudence\"],\"inLanguage\":\"ar\",\"potentialAction\":[{\"@type\":\"CommentAction\",\"name\":\"Comment\",\"target\":[\"https:\\\/\\\/kohenavocats.com\\\/ar\\\/cour-dappel-de-paris-le-16-juin-2025-n21-03898\\\/#respond\"]}],\"citation\":\"Cour d&#8217;appel de Paris, le 16 juin 2025, n\u00b021\\\/03898\",\"about\":[{\"@type\":\"Thing\",\"name\":\"Jurisprudence\"}],\"dateModified\":\"2026-04-22T23:14:47+00:00\",\"speakable\":{\"@type\":\"SpeakableSpecification\",\"cssSelector\":[\".article-content > p:first-of-type\"]}},{\"@type\":\"WebPage\",\"@id\":\"https:\\\/\\\/kohenavocats.com\\\/ar\\\/cour-dappel-de-paris-le-16-juin-2025-n21-03898\\\/\",\"url\":\"https:\\\/\\\/kohenavocats.com\\\/ar\\\/cour-dappel-de-paris-le-16-juin-2025-n21-03898\\\/\",\"name\":\"Cour d'appel de Paris, le 16 juin 2025, n\u00b021\\\/03898 - Ma\u00eetre Hassan Kohen, avocat en droit p\u00e9nal \u00e0 Paris\",\"isPartOf\":{\"@id\":\"https:\\\/\\\/kohenavocats.com\\\/ar\\\/#website\"},\"primaryImageOfPage\":{\"@id\":\"https:\\\/\\\/kohenavocats.com\\\/ar\\\/cour-dappel-de-paris-le-16-juin-2025-n21-03898\\\/#primaryimage\"},\"image\":{\"@id\":\"https:\\\/\\\/kohenavocats.com\\\/ar\\\/cour-dappel-de-paris-le-16-juin-2025-n21-03898\\\/#primaryimage\"},\"thumbnailUrl\":\"https:\\\/\\\/kohenavocats.com\\\/wp-content\\\/uploads\\\/2024\\\/08\\\/xavier-photography-Cgzlv8ZL188-unsplash.webp\",\"datePublished\":\"2026-04-22T23:14:47+00:00\",\"description\":\"La Cour d\u2019appel de Paris, statuant le 16 juin 2025, examine l\u2019ex\u00e9cution d\u2019un arr\u00eat ordonnant la r\u00e9int\u00e9gration d\u2019une salari\u00e9e. L\u2019employeur conteste le calcul ...\",\"breadcrumb\":{\"@id\":\"https:\\\/\\\/kohenavocats.com\\\/ar\\\/cour-dappel-de-paris-le-16-juin-2025-n21-03898\\\/#breadcrumb\"},\"inLanguage\":\"ar\",\"potentialAction\":[{\"@type\":\"ReadAction\",\"target\":[\"https:\\\/\\\/kohenavocats.com\\\/ar\\\/cour-dappel-de-paris-le-16-juin-2025-n21-03898\\\/\"]}]},{\"@type\":\"ImageObject\",\"inLanguage\":\"ar\",\"@id\":\"https:\\\/\\\/kohenavocats.com\\\/ar\\\/cour-dappel-de-paris-le-16-juin-2025-n21-03898\\\/#primaryimage\",\"url\":\"https:\\\/\\\/kohenavocats.com\\\/wp-content\\\/uploads\\\/2024\\\/08\\\/xavier-photography-Cgzlv8ZL188-unsplash.webp\",\"contentUrl\":\"https:\\\/\\\/kohenavocats.com\\\/wp-content\\\/uploads\\\/2024\\\/08\\\/xavier-photography-Cgzlv8ZL188-unsplash.webp\",\"width\":7095,\"height\":4735},{\"@type\":\"BreadcrumbList\",\"@id\":\"https:\\\/\\\/kohenavocats.com\\\/ar\\\/cour-dappel-de-paris-le-16-juin-2025-n21-03898\\\/#breadcrumb\",\"itemListElement\":[{\"@type\":\"ListItem\",\"position\":1,\"name\":\"Home\",\"item\":\"https:\\\/\\\/kohenavocats.com\\\/ar\\\/%d9%85%d8%ad%d8%a7%d9%85%d9%88%d9%86-%d9%85%d8%aa%d8%ae%d8%b5%d8%b5%d9%88%d9%86-%d9%81%d9%8a-%d8%a7%d9%84%d9%82%d8%a7%d9%86%d9%88%d9%86-%d8%a7%d9%84%d8%ac%d9%86%d8%a7%d8%a6%d9%8a-%d8%a8%d8%a8%d8%a7\\\/\"},{\"@type\":\"ListItem\",\"position\":2,\"name\":\"Cour d&rsquo;appel de Paris, le 16 juin 2025, n\u00b021\\\/03898\"}]},{\"@type\":\"WebSite\",\"@id\":\"https:\\\/\\\/kohenavocats.com\\\/ar\\\/#website\",\"url\":\"https:\\\/\\\/kohenavocats.com\\\/ar\\\/\",\"name\":\"Kohen Avocats\",\"description\":\"Ma\u00eetre Hassan Kohen, avocat p\u00e9naliste \u00e0 Paris, intervient exclusivement en droit p\u00e9nal pour la d\u00e9fense des particuliers, notamment en mati\u00e8re d\u2019accusations de viol. Il assure un accompagnement rigoureux d\u00e8s la garde \u00e0 vue jusqu\u2019\u00e0 la Cour d\u2019assises, veillant au strict respect des garanties proc\u00e9durales.\",\"publisher\":{\"@id\":\"https:\\\/\\\/kohenavocats.com\\\/ar\\\/#organization\"},\"potentialAction\":[{\"@type\":\"SearchAction\",\"target\":{\"@type\":\"EntryPoint\",\"urlTemplate\":\"https:\\\/\\\/kohenavocats.com\\\/ar\\\/?s={search_term_string}\"},\"query-input\":{\"@type\":\"PropertyValueSpecification\",\"valueRequired\":true,\"valueName\":\"search_term_string\"}}],\"inLanguage\":\"ar\"},{\"@type\":\"Organization\",\"@id\":\"https:\\\/\\\/kohenavocats.com\\\/ar\\\/#organization\",\"name\":\"Kohen Avocats\",\"url\":\"https:\\\/\\\/kohenavocats.com\\\/ar\\\/\",\"logo\":{\"@type\":\"ImageObject\",\"inLanguage\":\"ar\",\"@id\":\"https:\\\/\\\/kohenavocats.com\\\/ar\\\/#\\\/schema\\\/logo\\\/image\\\/\",\"url\":\"https:\\\/\\\/kohenavocats.com\\\/wp-content\\\/uploads\\\/2026\\\/01\\\/Logo-2-1.webp\",\"contentUrl\":\"https:\\\/\\\/kohenavocats.com\\\/wp-content\\\/uploads\\\/2026\\\/01\\\/Logo-2-1.webp\",\"width\":2114,\"height\":1253,\"caption\":\"Kohen Avocats\"},\"image\":{\"@id\":\"https:\\\/\\\/kohenavocats.com\\\/ar\\\/#\\\/schema\\\/logo\\\/image\\\/\"}},{\"@type\":\"Person\",\"@id\":\"https:\\\/\\\/kohenavocats.com\\\/ar\\\/#\\\/schema\\\/person\\\/761c9ba54fa1ca84d405cef0831ff751\",\"name\":\"Kohen\",\"image\":{\"@type\":\"ImageObject\",\"inLanguage\":\"ar\",\"@id\":\"https:\\\/\\\/secure.gravatar.com\\\/avatar\\\/1c5e76ef76bbbfdd2b4da984e2bf2fa4056fd51a27d25ce2c332047f1dfd6e00?s=96&d=identicon&r=g\",\"url\":\"https:\\\/\\\/secure.gravatar.com\\\/avatar\\\/1c5e76ef76bbbfdd2b4da984e2bf2fa4056fd51a27d25ce2c332047f1dfd6e00?s=96&d=identicon&r=g\",\"contentUrl\":\"https:\\\/\\\/secure.gravatar.com\\\/avatar\\\/1c5e76ef76bbbfdd2b4da984e2bf2fa4056fd51a27d25ce2c332047f1dfd6e00?s=96&d=identicon&r=g\",\"caption\":\"Kohen\"},\"sameAs\":[\"https:\\\/\\\/www.linkedin.com\\\/in\\\/hassan-kohen-448548192\\\/\",\"https:\\\/\\\/www.youtube.com\\\/@Kohen-Avocats\"],\"url\":\"https:\\\/\\\/kohenavocats.com\\\/ar\\\/author\\\/kohenmlk\\\/\"}]}<\/script>\n<!-- \/ Yoast SEO Premium plugin. -->","yoast_head_json":{"title":"Cour d'appel de Paris, le 16 juin 2025, n\u00b021\/03898 - Ma\u00eetre Hassan Kohen, avocat en droit p\u00e9nal \u00e0 Paris","description":"La Cour d\u2019appel de Paris, statuant le 16 juin 2025, examine l\u2019ex\u00e9cution d\u2019un arr\u00eat ordonnant la r\u00e9int\u00e9gration d\u2019une salari\u00e9e. L\u2019employeur conteste le calcul ...","robots":{"index":"index","follow":"follow","max-snippet":"max-snippet:-1","max-image-preview":"max-image-preview:large","max-video-preview":"max-video-preview:-1"},"canonical":"https:\/\/kohenavocats.com\/ar\/cour-dappel-de-paris-le-16-juin-2025-n21-03898\/","og_locale":"ar_AR","og_type":"article","og_title":"Cour d'appel de Paris, le 16 juin 2025, n\u00b021\/03898","og_description":"La Cour d\u2019appel de Paris, statuant le 16 juin 2025, examine l\u2019ex\u00e9cution d\u2019un arr\u00eat ordonnant la r\u00e9int\u00e9gration d\u2019une salari\u00e9e. L\u2019employeur conteste le calcul ...","og_url":"https:\/\/kohenavocats.com\/ar\/cour-dappel-de-paris-le-16-juin-2025-n21-03898\/","og_site_name":"Ma\u00eetre Hassan Kohen, avocat en droit p\u00e9nal \u00e0 Paris","article_published_time":"2026-04-22T23:14:47+00:00","og_image":[{"width":7095,"height":4735,"url":"https:\/\/kohenavocats.com\/wp-content\/uploads\/2024\/08\/xavier-photography-Cgzlv8ZL188-unsplash.webp","type":"image\/webp"}],"author":"Kohen","twitter_card":"summary_large_image","twitter_misc":{"\u0643\u064f\u062a\u0628 \u0628\u0648\u0627\u0633\u0637\u0629":"Kohen","\u0648\u0642\u062a \u0627\u0644\u0642\u0631\u0627\u0621\u0629 \u0627\u0644\u0645\u064f\u0642\u062f\u0651\u0631":"\u062f\u0642\u064a\u0642\u062a\u0627\u0646"},"schema":{"@context":"https:\/\/schema.org","@graph":[{"@type":"Article","@id":"https:\/\/kohenavocats.com\/ar\/cour-dappel-de-paris-le-16-juin-2025-n21-03898\/#article","isPartOf":{"@id":"https:\/\/kohenavocats.com\/ar\/cour-dappel-de-paris-le-16-juin-2025-n21-03898\/"},"author":{"name":"Kohen","@id":"https:\/\/kohenavocats.com\/ar\/#\/schema\/person\/761c9ba54fa1ca84d405cef0831ff751"},"headline":"Cour d&#8217;appel de Paris, le 16 juin 2025, n\u00b021\/03898","datePublished":"2026-04-22T23:14:47+00:00","mainEntityOfPage":{"@id":"https:\/\/kohenavocats.com\/ar\/cour-dappel-de-paris-le-16-juin-2025-n21-03898\/"},"wordCount":504,"commentCount":0,"publisher":{"@id":"https:\/\/kohenavocats.com\/ar\/#organization"},"image":{"@id":"https:\/\/kohenavocats.com\/ar\/cour-dappel-de-paris-le-16-juin-2025-n21-03898\/#primaryimage"},"thumbnailUrl":"https:\/\/kohenavocats.com\/wp-content\/uploads\/2024\/08\/xavier-photography-Cgzlv8ZL188-unsplash.webp","articleSection":["Jurisprudence"],"inLanguage":"ar","potentialAction":[{"@type":"CommentAction","name":"Comment","target":["https:\/\/kohenavocats.com\/ar\/cour-dappel-de-paris-le-16-juin-2025-n21-03898\/#respond"]}],"citation":"Cour d&#8217;appel de Paris, le 16 juin 2025, n\u00b021\/03898","about":[{"@type":"Thing","name":"Jurisprudence"}],"dateModified":"2026-04-22T23:14:47+00:00","speakable":{"@type":"SpeakableSpecification","cssSelector":[".article-content > p:first-of-type"]}},{"@type":"WebPage","@id":"https:\/\/kohenavocats.com\/ar\/cour-dappel-de-paris-le-16-juin-2025-n21-03898\/","url":"https:\/\/kohenavocats.com\/ar\/cour-dappel-de-paris-le-16-juin-2025-n21-03898\/","name":"Cour d'appel de Paris, le 16 juin 2025, n\u00b021\/03898 - Ma\u00eetre Hassan Kohen, avocat en droit p\u00e9nal \u00e0 Paris","isPartOf":{"@id":"https:\/\/kohenavocats.com\/ar\/#website"},"primaryImageOfPage":{"@id":"https:\/\/kohenavocats.com\/ar\/cour-dappel-de-paris-le-16-juin-2025-n21-03898\/#primaryimage"},"image":{"@id":"https:\/\/kohenavocats.com\/ar\/cour-dappel-de-paris-le-16-juin-2025-n21-03898\/#primaryimage"},"thumbnailUrl":"https:\/\/kohenavocats.com\/wp-content\/uploads\/2024\/08\/xavier-photography-Cgzlv8ZL188-unsplash.webp","datePublished":"2026-04-22T23:14:47+00:00","description":"La Cour d\u2019appel de Paris, statuant le 16 juin 2025, examine l\u2019ex\u00e9cution d\u2019un arr\u00eat ordonnant la r\u00e9int\u00e9gration d\u2019une salari\u00e9e. L\u2019employeur conteste le calcul ...","breadcrumb":{"@id":"https:\/\/kohenavocats.com\/ar\/cour-dappel-de-paris-le-16-juin-2025-n21-03898\/#breadcrumb"},"inLanguage":"ar","potentialAction":[{"@type":"ReadAction","target":["https:\/\/kohenavocats.com\/ar\/cour-dappel-de-paris-le-16-juin-2025-n21-03898\/"]}]},{"@type":"ImageObject","inLanguage":"ar","@id":"https:\/\/kohenavocats.com\/ar\/cour-dappel-de-paris-le-16-juin-2025-n21-03898\/#primaryimage","url":"https:\/\/kohenavocats.com\/wp-content\/uploads\/2024\/08\/xavier-photography-Cgzlv8ZL188-unsplash.webp","contentUrl":"https:\/\/kohenavocats.com\/wp-content\/uploads\/2024\/08\/xavier-photography-Cgzlv8ZL188-unsplash.webp","width":7095,"height":4735},{"@type":"BreadcrumbList","@id":"https:\/\/kohenavocats.com\/ar\/cour-dappel-de-paris-le-16-juin-2025-n21-03898\/#breadcrumb","itemListElement":[{"@type":"ListItem","position":1,"name":"Home","item":"https:\/\/kohenavocats.com\/ar\/%d9%85%d8%ad%d8%a7%d9%85%d9%88%d9%86-%d9%85%d8%aa%d8%ae%d8%b5%d8%b5%d9%88%d9%86-%d9%81%d9%8a-%d8%a7%d9%84%d9%82%d8%a7%d9%86%d9%88%d9%86-%d8%a7%d9%84%d8%ac%d9%86%d8%a7%d8%a6%d9%8a-%d8%a8%d8%a8%d8%a7\/"},{"@type":"ListItem","position":2,"name":"Cour d&rsquo;appel de Paris, le 16 juin 2025, n\u00b021\/03898"}]},{"@type":"WebSite","@id":"https:\/\/kohenavocats.com\/ar\/#website","url":"https:\/\/kohenavocats.com\/ar\/","name":"Kohen Avocats","description":"Ma\u00eetre Hassan Kohen, avocat p\u00e9naliste \u00e0 Paris, intervient exclusivement en droit p\u00e9nal pour la d\u00e9fense des particuliers, notamment en mati\u00e8re d\u2019accusations de viol. Il assure un accompagnement rigoureux d\u00e8s la garde \u00e0 vue jusqu\u2019\u00e0 la Cour d\u2019assises, veillant au strict respect des garanties proc\u00e9durales.","publisher":{"@id":"https:\/\/kohenavocats.com\/ar\/#organization"},"potentialAction":[{"@type":"SearchAction","target":{"@type":"EntryPoint","urlTemplate":"https:\/\/kohenavocats.com\/ar\/?s={search_term_string}"},"query-input":{"@type":"PropertyValueSpecification","valueRequired":true,"valueName":"search_term_string"}}],"inLanguage":"ar"},{"@type":"Organization","@id":"https:\/\/kohenavocats.com\/ar\/#organization","name":"Kohen Avocats","url":"https:\/\/kohenavocats.com\/ar\/","logo":{"@type":"ImageObject","inLanguage":"ar","@id":"https:\/\/kohenavocats.com\/ar\/#\/schema\/logo\/image\/","url":"https:\/\/kohenavocats.com\/wp-content\/uploads\/2026\/01\/Logo-2-1.webp","contentUrl":"https:\/\/kohenavocats.com\/wp-content\/uploads\/2026\/01\/Logo-2-1.webp","width":2114,"height":1253,"caption":"Kohen Avocats"},"image":{"@id":"https:\/\/kohenavocats.com\/ar\/#\/schema\/logo\/image\/"}},{"@type":"Person","@id":"https:\/\/kohenavocats.com\/ar\/#\/schema\/person\/761c9ba54fa1ca84d405cef0831ff751","name":"Kohen","image":{"@type":"ImageObject","inLanguage":"ar","@id":"https:\/\/secure.gravatar.com\/avatar\/1c5e76ef76bbbfdd2b4da984e2bf2fa4056fd51a27d25ce2c332047f1dfd6e00?s=96&d=identicon&r=g","url":"https:\/\/secure.gravatar.com\/avatar\/1c5e76ef76bbbfdd2b4da984e2bf2fa4056fd51a27d25ce2c332047f1dfd6e00?s=96&d=identicon&r=g","contentUrl":"https:\/\/secure.gravatar.com\/avatar\/1c5e76ef76bbbfdd2b4da984e2bf2fa4056fd51a27d25ce2c332047f1dfd6e00?s=96&d=identicon&r=g","caption":"Kohen"},"sameAs":["https:\/\/www.linkedin.com\/in\/hassan-kohen-448548192\/","https:\/\/www.youtube.com\/@Kohen-Avocats"],"url":"https:\/\/kohenavocats.com\/ar\/author\/kohenmlk\/"}]}},"jetpack_featured_media_url":"https:\/\/kohenavocats.com\/wp-content\/uploads\/2024\/08\/xavier-photography-Cgzlv8ZL188-unsplash.webp","jetpack_likes_enabled":false,"jetpack_shortlink":"https:\/\/wp.me\/peCrII-2K0D","jetpack-related-posts":[{"id":41069,"url":"https:\/\/kohenavocats.com\/ar\/cour-dappel-de-paris-le-9-juillet-2025-n22-00349\/","url_meta":{"origin":653519,"position":0},"title":"Cour d&#8217;appel de Paris, le 9 juillet 2025, n\u00b022\/00349","author":"Kohen","date":"6 \u0646\u0648\u0641\u0645\u0628\u0631\u060c 2025","format":false,"excerpt":"Par un arr\u00eat du 9 juillet 2025, la cour d\u2019appel de Paris (p\u00f4le 6, chambre 6) s\u2019est prononc\u00e9e sur un licenciement disciplinaire contest\u00e9 d\u2019une responsable conformit\u00e9. Le litige opposait une salari\u00e9e \u00e0 son employeur bancaire \u00e0 propos d\u2019all\u00e9gations de harc\u00e8lement moral, de la nullit\u00e9 du licenciement et, le cas \u00e9ch\u00e9ant,\u2026","rel":"","context":"\u0641\u064a &quot;Cour d'appel&quot;","block_context":{"text":"Cour d'appel","link":"https:\/\/kohenavocats.com\/category\/cour-dappel\/"},"img":{"alt_text":"","src":"https:\/\/i0.wp.com\/kohenavocats.com\/wp-content\/uploads\/2024\/08\/nathan-cima-chaLsSBHLAs-unsplash.webp?resize=350%2C200&ssl=1","width":350,"height":200,"srcset":"https:\/\/i0.wp.com\/kohenavocats.com\/wp-content\/uploads\/2024\/08\/nathan-cima-chaLsSBHLAs-unsplash.webp?resize=350%2C200&ssl=1 1x, https:\/\/i0.wp.com\/kohenavocats.com\/wp-content\/uploads\/2024\/08\/nathan-cima-chaLsSBHLAs-unsplash.webp?resize=525%2C300&ssl=1 1.5x, https:\/\/i0.wp.com\/kohenavocats.com\/wp-content\/uploads\/2024\/08\/nathan-cima-chaLsSBHLAs-unsplash.webp?resize=700%2C400&ssl=1 2x, https:\/\/i0.wp.com\/kohenavocats.com\/wp-content\/uploads\/2024\/08\/nathan-cima-chaLsSBHLAs-unsplash.webp?resize=1050%2C600&ssl=1 3x, https:\/\/i0.wp.com\/kohenavocats.com\/wp-content\/uploads\/2024\/08\/nathan-cima-chaLsSBHLAs-unsplash.webp?resize=1400%2C800&ssl=1 4x"},"classes":[]},{"id":490446,"url":"https:\/\/kohenavocats.com\/ar\/cour-dappel-de-paris-le-10-juillet-2024-n22-04751\/","url_meta":{"origin":653519,"position":1},"title":"Cour d&#8217;appel de Paris, le 10 juillet 2024, n\u00b022\/04751","author":"Kohen","date":"8 \u0623\u0628\u0631\u064a\u0644\u060c 2026","format":false,"excerpt":"La Cour d\u2019appel de Paris, statuant le 10 juillet 2024, a examin\u00e9 le litige opposant une salari\u00e9e \u00e0 son employeur associatif. La salari\u00e9e invoquait un harc\u00e8le...","rel":"","context":"\u0641\u064a &quot;Jurisprudence&quot;","block_context":{"text":"Jurisprudence","link":"https:\/\/kohenavocats.com\/category\/jurisprudence\/"},"img":{"alt_text":"","src":"https:\/\/i0.wp.com\/kohenavocats.com\/wp-content\/uploads\/2024\/08\/joshua-woods-hUREQwNYiZQ-unsplash.webp?resize=350%2C200&ssl=1","width":350,"height":200,"srcset":"https:\/\/i0.wp.com\/kohenavocats.com\/wp-content\/uploads\/2024\/08\/joshua-woods-hUREQwNYiZQ-unsplash.webp?resize=350%2C200&ssl=1 1x, https:\/\/i0.wp.com\/kohenavocats.com\/wp-content\/uploads\/2024\/08\/joshua-woods-hUREQwNYiZQ-unsplash.webp?resize=525%2C300&ssl=1 1.5x, https:\/\/i0.wp.com\/kohenavocats.com\/wp-content\/uploads\/2024\/08\/joshua-woods-hUREQwNYiZQ-unsplash.webp?resize=700%2C400&ssl=1 2x, https:\/\/i0.wp.com\/kohenavocats.com\/wp-content\/uploads\/2024\/08\/joshua-woods-hUREQwNYiZQ-unsplash.webp?resize=1050%2C600&ssl=1 3x, https:\/\/i0.wp.com\/kohenavocats.com\/wp-content\/uploads\/2024\/08\/joshua-woods-hUREQwNYiZQ-unsplash.webp?resize=1400%2C800&ssl=1 4x"},"classes":[]},{"id":486089,"url":"https:\/\/kohenavocats.com\/ar\/cour-dappel-de-noumea-le-24-avril-2025-n24-04316\/","url_meta":{"origin":653519,"position":2},"title":"Cour d&#8217;appel de Noum\u00e9a, le 24 avril 2025, n\u00b024\/04316","author":"Kohen","date":"8 \u0623\u0628\u0631\u064a\u0644\u060c 2026","format":false,"excerpt":"La Cour d'appel de Noum\u00e9a, le 24 avril 2025, statue sur les suites d'une cassation partielle d'un arr\u00eat. Une salari\u00e9e, dont le licenciement avait \u00e9t\u00e9 annul\u00e9,...","rel":"","context":"\u0641\u064a &quot;Jurisprudence&quot;","block_context":{"text":"Jurisprudence","link":"https:\/\/kohenavocats.com\/category\/jurisprudence\/"},"img":{"alt_text":"","src":"https:\/\/i0.wp.com\/kohenavocats.com\/wp-content\/uploads\/2024\/11\/lala-azizli-IdY1J7h1vwQ-unsplash-1.webp?resize=350%2C200&ssl=1","width":350,"height":200,"srcset":"https:\/\/i0.wp.com\/kohenavocats.com\/wp-content\/uploads\/2024\/11\/lala-azizli-IdY1J7h1vwQ-unsplash-1.webp?resize=350%2C200&ssl=1 1x, https:\/\/i0.wp.com\/kohenavocats.com\/wp-content\/uploads\/2024\/11\/lala-azizli-IdY1J7h1vwQ-unsplash-1.webp?resize=525%2C300&ssl=1 1.5x, https:\/\/i0.wp.com\/kohenavocats.com\/wp-content\/uploads\/2024\/11\/lala-azizli-IdY1J7h1vwQ-unsplash-1.webp?resize=700%2C400&ssl=1 2x, https:\/\/i0.wp.com\/kohenavocats.com\/wp-content\/uploads\/2024\/11\/lala-azizli-IdY1J7h1vwQ-unsplash-1.webp?resize=1050%2C600&ssl=1 3x, https:\/\/i0.wp.com\/kohenavocats.com\/wp-content\/uploads\/2024\/11\/lala-azizli-IdY1J7h1vwQ-unsplash-1.webp?resize=1400%2C800&ssl=1 4x"},"classes":[]},{"id":478661,"url":"https:\/\/kohenavocats.com\/ar\/cour-dappel-de-paris-le-10-juillet-2024-n22-09196\/","url_meta":{"origin":653519,"position":3},"title":"Cour d&#8217;appel de Paris, le 10 juillet 2024, n\u00b022\/09196","author":"Kohen","date":"7 \u0623\u0628\u0631\u064a\u0644\u060c 2026","format":false,"excerpt":"La Cour d'appel de Paris, le 10 juillet 2024, statue sur les suites d'une rupture de p\u00e9riode d'essai intervenue apr\u00e8s l'annonce d'une grossesse. La juridicti...","rel":"","context":"\u0641\u064a &quot;Jurisprudence&quot;","block_context":{"text":"Jurisprudence","link":"https:\/\/kohenavocats.com\/category\/jurisprudence\/"},"img":{"alt_text":"","src":"https:\/\/i0.wp.com\/kohenavocats.com\/wp-content\/uploads\/2024\/06\/chesss.webp?resize=350%2C200&ssl=1","width":350,"height":200,"srcset":"https:\/\/i0.wp.com\/kohenavocats.com\/wp-content\/uploads\/2024\/06\/chesss.webp?resize=350%2C200&ssl=1 1x, https:\/\/i0.wp.com\/kohenavocats.com\/wp-content\/uploads\/2024\/06\/chesss.webp?resize=525%2C300&ssl=1 1.5x, https:\/\/i0.wp.com\/kohenavocats.com\/wp-content\/uploads\/2024\/06\/chesss.webp?resize=700%2C400&ssl=1 2x, https:\/\/i0.wp.com\/kohenavocats.com\/wp-content\/uploads\/2024\/06\/chesss.webp?resize=1050%2C600&ssl=1 3x, https:\/\/i0.wp.com\/kohenavocats.com\/wp-content\/uploads\/2024\/06\/chesss.webp?resize=1400%2C800&ssl=1 4x"},"classes":[]},{"id":663769,"url":"https:\/\/kohenavocats.com\/ar\/cour-dappel-le-25-septembre-2025-n23-02076\/","url_meta":{"origin":653519,"position":4},"title":"Cour d&#8217;appel, le 25 septembre 2025, n\u00b023\/02076","author":"Kohen","date":"23 \u0623\u0628\u0631\u064a\u0644\u060c 2026","format":false,"excerpt":"La Cour d'appel, chambre sociale, statue sur un recours relatif \u00e0 l'indemnit\u00e9 d'\u00e9viction d'un salari\u00e9 prot\u00e9g\u00e9. Le licenciement, intervenu apr\u00e8s autorisation ...","rel":"","context":"\u0641\u064a &quot;Jurisprudence&quot;","block_context":{"text":"Jurisprudence","link":"https:\/\/kohenavocats.com\/category\/jurisprudence\/"},"img":{"alt_text":"","src":"https:\/\/i0.wp.com\/kohenavocats.com\/wp-content\/uploads\/2024\/08\/waqar-KY7GFNrxoOY-unsplash-1.webp?resize=350%2C200&ssl=1","width":350,"height":200,"srcset":"https:\/\/i0.wp.com\/kohenavocats.com\/wp-content\/uploads\/2024\/08\/waqar-KY7GFNrxoOY-unsplash-1.webp?resize=350%2C200&ssl=1 1x, https:\/\/i0.wp.com\/kohenavocats.com\/wp-content\/uploads\/2024\/08\/waqar-KY7GFNrxoOY-unsplash-1.webp?resize=525%2C300&ssl=1 1.5x, https:\/\/i0.wp.com\/kohenavocats.com\/wp-content\/uploads\/2024\/08\/waqar-KY7GFNrxoOY-unsplash-1.webp?resize=700%2C400&ssl=1 2x, https:\/\/i0.wp.com\/kohenavocats.com\/wp-content\/uploads\/2024\/08\/waqar-KY7GFNrxoOY-unsplash-1.webp?resize=1050%2C600&ssl=1 3x, https:\/\/i0.wp.com\/kohenavocats.com\/wp-content\/uploads\/2024\/08\/waqar-KY7GFNrxoOY-unsplash-1.webp?resize=1400%2C800&ssl=1 4x"},"classes":[]},{"id":621428,"url":"https:\/\/kohenavocats.com\/ar\/cour-dappel-le-11-juin-2025-n23-00703\/","url_meta":{"origin":653519,"position":5},"title":"Cour d&#8217;appel, le 11 juin 2025, n\u00b023\/00703","author":"Kohen","date":"20 \u0623\u0628\u0631\u064a\u0644\u060c 2026","format":false,"excerpt":"Cour d\u2019appel de Versailles, chambre sociale, arr\u00eat du 11 juin 2025. Un salari\u00e9 licenci\u00e9 pour absence prolong\u00e9e saisit le conseil de prud\u2019hommes. Il invoque u...","rel":"","context":"\u0641\u064a &quot;Jurisprudence&quot;","block_context":{"text":"Jurisprudence","link":"https:\/\/kohenavocats.com\/category\/jurisprudence\/"},"img":{"alt_text":"","src":"https:\/\/i0.wp.com\/kohenavocats.com\/wp-content\/uploads\/2024\/11\/mohamed-nohassi-2pwiobQzBhg-unsplash.webp?resize=350%2C200&ssl=1","width":350,"height":200,"srcset":"https:\/\/i0.wp.com\/kohenavocats.com\/wp-content\/uploads\/2024\/11\/mohamed-nohassi-2pwiobQzBhg-unsplash.webp?resize=350%2C200&ssl=1 1x, https:\/\/i0.wp.com\/kohenavocats.com\/wp-content\/uploads\/2024\/11\/mohamed-nohassi-2pwiobQzBhg-unsplash.webp?resize=525%2C300&ssl=1 1.5x, https:\/\/i0.wp.com\/kohenavocats.com\/wp-content\/uploads\/2024\/11\/mohamed-nohassi-2pwiobQzBhg-unsplash.webp?resize=700%2C400&ssl=1 2x, https:\/\/i0.wp.com\/kohenavocats.com\/wp-content\/uploads\/2024\/11\/mohamed-nohassi-2pwiobQzBhg-unsplash.webp?resize=1050%2C600&ssl=1 3x, https:\/\/i0.wp.com\/kohenavocats.com\/wp-content\/uploads\/2024\/11\/mohamed-nohassi-2pwiobQzBhg-unsplash.webp?resize=1400%2C800&ssl=1 4x"},"classes":[]}],"jetpack_sharing_enabled":true,"_links":{"self":[{"href":"https:\/\/kohenavocats.com\/ar\/wp-json\/wp\/v2\/posts\/653519","targetHints":{"allow":["GET"]}}],"collection":[{"href":"https:\/\/kohenavocats.com\/ar\/wp-json\/wp\/v2\/posts"}],"about":[{"href":"https:\/\/kohenavocats.com\/ar\/wp-json\/wp\/v2\/types\/post"}],"author":[{"embeddable":true,"href":"https:\/\/kohenavocats.com\/ar\/wp-json\/wp\/v2\/users\/232070755"}],"replies":[{"embeddable":true,"href":"https:\/\/kohenavocats.com\/ar\/wp-json\/wp\/v2\/comments?post=653519"}],"version-history":[{"count":0,"href":"https:\/\/kohenavocats.com\/ar\/wp-json\/wp\/v2\/posts\/653519\/revisions"}],"wp:featuredmedia":[{"embeddable":true,"href":"https:\/\/kohenavocats.com\/ar\/wp-json\/wp\/v2\/media\/4744"}],"wp:attachment":[{"href":"https:\/\/kohenavocats.com\/ar\/wp-json\/wp\/v2\/media?parent=653519"}],"wp:term":[{"taxonomy":"category","embeddable":true,"href":"https:\/\/kohenavocats.com\/ar\/wp-json\/wp\/v2\/categories?post=653519"},{"taxonomy":"post_tag","embeddable":true,"href":"https:\/\/kohenavocats.com\/ar\/wp-json\/wp\/v2\/tags?post=653519"}],"curies":[{"name":"wp","href":"https:\/\/api.w.org\/{rel}","templated":true}]}}