{"id":653551,"date":"2026-04-23T01:18:43","date_gmt":"2026-04-22T23:18:43","guid":{"rendered":"https:\/\/kohenavocats.com\/copj-paris-ile-de-france-tribunal-delais-pieces\/"},"modified":"2026-04-23T01:18:43","modified_gmt":"2026-04-22T23:18:43","slug":"copj-paris-ile-de-france-tribunal-delais-pieces","status":"publish","type":"post","link":"https:\/\/kohenavocats.com\/ar\/copj-paris-ile-de-france-tribunal-delais-pieces\/","title":{"rendered":"COPJ \u00e0 Paris et en \u00cele-de-France : quel tribunal correctionnel, quels d\u00e9lais observer et quelles pi\u00e8ces pr\u00e9parer"},"content":{"rendered":"<p>Si vous recevez une convocation par officier de police judiciaire et que vous \u00eates jug\u00e9 \u00e0 Paris ou en \u00cele-de-France, la premi\u00e8re difficult\u00e9 n&#8217;est pas th\u00e9orique. Il faut identifier le bon tribunal, comprendre le calendrier r\u00e9el de la convocation, et pr\u00e9parer un dossier utile avant une audience souvent tr\u00e8s charg\u00e9e.<\/p>\n<p>Pour le socle proc\u00e9dural commun, commencez par notre guide principal sur la <a href=\"https:\/\/kohenavocats.com\/copj-tribunal-correctionnel-delai-dossier-renvoi-defaut-comparution\/\">COPJ devant le tribunal correctionnel<\/a> ainsi que notre page-pilier sur la <a href=\"https:\/\/kohenavocats.com\/convocation-devant-le-tribunal-correctionnel-que-se-passe-t-il-et-que-faire-avant-laudience\/\">convocation devant le tribunal correctionnel<\/a>. Cette d\u00e9clinaison est centr\u00e9e sur Paris et l&#8217;\u00cele-de-France.<\/p>\n<h2>Le premier point \u00e0 lire n&#8217;est pas votre adresse, c&#8217;est le tribunal saisi<\/h2>\n<p>Une COPJ vaut citation au sens de l&#8217;<a href=\"https:\/\/www.legifrance.gouv.fr\/codes\/article_lc\/LEGIARTI000047052887\">article 390-1 du code de proc\u00e9dure p\u00e9nale<\/a>. Elle doit indiquer le tribunal saisi, le lieu, la date et l&#8217;heure de l&#8217;audience. En pratique, la bonne question n&#8217;est donc pas seulement &#8220;j&#8217;habite o\u00f9 ?&#8221;, mais &#8220;quel tribunal correctionnel est express\u00e9ment vis\u00e9 sur l&#8217;acte ?&#8221;.<\/p>\n<p>Si la convocation vise Paris intramuros, la juridiction de r\u00e9f\u00e9rence est le tribunal judiciaire de Paris, ressort de la cour d&#8217;appel de Paris.<\/p>\n<p>Si la proc\u00e9dure est orient\u00e9e vers un autre ressort francilien, la convocation peut viser notamment :<\/p>\n<ul>\n<li>Bobigny pour la Seine-Saint-Denis ;<\/li>\n<li>Cr\u00e9teil pour le Val-de-Marne ;<\/li>\n<li>Nanterre pour les Hauts-de-Seine ;<\/li>\n<li>Versailles pour une partie des Yvelines ;<\/li>\n<li>\u00c9vry-Courcouronnes pour une partie de l&#8217;Essonne ;<\/li>\n<li>Pontoise pour une partie du Val-d&#8217;Oise ;<\/li>\n<li>Meaux, Melun ou Fontainebleau pour la Seine-et-Marne ;<\/li>\n<li>Versailles, Mantes-la-Jolie, Poissy, Rambouillet ou Saint-Germain-en-Laye selon le ressort local des Yvelines.<\/li>\n<\/ul>\n<p>Pour Paris m\u00eame, la logique territoriale est simple : commune de Paris, cour d&#8217;appel de Paris, tribunal judiciaire de Paris. Pour le reste de l&#8217;\u00cele-de-France, la convocation vous donne normalement le tribunal d\u00e9j\u00e0 saisi. Il ne faut donc jamais partir de suppositions si l&#8217;acte d\u00e9signe express\u00e9ment la juridiction.<\/p>\n<h2>Le vrai d\u00e9lai \u00e0 surveiller n&#8217;est pas seulement la date d&#8217;audience<\/h2>\n<p>Le minimum l\u00e9gal reste celui de l&#8217;<a href=\"https:\/\/www.legifrance.gouv.fr\/codes\/article_lc\/LEGIARTI000019113201\">article 552 du code de proc\u00e9dure p\u00e9nale<\/a> : au moins dix jours entre la d\u00e9livrance de la citation et la comparution devant le tribunal correctionnel si vous r\u00e9sidez en France m\u00e9tropolitaine.<\/p>\n<p>\u00c0 Paris et en \u00cele-de-France, le d\u00e9lai r\u00e9el utile se lit \u00e0 trois niveaux :<\/p>\n<ul>\n<li>le d\u00e9lai l\u00e9gal plancher de dix jours ;<\/li>\n<li>le d\u00e9lai effectivement laiss\u00e9 par la convocation avant l&#8217;audience ;<\/li>\n<li>le d\u00e9lai n\u00e9cessaire pour que l&#8217;avocat consulte le dossier, demande copie des pi\u00e8ces et pr\u00e9pare une d\u00e9fense s\u00e9rieuse.<\/li>\n<\/ul>\n<p>Dans beaucoup de dossiers, la COPJ laisse plusieurs semaines ou plusieurs mois avant l&#8217;audience. Ce temps apparent ne doit pas tromper. Les greffes correctionnels sont charg\u00e9s, les audiences se remplissent vite, et un renvoi mal pr\u00e9par\u00e9 se perd facilement dans l&#8217;encombrement habituel des r\u00f4les.<\/p>\n<p>Autrement dit, \u00e0 Paris et en \u00cele-de-France, le bon r\u00e9flexe n&#8217;est pas d&#8217;attendre la veille. C&#8217;est d&#8217;ouvrir le dossier imm\u00e9diatement.<\/p>\n<h2>Comment votre avocat travaille utilement avant l&#8217;audience<\/h2>\n<p>L&#8217;<a href=\"https:\/\/www.legifrance.gouv.fr\/codes\/article_lc\/LEGIARTI000039279004\">article 388-4 CPP<\/a> permet aux avocats des parties de consulter le dossier au greffe et d&#8217;en demander copie. L&#8217;<a href=\"https:\/\/www.legifrance.gouv.fr\/codes\/article_lc\/LEGIARTI000038312519\">article 388-5 CPP<\/a> permet ensuite de demander des actes jug\u00e9s n\u00e9cessaires \u00e0 la manifestation de la v\u00e9rit\u00e9.<\/p>\n<p>\u00c0 Paris comme dans le reste de l&#8217;\u00cele-de-France, ce double levier sert \u00e0 quatre choses :<\/p>\n<ul>\n<li>v\u00e9rifier la r\u00e9gularit\u00e9 de la convocation ;<\/li>\n<li>voir si une pi\u00e8ce essentielle manque ;<\/li>\n<li>pr\u00e9parer la d\u00e9fense de fond ;<\/li>\n<li>d\u00e9cider si un renvoi doit \u00eatre demand\u00e9 et sur quel fondement.<\/li>\n<\/ul>\n<p>Dans un dossier de COPJ, la d\u00e9fense n&#8217;est pas seulement orale. Elle est chronologique. Plus l&#8217;avocat intervient t\u00f4t, plus il peut travailler avec la date d&#8217;audience, au lieu de subir cette date.<\/p>\n<h2>Les pi\u00e8ces qu&#8217;il faut pr\u00e9parer sp\u00e9cialement en \u00cele-de-France<\/h2>\n<p>Le tribunal correctionnel attend toujours un dossier de personnalit\u00e9 s\u00e9rieux. Mais \u00e0 Paris et en premi\u00e8re couronne, il faut souvent anticiper aussi tout ce qui touche \u00e0 la stabilit\u00e9 concr\u00e8te de votre situation.<\/p>\n<p>Pr\u00e9parez notamment :<\/p>\n<ul>\n<li>pi\u00e8ce d&#8217;identit\u00e9 ;<\/li>\n<li>convocation compl\u00e8te et proc\u00e8s-verbal remis ;<\/li>\n<li>justificatifs de domicile r\u00e9cents ;<\/li>\n<li>contrat de travail, promesse d&#8217;embauche ou attestation employeur ;<\/li>\n<li>bulletins de salaire ;<\/li>\n<li>avis d&#8217;imposition ou de non-imposition ;<\/li>\n<li>justificatifs de charges fixes ;<\/li>\n<li>certificats m\u00e9dicaux utiles ;<\/li>\n<li>\u00e9l\u00e9ments sur les enfants, les personnes \u00e0 charge ou les aidants ;<\/li>\n<li>preuves de suivi, de soins, d&#8217;indemnisation ou de r\u00e9gularisation quand c&#8217;est pertinent ;<\/li>\n<li>pi\u00e8ces de transport, de mission ou de mobilit\u00e9 si l&#8217;activit\u00e9 professionnelle complique une comparution ou un renvoi.<\/li>\n<\/ul>\n<p>Dans les dossiers franciliens, ces pi\u00e8ces ne servent pas seulement \u00e0 &#8220;faire bonne impression&#8221;. Elles servent \u00e0 documenter une demande pr\u00e9cise : am\u00e9nagement, d\u00e9lai, renvoi, cr\u00e9dibilit\u00e9 d&#8217;une version, ou coh\u00e9rence d&#8217;une situation personnelle.<\/p>\n<h2>Que faire si vous \u00eates convoqu\u00e9 \u00e0 Paris mais vivez ailleurs en \u00cele-de-France<\/h2>\n<p>Il ne faut pas raisonner comme si la distance \u00e9tait un d\u00e9tail. Une audience \u00e0 Paris implique souvent une logistique plus lourde, surtout si vous travaillez loin, si vous d\u00e9pendez des transports, si vous avez des obligations familiales ou si l&#8217;audience est fix\u00e9e t\u00f4t.<\/p>\n<p>Si la pr\u00e9sence personnelle pose une difficult\u00e9 r\u00e9elle, il faut l&#8217;anticiper. Le sujet peut \u00eatre trait\u00e9 avec l&#8217;avocat dans le cadre de l&#8217;<a href=\"https:\/\/www.legifrance.gouv.fr\/codes\/article_lc\/LEGIARTI000006576513\">article 411 CPP<\/a>, qui permet de demander \u00e0 \u00eatre jug\u00e9 en son absence tout en \u00e9tant repr\u00e9sent\u00e9 par un avocat. Mais ce choix doit \u00eatre pens\u00e9 dossier par dossier. Il n&#8217;est pas automatique, et le tribunal peut exiger votre comparution personnelle.<\/p>\n<p>Le plus mauvais sc\u00e9nario reste l&#8217;absence non organis\u00e9e. Le meilleur reste l&#8217;anticipation document\u00e9e.<\/p>\n<h2>Quels signaux imposent d&#8217;agir tout de suite<\/h2>\n<p>\u00c0 Paris et en \u00cele-de-France, il faut acc\u00e9l\u00e9rer imm\u00e9diatement si :<\/p>\n<ul>\n<li>la COPJ laisse moins de dix jours ;<\/li>\n<li>la qualification des faits est obscure ou incoh\u00e9rente ;<\/li>\n<li>vous n&#8217;avez re\u00e7u qu&#8217;une partie des documents ;<\/li>\n<li>vous sortez de garde \u00e0 vue ou d&#8217;audition libre avec une convocation mal comprise ;<\/li>\n<li>vous craignez une peine d&#8217;emprisonnement ou un impact professionnel imm\u00e9diat ;<\/li>\n<li>vous avez d\u00e9j\u00e0 un autre dossier en cours ;<\/li>\n<li>vous \u00eates soumis \u00e0 agr\u00e9ment, badge, habilitation ou contr\u00f4le RH ;<\/li>\n<li>vous n&#8217;\u00eates pas certain de pouvoir compara\u00eetre \u00e0 la date fix\u00e9e.<\/li>\n<\/ul>\n<p>Dans ces situations, la d\u00e9fense ne doit pas attendre le courrier suivant. La COPJ est d\u00e9j\u00e0 le courrier utile.<\/p>\n<h2>Le bon angle local : tribunal, calendrier, dossier<\/h2>\n<p>La plupart des contenus g\u00e9n\u00e9ralistes sur la convocation p\u00e9nale expliquent ce qu&#8217;est une audience. Ils disent rarement comment travailler une COPJ \u00e0 Paris ou en \u00cele-de-France avec la bonne chronologie : lecture imm\u00e9diate de l&#8217;acte, rep\u00e9rage du tribunal saisi, ouverture du dossier, d\u00e9cision sur le renvoi, pr\u00e9paration des pi\u00e8ces, puis arbitrage sur la comparution personnelle.<\/p>\n<p>C&#8217;est pourtant ce s\u00e9quen\u00e7age qui \u00e9vite les erreurs les plus fr\u00e9quentes :<\/p>\n<ul>\n<li>croire que la date lointaine laisse du temps alors que le dossier n&#8217;est pas ouvert ;<\/li>\n<li>confondre convocation au commissariat et convocation correctionnelle ;<\/li>\n<li>arriver \u00e0 l&#8217;audience sans justificatifs de revenus ni dossier de personnalit\u00e9 ;<\/li>\n<li>demander un renvoi sans motif structur\u00e9 ;<\/li>\n<li>ou ne pas compara\u00eetre sans avoir utilis\u00e9 l&#8217;article 411.<\/li>\n<\/ul>\n<h2>Tribunal comp\u00e9tent pour Paris et rep\u00e8res franciliens<\/h2>\n<p>Pour un dossier situ\u00e9 \u00e0 Paris, le rep\u00e8re de base reste :<\/p>\n<ul>\n<li>cour d&#8217;appel de Paris ;<\/li>\n<li>tribunal judiciaire de Paris ;<\/li>\n<li>audience correctionnelle du tribunal judiciaire de Paris.<\/li>\n<\/ul>\n<p>Pour l&#8217;\u00cele-de-France hors Paris, la convocation d\u00e9signe normalement la juridiction comp\u00e9tente. Si vous avez un doute sur la commune ou le ressort, il faut partir de l&#8217;acte, puis v\u00e9rifier le tribunal indiqu\u00e9 avant toute d\u00e9marche.<\/p>\n<h2>Besoin d&#8217;un avis rapide sur votre dossier<\/h2>\n<p>Consultation t\u00e9l\u00e9phonique en 48 heures avec un avocat du cabinet pour relire la COPJ, identifier le tribunal correctionnel comp\u00e9tent en \u00cele-de-France, demander le dossier et pr\u00e9parer l&#8217;audience.<\/p>\n<p>Si vous \u00eates convoqu\u00e9 \u00e0 Paris, Bobigny, Cr\u00e9teil, Nanterre, Versailles, \u00c9vry, Pontoise, Meaux, Melun ou Fontainebleau, nous pouvons vous aider \u00e0 s\u00e9curiser les premi\u00e8res d\u00e9marches et les pi\u00e8ces utiles.<\/p>\n<p><a href=\"tel:+33689113445\">06 89 11 34 45<\/a><br \/>\n<a href=\"https:\/\/kohenavocats.com\/contactez-nous\/\">Page contact du cabinet<\/a><br \/>\nParis et \u00cele-de-France<\/p>\n","protected":false},"excerpt":{"rendered":"<p>COPJ \u00e0 Paris et en Ile-de-France : tribunal correctionnel saisi, tempo utile, acc\u00e8s au dossier et pi\u00e8ces \u00e0 pr\u00e9parer avant l&#8217;audience.<\/p>\n","protected":false},"author":232070755,"featured_media":4921,"comment_status":"open","ping_status":"open","sticky":false,"template":"","format":"standard","meta":{"_crdt_document":"","_jetpack_newsletter_access":"","_jetpack_dont_email_post_to_subs":false,"_jetpack_newsletter_tier_id":0,"_jetpack_memberships_contains_paywalled_content":false,"_kj_source_type":"","_kj_official_id":"","_kj_official_url":"","_kj_judilibre_id":"","_kj_jur":"","_kj_lieu":"","_kj_chambre":"","_kj_rg":"","_kj_date":"","_jetpack_memberships_contains_paid_content":false,"footnotes":"","jetpack_post_was_ever_published":false},"categories":[6325],"tags":[],"class_list":["post-653551","post","type-post","status-publish","format-standard","has-post-thumbnail","hentry","category-non-categorise"],"yoast_head":"<!-- This site is optimized with the Yoast SEO Premium plugin v27.5 (Yoast SEO v27.5) - https:\/\/yoast.com\/product\/yoast-seo-premium-wordpress\/ -->\n<title>COPJ \u00e0 Paris et en \u00cele-de-France : quel tribunal correctionnel, quels d\u00e9lais observer et quelles pi\u00e8ces pr\u00e9parer - Ma\u00eetre Hassan Kohen, avocat en droit p\u00e9nal \u00e0 Paris<\/title>\n<meta name=\"robots\" content=\"index, follow, max-snippet:-1, max-image-preview:large, max-video-preview:-1\" \/>\n<link rel=\"canonical\" href=\"https:\/\/kohenavocats.com\/ar\/copj-paris-ile-de-france-tribunal-delais-pieces\/\" \/>\n<meta property=\"og:locale\" content=\"ar_AR\" \/>\n<meta property=\"og:type\" content=\"article\" \/>\n<meta property=\"og:title\" content=\"COPJ \u00e0 Paris et en \u00cele-de-France : quel tribunal correctionnel, quels d\u00e9lais observer et quelles pi\u00e8ces pr\u00e9parer\" \/>\n<meta property=\"og:description\" content=\"COPJ \u00e0 Paris et en Ile-de-France : tribunal correctionnel saisi, tempo utile, acc\u00e8s au dossier et pi\u00e8ces \u00e0 pr\u00e9parer avant l&#039;audience.\" \/>\n<meta property=\"og:url\" content=\"https:\/\/kohenavocats.com\/ar\/copj-paris-ile-de-france-tribunal-delais-pieces\/\" \/>\n<meta property=\"og:site_name\" content=\"Ma\u00eetre Hassan Kohen, avocat en droit p\u00e9nal \u00e0 Paris\" \/>\n<meta property=\"article:published_time\" content=\"2026-04-22T23:18:43+00:00\" \/>\n<meta name=\"author\" content=\"Kohen\" \/>\n<meta name=\"twitter:card\" content=\"summary_large_image\" \/>\n<meta name=\"twitter:label1\" content=\"\u0643\u064f\u062a\u0628 \u0628\u0648\u0627\u0633\u0637\u0629\" \/>\n\t<meta name=\"twitter:data1\" content=\"Kohen\" \/>\n\t<meta name=\"twitter:label2\" content=\"\u0648\u0642\u062a \u0627\u0644\u0642\u0631\u0627\u0621\u0629 \u0627\u0644\u0645\u064f\u0642\u062f\u0651\u0631\" \/>\n\t<meta name=\"twitter:data2\" content=\"7 \u062f\u0642\u0627\u0626\u0642\" \/>\n<script type=\"application\/ld+json\" class=\"yoast-schema-graph\">{\"@context\":\"https:\\\/\\\/schema.org\",\"@graph\":[{\"@type\":\"Article\",\"@id\":\"https:\\\/\\\/kohenavocats.com\\\/ar\\\/copj-paris-ile-de-france-tribunal-delais-pieces\\\/#article\",\"isPartOf\":{\"@id\":\"https:\\\/\\\/kohenavocats.com\\\/ar\\\/copj-paris-ile-de-france-tribunal-delais-pieces\\\/\"},\"author\":{\"name\":\"Kohen\",\"@id\":\"https:\\\/\\\/kohenavocats.com\\\/ar\\\/#\\\/schema\\\/person\\\/761c9ba54fa1ca84d405cef0831ff751\"},\"headline\":\"COPJ \u00e0 Paris et en \u00cele-de-France : quel tribunal correctionnel, quels d\u00e9lais observer et quelles pi\u00e8ces pr\u00e9parer\",\"datePublished\":\"2026-04-22T23:18:43+00:00\",\"mainEntityOfPage\":{\"@id\":\"https:\\\/\\\/kohenavocats.com\\\/ar\\\/copj-paris-ile-de-france-tribunal-delais-pieces\\\/\"},\"wordCount\":1391,\"commentCount\":0,\"publisher\":{\"@id\":\"https:\\\/\\\/kohenavocats.com\\\/ar\\\/#organization\"},\"image\":{\"@id\":\"https:\\\/\\\/kohenavocats.com\\\/ar\\\/copj-paris-ile-de-france-tribunal-delais-pieces\\\/#primaryimage\"},\"thumbnailUrl\":\"https:\\\/\\\/kohenavocats.com\\\/wp-content\\\/uploads\\\/2024\\\/08\\\/silvio-kundt-Fixg8KipOg8-unsplash.webp\",\"articleSection\":[\"Non cat\u00e9goris\u00e9\"],\"inLanguage\":\"ar\",\"potentialAction\":[{\"@type\":\"CommentAction\",\"name\":\"Comment\",\"target\":[\"https:\\\/\\\/kohenavocats.com\\\/ar\\\/copj-paris-ile-de-france-tribunal-delais-pieces\\\/#respond\"]}],\"citation\":\"COPJ \u00e0 Paris et en \u00cele-de-France : quel tribunal correctionnel, quels d\u00e9lais observer et quelles pi\u00e8ces pr\u00e9parer\",\"about\":[{\"@type\":\"Thing\",\"name\":\"Non cat\u00e9goris\u00e9\"}],\"dateModified\":\"2026-04-22T23:18:43+00:00\",\"speakable\":{\"@type\":\"SpeakableSpecification\",\"cssSelector\":[\".article-content > p:first-of-type\"]}},{\"@type\":\"WebPage\",\"@id\":\"https:\\\/\\\/kohenavocats.com\\\/ar\\\/copj-paris-ile-de-france-tribunal-delais-pieces\\\/\",\"url\":\"https:\\\/\\\/kohenavocats.com\\\/ar\\\/copj-paris-ile-de-france-tribunal-delais-pieces\\\/\",\"name\":\"COPJ \u00e0 Paris et en \u00cele-de-France : quel tribunal correctionnel, quels d\u00e9lais observer et quelles pi\u00e8ces pr\u00e9parer - Ma\u00eetre Hassan Kohen, avocat en droit p\u00e9nal \u00e0 Paris\",\"isPartOf\":{\"@id\":\"https:\\\/\\\/kohenavocats.com\\\/ar\\\/#website\"},\"primaryImageOfPage\":{\"@id\":\"https:\\\/\\\/kohenavocats.com\\\/ar\\\/copj-paris-ile-de-france-tribunal-delais-pieces\\\/#primaryimage\"},\"image\":{\"@id\":\"https:\\\/\\\/kohenavocats.com\\\/ar\\\/copj-paris-ile-de-france-tribunal-delais-pieces\\\/#primaryimage\"},\"thumbnailUrl\":\"https:\\\/\\\/kohenavocats.com\\\/wp-content\\\/uploads\\\/2024\\\/08\\\/silvio-kundt-Fixg8KipOg8-unsplash.webp\",\"datePublished\":\"2026-04-22T23:18:43+00:00\",\"breadcrumb\":{\"@id\":\"https:\\\/\\\/kohenavocats.com\\\/ar\\\/copj-paris-ile-de-france-tribunal-delais-pieces\\\/#breadcrumb\"},\"inLanguage\":\"ar\",\"potentialAction\":[{\"@type\":\"ReadAction\",\"target\":[\"https:\\\/\\\/kohenavocats.com\\\/ar\\\/copj-paris-ile-de-france-tribunal-delais-pieces\\\/\"]}]},{\"@type\":\"ImageObject\",\"inLanguage\":\"ar\",\"@id\":\"https:\\\/\\\/kohenavocats.com\\\/ar\\\/copj-paris-ile-de-france-tribunal-delais-pieces\\\/#primaryimage\",\"url\":\"https:\\\/\\\/kohenavocats.com\\\/wp-content\\\/uploads\\\/2024\\\/08\\\/silvio-kundt-Fixg8KipOg8-unsplash.webp\",\"contentUrl\":\"https:\\\/\\\/kohenavocats.com\\\/wp-content\\\/uploads\\\/2024\\\/08\\\/silvio-kundt-Fixg8KipOg8-unsplash.webp\",\"width\":4272,\"height\":2848},{\"@type\":\"BreadcrumbList\",\"@id\":\"https:\\\/\\\/kohenavocats.com\\\/ar\\\/copj-paris-ile-de-france-tribunal-delais-pieces\\\/#breadcrumb\",\"itemListElement\":[{\"@type\":\"ListItem\",\"position\":1,\"name\":\"Home\",\"item\":\"https:\\\/\\\/kohenavocats.com\\\/ar\\\/%d9%85%d8%ad%d8%a7%d9%85%d9%88%d9%86-%d9%85%d8%aa%d8%ae%d8%b5%d8%b5%d9%88%d9%86-%d9%81%d9%8a-%d8%a7%d9%84%d9%82%d8%a7%d9%86%d9%88%d9%86-%d8%a7%d9%84%d8%ac%d9%86%d8%a7%d8%a6%d9%8a-%d8%a8%d8%a8%d8%a7\\\/\"},{\"@type\":\"ListItem\",\"position\":2,\"name\":\"COPJ \u00e0 Paris et en \u00cele-de-France : quel tribunal correctionnel, quels d\u00e9lais observer et quelles pi\u00e8ces pr\u00e9parer\"}]},{\"@type\":\"WebSite\",\"@id\":\"https:\\\/\\\/kohenavocats.com\\\/ar\\\/#website\",\"url\":\"https:\\\/\\\/kohenavocats.com\\\/ar\\\/\",\"name\":\"Kohen Avocats\",\"description\":\"Ma\u00eetre Hassan Kohen, avocat p\u00e9naliste \u00e0 Paris, intervient exclusivement en droit p\u00e9nal pour la d\u00e9fense des particuliers, notamment en mati\u00e8re d\u2019accusations de viol. Il assure un accompagnement rigoureux d\u00e8s la garde \u00e0 vue jusqu\u2019\u00e0 la Cour d\u2019assises, veillant au strict respect des garanties proc\u00e9durales.\",\"publisher\":{\"@id\":\"https:\\\/\\\/kohenavocats.com\\\/ar\\\/#organization\"},\"potentialAction\":[{\"@type\":\"SearchAction\",\"target\":{\"@type\":\"EntryPoint\",\"urlTemplate\":\"https:\\\/\\\/kohenavocats.com\\\/ar\\\/?s={search_term_string}\"},\"query-input\":{\"@type\":\"PropertyValueSpecification\",\"valueRequired\":true,\"valueName\":\"search_term_string\"}}],\"inLanguage\":\"ar\"},{\"@type\":\"Organization\",\"@id\":\"https:\\\/\\\/kohenavocats.com\\\/ar\\\/#organization\",\"name\":\"Kohen Avocats\",\"url\":\"https:\\\/\\\/kohenavocats.com\\\/ar\\\/\",\"logo\":{\"@type\":\"ImageObject\",\"inLanguage\":\"ar\",\"@id\":\"https:\\\/\\\/kohenavocats.com\\\/ar\\\/#\\\/schema\\\/logo\\\/image\\\/\",\"url\":\"https:\\\/\\\/kohenavocats.com\\\/wp-content\\\/uploads\\\/2026\\\/01\\\/Logo-2-1.webp\",\"contentUrl\":\"https:\\\/\\\/kohenavocats.com\\\/wp-content\\\/uploads\\\/2026\\\/01\\\/Logo-2-1.webp\",\"width\":2114,\"height\":1253,\"caption\":\"Kohen Avocats\"},\"image\":{\"@id\":\"https:\\\/\\\/kohenavocats.com\\\/ar\\\/#\\\/schema\\\/logo\\\/image\\\/\"}},{\"@type\":\"Person\",\"@id\":\"https:\\\/\\\/kohenavocats.com\\\/ar\\\/#\\\/schema\\\/person\\\/761c9ba54fa1ca84d405cef0831ff751\",\"name\":\"Kohen\",\"image\":{\"@type\":\"ImageObject\",\"inLanguage\":\"ar\",\"@id\":\"https:\\\/\\\/secure.gravatar.com\\\/avatar\\\/1c5e76ef76bbbfdd2b4da984e2bf2fa4056fd51a27d25ce2c332047f1dfd6e00?s=96&d=identicon&r=g\",\"url\":\"https:\\\/\\\/secure.gravatar.com\\\/avatar\\\/1c5e76ef76bbbfdd2b4da984e2bf2fa4056fd51a27d25ce2c332047f1dfd6e00?s=96&d=identicon&r=g\",\"contentUrl\":\"https:\\\/\\\/secure.gravatar.com\\\/avatar\\\/1c5e76ef76bbbfdd2b4da984e2bf2fa4056fd51a27d25ce2c332047f1dfd6e00?s=96&d=identicon&r=g\",\"caption\":\"Kohen\"},\"sameAs\":[\"https:\\\/\\\/www.linkedin.com\\\/in\\\/hassan-kohen-448548192\\\/\",\"https:\\\/\\\/www.youtube.com\\\/@Kohen-Avocats\"],\"url\":\"https:\\\/\\\/kohenavocats.com\\\/ar\\\/author\\\/kohenmlk\\\/\"}]}<\/script>\n<!-- \/ Yoast SEO Premium plugin. -->","yoast_head_json":{"title":"COPJ \u00e0 Paris et en \u00cele-de-France : quel tribunal correctionnel, quels d\u00e9lais observer et quelles pi\u00e8ces pr\u00e9parer - Ma\u00eetre Hassan Kohen, avocat en droit p\u00e9nal \u00e0 Paris","robots":{"index":"index","follow":"follow","max-snippet":"max-snippet:-1","max-image-preview":"max-image-preview:large","max-video-preview":"max-video-preview:-1"},"canonical":"https:\/\/kohenavocats.com\/ar\/copj-paris-ile-de-france-tribunal-delais-pieces\/","og_locale":"ar_AR","og_type":"article","og_title":"COPJ \u00e0 Paris et en \u00cele-de-France : quel tribunal correctionnel, quels d\u00e9lais observer et quelles pi\u00e8ces pr\u00e9parer","og_description":"COPJ \u00e0 Paris et en Ile-de-France : tribunal correctionnel saisi, tempo utile, acc\u00e8s au dossier et pi\u00e8ces \u00e0 pr\u00e9parer avant l'audience.","og_url":"https:\/\/kohenavocats.com\/ar\/copj-paris-ile-de-france-tribunal-delais-pieces\/","og_site_name":"Ma\u00eetre Hassan Kohen, avocat en droit p\u00e9nal \u00e0 Paris","article_published_time":"2026-04-22T23:18:43+00:00","author":"Kohen","twitter_card":"summary_large_image","twitter_misc":{"\u0643\u064f\u062a\u0628 \u0628\u0648\u0627\u0633\u0637\u0629":"Kohen","\u0648\u0642\u062a \u0627\u0644\u0642\u0631\u0627\u0621\u0629 \u0627\u0644\u0645\u064f\u0642\u062f\u0651\u0631":"7 \u062f\u0642\u0627\u0626\u0642"},"schema":{"@context":"https:\/\/schema.org","@graph":[{"@type":"Article","@id":"https:\/\/kohenavocats.com\/ar\/copj-paris-ile-de-france-tribunal-delais-pieces\/#article","isPartOf":{"@id":"https:\/\/kohenavocats.com\/ar\/copj-paris-ile-de-france-tribunal-delais-pieces\/"},"author":{"name":"Kohen","@id":"https:\/\/kohenavocats.com\/ar\/#\/schema\/person\/761c9ba54fa1ca84d405cef0831ff751"},"headline":"COPJ \u00e0 Paris et en \u00cele-de-France : quel tribunal correctionnel, quels d\u00e9lais observer et quelles pi\u00e8ces pr\u00e9parer","datePublished":"2026-04-22T23:18:43+00:00","mainEntityOfPage":{"@id":"https:\/\/kohenavocats.com\/ar\/copj-paris-ile-de-france-tribunal-delais-pieces\/"},"wordCount":1391,"commentCount":0,"publisher":{"@id":"https:\/\/kohenavocats.com\/ar\/#organization"},"image":{"@id":"https:\/\/kohenavocats.com\/ar\/copj-paris-ile-de-france-tribunal-delais-pieces\/#primaryimage"},"thumbnailUrl":"https:\/\/kohenavocats.com\/wp-content\/uploads\/2024\/08\/silvio-kundt-Fixg8KipOg8-unsplash.webp","articleSection":["Non cat\u00e9goris\u00e9"],"inLanguage":"ar","potentialAction":[{"@type":"CommentAction","name":"Comment","target":["https:\/\/kohenavocats.com\/ar\/copj-paris-ile-de-france-tribunal-delais-pieces\/#respond"]}],"citation":"COPJ \u00e0 Paris et en \u00cele-de-France : quel tribunal correctionnel, quels d\u00e9lais observer et quelles pi\u00e8ces pr\u00e9parer","about":[{"@type":"Thing","name":"Non cat\u00e9goris\u00e9"}],"dateModified":"2026-04-22T23:18:43+00:00","speakable":{"@type":"SpeakableSpecification","cssSelector":[".article-content > p:first-of-type"]}},{"@type":"WebPage","@id":"https:\/\/kohenavocats.com\/ar\/copj-paris-ile-de-france-tribunal-delais-pieces\/","url":"https:\/\/kohenavocats.com\/ar\/copj-paris-ile-de-france-tribunal-delais-pieces\/","name":"COPJ \u00e0 Paris et en \u00cele-de-France : quel tribunal correctionnel, quels d\u00e9lais observer et quelles pi\u00e8ces pr\u00e9parer - Ma\u00eetre Hassan Kohen, avocat en droit p\u00e9nal \u00e0 Paris","isPartOf":{"@id":"https:\/\/kohenavocats.com\/ar\/#website"},"primaryImageOfPage":{"@id":"https:\/\/kohenavocats.com\/ar\/copj-paris-ile-de-france-tribunal-delais-pieces\/#primaryimage"},"image":{"@id":"https:\/\/kohenavocats.com\/ar\/copj-paris-ile-de-france-tribunal-delais-pieces\/#primaryimage"},"thumbnailUrl":"https:\/\/kohenavocats.com\/wp-content\/uploads\/2024\/08\/silvio-kundt-Fixg8KipOg8-unsplash.webp","datePublished":"2026-04-22T23:18:43+00:00","breadcrumb":{"@id":"https:\/\/kohenavocats.com\/ar\/copj-paris-ile-de-france-tribunal-delais-pieces\/#breadcrumb"},"inLanguage":"ar","potentialAction":[{"@type":"ReadAction","target":["https:\/\/kohenavocats.com\/ar\/copj-paris-ile-de-france-tribunal-delais-pieces\/"]}]},{"@type":"ImageObject","inLanguage":"ar","@id":"https:\/\/kohenavocats.com\/ar\/copj-paris-ile-de-france-tribunal-delais-pieces\/#primaryimage","url":"https:\/\/kohenavocats.com\/wp-content\/uploads\/2024\/08\/silvio-kundt-Fixg8KipOg8-unsplash.webp","contentUrl":"https:\/\/kohenavocats.com\/wp-content\/uploads\/2024\/08\/silvio-kundt-Fixg8KipOg8-unsplash.webp","width":4272,"height":2848},{"@type":"BreadcrumbList","@id":"https:\/\/kohenavocats.com\/ar\/copj-paris-ile-de-france-tribunal-delais-pieces\/#breadcrumb","itemListElement":[{"@type":"ListItem","position":1,"name":"Home","item":"https:\/\/kohenavocats.com\/ar\/%d9%85%d8%ad%d8%a7%d9%85%d9%88%d9%86-%d9%85%d8%aa%d8%ae%d8%b5%d8%b5%d9%88%d9%86-%d9%81%d9%8a-%d8%a7%d9%84%d9%82%d8%a7%d9%86%d9%88%d9%86-%d8%a7%d9%84%d8%ac%d9%86%d8%a7%d8%a6%d9%8a-%d8%a8%d8%a8%d8%a7\/"},{"@type":"ListItem","position":2,"name":"COPJ \u00e0 Paris et en \u00cele-de-France : quel tribunal correctionnel, quels d\u00e9lais observer et quelles pi\u00e8ces pr\u00e9parer"}]},{"@type":"WebSite","@id":"https:\/\/kohenavocats.com\/ar\/#website","url":"https:\/\/kohenavocats.com\/ar\/","name":"Kohen Avocats","description":"Ma\u00eetre Hassan Kohen, avocat p\u00e9naliste \u00e0 Paris, intervient exclusivement en droit p\u00e9nal pour la d\u00e9fense des particuliers, notamment en mati\u00e8re d\u2019accusations de viol. Il assure un accompagnement rigoureux d\u00e8s la garde \u00e0 vue jusqu\u2019\u00e0 la Cour d\u2019assises, veillant au strict respect des garanties proc\u00e9durales.","publisher":{"@id":"https:\/\/kohenavocats.com\/ar\/#organization"},"potentialAction":[{"@type":"SearchAction","target":{"@type":"EntryPoint","urlTemplate":"https:\/\/kohenavocats.com\/ar\/?s={search_term_string}"},"query-input":{"@type":"PropertyValueSpecification","valueRequired":true,"valueName":"search_term_string"}}],"inLanguage":"ar"},{"@type":"Organization","@id":"https:\/\/kohenavocats.com\/ar\/#organization","name":"Kohen Avocats","url":"https:\/\/kohenavocats.com\/ar\/","logo":{"@type":"ImageObject","inLanguage":"ar","@id":"https:\/\/kohenavocats.com\/ar\/#\/schema\/logo\/image\/","url":"https:\/\/kohenavocats.com\/wp-content\/uploads\/2026\/01\/Logo-2-1.webp","contentUrl":"https:\/\/kohenavocats.com\/wp-content\/uploads\/2026\/01\/Logo-2-1.webp","width":2114,"height":1253,"caption":"Kohen Avocats"},"image":{"@id":"https:\/\/kohenavocats.com\/ar\/#\/schema\/logo\/image\/"}},{"@type":"Person","@id":"https:\/\/kohenavocats.com\/ar\/#\/schema\/person\/761c9ba54fa1ca84d405cef0831ff751","name":"Kohen","image":{"@type":"ImageObject","inLanguage":"ar","@id":"https:\/\/secure.gravatar.com\/avatar\/1c5e76ef76bbbfdd2b4da984e2bf2fa4056fd51a27d25ce2c332047f1dfd6e00?s=96&d=identicon&r=g","url":"https:\/\/secure.gravatar.com\/avatar\/1c5e76ef76bbbfdd2b4da984e2bf2fa4056fd51a27d25ce2c332047f1dfd6e00?s=96&d=identicon&r=g","contentUrl":"https:\/\/secure.gravatar.com\/avatar\/1c5e76ef76bbbfdd2b4da984e2bf2fa4056fd51a27d25ce2c332047f1dfd6e00?s=96&d=identicon&r=g","caption":"Kohen"},"sameAs":["https:\/\/www.linkedin.com\/in\/hassan-kohen-448548192\/","https:\/\/www.youtube.com\/@Kohen-Avocats"],"url":"https:\/\/kohenavocats.com\/ar\/author\/kohenmlk\/"}]}},"jetpack_featured_media_url":"https:\/\/kohenavocats.com\/wp-content\/uploads\/2024\/08\/silvio-kundt-Fixg8KipOg8-unsplash.webp","jetpack_likes_enabled":false,"jetpack_shortlink":"https:\/\/wp.me\/peCrII-2K19","jetpack-related-posts":[{"id":659370,"url":"https:\/\/kohenavocats.com\/ar\/double-convocation-crpc-copj-paris-ile-de-france-tribunal-delais-pieces\/","url_meta":{"origin":653551,"position":0},"title":"Double convocation CRPC \/ COPJ \u00e0 Paris et en \u00cele-de-France : quel tribunal est saisi, quels d\u00e9lais et quelles pi\u00e8ces apporter ?","author":"Kohen","date":"23 \u0623\u0628\u0631\u064a\u0644\u060c 2026","format":false,"excerpt":"Double convocation CRPC \/ COPJ \u00e0 Paris et en Ile-de-France : tribunal vis\u00e9, d\u00e9lais utiles, pi\u00e8ces \u00e0 r\u00e9unir et r\u00e9flexes pour ne manquer aucune \u00e9tape.","rel":"","context":"\u0641\u064a &quot;Non cat\u00e9goris\u00e9&quot;","block_context":{"text":"Non cat\u00e9goris\u00e9","link":"https:\/\/kohenavocats.com\/category\/non-categorise\/"},"img":{"alt_text":"","src":"https:\/\/i0.wp.com\/kohenavocats.com\/wp-content\/uploads\/2024\/11\/anita-austvika-c3a-Tr6CM1Q-unsplash-1.webp?resize=350%2C200&ssl=1","width":350,"height":200,"srcset":"https:\/\/i0.wp.com\/kohenavocats.com\/wp-content\/uploads\/2024\/11\/anita-austvika-c3a-Tr6CM1Q-unsplash-1.webp?resize=350%2C200&ssl=1 1x, https:\/\/i0.wp.com\/kohenavocats.com\/wp-content\/uploads\/2024\/11\/anita-austvika-c3a-Tr6CM1Q-unsplash-1.webp?resize=525%2C300&ssl=1 1.5x, https:\/\/i0.wp.com\/kohenavocats.com\/wp-content\/uploads\/2024\/11\/anita-austvika-c3a-Tr6CM1Q-unsplash-1.webp?resize=700%2C400&ssl=1 2x, https:\/\/i0.wp.com\/kohenavocats.com\/wp-content\/uploads\/2024\/11\/anita-austvika-c3a-Tr6CM1Q-unsplash-1.webp?resize=1050%2C600&ssl=1 3x, https:\/\/i0.wp.com\/kohenavocats.com\/wp-content\/uploads\/2024\/11\/anita-austvika-c3a-Tr6CM1Q-unsplash-1.webp?resize=1400%2C800&ssl=1 4x"},"classes":[]},{"id":659365,"url":"https:\/\/kohenavocats.com\/ar\/double-convocation-crpc-copj-faut-il-aller-aux-deux-quelle-prime-risque-si-on-se-trompe\/","url_meta":{"origin":653551,"position":1},"title":"Double convocation CRPC et COPJ : faut-il aller aux deux, laquelle prime et que risque-t-on si l&#8217;on se trompe ?","author":"Kohen","date":"23 \u0623\u0628\u0631\u064a\u0644\u060c 2026","format":false,"excerpt":"Double convocation CRPC \/ COPJ : comment lire les deux actes, s\u00e9curiser les dates, demander le dossier et \u00e9viter l'erreur proc\u00e9durale.","rel":"","context":"\u0641\u064a &quot;Non cat\u00e9goris\u00e9&quot;","block_context":{"text":"Non cat\u00e9goris\u00e9","link":"https:\/\/kohenavocats.com\/category\/non-categorise\/"},"img":{"alt_text":"","src":"https:\/\/i0.wp.com\/kohenavocats.com\/wp-content\/uploads\/2024\/11\/laura-adai-QMJsqsUvCmA-unsplash.webp?resize=350%2C200&ssl=1","width":350,"height":200,"srcset":"https:\/\/i0.wp.com\/kohenavocats.com\/wp-content\/uploads\/2024\/11\/laura-adai-QMJsqsUvCmA-unsplash.webp?resize=350%2C200&ssl=1 1x, https:\/\/i0.wp.com\/kohenavocats.com\/wp-content\/uploads\/2024\/11\/laura-adai-QMJsqsUvCmA-unsplash.webp?resize=525%2C300&ssl=1 1.5x, https:\/\/i0.wp.com\/kohenavocats.com\/wp-content\/uploads\/2024\/11\/laura-adai-QMJsqsUvCmA-unsplash.webp?resize=700%2C400&ssl=1 2x, https:\/\/i0.wp.com\/kohenavocats.com\/wp-content\/uploads\/2024\/11\/laura-adai-QMJsqsUvCmA-unsplash.webp?resize=1050%2C600&ssl=1 3x, https:\/\/i0.wp.com\/kohenavocats.com\/wp-content\/uploads\/2024\/11\/laura-adai-QMJsqsUvCmA-unsplash.webp?resize=1400%2C800&ssl=1 4x"},"classes":[]},{"id":653546,"url":"https:\/\/kohenavocats.com\/ar\/copj-tribunal-correctionnel-delai-dossier-renvoi-defaut-comparution\/","url_meta":{"origin":653551,"position":2},"title":"Convocation par officier de police judiciaire (COPJ) devant le tribunal correctionnel : d\u00e9lai de 10 jours, dossier, renvoi et risques si vous n&#8217;y allez pas","author":"Kohen","date":"23 \u0623\u0628\u0631\u064a\u0644\u060c 2026","format":false,"excerpt":"COPJ devant le tribunal correctionnel : d\u00e9lai minimal de 10 jours, acc\u00e8s au dossier, demande de renvoi, repr\u00e9sentation par avocat et risques en cas d'absence.","rel":"","context":"\u0641\u064a &quot;Non cat\u00e9goris\u00e9&quot;","block_context":{"text":"Non cat\u00e9goris\u00e9","link":"https:\/\/kohenavocats.com\/category\/non-categorise\/"},"img":{"alt_text":"","src":"https:\/\/i0.wp.com\/kohenavocats.com\/wp-content\/uploads\/2024\/11\/laura-adai-cc4Z4TqvPOg-unsplash.webp?resize=350%2C200&ssl=1","width":350,"height":200,"srcset":"https:\/\/i0.wp.com\/kohenavocats.com\/wp-content\/uploads\/2024\/11\/laura-adai-cc4Z4TqvPOg-unsplash.webp?resize=350%2C200&ssl=1 1x, https:\/\/i0.wp.com\/kohenavocats.com\/wp-content\/uploads\/2024\/11\/laura-adai-cc4Z4TqvPOg-unsplash.webp?resize=525%2C300&ssl=1 1.5x, https:\/\/i0.wp.com\/kohenavocats.com\/wp-content\/uploads\/2024\/11\/laura-adai-cc4Z4TqvPOg-unsplash.webp?resize=700%2C400&ssl=1 2x, https:\/\/i0.wp.com\/kohenavocats.com\/wp-content\/uploads\/2024\/11\/laura-adai-cc4Z4TqvPOg-unsplash.webp?resize=1050%2C600&ssl=1 3x, https:\/\/i0.wp.com\/kohenavocats.com\/wp-content\/uploads\/2024\/11\/laura-adai-cc4Z4TqvPOg-unsplash.webp?resize=1400%2C800&ssl=1 4x"},"classes":[]},{"id":658361,"url":"https:\/\/kohenavocats.com\/ar\/copie-dossier-penal-paris-ile-de-france-parquet-greffe-delais\/","url_meta":{"origin":653551,"position":3},"title":"Copie du dossier p\u00e9nal \u00e0 Paris et en \u00cele-de-France : quel parquet, quel greffe et quels d\u00e9lais ?","author":"Kohen","date":"23 \u0623\u0628\u0631\u064a\u0644\u060c 2026","format":false,"excerpt":"Copie du dossier p\u00e9nal \u00e0 Paris et en \u00cele-de-France : parquet, greffe, tribunal judiciaire comp\u00e9tent, d\u00e9lais et pi\u00e8ces \u00e0 joindre pour ne pas perdre un mois.","rel":"","context":"\u0641\u064a &quot;Non cat\u00e9goris\u00e9&quot;","block_context":{"text":"Non cat\u00e9goris\u00e9","link":"https:\/\/kohenavocats.com\/category\/non-categorise\/"},"img":{"alt_text":"","src":"https:\/\/i0.wp.com\/kohenavocats.com\/wp-content\/uploads\/2024\/07\/daniel-roe-2OqFyMN7R_E-unsplash.webp?resize=350%2C200&ssl=1","width":350,"height":200,"srcset":"https:\/\/i0.wp.com\/kohenavocats.com\/wp-content\/uploads\/2024\/07\/daniel-roe-2OqFyMN7R_E-unsplash.webp?resize=350%2C200&ssl=1 1x, https:\/\/i0.wp.com\/kohenavocats.com\/wp-content\/uploads\/2024\/07\/daniel-roe-2OqFyMN7R_E-unsplash.webp?resize=525%2C300&ssl=1 1.5x, https:\/\/i0.wp.com\/kohenavocats.com\/wp-content\/uploads\/2024\/07\/daniel-roe-2OqFyMN7R_E-unsplash.webp?resize=700%2C400&ssl=1 2x, https:\/\/i0.wp.com\/kohenavocats.com\/wp-content\/uploads\/2024\/07\/daniel-roe-2OqFyMN7R_E-unsplash.webp?resize=1050%2C600&ssl=1 3x, https:\/\/i0.wp.com\/kohenavocats.com\/wp-content\/uploads\/2024\/07\/daniel-roe-2OqFyMN7R_E-unsplash.webp?resize=1400%2C800&ssl=1 4x"},"classes":[]},{"id":638382,"url":"https:\/\/kohenavocats.com\/ar\/convocation-devant-le-tribunal-correctionnel-que-se-passe-t-il-et-que-faire-avant-laudience\/","url_meta":{"origin":653551,"position":4},"title":"Convocation devant le tribunal correctionnel : que se passe-t-il et que faire avant l&rsquo;audience ?","author":"Kohen","date":"21 \u0623\u0628\u0631\u064a\u0644\u060c 2026","format":false,"excerpt":"COPJ, citation, premiere audience correctionnelle : comment lire l'acte, preparer la defense et eviter une absence ou un renvoi subi.","rel":"","context":"\u0641\u064a &quot;D\u00e9cryptage&quot;","block_context":{"text":"D\u00e9cryptage","link":"https:\/\/kohenavocats.com\/category\/decryptage\/"},"img":{"alt_text":"","src":"https:\/\/i0.wp.com\/kohenavocats.com\/wp-content\/uploads\/2024\/08\/dmitrii-eliuseev-4Sv_AnXrGnQ-unsplash.webp?resize=350%2C200&ssl=1","width":350,"height":200,"srcset":"https:\/\/i0.wp.com\/kohenavocats.com\/wp-content\/uploads\/2024\/08\/dmitrii-eliuseev-4Sv_AnXrGnQ-unsplash.webp?resize=350%2C200&ssl=1 1x, https:\/\/i0.wp.com\/kohenavocats.com\/wp-content\/uploads\/2024\/08\/dmitrii-eliuseev-4Sv_AnXrGnQ-unsplash.webp?resize=525%2C300&ssl=1 1.5x, https:\/\/i0.wp.com\/kohenavocats.com\/wp-content\/uploads\/2024\/08\/dmitrii-eliuseev-4Sv_AnXrGnQ-unsplash.webp?resize=700%2C400&ssl=1 2x, https:\/\/i0.wp.com\/kohenavocats.com\/wp-content\/uploads\/2024\/08\/dmitrii-eliuseev-4Sv_AnXrGnQ-unsplash.webp?resize=1050%2C600&ssl=1 3x, https:\/\/i0.wp.com\/kohenavocats.com\/wp-content\/uploads\/2024\/08\/dmitrii-eliuseev-4Sv_AnXrGnQ-unsplash.webp?resize=1400%2C800&ssl=1 4x"},"classes":[]},{"id":772146,"url":"https:\/\/kohenavocats.com\/ar\/refus-obtemperer-sanction-points-convocation-tribunal\/","url_meta":{"origin":653551,"position":5},"title":"Refus d&#8217;obtemp\u00e9rer : sanction, points et convocation apr\u00e8s un contr\u00f4le de police","author":"Kohen","date":"30 \u0623\u0628\u0631\u064a\u0644\u060c 2026","format":false,"excerpt":"Que risque-t-on apr\u00e8s un refus d'obtemp\u00e9rer : sanction, perte de points, convocation, garde \u00e0 vue, preuve et d\u00e9fense devant le tribunal.","rel":"","context":"\u0641\u064a &quot;D\u00e9cryptage&quot;","block_context":{"text":"D\u00e9cryptage","link":"https:\/\/kohenavocats.com\/category\/decryptage\/"},"img":{"alt_text":"","src":"https:\/\/i0.wp.com\/kohenavocats.com\/wp-content\/uploads\/2024\/08\/louis-paulin-hoyM4lFB8S0-unsplash.webp?resize=350%2C200&ssl=1","width":350,"height":200,"srcset":"https:\/\/i0.wp.com\/kohenavocats.com\/wp-content\/uploads\/2024\/08\/louis-paulin-hoyM4lFB8S0-unsplash.webp?resize=350%2C200&ssl=1 1x, https:\/\/i0.wp.com\/kohenavocats.com\/wp-content\/uploads\/2024\/08\/louis-paulin-hoyM4lFB8S0-unsplash.webp?resize=525%2C300&ssl=1 1.5x, https:\/\/i0.wp.com\/kohenavocats.com\/wp-content\/uploads\/2024\/08\/louis-paulin-hoyM4lFB8S0-unsplash.webp?resize=700%2C400&ssl=1 2x, https:\/\/i0.wp.com\/kohenavocats.com\/wp-content\/uploads\/2024\/08\/louis-paulin-hoyM4lFB8S0-unsplash.webp?resize=1050%2C600&ssl=1 3x, https:\/\/i0.wp.com\/kohenavocats.com\/wp-content\/uploads\/2024\/08\/louis-paulin-hoyM4lFB8S0-unsplash.webp?resize=1400%2C800&ssl=1 4x"},"classes":[]}],"jetpack_sharing_enabled":true,"_links":{"self":[{"href":"https:\/\/kohenavocats.com\/ar\/wp-json\/wp\/v2\/posts\/653551","targetHints":{"allow":["GET"]}}],"collection":[{"href":"https:\/\/kohenavocats.com\/ar\/wp-json\/wp\/v2\/posts"}],"about":[{"href":"https:\/\/kohenavocats.com\/ar\/wp-json\/wp\/v2\/types\/post"}],"author":[{"embeddable":true,"href":"https:\/\/kohenavocats.com\/ar\/wp-json\/wp\/v2\/users\/232070755"}],"replies":[{"embeddable":true,"href":"https:\/\/kohenavocats.com\/ar\/wp-json\/wp\/v2\/comments?post=653551"}],"version-history":[{"count":0,"href":"https:\/\/kohenavocats.com\/ar\/wp-json\/wp\/v2\/posts\/653551\/revisions"}],"wp:featuredmedia":[{"embeddable":true,"href":"https:\/\/kohenavocats.com\/ar\/wp-json\/wp\/v2\/media\/4921"}],"wp:attachment":[{"href":"https:\/\/kohenavocats.com\/ar\/wp-json\/wp\/v2\/media?parent=653551"}],"wp:term":[{"taxonomy":"category","embeddable":true,"href":"https:\/\/kohenavocats.com\/ar\/wp-json\/wp\/v2\/categories?post=653551"},{"taxonomy":"post_tag","embeddable":true,"href":"https:\/\/kohenavocats.com\/ar\/wp-json\/wp\/v2\/tags?post=653551"}],"curies":[{"name":"wp","href":"https:\/\/api.w.org\/{rel}","templated":true}]}}