{"id":654973,"date":"2026-04-23T04:17:57","date_gmt":"2026-04-23T02:17:57","guid":{"rendered":"https:\/\/kohenavocats.com\/cour-dappel-le-1-octobre-2025-n24-00647\/"},"modified":"2026-04-23T04:17:57","modified_gmt":"2026-04-23T02:17:57","slug":"cour-dappel-le-1-octobre-2025-n24-00647","status":"publish","type":"post","link":"https:\/\/kohenavocats.com\/ar\/cour-dappel-le-1-octobre-2025-n24-00647\/","title":{"rendered":"Cour d&#8217;appel, le 1 octobre 2025, n\u00b024\/00647"},"content":{"rendered":"<div class=\"article-content\">\n<p>La Cour d&#8217;appel, statuant sur renvoi apr\u00e8s cassation, a examin\u00e9 une demande de rappel de salaire pour heures suppl\u00e9mentaires et d&#8217;indemnit\u00e9 pour travail dissimul\u00e9. Elle a infirm\u00e9 partiellement le jugement pr\u00e9c\u00e9dent en accordant une somme au titre des heures suppl\u00e9mentaires non pay\u00e9es. Elle a en revanche confirm\u00e9 le rejet de la demande fond\u00e9e sur le travail dissimul\u00e9, pr\u00e9cisant les r\u00e8gles de preuve applicables \u00e0 ces deux chefs.<\/p>\n<p>La charge de la preuve en mati\u00e8re d&#8217;heures suppl\u00e9mentaires<\/p>\n<p>La r\u00e9partition de l&#8217;obligation probatoire entre les parties. L&#8217;arr\u00eat rappelle le principe pos\u00e9 par l&#8217;article L. 3171-4 du code du travail selon lequel l&#8217;employeur doit fournir les \u00e9l\u00e9ments justifiant les horaires effectu\u00e9s. Il pr\u00e9cise n\u00e9anmoins que le salari\u00e9 doit d&#8217;abord pr\u00e9senter des \u00e9l\u00e9ments suffisamment pr\u00e9cis sur les heures non r\u00e9mun\u00e9r\u00e9es. &#8220;Il appartient au salari\u00e9 de pr\u00e9senter, \u00e0 l&#8217;appui de sa demande, des \u00e9l\u00e9ments suffisamment pr\u00e9cis quant aux heures non r\u00e9mun\u00e9r\u00e9es qu&#8217;il pr\u00e9tend avoir accomplies afin de permettre \u00e0 l&#8217;employeur, qui assure le contr\u00f4le des heures de travail effectu\u00e9es, d&#8217;y r\u00e9pondre utilement en produisant ses propres \u00e9l\u00e9ments.&#8221; (Motifs) Cette exigence initiale p\u00e8se sur le salari\u00e9 pour initier le d\u00e9bat contradictoire devant le juge.<\/p>\n<p>La valeur probatoire des \u00e9l\u00e9ments produits et le pouvoir souverain des juges. La cour \u00e9carte les arguments de l&#8217;employeur fond\u00e9s sur l&#8217;absence de d\u00e9claration du salari\u00e9 ou d&#8217;autorisation pr\u00e9alable. Elle estime que les tableaux r\u00e9capitulatifs fournis par le salari\u00e9 \u00e9taient suffisamment pr\u00e9cis. L&#8217;employeur ne peut se retrancher derri\u00e8re ses propres manquements \u00e0 son obligation de contr\u00f4le. &#8220;Toutefois, aucun de ces documents n&#8217;apporte des \u00e9l\u00e9ments de nature \u00e0 d\u00e9montrer le nombre d&#8217;heures r\u00e9ellement accomplies par le salari\u00e9.&#8221; (Motifs) Le juge \u00e9value ensuite souverainement le nombre d&#8217;heures dues, retenant ici une proportion moindre que celle r\u00e9clam\u00e9e.<\/p>\n<p>Les conditions de caract\u00e9risation du travail dissimul\u00e9<\/p>\n<p>L&#8217;exigence d&#8217;un \u00e9l\u00e9ment mat\u00e9riel et d&#8217;un \u00e9l\u00e9ment intentionnel. La cour rappelle que l&#8217;infraction de travail dissimul\u00e9 par dissimulation d&#8217;heures suppose deux conditions cumulatives. Elle exige &#8220;la d\u00e9monstration, d&#8217;une part, d&#8217;un \u00e9l\u00e9ment mat\u00e9riel constitu\u00e9 par la mention sur les bulletins de paie d&#8217;un nombre d&#8217;heures de travail inf\u00e9rieur \u00e0 celui r\u00e9ellement accompli et, d&#8217;autre part, d&#8217;un \u00e9l\u00e9ment intentionnel&#8221;. (Motifs) Le simple d\u00e9faut de contr\u00f4le ou la connaissance des horaires \u00e9tendus ne suffisent pas \u00e0 caract\u00e9riser la volont\u00e9 de se soustraire \u00e0 l&#8217;obligation de mentionner les heures r\u00e9elles.<\/p>\n<p>L&#8217;insuffisance d&#8217;un manquement \u00e0 l&#8217;obligation de contr\u00f4le. En l&#8217;esp\u00e8ce, la cour estime que l&#8217;\u00e9l\u00e9ment intentionnel n&#8217;est pas \u00e9tabli. Le comportement de l&#8217;employeur, bien que fautif, ne d\u00e9montre pas une intention de dissimulation. &#8220;En l&#8217;esp\u00e8ce, le non-respect par l&#8217;employeur de ses obligations en mati\u00e8re de contr\u00f4le des horaires de travail est insuffisant pour caract\u00e9riser l&#8217;\u00e9l\u00e9ment intentionnel exig\u00e9 par les dispositions susvis\u00e9es.&#8221; (Motifs) Ainsi, une faute dans l&#8217;organisation du contr\u00f4le n&#8217;\u00e9quivaut pas \u00e0 la volont\u00e9 d\u00e9lib\u00e9r\u00e9e de minorer les bulletins de paie.<\/p>\n<p>Cet arr\u00eat op\u00e8re une distinction nette entre la r\u00e9paration du pr\u00e9judice salarial et la sanction p\u00e9nale du travail dissimul\u00e9. Il rappelle utilement que la charge de prouver les heures travaill\u00e9es est partag\u00e9e, mais que l&#8217;employeur garde une obligation fondamentale de contr\u00f4le. S&#8217;agissant du travail dissimul\u00e9, il en restreint la port\u00e9e en exigeant une preuve d&#8217;intention sp\u00e9cifique, \u00e9vitant ainsi une confusion entre responsabilit\u00e9 civile et p\u00e9nale.<\/p>\n<\/div>\n","protected":false},"excerpt":{"rendered":"<p>La Cour d&#8217;appel, statuant sur renvoi apr\u00e8s cassation, a examin\u00e9 une demande de rappel de salaire pour heures suppl\u00e9mentaires et d&#8217;indemnit\u00e9 pour travail diss&#8230;<\/p>\n","protected":false},"author":232070755,"featured_media":9508,"comment_status":"open","ping_status":"open","sticky":false,"template":"","format":"standard","meta":{"_crdt_document":"","_jetpack_newsletter_access":"","_jetpack_dont_email_post_to_subs":false,"_jetpack_newsletter_tier_id":0,"_jetpack_memberships_contains_paywalled_content":false,"_kj_source_type":"","_kj_official_id":"","_kj_official_url":"","_kj_judilibre_id":"","_kj_jur":"","_kj_lieu":"","_kj_chambre":"","_kj_rg":"","_kj_date":"","_jetpack_memberships_contains_paid_content":false,"footnotes":"","jetpack_post_was_ever_published":false},"categories":[7597],"tags":[],"class_list":["post-654973","post","type-post","status-publish","format-standard","has-post-thumbnail","hentry","category-jurisprudence"],"yoast_head":"<!-- This site is optimized with the Yoast SEO Premium plugin v27.5 (Yoast SEO v27.5) - https:\/\/yoast.com\/product\/yoast-seo-premium-wordpress\/ -->\n<title>Cour d&#039;appel, le 1 octobre 2025, n\u00b024\/00647 - Ma\u00eetre Hassan Kohen, avocat en droit p\u00e9nal \u00e0 Paris<\/title>\n<meta name=\"description\" content=\"La Cour d&#039;appel, statuant sur renvoi apr\u00e8s cassation, a examin\u00e9 une demande de rappel de salaire pour heures suppl\u00e9mentaires et d&#039;indemnit\u00e9 pour travail diss...\" \/>\n<meta name=\"robots\" content=\"index, follow, max-snippet:-1, max-image-preview:large, max-video-preview:-1\" \/>\n<link rel=\"canonical\" href=\"https:\/\/kohenavocats.com\/ar\/cour-dappel-le-1-octobre-2025-n24-00647\/\" \/>\n<meta property=\"og:locale\" content=\"ar_AR\" \/>\n<meta property=\"og:type\" content=\"article\" \/>\n<meta property=\"og:title\" content=\"Cour d&#039;appel, le 1 octobre 2025, n\u00b024\/00647\" \/>\n<meta property=\"og:description\" content=\"La Cour d&#039;appel, statuant sur renvoi apr\u00e8s cassation, a examin\u00e9 une demande de rappel de salaire pour heures suppl\u00e9mentaires et d&#039;indemnit\u00e9 pour travail diss...\" \/>\n<meta property=\"og:url\" content=\"https:\/\/kohenavocats.com\/ar\/cour-dappel-le-1-octobre-2025-n24-00647\/\" \/>\n<meta property=\"og:site_name\" content=\"Ma\u00eetre Hassan Kohen, avocat en droit p\u00e9nal \u00e0 Paris\" \/>\n<meta property=\"article:published_time\" content=\"2026-04-23T02:17:57+00:00\" \/>\n<meta property=\"og:image\" content=\"https:\/\/kohenavocats.com\/wp-content\/uploads\/2024\/11\/zyanya-citlalli-MB_Pu3bOkQg-unsplash.webp\" \/>\n\t<meta property=\"og:image:width\" content=\"3840\" \/>\n\t<meta property=\"og:image:height\" content=\"2160\" \/>\n\t<meta property=\"og:image:type\" content=\"image\/webp\" \/>\n<meta name=\"author\" content=\"Kohen\" \/>\n<meta name=\"twitter:card\" content=\"summary_large_image\" \/>\n<meta name=\"twitter:label1\" content=\"\u0643\u064f\u062a\u0628 \u0628\u0648\u0627\u0633\u0637\u0629\" \/>\n\t<meta name=\"twitter:data1\" content=\"Kohen\" \/>\n\t<meta name=\"twitter:label2\" content=\"\u0648\u0642\u062a \u0627\u0644\u0642\u0631\u0627\u0621\u0629 \u0627\u0644\u0645\u064f\u0642\u062f\u0651\u0631\" \/>\n\t<meta name=\"twitter:data2\" content=\"3 \u062f\u0642\u0627\u0626\u0642\" \/>\n<script type=\"application\/ld+json\" class=\"yoast-schema-graph\">{\"@context\":\"https:\\\/\\\/schema.org\",\"@graph\":[{\"@type\":\"Article\",\"@id\":\"https:\\\/\\\/kohenavocats.com\\\/ar\\\/cour-dappel-le-1-octobre-2025-n24-00647\\\/#article\",\"isPartOf\":{\"@id\":\"https:\\\/\\\/kohenavocats.com\\\/ar\\\/cour-dappel-le-1-octobre-2025-n24-00647\\\/\"},\"author\":{\"name\":\"Kohen\",\"@id\":\"https:\\\/\\\/kohenavocats.com\\\/ar\\\/#\\\/schema\\\/person\\\/761c9ba54fa1ca84d405cef0831ff751\"},\"headline\":\"Cour d&#8217;appel, le 1 octobre 2025, n\u00b024\\\/00647\",\"datePublished\":\"2026-04-23T02:17:57+00:00\",\"mainEntityOfPage\":{\"@id\":\"https:\\\/\\\/kohenavocats.com\\\/ar\\\/cour-dappel-le-1-octobre-2025-n24-00647\\\/\"},\"wordCount\":650,\"commentCount\":0,\"publisher\":{\"@id\":\"https:\\\/\\\/kohenavocats.com\\\/ar\\\/#organization\"},\"image\":{\"@id\":\"https:\\\/\\\/kohenavocats.com\\\/ar\\\/cour-dappel-le-1-octobre-2025-n24-00647\\\/#primaryimage\"},\"thumbnailUrl\":\"https:\\\/\\\/kohenavocats.com\\\/wp-content\\\/uploads\\\/2024\\\/11\\\/zyanya-citlalli-MB_Pu3bOkQg-unsplash.webp\",\"articleSection\":[\"Jurisprudence\"],\"inLanguage\":\"ar\",\"potentialAction\":[{\"@type\":\"CommentAction\",\"name\":\"Comment\",\"target\":[\"https:\\\/\\\/kohenavocats.com\\\/ar\\\/cour-dappel-le-1-octobre-2025-n24-00647\\\/#respond\"]}],\"citation\":\"Cour d&#8217;appel, le 1 octobre 2025, n\u00b024\\\/00647\",\"about\":[{\"@type\":\"Thing\",\"name\":\"Jurisprudence\"}],\"dateModified\":\"2026-04-23T02:17:57+00:00\",\"speakable\":{\"@type\":\"SpeakableSpecification\",\"cssSelector\":[\".article-content > p:first-of-type\"]}},{\"@type\":\"WebPage\",\"@id\":\"https:\\\/\\\/kohenavocats.com\\\/ar\\\/cour-dappel-le-1-octobre-2025-n24-00647\\\/\",\"url\":\"https:\\\/\\\/kohenavocats.com\\\/ar\\\/cour-dappel-le-1-octobre-2025-n24-00647\\\/\",\"name\":\"Cour d'appel, le 1 octobre 2025, n\u00b024\\\/00647 - Ma\u00eetre Hassan Kohen, avocat en droit p\u00e9nal \u00e0 Paris\",\"isPartOf\":{\"@id\":\"https:\\\/\\\/kohenavocats.com\\\/ar\\\/#website\"},\"primaryImageOfPage\":{\"@id\":\"https:\\\/\\\/kohenavocats.com\\\/ar\\\/cour-dappel-le-1-octobre-2025-n24-00647\\\/#primaryimage\"},\"image\":{\"@id\":\"https:\\\/\\\/kohenavocats.com\\\/ar\\\/cour-dappel-le-1-octobre-2025-n24-00647\\\/#primaryimage\"},\"thumbnailUrl\":\"https:\\\/\\\/kohenavocats.com\\\/wp-content\\\/uploads\\\/2024\\\/11\\\/zyanya-citlalli-MB_Pu3bOkQg-unsplash.webp\",\"datePublished\":\"2026-04-23T02:17:57+00:00\",\"description\":\"La Cour d'appel, statuant sur renvoi apr\u00e8s cassation, a examin\u00e9 une demande de rappel de salaire pour heures suppl\u00e9mentaires et d'indemnit\u00e9 pour travail diss...\",\"breadcrumb\":{\"@id\":\"https:\\\/\\\/kohenavocats.com\\\/ar\\\/cour-dappel-le-1-octobre-2025-n24-00647\\\/#breadcrumb\"},\"inLanguage\":\"ar\",\"potentialAction\":[{\"@type\":\"ReadAction\",\"target\":[\"https:\\\/\\\/kohenavocats.com\\\/ar\\\/cour-dappel-le-1-octobre-2025-n24-00647\\\/\"]}]},{\"@type\":\"ImageObject\",\"inLanguage\":\"ar\",\"@id\":\"https:\\\/\\\/kohenavocats.com\\\/ar\\\/cour-dappel-le-1-octobre-2025-n24-00647\\\/#primaryimage\",\"url\":\"https:\\\/\\\/kohenavocats.com\\\/wp-content\\\/uploads\\\/2024\\\/11\\\/zyanya-citlalli-MB_Pu3bOkQg-unsplash.webp\",\"contentUrl\":\"https:\\\/\\\/kohenavocats.com\\\/wp-content\\\/uploads\\\/2024\\\/11\\\/zyanya-citlalli-MB_Pu3bOkQg-unsplash.webp\",\"width\":3840,\"height\":2160},{\"@type\":\"BreadcrumbList\",\"@id\":\"https:\\\/\\\/kohenavocats.com\\\/ar\\\/cour-dappel-le-1-octobre-2025-n24-00647\\\/#breadcrumb\",\"itemListElement\":[{\"@type\":\"ListItem\",\"position\":1,\"name\":\"Home\",\"item\":\"https:\\\/\\\/kohenavocats.com\\\/ar\\\/%d9%85%d8%ad%d8%a7%d9%85%d9%88%d9%86-%d9%85%d8%aa%d8%ae%d8%b5%d8%b5%d9%88%d9%86-%d9%81%d9%8a-%d8%a7%d9%84%d9%82%d8%a7%d9%86%d9%88%d9%86-%d8%a7%d9%84%d8%ac%d9%86%d8%a7%d8%a6%d9%8a-%d8%a8%d8%a8%d8%a7\\\/\"},{\"@type\":\"ListItem\",\"position\":2,\"name\":\"Cour d&rsquo;appel, le 1 octobre 2025, n\u00b024\\\/00647\"}]},{\"@type\":\"WebSite\",\"@id\":\"https:\\\/\\\/kohenavocats.com\\\/ar\\\/#website\",\"url\":\"https:\\\/\\\/kohenavocats.com\\\/ar\\\/\",\"name\":\"Kohen Avocats\",\"description\":\"Ma\u00eetre Hassan Kohen, avocat p\u00e9naliste \u00e0 Paris, intervient exclusivement en droit p\u00e9nal pour la d\u00e9fense des particuliers, notamment en mati\u00e8re d\u2019accusations de viol. Il assure un accompagnement rigoureux d\u00e8s la garde \u00e0 vue jusqu\u2019\u00e0 la Cour d\u2019assises, veillant au strict respect des garanties proc\u00e9durales.\",\"publisher\":{\"@id\":\"https:\\\/\\\/kohenavocats.com\\\/ar\\\/#organization\"},\"potentialAction\":[{\"@type\":\"SearchAction\",\"target\":{\"@type\":\"EntryPoint\",\"urlTemplate\":\"https:\\\/\\\/kohenavocats.com\\\/ar\\\/?s={search_term_string}\"},\"query-input\":{\"@type\":\"PropertyValueSpecification\",\"valueRequired\":true,\"valueName\":\"search_term_string\"}}],\"inLanguage\":\"ar\"},{\"@type\":\"Organization\",\"@id\":\"https:\\\/\\\/kohenavocats.com\\\/ar\\\/#organization\",\"name\":\"Kohen Avocats\",\"url\":\"https:\\\/\\\/kohenavocats.com\\\/ar\\\/\",\"logo\":{\"@type\":\"ImageObject\",\"inLanguage\":\"ar\",\"@id\":\"https:\\\/\\\/kohenavocats.com\\\/ar\\\/#\\\/schema\\\/logo\\\/image\\\/\",\"url\":\"https:\\\/\\\/kohenavocats.com\\\/wp-content\\\/uploads\\\/2026\\\/01\\\/Logo-2-1.webp\",\"contentUrl\":\"https:\\\/\\\/kohenavocats.com\\\/wp-content\\\/uploads\\\/2026\\\/01\\\/Logo-2-1.webp\",\"width\":2114,\"height\":1253,\"caption\":\"Kohen Avocats\"},\"image\":{\"@id\":\"https:\\\/\\\/kohenavocats.com\\\/ar\\\/#\\\/schema\\\/logo\\\/image\\\/\"}},{\"@type\":\"Person\",\"@id\":\"https:\\\/\\\/kohenavocats.com\\\/ar\\\/#\\\/schema\\\/person\\\/761c9ba54fa1ca84d405cef0831ff751\",\"name\":\"Kohen\",\"image\":{\"@type\":\"ImageObject\",\"inLanguage\":\"ar\",\"@id\":\"https:\\\/\\\/secure.gravatar.com\\\/avatar\\\/1c5e76ef76bbbfdd2b4da984e2bf2fa4056fd51a27d25ce2c332047f1dfd6e00?s=96&d=identicon&r=g\",\"url\":\"https:\\\/\\\/secure.gravatar.com\\\/avatar\\\/1c5e76ef76bbbfdd2b4da984e2bf2fa4056fd51a27d25ce2c332047f1dfd6e00?s=96&d=identicon&r=g\",\"contentUrl\":\"https:\\\/\\\/secure.gravatar.com\\\/avatar\\\/1c5e76ef76bbbfdd2b4da984e2bf2fa4056fd51a27d25ce2c332047f1dfd6e00?s=96&d=identicon&r=g\",\"caption\":\"Kohen\"},\"sameAs\":[\"https:\\\/\\\/www.linkedin.com\\\/in\\\/hassan-kohen-448548192\\\/\",\"https:\\\/\\\/www.youtube.com\\\/@Kohen-Avocats\"],\"url\":\"https:\\\/\\\/kohenavocats.com\\\/ar\\\/author\\\/kohenmlk\\\/\"}]}<\/script>\n<!-- \/ Yoast SEO Premium plugin. -->","yoast_head_json":{"title":"Cour d'appel, le 1 octobre 2025, n\u00b024\/00647 - Ma\u00eetre Hassan Kohen, avocat en droit p\u00e9nal \u00e0 Paris","description":"La Cour d'appel, statuant sur renvoi apr\u00e8s cassation, a examin\u00e9 une demande de rappel de salaire pour heures suppl\u00e9mentaires et d'indemnit\u00e9 pour travail diss...","robots":{"index":"index","follow":"follow","max-snippet":"max-snippet:-1","max-image-preview":"max-image-preview:large","max-video-preview":"max-video-preview:-1"},"canonical":"https:\/\/kohenavocats.com\/ar\/cour-dappel-le-1-octobre-2025-n24-00647\/","og_locale":"ar_AR","og_type":"article","og_title":"Cour d'appel, le 1 octobre 2025, n\u00b024\/00647","og_description":"La Cour d'appel, statuant sur renvoi apr\u00e8s cassation, a examin\u00e9 une demande de rappel de salaire pour heures suppl\u00e9mentaires et d'indemnit\u00e9 pour travail diss...","og_url":"https:\/\/kohenavocats.com\/ar\/cour-dappel-le-1-octobre-2025-n24-00647\/","og_site_name":"Ma\u00eetre Hassan Kohen, avocat en droit p\u00e9nal \u00e0 Paris","article_published_time":"2026-04-23T02:17:57+00:00","og_image":[{"width":3840,"height":2160,"url":"https:\/\/kohenavocats.com\/wp-content\/uploads\/2024\/11\/zyanya-citlalli-MB_Pu3bOkQg-unsplash.webp","type":"image\/webp"}],"author":"Kohen","twitter_card":"summary_large_image","twitter_misc":{"\u0643\u064f\u062a\u0628 \u0628\u0648\u0627\u0633\u0637\u0629":"Kohen","\u0648\u0642\u062a \u0627\u0644\u0642\u0631\u0627\u0621\u0629 \u0627\u0644\u0645\u064f\u0642\u062f\u0651\u0631":"3 \u062f\u0642\u0627\u0626\u0642"},"schema":{"@context":"https:\/\/schema.org","@graph":[{"@type":"Article","@id":"https:\/\/kohenavocats.com\/ar\/cour-dappel-le-1-octobre-2025-n24-00647\/#article","isPartOf":{"@id":"https:\/\/kohenavocats.com\/ar\/cour-dappel-le-1-octobre-2025-n24-00647\/"},"author":{"name":"Kohen","@id":"https:\/\/kohenavocats.com\/ar\/#\/schema\/person\/761c9ba54fa1ca84d405cef0831ff751"},"headline":"Cour d&#8217;appel, le 1 octobre 2025, n\u00b024\/00647","datePublished":"2026-04-23T02:17:57+00:00","mainEntityOfPage":{"@id":"https:\/\/kohenavocats.com\/ar\/cour-dappel-le-1-octobre-2025-n24-00647\/"},"wordCount":650,"commentCount":0,"publisher":{"@id":"https:\/\/kohenavocats.com\/ar\/#organization"},"image":{"@id":"https:\/\/kohenavocats.com\/ar\/cour-dappel-le-1-octobre-2025-n24-00647\/#primaryimage"},"thumbnailUrl":"https:\/\/kohenavocats.com\/wp-content\/uploads\/2024\/11\/zyanya-citlalli-MB_Pu3bOkQg-unsplash.webp","articleSection":["Jurisprudence"],"inLanguage":"ar","potentialAction":[{"@type":"CommentAction","name":"Comment","target":["https:\/\/kohenavocats.com\/ar\/cour-dappel-le-1-octobre-2025-n24-00647\/#respond"]}],"citation":"Cour d&#8217;appel, le 1 octobre 2025, n\u00b024\/00647","about":[{"@type":"Thing","name":"Jurisprudence"}],"dateModified":"2026-04-23T02:17:57+00:00","speakable":{"@type":"SpeakableSpecification","cssSelector":[".article-content > p:first-of-type"]}},{"@type":"WebPage","@id":"https:\/\/kohenavocats.com\/ar\/cour-dappel-le-1-octobre-2025-n24-00647\/","url":"https:\/\/kohenavocats.com\/ar\/cour-dappel-le-1-octobre-2025-n24-00647\/","name":"Cour d'appel, le 1 octobre 2025, n\u00b024\/00647 - Ma\u00eetre Hassan Kohen, avocat en droit p\u00e9nal \u00e0 Paris","isPartOf":{"@id":"https:\/\/kohenavocats.com\/ar\/#website"},"primaryImageOfPage":{"@id":"https:\/\/kohenavocats.com\/ar\/cour-dappel-le-1-octobre-2025-n24-00647\/#primaryimage"},"image":{"@id":"https:\/\/kohenavocats.com\/ar\/cour-dappel-le-1-octobre-2025-n24-00647\/#primaryimage"},"thumbnailUrl":"https:\/\/kohenavocats.com\/wp-content\/uploads\/2024\/11\/zyanya-citlalli-MB_Pu3bOkQg-unsplash.webp","datePublished":"2026-04-23T02:17:57+00:00","description":"La Cour d'appel, statuant sur renvoi apr\u00e8s cassation, a examin\u00e9 une demande de rappel de salaire pour heures suppl\u00e9mentaires et d'indemnit\u00e9 pour travail diss...","breadcrumb":{"@id":"https:\/\/kohenavocats.com\/ar\/cour-dappel-le-1-octobre-2025-n24-00647\/#breadcrumb"},"inLanguage":"ar","potentialAction":[{"@type":"ReadAction","target":["https:\/\/kohenavocats.com\/ar\/cour-dappel-le-1-octobre-2025-n24-00647\/"]}]},{"@type":"ImageObject","inLanguage":"ar","@id":"https:\/\/kohenavocats.com\/ar\/cour-dappel-le-1-octobre-2025-n24-00647\/#primaryimage","url":"https:\/\/kohenavocats.com\/wp-content\/uploads\/2024\/11\/zyanya-citlalli-MB_Pu3bOkQg-unsplash.webp","contentUrl":"https:\/\/kohenavocats.com\/wp-content\/uploads\/2024\/11\/zyanya-citlalli-MB_Pu3bOkQg-unsplash.webp","width":3840,"height":2160},{"@type":"BreadcrumbList","@id":"https:\/\/kohenavocats.com\/ar\/cour-dappel-le-1-octobre-2025-n24-00647\/#breadcrumb","itemListElement":[{"@type":"ListItem","position":1,"name":"Home","item":"https:\/\/kohenavocats.com\/ar\/%d9%85%d8%ad%d8%a7%d9%85%d9%88%d9%86-%d9%85%d8%aa%d8%ae%d8%b5%d8%b5%d9%88%d9%86-%d9%81%d9%8a-%d8%a7%d9%84%d9%82%d8%a7%d9%86%d9%88%d9%86-%d8%a7%d9%84%d8%ac%d9%86%d8%a7%d8%a6%d9%8a-%d8%a8%d8%a8%d8%a7\/"},{"@type":"ListItem","position":2,"name":"Cour d&rsquo;appel, le 1 octobre 2025, n\u00b024\/00647"}]},{"@type":"WebSite","@id":"https:\/\/kohenavocats.com\/ar\/#website","url":"https:\/\/kohenavocats.com\/ar\/","name":"Kohen Avocats","description":"Ma\u00eetre Hassan Kohen, avocat p\u00e9naliste \u00e0 Paris, intervient exclusivement en droit p\u00e9nal pour la d\u00e9fense des particuliers, notamment en mati\u00e8re d\u2019accusations de viol. Il assure un accompagnement rigoureux d\u00e8s la garde \u00e0 vue jusqu\u2019\u00e0 la Cour d\u2019assises, veillant au strict respect des garanties proc\u00e9durales.","publisher":{"@id":"https:\/\/kohenavocats.com\/ar\/#organization"},"potentialAction":[{"@type":"SearchAction","target":{"@type":"EntryPoint","urlTemplate":"https:\/\/kohenavocats.com\/ar\/?s={search_term_string}"},"query-input":{"@type":"PropertyValueSpecification","valueRequired":true,"valueName":"search_term_string"}}],"inLanguage":"ar"},{"@type":"Organization","@id":"https:\/\/kohenavocats.com\/ar\/#organization","name":"Kohen Avocats","url":"https:\/\/kohenavocats.com\/ar\/","logo":{"@type":"ImageObject","inLanguage":"ar","@id":"https:\/\/kohenavocats.com\/ar\/#\/schema\/logo\/image\/","url":"https:\/\/kohenavocats.com\/wp-content\/uploads\/2026\/01\/Logo-2-1.webp","contentUrl":"https:\/\/kohenavocats.com\/wp-content\/uploads\/2026\/01\/Logo-2-1.webp","width":2114,"height":1253,"caption":"Kohen Avocats"},"image":{"@id":"https:\/\/kohenavocats.com\/ar\/#\/schema\/logo\/image\/"}},{"@type":"Person","@id":"https:\/\/kohenavocats.com\/ar\/#\/schema\/person\/761c9ba54fa1ca84d405cef0831ff751","name":"Kohen","image":{"@type":"ImageObject","inLanguage":"ar","@id":"https:\/\/secure.gravatar.com\/avatar\/1c5e76ef76bbbfdd2b4da984e2bf2fa4056fd51a27d25ce2c332047f1dfd6e00?s=96&d=identicon&r=g","url":"https:\/\/secure.gravatar.com\/avatar\/1c5e76ef76bbbfdd2b4da984e2bf2fa4056fd51a27d25ce2c332047f1dfd6e00?s=96&d=identicon&r=g","contentUrl":"https:\/\/secure.gravatar.com\/avatar\/1c5e76ef76bbbfdd2b4da984e2bf2fa4056fd51a27d25ce2c332047f1dfd6e00?s=96&d=identicon&r=g","caption":"Kohen"},"sameAs":["https:\/\/www.linkedin.com\/in\/hassan-kohen-448548192\/","https:\/\/www.youtube.com\/@Kohen-Avocats"],"url":"https:\/\/kohenavocats.com\/ar\/author\/kohenmlk\/"}]}},"jetpack_featured_media_url":"https:\/\/kohenavocats.com\/wp-content\/uploads\/2024\/11\/zyanya-citlalli-MB_Pu3bOkQg-unsplash.webp","jetpack_likes_enabled":false,"jetpack_shortlink":"https:\/\/wp.me\/peCrII-2Ko5","jetpack-related-posts":[{"id":654929,"url":"https:\/\/kohenavocats.com\/ar\/cour-dappel-de-lyon-le-28-novembre-2025-n24-02791\/","url_meta":{"origin":654973,"position":0},"title":"Cour d&#8217;appel de Lyon, le 28 novembre 2025, n\u00b024\/02791","author":"Kohen","date":"23 \u0623\u0628\u0631\u064a\u0644\u060c 2026","format":false,"excerpt":"La Cour d'appel de Lyon, statuant en renvoi apr\u00e8s cassation, a rendu un arr\u00eat le 28 novembre 2025. Un salari\u00e9 demandait le paiement d'heures suppl\u00e9mentaires,...","rel":"","context":"\u0641\u064a &quot;Jurisprudence&quot;","block_context":{"text":"Jurisprudence","link":"https:\/\/kohenavocats.com\/category\/jurisprudence\/"},"img":{"alt_text":"","src":"https:\/\/i0.wp.com\/kohenavocats.com\/wp-content\/uploads\/2024\/07\/lucie-morel-DsWjM4iOmyA-unsplash.webp?resize=350%2C200&ssl=1","width":350,"height":200,"srcset":"https:\/\/i0.wp.com\/kohenavocats.com\/wp-content\/uploads\/2024\/07\/lucie-morel-DsWjM4iOmyA-unsplash.webp?resize=350%2C200&ssl=1 1x, https:\/\/i0.wp.com\/kohenavocats.com\/wp-content\/uploads\/2024\/07\/lucie-morel-DsWjM4iOmyA-unsplash.webp?resize=525%2C300&ssl=1 1.5x, https:\/\/i0.wp.com\/kohenavocats.com\/wp-content\/uploads\/2024\/07\/lucie-morel-DsWjM4iOmyA-unsplash.webp?resize=700%2C400&ssl=1 2x, https:\/\/i0.wp.com\/kohenavocats.com\/wp-content\/uploads\/2024\/07\/lucie-morel-DsWjM4iOmyA-unsplash.webp?resize=1050%2C600&ssl=1 3x, https:\/\/i0.wp.com\/kohenavocats.com\/wp-content\/uploads\/2024\/07\/lucie-morel-DsWjM4iOmyA-unsplash.webp?resize=1400%2C800&ssl=1 4x"},"classes":[]},{"id":616587,"url":"https:\/\/kohenavocats.com\/ar\/cour-dappel-de-paris-le-16-mars-2020-n22-05551\/","url_meta":{"origin":654973,"position":1},"title":"Cour d&#8217;appel de Paris, le 16 mars 2020, n\u00b022\/05551","author":"Kohen","date":"20 \u0623\u0628\u0631\u064a\u0644\u060c 2026","format":false,"excerpt":"La cour d\u2019appel de Paris, statuant le 16 mars 2020, examine les demandes d\u2019un salari\u00e9 concernant des heures suppl\u00e9mentaires, un travail dissimul\u00e9 et une r\u00e9si...","rel":"","context":"\u0641\u064a &quot;Jurisprudence&quot;","block_context":{"text":"Jurisprudence","link":"https:\/\/kohenavocats.com\/category\/jurisprudence\/"},"img":{"alt_text":"","src":"https:\/\/i0.wp.com\/kohenavocats.com\/wp-content\/uploads\/2024\/08\/philippe-oursel-pWhx6q22d_I-unsplash.webp?resize=350%2C200&ssl=1","width":350,"height":200,"srcset":"https:\/\/i0.wp.com\/kohenavocats.com\/wp-content\/uploads\/2024\/08\/philippe-oursel-pWhx6q22d_I-unsplash.webp?resize=350%2C200&ssl=1 1x, https:\/\/i0.wp.com\/kohenavocats.com\/wp-content\/uploads\/2024\/08\/philippe-oursel-pWhx6q22d_I-unsplash.webp?resize=525%2C300&ssl=1 1.5x, https:\/\/i0.wp.com\/kohenavocats.com\/wp-content\/uploads\/2024\/08\/philippe-oursel-pWhx6q22d_I-unsplash.webp?resize=700%2C400&ssl=1 2x, https:\/\/i0.wp.com\/kohenavocats.com\/wp-content\/uploads\/2024\/08\/philippe-oursel-pWhx6q22d_I-unsplash.webp?resize=1050%2C600&ssl=1 3x, https:\/\/i0.wp.com\/kohenavocats.com\/wp-content\/uploads\/2024\/08\/philippe-oursel-pWhx6q22d_I-unsplash.webp?resize=1400%2C800&ssl=1 4x"},"classes":[]},{"id":429265,"url":"https:\/\/kohenavocats.com\/ar\/cour-dappel-de-paris-le-26-fevrier-2026-n22-05128\/","url_meta":{"origin":654973,"position":2},"title":"Cour d&#8217;appel de Paris, le 26 f\u00e9vrier 2026, n\u00b022\/05128","author":"Kohen","date":"24 \u0645\u0627\u0631\u0633\u060c 2026","format":false,"excerpt":"La Cour d\u2019appel de Paris, dans un arr\u00eat du 26 f\u00e9vrier 2026, a \u00e9t\u00e9 saisie d\u2019un litige relatif \u00e0 la r\u00e9mun\u00e9ration d\u2019heures suppl\u00e9mentaires. Un salari\u00e9 engag\u00e9 en 2005 en qualit\u00e9 de coiffeur sollicitait un rappel de salaire pour des heures suppl\u00e9mentaires accomplies entre juillet 2018 et avril 2021. Il demandait\u2026","rel":"","context":"\u0641\u064a &quot;Cour d'appel&quot;","block_context":{"text":"Cour d'appel","link":"https:\/\/kohenavocats.com\/category\/cour-dappel\/"},"img":{"alt_text":"","src":"https:\/\/i0.wp.com\/kohenavocats.com\/wp-content\/uploads\/2024\/11\/zyanya-citlalli-qhFXS18P2OQ-unsplash-1.webp?resize=350%2C200&ssl=1","width":350,"height":200,"srcset":"https:\/\/i0.wp.com\/kohenavocats.com\/wp-content\/uploads\/2024\/11\/zyanya-citlalli-qhFXS18P2OQ-unsplash-1.webp?resize=350%2C200&ssl=1 1x, https:\/\/i0.wp.com\/kohenavocats.com\/wp-content\/uploads\/2024\/11\/zyanya-citlalli-qhFXS18P2OQ-unsplash-1.webp?resize=525%2C300&ssl=1 1.5x, https:\/\/i0.wp.com\/kohenavocats.com\/wp-content\/uploads\/2024\/11\/zyanya-citlalli-qhFXS18P2OQ-unsplash-1.webp?resize=700%2C400&ssl=1 2x, https:\/\/i0.wp.com\/kohenavocats.com\/wp-content\/uploads\/2024\/11\/zyanya-citlalli-qhFXS18P2OQ-unsplash-1.webp?resize=1050%2C600&ssl=1 3x, https:\/\/i0.wp.com\/kohenavocats.com\/wp-content\/uploads\/2024\/11\/zyanya-citlalli-qhFXS18P2OQ-unsplash-1.webp?resize=1400%2C800&ssl=1 4x"},"classes":[]},{"id":430015,"url":"https:\/\/kohenavocats.com\/ar\/cour-dappel-de-angers-le-31-mai-2011-n10-01003\/","url_meta":{"origin":654973,"position":3},"title":"Cour d&#8217;appel de Angers, le 31 mai 2011, n\u00b010\/01003","author":"Kohen","date":"24 \u0645\u0627\u0631\u0633\u060c 2026","format":false,"excerpt":"Une salari\u00e9e, engag\u00e9e en 2003 en qualit\u00e9 de cadre, a \u00e9t\u00e9 licenci\u00e9e pour inaptitude en 2008. Elle a saisi le conseil de prud\u2019hommes d\u2019Angers afin d\u2019obtenir diverses indemnit\u00e9s, notamment pour heures suppl\u00e9mentaires non pay\u00e9es et travail dissimul\u00e9. Par jugement du 7 avril 2010, la juridiction a en partie fait droit\u2026","rel":"","context":"\u0641\u064a &quot;Cour d'appel&quot;","block_context":{"text":"Cour d'appel","link":"https:\/\/kohenavocats.com\/category\/cour-dappel\/"},"img":{"alt_text":"","src":"https:\/\/i0.wp.com\/kohenavocats.com\/wp-content\/uploads\/2024\/07\/nathan-cima-L89SN03SJK8-unsplash.webp?resize=350%2C200&ssl=1","width":350,"height":200,"srcset":"https:\/\/i0.wp.com\/kohenavocats.com\/wp-content\/uploads\/2024\/07\/nathan-cima-L89SN03SJK8-unsplash.webp?resize=350%2C200&ssl=1 1x, https:\/\/i0.wp.com\/kohenavocats.com\/wp-content\/uploads\/2024\/07\/nathan-cima-L89SN03SJK8-unsplash.webp?resize=525%2C300&ssl=1 1.5x, https:\/\/i0.wp.com\/kohenavocats.com\/wp-content\/uploads\/2024\/07\/nathan-cima-L89SN03SJK8-unsplash.webp?resize=700%2C400&ssl=1 2x, https:\/\/i0.wp.com\/kohenavocats.com\/wp-content\/uploads\/2024\/07\/nathan-cima-L89SN03SJK8-unsplash.webp?resize=1050%2C600&ssl=1 3x, https:\/\/i0.wp.com\/kohenavocats.com\/wp-content\/uploads\/2024\/07\/nathan-cima-L89SN03SJK8-unsplash.webp?resize=1400%2C800&ssl=1 4x"},"classes":[]},{"id":456649,"url":"https:\/\/kohenavocats.com\/ar\/cour-dappel-de-aix-en-provence-2025-10-02-n22-04347\/","url_meta":{"origin":654973,"position":4},"title":"Cour d&#8217;appel de Aix-en-Provence &#8211; 2025-10-02 &#8211; n\u00b022\/04347","author":"Kohen","date":"7 \u0623\u0628\u0631\u064a\u0644\u060c 2026","format":false,"excerpt":"Cour d\u2019appel d\u2019Aix-en-Provence, statuant sur un litige n\u00e9 d\u2019une relation de travail, rend un arr\u00eat le 9 janvier 2025. Un salari\u00e9 sollicitait le paiement d\u2019heures suppl\u00e9mentaires et une indemnit\u00e9 pour ...","rel":"","context":"\u0641\u064a &quot;Jurisprudence&quot;","block_context":{"text":"Jurisprudence","link":"https:\/\/kohenavocats.com\/category\/jurisprudence\/"},"img":{"alt_text":"","src":"https:\/\/i0.wp.com\/kohenavocats.com\/wp-content\/uploads\/2024\/06\/the-free-birds-9nGaQJjAAng-unsplash.webp?resize=350%2C200&ssl=1","width":350,"height":200,"srcset":"https:\/\/i0.wp.com\/kohenavocats.com\/wp-content\/uploads\/2024\/06\/the-free-birds-9nGaQJjAAng-unsplash.webp?resize=350%2C200&ssl=1 1x, https:\/\/i0.wp.com\/kohenavocats.com\/wp-content\/uploads\/2024\/06\/the-free-birds-9nGaQJjAAng-unsplash.webp?resize=525%2C300&ssl=1 1.5x, https:\/\/i0.wp.com\/kohenavocats.com\/wp-content\/uploads\/2024\/06\/the-free-birds-9nGaQJjAAng-unsplash.webp?resize=700%2C400&ssl=1 2x, https:\/\/i0.wp.com\/kohenavocats.com\/wp-content\/uploads\/2024\/06\/the-free-birds-9nGaQJjAAng-unsplash.webp?resize=1050%2C600&ssl=1 3x, https:\/\/i0.wp.com\/kohenavocats.com\/wp-content\/uploads\/2024\/06\/the-free-birds-9nGaQJjAAng-unsplash.webp?resize=1400%2C800&ssl=1 4x"},"classes":[]},{"id":423488,"url":"https:\/\/kohenavocats.com\/ar\/cour-dappel-de-angers-le-8-novembre-2011-n10-00888\/","url_meta":{"origin":654973,"position":5},"title":"Cour d&#8217;appel de Angers, le 8 novembre 2011, n\u00b010\/00888","author":"Kohen","date":"23 \u0645\u0627\u0631\u0633\u060c 2026","format":false,"excerpt":"Un salari\u00e9 avait \u00e9t\u00e9 engag\u00e9 en septembre 2006 en qualit\u00e9 de technicien. Il avait d\u00e9missionn\u00e9 en ao\u00fbt 2008. Il avait ensuite saisi le conseil de prud\u2019hommes afin d\u2019obtenir le paiement d\u2019heures suppl\u00e9mentaires non r\u00e9mun\u00e9r\u00e9es pour l\u2019ann\u00e9e 2007, ainsi que des dommages et int\u00e9r\u00eats. Le conseil de prud\u2019hommes du Mans, par\u2026","rel":"","context":"\u0641\u064a &quot;Cour d'appel&quot;","block_context":{"text":"Cour d'appel","link":"https:\/\/kohenavocats.com\/category\/cour-dappel\/"},"img":{"alt_text":"","src":"https:\/\/i0.wp.com\/kohenavocats.com\/wp-content\/uploads\/2024\/08\/filtergrade-TZ63XfVx_uE-unsplash.webp?resize=350%2C200&ssl=1","width":350,"height":200,"srcset":"https:\/\/i0.wp.com\/kohenavocats.com\/wp-content\/uploads\/2024\/08\/filtergrade-TZ63XfVx_uE-unsplash.webp?resize=350%2C200&ssl=1 1x, https:\/\/i0.wp.com\/kohenavocats.com\/wp-content\/uploads\/2024\/08\/filtergrade-TZ63XfVx_uE-unsplash.webp?resize=525%2C300&ssl=1 1.5x, https:\/\/i0.wp.com\/kohenavocats.com\/wp-content\/uploads\/2024\/08\/filtergrade-TZ63XfVx_uE-unsplash.webp?resize=700%2C400&ssl=1 2x, https:\/\/i0.wp.com\/kohenavocats.com\/wp-content\/uploads\/2024\/08\/filtergrade-TZ63XfVx_uE-unsplash.webp?resize=1050%2C600&ssl=1 3x, https:\/\/i0.wp.com\/kohenavocats.com\/wp-content\/uploads\/2024\/08\/filtergrade-TZ63XfVx_uE-unsplash.webp?resize=1400%2C800&ssl=1 4x"},"classes":[]}],"jetpack_sharing_enabled":true,"_links":{"self":[{"href":"https:\/\/kohenavocats.com\/ar\/wp-json\/wp\/v2\/posts\/654973","targetHints":{"allow":["GET"]}}],"collection":[{"href":"https:\/\/kohenavocats.com\/ar\/wp-json\/wp\/v2\/posts"}],"about":[{"href":"https:\/\/kohenavocats.com\/ar\/wp-json\/wp\/v2\/types\/post"}],"author":[{"embeddable":true,"href":"https:\/\/kohenavocats.com\/ar\/wp-json\/wp\/v2\/users\/232070755"}],"replies":[{"embeddable":true,"href":"https:\/\/kohenavocats.com\/ar\/wp-json\/wp\/v2\/comments?post=654973"}],"version-history":[{"count":0,"href":"https:\/\/kohenavocats.com\/ar\/wp-json\/wp\/v2\/posts\/654973\/revisions"}],"wp:featuredmedia":[{"embeddable":true,"href":"https:\/\/kohenavocats.com\/ar\/wp-json\/wp\/v2\/media\/9508"}],"wp:attachment":[{"href":"https:\/\/kohenavocats.com\/ar\/wp-json\/wp\/v2\/media?parent=654973"}],"wp:term":[{"taxonomy":"category","embeddable":true,"href":"https:\/\/kohenavocats.com\/ar\/wp-json\/wp\/v2\/categories?post=654973"},{"taxonomy":"post_tag","embeddable":true,"href":"https:\/\/kohenavocats.com\/ar\/wp-json\/wp\/v2\/tags?post=654973"}],"curies":[{"name":"wp","href":"https:\/\/api.w.org\/{rel}","templated":true}]}}