{"id":655127,"date":"2026-04-23T04:36:36","date_gmt":"2026-04-23T02:36:36","guid":{"rendered":"https:\/\/kohenavocats.com\/tribunal-judiciaire-de-lyon-le-10-novembre-2025-n25-05768\/"},"modified":"2026-04-23T04:36:36","modified_gmt":"2026-04-23T02:36:36","slug":"tribunal-judiciaire-de-lyon-le-10-novembre-2025-n25-05768","status":"publish","type":"post","link":"https:\/\/kohenavocats.com\/ar\/tribunal-judiciaire-de-lyon-le-10-novembre-2025-n25-05768\/","title":{"rendered":"Tribunal judiciaire de Lyon, le 10 novembre 2025, n\u00b025\/05768"},"content":{"rendered":"<div class=\"article-content\">\n<p>Le juge de l\u2019ex\u00e9cution, statuant le 10 novembre 2025, examine une contestation de saisie-attribution. La soci\u00e9t\u00e9 d\u00e9bitrice invoque un sursis \u00e0 statuer dans l\u2019attente d\u2019une d\u00e9cision sur la validit\u00e9 du titre ex\u00e9cutoire. Le juge d\u00e9clare la contestation recevable et accorde le sursis \u00e0 statuer demand\u00e9, suspendant l\u2019instance.<\/p>\n<p>La recevabilit\u00e9 de la contestation de saisie<\/p>\n<p>Le respect des d\u00e9lais stricts conditionne la recevabilit\u00e9 des contestations. Le texte impose un d\u00e9lai d\u2019un mois \u00e0 compter de la d\u00e9nonciation de la saisie. &#8220;En l&#8217;esp\u00e8ce, la saisie-attribution pratiqu\u00e9e le 27 juin 2025 a \u00e9t\u00e9 d\u00e9nonc\u00e9e le 3 juillet 2025&#8221; (Motifs). L\u2019acte de contestation du 1er ao\u00fbt respecte ce d\u00e9lai imp\u00e9ratif, justifiant la recevabilit\u00e9. La rigueur proc\u00e9durale garantit la s\u00e9curit\u00e9 juridique des mesures d\u2019ex\u00e9cution. Cette application stricte \u00e9vite toute dilatoire et assure l\u2019efficacit\u00e9 du recouvrement. La d\u00e9cision rappelle ainsi l\u2019importance du formalisme en mati\u00e8re de voies d\u2019ex\u00e9cution.<\/p>\n<p>La r\u00e9gularit\u00e9 des notifications constitue le second volet de l\u2019examen. La loi exige une d\u00e9nonciation imm\u00e9diate \u00e0 l\u2019huissier instrumentaire par lettre recommand\u00e9e. &#8220;Il est justifi\u00e9 qu&#8217;il a \u00e9t\u00e9 d\u00e9nonc\u00e9 le jour m\u00eame ou le premier jour ouvrable&#8221; (Motifs). Cette preuve apport\u00e9e par le d\u00e9biteur satisfait aux exigences l\u00e9gales. La notification r\u00e9guli\u00e8re assure le contradictoire et permet l\u2019engagement loyal du d\u00e9bat. Elle conditionne la validit\u00e9 de la saisine du juge de l\u2019ex\u00e9cution. Le contr\u00f4le de ces formalit\u00e9s est essentiel pour la r\u00e9gularit\u00e9 de l\u2019instance.<\/p>\n<p>Les conditions d\u2019octroi du sursis \u00e0 statuer<\/p>\n<p>L\u2019existence d\u2019une proc\u00e9dure connexe justifie la suspension de l\u2019instance. Le juge appr\u00e9cie l\u2019opportunit\u00e9 du sursis dans l\u2019int\u00e9r\u00eat d\u2019une bonne administration de la justice. &#8220;Il est constant que le juge doit appr\u00e9cier l&#8217;opportunit\u00e9 d&#8217;un sursis \u00e0 statuer&#8221; (Motifs). La soci\u00e9t\u00e9 justifie d\u2019une contestation du titre ex\u00e9cutoire devant une autre juridiction. Cette situation cr\u00e9e un lien de connexit\u00e9 \u00e9vident entre les deux instances. La d\u00e9cision attendue influencera n\u00e9cessairement l\u2019issue du litige principal. Le sursis \u00e9vite ainsi des d\u00e9cisions potentiellement contradictoires.<\/p>\n<p>La cons\u00e9quence n\u00e9cessaire de la d\u00e9cision \u00e0 venir fonde la suspension. Le r\u00e9sultat de la proc\u00e9dure pendante doit avoir une incidence sur l\u2019affaire en cours. &#8220;Force est de constater que le r\u00e9sultat de la proc\u00e9dure \u00e0 venir [&#8230;] aura n\u00e9cessairement une cons\u00e9quence sur le titre ex\u00e9cutoire&#8221; (Motifs). La validit\u00e9 du certificat de v\u00e9rification des d\u00e9pens est directement en cause. Son annulation rendrait la saisie-attribution sans fondement l\u00e9gal. Cette approche rejoint une jurisprudence admettant le sursis en cas de d\u00e9pendance. &#8220;Il convient [&#8230;] de surseoir \u00e0 statuer [&#8230;] dans l&#8217;attente de la d\u00e9cision \u00e0 intervenir&#8221; (Cour d&#8217;appel de Montpellier, le 16 janvier 2025, n\u00b024\/02008). \u00c0 l\u2019inverse, l\u2019absence de preuve d\u2019une instance engag\u00e9e conduirait au rejet. &#8220;Il ne fait valoir par ailleurs aucune difficult\u00e9 \u00e0 r\u00e9aliser cette d\u00e9marche&#8221; (Cour d&#8217;appel d&#8217;Amiens, le 11 mars 2025, n\u00b023\/04969). La d\u00e9cision illustre ainsi un usage mesur\u00e9 de ce pouvoir d\u2019appr\u00e9ciation. Elle suspend l\u2019instance pour pr\u00e9server la coh\u00e9rence des d\u00e9cisions de justice.<\/p>\n<\/div>\n","protected":false},"excerpt":{"rendered":"<p>Le juge de l\u2019ex\u00e9cution, statuant le 10 novembre 2025, examine une contestation de saisie-attribution. La soci\u00e9t\u00e9 d\u00e9bitrice invoque un sursis \u00e0 statuer dans l&#8230;<\/p>\n","protected":false},"author":232070755,"featured_media":9640,"comment_status":"open","ping_status":"open","sticky":false,"template":"","format":"standard","meta":{"_crdt_document":"","_jetpack_newsletter_access":"","_jetpack_dont_email_post_to_subs":false,"_jetpack_newsletter_tier_id":0,"_jetpack_memberships_contains_paywalled_content":false,"_kj_source_type":"judilibre","_kj_official_id":"69792279cdc6046d47e8734c","_kj_official_url":"https:\/\/www.courdecassation.fr\/decision\/69792279cdc6046d47e8734c","_kj_judilibre_id":"69792279cdc6046d47e8734c","_kj_jur":"Tribunal judiciaire","_kj_lieu":"Tribunal judiciaire de Lyon","_kj_chambre":"J.E.X","_kj_rg":"25\/05768","_kj_date":"2025-12-09","_jetpack_memberships_contains_paid_content":false,"footnotes":"","jetpack_post_was_ever_published":false},"categories":[7597],"tags":[],"class_list":["post-655127","post","type-post","status-publish","format-standard","has-post-thumbnail","hentry","category-jurisprudence"],"yoast_head":"<!-- This site is optimized with the Yoast SEO Premium plugin v27.4 (Yoast SEO v27.4) - https:\/\/yoast.com\/product\/yoast-seo-premium-wordpress\/ -->\n<title>Tribunal judiciaire de Lyon, le 10 novembre 2025, n\u00b025\/05768 - Ma\u00eetre Hassan Kohen, avocat en droit p\u00e9nal \u00e0 Paris<\/title>\n<meta name=\"description\" content=\"Le juge de l\u2019ex\u00e9cution, statuant le 10 novembre 2025, examine une contestation de saisie-attribution. La soci\u00e9t\u00e9 d\u00e9bitrice invoque un sursis \u00e0 statuer dans l...\" \/>\n<meta name=\"robots\" content=\"index, follow, max-snippet:-1, max-image-preview:large, max-video-preview:-1\" \/>\n<link rel=\"canonical\" href=\"https:\/\/kohenavocats.com\/ar\/tribunal-judiciaire-de-lyon-le-10-novembre-2025-n25-05768\/\" \/>\n<meta property=\"og:locale\" content=\"ar_AR\" \/>\n<meta property=\"og:type\" content=\"article\" \/>\n<meta property=\"og:title\" content=\"Tribunal judiciaire de Lyon, le 10 novembre 2025, n\u00b025\/05768\" \/>\n<meta property=\"og:description\" content=\"Le juge de l\u2019ex\u00e9cution, statuant le 10 novembre 2025, examine une contestation de saisie-attribution. La soci\u00e9t\u00e9 d\u00e9bitrice invoque un sursis \u00e0 statuer dans l...\" \/>\n<meta property=\"og:url\" content=\"https:\/\/kohenavocats.com\/ar\/tribunal-judiciaire-de-lyon-le-10-novembre-2025-n25-05768\/\" \/>\n<meta property=\"og:site_name\" content=\"Ma\u00eetre Hassan Kohen, avocat en droit p\u00e9nal \u00e0 Paris\" \/>\n<meta property=\"article:published_time\" content=\"2026-04-23T02:36:36+00:00\" \/>\n<meta property=\"og:image\" content=\"https:\/\/kohenavocats.com\/wp-content\/uploads\/2024\/11\/kateryna-hliznitsova-mbsL-olOezY-unsplash.webp\" \/>\n\t<meta property=\"og:image:width\" content=\"4016\" \/>\n\t<meta property=\"og:image:height\" content=\"6016\" \/>\n\t<meta property=\"og:image:type\" content=\"image\/webp\" \/>\n<meta name=\"author\" content=\"Kohen\" \/>\n<meta name=\"twitter:card\" content=\"summary_large_image\" \/>\n<meta name=\"twitter:label1\" content=\"\u0643\u064f\u062a\u0628 \u0628\u0648\u0627\u0633\u0637\u0629\" \/>\n\t<meta name=\"twitter:data1\" content=\"Kohen\" \/>\n\t<meta name=\"twitter:label2\" content=\"\u0648\u0642\u062a \u0627\u0644\u0642\u0631\u0627\u0621\u0629 \u0627\u0644\u0645\u064f\u0642\u062f\u0651\u0631\" \/>\n\t<meta name=\"twitter:data2\" content=\"3 \u062f\u0642\u0627\u0626\u0642\" \/>\n<script type=\"application\/ld+json\" class=\"yoast-schema-graph\">{\"@context\":\"https:\\\/\\\/schema.org\",\"@graph\":[{\"@type\":\"Article\",\"@id\":\"https:\\\/\\\/kohenavocats.com\\\/ar\\\/tribunal-judiciaire-de-lyon-le-10-novembre-2025-n25-05768\\\/#article\",\"isPartOf\":{\"@id\":\"https:\\\/\\\/kohenavocats.com\\\/ar\\\/tribunal-judiciaire-de-lyon-le-10-novembre-2025-n25-05768\\\/\"},\"author\":{\"name\":\"Kohen\",\"@id\":\"https:\\\/\\\/kohenavocats.com\\\/ar\\\/#\\\/schema\\\/person\\\/761c9ba54fa1ca84d405cef0831ff751\"},\"headline\":\"Tribunal judiciaire de Lyon, le 10 novembre 2025, n\u00b025\\\/05768\",\"datePublished\":\"2026-04-23T02:36:36+00:00\",\"mainEntityOfPage\":{\"@id\":\"https:\\\/\\\/kohenavocats.com\\\/ar\\\/tribunal-judiciaire-de-lyon-le-10-novembre-2025-n25-05768\\\/\"},\"wordCount\":558,\"commentCount\":0,\"publisher\":{\"@id\":\"https:\\\/\\\/kohenavocats.com\\\/ar\\\/#organization\"},\"image\":{\"@id\":\"https:\\\/\\\/kohenavocats.com\\\/ar\\\/tribunal-judiciaire-de-lyon-le-10-novembre-2025-n25-05768\\\/#primaryimage\"},\"thumbnailUrl\":\"https:\\\/\\\/kohenavocats.com\\\/wp-content\\\/uploads\\\/2024\\\/11\\\/kateryna-hliznitsova-mbsL-olOezY-unsplash.webp\",\"articleSection\":[\"Jurisprudence\"],\"inLanguage\":\"ar\",\"potentialAction\":[{\"@type\":\"CommentAction\",\"name\":\"Comment\",\"target\":[\"https:\\\/\\\/kohenavocats.com\\\/ar\\\/tribunal-judiciaire-de-lyon-le-10-novembre-2025-n25-05768\\\/#respond\"]}],\"citation\":\"Tribunal judiciaire de Lyon, le 10 novembre 2025, n\u00b025\\\/05768\",\"about\":[{\"@type\":\"Thing\",\"name\":\"Jurisprudence\"}],\"dateModified\":\"2026-04-23T02:36:36+00:00\",\"speakable\":{\"@type\":\"SpeakableSpecification\",\"cssSelector\":[\".article-content > p:first-of-type\"]}},{\"@type\":\"WebPage\",\"@id\":\"https:\\\/\\\/kohenavocats.com\\\/ar\\\/tribunal-judiciaire-de-lyon-le-10-novembre-2025-n25-05768\\\/\",\"url\":\"https:\\\/\\\/kohenavocats.com\\\/ar\\\/tribunal-judiciaire-de-lyon-le-10-novembre-2025-n25-05768\\\/\",\"name\":\"Tribunal judiciaire de Lyon, le 10 novembre 2025, n\u00b025\\\/05768 - Ma\u00eetre Hassan Kohen, avocat en droit p\u00e9nal \u00e0 Paris\",\"isPartOf\":{\"@id\":\"https:\\\/\\\/kohenavocats.com\\\/ar\\\/#website\"},\"primaryImageOfPage\":{\"@id\":\"https:\\\/\\\/kohenavocats.com\\\/ar\\\/tribunal-judiciaire-de-lyon-le-10-novembre-2025-n25-05768\\\/#primaryimage\"},\"image\":{\"@id\":\"https:\\\/\\\/kohenavocats.com\\\/ar\\\/tribunal-judiciaire-de-lyon-le-10-novembre-2025-n25-05768\\\/#primaryimage\"},\"thumbnailUrl\":\"https:\\\/\\\/kohenavocats.com\\\/wp-content\\\/uploads\\\/2024\\\/11\\\/kateryna-hliznitsova-mbsL-olOezY-unsplash.webp\",\"datePublished\":\"2026-04-23T02:36:36+00:00\",\"description\":\"Le juge de l\u2019ex\u00e9cution, statuant le 10 novembre 2025, examine une contestation de saisie-attribution. La soci\u00e9t\u00e9 d\u00e9bitrice invoque un sursis \u00e0 statuer dans l...\",\"breadcrumb\":{\"@id\":\"https:\\\/\\\/kohenavocats.com\\\/ar\\\/tribunal-judiciaire-de-lyon-le-10-novembre-2025-n25-05768\\\/#breadcrumb\"},\"inLanguage\":\"ar\",\"potentialAction\":[{\"@type\":\"ReadAction\",\"target\":[\"https:\\\/\\\/kohenavocats.com\\\/ar\\\/tribunal-judiciaire-de-lyon-le-10-novembre-2025-n25-05768\\\/\"]}]},{\"@type\":\"ImageObject\",\"inLanguage\":\"ar\",\"@id\":\"https:\\\/\\\/kohenavocats.com\\\/ar\\\/tribunal-judiciaire-de-lyon-le-10-novembre-2025-n25-05768\\\/#primaryimage\",\"url\":\"https:\\\/\\\/kohenavocats.com\\\/wp-content\\\/uploads\\\/2024\\\/11\\\/kateryna-hliznitsova-mbsL-olOezY-unsplash.webp\",\"contentUrl\":\"https:\\\/\\\/kohenavocats.com\\\/wp-content\\\/uploads\\\/2024\\\/11\\\/kateryna-hliznitsova-mbsL-olOezY-unsplash.webp\",\"width\":4016,\"height\":6016},{\"@type\":\"BreadcrumbList\",\"@id\":\"https:\\\/\\\/kohenavocats.com\\\/ar\\\/tribunal-judiciaire-de-lyon-le-10-novembre-2025-n25-05768\\\/#breadcrumb\",\"itemListElement\":[{\"@type\":\"ListItem\",\"position\":1,\"name\":\"Home\",\"item\":\"https:\\\/\\\/kohenavocats.com\\\/ar\\\/%d9%85%d8%ad%d8%a7%d9%85%d9%88%d9%86-%d9%85%d8%aa%d8%ae%d8%b5%d8%b5%d9%88%d9%86-%d9%81%d9%8a-%d8%a7%d9%84%d9%82%d8%a7%d9%86%d9%88%d9%86-%d8%a7%d9%84%d8%ac%d9%86%d8%a7%d8%a6%d9%8a-%d8%a8%d8%a8%d8%a7\\\/\"},{\"@type\":\"ListItem\",\"position\":2,\"name\":\"Tribunal judiciaire de Lyon, le 10 novembre 2025, n\u00b025\\\/05768\"}]},{\"@type\":\"WebSite\",\"@id\":\"https:\\\/\\\/kohenavocats.com\\\/ar\\\/#website\",\"url\":\"https:\\\/\\\/kohenavocats.com\\\/ar\\\/\",\"name\":\"Kohen Avocats\",\"description\":\"Ma\u00eetre Hassan Kohen, avocat p\u00e9naliste \u00e0 Paris, intervient exclusivement en droit p\u00e9nal pour la d\u00e9fense des particuliers, notamment en mati\u00e8re d\u2019accusations de viol. Il assure un accompagnement rigoureux d\u00e8s la garde \u00e0 vue jusqu\u2019\u00e0 la Cour d\u2019assises, veillant au strict respect des garanties proc\u00e9durales.\",\"publisher\":{\"@id\":\"https:\\\/\\\/kohenavocats.com\\\/ar\\\/#organization\"},\"potentialAction\":[{\"@type\":\"SearchAction\",\"target\":{\"@type\":\"EntryPoint\",\"urlTemplate\":\"https:\\\/\\\/kohenavocats.com\\\/ar\\\/?s={search_term_string}\"},\"query-input\":{\"@type\":\"PropertyValueSpecification\",\"valueRequired\":true,\"valueName\":\"search_term_string\"}}],\"inLanguage\":\"ar\"},{\"@type\":\"Organization\",\"@id\":\"https:\\\/\\\/kohenavocats.com\\\/ar\\\/#organization\",\"name\":\"Kohen Avocats\",\"url\":\"https:\\\/\\\/kohenavocats.com\\\/ar\\\/\",\"logo\":{\"@type\":\"ImageObject\",\"inLanguage\":\"ar\",\"@id\":\"https:\\\/\\\/kohenavocats.com\\\/ar\\\/#\\\/schema\\\/logo\\\/image\\\/\",\"url\":\"https:\\\/\\\/kohenavocats.com\\\/wp-content\\\/uploads\\\/2026\\\/01\\\/Logo-2-1.webp\",\"contentUrl\":\"https:\\\/\\\/kohenavocats.com\\\/wp-content\\\/uploads\\\/2026\\\/01\\\/Logo-2-1.webp\",\"width\":2114,\"height\":1253,\"caption\":\"Kohen Avocats\"},\"image\":{\"@id\":\"https:\\\/\\\/kohenavocats.com\\\/ar\\\/#\\\/schema\\\/logo\\\/image\\\/\"}},{\"@type\":\"Person\",\"@id\":\"https:\\\/\\\/kohenavocats.com\\\/ar\\\/#\\\/schema\\\/person\\\/761c9ba54fa1ca84d405cef0831ff751\",\"name\":\"Kohen\",\"image\":{\"@type\":\"ImageObject\",\"inLanguage\":\"ar\",\"@id\":\"https:\\\/\\\/secure.gravatar.com\\\/avatar\\\/1c5e76ef76bbbfdd2b4da984e2bf2fa4056fd51a27d25ce2c332047f1dfd6e00?s=96&d=identicon&r=g\",\"url\":\"https:\\\/\\\/secure.gravatar.com\\\/avatar\\\/1c5e76ef76bbbfdd2b4da984e2bf2fa4056fd51a27d25ce2c332047f1dfd6e00?s=96&d=identicon&r=g\",\"contentUrl\":\"https:\\\/\\\/secure.gravatar.com\\\/avatar\\\/1c5e76ef76bbbfdd2b4da984e2bf2fa4056fd51a27d25ce2c332047f1dfd6e00?s=96&d=identicon&r=g\",\"caption\":\"Kohen\"},\"sameAs\":[\"https:\\\/\\\/www.linkedin.com\\\/in\\\/hassan-kohen-448548192\\\/\",\"https:\\\/\\\/www.youtube.com\\\/@Kohen-Avocats\"],\"url\":\"https:\\\/\\\/kohenavocats.com\\\/ar\\\/author\\\/kohenmlk\\\/\"}]}<\/script>\n<!-- \/ Yoast SEO Premium plugin. -->","yoast_head_json":{"title":"Tribunal judiciaire de Lyon, le 10 novembre 2025, n\u00b025\/05768 - Ma\u00eetre Hassan Kohen, avocat en droit p\u00e9nal \u00e0 Paris","description":"Le juge de l\u2019ex\u00e9cution, statuant le 10 novembre 2025, examine une contestation de saisie-attribution. La soci\u00e9t\u00e9 d\u00e9bitrice invoque un sursis \u00e0 statuer dans l...","robots":{"index":"index","follow":"follow","max-snippet":"max-snippet:-1","max-image-preview":"max-image-preview:large","max-video-preview":"max-video-preview:-1"},"canonical":"https:\/\/kohenavocats.com\/ar\/tribunal-judiciaire-de-lyon-le-10-novembre-2025-n25-05768\/","og_locale":"ar_AR","og_type":"article","og_title":"Tribunal judiciaire de Lyon, le 10 novembre 2025, n\u00b025\/05768","og_description":"Le juge de l\u2019ex\u00e9cution, statuant le 10 novembre 2025, examine une contestation de saisie-attribution. La soci\u00e9t\u00e9 d\u00e9bitrice invoque un sursis \u00e0 statuer dans l...","og_url":"https:\/\/kohenavocats.com\/ar\/tribunal-judiciaire-de-lyon-le-10-novembre-2025-n25-05768\/","og_site_name":"Ma\u00eetre Hassan Kohen, avocat en droit p\u00e9nal \u00e0 Paris","article_published_time":"2026-04-23T02:36:36+00:00","og_image":[{"width":4016,"height":6016,"url":"https:\/\/kohenavocats.com\/wp-content\/uploads\/2024\/11\/kateryna-hliznitsova-mbsL-olOezY-unsplash.webp","type":"image\/webp"}],"author":"Kohen","twitter_card":"summary_large_image","twitter_misc":{"\u0643\u064f\u062a\u0628 \u0628\u0648\u0627\u0633\u0637\u0629":"Kohen","\u0648\u0642\u062a \u0627\u0644\u0642\u0631\u0627\u0621\u0629 \u0627\u0644\u0645\u064f\u0642\u062f\u0651\u0631":"3 \u062f\u0642\u0627\u0626\u0642"},"schema":{"@context":"https:\/\/schema.org","@graph":[{"@type":"Article","@id":"https:\/\/kohenavocats.com\/ar\/tribunal-judiciaire-de-lyon-le-10-novembre-2025-n25-05768\/#article","isPartOf":{"@id":"https:\/\/kohenavocats.com\/ar\/tribunal-judiciaire-de-lyon-le-10-novembre-2025-n25-05768\/"},"author":{"name":"Kohen","@id":"https:\/\/kohenavocats.com\/ar\/#\/schema\/person\/761c9ba54fa1ca84d405cef0831ff751"},"headline":"Tribunal judiciaire de Lyon, le 10 novembre 2025, n\u00b025\/05768","datePublished":"2026-04-23T02:36:36+00:00","mainEntityOfPage":{"@id":"https:\/\/kohenavocats.com\/ar\/tribunal-judiciaire-de-lyon-le-10-novembre-2025-n25-05768\/"},"wordCount":558,"commentCount":0,"publisher":{"@id":"https:\/\/kohenavocats.com\/ar\/#organization"},"image":{"@id":"https:\/\/kohenavocats.com\/ar\/tribunal-judiciaire-de-lyon-le-10-novembre-2025-n25-05768\/#primaryimage"},"thumbnailUrl":"https:\/\/kohenavocats.com\/wp-content\/uploads\/2024\/11\/kateryna-hliznitsova-mbsL-olOezY-unsplash.webp","articleSection":["Jurisprudence"],"inLanguage":"ar","potentialAction":[{"@type":"CommentAction","name":"Comment","target":["https:\/\/kohenavocats.com\/ar\/tribunal-judiciaire-de-lyon-le-10-novembre-2025-n25-05768\/#respond"]}],"citation":"Tribunal judiciaire de Lyon, le 10 novembre 2025, n\u00b025\/05768","about":[{"@type":"Thing","name":"Jurisprudence"}],"dateModified":"2026-04-23T02:36:36+00:00","speakable":{"@type":"SpeakableSpecification","cssSelector":[".article-content > p:first-of-type"]}},{"@type":"WebPage","@id":"https:\/\/kohenavocats.com\/ar\/tribunal-judiciaire-de-lyon-le-10-novembre-2025-n25-05768\/","url":"https:\/\/kohenavocats.com\/ar\/tribunal-judiciaire-de-lyon-le-10-novembre-2025-n25-05768\/","name":"Tribunal judiciaire de Lyon, le 10 novembre 2025, n\u00b025\/05768 - Ma\u00eetre Hassan Kohen, avocat en droit p\u00e9nal \u00e0 Paris","isPartOf":{"@id":"https:\/\/kohenavocats.com\/ar\/#website"},"primaryImageOfPage":{"@id":"https:\/\/kohenavocats.com\/ar\/tribunal-judiciaire-de-lyon-le-10-novembre-2025-n25-05768\/#primaryimage"},"image":{"@id":"https:\/\/kohenavocats.com\/ar\/tribunal-judiciaire-de-lyon-le-10-novembre-2025-n25-05768\/#primaryimage"},"thumbnailUrl":"https:\/\/kohenavocats.com\/wp-content\/uploads\/2024\/11\/kateryna-hliznitsova-mbsL-olOezY-unsplash.webp","datePublished":"2026-04-23T02:36:36+00:00","description":"Le juge de l\u2019ex\u00e9cution, statuant le 10 novembre 2025, examine une contestation de saisie-attribution. La soci\u00e9t\u00e9 d\u00e9bitrice invoque un sursis \u00e0 statuer dans l...","breadcrumb":{"@id":"https:\/\/kohenavocats.com\/ar\/tribunal-judiciaire-de-lyon-le-10-novembre-2025-n25-05768\/#breadcrumb"},"inLanguage":"ar","potentialAction":[{"@type":"ReadAction","target":["https:\/\/kohenavocats.com\/ar\/tribunal-judiciaire-de-lyon-le-10-novembre-2025-n25-05768\/"]}]},{"@type":"ImageObject","inLanguage":"ar","@id":"https:\/\/kohenavocats.com\/ar\/tribunal-judiciaire-de-lyon-le-10-novembre-2025-n25-05768\/#primaryimage","url":"https:\/\/kohenavocats.com\/wp-content\/uploads\/2024\/11\/kateryna-hliznitsova-mbsL-olOezY-unsplash.webp","contentUrl":"https:\/\/kohenavocats.com\/wp-content\/uploads\/2024\/11\/kateryna-hliznitsova-mbsL-olOezY-unsplash.webp","width":4016,"height":6016},{"@type":"BreadcrumbList","@id":"https:\/\/kohenavocats.com\/ar\/tribunal-judiciaire-de-lyon-le-10-novembre-2025-n25-05768\/#breadcrumb","itemListElement":[{"@type":"ListItem","position":1,"name":"Home","item":"https:\/\/kohenavocats.com\/ar\/%d9%85%d8%ad%d8%a7%d9%85%d9%88%d9%86-%d9%85%d8%aa%d8%ae%d8%b5%d8%b5%d9%88%d9%86-%d9%81%d9%8a-%d8%a7%d9%84%d9%82%d8%a7%d9%86%d9%88%d9%86-%d8%a7%d9%84%d8%ac%d9%86%d8%a7%d8%a6%d9%8a-%d8%a8%d8%a8%d8%a7\/"},{"@type":"ListItem","position":2,"name":"Tribunal judiciaire de Lyon, le 10 novembre 2025, n\u00b025\/05768"}]},{"@type":"WebSite","@id":"https:\/\/kohenavocats.com\/ar\/#website","url":"https:\/\/kohenavocats.com\/ar\/","name":"Kohen Avocats","description":"Ma\u00eetre Hassan Kohen, avocat p\u00e9naliste \u00e0 Paris, intervient exclusivement en droit p\u00e9nal pour la d\u00e9fense des particuliers, notamment en mati\u00e8re d\u2019accusations de viol. Il assure un accompagnement rigoureux d\u00e8s la garde \u00e0 vue jusqu\u2019\u00e0 la Cour d\u2019assises, veillant au strict respect des garanties proc\u00e9durales.","publisher":{"@id":"https:\/\/kohenavocats.com\/ar\/#organization"},"potentialAction":[{"@type":"SearchAction","target":{"@type":"EntryPoint","urlTemplate":"https:\/\/kohenavocats.com\/ar\/?s={search_term_string}"},"query-input":{"@type":"PropertyValueSpecification","valueRequired":true,"valueName":"search_term_string"}}],"inLanguage":"ar"},{"@type":"Organization","@id":"https:\/\/kohenavocats.com\/ar\/#organization","name":"Kohen Avocats","url":"https:\/\/kohenavocats.com\/ar\/","logo":{"@type":"ImageObject","inLanguage":"ar","@id":"https:\/\/kohenavocats.com\/ar\/#\/schema\/logo\/image\/","url":"https:\/\/kohenavocats.com\/wp-content\/uploads\/2026\/01\/Logo-2-1.webp","contentUrl":"https:\/\/kohenavocats.com\/wp-content\/uploads\/2026\/01\/Logo-2-1.webp","width":2114,"height":1253,"caption":"Kohen Avocats"},"image":{"@id":"https:\/\/kohenavocats.com\/ar\/#\/schema\/logo\/image\/"}},{"@type":"Person","@id":"https:\/\/kohenavocats.com\/ar\/#\/schema\/person\/761c9ba54fa1ca84d405cef0831ff751","name":"Kohen","image":{"@type":"ImageObject","inLanguage":"ar","@id":"https:\/\/secure.gravatar.com\/avatar\/1c5e76ef76bbbfdd2b4da984e2bf2fa4056fd51a27d25ce2c332047f1dfd6e00?s=96&d=identicon&r=g","url":"https:\/\/secure.gravatar.com\/avatar\/1c5e76ef76bbbfdd2b4da984e2bf2fa4056fd51a27d25ce2c332047f1dfd6e00?s=96&d=identicon&r=g","contentUrl":"https:\/\/secure.gravatar.com\/avatar\/1c5e76ef76bbbfdd2b4da984e2bf2fa4056fd51a27d25ce2c332047f1dfd6e00?s=96&d=identicon&r=g","caption":"Kohen"},"sameAs":["https:\/\/www.linkedin.com\/in\/hassan-kohen-448548192\/","https:\/\/www.youtube.com\/@Kohen-Avocats"],"url":"https:\/\/kohenavocats.com\/ar\/author\/kohenmlk\/"}]}},"jetpack_featured_media_url":"https:\/\/kohenavocats.com\/wp-content\/uploads\/2024\/11\/kateryna-hliznitsova-mbsL-olOezY-unsplash.webp","jetpack_likes_enabled":false,"jetpack_shortlink":"https:\/\/wp.me\/peCrII-2Kqz","jetpack-related-posts":[{"id":482049,"url":"https:\/\/kohenavocats.com\/ar\/tribunal-judiciaire-de-paris-le-18-juillet-2025-n25-81586\/","url_meta":{"origin":655127,"position":0},"title":"Tribunal judiciaire de Paris, le 18 juillet 2025, n\u00b025\/81586","author":"Kohen","date":"8 \u0623\u0628\u0631\u064a\u0644\u060c 2026","format":false,"excerpt":"Le Tribunal judiciaire de Paris, juge de l\u2019ex\u00e9cution, statue par jugement du 18 juillet 2025. Un cr\u00e9ancier a pratiqu\u00e9 une saisie-attribution sur les comptes ...","rel":"","context":"\u0641\u064a &quot;Jurisprudence&quot;","block_context":{"text":"Jurisprudence","link":"https:\/\/kohenavocats.com\/category\/jurisprudence\/"},"img":{"alt_text":"","src":"https:\/\/i0.wp.com\/kohenavocats.com\/wp-content\/uploads\/2024\/11\/umpholphat-dangam-le9eON7OAXo-unsplash.webp?resize=350%2C200&ssl=1","width":350,"height":200,"srcset":"https:\/\/i0.wp.com\/kohenavocats.com\/wp-content\/uploads\/2024\/11\/umpholphat-dangam-le9eON7OAXo-unsplash.webp?resize=350%2C200&ssl=1 1x, https:\/\/i0.wp.com\/kohenavocats.com\/wp-content\/uploads\/2024\/11\/umpholphat-dangam-le9eON7OAXo-unsplash.webp?resize=525%2C300&ssl=1 1.5x, https:\/\/i0.wp.com\/kohenavocats.com\/wp-content\/uploads\/2024\/11\/umpholphat-dangam-le9eON7OAXo-unsplash.webp?resize=700%2C400&ssl=1 2x, https:\/\/i0.wp.com\/kohenavocats.com\/wp-content\/uploads\/2024\/11\/umpholphat-dangam-le9eON7OAXo-unsplash.webp?resize=1050%2C600&ssl=1 3x, https:\/\/i0.wp.com\/kohenavocats.com\/wp-content\/uploads\/2024\/11\/umpholphat-dangam-le9eON7OAXo-unsplash.webp?resize=1400%2C800&ssl=1 4x"},"classes":[]},{"id":490199,"url":"https:\/\/kohenavocats.com\/ar\/tribunal-judiciaire-de-metz-le-20-novembre-2025-n25-00120\/","url_meta":{"origin":655127,"position":1},"title":"Tribunal judiciaire de Metz, le 20 novembre 2025, n\u00b025\/00120","author":"Kohen","date":"8 \u0623\u0628\u0631\u064a\u0644\u060c 2026","format":false,"excerpt":"Le juge de l'ex\u00e9cution du tribunal judiciaire, par jugement du 20 novembre 2025, statue sur une contestation de saisie-attribution. La soci\u00e9t\u00e9 d\u00e9bitrice...","rel":"","context":"\u0641\u064a &quot;D\u00e9cisions juridiques&quot;","block_context":{"text":"D\u00e9cisions juridiques","link":"https:\/\/kohenavocats.com\/category\/decisions-juridiques\/"},"img":{"alt_text":"","src":"https:\/\/i0.wp.com\/kohenavocats.com\/wp-content\/uploads\/2024\/08\/tom-gainor-TRALLodRQE0-unsplash.webp?resize=350%2C200&ssl=1","width":350,"height":200,"srcset":"https:\/\/i0.wp.com\/kohenavocats.com\/wp-content\/uploads\/2024\/08\/tom-gainor-TRALLodRQE0-unsplash.webp?resize=350%2C200&ssl=1 1x, https:\/\/i0.wp.com\/kohenavocats.com\/wp-content\/uploads\/2024\/08\/tom-gainor-TRALLodRQE0-unsplash.webp?resize=525%2C300&ssl=1 1.5x, https:\/\/i0.wp.com\/kohenavocats.com\/wp-content\/uploads\/2024\/08\/tom-gainor-TRALLodRQE0-unsplash.webp?resize=700%2C400&ssl=1 2x, https:\/\/i0.wp.com\/kohenavocats.com\/wp-content\/uploads\/2024\/08\/tom-gainor-TRALLodRQE0-unsplash.webp?resize=1050%2C600&ssl=1 3x, https:\/\/i0.wp.com\/kohenavocats.com\/wp-content\/uploads\/2024\/08\/tom-gainor-TRALLodRQE0-unsplash.webp?resize=1400%2C800&ssl=1 4x"},"classes":[]},{"id":488243,"url":"https:\/\/kohenavocats.com\/ar\/tribunal-judiciaire-de-toulon-le-25-novembre-2025-n23-05417\/","url_meta":{"origin":655127,"position":2},"title":"Tribunal judiciaire de Toulon, le 25 novembre 2025, n\u00b023\/05417","author":"Kohen","date":"8 \u0623\u0628\u0631\u064a\u0644\u060c 2026","format":false,"excerpt":"Le juge de l\u2019ex\u00e9cution du tribunal judiciaire de Toulon, statuant le vingt-cinq novembre deux mille vingt-cinq, a examin\u00e9 une contestation de saisie-attribut...","rel":"","context":"\u0641\u064a &quot;Jurisprudence&quot;","block_context":{"text":"Jurisprudence","link":"https:\/\/kohenavocats.com\/category\/jurisprudence\/"},"img":{"alt_text":"","src":"https:\/\/i0.wp.com\/kohenavocats.com\/wp-content\/uploads\/2024\/11\/shubham-dhage-ICCn56-jyuw-unsplash.webp?resize=350%2C200&ssl=1","width":350,"height":200,"srcset":"https:\/\/i0.wp.com\/kohenavocats.com\/wp-content\/uploads\/2024\/11\/shubham-dhage-ICCn56-jyuw-unsplash.webp?resize=350%2C200&ssl=1 1x, https:\/\/i0.wp.com\/kohenavocats.com\/wp-content\/uploads\/2024\/11\/shubham-dhage-ICCn56-jyuw-unsplash.webp?resize=525%2C300&ssl=1 1.5x, https:\/\/i0.wp.com\/kohenavocats.com\/wp-content\/uploads\/2024\/11\/shubham-dhage-ICCn56-jyuw-unsplash.webp?resize=700%2C400&ssl=1 2x, https:\/\/i0.wp.com\/kohenavocats.com\/wp-content\/uploads\/2024\/11\/shubham-dhage-ICCn56-jyuw-unsplash.webp?resize=1050%2C600&ssl=1 3x, https:\/\/i0.wp.com\/kohenavocats.com\/wp-content\/uploads\/2024\/11\/shubham-dhage-ICCn56-jyuw-unsplash.webp?resize=1400%2C800&ssl=1 4x"},"classes":[]},{"id":445845,"url":"https:\/\/kohenavocats.com\/ar\/tribunal-judiciaire-le-21-aout-2025-n25-01386\/","url_meta":{"origin":655127,"position":3},"title":"Tribunal judiciaire, le 21 ao\u00fbt 2025, n\u00b025\/01386","author":"","date":"4 \u0623\u0628\u0631\u064a\u0644\u060c 2026","format":false,"excerpt":"Le Tribunal judiciaire de Nanterre, statuant en la forme du juge de l\u2019ex\u00e9cution, a rendu un jugement le 21 ao\u00fbt 2025 dans un litige opposant une soci\u00e9t\u00e9 \u00e0...","rel":"","context":"\u0641\u064a &quot;D\u00e9cisions juridiques&quot;","block_context":{"text":"D\u00e9cisions juridiques","link":"https:\/\/kohenavocats.com\/category\/decisions-juridiques\/"},"img":{"alt_text":"","src":"https:\/\/i0.wp.com\/kohenavocats.com\/wp-content\/uploads\/2024\/11\/wesley-tingey-ucF8x5VggIA-unsplash.webp?resize=350%2C200&ssl=1","width":350,"height":200,"srcset":"https:\/\/i0.wp.com\/kohenavocats.com\/wp-content\/uploads\/2024\/11\/wesley-tingey-ucF8x5VggIA-unsplash.webp?resize=350%2C200&ssl=1 1x, https:\/\/i0.wp.com\/kohenavocats.com\/wp-content\/uploads\/2024\/11\/wesley-tingey-ucF8x5VggIA-unsplash.webp?resize=525%2C300&ssl=1 1.5x, https:\/\/i0.wp.com\/kohenavocats.com\/wp-content\/uploads\/2024\/11\/wesley-tingey-ucF8x5VggIA-unsplash.webp?resize=700%2C400&ssl=1 2x, https:\/\/i0.wp.com\/kohenavocats.com\/wp-content\/uploads\/2024\/11\/wesley-tingey-ucF8x5VggIA-unsplash.webp?resize=1050%2C600&ssl=1 3x, https:\/\/i0.wp.com\/kohenavocats.com\/wp-content\/uploads\/2024\/11\/wesley-tingey-ucF8x5VggIA-unsplash.webp?resize=1400%2C800&ssl=1 4x"},"classes":[]},{"id":497495,"url":"https:\/\/kohenavocats.com\/ar\/tribunal-judiciaire-le-28-novembre-2025-n25-03193\/","url_meta":{"origin":655127,"position":4},"title":"Tribunal judiciaire, le 28 novembre 2025, n\u00b025\/03193","author":"Kohen","date":"8 \u0623\u0628\u0631\u064a\u0644\u060c 2026","format":false,"excerpt":"Le tribunal judiciaire du Mans, statuant en la personne du juge de l'ex\u00e9cution, a rendu un jugement le 28 novembre 2025. Un cr\u00e9ancier avait proc\u00e9d\u00e9 \u00e0 une...","rel":"","context":"\u0641\u064a &quot;D\u00e9cisions juridiques&quot;","block_context":{"text":"D\u00e9cisions juridiques","link":"https:\/\/kohenavocats.com\/category\/decisions-juridiques\/"},"img":{"alt_text":"","src":"https:\/\/i0.wp.com\/kohenavocats.com\/wp-content\/uploads\/2024\/08\/xuan-nguyen-OGk-S3p9HRw-unsplash.webp?resize=350%2C200&ssl=1","width":350,"height":200,"srcset":"https:\/\/i0.wp.com\/kohenavocats.com\/wp-content\/uploads\/2024\/08\/xuan-nguyen-OGk-S3p9HRw-unsplash.webp?resize=350%2C200&ssl=1 1x, https:\/\/i0.wp.com\/kohenavocats.com\/wp-content\/uploads\/2024\/08\/xuan-nguyen-OGk-S3p9HRw-unsplash.webp?resize=525%2C300&ssl=1 1.5x, https:\/\/i0.wp.com\/kohenavocats.com\/wp-content\/uploads\/2024\/08\/xuan-nguyen-OGk-S3p9HRw-unsplash.webp?resize=700%2C400&ssl=1 2x, https:\/\/i0.wp.com\/kohenavocats.com\/wp-content\/uploads\/2024\/08\/xuan-nguyen-OGk-S3p9HRw-unsplash.webp?resize=1050%2C600&ssl=1 3x, https:\/\/i0.wp.com\/kohenavocats.com\/wp-content\/uploads\/2024\/08\/xuan-nguyen-OGk-S3p9HRw-unsplash.webp?resize=1400%2C800&ssl=1 4x"},"classes":[]},{"id":481684,"url":"https:\/\/kohenavocats.com\/ar\/tribunal-judiciaire-de-paris-le-17-novembre-2025-n25-81179\/","url_meta":{"origin":655127,"position":5},"title":"Tribunal judiciaire de Paris, le 17 novembre 2025, n\u00b025\/81179","author":"Kohen","date":"7 \u0623\u0628\u0631\u064a\u0644\u060c 2026","format":false,"excerpt":"Le juge de l'ex\u00e9cution du tribunal judiciaire de Paris, le 17 novembre 2025, statue sur une contestation de saisie-attribution. La soci\u00e9t\u00e9 saisie justifie av...","rel":"","context":"\u0641\u064a &quot;Jurisprudence&quot;","block_context":{"text":"Jurisprudence","link":"https:\/\/kohenavocats.com\/category\/jurisprudence\/"},"img":{"alt_text":"","src":"https:\/\/i0.wp.com\/kohenavocats.com\/wp-content\/uploads\/2024\/11\/allison-saeng-kwkyNij4b64-unsplash.webp?resize=350%2C200&ssl=1","width":350,"height":200,"srcset":"https:\/\/i0.wp.com\/kohenavocats.com\/wp-content\/uploads\/2024\/11\/allison-saeng-kwkyNij4b64-unsplash.webp?resize=350%2C200&ssl=1 1x, https:\/\/i0.wp.com\/kohenavocats.com\/wp-content\/uploads\/2024\/11\/allison-saeng-kwkyNij4b64-unsplash.webp?resize=525%2C300&ssl=1 1.5x, https:\/\/i0.wp.com\/kohenavocats.com\/wp-content\/uploads\/2024\/11\/allison-saeng-kwkyNij4b64-unsplash.webp?resize=700%2C400&ssl=1 2x, https:\/\/i0.wp.com\/kohenavocats.com\/wp-content\/uploads\/2024\/11\/allison-saeng-kwkyNij4b64-unsplash.webp?resize=1050%2C600&ssl=1 3x, https:\/\/i0.wp.com\/kohenavocats.com\/wp-content\/uploads\/2024\/11\/allison-saeng-kwkyNij4b64-unsplash.webp?resize=1400%2C800&ssl=1 4x"},"classes":[]}],"jetpack_sharing_enabled":true,"_links":{"self":[{"href":"https:\/\/kohenavocats.com\/ar\/wp-json\/wp\/v2\/posts\/655127","targetHints":{"allow":["GET"]}}],"collection":[{"href":"https:\/\/kohenavocats.com\/ar\/wp-json\/wp\/v2\/posts"}],"about":[{"href":"https:\/\/kohenavocats.com\/ar\/wp-json\/wp\/v2\/types\/post"}],"author":[{"embeddable":true,"href":"https:\/\/kohenavocats.com\/ar\/wp-json\/wp\/v2\/users\/232070755"}],"replies":[{"embeddable":true,"href":"https:\/\/kohenavocats.com\/ar\/wp-json\/wp\/v2\/comments?post=655127"}],"version-history":[{"count":0,"href":"https:\/\/kohenavocats.com\/ar\/wp-json\/wp\/v2\/posts\/655127\/revisions"}],"wp:featuredmedia":[{"embeddable":true,"href":"https:\/\/kohenavocats.com\/ar\/wp-json\/wp\/v2\/media\/9640"}],"wp:attachment":[{"href":"https:\/\/kohenavocats.com\/ar\/wp-json\/wp\/v2\/media?parent=655127"}],"wp:term":[{"taxonomy":"category","embeddable":true,"href":"https:\/\/kohenavocats.com\/ar\/wp-json\/wp\/v2\/categories?post=655127"},{"taxonomy":"post_tag","embeddable":true,"href":"https:\/\/kohenavocats.com\/ar\/wp-json\/wp\/v2\/tags?post=655127"}],"curies":[{"name":"wp","href":"https:\/\/api.w.org\/{rel}","templated":true}]}}