{"id":656620,"date":"2026-04-23T07:41:13","date_gmt":"2026-04-23T05:41:13","guid":{"rendered":"https:\/\/kohenavocats.com\/tribunal-judiciaire-de-mesnil-amelot-le-30-septembre-2025-n25-03867\/"},"modified":"2026-04-23T07:41:13","modified_gmt":"2026-04-23T05:41:13","slug":"tribunal-judiciaire-de-mesnil-amelot-le-30-septembre-2025-n25-03867","status":"publish","type":"post","link":"https:\/\/kohenavocats.com\/ar\/tribunal-judiciaire-de-mesnil-amelot-le-30-septembre-2025-n25-03867\/","title":{"rendered":"Tribunal judiciaire de Mesnil-Amelot, le 30 septembre 2025, n\u00b025\/03867"},"content":{"rendered":"<div class=\"article-content\">\n<p>Le tribunal judiciaire du Mesnil-Amelot, statuant le 30 septembre 2025, examine deux proc\u00e9dures li\u00e9es \u00e0 une mesure de r\u00e9tention administrative. L&#8217;autorit\u00e9 pr\u00e9fectorale a plac\u00e9 un \u00e9tranger sous ce r\u00e9gime suite \u00e0 une obligation de quitter le territoire. Le juge rejette le recours contestant ce placement et ordonne la prolongation de la r\u00e9tention pour vingt-six jours. La d\u00e9cision pr\u00e9cise les conditions l\u00e9gales encadrant cette privation de libert\u00e9.<\/p>\n<p>Le contr\u00f4le juridictionnel de la motivation pr\u00e9fectorale<\/p>\n<p>Le juge op\u00e8re un contr\u00f4le restreint sur les motifs invoqu\u00e9s par l&#8217;administration. Il v\u00e9rifie la conformit\u00e9 externe de la d\u00e9cision sans substituer son appr\u00e9ciation \u00e0 celle de l&#8217;autorit\u00e9 administrative. Ce contr\u00f4le garantit le respect des droits de la d\u00e9fense tout en reconnaissant la marge d&#8217;appr\u00e9ciation du pr\u00e9fet.<\/p>\n<p><em>L&#8217;obligation de motivation circonstanci\u00e9e et actuelle<\/em><br \/>\nL&#8217;administration doit fonder sa d\u00e9cision sur des \u00e9l\u00e9ments positifs et concrets. &#8220;Le pr\u00e9fet n&#8217;est pas tenu dans la motivation de l&#8217;arr\u00eat\u00e9 de placement en r\u00e9tention, de faire \u00e9tat de tous les \u00e9l\u00e9ments de la situation de la personne retenue mais seulement des \u00e9l\u00e9ments positifs sur lesquels il se fonde pour prendre sa d\u00e9cision&#8221; (Motifs). La r\u00e9gularit\u00e9 s&#8217;appr\u00e9cie au jour de l&#8217;\u00e9diction de l&#8217;acte. Cette exigence assure un contr\u00f4le effectif sans imposer une motivation exhaustive et irr\u00e9aliste.<\/p>\n<p><em>La caract\u00e9risation in concreto de la menace \u00e0 l&#8217;ordre public<\/em><br \/>\nLa menace pour l&#8217;ordre public constitue un fondement autonome du placement. &#8220;La menace pour l&#8217;ordre public fait l&#8217;objet d&#8217;une appr\u00e9ciation in concreto, en fonction d&#8217;un faisceau d&#8217;indices&#8221; (Motifs). Elle doit \u00eatre r\u00e9elle \u00e0 la date de la d\u00e9cision et ne pas d\u00e9couler automatiquement d&#8217;une condamnation p\u00e9nale. Cette appr\u00e9ciation individualis\u00e9e \u00e9vite les placements syst\u00e9matiques et respecte le principe de proportionnalit\u00e9.<\/p>\n<p>La proportionnalit\u00e9 de la mesure privative de libert\u00e9<\/p>\n<p>Le juge v\u00e9rifie la n\u00e9cessit\u00e9 et la proportionnalit\u00e9 du placement en r\u00e9tention. Il examine si des mesures moins coercitives \u00e9taient possibles et si la dur\u00e9e de la privation de libert\u00e9 est justifi\u00e9e. Ce contr\u00f4le strict est essentiel au regard du caract\u00e8re exceptionnel de la r\u00e9tention administrative.<\/p>\n<p><em>L&#8217;examen des alternatives \u00e0 la r\u00e9tention<\/em><br \/>\nL&#8217;assignation \u00e0 r\u00e9sidence doit \u00eatre \u00e9cart\u00e9e pour des motifs s\u00e9rieux. Le juge rel\u00e8ve que les garanties de repr\u00e9sentation, dont l&#8217;effectivit\u00e9 n&#8217;est pas rapport\u00e9e, ne pr\u00e9viennent pas le risque de soustraction. Aucun \u00e9tat de vuln\u00e9rabilit\u00e9 ne s&#8217;opposait au placement. Cet examen confirme que la r\u00e9tention n&#8217;est qu&#8217;une mesure de dernier recours, comme le pr\u00e9voit la loi.<\/p>\n<p><em>La prolongation justifi\u00e9e par des diligences effectives<\/em><br \/>\nLe maintien en r\u00e9tention n\u00e9cessite la preuve de diligences actives pour l&#8217;\u00e9loignement. En l&#8217;esp\u00e8ce, l&#8217;administration justifie de d\u00e9marches aupr\u00e8s des autorit\u00e9s consulaires. La personne ne remplit pas les conditions l\u00e9gales pour une assignation \u00e0 r\u00e9sidence. Cette exigence de diligences emp\u00eache les r\u00e9tentions prolong\u00e9es sans perspective r\u00e9elle de d\u00e9part.<\/p>\n<p>La d\u00e9cision illustre l&#8217;\u00e9quilibre d\u00e9licat entre efficacit\u00e9 des politiques d&#8217;\u00e9loignement et protection des libert\u00e9s individuelles. Elle confirme l&#8217;application stricte du nouveau cadre l\u00e9gal issu de la loi du 26 janvier 2024. Le juge administratif des libert\u00e9s exerce un contr\u00f4le concret sur la motivation et la proportionnalit\u00e9, sans pour autant censurer l&#8217;appr\u00e9ciation pr\u00e9fectorale lorsque les conditions l\u00e9gales sont remplies. Cette jurisprudence rappelle que la menace \u00e0 l&#8217;ordre public, bien que constituant un fondement autonome, doit toujours \u00eatre appr\u00e9ci\u00e9e in concreto.<\/p>\n<\/div>\n","protected":false},"excerpt":{"rendered":"<p>Le tribunal judiciaire du Mesnil-Amelot, statuant le 30 septembre 2025, examine deux proc\u00e9dures li\u00e9es \u00e0 une mesure de r\u00e9tention administrative. L&#8217;autorit\u00e9 pr&#8230;<\/p>\n","protected":false},"author":232070755,"featured_media":9482,"comment_status":"open","ping_status":"open","sticky":false,"template":"","format":"standard","meta":{"_crdt_document":"","_jetpack_newsletter_access":"","_jetpack_dont_email_post_to_subs":false,"_jetpack_newsletter_tier_id":0,"_jetpack_memberships_contains_paywalled_content":false,"_kj_source_type":"","_kj_official_id":"","_kj_official_url":"","_kj_judilibre_id":"","_kj_jur":"","_kj_lieu":"","_kj_chambre":"","_kj_rg":"","_kj_date":"","_jetpack_memberships_contains_paid_content":false,"footnotes":"","jetpack_post_was_ever_published":false},"categories":[7597],"tags":[],"class_list":["post-656620","post","type-post","status-publish","format-standard","has-post-thumbnail","hentry","category-jurisprudence"],"yoast_head":"<!-- This site is optimized with the Yoast SEO Premium plugin v27.4 (Yoast SEO v27.4) - https:\/\/yoast.com\/product\/yoast-seo-premium-wordpress\/ -->\n<title>Tribunal judiciaire de Mesnil-Amelot, le 30 septembre 2025, n\u00b025\/03867 - Ma\u00eetre Hassan Kohen, avocat en droit p\u00e9nal \u00e0 Paris<\/title>\n<meta name=\"description\" content=\"Le tribunal judiciaire du Mesnil-Amelot, statuant le 30 septembre 2025, examine deux proc\u00e9dures li\u00e9es \u00e0 une mesure de r\u00e9tention administrative. L&#039;autorit\u00e9 pr...\" \/>\n<meta name=\"robots\" content=\"index, follow, max-snippet:-1, max-image-preview:large, max-video-preview:-1\" \/>\n<link rel=\"canonical\" href=\"https:\/\/kohenavocats.com\/ar\/tribunal-judiciaire-de-mesnil-amelot-le-30-septembre-2025-n25-03867\/\" \/>\n<meta property=\"og:locale\" content=\"ar_AR\" \/>\n<meta property=\"og:type\" content=\"article\" \/>\n<meta property=\"og:title\" content=\"Tribunal judiciaire de Mesnil-Amelot, le 30 septembre 2025, n\u00b025\/03867\" \/>\n<meta property=\"og:description\" content=\"Le tribunal judiciaire du Mesnil-Amelot, statuant le 30 septembre 2025, examine deux proc\u00e9dures li\u00e9es \u00e0 une mesure de r\u00e9tention administrative. L&#039;autorit\u00e9 pr...\" \/>\n<meta property=\"og:url\" content=\"https:\/\/kohenavocats.com\/ar\/tribunal-judiciaire-de-mesnil-amelot-le-30-septembre-2025-n25-03867\/\" \/>\n<meta property=\"og:site_name\" content=\"Ma\u00eetre Hassan Kohen, avocat en droit p\u00e9nal \u00e0 Paris\" \/>\n<meta property=\"article:published_time\" content=\"2026-04-23T05:41:13+00:00\" \/>\n<meta property=\"og:image\" content=\"https:\/\/kohenavocats.com\/wp-content\/uploads\/2024\/11\/mohamed-nohassi-kZiOPpjVuEg-unsplash.webp\" \/>\n\t<meta property=\"og:image:width\" content=\"6528\" \/>\n\t<meta property=\"og:image:height\" content=\"5499\" \/>\n\t<meta property=\"og:image:type\" content=\"image\/webp\" \/>\n<meta name=\"author\" content=\"Kohen\" \/>\n<meta name=\"twitter:card\" content=\"summary_large_image\" \/>\n<meta name=\"twitter:label1\" content=\"\u0643\u064f\u062a\u0628 \u0628\u0648\u0627\u0633\u0637\u0629\" \/>\n\t<meta name=\"twitter:data1\" content=\"Kohen\" \/>\n\t<meta name=\"twitter:label2\" content=\"\u0648\u0642\u062a \u0627\u0644\u0642\u0631\u0627\u0621\u0629 \u0627\u0644\u0645\u064f\u0642\u062f\u0651\u0631\" \/>\n\t<meta name=\"twitter:data2\" content=\"3 \u062f\u0642\u0627\u0626\u0642\" \/>\n<script type=\"application\/ld+json\" class=\"yoast-schema-graph\">{\"@context\":\"https:\\\/\\\/schema.org\",\"@graph\":[{\"@type\":\"Article\",\"@id\":\"https:\\\/\\\/kohenavocats.com\\\/ar\\\/tribunal-judiciaire-de-mesnil-amelot-le-30-septembre-2025-n25-03867\\\/#article\",\"isPartOf\":{\"@id\":\"https:\\\/\\\/kohenavocats.com\\\/ar\\\/tribunal-judiciaire-de-mesnil-amelot-le-30-septembre-2025-n25-03867\\\/\"},\"author\":{\"name\":\"Kohen\",\"@id\":\"https:\\\/\\\/kohenavocats.com\\\/ar\\\/#\\\/schema\\\/person\\\/761c9ba54fa1ca84d405cef0831ff751\"},\"headline\":\"Tribunal judiciaire de Mesnil-Amelot, le 30 septembre 2025, n\u00b025\\\/03867\",\"datePublished\":\"2026-04-23T05:41:13+00:00\",\"mainEntityOfPage\":{\"@id\":\"https:\\\/\\\/kohenavocats.com\\\/ar\\\/tribunal-judiciaire-de-mesnil-amelot-le-30-septembre-2025-n25-03867\\\/\"},\"wordCount\":635,\"commentCount\":0,\"publisher\":{\"@id\":\"https:\\\/\\\/kohenavocats.com\\\/ar\\\/#organization\"},\"image\":{\"@id\":\"https:\\\/\\\/kohenavocats.com\\\/ar\\\/tribunal-judiciaire-de-mesnil-amelot-le-30-septembre-2025-n25-03867\\\/#primaryimage\"},\"thumbnailUrl\":\"https:\\\/\\\/kohenavocats.com\\\/wp-content\\\/uploads\\\/2024\\\/11\\\/mohamed-nohassi-kZiOPpjVuEg-unsplash.webp\",\"articleSection\":[\"Jurisprudence\"],\"inLanguage\":\"ar\",\"potentialAction\":[{\"@type\":\"CommentAction\",\"name\":\"Comment\",\"target\":[\"https:\\\/\\\/kohenavocats.com\\\/ar\\\/tribunal-judiciaire-de-mesnil-amelot-le-30-septembre-2025-n25-03867\\\/#respond\"]}],\"citation\":\"Tribunal judiciaire de Mesnil-Amelot, le 30 septembre 2025, n\u00b025\\\/03867\",\"about\":[{\"@type\":\"Thing\",\"name\":\"Jurisprudence\"}],\"dateModified\":\"2026-04-23T05:41:13+00:00\",\"speakable\":{\"@type\":\"SpeakableSpecification\",\"cssSelector\":[\".article-content > p:first-of-type\"]}},{\"@type\":\"WebPage\",\"@id\":\"https:\\\/\\\/kohenavocats.com\\\/ar\\\/tribunal-judiciaire-de-mesnil-amelot-le-30-septembre-2025-n25-03867\\\/\",\"url\":\"https:\\\/\\\/kohenavocats.com\\\/ar\\\/tribunal-judiciaire-de-mesnil-amelot-le-30-septembre-2025-n25-03867\\\/\",\"name\":\"Tribunal judiciaire de Mesnil-Amelot, le 30 septembre 2025, n\u00b025\\\/03867 - Ma\u00eetre Hassan Kohen, avocat en droit p\u00e9nal \u00e0 Paris\",\"isPartOf\":{\"@id\":\"https:\\\/\\\/kohenavocats.com\\\/ar\\\/#website\"},\"primaryImageOfPage\":{\"@id\":\"https:\\\/\\\/kohenavocats.com\\\/ar\\\/tribunal-judiciaire-de-mesnil-amelot-le-30-septembre-2025-n25-03867\\\/#primaryimage\"},\"image\":{\"@id\":\"https:\\\/\\\/kohenavocats.com\\\/ar\\\/tribunal-judiciaire-de-mesnil-amelot-le-30-septembre-2025-n25-03867\\\/#primaryimage\"},\"thumbnailUrl\":\"https:\\\/\\\/kohenavocats.com\\\/wp-content\\\/uploads\\\/2024\\\/11\\\/mohamed-nohassi-kZiOPpjVuEg-unsplash.webp\",\"datePublished\":\"2026-04-23T05:41:13+00:00\",\"description\":\"Le tribunal judiciaire du Mesnil-Amelot, statuant le 30 septembre 2025, examine deux proc\u00e9dures li\u00e9es \u00e0 une mesure de r\u00e9tention administrative. L'autorit\u00e9 pr...\",\"breadcrumb\":{\"@id\":\"https:\\\/\\\/kohenavocats.com\\\/ar\\\/tribunal-judiciaire-de-mesnil-amelot-le-30-septembre-2025-n25-03867\\\/#breadcrumb\"},\"inLanguage\":\"ar\",\"potentialAction\":[{\"@type\":\"ReadAction\",\"target\":[\"https:\\\/\\\/kohenavocats.com\\\/ar\\\/tribunal-judiciaire-de-mesnil-amelot-le-30-septembre-2025-n25-03867\\\/\"]}]},{\"@type\":\"ImageObject\",\"inLanguage\":\"ar\",\"@id\":\"https:\\\/\\\/kohenavocats.com\\\/ar\\\/tribunal-judiciaire-de-mesnil-amelot-le-30-septembre-2025-n25-03867\\\/#primaryimage\",\"url\":\"https:\\\/\\\/kohenavocats.com\\\/wp-content\\\/uploads\\\/2024\\\/11\\\/mohamed-nohassi-kZiOPpjVuEg-unsplash.webp\",\"contentUrl\":\"https:\\\/\\\/kohenavocats.com\\\/wp-content\\\/uploads\\\/2024\\\/11\\\/mohamed-nohassi-kZiOPpjVuEg-unsplash.webp\",\"width\":6528,\"height\":5499},{\"@type\":\"BreadcrumbList\",\"@id\":\"https:\\\/\\\/kohenavocats.com\\\/ar\\\/tribunal-judiciaire-de-mesnil-amelot-le-30-septembre-2025-n25-03867\\\/#breadcrumb\",\"itemListElement\":[{\"@type\":\"ListItem\",\"position\":1,\"name\":\"Home\",\"item\":\"https:\\\/\\\/kohenavocats.com\\\/ar\\\/%d9%85%d8%ad%d8%a7%d9%85%d9%88%d9%86-%d9%85%d8%aa%d8%ae%d8%b5%d8%b5%d9%88%d9%86-%d9%81%d9%8a-%d8%a7%d9%84%d9%82%d8%a7%d9%86%d9%88%d9%86-%d8%a7%d9%84%d8%ac%d9%86%d8%a7%d8%a6%d9%8a-%d8%a8%d8%a8%d8%a7\\\/\"},{\"@type\":\"ListItem\",\"position\":2,\"name\":\"Tribunal judiciaire de Mesnil-Amelot, le 30 septembre 2025, n\u00b025\\\/03867\"}]},{\"@type\":\"WebSite\",\"@id\":\"https:\\\/\\\/kohenavocats.com\\\/ar\\\/#website\",\"url\":\"https:\\\/\\\/kohenavocats.com\\\/ar\\\/\",\"name\":\"Kohen Avocats\",\"description\":\"Ma\u00eetre Hassan Kohen, avocat p\u00e9naliste \u00e0 Paris, intervient exclusivement en droit p\u00e9nal pour la d\u00e9fense des particuliers, notamment en mati\u00e8re d\u2019accusations de viol. Il assure un accompagnement rigoureux d\u00e8s la garde \u00e0 vue jusqu\u2019\u00e0 la Cour d\u2019assises, veillant au strict respect des garanties proc\u00e9durales.\",\"publisher\":{\"@id\":\"https:\\\/\\\/kohenavocats.com\\\/ar\\\/#organization\"},\"potentialAction\":[{\"@type\":\"SearchAction\",\"target\":{\"@type\":\"EntryPoint\",\"urlTemplate\":\"https:\\\/\\\/kohenavocats.com\\\/ar\\\/?s={search_term_string}\"},\"query-input\":{\"@type\":\"PropertyValueSpecification\",\"valueRequired\":true,\"valueName\":\"search_term_string\"}}],\"inLanguage\":\"ar\"},{\"@type\":\"Organization\",\"@id\":\"https:\\\/\\\/kohenavocats.com\\\/ar\\\/#organization\",\"name\":\"Kohen Avocats\",\"url\":\"https:\\\/\\\/kohenavocats.com\\\/ar\\\/\",\"logo\":{\"@type\":\"ImageObject\",\"inLanguage\":\"ar\",\"@id\":\"https:\\\/\\\/kohenavocats.com\\\/ar\\\/#\\\/schema\\\/logo\\\/image\\\/\",\"url\":\"https:\\\/\\\/kohenavocats.com\\\/wp-content\\\/uploads\\\/2026\\\/01\\\/Logo-2-1.webp\",\"contentUrl\":\"https:\\\/\\\/kohenavocats.com\\\/wp-content\\\/uploads\\\/2026\\\/01\\\/Logo-2-1.webp\",\"width\":2114,\"height\":1253,\"caption\":\"Kohen Avocats\"},\"image\":{\"@id\":\"https:\\\/\\\/kohenavocats.com\\\/ar\\\/#\\\/schema\\\/logo\\\/image\\\/\"}},{\"@type\":\"Person\",\"@id\":\"https:\\\/\\\/kohenavocats.com\\\/ar\\\/#\\\/schema\\\/person\\\/761c9ba54fa1ca84d405cef0831ff751\",\"name\":\"Kohen\",\"image\":{\"@type\":\"ImageObject\",\"inLanguage\":\"ar\",\"@id\":\"https:\\\/\\\/secure.gravatar.com\\\/avatar\\\/1c5e76ef76bbbfdd2b4da984e2bf2fa4056fd51a27d25ce2c332047f1dfd6e00?s=96&d=identicon&r=g\",\"url\":\"https:\\\/\\\/secure.gravatar.com\\\/avatar\\\/1c5e76ef76bbbfdd2b4da984e2bf2fa4056fd51a27d25ce2c332047f1dfd6e00?s=96&d=identicon&r=g\",\"contentUrl\":\"https:\\\/\\\/secure.gravatar.com\\\/avatar\\\/1c5e76ef76bbbfdd2b4da984e2bf2fa4056fd51a27d25ce2c332047f1dfd6e00?s=96&d=identicon&r=g\",\"caption\":\"Kohen\"},\"sameAs\":[\"https:\\\/\\\/www.linkedin.com\\\/in\\\/hassan-kohen-448548192\\\/\",\"https:\\\/\\\/www.youtube.com\\\/@Kohen-Avocats\"],\"url\":\"https:\\\/\\\/kohenavocats.com\\\/ar\\\/author\\\/kohenmlk\\\/\"}]}<\/script>\n<!-- \/ Yoast SEO Premium plugin. -->","yoast_head_json":{"title":"Tribunal judiciaire de Mesnil-Amelot, le 30 septembre 2025, n\u00b025\/03867 - Ma\u00eetre Hassan Kohen, avocat en droit p\u00e9nal \u00e0 Paris","description":"Le tribunal judiciaire du Mesnil-Amelot, statuant le 30 septembre 2025, examine deux proc\u00e9dures li\u00e9es \u00e0 une mesure de r\u00e9tention administrative. L'autorit\u00e9 pr...","robots":{"index":"index","follow":"follow","max-snippet":"max-snippet:-1","max-image-preview":"max-image-preview:large","max-video-preview":"max-video-preview:-1"},"canonical":"https:\/\/kohenavocats.com\/ar\/tribunal-judiciaire-de-mesnil-amelot-le-30-septembre-2025-n25-03867\/","og_locale":"ar_AR","og_type":"article","og_title":"Tribunal judiciaire de Mesnil-Amelot, le 30 septembre 2025, n\u00b025\/03867","og_description":"Le tribunal judiciaire du Mesnil-Amelot, statuant le 30 septembre 2025, examine deux proc\u00e9dures li\u00e9es \u00e0 une mesure de r\u00e9tention administrative. L'autorit\u00e9 pr...","og_url":"https:\/\/kohenavocats.com\/ar\/tribunal-judiciaire-de-mesnil-amelot-le-30-septembre-2025-n25-03867\/","og_site_name":"Ma\u00eetre Hassan Kohen, avocat en droit p\u00e9nal \u00e0 Paris","article_published_time":"2026-04-23T05:41:13+00:00","og_image":[{"width":6528,"height":5499,"url":"https:\/\/kohenavocats.com\/wp-content\/uploads\/2024\/11\/mohamed-nohassi-kZiOPpjVuEg-unsplash.webp","type":"image\/webp"}],"author":"Kohen","twitter_card":"summary_large_image","twitter_misc":{"\u0643\u064f\u062a\u0628 \u0628\u0648\u0627\u0633\u0637\u0629":"Kohen","\u0648\u0642\u062a \u0627\u0644\u0642\u0631\u0627\u0621\u0629 \u0627\u0644\u0645\u064f\u0642\u062f\u0651\u0631":"3 \u062f\u0642\u0627\u0626\u0642"},"schema":{"@context":"https:\/\/schema.org","@graph":[{"@type":"Article","@id":"https:\/\/kohenavocats.com\/ar\/tribunal-judiciaire-de-mesnil-amelot-le-30-septembre-2025-n25-03867\/#article","isPartOf":{"@id":"https:\/\/kohenavocats.com\/ar\/tribunal-judiciaire-de-mesnil-amelot-le-30-septembre-2025-n25-03867\/"},"author":{"name":"Kohen","@id":"https:\/\/kohenavocats.com\/ar\/#\/schema\/person\/761c9ba54fa1ca84d405cef0831ff751"},"headline":"Tribunal judiciaire de Mesnil-Amelot, le 30 septembre 2025, n\u00b025\/03867","datePublished":"2026-04-23T05:41:13+00:00","mainEntityOfPage":{"@id":"https:\/\/kohenavocats.com\/ar\/tribunal-judiciaire-de-mesnil-amelot-le-30-septembre-2025-n25-03867\/"},"wordCount":635,"commentCount":0,"publisher":{"@id":"https:\/\/kohenavocats.com\/ar\/#organization"},"image":{"@id":"https:\/\/kohenavocats.com\/ar\/tribunal-judiciaire-de-mesnil-amelot-le-30-septembre-2025-n25-03867\/#primaryimage"},"thumbnailUrl":"https:\/\/kohenavocats.com\/wp-content\/uploads\/2024\/11\/mohamed-nohassi-kZiOPpjVuEg-unsplash.webp","articleSection":["Jurisprudence"],"inLanguage":"ar","potentialAction":[{"@type":"CommentAction","name":"Comment","target":["https:\/\/kohenavocats.com\/ar\/tribunal-judiciaire-de-mesnil-amelot-le-30-septembre-2025-n25-03867\/#respond"]}],"citation":"Tribunal judiciaire de Mesnil-Amelot, le 30 septembre 2025, n\u00b025\/03867","about":[{"@type":"Thing","name":"Jurisprudence"}],"dateModified":"2026-04-23T05:41:13+00:00","speakable":{"@type":"SpeakableSpecification","cssSelector":[".article-content > p:first-of-type"]}},{"@type":"WebPage","@id":"https:\/\/kohenavocats.com\/ar\/tribunal-judiciaire-de-mesnil-amelot-le-30-septembre-2025-n25-03867\/","url":"https:\/\/kohenavocats.com\/ar\/tribunal-judiciaire-de-mesnil-amelot-le-30-septembre-2025-n25-03867\/","name":"Tribunal judiciaire de Mesnil-Amelot, le 30 septembre 2025, n\u00b025\/03867 - Ma\u00eetre Hassan Kohen, avocat en droit p\u00e9nal \u00e0 Paris","isPartOf":{"@id":"https:\/\/kohenavocats.com\/ar\/#website"},"primaryImageOfPage":{"@id":"https:\/\/kohenavocats.com\/ar\/tribunal-judiciaire-de-mesnil-amelot-le-30-septembre-2025-n25-03867\/#primaryimage"},"image":{"@id":"https:\/\/kohenavocats.com\/ar\/tribunal-judiciaire-de-mesnil-amelot-le-30-septembre-2025-n25-03867\/#primaryimage"},"thumbnailUrl":"https:\/\/kohenavocats.com\/wp-content\/uploads\/2024\/11\/mohamed-nohassi-kZiOPpjVuEg-unsplash.webp","datePublished":"2026-04-23T05:41:13+00:00","description":"Le tribunal judiciaire du Mesnil-Amelot, statuant le 30 septembre 2025, examine deux proc\u00e9dures li\u00e9es \u00e0 une mesure de r\u00e9tention administrative. L'autorit\u00e9 pr...","breadcrumb":{"@id":"https:\/\/kohenavocats.com\/ar\/tribunal-judiciaire-de-mesnil-amelot-le-30-septembre-2025-n25-03867\/#breadcrumb"},"inLanguage":"ar","potentialAction":[{"@type":"ReadAction","target":["https:\/\/kohenavocats.com\/ar\/tribunal-judiciaire-de-mesnil-amelot-le-30-septembre-2025-n25-03867\/"]}]},{"@type":"ImageObject","inLanguage":"ar","@id":"https:\/\/kohenavocats.com\/ar\/tribunal-judiciaire-de-mesnil-amelot-le-30-septembre-2025-n25-03867\/#primaryimage","url":"https:\/\/kohenavocats.com\/wp-content\/uploads\/2024\/11\/mohamed-nohassi-kZiOPpjVuEg-unsplash.webp","contentUrl":"https:\/\/kohenavocats.com\/wp-content\/uploads\/2024\/11\/mohamed-nohassi-kZiOPpjVuEg-unsplash.webp","width":6528,"height":5499},{"@type":"BreadcrumbList","@id":"https:\/\/kohenavocats.com\/ar\/tribunal-judiciaire-de-mesnil-amelot-le-30-septembre-2025-n25-03867\/#breadcrumb","itemListElement":[{"@type":"ListItem","position":1,"name":"Home","item":"https:\/\/kohenavocats.com\/ar\/%d9%85%d8%ad%d8%a7%d9%85%d9%88%d9%86-%d9%85%d8%aa%d8%ae%d8%b5%d8%b5%d9%88%d9%86-%d9%81%d9%8a-%d8%a7%d9%84%d9%82%d8%a7%d9%86%d9%88%d9%86-%d8%a7%d9%84%d8%ac%d9%86%d8%a7%d8%a6%d9%8a-%d8%a8%d8%a8%d8%a7\/"},{"@type":"ListItem","position":2,"name":"Tribunal judiciaire de Mesnil-Amelot, le 30 septembre 2025, n\u00b025\/03867"}]},{"@type":"WebSite","@id":"https:\/\/kohenavocats.com\/ar\/#website","url":"https:\/\/kohenavocats.com\/ar\/","name":"Kohen Avocats","description":"Ma\u00eetre Hassan Kohen, avocat p\u00e9naliste \u00e0 Paris, intervient exclusivement en droit p\u00e9nal pour la d\u00e9fense des particuliers, notamment en mati\u00e8re d\u2019accusations de viol. Il assure un accompagnement rigoureux d\u00e8s la garde \u00e0 vue jusqu\u2019\u00e0 la Cour d\u2019assises, veillant au strict respect des garanties proc\u00e9durales.","publisher":{"@id":"https:\/\/kohenavocats.com\/ar\/#organization"},"potentialAction":[{"@type":"SearchAction","target":{"@type":"EntryPoint","urlTemplate":"https:\/\/kohenavocats.com\/ar\/?s={search_term_string}"},"query-input":{"@type":"PropertyValueSpecification","valueRequired":true,"valueName":"search_term_string"}}],"inLanguage":"ar"},{"@type":"Organization","@id":"https:\/\/kohenavocats.com\/ar\/#organization","name":"Kohen Avocats","url":"https:\/\/kohenavocats.com\/ar\/","logo":{"@type":"ImageObject","inLanguage":"ar","@id":"https:\/\/kohenavocats.com\/ar\/#\/schema\/logo\/image\/","url":"https:\/\/kohenavocats.com\/wp-content\/uploads\/2026\/01\/Logo-2-1.webp","contentUrl":"https:\/\/kohenavocats.com\/wp-content\/uploads\/2026\/01\/Logo-2-1.webp","width":2114,"height":1253,"caption":"Kohen Avocats"},"image":{"@id":"https:\/\/kohenavocats.com\/ar\/#\/schema\/logo\/image\/"}},{"@type":"Person","@id":"https:\/\/kohenavocats.com\/ar\/#\/schema\/person\/761c9ba54fa1ca84d405cef0831ff751","name":"Kohen","image":{"@type":"ImageObject","inLanguage":"ar","@id":"https:\/\/secure.gravatar.com\/avatar\/1c5e76ef76bbbfdd2b4da984e2bf2fa4056fd51a27d25ce2c332047f1dfd6e00?s=96&d=identicon&r=g","url":"https:\/\/secure.gravatar.com\/avatar\/1c5e76ef76bbbfdd2b4da984e2bf2fa4056fd51a27d25ce2c332047f1dfd6e00?s=96&d=identicon&r=g","contentUrl":"https:\/\/secure.gravatar.com\/avatar\/1c5e76ef76bbbfdd2b4da984e2bf2fa4056fd51a27d25ce2c332047f1dfd6e00?s=96&d=identicon&r=g","caption":"Kohen"},"sameAs":["https:\/\/www.linkedin.com\/in\/hassan-kohen-448548192\/","https:\/\/www.youtube.com\/@Kohen-Avocats"],"url":"https:\/\/kohenavocats.com\/ar\/author\/kohenmlk\/"}]}},"jetpack_featured_media_url":"https:\/\/kohenavocats.com\/wp-content\/uploads\/2024\/11\/mohamed-nohassi-kZiOPpjVuEg-unsplash.webp","jetpack_likes_enabled":false,"jetpack_shortlink":"https:\/\/wp.me\/peCrII-2KOE","jetpack-related-posts":[{"id":668838,"url":"https:\/\/kohenavocats.com\/ar\/tribunal-judiciaire-de-mesnil-amelot-le-20-septembre-2025-n25-03733\/","url_meta":{"origin":656620,"position":0},"title":"Tribunal judiciaire de Mesnil-Amelot, le 20 septembre 2025, n\u00b025\/03733","author":"Kohen","date":"24 \u0623\u0628\u0631\u064a\u0644\u060c 2026","format":false,"excerpt":"Le tribunal judiciaire du Mesnil-Amelot, le 20 septembre 2025, se prononce sur la l\u00e9galit\u00e9 d\u2019une mesure de r\u00e9tention administrative. Saisi par un recours con...","rel":"","context":"\u0641\u064a &quot;Juridictions administratives&quot;","block_context":{"text":"Juridictions administratives","link":"https:\/\/kohenavocats.com\/category\/juridictions-administratives\/"},"img":{"alt_text":"","src":"https:\/\/i0.wp.com\/kohenavocats.com\/wp-content\/uploads\/2024\/07\/wesley-tingey-kjXbfNTPMHY-unsplash.webp?resize=350%2C200&ssl=1","width":350,"height":200,"srcset":"https:\/\/i0.wp.com\/kohenavocats.com\/wp-content\/uploads\/2024\/07\/wesley-tingey-kjXbfNTPMHY-unsplash.webp?resize=350%2C200&ssl=1 1x, https:\/\/i0.wp.com\/kohenavocats.com\/wp-content\/uploads\/2024\/07\/wesley-tingey-kjXbfNTPMHY-unsplash.webp?resize=525%2C300&ssl=1 1.5x, https:\/\/i0.wp.com\/kohenavocats.com\/wp-content\/uploads\/2024\/07\/wesley-tingey-kjXbfNTPMHY-unsplash.webp?resize=700%2C400&ssl=1 2x, https:\/\/i0.wp.com\/kohenavocats.com\/wp-content\/uploads\/2024\/07\/wesley-tingey-kjXbfNTPMHY-unsplash.webp?resize=1050%2C600&ssl=1 3x, https:\/\/i0.wp.com\/kohenavocats.com\/wp-content\/uploads\/2024\/07\/wesley-tingey-kjXbfNTPMHY-unsplash.webp?resize=1400%2C800&ssl=1 4x"},"classes":[]},{"id":668797,"url":"https:\/\/kohenavocats.com\/ar\/tribunal-judiciaire-de-mesnil-amelot-le-21-septembre-2025-n25-03753\/","url_meta":{"origin":656620,"position":1},"title":"Tribunal judiciaire de Mesnil-Amelot, le 21 septembre 2025, n\u00b025\/03753","author":"Kohen","date":"24 \u0623\u0628\u0631\u064a\u0644\u060c 2026","format":false,"excerpt":"Le tribunal judiciaire du Mesnil-Amelot, statuant le 21 septembre 2025, examine une demande de prolongation de r\u00e9tention administrative et un recours contre ...","rel":"","context":"\u0641\u064a &quot;Droit P\u00e9nal&quot;","block_context":{"text":"Droit P\u00e9nal","link":"https:\/\/kohenavocats.com\/category\/travaux-parlementaires\/droit-penal\/"},"img":{"alt_text":"","src":"https:\/\/i0.wp.com\/kohenavocats.com\/wp-content\/uploads\/2024\/11\/andrej-lisakov-kuemAVWEwXU-unsplash.webp?resize=350%2C200&ssl=1","width":350,"height":200,"srcset":"https:\/\/i0.wp.com\/kohenavocats.com\/wp-content\/uploads\/2024\/11\/andrej-lisakov-kuemAVWEwXU-unsplash.webp?resize=350%2C200&ssl=1 1x, https:\/\/i0.wp.com\/kohenavocats.com\/wp-content\/uploads\/2024\/11\/andrej-lisakov-kuemAVWEwXU-unsplash.webp?resize=525%2C300&ssl=1 1.5x, https:\/\/i0.wp.com\/kohenavocats.com\/wp-content\/uploads\/2024\/11\/andrej-lisakov-kuemAVWEwXU-unsplash.webp?resize=700%2C400&ssl=1 2x, https:\/\/i0.wp.com\/kohenavocats.com\/wp-content\/uploads\/2024\/11\/andrej-lisakov-kuemAVWEwXU-unsplash.webp?resize=1050%2C600&ssl=1 3x, https:\/\/i0.wp.com\/kohenavocats.com\/wp-content\/uploads\/2024\/11\/andrej-lisakov-kuemAVWEwXU-unsplash.webp?resize=1400%2C800&ssl=1 4x"},"classes":[]},{"id":659077,"url":"https:\/\/kohenavocats.com\/ar\/tribunal-judiciaire-de-mesnil-amelot-le-27-septembre-2025-n25-03823\/","url_meta":{"origin":656620,"position":2},"title":"Tribunal judiciaire de Mesnil-Amelot, le 27 septembre 2025, n\u00b025\/03823","author":"Kohen","date":"23 \u0623\u0628\u0631\u064a\u0644\u060c 2026","format":false,"excerpt":"Le tribunal judiciaire du Mesnil-Amelot, statuant le 27 septembre 2025, examine un recours contre un arr\u00eat\u00e9 de placement en r\u00e9tention et une demande de prolo...","rel":"","context":"\u0641\u064a &quot;Jurisprudence&quot;","block_context":{"text":"Jurisprudence","link":"https:\/\/kohenavocats.com\/category\/jurisprudence\/"},"img":{"alt_text":"","src":"https:\/\/i0.wp.com\/kohenavocats.com\/wp-content\/uploads\/2024\/11\/allison-saeng-Xp2cnkaRwlw-unsplash.webp?resize=350%2C200&ssl=1","width":350,"height":200,"srcset":"https:\/\/i0.wp.com\/kohenavocats.com\/wp-content\/uploads\/2024\/11\/allison-saeng-Xp2cnkaRwlw-unsplash.webp?resize=350%2C200&ssl=1 1x, https:\/\/i0.wp.com\/kohenavocats.com\/wp-content\/uploads\/2024\/11\/allison-saeng-Xp2cnkaRwlw-unsplash.webp?resize=525%2C300&ssl=1 1.5x, https:\/\/i0.wp.com\/kohenavocats.com\/wp-content\/uploads\/2024\/11\/allison-saeng-Xp2cnkaRwlw-unsplash.webp?resize=700%2C400&ssl=1 2x, https:\/\/i0.wp.com\/kohenavocats.com\/wp-content\/uploads\/2024\/11\/allison-saeng-Xp2cnkaRwlw-unsplash.webp?resize=1050%2C600&ssl=1 3x, https:\/\/i0.wp.com\/kohenavocats.com\/wp-content\/uploads\/2024\/11\/allison-saeng-Xp2cnkaRwlw-unsplash.webp?resize=1400%2C800&ssl=1 4x"},"classes":[]},{"id":659005,"url":"https:\/\/kohenavocats.com\/ar\/tribunal-judiciaire-de-mesnil-amelot-le-28-septembre-2025-n25-03847\/","url_meta":{"origin":656620,"position":3},"title":"Tribunal judiciaire de Mesnil-Amelot, le 28 septembre 2025, n\u00b025\/03847","author":"Kohen","date":"23 \u0623\u0628\u0631\u064a\u0644\u060c 2026","format":false,"excerpt":"Le tribunal judiciaire du Mesnil-Amelot, statuant le 28 septembre 2025, examine deux proc\u00e9dures li\u00e9es \u00e0 une mesure de r\u00e9tention administrative. L'autorit\u00e9 pr...","rel":"","context":"\u0641\u064a &quot;Jurisprudence&quot;","block_context":{"text":"Jurisprudence","link":"https:\/\/kohenavocats.com\/category\/jurisprudence\/"},"img":{"alt_text":"","src":"https:\/\/i0.wp.com\/kohenavocats.com\/wp-content\/uploads\/2024\/11\/kateryna-hliznitsova-mbsL-olOezY-unsplash.webp?resize=350%2C200&ssl=1","width":350,"height":200,"srcset":"https:\/\/i0.wp.com\/kohenavocats.com\/wp-content\/uploads\/2024\/11\/kateryna-hliznitsova-mbsL-olOezY-unsplash.webp?resize=350%2C200&ssl=1 1x, https:\/\/i0.wp.com\/kohenavocats.com\/wp-content\/uploads\/2024\/11\/kateryna-hliznitsova-mbsL-olOezY-unsplash.webp?resize=525%2C300&ssl=1 1.5x, https:\/\/i0.wp.com\/kohenavocats.com\/wp-content\/uploads\/2024\/11\/kateryna-hliznitsova-mbsL-olOezY-unsplash.webp?resize=700%2C400&ssl=1 2x, https:\/\/i0.wp.com\/kohenavocats.com\/wp-content\/uploads\/2024\/11\/kateryna-hliznitsova-mbsL-olOezY-unsplash.webp?resize=1050%2C600&ssl=1 3x, https:\/\/i0.wp.com\/kohenavocats.com\/wp-content\/uploads\/2024\/11\/kateryna-hliznitsova-mbsL-olOezY-unsplash.webp?resize=1400%2C800&ssl=1 4x"},"classes":[]},{"id":662835,"url":"https:\/\/kohenavocats.com\/ar\/tribunal-judiciaire-de-mesnil-amelot-le-25-septembre-2025-n25-03799\/","url_meta":{"origin":656620,"position":4},"title":"Tribunal judiciaire de Mesnil-Amelot, le 25 septembre 2025, n\u00b025\/03799","author":"Kohen","date":"23 \u0623\u0628\u0631\u064a\u0644\u060c 2026","format":false,"excerpt":"Le tribunal judiciaire du Mesnil-Amelot, statuant le 25 septembre 2025, rejette le recours contre un arr\u00eat\u00e9 de placement en r\u00e9tention administrative. Il ordo...","rel":"","context":"\u0641\u064a &quot;Jurisprudence&quot;","block_context":{"text":"Jurisprudence","link":"https:\/\/kohenavocats.com\/category\/jurisprudence\/"},"img":{"alt_text":"","src":"https:\/\/i0.wp.com\/kohenavocats.com\/wp-content\/uploads\/2024\/11\/declan-sun-JYXbjhOGTCs-unsplash.webp?resize=350%2C200&ssl=1","width":350,"height":200,"srcset":"https:\/\/i0.wp.com\/kohenavocats.com\/wp-content\/uploads\/2024\/11\/declan-sun-JYXbjhOGTCs-unsplash.webp?resize=350%2C200&ssl=1 1x, https:\/\/i0.wp.com\/kohenavocats.com\/wp-content\/uploads\/2024\/11\/declan-sun-JYXbjhOGTCs-unsplash.webp?resize=525%2C300&ssl=1 1.5x, https:\/\/i0.wp.com\/kohenavocats.com\/wp-content\/uploads\/2024\/11\/declan-sun-JYXbjhOGTCs-unsplash.webp?resize=700%2C400&ssl=1 2x, https:\/\/i0.wp.com\/kohenavocats.com\/wp-content\/uploads\/2024\/11\/declan-sun-JYXbjhOGTCs-unsplash.webp?resize=1050%2C600&ssl=1 3x, https:\/\/i0.wp.com\/kohenavocats.com\/wp-content\/uploads\/2024\/11\/declan-sun-JYXbjhOGTCs-unsplash.webp?resize=1400%2C800&ssl=1 4x"},"classes":[]},{"id":659215,"url":"https:\/\/kohenavocats.com\/ar\/tribunal-judiciaire-de-mesnil-amelot-le-26-septembre-2025-n25-03808\/","url_meta":{"origin":656620,"position":5},"title":"Tribunal judiciaire de Mesnil-Amelot, le 26 septembre 2025, n\u00b025\/03808","author":"Kohen","date":"23 \u0623\u0628\u0631\u064a\u0644\u060c 2026","format":false,"excerpt":"Le tribunal judiciaire du Mesnil-Amelot, statuant le 26 septembre 2025, examine une requ\u00eate pr\u00e9fectorale visant \u00e0 prolonger une r\u00e9tention administrative. Le ...","rel":"","context":"\u0641\u064a &quot;Jurisprudence&quot;","block_context":{"text":"Jurisprudence","link":"https:\/\/kohenavocats.com\/category\/jurisprudence\/"},"img":{"alt_text":"","src":"https:\/\/i0.wp.com\/kohenavocats.com\/wp-content\/uploads\/2024\/11\/getty-images-TGyzkRiEysA-unsplash.webp?resize=350%2C200&ssl=1","width":350,"height":200,"srcset":"https:\/\/i0.wp.com\/kohenavocats.com\/wp-content\/uploads\/2024\/11\/getty-images-TGyzkRiEysA-unsplash.webp?resize=350%2C200&ssl=1 1x, https:\/\/i0.wp.com\/kohenavocats.com\/wp-content\/uploads\/2024\/11\/getty-images-TGyzkRiEysA-unsplash.webp?resize=525%2C300&ssl=1 1.5x, https:\/\/i0.wp.com\/kohenavocats.com\/wp-content\/uploads\/2024\/11\/getty-images-TGyzkRiEysA-unsplash.webp?resize=700%2C400&ssl=1 2x, https:\/\/i0.wp.com\/kohenavocats.com\/wp-content\/uploads\/2024\/11\/getty-images-TGyzkRiEysA-unsplash.webp?resize=1050%2C600&ssl=1 3x, https:\/\/i0.wp.com\/kohenavocats.com\/wp-content\/uploads\/2024\/11\/getty-images-TGyzkRiEysA-unsplash.webp?resize=1400%2C800&ssl=1 4x"},"classes":[]}],"jetpack_sharing_enabled":true,"_links":{"self":[{"href":"https:\/\/kohenavocats.com\/ar\/wp-json\/wp\/v2\/posts\/656620","targetHints":{"allow":["GET"]}}],"collection":[{"href":"https:\/\/kohenavocats.com\/ar\/wp-json\/wp\/v2\/posts"}],"about":[{"href":"https:\/\/kohenavocats.com\/ar\/wp-json\/wp\/v2\/types\/post"}],"author":[{"embeddable":true,"href":"https:\/\/kohenavocats.com\/ar\/wp-json\/wp\/v2\/users\/232070755"}],"replies":[{"embeddable":true,"href":"https:\/\/kohenavocats.com\/ar\/wp-json\/wp\/v2\/comments?post=656620"}],"version-history":[{"count":0,"href":"https:\/\/kohenavocats.com\/ar\/wp-json\/wp\/v2\/posts\/656620\/revisions"}],"wp:featuredmedia":[{"embeddable":true,"href":"https:\/\/kohenavocats.com\/ar\/wp-json\/wp\/v2\/media\/9482"}],"wp:attachment":[{"href":"https:\/\/kohenavocats.com\/ar\/wp-json\/wp\/v2\/media?parent=656620"}],"wp:term":[{"taxonomy":"category","embeddable":true,"href":"https:\/\/kohenavocats.com\/ar\/wp-json\/wp\/v2\/categories?post=656620"},{"taxonomy":"post_tag","embeddable":true,"href":"https:\/\/kohenavocats.com\/ar\/wp-json\/wp\/v2\/tags?post=656620"}],"curies":[{"name":"wp","href":"https:\/\/api.w.org\/{rel}","templated":true}]}}