{"id":656624,"date":"2026-04-23T07:41:54","date_gmt":"2026-04-23T05:41:54","guid":{"rendered":"https:\/\/kohenavocats.com\/tribunal-judiciaire-de-lyon-le-5-janvier-2024-n24-03607\/"},"modified":"2026-04-23T07:41:54","modified_gmt":"2026-04-23T05:41:54","slug":"tribunal-judiciaire-de-lyon-le-5-janvier-2024-n24-03607","status":"publish","type":"post","link":"https:\/\/kohenavocats.com\/ar\/tribunal-judiciaire-de-lyon-le-5-janvier-2024-n24-03607\/","title":{"rendered":"Tribunal judiciaire de Lyon, le 5 janvier 2024, n\u00b024\/03607"},"content":{"rendered":"<div class=\"article-content\">\n<p>Le juge des contentieux de la protection, statuant en audience publique, a rendu un jugement le 5 janvier 2024. L&#8217;affaire concernait le recouvrement d&#8217;un cr\u00e9dit renouvelable consenti en f\u00e9vrier 2022. L&#8217;organisme pr\u00eateur demandait la r\u00e9solution du contrat pour impay\u00e9s et le paiement du solde. L&#8217;emprunteur invoquait sa situation financi\u00e8re pour solliciter des d\u00e9lais. Le juge a d\u00e9clar\u00e9 la demande recevable, constat\u00e9 la r\u00e9siliation du cr\u00e9dit et prononc\u00e9 la d\u00e9ch\u00e9ance du droit aux int\u00e9r\u00eats. Il a condamn\u00e9 l&#8217;emprunteur au paiement du seul capital restant d\u00fb, rejetant sa demande de d\u00e9lais de paiement.<\/p>\n<p>La mise en \u0153uvre effective de la clause r\u00e9solutoire<\/p>\n<p>La validit\u00e9 de la r\u00e9solution pour inex\u00e9cution a \u00e9t\u00e9 \u00e9tablie par le juge. L&#8217;article 1224 du code civil offre plusieurs voies pour r\u00e9soudre un contrat. La clause contractuelle pr\u00e9voyait l&#8217;exigibilit\u00e9 imm\u00e9diate apr\u00e8s mise en demeure en cas de d\u00e9faillance. Le pr\u00eateur a justifi\u00e9 d&#8217;impay\u00e9s et d&#8217;une mise en demeure par courrier du 12 juin 2023. L&#8217;emprunteur a reconnu \u00e0 l&#8217;audience ne pas avoir respect\u00e9 ses obligations de remboursement. Le juge a donc constat\u00e9 que la d\u00e9ch\u00e9ance du terme avait \u00e9t\u00e9 valablement prononc\u00e9e. La r\u00e9siliation prend effet \u00e0 la date de r\u00e9ception de la notification par le d\u00e9biteur. Cette application stricte s\u00e9curise les relations contractuelles pour le cr\u00e9ancier. Elle permet une r\u00e9solution extrajudiciaire sous le respect de conditions pr\u00e9cises. La d\u00e9cision rappelle l&#8217;importance d&#8217;une mise en demeure formelle et non \u00e9quivoque.<\/p>\n<p>Les cons\u00e9quences patrimoniales de la r\u00e9siliation sont ensuite d\u00e9termin\u00e9es. La r\u00e9siliation met fin au contrat pour l&#8217;avenir selon l&#8217;article 1229 du code civil. Le pr\u00eateur peut alors exiger le remboursement imm\u00e9diat du capital restant d\u00fb. Les articles L.312-39 et D.312-19 du code de la consommation encadrent cette exigence. Ils autorisent le recouvrement du capital et le paiement d&#8217;une indemnit\u00e9 l\u00e9gale de huit pour cent. Le juge a toutefois r\u00e9duit cette indemnit\u00e9 \u00e0 cent cinquante euros en application de l&#8217;article 1231-5. Cette mod\u00e9ration s&#8217;appuie sur la date du cr\u00e9dit et le montant du capital emprunt\u00e9. Elle tient \u00e9galement compte de la d\u00e9ch\u00e9ance du droit aux int\u00e9r\u00eats prononc\u00e9e. Le cr\u00e9ancier ne peut r\u00e9clamer que les sommes express\u00e9ment pr\u00e9vues par la loi. Cette interpr\u00e9tation restrictive prot\u00e8ge l&#8217;emprunteur en situation de d\u00e9faillance.<\/p>\n<p>Le contr\u00f4le renforc\u00e9 de l&#8217;obligation de v\u00e9rification de la solvabilit\u00e9<\/p>\n<p>Le juge a prononc\u00e9 d&#8217;office la d\u00e9ch\u00e9ance du droit aux int\u00e9r\u00eats conventionnels. Cette sanction d\u00e9coule du manquement \u00e0 l&#8217;obligation de v\u00e9rification de la solvabilit\u00e9. L&#8217;article L.312-16 du code de la consommation impose cette v\u00e9rification pr\u00e9alable. Le pr\u00eateur doit s&#8217;appuyer sur un nombre suffisant d&#8217;informations. &#8220;En application de l\u2019article L.312-16 du code de la consommation, avant de conclure le contrat de cr\u00e9dit, le pr\u00eateur v\u00e9rifie la solvabilit\u00e9 de l&#8217;emprunteur \u00e0 partir d&#8217;un nombre suffisant d&#8217;informations, y compris des informations fournies par ce dernier \u00e0 la demande du pr\u00eateur.&#8221; (Sur la d\u00e9ch\u00e9ance du droit aux int\u00e9r\u00eats) Cette obligation est proactive et incombe enti\u00e8rement \u00e0 l&#8217;organisme de cr\u00e9dit. La jurisprudence du Tribunal judiciaire de Versailles rappelle cette exigence. &#8220;Cette obligation suppose une d\u00e9marche proactive du pr\u00eateur consistant \u00e0 demander, obtenir et analyser les justificatifs de l&#8217;emprunteur au titre de ses ressources et charges.&#8221; (Tribunal judiciaire de Versailles, le 25 juillet 2025, n\u00b025\/00086) En l&#8217;esp\u00e8ce, le pr\u00eateur n&#8217;a produit aucun document attestant de cette v\u00e9rification. Le d\u00e9faut de preuve entra\u00eene automatiquement la sanction l\u00e9gale pr\u00e9vue.<\/p>\n<p>La port\u00e9e de cette obligation est \u00e9tendue \u00e0 tous les cr\u00e9dits, quel que soit leur montant. L&#8217;article L312-17 pr\u00e9voit une fiche de solvabilit\u00e9 corrobor\u00e9e par des justificatifs au-del\u00e0 d&#8217;un seuil. &#8220;Ces dispositions n\u2019excluent pas l\u2019obligation pour le pr\u00eateur de v\u00e9rifier, quel que soit le montant du cr\u00e9dit, la solvabilit\u00e9 de l\u2019emprunteur.&#8221; (Sur la d\u00e9ch\u00e9ance du droit aux int\u00e9r\u00eats) La charge de la preuve p\u00e8se sur l&#8217;organisme pr\u00eateur, conform\u00e9ment au droit commun. Le juge constate que la banque ne justifie d&#8217;aucun document \u00e0 cet \u00e9gard. La d\u00e9ch\u00e9ance totale du droit aux int\u00e9r\u00eats est donc prononc\u00e9e sur ce fondement. Cette solution prot\u00e8ge les consommateurs contre l&#8217;octroi de cr\u00e9dits inconsid\u00e9r\u00e9s. Elle renforce la responsabilit\u00e9 des \u00e9tablissements financiers dans l&#8217;\u00e9valuation des risques. La sanction est s\u00e9v\u00e8re mais n\u00e9cessaire pour garantir l&#8217;effectivit\u00e9 de la protection.<\/p>\n<p>Le rejet des demandes de d\u00e9lais de paiement cl\u00f4t l&#8217;analyse du juge. L&#8217;article 1343-5 du code civil permet d&#8217;am\u00e9nager le paiement des sommes dues. Cet am\u00e9nagement n&#8217;est pas un droit et suppose la bonne foi du d\u00e9biteur. Il n\u00e9cessite \u00e9galement l&#8217;examen de sa situation \u00e9conomique et de ses facult\u00e9s contributives. L&#8217;emprunteur a indiqu\u00e9 percevoir environ mille cinq cents euros mensuels. Elle a aussi \u00e9voqu\u00e9 d&#8217;autres dettes et un projet de dossier de surendettement. L&#8217;absence de justificatifs et l&#8217;historique d&#8217;impay\u00e9s ont \u00e9t\u00e9 d\u00e9terminants. Le juge a estim\u00e9 qu&#8217;elle n&#8217;\u00e9tait pas en mesure de respecter un \u00e9ch\u00e9ancier. Ce refus souligne le caract\u00e8re concret et exigeant de l&#8217;appr\u00e9ciation judiciaire. Il \u00e9vite la multiplication de d\u00e9cisions inappliqu\u00e9es et pr\u00e9serve les droits du cr\u00e9ancier. La situation de fort endettement rel\u00e8ve davantage des proc\u00e9dures collectives appropri\u00e9es.<\/p>\n<\/div>\n","protected":false},"excerpt":{"rendered":"<p>Le juge des contentieux de la protection, statuant en audience publique, a rendu un jugement le 5 janvier 2024. L&#8217;affaire concernait le recouvrement d&#8217;un cr\u00e9&#8230;<\/p>\n","protected":false},"author":232070755,"featured_media":4858,"comment_status":"open","ping_status":"open","sticky":false,"template":"","format":"standard","meta":{"_crdt_document":"","_jetpack_newsletter_access":"","_jetpack_dont_email_post_to_subs":false,"_jetpack_newsletter_tier_id":0,"_jetpack_memberships_contains_paywalled_content":false,"_kj_source_type":"judilibre","_kj_official_id":"68dd6ff2548223b2c7ab14ce","_kj_official_url":"https:\/\/www.courdecassation.fr\/decision\/68dd6ff2548223b2c7ab14ce","_kj_judilibre_id":"68dd6ff2548223b2c7ab14ce","_kj_jur":"Tribunal judiciaire","_kj_lieu":"Tribunal judiciaire de Lyon","_kj_chambre":"PPP P\u00d4LE CIRCUIT LONG S1","_kj_rg":"24\/03607","_kj_date":"2025-09-30","_jetpack_memberships_contains_paid_content":false,"footnotes":"","jetpack_post_was_ever_published":false},"categories":[7597],"tags":[],"class_list":["post-656624","post","type-post","status-publish","format-standard","has-post-thumbnail","hentry","category-jurisprudence"],"yoast_head":"<!-- This site is optimized with the Yoast SEO Premium plugin v27.5 (Yoast SEO v27.5) - https:\/\/yoast.com\/product\/yoast-seo-premium-wordpress\/ -->\n<title>Tribunal judiciaire de Lyon, le 5 janvier 2024, n\u00b024\/03607 - Ma\u00eetre Hassan Kohen, avocat en droit p\u00e9nal \u00e0 Paris<\/title>\n<meta name=\"description\" content=\"Le juge des contentieux de la protection, statuant en audience publique, a rendu un jugement le 5 janvier 2024. L&#039;affaire concernait le recouvrement d&#039;un cr\u00e9...\" \/>\n<meta name=\"robots\" content=\"index, follow, max-snippet:-1, max-image-preview:large, max-video-preview:-1\" \/>\n<link rel=\"canonical\" href=\"https:\/\/kohenavocats.com\/ar\/tribunal-judiciaire-de-lyon-le-5-janvier-2024-n24-03607\/\" \/>\n<meta property=\"og:locale\" content=\"ar_AR\" \/>\n<meta property=\"og:type\" content=\"article\" \/>\n<meta property=\"og:title\" content=\"Tribunal judiciaire de Lyon, le 5 janvier 2024, n\u00b024\/03607\" \/>\n<meta property=\"og:description\" content=\"Le juge des contentieux de la protection, statuant en audience publique, a rendu un jugement le 5 janvier 2024. L&#039;affaire concernait le recouvrement d&#039;un cr\u00e9...\" \/>\n<meta property=\"og:url\" content=\"https:\/\/kohenavocats.com\/ar\/tribunal-judiciaire-de-lyon-le-5-janvier-2024-n24-03607\/\" \/>\n<meta property=\"og:site_name\" content=\"Ma\u00eetre Hassan Kohen, avocat en droit p\u00e9nal \u00e0 Paris\" \/>\n<meta property=\"article:published_time\" content=\"2026-04-23T05:41:54+00:00\" \/>\n<meta property=\"og:image\" content=\"https:\/\/kohenavocats.com\/wp-content\/uploads\/2024\/08\/kreshen-lNs2Bg103_g-unsplash.webp\" \/>\n\t<meta property=\"og:image:width\" content=\"5040\" \/>\n\t<meta property=\"og:image:height\" content=\"3730\" \/>\n\t<meta property=\"og:image:type\" content=\"image\/webp\" \/>\n<meta name=\"author\" content=\"Kohen\" \/>\n<meta name=\"twitter:card\" content=\"summary_large_image\" \/>\n<meta name=\"twitter:label1\" content=\"\u0643\u064f\u062a\u0628 \u0628\u0648\u0627\u0633\u0637\u0629\" \/>\n\t<meta name=\"twitter:data1\" content=\"Kohen\" \/>\n\t<meta name=\"twitter:label2\" content=\"\u0648\u0642\u062a \u0627\u0644\u0642\u0631\u0627\u0621\u0629 \u0627\u0644\u0645\u064f\u0642\u062f\u0651\u0631\" \/>\n\t<meta name=\"twitter:data2\" content=\"5 \u062f\u0642\u0627\u0626\u0642\" \/>\n<script type=\"application\/ld+json\" class=\"yoast-schema-graph\">{\"@context\":\"https:\\\/\\\/schema.org\",\"@graph\":[{\"@type\":\"Article\",\"@id\":\"https:\\\/\\\/kohenavocats.com\\\/ar\\\/tribunal-judiciaire-de-lyon-le-5-janvier-2024-n24-03607\\\/#article\",\"isPartOf\":{\"@id\":\"https:\\\/\\\/kohenavocats.com\\\/ar\\\/tribunal-judiciaire-de-lyon-le-5-janvier-2024-n24-03607\\\/\"},\"author\":{\"name\":\"Kohen\",\"@id\":\"https:\\\/\\\/kohenavocats.com\\\/ar\\\/#\\\/schema\\\/person\\\/761c9ba54fa1ca84d405cef0831ff751\"},\"headline\":\"Tribunal judiciaire de Lyon, le 5 janvier 2024, n\u00b024\\\/03607\",\"datePublished\":\"2026-04-23T05:41:54+00:00\",\"mainEntityOfPage\":{\"@id\":\"https:\\\/\\\/kohenavocats.com\\\/ar\\\/tribunal-judiciaire-de-lyon-le-5-janvier-2024-n24-03607\\\/\"},\"wordCount\":982,\"commentCount\":0,\"publisher\":{\"@id\":\"https:\\\/\\\/kohenavocats.com\\\/ar\\\/#organization\"},\"image\":{\"@id\":\"https:\\\/\\\/kohenavocats.com\\\/ar\\\/tribunal-judiciaire-de-lyon-le-5-janvier-2024-n24-03607\\\/#primaryimage\"},\"thumbnailUrl\":\"https:\\\/\\\/kohenavocats.com\\\/wp-content\\\/uploads\\\/2024\\\/08\\\/kreshen-lNs2Bg103_g-unsplash.webp\",\"articleSection\":[\"Jurisprudence\"],\"inLanguage\":\"ar\",\"potentialAction\":[{\"@type\":\"CommentAction\",\"name\":\"Comment\",\"target\":[\"https:\\\/\\\/kohenavocats.com\\\/ar\\\/tribunal-judiciaire-de-lyon-le-5-janvier-2024-n24-03607\\\/#respond\"]}],\"citation\":\"Tribunal judiciaire de Lyon, le 5 janvier 2024, n\u00b024\\\/03607\",\"about\":[{\"@type\":\"Thing\",\"name\":\"Jurisprudence\"}],\"dateModified\":\"2026-04-23T05:41:54+00:00\",\"speakable\":{\"@type\":\"SpeakableSpecification\",\"cssSelector\":[\".article-content > p:first-of-type\"]}},{\"@type\":\"WebPage\",\"@id\":\"https:\\\/\\\/kohenavocats.com\\\/ar\\\/tribunal-judiciaire-de-lyon-le-5-janvier-2024-n24-03607\\\/\",\"url\":\"https:\\\/\\\/kohenavocats.com\\\/ar\\\/tribunal-judiciaire-de-lyon-le-5-janvier-2024-n24-03607\\\/\",\"name\":\"Tribunal judiciaire de Lyon, le 5 janvier 2024, n\u00b024\\\/03607 - Ma\u00eetre Hassan Kohen, avocat en droit p\u00e9nal \u00e0 Paris\",\"isPartOf\":{\"@id\":\"https:\\\/\\\/kohenavocats.com\\\/ar\\\/#website\"},\"primaryImageOfPage\":{\"@id\":\"https:\\\/\\\/kohenavocats.com\\\/ar\\\/tribunal-judiciaire-de-lyon-le-5-janvier-2024-n24-03607\\\/#primaryimage\"},\"image\":{\"@id\":\"https:\\\/\\\/kohenavocats.com\\\/ar\\\/tribunal-judiciaire-de-lyon-le-5-janvier-2024-n24-03607\\\/#primaryimage\"},\"thumbnailUrl\":\"https:\\\/\\\/kohenavocats.com\\\/wp-content\\\/uploads\\\/2024\\\/08\\\/kreshen-lNs2Bg103_g-unsplash.webp\",\"datePublished\":\"2026-04-23T05:41:54+00:00\",\"description\":\"Le juge des contentieux de la protection, statuant en audience publique, a rendu un jugement le 5 janvier 2024. L'affaire concernait le recouvrement d'un cr\u00e9...\",\"breadcrumb\":{\"@id\":\"https:\\\/\\\/kohenavocats.com\\\/ar\\\/tribunal-judiciaire-de-lyon-le-5-janvier-2024-n24-03607\\\/#breadcrumb\"},\"inLanguage\":\"ar\",\"potentialAction\":[{\"@type\":\"ReadAction\",\"target\":[\"https:\\\/\\\/kohenavocats.com\\\/ar\\\/tribunal-judiciaire-de-lyon-le-5-janvier-2024-n24-03607\\\/\"]}]},{\"@type\":\"ImageObject\",\"inLanguage\":\"ar\",\"@id\":\"https:\\\/\\\/kohenavocats.com\\\/ar\\\/tribunal-judiciaire-de-lyon-le-5-janvier-2024-n24-03607\\\/#primaryimage\",\"url\":\"https:\\\/\\\/kohenavocats.com\\\/wp-content\\\/uploads\\\/2024\\\/08\\\/kreshen-lNs2Bg103_g-unsplash.webp\",\"contentUrl\":\"https:\\\/\\\/kohenavocats.com\\\/wp-content\\\/uploads\\\/2024\\\/08\\\/kreshen-lNs2Bg103_g-unsplash.webp\",\"width\":5040,\"height\":3730},{\"@type\":\"BreadcrumbList\",\"@id\":\"https:\\\/\\\/kohenavocats.com\\\/ar\\\/tribunal-judiciaire-de-lyon-le-5-janvier-2024-n24-03607\\\/#breadcrumb\",\"itemListElement\":[{\"@type\":\"ListItem\",\"position\":1,\"name\":\"Home\",\"item\":\"https:\\\/\\\/kohenavocats.com\\\/ar\\\/%d9%85%d8%ad%d8%a7%d9%85%d9%88%d9%86-%d9%85%d8%aa%d8%ae%d8%b5%d8%b5%d9%88%d9%86-%d9%81%d9%8a-%d8%a7%d9%84%d9%82%d8%a7%d9%86%d9%88%d9%86-%d8%a7%d9%84%d8%ac%d9%86%d8%a7%d8%a6%d9%8a-%d8%a8%d8%a8%d8%a7\\\/\"},{\"@type\":\"ListItem\",\"position\":2,\"name\":\"Tribunal judiciaire de Lyon, le 5 janvier 2024, n\u00b024\\\/03607\"}]},{\"@type\":\"WebSite\",\"@id\":\"https:\\\/\\\/kohenavocats.com\\\/ar\\\/#website\",\"url\":\"https:\\\/\\\/kohenavocats.com\\\/ar\\\/\",\"name\":\"Kohen Avocats\",\"description\":\"Ma\u00eetre Hassan Kohen, avocat p\u00e9naliste \u00e0 Paris, intervient exclusivement en droit p\u00e9nal pour la d\u00e9fense des particuliers, notamment en mati\u00e8re d\u2019accusations de viol. Il assure un accompagnement rigoureux d\u00e8s la garde \u00e0 vue jusqu\u2019\u00e0 la Cour d\u2019assises, veillant au strict respect des garanties proc\u00e9durales.\",\"publisher\":{\"@id\":\"https:\\\/\\\/kohenavocats.com\\\/ar\\\/#organization\"},\"potentialAction\":[{\"@type\":\"SearchAction\",\"target\":{\"@type\":\"EntryPoint\",\"urlTemplate\":\"https:\\\/\\\/kohenavocats.com\\\/ar\\\/?s={search_term_string}\"},\"query-input\":{\"@type\":\"PropertyValueSpecification\",\"valueRequired\":true,\"valueName\":\"search_term_string\"}}],\"inLanguage\":\"ar\"},{\"@type\":\"Organization\",\"@id\":\"https:\\\/\\\/kohenavocats.com\\\/ar\\\/#organization\",\"name\":\"Kohen Avocats\",\"url\":\"https:\\\/\\\/kohenavocats.com\\\/ar\\\/\",\"logo\":{\"@type\":\"ImageObject\",\"inLanguage\":\"ar\",\"@id\":\"https:\\\/\\\/kohenavocats.com\\\/ar\\\/#\\\/schema\\\/logo\\\/image\\\/\",\"url\":\"https:\\\/\\\/kohenavocats.com\\\/wp-content\\\/uploads\\\/2026\\\/01\\\/Logo-2-1.webp\",\"contentUrl\":\"https:\\\/\\\/kohenavocats.com\\\/wp-content\\\/uploads\\\/2026\\\/01\\\/Logo-2-1.webp\",\"width\":2114,\"height\":1253,\"caption\":\"Kohen Avocats\"},\"image\":{\"@id\":\"https:\\\/\\\/kohenavocats.com\\\/ar\\\/#\\\/schema\\\/logo\\\/image\\\/\"}},{\"@type\":\"Person\",\"@id\":\"https:\\\/\\\/kohenavocats.com\\\/ar\\\/#\\\/schema\\\/person\\\/761c9ba54fa1ca84d405cef0831ff751\",\"name\":\"Kohen\",\"image\":{\"@type\":\"ImageObject\",\"inLanguage\":\"ar\",\"@id\":\"https:\\\/\\\/secure.gravatar.com\\\/avatar\\\/1c5e76ef76bbbfdd2b4da984e2bf2fa4056fd51a27d25ce2c332047f1dfd6e00?s=96&d=identicon&r=g\",\"url\":\"https:\\\/\\\/secure.gravatar.com\\\/avatar\\\/1c5e76ef76bbbfdd2b4da984e2bf2fa4056fd51a27d25ce2c332047f1dfd6e00?s=96&d=identicon&r=g\",\"contentUrl\":\"https:\\\/\\\/secure.gravatar.com\\\/avatar\\\/1c5e76ef76bbbfdd2b4da984e2bf2fa4056fd51a27d25ce2c332047f1dfd6e00?s=96&d=identicon&r=g\",\"caption\":\"Kohen\"},\"sameAs\":[\"https:\\\/\\\/www.linkedin.com\\\/in\\\/hassan-kohen-448548192\\\/\",\"https:\\\/\\\/www.youtube.com\\\/@Kohen-Avocats\"],\"url\":\"https:\\\/\\\/kohenavocats.com\\\/ar\\\/author\\\/kohenmlk\\\/\"}]}<\/script>\n<!-- \/ Yoast SEO Premium plugin. -->","yoast_head_json":{"title":"Tribunal judiciaire de Lyon, le 5 janvier 2024, n\u00b024\/03607 - Ma\u00eetre Hassan Kohen, avocat en droit p\u00e9nal \u00e0 Paris","description":"Le juge des contentieux de la protection, statuant en audience publique, a rendu un jugement le 5 janvier 2024. L'affaire concernait le recouvrement d'un cr\u00e9...","robots":{"index":"index","follow":"follow","max-snippet":"max-snippet:-1","max-image-preview":"max-image-preview:large","max-video-preview":"max-video-preview:-1"},"canonical":"https:\/\/kohenavocats.com\/ar\/tribunal-judiciaire-de-lyon-le-5-janvier-2024-n24-03607\/","og_locale":"ar_AR","og_type":"article","og_title":"Tribunal judiciaire de Lyon, le 5 janvier 2024, n\u00b024\/03607","og_description":"Le juge des contentieux de la protection, statuant en audience publique, a rendu un jugement le 5 janvier 2024. L'affaire concernait le recouvrement d'un cr\u00e9...","og_url":"https:\/\/kohenavocats.com\/ar\/tribunal-judiciaire-de-lyon-le-5-janvier-2024-n24-03607\/","og_site_name":"Ma\u00eetre Hassan Kohen, avocat en droit p\u00e9nal \u00e0 Paris","article_published_time":"2026-04-23T05:41:54+00:00","og_image":[{"width":5040,"height":3730,"url":"https:\/\/kohenavocats.com\/wp-content\/uploads\/2024\/08\/kreshen-lNs2Bg103_g-unsplash.webp","type":"image\/webp"}],"author":"Kohen","twitter_card":"summary_large_image","twitter_misc":{"\u0643\u064f\u062a\u0628 \u0628\u0648\u0627\u0633\u0637\u0629":"Kohen","\u0648\u0642\u062a \u0627\u0644\u0642\u0631\u0627\u0621\u0629 \u0627\u0644\u0645\u064f\u0642\u062f\u0651\u0631":"5 \u062f\u0642\u0627\u0626\u0642"},"schema":{"@context":"https:\/\/schema.org","@graph":[{"@type":"Article","@id":"https:\/\/kohenavocats.com\/ar\/tribunal-judiciaire-de-lyon-le-5-janvier-2024-n24-03607\/#article","isPartOf":{"@id":"https:\/\/kohenavocats.com\/ar\/tribunal-judiciaire-de-lyon-le-5-janvier-2024-n24-03607\/"},"author":{"name":"Kohen","@id":"https:\/\/kohenavocats.com\/ar\/#\/schema\/person\/761c9ba54fa1ca84d405cef0831ff751"},"headline":"Tribunal judiciaire de Lyon, le 5 janvier 2024, n\u00b024\/03607","datePublished":"2026-04-23T05:41:54+00:00","mainEntityOfPage":{"@id":"https:\/\/kohenavocats.com\/ar\/tribunal-judiciaire-de-lyon-le-5-janvier-2024-n24-03607\/"},"wordCount":982,"commentCount":0,"publisher":{"@id":"https:\/\/kohenavocats.com\/ar\/#organization"},"image":{"@id":"https:\/\/kohenavocats.com\/ar\/tribunal-judiciaire-de-lyon-le-5-janvier-2024-n24-03607\/#primaryimage"},"thumbnailUrl":"https:\/\/kohenavocats.com\/wp-content\/uploads\/2024\/08\/kreshen-lNs2Bg103_g-unsplash.webp","articleSection":["Jurisprudence"],"inLanguage":"ar","potentialAction":[{"@type":"CommentAction","name":"Comment","target":["https:\/\/kohenavocats.com\/ar\/tribunal-judiciaire-de-lyon-le-5-janvier-2024-n24-03607\/#respond"]}],"citation":"Tribunal judiciaire de Lyon, le 5 janvier 2024, n\u00b024\/03607","about":[{"@type":"Thing","name":"Jurisprudence"}],"dateModified":"2026-04-23T05:41:54+00:00","speakable":{"@type":"SpeakableSpecification","cssSelector":[".article-content > p:first-of-type"]}},{"@type":"WebPage","@id":"https:\/\/kohenavocats.com\/ar\/tribunal-judiciaire-de-lyon-le-5-janvier-2024-n24-03607\/","url":"https:\/\/kohenavocats.com\/ar\/tribunal-judiciaire-de-lyon-le-5-janvier-2024-n24-03607\/","name":"Tribunal judiciaire de Lyon, le 5 janvier 2024, n\u00b024\/03607 - Ma\u00eetre Hassan Kohen, avocat en droit p\u00e9nal \u00e0 Paris","isPartOf":{"@id":"https:\/\/kohenavocats.com\/ar\/#website"},"primaryImageOfPage":{"@id":"https:\/\/kohenavocats.com\/ar\/tribunal-judiciaire-de-lyon-le-5-janvier-2024-n24-03607\/#primaryimage"},"image":{"@id":"https:\/\/kohenavocats.com\/ar\/tribunal-judiciaire-de-lyon-le-5-janvier-2024-n24-03607\/#primaryimage"},"thumbnailUrl":"https:\/\/kohenavocats.com\/wp-content\/uploads\/2024\/08\/kreshen-lNs2Bg103_g-unsplash.webp","datePublished":"2026-04-23T05:41:54+00:00","description":"Le juge des contentieux de la protection, statuant en audience publique, a rendu un jugement le 5 janvier 2024. L'affaire concernait le recouvrement d'un cr\u00e9...","breadcrumb":{"@id":"https:\/\/kohenavocats.com\/ar\/tribunal-judiciaire-de-lyon-le-5-janvier-2024-n24-03607\/#breadcrumb"},"inLanguage":"ar","potentialAction":[{"@type":"ReadAction","target":["https:\/\/kohenavocats.com\/ar\/tribunal-judiciaire-de-lyon-le-5-janvier-2024-n24-03607\/"]}]},{"@type":"ImageObject","inLanguage":"ar","@id":"https:\/\/kohenavocats.com\/ar\/tribunal-judiciaire-de-lyon-le-5-janvier-2024-n24-03607\/#primaryimage","url":"https:\/\/kohenavocats.com\/wp-content\/uploads\/2024\/08\/kreshen-lNs2Bg103_g-unsplash.webp","contentUrl":"https:\/\/kohenavocats.com\/wp-content\/uploads\/2024\/08\/kreshen-lNs2Bg103_g-unsplash.webp","width":5040,"height":3730},{"@type":"BreadcrumbList","@id":"https:\/\/kohenavocats.com\/ar\/tribunal-judiciaire-de-lyon-le-5-janvier-2024-n24-03607\/#breadcrumb","itemListElement":[{"@type":"ListItem","position":1,"name":"Home","item":"https:\/\/kohenavocats.com\/ar\/%d9%85%d8%ad%d8%a7%d9%85%d9%88%d9%86-%d9%85%d8%aa%d8%ae%d8%b5%d8%b5%d9%88%d9%86-%d9%81%d9%8a-%d8%a7%d9%84%d9%82%d8%a7%d9%86%d9%88%d9%86-%d8%a7%d9%84%d8%ac%d9%86%d8%a7%d8%a6%d9%8a-%d8%a8%d8%a8%d8%a7\/"},{"@type":"ListItem","position":2,"name":"Tribunal judiciaire de Lyon, le 5 janvier 2024, n\u00b024\/03607"}]},{"@type":"WebSite","@id":"https:\/\/kohenavocats.com\/ar\/#website","url":"https:\/\/kohenavocats.com\/ar\/","name":"Kohen Avocats","description":"Ma\u00eetre Hassan Kohen, avocat p\u00e9naliste \u00e0 Paris, intervient exclusivement en droit p\u00e9nal pour la d\u00e9fense des particuliers, notamment en mati\u00e8re d\u2019accusations de viol. Il assure un accompagnement rigoureux d\u00e8s la garde \u00e0 vue jusqu\u2019\u00e0 la Cour d\u2019assises, veillant au strict respect des garanties proc\u00e9durales.","publisher":{"@id":"https:\/\/kohenavocats.com\/ar\/#organization"},"potentialAction":[{"@type":"SearchAction","target":{"@type":"EntryPoint","urlTemplate":"https:\/\/kohenavocats.com\/ar\/?s={search_term_string}"},"query-input":{"@type":"PropertyValueSpecification","valueRequired":true,"valueName":"search_term_string"}}],"inLanguage":"ar"},{"@type":"Organization","@id":"https:\/\/kohenavocats.com\/ar\/#organization","name":"Kohen Avocats","url":"https:\/\/kohenavocats.com\/ar\/","logo":{"@type":"ImageObject","inLanguage":"ar","@id":"https:\/\/kohenavocats.com\/ar\/#\/schema\/logo\/image\/","url":"https:\/\/kohenavocats.com\/wp-content\/uploads\/2026\/01\/Logo-2-1.webp","contentUrl":"https:\/\/kohenavocats.com\/wp-content\/uploads\/2026\/01\/Logo-2-1.webp","width":2114,"height":1253,"caption":"Kohen Avocats"},"image":{"@id":"https:\/\/kohenavocats.com\/ar\/#\/schema\/logo\/image\/"}},{"@type":"Person","@id":"https:\/\/kohenavocats.com\/ar\/#\/schema\/person\/761c9ba54fa1ca84d405cef0831ff751","name":"Kohen","image":{"@type":"ImageObject","inLanguage":"ar","@id":"https:\/\/secure.gravatar.com\/avatar\/1c5e76ef76bbbfdd2b4da984e2bf2fa4056fd51a27d25ce2c332047f1dfd6e00?s=96&d=identicon&r=g","url":"https:\/\/secure.gravatar.com\/avatar\/1c5e76ef76bbbfdd2b4da984e2bf2fa4056fd51a27d25ce2c332047f1dfd6e00?s=96&d=identicon&r=g","contentUrl":"https:\/\/secure.gravatar.com\/avatar\/1c5e76ef76bbbfdd2b4da984e2bf2fa4056fd51a27d25ce2c332047f1dfd6e00?s=96&d=identicon&r=g","caption":"Kohen"},"sameAs":["https:\/\/www.linkedin.com\/in\/hassan-kohen-448548192\/","https:\/\/www.youtube.com\/@Kohen-Avocats"],"url":"https:\/\/kohenavocats.com\/ar\/author\/kohenmlk\/"}]}},"jetpack_featured_media_url":"https:\/\/kohenavocats.com\/wp-content\/uploads\/2024\/08\/kreshen-lNs2Bg103_g-unsplash.webp","jetpack_likes_enabled":false,"jetpack_shortlink":"https:\/\/wp.me\/peCrII-2KOI","jetpack-related-posts":[{"id":305389,"url":"https:\/\/kohenavocats.com\/ar\/tribunal-judiciaire-de-bobigny-le-17-juillet-2025-n25-06243\/","url_meta":{"origin":656624,"position":0},"title":"Tribunal judiciaire de Bobigny, le 17 juillet 2025, n\u00b025\/06243","author":"Kohen","date":"5 \u0641\u0628\u0631\u0627\u064a\u0631\u060c 2026","format":false,"excerpt":"Le juge des contentieux de la protection a \u00e9t\u00e9 saisi d\u2019une demande en constatation de d\u00e9ch\u00e9ance du terme d\u2019un cr\u00e9dit \u00e0 la consommation. Le pr\u00eateur invoquait l\u2019inex\u00e9cution par l\u2019emprunteur de ses obligations de remboursement. L\u2019emprunteur reconnaissait la dette et sollicitait des d\u00e9lais de paiement. La juridiction a rejet\u00e9 la demande\u2026","rel":"","context":"\u0641\u064a &quot;D\u00e9cisions juridiques&quot;","block_context":{"text":"D\u00e9cisions juridiques","link":"https:\/\/kohenavocats.com\/category\/decisions-juridiques\/"},"img":{"alt_text":"","src":"https:\/\/i0.wp.com\/kohenavocats.com\/wp-content\/uploads\/2024\/11\/getty-images-J7MPbX1-XzA-unsplash.webp?resize=350%2C200&ssl=1","width":350,"height":200,"srcset":"https:\/\/i0.wp.com\/kohenavocats.com\/wp-content\/uploads\/2024\/11\/getty-images-J7MPbX1-XzA-unsplash.webp?resize=350%2C200&ssl=1 1x, https:\/\/i0.wp.com\/kohenavocats.com\/wp-content\/uploads\/2024\/11\/getty-images-J7MPbX1-XzA-unsplash.webp?resize=525%2C300&ssl=1 1.5x, https:\/\/i0.wp.com\/kohenavocats.com\/wp-content\/uploads\/2024\/11\/getty-images-J7MPbX1-XzA-unsplash.webp?resize=700%2C400&ssl=1 2x, https:\/\/i0.wp.com\/kohenavocats.com\/wp-content\/uploads\/2024\/11\/getty-images-J7MPbX1-XzA-unsplash.webp?resize=1050%2C600&ssl=1 3x, https:\/\/i0.wp.com\/kohenavocats.com\/wp-content\/uploads\/2024\/11\/getty-images-J7MPbX1-XzA-unsplash.webp?resize=1400%2C800&ssl=1 4x"},"classes":[]},{"id":718921,"url":"https:\/\/kohenavocats.com\/ar\/tribunal-judiciaire-de-marseille-le-27-janvier-2026-n25-02175\/","url_meta":{"origin":656624,"position":1},"title":"Tribunal judiciaire de Marseille, le 27 janvier 2026, n\u00b025\/02175","author":"Kohen","date":"28 \u0623\u0628\u0631\u064a\u0644\u060c 2026","format":false,"excerpt":"Le tribunal judiciaire de Marseille, dans son ordonnance du 27 janvier 2026, \u00e9tait saisi d\u2019une demande en paiement form\u00e9e par une soci\u00e9t\u00e9 cessionnaire d\u2019un c...","rel":"","context":"\u0641\u064a &quot;Jurisprudence&quot;","block_context":{"text":"Jurisprudence","link":"https:\/\/kohenavocats.com\/category\/jurisprudence\/"},"img":{"alt_text":"","src":"https:\/\/i0.wp.com\/kohenavocats.com\/wp-content\/uploads\/2024\/08\/sergi-design-BixD3GrTKeU-unsplash.webp?resize=350%2C200&ssl=1","width":350,"height":200,"srcset":"https:\/\/i0.wp.com\/kohenavocats.com\/wp-content\/uploads\/2024\/08\/sergi-design-BixD3GrTKeU-unsplash.webp?resize=350%2C200&ssl=1 1x, https:\/\/i0.wp.com\/kohenavocats.com\/wp-content\/uploads\/2024\/08\/sergi-design-BixD3GrTKeU-unsplash.webp?resize=525%2C300&ssl=1 1.5x, https:\/\/i0.wp.com\/kohenavocats.com\/wp-content\/uploads\/2024\/08\/sergi-design-BixD3GrTKeU-unsplash.webp?resize=700%2C400&ssl=1 2x, https:\/\/i0.wp.com\/kohenavocats.com\/wp-content\/uploads\/2024\/08\/sergi-design-BixD3GrTKeU-unsplash.webp?resize=1050%2C600&ssl=1 3x, https:\/\/i0.wp.com\/kohenavocats.com\/wp-content\/uploads\/2024\/08\/sergi-design-BixD3GrTKeU-unsplash.webp?resize=1400%2C800&ssl=1 4x"},"classes":[]},{"id":716413,"url":"https:\/\/kohenavocats.com\/ar\/tribunal-judiciaire-de-chalons-en-champagne-le-16-janvier-2026-n25-01770\/","url_meta":{"origin":656624,"position":2},"title":"Tribunal judiciaire de Chalons-en-Champagne, le 16 janvier 2026, n\u00b025\/01770","author":"Kohen","date":"28 \u0623\u0628\u0631\u064a\u0644\u060c 2026","format":false,"excerpt":"Le jugement rendu le 16 janvier 2026 par le juge des contentieux de la protection du tribunal judiciaire de Ch\u00e2lons-en-Champagne concerne un litige opposant ...","rel":"","context":"\u0641\u064a &quot;Jurisprudence&quot;","block_context":{"text":"Jurisprudence","link":"https:\/\/kohenavocats.com\/category\/jurisprudence\/"},"img":{"alt_text":"","src":"https:\/\/i0.wp.com\/kohenavocats.com\/wp-content\/uploads\/2024\/11\/getty-images-KLAusgd2DI8-unsplash.webp?resize=350%2C200&ssl=1","width":350,"height":200,"srcset":"https:\/\/i0.wp.com\/kohenavocats.com\/wp-content\/uploads\/2024\/11\/getty-images-KLAusgd2DI8-unsplash.webp?resize=350%2C200&ssl=1 1x, https:\/\/i0.wp.com\/kohenavocats.com\/wp-content\/uploads\/2024\/11\/getty-images-KLAusgd2DI8-unsplash.webp?resize=525%2C300&ssl=1 1.5x, https:\/\/i0.wp.com\/kohenavocats.com\/wp-content\/uploads\/2024\/11\/getty-images-KLAusgd2DI8-unsplash.webp?resize=700%2C400&ssl=1 2x, https:\/\/i0.wp.com\/kohenavocats.com\/wp-content\/uploads\/2024\/11\/getty-images-KLAusgd2DI8-unsplash.webp?resize=1050%2C600&ssl=1 3x, https:\/\/i0.wp.com\/kohenavocats.com\/wp-content\/uploads\/2024\/11\/getty-images-KLAusgd2DI8-unsplash.webp?resize=1400%2C800&ssl=1 4x"},"classes":[]},{"id":717951,"url":"https:\/\/kohenavocats.com\/ar\/tribunal-judiciaire-de-chambery-le-22-janvier-2026-n25-00212\/","url_meta":{"origin":656624,"position":3},"title":"Tribunal judiciaire de Chamb\u00e9ry, le 22 janvier 2026, n\u00b025\/00212","author":"Kohen","date":"28 \u0623\u0628\u0631\u064a\u0644\u060c 2026","format":false,"excerpt":"Le juge des contentieux de la protection du tribunal judiciaire de Chamb\u00e9ry a rendu sa d\u00e9cision le 22 janvier 2026. Un \u00e9tablissement de cr\u00e9dit r\u00e9clamait le p...","rel":"","context":"\u0641\u064a &quot;Jurisprudence&quot;","block_context":{"text":"Jurisprudence","link":"https:\/\/kohenavocats.com\/category\/jurisprudence\/"},"img":{"alt_text":"","src":"https:\/\/i0.wp.com\/kohenavocats.com\/wp-content\/uploads\/2024\/11\/getty-images-qZQ7l1FLcgI-unsplash.webp?resize=350%2C200&ssl=1","width":350,"height":200,"srcset":"https:\/\/i0.wp.com\/kohenavocats.com\/wp-content\/uploads\/2024\/11\/getty-images-qZQ7l1FLcgI-unsplash.webp?resize=350%2C200&ssl=1 1x, https:\/\/i0.wp.com\/kohenavocats.com\/wp-content\/uploads\/2024\/11\/getty-images-qZQ7l1FLcgI-unsplash.webp?resize=525%2C300&ssl=1 1.5x, https:\/\/i0.wp.com\/kohenavocats.com\/wp-content\/uploads\/2024\/11\/getty-images-qZQ7l1FLcgI-unsplash.webp?resize=700%2C400&ssl=1 2x, https:\/\/i0.wp.com\/kohenavocats.com\/wp-content\/uploads\/2024\/11\/getty-images-qZQ7l1FLcgI-unsplash.webp?resize=1050%2C600&ssl=1 3x, https:\/\/i0.wp.com\/kohenavocats.com\/wp-content\/uploads\/2024\/11\/getty-images-qZQ7l1FLcgI-unsplash.webp?resize=1400%2C800&ssl=1 4x"},"classes":[]},{"id":306910,"url":"https:\/\/kohenavocats.com\/ar\/tribunal-judiciaire-de-marseille-le-8-juillet-2025-n24-07187\/","url_meta":{"origin":656624,"position":4},"title":"Tribunal judiciaire de Marseille, le 8 juillet 2025, n\u00b024\/07187","author":"Kohen","date":"6 \u0641\u0628\u0631\u0627\u064a\u0631\u060c 2026","format":false,"excerpt":"Le Tribunal judiciaire de Marseille, statuant en mati\u00e8re de contentieux de la protection, a rendu un jugement le 8 juillet 2025. Il s\u2019agissait de statuer sur une action en paiement engag\u00e9e par un \u00e9tablissement de cr\u00e9dit contre un emprunteur d\u00e9faillant. Le juge a examin\u00e9 d\u2019office la r\u00e9gularit\u00e9 de la proc\u00e9dure\u2026","rel":"","context":"\u0641\u064a &quot;D\u00e9cisions juridiques&quot;","block_context":{"text":"D\u00e9cisions juridiques","link":"https:\/\/kohenavocats.com\/category\/decisions-juridiques\/"},"img":{"alt_text":"","src":"https:\/\/i0.wp.com\/kohenavocats.com\/wp-content\/uploads\/2024\/08\/luca-trassini-OhaRmr5mJYA-unsplash.webp?resize=350%2C200&ssl=1","width":350,"height":200,"srcset":"https:\/\/i0.wp.com\/kohenavocats.com\/wp-content\/uploads\/2024\/08\/luca-trassini-OhaRmr5mJYA-unsplash.webp?resize=350%2C200&ssl=1 1x, https:\/\/i0.wp.com\/kohenavocats.com\/wp-content\/uploads\/2024\/08\/luca-trassini-OhaRmr5mJYA-unsplash.webp?resize=525%2C300&ssl=1 1.5x, https:\/\/i0.wp.com\/kohenavocats.com\/wp-content\/uploads\/2024\/08\/luca-trassini-OhaRmr5mJYA-unsplash.webp?resize=700%2C400&ssl=1 2x, https:\/\/i0.wp.com\/kohenavocats.com\/wp-content\/uploads\/2024\/08\/luca-trassini-OhaRmr5mJYA-unsplash.webp?resize=1050%2C600&ssl=1 3x, https:\/\/i0.wp.com\/kohenavocats.com\/wp-content\/uploads\/2024\/08\/luca-trassini-OhaRmr5mJYA-unsplash.webp?resize=1400%2C800&ssl=1 4x"},"classes":[]},{"id":717096,"url":"https:\/\/kohenavocats.com\/ar\/tribunal-judiciaire-de-pontoise-le-20-janvier-2026-n25-00194\/","url_meta":{"origin":656624,"position":5},"title":"Tribunal judiciaire de Pontoise, le 20 janvier 2026, n\u00b025\/00194","author":"Kohen","date":"28 \u0623\u0628\u0631\u064a\u0644\u060c 2026","format":false,"excerpt":"Le tribunal de proximit\u00e9 de Gonesse a rendu un jugement r\u00e9put\u00e9 contradictoire le 20 janvier 2026 dans un litige opposant un \u00e9tablissement bancaire \u00e0 une empr...","rel":"","context":"\u0641\u064a &quot;Jurisprudence&quot;","block_context":{"text":"Jurisprudence","link":"https:\/\/kohenavocats.com\/category\/jurisprudence\/"},"img":{"alt_text":"","src":"https:\/\/i0.wp.com\/kohenavocats.com\/wp-content\/uploads\/2024\/08\/nathan-cima-Oo1B6DhVtBo-unsplash.webp?resize=350%2C200&ssl=1","width":350,"height":200,"srcset":"https:\/\/i0.wp.com\/kohenavocats.com\/wp-content\/uploads\/2024\/08\/nathan-cima-Oo1B6DhVtBo-unsplash.webp?resize=350%2C200&ssl=1 1x, https:\/\/i0.wp.com\/kohenavocats.com\/wp-content\/uploads\/2024\/08\/nathan-cima-Oo1B6DhVtBo-unsplash.webp?resize=525%2C300&ssl=1 1.5x, https:\/\/i0.wp.com\/kohenavocats.com\/wp-content\/uploads\/2024\/08\/nathan-cima-Oo1B6DhVtBo-unsplash.webp?resize=700%2C400&ssl=1 2x, https:\/\/i0.wp.com\/kohenavocats.com\/wp-content\/uploads\/2024\/08\/nathan-cima-Oo1B6DhVtBo-unsplash.webp?resize=1050%2C600&ssl=1 3x, https:\/\/i0.wp.com\/kohenavocats.com\/wp-content\/uploads\/2024\/08\/nathan-cima-Oo1B6DhVtBo-unsplash.webp?resize=1400%2C800&ssl=1 4x"},"classes":[]}],"jetpack_sharing_enabled":true,"_links":{"self":[{"href":"https:\/\/kohenavocats.com\/ar\/wp-json\/wp\/v2\/posts\/656624","targetHints":{"allow":["GET"]}}],"collection":[{"href":"https:\/\/kohenavocats.com\/ar\/wp-json\/wp\/v2\/posts"}],"about":[{"href":"https:\/\/kohenavocats.com\/ar\/wp-json\/wp\/v2\/types\/post"}],"author":[{"embeddable":true,"href":"https:\/\/kohenavocats.com\/ar\/wp-json\/wp\/v2\/users\/232070755"}],"replies":[{"embeddable":true,"href":"https:\/\/kohenavocats.com\/ar\/wp-json\/wp\/v2\/comments?post=656624"}],"version-history":[{"count":0,"href":"https:\/\/kohenavocats.com\/ar\/wp-json\/wp\/v2\/posts\/656624\/revisions"}],"wp:featuredmedia":[{"embeddable":true,"href":"https:\/\/kohenavocats.com\/ar\/wp-json\/wp\/v2\/media\/4858"}],"wp:attachment":[{"href":"https:\/\/kohenavocats.com\/ar\/wp-json\/wp\/v2\/media?parent=656624"}],"wp:term":[{"taxonomy":"category","embeddable":true,"href":"https:\/\/kohenavocats.com\/ar\/wp-json\/wp\/v2\/categories?post=656624"},{"taxonomy":"post_tag","embeddable":true,"href":"https:\/\/kohenavocats.com\/ar\/wp-json\/wp\/v2\/tags?post=656624"}],"curies":[{"name":"wp","href":"https:\/\/api.w.org\/{rel}","templated":true}]}}