{"id":657795,"date":"2026-04-23T10:06:38","date_gmt":"2026-04-23T08:06:38","guid":{"rendered":"https:\/\/kohenavocats.com\/tribunal-judiciaire-de-havre-le-29-septembre-2025-n25-00300\/"},"modified":"2026-04-23T10:06:38","modified_gmt":"2026-04-23T08:06:38","slug":"tribunal-judiciaire-de-havre-le-29-septembre-2025-n25-00300","status":"publish","type":"post","link":"https:\/\/kohenavocats.com\/ar\/tribunal-judiciaire-de-havre-le-29-septembre-2025-n25-00300\/","title":{"rendered":"Tribunal judiciaire de Havre, le 29 septembre 2025, n\u00b025\/00300"},"content":{"rendered":"<div class=\"article-content\">\n<p>Le tribunal judiciaire du Havre, statuant en mati\u00e8re de contentieux de la protection, a rendu un jugement le vingt-neuf septembre deux mille vingt-cinq. Des bailleurs avaient donn\u00e9 \u00e0 bail un logement \u00e0 un couple, leur fils s&#8217;\u00e9tant port\u00e9 caution solidaire. Suite \u00e0 des impay\u00e9s, les bailleurs ont engag\u00e9 une proc\u00e9dure en r\u00e9siliation du bail et en paiement. Les locataires ayant quitt\u00e9 les lieux, le juge a statu\u00e9 sur la dette locative et des travaux de r\u00e9paration. La juridiction a condamn\u00e9 solidairement les locataires et la caution au paiement des sommes dues. Elle a \u00e9galement accord\u00e9 des d\u00e9lais de paiement \u00e0 la caution sur le fondement de l&#8217;article 1343-5 du code civil.<\/p>\n<p>La d\u00e9termination de la dette locative et des r\u00e9parations dues<\/p>\n<p>La preuve de l&#8217;obligation et le principe de l&#8217;engagement solidaire. Le juge rappelle le principe de la charge de la preuve en mati\u00e8re d&#8217;obligation. &#8220;celui qui r\u00e9clame l\u2019ex\u00e9cution d\u2019une obligation doit la prouver tandis que celui qui se pr\u00e9tend lib\u00e9r\u00e9 doit justifier le paiement&#8221; (article 1353 du code civil). Les bailleurs ont produit un d\u00e9compte d\u00e9taill\u00e9 de l&#8217;arri\u00e9r\u00e9 de loyers, \u00e9tablissant ainsi le montant de la cr\u00e9ance. La caution solidaire est engag\u00e9e de plein droit avec les principaux d\u00e9biteurs. La condamnation solidaire des locataires et de la caution en est la cons\u00e9quence directe, assurant au cr\u00e9ancier un recours efficace.<\/p>\n<p>La distinction subtile entre r\u00e9parations locatives et v\u00e9tust\u00e9. Le juge op\u00e8re une analyse rigoureuse des demandes de remise en \u00e9tat. Il rappelle que le locataire est tenu des d\u00e9gradations survenues pendant la location. &#8220;le preneur est tenu des d\u00e9gradations intervenues pendant la location&#8221; (article 1732 du code civil). Toutefois, il exclut les travaux de r\u00e9novation compl\u00e8te imputables \u00e0 la v\u00e9tust\u00e9 apr\u00e8s trois ans d&#8217;occupation. Seules les d\u00e9gradations et le d\u00e9faut d&#8217;entretien constat\u00e9s dans l&#8217;\u00e9tat des lieux de sortie sont retenus. Le juge use de son pouvoir souverain pour fixer un montant forfaitaire apr\u00e8s application d&#8217;un taux de v\u00e9tust\u00e9.<\/p>\n<p>La modulation des d\u00e9cisions en fonction de la situation personnelle<\/p>\n<p>L&#8217;octroi de d\u00e9lais de paiement pour la caution personne physique. Le juge applique les dispositions protectrices de l&#8217;article 1343-5 du code civil. Il peut &#8220;reporter ou \u00e9chelonner, dans la limite de deux ann\u00e9es, le paiement des sommes dues&#8221; (article 1343-5 du code civil). La situation personnelle du fils, caution solidaire, justifie cette mesure d&#8217;\u00e9quit\u00e9. L&#8217;\u00e9chelonnement sur vingt-quatre mois et la suspension des proc\u00e9dures d&#8217;ex\u00e9cution en d\u00e9coulent. Cette d\u00e9cision illustre la conciliation entre le droit au recouvrement du bailleur et la protection du d\u00e9biteur de bonne foi.<\/p>\n<p>Le rejet des demandes non justifi\u00e9es et la condamnation aux frais. La juridiction fait preuve de rigueur en d\u00e9boutant les demandes non \u00e9tay\u00e9es par des preuves. Les devis pour des travaux non mentionn\u00e9s \u00e0 l&#8217;\u00e9tat des lieux de sortie sont ainsi \u00e9cart\u00e9s. En revanche, la condamnation aux d\u00e9pens et \u00e0 l&#8217;article 700 du code de proc\u00e9dure civile suit le principe g\u00e9n\u00e9ral. La partie perdante supporte les frais de l&#8217;instance, sauf d\u00e9cision motiv\u00e9e contraire du juge. L&#8217;\u00e9quilibre entre les int\u00e9r\u00eats des parties est ainsi pr\u00e9serv\u00e9 dans le dispositif final.<\/p>\n<p>Cette d\u00e9cision rappelle l&#8217;importance probatoire de l&#8217;\u00e9tat des lieux d&#8217;entr\u00e9e et de sortie. Elle d\u00e9montre la m\u00e9thodologie du juge pour distinguer la v\u00e9tust\u00e9 normale des d\u00e9gradations anormales. Le pouvoir d&#8217;appr\u00e9ciation souverain des juges du fond est affirm\u00e9 pour le calcul forfaitaire. Par ailleurs, le jugement valorise les m\u00e9canismes de traitement individuel des situations de difficult\u00e9. L&#8217;\u00e9chelonnement des dettes constitue un outil essentiel de pr\u00e9vention des impay\u00e9s irr\u00e9couvrables. Enfin, il confirme la solidarit\u00e9 pleine et enti\u00e8re de la caution avec les locataires principaux.<\/p>\n<\/div>\n","protected":false},"excerpt":{"rendered":"<p>Le tribunal judiciaire du Havre, statuant en mati\u00e8re de contentieux de la protection, a rendu un jugement le vingt-neuf septembre deux mille vingt-cinq. Des &#8230;<\/p>\n","protected":false},"author":232070755,"featured_media":9551,"comment_status":"open","ping_status":"open","sticky":false,"template":"","format":"standard","meta":{"_crdt_document":"","_jetpack_newsletter_access":"","_jetpack_dont_email_post_to_subs":false,"_jetpack_newsletter_tier_id":0,"_jetpack_memberships_contains_paywalled_content":false,"_kj_source_type":"judilibre","_kj_official_id":"68e42964681ed727f2a5e9a1","_kj_official_url":"https:\/\/www.courdecassation.fr\/decision\/68e42964681ed727f2a5e9a1","_kj_judilibre_id":"68e42964681ed727f2a5e9a1","_kj_jur":"Tribunal judiciaire","_kj_lieu":"Tribunal judiciaire du Havre","_kj_chambre":"Civil JCP PROCEDURE ORALE","_kj_rg":"25\/00300","_kj_date":"2025-09-29","_jetpack_memberships_contains_paid_content":false,"footnotes":"","jetpack_post_was_ever_published":false},"categories":[7597],"tags":[],"class_list":["post-657795","post","type-post","status-publish","format-standard","has-post-thumbnail","hentry","category-jurisprudence"],"yoast_head":"<!-- This site is optimized with the Yoast SEO Premium plugin v27.5 (Yoast SEO v27.5) - https:\/\/yoast.com\/product\/yoast-seo-premium-wordpress\/ -->\n<title>Tribunal judiciaire de Havre, le 29 septembre 2025, n\u00b025\/00300 - Ma\u00eetre Hassan Kohen, avocat en droit p\u00e9nal \u00e0 Paris<\/title>\n<meta name=\"description\" content=\"Le tribunal judiciaire du Havre, statuant en mati\u00e8re de contentieux de la protection, a rendu un jugement le vingt-neuf septembre deux mille vingt-cinq. Des ...\" \/>\n<meta name=\"robots\" content=\"index, follow, max-snippet:-1, max-image-preview:large, max-video-preview:-1\" \/>\n<link rel=\"canonical\" href=\"https:\/\/kohenavocats.com\/ar\/tribunal-judiciaire-de-havre-le-29-septembre-2025-n25-00300\/\" \/>\n<meta property=\"og:locale\" content=\"ar_AR\" \/>\n<meta property=\"og:type\" content=\"article\" \/>\n<meta property=\"og:title\" content=\"Tribunal judiciaire de Havre, le 29 septembre 2025, n\u00b025\/00300\" \/>\n<meta property=\"og:description\" content=\"Le tribunal judiciaire du Havre, statuant en mati\u00e8re de contentieux de la protection, a rendu un jugement le vingt-neuf septembre deux mille vingt-cinq. Des ...\" \/>\n<meta property=\"og:url\" content=\"https:\/\/kohenavocats.com\/ar\/tribunal-judiciaire-de-havre-le-29-septembre-2025-n25-00300\/\" \/>\n<meta property=\"og:site_name\" content=\"Ma\u00eetre Hassan Kohen, avocat en droit p\u00e9nal \u00e0 Paris\" \/>\n<meta property=\"article:published_time\" content=\"2026-04-23T08:06:38+00:00\" \/>\n<meta property=\"og:image\" content=\"https:\/\/kohenavocats.com\/wp-content\/uploads\/2024\/11\/getty-images-HWIZ10Iyb84-unsplash.webp\" \/>\n\t<meta property=\"og:image:width\" content=\"4104\" \/>\n\t<meta property=\"og:image:height\" content=\"2736\" \/>\n\t<meta property=\"og:image:type\" content=\"image\/webp\" \/>\n<meta name=\"author\" content=\"Kohen\" \/>\n<meta name=\"twitter:card\" content=\"summary_large_image\" \/>\n<meta name=\"twitter:label1\" content=\"\u0643\u064f\u062a\u0628 \u0628\u0648\u0627\u0633\u0637\u0629\" \/>\n\t<meta name=\"twitter:data1\" content=\"Kohen\" \/>\n\t<meta name=\"twitter:label2\" content=\"\u0648\u0642\u062a \u0627\u0644\u0642\u0631\u0627\u0621\u0629 \u0627\u0644\u0645\u064f\u0642\u062f\u0651\u0631\" \/>\n\t<meta name=\"twitter:data2\" content=\"3 \u062f\u0642\u0627\u0626\u0642\" \/>\n<script type=\"application\/ld+json\" class=\"yoast-schema-graph\">{\"@context\":\"https:\\\/\\\/schema.org\",\"@graph\":[{\"@type\":\"Article\",\"@id\":\"https:\\\/\\\/kohenavocats.com\\\/ar\\\/tribunal-judiciaire-de-havre-le-29-septembre-2025-n25-00300\\\/#article\",\"isPartOf\":{\"@id\":\"https:\\\/\\\/kohenavocats.com\\\/ar\\\/tribunal-judiciaire-de-havre-le-29-septembre-2025-n25-00300\\\/\"},\"author\":{\"name\":\"Kohen\",\"@id\":\"https:\\\/\\\/kohenavocats.com\\\/ar\\\/#\\\/schema\\\/person\\\/761c9ba54fa1ca84d405cef0831ff751\"},\"headline\":\"Tribunal judiciaire de Havre, le 29 septembre 2025, n\u00b025\\\/00300\",\"datePublished\":\"2026-04-23T08:06:38+00:00\",\"mainEntityOfPage\":{\"@id\":\"https:\\\/\\\/kohenavocats.com\\\/ar\\\/tribunal-judiciaire-de-havre-le-29-septembre-2025-n25-00300\\\/\"},\"wordCount\":676,\"commentCount\":0,\"publisher\":{\"@id\":\"https:\\\/\\\/kohenavocats.com\\\/ar\\\/#organization\"},\"image\":{\"@id\":\"https:\\\/\\\/kohenavocats.com\\\/ar\\\/tribunal-judiciaire-de-havre-le-29-septembre-2025-n25-00300\\\/#primaryimage\"},\"thumbnailUrl\":\"https:\\\/\\\/kohenavocats.com\\\/wp-content\\\/uploads\\\/2024\\\/11\\\/getty-images-HWIZ10Iyb84-unsplash.webp\",\"articleSection\":[\"Jurisprudence\"],\"inLanguage\":\"ar\",\"potentialAction\":[{\"@type\":\"CommentAction\",\"name\":\"Comment\",\"target\":[\"https:\\\/\\\/kohenavocats.com\\\/ar\\\/tribunal-judiciaire-de-havre-le-29-septembre-2025-n25-00300\\\/#respond\"]}],\"citation\":\"Tribunal judiciaire de Havre, le 29 septembre 2025, n\u00b025\\\/00300\",\"about\":[{\"@type\":\"Thing\",\"name\":\"Jurisprudence\"}],\"dateModified\":\"2026-04-23T08:06:38+00:00\",\"speakable\":{\"@type\":\"SpeakableSpecification\",\"cssSelector\":[\".article-content > p:first-of-type\"]}},{\"@type\":\"WebPage\",\"@id\":\"https:\\\/\\\/kohenavocats.com\\\/ar\\\/tribunal-judiciaire-de-havre-le-29-septembre-2025-n25-00300\\\/\",\"url\":\"https:\\\/\\\/kohenavocats.com\\\/ar\\\/tribunal-judiciaire-de-havre-le-29-septembre-2025-n25-00300\\\/\",\"name\":\"Tribunal judiciaire de Havre, le 29 septembre 2025, n\u00b025\\\/00300 - Ma\u00eetre Hassan Kohen, avocat en droit p\u00e9nal \u00e0 Paris\",\"isPartOf\":{\"@id\":\"https:\\\/\\\/kohenavocats.com\\\/ar\\\/#website\"},\"primaryImageOfPage\":{\"@id\":\"https:\\\/\\\/kohenavocats.com\\\/ar\\\/tribunal-judiciaire-de-havre-le-29-septembre-2025-n25-00300\\\/#primaryimage\"},\"image\":{\"@id\":\"https:\\\/\\\/kohenavocats.com\\\/ar\\\/tribunal-judiciaire-de-havre-le-29-septembre-2025-n25-00300\\\/#primaryimage\"},\"thumbnailUrl\":\"https:\\\/\\\/kohenavocats.com\\\/wp-content\\\/uploads\\\/2024\\\/11\\\/getty-images-HWIZ10Iyb84-unsplash.webp\",\"datePublished\":\"2026-04-23T08:06:38+00:00\",\"description\":\"Le tribunal judiciaire du Havre, statuant en mati\u00e8re de contentieux de la protection, a rendu un jugement le vingt-neuf septembre deux mille vingt-cinq. Des ...\",\"breadcrumb\":{\"@id\":\"https:\\\/\\\/kohenavocats.com\\\/ar\\\/tribunal-judiciaire-de-havre-le-29-septembre-2025-n25-00300\\\/#breadcrumb\"},\"inLanguage\":\"ar\",\"potentialAction\":[{\"@type\":\"ReadAction\",\"target\":[\"https:\\\/\\\/kohenavocats.com\\\/ar\\\/tribunal-judiciaire-de-havre-le-29-septembre-2025-n25-00300\\\/\"]}]},{\"@type\":\"ImageObject\",\"inLanguage\":\"ar\",\"@id\":\"https:\\\/\\\/kohenavocats.com\\\/ar\\\/tribunal-judiciaire-de-havre-le-29-septembre-2025-n25-00300\\\/#primaryimage\",\"url\":\"https:\\\/\\\/kohenavocats.com\\\/wp-content\\\/uploads\\\/2024\\\/11\\\/getty-images-HWIZ10Iyb84-unsplash.webp\",\"contentUrl\":\"https:\\\/\\\/kohenavocats.com\\\/wp-content\\\/uploads\\\/2024\\\/11\\\/getty-images-HWIZ10Iyb84-unsplash.webp\",\"width\":4104,\"height\":2736},{\"@type\":\"BreadcrumbList\",\"@id\":\"https:\\\/\\\/kohenavocats.com\\\/ar\\\/tribunal-judiciaire-de-havre-le-29-septembre-2025-n25-00300\\\/#breadcrumb\",\"itemListElement\":[{\"@type\":\"ListItem\",\"position\":1,\"name\":\"Home\",\"item\":\"https:\\\/\\\/kohenavocats.com\\\/ar\\\/%d9%85%d8%ad%d8%a7%d9%85%d9%88%d9%86-%d9%85%d8%aa%d8%ae%d8%b5%d8%b5%d9%88%d9%86-%d9%81%d9%8a-%d8%a7%d9%84%d9%82%d8%a7%d9%86%d9%88%d9%86-%d8%a7%d9%84%d8%ac%d9%86%d8%a7%d8%a6%d9%8a-%d8%a8%d8%a8%d8%a7\\\/\"},{\"@type\":\"ListItem\",\"position\":2,\"name\":\"Tribunal judiciaire de Havre, le 29 septembre 2025, n\u00b025\\\/00300\"}]},{\"@type\":\"WebSite\",\"@id\":\"https:\\\/\\\/kohenavocats.com\\\/ar\\\/#website\",\"url\":\"https:\\\/\\\/kohenavocats.com\\\/ar\\\/\",\"name\":\"Kohen Avocats\",\"description\":\"Ma\u00eetre Hassan Kohen, avocat p\u00e9naliste \u00e0 Paris, intervient exclusivement en droit p\u00e9nal pour la d\u00e9fense des particuliers, notamment en mati\u00e8re d\u2019accusations de viol. Il assure un accompagnement rigoureux d\u00e8s la garde \u00e0 vue jusqu\u2019\u00e0 la Cour d\u2019assises, veillant au strict respect des garanties proc\u00e9durales.\",\"publisher\":{\"@id\":\"https:\\\/\\\/kohenavocats.com\\\/ar\\\/#organization\"},\"potentialAction\":[{\"@type\":\"SearchAction\",\"target\":{\"@type\":\"EntryPoint\",\"urlTemplate\":\"https:\\\/\\\/kohenavocats.com\\\/ar\\\/?s={search_term_string}\"},\"query-input\":{\"@type\":\"PropertyValueSpecification\",\"valueRequired\":true,\"valueName\":\"search_term_string\"}}],\"inLanguage\":\"ar\"},{\"@type\":\"Organization\",\"@id\":\"https:\\\/\\\/kohenavocats.com\\\/ar\\\/#organization\",\"name\":\"Kohen Avocats\",\"url\":\"https:\\\/\\\/kohenavocats.com\\\/ar\\\/\",\"logo\":{\"@type\":\"ImageObject\",\"inLanguage\":\"ar\",\"@id\":\"https:\\\/\\\/kohenavocats.com\\\/ar\\\/#\\\/schema\\\/logo\\\/image\\\/\",\"url\":\"https:\\\/\\\/kohenavocats.com\\\/wp-content\\\/uploads\\\/2026\\\/01\\\/Logo-2-1.webp\",\"contentUrl\":\"https:\\\/\\\/kohenavocats.com\\\/wp-content\\\/uploads\\\/2026\\\/01\\\/Logo-2-1.webp\",\"width\":2114,\"height\":1253,\"caption\":\"Kohen Avocats\"},\"image\":{\"@id\":\"https:\\\/\\\/kohenavocats.com\\\/ar\\\/#\\\/schema\\\/logo\\\/image\\\/\"}},{\"@type\":\"Person\",\"@id\":\"https:\\\/\\\/kohenavocats.com\\\/ar\\\/#\\\/schema\\\/person\\\/761c9ba54fa1ca84d405cef0831ff751\",\"name\":\"Kohen\",\"image\":{\"@type\":\"ImageObject\",\"inLanguage\":\"ar\",\"@id\":\"https:\\\/\\\/secure.gravatar.com\\\/avatar\\\/1c5e76ef76bbbfdd2b4da984e2bf2fa4056fd51a27d25ce2c332047f1dfd6e00?s=96&d=identicon&r=g\",\"url\":\"https:\\\/\\\/secure.gravatar.com\\\/avatar\\\/1c5e76ef76bbbfdd2b4da984e2bf2fa4056fd51a27d25ce2c332047f1dfd6e00?s=96&d=identicon&r=g\",\"contentUrl\":\"https:\\\/\\\/secure.gravatar.com\\\/avatar\\\/1c5e76ef76bbbfdd2b4da984e2bf2fa4056fd51a27d25ce2c332047f1dfd6e00?s=96&d=identicon&r=g\",\"caption\":\"Kohen\"},\"sameAs\":[\"https:\\\/\\\/www.linkedin.com\\\/in\\\/hassan-kohen-448548192\\\/\",\"https:\\\/\\\/www.youtube.com\\\/@Kohen-Avocats\"],\"url\":\"https:\\\/\\\/kohenavocats.com\\\/ar\\\/author\\\/kohenmlk\\\/\"}]}<\/script>\n<!-- \/ Yoast SEO Premium plugin. -->","yoast_head_json":{"title":"Tribunal judiciaire de Havre, le 29 septembre 2025, n\u00b025\/00300 - Ma\u00eetre Hassan Kohen, avocat en droit p\u00e9nal \u00e0 Paris","description":"Le tribunal judiciaire du Havre, statuant en mati\u00e8re de contentieux de la protection, a rendu un jugement le vingt-neuf septembre deux mille vingt-cinq. Des ...","robots":{"index":"index","follow":"follow","max-snippet":"max-snippet:-1","max-image-preview":"max-image-preview:large","max-video-preview":"max-video-preview:-1"},"canonical":"https:\/\/kohenavocats.com\/ar\/tribunal-judiciaire-de-havre-le-29-septembre-2025-n25-00300\/","og_locale":"ar_AR","og_type":"article","og_title":"Tribunal judiciaire de Havre, le 29 septembre 2025, n\u00b025\/00300","og_description":"Le tribunal judiciaire du Havre, statuant en mati\u00e8re de contentieux de la protection, a rendu un jugement le vingt-neuf septembre deux mille vingt-cinq. Des ...","og_url":"https:\/\/kohenavocats.com\/ar\/tribunal-judiciaire-de-havre-le-29-septembre-2025-n25-00300\/","og_site_name":"Ma\u00eetre Hassan Kohen, avocat en droit p\u00e9nal \u00e0 Paris","article_published_time":"2026-04-23T08:06:38+00:00","og_image":[{"width":4104,"height":2736,"url":"https:\/\/kohenavocats.com\/wp-content\/uploads\/2024\/11\/getty-images-HWIZ10Iyb84-unsplash.webp","type":"image\/webp"}],"author":"Kohen","twitter_card":"summary_large_image","twitter_misc":{"\u0643\u064f\u062a\u0628 \u0628\u0648\u0627\u0633\u0637\u0629":"Kohen","\u0648\u0642\u062a \u0627\u0644\u0642\u0631\u0627\u0621\u0629 \u0627\u0644\u0645\u064f\u0642\u062f\u0651\u0631":"3 \u062f\u0642\u0627\u0626\u0642"},"schema":{"@context":"https:\/\/schema.org","@graph":[{"@type":"Article","@id":"https:\/\/kohenavocats.com\/ar\/tribunal-judiciaire-de-havre-le-29-septembre-2025-n25-00300\/#article","isPartOf":{"@id":"https:\/\/kohenavocats.com\/ar\/tribunal-judiciaire-de-havre-le-29-septembre-2025-n25-00300\/"},"author":{"name":"Kohen","@id":"https:\/\/kohenavocats.com\/ar\/#\/schema\/person\/761c9ba54fa1ca84d405cef0831ff751"},"headline":"Tribunal judiciaire de Havre, le 29 septembre 2025, n\u00b025\/00300","datePublished":"2026-04-23T08:06:38+00:00","mainEntityOfPage":{"@id":"https:\/\/kohenavocats.com\/ar\/tribunal-judiciaire-de-havre-le-29-septembre-2025-n25-00300\/"},"wordCount":676,"commentCount":0,"publisher":{"@id":"https:\/\/kohenavocats.com\/ar\/#organization"},"image":{"@id":"https:\/\/kohenavocats.com\/ar\/tribunal-judiciaire-de-havre-le-29-septembre-2025-n25-00300\/#primaryimage"},"thumbnailUrl":"https:\/\/kohenavocats.com\/wp-content\/uploads\/2024\/11\/getty-images-HWIZ10Iyb84-unsplash.webp","articleSection":["Jurisprudence"],"inLanguage":"ar","potentialAction":[{"@type":"CommentAction","name":"Comment","target":["https:\/\/kohenavocats.com\/ar\/tribunal-judiciaire-de-havre-le-29-septembre-2025-n25-00300\/#respond"]}],"citation":"Tribunal judiciaire de Havre, le 29 septembre 2025, n\u00b025\/00300","about":[{"@type":"Thing","name":"Jurisprudence"}],"dateModified":"2026-04-23T08:06:38+00:00","speakable":{"@type":"SpeakableSpecification","cssSelector":[".article-content > p:first-of-type"]}},{"@type":"WebPage","@id":"https:\/\/kohenavocats.com\/ar\/tribunal-judiciaire-de-havre-le-29-septembre-2025-n25-00300\/","url":"https:\/\/kohenavocats.com\/ar\/tribunal-judiciaire-de-havre-le-29-septembre-2025-n25-00300\/","name":"Tribunal judiciaire de Havre, le 29 septembre 2025, n\u00b025\/00300 - Ma\u00eetre Hassan Kohen, avocat en droit p\u00e9nal \u00e0 Paris","isPartOf":{"@id":"https:\/\/kohenavocats.com\/ar\/#website"},"primaryImageOfPage":{"@id":"https:\/\/kohenavocats.com\/ar\/tribunal-judiciaire-de-havre-le-29-septembre-2025-n25-00300\/#primaryimage"},"image":{"@id":"https:\/\/kohenavocats.com\/ar\/tribunal-judiciaire-de-havre-le-29-septembre-2025-n25-00300\/#primaryimage"},"thumbnailUrl":"https:\/\/kohenavocats.com\/wp-content\/uploads\/2024\/11\/getty-images-HWIZ10Iyb84-unsplash.webp","datePublished":"2026-04-23T08:06:38+00:00","description":"Le tribunal judiciaire du Havre, statuant en mati\u00e8re de contentieux de la protection, a rendu un jugement le vingt-neuf septembre deux mille vingt-cinq. Des ...","breadcrumb":{"@id":"https:\/\/kohenavocats.com\/ar\/tribunal-judiciaire-de-havre-le-29-septembre-2025-n25-00300\/#breadcrumb"},"inLanguage":"ar","potentialAction":[{"@type":"ReadAction","target":["https:\/\/kohenavocats.com\/ar\/tribunal-judiciaire-de-havre-le-29-septembre-2025-n25-00300\/"]}]},{"@type":"ImageObject","inLanguage":"ar","@id":"https:\/\/kohenavocats.com\/ar\/tribunal-judiciaire-de-havre-le-29-septembre-2025-n25-00300\/#primaryimage","url":"https:\/\/kohenavocats.com\/wp-content\/uploads\/2024\/11\/getty-images-HWIZ10Iyb84-unsplash.webp","contentUrl":"https:\/\/kohenavocats.com\/wp-content\/uploads\/2024\/11\/getty-images-HWIZ10Iyb84-unsplash.webp","width":4104,"height":2736},{"@type":"BreadcrumbList","@id":"https:\/\/kohenavocats.com\/ar\/tribunal-judiciaire-de-havre-le-29-septembre-2025-n25-00300\/#breadcrumb","itemListElement":[{"@type":"ListItem","position":1,"name":"Home","item":"https:\/\/kohenavocats.com\/ar\/%d9%85%d8%ad%d8%a7%d9%85%d9%88%d9%86-%d9%85%d8%aa%d8%ae%d8%b5%d8%b5%d9%88%d9%86-%d9%81%d9%8a-%d8%a7%d9%84%d9%82%d8%a7%d9%86%d9%88%d9%86-%d8%a7%d9%84%d8%ac%d9%86%d8%a7%d8%a6%d9%8a-%d8%a8%d8%a8%d8%a7\/"},{"@type":"ListItem","position":2,"name":"Tribunal judiciaire de Havre, le 29 septembre 2025, n\u00b025\/00300"}]},{"@type":"WebSite","@id":"https:\/\/kohenavocats.com\/ar\/#website","url":"https:\/\/kohenavocats.com\/ar\/","name":"Kohen Avocats","description":"Ma\u00eetre Hassan Kohen, avocat p\u00e9naliste \u00e0 Paris, intervient exclusivement en droit p\u00e9nal pour la d\u00e9fense des particuliers, notamment en mati\u00e8re d\u2019accusations de viol. Il assure un accompagnement rigoureux d\u00e8s la garde \u00e0 vue jusqu\u2019\u00e0 la Cour d\u2019assises, veillant au strict respect des garanties proc\u00e9durales.","publisher":{"@id":"https:\/\/kohenavocats.com\/ar\/#organization"},"potentialAction":[{"@type":"SearchAction","target":{"@type":"EntryPoint","urlTemplate":"https:\/\/kohenavocats.com\/ar\/?s={search_term_string}"},"query-input":{"@type":"PropertyValueSpecification","valueRequired":true,"valueName":"search_term_string"}}],"inLanguage":"ar"},{"@type":"Organization","@id":"https:\/\/kohenavocats.com\/ar\/#organization","name":"Kohen Avocats","url":"https:\/\/kohenavocats.com\/ar\/","logo":{"@type":"ImageObject","inLanguage":"ar","@id":"https:\/\/kohenavocats.com\/ar\/#\/schema\/logo\/image\/","url":"https:\/\/kohenavocats.com\/wp-content\/uploads\/2026\/01\/Logo-2-1.webp","contentUrl":"https:\/\/kohenavocats.com\/wp-content\/uploads\/2026\/01\/Logo-2-1.webp","width":2114,"height":1253,"caption":"Kohen Avocats"},"image":{"@id":"https:\/\/kohenavocats.com\/ar\/#\/schema\/logo\/image\/"}},{"@type":"Person","@id":"https:\/\/kohenavocats.com\/ar\/#\/schema\/person\/761c9ba54fa1ca84d405cef0831ff751","name":"Kohen","image":{"@type":"ImageObject","inLanguage":"ar","@id":"https:\/\/secure.gravatar.com\/avatar\/1c5e76ef76bbbfdd2b4da984e2bf2fa4056fd51a27d25ce2c332047f1dfd6e00?s=96&d=identicon&r=g","url":"https:\/\/secure.gravatar.com\/avatar\/1c5e76ef76bbbfdd2b4da984e2bf2fa4056fd51a27d25ce2c332047f1dfd6e00?s=96&d=identicon&r=g","contentUrl":"https:\/\/secure.gravatar.com\/avatar\/1c5e76ef76bbbfdd2b4da984e2bf2fa4056fd51a27d25ce2c332047f1dfd6e00?s=96&d=identicon&r=g","caption":"Kohen"},"sameAs":["https:\/\/www.linkedin.com\/in\/hassan-kohen-448548192\/","https:\/\/www.youtube.com\/@Kohen-Avocats"],"url":"https:\/\/kohenavocats.com\/ar\/author\/kohenmlk\/"}]}},"jetpack_featured_media_url":"https:\/\/kohenavocats.com\/wp-content\/uploads\/2024\/11\/getty-images-HWIZ10Iyb84-unsplash.webp","jetpack_likes_enabled":false,"jetpack_shortlink":"https:\/\/wp.me\/peCrII-2L7B","jetpack-related-posts":[{"id":262393,"url":"https:\/\/kohenavocats.com\/ar\/tribunal-judiciaire-de-chartres-le-1-juillet-2025-n25-00229\/","url_meta":{"origin":657795,"position":0},"title":"Tribunal judiciaire de Chartres, le 1 juillet 2025, n\u00b025\/00229","author":"Kohen","date":"9 \u064a\u0646\u0627\u064a\u0631\u060c 2026","format":false,"excerpt":"Par jugement du 1er juillet 2025, le juge des contentieux de la protection de Chartres a statu\u00e9 sur la mise en \u0153uvre d\u2019un cautionnement solidaire attach\u00e9 \u00e0 un bail d\u2019habitation. Les bailleurs avaient donn\u00e9 \u00e0 bail une maison en octobre 2020, moyennant un loyer mensuel de 594,36 euros et une\u2026","rel":"","context":"\u0641\u064a &quot;D\u00e9cisions juridiques&quot;","block_context":{"text":"D\u00e9cisions juridiques","link":"https:\/\/kohenavocats.com\/category\/decisions-juridiques\/"},"img":{"alt_text":"","src":"https:\/\/i0.wp.com\/kohenavocats.com\/wp-content\/uploads\/2024\/11\/virginia-marinova-xqo5V5aU09g-unsplash-1.webp?resize=350%2C200&ssl=1","width":350,"height":200,"srcset":"https:\/\/i0.wp.com\/kohenavocats.com\/wp-content\/uploads\/2024\/11\/virginia-marinova-xqo5V5aU09g-unsplash-1.webp?resize=350%2C200&ssl=1 1x, https:\/\/i0.wp.com\/kohenavocats.com\/wp-content\/uploads\/2024\/11\/virginia-marinova-xqo5V5aU09g-unsplash-1.webp?resize=525%2C300&ssl=1 1.5x, https:\/\/i0.wp.com\/kohenavocats.com\/wp-content\/uploads\/2024\/11\/virginia-marinova-xqo5V5aU09g-unsplash-1.webp?resize=700%2C400&ssl=1 2x, https:\/\/i0.wp.com\/kohenavocats.com\/wp-content\/uploads\/2024\/11\/virginia-marinova-xqo5V5aU09g-unsplash-1.webp?resize=1050%2C600&ssl=1 3x, https:\/\/i0.wp.com\/kohenavocats.com\/wp-content\/uploads\/2024\/11\/virginia-marinova-xqo5V5aU09g-unsplash-1.webp?resize=1400%2C800&ssl=1 4x"},"classes":[]},{"id":262190,"url":"https:\/\/kohenavocats.com\/ar\/tribunal-judiciaire-de-marseille-le-30-juin-2025-n24-04693\/","url_meta":{"origin":657795,"position":1},"title":"Tribunal judiciaire de Marseille, le 30 juin 2025, n\u00b024\/04693","author":"Kohen","date":"9 \u064a\u0646\u0627\u064a\u0631\u060c 2026","format":false,"excerpt":"Rendu par le tribunal judiciaire de Marseille le 8 septembre 2025, le jugement tranche un litige n\u00e9 d\u2019un bail d\u2019habitation conclu le 1er avril 2022. Les locataires ont accumul\u00e9 des impay\u00e9s, malgr\u00e9 un dispositif de garantie de type Visale. Un commandement de payer a \u00e9t\u00e9 d\u00e9livr\u00e9 le 4 avril 2023.\u2026","rel":"","context":"\u0641\u064a &quot;D\u00e9cisions juridiques&quot;","block_context":{"text":"D\u00e9cisions juridiques","link":"https:\/\/kohenavocats.com\/category\/decisions-juridiques\/"},"img":{"alt_text":"","src":"https:\/\/i0.wp.com\/kohenavocats.com\/wp-content\/uploads\/2024\/11\/mohamed-nohassi-f0bBY9zK6xg-unsplash.webp?resize=350%2C200&ssl=1","width":350,"height":200,"srcset":"https:\/\/i0.wp.com\/kohenavocats.com\/wp-content\/uploads\/2024\/11\/mohamed-nohassi-f0bBY9zK6xg-unsplash.webp?resize=350%2C200&ssl=1 1x, https:\/\/i0.wp.com\/kohenavocats.com\/wp-content\/uploads\/2024\/11\/mohamed-nohassi-f0bBY9zK6xg-unsplash.webp?resize=525%2C300&ssl=1 1.5x, https:\/\/i0.wp.com\/kohenavocats.com\/wp-content\/uploads\/2024\/11\/mohamed-nohassi-f0bBY9zK6xg-unsplash.webp?resize=700%2C400&ssl=1 2x, https:\/\/i0.wp.com\/kohenavocats.com\/wp-content\/uploads\/2024\/11\/mohamed-nohassi-f0bBY9zK6xg-unsplash.webp?resize=1050%2C600&ssl=1 3x, https:\/\/i0.wp.com\/kohenavocats.com\/wp-content\/uploads\/2024\/11\/mohamed-nohassi-f0bBY9zK6xg-unsplash.webp?resize=1400%2C800&ssl=1 4x"},"classes":[]},{"id":267177,"url":"https:\/\/kohenavocats.com\/ar\/tribunal-judiciaire-de-dax-le-1-juillet-2025-n25-00128\/","url_meta":{"origin":657795,"position":2},"title":"Tribunal judiciaire de Dax, le 1 juillet 2025, n\u00b025\/00128","author":"Kohen","date":"10 \u064a\u0646\u0627\u064a\u0631\u060c 2026","format":false,"excerpt":"Rendu par le juge des contentieux de la protection du tribunal judiciaire de Dax le 1er juillet 2025, le jugement tranche un litige n\u00e9 d\u2019un bail d\u2019habitation conclu en 2021 et garanti par un cautionnement Visale. Des impay\u00e9s de loyers survenus en 2023 puis en 2024 ont conduit la caution\u2026","rel":"","context":"\u0641\u064a &quot;D\u00e9cisions juridiques&quot;","block_context":{"text":"D\u00e9cisions juridiques","link":"https:\/\/kohenavocats.com\/category\/decisions-juridiques\/"},"img":{"alt_text":"","src":"https:\/\/i0.wp.com\/kohenavocats.com\/wp-content\/uploads\/2024\/08\/venus-major-dRu-1z24xCw-unsplash.webp?resize=350%2C200&ssl=1","width":350,"height":200,"srcset":"https:\/\/i0.wp.com\/kohenavocats.com\/wp-content\/uploads\/2024\/08\/venus-major-dRu-1z24xCw-unsplash.webp?resize=350%2C200&ssl=1 1x, https:\/\/i0.wp.com\/kohenavocats.com\/wp-content\/uploads\/2024\/08\/venus-major-dRu-1z24xCw-unsplash.webp?resize=525%2C300&ssl=1 1.5x, https:\/\/i0.wp.com\/kohenavocats.com\/wp-content\/uploads\/2024\/08\/venus-major-dRu-1z24xCw-unsplash.webp?resize=700%2C400&ssl=1 2x, https:\/\/i0.wp.com\/kohenavocats.com\/wp-content\/uploads\/2024\/08\/venus-major-dRu-1z24xCw-unsplash.webp?resize=1050%2C600&ssl=1 3x, https:\/\/i0.wp.com\/kohenavocats.com\/wp-content\/uploads\/2024\/08\/venus-major-dRu-1z24xCw-unsplash.webp?resize=1400%2C800&ssl=1 4x"},"classes":[]},{"id":264624,"url":"https:\/\/kohenavocats.com\/ar\/tribunal-judiciaire-de-paris-le-1-juillet-2025-n25-03909\/","url_meta":{"origin":657795,"position":3},"title":"Tribunal judiciaire de Paris, le 1 juillet 2025, n\u00b025\/03909","author":"Kohen","date":"10 \u064a\u0646\u0627\u064a\u0631\u060c 2026","format":false,"excerpt":"Rendu par le juge des contentieux de la protection du tribunal judiciaire de Paris le 1er juillet 2025 (n\u00b0 RG 25\/03909; n\u00b0 Portalis 352J-W-B7J-C7TQ4), le jugement tranche un litige relatif \u00e0 un cr\u00e9dit \u00e0 la consommation conclu le 5 ao\u00fbt 2021. Un pr\u00eateur a consenti un pr\u00eat de 30 000\u2026","rel":"","context":"\u0641\u064a &quot;D\u00e9cisions juridiques&quot;","block_context":{"text":"D\u00e9cisions juridiques","link":"https:\/\/kohenavocats.com\/category\/decisions-juridiques\/"},"img":{"alt_text":"","src":"https:\/\/i0.wp.com\/kohenavocats.com\/wp-content\/uploads\/2024\/08\/bastien-nvs-SkgPTTk_eXE-unsplash.webp?resize=350%2C200&ssl=1","width":350,"height":200,"srcset":"https:\/\/i0.wp.com\/kohenavocats.com\/wp-content\/uploads\/2024\/08\/bastien-nvs-SkgPTTk_eXE-unsplash.webp?resize=350%2C200&ssl=1 1x, https:\/\/i0.wp.com\/kohenavocats.com\/wp-content\/uploads\/2024\/08\/bastien-nvs-SkgPTTk_eXE-unsplash.webp?resize=525%2C300&ssl=1 1.5x, https:\/\/i0.wp.com\/kohenavocats.com\/wp-content\/uploads\/2024\/08\/bastien-nvs-SkgPTTk_eXE-unsplash.webp?resize=700%2C400&ssl=1 2x, https:\/\/i0.wp.com\/kohenavocats.com\/wp-content\/uploads\/2024\/08\/bastien-nvs-SkgPTTk_eXE-unsplash.webp?resize=1050%2C600&ssl=1 3x, https:\/\/i0.wp.com\/kohenavocats.com\/wp-content\/uploads\/2024\/08\/bastien-nvs-SkgPTTk_eXE-unsplash.webp?resize=1400%2C800&ssl=1 4x"},"classes":[]},{"id":264688,"url":"https:\/\/kohenavocats.com\/ar\/tribunal-judiciaire-de-rennes-statuant-en-qualite-de-le-27-juin-2025-n25-02989\/","url_meta":{"origin":657795,"position":4},"title":"Tribunal judiciaire de Rennes Statuant en Qualit\u00e9 de, le 27 juin 2025, n\u00b025\/02989","author":"Kohen","date":"10 \u064a\u0646\u0627\u064a\u0631\u060c 2026","format":false,"excerpt":"La d\u00e9cision rendue par le tribunal judiciaire de Rennes le 27 juin 2025 statue sur la validit\u00e9 d\u2019un cong\u00e9 pour motifs l\u00e9gitimes et s\u00e9rieux d\u00e9livr\u00e9 par un bailleur \u00e0 l\u2019\u00e9ch\u00e9ance du bail, au regard de retards r\u00e9it\u00e9r\u00e9s de paiement. Le contrat d\u2019habitation avait \u00e9t\u00e9 conclu en novembre 2018, reconduit tacitement\u2026","rel":"","context":"\u0641\u064a &quot;D\u00e9cisions juridiques&quot;","block_context":{"text":"D\u00e9cisions juridiques","link":"https:\/\/kohenavocats.com\/category\/decisions-juridiques\/"},"img":{"alt_text":"","src":"https:\/\/i0.wp.com\/kohenavocats.com\/wp-content\/uploads\/2024\/07\/chris-karidis-F77D9r-qIqU-unsplash.webp?resize=350%2C200&ssl=1","width":350,"height":200,"srcset":"https:\/\/i0.wp.com\/kohenavocats.com\/wp-content\/uploads\/2024\/07\/chris-karidis-F77D9r-qIqU-unsplash.webp?resize=350%2C200&ssl=1 1x, https:\/\/i0.wp.com\/kohenavocats.com\/wp-content\/uploads\/2024\/07\/chris-karidis-F77D9r-qIqU-unsplash.webp?resize=525%2C300&ssl=1 1.5x, https:\/\/i0.wp.com\/kohenavocats.com\/wp-content\/uploads\/2024\/07\/chris-karidis-F77D9r-qIqU-unsplash.webp?resize=700%2C400&ssl=1 2x, https:\/\/i0.wp.com\/kohenavocats.com\/wp-content\/uploads\/2024\/07\/chris-karidis-F77D9r-qIqU-unsplash.webp?resize=1050%2C600&ssl=1 3x, https:\/\/i0.wp.com\/kohenavocats.com\/wp-content\/uploads\/2024\/07\/chris-karidis-F77D9r-qIqU-unsplash.webp?resize=1400%2C800&ssl=1 4x"},"classes":[]},{"id":267238,"url":"https:\/\/kohenavocats.com\/ar\/tribunal-judiciaire-de-dax-le-1-juillet-2025-n25-00141\/","url_meta":{"origin":657795,"position":5},"title":"Tribunal judiciaire de Dax, le 1 juillet 2025, n\u00b025\/00141","author":"Kohen","date":"10 \u064a\u0646\u0627\u064a\u0631\u060c 2026","format":false,"excerpt":"Rendu par le Tribunal judiciaire de Dax le 1er juillet 2025, ce jugement tranche un litige locatif n\u00e9 d\u2019impay\u00e9s persistants et de l\u2019invocation d\u2019une clause r\u00e9solutoire. Le bail d\u2019habitation, conclu en 2022 moyennant un loyer modeste, avait d\u00e9j\u00e0 donn\u00e9 lieu \u00e0 un premier commandement r\u00e9gularis\u00e9, avant qu\u2019un second soit d\u00e9livr\u00e9\u2026","rel":"","context":"\u0641\u064a &quot;D\u00e9cisions juridiques&quot;","block_context":{"text":"D\u00e9cisions juridiques","link":"https:\/\/kohenavocats.com\/category\/decisions-juridiques\/"},"img":{"alt_text":"","src":"https:\/\/i0.wp.com\/kohenavocats.com\/wp-content\/uploads\/2024\/08\/katie-moum-o0kbc907i20-unsplash.webp?resize=350%2C200&ssl=1","width":350,"height":200,"srcset":"https:\/\/i0.wp.com\/kohenavocats.com\/wp-content\/uploads\/2024\/08\/katie-moum-o0kbc907i20-unsplash.webp?resize=350%2C200&ssl=1 1x, https:\/\/i0.wp.com\/kohenavocats.com\/wp-content\/uploads\/2024\/08\/katie-moum-o0kbc907i20-unsplash.webp?resize=525%2C300&ssl=1 1.5x, https:\/\/i0.wp.com\/kohenavocats.com\/wp-content\/uploads\/2024\/08\/katie-moum-o0kbc907i20-unsplash.webp?resize=700%2C400&ssl=1 2x, https:\/\/i0.wp.com\/kohenavocats.com\/wp-content\/uploads\/2024\/08\/katie-moum-o0kbc907i20-unsplash.webp?resize=1050%2C600&ssl=1 3x, https:\/\/i0.wp.com\/kohenavocats.com\/wp-content\/uploads\/2024\/08\/katie-moum-o0kbc907i20-unsplash.webp?resize=1400%2C800&ssl=1 4x"},"classes":[]}],"jetpack_sharing_enabled":true,"_links":{"self":[{"href":"https:\/\/kohenavocats.com\/ar\/wp-json\/wp\/v2\/posts\/657795","targetHints":{"allow":["GET"]}}],"collection":[{"href":"https:\/\/kohenavocats.com\/ar\/wp-json\/wp\/v2\/posts"}],"about":[{"href":"https:\/\/kohenavocats.com\/ar\/wp-json\/wp\/v2\/types\/post"}],"author":[{"embeddable":true,"href":"https:\/\/kohenavocats.com\/ar\/wp-json\/wp\/v2\/users\/232070755"}],"replies":[{"embeddable":true,"href":"https:\/\/kohenavocats.com\/ar\/wp-json\/wp\/v2\/comments?post=657795"}],"version-history":[{"count":0,"href":"https:\/\/kohenavocats.com\/ar\/wp-json\/wp\/v2\/posts\/657795\/revisions"}],"wp:featuredmedia":[{"embeddable":true,"href":"https:\/\/kohenavocats.com\/ar\/wp-json\/wp\/v2\/media\/9551"}],"wp:attachment":[{"href":"https:\/\/kohenavocats.com\/ar\/wp-json\/wp\/v2\/media?parent=657795"}],"wp:term":[{"taxonomy":"category","embeddable":true,"href":"https:\/\/kohenavocats.com\/ar\/wp-json\/wp\/v2\/categories?post=657795"},{"taxonomy":"post_tag","embeddable":true,"href":"https:\/\/kohenavocats.com\/ar\/wp-json\/wp\/v2\/tags?post=657795"}],"curies":[{"name":"wp","href":"https:\/\/api.w.org\/{rel}","templated":true}]}}