{"id":660751,"date":"2026-04-23T15:49:02","date_gmt":"2026-04-23T13:49:02","guid":{"rendered":"https:\/\/kohenavocats.com\/cour-dappel-de-douai-le-10-juillet-2024-n22-09420\/"},"modified":"2026-04-23T15:49:02","modified_gmt":"2026-04-23T13:49:02","slug":"cour-dappel-de-douai-le-10-juillet-2024-n22-09420","status":"publish","type":"post","link":"https:\/\/kohenavocats.com\/ar\/cour-dappel-de-douai-le-10-juillet-2024-n22-09420\/","title":{"rendered":"Cour d&#8217;appel de Douai, le 10 juillet 2024, n\u00b022\/09420"},"content":{"rendered":"<div class=\"article-content\">\n<p>La cour d&#8217;appel de Douai, statuant le 10 juillet 2024, a examin\u00e9 le pourvoi d&#8217;un salari\u00e9 licenci\u00e9 pour faute. Le salari\u00e9 contestait la r\u00e9gularit\u00e9 de son licenciement et r\u00e9clamait des dommages-int\u00e9r\u00eats pour divers manquements de son employeur. La cour a rejet\u00e9 l&#8217;ensemble de ses demandes, confirmant le jugement de premi\u00e8re instance. Elle a ainsi valid\u00e9 le licenciement pour cause r\u00e9elle et s\u00e9rieuse et rejet\u00e9 les pr\u00e9tentions indemnitaires du salari\u00e9.<\/p>\n<p>La prescription des actions indemnitaires<\/p>\n<p>La cour rappelle le principe de la prescription biennale des actions portant sur l&#8217;ex\u00e9cution du contrat. &#8220;Toute action portant sur l&#8217;ex\u00e9cution du contrat de travail se prescrit par deux ans \u00e0 compter du jour o\u00f9 celui qui l&#8217;exerce a connu ou aurait d\u00fb conna\u00eetre les faits lui permettant d&#8217;exercer son droit.&#8221; (Article L. 11471-1 alin\u00e9a 1er du code du travail). Elle en d\u00e9duit que de nombreuses demandes du salari\u00e9, relatives \u00e0 des faits ant\u00e9rieurs au 16 mars 2018, \u00e9taient prescrites. Cette application stricte de la prescription limite consid\u00e9rablement le champ des faits examin\u00e9s au fond. Elle prot\u00e8ge la s\u00e9curit\u00e9 juridique de l&#8217;employeur contre des r\u00e9clamations anciennes.<\/p>\n<p>Les faits non prescrits ont \u00e9t\u00e9 soumis \u00e0 un examen attentif de leur mat\u00e9rialit\u00e9 et de leur caract\u00e8re fautif. La cour a syst\u00e9matiquement relev\u00e9 l&#8217;absence de preuve apport\u00e9e par le salari\u00e9 ou l&#8217;absence de pr\u00e9judice subi. Par exemple, concernant des attestations erron\u00e9es, &#8220;le courrier du 8 juillet 2019 de M. [L] \u00e0 P\u00f4le Emploi n&#8217;\u00e9tablit pas que ces erreurs lui auraient caus\u00e9 un pr\u00e9judice moral ou mat\u00e9riel.&#8221; (Point 22). Cette exigence probatoire renforc\u00e9e pour le salari\u00e9 est constante en mati\u00e8re de manquements all\u00e9gu\u00e9s.<\/p>\n<p>La cause r\u00e9elle et s\u00e9rieuse du licenciement<\/p>\n<p>La cour proc\u00e8de \u00e0 un examen d\u00e9taill\u00e9 et hi\u00e9rarchis\u00e9 des griefs invoqu\u00e9s dans la lettre de licenciement. Elle \u00e9carte certains griefs, comme l&#8217;absence injustifi\u00e9e, en relevant un d\u00e9faut de preuve de la part de l&#8217;employeur. En revanche, elle retient solidement d&#8217;autres manquements, notamment la pr\u00e9sence de produits p\u00e9rim\u00e9s et des irr\u00e9gularit\u00e9s graves dans la gestion de la caisse. L&#8217;exigence de paiement faite \u00e0 des subordonn\u00e9s constitue une faute lourde. &#8220;L&#8217;exigence d&#8217;un tel paiement \u00e9tant contraire aux proc\u00e9dures en vigueur interdisant \u00e0 un chef caissier d&#8217;exercer une telle voie de fait sur ses subordonn\u00e9es.&#8221; (Point 44).<\/p>\n<p>La qualification juridique op\u00e9r\u00e9e par la cour synth\u00e9tise l&#8217;ensemble des fautes retenues. Elle consid\u00e8re que &#8220;les trois griefs retenus r\u00e9v\u00e8lent des manquements dont le nombre, la diversit\u00e9 et la gravit\u00e9 traduisent un r\u00e9el d\u00e9sinvestissement.&#8221; (Point 49). Cette appr\u00e9ciation globale permet de caract\u00e9riser la cause r\u00e9elle et s\u00e9rieuse. Elle s&#8217;appuie \u00e9galement sur l&#8217;\u00e9tat de r\u00e9cidive disciplinaire du salari\u00e9, ant\u00e9rieurement sanctionn\u00e9 pour des faits similaires. La cour en conclut que la gravit\u00e9 des fautes &#8220;rendait impossible le maintien dans son emploi de chef caissier.&#8221; (Point 52).<\/p>\n<p>Cet arr\u00eat illustre rigoureusement le contr\u00f4le op\u00e9r\u00e9 par le juge du fond sur le licenciement pour faute. Il d\u00e9montre l&#8217;importance d&#8217;une motivation pr\u00e9cise de l&#8217;employeur et d&#8217;une preuve solide des manquements reproch\u00e9s. La cour op\u00e8re un tri minutieux entre les griefs, n&#8217;h\u00e9sitant pas \u00e0 en \u00e9carter certains, avant de proc\u00e9der \u00e0 une appr\u00e9ciation d&#8217;ensemble. La prise en compte de l&#8217;ant\u00e9riorit\u00e9 disciplinaire, dans le respect des d\u00e9lais l\u00e9gaux, renforce consid\u00e9rablement la position de l&#8217;employeur. Enfin, la d\u00e9cision rappelle avec fermet\u00e9 les exigences probatoires pesant sur le salari\u00e9 qui invoque des manquements de l&#8217;employeur, conduisant au rejet de la plupart de ses demandes indemnitaires.<\/p>\n<\/div>\n","protected":false},"excerpt":{"rendered":"<p>La cour d&#8217;appel de Douai, statuant le 10 juillet 2024, a examin\u00e9 le pourvoi d&#8217;un salari\u00e9 licenci\u00e9 pour faute. Le salari\u00e9 contestait la r\u00e9gularit\u00e9 de son lice&#8230;<\/p>\n","protected":false},"author":232070755,"featured_media":9553,"comment_status":"open","ping_status":"open","sticky":false,"template":"","format":"standard","meta":{"_crdt_document":"","_jetpack_newsletter_access":"","_jetpack_dont_email_post_to_subs":false,"_jetpack_newsletter_tier_id":0,"_jetpack_memberships_contains_paywalled_content":false,"_kj_source_type":"judilibre","_kj_official_id":"68d7734e299e16b8ad3253e0","_kj_official_url":"https:\/\/www.courdecassation.fr\/decision\/68d7734e299e16b8ad3253e0","_kj_judilibre_id":"68d7734e299e16b8ad3253e0","_kj_jur":"Cour d'appel","_kj_lieu":"Cour d'appel d'Aix-en-Provence","_kj_chambre":"Chambre 4-1","_kj_rg":"22\/09420","_kj_date":"2025-09-26","_jetpack_memberships_contains_paid_content":false,"footnotes":"","jetpack_post_was_ever_published":false},"categories":[7597],"tags":[],"class_list":["post-660751","post","type-post","status-publish","format-standard","has-post-thumbnail","hentry","category-jurisprudence"],"yoast_head":"<!-- This site is optimized with the Yoast SEO Premium plugin v27.5 (Yoast SEO v27.5) - https:\/\/yoast.com\/product\/yoast-seo-premium-wordpress\/ -->\n<title>Cour d&#039;appel de Douai, le 10 juillet 2024, n\u00b022\/09420 - Ma\u00eetre Hassan Kohen, avocat en droit p\u00e9nal \u00e0 Paris<\/title>\n<meta name=\"description\" content=\"La cour d&#039;appel de Douai, statuant le 10 juillet 2024, a examin\u00e9 le pourvoi d&#039;un salari\u00e9 licenci\u00e9 pour faute. Le salari\u00e9 contestait la r\u00e9gularit\u00e9 de son lice...\" \/>\n<meta name=\"robots\" content=\"index, follow, max-snippet:-1, max-image-preview:large, max-video-preview:-1\" \/>\n<link rel=\"canonical\" href=\"https:\/\/kohenavocats.com\/ar\/cour-dappel-de-douai-le-10-juillet-2024-n22-09420\/\" \/>\n<meta property=\"og:locale\" content=\"ar_AR\" \/>\n<meta property=\"og:type\" content=\"article\" \/>\n<meta property=\"og:title\" content=\"Cour d&#039;appel de Douai, le 10 juillet 2024, n\u00b022\/09420\" \/>\n<meta property=\"og:description\" content=\"La cour d&#039;appel de Douai, statuant le 10 juillet 2024, a examin\u00e9 le pourvoi d&#039;un salari\u00e9 licenci\u00e9 pour faute. Le salari\u00e9 contestait la r\u00e9gularit\u00e9 de son lice...\" \/>\n<meta property=\"og:url\" content=\"https:\/\/kohenavocats.com\/ar\/cour-dappel-de-douai-le-10-juillet-2024-n22-09420\/\" \/>\n<meta property=\"og:site_name\" content=\"Ma\u00eetre Hassan Kohen, avocat en droit p\u00e9nal \u00e0 Paris\" \/>\n<meta property=\"article:published_time\" content=\"2026-04-23T13:49:02+00:00\" \/>\n<meta property=\"og:image\" content=\"https:\/\/kohenavocats.com\/wp-content\/uploads\/2024\/11\/zyanya-citlalli-6tRLEZ6yZ7M-unsplash.webp\" \/>\n\t<meta property=\"og:image:width\" content=\"3840\" \/>\n\t<meta property=\"og:image:height\" content=\"2160\" \/>\n\t<meta property=\"og:image:type\" content=\"image\/webp\" \/>\n<meta name=\"author\" content=\"Kohen\" \/>\n<meta name=\"twitter:card\" content=\"summary_large_image\" \/>\n<meta name=\"twitter:label1\" content=\"\u0643\u064f\u062a\u0628 \u0628\u0648\u0627\u0633\u0637\u0629\" \/>\n\t<meta name=\"twitter:data1\" content=\"Kohen\" \/>\n\t<meta name=\"twitter:label2\" content=\"\u0648\u0642\u062a \u0627\u0644\u0642\u0631\u0627\u0621\u0629 \u0627\u0644\u0645\u064f\u0642\u062f\u0651\u0631\" \/>\n\t<meta name=\"twitter:data2\" content=\"3 \u062f\u0642\u0627\u0626\u0642\" \/>\n<script type=\"application\/ld+json\" class=\"yoast-schema-graph\">{\"@context\":\"https:\\\/\\\/schema.org\",\"@graph\":[{\"@type\":\"Article\",\"@id\":\"https:\\\/\\\/kohenavocats.com\\\/ar\\\/cour-dappel-de-douai-le-10-juillet-2024-n22-09420\\\/#article\",\"isPartOf\":{\"@id\":\"https:\\\/\\\/kohenavocats.com\\\/ar\\\/cour-dappel-de-douai-le-10-juillet-2024-n22-09420\\\/\"},\"author\":{\"name\":\"Kohen\",\"@id\":\"https:\\\/\\\/kohenavocats.com\\\/ar\\\/#\\\/schema\\\/person\\\/761c9ba54fa1ca84d405cef0831ff751\"},\"headline\":\"Cour d&#8217;appel de Douai, le 10 juillet 2024, n\u00b022\\\/09420\",\"datePublished\":\"2026-04-23T13:49:02+00:00\",\"mainEntityOfPage\":{\"@id\":\"https:\\\/\\\/kohenavocats.com\\\/ar\\\/cour-dappel-de-douai-le-10-juillet-2024-n22-09420\\\/\"},\"wordCount\":647,\"commentCount\":0,\"publisher\":{\"@id\":\"https:\\\/\\\/kohenavocats.com\\\/ar\\\/#organization\"},\"image\":{\"@id\":\"https:\\\/\\\/kohenavocats.com\\\/ar\\\/cour-dappel-de-douai-le-10-juillet-2024-n22-09420\\\/#primaryimage\"},\"thumbnailUrl\":\"https:\\\/\\\/kohenavocats.com\\\/wp-content\\\/uploads\\\/2024\\\/11\\\/zyanya-citlalli-6tRLEZ6yZ7M-unsplash.webp\",\"articleSection\":[\"Jurisprudence\"],\"inLanguage\":\"ar\",\"potentialAction\":[{\"@type\":\"CommentAction\",\"name\":\"Comment\",\"target\":[\"https:\\\/\\\/kohenavocats.com\\\/ar\\\/cour-dappel-de-douai-le-10-juillet-2024-n22-09420\\\/#respond\"]}],\"citation\":\"Cour d&#8217;appel de Douai, le 10 juillet 2024, n\u00b022\\\/09420\",\"about\":[{\"@type\":\"Thing\",\"name\":\"Jurisprudence\"}],\"dateModified\":\"2026-04-23T13:49:02+00:00\",\"speakable\":{\"@type\":\"SpeakableSpecification\",\"cssSelector\":[\".article-content > p:first-of-type\"]}},{\"@type\":\"WebPage\",\"@id\":\"https:\\\/\\\/kohenavocats.com\\\/ar\\\/cour-dappel-de-douai-le-10-juillet-2024-n22-09420\\\/\",\"url\":\"https:\\\/\\\/kohenavocats.com\\\/ar\\\/cour-dappel-de-douai-le-10-juillet-2024-n22-09420\\\/\",\"name\":\"Cour d'appel de Douai, le 10 juillet 2024, n\u00b022\\\/09420 - Ma\u00eetre Hassan Kohen, avocat en droit p\u00e9nal \u00e0 Paris\",\"isPartOf\":{\"@id\":\"https:\\\/\\\/kohenavocats.com\\\/ar\\\/#website\"},\"primaryImageOfPage\":{\"@id\":\"https:\\\/\\\/kohenavocats.com\\\/ar\\\/cour-dappel-de-douai-le-10-juillet-2024-n22-09420\\\/#primaryimage\"},\"image\":{\"@id\":\"https:\\\/\\\/kohenavocats.com\\\/ar\\\/cour-dappel-de-douai-le-10-juillet-2024-n22-09420\\\/#primaryimage\"},\"thumbnailUrl\":\"https:\\\/\\\/kohenavocats.com\\\/wp-content\\\/uploads\\\/2024\\\/11\\\/zyanya-citlalli-6tRLEZ6yZ7M-unsplash.webp\",\"datePublished\":\"2026-04-23T13:49:02+00:00\",\"description\":\"La cour d'appel de Douai, statuant le 10 juillet 2024, a examin\u00e9 le pourvoi d'un salari\u00e9 licenci\u00e9 pour faute. Le salari\u00e9 contestait la r\u00e9gularit\u00e9 de son lice...\",\"breadcrumb\":{\"@id\":\"https:\\\/\\\/kohenavocats.com\\\/ar\\\/cour-dappel-de-douai-le-10-juillet-2024-n22-09420\\\/#breadcrumb\"},\"inLanguage\":\"ar\",\"potentialAction\":[{\"@type\":\"ReadAction\",\"target\":[\"https:\\\/\\\/kohenavocats.com\\\/ar\\\/cour-dappel-de-douai-le-10-juillet-2024-n22-09420\\\/\"]}]},{\"@type\":\"ImageObject\",\"inLanguage\":\"ar\",\"@id\":\"https:\\\/\\\/kohenavocats.com\\\/ar\\\/cour-dappel-de-douai-le-10-juillet-2024-n22-09420\\\/#primaryimage\",\"url\":\"https:\\\/\\\/kohenavocats.com\\\/wp-content\\\/uploads\\\/2024\\\/11\\\/zyanya-citlalli-6tRLEZ6yZ7M-unsplash.webp\",\"contentUrl\":\"https:\\\/\\\/kohenavocats.com\\\/wp-content\\\/uploads\\\/2024\\\/11\\\/zyanya-citlalli-6tRLEZ6yZ7M-unsplash.webp\",\"width\":3840,\"height\":2160},{\"@type\":\"BreadcrumbList\",\"@id\":\"https:\\\/\\\/kohenavocats.com\\\/ar\\\/cour-dappel-de-douai-le-10-juillet-2024-n22-09420\\\/#breadcrumb\",\"itemListElement\":[{\"@type\":\"ListItem\",\"position\":1,\"name\":\"Home\",\"item\":\"https:\\\/\\\/kohenavocats.com\\\/ar\\\/%d9%85%d8%ad%d8%a7%d9%85%d9%88%d9%86-%d9%85%d8%aa%d8%ae%d8%b5%d8%b5%d9%88%d9%86-%d9%81%d9%8a-%d8%a7%d9%84%d9%82%d8%a7%d9%86%d9%88%d9%86-%d8%a7%d9%84%d8%ac%d9%86%d8%a7%d8%a6%d9%8a-%d8%a8%d8%a8%d8%a7\\\/\"},{\"@type\":\"ListItem\",\"position\":2,\"name\":\"Cour d&rsquo;appel de Douai, le 10 juillet 2024, n\u00b022\\\/09420\"}]},{\"@type\":\"WebSite\",\"@id\":\"https:\\\/\\\/kohenavocats.com\\\/ar\\\/#website\",\"url\":\"https:\\\/\\\/kohenavocats.com\\\/ar\\\/\",\"name\":\"Kohen Avocats\",\"description\":\"Ma\u00eetre Hassan Kohen, avocat p\u00e9naliste \u00e0 Paris, intervient exclusivement en droit p\u00e9nal pour la d\u00e9fense des particuliers, notamment en mati\u00e8re d\u2019accusations de viol. Il assure un accompagnement rigoureux d\u00e8s la garde \u00e0 vue jusqu\u2019\u00e0 la Cour d\u2019assises, veillant au strict respect des garanties proc\u00e9durales.\",\"publisher\":{\"@id\":\"https:\\\/\\\/kohenavocats.com\\\/ar\\\/#organization\"},\"potentialAction\":[{\"@type\":\"SearchAction\",\"target\":{\"@type\":\"EntryPoint\",\"urlTemplate\":\"https:\\\/\\\/kohenavocats.com\\\/ar\\\/?s={search_term_string}\"},\"query-input\":{\"@type\":\"PropertyValueSpecification\",\"valueRequired\":true,\"valueName\":\"search_term_string\"}}],\"inLanguage\":\"ar\"},{\"@type\":\"Organization\",\"@id\":\"https:\\\/\\\/kohenavocats.com\\\/ar\\\/#organization\",\"name\":\"Kohen Avocats\",\"url\":\"https:\\\/\\\/kohenavocats.com\\\/ar\\\/\",\"logo\":{\"@type\":\"ImageObject\",\"inLanguage\":\"ar\",\"@id\":\"https:\\\/\\\/kohenavocats.com\\\/ar\\\/#\\\/schema\\\/logo\\\/image\\\/\",\"url\":\"https:\\\/\\\/kohenavocats.com\\\/wp-content\\\/uploads\\\/2026\\\/01\\\/Logo-2-1.webp\",\"contentUrl\":\"https:\\\/\\\/kohenavocats.com\\\/wp-content\\\/uploads\\\/2026\\\/01\\\/Logo-2-1.webp\",\"width\":2114,\"height\":1253,\"caption\":\"Kohen Avocats\"},\"image\":{\"@id\":\"https:\\\/\\\/kohenavocats.com\\\/ar\\\/#\\\/schema\\\/logo\\\/image\\\/\"}},{\"@type\":\"Person\",\"@id\":\"https:\\\/\\\/kohenavocats.com\\\/ar\\\/#\\\/schema\\\/person\\\/761c9ba54fa1ca84d405cef0831ff751\",\"name\":\"Kohen\",\"image\":{\"@type\":\"ImageObject\",\"inLanguage\":\"ar\",\"@id\":\"https:\\\/\\\/secure.gravatar.com\\\/avatar\\\/1c5e76ef76bbbfdd2b4da984e2bf2fa4056fd51a27d25ce2c332047f1dfd6e00?s=96&d=identicon&r=g\",\"url\":\"https:\\\/\\\/secure.gravatar.com\\\/avatar\\\/1c5e76ef76bbbfdd2b4da984e2bf2fa4056fd51a27d25ce2c332047f1dfd6e00?s=96&d=identicon&r=g\",\"contentUrl\":\"https:\\\/\\\/secure.gravatar.com\\\/avatar\\\/1c5e76ef76bbbfdd2b4da984e2bf2fa4056fd51a27d25ce2c332047f1dfd6e00?s=96&d=identicon&r=g\",\"caption\":\"Kohen\"},\"sameAs\":[\"https:\\\/\\\/www.linkedin.com\\\/in\\\/hassan-kohen-448548192\\\/\",\"https:\\\/\\\/www.youtube.com\\\/@Kohen-Avocats\"],\"url\":\"https:\\\/\\\/kohenavocats.com\\\/ar\\\/author\\\/kohenmlk\\\/\"}]}<\/script>\n<!-- \/ Yoast SEO Premium plugin. -->","yoast_head_json":{"title":"Cour d'appel de Douai, le 10 juillet 2024, n\u00b022\/09420 - Ma\u00eetre Hassan Kohen, avocat en droit p\u00e9nal \u00e0 Paris","description":"La cour d'appel de Douai, statuant le 10 juillet 2024, a examin\u00e9 le pourvoi d'un salari\u00e9 licenci\u00e9 pour faute. Le salari\u00e9 contestait la r\u00e9gularit\u00e9 de son lice...","robots":{"index":"index","follow":"follow","max-snippet":"max-snippet:-1","max-image-preview":"max-image-preview:large","max-video-preview":"max-video-preview:-1"},"canonical":"https:\/\/kohenavocats.com\/ar\/cour-dappel-de-douai-le-10-juillet-2024-n22-09420\/","og_locale":"ar_AR","og_type":"article","og_title":"Cour d'appel de Douai, le 10 juillet 2024, n\u00b022\/09420","og_description":"La cour d'appel de Douai, statuant le 10 juillet 2024, a examin\u00e9 le pourvoi d'un salari\u00e9 licenci\u00e9 pour faute. Le salari\u00e9 contestait la r\u00e9gularit\u00e9 de son lice...","og_url":"https:\/\/kohenavocats.com\/ar\/cour-dappel-de-douai-le-10-juillet-2024-n22-09420\/","og_site_name":"Ma\u00eetre Hassan Kohen, avocat en droit p\u00e9nal \u00e0 Paris","article_published_time":"2026-04-23T13:49:02+00:00","og_image":[{"width":3840,"height":2160,"url":"https:\/\/kohenavocats.com\/wp-content\/uploads\/2024\/11\/zyanya-citlalli-6tRLEZ6yZ7M-unsplash.webp","type":"image\/webp"}],"author":"Kohen","twitter_card":"summary_large_image","twitter_misc":{"\u0643\u064f\u062a\u0628 \u0628\u0648\u0627\u0633\u0637\u0629":"Kohen","\u0648\u0642\u062a \u0627\u0644\u0642\u0631\u0627\u0621\u0629 \u0627\u0644\u0645\u064f\u0642\u062f\u0651\u0631":"3 \u062f\u0642\u0627\u0626\u0642"},"schema":{"@context":"https:\/\/schema.org","@graph":[{"@type":"Article","@id":"https:\/\/kohenavocats.com\/ar\/cour-dappel-de-douai-le-10-juillet-2024-n22-09420\/#article","isPartOf":{"@id":"https:\/\/kohenavocats.com\/ar\/cour-dappel-de-douai-le-10-juillet-2024-n22-09420\/"},"author":{"name":"Kohen","@id":"https:\/\/kohenavocats.com\/ar\/#\/schema\/person\/761c9ba54fa1ca84d405cef0831ff751"},"headline":"Cour d&#8217;appel de Douai, le 10 juillet 2024, n\u00b022\/09420","datePublished":"2026-04-23T13:49:02+00:00","mainEntityOfPage":{"@id":"https:\/\/kohenavocats.com\/ar\/cour-dappel-de-douai-le-10-juillet-2024-n22-09420\/"},"wordCount":647,"commentCount":0,"publisher":{"@id":"https:\/\/kohenavocats.com\/ar\/#organization"},"image":{"@id":"https:\/\/kohenavocats.com\/ar\/cour-dappel-de-douai-le-10-juillet-2024-n22-09420\/#primaryimage"},"thumbnailUrl":"https:\/\/kohenavocats.com\/wp-content\/uploads\/2024\/11\/zyanya-citlalli-6tRLEZ6yZ7M-unsplash.webp","articleSection":["Jurisprudence"],"inLanguage":"ar","potentialAction":[{"@type":"CommentAction","name":"Comment","target":["https:\/\/kohenavocats.com\/ar\/cour-dappel-de-douai-le-10-juillet-2024-n22-09420\/#respond"]}],"citation":"Cour d&#8217;appel de Douai, le 10 juillet 2024, n\u00b022\/09420","about":[{"@type":"Thing","name":"Jurisprudence"}],"dateModified":"2026-04-23T13:49:02+00:00","speakable":{"@type":"SpeakableSpecification","cssSelector":[".article-content > p:first-of-type"]}},{"@type":"WebPage","@id":"https:\/\/kohenavocats.com\/ar\/cour-dappel-de-douai-le-10-juillet-2024-n22-09420\/","url":"https:\/\/kohenavocats.com\/ar\/cour-dappel-de-douai-le-10-juillet-2024-n22-09420\/","name":"Cour d'appel de Douai, le 10 juillet 2024, n\u00b022\/09420 - Ma\u00eetre Hassan Kohen, avocat en droit p\u00e9nal \u00e0 Paris","isPartOf":{"@id":"https:\/\/kohenavocats.com\/ar\/#website"},"primaryImageOfPage":{"@id":"https:\/\/kohenavocats.com\/ar\/cour-dappel-de-douai-le-10-juillet-2024-n22-09420\/#primaryimage"},"image":{"@id":"https:\/\/kohenavocats.com\/ar\/cour-dappel-de-douai-le-10-juillet-2024-n22-09420\/#primaryimage"},"thumbnailUrl":"https:\/\/kohenavocats.com\/wp-content\/uploads\/2024\/11\/zyanya-citlalli-6tRLEZ6yZ7M-unsplash.webp","datePublished":"2026-04-23T13:49:02+00:00","description":"La cour d'appel de Douai, statuant le 10 juillet 2024, a examin\u00e9 le pourvoi d'un salari\u00e9 licenci\u00e9 pour faute. Le salari\u00e9 contestait la r\u00e9gularit\u00e9 de son lice...","breadcrumb":{"@id":"https:\/\/kohenavocats.com\/ar\/cour-dappel-de-douai-le-10-juillet-2024-n22-09420\/#breadcrumb"},"inLanguage":"ar","potentialAction":[{"@type":"ReadAction","target":["https:\/\/kohenavocats.com\/ar\/cour-dappel-de-douai-le-10-juillet-2024-n22-09420\/"]}]},{"@type":"ImageObject","inLanguage":"ar","@id":"https:\/\/kohenavocats.com\/ar\/cour-dappel-de-douai-le-10-juillet-2024-n22-09420\/#primaryimage","url":"https:\/\/kohenavocats.com\/wp-content\/uploads\/2024\/11\/zyanya-citlalli-6tRLEZ6yZ7M-unsplash.webp","contentUrl":"https:\/\/kohenavocats.com\/wp-content\/uploads\/2024\/11\/zyanya-citlalli-6tRLEZ6yZ7M-unsplash.webp","width":3840,"height":2160},{"@type":"BreadcrumbList","@id":"https:\/\/kohenavocats.com\/ar\/cour-dappel-de-douai-le-10-juillet-2024-n22-09420\/#breadcrumb","itemListElement":[{"@type":"ListItem","position":1,"name":"Home","item":"https:\/\/kohenavocats.com\/ar\/%d9%85%d8%ad%d8%a7%d9%85%d9%88%d9%86-%d9%85%d8%aa%d8%ae%d8%b5%d8%b5%d9%88%d9%86-%d9%81%d9%8a-%d8%a7%d9%84%d9%82%d8%a7%d9%86%d9%88%d9%86-%d8%a7%d9%84%d8%ac%d9%86%d8%a7%d8%a6%d9%8a-%d8%a8%d8%a8%d8%a7\/"},{"@type":"ListItem","position":2,"name":"Cour d&rsquo;appel de Douai, le 10 juillet 2024, n\u00b022\/09420"}]},{"@type":"WebSite","@id":"https:\/\/kohenavocats.com\/ar\/#website","url":"https:\/\/kohenavocats.com\/ar\/","name":"Kohen Avocats","description":"Ma\u00eetre Hassan Kohen, avocat p\u00e9naliste \u00e0 Paris, intervient exclusivement en droit p\u00e9nal pour la d\u00e9fense des particuliers, notamment en mati\u00e8re d\u2019accusations de viol. Il assure un accompagnement rigoureux d\u00e8s la garde \u00e0 vue jusqu\u2019\u00e0 la Cour d\u2019assises, veillant au strict respect des garanties proc\u00e9durales.","publisher":{"@id":"https:\/\/kohenavocats.com\/ar\/#organization"},"potentialAction":[{"@type":"SearchAction","target":{"@type":"EntryPoint","urlTemplate":"https:\/\/kohenavocats.com\/ar\/?s={search_term_string}"},"query-input":{"@type":"PropertyValueSpecification","valueRequired":true,"valueName":"search_term_string"}}],"inLanguage":"ar"},{"@type":"Organization","@id":"https:\/\/kohenavocats.com\/ar\/#organization","name":"Kohen Avocats","url":"https:\/\/kohenavocats.com\/ar\/","logo":{"@type":"ImageObject","inLanguage":"ar","@id":"https:\/\/kohenavocats.com\/ar\/#\/schema\/logo\/image\/","url":"https:\/\/kohenavocats.com\/wp-content\/uploads\/2026\/01\/Logo-2-1.webp","contentUrl":"https:\/\/kohenavocats.com\/wp-content\/uploads\/2026\/01\/Logo-2-1.webp","width":2114,"height":1253,"caption":"Kohen Avocats"},"image":{"@id":"https:\/\/kohenavocats.com\/ar\/#\/schema\/logo\/image\/"}},{"@type":"Person","@id":"https:\/\/kohenavocats.com\/ar\/#\/schema\/person\/761c9ba54fa1ca84d405cef0831ff751","name":"Kohen","image":{"@type":"ImageObject","inLanguage":"ar","@id":"https:\/\/secure.gravatar.com\/avatar\/1c5e76ef76bbbfdd2b4da984e2bf2fa4056fd51a27d25ce2c332047f1dfd6e00?s=96&d=identicon&r=g","url":"https:\/\/secure.gravatar.com\/avatar\/1c5e76ef76bbbfdd2b4da984e2bf2fa4056fd51a27d25ce2c332047f1dfd6e00?s=96&d=identicon&r=g","contentUrl":"https:\/\/secure.gravatar.com\/avatar\/1c5e76ef76bbbfdd2b4da984e2bf2fa4056fd51a27d25ce2c332047f1dfd6e00?s=96&d=identicon&r=g","caption":"Kohen"},"sameAs":["https:\/\/www.linkedin.com\/in\/hassan-kohen-448548192\/","https:\/\/www.youtube.com\/@Kohen-Avocats"],"url":"https:\/\/kohenavocats.com\/ar\/author\/kohenmlk\/"}]}},"jetpack_featured_media_url":"https:\/\/kohenavocats.com\/wp-content\/uploads\/2024\/11\/zyanya-citlalli-6tRLEZ6yZ7M-unsplash.webp","jetpack_likes_enabled":false,"jetpack_shortlink":"https:\/\/wp.me\/peCrII-2LTh","jetpack-related-posts":[{"id":488615,"url":"https:\/\/kohenavocats.com\/ar\/cour-dappel-de-douai-le-17-decembre-2024-n22-09043\/","url_meta":{"origin":660751,"position":0},"title":"Cour d&#8217;appel de Douai, le 17 d\u00e9cembre 2024, n\u00b022\/09043","author":"Kohen","date":"8 \u0623\u0628\u0631\u064a\u0644\u060c 2026","format":false,"excerpt":"La Cour d\u2019appel de Douai, le 17 d\u00e9cembre 2024, statue sur un litige n\u00e9 de la rupture d\u2019un contrat de travail. Le salari\u00e9 contestait son licenciement et solli...","rel":"","context":"\u0641\u064a &quot;Jurisprudence&quot;","block_context":{"text":"Jurisprudence","link":"https:\/\/kohenavocats.com\/category\/jurisprudence\/"},"img":{"alt_text":"","src":"https:\/\/i0.wp.com\/kohenavocats.com\/wp-content\/uploads\/2024\/11\/getty-images-kDU9CJEIJpM-unsplash.webp?resize=350%2C200&ssl=1","width":350,"height":200,"srcset":"https:\/\/i0.wp.com\/kohenavocats.com\/wp-content\/uploads\/2024\/11\/getty-images-kDU9CJEIJpM-unsplash.webp?resize=350%2C200&ssl=1 1x, https:\/\/i0.wp.com\/kohenavocats.com\/wp-content\/uploads\/2024\/11\/getty-images-kDU9CJEIJpM-unsplash.webp?resize=525%2C300&ssl=1 1.5x, https:\/\/i0.wp.com\/kohenavocats.com\/wp-content\/uploads\/2024\/11\/getty-images-kDU9CJEIJpM-unsplash.webp?resize=700%2C400&ssl=1 2x, https:\/\/i0.wp.com\/kohenavocats.com\/wp-content\/uploads\/2024\/11\/getty-images-kDU9CJEIJpM-unsplash.webp?resize=1050%2C600&ssl=1 3x, https:\/\/i0.wp.com\/kohenavocats.com\/wp-content\/uploads\/2024\/11\/getty-images-kDU9CJEIJpM-unsplash.webp?resize=1400%2C800&ssl=1 4x"},"classes":[]},{"id":483616,"url":"https:\/\/kohenavocats.com\/ar\/cour-dappel-de-douai-le-4-avril-2025-n22-09040\/","url_meta":{"origin":660751,"position":1},"title":"Cour d&#8217;appel de Douai, le 4 avril 2025, n\u00b022\/09040","author":"Kohen","date":"8 \u0623\u0628\u0631\u064a\u0644\u060c 2026","format":false,"excerpt":"La Cour d'appel de Douai, le 4 avril 2025, a statu\u00e9 sur un litige n\u00e9 de la rupture d'un contrat de travail. Le salari\u00e9 contestait son licenciement et sollici...","rel":"","context":"\u0641\u064a &quot;Jurisprudence&quot;","block_context":{"text":"Jurisprudence","link":"https:\/\/kohenavocats.com\/category\/jurisprudence\/"},"img":{"alt_text":"","src":"https:\/\/i0.wp.com\/kohenavocats.com\/wp-content\/uploads\/2024\/11\/alex-shuper-VUyzsIViXQ0-unsplash-1.webp?resize=350%2C200&ssl=1","width":350,"height":200,"srcset":"https:\/\/i0.wp.com\/kohenavocats.com\/wp-content\/uploads\/2024\/11\/alex-shuper-VUyzsIViXQ0-unsplash-1.webp?resize=350%2C200&ssl=1 1x, https:\/\/i0.wp.com\/kohenavocats.com\/wp-content\/uploads\/2024\/11\/alex-shuper-VUyzsIViXQ0-unsplash-1.webp?resize=525%2C300&ssl=1 1.5x, https:\/\/i0.wp.com\/kohenavocats.com\/wp-content\/uploads\/2024\/11\/alex-shuper-VUyzsIViXQ0-unsplash-1.webp?resize=700%2C400&ssl=1 2x, https:\/\/i0.wp.com\/kohenavocats.com\/wp-content\/uploads\/2024\/11\/alex-shuper-VUyzsIViXQ0-unsplash-1.webp?resize=1050%2C600&ssl=1 3x, https:\/\/i0.wp.com\/kohenavocats.com\/wp-content\/uploads\/2024\/11\/alex-shuper-VUyzsIViXQ0-unsplash-1.webp?resize=1400%2C800&ssl=1 4x"},"classes":[]},{"id":48629,"url":"https:\/\/kohenavocats.com\/ar\/cour-dappel-de-douai-le-11-juillet-2025-n24-02041\/","url_meta":{"origin":660751,"position":2},"title":"Cour d&#8217;appel de Douai, le 11 juillet 2025, n\u00b024\/02041","author":"Kohen","date":"7 \u0646\u0648\u0641\u0645\u0628\u0631\u060c 2025","format":false,"excerpt":"Par un arr\u00eat du 11 juillet 2025, la Cour d\u2019appel de Douai, chambre sociale, statue sur l\u2019appel d\u2019un jugement du 14 octobre 2024. Le litige concerne la qualification d\u2019une relation de travail entre un associ\u00e9 salari\u00e9 et une soci\u00e9t\u00e9 plac\u00e9e en liquidation, ainsi que l\u2019\u00e9tendue des cr\u00e9ances n\u00e9es et revendiqu\u00e9es.\u2026","rel":"","context":"\u0641\u064a &quot;Cour d'appel&quot;","block_context":{"text":"Cour d'appel","link":"https:\/\/kohenavocats.com\/category\/cour-dappel\/"},"img":{"alt_text":"","src":"https:\/\/i0.wp.com\/kohenavocats.com\/wp-content\/uploads\/2024\/07\/prateek-katyal-_YzGQvASeMk-unsplash.webp?resize=350%2C200&ssl=1","width":350,"height":200,"srcset":"https:\/\/i0.wp.com\/kohenavocats.com\/wp-content\/uploads\/2024\/07\/prateek-katyal-_YzGQvASeMk-unsplash.webp?resize=350%2C200&ssl=1 1x, https:\/\/i0.wp.com\/kohenavocats.com\/wp-content\/uploads\/2024\/07\/prateek-katyal-_YzGQvASeMk-unsplash.webp?resize=525%2C300&ssl=1 1.5x, https:\/\/i0.wp.com\/kohenavocats.com\/wp-content\/uploads\/2024\/07\/prateek-katyal-_YzGQvASeMk-unsplash.webp?resize=700%2C400&ssl=1 2x, https:\/\/i0.wp.com\/kohenavocats.com\/wp-content\/uploads\/2024\/07\/prateek-katyal-_YzGQvASeMk-unsplash.webp?resize=1050%2C600&ssl=1 3x, https:\/\/i0.wp.com\/kohenavocats.com\/wp-content\/uploads\/2024\/07\/prateek-katyal-_YzGQvASeMk-unsplash.webp?resize=1400%2C800&ssl=1 4x"},"classes":[]},{"id":419318,"url":"https:\/\/kohenavocats.com\/ar\/cour-dappel-de-douai-le-20-fevrier-2026-n24-01661\/","url_meta":{"origin":660751,"position":3},"title":"Cour d&#8217;appel de Douai, le 20 f\u00e9vrier 2026, n\u00b024\/01661","author":"Kohen","date":"22 \u0645\u0627\u0631\u0633\u060c 2026","format":false,"excerpt":"L\u2019arr\u00eat rendu par la Cour d\u2019appel de Douai, chambre sociale, le 20 f\u00e9vrier 2026, statue sur un litige n\u00e9 de la rupture du contrat de travail d\u2019un cadre dirigeant. Le salari\u00e9, engag\u00e9 depuis 1999 en qualit\u00e9 de directeur national, saisit le conseil de prud\u2019hommes apr\u00e8s son licenciement pour inaptitude. Le\u2026","rel":"","context":"\u0641\u064a &quot;Cour d'appel&quot;","block_context":{"text":"Cour d'appel","link":"https:\/\/kohenavocats.com\/category\/cour-dappel\/"},"img":{"alt_text":"","src":"https:\/\/i0.wp.com\/kohenavocats.com\/wp-content\/uploads\/2024\/11\/mohamed-nohassi-2UZMc83XJ8I-unsplash.webp?resize=350%2C200&ssl=1","width":350,"height":200,"srcset":"https:\/\/i0.wp.com\/kohenavocats.com\/wp-content\/uploads\/2024\/11\/mohamed-nohassi-2UZMc83XJ8I-unsplash.webp?resize=350%2C200&ssl=1 1x, https:\/\/i0.wp.com\/kohenavocats.com\/wp-content\/uploads\/2024\/11\/mohamed-nohassi-2UZMc83XJ8I-unsplash.webp?resize=525%2C300&ssl=1 1.5x, https:\/\/i0.wp.com\/kohenavocats.com\/wp-content\/uploads\/2024\/11\/mohamed-nohassi-2UZMc83XJ8I-unsplash.webp?resize=700%2C400&ssl=1 2x, https:\/\/i0.wp.com\/kohenavocats.com\/wp-content\/uploads\/2024\/11\/mohamed-nohassi-2UZMc83XJ8I-unsplash.webp?resize=1050%2C600&ssl=1 3x, https:\/\/i0.wp.com\/kohenavocats.com\/wp-content\/uploads\/2024\/11\/mohamed-nohassi-2UZMc83XJ8I-unsplash.webp?resize=1400%2C800&ssl=1 4x"},"classes":[]},{"id":660313,"url":"https:\/\/kohenavocats.com\/ar\/cour-dappel-de-douai-le-10-juillet-2024-n24-00089\/","url_meta":{"origin":660751,"position":4},"title":"Cour d&#8217;appel de Douai, le 10 juillet 2024, n\u00b024\/00089","author":"Kohen","date":"23 \u0623\u0628\u0631\u064a\u0644\u060c 2026","format":false,"excerpt":"La cour d'appel de Douai, statuant le 10 juillet 2024, examine le recours d'une soci\u00e9t\u00e9 contre un jugement prud'hommal. Un salari\u00e9 contestait son licenciemen...","rel":"","context":"\u0641\u064a &quot;Jurisprudence&quot;","block_context":{"text":"Jurisprudence","link":"https:\/\/kohenavocats.com\/category\/jurisprudence\/"},"img":{"alt_text":"","src":"https:\/\/i0.wp.com\/kohenavocats.com\/wp-content\/uploads\/2024\/08\/chris-karidis-PIOqHJG5a1U-unsplash.webp?resize=350%2C200&ssl=1","width":350,"height":200,"srcset":"https:\/\/i0.wp.com\/kohenavocats.com\/wp-content\/uploads\/2024\/08\/chris-karidis-PIOqHJG5a1U-unsplash.webp?resize=350%2C200&ssl=1 1x, https:\/\/i0.wp.com\/kohenavocats.com\/wp-content\/uploads\/2024\/08\/chris-karidis-PIOqHJG5a1U-unsplash.webp?resize=525%2C300&ssl=1 1.5x, https:\/\/i0.wp.com\/kohenavocats.com\/wp-content\/uploads\/2024\/08\/chris-karidis-PIOqHJG5a1U-unsplash.webp?resize=700%2C400&ssl=1 2x, https:\/\/i0.wp.com\/kohenavocats.com\/wp-content\/uploads\/2024\/08\/chris-karidis-PIOqHJG5a1U-unsplash.webp?resize=1050%2C600&ssl=1 3x, https:\/\/i0.wp.com\/kohenavocats.com\/wp-content\/uploads\/2024\/08\/chris-karidis-PIOqHJG5a1U-unsplash.webp?resize=1400%2C800&ssl=1 4x"},"classes":[]},{"id":486758,"url":"https:\/\/kohenavocats.com\/ar\/cour-dappel-le-6-fevrier-2025-n24-01573\/","url_meta":{"origin":660751,"position":5},"title":"Cour d&#8217;appel, le 6 f\u00e9vrier 2025, n\u00b024\/01573","author":"Kohen","date":"8 \u0623\u0628\u0631\u064a\u0644\u060c 2026","format":false,"excerpt":"Cour d\u2019appel de Douai, chambre sociale, statuant le 6 f\u00e9vrier 2025. Une salari\u00e9e, engag\u00e9e sous un contrat de travail intermittent, a saisi le conseil de prud...","rel":"","context":"\u0641\u064a &quot;Jurisprudence&quot;","block_context":{"text":"Jurisprudence","link":"https:\/\/kohenavocats.com\/category\/jurisprudence\/"},"img":{"alt_text":"","src":"https:\/\/i0.wp.com\/kohenavocats.com\/wp-content\/uploads\/2024\/08\/jakob-braun-S7d5wbPWb_A-unsplash.webp?resize=350%2C200&ssl=1","width":350,"height":200,"srcset":"https:\/\/i0.wp.com\/kohenavocats.com\/wp-content\/uploads\/2024\/08\/jakob-braun-S7d5wbPWb_A-unsplash.webp?resize=350%2C200&ssl=1 1x, https:\/\/i0.wp.com\/kohenavocats.com\/wp-content\/uploads\/2024\/08\/jakob-braun-S7d5wbPWb_A-unsplash.webp?resize=525%2C300&ssl=1 1.5x, https:\/\/i0.wp.com\/kohenavocats.com\/wp-content\/uploads\/2024\/08\/jakob-braun-S7d5wbPWb_A-unsplash.webp?resize=700%2C400&ssl=1 2x, https:\/\/i0.wp.com\/kohenavocats.com\/wp-content\/uploads\/2024\/08\/jakob-braun-S7d5wbPWb_A-unsplash.webp?resize=1050%2C600&ssl=1 3x, https:\/\/i0.wp.com\/kohenavocats.com\/wp-content\/uploads\/2024\/08\/jakob-braun-S7d5wbPWb_A-unsplash.webp?resize=1400%2C800&ssl=1 4x"},"classes":[]}],"jetpack_sharing_enabled":true,"_links":{"self":[{"href":"https:\/\/kohenavocats.com\/ar\/wp-json\/wp\/v2\/posts\/660751","targetHints":{"allow":["GET"]}}],"collection":[{"href":"https:\/\/kohenavocats.com\/ar\/wp-json\/wp\/v2\/posts"}],"about":[{"href":"https:\/\/kohenavocats.com\/ar\/wp-json\/wp\/v2\/types\/post"}],"author":[{"embeddable":true,"href":"https:\/\/kohenavocats.com\/ar\/wp-json\/wp\/v2\/users\/232070755"}],"replies":[{"embeddable":true,"href":"https:\/\/kohenavocats.com\/ar\/wp-json\/wp\/v2\/comments?post=660751"}],"version-history":[{"count":0,"href":"https:\/\/kohenavocats.com\/ar\/wp-json\/wp\/v2\/posts\/660751\/revisions"}],"wp:featuredmedia":[{"embeddable":true,"href":"https:\/\/kohenavocats.com\/ar\/wp-json\/wp\/v2\/media\/9553"}],"wp:attachment":[{"href":"https:\/\/kohenavocats.com\/ar\/wp-json\/wp\/v2\/media?parent=660751"}],"wp:term":[{"taxonomy":"category","embeddable":true,"href":"https:\/\/kohenavocats.com\/ar\/wp-json\/wp\/v2\/categories?post=660751"},{"taxonomy":"post_tag","embeddable":true,"href":"https:\/\/kohenavocats.com\/ar\/wp-json\/wp\/v2\/tags?post=660751"}],"curies":[{"name":"wp","href":"https:\/\/api.w.org\/{rel}","templated":true}]}}