{"id":663713,"date":"2026-04-23T21:34:51","date_gmt":"2026-04-23T19:34:51","guid":{"rendered":"https:\/\/kohenavocats.com\/cour-dappel-de-paris-le-10-juillet-2025-n24-12248\/"},"modified":"2026-04-23T21:34:51","modified_gmt":"2026-04-23T19:34:51","slug":"cour-dappel-de-paris-le-10-juillet-2025-n24-12248","status":"publish","type":"post","link":"https:\/\/kohenavocats.com\/ar\/cour-dappel-de-paris-le-10-juillet-2025-n24-12248\/","title":{"rendered":"Cour d&#8217;appel de Paris, le 10 juillet 2025, n\u00b024\/12248"},"content":{"rendered":"<div class=\"article-content\">\n<p>La cour d&#8217;appel de Paris, le 10 juillet 2025, statue sur la recevabilit\u00e9 d&#8217;un appel principal et incident. L&#8217;appelant principal n&#8217;a pas acquitt\u00e9 le droit de timbre de 225 euros requis. La cour d\u00e9clare les deux appels irrecevables et condamne l&#8217;appelant principal \u00e0 des frais. Elle rappelle ainsi la rigueur des conditions de recevabilit\u00e9 de l&#8217;appel.<\/p>\n<p>La sanction automatique du d\u00e9faut de timbre<br \/>\nL&#8217;exigence proc\u00e9durale du droit de timbre<br \/>\nLe droit de timbre de 225 euros constitue une condition substantielle de recevabilit\u00e9 de l&#8217;appel. Son acquittement est exig\u00e9 &#8220;\u00e0 peine d&#8217;irrecevabilit\u00e9 de l&#8217;appel&#8221; selon l&#8217;article 963 du code de proc\u00e9dure civile. Ce formalisme s&#8217;impose \u00e0 toutes les parties sous r\u00e9serve du b\u00e9n\u00e9fice de l&#8217;aide juridictionnelle. La jurisprudence confirme cette rigueur en jugeant irrecevable un appel pour ce seul motif.<\/p>\n<p>Une irrecevabilit\u00e9 d&#8217;office et sans \u00e9chappatoire<br \/>\nLe juge doit constater cette irrecevabilit\u00e9 d&#8217;office sans que les parties puissent la soulever. &#8220;L&#8217;irrecevabilit\u00e9 est constat\u00e9e d&#8217;office par le magistrat ou la formation comp\u00e9tents&#8221; (article 963 du code de proc\u00e9dure civile). La cour applique strictement ce principe malgr\u00e9 les multiples rappels adress\u00e9s \u00e0 l&#8217;appelant. Cette solution rejoint celle d&#8217;une autre cour ayant jug\u00e9 dans des termes similaires.<\/p>\n<p>Les cons\u00e9quences proc\u00e9durales \u00e9tendues de l&#8217;irrecevabilit\u00e9<br \/>\nL&#8217;effet domino sur l&#8217;appel incident<br \/>\nL&#8217;irrecevabilit\u00e9 de l&#8217;appel principal entra\u00eene m\u00e9caniquement celle de l&#8217;appel incident. La cour applique l&#8217;article 550 du code de proc\u00e9dure civile qui pr\u00e9voit cette cons\u00e9quence. L&#8217;appel incident devient irrecevable m\u00eame si son auteur a respect\u00e9 toutes les formalit\u00e9s qui lui \u00e9taient applicables. Cette r\u00e8gle prot\u00e8ge la coh\u00e9rence du syst\u00e8me des voies de recours.<\/p>\n<p>Les condamnations financi\u00e8res subs\u00e9quentes<br \/>\nMalgr\u00e9 l&#8217;irrecevabilit\u00e9, la cour statue sur la demande au titre de l&#8217;article 700 du code de proc\u00e9dure civile. Elle estime in\u00e9quitable de laisser \u00e0 la charge de l&#8217;intim\u00e9e ses frais de d\u00e9fense. L&#8217;appelant principal est donc condamn\u00e9 \u00e0 une somme de 800 euros et aux d\u00e9pens. Cette d\u00e9cision montre que l&#8217;irrecevabilit\u00e9 n&#8217;emp\u00eache pas toute sanction p\u00e9cuniaire justifi\u00e9e.<\/p>\n<p>Cette d\u00e9cision illustre le caract\u00e8re imp\u00e9ratif des conditions de recevabilit\u00e9 de l&#8217;appel. Elle rappelle la s\u00e9v\u00e9rit\u00e9 du contr\u00f4le des formalit\u00e9s substantielles comme le droit de timbre. La port\u00e9e de l&#8217;arr\u00eat est pratique et pr\u00e9ventive pour les praticiens du droit. Elle les invite \u00e0 une vigilance extr\u00eame dans le respect des obligations proc\u00e9durales.<\/p>\n<\/div>\n","protected":false},"excerpt":{"rendered":"<p>La cour d&#8217;appel de Paris, le 10 juillet 2025, statue sur la recevabilit\u00e9 d&#8217;un appel principal et incident. L&#8217;appelant principal n&#8217;a pas acquitt\u00e9 le droit de &#8230;<\/p>\n","protected":false},"author":232070755,"featured_media":4922,"comment_status":"open","ping_status":"open","sticky":false,"template":"","format":"standard","meta":{"_crdt_document":"","_jetpack_newsletter_access":"","_jetpack_dont_email_post_to_subs":false,"_jetpack_newsletter_tier_id":0,"_jetpack_memberships_contains_paywalled_content":false,"_kj_source_type":"judilibre","_kj_official_id":"68d62a08c52dd73e0dd8f4ab","_kj_official_url":"https:\/\/www.courdecassation.fr\/decision\/68d62a08c52dd73e0dd8f4ab","_kj_judilibre_id":"68d62a08c52dd73e0dd8f4ab","_kj_jur":"Cour d'appel","_kj_lieu":"Cour d'appel d'Aix-en-Provence","_kj_chambre":"Chambre 1-2","_kj_rg":"24\/12248","_kj_date":"2025-09-25","_jetpack_memberships_contains_paid_content":false,"footnotes":"","jetpack_post_was_ever_published":false},"categories":[7597],"tags":[],"class_list":["post-663713","post","type-post","status-publish","format-standard","has-post-thumbnail","hentry","category-jurisprudence"],"yoast_head":"<!-- This site is optimized with the Yoast SEO Premium plugin v27.5 (Yoast SEO v27.5) - https:\/\/yoast.com\/product\/yoast-seo-premium-wordpress\/ -->\n<title>Cour d&#039;appel de Paris, le 10 juillet 2025, n\u00b024\/12248 - Ma\u00eetre Hassan Kohen, avocat en droit p\u00e9nal \u00e0 Paris<\/title>\n<meta name=\"description\" content=\"La cour d&#039;appel de Paris, le 10 juillet 2025, statue sur la recevabilit\u00e9 d&#039;un appel principal et incident. L&#039;appelant principal n&#039;a pas acquitt\u00e9 le droit de ...\" \/>\n<meta name=\"robots\" content=\"index, follow, max-snippet:-1, max-image-preview:large, max-video-preview:-1\" \/>\n<link rel=\"canonical\" href=\"https:\/\/kohenavocats.com\/ar\/cour-dappel-de-paris-le-10-juillet-2025-n24-12248\/\" \/>\n<meta property=\"og:locale\" content=\"ar_AR\" \/>\n<meta property=\"og:type\" content=\"article\" \/>\n<meta property=\"og:title\" content=\"Cour d&#039;appel de Paris, le 10 juillet 2025, n\u00b024\/12248\" \/>\n<meta property=\"og:description\" content=\"La cour d&#039;appel de Paris, le 10 juillet 2025, statue sur la recevabilit\u00e9 d&#039;un appel principal et incident. L&#039;appelant principal n&#039;a pas acquitt\u00e9 le droit de ...\" \/>\n<meta property=\"og:url\" content=\"https:\/\/kohenavocats.com\/ar\/cour-dappel-de-paris-le-10-juillet-2025-n24-12248\/\" \/>\n<meta property=\"og:site_name\" content=\"Ma\u00eetre Hassan Kohen, avocat en droit p\u00e9nal \u00e0 Paris\" \/>\n<meta property=\"article:published_time\" content=\"2026-04-23T19:34:51+00:00\" \/>\n<meta property=\"og:image\" content=\"https:\/\/kohenavocats.com\/wp-content\/uploads\/2024\/08\/pierre-axel-cotteret-ZxtssYV12S4-unsplash.webp\" \/>\n\t<meta property=\"og:image:width\" content=\"6000\" \/>\n\t<meta property=\"og:image:height\" content=\"4000\" \/>\n\t<meta property=\"og:image:type\" content=\"image\/webp\" \/>\n<meta name=\"author\" content=\"Kohen\" \/>\n<meta name=\"twitter:card\" content=\"summary_large_image\" \/>\n<meta name=\"twitter:label1\" content=\"\u0643\u064f\u062a\u0628 \u0628\u0648\u0627\u0633\u0637\u0629\" \/>\n\t<meta name=\"twitter:data1\" content=\"Kohen\" \/>\n\t<meta name=\"twitter:label2\" content=\"\u0648\u0642\u062a \u0627\u0644\u0642\u0631\u0627\u0621\u0629 \u0627\u0644\u0645\u064f\u0642\u062f\u0651\u0631\" \/>\n\t<meta name=\"twitter:data2\" content=\"\u062f\u0642\u064a\u0642\u062a\u0627\u0646\" \/>\n<script type=\"application\/ld+json\" class=\"yoast-schema-graph\">{\"@context\":\"https:\\\/\\\/schema.org\",\"@graph\":[{\"@type\":\"Article\",\"@id\":\"https:\\\/\\\/kohenavocats.com\\\/ar\\\/cour-dappel-de-paris-le-10-juillet-2025-n24-12248\\\/#article\",\"isPartOf\":{\"@id\":\"https:\\\/\\\/kohenavocats.com\\\/ar\\\/cour-dappel-de-paris-le-10-juillet-2025-n24-12248\\\/\"},\"author\":{\"name\":\"Kohen\",\"@id\":\"https:\\\/\\\/kohenavocats.com\\\/ar\\\/#\\\/schema\\\/person\\\/761c9ba54fa1ca84d405cef0831ff751\"},\"headline\":\"Cour d&#8217;appel de Paris, le 10 juillet 2025, n\u00b024\\\/12248\",\"datePublished\":\"2026-04-23T19:34:51+00:00\",\"mainEntityOfPage\":{\"@id\":\"https:\\\/\\\/kohenavocats.com\\\/ar\\\/cour-dappel-de-paris-le-10-juillet-2025-n24-12248\\\/\"},\"wordCount\":443,\"commentCount\":0,\"publisher\":{\"@id\":\"https:\\\/\\\/kohenavocats.com\\\/ar\\\/#organization\"},\"image\":{\"@id\":\"https:\\\/\\\/kohenavocats.com\\\/ar\\\/cour-dappel-de-paris-le-10-juillet-2025-n24-12248\\\/#primaryimage\"},\"thumbnailUrl\":\"https:\\\/\\\/kohenavocats.com\\\/wp-content\\\/uploads\\\/2024\\\/08\\\/pierre-axel-cotteret-ZxtssYV12S4-unsplash.webp\",\"articleSection\":[\"Jurisprudence\"],\"inLanguage\":\"ar\",\"potentialAction\":[{\"@type\":\"CommentAction\",\"name\":\"Comment\",\"target\":[\"https:\\\/\\\/kohenavocats.com\\\/ar\\\/cour-dappel-de-paris-le-10-juillet-2025-n24-12248\\\/#respond\"]}],\"citation\":\"Cour d&#8217;appel de Paris, le 10 juillet 2025, n\u00b024\\\/12248\",\"about\":[{\"@type\":\"Thing\",\"name\":\"Jurisprudence\"}],\"dateModified\":\"2026-04-23T19:34:51+00:00\",\"speakable\":{\"@type\":\"SpeakableSpecification\",\"cssSelector\":[\".article-content > p:first-of-type\"]}},{\"@type\":\"WebPage\",\"@id\":\"https:\\\/\\\/kohenavocats.com\\\/ar\\\/cour-dappel-de-paris-le-10-juillet-2025-n24-12248\\\/\",\"url\":\"https:\\\/\\\/kohenavocats.com\\\/ar\\\/cour-dappel-de-paris-le-10-juillet-2025-n24-12248\\\/\",\"name\":\"Cour d'appel de Paris, le 10 juillet 2025, n\u00b024\\\/12248 - Ma\u00eetre Hassan Kohen, avocat en droit p\u00e9nal \u00e0 Paris\",\"isPartOf\":{\"@id\":\"https:\\\/\\\/kohenavocats.com\\\/ar\\\/#website\"},\"primaryImageOfPage\":{\"@id\":\"https:\\\/\\\/kohenavocats.com\\\/ar\\\/cour-dappel-de-paris-le-10-juillet-2025-n24-12248\\\/#primaryimage\"},\"image\":{\"@id\":\"https:\\\/\\\/kohenavocats.com\\\/ar\\\/cour-dappel-de-paris-le-10-juillet-2025-n24-12248\\\/#primaryimage\"},\"thumbnailUrl\":\"https:\\\/\\\/kohenavocats.com\\\/wp-content\\\/uploads\\\/2024\\\/08\\\/pierre-axel-cotteret-ZxtssYV12S4-unsplash.webp\",\"datePublished\":\"2026-04-23T19:34:51+00:00\",\"description\":\"La cour d'appel de Paris, le 10 juillet 2025, statue sur la recevabilit\u00e9 d'un appel principal et incident. L'appelant principal n'a pas acquitt\u00e9 le droit de ...\",\"breadcrumb\":{\"@id\":\"https:\\\/\\\/kohenavocats.com\\\/ar\\\/cour-dappel-de-paris-le-10-juillet-2025-n24-12248\\\/#breadcrumb\"},\"inLanguage\":\"ar\",\"potentialAction\":[{\"@type\":\"ReadAction\",\"target\":[\"https:\\\/\\\/kohenavocats.com\\\/ar\\\/cour-dappel-de-paris-le-10-juillet-2025-n24-12248\\\/\"]}]},{\"@type\":\"ImageObject\",\"inLanguage\":\"ar\",\"@id\":\"https:\\\/\\\/kohenavocats.com\\\/ar\\\/cour-dappel-de-paris-le-10-juillet-2025-n24-12248\\\/#primaryimage\",\"url\":\"https:\\\/\\\/kohenavocats.com\\\/wp-content\\\/uploads\\\/2024\\\/08\\\/pierre-axel-cotteret-ZxtssYV12S4-unsplash.webp\",\"contentUrl\":\"https:\\\/\\\/kohenavocats.com\\\/wp-content\\\/uploads\\\/2024\\\/08\\\/pierre-axel-cotteret-ZxtssYV12S4-unsplash.webp\",\"width\":6000,\"height\":4000},{\"@type\":\"BreadcrumbList\",\"@id\":\"https:\\\/\\\/kohenavocats.com\\\/ar\\\/cour-dappel-de-paris-le-10-juillet-2025-n24-12248\\\/#breadcrumb\",\"itemListElement\":[{\"@type\":\"ListItem\",\"position\":1,\"name\":\"Home\",\"item\":\"https:\\\/\\\/kohenavocats.com\\\/ar\\\/%d9%85%d8%ad%d8%a7%d9%85%d9%88%d9%86-%d9%85%d8%aa%d8%ae%d8%b5%d8%b5%d9%88%d9%86-%d9%81%d9%8a-%d8%a7%d9%84%d9%82%d8%a7%d9%86%d9%88%d9%86-%d8%a7%d9%84%d8%ac%d9%86%d8%a7%d8%a6%d9%8a-%d8%a8%d8%a8%d8%a7\\\/\"},{\"@type\":\"ListItem\",\"position\":2,\"name\":\"Cour d&rsquo;appel de Paris, le 10 juillet 2025, n\u00b024\\\/12248\"}]},{\"@type\":\"WebSite\",\"@id\":\"https:\\\/\\\/kohenavocats.com\\\/ar\\\/#website\",\"url\":\"https:\\\/\\\/kohenavocats.com\\\/ar\\\/\",\"name\":\"Kohen Avocats\",\"description\":\"Ma\u00eetre Hassan Kohen, avocat p\u00e9naliste \u00e0 Paris, intervient exclusivement en droit p\u00e9nal pour la d\u00e9fense des particuliers, notamment en mati\u00e8re d\u2019accusations de viol. Il assure un accompagnement rigoureux d\u00e8s la garde \u00e0 vue jusqu\u2019\u00e0 la Cour d\u2019assises, veillant au strict respect des garanties proc\u00e9durales.\",\"publisher\":{\"@id\":\"https:\\\/\\\/kohenavocats.com\\\/ar\\\/#organization\"},\"potentialAction\":[{\"@type\":\"SearchAction\",\"target\":{\"@type\":\"EntryPoint\",\"urlTemplate\":\"https:\\\/\\\/kohenavocats.com\\\/ar\\\/?s={search_term_string}\"},\"query-input\":{\"@type\":\"PropertyValueSpecification\",\"valueRequired\":true,\"valueName\":\"search_term_string\"}}],\"inLanguage\":\"ar\"},{\"@type\":\"Organization\",\"@id\":\"https:\\\/\\\/kohenavocats.com\\\/ar\\\/#organization\",\"name\":\"Kohen Avocats\",\"url\":\"https:\\\/\\\/kohenavocats.com\\\/ar\\\/\",\"logo\":{\"@type\":\"ImageObject\",\"inLanguage\":\"ar\",\"@id\":\"https:\\\/\\\/kohenavocats.com\\\/ar\\\/#\\\/schema\\\/logo\\\/image\\\/\",\"url\":\"https:\\\/\\\/kohenavocats.com\\\/wp-content\\\/uploads\\\/2026\\\/01\\\/Logo-2-1.webp\",\"contentUrl\":\"https:\\\/\\\/kohenavocats.com\\\/wp-content\\\/uploads\\\/2026\\\/01\\\/Logo-2-1.webp\",\"width\":2114,\"height\":1253,\"caption\":\"Kohen Avocats\"},\"image\":{\"@id\":\"https:\\\/\\\/kohenavocats.com\\\/ar\\\/#\\\/schema\\\/logo\\\/image\\\/\"}},{\"@type\":\"Person\",\"@id\":\"https:\\\/\\\/kohenavocats.com\\\/ar\\\/#\\\/schema\\\/person\\\/761c9ba54fa1ca84d405cef0831ff751\",\"name\":\"Kohen\",\"image\":{\"@type\":\"ImageObject\",\"inLanguage\":\"ar\",\"@id\":\"https:\\\/\\\/secure.gravatar.com\\\/avatar\\\/1c5e76ef76bbbfdd2b4da984e2bf2fa4056fd51a27d25ce2c332047f1dfd6e00?s=96&d=identicon&r=g\",\"url\":\"https:\\\/\\\/secure.gravatar.com\\\/avatar\\\/1c5e76ef76bbbfdd2b4da984e2bf2fa4056fd51a27d25ce2c332047f1dfd6e00?s=96&d=identicon&r=g\",\"contentUrl\":\"https:\\\/\\\/secure.gravatar.com\\\/avatar\\\/1c5e76ef76bbbfdd2b4da984e2bf2fa4056fd51a27d25ce2c332047f1dfd6e00?s=96&d=identicon&r=g\",\"caption\":\"Kohen\"},\"sameAs\":[\"https:\\\/\\\/www.linkedin.com\\\/in\\\/hassan-kohen-448548192\\\/\",\"https:\\\/\\\/www.youtube.com\\\/@Kohen-Avocats\"],\"url\":\"https:\\\/\\\/kohenavocats.com\\\/ar\\\/author\\\/kohenmlk\\\/\"}]}<\/script>\n<!-- \/ Yoast SEO Premium plugin. -->","yoast_head_json":{"title":"Cour d'appel de Paris, le 10 juillet 2025, n\u00b024\/12248 - Ma\u00eetre Hassan Kohen, avocat en droit p\u00e9nal \u00e0 Paris","description":"La cour d'appel de Paris, le 10 juillet 2025, statue sur la recevabilit\u00e9 d'un appel principal et incident. L'appelant principal n'a pas acquitt\u00e9 le droit de ...","robots":{"index":"index","follow":"follow","max-snippet":"max-snippet:-1","max-image-preview":"max-image-preview:large","max-video-preview":"max-video-preview:-1"},"canonical":"https:\/\/kohenavocats.com\/ar\/cour-dappel-de-paris-le-10-juillet-2025-n24-12248\/","og_locale":"ar_AR","og_type":"article","og_title":"Cour d'appel de Paris, le 10 juillet 2025, n\u00b024\/12248","og_description":"La cour d'appel de Paris, le 10 juillet 2025, statue sur la recevabilit\u00e9 d'un appel principal et incident. L'appelant principal n'a pas acquitt\u00e9 le droit de ...","og_url":"https:\/\/kohenavocats.com\/ar\/cour-dappel-de-paris-le-10-juillet-2025-n24-12248\/","og_site_name":"Ma\u00eetre Hassan Kohen, avocat en droit p\u00e9nal \u00e0 Paris","article_published_time":"2026-04-23T19:34:51+00:00","og_image":[{"width":6000,"height":4000,"url":"https:\/\/kohenavocats.com\/wp-content\/uploads\/2024\/08\/pierre-axel-cotteret-ZxtssYV12S4-unsplash.webp","type":"image\/webp"}],"author":"Kohen","twitter_card":"summary_large_image","twitter_misc":{"\u0643\u064f\u062a\u0628 \u0628\u0648\u0627\u0633\u0637\u0629":"Kohen","\u0648\u0642\u062a \u0627\u0644\u0642\u0631\u0627\u0621\u0629 \u0627\u0644\u0645\u064f\u0642\u062f\u0651\u0631":"\u062f\u0642\u064a\u0642\u062a\u0627\u0646"},"schema":{"@context":"https:\/\/schema.org","@graph":[{"@type":"Article","@id":"https:\/\/kohenavocats.com\/ar\/cour-dappel-de-paris-le-10-juillet-2025-n24-12248\/#article","isPartOf":{"@id":"https:\/\/kohenavocats.com\/ar\/cour-dappel-de-paris-le-10-juillet-2025-n24-12248\/"},"author":{"name":"Kohen","@id":"https:\/\/kohenavocats.com\/ar\/#\/schema\/person\/761c9ba54fa1ca84d405cef0831ff751"},"headline":"Cour d&#8217;appel de Paris, le 10 juillet 2025, n\u00b024\/12248","datePublished":"2026-04-23T19:34:51+00:00","mainEntityOfPage":{"@id":"https:\/\/kohenavocats.com\/ar\/cour-dappel-de-paris-le-10-juillet-2025-n24-12248\/"},"wordCount":443,"commentCount":0,"publisher":{"@id":"https:\/\/kohenavocats.com\/ar\/#organization"},"image":{"@id":"https:\/\/kohenavocats.com\/ar\/cour-dappel-de-paris-le-10-juillet-2025-n24-12248\/#primaryimage"},"thumbnailUrl":"https:\/\/kohenavocats.com\/wp-content\/uploads\/2024\/08\/pierre-axel-cotteret-ZxtssYV12S4-unsplash.webp","articleSection":["Jurisprudence"],"inLanguage":"ar","potentialAction":[{"@type":"CommentAction","name":"Comment","target":["https:\/\/kohenavocats.com\/ar\/cour-dappel-de-paris-le-10-juillet-2025-n24-12248\/#respond"]}],"citation":"Cour d&#8217;appel de Paris, le 10 juillet 2025, n\u00b024\/12248","about":[{"@type":"Thing","name":"Jurisprudence"}],"dateModified":"2026-04-23T19:34:51+00:00","speakable":{"@type":"SpeakableSpecification","cssSelector":[".article-content > p:first-of-type"]}},{"@type":"WebPage","@id":"https:\/\/kohenavocats.com\/ar\/cour-dappel-de-paris-le-10-juillet-2025-n24-12248\/","url":"https:\/\/kohenavocats.com\/ar\/cour-dappel-de-paris-le-10-juillet-2025-n24-12248\/","name":"Cour d'appel de Paris, le 10 juillet 2025, n\u00b024\/12248 - Ma\u00eetre Hassan Kohen, avocat en droit p\u00e9nal \u00e0 Paris","isPartOf":{"@id":"https:\/\/kohenavocats.com\/ar\/#website"},"primaryImageOfPage":{"@id":"https:\/\/kohenavocats.com\/ar\/cour-dappel-de-paris-le-10-juillet-2025-n24-12248\/#primaryimage"},"image":{"@id":"https:\/\/kohenavocats.com\/ar\/cour-dappel-de-paris-le-10-juillet-2025-n24-12248\/#primaryimage"},"thumbnailUrl":"https:\/\/kohenavocats.com\/wp-content\/uploads\/2024\/08\/pierre-axel-cotteret-ZxtssYV12S4-unsplash.webp","datePublished":"2026-04-23T19:34:51+00:00","description":"La cour d'appel de Paris, le 10 juillet 2025, statue sur la recevabilit\u00e9 d'un appel principal et incident. L'appelant principal n'a pas acquitt\u00e9 le droit de ...","breadcrumb":{"@id":"https:\/\/kohenavocats.com\/ar\/cour-dappel-de-paris-le-10-juillet-2025-n24-12248\/#breadcrumb"},"inLanguage":"ar","potentialAction":[{"@type":"ReadAction","target":["https:\/\/kohenavocats.com\/ar\/cour-dappel-de-paris-le-10-juillet-2025-n24-12248\/"]}]},{"@type":"ImageObject","inLanguage":"ar","@id":"https:\/\/kohenavocats.com\/ar\/cour-dappel-de-paris-le-10-juillet-2025-n24-12248\/#primaryimage","url":"https:\/\/kohenavocats.com\/wp-content\/uploads\/2024\/08\/pierre-axel-cotteret-ZxtssYV12S4-unsplash.webp","contentUrl":"https:\/\/kohenavocats.com\/wp-content\/uploads\/2024\/08\/pierre-axel-cotteret-ZxtssYV12S4-unsplash.webp","width":6000,"height":4000},{"@type":"BreadcrumbList","@id":"https:\/\/kohenavocats.com\/ar\/cour-dappel-de-paris-le-10-juillet-2025-n24-12248\/#breadcrumb","itemListElement":[{"@type":"ListItem","position":1,"name":"Home","item":"https:\/\/kohenavocats.com\/ar\/%d9%85%d8%ad%d8%a7%d9%85%d9%88%d9%86-%d9%85%d8%aa%d8%ae%d8%b5%d8%b5%d9%88%d9%86-%d9%81%d9%8a-%d8%a7%d9%84%d9%82%d8%a7%d9%86%d9%88%d9%86-%d8%a7%d9%84%d8%ac%d9%86%d8%a7%d8%a6%d9%8a-%d8%a8%d8%a8%d8%a7\/"},{"@type":"ListItem","position":2,"name":"Cour d&rsquo;appel de Paris, le 10 juillet 2025, n\u00b024\/12248"}]},{"@type":"WebSite","@id":"https:\/\/kohenavocats.com\/ar\/#website","url":"https:\/\/kohenavocats.com\/ar\/","name":"Kohen Avocats","description":"Ma\u00eetre Hassan Kohen, avocat p\u00e9naliste \u00e0 Paris, intervient exclusivement en droit p\u00e9nal pour la d\u00e9fense des particuliers, notamment en mati\u00e8re d\u2019accusations de viol. Il assure un accompagnement rigoureux d\u00e8s la garde \u00e0 vue jusqu\u2019\u00e0 la Cour d\u2019assises, veillant au strict respect des garanties proc\u00e9durales.","publisher":{"@id":"https:\/\/kohenavocats.com\/ar\/#organization"},"potentialAction":[{"@type":"SearchAction","target":{"@type":"EntryPoint","urlTemplate":"https:\/\/kohenavocats.com\/ar\/?s={search_term_string}"},"query-input":{"@type":"PropertyValueSpecification","valueRequired":true,"valueName":"search_term_string"}}],"inLanguage":"ar"},{"@type":"Organization","@id":"https:\/\/kohenavocats.com\/ar\/#organization","name":"Kohen Avocats","url":"https:\/\/kohenavocats.com\/ar\/","logo":{"@type":"ImageObject","inLanguage":"ar","@id":"https:\/\/kohenavocats.com\/ar\/#\/schema\/logo\/image\/","url":"https:\/\/kohenavocats.com\/wp-content\/uploads\/2026\/01\/Logo-2-1.webp","contentUrl":"https:\/\/kohenavocats.com\/wp-content\/uploads\/2026\/01\/Logo-2-1.webp","width":2114,"height":1253,"caption":"Kohen Avocats"},"image":{"@id":"https:\/\/kohenavocats.com\/ar\/#\/schema\/logo\/image\/"}},{"@type":"Person","@id":"https:\/\/kohenavocats.com\/ar\/#\/schema\/person\/761c9ba54fa1ca84d405cef0831ff751","name":"Kohen","image":{"@type":"ImageObject","inLanguage":"ar","@id":"https:\/\/secure.gravatar.com\/avatar\/1c5e76ef76bbbfdd2b4da984e2bf2fa4056fd51a27d25ce2c332047f1dfd6e00?s=96&d=identicon&r=g","url":"https:\/\/secure.gravatar.com\/avatar\/1c5e76ef76bbbfdd2b4da984e2bf2fa4056fd51a27d25ce2c332047f1dfd6e00?s=96&d=identicon&r=g","contentUrl":"https:\/\/secure.gravatar.com\/avatar\/1c5e76ef76bbbfdd2b4da984e2bf2fa4056fd51a27d25ce2c332047f1dfd6e00?s=96&d=identicon&r=g","caption":"Kohen"},"sameAs":["https:\/\/www.linkedin.com\/in\/hassan-kohen-448548192\/","https:\/\/www.youtube.com\/@Kohen-Avocats"],"url":"https:\/\/kohenavocats.com\/ar\/author\/kohenmlk\/"}]}},"jetpack_featured_media_url":"https:\/\/kohenavocats.com\/wp-content\/uploads\/2024\/08\/pierre-axel-cotteret-ZxtssYV12S4-unsplash.webp","jetpack_likes_enabled":false,"jetpack_shortlink":"https:\/\/wp.me\/peCrII-2MF3","jetpack-related-posts":[{"id":725864,"url":"https:\/\/kohenavocats.com\/ar\/cour-dappel-de-aix-en-provence-le-5-fevrier-2026-n25-08595\/","url_meta":{"origin":663713,"position":0},"title":"Cour d&#8217;appel de Aix-en-Provence, le 5 f\u00e9vrier 2026, n\u00b025\/08595","author":"Kohen","date":"28 \u0623\u0628\u0631\u064a\u0644\u060c 2026","format":false,"excerpt":"La cour d'appel d'Aix-en-Provence a rendu un arr\u00eat d'irrecevabilit\u00e9 d'appel le 5 f\u00e9vrier 2026. Un appelant a interjet\u00e9 appel d'une ordonnance de r\u00e9f\u00e9r\u00e9 du...","rel":"","context":"\u0641\u064a &quot;Cour d'appel&quot;","block_context":{"text":"Cour d'appel","link":"https:\/\/kohenavocats.com\/category\/cour-dappel\/"},"img":{"alt_text":"","src":"https:\/\/i0.wp.com\/kohenavocats.com\/wp-content\/uploads\/2024\/11\/getty-images-wvhLLa5sdtg-unsplash.webp?resize=350%2C200&ssl=1","width":350,"height":200,"srcset":"https:\/\/i0.wp.com\/kohenavocats.com\/wp-content\/uploads\/2024\/11\/getty-images-wvhLLa5sdtg-unsplash.webp?resize=350%2C200&ssl=1 1x, https:\/\/i0.wp.com\/kohenavocats.com\/wp-content\/uploads\/2024\/11\/getty-images-wvhLLa5sdtg-unsplash.webp?resize=525%2C300&ssl=1 1.5x, https:\/\/i0.wp.com\/kohenavocats.com\/wp-content\/uploads\/2024\/11\/getty-images-wvhLLa5sdtg-unsplash.webp?resize=700%2C400&ssl=1 2x, https:\/\/i0.wp.com\/kohenavocats.com\/wp-content\/uploads\/2024\/11\/getty-images-wvhLLa5sdtg-unsplash.webp?resize=1050%2C600&ssl=1 3x, https:\/\/i0.wp.com\/kohenavocats.com\/wp-content\/uploads\/2024\/11\/getty-images-wvhLLa5sdtg-unsplash.webp?resize=1400%2C800&ssl=1 4x"},"classes":[]},{"id":717070,"url":"https:\/\/kohenavocats.com\/ar\/cour-dappel-de-aix-en-provence-le-20-janvier-2026-n21-07636\/","url_meta":{"origin":663713,"position":1},"title":"Cour d&#8217;appel de Aix-en-Provence, le 20 janvier 2026, n\u00b021\/07636","author":"Kohen","date":"28 \u0623\u0628\u0631\u064a\u0644\u060c 2026","format":false,"excerpt":"L'arr\u00eat rendu par la cour d'appel d'Aix-en-Provence le 20 janvier 2026 d\u00e9clare irrecevable l'appel form\u00e9 par une soci\u00e9t\u00e9 civile immobili\u00e8re \u00e0 l'encontre d'un...","rel":"","context":"\u0641\u064a &quot;Jurisprudence&quot;","block_context":{"text":"Jurisprudence","link":"https:\/\/kohenavocats.com\/category\/jurisprudence\/"},"img":{"alt_text":"","src":"https:\/\/i0.wp.com\/kohenavocats.com\/wp-content\/uploads\/2024\/07\/prateek-katyal-_YzGQvASeMk-unsplash.webp?resize=350%2C200&ssl=1","width":350,"height":200,"srcset":"https:\/\/i0.wp.com\/kohenavocats.com\/wp-content\/uploads\/2024\/07\/prateek-katyal-_YzGQvASeMk-unsplash.webp?resize=350%2C200&ssl=1 1x, https:\/\/i0.wp.com\/kohenavocats.com\/wp-content\/uploads\/2024\/07\/prateek-katyal-_YzGQvASeMk-unsplash.webp?resize=525%2C300&ssl=1 1.5x, https:\/\/i0.wp.com\/kohenavocats.com\/wp-content\/uploads\/2024\/07\/prateek-katyal-_YzGQvASeMk-unsplash.webp?resize=700%2C400&ssl=1 2x, https:\/\/i0.wp.com\/kohenavocats.com\/wp-content\/uploads\/2024\/07\/prateek-katyal-_YzGQvASeMk-unsplash.webp?resize=1050%2C600&ssl=1 3x, https:\/\/i0.wp.com\/kohenavocats.com\/wp-content\/uploads\/2024\/07\/prateek-katyal-_YzGQvASeMk-unsplash.webp?resize=1400%2C800&ssl=1 4x"},"classes":[]},{"id":726209,"url":"https:\/\/kohenavocats.com\/ar\/cour-dappel-de-aix-en-provence-le-5-fevrier-2026-n25-09774\/","url_meta":{"origin":663713,"position":2},"title":"Cour d&#8217;appel de Aix-en-Provence, le 5 f\u00e9vrier 2026, n\u00b025\/09774","author":"Kohen","date":"28 \u0623\u0628\u0631\u064a\u0644\u060c 2026","format":false,"excerpt":"La cour d'appel d'Aix-en-Provence, dans un arr\u00eat du 5 f\u00e9vrier 2026, a d\u00e9clar\u00e9 irrecevable l'appel form\u00e9 par une soci\u00e9t\u00e9 locataire et son dirigeant,...","rel":"","context":"\u0641\u064a &quot;Cour d'appel&quot;","block_context":{"text":"Cour d'appel","link":"https:\/\/kohenavocats.com\/category\/cour-dappel\/"},"img":{"alt_text":"","src":"https:\/\/i0.wp.com\/kohenavocats.com\/wp-content\/uploads\/2024\/08\/pierre-antona-ir9dYEOvx5s-unsplash-1.webp?resize=350%2C200&ssl=1","width":350,"height":200,"srcset":"https:\/\/i0.wp.com\/kohenavocats.com\/wp-content\/uploads\/2024\/08\/pierre-antona-ir9dYEOvx5s-unsplash-1.webp?resize=350%2C200&ssl=1 1x, https:\/\/i0.wp.com\/kohenavocats.com\/wp-content\/uploads\/2024\/08\/pierre-antona-ir9dYEOvx5s-unsplash-1.webp?resize=525%2C300&ssl=1 1.5x, https:\/\/i0.wp.com\/kohenavocats.com\/wp-content\/uploads\/2024\/08\/pierre-antona-ir9dYEOvx5s-unsplash-1.webp?resize=700%2C400&ssl=1 2x, https:\/\/i0.wp.com\/kohenavocats.com\/wp-content\/uploads\/2024\/08\/pierre-antona-ir9dYEOvx5s-unsplash-1.webp?resize=1050%2C600&ssl=1 3x, https:\/\/i0.wp.com\/kohenavocats.com\/wp-content\/uploads\/2024\/08\/pierre-antona-ir9dYEOvx5s-unsplash-1.webp?resize=1400%2C800&ssl=1 4x"},"classes":[]},{"id":726377,"url":"https:\/\/kohenavocats.com\/ar\/cour-dappel-de-paris-le-5-fevrier-2026-n22-04399\/","url_meta":{"origin":663713,"position":3},"title":"Cour d&#8217;appel de Paris, le 5 f\u00e9vrier 2026, n\u00b022\/04399","author":"Kohen","date":"28 \u0623\u0628\u0631\u064a\u0644\u060c 2026","format":false,"excerpt":"La Cour d'appel de Paris, dans un arr\u00eat du 5 f\u00e9vrier 2026, a d\u00e9clar\u00e9 irrecevable l'appel form\u00e9 par des locataires et leur soci\u00e9t\u00e9 contre un jugement les cond...","rel":"","context":"\u0641\u064a &quot;Jurisprudence&quot;","block_context":{"text":"Jurisprudence","link":"https:\/\/kohenavocats.com\/category\/jurisprudence\/"},"img":{"alt_text":"","src":"https:\/\/i0.wp.com\/kohenavocats.com\/wp-content\/uploads\/2024\/11\/getty-images-YCdjFYsEk9Q-unsplash.webp?resize=350%2C200&ssl=1","width":350,"height":200,"srcset":"https:\/\/i0.wp.com\/kohenavocats.com\/wp-content\/uploads\/2024\/11\/getty-images-YCdjFYsEk9Q-unsplash.webp?resize=350%2C200&ssl=1 1x, https:\/\/i0.wp.com\/kohenavocats.com\/wp-content\/uploads\/2024\/11\/getty-images-YCdjFYsEk9Q-unsplash.webp?resize=525%2C300&ssl=1 1.5x, https:\/\/i0.wp.com\/kohenavocats.com\/wp-content\/uploads\/2024\/11\/getty-images-YCdjFYsEk9Q-unsplash.webp?resize=700%2C400&ssl=1 2x, https:\/\/i0.wp.com\/kohenavocats.com\/wp-content\/uploads\/2024\/11\/getty-images-YCdjFYsEk9Q-unsplash.webp?resize=1050%2C600&ssl=1 3x, https:\/\/i0.wp.com\/kohenavocats.com\/wp-content\/uploads\/2024\/11\/getty-images-YCdjFYsEk9Q-unsplash.webp?resize=1400%2C800&ssl=1 4x"},"classes":[]},{"id":726075,"url":"https:\/\/kohenavocats.com\/ar\/cour-dappel-de-douai-le-5-fevrier-2026-n24-05182\/","url_meta":{"origin":663713,"position":4},"title":"Cour d&#8217;appel de Douai, le 5 f\u00e9vrier 2026, n\u00b024\/05182","author":"Kohen","date":"28 \u0623\u0628\u0631\u064a\u0644\u060c 2026","format":false,"excerpt":"L\u2019arr\u00eat rendu par la cour d\u2019appel de Douai le 5 f\u00e9vrier 2026 d\u00e9clare irrecevable l\u2019appel form\u00e9 par une soci\u00e9t\u00e9 de promotion immobili\u00e8re et ses trois soci\u00e9t\u00e9s...","rel":"","context":"\u0641\u064a &quot;Jurisprudence&quot;","block_context":{"text":"Jurisprudence","link":"https:\/\/kohenavocats.com\/category\/jurisprudence\/"},"img":{"alt_text":"","src":"https:\/\/i0.wp.com\/kohenavocats.com\/wp-content\/uploads\/2024\/11\/virginia-marinova-35wSdu41mac-unsplash.webp?resize=350%2C200&ssl=1","width":350,"height":200,"srcset":"https:\/\/i0.wp.com\/kohenavocats.com\/wp-content\/uploads\/2024\/11\/virginia-marinova-35wSdu41mac-unsplash.webp?resize=350%2C200&ssl=1 1x, https:\/\/i0.wp.com\/kohenavocats.com\/wp-content\/uploads\/2024\/11\/virginia-marinova-35wSdu41mac-unsplash.webp?resize=525%2C300&ssl=1 1.5x, https:\/\/i0.wp.com\/kohenavocats.com\/wp-content\/uploads\/2024\/11\/virginia-marinova-35wSdu41mac-unsplash.webp?resize=700%2C400&ssl=1 2x, https:\/\/i0.wp.com\/kohenavocats.com\/wp-content\/uploads\/2024\/11\/virginia-marinova-35wSdu41mac-unsplash.webp?resize=1050%2C600&ssl=1 3x, https:\/\/i0.wp.com\/kohenavocats.com\/wp-content\/uploads\/2024\/11\/virginia-marinova-35wSdu41mac-unsplash.webp?resize=1400%2C800&ssl=1 4x"},"classes":[]},{"id":303301,"url":"https:\/\/kohenavocats.com\/ar\/cour-dappel-de-rennes-le-7-octobre-2025-n24-05551\/","url_meta":{"origin":663713,"position":5},"title":"Cour d&#8217;appel de Rennes, le 7 octobre 2025, n\u00b024\/05551","author":"Kohen","date":"5 \u0641\u0628\u0631\u0627\u064a\u0631\u060c 2026","format":false,"excerpt":"La Cour d\u2019appel de Rennes, dans un arr\u00eat du 7 octobre 2025, statue sur un d\u00e9sistement d\u2019instance et d\u2019action intervenu en appel. Plusieurs soci\u00e9t\u00e9s, condamn\u00e9es \u00e0 titre provisoire par le tribunal de commerce de Nantes, forment appel. En cours de proc\u00e9dure, elles d\u00e9posent des conclusions sollicitant un d\u00e9sistement commun avec\u2026","rel":"","context":"\u0641\u064a &quot;Cour d'appel&quot;","block_context":{"text":"Cour d'appel","link":"https:\/\/kohenavocats.com\/category\/cour-dappel\/"},"img":{"alt_text":"","src":"https:\/\/i0.wp.com\/kohenavocats.com\/wp-content\/uploads\/2024\/07\/leo-serrat-jxLd50GtR0c-unsplash.webp?resize=350%2C200&ssl=1","width":350,"height":200,"srcset":"https:\/\/i0.wp.com\/kohenavocats.com\/wp-content\/uploads\/2024\/07\/leo-serrat-jxLd50GtR0c-unsplash.webp?resize=350%2C200&ssl=1 1x, https:\/\/i0.wp.com\/kohenavocats.com\/wp-content\/uploads\/2024\/07\/leo-serrat-jxLd50GtR0c-unsplash.webp?resize=525%2C300&ssl=1 1.5x, https:\/\/i0.wp.com\/kohenavocats.com\/wp-content\/uploads\/2024\/07\/leo-serrat-jxLd50GtR0c-unsplash.webp?resize=700%2C400&ssl=1 2x, https:\/\/i0.wp.com\/kohenavocats.com\/wp-content\/uploads\/2024\/07\/leo-serrat-jxLd50GtR0c-unsplash.webp?resize=1050%2C600&ssl=1 3x, https:\/\/i0.wp.com\/kohenavocats.com\/wp-content\/uploads\/2024\/07\/leo-serrat-jxLd50GtR0c-unsplash.webp?resize=1400%2C800&ssl=1 4x"},"classes":[]}],"jetpack_sharing_enabled":true,"_links":{"self":[{"href":"https:\/\/kohenavocats.com\/ar\/wp-json\/wp\/v2\/posts\/663713","targetHints":{"allow":["GET"]}}],"collection":[{"href":"https:\/\/kohenavocats.com\/ar\/wp-json\/wp\/v2\/posts"}],"about":[{"href":"https:\/\/kohenavocats.com\/ar\/wp-json\/wp\/v2\/types\/post"}],"author":[{"embeddable":true,"href":"https:\/\/kohenavocats.com\/ar\/wp-json\/wp\/v2\/users\/232070755"}],"replies":[{"embeddable":true,"href":"https:\/\/kohenavocats.com\/ar\/wp-json\/wp\/v2\/comments?post=663713"}],"version-history":[{"count":0,"href":"https:\/\/kohenavocats.com\/ar\/wp-json\/wp\/v2\/posts\/663713\/revisions"}],"wp:featuredmedia":[{"embeddable":true,"href":"https:\/\/kohenavocats.com\/ar\/wp-json\/wp\/v2\/media\/4922"}],"wp:attachment":[{"href":"https:\/\/kohenavocats.com\/ar\/wp-json\/wp\/v2\/media?parent=663713"}],"wp:term":[{"taxonomy":"category","embeddable":true,"href":"https:\/\/kohenavocats.com\/ar\/wp-json\/wp\/v2\/categories?post=663713"},{"taxonomy":"post_tag","embeddable":true,"href":"https:\/\/kohenavocats.com\/ar\/wp-json\/wp\/v2\/tags?post=663713"}],"curies":[{"name":"wp","href":"https:\/\/api.w.org\/{rel}","templated":true}]}}