{"id":663904,"date":"2026-04-23T21:48:27","date_gmt":"2026-04-23T19:48:27","guid":{"rendered":"https:\/\/kohenavocats.com\/prestation-compensatoire-a-vie-rente-viagere-revision-suppression-deces\/"},"modified":"2026-04-25T09:38:51","modified_gmt":"2026-04-25T07:38:51","slug":"prestation-compensatoire-a-vie-rente-viagere-revision-suppression-deces","status":"publish","type":"post","link":"https:\/\/kohenavocats.com\/ar\/prestation-compensatoire-a-vie-rente-viagere-revision-suppression-deces\/","title":{"rendered":"Prestation compensatoire \u00e0 vie : quand la rente viag\u00e8re est-elle possible, peut-on la r\u00e9viser ou la supprimer, et que se passe-t-il au d\u00e9c\u00e8s ?"},"content":{"rendered":"<p>Beaucoup de justiciables formulent leur question ainsi :<\/p>\n<p><code>est-ce que je vais payer une prestation compensatoire \u00e0 vie ?<\/code><\/p>\n<p>ou<\/p>\n<p><code>mon ex peut-il obtenir une rente jusqu'\u00e0 sa mort ?<\/code><\/p>\n<p>La bonne nouvelle est qu&#8217;en droit fran\u00e7ais, la prestation compensatoire n&#8217;est pas pens\u00e9e d&#8217;abord comme une rente viag\u00e8re.<\/p>\n<p>Le point de d\u00e9part est l&#8217;<a href=\"https:\/\/www.legifrance.gouv.fr\/codes\/article_lc\/LEGIARTI000006423871\">article 270 du code civil<\/a>, qui pose deux r\u00e8gles simples :<\/p>\n<ul>\n<li>la prestation compensatoire sert \u00e0 compenser la disparit\u00e9 cr\u00e9\u00e9e par le divorce dans les conditions de vie respectives des \u00e9poux ;<\/li>\n<li>elle a, par principe, un caract\u00e8re forfaitaire et prend la forme d&#8217;un capital.<\/li>\n<\/ul>\n<p>Autrement dit, le r\u00e9flexe <code>prestation compensatoire \u00e0 vie<\/code> n&#8217;est pas le bon point d&#8217;entr\u00e9e. La rente viag\u00e8re existe, mais elle reste une exception. Et cette exception ob\u00e9it \u00e0 des conditions strictes, \u00e0 une preuve serr\u00e9e, puis \u00e0 des r\u00e8gles propres sur la r\u00e9vision, la suppression et le d\u00e9c\u00e8s du d\u00e9biteur.<\/p>\n<p>Pour le hub du cabinet, gardez aussi la page pilier <a href=\"https:\/\/kohenavocats.com\/avocats-prestation-compensatoire-paris\/\">Avocats Prestation Compensatoire Paris | Calcul et R\u00e9vision<\/a>, le <a href=\"https:\/\/kohenavocats.com\/simulateur-prestation-compensatoire\/\">simulateur de prestation compensatoire<\/a> et la d\u00e9clinaison locale <a href=\"https:\/\/kohenavocats.fr\/2026\/04\/23\/prestation-compensatoire-a-vie-paris-ile-de-france-jaf-rente-viagere-delais\/\">Paris et \u00cele-de-France : quel JAF saisir, quelles pi\u00e8ces pr\u00e9parer, et quels d\u00e9lais pr\u00e9voir pour une rente viag\u00e8re ?<\/a>. Si votre sujet est celui du partage immobilier et de la liquidation, voyez aussi notre guide sur le <a href=\"https:\/\/kohenavocats.com\/divorce-contrat-mariage-separation-biens-partage-maison-prestation-compensatoire\/\">divorce avec s\u00e9paration de biens et prestation compensatoire<\/a>.<\/p>\n<h2>1. Non, la prestation compensatoire n&#8217;est pas normalement &#8220;\u00e0 vie&#8221;<\/h2>\n<p>Le droit positif part du capital, pas de la rente.<\/p>\n<p>L&#8217;<a href=\"https:\/\/www.legifrance.gouv.fr\/codes\/article_lc\/LEGIARTI000006423992\">article 275 du code civil<\/a> pr\u00e9voit m\u00eame que, lorsque le d\u00e9biteur ne peut pas verser ce capital imm\u00e9diatement, le juge peut en organiser le paiement par versements p\u00e9riodiques, dans la limite de huit ans en principe. Cette pr\u00e9cision est essentielle. Dans beaucoup de dossiers, ce que les parties appellent \u00e0 tort <code>prestation \u00e0 vie<\/code> rel\u00e8ve en r\u00e9alit\u00e9 d&#8217;un capital fractionn\u00e9 ou d&#8217;une mauvaise lecture du jugement.<\/p>\n<p>Il faut donc distinguer trois situations tr\u00e8s diff\u00e9rentes :<\/p>\n<ul>\n<li>le capital pay\u00e9 en une fois ;<\/li>\n<li>le capital \u00e9chelonn\u00e9 sur plusieurs ann\u00e9es ;<\/li>\n<li>et la vraie rente viag\u00e8re.<\/li>\n<\/ul>\n<p>La confusion est fr\u00e9quente parce que, dans la vie courante, tout paiement mensuel ressemble \u00e0 une pension. Juridiquement, ce n&#8217;est pas la m\u00eame chose.<\/p>\n<p>Le capital \u00e9chelonn\u00e9 reste un capital. Il est born\u00e9. Il est index\u00e9. Il peut \u00eatre r\u00e9am\u00e9nag\u00e9 en cas de changement important de la situation du d\u00e9biteur, mais il ne devient pas pour autant une rente viag\u00e8re.<\/p>\n<p>La rente viag\u00e8re, elle, suit un autre r\u00e9gime. C&#8217;est pr\u00e9cis\u00e9ment ce r\u00e9gime exceptionnel qui nourrit les recherches anxieuses du type <code>\u00e0 vie<\/code>, <code>jusqu'\u00e0 la mort<\/code>, <code>puis-je l'arr\u00eater<\/code>, ou <code>mes h\u00e9ritiers devront-ils payer<\/code>.<\/p>\n<h2>2. Quand une rente viag\u00e8re est-elle vraiment possible ?<\/h2>\n<p>Le texte d\u00e9cisif est l&#8217;<a href=\"https:\/\/www.legifrance.gouv.fr\/codes\/article_lc\/LEGIARTI000006424016\">article 276 du code civil<\/a>.<\/p>\n<p>Il ne dit pas simplement que le juge <code>peut<\/code> choisir une rente. Il dit qu&#8217;il peut le faire, <code>\u00e0 titre exceptionnel<\/code>, par <code>d\u00e9cision sp\u00e9cialement motiv\u00e9e<\/code>, lorsque <code>l'\u00e2ge ou l'\u00e9tat de sant\u00e9 du cr\u00e9ancier ne lui permet pas de subvenir \u00e0 ses besoins<\/code>.<\/p>\n<p>La formule est lourde de cons\u00e9quences.<\/p>\n<p>Cela signifie qu&#8217;une rente viag\u00e8re ne se justifie pas parce que :<\/p>\n<ul>\n<li>le mariage a \u00e9t\u00e9 long ;<\/li>\n<li>le niveau de vie a \u00e9t\u00e9 tr\u00e8s in\u00e9gal ;<\/li>\n<li>ou le cr\u00e9ancier souhaite une s\u00e9curit\u00e9 psychologique plus forte.<\/li>\n<\/ul>\n<p>Il faut quelque chose de plus resserr\u00e9.<\/p>\n<p>Le juge doit pouvoir expliquer, dossier en main, pourquoi un capital, m\u00eame pay\u00e9 en plusieurs fois, n&#8217;est pas une r\u00e9ponse adapt\u00e9e. En pratique, la rente viag\u00e8re est surtout envisag\u00e9e lorsque l&#8217;\u00e9poux cr\u00e9ancier cumule un \u00e2ge avanc\u00e9, un \u00e9tat de sant\u00e9 d\u00e9grad\u00e9, une faible capacit\u00e9 de retour \u00e0 l&#8217;emploi, et un besoin durable de s\u00e9curisation.<\/p>\n<p>L&#8217;article 276 renvoie en outre aux crit\u00e8res de l&#8217;<a href=\"https:\/\/www.legifrance.gouv.fr\/codes\/article_lc\/LEGIARTI000023035844\">article 271 du code civil<\/a>, qui impose de regarder notamment :<\/p>\n<ul>\n<li>la dur\u00e9e du mariage ;<\/li>\n<li>l&#8217;\u00e2ge et l&#8217;\u00e9tat de sant\u00e9 des \u00e9poux ;<\/li>\n<li>leur qualification et leur situation professionnelles ;<\/li>\n<li>les choix familiaux ayant frein\u00e9 la carri\u00e8re de l&#8217;un ;<\/li>\n<li>le patrimoine estim\u00e9 ou pr\u00e9visible apr\u00e8s liquidation ;<\/li>\n<li>les droits existants et pr\u00e9visibles ;<\/li>\n<li>et la situation respective en mati\u00e8re de retraite.<\/li>\n<\/ul>\n<p>La question n&#8217;est donc jamais :<\/p>\n<p><code>le cr\u00e9ancier a-t-il moins d'argent aujourd'hui ?<\/code><\/p>\n<p>La vraie question est :<\/p>\n<p><code>au regard de l'\u00e2ge, de la sant\u00e9, des ressources, du patrimoine et des perspectives r\u00e9alistes, un capital est-il encore coh\u00e9rent, ou faut-il exceptionnellement une rente viag\u00e8re ?<\/code><\/p>\n<p>Le <a href=\"https:\/\/www.service-public.fr\/particuliers\/vosdroits\/F1760\">service public<\/a> pr\u00e9sente d&#8217;ailleurs la m\u00eame architecture : capital d&#8217;abord, rente viag\u00e8re seulement \u00e0 titre exceptionnel.<\/p>\n<h2>3. Ce qu&#8217;il faut prouver si vous demandez ou si vous contestez une prestation &#8220;\u00e0 vie&#8221;<\/h2>\n<p>Sur ce type de dossier, le d\u00e9bat se gagne rarement par des principes abstraits. Il se gagne par la qualit\u00e9 de la preuve.<\/p>\n<h3>A. Si vous demandez une rente viag\u00e8re<\/h3>\n<p>Il faut documenter tr\u00e8s concr\u00e8tement l&#8217;impossibilit\u00e9 de subvenir durablement \u00e0 ses besoins.<\/p>\n<p>Pi\u00e8ces utiles :<\/p>\n<ul>\n<li>certificat m\u00e9dical circonstanci\u00e9 ou justificatifs de pathologie chronique ;<\/li>\n<li>documents retraite ;<\/li>\n<li>justificatifs d&#8217;invalidit\u00e9, d&#8217;inaptitude ou de faibles pensions ;<\/li>\n<li>relev\u00e9s de revenus actuels ;<\/li>\n<li>budget mensuel lisible ;<\/li>\n<li>patrimoine disponible r\u00e9el, et pas seulement th\u00e9orique ;<\/li>\n<li>\u00e9l\u00e9ments montrant que le capital ne suffirait pas \u00e0 s\u00e9curiser la situation ;<\/li>\n<li>et pi\u00e8ces sur les sacrifices de carri\u00e8re li\u00e9s au couple ou aux enfants.<\/li>\n<\/ul>\n<p>Le dossier doit raconter une trajectoire.<\/p>\n<p>Un juge comprend mieux une rente viag\u00e8re lorsqu&#8217;il voit un encha\u00eenement clair :<\/p>\n<p><code>mariage long<\/code>, <code>carri\u00e8re interrompue<\/code>, <code>retraite faible<\/code>, <code>sant\u00e9 d\u00e9grad\u00e9e<\/code>, <code>faible possibilit\u00e9 de retour \u00e0 l'emploi<\/code>, <code>patrimoine limit\u00e9<\/code>, <code>besoin durable<\/code>.<\/p>\n<h3>B. Si vous contestez une demande de rente viag\u00e8re<\/h3>\n<p>Le bon angle n&#8217;est pas de soutenir que le cr\u00e9ancier <code>n'a droit \u00e0 rien<\/code> par r\u00e9flexe.<\/p>\n<p>Il faut montrer, plus finement, que la prestation, si elle doit exister, peut \u00eatre satisfaite autrement que par une rente viag\u00e8re.<\/p>\n<p>Par exemple :<\/p>\n<ul>\n<li>le cr\u00e9ancier dispose d&#8217;un patrimoine mobilisable ;<\/li>\n<li>un capital, m\u00eame fractionn\u00e9, est r\u00e9aliste ;<\/li>\n<li>l&#8217;\u00e9tat de sant\u00e9 ne justifie pas une d\u00e9pendance viag\u00e8re ;<\/li>\n<li>la situation professionnelle ou patrimoniale a \u00e9t\u00e9 pr\u00e9sent\u00e9e de mani\u00e8re incompl\u00e8te ;<\/li>\n<li>ou la liquidation du r\u00e9gime matrimonial modifie tr\u00e8s fortement l&#8217;image du d\u00e9s\u00e9quilibre all\u00e9gu\u00e9.<\/li>\n<\/ul>\n<p>Autrement dit, le combat n&#8217;est pas toujours <code>prestation ou pas prestation<\/code>.<\/p>\n<p>Souvent, le vrai combat est :<\/p>\n<p><code>rente viag\u00e8re ou capital<\/code><\/p>\n<p>et, \u00e0 l&#8217;int\u00e9rieur du capital :<\/p>\n<p><code>capital imm\u00e9diat ou capital \u00e9chelonn\u00e9<\/code>.<\/p>\n<h2>4. Peut-on r\u00e9viser, suspendre ou supprimer une rente viag\u00e8re ?<\/h2>\n<p>Oui, mais pas \u00e0 n&#8217;importe quelle condition.<\/p>\n<p>Le texte central est l&#8217;<a href=\"https:\/\/www.legifrance.gouv.fr\/codes\/article_lc\/LEGIARTI000006423876\">article 276-3 du code civil<\/a>. Il permet que la prestation compensatoire fix\u00e9e sous forme de rente soit <code>r\u00e9vis\u00e9e, suspendue ou supprim\u00e9e<\/code> en cas de <code>changement important<\/code> dans les ressources ou les besoins de l&#8217;une ou l&#8217;autre des parties.<\/p>\n<p>Le mot important est d\u00e9cisif.<\/p>\n<p>Le simple inconfort du d\u00e9biteur, l&#8217;impression que la prestation est devenue lourde, ou l&#8217;id\u00e9e qu&#8217;elle a d\u00e9j\u00e0 assez dur\u00e9, ne suffisent pas.<\/p>\n<p>Il faut un vrai basculement objectivable, par exemple :<\/p>\n<ul>\n<li>perte d&#8217;emploi ou baisse majeure et durable de revenus ;<\/li>\n<li>d\u00e9part \u00e0 la retraite avec chute significative de ressources ;<\/li>\n<li>aggravation ou am\u00e9lioration sensible de l&#8217;\u00e9tat de sant\u00e9 ;<\/li>\n<li>h\u00e9ritage important ou entr\u00e9e dans un patrimoine nouveau ;<\/li>\n<li>changement durable des charges ;<\/li>\n<li>ou \u00e9volution telle que le maintien de la rente ne correspond plus \u00e0 la logique initiale.<\/li>\n<\/ul>\n<p>La Cour de cassation rappelle r\u00e9guli\u00e8rement que le juge doit comparer la situation actuelle \u00e0 celle qui existait au moment o\u00f9 la rente a \u00e9t\u00e9 fix\u00e9e.<\/p>\n<p>Pour les anciennes rentes viag\u00e8res, surtout celles fix\u00e9es avant les grandes r\u00e9formes de 2000 et 2004, le contentieux est encore plus technique. Le r\u00e9sum\u00e9 officiel du pourvoi n\u00b0 <a href=\"https:\/\/www.courdecassation.fr\/decision\/649295f017c95e05dbf9dd87\">21-17.077 du 21 juin 2023<\/a> rappelle ainsi que la r\u00e9vision des anciennes rentes peut \u00eatre demand\u00e9e non seulement en cas de changement important, mais aussi lorsque leur maintien procure au cr\u00e9ancier un avantage manifestement excessif au regard des crit\u00e8res l\u00e9gaux.<\/p>\n<p>En pratique, cela veut dire qu&#8217;une recherche <code>prestation compensatoire \u00e0 vie<\/code> cache souvent deux angoisses distinctes :<\/p>\n<ul>\n<li>l&#8217;angoisse du cr\u00e9ancier, qui veut savoir s&#8217;il peut obtenir une s\u00e9curit\u00e9 durable ;<\/li>\n<li>et l&#8217;angoisse du d\u00e9biteur, qui veut savoir si la rente peut un jour baisser, s&#8217;arr\u00eater, ou \u00eatre repens\u00e9e.<\/li>\n<\/ul>\n<p>Les deux questions existent. Aucune n&#8217;appelle une r\u00e9ponse automatique.<\/p>\n<h2>5. Le d\u00e9c\u00e8s du d\u00e9biteur ne laisse pas la rente &#8220;continuer comme avant&#8221;<\/h2>\n<p>C&#8217;est l&#8217;un des points les plus mal compris.<\/p>\n<p>L&#8217;<a href=\"https:\/\/www.legifrance.gouv.fr\/codes\/article_lc\/LEGIARTI000006424076\">article 280 du code civil<\/a> pr\u00e9voit qu&#8217;\u00e0 la mort du d\u00e9biteur, la prestation compensatoire est pr\u00e9lev\u00e9e sur la succession. Et surtout, lorsque la prestation a \u00e9t\u00e9 fix\u00e9e sous forme de rente, il lui est substitu\u00e9 un capital imm\u00e9diatement exigible.<\/p>\n<p>Cette r\u00e8gle est brutale, mais claire.<\/p>\n<p>En principe :<\/p>\n<ul>\n<li>la rente ne continue pas simplement, mois apr\u00e8s mois, contre les h\u00e9ritiers ;<\/li>\n<li>elle se transforme en capital exigible contre la succession ;<\/li>\n<li>et les h\u00e9ritiers ne sont tenus qu&#8217;\u00e0 hauteur de l&#8217;actif successoral, sauf hypoth\u00e8se particuli\u00e8re.<\/li>\n<\/ul>\n<p>Il existe toutefois une d\u00e9rogation pr\u00e9vue par l&#8217;<a href=\"https:\/\/www.legifrance.gouv.fr\/codes\/article_lc\/LEGIARTI000006424105\">article 280-1 du code civil<\/a>. Les h\u00e9ritiers peuvent d\u00e9cider ensemble, par acte notari\u00e9, de maintenir les formes et modalit\u00e9s de r\u00e8glement de la prestation, en s&#8217;obligeant personnellement.<\/p>\n<p>Il faut bien mesurer la port\u00e9e pratique du m\u00e9canisme.<\/p>\n<p>Sans accord unanime et notari\u00e9 des h\u00e9ritiers :<\/p>\n<ul>\n<li>la rente est capitalis\u00e9e ;<\/li>\n<li>le cr\u00e9ancier ne reste pas simplement en face d&#8217;un d\u00e9biteur de substitution ;<\/li>\n<li>et la strat\u00e9gie contentieuse change compl\u00e8tement.<\/li>\n<\/ul>\n<p>Le r\u00e9sum\u00e9 officiel du pourvoi n\u00b0 <a href=\"https:\/\/www.courdecassation.fr\/decision\/649295f017c95e05dbf9dd87\">21-17.077 du 21 juin 2023<\/a> est tr\u00e8s net sur ce point : en l&#8217;absence d&#8217;accord des h\u00e9ritiers pour maintenir le r\u00e8glement sous forme de rente, le d\u00e9c\u00e8s du d\u00e9biteur entra\u00eene de plein droit sa conversion en capital.<\/p>\n<p>Concr\u00e8tement, cela signifie que si votre inqui\u00e9tude est :<\/p>\n<p><code>mes enfants paieront-ils ma prestation compensatoire \u00e0 vie ?<\/code><\/p>\n<p>la bonne r\u00e9ponse est plus nuanc\u00e9e :<\/p>\n<ul>\n<li>ils ne reprennent pas automatiquement la rente comme si rien ne s&#8217;\u00e9tait pass\u00e9 ;<\/li>\n<li>la charge bascule d&#8217;abord sur la succession ;<\/li>\n<li>et le maintien de la forme initiale suppose un choix positif et formalis\u00e9 des h\u00e9ritiers.<\/li>\n<\/ul>\n<h2>6. Les erreurs les plus fr\u00e9quentes dans ce contentieux<\/h2>\n<p>La premi\u00e8re erreur consiste \u00e0 croire qu&#8217;une rente viag\u00e8re est un mode normal de fixation. Ce n&#8217;est pas le cas.<\/p>\n<p>La deuxi\u00e8me consiste \u00e0 mal lire un jugement et \u00e0 confondre :<\/p>\n<ul>\n<li>capital fractionn\u00e9 sur huit ans ;<\/li>\n<li>pension alimentaire ;<\/li>\n<li>devoir de secours pendant la proc\u00e9dure ;<\/li>\n<li>et prestation compensatoire viag\u00e8re.<\/li>\n<\/ul>\n<p>La troisi\u00e8me consiste \u00e0 introduire une demande de r\u00e9vision avec un dossier seulement narratif.<\/p>\n<p>Dire :<\/p>\n<p><code>je n'en peux plus<\/code><\/p>\n<p>ou<\/p>\n<p><code>elle n'en a plus besoin<\/code><\/p>\n<p>ne suffit pas.<\/p>\n<p>Il faut dater, chiffrer, justifier, comparer.<\/p>\n<p>La quatri\u00e8me consiste \u00e0 oublier la dimension successorale. Beaucoup de familles d\u00e9couvrent trop tard qu&#8217;au d\u00e9c\u00e8s du d\u00e9biteur, l&#8217;enjeu n&#8217;est plus seulement le paiement courant, mais la capitalisation, la succession, et, le cas \u00e9ch\u00e9ant, la n\u00e9cessit\u00e9 d&#8217;un acte notari\u00e9 si les h\u00e9ritiers veulent maintenir le mode de r\u00e8glement.<\/p>\n<p>La cinqui\u00e8me consiste enfin \u00e0 traiter la prestation compensatoire ind\u00e9pendamment de la liquidation, alors que le patrimoine post-divorce, les droits sur le logement, les capitaux disponibles et la retraite future p\u00e8sent directement dans l&#8217;analyse.<\/p>\n<h2>7. Ce qu&#8217;il faut retenir<\/h2>\n<p>Une prestation compensatoire <code>\u00e0 vie<\/code> existe en droit fran\u00e7ais, mais sous une forme exceptionnelle : la rente viag\u00e8re.<\/p>\n<p>Elle n&#8217;est pas la r\u00e8gle.<\/p>\n<p>La r\u00e8gle reste le capital, \u00e9ventuellement \u00e9chelonn\u00e9.<\/p>\n<p>Si la rente viag\u00e8re est demand\u00e9e ou prononc\u00e9e, trois questions deviennent centrales :<\/p>\n<ol>\n<li>Les conditions strictes de l&#8217;article 276 sont-elles r\u00e9ellement r\u00e9unies ?<\/li>\n<li>Un changement important justifie-t-il ensuite une r\u00e9vision, une suspension ou une suppression au sens de l&#8217;article 276-3 ?<\/li>\n<li>En cas de d\u00e9c\u00e8s du d\u00e9biteur, faut-il laisser jouer la capitalisation successorale de l&#8217;article 280, ou organiser autrement la suite par acte notari\u00e9 selon l&#8217;article 280-1 ?<\/li>\n<\/ol>\n<p>Dans ce contentieux, la formule juste n&#8217;est pas :<\/p>\n<p><code>est-ce \u00e0 vie, oui ou non ?<\/code><\/p>\n<p>La formule juste est :<\/p>\n<p><code>de quelle forme de prestation parle-t-on exactement, avec quelles preuves, dans quel \u00e9tat patrimonial, et avec quelle suite proc\u00e9durale ?<\/code><\/p>\n<p>Si la difficult\u00e9 concerne le montant initial, l&#8217;appel ou l&#8217;impossibilit\u00e9 de payer le capital, consultez <a href=\"https:\/\/kohenavocats.com\/prestation-compensatoire-injuste-contester-reduire-delais-paiement\/\">contester le montant ou demander des d\u00e9lais de paiement<\/a>.<\/p>\n<h2>Besoin d&#8217;un avis rapide sur votre dossier<\/h2>\n<p>Consultation t\u00e9l\u00e9phonique en 48 heures avec un avocat du cabinet.<br \/>\nNous v\u00e9rifions si la rente viag\u00e8re est r\u00e9ellement possible, si une r\u00e9vision est d\u00e9fendable, et comment s\u00e9curiser le dossier en cas de succession.<\/p>\n<p><a href=\"tel:+33689113445\">06 89 11 34 45<\/a><br \/>\n<a href=\"https:\/\/kohenavocats.com\/contactez-nous\/\">Page contact du cabinet<\/a><\/p>\n","protected":false},"excerpt":{"rendered":"<p>Rente viag\u00e8re de prestation compensatoire : conditions exceptionnelles, r\u00e9vision, suppression et effets du d\u00e9c\u00e8s du d\u00e9biteur.<\/p>\n","protected":false},"author":232070755,"featured_media":9462,"comment_status":"open","ping_status":"open","sticky":false,"template":"","format":"standard","meta":{"_crdt_document":"","_jetpack_newsletter_access":"","_jetpack_dont_email_post_to_subs":false,"_jetpack_newsletter_tier_id":0,"_jetpack_memberships_contains_paywalled_content":false,"_kj_source_type":"","_kj_official_id":"","_kj_official_url":"","_kj_judilibre_id":"","_kj_jur":"","_kj_lieu":"","_kj_chambre":"","_kj_rg":"","_kj_date":"","_jetpack_memberships_contains_paid_content":false,"footnotes":"","jetpack_post_was_ever_published":false},"categories":[6995,6719],"tags":[],"class_list":["post-663904","post","type-post","status-publish","format-standard","has-post-thumbnail","hentry","category-decryptage","category-famille"],"yoast_head":"<!-- This site is optimized with the Yoast SEO Premium plugin v27.5 (Yoast SEO v27.5) - https:\/\/yoast.com\/product\/yoast-seo-premium-wordpress\/ -->\n<title>Prestation compensatoire \u00e0 vie : quand la rente viag\u00e8re est-elle possible, peut-on la r\u00e9viser ou la supprimer, et que se passe-t-il au d\u00e9c\u00e8s ? - Ma\u00eetre Hassan Kohen, avocat en droit p\u00e9nal \u00e0 Paris<\/title>\n<meta name=\"robots\" content=\"index, follow, max-snippet:-1, max-image-preview:large, max-video-preview:-1\" \/>\n<link rel=\"canonical\" href=\"https:\/\/kohenavocats.com\/ar\/prestation-compensatoire-a-vie-rente-viagere-revision-suppression-deces\/\" \/>\n<meta property=\"og:locale\" content=\"ar_AR\" \/>\n<meta property=\"og:type\" content=\"article\" \/>\n<meta property=\"og:title\" content=\"Prestation compensatoire \u00e0 vie : quand la rente viag\u00e8re est-elle possible, peut-on la r\u00e9viser ou la supprimer, et que se passe-t-il au d\u00e9c\u00e8s ?\" \/>\n<meta property=\"og:description\" content=\"Rente viag\u00e8re de prestation compensatoire : conditions exceptionnelles, r\u00e9vision, suppression et effets du d\u00e9c\u00e8s du d\u00e9biteur.\" \/>\n<meta property=\"og:url\" content=\"https:\/\/kohenavocats.com\/ar\/prestation-compensatoire-a-vie-rente-viagere-revision-suppression-deces\/\" \/>\n<meta property=\"og:site_name\" content=\"Ma\u00eetre Hassan Kohen, avocat en droit p\u00e9nal \u00e0 Paris\" \/>\n<meta property=\"article:published_time\" content=\"2026-04-23T19:48:27+00:00\" \/>\n<meta property=\"article:modified_time\" content=\"2026-04-25T07:38:51+00:00\" \/>\n<meta property=\"og:image\" content=\"https:\/\/kohenavocats.com\/wp-content\/uploads\/2024\/11\/getty-images-Au4I9ldgHKo-unsplash.webp\" \/>\n\t<meta property=\"og:image:width\" content=\"7952\" \/>\n\t<meta property=\"og:image:height\" content=\"5304\" \/>\n\t<meta property=\"og:image:type\" content=\"image\/webp\" \/>\n<meta name=\"author\" content=\"Kohen\" \/>\n<meta name=\"twitter:card\" content=\"summary_large_image\" \/>\n<meta name=\"twitter:label1\" content=\"\u0643\u064f\u062a\u0628 \u0628\u0648\u0627\u0633\u0637\u0629\" \/>\n\t<meta name=\"twitter:data1\" content=\"Kohen\" \/>\n\t<meta name=\"twitter:label2\" content=\"\u0648\u0642\u062a \u0627\u0644\u0642\u0631\u0627\u0621\u0629 \u0627\u0644\u0645\u064f\u0642\u062f\u0651\u0631\" \/>\n\t<meta name=\"twitter:data2\" content=\"11 \u062f\u0642\u064a\u0642\u0629\" \/>\n<script type=\"application\/ld+json\" class=\"yoast-schema-graph\">{\"@context\":\"https:\\\/\\\/schema.org\",\"@graph\":[{\"@type\":\"Article\",\"@id\":\"https:\\\/\\\/kohenavocats.com\\\/ar\\\/prestation-compensatoire-a-vie-rente-viagere-revision-suppression-deces\\\/#article\",\"isPartOf\":{\"@id\":\"https:\\\/\\\/kohenavocats.com\\\/ar\\\/prestation-compensatoire-a-vie-rente-viagere-revision-suppression-deces\\\/\"},\"author\":{\"name\":\"Kohen\",\"@id\":\"https:\\\/\\\/kohenavocats.com\\\/ar\\\/#\\\/schema\\\/person\\\/761c9ba54fa1ca84d405cef0831ff751\"},\"headline\":\"Prestation compensatoire \u00e0 vie : quand la rente viag\u00e8re est-elle possible, peut-on la r\u00e9viser ou la supprimer, et que se passe-t-il au d\u00e9c\u00e8s ?\",\"datePublished\":\"2026-04-23T19:48:27+00:00\",\"dateModified\":\"2026-04-25T07:38:51+00:00\",\"mainEntityOfPage\":{\"@id\":\"https:\\\/\\\/kohenavocats.com\\\/ar\\\/prestation-compensatoire-a-vie-rente-viagere-revision-suppression-deces\\\/\"},\"wordCount\":2018,\"commentCount\":0,\"publisher\":{\"@id\":\"https:\\\/\\\/kohenavocats.com\\\/ar\\\/#organization\"},\"image\":{\"@id\":\"https:\\\/\\\/kohenavocats.com\\\/ar\\\/prestation-compensatoire-a-vie-rente-viagere-revision-suppression-deces\\\/#primaryimage\"},\"thumbnailUrl\":\"https:\\\/\\\/kohenavocats.com\\\/wp-content\\\/uploads\\\/2024\\\/11\\\/getty-images-Au4I9ldgHKo-unsplash.webp\",\"articleSection\":[\"D\u00e9cryptage\",\"Famille\"],\"inLanguage\":\"ar\",\"potentialAction\":[{\"@type\":\"CommentAction\",\"name\":\"Comment\",\"target\":[\"https:\\\/\\\/kohenavocats.com\\\/ar\\\/prestation-compensatoire-a-vie-rente-viagere-revision-suppression-deces\\\/#respond\"]}],\"citation\":\"Prestation compensatoire \u00e0 vie : quand la rente viag\u00e8re est-elle possible, peut-on la r\u00e9viser ou la supprimer, et que se passe-t-il au d\u00e9c\u00e8s ?\",\"about\":[{\"@type\":\"Thing\",\"name\":\"D\u00e9cryptage\"},{\"@type\":\"Thing\",\"name\":\"Famille\"}],\"speakable\":{\"@type\":\"SpeakableSpecification\",\"cssSelector\":[\".article-content > p:first-of-type\"]}},{\"@type\":\"WebPage\",\"@id\":\"https:\\\/\\\/kohenavocats.com\\\/ar\\\/prestation-compensatoire-a-vie-rente-viagere-revision-suppression-deces\\\/\",\"url\":\"https:\\\/\\\/kohenavocats.com\\\/ar\\\/prestation-compensatoire-a-vie-rente-viagere-revision-suppression-deces\\\/\",\"name\":\"Prestation compensatoire \u00e0 vie : quand la rente viag\u00e8re est-elle possible, peut-on la r\u00e9viser ou la supprimer, et que se passe-t-il au d\u00e9c\u00e8s ? - Ma\u00eetre Hassan Kohen, avocat en droit p\u00e9nal \u00e0 Paris\",\"isPartOf\":{\"@id\":\"https:\\\/\\\/kohenavocats.com\\\/ar\\\/#website\"},\"primaryImageOfPage\":{\"@id\":\"https:\\\/\\\/kohenavocats.com\\\/ar\\\/prestation-compensatoire-a-vie-rente-viagere-revision-suppression-deces\\\/#primaryimage\"},\"image\":{\"@id\":\"https:\\\/\\\/kohenavocats.com\\\/ar\\\/prestation-compensatoire-a-vie-rente-viagere-revision-suppression-deces\\\/#primaryimage\"},\"thumbnailUrl\":\"https:\\\/\\\/kohenavocats.com\\\/wp-content\\\/uploads\\\/2024\\\/11\\\/getty-images-Au4I9ldgHKo-unsplash.webp\",\"datePublished\":\"2026-04-23T19:48:27+00:00\",\"dateModified\":\"2026-04-25T07:38:51+00:00\",\"breadcrumb\":{\"@id\":\"https:\\\/\\\/kohenavocats.com\\\/ar\\\/prestation-compensatoire-a-vie-rente-viagere-revision-suppression-deces\\\/#breadcrumb\"},\"inLanguage\":\"ar\",\"potentialAction\":[{\"@type\":\"ReadAction\",\"target\":[\"https:\\\/\\\/kohenavocats.com\\\/ar\\\/prestation-compensatoire-a-vie-rente-viagere-revision-suppression-deces\\\/\"]}]},{\"@type\":\"ImageObject\",\"inLanguage\":\"ar\",\"@id\":\"https:\\\/\\\/kohenavocats.com\\\/ar\\\/prestation-compensatoire-a-vie-rente-viagere-revision-suppression-deces\\\/#primaryimage\",\"url\":\"https:\\\/\\\/kohenavocats.com\\\/wp-content\\\/uploads\\\/2024\\\/11\\\/getty-images-Au4I9ldgHKo-unsplash.webp\",\"contentUrl\":\"https:\\\/\\\/kohenavocats.com\\\/wp-content\\\/uploads\\\/2024\\\/11\\\/getty-images-Au4I9ldgHKo-unsplash.webp\",\"width\":7952,\"height\":5304},{\"@type\":\"BreadcrumbList\",\"@id\":\"https:\\\/\\\/kohenavocats.com\\\/ar\\\/prestation-compensatoire-a-vie-rente-viagere-revision-suppression-deces\\\/#breadcrumb\",\"itemListElement\":[{\"@type\":\"ListItem\",\"position\":1,\"name\":\"Home\",\"item\":\"https:\\\/\\\/kohenavocats.com\\\/ar\\\/%d9%85%d8%ad%d8%a7%d9%85%d9%88%d9%86-%d9%85%d8%aa%d8%ae%d8%b5%d8%b5%d9%88%d9%86-%d9%81%d9%8a-%d8%a7%d9%84%d9%82%d8%a7%d9%86%d9%88%d9%86-%d8%a7%d9%84%d8%ac%d9%86%d8%a7%d8%a6%d9%8a-%d8%a8%d8%a8%d8%a7\\\/\"},{\"@type\":\"ListItem\",\"position\":2,\"name\":\"Prestation compensatoire \u00e0 vie : quand la rente viag\u00e8re est-elle possible, peut-on la r\u00e9viser ou la supprimer, et que se passe-t-il au d\u00e9c\u00e8s ?\"}]},{\"@type\":\"WebSite\",\"@id\":\"https:\\\/\\\/kohenavocats.com\\\/ar\\\/#website\",\"url\":\"https:\\\/\\\/kohenavocats.com\\\/ar\\\/\",\"name\":\"Kohen Avocats\",\"description\":\"Ma\u00eetre Hassan Kohen, avocat p\u00e9naliste \u00e0 Paris, intervient exclusivement en droit p\u00e9nal pour la d\u00e9fense des particuliers, notamment en mati\u00e8re d\u2019accusations de viol. Il assure un accompagnement rigoureux d\u00e8s la garde \u00e0 vue jusqu\u2019\u00e0 la Cour d\u2019assises, veillant au strict respect des garanties proc\u00e9durales.\",\"publisher\":{\"@id\":\"https:\\\/\\\/kohenavocats.com\\\/ar\\\/#organization\"},\"potentialAction\":[{\"@type\":\"SearchAction\",\"target\":{\"@type\":\"EntryPoint\",\"urlTemplate\":\"https:\\\/\\\/kohenavocats.com\\\/ar\\\/?s={search_term_string}\"},\"query-input\":{\"@type\":\"PropertyValueSpecification\",\"valueRequired\":true,\"valueName\":\"search_term_string\"}}],\"inLanguage\":\"ar\"},{\"@type\":\"Organization\",\"@id\":\"https:\\\/\\\/kohenavocats.com\\\/ar\\\/#organization\",\"name\":\"Kohen Avocats\",\"url\":\"https:\\\/\\\/kohenavocats.com\\\/ar\\\/\",\"logo\":{\"@type\":\"ImageObject\",\"inLanguage\":\"ar\",\"@id\":\"https:\\\/\\\/kohenavocats.com\\\/ar\\\/#\\\/schema\\\/logo\\\/image\\\/\",\"url\":\"https:\\\/\\\/kohenavocats.com\\\/wp-content\\\/uploads\\\/2026\\\/01\\\/Logo-2-1.webp\",\"contentUrl\":\"https:\\\/\\\/kohenavocats.com\\\/wp-content\\\/uploads\\\/2026\\\/01\\\/Logo-2-1.webp\",\"width\":2114,\"height\":1253,\"caption\":\"Kohen Avocats\"},\"image\":{\"@id\":\"https:\\\/\\\/kohenavocats.com\\\/ar\\\/#\\\/schema\\\/logo\\\/image\\\/\"}},{\"@type\":\"Person\",\"@id\":\"https:\\\/\\\/kohenavocats.com\\\/ar\\\/#\\\/schema\\\/person\\\/761c9ba54fa1ca84d405cef0831ff751\",\"name\":\"Kohen\",\"image\":{\"@type\":\"ImageObject\",\"inLanguage\":\"ar\",\"@id\":\"https:\\\/\\\/secure.gravatar.com\\\/avatar\\\/1c5e76ef76bbbfdd2b4da984e2bf2fa4056fd51a27d25ce2c332047f1dfd6e00?s=96&d=identicon&r=g\",\"url\":\"https:\\\/\\\/secure.gravatar.com\\\/avatar\\\/1c5e76ef76bbbfdd2b4da984e2bf2fa4056fd51a27d25ce2c332047f1dfd6e00?s=96&d=identicon&r=g\",\"contentUrl\":\"https:\\\/\\\/secure.gravatar.com\\\/avatar\\\/1c5e76ef76bbbfdd2b4da984e2bf2fa4056fd51a27d25ce2c332047f1dfd6e00?s=96&d=identicon&r=g\",\"caption\":\"Kohen\"},\"sameAs\":[\"https:\\\/\\\/www.linkedin.com\\\/in\\\/hassan-kohen-448548192\\\/\",\"https:\\\/\\\/www.youtube.com\\\/@Kohen-Avocats\"],\"url\":\"https:\\\/\\\/kohenavocats.com\\\/ar\\\/author\\\/kohenmlk\\\/\"}]}<\/script>\n<!-- \/ Yoast SEO Premium plugin. -->","yoast_head_json":{"title":"Prestation compensatoire \u00e0 vie : quand la rente viag\u00e8re est-elle possible, peut-on la r\u00e9viser ou la supprimer, et que se passe-t-il au d\u00e9c\u00e8s ? - Ma\u00eetre Hassan Kohen, avocat en droit p\u00e9nal \u00e0 Paris","robots":{"index":"index","follow":"follow","max-snippet":"max-snippet:-1","max-image-preview":"max-image-preview:large","max-video-preview":"max-video-preview:-1"},"canonical":"https:\/\/kohenavocats.com\/ar\/prestation-compensatoire-a-vie-rente-viagere-revision-suppression-deces\/","og_locale":"ar_AR","og_type":"article","og_title":"Prestation compensatoire \u00e0 vie : quand la rente viag\u00e8re est-elle possible, peut-on la r\u00e9viser ou la supprimer, et que se passe-t-il au d\u00e9c\u00e8s ?","og_description":"Rente viag\u00e8re de prestation compensatoire : conditions exceptionnelles, r\u00e9vision, suppression et effets du d\u00e9c\u00e8s du d\u00e9biteur.","og_url":"https:\/\/kohenavocats.com\/ar\/prestation-compensatoire-a-vie-rente-viagere-revision-suppression-deces\/","og_site_name":"Ma\u00eetre Hassan Kohen, avocat en droit p\u00e9nal \u00e0 Paris","article_published_time":"2026-04-23T19:48:27+00:00","article_modified_time":"2026-04-25T07:38:51+00:00","og_image":[{"width":7952,"height":5304,"url":"https:\/\/kohenavocats.com\/wp-content\/uploads\/2024\/11\/getty-images-Au4I9ldgHKo-unsplash.webp","type":"image\/webp"}],"author":"Kohen","twitter_card":"summary_large_image","twitter_misc":{"\u0643\u064f\u062a\u0628 \u0628\u0648\u0627\u0633\u0637\u0629":"Kohen","\u0648\u0642\u062a \u0627\u0644\u0642\u0631\u0627\u0621\u0629 \u0627\u0644\u0645\u064f\u0642\u062f\u0651\u0631":"11 \u062f\u0642\u064a\u0642\u0629"},"schema":{"@context":"https:\/\/schema.org","@graph":[{"@type":"Article","@id":"https:\/\/kohenavocats.com\/ar\/prestation-compensatoire-a-vie-rente-viagere-revision-suppression-deces\/#article","isPartOf":{"@id":"https:\/\/kohenavocats.com\/ar\/prestation-compensatoire-a-vie-rente-viagere-revision-suppression-deces\/"},"author":{"name":"Kohen","@id":"https:\/\/kohenavocats.com\/ar\/#\/schema\/person\/761c9ba54fa1ca84d405cef0831ff751"},"headline":"Prestation compensatoire \u00e0 vie : quand la rente viag\u00e8re est-elle possible, peut-on la r\u00e9viser ou la supprimer, et que se passe-t-il au d\u00e9c\u00e8s ?","datePublished":"2026-04-23T19:48:27+00:00","dateModified":"2026-04-25T07:38:51+00:00","mainEntityOfPage":{"@id":"https:\/\/kohenavocats.com\/ar\/prestation-compensatoire-a-vie-rente-viagere-revision-suppression-deces\/"},"wordCount":2018,"commentCount":0,"publisher":{"@id":"https:\/\/kohenavocats.com\/ar\/#organization"},"image":{"@id":"https:\/\/kohenavocats.com\/ar\/prestation-compensatoire-a-vie-rente-viagere-revision-suppression-deces\/#primaryimage"},"thumbnailUrl":"https:\/\/kohenavocats.com\/wp-content\/uploads\/2024\/11\/getty-images-Au4I9ldgHKo-unsplash.webp","articleSection":["D\u00e9cryptage","Famille"],"inLanguage":"ar","potentialAction":[{"@type":"CommentAction","name":"Comment","target":["https:\/\/kohenavocats.com\/ar\/prestation-compensatoire-a-vie-rente-viagere-revision-suppression-deces\/#respond"]}],"citation":"Prestation compensatoire \u00e0 vie : quand la rente viag\u00e8re est-elle possible, peut-on la r\u00e9viser ou la supprimer, et que se passe-t-il au d\u00e9c\u00e8s ?","about":[{"@type":"Thing","name":"D\u00e9cryptage"},{"@type":"Thing","name":"Famille"}],"speakable":{"@type":"SpeakableSpecification","cssSelector":[".article-content > p:first-of-type"]}},{"@type":"WebPage","@id":"https:\/\/kohenavocats.com\/ar\/prestation-compensatoire-a-vie-rente-viagere-revision-suppression-deces\/","url":"https:\/\/kohenavocats.com\/ar\/prestation-compensatoire-a-vie-rente-viagere-revision-suppression-deces\/","name":"Prestation compensatoire \u00e0 vie : quand la rente viag\u00e8re est-elle possible, peut-on la r\u00e9viser ou la supprimer, et que se passe-t-il au d\u00e9c\u00e8s ? - Ma\u00eetre Hassan Kohen, avocat en droit p\u00e9nal \u00e0 Paris","isPartOf":{"@id":"https:\/\/kohenavocats.com\/ar\/#website"},"primaryImageOfPage":{"@id":"https:\/\/kohenavocats.com\/ar\/prestation-compensatoire-a-vie-rente-viagere-revision-suppression-deces\/#primaryimage"},"image":{"@id":"https:\/\/kohenavocats.com\/ar\/prestation-compensatoire-a-vie-rente-viagere-revision-suppression-deces\/#primaryimage"},"thumbnailUrl":"https:\/\/kohenavocats.com\/wp-content\/uploads\/2024\/11\/getty-images-Au4I9ldgHKo-unsplash.webp","datePublished":"2026-04-23T19:48:27+00:00","dateModified":"2026-04-25T07:38:51+00:00","breadcrumb":{"@id":"https:\/\/kohenavocats.com\/ar\/prestation-compensatoire-a-vie-rente-viagere-revision-suppression-deces\/#breadcrumb"},"inLanguage":"ar","potentialAction":[{"@type":"ReadAction","target":["https:\/\/kohenavocats.com\/ar\/prestation-compensatoire-a-vie-rente-viagere-revision-suppression-deces\/"]}]},{"@type":"ImageObject","inLanguage":"ar","@id":"https:\/\/kohenavocats.com\/ar\/prestation-compensatoire-a-vie-rente-viagere-revision-suppression-deces\/#primaryimage","url":"https:\/\/kohenavocats.com\/wp-content\/uploads\/2024\/11\/getty-images-Au4I9ldgHKo-unsplash.webp","contentUrl":"https:\/\/kohenavocats.com\/wp-content\/uploads\/2024\/11\/getty-images-Au4I9ldgHKo-unsplash.webp","width":7952,"height":5304},{"@type":"BreadcrumbList","@id":"https:\/\/kohenavocats.com\/ar\/prestation-compensatoire-a-vie-rente-viagere-revision-suppression-deces\/#breadcrumb","itemListElement":[{"@type":"ListItem","position":1,"name":"Home","item":"https:\/\/kohenavocats.com\/ar\/%d9%85%d8%ad%d8%a7%d9%85%d9%88%d9%86-%d9%85%d8%aa%d8%ae%d8%b5%d8%b5%d9%88%d9%86-%d9%81%d9%8a-%d8%a7%d9%84%d9%82%d8%a7%d9%86%d9%88%d9%86-%d8%a7%d9%84%d8%ac%d9%86%d8%a7%d8%a6%d9%8a-%d8%a8%d8%a8%d8%a7\/"},{"@type":"ListItem","position":2,"name":"Prestation compensatoire \u00e0 vie : quand la rente viag\u00e8re est-elle possible, peut-on la r\u00e9viser ou la supprimer, et que se passe-t-il au d\u00e9c\u00e8s ?"}]},{"@type":"WebSite","@id":"https:\/\/kohenavocats.com\/ar\/#website","url":"https:\/\/kohenavocats.com\/ar\/","name":"Kohen Avocats","description":"Ma\u00eetre Hassan Kohen, avocat p\u00e9naliste \u00e0 Paris, intervient exclusivement en droit p\u00e9nal pour la d\u00e9fense des particuliers, notamment en mati\u00e8re d\u2019accusations de viol. Il assure un accompagnement rigoureux d\u00e8s la garde \u00e0 vue jusqu\u2019\u00e0 la Cour d\u2019assises, veillant au strict respect des garanties proc\u00e9durales.","publisher":{"@id":"https:\/\/kohenavocats.com\/ar\/#organization"},"potentialAction":[{"@type":"SearchAction","target":{"@type":"EntryPoint","urlTemplate":"https:\/\/kohenavocats.com\/ar\/?s={search_term_string}"},"query-input":{"@type":"PropertyValueSpecification","valueRequired":true,"valueName":"search_term_string"}}],"inLanguage":"ar"},{"@type":"Organization","@id":"https:\/\/kohenavocats.com\/ar\/#organization","name":"Kohen Avocats","url":"https:\/\/kohenavocats.com\/ar\/","logo":{"@type":"ImageObject","inLanguage":"ar","@id":"https:\/\/kohenavocats.com\/ar\/#\/schema\/logo\/image\/","url":"https:\/\/kohenavocats.com\/wp-content\/uploads\/2026\/01\/Logo-2-1.webp","contentUrl":"https:\/\/kohenavocats.com\/wp-content\/uploads\/2026\/01\/Logo-2-1.webp","width":2114,"height":1253,"caption":"Kohen Avocats"},"image":{"@id":"https:\/\/kohenavocats.com\/ar\/#\/schema\/logo\/image\/"}},{"@type":"Person","@id":"https:\/\/kohenavocats.com\/ar\/#\/schema\/person\/761c9ba54fa1ca84d405cef0831ff751","name":"Kohen","image":{"@type":"ImageObject","inLanguage":"ar","@id":"https:\/\/secure.gravatar.com\/avatar\/1c5e76ef76bbbfdd2b4da984e2bf2fa4056fd51a27d25ce2c332047f1dfd6e00?s=96&d=identicon&r=g","url":"https:\/\/secure.gravatar.com\/avatar\/1c5e76ef76bbbfdd2b4da984e2bf2fa4056fd51a27d25ce2c332047f1dfd6e00?s=96&d=identicon&r=g","contentUrl":"https:\/\/secure.gravatar.com\/avatar\/1c5e76ef76bbbfdd2b4da984e2bf2fa4056fd51a27d25ce2c332047f1dfd6e00?s=96&d=identicon&r=g","caption":"Kohen"},"sameAs":["https:\/\/www.linkedin.com\/in\/hassan-kohen-448548192\/","https:\/\/www.youtube.com\/@Kohen-Avocats"],"url":"https:\/\/kohenavocats.com\/ar\/author\/kohenmlk\/"}]}},"jetpack_featured_media_url":"https:\/\/kohenavocats.com\/wp-content\/uploads\/2024\/11\/getty-images-Au4I9ldgHKo-unsplash.webp","jetpack_likes_enabled":false,"jetpack_shortlink":"https:\/\/wp.me\/peCrII-2MI8","jetpack-related-posts":[{"id":373122,"url":"https:\/\/kohenavocats.com\/ar\/cour-dappel-de-poitiers-le-4-decembre-2025-n24-01832\/","url_meta":{"origin":663904,"position":0},"title":"Cour d&#8217;appel de Poitiers, le 4 d\u00e9cembre 2025, n\u00b024\/01832","author":"Kohen","date":"16 \u0641\u0628\u0631\u0627\u064a\u0631\u060c 2026","format":false,"excerpt":"La Cour d\u2019appel de Poitiers, dans un arr\u00eat du 4 d\u00e9cembre 2025, a \u00e9t\u00e9 saisie d\u2019un appel limit\u00e9 \u00e0 la question de la prestation compensatoire suite au...","rel":"","context":"\u0641\u064a &quot;Cour d'appel&quot;","block_context":{"text":"Cour d'appel","link":"https:\/\/kohenavocats.com\/category\/cour-dappel\/"},"img":{"alt_text":"","src":"https:\/\/i0.wp.com\/kohenavocats.com\/wp-content\/uploads\/2024\/11\/planet-volumes-C4bN-gxQQig-unsplash.webp?resize=350%2C200&ssl=1","width":350,"height":200,"srcset":"https:\/\/i0.wp.com\/kohenavocats.com\/wp-content\/uploads\/2024\/11\/planet-volumes-C4bN-gxQQig-unsplash.webp?resize=350%2C200&ssl=1 1x, https:\/\/i0.wp.com\/kohenavocats.com\/wp-content\/uploads\/2024\/11\/planet-volumes-C4bN-gxQQig-unsplash.webp?resize=525%2C300&ssl=1 1.5x, https:\/\/i0.wp.com\/kohenavocats.com\/wp-content\/uploads\/2024\/11\/planet-volumes-C4bN-gxQQig-unsplash.webp?resize=700%2C400&ssl=1 2x, https:\/\/i0.wp.com\/kohenavocats.com\/wp-content\/uploads\/2024\/11\/planet-volumes-C4bN-gxQQig-unsplash.webp?resize=1050%2C600&ssl=1 3x, https:\/\/i0.wp.com\/kohenavocats.com\/wp-content\/uploads\/2024\/11\/planet-volumes-C4bN-gxQQig-unsplash.webp?resize=1400%2C800&ssl=1 4x"},"classes":[]},{"id":268990,"url":"https:\/\/kohenavocats.com\/ar\/tribunal-judiciaire-de-saint-etienne-le-24-juin-2025-n23-00163\/","url_meta":{"origin":663904,"position":1},"title":"Tribunal judiciaire de Saint-Etienne, le 24 juin 2025, n\u00b023\/00163","author":"Kohen","date":"10 \u064a\u0646\u0627\u064a\u0631\u060c 2026","format":false,"excerpt":"Rendu par le tribunal judiciaire de Saint\u2011\u00c9tienne le 24 juin 2025, ce jugement de divorce statue en premier ressort \u00e0 l\u2019issue de d\u00e9bats en chambre du conseil. Les \u00e9poux, mari\u00e9s en 2016, ont vu fixer la date des effets du divorce entre eux au 31 ao\u00fbt 2022, ce qui laisse\u2026","rel":"","context":"\u0641\u064a &quot;D\u00e9cisions juridiques&quot;","block_context":{"text":"D\u00e9cisions juridiques","link":"https:\/\/kohenavocats.com\/category\/decisions-juridiques\/"},"img":{"alt_text":"","src":"https:\/\/i0.wp.com\/kohenavocats.com\/wp-content\/uploads\/2024\/11\/mohamed-nohassi-wHmB_RPpurI-unsplash.webp?resize=350%2C200&ssl=1","width":350,"height":200,"srcset":"https:\/\/i0.wp.com\/kohenavocats.com\/wp-content\/uploads\/2024\/11\/mohamed-nohassi-wHmB_RPpurI-unsplash.webp?resize=350%2C200&ssl=1 1x, https:\/\/i0.wp.com\/kohenavocats.com\/wp-content\/uploads\/2024\/11\/mohamed-nohassi-wHmB_RPpurI-unsplash.webp?resize=525%2C300&ssl=1 1.5x, https:\/\/i0.wp.com\/kohenavocats.com\/wp-content\/uploads\/2024\/11\/mohamed-nohassi-wHmB_RPpurI-unsplash.webp?resize=700%2C400&ssl=1 2x, https:\/\/i0.wp.com\/kohenavocats.com\/wp-content\/uploads\/2024\/11\/mohamed-nohassi-wHmB_RPpurI-unsplash.webp?resize=1050%2C600&ssl=1 3x, https:\/\/i0.wp.com\/kohenavocats.com\/wp-content\/uploads\/2024\/11\/mohamed-nohassi-wHmB_RPpurI-unsplash.webp?resize=1400%2C800&ssl=1 4x"},"classes":[]},{"id":264396,"url":"https:\/\/kohenavocats.com\/ar\/tribunal-judiciaire-de-papeete-le-25-juin-2025-n24-00163\/","url_meta":{"origin":663904,"position":2},"title":"Tribunal judiciaire de Papeete, le 25 juin 2025, n\u00b024\/00163","author":"Kohen","date":"10 \u064a\u0646\u0627\u064a\u0631\u060c 2026","format":false,"excerpt":"Par jugement du Tribunal de premi\u00e8re instance de Papeete du 25 juin 2025, le juge aux affaires familiales prononce un divorce pour alt\u00e9ration d\u00e9finitive du lien conjugal et en fixe les effets civils. La d\u00e9cision r\u00e8gle \u00e9galement une demande incidente relative aux mesures provisoires et statue sur une prestation compensatoire.Les\u2026","rel":"","context":"\u0641\u064a &quot;D\u00e9cisions juridiques&quot;","block_context":{"text":"D\u00e9cisions juridiques","link":"https:\/\/kohenavocats.com\/category\/decisions-juridiques\/"},"img":{"alt_text":"","src":"https:\/\/i0.wp.com\/kohenavocats.com\/wp-content\/uploads\/2024\/11\/viktor-forgacs-uWfXBePbvnw-unsplash.webp?resize=350%2C200&ssl=1","width":350,"height":200,"srcset":"https:\/\/i0.wp.com\/kohenavocats.com\/wp-content\/uploads\/2024\/11\/viktor-forgacs-uWfXBePbvnw-unsplash.webp?resize=350%2C200&ssl=1 1x, https:\/\/i0.wp.com\/kohenavocats.com\/wp-content\/uploads\/2024\/11\/viktor-forgacs-uWfXBePbvnw-unsplash.webp?resize=525%2C300&ssl=1 1.5x, https:\/\/i0.wp.com\/kohenavocats.com\/wp-content\/uploads\/2024\/11\/viktor-forgacs-uWfXBePbvnw-unsplash.webp?resize=700%2C400&ssl=1 2x, https:\/\/i0.wp.com\/kohenavocats.com\/wp-content\/uploads\/2024\/11\/viktor-forgacs-uWfXBePbvnw-unsplash.webp?resize=1050%2C600&ssl=1 3x, https:\/\/i0.wp.com\/kohenavocats.com\/wp-content\/uploads\/2024\/11\/viktor-forgacs-uWfXBePbvnw-unsplash.webp?resize=1400%2C800&ssl=1 4x"},"classes":[]},{"id":268735,"url":"https:\/\/kohenavocats.com\/ar\/tribunal-judiciaire-de-st-malo-le-23-juin-2025-n22-01697\/","url_meta":{"origin":663904,"position":3},"title":"Tribunal judiciaire de St Malo, le 23 juin 2025, n\u00b022\/01697","author":"Kohen","date":"10 \u064a\u0646\u0627\u064a\u0631\u060c 2026","format":false,"excerpt":"Rendu par le tribunal judiciaire de Saint-Malo le 23 juin 2025, ce jugement statue sur une demande de divorce pour faute et ses cons\u00e9quences personnelles et patrimoniales. Les motifs ont \u00e9t\u00e9 occult\u00e9s, mais le dispositif pr\u00e9cise les fondements l\u00e9gaux et l\u2019\u00e9conomie g\u00e9n\u00e9rale de la solution. L\u2019instance s\u2019inscrit dans une proc\u00e9dure\u2026","rel":"","context":"\u0641\u064a &quot;D\u00e9cisions juridiques&quot;","block_context":{"text":"D\u00e9cisions juridiques","link":"https:\/\/kohenavocats.com\/category\/decisions-juridiques\/"},"img":{"alt_text":"","src":"https:\/\/i0.wp.com\/kohenavocats.com\/wp-content\/uploads\/2024\/08\/daniele-d-andreti-ud9u7beav2s-unsplash.webp?resize=350%2C200&ssl=1","width":350,"height":200,"srcset":"https:\/\/i0.wp.com\/kohenavocats.com\/wp-content\/uploads\/2024\/08\/daniele-d-andreti-ud9u7beav2s-unsplash.webp?resize=350%2C200&ssl=1 1x, https:\/\/i0.wp.com\/kohenavocats.com\/wp-content\/uploads\/2024\/08\/daniele-d-andreti-ud9u7beav2s-unsplash.webp?resize=525%2C300&ssl=1 1.5x, https:\/\/i0.wp.com\/kohenavocats.com\/wp-content\/uploads\/2024\/08\/daniele-d-andreti-ud9u7beav2s-unsplash.webp?resize=700%2C400&ssl=1 2x, https:\/\/i0.wp.com\/kohenavocats.com\/wp-content\/uploads\/2024\/08\/daniele-d-andreti-ud9u7beav2s-unsplash.webp?resize=1050%2C600&ssl=1 3x, https:\/\/i0.wp.com\/kohenavocats.com\/wp-content\/uploads\/2024\/08\/daniele-d-andreti-ud9u7beav2s-unsplash.webp?resize=1400%2C800&ssl=1 4x"},"classes":[]},{"id":262658,"url":"https:\/\/kohenavocats.com\/ar\/tribunal-judiciaire-de-bordeaux-le-30-juin-2025-n24-03907\/","url_meta":{"origin":663904,"position":4},"title":"Tribunal judiciaire de Bordeaux -, le 30 juin 2025, n\u00b024\/03907","author":"Kohen","date":"9 \u064a\u0646\u0627\u064a\u0631\u060c 2026","format":false,"excerpt":"Rendu par le tribunal judiciaire de Bordeaux le 30 juin 2025, le jugement tranche un divorce sans enfant d\u2019\u00e9poux mari\u00e9s en 2016 sous s\u00e9paration de biens. L\u2019assignation a \u00e9t\u00e9 d\u00e9livr\u00e9e le 17 avril 2024, une ordonnance de mesures provisoires est intervenue le 7 janvier 2025, puis l\u2019affaire a \u00e9t\u00e9 plaid\u00e9e\u2026","rel":"","context":"\u0641\u064a &quot;D\u00e9cisions juridiques&quot;","block_context":{"text":"D\u00e9cisions juridiques","link":"https:\/\/kohenavocats.com\/category\/decisions-juridiques\/"},"img":{"alt_text":"","src":"https:\/\/i0.wp.com\/kohenavocats.com\/wp-content\/uploads\/2024\/11\/laura-adai-uVe-JpiFDmE-unsplash.webp?resize=350%2C200&ssl=1","width":350,"height":200,"srcset":"https:\/\/i0.wp.com\/kohenavocats.com\/wp-content\/uploads\/2024\/11\/laura-adai-uVe-JpiFDmE-unsplash.webp?resize=350%2C200&ssl=1 1x, https:\/\/i0.wp.com\/kohenavocats.com\/wp-content\/uploads\/2024\/11\/laura-adai-uVe-JpiFDmE-unsplash.webp?resize=525%2C300&ssl=1 1.5x, https:\/\/i0.wp.com\/kohenavocats.com\/wp-content\/uploads\/2024\/11\/laura-adai-uVe-JpiFDmE-unsplash.webp?resize=700%2C400&ssl=1 2x, https:\/\/i0.wp.com\/kohenavocats.com\/wp-content\/uploads\/2024\/11\/laura-adai-uVe-JpiFDmE-unsplash.webp?resize=1050%2C600&ssl=1 3x, https:\/\/i0.wp.com\/kohenavocats.com\/wp-content\/uploads\/2024\/11\/laura-adai-uVe-JpiFDmE-unsplash.webp?resize=1400%2C800&ssl=1 4x"},"classes":[]}],"jetpack_sharing_enabled":true,"_links":{"self":[{"href":"https:\/\/kohenavocats.com\/ar\/wp-json\/wp\/v2\/posts\/663904","targetHints":{"allow":["GET"]}}],"collection":[{"href":"https:\/\/kohenavocats.com\/ar\/wp-json\/wp\/v2\/posts"}],"about":[{"href":"https:\/\/kohenavocats.com\/ar\/wp-json\/wp\/v2\/types\/post"}],"author":[{"embeddable":true,"href":"https:\/\/kohenavocats.com\/ar\/wp-json\/wp\/v2\/users\/232070755"}],"replies":[{"embeddable":true,"href":"https:\/\/kohenavocats.com\/ar\/wp-json\/wp\/v2\/comments?post=663904"}],"version-history":[{"count":1,"href":"https:\/\/kohenavocats.com\/ar\/wp-json\/wp\/v2\/posts\/663904\/revisions"}],"predecessor-version":[{"id":679455,"href":"https:\/\/kohenavocats.com\/ar\/wp-json\/wp\/v2\/posts\/663904\/revisions\/679455"}],"wp:featuredmedia":[{"embeddable":true,"href":"https:\/\/kohenavocats.com\/ar\/wp-json\/wp\/v2\/media\/9462"}],"wp:attachment":[{"href":"https:\/\/kohenavocats.com\/ar\/wp-json\/wp\/v2\/media?parent=663904"}],"wp:term":[{"taxonomy":"category","embeddable":true,"href":"https:\/\/kohenavocats.com\/ar\/wp-json\/wp\/v2\/categories?post=663904"},{"taxonomy":"post_tag","embeddable":true,"href":"https:\/\/kohenavocats.com\/ar\/wp-json\/wp\/v2\/tags?post=663904"}],"curies":[{"name":"wp","href":"https:\/\/api.w.org\/{rel}","templated":true}]}}