{"id":663914,"date":"2026-04-23T21:48:49","date_gmt":"2026-04-23T19:48:49","guid":{"rendered":"https:\/\/kohenavocats.com\/cour-dappel-de-grenoble-le-15-octobre-2025-n24-01158\/"},"modified":"2026-04-23T21:48:49","modified_gmt":"2026-04-23T19:48:49","slug":"cour-dappel-de-grenoble-le-15-octobre-2025-n24-01158","status":"publish","type":"post","link":"https:\/\/kohenavocats.com\/ar\/cour-dappel-de-grenoble-le-15-octobre-2025-n24-01158\/","title":{"rendered":"Cour d&#8217;appel de Grenoble, le 15 octobre 2025, n\u00b024\/01158"},"content":{"rendered":"<div class=\"article-content\">\n<p>La cour d&#8217;appel de Grenoble, le 15 octobre 2025, statue sur un litige relatif au taux d&#8217;incapacit\u00e9 permanente partielle. Une salari\u00e9e, victime d&#8217;une maladie professionnelle, s&#8217;est vue reconna\u00eetre un taux de quarante pour cent. Son employeur conteste cette \u00e9valuation devant la juridiction judiciaire. La question pos\u00e9e est celle de la fixation du taux d&#8217;incapacit\u00e9 et du r\u00f4le du bar\u00e8me indicatif. La cour confirme le jugement de premi\u00e8re instance qui avait maintenu le taux initial.<\/p>\n<p>La primaut\u00e9 de l&#8217;\u00e9valuation m\u00e9dicale initiale<\/p>\n<p>La d\u00e9cision rappelle le cadre l\u00e9gal de la fixation du taux d&#8217;incapacit\u00e9. Le juge souligne que l&#8217;\u00e9valuation doit se fonder sur l&#8217;\u00e9tat s\u00e9quellaire \u00e0 la date de consolidation. Il ne peut \u00eatre tenu compte d&#8217;\u00e9l\u00e9ments post\u00e9rieurs \u00e0 cet instant d\u00e9terminant. L&#8217;appr\u00e9ciation doit int\u00e9grer l&#8217;ensemble des param\u00e8tres l\u00e9gaux, dont les facult\u00e9s physiques et la qualification professionnelle. Le bar\u00e8me annex\u00e9 au code de la s\u00e9curit\u00e9 sociale constitue une r\u00e9f\u00e9rence essentielle mais non imp\u00e9rative. &#8220;Le taux d&#8217;incapacit\u00e9 permanente partielle doit \u00eatre fix\u00e9 en fonction de l&#8217;\u00e9tat s\u00e9quellaire au jour de la consolidation de la victime&#8221; (Motifs, \u00a71). Cette r\u00e8gle garantit une \u00e9valuation objective et fig\u00e9e dans le temps. Elle \u00e9vite toute influence de l&#8217;\u00e9volution ult\u00e9rieure de l&#8217;\u00e9tat de la victime. La consolidation marque ainsi le point de d\u00e9part d\u00e9finitif du pr\u00e9judice.<\/p>\n<p>Le bar\u00e8me indicatif guide le m\u00e9decin sans l&#8217;enchainer. La cour rel\u00e8ve que le guide pr\u00e9voit des fourchettes pour les diff\u00e9rentes formes de pathologie. Pour l&#8217;algodystrophie s\u00e9v\u00e8re du membre sup\u00e9rieur, il propose un taux de trente \u00e0 cinquante pour cent. Le m\u00e9decin-conseil a retenu un taux de quarante pour cent dans cette fourchette. &#8220;Selon l&#8217;intensit\u00e9 des douleurs, des troubles trophiques et de l&#8217;atteinte articulaire : forme mineure [&#8230;] 10 \u00e0 20 [&#8230;] Forme s\u00e9v\u00e8re, avec impotence et troubles trophiques [&#8230;] 30 \u00e0 50&#8221; (Motifs, \u00a72). Ce bar\u00e8me offre une latitude d&#8217;appr\u00e9ciation au praticien. Il ne lie pas le m\u00e9decin par des crit\u00e8res trop rigides. Comme le pr\u00e9cise une jurisprudence, &#8220;Les taux d&#8217;incapacit\u00e9 propos\u00e9s sont des taux moyens, et le m\u00e9decin charg\u00e9 de l&#8217;\u00e9valuation garde [&#8230;] l&#8217;enti\u00e8re libert\u00e9 de s&#8217;\u00e9carter des chiffres du bar\u00e8me&#8221; (Tribunal judiciaire de Rouen, le 22 ao\u00fbt 2025, n\u00b024\/00784). La valeur de cette disposition r\u00e9side dans son adaptabilit\u00e9 aux cas particuliers.<\/p>\n<p>Le rejet des contestations non \u00e9tay\u00e9es<\/p>\n<p>L&#8217;employeur a soumis un avis m\u00e9dical contradictoire proposant un taux inf\u00e9rieur. Ce rapport invoquait une forme interm\u00e9diaire non pr\u00e9vue par le bar\u00e8me. Il minimisait aussi l&#8217;atteinte en la limitant aux doigts uniquement. La cour \u00e9carte cet avis pour son manque de fondement objectif. Elle estime que cet avis &#8220;ne refl\u00e8te toutefois que son appr\u00e9ciation personnelle, non \u00e9tay\u00e9e par des \u00e9l\u00e9ments objectifs&#8221; (Motifs, \u00a74). La simple divergence d&#8217;opinion ne suffit pas \u00e0 renverser la pr\u00e9somption de validit\u00e9 de l&#8217;expertise initiale. La charge de la preuve p\u00e8se sur la partie qui conteste l&#8217;\u00e9valuation. L&#8217;employeur doit donc apporter des \u00e9l\u00e9ments m\u00e9dicaux solides et concordants. L&#8217;insuffisance probatoire de sa d\u00e9monstration entra\u00eene le rejet de sa demande.<\/p>\n<p>La cour pr\u00e9cise ensuite l&#8217;interpr\u00e9tation stricte des mentions du bar\u00e8me. L&#8217;avis contestataire voulait distinguer selon les parties du membre atteintes. Le juge rappelle que le bar\u00e8me ne pr\u00e9voit aucune telle subdivision. &#8220;Le bar\u00e8me [&#8230;] ne pr\u00e9voit aucunement des taux diff\u00e9rents selon les membres plus sp\u00e9cifiquement concern\u00e9s (doigts, coude, \u00e9paule)&#8221; (Motifs, \u00a74). Il n&#8217;op\u00e8re pas non plus de distinction entre c\u00f4t\u00e9 dominant et non dominant. Cette analyse restrictive prot\u00e8ge la victime d&#8217;une minoration arbitraire de son pr\u00e9judice. Elle assure une application uniforme et pr\u00e9visible des textes r\u00e9glementaires. La port\u00e9e de l&#8217;arr\u00eat est de conforter la m\u00e9thodologie d&#8217;\u00e9valuation fond\u00e9e sur le bar\u00e8me. Il rappelle que la contestation doit \u00eatre s\u00e9rieusement motiv\u00e9e et \u00e9tay\u00e9e.<\/p>\n<\/div>\n","protected":false},"excerpt":{"rendered":"<p>La cour d&#8217;appel de Grenoble, le 15 octobre 2025, statue sur un litige relatif au taux d&#8217;incapacit\u00e9 permanente partielle. Une salari\u00e9e, victime d&#8217;une maladie &#8230;<\/p>\n","protected":false},"author":232070755,"featured_media":4716,"comment_status":"open","ping_status":"open","sticky":false,"template":"","format":"standard","meta":{"_crdt_document":"","_jetpack_newsletter_access":"","_jetpack_dont_email_post_to_subs":false,"_jetpack_newsletter_tier_id":0,"_jetpack_memberships_contains_paywalled_content":false,"_kj_source_type":"","_kj_official_id":"","_kj_official_url":"","_kj_judilibre_id":"","_kj_jur":"","_kj_lieu":"","_kj_chambre":"","_kj_rg":"","_kj_date":"","_jetpack_memberships_contains_paid_content":false,"footnotes":"","jetpack_post_was_ever_published":false},"categories":[7597],"tags":[],"class_list":["post-663914","post","type-post","status-publish","format-standard","has-post-thumbnail","hentry","category-jurisprudence"],"yoast_head":"<!-- This site is optimized with the Yoast SEO Premium plugin v27.4 (Yoast SEO v27.4) - https:\/\/yoast.com\/product\/yoast-seo-premium-wordpress\/ -->\n<title>Cour d&#039;appel de Grenoble, le 15 octobre 2025, n\u00b024\/01158 - Ma\u00eetre Hassan Kohen, avocat en droit p\u00e9nal \u00e0 Paris<\/title>\n<meta name=\"description\" content=\"La cour d&#039;appel de Grenoble, le 15 octobre 2025, statue sur un litige relatif au taux d&#039;incapacit\u00e9 permanente partielle. Une salari\u00e9e, victime d&#039;une maladie ...\" \/>\n<meta name=\"robots\" content=\"index, follow, max-snippet:-1, max-image-preview:large, max-video-preview:-1\" \/>\n<link rel=\"canonical\" href=\"https:\/\/kohenavocats.com\/ar\/cour-dappel-de-grenoble-le-15-octobre-2025-n24-01158\/\" \/>\n<meta property=\"og:locale\" content=\"ar_AR\" \/>\n<meta property=\"og:type\" content=\"article\" \/>\n<meta property=\"og:title\" content=\"Cour d&#039;appel de Grenoble, le 15 octobre 2025, n\u00b024\/01158\" \/>\n<meta property=\"og:description\" content=\"La cour d&#039;appel de Grenoble, le 15 octobre 2025, statue sur un litige relatif au taux d&#039;incapacit\u00e9 permanente partielle. Une salari\u00e9e, victime d&#039;une maladie ...\" \/>\n<meta property=\"og:url\" content=\"https:\/\/kohenavocats.com\/ar\/cour-dappel-de-grenoble-le-15-octobre-2025-n24-01158\/\" \/>\n<meta property=\"og:site_name\" content=\"Ma\u00eetre Hassan Kohen, avocat en droit p\u00e9nal \u00e0 Paris\" \/>\n<meta property=\"article:published_time\" content=\"2026-04-23T19:48:49+00:00\" \/>\n<meta property=\"og:image\" content=\"https:\/\/kohenavocats.com\/wp-content\/uploads\/2024\/08\/prateek-katyal-_YzGQvASeMk-unsplash.webp\" \/>\n\t<meta property=\"og:image:width\" content=\"6000\" \/>\n\t<meta property=\"og:image:height\" content=\"3460\" \/>\n\t<meta property=\"og:image:type\" content=\"image\/webp\" \/>\n<meta name=\"author\" content=\"Kohen\" \/>\n<meta name=\"twitter:card\" content=\"summary_large_image\" \/>\n<meta name=\"twitter:label1\" content=\"\u0643\u064f\u062a\u0628 \u0628\u0648\u0627\u0633\u0637\u0629\" \/>\n\t<meta name=\"twitter:data1\" content=\"Kohen\" \/>\n\t<meta name=\"twitter:label2\" content=\"\u0648\u0642\u062a \u0627\u0644\u0642\u0631\u0627\u0621\u0629 \u0627\u0644\u0645\u064f\u0642\u062f\u0651\u0631\" \/>\n\t<meta name=\"twitter:data2\" content=\"3 \u062f\u0642\u0627\u0626\u0642\" \/>\n<script type=\"application\/ld+json\" class=\"yoast-schema-graph\">{\"@context\":\"https:\\\/\\\/schema.org\",\"@graph\":[{\"@type\":\"Article\",\"@id\":\"https:\\\/\\\/kohenavocats.com\\\/ar\\\/cour-dappel-de-grenoble-le-15-octobre-2025-n24-01158\\\/#article\",\"isPartOf\":{\"@id\":\"https:\\\/\\\/kohenavocats.com\\\/ar\\\/cour-dappel-de-grenoble-le-15-octobre-2025-n24-01158\\\/\"},\"author\":{\"name\":\"Kohen\",\"@id\":\"https:\\\/\\\/kohenavocats.com\\\/ar\\\/#\\\/schema\\\/person\\\/761c9ba54fa1ca84d405cef0831ff751\"},\"headline\":\"Cour d&#8217;appel de Grenoble, le 15 octobre 2025, n\u00b024\\\/01158\",\"datePublished\":\"2026-04-23T19:48:49+00:00\",\"mainEntityOfPage\":{\"@id\":\"https:\\\/\\\/kohenavocats.com\\\/ar\\\/cour-dappel-de-grenoble-le-15-octobre-2025-n24-01158\\\/\"},\"wordCount\":704,\"commentCount\":0,\"publisher\":{\"@id\":\"https:\\\/\\\/kohenavocats.com\\\/ar\\\/#organization\"},\"image\":{\"@id\":\"https:\\\/\\\/kohenavocats.com\\\/ar\\\/cour-dappel-de-grenoble-le-15-octobre-2025-n24-01158\\\/#primaryimage\"},\"thumbnailUrl\":\"https:\\\/\\\/kohenavocats.com\\\/wp-content\\\/uploads\\\/2024\\\/08\\\/prateek-katyal-_YzGQvASeMk-unsplash.webp\",\"articleSection\":[\"Jurisprudence\"],\"inLanguage\":\"ar\",\"potentialAction\":[{\"@type\":\"CommentAction\",\"name\":\"Comment\",\"target\":[\"https:\\\/\\\/kohenavocats.com\\\/ar\\\/cour-dappel-de-grenoble-le-15-octobre-2025-n24-01158\\\/#respond\"]}],\"citation\":\"Cour d&#8217;appel de Grenoble, le 15 octobre 2025, n\u00b024\\\/01158\",\"about\":[{\"@type\":\"Thing\",\"name\":\"Jurisprudence\"}],\"dateModified\":\"2026-04-23T19:48:49+00:00\",\"speakable\":{\"@type\":\"SpeakableSpecification\",\"cssSelector\":[\".article-content > p:first-of-type\"]}},{\"@type\":\"WebPage\",\"@id\":\"https:\\\/\\\/kohenavocats.com\\\/ar\\\/cour-dappel-de-grenoble-le-15-octobre-2025-n24-01158\\\/\",\"url\":\"https:\\\/\\\/kohenavocats.com\\\/ar\\\/cour-dappel-de-grenoble-le-15-octobre-2025-n24-01158\\\/\",\"name\":\"Cour d'appel de Grenoble, le 15 octobre 2025, n\u00b024\\\/01158 - Ma\u00eetre Hassan Kohen, avocat en droit p\u00e9nal \u00e0 Paris\",\"isPartOf\":{\"@id\":\"https:\\\/\\\/kohenavocats.com\\\/ar\\\/#website\"},\"primaryImageOfPage\":{\"@id\":\"https:\\\/\\\/kohenavocats.com\\\/ar\\\/cour-dappel-de-grenoble-le-15-octobre-2025-n24-01158\\\/#primaryimage\"},\"image\":{\"@id\":\"https:\\\/\\\/kohenavocats.com\\\/ar\\\/cour-dappel-de-grenoble-le-15-octobre-2025-n24-01158\\\/#primaryimage\"},\"thumbnailUrl\":\"https:\\\/\\\/kohenavocats.com\\\/wp-content\\\/uploads\\\/2024\\\/08\\\/prateek-katyal-_YzGQvASeMk-unsplash.webp\",\"datePublished\":\"2026-04-23T19:48:49+00:00\",\"description\":\"La cour d'appel de Grenoble, le 15 octobre 2025, statue sur un litige relatif au taux d'incapacit\u00e9 permanente partielle. Une salari\u00e9e, victime d'une maladie ...\",\"breadcrumb\":{\"@id\":\"https:\\\/\\\/kohenavocats.com\\\/ar\\\/cour-dappel-de-grenoble-le-15-octobre-2025-n24-01158\\\/#breadcrumb\"},\"inLanguage\":\"ar\",\"potentialAction\":[{\"@type\":\"ReadAction\",\"target\":[\"https:\\\/\\\/kohenavocats.com\\\/ar\\\/cour-dappel-de-grenoble-le-15-octobre-2025-n24-01158\\\/\"]}]},{\"@type\":\"ImageObject\",\"inLanguage\":\"ar\",\"@id\":\"https:\\\/\\\/kohenavocats.com\\\/ar\\\/cour-dappel-de-grenoble-le-15-octobre-2025-n24-01158\\\/#primaryimage\",\"url\":\"https:\\\/\\\/kohenavocats.com\\\/wp-content\\\/uploads\\\/2024\\\/08\\\/prateek-katyal-_YzGQvASeMk-unsplash.webp\",\"contentUrl\":\"https:\\\/\\\/kohenavocats.com\\\/wp-content\\\/uploads\\\/2024\\\/08\\\/prateek-katyal-_YzGQvASeMk-unsplash.webp\",\"width\":6000,\"height\":3460},{\"@type\":\"BreadcrumbList\",\"@id\":\"https:\\\/\\\/kohenavocats.com\\\/ar\\\/cour-dappel-de-grenoble-le-15-octobre-2025-n24-01158\\\/#breadcrumb\",\"itemListElement\":[{\"@type\":\"ListItem\",\"position\":1,\"name\":\"Home\",\"item\":\"https:\\\/\\\/kohenavocats.com\\\/ar\\\/%d9%85%d8%ad%d8%a7%d9%85%d9%88%d9%86-%d9%85%d8%aa%d8%ae%d8%b5%d8%b5%d9%88%d9%86-%d9%81%d9%8a-%d8%a7%d9%84%d9%82%d8%a7%d9%86%d9%88%d9%86-%d8%a7%d9%84%d8%ac%d9%86%d8%a7%d8%a6%d9%8a-%d8%a8%d8%a8%d8%a7\\\/\"},{\"@type\":\"ListItem\",\"position\":2,\"name\":\"Cour d&rsquo;appel de Grenoble, le 15 octobre 2025, n\u00b024\\\/01158\"}]},{\"@type\":\"WebSite\",\"@id\":\"https:\\\/\\\/kohenavocats.com\\\/ar\\\/#website\",\"url\":\"https:\\\/\\\/kohenavocats.com\\\/ar\\\/\",\"name\":\"Kohen Avocats\",\"description\":\"Ma\u00eetre Hassan Kohen, avocat p\u00e9naliste \u00e0 Paris, intervient exclusivement en droit p\u00e9nal pour la d\u00e9fense des particuliers, notamment en mati\u00e8re d\u2019accusations de viol. Il assure un accompagnement rigoureux d\u00e8s la garde \u00e0 vue jusqu\u2019\u00e0 la Cour d\u2019assises, veillant au strict respect des garanties proc\u00e9durales.\",\"publisher\":{\"@id\":\"https:\\\/\\\/kohenavocats.com\\\/ar\\\/#organization\"},\"potentialAction\":[{\"@type\":\"SearchAction\",\"target\":{\"@type\":\"EntryPoint\",\"urlTemplate\":\"https:\\\/\\\/kohenavocats.com\\\/ar\\\/?s={search_term_string}\"},\"query-input\":{\"@type\":\"PropertyValueSpecification\",\"valueRequired\":true,\"valueName\":\"search_term_string\"}}],\"inLanguage\":\"ar\"},{\"@type\":\"Organization\",\"@id\":\"https:\\\/\\\/kohenavocats.com\\\/ar\\\/#organization\",\"name\":\"Kohen Avocats\",\"url\":\"https:\\\/\\\/kohenavocats.com\\\/ar\\\/\",\"logo\":{\"@type\":\"ImageObject\",\"inLanguage\":\"ar\",\"@id\":\"https:\\\/\\\/kohenavocats.com\\\/ar\\\/#\\\/schema\\\/logo\\\/image\\\/\",\"url\":\"https:\\\/\\\/kohenavocats.com\\\/wp-content\\\/uploads\\\/2026\\\/01\\\/Logo-2-1.webp\",\"contentUrl\":\"https:\\\/\\\/kohenavocats.com\\\/wp-content\\\/uploads\\\/2026\\\/01\\\/Logo-2-1.webp\",\"width\":2114,\"height\":1253,\"caption\":\"Kohen Avocats\"},\"image\":{\"@id\":\"https:\\\/\\\/kohenavocats.com\\\/ar\\\/#\\\/schema\\\/logo\\\/image\\\/\"}},{\"@type\":\"Person\",\"@id\":\"https:\\\/\\\/kohenavocats.com\\\/ar\\\/#\\\/schema\\\/person\\\/761c9ba54fa1ca84d405cef0831ff751\",\"name\":\"Kohen\",\"image\":{\"@type\":\"ImageObject\",\"inLanguage\":\"ar\",\"@id\":\"https:\\\/\\\/secure.gravatar.com\\\/avatar\\\/1c5e76ef76bbbfdd2b4da984e2bf2fa4056fd51a27d25ce2c332047f1dfd6e00?s=96&d=identicon&r=g\",\"url\":\"https:\\\/\\\/secure.gravatar.com\\\/avatar\\\/1c5e76ef76bbbfdd2b4da984e2bf2fa4056fd51a27d25ce2c332047f1dfd6e00?s=96&d=identicon&r=g\",\"contentUrl\":\"https:\\\/\\\/secure.gravatar.com\\\/avatar\\\/1c5e76ef76bbbfdd2b4da984e2bf2fa4056fd51a27d25ce2c332047f1dfd6e00?s=96&d=identicon&r=g\",\"caption\":\"Kohen\"},\"sameAs\":[\"https:\\\/\\\/www.linkedin.com\\\/in\\\/hassan-kohen-448548192\\\/\",\"https:\\\/\\\/www.youtube.com\\\/@Kohen-Avocats\"],\"url\":\"https:\\\/\\\/kohenavocats.com\\\/ar\\\/author\\\/kohenmlk\\\/\"}]}<\/script>\n<!-- \/ Yoast SEO Premium plugin. -->","yoast_head_json":{"title":"Cour d'appel de Grenoble, le 15 octobre 2025, n\u00b024\/01158 - Ma\u00eetre Hassan Kohen, avocat en droit p\u00e9nal \u00e0 Paris","description":"La cour d'appel de Grenoble, le 15 octobre 2025, statue sur un litige relatif au taux d'incapacit\u00e9 permanente partielle. Une salari\u00e9e, victime d'une maladie ...","robots":{"index":"index","follow":"follow","max-snippet":"max-snippet:-1","max-image-preview":"max-image-preview:large","max-video-preview":"max-video-preview:-1"},"canonical":"https:\/\/kohenavocats.com\/ar\/cour-dappel-de-grenoble-le-15-octobre-2025-n24-01158\/","og_locale":"ar_AR","og_type":"article","og_title":"Cour d'appel de Grenoble, le 15 octobre 2025, n\u00b024\/01158","og_description":"La cour d'appel de Grenoble, le 15 octobre 2025, statue sur un litige relatif au taux d'incapacit\u00e9 permanente partielle. Une salari\u00e9e, victime d'une maladie ...","og_url":"https:\/\/kohenavocats.com\/ar\/cour-dappel-de-grenoble-le-15-octobre-2025-n24-01158\/","og_site_name":"Ma\u00eetre Hassan Kohen, avocat en droit p\u00e9nal \u00e0 Paris","article_published_time":"2026-04-23T19:48:49+00:00","og_image":[{"width":6000,"height":3460,"url":"https:\/\/kohenavocats.com\/wp-content\/uploads\/2024\/08\/prateek-katyal-_YzGQvASeMk-unsplash.webp","type":"image\/webp"}],"author":"Kohen","twitter_card":"summary_large_image","twitter_misc":{"\u0643\u064f\u062a\u0628 \u0628\u0648\u0627\u0633\u0637\u0629":"Kohen","\u0648\u0642\u062a \u0627\u0644\u0642\u0631\u0627\u0621\u0629 \u0627\u0644\u0645\u064f\u0642\u062f\u0651\u0631":"3 \u062f\u0642\u0627\u0626\u0642"},"schema":{"@context":"https:\/\/schema.org","@graph":[{"@type":"Article","@id":"https:\/\/kohenavocats.com\/ar\/cour-dappel-de-grenoble-le-15-octobre-2025-n24-01158\/#article","isPartOf":{"@id":"https:\/\/kohenavocats.com\/ar\/cour-dappel-de-grenoble-le-15-octobre-2025-n24-01158\/"},"author":{"name":"Kohen","@id":"https:\/\/kohenavocats.com\/ar\/#\/schema\/person\/761c9ba54fa1ca84d405cef0831ff751"},"headline":"Cour d&#8217;appel de Grenoble, le 15 octobre 2025, n\u00b024\/01158","datePublished":"2026-04-23T19:48:49+00:00","mainEntityOfPage":{"@id":"https:\/\/kohenavocats.com\/ar\/cour-dappel-de-grenoble-le-15-octobre-2025-n24-01158\/"},"wordCount":704,"commentCount":0,"publisher":{"@id":"https:\/\/kohenavocats.com\/ar\/#organization"},"image":{"@id":"https:\/\/kohenavocats.com\/ar\/cour-dappel-de-grenoble-le-15-octobre-2025-n24-01158\/#primaryimage"},"thumbnailUrl":"https:\/\/kohenavocats.com\/wp-content\/uploads\/2024\/08\/prateek-katyal-_YzGQvASeMk-unsplash.webp","articleSection":["Jurisprudence"],"inLanguage":"ar","potentialAction":[{"@type":"CommentAction","name":"Comment","target":["https:\/\/kohenavocats.com\/ar\/cour-dappel-de-grenoble-le-15-octobre-2025-n24-01158\/#respond"]}],"citation":"Cour d&#8217;appel de Grenoble, le 15 octobre 2025, n\u00b024\/01158","about":[{"@type":"Thing","name":"Jurisprudence"}],"dateModified":"2026-04-23T19:48:49+00:00","speakable":{"@type":"SpeakableSpecification","cssSelector":[".article-content > p:first-of-type"]}},{"@type":"WebPage","@id":"https:\/\/kohenavocats.com\/ar\/cour-dappel-de-grenoble-le-15-octobre-2025-n24-01158\/","url":"https:\/\/kohenavocats.com\/ar\/cour-dappel-de-grenoble-le-15-octobre-2025-n24-01158\/","name":"Cour d'appel de Grenoble, le 15 octobre 2025, n\u00b024\/01158 - Ma\u00eetre Hassan Kohen, avocat en droit p\u00e9nal \u00e0 Paris","isPartOf":{"@id":"https:\/\/kohenavocats.com\/ar\/#website"},"primaryImageOfPage":{"@id":"https:\/\/kohenavocats.com\/ar\/cour-dappel-de-grenoble-le-15-octobre-2025-n24-01158\/#primaryimage"},"image":{"@id":"https:\/\/kohenavocats.com\/ar\/cour-dappel-de-grenoble-le-15-octobre-2025-n24-01158\/#primaryimage"},"thumbnailUrl":"https:\/\/kohenavocats.com\/wp-content\/uploads\/2024\/08\/prateek-katyal-_YzGQvASeMk-unsplash.webp","datePublished":"2026-04-23T19:48:49+00:00","description":"La cour d'appel de Grenoble, le 15 octobre 2025, statue sur un litige relatif au taux d'incapacit\u00e9 permanente partielle. Une salari\u00e9e, victime d'une maladie ...","breadcrumb":{"@id":"https:\/\/kohenavocats.com\/ar\/cour-dappel-de-grenoble-le-15-octobre-2025-n24-01158\/#breadcrumb"},"inLanguage":"ar","potentialAction":[{"@type":"ReadAction","target":["https:\/\/kohenavocats.com\/ar\/cour-dappel-de-grenoble-le-15-octobre-2025-n24-01158\/"]}]},{"@type":"ImageObject","inLanguage":"ar","@id":"https:\/\/kohenavocats.com\/ar\/cour-dappel-de-grenoble-le-15-octobre-2025-n24-01158\/#primaryimage","url":"https:\/\/kohenavocats.com\/wp-content\/uploads\/2024\/08\/prateek-katyal-_YzGQvASeMk-unsplash.webp","contentUrl":"https:\/\/kohenavocats.com\/wp-content\/uploads\/2024\/08\/prateek-katyal-_YzGQvASeMk-unsplash.webp","width":6000,"height":3460},{"@type":"BreadcrumbList","@id":"https:\/\/kohenavocats.com\/ar\/cour-dappel-de-grenoble-le-15-octobre-2025-n24-01158\/#breadcrumb","itemListElement":[{"@type":"ListItem","position":1,"name":"Home","item":"https:\/\/kohenavocats.com\/ar\/%d9%85%d8%ad%d8%a7%d9%85%d9%88%d9%86-%d9%85%d8%aa%d8%ae%d8%b5%d8%b5%d9%88%d9%86-%d9%81%d9%8a-%d8%a7%d9%84%d9%82%d8%a7%d9%86%d9%88%d9%86-%d8%a7%d9%84%d8%ac%d9%86%d8%a7%d8%a6%d9%8a-%d8%a8%d8%a8%d8%a7\/"},{"@type":"ListItem","position":2,"name":"Cour d&rsquo;appel de Grenoble, le 15 octobre 2025, n\u00b024\/01158"}]},{"@type":"WebSite","@id":"https:\/\/kohenavocats.com\/ar\/#website","url":"https:\/\/kohenavocats.com\/ar\/","name":"Kohen Avocats","description":"Ma\u00eetre Hassan Kohen, avocat p\u00e9naliste \u00e0 Paris, intervient exclusivement en droit p\u00e9nal pour la d\u00e9fense des particuliers, notamment en mati\u00e8re d\u2019accusations de viol. Il assure un accompagnement rigoureux d\u00e8s la garde \u00e0 vue jusqu\u2019\u00e0 la Cour d\u2019assises, veillant au strict respect des garanties proc\u00e9durales.","publisher":{"@id":"https:\/\/kohenavocats.com\/ar\/#organization"},"potentialAction":[{"@type":"SearchAction","target":{"@type":"EntryPoint","urlTemplate":"https:\/\/kohenavocats.com\/ar\/?s={search_term_string}"},"query-input":{"@type":"PropertyValueSpecification","valueRequired":true,"valueName":"search_term_string"}}],"inLanguage":"ar"},{"@type":"Organization","@id":"https:\/\/kohenavocats.com\/ar\/#organization","name":"Kohen Avocats","url":"https:\/\/kohenavocats.com\/ar\/","logo":{"@type":"ImageObject","inLanguage":"ar","@id":"https:\/\/kohenavocats.com\/ar\/#\/schema\/logo\/image\/","url":"https:\/\/kohenavocats.com\/wp-content\/uploads\/2026\/01\/Logo-2-1.webp","contentUrl":"https:\/\/kohenavocats.com\/wp-content\/uploads\/2026\/01\/Logo-2-1.webp","width":2114,"height":1253,"caption":"Kohen Avocats"},"image":{"@id":"https:\/\/kohenavocats.com\/ar\/#\/schema\/logo\/image\/"}},{"@type":"Person","@id":"https:\/\/kohenavocats.com\/ar\/#\/schema\/person\/761c9ba54fa1ca84d405cef0831ff751","name":"Kohen","image":{"@type":"ImageObject","inLanguage":"ar","@id":"https:\/\/secure.gravatar.com\/avatar\/1c5e76ef76bbbfdd2b4da984e2bf2fa4056fd51a27d25ce2c332047f1dfd6e00?s=96&d=identicon&r=g","url":"https:\/\/secure.gravatar.com\/avatar\/1c5e76ef76bbbfdd2b4da984e2bf2fa4056fd51a27d25ce2c332047f1dfd6e00?s=96&d=identicon&r=g","contentUrl":"https:\/\/secure.gravatar.com\/avatar\/1c5e76ef76bbbfdd2b4da984e2bf2fa4056fd51a27d25ce2c332047f1dfd6e00?s=96&d=identicon&r=g","caption":"Kohen"},"sameAs":["https:\/\/www.linkedin.com\/in\/hassan-kohen-448548192\/","https:\/\/www.youtube.com\/@Kohen-Avocats"],"url":"https:\/\/kohenavocats.com\/ar\/author\/kohenmlk\/"}]}},"jetpack_featured_media_url":"https:\/\/kohenavocats.com\/wp-content\/uploads\/2024\/08\/prateek-katyal-_YzGQvASeMk-unsplash.webp","jetpack_likes_enabled":false,"jetpack_shortlink":"https:\/\/wp.me\/peCrII-2MIi","jetpack-related-posts":[{"id":655974,"url":"https:\/\/kohenavocats.com\/ar\/tribunal-judiciaire-de-grenoble-le-30-septembre-2025-n23-00786\/","url_meta":{"origin":663914,"position":0},"title":"Tribunal judiciaire de Grenoble, le 30 septembre 2025, n\u00b023\/00786","author":"Kohen","date":"23 \u0623\u0628\u0631\u064a\u0644\u060c 2026","format":false,"excerpt":"Le tribunal judiciaire de Grenoble, statuant le 30 septembre 2025, examine un recours form\u00e9 par un employeur contre une d\u00e9cision de caisse primaire d'assuran...","rel":"","context":"\u0641\u064a &quot;Jurisprudence&quot;","block_context":{"text":"Jurisprudence","link":"https:\/\/kohenavocats.com\/category\/jurisprudence\/"},"img":{"alt_text":"","src":"https:\/\/i0.wp.com\/kohenavocats.com\/wp-content\/uploads\/2024\/08\/diane-picchiottino-PeF-Q-zRVSA-unsplash.webp?resize=350%2C200&ssl=1","width":350,"height":200,"srcset":"https:\/\/i0.wp.com\/kohenavocats.com\/wp-content\/uploads\/2024\/08\/diane-picchiottino-PeF-Q-zRVSA-unsplash.webp?resize=350%2C200&ssl=1 1x, https:\/\/i0.wp.com\/kohenavocats.com\/wp-content\/uploads\/2024\/08\/diane-picchiottino-PeF-Q-zRVSA-unsplash.webp?resize=525%2C300&ssl=1 1.5x, https:\/\/i0.wp.com\/kohenavocats.com\/wp-content\/uploads\/2024\/08\/diane-picchiottino-PeF-Q-zRVSA-unsplash.webp?resize=700%2C400&ssl=1 2x, https:\/\/i0.wp.com\/kohenavocats.com\/wp-content\/uploads\/2024\/08\/diane-picchiottino-PeF-Q-zRVSA-unsplash.webp?resize=1050%2C600&ssl=1 3x, https:\/\/i0.wp.com\/kohenavocats.com\/wp-content\/uploads\/2024\/08\/diane-picchiottino-PeF-Q-zRVSA-unsplash.webp?resize=1400%2C800&ssl=1 4x"},"classes":[]},{"id":662657,"url":"https:\/\/kohenavocats.com\/ar\/tribunal-judiciaire-de-grenoble-le-10-juillet-2024-n23-01561\/","url_meta":{"origin":663914,"position":1},"title":"Tribunal judiciaire de Grenoble, le 10 juillet 2024, n\u00b023\/01561","author":"Kohen","date":"23 \u0623\u0628\u0631\u064a\u0644\u060c 2026","format":false,"excerpt":"Le P\u00f4le social du tribunal judiciaire de Grenoble, statuant contradictoirement, a rendu un jugement le 10 juillet 2024. L'affaire concernait un litige entre ...","rel":"","context":"\u0641\u064a &quot;Jurisprudence&quot;","block_context":{"text":"Jurisprudence","link":"https:\/\/kohenavocats.com\/category\/jurisprudence\/"},"img":{"alt_text":"","src":"https:\/\/i0.wp.com\/kohenavocats.com\/wp-content\/uploads\/2024\/11\/allison-saeng-Xp2cnkaRwlw-unsplash.webp?resize=350%2C200&ssl=1","width":350,"height":200,"srcset":"https:\/\/i0.wp.com\/kohenavocats.com\/wp-content\/uploads\/2024\/11\/allison-saeng-Xp2cnkaRwlw-unsplash.webp?resize=350%2C200&ssl=1 1x, https:\/\/i0.wp.com\/kohenavocats.com\/wp-content\/uploads\/2024\/11\/allison-saeng-Xp2cnkaRwlw-unsplash.webp?resize=525%2C300&ssl=1 1.5x, https:\/\/i0.wp.com\/kohenavocats.com\/wp-content\/uploads\/2024\/11\/allison-saeng-Xp2cnkaRwlw-unsplash.webp?resize=700%2C400&ssl=1 2x, https:\/\/i0.wp.com\/kohenavocats.com\/wp-content\/uploads\/2024\/11\/allison-saeng-Xp2cnkaRwlw-unsplash.webp?resize=1050%2C600&ssl=1 3x, https:\/\/i0.wp.com\/kohenavocats.com\/wp-content\/uploads\/2024\/11\/allison-saeng-Xp2cnkaRwlw-unsplash.webp?resize=1400%2C800&ssl=1 4x"},"classes":[]},{"id":240665,"url":"https:\/\/kohenavocats.com\/ar\/cour-dappel-de-grenoble-le-5-septembre-2025-n24-00506\/","url_meta":{"origin":663914,"position":2},"title":"Cour d&#8217;appel de Grenoble, le 5 septembre 2025, n\u00b024\/00506","author":"Kohen","date":"2 \u064a\u0646\u0627\u064a\u0631\u060c 2026","format":false,"excerpt":"Rendue par la Cour d\u2019appel de Grenoble le 5 septembre 2025, la d\u00e9cision tranche un contentieux de protection sociale relatif \u00e0 la fixation du taux d\u2019incapacit\u00e9 permanente partielle d\u2019une salari\u00e9e atteinte d\u2019une maladie professionnelle. Apr\u00e8s consolidation au 31 mars 2021, le service m\u00e9dical a fix\u00e9 un taux de 12 %,\u2026","rel":"","context":"\u0641\u064a &quot;Cour d'appel&quot;","block_context":{"text":"Cour d'appel","link":"https:\/\/kohenavocats.com\/category\/cour-dappel\/"},"img":{"alt_text":"","src":"https:\/\/i0.wp.com\/kohenavocats.com\/wp-content\/uploads\/2024\/08\/denise-schuld-zasdQFfh4oA-unsplash.webp?resize=350%2C200&ssl=1","width":350,"height":200,"srcset":"https:\/\/i0.wp.com\/kohenavocats.com\/wp-content\/uploads\/2024\/08\/denise-schuld-zasdQFfh4oA-unsplash.webp?resize=350%2C200&ssl=1 1x, https:\/\/i0.wp.com\/kohenavocats.com\/wp-content\/uploads\/2024\/08\/denise-schuld-zasdQFfh4oA-unsplash.webp?resize=525%2C300&ssl=1 1.5x, https:\/\/i0.wp.com\/kohenavocats.com\/wp-content\/uploads\/2024\/08\/denise-schuld-zasdQFfh4oA-unsplash.webp?resize=700%2C400&ssl=1 2x, https:\/\/i0.wp.com\/kohenavocats.com\/wp-content\/uploads\/2024\/08\/denise-schuld-zasdQFfh4oA-unsplash.webp?resize=1050%2C600&ssl=1 3x, https:\/\/i0.wp.com\/kohenavocats.com\/wp-content\/uploads\/2024\/08\/denise-schuld-zasdQFfh4oA-unsplash.webp?resize=1400%2C800&ssl=1 4x"},"classes":[]},{"id":486882,"url":"https:\/\/kohenavocats.com\/ar\/cour-dappel-de-nimes-le-7-novembre-2024-n24-03277\/","url_meta":{"origin":663914,"position":3},"title":"Cour d&#8217;appel de N\u00eemes, le 7 novembre 2024, n\u00b024\/03277","author":"Kohen","date":"8 \u0623\u0628\u0631\u064a\u0644\u060c 2026","format":false,"excerpt":"La cour d'appel de N\u00eemes, statuant le 7 novembre 2024, a examin\u00e9 un litige relatif \u00e0 la fixation du taux d'incapacit\u00e9 permanente partielle. L'assur\u00e9 contesta...","rel":"","context":"\u0641\u064a &quot;Jurisprudence&quot;","block_context":{"text":"Jurisprudence","link":"https:\/\/kohenavocats.com\/category\/jurisprudence\/"},"img":{"alt_text":"","src":"https:\/\/i0.wp.com\/kohenavocats.com\/wp-content\/uploads\/2024\/11\/laura-adai-uVe-JpiFDmE-unsplash.webp?resize=350%2C200&ssl=1","width":350,"height":200,"srcset":"https:\/\/i0.wp.com\/kohenavocats.com\/wp-content\/uploads\/2024\/11\/laura-adai-uVe-JpiFDmE-unsplash.webp?resize=350%2C200&ssl=1 1x, https:\/\/i0.wp.com\/kohenavocats.com\/wp-content\/uploads\/2024\/11\/laura-adai-uVe-JpiFDmE-unsplash.webp?resize=525%2C300&ssl=1 1.5x, https:\/\/i0.wp.com\/kohenavocats.com\/wp-content\/uploads\/2024\/11\/laura-adai-uVe-JpiFDmE-unsplash.webp?resize=700%2C400&ssl=1 2x, https:\/\/i0.wp.com\/kohenavocats.com\/wp-content\/uploads\/2024\/11\/laura-adai-uVe-JpiFDmE-unsplash.webp?resize=1050%2C600&ssl=1 3x, https:\/\/i0.wp.com\/kohenavocats.com\/wp-content\/uploads\/2024\/11\/laura-adai-uVe-JpiFDmE-unsplash.webp?resize=1400%2C800&ssl=1 4x"},"classes":[]},{"id":481931,"url":"https:\/\/kohenavocats.com\/ar\/tribunal-judiciaire-de-marseille-le-18-novembre-2025-n24-03054\/","url_meta":{"origin":663914,"position":4},"title":"Tribunal judiciaire de Marseille, le 18 novembre 2025, n\u00b024\/03054","author":"Kohen","date":"8 \u0623\u0628\u0631\u064a\u0644\u060c 2026","format":false,"excerpt":"Le p\u00f4le social du tribunal judiciaire de Marseille, par jugement du 18 novembre 2025, statue sur une demande d'allocation aux adultes handicap\u00e9s. Le requ\u00e9ran...","rel":"","context":"\u0641\u064a &quot;Jurisprudence&quot;","block_context":{"text":"Jurisprudence","link":"https:\/\/kohenavocats.com\/category\/jurisprudence\/"},"img":{"alt_text":"","src":"https:\/\/i0.wp.com\/kohenavocats.com\/wp-content\/uploads\/2024\/08\/diane-picchiottino-KI_-ZrxR6J4-unsplash.webp?resize=350%2C200&ssl=1","width":350,"height":200,"srcset":"https:\/\/i0.wp.com\/kohenavocats.com\/wp-content\/uploads\/2024\/08\/diane-picchiottino-KI_-ZrxR6J4-unsplash.webp?resize=350%2C200&ssl=1 1x, https:\/\/i0.wp.com\/kohenavocats.com\/wp-content\/uploads\/2024\/08\/diane-picchiottino-KI_-ZrxR6J4-unsplash.webp?resize=525%2C300&ssl=1 1.5x, https:\/\/i0.wp.com\/kohenavocats.com\/wp-content\/uploads\/2024\/08\/diane-picchiottino-KI_-ZrxR6J4-unsplash.webp?resize=700%2C400&ssl=1 2x, https:\/\/i0.wp.com\/kohenavocats.com\/wp-content\/uploads\/2024\/08\/diane-picchiottino-KI_-ZrxR6J4-unsplash.webp?resize=1050%2C600&ssl=1 3x, https:\/\/i0.wp.com\/kohenavocats.com\/wp-content\/uploads\/2024\/08\/diane-picchiottino-KI_-ZrxR6J4-unsplash.webp?resize=1400%2C800&ssl=1 4x"},"classes":[]},{"id":226578,"url":"https:\/\/kohenavocats.com\/ar\/cour-dappel-de-grenoble-le-4-juillet-2025-n23-04301\/","url_meta":{"origin":663914,"position":5},"title":"Cour d&#8217;appel de Grenoble, le 4 juillet 2025, n\u00b023\/04301","author":"Kohen","date":"26 \u062f\u064a\u0633\u0645\u0628\u0631\u060c 2025","format":false,"excerpt":"L\u2019arr\u00eat rendu par la Cour d\u2019appel de Grenoble le 4 juillet 2025 porte sur un litige relatif au taux d\u2019incapacit\u00e9 permanente partielle cons\u00e9cutif \u00e0 un accident du travail de nature psychologique. Cette d\u00e9cision illustre la m\u00e9thodologie d\u2019\u00e9valuation des s\u00e9quelles psychiques dans le contentieux de la s\u00e9curit\u00e9 sociale et les exigences\u2026","rel":"","context":"\u0641\u064a &quot;Cour d'appel&quot;","block_context":{"text":"Cour d'appel","link":"https:\/\/kohenavocats.com\/category\/cour-dappel\/"},"img":{"alt_text":"","src":"https:\/\/i0.wp.com\/kohenavocats.com\/wp-content\/uploads\/2024\/08\/mathieu-gauzy-4CVs3VcCR6k-unsplash.webp?resize=350%2C200&ssl=1","width":350,"height":200,"srcset":"https:\/\/i0.wp.com\/kohenavocats.com\/wp-content\/uploads\/2024\/08\/mathieu-gauzy-4CVs3VcCR6k-unsplash.webp?resize=350%2C200&ssl=1 1x, https:\/\/i0.wp.com\/kohenavocats.com\/wp-content\/uploads\/2024\/08\/mathieu-gauzy-4CVs3VcCR6k-unsplash.webp?resize=525%2C300&ssl=1 1.5x, https:\/\/i0.wp.com\/kohenavocats.com\/wp-content\/uploads\/2024\/08\/mathieu-gauzy-4CVs3VcCR6k-unsplash.webp?resize=700%2C400&ssl=1 2x, https:\/\/i0.wp.com\/kohenavocats.com\/wp-content\/uploads\/2024\/08\/mathieu-gauzy-4CVs3VcCR6k-unsplash.webp?resize=1050%2C600&ssl=1 3x, https:\/\/i0.wp.com\/kohenavocats.com\/wp-content\/uploads\/2024\/08\/mathieu-gauzy-4CVs3VcCR6k-unsplash.webp?resize=1400%2C800&ssl=1 4x"},"classes":[]}],"jetpack_sharing_enabled":true,"_links":{"self":[{"href":"https:\/\/kohenavocats.com\/ar\/wp-json\/wp\/v2\/posts\/663914","targetHints":{"allow":["GET"]}}],"collection":[{"href":"https:\/\/kohenavocats.com\/ar\/wp-json\/wp\/v2\/posts"}],"about":[{"href":"https:\/\/kohenavocats.com\/ar\/wp-json\/wp\/v2\/types\/post"}],"author":[{"embeddable":true,"href":"https:\/\/kohenavocats.com\/ar\/wp-json\/wp\/v2\/users\/232070755"}],"replies":[{"embeddable":true,"href":"https:\/\/kohenavocats.com\/ar\/wp-json\/wp\/v2\/comments?post=663914"}],"version-history":[{"count":0,"href":"https:\/\/kohenavocats.com\/ar\/wp-json\/wp\/v2\/posts\/663914\/revisions"}],"wp:featuredmedia":[{"embeddable":true,"href":"https:\/\/kohenavocats.com\/ar\/wp-json\/wp\/v2\/media\/4716"}],"wp:attachment":[{"href":"https:\/\/kohenavocats.com\/ar\/wp-json\/wp\/v2\/media?parent=663914"}],"wp:term":[{"taxonomy":"category","embeddable":true,"href":"https:\/\/kohenavocats.com\/ar\/wp-json\/wp\/v2\/categories?post=663914"},{"taxonomy":"post_tag","embeddable":true,"href":"https:\/\/kohenavocats.com\/ar\/wp-json\/wp\/v2\/tags?post=663914"}],"curies":[{"name":"wp","href":"https:\/\/api.w.org\/{rel}","templated":true}]}}