{"id":663921,"date":"2026-04-23T21:49:11","date_gmt":"2026-04-23T19:49:11","guid":{"rendered":"https:\/\/kohenavocats.com\/cour-dappel-de-douai-le-10-avril-2025-n24-03752\/"},"modified":"2026-04-23T21:49:11","modified_gmt":"2026-04-23T19:49:11","slug":"cour-dappel-de-douai-le-10-avril-2025-n24-03752","status":"publish","type":"post","link":"https:\/\/kohenavocats.com\/ar\/cour-dappel-de-douai-le-10-avril-2025-n24-03752\/","title":{"rendered":"Cour d&#8217;appel de Douai, le 10 avril 2025, n\u00b024\/03752"},"content":{"rendered":"<div class=\"article-content\">\n<p>La cour d&#8217;appel de Douai, statuant le 10 avril 2025, a \u00e9t\u00e9 saisie d&#8217;un litige entre des consommateurs et leur \u00e9tablissement de cr\u00e9dit. L&#8217;\u00e9tablissement bancaire faisait appel d&#8217;une ordonnance de mise en \u00e9tat ayant rejet\u00e9 sa demande en nullit\u00e9 de l&#8217;assignation. La juridiction d&#8217;appel a confirm\u00e9 int\u00e9gralement la d\u00e9cision premi\u00e8re instance et condamn\u00e9 l&#8217;\u00e9tablissement financier aux d\u00e9pens. Elle pr\u00e9cise les conditions de la confidentialit\u00e9 en m\u00e9diation et les pouvoirs du juge de la mise en \u00e9tat.<\/p>\n<p>Le principe de confidentialit\u00e9 de la m\u00e9diation et ses limites proc\u00e9durales<\/p>\n<p>La cour \u00e9carte le moyen tir\u00e9 de la violation de la confidentialit\u00e9. Elle estime que le simple fait de reprendre des arguments d\u00e9j\u00e0 pr\u00e9sent\u00e9s au m\u00e9diateur dans l&#8217;assignation ne constitue pas une divulgation illicite. &#8220;Le fait d&#8217;exposer le litige et de faire valoir ses arguments \u00e0 l&#8217;appui d&#8217;une assignation, de la m\u00eame fa\u00e7on et dans le m\u00eame style qu&#8217;aupr\u00e8s du m\u00e9diateur [&#8230;] ne saurait entacher l&#8217;acte introductif d&#8217;instance d&#8217;irr\u00e9gularit\u00e9&#8221; (Motifs). La confidentialit\u00e9 n&#8217;interdit pas aux parties de soumettre \u00e0 un juge des pr\u00e9tentions d\u00e9j\u00e0 d\u00e9battues en m\u00e9diation.<\/p>\n<p>La d\u00e9cision rappelle que la sanction d&#8217;une preuve illicite n&#8217;est pas la nullit\u00e9 de l&#8217;acte. La production de pi\u00e8ces issues de la m\u00e9diation est analys\u00e9e s\u00e9par\u00e9ment de la validit\u00e9 de l&#8217;acte introductif. &#8220;La production \u00e0 la cause de pi\u00e8ces qu&#8217;une partie estime illicite du fait de leur contenu, n&#8217;est pas sanctionn\u00e9e par la nullit\u00e9 de l&#8217;acte qui les vise mais par leur mise \u00e0 l&#8217;\u00e9cart des d\u00e9bats&#8221; (Motifs). Cette distinction est essentielle pour le d\u00e9roulement \u00e9quitable de la proc\u00e9dure.<\/p>\n<p>La r\u00e9partition des pouvoirs entre le juge de la mise en \u00e9tat et le juge du fond<\/p>\n<p>La cour confirme les limites des pouvoirs du juge des r\u00e9f\u00e9r\u00e9s de la mise en \u00e9tat. Elle souligne que ce magistrat ne peut statuer sur l&#8217;\u00e9cartement de pi\u00e8ces pour illic\u00e9it\u00e9. &#8220;Le juge de la mise en \u00e9tat ne dispose pas du pouvoir d&#8217;\u00e9carter des moyens de preuve des d\u00e9bats en raison de leur contenu ou du fait des conditions de leur obtention&#8221; (Motifs). Seule la juridiction saisie du fond peut appr\u00e9cier la lic\u00e9it\u00e9 de la preuve et son \u00e9ventuelle exclusion.<\/p>\n<p>Cette position consacre une stricte s\u00e9paration des fonctions proc\u00e9durales. Elle rejoint la solution selon laquelle &#8220;la nullit\u00e9 ne peut \u00eatre prononc\u00e9e qu&#8217;\u00e0 charge pour l&#8217;adversaire qui l&#8217;invoque de prouver le grief que lui cause l&#8217;irr\u00e9gularit\u00e9&#8221; (Cour d&#8217;appel de Saint-Denis de la R\u00e9union, le 22 juillet 2025, n\u00b024\/00050). L&#8217;appr\u00e9ciation du grief et de l&#8217;\u00e9quit\u00e9 proc\u00e9durale rel\u00e8ve ainsi de la phase de fond. La cour valide donc la comp\u00e9tence du juge du fond pour trancher ult\u00e9rieurement sur le sort des pi\u00e8ces litigieuses.<\/p>\n<p>Cette d\u00e9cision clarifie le r\u00e9gime proc\u00e9dural des litiges post-m\u00e9diation. Elle affirme que la confidentialit\u00e9 ne fait pas obstacle \u00e0 la saisine du juge avec des arguments identiques. Elle renforce \u00e9galement la r\u00e9partition des r\u00f4les entre les diff\u00e9rentes phases du proc\u00e8s. La port\u00e9e de l&#8217;arr\u00eat est pratique, guidant les praticiens sur la r\u00e9daction des actes apr\u00e8s un \u00e9chec de la m\u00e9diation.<\/p>\n<\/div>\n","protected":false},"excerpt":{"rendered":"<p>La cour d&#8217;appel de Douai, statuant le 10 avril 2025, a \u00e9t\u00e9 saisie d&#8217;un litige entre des consommateurs et leur \u00e9tablissement de cr\u00e9dit. L&#8217;\u00e9tablissement bancai&#8230;<\/p>\n","protected":false},"author":232070755,"featured_media":9580,"comment_status":"open","ping_status":"open","sticky":false,"template":"","format":"standard","meta":{"_crdt_document":"","_jetpack_newsletter_access":"","_jetpack_dont_email_post_to_subs":false,"_jetpack_newsletter_tier_id":0,"_jetpack_memberships_contains_paywalled_content":false,"_kj_source_type":"judilibre","_kj_official_id":"68d62526f345149cf84d2b85","_kj_official_url":"https:\/\/www.courdecassation.fr\/decision\/68d62526f345149cf84d2b85","_kj_judilibre_id":"68d62526f345149cf84d2b85","_kj_jur":"Cour d'appel","_kj_lieu":"Cour d'appel de Douai","_kj_chambre":"CHAMBRE 8 SECTION 1","_kj_rg":"24\/03752","_kj_date":"2025-09-25","_jetpack_memberships_contains_paid_content":false,"footnotes":"","jetpack_post_was_ever_published":false},"categories":[7597],"tags":[],"class_list":["post-663921","post","type-post","status-publish","format-standard","has-post-thumbnail","hentry","category-jurisprudence"],"yoast_head":"<!-- This site is optimized with the Yoast SEO Premium plugin v27.5 (Yoast SEO v27.5) - https:\/\/yoast.com\/product\/yoast-seo-premium-wordpress\/ -->\n<title>Cour d&#039;appel de Douai, le 10 avril 2025, n\u00b024\/03752 - Ma\u00eetre Hassan Kohen, avocat en droit p\u00e9nal \u00e0 Paris<\/title>\n<meta name=\"description\" content=\"La cour d&#039;appel de Douai, statuant le 10 avril 2025, a \u00e9t\u00e9 saisie d&#039;un litige entre des consommateurs et leur \u00e9tablissement de cr\u00e9dit. L&#039;\u00e9tablissement bancai...\" \/>\n<meta name=\"robots\" content=\"index, follow, max-snippet:-1, max-image-preview:large, max-video-preview:-1\" \/>\n<link rel=\"canonical\" href=\"https:\/\/kohenavocats.com\/ar\/cour-dappel-de-douai-le-10-avril-2025-n24-03752\/\" \/>\n<meta property=\"og:locale\" content=\"ar_AR\" \/>\n<meta property=\"og:type\" content=\"article\" \/>\n<meta property=\"og:title\" content=\"Cour d&#039;appel de Douai, le 10 avril 2025, n\u00b024\/03752\" \/>\n<meta property=\"og:description\" content=\"La cour d&#039;appel de Douai, statuant le 10 avril 2025, a \u00e9t\u00e9 saisie d&#039;un litige entre des consommateurs et leur \u00e9tablissement de cr\u00e9dit. L&#039;\u00e9tablissement bancai...\" \/>\n<meta property=\"og:url\" content=\"https:\/\/kohenavocats.com\/ar\/cour-dappel-de-douai-le-10-avril-2025-n24-03752\/\" \/>\n<meta property=\"og:site_name\" content=\"Ma\u00eetre Hassan Kohen, avocat en droit p\u00e9nal \u00e0 Paris\" \/>\n<meta property=\"article:published_time\" content=\"2026-04-23T19:49:11+00:00\" \/>\n<meta property=\"og:image\" content=\"https:\/\/kohenavocats.com\/wp-content\/uploads\/2024\/11\/getty-images-btf-2n_Kcgw-unsplash.webp\" \/>\n\t<meta property=\"og:image:width\" content=\"4000\" \/>\n\t<meta property=\"og:image:height\" content=\"3000\" \/>\n\t<meta property=\"og:image:type\" content=\"image\/webp\" \/>\n<meta name=\"author\" content=\"Kohen\" \/>\n<meta name=\"twitter:card\" content=\"summary_large_image\" \/>\n<meta name=\"twitter:label1\" content=\"\u0643\u064f\u062a\u0628 \u0628\u0648\u0627\u0633\u0637\u0629\" \/>\n\t<meta name=\"twitter:data1\" content=\"Kohen\" \/>\n\t<meta name=\"twitter:label2\" content=\"\u0648\u0642\u062a \u0627\u0644\u0642\u0631\u0627\u0621\u0629 \u0627\u0644\u0645\u064f\u0642\u062f\u0651\u0631\" \/>\n\t<meta name=\"twitter:data2\" content=\"3 \u062f\u0642\u0627\u0626\u0642\" \/>\n<script type=\"application\/ld+json\" class=\"yoast-schema-graph\">{\"@context\":\"https:\\\/\\\/schema.org\",\"@graph\":[{\"@type\":\"Article\",\"@id\":\"https:\\\/\\\/kohenavocats.com\\\/ar\\\/cour-dappel-de-douai-le-10-avril-2025-n24-03752\\\/#article\",\"isPartOf\":{\"@id\":\"https:\\\/\\\/kohenavocats.com\\\/ar\\\/cour-dappel-de-douai-le-10-avril-2025-n24-03752\\\/\"},\"author\":{\"name\":\"Kohen\",\"@id\":\"https:\\\/\\\/kohenavocats.com\\\/ar\\\/#\\\/schema\\\/person\\\/761c9ba54fa1ca84d405cef0831ff751\"},\"headline\":\"Cour d&#8217;appel de Douai, le 10 avril 2025, n\u00b024\\\/03752\",\"datePublished\":\"2026-04-23T19:49:11+00:00\",\"mainEntityOfPage\":{\"@id\":\"https:\\\/\\\/kohenavocats.com\\\/ar\\\/cour-dappel-de-douai-le-10-avril-2025-n24-03752\\\/\"},\"wordCount\":588,\"commentCount\":0,\"publisher\":{\"@id\":\"https:\\\/\\\/kohenavocats.com\\\/ar\\\/#organization\"},\"image\":{\"@id\":\"https:\\\/\\\/kohenavocats.com\\\/ar\\\/cour-dappel-de-douai-le-10-avril-2025-n24-03752\\\/#primaryimage\"},\"thumbnailUrl\":\"https:\\\/\\\/kohenavocats.com\\\/wp-content\\\/uploads\\\/2024\\\/11\\\/getty-images-btf-2n_Kcgw-unsplash.webp\",\"articleSection\":[\"Jurisprudence\"],\"inLanguage\":\"ar\",\"potentialAction\":[{\"@type\":\"CommentAction\",\"name\":\"Comment\",\"target\":[\"https:\\\/\\\/kohenavocats.com\\\/ar\\\/cour-dappel-de-douai-le-10-avril-2025-n24-03752\\\/#respond\"]}],\"citation\":\"Cour d&#8217;appel de Douai, le 10 avril 2025, n\u00b024\\\/03752\",\"about\":[{\"@type\":\"Thing\",\"name\":\"Jurisprudence\"}],\"dateModified\":\"2026-04-23T19:49:11+00:00\",\"speakable\":{\"@type\":\"SpeakableSpecification\",\"cssSelector\":[\".article-content > p:first-of-type\"]}},{\"@type\":\"WebPage\",\"@id\":\"https:\\\/\\\/kohenavocats.com\\\/ar\\\/cour-dappel-de-douai-le-10-avril-2025-n24-03752\\\/\",\"url\":\"https:\\\/\\\/kohenavocats.com\\\/ar\\\/cour-dappel-de-douai-le-10-avril-2025-n24-03752\\\/\",\"name\":\"Cour d'appel de Douai, le 10 avril 2025, n\u00b024\\\/03752 - Ma\u00eetre Hassan Kohen, avocat en droit p\u00e9nal \u00e0 Paris\",\"isPartOf\":{\"@id\":\"https:\\\/\\\/kohenavocats.com\\\/ar\\\/#website\"},\"primaryImageOfPage\":{\"@id\":\"https:\\\/\\\/kohenavocats.com\\\/ar\\\/cour-dappel-de-douai-le-10-avril-2025-n24-03752\\\/#primaryimage\"},\"image\":{\"@id\":\"https:\\\/\\\/kohenavocats.com\\\/ar\\\/cour-dappel-de-douai-le-10-avril-2025-n24-03752\\\/#primaryimage\"},\"thumbnailUrl\":\"https:\\\/\\\/kohenavocats.com\\\/wp-content\\\/uploads\\\/2024\\\/11\\\/getty-images-btf-2n_Kcgw-unsplash.webp\",\"datePublished\":\"2026-04-23T19:49:11+00:00\",\"description\":\"La cour d'appel de Douai, statuant le 10 avril 2025, a \u00e9t\u00e9 saisie d'un litige entre des consommateurs et leur \u00e9tablissement de cr\u00e9dit. L'\u00e9tablissement bancai...\",\"breadcrumb\":{\"@id\":\"https:\\\/\\\/kohenavocats.com\\\/ar\\\/cour-dappel-de-douai-le-10-avril-2025-n24-03752\\\/#breadcrumb\"},\"inLanguage\":\"ar\",\"potentialAction\":[{\"@type\":\"ReadAction\",\"target\":[\"https:\\\/\\\/kohenavocats.com\\\/ar\\\/cour-dappel-de-douai-le-10-avril-2025-n24-03752\\\/\"]}]},{\"@type\":\"ImageObject\",\"inLanguage\":\"ar\",\"@id\":\"https:\\\/\\\/kohenavocats.com\\\/ar\\\/cour-dappel-de-douai-le-10-avril-2025-n24-03752\\\/#primaryimage\",\"url\":\"https:\\\/\\\/kohenavocats.com\\\/wp-content\\\/uploads\\\/2024\\\/11\\\/getty-images-btf-2n_Kcgw-unsplash.webp\",\"contentUrl\":\"https:\\\/\\\/kohenavocats.com\\\/wp-content\\\/uploads\\\/2024\\\/11\\\/getty-images-btf-2n_Kcgw-unsplash.webp\",\"width\":4000,\"height\":3000},{\"@type\":\"BreadcrumbList\",\"@id\":\"https:\\\/\\\/kohenavocats.com\\\/ar\\\/cour-dappel-de-douai-le-10-avril-2025-n24-03752\\\/#breadcrumb\",\"itemListElement\":[{\"@type\":\"ListItem\",\"position\":1,\"name\":\"Home\",\"item\":\"https:\\\/\\\/kohenavocats.com\\\/ar\\\/%d9%85%d8%ad%d8%a7%d9%85%d9%88%d9%86-%d9%85%d8%aa%d8%ae%d8%b5%d8%b5%d9%88%d9%86-%d9%81%d9%8a-%d8%a7%d9%84%d9%82%d8%a7%d9%86%d9%88%d9%86-%d8%a7%d9%84%d8%ac%d9%86%d8%a7%d8%a6%d9%8a-%d8%a8%d8%a8%d8%a7\\\/\"},{\"@type\":\"ListItem\",\"position\":2,\"name\":\"Cour d&rsquo;appel de Douai, le 10 avril 2025, n\u00b024\\\/03752\"}]},{\"@type\":\"WebSite\",\"@id\":\"https:\\\/\\\/kohenavocats.com\\\/ar\\\/#website\",\"url\":\"https:\\\/\\\/kohenavocats.com\\\/ar\\\/\",\"name\":\"Kohen Avocats\",\"description\":\"Ma\u00eetre Hassan Kohen, avocat p\u00e9naliste \u00e0 Paris, intervient exclusivement en droit p\u00e9nal pour la d\u00e9fense des particuliers, notamment en mati\u00e8re d\u2019accusations de viol. Il assure un accompagnement rigoureux d\u00e8s la garde \u00e0 vue jusqu\u2019\u00e0 la Cour d\u2019assises, veillant au strict respect des garanties proc\u00e9durales.\",\"publisher\":{\"@id\":\"https:\\\/\\\/kohenavocats.com\\\/ar\\\/#organization\"},\"potentialAction\":[{\"@type\":\"SearchAction\",\"target\":{\"@type\":\"EntryPoint\",\"urlTemplate\":\"https:\\\/\\\/kohenavocats.com\\\/ar\\\/?s={search_term_string}\"},\"query-input\":{\"@type\":\"PropertyValueSpecification\",\"valueRequired\":true,\"valueName\":\"search_term_string\"}}],\"inLanguage\":\"ar\"},{\"@type\":\"Organization\",\"@id\":\"https:\\\/\\\/kohenavocats.com\\\/ar\\\/#organization\",\"name\":\"Kohen Avocats\",\"url\":\"https:\\\/\\\/kohenavocats.com\\\/ar\\\/\",\"logo\":{\"@type\":\"ImageObject\",\"inLanguage\":\"ar\",\"@id\":\"https:\\\/\\\/kohenavocats.com\\\/ar\\\/#\\\/schema\\\/logo\\\/image\\\/\",\"url\":\"https:\\\/\\\/kohenavocats.com\\\/wp-content\\\/uploads\\\/2026\\\/01\\\/Logo-2-1.webp\",\"contentUrl\":\"https:\\\/\\\/kohenavocats.com\\\/wp-content\\\/uploads\\\/2026\\\/01\\\/Logo-2-1.webp\",\"width\":2114,\"height\":1253,\"caption\":\"Kohen Avocats\"},\"image\":{\"@id\":\"https:\\\/\\\/kohenavocats.com\\\/ar\\\/#\\\/schema\\\/logo\\\/image\\\/\"}},{\"@type\":\"Person\",\"@id\":\"https:\\\/\\\/kohenavocats.com\\\/ar\\\/#\\\/schema\\\/person\\\/761c9ba54fa1ca84d405cef0831ff751\",\"name\":\"Kohen\",\"image\":{\"@type\":\"ImageObject\",\"inLanguage\":\"ar\",\"@id\":\"https:\\\/\\\/secure.gravatar.com\\\/avatar\\\/1c5e76ef76bbbfdd2b4da984e2bf2fa4056fd51a27d25ce2c332047f1dfd6e00?s=96&d=identicon&r=g\",\"url\":\"https:\\\/\\\/secure.gravatar.com\\\/avatar\\\/1c5e76ef76bbbfdd2b4da984e2bf2fa4056fd51a27d25ce2c332047f1dfd6e00?s=96&d=identicon&r=g\",\"contentUrl\":\"https:\\\/\\\/secure.gravatar.com\\\/avatar\\\/1c5e76ef76bbbfdd2b4da984e2bf2fa4056fd51a27d25ce2c332047f1dfd6e00?s=96&d=identicon&r=g\",\"caption\":\"Kohen\"},\"sameAs\":[\"https:\\\/\\\/www.linkedin.com\\\/in\\\/hassan-kohen-448548192\\\/\",\"https:\\\/\\\/www.youtube.com\\\/@Kohen-Avocats\"],\"url\":\"https:\\\/\\\/kohenavocats.com\\\/ar\\\/author\\\/kohenmlk\\\/\"}]}<\/script>\n<!-- \/ Yoast SEO Premium plugin. -->","yoast_head_json":{"title":"Cour d'appel de Douai, le 10 avril 2025, n\u00b024\/03752 - Ma\u00eetre Hassan Kohen, avocat en droit p\u00e9nal \u00e0 Paris","description":"La cour d'appel de Douai, statuant le 10 avril 2025, a \u00e9t\u00e9 saisie d'un litige entre des consommateurs et leur \u00e9tablissement de cr\u00e9dit. L'\u00e9tablissement bancai...","robots":{"index":"index","follow":"follow","max-snippet":"max-snippet:-1","max-image-preview":"max-image-preview:large","max-video-preview":"max-video-preview:-1"},"canonical":"https:\/\/kohenavocats.com\/ar\/cour-dappel-de-douai-le-10-avril-2025-n24-03752\/","og_locale":"ar_AR","og_type":"article","og_title":"Cour d'appel de Douai, le 10 avril 2025, n\u00b024\/03752","og_description":"La cour d'appel de Douai, statuant le 10 avril 2025, a \u00e9t\u00e9 saisie d'un litige entre des consommateurs et leur \u00e9tablissement de cr\u00e9dit. L'\u00e9tablissement bancai...","og_url":"https:\/\/kohenavocats.com\/ar\/cour-dappel-de-douai-le-10-avril-2025-n24-03752\/","og_site_name":"Ma\u00eetre Hassan Kohen, avocat en droit p\u00e9nal \u00e0 Paris","article_published_time":"2026-04-23T19:49:11+00:00","og_image":[{"width":4000,"height":3000,"url":"https:\/\/kohenavocats.com\/wp-content\/uploads\/2024\/11\/getty-images-btf-2n_Kcgw-unsplash.webp","type":"image\/webp"}],"author":"Kohen","twitter_card":"summary_large_image","twitter_misc":{"\u0643\u064f\u062a\u0628 \u0628\u0648\u0627\u0633\u0637\u0629":"Kohen","\u0648\u0642\u062a \u0627\u0644\u0642\u0631\u0627\u0621\u0629 \u0627\u0644\u0645\u064f\u0642\u062f\u0651\u0631":"3 \u062f\u0642\u0627\u0626\u0642"},"schema":{"@context":"https:\/\/schema.org","@graph":[{"@type":"Article","@id":"https:\/\/kohenavocats.com\/ar\/cour-dappel-de-douai-le-10-avril-2025-n24-03752\/#article","isPartOf":{"@id":"https:\/\/kohenavocats.com\/ar\/cour-dappel-de-douai-le-10-avril-2025-n24-03752\/"},"author":{"name":"Kohen","@id":"https:\/\/kohenavocats.com\/ar\/#\/schema\/person\/761c9ba54fa1ca84d405cef0831ff751"},"headline":"Cour d&#8217;appel de Douai, le 10 avril 2025, n\u00b024\/03752","datePublished":"2026-04-23T19:49:11+00:00","mainEntityOfPage":{"@id":"https:\/\/kohenavocats.com\/ar\/cour-dappel-de-douai-le-10-avril-2025-n24-03752\/"},"wordCount":588,"commentCount":0,"publisher":{"@id":"https:\/\/kohenavocats.com\/ar\/#organization"},"image":{"@id":"https:\/\/kohenavocats.com\/ar\/cour-dappel-de-douai-le-10-avril-2025-n24-03752\/#primaryimage"},"thumbnailUrl":"https:\/\/kohenavocats.com\/wp-content\/uploads\/2024\/11\/getty-images-btf-2n_Kcgw-unsplash.webp","articleSection":["Jurisprudence"],"inLanguage":"ar","potentialAction":[{"@type":"CommentAction","name":"Comment","target":["https:\/\/kohenavocats.com\/ar\/cour-dappel-de-douai-le-10-avril-2025-n24-03752\/#respond"]}],"citation":"Cour d&#8217;appel de Douai, le 10 avril 2025, n\u00b024\/03752","about":[{"@type":"Thing","name":"Jurisprudence"}],"dateModified":"2026-04-23T19:49:11+00:00","speakable":{"@type":"SpeakableSpecification","cssSelector":[".article-content > p:first-of-type"]}},{"@type":"WebPage","@id":"https:\/\/kohenavocats.com\/ar\/cour-dappel-de-douai-le-10-avril-2025-n24-03752\/","url":"https:\/\/kohenavocats.com\/ar\/cour-dappel-de-douai-le-10-avril-2025-n24-03752\/","name":"Cour d'appel de Douai, le 10 avril 2025, n\u00b024\/03752 - Ma\u00eetre Hassan Kohen, avocat en droit p\u00e9nal \u00e0 Paris","isPartOf":{"@id":"https:\/\/kohenavocats.com\/ar\/#website"},"primaryImageOfPage":{"@id":"https:\/\/kohenavocats.com\/ar\/cour-dappel-de-douai-le-10-avril-2025-n24-03752\/#primaryimage"},"image":{"@id":"https:\/\/kohenavocats.com\/ar\/cour-dappel-de-douai-le-10-avril-2025-n24-03752\/#primaryimage"},"thumbnailUrl":"https:\/\/kohenavocats.com\/wp-content\/uploads\/2024\/11\/getty-images-btf-2n_Kcgw-unsplash.webp","datePublished":"2026-04-23T19:49:11+00:00","description":"La cour d'appel de Douai, statuant le 10 avril 2025, a \u00e9t\u00e9 saisie d'un litige entre des consommateurs et leur \u00e9tablissement de cr\u00e9dit. L'\u00e9tablissement bancai...","breadcrumb":{"@id":"https:\/\/kohenavocats.com\/ar\/cour-dappel-de-douai-le-10-avril-2025-n24-03752\/#breadcrumb"},"inLanguage":"ar","potentialAction":[{"@type":"ReadAction","target":["https:\/\/kohenavocats.com\/ar\/cour-dappel-de-douai-le-10-avril-2025-n24-03752\/"]}]},{"@type":"ImageObject","inLanguage":"ar","@id":"https:\/\/kohenavocats.com\/ar\/cour-dappel-de-douai-le-10-avril-2025-n24-03752\/#primaryimage","url":"https:\/\/kohenavocats.com\/wp-content\/uploads\/2024\/11\/getty-images-btf-2n_Kcgw-unsplash.webp","contentUrl":"https:\/\/kohenavocats.com\/wp-content\/uploads\/2024\/11\/getty-images-btf-2n_Kcgw-unsplash.webp","width":4000,"height":3000},{"@type":"BreadcrumbList","@id":"https:\/\/kohenavocats.com\/ar\/cour-dappel-de-douai-le-10-avril-2025-n24-03752\/#breadcrumb","itemListElement":[{"@type":"ListItem","position":1,"name":"Home","item":"https:\/\/kohenavocats.com\/ar\/%d9%85%d8%ad%d8%a7%d9%85%d9%88%d9%86-%d9%85%d8%aa%d8%ae%d8%b5%d8%b5%d9%88%d9%86-%d9%81%d9%8a-%d8%a7%d9%84%d9%82%d8%a7%d9%86%d9%88%d9%86-%d8%a7%d9%84%d8%ac%d9%86%d8%a7%d8%a6%d9%8a-%d8%a8%d8%a8%d8%a7\/"},{"@type":"ListItem","position":2,"name":"Cour d&rsquo;appel de Douai, le 10 avril 2025, n\u00b024\/03752"}]},{"@type":"WebSite","@id":"https:\/\/kohenavocats.com\/ar\/#website","url":"https:\/\/kohenavocats.com\/ar\/","name":"Kohen Avocats","description":"Ma\u00eetre Hassan Kohen, avocat p\u00e9naliste \u00e0 Paris, intervient exclusivement en droit p\u00e9nal pour la d\u00e9fense des particuliers, notamment en mati\u00e8re d\u2019accusations de viol. Il assure un accompagnement rigoureux d\u00e8s la garde \u00e0 vue jusqu\u2019\u00e0 la Cour d\u2019assises, veillant au strict respect des garanties proc\u00e9durales.","publisher":{"@id":"https:\/\/kohenavocats.com\/ar\/#organization"},"potentialAction":[{"@type":"SearchAction","target":{"@type":"EntryPoint","urlTemplate":"https:\/\/kohenavocats.com\/ar\/?s={search_term_string}"},"query-input":{"@type":"PropertyValueSpecification","valueRequired":true,"valueName":"search_term_string"}}],"inLanguage":"ar"},{"@type":"Organization","@id":"https:\/\/kohenavocats.com\/ar\/#organization","name":"Kohen Avocats","url":"https:\/\/kohenavocats.com\/ar\/","logo":{"@type":"ImageObject","inLanguage":"ar","@id":"https:\/\/kohenavocats.com\/ar\/#\/schema\/logo\/image\/","url":"https:\/\/kohenavocats.com\/wp-content\/uploads\/2026\/01\/Logo-2-1.webp","contentUrl":"https:\/\/kohenavocats.com\/wp-content\/uploads\/2026\/01\/Logo-2-1.webp","width":2114,"height":1253,"caption":"Kohen Avocats"},"image":{"@id":"https:\/\/kohenavocats.com\/ar\/#\/schema\/logo\/image\/"}},{"@type":"Person","@id":"https:\/\/kohenavocats.com\/ar\/#\/schema\/person\/761c9ba54fa1ca84d405cef0831ff751","name":"Kohen","image":{"@type":"ImageObject","inLanguage":"ar","@id":"https:\/\/secure.gravatar.com\/avatar\/1c5e76ef76bbbfdd2b4da984e2bf2fa4056fd51a27d25ce2c332047f1dfd6e00?s=96&d=identicon&r=g","url":"https:\/\/secure.gravatar.com\/avatar\/1c5e76ef76bbbfdd2b4da984e2bf2fa4056fd51a27d25ce2c332047f1dfd6e00?s=96&d=identicon&r=g","contentUrl":"https:\/\/secure.gravatar.com\/avatar\/1c5e76ef76bbbfdd2b4da984e2bf2fa4056fd51a27d25ce2c332047f1dfd6e00?s=96&d=identicon&r=g","caption":"Kohen"},"sameAs":["https:\/\/www.linkedin.com\/in\/hassan-kohen-448548192\/","https:\/\/www.youtube.com\/@Kohen-Avocats"],"url":"https:\/\/kohenavocats.com\/ar\/author\/kohenmlk\/"}]}},"jetpack_featured_media_url":"https:\/\/kohenavocats.com\/wp-content\/uploads\/2024\/11\/getty-images-btf-2n_Kcgw-unsplash.webp","jetpack_likes_enabled":false,"jetpack_shortlink":"https:\/\/wp.me\/peCrII-2MIp","jetpack-related-posts":[{"id":263730,"url":"https:\/\/kohenavocats.com\/ar\/tribunal-judiciaire-de-paris-le-23-juin-2025-n25-00201\/","url_meta":{"origin":663921,"position":0},"title":"Tribunal judiciaire de Paris, le 23 juin 2025, n\u00b025\/00201","author":"Kohen","date":"9 \u064a\u0646\u0627\u064a\u0631\u060c 2026","format":false,"excerpt":"Rendue par le juge de la mise en \u00e9tat du Tribunal judiciaire de [Localit\u00e9 11], le 23 juin 2025, l\u2019ordonnance intervient dans un litige successoral portant sur le partage et la licitation. La demanderesse sollicitait le partage de la succession et la vente par adjudication des biens, tandis que les\u2026","rel":"","context":"\u0641\u064a &quot;D\u00e9cisions juridiques&quot;","block_context":{"text":"D\u00e9cisions juridiques","link":"https:\/\/kohenavocats.com\/category\/decisions-juridiques\/"},"img":{"alt_text":"","src":"https:\/\/i0.wp.com\/kohenavocats.com\/wp-content\/uploads\/2024\/11\/juliet-furst-LhkovoqKi70-unsplash.webp?resize=350%2C200&ssl=1","width":350,"height":200,"srcset":"https:\/\/i0.wp.com\/kohenavocats.com\/wp-content\/uploads\/2024\/11\/juliet-furst-LhkovoqKi70-unsplash.webp?resize=350%2C200&ssl=1 1x, https:\/\/i0.wp.com\/kohenavocats.com\/wp-content\/uploads\/2024\/11\/juliet-furst-LhkovoqKi70-unsplash.webp?resize=525%2C300&ssl=1 1.5x, https:\/\/i0.wp.com\/kohenavocats.com\/wp-content\/uploads\/2024\/11\/juliet-furst-LhkovoqKi70-unsplash.webp?resize=700%2C400&ssl=1 2x, https:\/\/i0.wp.com\/kohenavocats.com\/wp-content\/uploads\/2024\/11\/juliet-furst-LhkovoqKi70-unsplash.webp?resize=1050%2C600&ssl=1 3x, https:\/\/i0.wp.com\/kohenavocats.com\/wp-content\/uploads\/2024\/11\/juliet-furst-LhkovoqKi70-unsplash.webp?resize=1400%2C800&ssl=1 4x"},"classes":[]},{"id":263652,"url":"https:\/\/kohenavocats.com\/ar\/tribunal-judiciaire-de-paris-le-25-juin-2025-n22-09179\/","url_meta":{"origin":663921,"position":1},"title":"Tribunal judiciaire de Paris, le 25 juin 2025, n\u00b022\/09179","author":"Kohen","date":"9 \u064a\u0646\u0627\u064a\u0631\u060c 2026","format":false,"excerpt":"Tribunal judiciaire de Paris, 5e chambre, 2e section, ordonnance du juge de la mise en \u00e9tat du 25 juin 2025, n\u00b0 RG 22\/09179, n\u00b0 Portalis 352J-W-B7G-CXNK7. Un litige oppose une soci\u00e9t\u00e9 d\u2019exercice lib\u00e9ral \u00e0 deux m\u00e9decins au sujet de pr\u00e9tendus trop-per\u00e7us de r\u00e9mun\u00e9ration pour les ann\u00e9es 2019 \u00e0 2021. Les\u2026","rel":"","context":"\u0641\u064a &quot;D\u00e9cisions juridiques&quot;","block_context":{"text":"D\u00e9cisions juridiques","link":"https:\/\/kohenavocats.com\/category\/decisions-juridiques\/"},"img":{"alt_text":"","src":"https:\/\/i0.wp.com\/kohenavocats.com\/wp-content\/uploads\/2024\/08\/wander-fleur-8ZoE26ywFFM-unsplash.webp?resize=350%2C200&ssl=1","width":350,"height":200,"srcset":"https:\/\/i0.wp.com\/kohenavocats.com\/wp-content\/uploads\/2024\/08\/wander-fleur-8ZoE26ywFFM-unsplash.webp?resize=350%2C200&ssl=1 1x, https:\/\/i0.wp.com\/kohenavocats.com\/wp-content\/uploads\/2024\/08\/wander-fleur-8ZoE26ywFFM-unsplash.webp?resize=525%2C300&ssl=1 1.5x, https:\/\/i0.wp.com\/kohenavocats.com\/wp-content\/uploads\/2024\/08\/wander-fleur-8ZoE26ywFFM-unsplash.webp?resize=700%2C400&ssl=1 2x, https:\/\/i0.wp.com\/kohenavocats.com\/wp-content\/uploads\/2024\/08\/wander-fleur-8ZoE26ywFFM-unsplash.webp?resize=1050%2C600&ssl=1 3x, https:\/\/i0.wp.com\/kohenavocats.com\/wp-content\/uploads\/2024\/08\/wander-fleur-8ZoE26ywFFM-unsplash.webp?resize=1400%2C800&ssl=1 4x"},"classes":[]},{"id":535958,"url":"https:\/\/kohenavocats.com\/ar\/cour-dappel-de-dijon-le-25-avril-2024-n24-00006\/","url_meta":{"origin":663921,"position":2},"title":"Cour d&#8217;appel de Dijon, le 25 avril 2024, n\u00b024\/00006","author":"Kohen","date":"9 \u0623\u0628\u0631\u064a\u0644\u060c 2026","format":false,"excerpt":"La cour d'appel de Dijon, dans un arr\u00eat du 25 avril 2024, statue sur un litige relatif au recouvrement d'une pension d'invalidit\u00e9 ind\u00fbment vers\u00e9e. L'organism...","rel":"","context":"\u0641\u064a &quot;Jurisprudence&quot;","block_context":{"text":"Jurisprudence","link":"https:\/\/kohenavocats.com\/category\/jurisprudence\/"},"img":{"alt_text":"","src":"https:\/\/i0.wp.com\/kohenavocats.com\/wp-content\/uploads\/2024\/11\/luke-jones-9xrEnr-lrDQ-unsplash.webp?resize=350%2C200&ssl=1","width":350,"height":200,"srcset":"https:\/\/i0.wp.com\/kohenavocats.com\/wp-content\/uploads\/2024\/11\/luke-jones-9xrEnr-lrDQ-unsplash.webp?resize=350%2C200&ssl=1 1x, https:\/\/i0.wp.com\/kohenavocats.com\/wp-content\/uploads\/2024\/11\/luke-jones-9xrEnr-lrDQ-unsplash.webp?resize=525%2C300&ssl=1 1.5x, https:\/\/i0.wp.com\/kohenavocats.com\/wp-content\/uploads\/2024\/11\/luke-jones-9xrEnr-lrDQ-unsplash.webp?resize=700%2C400&ssl=1 2x, https:\/\/i0.wp.com\/kohenavocats.com\/wp-content\/uploads\/2024\/11\/luke-jones-9xrEnr-lrDQ-unsplash.webp?resize=1050%2C600&ssl=1 3x, https:\/\/i0.wp.com\/kohenavocats.com\/wp-content\/uploads\/2024\/11\/luke-jones-9xrEnr-lrDQ-unsplash.webp?resize=1400%2C800&ssl=1 4x"},"classes":[]},{"id":262740,"url":"https:\/\/kohenavocats.com\/ar\/tribunal-judiciaire-de-paris-le-26-juin-2025-n24-05969\/","url_meta":{"origin":663921,"position":3},"title":"Tribunal judiciaire de Paris, le 26 juin 2025, n\u00b024\/05969","author":"Kohen","date":"9 \u064a\u0646\u0627\u064a\u0631\u060c 2026","format":false,"excerpt":"Rendue par le Tribunal judiciaire de Paris, 5e chambre, 2e section, le 26 juin 2025, l\u2019ordonnance de cl\u00f4ture statue sur l\u2019ach\u00e8vement de la mise en \u00e9tat. Le juge rel\u00e8ve, apr\u00e8s v\u00e9rification du dossier et des \u00e9critures, que l\u2019instruction appara\u00eet compl\u00e8te et que l\u2019affaire peut \u00eatre appel\u00e9e au fond. Le texte\u2026","rel":"","context":"\u0641\u064a &quot;D\u00e9cisions juridiques&quot;","block_context":{"text":"D\u00e9cisions juridiques","link":"https:\/\/kohenavocats.com\/category\/decisions-juridiques\/"},"img":{"alt_text":"","src":"https:\/\/i0.wp.com\/kohenavocats.com\/wp-content\/uploads\/2024\/11\/getty-images-IQwGidv9mK0-unsplash.webp?resize=350%2C200&ssl=1","width":350,"height":200,"srcset":"https:\/\/i0.wp.com\/kohenavocats.com\/wp-content\/uploads\/2024\/11\/getty-images-IQwGidv9mK0-unsplash.webp?resize=350%2C200&ssl=1 1x, https:\/\/i0.wp.com\/kohenavocats.com\/wp-content\/uploads\/2024\/11\/getty-images-IQwGidv9mK0-unsplash.webp?resize=525%2C300&ssl=1 1.5x, https:\/\/i0.wp.com\/kohenavocats.com\/wp-content\/uploads\/2024\/11\/getty-images-IQwGidv9mK0-unsplash.webp?resize=700%2C400&ssl=1 2x, https:\/\/i0.wp.com\/kohenavocats.com\/wp-content\/uploads\/2024\/11\/getty-images-IQwGidv9mK0-unsplash.webp?resize=1050%2C600&ssl=1 3x, https:\/\/i0.wp.com\/kohenavocats.com\/wp-content\/uploads\/2024\/11\/getty-images-IQwGidv9mK0-unsplash.webp?resize=1400%2C800&ssl=1 4x"},"classes":[]},{"id":236936,"url":"https:\/\/kohenavocats.com\/ar\/cour-dappel-administrative-de-douai-le-3-avril-2025-n24da00880\/","url_meta":{"origin":663921,"position":4},"title":"Cour d&#8217;appel administrative de Douai, le 3 avril 2025, n\u00b024DA00880","author":"Kohen","date":"30 \u062f\u064a\u0633\u0645\u0628\u0631\u060c 2025","format":false,"excerpt":"La Cour administrative d'appel de Douai a rendu, le 3 avril 2025, une d\u00e9cision relative au r\u00e9gime des int\u00e9r\u00eats moratoires applicables lors du recouvrement forc\u00e9. Un contribuable a fait l'objet d'une mise en demeure et de saisies administratives pour le recouvrement de cotisations suppl\u00e9mentaires d'imp\u00f4t sur le revenu. Les actes\u2026","rel":"","context":"\u0641\u064a &quot;Cour administrative d'appel&quot;","block_context":{"text":"Cour administrative d'appel","link":"https:\/\/kohenavocats.com\/category\/cour-administrative-dappel\/"},"img":{"alt_text":"","src":"https:\/\/i0.wp.com\/kohenavocats.com\/wp-content\/uploads\/2024\/05\/daniele-d-andreti-mGH4FxehE2s-unsplash.webp?resize=350%2C200&ssl=1","width":350,"height":200,"srcset":"https:\/\/i0.wp.com\/kohenavocats.com\/wp-content\/uploads\/2024\/05\/daniele-d-andreti-mGH4FxehE2s-unsplash.webp?resize=350%2C200&ssl=1 1x, https:\/\/i0.wp.com\/kohenavocats.com\/wp-content\/uploads\/2024\/05\/daniele-d-andreti-mGH4FxehE2s-unsplash.webp?resize=525%2C300&ssl=1 1.5x, https:\/\/i0.wp.com\/kohenavocats.com\/wp-content\/uploads\/2024\/05\/daniele-d-andreti-mGH4FxehE2s-unsplash.webp?resize=700%2C400&ssl=1 2x, https:\/\/i0.wp.com\/kohenavocats.com\/wp-content\/uploads\/2024\/05\/daniele-d-andreti-mGH4FxehE2s-unsplash.webp?resize=1050%2C600&ssl=1 3x, https:\/\/i0.wp.com\/kohenavocats.com\/wp-content\/uploads\/2024\/05\/daniele-d-andreti-mGH4FxehE2s-unsplash.webp?resize=1400%2C800&ssl=1 4x"},"classes":[]}],"jetpack_sharing_enabled":true,"_links":{"self":[{"href":"https:\/\/kohenavocats.com\/ar\/wp-json\/wp\/v2\/posts\/663921","targetHints":{"allow":["GET"]}}],"collection":[{"href":"https:\/\/kohenavocats.com\/ar\/wp-json\/wp\/v2\/posts"}],"about":[{"href":"https:\/\/kohenavocats.com\/ar\/wp-json\/wp\/v2\/types\/post"}],"author":[{"embeddable":true,"href":"https:\/\/kohenavocats.com\/ar\/wp-json\/wp\/v2\/users\/232070755"}],"replies":[{"embeddable":true,"href":"https:\/\/kohenavocats.com\/ar\/wp-json\/wp\/v2\/comments?post=663921"}],"version-history":[{"count":0,"href":"https:\/\/kohenavocats.com\/ar\/wp-json\/wp\/v2\/posts\/663921\/revisions"}],"wp:featuredmedia":[{"embeddable":true,"href":"https:\/\/kohenavocats.com\/ar\/wp-json\/wp\/v2\/media\/9580"}],"wp:attachment":[{"href":"https:\/\/kohenavocats.com\/ar\/wp-json\/wp\/v2\/media?parent=663921"}],"wp:term":[{"taxonomy":"category","embeddable":true,"href":"https:\/\/kohenavocats.com\/ar\/wp-json\/wp\/v2\/categories?post=663921"},{"taxonomy":"post_tag","embeddable":true,"href":"https:\/\/kohenavocats.com\/ar\/wp-json\/wp\/v2\/tags?post=663921"}],"curies":[{"name":"wp","href":"https:\/\/api.w.org\/{rel}","templated":true}]}}