{"id":664303,"date":"2026-04-23T22:30:25","date_gmt":"2026-04-23T20:30:25","guid":{"rendered":"https:\/\/kohenavocats.com\/cour-dappel-de-rennes-le-17-decembre-2025-n24-02996\/"},"modified":"2026-04-23T22:30:25","modified_gmt":"2026-04-23T20:30:25","slug":"cour-dappel-de-rennes-le-17-decembre-2025-n24-02996","status":"publish","type":"post","link":"https:\/\/kohenavocats.com\/ar\/cour-dappel-de-rennes-le-17-decembre-2025-n24-02996\/","title":{"rendered":"Cour d&#8217;appel de Rennes, le 17 d\u00e9cembre 2025, n\u00b024\/02996"},"content":{"rendered":"<div class=\"article-content\">\n<p>La Cour d&#8217;appel de Rennes, le 17 d\u00e9cembre 2025, a examin\u00e9 un litige relatif \u00e0 la reconnaissance d&#8217;une maladie professionnelle. L&#8217;employeur contestait la r\u00e9gularit\u00e9 de la proc\u00e9dure suivie par la caisse primaire d&#8217;assurance maladie. La juridiction a infirm\u00e9 le premier jugement et rejet\u00e9 les moyens soulev\u00e9s contre la proc\u00e9dure. Elle a cependant sursis \u00e0 statuer sur le caract\u00e8re professionnel de la maladie et a d\u00e9sign\u00e9 un second comit\u00e9 r\u00e9gional pour un nouvel avis.<\/p>\n<p>Le cadre proc\u00e9dural et ses sanctions limit\u00e9es<\/p>\n<p>La cour rappelle les r\u00e8gles strictes encadrant la saisine d&#8217;un comit\u00e9 r\u00e9gional. La caisse doit informer les parties des dates d&#8217;\u00e9ch\u00e9ance des diff\u00e9rentes phases de consultation du dossier. &#8220;Le d\u00e9lai de quarante jours mentionn\u00e9 \u00e0 l&#8217;article R. 461-10 du code de la s\u00e9curit\u00e9 sociale, qui se d\u00e9compose en deux phases successives de trente et dix jours, commence \u00e0 courir, comme le d\u00e9lai de cent-vingt jours dans lequel il est inclus, \u00e0 compter de la date \u00e0 laquelle le comit\u00e9 r\u00e9gional de reconnaissance des maladies professionnelles est saisi par la caisse&#8221; (Motifs). La sanction pour irr\u00e9gularit\u00e9 proc\u00e9durale est n\u00e9anmoins circonscrite par la jurisprudence. &#8220;Cependant, seule l&#8217;inobservation du dernier d\u00e9lai de dix jours avant la fin du d\u00e9lai de quarante jours, au cours duquel les parties peuvent acc\u00e9der au dossier complet et formuler des observations, est sanctionn\u00e9e par l&#8217;inopposabilit\u00e9, \u00e0 l&#8217;\u00e9gard de l&#8217;employeur, de la d\u00e9cision de prise en charge&#8221; (Motifs). Cette interpr\u00e9tation restrictive guide l&#8217;examen de tous les griefs proc\u00e9duraux.<\/p>\n<p>L&#8217;application restrictive des nullit\u00e9s proc\u00e9durales<\/p>\n<p>La cour \u00e9carte syst\u00e9matiquement les moyens soulev\u00e9s par l&#8217;employeur au regard de cette jurisprudence. Elle constate que la caisse a d\u00e9montr\u00e9 l&#8217;information de l&#8217;employeur et sa consultation du dossier dans les d\u00e9lais. Concernant l&#8217;absence d&#8217;avis du m\u00e9decin du travail, elle rel\u00e8ve que sa demande est facultative selon l&#8217;article D. 461-29. L&#8217;employeur invoquait \u00e9galement le d\u00e9passement des d\u00e9lais d&#8217;instruction par la caisse. La cour reconna\u00eet ce d\u00e9passement mais en limite les cons\u00e9quences. &#8220;Cependant ainsi que le rel\u00e8ve justement la caisse la seule cons\u00e9quence de l&#8217;irrespect des d\u00e9lais d&#8217;instruction fix\u00e9e par les textes est la prise en charge implicite du sinistre professionnel \u00e0 l&#8217;\u00e9gard de l&#8217;assur\u00e9&#8221; (Motifs). Ainsi, aucune de ces irr\u00e9gularit\u00e9s all\u00e9gu\u00e9es n&#8217;est jug\u00e9e de nature \u00e0 entra\u00eener l&#8217;inopposabilit\u00e9 de la d\u00e9cision \u00e0 l&#8217;employeur.<\/p>\n<p>La persistance du contr\u00f4le juridictionnel sur le fond<\/p>\n<p>Malgr\u00e9 le rejet des arguments proc\u00e9duraux, la cour ne valide pas pour autant le caract\u00e8re professionnel de la maladie. Face \u00e0 la contestation persistante de l&#8217;employeur sur le lien avec le travail, elle use d&#8217;un pouvoir propre. &#8220;En l&#8217;esp\u00e8ce d\u00e8s lors que la soci\u00e9t\u00e9 conteste le caract\u00e8re professionnel de la maladie, il convient de d\u00e9signer un second [12]&#8221; (Motifs). Elle renvoie donc l&#8217;examen de la causalit\u00e9 devant un autre comit\u00e9 r\u00e9gional, distinct de celui initialement saisi. Cette d\u00e9signation d&#8217;office montre que les vices de proc\u00e9dure ne font pas obstacle \u00e0 un contr\u00f4le substantiel.<\/p>\n<p>La distinction des r\u00e9gimes de nullit\u00e9 au b\u00e9n\u00e9fice de la victime<\/p>\n<p>Cette d\u00e9cision op\u00e8re une distinction nette entre les int\u00e9r\u00eats de la victime et ceux de l&#8217;employeur. Les irr\u00e9gularit\u00e9s de d\u00e9lai b\u00e9n\u00e9ficient \u00e0 l&#8217;assur\u00e9, pouvant conduire \u00e0 une prise en charge implicite. Pour l&#8217;employeur, la sanction est bien plus restrictive, prot\u00e9geant la s\u00e9curit\u00e9 juridique de la d\u00e9cision. Cette analyse rejoint une jurisprudence r\u00e9cente pr\u00e9cisant le r\u00e9gime. &#8220;La Cour de cassation est venue pr\u00e9ciser que : &#8211; l&#8217;\u00e9conomie g\u00e9n\u00e9rale de la proc\u00e9dure d&#8217;instruction \u00e0 l&#8217;\u00e9gard de la victime ou ses repr\u00e9sentants et de l&#8217;employeur impose la fixation de dates d&#8217;\u00e9ch\u00e9ances communes aux parties&#8221; (Cour d&#8217;appel de Rennes, le 17 d\u00e9cembre 2025, n\u00b023\/00656). La cour rennaise applique strictement ce principe en limitant la nullit\u00e9 au seul d\u00e9lai de dix jours.<\/p>\n<p>En d\u00e9finitive, l&#8217;arr\u00eat renforce la s\u00e9curit\u00e9 des d\u00e9cisions de reconnaissance tout en pr\u00e9servant les droits de la d\u00e9fense. Il consacre une interpr\u00e9tation stricte des causes de nullit\u00e9 proc\u00e9durale invocables par l&#8217;employeur. Le juge d&#8217;appel affirme son r\u00f4le de r\u00e9gulateur de la proc\u00e9dure administrative en sanctionnant uniquement les manquements portant atteinte au contradictoire. Il se r\u00e9serve cependant un pouvoir de contr\u00f4le sur le fond par la d\u00e9signation d&#8217;un nouvel expert, garantissant ainsi un \u00e9quilibre entre c\u00e9l\u00e9rit\u00e9 et \u00e9quit\u00e9.<\/p>\n<\/div>\n","protected":false},"excerpt":{"rendered":"<p>La Cour d&#8217;appel de Rennes, le 17 d\u00e9cembre 2025, a examin\u00e9 un litige relatif \u00e0 la reconnaissance d&#8217;une maladie professionnelle. L&#8217;employeur contestait la r\u00e9gu&#8230;<\/p>\n","protected":false},"author":232070755,"featured_media":9578,"comment_status":"open","ping_status":"open","sticky":false,"template":"","format":"standard","meta":{"_crdt_document":"","_jetpack_newsletter_access":"","_jetpack_dont_email_post_to_subs":false,"_jetpack_newsletter_tier_id":0,"_jetpack_memberships_contains_paywalled_content":false,"_jetpack_memberships_contains_paid_content":false,"footnotes":"","jetpack_post_was_ever_published":false},"categories":[7597],"tags":[],"class_list":["post-664303","post","type-post","status-publish","format-standard","has-post-thumbnail","hentry","category-jurisprudence"],"yoast_head":"<!-- This site is optimized with the Yoast SEO Premium plugin v27.4 (Yoast SEO v27.4) - https:\/\/yoast.com\/product\/yoast-seo-premium-wordpress\/ -->\n<title>Cour d&#039;appel de Rennes, le 17 d\u00e9cembre 2025, n\u00b024\/02996 - Ma\u00eetre Hassan Kohen, avocat en droit p\u00e9nal \u00e0 Paris<\/title>\n<meta name=\"description\" content=\"La Cour d&#039;appel de Rennes, le 17 d\u00e9cembre 2025, a examin\u00e9 un litige relatif \u00e0 la reconnaissance d&#039;une maladie professionnelle. L&#039;employeur contestait la r\u00e9gu...\" \/>\n<meta name=\"robots\" content=\"index, follow, max-snippet:-1, max-image-preview:large, max-video-preview:-1\" \/>\n<link rel=\"canonical\" href=\"https:\/\/kohenavocats.com\/ar\/cour-dappel-de-rennes-le-17-decembre-2025-n24-02996\/\" \/>\n<meta property=\"og:locale\" content=\"ar_AR\" \/>\n<meta property=\"og:type\" content=\"article\" \/>\n<meta property=\"og:title\" content=\"Cour d&#039;appel de Rennes, le 17 d\u00e9cembre 2025, n\u00b024\/02996\" \/>\n<meta property=\"og:description\" content=\"La Cour d&#039;appel de Rennes, le 17 d\u00e9cembre 2025, a examin\u00e9 un litige relatif \u00e0 la reconnaissance d&#039;une maladie professionnelle. L&#039;employeur contestait la r\u00e9gu...\" \/>\n<meta property=\"og:url\" content=\"https:\/\/kohenavocats.com\/ar\/cour-dappel-de-rennes-le-17-decembre-2025-n24-02996\/\" \/>\n<meta property=\"og:site_name\" content=\"Ma\u00eetre Hassan Kohen, avocat en droit p\u00e9nal \u00e0 Paris\" \/>\n<meta property=\"article:published_time\" content=\"2026-04-23T20:30:25+00:00\" \/>\n<meta property=\"og:image\" content=\"https:\/\/kohenavocats.com\/wp-content\/uploads\/2024\/11\/mohamed-nohassi-f0bBY9zK6xg-unsplash.webp\" \/>\n\t<meta property=\"og:image:width\" content=\"4126\" \/>\n\t<meta property=\"og:image:height\" content=\"5790\" \/>\n\t<meta property=\"og:image:type\" content=\"image\/webp\" \/>\n<meta name=\"author\" content=\"Kohen\" \/>\n<meta name=\"twitter:card\" content=\"summary_large_image\" \/>\n<meta name=\"twitter:label1\" content=\"\u0643\u064f\u062a\u0628 \u0628\u0648\u0627\u0633\u0637\u0629\" \/>\n\t<meta name=\"twitter:data1\" content=\"Kohen\" \/>\n\t<meta name=\"twitter:label2\" content=\"\u0648\u0642\u062a \u0627\u0644\u0642\u0631\u0627\u0621\u0629 \u0627\u0644\u0645\u064f\u0642\u062f\u0651\u0631\" \/>\n\t<meta name=\"twitter:data2\" content=\"4 \u062f\u0642\u0627\u0626\u0642\" \/>\n<script type=\"application\/ld+json\" class=\"yoast-schema-graph\">{\"@context\":\"https:\\\/\\\/schema.org\",\"@graph\":[{\"@type\":\"Article\",\"@id\":\"https:\\\/\\\/kohenavocats.com\\\/ar\\\/cour-dappel-de-rennes-le-17-decembre-2025-n24-02996\\\/#article\",\"isPartOf\":{\"@id\":\"https:\\\/\\\/kohenavocats.com\\\/ar\\\/cour-dappel-de-rennes-le-17-decembre-2025-n24-02996\\\/\"},\"author\":{\"name\":\"Kohen\",\"@id\":\"https:\\\/\\\/kohenavocats.com\\\/ar\\\/#\\\/schema\\\/person\\\/761c9ba54fa1ca84d405cef0831ff751\"},\"headline\":\"Cour d&#8217;appel de Rennes, le 17 d\u00e9cembre 2025, n\u00b024\\\/02996\",\"datePublished\":\"2026-04-23T20:30:25+00:00\",\"mainEntityOfPage\":{\"@id\":\"https:\\\/\\\/kohenavocats.com\\\/ar\\\/cour-dappel-de-rennes-le-17-decembre-2025-n24-02996\\\/\"},\"wordCount\":814,\"commentCount\":0,\"publisher\":{\"@id\":\"https:\\\/\\\/kohenavocats.com\\\/ar\\\/#organization\"},\"image\":{\"@id\":\"https:\\\/\\\/kohenavocats.com\\\/ar\\\/cour-dappel-de-rennes-le-17-decembre-2025-n24-02996\\\/#primaryimage\"},\"thumbnailUrl\":\"https:\\\/\\\/kohenavocats.com\\\/wp-content\\\/uploads\\\/2024\\\/11\\\/mohamed-nohassi-f0bBY9zK6xg-unsplash.webp\",\"articleSection\":[\"Jurisprudence\"],\"inLanguage\":\"ar\",\"potentialAction\":[{\"@type\":\"CommentAction\",\"name\":\"Comment\",\"target\":[\"https:\\\/\\\/kohenavocats.com\\\/ar\\\/cour-dappel-de-rennes-le-17-decembre-2025-n24-02996\\\/#respond\"]}],\"citation\":\"Cour d&#8217;appel de Rennes, le 17 d\u00e9cembre 2025, n\u00b024\\\/02996\",\"about\":[{\"@type\":\"Thing\",\"name\":\"Jurisprudence\"}],\"dateModified\":\"2026-04-23T20:30:25+00:00\",\"speakable\":{\"@type\":\"SpeakableSpecification\",\"cssSelector\":[\".article-content > p:first-of-type\"]}},{\"@type\":\"WebPage\",\"@id\":\"https:\\\/\\\/kohenavocats.com\\\/ar\\\/cour-dappel-de-rennes-le-17-decembre-2025-n24-02996\\\/\",\"url\":\"https:\\\/\\\/kohenavocats.com\\\/ar\\\/cour-dappel-de-rennes-le-17-decembre-2025-n24-02996\\\/\",\"name\":\"Cour d'appel de Rennes, le 17 d\u00e9cembre 2025, n\u00b024\\\/02996 - Ma\u00eetre Hassan Kohen, avocat en droit p\u00e9nal \u00e0 Paris\",\"isPartOf\":{\"@id\":\"https:\\\/\\\/kohenavocats.com\\\/ar\\\/#website\"},\"primaryImageOfPage\":{\"@id\":\"https:\\\/\\\/kohenavocats.com\\\/ar\\\/cour-dappel-de-rennes-le-17-decembre-2025-n24-02996\\\/#primaryimage\"},\"image\":{\"@id\":\"https:\\\/\\\/kohenavocats.com\\\/ar\\\/cour-dappel-de-rennes-le-17-decembre-2025-n24-02996\\\/#primaryimage\"},\"thumbnailUrl\":\"https:\\\/\\\/kohenavocats.com\\\/wp-content\\\/uploads\\\/2024\\\/11\\\/mohamed-nohassi-f0bBY9zK6xg-unsplash.webp\",\"datePublished\":\"2026-04-23T20:30:25+00:00\",\"description\":\"La Cour d'appel de Rennes, le 17 d\u00e9cembre 2025, a examin\u00e9 un litige relatif \u00e0 la reconnaissance d'une maladie professionnelle. L'employeur contestait la r\u00e9gu...\",\"breadcrumb\":{\"@id\":\"https:\\\/\\\/kohenavocats.com\\\/ar\\\/cour-dappel-de-rennes-le-17-decembre-2025-n24-02996\\\/#breadcrumb\"},\"inLanguage\":\"ar\",\"potentialAction\":[{\"@type\":\"ReadAction\",\"target\":[\"https:\\\/\\\/kohenavocats.com\\\/ar\\\/cour-dappel-de-rennes-le-17-decembre-2025-n24-02996\\\/\"]}]},{\"@type\":\"ImageObject\",\"inLanguage\":\"ar\",\"@id\":\"https:\\\/\\\/kohenavocats.com\\\/ar\\\/cour-dappel-de-rennes-le-17-decembre-2025-n24-02996\\\/#primaryimage\",\"url\":\"https:\\\/\\\/kohenavocats.com\\\/wp-content\\\/uploads\\\/2024\\\/11\\\/mohamed-nohassi-f0bBY9zK6xg-unsplash.webp\",\"contentUrl\":\"https:\\\/\\\/kohenavocats.com\\\/wp-content\\\/uploads\\\/2024\\\/11\\\/mohamed-nohassi-f0bBY9zK6xg-unsplash.webp\",\"width\":4126,\"height\":5790},{\"@type\":\"BreadcrumbList\",\"@id\":\"https:\\\/\\\/kohenavocats.com\\\/ar\\\/cour-dappel-de-rennes-le-17-decembre-2025-n24-02996\\\/#breadcrumb\",\"itemListElement\":[{\"@type\":\"ListItem\",\"position\":1,\"name\":\"Home\",\"item\":\"https:\\\/\\\/kohenavocats.com\\\/ar\\\/%d9%85%d8%ad%d8%a7%d9%85%d9%88%d9%86-%d9%85%d8%aa%d8%ae%d8%b5%d8%b5%d9%88%d9%86-%d9%81%d9%8a-%d8%a7%d9%84%d9%82%d8%a7%d9%86%d9%88%d9%86-%d8%a7%d9%84%d8%ac%d9%86%d8%a7%d8%a6%d9%8a-%d8%a8%d8%a8%d8%a7\\\/\"},{\"@type\":\"ListItem\",\"position\":2,\"name\":\"Cour d&rsquo;appel de Rennes, le 17 d\u00e9cembre 2025, n\u00b024\\\/02996\"}]},{\"@type\":\"WebSite\",\"@id\":\"https:\\\/\\\/kohenavocats.com\\\/ar\\\/#website\",\"url\":\"https:\\\/\\\/kohenavocats.com\\\/ar\\\/\",\"name\":\"Kohen Avocats\",\"description\":\"Ma\u00eetre Hassan Kohen, avocat p\u00e9naliste \u00e0 Paris, intervient exclusivement en droit p\u00e9nal pour la d\u00e9fense des particuliers, notamment en mati\u00e8re d\u2019accusations de viol. Il assure un accompagnement rigoureux d\u00e8s la garde \u00e0 vue jusqu\u2019\u00e0 la Cour d\u2019assises, veillant au strict respect des garanties proc\u00e9durales.\",\"publisher\":{\"@id\":\"https:\\\/\\\/kohenavocats.com\\\/ar\\\/#organization\"},\"potentialAction\":[{\"@type\":\"SearchAction\",\"target\":{\"@type\":\"EntryPoint\",\"urlTemplate\":\"https:\\\/\\\/kohenavocats.com\\\/ar\\\/?s={search_term_string}\"},\"query-input\":{\"@type\":\"PropertyValueSpecification\",\"valueRequired\":true,\"valueName\":\"search_term_string\"}}],\"inLanguage\":\"ar\"},{\"@type\":\"Organization\",\"@id\":\"https:\\\/\\\/kohenavocats.com\\\/ar\\\/#organization\",\"name\":\"Kohen Avocats\",\"url\":\"https:\\\/\\\/kohenavocats.com\\\/ar\\\/\",\"logo\":{\"@type\":\"ImageObject\",\"inLanguage\":\"ar\",\"@id\":\"https:\\\/\\\/kohenavocats.com\\\/ar\\\/#\\\/schema\\\/logo\\\/image\\\/\",\"url\":\"https:\\\/\\\/kohenavocats.com\\\/wp-content\\\/uploads\\\/2026\\\/01\\\/Logo-2-1.webp\",\"contentUrl\":\"https:\\\/\\\/kohenavocats.com\\\/wp-content\\\/uploads\\\/2026\\\/01\\\/Logo-2-1.webp\",\"width\":2114,\"height\":1253,\"caption\":\"Kohen Avocats\"},\"image\":{\"@id\":\"https:\\\/\\\/kohenavocats.com\\\/ar\\\/#\\\/schema\\\/logo\\\/image\\\/\"}},{\"@type\":\"Person\",\"@id\":\"https:\\\/\\\/kohenavocats.com\\\/ar\\\/#\\\/schema\\\/person\\\/761c9ba54fa1ca84d405cef0831ff751\",\"name\":\"Kohen\",\"image\":{\"@type\":\"ImageObject\",\"inLanguage\":\"ar\",\"@id\":\"https:\\\/\\\/secure.gravatar.com\\\/avatar\\\/1c5e76ef76bbbfdd2b4da984e2bf2fa4056fd51a27d25ce2c332047f1dfd6e00?s=96&d=identicon&r=g\",\"url\":\"https:\\\/\\\/secure.gravatar.com\\\/avatar\\\/1c5e76ef76bbbfdd2b4da984e2bf2fa4056fd51a27d25ce2c332047f1dfd6e00?s=96&d=identicon&r=g\",\"contentUrl\":\"https:\\\/\\\/secure.gravatar.com\\\/avatar\\\/1c5e76ef76bbbfdd2b4da984e2bf2fa4056fd51a27d25ce2c332047f1dfd6e00?s=96&d=identicon&r=g\",\"caption\":\"Kohen\"},\"sameAs\":[\"https:\\\/\\\/www.linkedin.com\\\/in\\\/hassan-kohen-448548192\\\/\",\"https:\\\/\\\/www.youtube.com\\\/@Kohen-Avocats\"],\"url\":\"https:\\\/\\\/kohenavocats.com\\\/ar\\\/author\\\/kohenmlk\\\/\"}]}<\/script>\n<!-- \/ Yoast SEO Premium plugin. -->","yoast_head_json":{"title":"Cour d'appel de Rennes, le 17 d\u00e9cembre 2025, n\u00b024\/02996 - Ma\u00eetre Hassan Kohen, avocat en droit p\u00e9nal \u00e0 Paris","description":"La Cour d'appel de Rennes, le 17 d\u00e9cembre 2025, a examin\u00e9 un litige relatif \u00e0 la reconnaissance d'une maladie professionnelle. L'employeur contestait la r\u00e9gu...","robots":{"index":"index","follow":"follow","max-snippet":"max-snippet:-1","max-image-preview":"max-image-preview:large","max-video-preview":"max-video-preview:-1"},"canonical":"https:\/\/kohenavocats.com\/ar\/cour-dappel-de-rennes-le-17-decembre-2025-n24-02996\/","og_locale":"ar_AR","og_type":"article","og_title":"Cour d'appel de Rennes, le 17 d\u00e9cembre 2025, n\u00b024\/02996","og_description":"La Cour d'appel de Rennes, le 17 d\u00e9cembre 2025, a examin\u00e9 un litige relatif \u00e0 la reconnaissance d'une maladie professionnelle. L'employeur contestait la r\u00e9gu...","og_url":"https:\/\/kohenavocats.com\/ar\/cour-dappel-de-rennes-le-17-decembre-2025-n24-02996\/","og_site_name":"Ma\u00eetre Hassan Kohen, avocat en droit p\u00e9nal \u00e0 Paris","article_published_time":"2026-04-23T20:30:25+00:00","og_image":[{"width":4126,"height":5790,"url":"https:\/\/kohenavocats.com\/wp-content\/uploads\/2024\/11\/mohamed-nohassi-f0bBY9zK6xg-unsplash.webp","type":"image\/webp"}],"author":"Kohen","twitter_card":"summary_large_image","twitter_misc":{"\u0643\u064f\u062a\u0628 \u0628\u0648\u0627\u0633\u0637\u0629":"Kohen","\u0648\u0642\u062a \u0627\u0644\u0642\u0631\u0627\u0621\u0629 \u0627\u0644\u0645\u064f\u0642\u062f\u0651\u0631":"4 \u062f\u0642\u0627\u0626\u0642"},"schema":{"@context":"https:\/\/schema.org","@graph":[{"@type":"Article","@id":"https:\/\/kohenavocats.com\/ar\/cour-dappel-de-rennes-le-17-decembre-2025-n24-02996\/#article","isPartOf":{"@id":"https:\/\/kohenavocats.com\/ar\/cour-dappel-de-rennes-le-17-decembre-2025-n24-02996\/"},"author":{"name":"Kohen","@id":"https:\/\/kohenavocats.com\/ar\/#\/schema\/person\/761c9ba54fa1ca84d405cef0831ff751"},"headline":"Cour d&#8217;appel de Rennes, le 17 d\u00e9cembre 2025, n\u00b024\/02996","datePublished":"2026-04-23T20:30:25+00:00","mainEntityOfPage":{"@id":"https:\/\/kohenavocats.com\/ar\/cour-dappel-de-rennes-le-17-decembre-2025-n24-02996\/"},"wordCount":814,"commentCount":0,"publisher":{"@id":"https:\/\/kohenavocats.com\/ar\/#organization"},"image":{"@id":"https:\/\/kohenavocats.com\/ar\/cour-dappel-de-rennes-le-17-decembre-2025-n24-02996\/#primaryimage"},"thumbnailUrl":"https:\/\/kohenavocats.com\/wp-content\/uploads\/2024\/11\/mohamed-nohassi-f0bBY9zK6xg-unsplash.webp","articleSection":["Jurisprudence"],"inLanguage":"ar","potentialAction":[{"@type":"CommentAction","name":"Comment","target":["https:\/\/kohenavocats.com\/ar\/cour-dappel-de-rennes-le-17-decembre-2025-n24-02996\/#respond"]}],"citation":"Cour d&#8217;appel de Rennes, le 17 d\u00e9cembre 2025, n\u00b024\/02996","about":[{"@type":"Thing","name":"Jurisprudence"}],"dateModified":"2026-04-23T20:30:25+00:00","speakable":{"@type":"SpeakableSpecification","cssSelector":[".article-content > p:first-of-type"]}},{"@type":"WebPage","@id":"https:\/\/kohenavocats.com\/ar\/cour-dappel-de-rennes-le-17-decembre-2025-n24-02996\/","url":"https:\/\/kohenavocats.com\/ar\/cour-dappel-de-rennes-le-17-decembre-2025-n24-02996\/","name":"Cour d'appel de Rennes, le 17 d\u00e9cembre 2025, n\u00b024\/02996 - Ma\u00eetre Hassan Kohen, avocat en droit p\u00e9nal \u00e0 Paris","isPartOf":{"@id":"https:\/\/kohenavocats.com\/ar\/#website"},"primaryImageOfPage":{"@id":"https:\/\/kohenavocats.com\/ar\/cour-dappel-de-rennes-le-17-decembre-2025-n24-02996\/#primaryimage"},"image":{"@id":"https:\/\/kohenavocats.com\/ar\/cour-dappel-de-rennes-le-17-decembre-2025-n24-02996\/#primaryimage"},"thumbnailUrl":"https:\/\/kohenavocats.com\/wp-content\/uploads\/2024\/11\/mohamed-nohassi-f0bBY9zK6xg-unsplash.webp","datePublished":"2026-04-23T20:30:25+00:00","description":"La Cour d'appel de Rennes, le 17 d\u00e9cembre 2025, a examin\u00e9 un litige relatif \u00e0 la reconnaissance d'une maladie professionnelle. L'employeur contestait la r\u00e9gu...","breadcrumb":{"@id":"https:\/\/kohenavocats.com\/ar\/cour-dappel-de-rennes-le-17-decembre-2025-n24-02996\/#breadcrumb"},"inLanguage":"ar","potentialAction":[{"@type":"ReadAction","target":["https:\/\/kohenavocats.com\/ar\/cour-dappel-de-rennes-le-17-decembre-2025-n24-02996\/"]}]},{"@type":"ImageObject","inLanguage":"ar","@id":"https:\/\/kohenavocats.com\/ar\/cour-dappel-de-rennes-le-17-decembre-2025-n24-02996\/#primaryimage","url":"https:\/\/kohenavocats.com\/wp-content\/uploads\/2024\/11\/mohamed-nohassi-f0bBY9zK6xg-unsplash.webp","contentUrl":"https:\/\/kohenavocats.com\/wp-content\/uploads\/2024\/11\/mohamed-nohassi-f0bBY9zK6xg-unsplash.webp","width":4126,"height":5790},{"@type":"BreadcrumbList","@id":"https:\/\/kohenavocats.com\/ar\/cour-dappel-de-rennes-le-17-decembre-2025-n24-02996\/#breadcrumb","itemListElement":[{"@type":"ListItem","position":1,"name":"Home","item":"https:\/\/kohenavocats.com\/ar\/%d9%85%d8%ad%d8%a7%d9%85%d9%88%d9%86-%d9%85%d8%aa%d8%ae%d8%b5%d8%b5%d9%88%d9%86-%d9%81%d9%8a-%d8%a7%d9%84%d9%82%d8%a7%d9%86%d9%88%d9%86-%d8%a7%d9%84%d8%ac%d9%86%d8%a7%d8%a6%d9%8a-%d8%a8%d8%a8%d8%a7\/"},{"@type":"ListItem","position":2,"name":"Cour d&rsquo;appel de Rennes, le 17 d\u00e9cembre 2025, n\u00b024\/02996"}]},{"@type":"WebSite","@id":"https:\/\/kohenavocats.com\/ar\/#website","url":"https:\/\/kohenavocats.com\/ar\/","name":"Kohen Avocats","description":"Ma\u00eetre Hassan Kohen, avocat p\u00e9naliste \u00e0 Paris, intervient exclusivement en droit p\u00e9nal pour la d\u00e9fense des particuliers, notamment en mati\u00e8re d\u2019accusations de viol. Il assure un accompagnement rigoureux d\u00e8s la garde \u00e0 vue jusqu\u2019\u00e0 la Cour d\u2019assises, veillant au strict respect des garanties proc\u00e9durales.","publisher":{"@id":"https:\/\/kohenavocats.com\/ar\/#organization"},"potentialAction":[{"@type":"SearchAction","target":{"@type":"EntryPoint","urlTemplate":"https:\/\/kohenavocats.com\/ar\/?s={search_term_string}"},"query-input":{"@type":"PropertyValueSpecification","valueRequired":true,"valueName":"search_term_string"}}],"inLanguage":"ar"},{"@type":"Organization","@id":"https:\/\/kohenavocats.com\/ar\/#organization","name":"Kohen Avocats","url":"https:\/\/kohenavocats.com\/ar\/","logo":{"@type":"ImageObject","inLanguage":"ar","@id":"https:\/\/kohenavocats.com\/ar\/#\/schema\/logo\/image\/","url":"https:\/\/kohenavocats.com\/wp-content\/uploads\/2026\/01\/Logo-2-1.webp","contentUrl":"https:\/\/kohenavocats.com\/wp-content\/uploads\/2026\/01\/Logo-2-1.webp","width":2114,"height":1253,"caption":"Kohen Avocats"},"image":{"@id":"https:\/\/kohenavocats.com\/ar\/#\/schema\/logo\/image\/"}},{"@type":"Person","@id":"https:\/\/kohenavocats.com\/ar\/#\/schema\/person\/761c9ba54fa1ca84d405cef0831ff751","name":"Kohen","image":{"@type":"ImageObject","inLanguage":"ar","@id":"https:\/\/secure.gravatar.com\/avatar\/1c5e76ef76bbbfdd2b4da984e2bf2fa4056fd51a27d25ce2c332047f1dfd6e00?s=96&d=identicon&r=g","url":"https:\/\/secure.gravatar.com\/avatar\/1c5e76ef76bbbfdd2b4da984e2bf2fa4056fd51a27d25ce2c332047f1dfd6e00?s=96&d=identicon&r=g","contentUrl":"https:\/\/secure.gravatar.com\/avatar\/1c5e76ef76bbbfdd2b4da984e2bf2fa4056fd51a27d25ce2c332047f1dfd6e00?s=96&d=identicon&r=g","caption":"Kohen"},"sameAs":["https:\/\/www.linkedin.com\/in\/hassan-kohen-448548192\/","https:\/\/www.youtube.com\/@Kohen-Avocats"],"url":"https:\/\/kohenavocats.com\/ar\/author\/kohenmlk\/"}]}},"jetpack_featured_media_url":"https:\/\/kohenavocats.com\/wp-content\/uploads\/2024\/11\/mohamed-nohassi-f0bBY9zK6xg-unsplash.webp","jetpack_likes_enabled":false,"jetpack_shortlink":"https:\/\/wp.me\/peCrII-2MOz","jetpack-related-posts":[{"id":413431,"url":"https:\/\/kohenavocats.com\/ar\/cour-dappel-de-rennes-le-11-fevrier-2026-n23-02593\/","url_meta":{"origin":664303,"position":0},"title":"Cour d&#8217;appel de Rennes, le 11 f\u00e9vrier 2026, n\u00b023\/02593","author":"Kohen","date":"21 \u0645\u0627\u0631\u0633\u060c 2026","format":false,"excerpt":"La Cour d\u2019appel de Rennes, dans un arr\u00eat du 11 f\u00e9vrier 2026, a \u00e9t\u00e9 saisie d\u2019un litige relatif \u00e0 l\u2019opposabilit\u00e9 d\u2019une d\u00e9cision de reconnaissance de maladie professionnelle. Un salari\u00e9 avait d\u00e9clar\u00e9 une tendinite du poignet gauche. La caisse primaire d\u2019assurance maladie avait reconnu le caract\u00e8re professionnel de cette affection apr\u00e8s\u2026","rel":"","context":"\u0641\u064a &quot;Cour d'appel&quot;","block_context":{"text":"Cour d'appel","link":"https:\/\/kohenavocats.com\/category\/cour-dappel\/"},"img":{"alt_text":"","src":"https:\/\/i0.wp.com\/kohenavocats.com\/wp-content\/uploads\/2024\/08\/nicolas-picard-XpnMqxyf8RQ-unsplash.webp?resize=350%2C200&ssl=1","width":350,"height":200,"srcset":"https:\/\/i0.wp.com\/kohenavocats.com\/wp-content\/uploads\/2024\/08\/nicolas-picard-XpnMqxyf8RQ-unsplash.webp?resize=350%2C200&ssl=1 1x, https:\/\/i0.wp.com\/kohenavocats.com\/wp-content\/uploads\/2024\/08\/nicolas-picard-XpnMqxyf8RQ-unsplash.webp?resize=525%2C300&ssl=1 1.5x, https:\/\/i0.wp.com\/kohenavocats.com\/wp-content\/uploads\/2024\/08\/nicolas-picard-XpnMqxyf8RQ-unsplash.webp?resize=700%2C400&ssl=1 2x, https:\/\/i0.wp.com\/kohenavocats.com\/wp-content\/uploads\/2024\/08\/nicolas-picard-XpnMqxyf8RQ-unsplash.webp?resize=1050%2C600&ssl=1 3x, https:\/\/i0.wp.com\/kohenavocats.com\/wp-content\/uploads\/2024\/08\/nicolas-picard-XpnMqxyf8RQ-unsplash.webp?resize=1400%2C800&ssl=1 4x"},"classes":[]},{"id":436178,"url":"https:\/\/kohenavocats.com\/ar\/cour-dappel-de-rennes-le-11-fevrier-2026-n23-02239\/","url_meta":{"origin":664303,"position":1},"title":"Cour d&#8217;appel de Rennes, le 11 f\u00e9vrier 2026, n\u00b023\/02239","author":"Kohen","date":"25 \u0645\u0627\u0631\u0633\u060c 2026","format":false,"excerpt":"La Cour d\u2019appel de Rennes, le 11 f\u00e9vrier 2026, se prononce sur un litige relatif \u00e0 la reconnaissance d\u2019une maladie professionnelle. Un salari\u00e9 a d\u00e9clar\u00e9 une \u00e9pitrochl\u00e9ite. La caisse primaire d\u2019assurance maladie a pris en charge cette affection apr\u00e8s avis favorable du comit\u00e9 r\u00e9gional comp\u00e9tent. L\u2019employeur a contest\u00e9 cette d\u00e9cision\u2026","rel":"","context":"\u0641\u064a &quot;Cour d'appel&quot;","block_context":{"text":"Cour d'appel","link":"https:\/\/kohenavocats.com\/category\/cour-dappel\/"},"img":{"alt_text":"","src":"https:\/\/i0.wp.com\/kohenavocats.com\/wp-content\/uploads\/2024\/11\/getty-images-naEd2MpzkNU-unsplash.webp?resize=350%2C200&ssl=1","width":350,"height":200,"srcset":"https:\/\/i0.wp.com\/kohenavocats.com\/wp-content\/uploads\/2024\/11\/getty-images-naEd2MpzkNU-unsplash.webp?resize=350%2C200&ssl=1 1x, https:\/\/i0.wp.com\/kohenavocats.com\/wp-content\/uploads\/2024\/11\/getty-images-naEd2MpzkNU-unsplash.webp?resize=525%2C300&ssl=1 1.5x, https:\/\/i0.wp.com\/kohenavocats.com\/wp-content\/uploads\/2024\/11\/getty-images-naEd2MpzkNU-unsplash.webp?resize=700%2C400&ssl=1 2x, https:\/\/i0.wp.com\/kohenavocats.com\/wp-content\/uploads\/2024\/11\/getty-images-naEd2MpzkNU-unsplash.webp?resize=1050%2C600&ssl=1 3x, https:\/\/i0.wp.com\/kohenavocats.com\/wp-content\/uploads\/2024\/11\/getty-images-naEd2MpzkNU-unsplash.webp?resize=1400%2C800&ssl=1 4x"},"classes":[]},{"id":413430,"url":"https:\/\/kohenavocats.com\/ar\/cour-dappel-de-rennes-le-11-fevrier-2026-n23-02595\/","url_meta":{"origin":664303,"position":2},"title":"Cour d&#8217;appel de Rennes, le 11 f\u00e9vrier 2026, n\u00b023\/02595","author":"Kohen","date":"21 \u0645\u0627\u0631\u0633\u060c 2026","format":false,"excerpt":"La Cour d\u2019appel de Rennes, dans un arr\u00eat du 11 f\u00e9vrier 2026, se prononce sur l\u2019opposabilit\u00e9 \u00e0 l\u2019employeur d\u2019une d\u00e9cision de reconnaissance d\u2019une maladie professionnelle. Un salari\u00e9 avait d\u00e9clar\u00e9 une tendinite du pouce gauche. La caisse primaire d\u2019assurance maladie avait reconnu le caract\u00e8re professionnel de cette affection apr\u00e8s avis du\u2026","rel":"","context":"\u0641\u064a &quot;Cour d'appel&quot;","block_context":{"text":"Cour d'appel","link":"https:\/\/kohenavocats.com\/category\/cour-dappel\/"},"img":{"alt_text":"","src":"https:\/\/i0.wp.com\/kohenavocats.com\/wp-content\/uploads\/2024\/08\/nelson-ricardo-7L4Yr-xfHE0-unsplash.webp?resize=350%2C200&ssl=1","width":350,"height":200,"srcset":"https:\/\/i0.wp.com\/kohenavocats.com\/wp-content\/uploads\/2024\/08\/nelson-ricardo-7L4Yr-xfHE0-unsplash.webp?resize=350%2C200&ssl=1 1x, https:\/\/i0.wp.com\/kohenavocats.com\/wp-content\/uploads\/2024\/08\/nelson-ricardo-7L4Yr-xfHE0-unsplash.webp?resize=525%2C300&ssl=1 1.5x, https:\/\/i0.wp.com\/kohenavocats.com\/wp-content\/uploads\/2024\/08\/nelson-ricardo-7L4Yr-xfHE0-unsplash.webp?resize=700%2C400&ssl=1 2x, https:\/\/i0.wp.com\/kohenavocats.com\/wp-content\/uploads\/2024\/08\/nelson-ricardo-7L4Yr-xfHE0-unsplash.webp?resize=1050%2C600&ssl=1 3x, https:\/\/i0.wp.com\/kohenavocats.com\/wp-content\/uploads\/2024\/08\/nelson-ricardo-7L4Yr-xfHE0-unsplash.webp?resize=1400%2C800&ssl=1 4x"},"classes":[]},{"id":682462,"url":"https:\/\/kohenavocats.com\/ar\/cour-dappel-de-douai-le-3-fevrier-2026-n23-04626\/","url_meta":{"origin":664303,"position":3},"title":"Cour d&#8217;appel de Douai, le 3 f\u00e9vrier 2026, n\u00b023\/04626","author":"Kohen","date":"25 \u0623\u0628\u0631\u064a\u0644\u060c 2026","format":false,"excerpt":"La Cour d'appel de Douai, le 3 f\u00e9vrier 2026, statue sur un recours form\u00e9 par un employeur contre une d\u00e9cision de prise en charge d'une maladie professionnell...","rel":"","context":"\u0641\u064a &quot;Jurisprudence&quot;","block_context":{"text":"Jurisprudence","link":"https:\/\/kohenavocats.com\/category\/jurisprudence\/"},"img":{"alt_text":"","src":"https:\/\/i0.wp.com\/kohenavocats.com\/wp-content\/uploads\/2024\/11\/getty-images-Sk9JF1KDz6M-unsplash.webp?resize=350%2C200&ssl=1","width":350,"height":200,"srcset":"https:\/\/i0.wp.com\/kohenavocats.com\/wp-content\/uploads\/2024\/11\/getty-images-Sk9JF1KDz6M-unsplash.webp?resize=350%2C200&ssl=1 1x, https:\/\/i0.wp.com\/kohenavocats.com\/wp-content\/uploads\/2024\/11\/getty-images-Sk9JF1KDz6M-unsplash.webp?resize=525%2C300&ssl=1 1.5x, https:\/\/i0.wp.com\/kohenavocats.com\/wp-content\/uploads\/2024\/11\/getty-images-Sk9JF1KDz6M-unsplash.webp?resize=700%2C400&ssl=1 2x, https:\/\/i0.wp.com\/kohenavocats.com\/wp-content\/uploads\/2024\/11\/getty-images-Sk9JF1KDz6M-unsplash.webp?resize=1050%2C600&ssl=1 3x, https:\/\/i0.wp.com\/kohenavocats.com\/wp-content\/uploads\/2024\/11\/getty-images-Sk9JF1KDz6M-unsplash.webp?resize=1400%2C800&ssl=1 4x"},"classes":[]},{"id":236620,"url":"https:\/\/kohenavocats.com\/ar\/cour-dappel-de-rennes-le-18-juin-2025-n22-03583\/","url_meta":{"origin":664303,"position":4},"title":"Cour d&#8217;appel de Rennes, le 18 juin 2025, n\u00b022\/03583","author":"Kohen","date":"29 \u062f\u064a\u0633\u0645\u0628\u0631\u060c 2025","format":false,"excerpt":"La Cour d'appel de Rennes, par arr\u00eat du 18 juin 2025, statue sur un litige relatif \u00e0 l'opposabilit\u00e9 d'une d\u00e9cision de reconnaissance de maladie professionnelle. Un salari\u00e9 conducteur avait d\u00e9clar\u00e9 une sciatique par hernie discale, prise en charge au titre du tableau n\u00b098 des maladies professionnelles. L'employeur contestait cette d\u00e9cision.Les\u2026","rel":"","context":"\u0641\u064a &quot;Cour d'appel&quot;","block_context":{"text":"Cour d'appel","link":"https:\/\/kohenavocats.com\/category\/cour-dappel\/"},"img":{"alt_text":"","src":"https:\/\/i0.wp.com\/kohenavocats.com\/wp-content\/uploads\/2024\/08\/tomas-williams-0i38SCsSxJc-unsplash.webp?resize=350%2C200&ssl=1","width":350,"height":200,"srcset":"https:\/\/i0.wp.com\/kohenavocats.com\/wp-content\/uploads\/2024\/08\/tomas-williams-0i38SCsSxJc-unsplash.webp?resize=350%2C200&ssl=1 1x, https:\/\/i0.wp.com\/kohenavocats.com\/wp-content\/uploads\/2024\/08\/tomas-williams-0i38SCsSxJc-unsplash.webp?resize=525%2C300&ssl=1 1.5x, https:\/\/i0.wp.com\/kohenavocats.com\/wp-content\/uploads\/2024\/08\/tomas-williams-0i38SCsSxJc-unsplash.webp?resize=700%2C400&ssl=1 2x, https:\/\/i0.wp.com\/kohenavocats.com\/wp-content\/uploads\/2024\/08\/tomas-williams-0i38SCsSxJc-unsplash.webp?resize=1050%2C600&ssl=1 3x, https:\/\/i0.wp.com\/kohenavocats.com\/wp-content\/uploads\/2024\/08\/tomas-williams-0i38SCsSxJc-unsplash.webp?resize=1400%2C800&ssl=1 4x"},"classes":[]},{"id":439306,"url":"https:\/\/kohenavocats.com\/ar\/cour-dappel-de-rennes-le-4-mars-2026-n23-03616\/","url_meta":{"origin":664303,"position":5},"title":"Cour d&#8217;appel de Rennes, le 4 mars 2026, n\u00b023\/03616","author":"Kohen","date":"26 \u0645\u0627\u0631\u0633\u060c 2026","format":false,"excerpt":"La Cour d\u2019appel de Rennes, dans un arr\u00eat du 4 mars 2026, a \u00e9t\u00e9 saisie d\u2019un litige relatif \u00e0 la r\u00e9gularit\u00e9 de la proc\u00e9dure d\u2019instruction d\u2019une maladie professionnelle hors tableau. Un salari\u00e9 avait d\u00e9clar\u00e9 un \u00e9tat d\u00e9pressif li\u00e9 au travail. La caisse primaire d\u2019assurance maladie, apr\u00e8s avis favorable d\u2019un comit\u00e9\u2026","rel":"","context":"\u0641\u064a &quot;Cour d'appel&quot;","block_context":{"text":"Cour d'appel","link":"https:\/\/kohenavocats.com\/category\/cour-dappel\/"},"img":{"alt_text":"","src":"https:\/\/i0.wp.com\/kohenavocats.com\/wp-content\/uploads\/2024\/08\/denise-schuld-zasdQFfh4oA-unsplash.webp?resize=350%2C200&ssl=1","width":350,"height":200,"srcset":"https:\/\/i0.wp.com\/kohenavocats.com\/wp-content\/uploads\/2024\/08\/denise-schuld-zasdQFfh4oA-unsplash.webp?resize=350%2C200&ssl=1 1x, https:\/\/i0.wp.com\/kohenavocats.com\/wp-content\/uploads\/2024\/08\/denise-schuld-zasdQFfh4oA-unsplash.webp?resize=525%2C300&ssl=1 1.5x, https:\/\/i0.wp.com\/kohenavocats.com\/wp-content\/uploads\/2024\/08\/denise-schuld-zasdQFfh4oA-unsplash.webp?resize=700%2C400&ssl=1 2x, https:\/\/i0.wp.com\/kohenavocats.com\/wp-content\/uploads\/2024\/08\/denise-schuld-zasdQFfh4oA-unsplash.webp?resize=1050%2C600&ssl=1 3x, https:\/\/i0.wp.com\/kohenavocats.com\/wp-content\/uploads\/2024\/08\/denise-schuld-zasdQFfh4oA-unsplash.webp?resize=1400%2C800&ssl=1 4x"},"classes":[]}],"jetpack_sharing_enabled":true,"_links":{"self":[{"href":"https:\/\/kohenavocats.com\/ar\/wp-json\/wp\/v2\/posts\/664303","targetHints":{"allow":["GET"]}}],"collection":[{"href":"https:\/\/kohenavocats.com\/ar\/wp-json\/wp\/v2\/posts"}],"about":[{"href":"https:\/\/kohenavocats.com\/ar\/wp-json\/wp\/v2\/types\/post"}],"author":[{"embeddable":true,"href":"https:\/\/kohenavocats.com\/ar\/wp-json\/wp\/v2\/users\/232070755"}],"replies":[{"embeddable":true,"href":"https:\/\/kohenavocats.com\/ar\/wp-json\/wp\/v2\/comments?post=664303"}],"version-history":[{"count":0,"href":"https:\/\/kohenavocats.com\/ar\/wp-json\/wp\/v2\/posts\/664303\/revisions"}],"wp:featuredmedia":[{"embeddable":true,"href":"https:\/\/kohenavocats.com\/ar\/wp-json\/wp\/v2\/media\/9578"}],"wp:attachment":[{"href":"https:\/\/kohenavocats.com\/ar\/wp-json\/wp\/v2\/media?parent=664303"}],"wp:term":[{"taxonomy":"category","embeddable":true,"href":"https:\/\/kohenavocats.com\/ar\/wp-json\/wp\/v2\/categories?post=664303"},{"taxonomy":"post_tag","embeddable":true,"href":"https:\/\/kohenavocats.com\/ar\/wp-json\/wp\/v2\/tags?post=664303"}],"curies":[{"name":"wp","href":"https:\/\/api.w.org\/{rel}","templated":true}]}}