{"id":664627,"date":"2026-04-23T22:58:18","date_gmt":"2026-04-23T20:58:18","guid":{"rendered":"https:\/\/kohenavocats.com\/cour-dappel-le-25-septembre-2025-n23-03008\/"},"modified":"2026-04-23T22:58:18","modified_gmt":"2026-04-23T20:58:18","slug":"cour-dappel-le-25-septembre-2025-n23-03008","status":"publish","type":"post","link":"https:\/\/kohenavocats.com\/ar\/cour-dappel-le-25-septembre-2025-n23-03008\/","title":{"rendered":"Cour d&#8217;appel, le 25 septembre 2025, n\u00b023\/03008"},"content":{"rendered":"<div class=\"article-content\">\n<p>La cour d&#8217;appel, statuant en dernier ressort, confirme partiellement un jugement pronon\u00e7ant la nullit\u00e9 de contrats conclus hors \u00e9tablissement. Elle r\u00e9forme le quantum de la condamnation d&#8217;un organisme de cr\u00e9dit, priv\u00e9 de sa cr\u00e9ance de restitution en raison de ses fautes.<\/p>\n<p>La nullit\u00e9 du contrat principal est retenue pour violation des obligations d&#8217;information protectrices du consommateur. Le bon de commande, r\u00e9dig\u00e9 de mani\u00e8re sommaire, ne satisfait pas aux exigences l\u00e9gales. &#8220;Il ressort ainsi des observations qui pr\u00e9c\u00e9dent, que les consommateurs en question n&#8217;ont pas \u00e9t\u00e9 suffisamment inform\u00e9s sur la prestation qu&#8217;ils entendaient obtenir&#8221; (Motifs). Cette nullit\u00e9, d&#8217;ordre public, s&#8217;\u00e9tend au contrat de cr\u00e9dit affect\u00e9 en vertu de la solidarit\u00e9 des op\u00e9rations.<\/p>\n<p>La sanction vise \u00e0 assurer une protection effective du consommateur dans un cadre contractuel d\u00e9s\u00e9quilibr\u00e9. L&#8217;exigence d&#8217;informations pr\u00e9cises sur les caract\u00e9ristiques essentielles, comme le calendrier des travaux, est fondamentale. Elle permet un choix \u00e9clair\u00e9 et pr\u00e9vient tout risque d&#8217;exploitation de la partie faible dans le cadre du d\u00e9marchage.<\/p>\n<p>La responsabilit\u00e9 du pr\u00eateur dans l&#8217;op\u00e9ration globale<\/p>\n<p>La cour retient la faute de l&#8217;\u00e9tablissement financier pour n&#8217;avoir pas v\u00e9rifi\u00e9 la r\u00e9gularit\u00e9 du contrat principal. Son manquement a caus\u00e9 un pr\u00e9judice certain aux consommateurs. &#8220;La banque commet \u00e9galement une faute en ne s&#8217;assurant pas au moyen de toutes d\u00e9marches utiles, de la bonne ex\u00e9cution des travaux par le vendeur&#8221; (Motifs). Le d\u00e9faut de contr\u00f4le active sa responsabilit\u00e9 civile.<\/p>\n<p>Le pr\u00e9judice r\u00e9side dans l&#8217;impossibilit\u00e9 d\u00e9finitive d&#8217;obtenir la restitution du prix aupr\u00e8s du vendeur insolvable. Ce pr\u00e9judice est directement li\u00e9 aux fautes commises par le pr\u00eateur lors du d\u00e9blocage des fonds. La cour applique ainsi le principe de r\u00e9paration int\u00e9grale, en alignant l&#8217;indemnisation sur le capital initialement emprunt\u00e9.<\/p>\n<p>La sanction par la privation de cr\u00e9ance<\/p>\n<p>La solution adopt\u00e9e prive le pr\u00eateur de toute cr\u00e9ance de restitution \u00e0 l&#8217;encontre des emprunteurs. Cette privation sanctionne ses manquements et compense le pr\u00e9judice subi. &#8220;La faillite du vendeur doit \u00eatre consid\u00e9r\u00e9e comme g\u00e9n\u00e9rant un pr\u00e9judice suffisant pour priver le pr\u00eateur de sa cr\u00e9ance de restitution&#8221; (Motifs). Elle op\u00e8re une fusion des r\u00e9gimes de nullit\u00e9 et de responsabilit\u00e9.<\/p>\n<p>La cour se fonde sur une jurisprudence r\u00e9cente de la Cour de cassation pour justifier son raisonnement. Elle cite un arr\u00eat de principe selon lequel &#8220;l&#8217;emprunteur, priv\u00e9 de la contrepartie de la restitution du bien vendu, justifie d&#8217;une perte subie \u00e9quivalente au montant du cr\u00e9dit souscrit&#8221; (Motifs, r\u00e9f\u00e9rence \u00e0 Cass. Civ. 1\u00e8re, 10 juillet 2024). Cette r\u00e9f\u00e9rence consolide la port\u00e9e normative de la solution retenue.<\/p>\n<p>La d\u00e9cision renforce ainsi la protection du consommateur en imposant une obligation de vigilance accrue aux \u00e9tablissements de cr\u00e9dit. Elle fait peser sur eux les cons\u00e9quences financi\u00e8res de l&#8217;illic\u00e9it\u00e9 de l&#8217;op\u00e9ration principale qu&#8217;ils ont financ\u00e9e. Cette approche dissuasive vise \u00e0 garantir l&#8217;effectivit\u00e9 du droit de la consommation dans les pratiques commerciales complexes.<\/p>\n<\/div>\n","protected":false},"excerpt":{"rendered":"<p>La cour d&#8217;appel, statuant en dernier ressort, confirme partiellement un jugement pronon\u00e7ant la nullit\u00e9 de contrats conclus hors \u00e9tablissement. Elle r\u00e9forme l&#8230;<\/p>\n","protected":false},"author":232070755,"featured_media":9427,"comment_status":"open","ping_status":"open","sticky":false,"template":"","format":"standard","meta":{"_crdt_document":"","_jetpack_newsletter_access":"","_jetpack_dont_email_post_to_subs":false,"_jetpack_newsletter_tier_id":0,"_jetpack_memberships_contains_paywalled_content":false,"_kj_source_type":"judilibre","_kj_official_id":"68d62528f345149cf84d2baf","_kj_official_url":"https:\/\/www.courdecassation.fr\/decision\/68d62528f345149cf84d2baf","_kj_judilibre_id":"68d62528f345149cf84d2baf","_kj_jur":"Cour d'appel","_kj_lieu":"Cour d'appel de Douai","_kj_chambre":"CHAMBRE 8 SECTION 1","_kj_rg":"23\/03008","_kj_date":"2025-09-25","_jetpack_memberships_contains_paid_content":false,"footnotes":"","jetpack_post_was_ever_published":false},"categories":[7597],"tags":[],"class_list":["post-664627","post","type-post","status-publish","format-standard","has-post-thumbnail","hentry","category-jurisprudence"],"yoast_head":"<!-- This site is optimized with the Yoast SEO Premium plugin v27.5 (Yoast SEO v27.5) - https:\/\/yoast.com\/product\/yoast-seo-premium-wordpress\/ -->\n<title>Cour d&#039;appel, le 25 septembre 2025, n\u00b023\/03008 - Ma\u00eetre Hassan Kohen, avocat en droit p\u00e9nal \u00e0 Paris<\/title>\n<meta name=\"description\" content=\"La cour d&#039;appel, statuant en dernier ressort, confirme partiellement un jugement pronon\u00e7ant la nullit\u00e9 de contrats conclus hors \u00e9tablissement. Elle r\u00e9forme l...\" \/>\n<meta name=\"robots\" content=\"index, follow, max-snippet:-1, max-image-preview:large, max-video-preview:-1\" \/>\n<link rel=\"canonical\" href=\"https:\/\/kohenavocats.com\/ar\/cour-dappel-le-25-septembre-2025-n23-03008\/\" \/>\n<meta property=\"og:locale\" content=\"ar_AR\" \/>\n<meta property=\"og:type\" content=\"article\" \/>\n<meta property=\"og:title\" content=\"Cour d&#039;appel, le 25 septembre 2025, n\u00b023\/03008\" \/>\n<meta property=\"og:description\" content=\"La cour d&#039;appel, statuant en dernier ressort, confirme partiellement un jugement pronon\u00e7ant la nullit\u00e9 de contrats conclus hors \u00e9tablissement. Elle r\u00e9forme l...\" \/>\n<meta property=\"og:url\" content=\"https:\/\/kohenavocats.com\/ar\/cour-dappel-le-25-septembre-2025-n23-03008\/\" \/>\n<meta property=\"og:site_name\" content=\"Ma\u00eetre Hassan Kohen, avocat en droit p\u00e9nal \u00e0 Paris\" \/>\n<meta property=\"article:published_time\" content=\"2026-04-23T20:58:18+00:00\" \/>\n<meta property=\"og:image\" content=\"https:\/\/kohenavocats.com\/wp-content\/uploads\/2024\/11\/scott-webb-A-7Y4M0-e0M-unsplash.webp\" \/>\n\t<meta property=\"og:image:width\" content=\"3783\" \/>\n\t<meta property=\"og:image:height\" content=\"5674\" \/>\n\t<meta property=\"og:image:type\" content=\"image\/webp\" \/>\n<meta name=\"author\" content=\"Kohen\" \/>\n<meta name=\"twitter:card\" content=\"summary_large_image\" \/>\n<meta name=\"twitter:label1\" content=\"\u0643\u064f\u062a\u0628 \u0628\u0648\u0627\u0633\u0637\u0629\" \/>\n\t<meta name=\"twitter:data1\" content=\"Kohen\" \/>\n\t<meta name=\"twitter:label2\" content=\"\u0648\u0642\u062a \u0627\u0644\u0642\u0631\u0627\u0621\u0629 \u0627\u0644\u0645\u064f\u0642\u062f\u0651\u0631\" \/>\n\t<meta name=\"twitter:data2\" content=\"3 \u062f\u0642\u0627\u0626\u0642\" \/>\n<script type=\"application\/ld+json\" class=\"yoast-schema-graph\">{\"@context\":\"https:\\\/\\\/schema.org\",\"@graph\":[{\"@type\":\"Article\",\"@id\":\"https:\\\/\\\/kohenavocats.com\\\/ar\\\/cour-dappel-le-25-septembre-2025-n23-03008\\\/#article\",\"isPartOf\":{\"@id\":\"https:\\\/\\\/kohenavocats.com\\\/ar\\\/cour-dappel-le-25-septembre-2025-n23-03008\\\/\"},\"author\":{\"name\":\"Kohen\",\"@id\":\"https:\\\/\\\/kohenavocats.com\\\/ar\\\/#\\\/schema\\\/person\\\/761c9ba54fa1ca84d405cef0831ff751\"},\"headline\":\"Cour d&#8217;appel, le 25 septembre 2025, n\u00b023\\\/03008\",\"datePublished\":\"2026-04-23T20:58:18+00:00\",\"mainEntityOfPage\":{\"@id\":\"https:\\\/\\\/kohenavocats.com\\\/ar\\\/cour-dappel-le-25-septembre-2025-n23-03008\\\/\"},\"wordCount\":545,\"commentCount\":0,\"publisher\":{\"@id\":\"https:\\\/\\\/kohenavocats.com\\\/ar\\\/#organization\"},\"image\":{\"@id\":\"https:\\\/\\\/kohenavocats.com\\\/ar\\\/cour-dappel-le-25-septembre-2025-n23-03008\\\/#primaryimage\"},\"thumbnailUrl\":\"https:\\\/\\\/kohenavocats.com\\\/wp-content\\\/uploads\\\/2024\\\/11\\\/scott-webb-A-7Y4M0-e0M-unsplash.webp\",\"articleSection\":[\"Jurisprudence\"],\"inLanguage\":\"ar\",\"potentialAction\":[{\"@type\":\"CommentAction\",\"name\":\"Comment\",\"target\":[\"https:\\\/\\\/kohenavocats.com\\\/ar\\\/cour-dappel-le-25-septembre-2025-n23-03008\\\/#respond\"]}],\"citation\":\"Cour d&#8217;appel, le 25 septembre 2025, n\u00b023\\\/03008\",\"about\":[{\"@type\":\"Thing\",\"name\":\"Jurisprudence\"}],\"dateModified\":\"2026-04-23T20:58:18+00:00\",\"speakable\":{\"@type\":\"SpeakableSpecification\",\"cssSelector\":[\".article-content > p:first-of-type\"]}},{\"@type\":\"WebPage\",\"@id\":\"https:\\\/\\\/kohenavocats.com\\\/ar\\\/cour-dappel-le-25-septembre-2025-n23-03008\\\/\",\"url\":\"https:\\\/\\\/kohenavocats.com\\\/ar\\\/cour-dappel-le-25-septembre-2025-n23-03008\\\/\",\"name\":\"Cour d'appel, le 25 septembre 2025, n\u00b023\\\/03008 - Ma\u00eetre Hassan Kohen, avocat en droit p\u00e9nal \u00e0 Paris\",\"isPartOf\":{\"@id\":\"https:\\\/\\\/kohenavocats.com\\\/ar\\\/#website\"},\"primaryImageOfPage\":{\"@id\":\"https:\\\/\\\/kohenavocats.com\\\/ar\\\/cour-dappel-le-25-septembre-2025-n23-03008\\\/#primaryimage\"},\"image\":{\"@id\":\"https:\\\/\\\/kohenavocats.com\\\/ar\\\/cour-dappel-le-25-septembre-2025-n23-03008\\\/#primaryimage\"},\"thumbnailUrl\":\"https:\\\/\\\/kohenavocats.com\\\/wp-content\\\/uploads\\\/2024\\\/11\\\/scott-webb-A-7Y4M0-e0M-unsplash.webp\",\"datePublished\":\"2026-04-23T20:58:18+00:00\",\"description\":\"La cour d'appel, statuant en dernier ressort, confirme partiellement un jugement pronon\u00e7ant la nullit\u00e9 de contrats conclus hors \u00e9tablissement. Elle r\u00e9forme l...\",\"breadcrumb\":{\"@id\":\"https:\\\/\\\/kohenavocats.com\\\/ar\\\/cour-dappel-le-25-septembre-2025-n23-03008\\\/#breadcrumb\"},\"inLanguage\":\"ar\",\"potentialAction\":[{\"@type\":\"ReadAction\",\"target\":[\"https:\\\/\\\/kohenavocats.com\\\/ar\\\/cour-dappel-le-25-septembre-2025-n23-03008\\\/\"]}]},{\"@type\":\"ImageObject\",\"inLanguage\":\"ar\",\"@id\":\"https:\\\/\\\/kohenavocats.com\\\/ar\\\/cour-dappel-le-25-septembre-2025-n23-03008\\\/#primaryimage\",\"url\":\"https:\\\/\\\/kohenavocats.com\\\/wp-content\\\/uploads\\\/2024\\\/11\\\/scott-webb-A-7Y4M0-e0M-unsplash.webp\",\"contentUrl\":\"https:\\\/\\\/kohenavocats.com\\\/wp-content\\\/uploads\\\/2024\\\/11\\\/scott-webb-A-7Y4M0-e0M-unsplash.webp\",\"width\":3783,\"height\":5674},{\"@type\":\"BreadcrumbList\",\"@id\":\"https:\\\/\\\/kohenavocats.com\\\/ar\\\/cour-dappel-le-25-septembre-2025-n23-03008\\\/#breadcrumb\",\"itemListElement\":[{\"@type\":\"ListItem\",\"position\":1,\"name\":\"Home\",\"item\":\"https:\\\/\\\/kohenavocats.com\\\/ar\\\/%d9%85%d8%ad%d8%a7%d9%85%d9%88%d9%86-%d9%85%d8%aa%d8%ae%d8%b5%d8%b5%d9%88%d9%86-%d9%81%d9%8a-%d8%a7%d9%84%d9%82%d8%a7%d9%86%d9%88%d9%86-%d8%a7%d9%84%d8%ac%d9%86%d8%a7%d8%a6%d9%8a-%d8%a8%d8%a8%d8%a7\\\/\"},{\"@type\":\"ListItem\",\"position\":2,\"name\":\"Cour d&rsquo;appel, le 25 septembre 2025, n\u00b023\\\/03008\"}]},{\"@type\":\"WebSite\",\"@id\":\"https:\\\/\\\/kohenavocats.com\\\/ar\\\/#website\",\"url\":\"https:\\\/\\\/kohenavocats.com\\\/ar\\\/\",\"name\":\"Kohen Avocats\",\"description\":\"Ma\u00eetre Hassan Kohen, avocat p\u00e9naliste \u00e0 Paris, intervient exclusivement en droit p\u00e9nal pour la d\u00e9fense des particuliers, notamment en mati\u00e8re d\u2019accusations de viol. Il assure un accompagnement rigoureux d\u00e8s la garde \u00e0 vue jusqu\u2019\u00e0 la Cour d\u2019assises, veillant au strict respect des garanties proc\u00e9durales.\",\"publisher\":{\"@id\":\"https:\\\/\\\/kohenavocats.com\\\/ar\\\/#organization\"},\"potentialAction\":[{\"@type\":\"SearchAction\",\"target\":{\"@type\":\"EntryPoint\",\"urlTemplate\":\"https:\\\/\\\/kohenavocats.com\\\/ar\\\/?s={search_term_string}\"},\"query-input\":{\"@type\":\"PropertyValueSpecification\",\"valueRequired\":true,\"valueName\":\"search_term_string\"}}],\"inLanguage\":\"ar\"},{\"@type\":\"Organization\",\"@id\":\"https:\\\/\\\/kohenavocats.com\\\/ar\\\/#organization\",\"name\":\"Kohen Avocats\",\"url\":\"https:\\\/\\\/kohenavocats.com\\\/ar\\\/\",\"logo\":{\"@type\":\"ImageObject\",\"inLanguage\":\"ar\",\"@id\":\"https:\\\/\\\/kohenavocats.com\\\/ar\\\/#\\\/schema\\\/logo\\\/image\\\/\",\"url\":\"https:\\\/\\\/kohenavocats.com\\\/wp-content\\\/uploads\\\/2026\\\/01\\\/Logo-2-1.webp\",\"contentUrl\":\"https:\\\/\\\/kohenavocats.com\\\/wp-content\\\/uploads\\\/2026\\\/01\\\/Logo-2-1.webp\",\"width\":2114,\"height\":1253,\"caption\":\"Kohen Avocats\"},\"image\":{\"@id\":\"https:\\\/\\\/kohenavocats.com\\\/ar\\\/#\\\/schema\\\/logo\\\/image\\\/\"}},{\"@type\":\"Person\",\"@id\":\"https:\\\/\\\/kohenavocats.com\\\/ar\\\/#\\\/schema\\\/person\\\/761c9ba54fa1ca84d405cef0831ff751\",\"name\":\"Kohen\",\"image\":{\"@type\":\"ImageObject\",\"inLanguage\":\"ar\",\"@id\":\"https:\\\/\\\/secure.gravatar.com\\\/avatar\\\/1c5e76ef76bbbfdd2b4da984e2bf2fa4056fd51a27d25ce2c332047f1dfd6e00?s=96&d=identicon&r=g\",\"url\":\"https:\\\/\\\/secure.gravatar.com\\\/avatar\\\/1c5e76ef76bbbfdd2b4da984e2bf2fa4056fd51a27d25ce2c332047f1dfd6e00?s=96&d=identicon&r=g\",\"contentUrl\":\"https:\\\/\\\/secure.gravatar.com\\\/avatar\\\/1c5e76ef76bbbfdd2b4da984e2bf2fa4056fd51a27d25ce2c332047f1dfd6e00?s=96&d=identicon&r=g\",\"caption\":\"Kohen\"},\"sameAs\":[\"https:\\\/\\\/www.linkedin.com\\\/in\\\/hassan-kohen-448548192\\\/\",\"https:\\\/\\\/www.youtube.com\\\/@Kohen-Avocats\"],\"url\":\"https:\\\/\\\/kohenavocats.com\\\/ar\\\/author\\\/kohenmlk\\\/\"}]}<\/script>\n<!-- \/ Yoast SEO Premium plugin. -->","yoast_head_json":{"title":"Cour d'appel, le 25 septembre 2025, n\u00b023\/03008 - Ma\u00eetre Hassan Kohen, avocat en droit p\u00e9nal \u00e0 Paris","description":"La cour d'appel, statuant en dernier ressort, confirme partiellement un jugement pronon\u00e7ant la nullit\u00e9 de contrats conclus hors \u00e9tablissement. Elle r\u00e9forme l...","robots":{"index":"index","follow":"follow","max-snippet":"max-snippet:-1","max-image-preview":"max-image-preview:large","max-video-preview":"max-video-preview:-1"},"canonical":"https:\/\/kohenavocats.com\/ar\/cour-dappel-le-25-septembre-2025-n23-03008\/","og_locale":"ar_AR","og_type":"article","og_title":"Cour d'appel, le 25 septembre 2025, n\u00b023\/03008","og_description":"La cour d'appel, statuant en dernier ressort, confirme partiellement un jugement pronon\u00e7ant la nullit\u00e9 de contrats conclus hors \u00e9tablissement. Elle r\u00e9forme l...","og_url":"https:\/\/kohenavocats.com\/ar\/cour-dappel-le-25-septembre-2025-n23-03008\/","og_site_name":"Ma\u00eetre Hassan Kohen, avocat en droit p\u00e9nal \u00e0 Paris","article_published_time":"2026-04-23T20:58:18+00:00","og_image":[{"width":3783,"height":5674,"url":"https:\/\/kohenavocats.com\/wp-content\/uploads\/2024\/11\/scott-webb-A-7Y4M0-e0M-unsplash.webp","type":"image\/webp"}],"author":"Kohen","twitter_card":"summary_large_image","twitter_misc":{"\u0643\u064f\u062a\u0628 \u0628\u0648\u0627\u0633\u0637\u0629":"Kohen","\u0648\u0642\u062a \u0627\u0644\u0642\u0631\u0627\u0621\u0629 \u0627\u0644\u0645\u064f\u0642\u062f\u0651\u0631":"3 \u062f\u0642\u0627\u0626\u0642"},"schema":{"@context":"https:\/\/schema.org","@graph":[{"@type":"Article","@id":"https:\/\/kohenavocats.com\/ar\/cour-dappel-le-25-septembre-2025-n23-03008\/#article","isPartOf":{"@id":"https:\/\/kohenavocats.com\/ar\/cour-dappel-le-25-septembre-2025-n23-03008\/"},"author":{"name":"Kohen","@id":"https:\/\/kohenavocats.com\/ar\/#\/schema\/person\/761c9ba54fa1ca84d405cef0831ff751"},"headline":"Cour d&#8217;appel, le 25 septembre 2025, n\u00b023\/03008","datePublished":"2026-04-23T20:58:18+00:00","mainEntityOfPage":{"@id":"https:\/\/kohenavocats.com\/ar\/cour-dappel-le-25-septembre-2025-n23-03008\/"},"wordCount":545,"commentCount":0,"publisher":{"@id":"https:\/\/kohenavocats.com\/ar\/#organization"},"image":{"@id":"https:\/\/kohenavocats.com\/ar\/cour-dappel-le-25-septembre-2025-n23-03008\/#primaryimage"},"thumbnailUrl":"https:\/\/kohenavocats.com\/wp-content\/uploads\/2024\/11\/scott-webb-A-7Y4M0-e0M-unsplash.webp","articleSection":["Jurisprudence"],"inLanguage":"ar","potentialAction":[{"@type":"CommentAction","name":"Comment","target":["https:\/\/kohenavocats.com\/ar\/cour-dappel-le-25-septembre-2025-n23-03008\/#respond"]}],"citation":"Cour d&#8217;appel, le 25 septembre 2025, n\u00b023\/03008","about":[{"@type":"Thing","name":"Jurisprudence"}],"dateModified":"2026-04-23T20:58:18+00:00","speakable":{"@type":"SpeakableSpecification","cssSelector":[".article-content > p:first-of-type"]}},{"@type":"WebPage","@id":"https:\/\/kohenavocats.com\/ar\/cour-dappel-le-25-septembre-2025-n23-03008\/","url":"https:\/\/kohenavocats.com\/ar\/cour-dappel-le-25-septembre-2025-n23-03008\/","name":"Cour d'appel, le 25 septembre 2025, n\u00b023\/03008 - Ma\u00eetre Hassan Kohen, avocat en droit p\u00e9nal \u00e0 Paris","isPartOf":{"@id":"https:\/\/kohenavocats.com\/ar\/#website"},"primaryImageOfPage":{"@id":"https:\/\/kohenavocats.com\/ar\/cour-dappel-le-25-septembre-2025-n23-03008\/#primaryimage"},"image":{"@id":"https:\/\/kohenavocats.com\/ar\/cour-dappel-le-25-septembre-2025-n23-03008\/#primaryimage"},"thumbnailUrl":"https:\/\/kohenavocats.com\/wp-content\/uploads\/2024\/11\/scott-webb-A-7Y4M0-e0M-unsplash.webp","datePublished":"2026-04-23T20:58:18+00:00","description":"La cour d'appel, statuant en dernier ressort, confirme partiellement un jugement pronon\u00e7ant la nullit\u00e9 de contrats conclus hors \u00e9tablissement. Elle r\u00e9forme l...","breadcrumb":{"@id":"https:\/\/kohenavocats.com\/ar\/cour-dappel-le-25-septembre-2025-n23-03008\/#breadcrumb"},"inLanguage":"ar","potentialAction":[{"@type":"ReadAction","target":["https:\/\/kohenavocats.com\/ar\/cour-dappel-le-25-septembre-2025-n23-03008\/"]}]},{"@type":"ImageObject","inLanguage":"ar","@id":"https:\/\/kohenavocats.com\/ar\/cour-dappel-le-25-septembre-2025-n23-03008\/#primaryimage","url":"https:\/\/kohenavocats.com\/wp-content\/uploads\/2024\/11\/scott-webb-A-7Y4M0-e0M-unsplash.webp","contentUrl":"https:\/\/kohenavocats.com\/wp-content\/uploads\/2024\/11\/scott-webb-A-7Y4M0-e0M-unsplash.webp","width":3783,"height":5674},{"@type":"BreadcrumbList","@id":"https:\/\/kohenavocats.com\/ar\/cour-dappel-le-25-septembre-2025-n23-03008\/#breadcrumb","itemListElement":[{"@type":"ListItem","position":1,"name":"Home","item":"https:\/\/kohenavocats.com\/ar\/%d9%85%d8%ad%d8%a7%d9%85%d9%88%d9%86-%d9%85%d8%aa%d8%ae%d8%b5%d8%b5%d9%88%d9%86-%d9%81%d9%8a-%d8%a7%d9%84%d9%82%d8%a7%d9%86%d9%88%d9%86-%d8%a7%d9%84%d8%ac%d9%86%d8%a7%d8%a6%d9%8a-%d8%a8%d8%a8%d8%a7\/"},{"@type":"ListItem","position":2,"name":"Cour d&rsquo;appel, le 25 septembre 2025, n\u00b023\/03008"}]},{"@type":"WebSite","@id":"https:\/\/kohenavocats.com\/ar\/#website","url":"https:\/\/kohenavocats.com\/ar\/","name":"Kohen Avocats","description":"Ma\u00eetre Hassan Kohen, avocat p\u00e9naliste \u00e0 Paris, intervient exclusivement en droit p\u00e9nal pour la d\u00e9fense des particuliers, notamment en mati\u00e8re d\u2019accusations de viol. Il assure un accompagnement rigoureux d\u00e8s la garde \u00e0 vue jusqu\u2019\u00e0 la Cour d\u2019assises, veillant au strict respect des garanties proc\u00e9durales.","publisher":{"@id":"https:\/\/kohenavocats.com\/ar\/#organization"},"potentialAction":[{"@type":"SearchAction","target":{"@type":"EntryPoint","urlTemplate":"https:\/\/kohenavocats.com\/ar\/?s={search_term_string}"},"query-input":{"@type":"PropertyValueSpecification","valueRequired":true,"valueName":"search_term_string"}}],"inLanguage":"ar"},{"@type":"Organization","@id":"https:\/\/kohenavocats.com\/ar\/#organization","name":"Kohen Avocats","url":"https:\/\/kohenavocats.com\/ar\/","logo":{"@type":"ImageObject","inLanguage":"ar","@id":"https:\/\/kohenavocats.com\/ar\/#\/schema\/logo\/image\/","url":"https:\/\/kohenavocats.com\/wp-content\/uploads\/2026\/01\/Logo-2-1.webp","contentUrl":"https:\/\/kohenavocats.com\/wp-content\/uploads\/2026\/01\/Logo-2-1.webp","width":2114,"height":1253,"caption":"Kohen Avocats"},"image":{"@id":"https:\/\/kohenavocats.com\/ar\/#\/schema\/logo\/image\/"}},{"@type":"Person","@id":"https:\/\/kohenavocats.com\/ar\/#\/schema\/person\/761c9ba54fa1ca84d405cef0831ff751","name":"Kohen","image":{"@type":"ImageObject","inLanguage":"ar","@id":"https:\/\/secure.gravatar.com\/avatar\/1c5e76ef76bbbfdd2b4da984e2bf2fa4056fd51a27d25ce2c332047f1dfd6e00?s=96&d=identicon&r=g","url":"https:\/\/secure.gravatar.com\/avatar\/1c5e76ef76bbbfdd2b4da984e2bf2fa4056fd51a27d25ce2c332047f1dfd6e00?s=96&d=identicon&r=g","contentUrl":"https:\/\/secure.gravatar.com\/avatar\/1c5e76ef76bbbfdd2b4da984e2bf2fa4056fd51a27d25ce2c332047f1dfd6e00?s=96&d=identicon&r=g","caption":"Kohen"},"sameAs":["https:\/\/www.linkedin.com\/in\/hassan-kohen-448548192\/","https:\/\/www.youtube.com\/@Kohen-Avocats"],"url":"https:\/\/kohenavocats.com\/ar\/author\/kohenmlk\/"}]}},"jetpack_featured_media_url":"https:\/\/kohenavocats.com\/wp-content\/uploads\/2024\/11\/scott-webb-A-7Y4M0-e0M-unsplash.webp","jetpack_likes_enabled":false,"jetpack_shortlink":"https:\/\/wp.me\/peCrII-2MTN","jetpack-related-posts":[{"id":490559,"url":"https:\/\/kohenavocats.com\/ar\/cour-dappel-le-20-novembre-2025-n24-01568\/","url_meta":{"origin":664627,"position":0},"title":"Cour d&#8217;appel, le 20 novembre 2025, n\u00b024\/01568","author":"Kohen","date":"8 \u0623\u0628\u0631\u064a\u0644\u060c 2026","format":false,"excerpt":"La cour d'appel, statuant en dernier ressort, confirme la nullit\u00e9 du contrat de vente pour d\u00e9faut d'information sur ses caract\u00e9ristiques essentielles. Elle p...","rel":"","context":"\u0641\u064a &quot;Jurisprudence&quot;","block_context":{"text":"Jurisprudence","link":"https:\/\/kohenavocats.com\/category\/jurisprudence\/"},"img":{"alt_text":"","src":"https:\/\/i0.wp.com\/kohenavocats.com\/wp-content\/uploads\/2024\/11\/philip-oroni-7cSSg-1365U-unsplash.webp?resize=350%2C200&ssl=1","width":350,"height":200,"srcset":"https:\/\/i0.wp.com\/kohenavocats.com\/wp-content\/uploads\/2024\/11\/philip-oroni-7cSSg-1365U-unsplash.webp?resize=350%2C200&ssl=1 1x, https:\/\/i0.wp.com\/kohenavocats.com\/wp-content\/uploads\/2024\/11\/philip-oroni-7cSSg-1365U-unsplash.webp?resize=525%2C300&ssl=1 1.5x, https:\/\/i0.wp.com\/kohenavocats.com\/wp-content\/uploads\/2024\/11\/philip-oroni-7cSSg-1365U-unsplash.webp?resize=700%2C400&ssl=1 2x, https:\/\/i0.wp.com\/kohenavocats.com\/wp-content\/uploads\/2024\/11\/philip-oroni-7cSSg-1365U-unsplash.webp?resize=1050%2C600&ssl=1 3x, https:\/\/i0.wp.com\/kohenavocats.com\/wp-content\/uploads\/2024\/11\/philip-oroni-7cSSg-1365U-unsplash.webp?resize=1400%2C800&ssl=1 4x"},"classes":[]},{"id":626183,"url":"https:\/\/kohenavocats.com\/ar\/tribunal-judiciaire-de-bourg-en-bresse-le-16-octobre-2025-n24-03201\/","url_meta":{"origin":664627,"position":1},"title":"Tribunal judiciaire de Bourg-en-Bresse, le 16 octobre 2025, n\u00b024\/03201","author":"Kohen","date":"20 \u0623\u0628\u0631\u064a\u0644\u060c 2026","format":false,"excerpt":"Le juge des contentieux de la protection, statuant en premier ressort, a prononc\u00e9 la nullit\u00e9 d\u2019un contrat de vente et d\u2019installation de panneaux photovolta\u00efq...","rel":"","context":"\u0641\u064a &quot;Jurisprudence&quot;","block_context":{"text":"Jurisprudence","link":"https:\/\/kohenavocats.com\/category\/jurisprudence\/"},"img":{"alt_text":"","src":"https:\/\/i0.wp.com\/kohenavocats.com\/wp-content\/uploads\/2024\/08\/yohan-marion-UYA82FGMzFE-unsplash.webp?resize=350%2C200&ssl=1","width":350,"height":200,"srcset":"https:\/\/i0.wp.com\/kohenavocats.com\/wp-content\/uploads\/2024\/08\/yohan-marion-UYA82FGMzFE-unsplash.webp?resize=350%2C200&ssl=1 1x, https:\/\/i0.wp.com\/kohenavocats.com\/wp-content\/uploads\/2024\/08\/yohan-marion-UYA82FGMzFE-unsplash.webp?resize=525%2C300&ssl=1 1.5x, https:\/\/i0.wp.com\/kohenavocats.com\/wp-content\/uploads\/2024\/08\/yohan-marion-UYA82FGMzFE-unsplash.webp?resize=700%2C400&ssl=1 2x, https:\/\/i0.wp.com\/kohenavocats.com\/wp-content\/uploads\/2024\/08\/yohan-marion-UYA82FGMzFE-unsplash.webp?resize=1050%2C600&ssl=1 3x, https:\/\/i0.wp.com\/kohenavocats.com\/wp-content\/uploads\/2024\/08\/yohan-marion-UYA82FGMzFE-unsplash.webp?resize=1400%2C800&ssl=1 4x"},"classes":[]},{"id":485750,"url":"https:\/\/kohenavocats.com\/ar\/tribunal-judiciaire-de-toulouse-le-2-decembre-2025-n24-01508\/","url_meta":{"origin":664627,"position":2},"title":"Tribunal judiciaire de Toulouse, le 2 d\u00e9cembre 2025, n\u00b024\/01508","author":"Kohen","date":"8 \u0623\u0628\u0631\u064a\u0644\u060c 2026","format":false,"excerpt":"Tribunal judiciaire, statuant en premier ressort, rend un jugement en date du 2 d\u00e9cembre 2025. Des consommateurs avaient souscrit un contrat hors \u00e9tablisseme...","rel":"","context":"\u0641\u064a &quot;Jurisprudence&quot;","block_context":{"text":"Jurisprudence","link":"https:\/\/kohenavocats.com\/category\/jurisprudence\/"},"img":{"alt_text":"","src":"https:\/\/i0.wp.com\/kohenavocats.com\/wp-content\/uploads\/2024\/11\/alex-shuper-m4kXI_iQmsE-unsplash.webp?resize=350%2C200&ssl=1","width":350,"height":200,"srcset":"https:\/\/i0.wp.com\/kohenavocats.com\/wp-content\/uploads\/2024\/11\/alex-shuper-m4kXI_iQmsE-unsplash.webp?resize=350%2C200&ssl=1 1x, https:\/\/i0.wp.com\/kohenavocats.com\/wp-content\/uploads\/2024\/11\/alex-shuper-m4kXI_iQmsE-unsplash.webp?resize=525%2C300&ssl=1 1.5x, https:\/\/i0.wp.com\/kohenavocats.com\/wp-content\/uploads\/2024\/11\/alex-shuper-m4kXI_iQmsE-unsplash.webp?resize=700%2C400&ssl=1 2x, https:\/\/i0.wp.com\/kohenavocats.com\/wp-content\/uploads\/2024\/11\/alex-shuper-m4kXI_iQmsE-unsplash.webp?resize=1050%2C600&ssl=1 3x, https:\/\/i0.wp.com\/kohenavocats.com\/wp-content\/uploads\/2024\/11\/alex-shuper-m4kXI_iQmsE-unsplash.webp?resize=1400%2C800&ssl=1 4x"},"classes":[]},{"id":682548,"url":"https:\/\/kohenavocats.com\/ar\/cour-dappel-de-poitiers-le-25-juin-2025-n24-00852\/","url_meta":{"origin":664627,"position":3},"title":"Cour d&#8217;appel de Poitiers, le 25 juin 2025, n\u00b024\/00852","author":"Kohen","date":"25 \u0623\u0628\u0631\u064a\u0644\u060c 2026","format":false,"excerpt":"La cour d\u2019appel de Poitiers, statuant en dernier ressort le 25 juin 2025, examine un litige n\u00e9 d\u2019un contrat de vente d\u2019une installation photovolta\u00efque conclu...","rel":"","context":"\u0641\u064a &quot;Jurisprudence&quot;","block_context":{"text":"Jurisprudence","link":"https:\/\/kohenavocats.com\/category\/jurisprudence\/"},"img":{"alt_text":"","src":"https:\/\/i0.wp.com\/kohenavocats.com\/wp-content\/uploads\/2024\/11\/getty-images-TGyzkRiEysA-unsplash.webp?resize=350%2C200&ssl=1","width":350,"height":200,"srcset":"https:\/\/i0.wp.com\/kohenavocats.com\/wp-content\/uploads\/2024\/11\/getty-images-TGyzkRiEysA-unsplash.webp?resize=350%2C200&ssl=1 1x, https:\/\/i0.wp.com\/kohenavocats.com\/wp-content\/uploads\/2024\/11\/getty-images-TGyzkRiEysA-unsplash.webp?resize=525%2C300&ssl=1 1.5x, https:\/\/i0.wp.com\/kohenavocats.com\/wp-content\/uploads\/2024\/11\/getty-images-TGyzkRiEysA-unsplash.webp?resize=700%2C400&ssl=1 2x, https:\/\/i0.wp.com\/kohenavocats.com\/wp-content\/uploads\/2024\/11\/getty-images-TGyzkRiEysA-unsplash.webp?resize=1050%2C600&ssl=1 3x, https:\/\/i0.wp.com\/kohenavocats.com\/wp-content\/uploads\/2024\/11\/getty-images-TGyzkRiEysA-unsplash.webp?resize=1400%2C800&ssl=1 4x"},"classes":[]},{"id":625180,"url":"https:\/\/kohenavocats.com\/ar\/tribunal-judiciaire-de-lille-le-8-novembre-2023-n24-09572\/","url_meta":{"origin":664627,"position":4},"title":"Tribunal judiciaire de Lille, le 8 novembre 2023, n\u00b024\/09572","author":"Kohen","date":"20 \u0623\u0628\u0631\u064a\u0644\u060c 2026","format":false,"excerpt":"Le juge des contentieux de la protection, statuant en premier ressort, a \u00e9t\u00e9 saisi d'une demande en nullit\u00e9 de contrats portant sur une installation photovol...","rel":"","context":"\u0641\u064a &quot;Jurisprudence&quot;","block_context":{"text":"Jurisprudence","link":"https:\/\/kohenavocats.com\/category\/jurisprudence\/"},"img":{"alt_text":"","src":"https:\/\/i0.wp.com\/kohenavocats.com\/wp-content\/uploads\/2024\/11\/getty-images-IQwGidv9mK0-unsplash.webp?resize=350%2C200&ssl=1","width":350,"height":200,"srcset":"https:\/\/i0.wp.com\/kohenavocats.com\/wp-content\/uploads\/2024\/11\/getty-images-IQwGidv9mK0-unsplash.webp?resize=350%2C200&ssl=1 1x, https:\/\/i0.wp.com\/kohenavocats.com\/wp-content\/uploads\/2024\/11\/getty-images-IQwGidv9mK0-unsplash.webp?resize=525%2C300&ssl=1 1.5x, https:\/\/i0.wp.com\/kohenavocats.com\/wp-content\/uploads\/2024\/11\/getty-images-IQwGidv9mK0-unsplash.webp?resize=700%2C400&ssl=1 2x, https:\/\/i0.wp.com\/kohenavocats.com\/wp-content\/uploads\/2024\/11\/getty-images-IQwGidv9mK0-unsplash.webp?resize=1050%2C600&ssl=1 3x, https:\/\/i0.wp.com\/kohenavocats.com\/wp-content\/uploads\/2024\/11\/getty-images-IQwGidv9mK0-unsplash.webp?resize=1400%2C800&ssl=1 4x"},"classes":[]},{"id":633209,"url":"https:\/\/kohenavocats.com\/ar\/tribunal-judiciaire-de-bobigny-le-7-aout-2024-n24-07218\/","url_meta":{"origin":664627,"position":5},"title":"Tribunal judiciaire de Bobigny, le 7 ao\u00fbt 2024, n\u00b024\/07218","author":"Kohen","date":"21 \u0623\u0628\u0631\u064a\u0644\u060c 2026","format":false,"excerpt":"Le juge des contentieux de la protection, statuant en premier ressort, a rendu un jugement le 7 ao\u00fbt 2024. L'affaire concernait des consommateurs ayant sousc...","rel":"","context":"\u0641\u064a &quot;Jurisprudence&quot;","block_context":{"text":"Jurisprudence","link":"https:\/\/kohenavocats.com\/category\/jurisprudence\/"},"img":{"alt_text":"","src":"https:\/\/i0.wp.com\/kohenavocats.com\/wp-content\/uploads\/2024\/08\/viktor-hesse-qPwYg5s1Fs-unsplash.webp?resize=350%2C200&ssl=1","width":350,"height":200,"srcset":"https:\/\/i0.wp.com\/kohenavocats.com\/wp-content\/uploads\/2024\/08\/viktor-hesse-qPwYg5s1Fs-unsplash.webp?resize=350%2C200&ssl=1 1x, https:\/\/i0.wp.com\/kohenavocats.com\/wp-content\/uploads\/2024\/08\/viktor-hesse-qPwYg5s1Fs-unsplash.webp?resize=525%2C300&ssl=1 1.5x, https:\/\/i0.wp.com\/kohenavocats.com\/wp-content\/uploads\/2024\/08\/viktor-hesse-qPwYg5s1Fs-unsplash.webp?resize=700%2C400&ssl=1 2x, https:\/\/i0.wp.com\/kohenavocats.com\/wp-content\/uploads\/2024\/08\/viktor-hesse-qPwYg5s1Fs-unsplash.webp?resize=1050%2C600&ssl=1 3x, https:\/\/i0.wp.com\/kohenavocats.com\/wp-content\/uploads\/2024\/08\/viktor-hesse-qPwYg5s1Fs-unsplash.webp?resize=1400%2C800&ssl=1 4x"},"classes":[]}],"jetpack_sharing_enabled":true,"_links":{"self":[{"href":"https:\/\/kohenavocats.com\/ar\/wp-json\/wp\/v2\/posts\/664627","targetHints":{"allow":["GET"]}}],"collection":[{"href":"https:\/\/kohenavocats.com\/ar\/wp-json\/wp\/v2\/posts"}],"about":[{"href":"https:\/\/kohenavocats.com\/ar\/wp-json\/wp\/v2\/types\/post"}],"author":[{"embeddable":true,"href":"https:\/\/kohenavocats.com\/ar\/wp-json\/wp\/v2\/users\/232070755"}],"replies":[{"embeddable":true,"href":"https:\/\/kohenavocats.com\/ar\/wp-json\/wp\/v2\/comments?post=664627"}],"version-history":[{"count":0,"href":"https:\/\/kohenavocats.com\/ar\/wp-json\/wp\/v2\/posts\/664627\/revisions"}],"wp:featuredmedia":[{"embeddable":true,"href":"https:\/\/kohenavocats.com\/ar\/wp-json\/wp\/v2\/media\/9427"}],"wp:attachment":[{"href":"https:\/\/kohenavocats.com\/ar\/wp-json\/wp\/v2\/media?parent=664627"}],"wp:term":[{"taxonomy":"category","embeddable":true,"href":"https:\/\/kohenavocats.com\/ar\/wp-json\/wp\/v2\/categories?post=664627"},{"taxonomy":"post_tag","embeddable":true,"href":"https:\/\/kohenavocats.com\/ar\/wp-json\/wp\/v2\/tags?post=664627"}],"curies":[{"name":"wp","href":"https:\/\/api.w.org\/{rel}","templated":true}]}}