{"id":665646,"date":"2026-04-24T00:09:43","date_gmt":"2026-04-23T22:09:43","guid":{"rendered":"https:\/\/kohenavocats.com\/tribunal-judiciaire-de-meaux-le-24-septembre-2025-n25-00597\/"},"modified":"2026-04-24T00:09:43","modified_gmt":"2026-04-23T22:09:43","slug":"tribunal-judiciaire-de-meaux-le-24-septembre-2025-n25-00597","status":"publish","type":"post","link":"https:\/\/kohenavocats.com\/ar\/tribunal-judiciaire-de-meaux-le-24-septembre-2025-n25-00597\/","title":{"rendered":"Tribunal judiciaire de Meaux, le 24 septembre 2025, n\u00b025\/00597"},"content":{"rendered":"<div class=\"article-content\">\n<p>Le tribunal judiciaire de Meaux, statuant en r\u00e9f\u00e9r\u00e9, a \u00e9t\u00e9 saisi d\u2019une demande d\u2019extension d\u2019une expertise ordonn\u00e9e ant\u00e9rieurement. La juridiction devait d\u00e9terminer les conditions permettant de rendre une mesure d\u2019instruction commune \u00e0 un tiers non initialement partie. Elle a accueilli la demande en s\u2019appuyant sur l\u2019article 145 du code de proc\u00e9dure civile, \u00e9tendant l\u2019expertise \u00e0 une soci\u00e9t\u00e9 tierce et en fixant les modalit\u00e9s pratiques de cette extension.<\/p>\n<p>La condition l\u00e9gitime d\u2019extension d\u2019une mesure d\u2019instruction pr\u00e9alable<\/p>\n<p>Le juge des r\u00e9f\u00e9r\u00e9s poss\u00e8de le pouvoir d\u2019adapter une instruction en cours aux n\u00e9cessit\u00e9s de la preuve. Il peut ainsi \u00e9tendre \u00e0 un tiers une expertise d\u00e9j\u00e0 ordonn\u00e9e pour assurer l\u2019efficacit\u00e9 de la mesure. La d\u00e9cision rappelle le fondement l\u00e9gal de cette comp\u00e9tence en se r\u00e9f\u00e9rant \u00e0 l\u2019article 145 du code de proc\u00e9dure civile. L\u2019existence d\u2019un motif l\u00e9gitime constitue la condition essentielle et suffisante pour une telle extension. &#8220;Pour ce faire, il est alors n\u00e9cessaire, et suffisant, conform\u00e9ment aux conditions pr\u00e9vues par ce texte, qu&#8217;il existe un motif l\u00e9gitime de rendre l&#8217;expertise commune \u00e0 d&#8217;autres parties que celles initialement vis\u00e9es.&#8221; (Motifs) Cette condition est interpr\u00e9t\u00e9e de mani\u00e8re pragmatique par le juge. Le motif l\u00e9gitime r\u00e9side dans l\u2019int\u00e9r\u00eat \u00e0 opposer les r\u00e9sultats de l\u2019expertise \u00e0 une partie potentiellement responsable. La d\u00e9cision constate que de nouvelles probl\u00e9matiques ont \u00e9merg\u00e9 lors de la premi\u00e8re r\u00e9union d\u2019expertise. L\u2019extension permet ainsi d\u2019\u00e9tablir la preuve des faits de mani\u00e8re contradictoire avant toute action en justice. Cette analyse rejoint celle d\u2019autres juridictions saisies de demandes similaires. &#8220;Il existe un motif l\u00e9gitime de lui \u00e9tendre les op\u00e9rations d\u2019expertise, afin d&#8217;\u00e9tablir ou de conserver, \u00e0 son contradictoire, la preuve des faits&#8221; (Tribunal judiciaire de Lyon, le 2 d\u00e9cembre 2025, n\u00b025\/00522) La port\u00e9e de ce point est significative pour la pratique des mesures d\u2019instruction. Elle confirme la souplesse proc\u00e9durale offerte par l\u2019article 145 du code de proc\u00e9dure civile. Le juge des r\u00e9f\u00e9r\u00e9s peut ainsi anticiper et consolider le d\u00e9bat futur sur le fond. Cette approche \u00e9vite la multiplication d\u2019expertises parall\u00e8les sur un m\u00eame objet. Elle garantit \u00e9galement le principe du contradictoire pour toutes les parties concern\u00e9es par les faits.<\/p>\n<p>Les modalit\u00e9s pratiques et financi\u00e8res de l\u2019extension ordonn\u00e9e<\/p>\n<p>La d\u00e9cision ne se limite pas \u00e0 accorder l\u2019extension mais en organise pr\u00e9cis\u00e9ment les cons\u00e9quences proc\u00e9durales. Elle int\u00e8gre le tiers \u00e0 l\u2019instance d\u2019expertise en cours tout en pr\u00e9servant ses droits. Le dispositif impose \u00e0 l\u2019expert d\u2019appeler la nouvelle partie \u00e0 participer aux op\u00e9rations. Il rappelle \u00e9galement que &#8220;L&#8217;intervenant est mis en mesure de pr\u00e9senter ses observations sur les op\u00e9rations auxquelles il a d\u00e9j\u00e0 \u00e9t\u00e9 proc\u00e9d\u00e9&#8221; (Dispositif) Cette citation souligne l\u2019importance du respect des droits de la d\u00e9fense pour le tiers impliqu\u00e9. La d\u00e9cision comporte ensuite des prescriptions d\u00e9taill\u00e9es pour encadrer la suite des op\u00e9rations. Elle proroge le d\u00e9lai de d\u00e9p\u00f4t du rapport et impose \u00e0 l\u2019expert d\u2019\u00e9tablir un calendrier pr\u00e9cis. Ces mesures visent \u00e0 assurer l\u2019efficacit\u00e9 et la c\u00e9l\u00e9rit\u00e9 de l\u2019instruction malgr\u00e9 son \u00e9largissement. La charge financi\u00e8re de l\u2019extension est plac\u00e9e \u00e0 la charge de la partie requ\u00e9rante. Celle-ci doit consigner une provision compl\u00e9mentaire pour couvrir le surco\u00fbt pr\u00e9visible. La d\u00e9cision pr\u00e9voit express\u00e9ment les cons\u00e9quences d\u2019un d\u00e9faut de consignation dans le d\u00e9lai imparti. &#8220;faute de consignation dans le d\u00e9lai sus-vis\u00e9, les op\u00e9rations d&#8217;expertise devront se poursuivre sans tenir compte de la pr\u00e9sente extension&#8221; (Dispositif) Cette disposition assure que l\u2019avancement de l\u2019expertise initiale ne sera pas paralys\u00e9. Elle distingue clairement l\u2019avance des frais de la charge d\u00e9finitive, qui sera fix\u00e9e au fond. La valeur de cette partie r\u00e9side dans son caract\u00e8re op\u00e9rationnel et pr\u00e9visionnel. Le juge des r\u00e9f\u00e9r\u00e9s use de ses pouvoirs pour garantir une ex\u00e9cution effective et ordonn\u00e9e de sa d\u00e9cision. Il \u00e9vite ainsi les contentieux secondaires sur les modalit\u00e9s d\u2019ex\u00e9cution de l\u2019expertise \u00e9tendue. Cette rigueur dans l\u2019ordonnancement proc\u00e9dural renforce l\u2019utilit\u00e9 pratique de la mesure d\u2019instruction.<\/p>\n<\/div>\n","protected":false},"excerpt":{"rendered":"<p>Le tribunal judiciaire de Meaux, statuant en r\u00e9f\u00e9r\u00e9, a \u00e9t\u00e9 saisi d\u2019une demande d\u2019extension d\u2019une expertise ordonn\u00e9e ant\u00e9rieurement. La juridiction devait d\u00e9t&#8230;<\/p>\n","protected":false},"author":232070755,"featured_media":4703,"comment_status":"open","ping_status":"open","sticky":false,"template":"","format":"standard","meta":{"_crdt_document":"","_jetpack_newsletter_access":"","_jetpack_dont_email_post_to_subs":false,"_jetpack_newsletter_tier_id":0,"_jetpack_memberships_contains_paywalled_content":false,"_kj_source_type":"judilibre","_kj_official_id":"68d6e7dcd22713eb88c8a96f","_kj_official_url":"https:\/\/www.courdecassation.fr\/decision\/68d6e7dcd22713eb88c8a96f","_kj_judilibre_id":"68d6e7dcd22713eb88c8a96f","_kj_jur":"Tribunal judiciaire","_kj_lieu":"Tribunal judiciaire de Meaux","_kj_chambre":"1\u00e8re chambre - R\u00e9f\u00e9r\u00e9s","_kj_rg":"25\/00597","_kj_date":"2025-09-24","_jetpack_memberships_contains_paid_content":false,"footnotes":"","jetpack_post_was_ever_published":false},"categories":[7597],"tags":[],"class_list":["post-665646","post","type-post","status-publish","format-standard","has-post-thumbnail","hentry","category-jurisprudence"],"yoast_head":"<!-- This site is optimized with the Yoast SEO Premium plugin v27.5 (Yoast SEO v27.5) - https:\/\/yoast.com\/product\/yoast-seo-premium-wordpress\/ -->\n<title>Tribunal judiciaire de Meaux, le 24 septembre 2025, n\u00b025\/00597 - Ma\u00eetre Hassan Kohen, avocat en droit p\u00e9nal \u00e0 Paris<\/title>\n<meta name=\"description\" content=\"Le tribunal judiciaire de Meaux, statuant en r\u00e9f\u00e9r\u00e9, a \u00e9t\u00e9 saisi d\u2019une demande d\u2019extension d\u2019une expertise ordonn\u00e9e ant\u00e9rieurement. La juridiction devait d\u00e9t...\" \/>\n<meta name=\"robots\" content=\"index, follow, max-snippet:-1, max-image-preview:large, max-video-preview:-1\" \/>\n<link rel=\"canonical\" href=\"https:\/\/kohenavocats.com\/ar\/tribunal-judiciaire-de-meaux-le-24-septembre-2025-n25-00597\/\" \/>\n<meta property=\"og:locale\" content=\"ar_AR\" \/>\n<meta property=\"og:type\" content=\"article\" \/>\n<meta property=\"og:title\" content=\"Tribunal judiciaire de Meaux, le 24 septembre 2025, n\u00b025\/00597\" \/>\n<meta property=\"og:description\" content=\"Le tribunal judiciaire de Meaux, statuant en r\u00e9f\u00e9r\u00e9, a \u00e9t\u00e9 saisi d\u2019une demande d\u2019extension d\u2019une expertise ordonn\u00e9e ant\u00e9rieurement. La juridiction devait d\u00e9t...\" \/>\n<meta property=\"og:url\" content=\"https:\/\/kohenavocats.com\/ar\/tribunal-judiciaire-de-meaux-le-24-septembre-2025-n25-00597\/\" \/>\n<meta property=\"og:site_name\" content=\"Ma\u00eetre Hassan Kohen, avocat en droit p\u00e9nal \u00e0 Paris\" \/>\n<meta property=\"article:published_time\" content=\"2026-04-23T22:09:43+00:00\" \/>\n<meta property=\"og:image\" content=\"https:\/\/kohenavocats.com\/wp-content\/uploads\/2024\/08\/bastien-nvs-SkgPTTk_eXE-unsplash.webp\" \/>\n\t<meta property=\"og:image:width\" content=\"6000\" \/>\n\t<meta property=\"og:image:height\" content=\"4000\" \/>\n\t<meta property=\"og:image:type\" content=\"image\/webp\" \/>\n<meta name=\"author\" content=\"Kohen\" \/>\n<meta name=\"twitter:card\" content=\"summary_large_image\" \/>\n<meta name=\"twitter:label1\" content=\"\u0643\u064f\u062a\u0628 \u0628\u0648\u0627\u0633\u0637\u0629\" \/>\n\t<meta name=\"twitter:data1\" content=\"Kohen\" \/>\n\t<meta name=\"twitter:label2\" content=\"\u0648\u0642\u062a \u0627\u0644\u0642\u0631\u0627\u0621\u0629 \u0627\u0644\u0645\u064f\u0642\u062f\u0651\u0631\" \/>\n\t<meta name=\"twitter:data2\" content=\"4 \u062f\u0642\u0627\u0626\u0642\" \/>\n<script type=\"application\/ld+json\" class=\"yoast-schema-graph\">{\"@context\":\"https:\\\/\\\/schema.org\",\"@graph\":[{\"@type\":\"Article\",\"@id\":\"https:\\\/\\\/kohenavocats.com\\\/ar\\\/tribunal-judiciaire-de-meaux-le-24-septembre-2025-n25-00597\\\/#article\",\"isPartOf\":{\"@id\":\"https:\\\/\\\/kohenavocats.com\\\/ar\\\/tribunal-judiciaire-de-meaux-le-24-septembre-2025-n25-00597\\\/\"},\"author\":{\"name\":\"Kohen\",\"@id\":\"https:\\\/\\\/kohenavocats.com\\\/ar\\\/#\\\/schema\\\/person\\\/761c9ba54fa1ca84d405cef0831ff751\"},\"headline\":\"Tribunal judiciaire de Meaux, le 24 septembre 2025, n\u00b025\\\/00597\",\"datePublished\":\"2026-04-23T22:09:43+00:00\",\"mainEntityOfPage\":{\"@id\":\"https:\\\/\\\/kohenavocats.com\\\/ar\\\/tribunal-judiciaire-de-meaux-le-24-septembre-2025-n25-00597\\\/\"},\"wordCount\":769,\"commentCount\":0,\"publisher\":{\"@id\":\"https:\\\/\\\/kohenavocats.com\\\/ar\\\/#organization\"},\"image\":{\"@id\":\"https:\\\/\\\/kohenavocats.com\\\/ar\\\/tribunal-judiciaire-de-meaux-le-24-septembre-2025-n25-00597\\\/#primaryimage\"},\"thumbnailUrl\":\"https:\\\/\\\/kohenavocats.com\\\/wp-content\\\/uploads\\\/2024\\\/08\\\/bastien-nvs-SkgPTTk_eXE-unsplash.webp\",\"articleSection\":[\"Jurisprudence\"],\"inLanguage\":\"ar\",\"potentialAction\":[{\"@type\":\"CommentAction\",\"name\":\"Comment\",\"target\":[\"https:\\\/\\\/kohenavocats.com\\\/ar\\\/tribunal-judiciaire-de-meaux-le-24-septembre-2025-n25-00597\\\/#respond\"]}],\"citation\":\"Tribunal judiciaire de Meaux, le 24 septembre 2025, n\u00b025\\\/00597\",\"about\":[{\"@type\":\"Thing\",\"name\":\"Jurisprudence\"}],\"dateModified\":\"2026-04-23T22:09:43+00:00\",\"speakable\":{\"@type\":\"SpeakableSpecification\",\"cssSelector\":[\".article-content > p:first-of-type\"]}},{\"@type\":\"WebPage\",\"@id\":\"https:\\\/\\\/kohenavocats.com\\\/ar\\\/tribunal-judiciaire-de-meaux-le-24-septembre-2025-n25-00597\\\/\",\"url\":\"https:\\\/\\\/kohenavocats.com\\\/ar\\\/tribunal-judiciaire-de-meaux-le-24-septembre-2025-n25-00597\\\/\",\"name\":\"Tribunal judiciaire de Meaux, le 24 septembre 2025, n\u00b025\\\/00597 - Ma\u00eetre Hassan Kohen, avocat en droit p\u00e9nal \u00e0 Paris\",\"isPartOf\":{\"@id\":\"https:\\\/\\\/kohenavocats.com\\\/ar\\\/#website\"},\"primaryImageOfPage\":{\"@id\":\"https:\\\/\\\/kohenavocats.com\\\/ar\\\/tribunal-judiciaire-de-meaux-le-24-septembre-2025-n25-00597\\\/#primaryimage\"},\"image\":{\"@id\":\"https:\\\/\\\/kohenavocats.com\\\/ar\\\/tribunal-judiciaire-de-meaux-le-24-septembre-2025-n25-00597\\\/#primaryimage\"},\"thumbnailUrl\":\"https:\\\/\\\/kohenavocats.com\\\/wp-content\\\/uploads\\\/2024\\\/08\\\/bastien-nvs-SkgPTTk_eXE-unsplash.webp\",\"datePublished\":\"2026-04-23T22:09:43+00:00\",\"description\":\"Le tribunal judiciaire de Meaux, statuant en r\u00e9f\u00e9r\u00e9, a \u00e9t\u00e9 saisi d\u2019une demande d\u2019extension d\u2019une expertise ordonn\u00e9e ant\u00e9rieurement. La juridiction devait d\u00e9t...\",\"breadcrumb\":{\"@id\":\"https:\\\/\\\/kohenavocats.com\\\/ar\\\/tribunal-judiciaire-de-meaux-le-24-septembre-2025-n25-00597\\\/#breadcrumb\"},\"inLanguage\":\"ar\",\"potentialAction\":[{\"@type\":\"ReadAction\",\"target\":[\"https:\\\/\\\/kohenavocats.com\\\/ar\\\/tribunal-judiciaire-de-meaux-le-24-septembre-2025-n25-00597\\\/\"]}]},{\"@type\":\"ImageObject\",\"inLanguage\":\"ar\",\"@id\":\"https:\\\/\\\/kohenavocats.com\\\/ar\\\/tribunal-judiciaire-de-meaux-le-24-septembre-2025-n25-00597\\\/#primaryimage\",\"url\":\"https:\\\/\\\/kohenavocats.com\\\/wp-content\\\/uploads\\\/2024\\\/08\\\/bastien-nvs-SkgPTTk_eXE-unsplash.webp\",\"contentUrl\":\"https:\\\/\\\/kohenavocats.com\\\/wp-content\\\/uploads\\\/2024\\\/08\\\/bastien-nvs-SkgPTTk_eXE-unsplash.webp\",\"width\":6000,\"height\":4000},{\"@type\":\"BreadcrumbList\",\"@id\":\"https:\\\/\\\/kohenavocats.com\\\/ar\\\/tribunal-judiciaire-de-meaux-le-24-septembre-2025-n25-00597\\\/#breadcrumb\",\"itemListElement\":[{\"@type\":\"ListItem\",\"position\":1,\"name\":\"Home\",\"item\":\"https:\\\/\\\/kohenavocats.com\\\/ar\\\/%d9%85%d8%ad%d8%a7%d9%85%d9%88%d9%86-%d9%85%d8%aa%d8%ae%d8%b5%d8%b5%d9%88%d9%86-%d9%81%d9%8a-%d8%a7%d9%84%d9%82%d8%a7%d9%86%d9%88%d9%86-%d8%a7%d9%84%d8%ac%d9%86%d8%a7%d8%a6%d9%8a-%d8%a8%d8%a8%d8%a7\\\/\"},{\"@type\":\"ListItem\",\"position\":2,\"name\":\"Tribunal judiciaire de Meaux, le 24 septembre 2025, n\u00b025\\\/00597\"}]},{\"@type\":\"WebSite\",\"@id\":\"https:\\\/\\\/kohenavocats.com\\\/ar\\\/#website\",\"url\":\"https:\\\/\\\/kohenavocats.com\\\/ar\\\/\",\"name\":\"Kohen Avocats\",\"description\":\"Ma\u00eetre Hassan Kohen, avocat p\u00e9naliste \u00e0 Paris, intervient exclusivement en droit p\u00e9nal pour la d\u00e9fense des particuliers, notamment en mati\u00e8re d\u2019accusations de viol. Il assure un accompagnement rigoureux d\u00e8s la garde \u00e0 vue jusqu\u2019\u00e0 la Cour d\u2019assises, veillant au strict respect des garanties proc\u00e9durales.\",\"publisher\":{\"@id\":\"https:\\\/\\\/kohenavocats.com\\\/ar\\\/#organization\"},\"potentialAction\":[{\"@type\":\"SearchAction\",\"target\":{\"@type\":\"EntryPoint\",\"urlTemplate\":\"https:\\\/\\\/kohenavocats.com\\\/ar\\\/?s={search_term_string}\"},\"query-input\":{\"@type\":\"PropertyValueSpecification\",\"valueRequired\":true,\"valueName\":\"search_term_string\"}}],\"inLanguage\":\"ar\"},{\"@type\":\"Organization\",\"@id\":\"https:\\\/\\\/kohenavocats.com\\\/ar\\\/#organization\",\"name\":\"Kohen Avocats\",\"url\":\"https:\\\/\\\/kohenavocats.com\\\/ar\\\/\",\"logo\":{\"@type\":\"ImageObject\",\"inLanguage\":\"ar\",\"@id\":\"https:\\\/\\\/kohenavocats.com\\\/ar\\\/#\\\/schema\\\/logo\\\/image\\\/\",\"url\":\"https:\\\/\\\/kohenavocats.com\\\/wp-content\\\/uploads\\\/2026\\\/01\\\/Logo-2-1.webp\",\"contentUrl\":\"https:\\\/\\\/kohenavocats.com\\\/wp-content\\\/uploads\\\/2026\\\/01\\\/Logo-2-1.webp\",\"width\":2114,\"height\":1253,\"caption\":\"Kohen Avocats\"},\"image\":{\"@id\":\"https:\\\/\\\/kohenavocats.com\\\/ar\\\/#\\\/schema\\\/logo\\\/image\\\/\"}},{\"@type\":\"Person\",\"@id\":\"https:\\\/\\\/kohenavocats.com\\\/ar\\\/#\\\/schema\\\/person\\\/761c9ba54fa1ca84d405cef0831ff751\",\"name\":\"Kohen\",\"image\":{\"@type\":\"ImageObject\",\"inLanguage\":\"ar\",\"@id\":\"https:\\\/\\\/secure.gravatar.com\\\/avatar\\\/1c5e76ef76bbbfdd2b4da984e2bf2fa4056fd51a27d25ce2c332047f1dfd6e00?s=96&d=identicon&r=g\",\"url\":\"https:\\\/\\\/secure.gravatar.com\\\/avatar\\\/1c5e76ef76bbbfdd2b4da984e2bf2fa4056fd51a27d25ce2c332047f1dfd6e00?s=96&d=identicon&r=g\",\"contentUrl\":\"https:\\\/\\\/secure.gravatar.com\\\/avatar\\\/1c5e76ef76bbbfdd2b4da984e2bf2fa4056fd51a27d25ce2c332047f1dfd6e00?s=96&d=identicon&r=g\",\"caption\":\"Kohen\"},\"sameAs\":[\"https:\\\/\\\/www.linkedin.com\\\/in\\\/hassan-kohen-448548192\\\/\",\"https:\\\/\\\/www.youtube.com\\\/@Kohen-Avocats\"],\"url\":\"https:\\\/\\\/kohenavocats.com\\\/ar\\\/author\\\/kohenmlk\\\/\"}]}<\/script>\n<!-- \/ Yoast SEO Premium plugin. -->","yoast_head_json":{"title":"Tribunal judiciaire de Meaux, le 24 septembre 2025, n\u00b025\/00597 - Ma\u00eetre Hassan Kohen, avocat en droit p\u00e9nal \u00e0 Paris","description":"Le tribunal judiciaire de Meaux, statuant en r\u00e9f\u00e9r\u00e9, a \u00e9t\u00e9 saisi d\u2019une demande d\u2019extension d\u2019une expertise ordonn\u00e9e ant\u00e9rieurement. La juridiction devait d\u00e9t...","robots":{"index":"index","follow":"follow","max-snippet":"max-snippet:-1","max-image-preview":"max-image-preview:large","max-video-preview":"max-video-preview:-1"},"canonical":"https:\/\/kohenavocats.com\/ar\/tribunal-judiciaire-de-meaux-le-24-septembre-2025-n25-00597\/","og_locale":"ar_AR","og_type":"article","og_title":"Tribunal judiciaire de Meaux, le 24 septembre 2025, n\u00b025\/00597","og_description":"Le tribunal judiciaire de Meaux, statuant en r\u00e9f\u00e9r\u00e9, a \u00e9t\u00e9 saisi d\u2019une demande d\u2019extension d\u2019une expertise ordonn\u00e9e ant\u00e9rieurement. La juridiction devait d\u00e9t...","og_url":"https:\/\/kohenavocats.com\/ar\/tribunal-judiciaire-de-meaux-le-24-septembre-2025-n25-00597\/","og_site_name":"Ma\u00eetre Hassan Kohen, avocat en droit p\u00e9nal \u00e0 Paris","article_published_time":"2026-04-23T22:09:43+00:00","og_image":[{"width":6000,"height":4000,"url":"https:\/\/kohenavocats.com\/wp-content\/uploads\/2024\/08\/bastien-nvs-SkgPTTk_eXE-unsplash.webp","type":"image\/webp"}],"author":"Kohen","twitter_card":"summary_large_image","twitter_misc":{"\u0643\u064f\u062a\u0628 \u0628\u0648\u0627\u0633\u0637\u0629":"Kohen","\u0648\u0642\u062a \u0627\u0644\u0642\u0631\u0627\u0621\u0629 \u0627\u0644\u0645\u064f\u0642\u062f\u0651\u0631":"4 \u062f\u0642\u0627\u0626\u0642"},"schema":{"@context":"https:\/\/schema.org","@graph":[{"@type":"Article","@id":"https:\/\/kohenavocats.com\/ar\/tribunal-judiciaire-de-meaux-le-24-septembre-2025-n25-00597\/#article","isPartOf":{"@id":"https:\/\/kohenavocats.com\/ar\/tribunal-judiciaire-de-meaux-le-24-septembre-2025-n25-00597\/"},"author":{"name":"Kohen","@id":"https:\/\/kohenavocats.com\/ar\/#\/schema\/person\/761c9ba54fa1ca84d405cef0831ff751"},"headline":"Tribunal judiciaire de Meaux, le 24 septembre 2025, n\u00b025\/00597","datePublished":"2026-04-23T22:09:43+00:00","mainEntityOfPage":{"@id":"https:\/\/kohenavocats.com\/ar\/tribunal-judiciaire-de-meaux-le-24-septembre-2025-n25-00597\/"},"wordCount":769,"commentCount":0,"publisher":{"@id":"https:\/\/kohenavocats.com\/ar\/#organization"},"image":{"@id":"https:\/\/kohenavocats.com\/ar\/tribunal-judiciaire-de-meaux-le-24-septembre-2025-n25-00597\/#primaryimage"},"thumbnailUrl":"https:\/\/kohenavocats.com\/wp-content\/uploads\/2024\/08\/bastien-nvs-SkgPTTk_eXE-unsplash.webp","articleSection":["Jurisprudence"],"inLanguage":"ar","potentialAction":[{"@type":"CommentAction","name":"Comment","target":["https:\/\/kohenavocats.com\/ar\/tribunal-judiciaire-de-meaux-le-24-septembre-2025-n25-00597\/#respond"]}],"citation":"Tribunal judiciaire de Meaux, le 24 septembre 2025, n\u00b025\/00597","about":[{"@type":"Thing","name":"Jurisprudence"}],"dateModified":"2026-04-23T22:09:43+00:00","speakable":{"@type":"SpeakableSpecification","cssSelector":[".article-content > p:first-of-type"]}},{"@type":"WebPage","@id":"https:\/\/kohenavocats.com\/ar\/tribunal-judiciaire-de-meaux-le-24-septembre-2025-n25-00597\/","url":"https:\/\/kohenavocats.com\/ar\/tribunal-judiciaire-de-meaux-le-24-septembre-2025-n25-00597\/","name":"Tribunal judiciaire de Meaux, le 24 septembre 2025, n\u00b025\/00597 - Ma\u00eetre Hassan Kohen, avocat en droit p\u00e9nal \u00e0 Paris","isPartOf":{"@id":"https:\/\/kohenavocats.com\/ar\/#website"},"primaryImageOfPage":{"@id":"https:\/\/kohenavocats.com\/ar\/tribunal-judiciaire-de-meaux-le-24-septembre-2025-n25-00597\/#primaryimage"},"image":{"@id":"https:\/\/kohenavocats.com\/ar\/tribunal-judiciaire-de-meaux-le-24-septembre-2025-n25-00597\/#primaryimage"},"thumbnailUrl":"https:\/\/kohenavocats.com\/wp-content\/uploads\/2024\/08\/bastien-nvs-SkgPTTk_eXE-unsplash.webp","datePublished":"2026-04-23T22:09:43+00:00","description":"Le tribunal judiciaire de Meaux, statuant en r\u00e9f\u00e9r\u00e9, a \u00e9t\u00e9 saisi d\u2019une demande d\u2019extension d\u2019une expertise ordonn\u00e9e ant\u00e9rieurement. La juridiction devait d\u00e9t...","breadcrumb":{"@id":"https:\/\/kohenavocats.com\/ar\/tribunal-judiciaire-de-meaux-le-24-septembre-2025-n25-00597\/#breadcrumb"},"inLanguage":"ar","potentialAction":[{"@type":"ReadAction","target":["https:\/\/kohenavocats.com\/ar\/tribunal-judiciaire-de-meaux-le-24-septembre-2025-n25-00597\/"]}]},{"@type":"ImageObject","inLanguage":"ar","@id":"https:\/\/kohenavocats.com\/ar\/tribunal-judiciaire-de-meaux-le-24-septembre-2025-n25-00597\/#primaryimage","url":"https:\/\/kohenavocats.com\/wp-content\/uploads\/2024\/08\/bastien-nvs-SkgPTTk_eXE-unsplash.webp","contentUrl":"https:\/\/kohenavocats.com\/wp-content\/uploads\/2024\/08\/bastien-nvs-SkgPTTk_eXE-unsplash.webp","width":6000,"height":4000},{"@type":"BreadcrumbList","@id":"https:\/\/kohenavocats.com\/ar\/tribunal-judiciaire-de-meaux-le-24-septembre-2025-n25-00597\/#breadcrumb","itemListElement":[{"@type":"ListItem","position":1,"name":"Home","item":"https:\/\/kohenavocats.com\/ar\/%d9%85%d8%ad%d8%a7%d9%85%d9%88%d9%86-%d9%85%d8%aa%d8%ae%d8%b5%d8%b5%d9%88%d9%86-%d9%81%d9%8a-%d8%a7%d9%84%d9%82%d8%a7%d9%86%d9%88%d9%86-%d8%a7%d9%84%d8%ac%d9%86%d8%a7%d8%a6%d9%8a-%d8%a8%d8%a8%d8%a7\/"},{"@type":"ListItem","position":2,"name":"Tribunal judiciaire de Meaux, le 24 septembre 2025, n\u00b025\/00597"}]},{"@type":"WebSite","@id":"https:\/\/kohenavocats.com\/ar\/#website","url":"https:\/\/kohenavocats.com\/ar\/","name":"Kohen Avocats","description":"Ma\u00eetre Hassan Kohen, avocat p\u00e9naliste \u00e0 Paris, intervient exclusivement en droit p\u00e9nal pour la d\u00e9fense des particuliers, notamment en mati\u00e8re d\u2019accusations de viol. Il assure un accompagnement rigoureux d\u00e8s la garde \u00e0 vue jusqu\u2019\u00e0 la Cour d\u2019assises, veillant au strict respect des garanties proc\u00e9durales.","publisher":{"@id":"https:\/\/kohenavocats.com\/ar\/#organization"},"potentialAction":[{"@type":"SearchAction","target":{"@type":"EntryPoint","urlTemplate":"https:\/\/kohenavocats.com\/ar\/?s={search_term_string}"},"query-input":{"@type":"PropertyValueSpecification","valueRequired":true,"valueName":"search_term_string"}}],"inLanguage":"ar"},{"@type":"Organization","@id":"https:\/\/kohenavocats.com\/ar\/#organization","name":"Kohen Avocats","url":"https:\/\/kohenavocats.com\/ar\/","logo":{"@type":"ImageObject","inLanguage":"ar","@id":"https:\/\/kohenavocats.com\/ar\/#\/schema\/logo\/image\/","url":"https:\/\/kohenavocats.com\/wp-content\/uploads\/2026\/01\/Logo-2-1.webp","contentUrl":"https:\/\/kohenavocats.com\/wp-content\/uploads\/2026\/01\/Logo-2-1.webp","width":2114,"height":1253,"caption":"Kohen Avocats"},"image":{"@id":"https:\/\/kohenavocats.com\/ar\/#\/schema\/logo\/image\/"}},{"@type":"Person","@id":"https:\/\/kohenavocats.com\/ar\/#\/schema\/person\/761c9ba54fa1ca84d405cef0831ff751","name":"Kohen","image":{"@type":"ImageObject","inLanguage":"ar","@id":"https:\/\/secure.gravatar.com\/avatar\/1c5e76ef76bbbfdd2b4da984e2bf2fa4056fd51a27d25ce2c332047f1dfd6e00?s=96&d=identicon&r=g","url":"https:\/\/secure.gravatar.com\/avatar\/1c5e76ef76bbbfdd2b4da984e2bf2fa4056fd51a27d25ce2c332047f1dfd6e00?s=96&d=identicon&r=g","contentUrl":"https:\/\/secure.gravatar.com\/avatar\/1c5e76ef76bbbfdd2b4da984e2bf2fa4056fd51a27d25ce2c332047f1dfd6e00?s=96&d=identicon&r=g","caption":"Kohen"},"sameAs":["https:\/\/www.linkedin.com\/in\/hassan-kohen-448548192\/","https:\/\/www.youtube.com\/@Kohen-Avocats"],"url":"https:\/\/kohenavocats.com\/ar\/author\/kohenmlk\/"}]}},"jetpack_featured_media_url":"https:\/\/kohenavocats.com\/wp-content\/uploads\/2024\/08\/bastien-nvs-SkgPTTk_eXE-unsplash.webp","jetpack_likes_enabled":false,"jetpack_shortlink":"https:\/\/wp.me\/peCrII-2Nae","jetpack-related-posts":[{"id":609656,"url":"https:\/\/kohenavocats.com\/ar\/tribunal-judiciaire-de-meaux-le-9-avril-2025-n25-00739\/","url_meta":{"origin":665646,"position":0},"title":"Tribunal judiciaire de Meaux, le 9 avril 2025, n\u00b025\/00739","author":"Kohen","date":"19 \u0623\u0628\u0631\u064a\u0644\u060c 2026","format":false,"excerpt":"La juridiction des r\u00e9f\u00e9r\u00e9s du tribunal judiciaire de Meaux, statuant le 9 avril 2025, a \u00e9t\u00e9 saisie d'une demande d'extension d'une expertise ordonn\u00e9e en r\u00e9f\u00e9...","rel":"","context":"\u0641\u064a &quot;Jurisprudence&quot;","block_context":{"text":"Jurisprudence","link":"https:\/\/kohenavocats.com\/category\/jurisprudence\/"},"img":{"alt_text":"","src":"https:\/\/i0.wp.com\/kohenavocats.com\/wp-content\/uploads\/2024\/11\/getty-images-AofcIDFaraI-unsplash.webp?resize=350%2C200&ssl=1","width":350,"height":200,"srcset":"https:\/\/i0.wp.com\/kohenavocats.com\/wp-content\/uploads\/2024\/11\/getty-images-AofcIDFaraI-unsplash.webp?resize=350%2C200&ssl=1 1x, https:\/\/i0.wp.com\/kohenavocats.com\/wp-content\/uploads\/2024\/11\/getty-images-AofcIDFaraI-unsplash.webp?resize=525%2C300&ssl=1 1.5x, https:\/\/i0.wp.com\/kohenavocats.com\/wp-content\/uploads\/2024\/11\/getty-images-AofcIDFaraI-unsplash.webp?resize=700%2C400&ssl=1 2x, https:\/\/i0.wp.com\/kohenavocats.com\/wp-content\/uploads\/2024\/11\/getty-images-AofcIDFaraI-unsplash.webp?resize=1050%2C600&ssl=1 3x, https:\/\/i0.wp.com\/kohenavocats.com\/wp-content\/uploads\/2024\/11\/getty-images-AofcIDFaraI-unsplash.webp?resize=1400%2C800&ssl=1 4x"},"classes":[]},{"id":665645,"url":"https:\/\/kohenavocats.com\/ar\/tribunal-judiciaire-de-meaux-le-30-avril-2025-n25-00663\/","url_meta":{"origin":665646,"position":1},"title":"Tribunal judiciaire de Meaux, le 30 avril 2025, n\u00b025\/00663","author":"Kohen","date":"24 \u0623\u0628\u0631\u064a\u0644\u060c 2026","format":false,"excerpt":"Le tribunal judiciaire de Meaux, statuant en r\u00e9f\u00e9r\u00e9 le 30 avril 2025, se prononce sur une demande d'extension d'une expertise. Une soci\u00e9t\u00e9 promotrice souhait...","rel":"","context":"\u0641\u064a &quot;Jurisprudence&quot;","block_context":{"text":"Jurisprudence","link":"https:\/\/kohenavocats.com\/category\/jurisprudence\/"},"img":{"alt_text":"","src":"https:\/\/i0.wp.com\/kohenavocats.com\/wp-content\/uploads\/2024\/08\/anthony-mcgee-iOZOydyIw3M-unsplash.webp?resize=350%2C200&ssl=1","width":350,"height":200,"srcset":"https:\/\/i0.wp.com\/kohenavocats.com\/wp-content\/uploads\/2024\/08\/anthony-mcgee-iOZOydyIw3M-unsplash.webp?resize=350%2C200&ssl=1 1x, https:\/\/i0.wp.com\/kohenavocats.com\/wp-content\/uploads\/2024\/08\/anthony-mcgee-iOZOydyIw3M-unsplash.webp?resize=525%2C300&ssl=1 1.5x, https:\/\/i0.wp.com\/kohenavocats.com\/wp-content\/uploads\/2024\/08\/anthony-mcgee-iOZOydyIw3M-unsplash.webp?resize=700%2C400&ssl=1 2x, https:\/\/i0.wp.com\/kohenavocats.com\/wp-content\/uploads\/2024\/08\/anthony-mcgee-iOZOydyIw3M-unsplash.webp?resize=1050%2C600&ssl=1 3x, https:\/\/i0.wp.com\/kohenavocats.com\/wp-content\/uploads\/2024\/08\/anthony-mcgee-iOZOydyIw3M-unsplash.webp?resize=1400%2C800&ssl=1 4x"},"classes":[]},{"id":665518,"url":"https:\/\/kohenavocats.com\/ar\/tribunal-judiciaire-de-meaux-le-5-mars-2025-n25-00603\/","url_meta":{"origin":665646,"position":2},"title":"Tribunal judiciaire de Meaux, le 5 mars 2025, n\u00b025\/00603","author":"Kohen","date":"23 \u0623\u0628\u0631\u064a\u0644\u060c 2026","format":false,"excerpt":"Le tribunal judiciaire de Meaux, statuant en r\u00e9f\u00e9r\u00e9, a rendu une ordonnance le 5 mars 2025 ordonnant une expertise. Une partie a ensuite sollicit\u00e9 l'extensio...","rel":"","context":"\u0641\u064a &quot;Jurisprudence&quot;","block_context":{"text":"Jurisprudence","link":"https:\/\/kohenavocats.com\/category\/jurisprudence\/"},"img":{"alt_text":"","src":"https:\/\/i0.wp.com\/kohenavocats.com\/wp-content\/uploads\/2024\/08\/matthias-iordache-jocHp74qyCw-unsplash.webp?resize=350%2C200&ssl=1","width":350,"height":200,"srcset":"https:\/\/i0.wp.com\/kohenavocats.com\/wp-content\/uploads\/2024\/08\/matthias-iordache-jocHp74qyCw-unsplash.webp?resize=350%2C200&ssl=1 1x, https:\/\/i0.wp.com\/kohenavocats.com\/wp-content\/uploads\/2024\/08\/matthias-iordache-jocHp74qyCw-unsplash.webp?resize=525%2C300&ssl=1 1.5x, https:\/\/i0.wp.com\/kohenavocats.com\/wp-content\/uploads\/2024\/08\/matthias-iordache-jocHp74qyCw-unsplash.webp?resize=700%2C400&ssl=1 2x, https:\/\/i0.wp.com\/kohenavocats.com\/wp-content\/uploads\/2024\/08\/matthias-iordache-jocHp74qyCw-unsplash.webp?resize=1050%2C600&ssl=1 3x, https:\/\/i0.wp.com\/kohenavocats.com\/wp-content\/uploads\/2024\/08\/matthias-iordache-jocHp74qyCw-unsplash.webp?resize=1400%2C800&ssl=1 4x"},"classes":[]},{"id":497688,"url":"https:\/\/kohenavocats.com\/ar\/tribunal-judiciaire-de-meaux-le-23-decembre-2024-n25-00681\/","url_meta":{"origin":665646,"position":3},"title":"Tribunal judiciaire de Meaux, le 23 d\u00e9cembre 2024, n\u00b025\/00681","author":"Kohen","date":"8 \u0623\u0628\u0631\u064a\u0644\u060c 2026","format":false,"excerpt":"Le tribunal judiciaire de Meaux, statuant en r\u00e9f\u00e9r\u00e9, rend le 23 d\u00e9cembre 2024 une ordonnance suite \u00e0 une demande d'extension d'une mesure d'expertise. Une so...","rel":"","context":"\u0641\u064a &quot;Jurisprudence&quot;","block_context":{"text":"Jurisprudence","link":"https:\/\/kohenavocats.com\/category\/jurisprudence\/"},"img":{"alt_text":"","src":"https:\/\/i0.wp.com\/kohenavocats.com\/wp-content\/uploads\/2024\/08\/vinh-PzXQ-ycHboI-unsplash.webp?resize=350%2C200&ssl=1","width":350,"height":200,"srcset":"https:\/\/i0.wp.com\/kohenavocats.com\/wp-content\/uploads\/2024\/08\/vinh-PzXQ-ycHboI-unsplash.webp?resize=350%2C200&ssl=1 1x, https:\/\/i0.wp.com\/kohenavocats.com\/wp-content\/uploads\/2024\/08\/vinh-PzXQ-ycHboI-unsplash.webp?resize=525%2C300&ssl=1 1.5x, https:\/\/i0.wp.com\/kohenavocats.com\/wp-content\/uploads\/2024\/08\/vinh-PzXQ-ycHboI-unsplash.webp?resize=700%2C400&ssl=1 2x, https:\/\/i0.wp.com\/kohenavocats.com\/wp-content\/uploads\/2024\/08\/vinh-PzXQ-ycHboI-unsplash.webp?resize=1050%2C600&ssl=1 3x, https:\/\/i0.wp.com\/kohenavocats.com\/wp-content\/uploads\/2024\/08\/vinh-PzXQ-ycHboI-unsplash.webp?resize=1400%2C800&ssl=1 4x"},"classes":[]},{"id":635877,"url":"https:\/\/kohenavocats.com\/ar\/tribunal-judiciaire-de-toulouse-le-13-juin-2025-n25-01375\/","url_meta":{"origin":665646,"position":4},"title":"Tribunal judiciaire de Toulouse, le 13 juin 2025, n\u00b025\/01375","author":"Kohen","date":"21 \u0623\u0628\u0631\u064a\u0644\u060c 2026","format":false,"excerpt":"Le tribunal judiciaire, statuant en r\u00e9f\u00e9r\u00e9, a rendu une ordonnance le 13 juin 2025. Une expertise avait \u00e9t\u00e9 ordonn\u00e9e dans une instance d\u00e9sormais \u00e9teinte. Le ...","rel":"","context":"\u0641\u064a &quot;Jurisprudence&quot;","block_context":{"text":"Jurisprudence","link":"https:\/\/kohenavocats.com\/category\/jurisprudence\/"},"img":{"alt_text":"","src":"https:\/\/i0.wp.com\/kohenavocats.com\/wp-content\/uploads\/2024\/08\/is-chessyca-ms276CveJPY-unsplash.webp?resize=350%2C200&ssl=1","width":350,"height":200,"srcset":"https:\/\/i0.wp.com\/kohenavocats.com\/wp-content\/uploads\/2024\/08\/is-chessyca-ms276CveJPY-unsplash.webp?resize=350%2C200&ssl=1 1x, https:\/\/i0.wp.com\/kohenavocats.com\/wp-content\/uploads\/2024\/08\/is-chessyca-ms276CveJPY-unsplash.webp?resize=525%2C300&ssl=1 1.5x, https:\/\/i0.wp.com\/kohenavocats.com\/wp-content\/uploads\/2024\/08\/is-chessyca-ms276CveJPY-unsplash.webp?resize=700%2C400&ssl=1 2x, https:\/\/i0.wp.com\/kohenavocats.com\/wp-content\/uploads\/2024\/08\/is-chessyca-ms276CveJPY-unsplash.webp?resize=1050%2C600&ssl=1 3x, https:\/\/i0.wp.com\/kohenavocats.com\/wp-content\/uploads\/2024\/08\/is-chessyca-ms276CveJPY-unsplash.webp?resize=1400%2C800&ssl=1 4x"},"classes":[]},{"id":609663,"url":"https:\/\/kohenavocats.com\/ar\/tribunal-judiciaire-de-meaux-le-12-mars-2025-n25-00794\/","url_meta":{"origin":665646,"position":5},"title":"Tribunal judiciaire de Meaux, le 12 mars 2025, n\u00b025\/00794","author":"Kohen","date":"19 \u0623\u0628\u0631\u064a\u0644\u060c 2026","format":false,"excerpt":"Le tribunal judiciaire de Meaux, statuant en r\u00e9f\u00e9r\u00e9 le 12 mars 2025, a \u00e9t\u00e9 saisi d\u2019une demande d\u2019extension d\u2019une expertise ordonn\u00e9e ant\u00e9rieurement. La juridi...","rel":"","context":"\u0641\u064a &quot;Jurisprudence&quot;","block_context":{"text":"Jurisprudence","link":"https:\/\/kohenavocats.com\/category\/jurisprudence\/"},"img":{"alt_text":"","src":"https:\/\/i0.wp.com\/kohenavocats.com\/wp-content\/uploads\/2024\/11\/zyanya-citlalli-UacA8X7HWwg-unsplash.webp?resize=350%2C200&ssl=1","width":350,"height":200,"srcset":"https:\/\/i0.wp.com\/kohenavocats.com\/wp-content\/uploads\/2024\/11\/zyanya-citlalli-UacA8X7HWwg-unsplash.webp?resize=350%2C200&ssl=1 1x, https:\/\/i0.wp.com\/kohenavocats.com\/wp-content\/uploads\/2024\/11\/zyanya-citlalli-UacA8X7HWwg-unsplash.webp?resize=525%2C300&ssl=1 1.5x, https:\/\/i0.wp.com\/kohenavocats.com\/wp-content\/uploads\/2024\/11\/zyanya-citlalli-UacA8X7HWwg-unsplash.webp?resize=700%2C400&ssl=1 2x, https:\/\/i0.wp.com\/kohenavocats.com\/wp-content\/uploads\/2024\/11\/zyanya-citlalli-UacA8X7HWwg-unsplash.webp?resize=1050%2C600&ssl=1 3x, https:\/\/i0.wp.com\/kohenavocats.com\/wp-content\/uploads\/2024\/11\/zyanya-citlalli-UacA8X7HWwg-unsplash.webp?resize=1400%2C800&ssl=1 4x"},"classes":[]}],"jetpack_sharing_enabled":true,"_links":{"self":[{"href":"https:\/\/kohenavocats.com\/ar\/wp-json\/wp\/v2\/posts\/665646","targetHints":{"allow":["GET"]}}],"collection":[{"href":"https:\/\/kohenavocats.com\/ar\/wp-json\/wp\/v2\/posts"}],"about":[{"href":"https:\/\/kohenavocats.com\/ar\/wp-json\/wp\/v2\/types\/post"}],"author":[{"embeddable":true,"href":"https:\/\/kohenavocats.com\/ar\/wp-json\/wp\/v2\/users\/232070755"}],"replies":[{"embeddable":true,"href":"https:\/\/kohenavocats.com\/ar\/wp-json\/wp\/v2\/comments?post=665646"}],"version-history":[{"count":0,"href":"https:\/\/kohenavocats.com\/ar\/wp-json\/wp\/v2\/posts\/665646\/revisions"}],"wp:featuredmedia":[{"embeddable":true,"href":"https:\/\/kohenavocats.com\/ar\/wp-json\/wp\/v2\/media\/4703"}],"wp:attachment":[{"href":"https:\/\/kohenavocats.com\/ar\/wp-json\/wp\/v2\/media?parent=665646"}],"wp:term":[{"taxonomy":"category","embeddable":true,"href":"https:\/\/kohenavocats.com\/ar\/wp-json\/wp\/v2\/categories?post=665646"},{"taxonomy":"post_tag","embeddable":true,"href":"https:\/\/kohenavocats.com\/ar\/wp-json\/wp\/v2\/tags?post=665646"}],"curies":[{"name":"wp","href":"https:\/\/api.w.org\/{rel}","templated":true}]}}