{"id":665647,"date":"2026-04-24T00:09:48","date_gmt":"2026-04-23T22:09:48","guid":{"rendered":"https:\/\/kohenavocats.com\/tribunal-judiciaire-de-dax-le-24-septembre-2025-n24-00001\/"},"modified":"2026-04-26T20:23:28","modified_gmt":"2026-04-26T18:23:28","slug":"tribunal-judiciaire-de-dax-le-24-septembre-2025-n24-00001","status":"publish","type":"post","link":"https:\/\/kohenavocats.com\/ar\/tribunal-judiciaire-de-dax-le-24-septembre-2025-n24-00001\/","title":{"rendered":"Tribunal judiciaire de Dax, le 24 septembre 2025, n\u00b024\/00001"},"content":{"rendered":"<div class=\"article-content\">\n<p>Le Tribunal judiciaire de Dax, le 24 septembre 2025, statue sur un litige n\u00e9 d\u2019une vente en l\u2019\u00e9tat futur d\u2019ach\u00e8vement. L\u2019acqu\u00e9reur assigne le vendeur pour retard de livraison et r\u00e9clame divers dommages-int\u00e9r\u00eats. Le tribunal, apr\u00e8s analyse des conventions, rejette l\u2019int\u00e9gralit\u00e9 des demandes indemnitaires et condamne l\u2019acqu\u00e9reur aux d\u00e9pens.<\/p>\n<p>La qualification du retard et l\u2019effet des avenants<\/p>\n<p>Le juge examine d\u2019abord l\u2019existence d\u2019un retard imputable au vendeur. Il constate que le d\u00e9lai contractuel initial \u00e9tait fix\u00e9 au 30 septembre 2023. Toutefois, la signature de deux avenants par l\u2019acqu\u00e9reur a modifi\u00e9 ce calendrier. Le premier devis modificatif, sign\u00e9 le 4 f\u00e9vrier 2023, pr\u00e9voyait une incidence sur le d\u00e9lai global de livraison. &#8220;Ce devis mentionnait une &#8216;Incidence d\u00e9lai global de livraison de 15 jours'&#8221; (Motifs). Le second avenant, du 15 mai 2023, entra\u00eenait un report suppl\u00e9mentaire de quinze jours. La date limite de livraison fut ainsi report\u00e9e au 30 octobre 2023. Le tribunal estime donc que le vendeur a respect\u00e9 ce nouveau d\u00e9lai. La prise de possession intervenue le 18 octobre 2023, avec des r\u00e9serves mineures, d\u00e9montre une ex\u00e9cution dans les temps. La port\u00e9e de cette analyse est significative. Elle rappelle la force obligatoire des avenants contractuels qui modifient substantiellement les engagements initiaux. Les parties ne peuvent ensuite ignorer les cons\u00e9quences de leurs propres actes. La valeur de la d\u00e9cision r\u00e9side dans l\u2019application stricte de la convention, sans recherche d\u2019un d\u00e9s\u00e9quilibre.<\/p>\n<p>L\u2019appr\u00e9ciation des d\u00e9sordres et le rejet de la responsabilit\u00e9<\/p>\n<p>Le tribunal \u00e9carte ensuite l\u2019argumentation fond\u00e9e sur l\u2019\u00e9tat d\u2019inach\u00e8vement du local. L\u2019acqu\u00e9reur produisait un constat d\u2019huissier d\u00e9taillant de nombreux d\u00e9sordres apparents au 6 d\u00e9cembre 2023. Le juge neutralise cette preuve par une analyse contextuelle. Il souligne que les devis modificatifs avaient substantiellement alt\u00e9r\u00e9 la nature des prestations dues. Les suppressions consenties par l\u2019acqu\u00e9reur rendaient inop\u00e9rante la comparaison avec l\u2019\u00e9tat initialement pr\u00e9vu. &#8220;Il ressort de l\u2019ensemble de ces \u00e9l\u00e9ments que, contrairement aux assertions de la <a href=\"https:\/\/kohenavocats.fr\/elementor-60\/avocats-droit-immobilier-paris\/avocat-sci-paris\/\" target=\"_blank\" title=\"SCI\">SCI<\/a> NEREA, le local a \u00e9t\u00e9 livr\u00e9 le 18 octobre 2023, avec des r\u00e9serves mineures lev\u00e9es rapidement, sans inach\u00e8vement et sans d\u00e9sordre au regard du proc\u00e8s-verbal de constat&#8221; (Motifs). Le grief de d\u00e9loyaut\u00e9 est \u00e9galement rejet\u00e9, le retard au printemps 2023 trouvant sa cause dans des modifications demand\u00e9es. Le sens de cette analyse est clair : la preuve d\u2019un manquement doit \u00eatre rapport\u00e9e en consid\u00e9ration des obligations r\u00e9ellement souscrites. La port\u00e9e est pratique, elle invite \u00e0 une grande pr\u00e9cision dans la r\u00e9daction des avenants. La valeur confirme une jurisprudence constante sur la charge de la preuve en mati\u00e8re contractuelle. &#8220;Selon l\u2019article 1231-1 du code civil \u00ab le d\u00e9biteur est condamn\u00e9, s&#8217;il y a lieu, au paiement de dommages et int\u00e9r\u00eats soit \u00e0 raison de l&#8217;inex\u00e9cution de l&#8217;obligation, soit \u00e0 raison du retard dans l&#8217;ex\u00e9cution, s&#8217;il ne justifie pas que l&#8217;ex\u00e9cution a \u00e9t\u00e9 emp\u00each\u00e9e par la force majeure \u00bb&#8221; (Tribunal judiciaire de Nanterre, le 20 mars 2025, n\u00b022\/01831). Ici, le vendeur a justifi\u00e9 que l\u2019ex\u00e9cution fut conforme aux d\u00e9lais recalcul\u00e9s.<\/p>\n<\/div>\n","protected":false},"excerpt":{"rendered":"<p>Le Tribunal judiciaire de Dax, le 24 septembre 2025, statue sur un litige n\u00e9 d\u2019une vente en l\u2019\u00e9tat futur d\u2019ach\u00e8vement. L\u2019acqu\u00e9reur assigne le vendeur pour re&#8230;<\/p>\n","protected":false},"author":232070755,"featured_media":9443,"comment_status":"open","ping_status":"open","sticky":false,"template":"","format":"standard","meta":{"_crdt_document":"","_jetpack_newsletter_access":"","_jetpack_dont_email_post_to_subs":false,"_jetpack_newsletter_tier_id":0,"_jetpack_memberships_contains_paywalled_content":false,"_kj_source_type":"judilibre","_kj_official_id":"68d6d89fd22713eb88c76e0d","_kj_official_url":"https:\/\/www.courdecassation.fr\/decision\/68d6d89fd22713eb88c76e0d","_kj_judilibre_id":"68d6d89fd22713eb88c76e0d","_kj_jur":"Tribunal judiciaire","_kj_lieu":"Tribunal judiciaire de Dax","_kj_chambre":"1\u00e8re CHAMBRE","_kj_rg":"24\/00001","_kj_date":"2025-09-24","_jetpack_memberships_contains_paid_content":false,"footnotes":"","jetpack_post_was_ever_published":false},"categories":[7597],"tags":[],"class_list":["post-665647","post","type-post","status-publish","format-standard","has-post-thumbnail","hentry","category-jurisprudence"],"yoast_head":"<!-- This site is optimized with the Yoast SEO Premium plugin v27.5 (Yoast SEO v27.5) - https:\/\/yoast.com\/product\/yoast-seo-premium-wordpress\/ -->\n<title>Tribunal judiciaire de Dax, le 24 septembre 2025, n\u00b024\/00001 - Ma\u00eetre Hassan Kohen, avocat en droit p\u00e9nal \u00e0 Paris<\/title>\n<meta name=\"description\" content=\"Le Tribunal judiciaire de Dax, le 24 septembre 2025, statue sur un litige n\u00e9 d\u2019une vente en l\u2019\u00e9tat futur d\u2019ach\u00e8vement. L\u2019acqu\u00e9reur assigne le vendeur pour re...\" \/>\n<meta name=\"robots\" content=\"index, follow, max-snippet:-1, max-image-preview:large, max-video-preview:-1\" \/>\n<link rel=\"canonical\" href=\"https:\/\/kohenavocats.com\/ar\/tribunal-judiciaire-de-dax-le-24-septembre-2025-n24-00001\/\" \/>\n<meta property=\"og:locale\" content=\"ar_AR\" \/>\n<meta property=\"og:type\" content=\"article\" \/>\n<meta property=\"og:title\" content=\"Tribunal judiciaire de Dax, le 24 septembre 2025, n\u00b024\/00001\" \/>\n<meta property=\"og:description\" content=\"Le Tribunal judiciaire de Dax, le 24 septembre 2025, statue sur un litige n\u00e9 d\u2019une vente en l\u2019\u00e9tat futur d\u2019ach\u00e8vement. L\u2019acqu\u00e9reur assigne le vendeur pour re...\" \/>\n<meta property=\"og:url\" content=\"https:\/\/kohenavocats.com\/ar\/tribunal-judiciaire-de-dax-le-24-septembre-2025-n24-00001\/\" \/>\n<meta property=\"og:site_name\" content=\"Ma\u00eetre Hassan Kohen, avocat en droit p\u00e9nal \u00e0 Paris\" \/>\n<meta property=\"article:published_time\" content=\"2026-04-23T22:09:48+00:00\" \/>\n<meta property=\"article:modified_time\" content=\"2026-04-26T18:23:28+00:00\" \/>\n<meta property=\"og:image\" content=\"https:\/\/kohenavocats.com\/wp-content\/uploads\/2024\/11\/mohamed-nohassi-hj1WiuQsWzY-unsplash.webp\" \/>\n\t<meta property=\"og:image:width\" content=\"6528\" \/>\n\t<meta property=\"og:image:height\" content=\"3780\" \/>\n\t<meta property=\"og:image:type\" content=\"image\/webp\" \/>\n<meta name=\"author\" content=\"Kohen\" \/>\n<meta name=\"twitter:card\" content=\"summary_large_image\" \/>\n<meta name=\"twitter:label1\" content=\"\u0643\u064f\u062a\u0628 \u0628\u0648\u0627\u0633\u0637\u0629\" \/>\n\t<meta name=\"twitter:data1\" content=\"Kohen\" \/>\n\t<meta name=\"twitter:label2\" content=\"\u0648\u0642\u062a \u0627\u0644\u0642\u0631\u0627\u0621\u0629 \u0627\u0644\u0645\u064f\u0642\u062f\u0651\u0631\" \/>\n\t<meta name=\"twitter:data2\" content=\"3 \u062f\u0642\u0627\u0626\u0642\" \/>\n<script type=\"application\/ld+json\" class=\"yoast-schema-graph\">{\"@context\":\"https:\\\/\\\/schema.org\",\"@graph\":[{\"@type\":\"Article\",\"@id\":\"https:\\\/\\\/kohenavocats.com\\\/ar\\\/tribunal-judiciaire-de-dax-le-24-septembre-2025-n24-00001\\\/#article\",\"isPartOf\":{\"@id\":\"https:\\\/\\\/kohenavocats.com\\\/ar\\\/tribunal-judiciaire-de-dax-le-24-septembre-2025-n24-00001\\\/\"},\"author\":{\"name\":\"Kohen\",\"@id\":\"https:\\\/\\\/kohenavocats.com\\\/ar\\\/#\\\/schema\\\/person\\\/761c9ba54fa1ca84d405cef0831ff751\"},\"headline\":\"Tribunal judiciaire de Dax, le 24 septembre 2025, n\u00b024\\\/00001\",\"datePublished\":\"2026-04-23T22:09:48+00:00\",\"dateModified\":\"2026-04-26T18:23:28+00:00\",\"mainEntityOfPage\":{\"@id\":\"https:\\\/\\\/kohenavocats.com\\\/ar\\\/tribunal-judiciaire-de-dax-le-24-septembre-2025-n24-00001\\\/\"},\"wordCount\":558,\"commentCount\":0,\"publisher\":{\"@id\":\"https:\\\/\\\/kohenavocats.com\\\/ar\\\/#organization\"},\"image\":{\"@id\":\"https:\\\/\\\/kohenavocats.com\\\/ar\\\/tribunal-judiciaire-de-dax-le-24-septembre-2025-n24-00001\\\/#primaryimage\"},\"thumbnailUrl\":\"https:\\\/\\\/kohenavocats.com\\\/wp-content\\\/uploads\\\/2024\\\/11\\\/mohamed-nohassi-hj1WiuQsWzY-unsplash.webp\",\"articleSection\":[\"Jurisprudence\"],\"inLanguage\":\"ar\",\"potentialAction\":[{\"@type\":\"CommentAction\",\"name\":\"Comment\",\"target\":[\"https:\\\/\\\/kohenavocats.com\\\/ar\\\/tribunal-judiciaire-de-dax-le-24-septembre-2025-n24-00001\\\/#respond\"]}],\"citation\":\"Tribunal judiciaire de Dax, le 24 septembre 2025, n\u00b024\\\/00001\",\"about\":[{\"@type\":\"Thing\",\"name\":\"Jurisprudence\"}],\"speakable\":{\"@type\":\"SpeakableSpecification\",\"cssSelector\":[\".article-content > p:first-of-type\"]}},{\"@type\":\"WebPage\",\"@id\":\"https:\\\/\\\/kohenavocats.com\\\/ar\\\/tribunal-judiciaire-de-dax-le-24-septembre-2025-n24-00001\\\/\",\"url\":\"https:\\\/\\\/kohenavocats.com\\\/ar\\\/tribunal-judiciaire-de-dax-le-24-septembre-2025-n24-00001\\\/\",\"name\":\"Tribunal judiciaire de Dax, le 24 septembre 2025, n\u00b024\\\/00001 - Ma\u00eetre Hassan Kohen, avocat en droit p\u00e9nal \u00e0 Paris\",\"isPartOf\":{\"@id\":\"https:\\\/\\\/kohenavocats.com\\\/ar\\\/#website\"},\"primaryImageOfPage\":{\"@id\":\"https:\\\/\\\/kohenavocats.com\\\/ar\\\/tribunal-judiciaire-de-dax-le-24-septembre-2025-n24-00001\\\/#primaryimage\"},\"image\":{\"@id\":\"https:\\\/\\\/kohenavocats.com\\\/ar\\\/tribunal-judiciaire-de-dax-le-24-septembre-2025-n24-00001\\\/#primaryimage\"},\"thumbnailUrl\":\"https:\\\/\\\/kohenavocats.com\\\/wp-content\\\/uploads\\\/2024\\\/11\\\/mohamed-nohassi-hj1WiuQsWzY-unsplash.webp\",\"datePublished\":\"2026-04-23T22:09:48+00:00\",\"dateModified\":\"2026-04-26T18:23:28+00:00\",\"description\":\"Le Tribunal judiciaire de Dax, le 24 septembre 2025, statue sur un litige n\u00e9 d\u2019une vente en l\u2019\u00e9tat futur d\u2019ach\u00e8vement. L\u2019acqu\u00e9reur assigne le vendeur pour re...\",\"breadcrumb\":{\"@id\":\"https:\\\/\\\/kohenavocats.com\\\/ar\\\/tribunal-judiciaire-de-dax-le-24-septembre-2025-n24-00001\\\/#breadcrumb\"},\"inLanguage\":\"ar\",\"potentialAction\":[{\"@type\":\"ReadAction\",\"target\":[\"https:\\\/\\\/kohenavocats.com\\\/ar\\\/tribunal-judiciaire-de-dax-le-24-septembre-2025-n24-00001\\\/\"]}]},{\"@type\":\"ImageObject\",\"inLanguage\":\"ar\",\"@id\":\"https:\\\/\\\/kohenavocats.com\\\/ar\\\/tribunal-judiciaire-de-dax-le-24-septembre-2025-n24-00001\\\/#primaryimage\",\"url\":\"https:\\\/\\\/kohenavocats.com\\\/wp-content\\\/uploads\\\/2024\\\/11\\\/mohamed-nohassi-hj1WiuQsWzY-unsplash.webp\",\"contentUrl\":\"https:\\\/\\\/kohenavocats.com\\\/wp-content\\\/uploads\\\/2024\\\/11\\\/mohamed-nohassi-hj1WiuQsWzY-unsplash.webp\",\"width\":6528,\"height\":3780},{\"@type\":\"BreadcrumbList\",\"@id\":\"https:\\\/\\\/kohenavocats.com\\\/ar\\\/tribunal-judiciaire-de-dax-le-24-septembre-2025-n24-00001\\\/#breadcrumb\",\"itemListElement\":[{\"@type\":\"ListItem\",\"position\":1,\"name\":\"Home\",\"item\":\"https:\\\/\\\/kohenavocats.com\\\/ar\\\/%d9%85%d8%ad%d8%a7%d9%85%d9%88%d9%86-%d9%85%d8%aa%d8%ae%d8%b5%d8%b5%d9%88%d9%86-%d9%81%d9%8a-%d8%a7%d9%84%d9%82%d8%a7%d9%86%d9%88%d9%86-%d8%a7%d9%84%d8%ac%d9%86%d8%a7%d8%a6%d9%8a-%d8%a8%d8%a8%d8%a7\\\/\"},{\"@type\":\"ListItem\",\"position\":2,\"name\":\"Tribunal judiciaire de Dax, le 24 septembre 2025, n\u00b024\\\/00001\"}]},{\"@type\":\"WebSite\",\"@id\":\"https:\\\/\\\/kohenavocats.com\\\/ar\\\/#website\",\"url\":\"https:\\\/\\\/kohenavocats.com\\\/ar\\\/\",\"name\":\"Kohen Avocats\",\"description\":\"Ma\u00eetre Hassan Kohen, avocat p\u00e9naliste \u00e0 Paris, intervient exclusivement en droit p\u00e9nal pour la d\u00e9fense des particuliers, notamment en mati\u00e8re d\u2019accusations de viol. Il assure un accompagnement rigoureux d\u00e8s la garde \u00e0 vue jusqu\u2019\u00e0 la Cour d\u2019assises, veillant au strict respect des garanties proc\u00e9durales.\",\"publisher\":{\"@id\":\"https:\\\/\\\/kohenavocats.com\\\/ar\\\/#organization\"},\"potentialAction\":[{\"@type\":\"SearchAction\",\"target\":{\"@type\":\"EntryPoint\",\"urlTemplate\":\"https:\\\/\\\/kohenavocats.com\\\/ar\\\/?s={search_term_string}\"},\"query-input\":{\"@type\":\"PropertyValueSpecification\",\"valueRequired\":true,\"valueName\":\"search_term_string\"}}],\"inLanguage\":\"ar\"},{\"@type\":\"Organization\",\"@id\":\"https:\\\/\\\/kohenavocats.com\\\/ar\\\/#organization\",\"name\":\"Kohen Avocats\",\"url\":\"https:\\\/\\\/kohenavocats.com\\\/ar\\\/\",\"logo\":{\"@type\":\"ImageObject\",\"inLanguage\":\"ar\",\"@id\":\"https:\\\/\\\/kohenavocats.com\\\/ar\\\/#\\\/schema\\\/logo\\\/image\\\/\",\"url\":\"https:\\\/\\\/kohenavocats.com\\\/wp-content\\\/uploads\\\/2026\\\/01\\\/Logo-2-1.webp\",\"contentUrl\":\"https:\\\/\\\/kohenavocats.com\\\/wp-content\\\/uploads\\\/2026\\\/01\\\/Logo-2-1.webp\",\"width\":2114,\"height\":1253,\"caption\":\"Kohen Avocats\"},\"image\":{\"@id\":\"https:\\\/\\\/kohenavocats.com\\\/ar\\\/#\\\/schema\\\/logo\\\/image\\\/\"}},{\"@type\":\"Person\",\"@id\":\"https:\\\/\\\/kohenavocats.com\\\/ar\\\/#\\\/schema\\\/person\\\/761c9ba54fa1ca84d405cef0831ff751\",\"name\":\"Kohen\",\"image\":{\"@type\":\"ImageObject\",\"inLanguage\":\"ar\",\"@id\":\"https:\\\/\\\/secure.gravatar.com\\\/avatar\\\/1c5e76ef76bbbfdd2b4da984e2bf2fa4056fd51a27d25ce2c332047f1dfd6e00?s=96&d=identicon&r=g\",\"url\":\"https:\\\/\\\/secure.gravatar.com\\\/avatar\\\/1c5e76ef76bbbfdd2b4da984e2bf2fa4056fd51a27d25ce2c332047f1dfd6e00?s=96&d=identicon&r=g\",\"contentUrl\":\"https:\\\/\\\/secure.gravatar.com\\\/avatar\\\/1c5e76ef76bbbfdd2b4da984e2bf2fa4056fd51a27d25ce2c332047f1dfd6e00?s=96&d=identicon&r=g\",\"caption\":\"Kohen\"},\"sameAs\":[\"https:\\\/\\\/www.linkedin.com\\\/in\\\/hassan-kohen-448548192\\\/\",\"https:\\\/\\\/www.youtube.com\\\/@Kohen-Avocats\"],\"url\":\"https:\\\/\\\/kohenavocats.com\\\/ar\\\/author\\\/kohenmlk\\\/\"}]}<\/script>\n<!-- \/ Yoast SEO Premium plugin. -->","yoast_head_json":{"title":"Tribunal judiciaire de Dax, le 24 septembre 2025, n\u00b024\/00001 - Ma\u00eetre Hassan Kohen, avocat en droit p\u00e9nal \u00e0 Paris","description":"Le Tribunal judiciaire de Dax, le 24 septembre 2025, statue sur un litige n\u00e9 d\u2019une vente en l\u2019\u00e9tat futur d\u2019ach\u00e8vement. L\u2019acqu\u00e9reur assigne le vendeur pour re...","robots":{"index":"index","follow":"follow","max-snippet":"max-snippet:-1","max-image-preview":"max-image-preview:large","max-video-preview":"max-video-preview:-1"},"canonical":"https:\/\/kohenavocats.com\/ar\/tribunal-judiciaire-de-dax-le-24-septembre-2025-n24-00001\/","og_locale":"ar_AR","og_type":"article","og_title":"Tribunal judiciaire de Dax, le 24 septembre 2025, n\u00b024\/00001","og_description":"Le Tribunal judiciaire de Dax, le 24 septembre 2025, statue sur un litige n\u00e9 d\u2019une vente en l\u2019\u00e9tat futur d\u2019ach\u00e8vement. L\u2019acqu\u00e9reur assigne le vendeur pour re...","og_url":"https:\/\/kohenavocats.com\/ar\/tribunal-judiciaire-de-dax-le-24-septembre-2025-n24-00001\/","og_site_name":"Ma\u00eetre Hassan Kohen, avocat en droit p\u00e9nal \u00e0 Paris","article_published_time":"2026-04-23T22:09:48+00:00","article_modified_time":"2026-04-26T18:23:28+00:00","og_image":[{"width":6528,"height":3780,"url":"https:\/\/kohenavocats.com\/wp-content\/uploads\/2024\/11\/mohamed-nohassi-hj1WiuQsWzY-unsplash.webp","type":"image\/webp"}],"author":"Kohen","twitter_card":"summary_large_image","twitter_misc":{"\u0643\u064f\u062a\u0628 \u0628\u0648\u0627\u0633\u0637\u0629":"Kohen","\u0648\u0642\u062a \u0627\u0644\u0642\u0631\u0627\u0621\u0629 \u0627\u0644\u0645\u064f\u0642\u062f\u0651\u0631":"3 \u062f\u0642\u0627\u0626\u0642"},"schema":{"@context":"https:\/\/schema.org","@graph":[{"@type":"Article","@id":"https:\/\/kohenavocats.com\/ar\/tribunal-judiciaire-de-dax-le-24-septembre-2025-n24-00001\/#article","isPartOf":{"@id":"https:\/\/kohenavocats.com\/ar\/tribunal-judiciaire-de-dax-le-24-septembre-2025-n24-00001\/"},"author":{"name":"Kohen","@id":"https:\/\/kohenavocats.com\/ar\/#\/schema\/person\/761c9ba54fa1ca84d405cef0831ff751"},"headline":"Tribunal judiciaire de Dax, le 24 septembre 2025, n\u00b024\/00001","datePublished":"2026-04-23T22:09:48+00:00","dateModified":"2026-04-26T18:23:28+00:00","mainEntityOfPage":{"@id":"https:\/\/kohenavocats.com\/ar\/tribunal-judiciaire-de-dax-le-24-septembre-2025-n24-00001\/"},"wordCount":558,"commentCount":0,"publisher":{"@id":"https:\/\/kohenavocats.com\/ar\/#organization"},"image":{"@id":"https:\/\/kohenavocats.com\/ar\/tribunal-judiciaire-de-dax-le-24-septembre-2025-n24-00001\/#primaryimage"},"thumbnailUrl":"https:\/\/kohenavocats.com\/wp-content\/uploads\/2024\/11\/mohamed-nohassi-hj1WiuQsWzY-unsplash.webp","articleSection":["Jurisprudence"],"inLanguage":"ar","potentialAction":[{"@type":"CommentAction","name":"Comment","target":["https:\/\/kohenavocats.com\/ar\/tribunal-judiciaire-de-dax-le-24-septembre-2025-n24-00001\/#respond"]}],"citation":"Tribunal judiciaire de Dax, le 24 septembre 2025, n\u00b024\/00001","about":[{"@type":"Thing","name":"Jurisprudence"}],"speakable":{"@type":"SpeakableSpecification","cssSelector":[".article-content > p:first-of-type"]}},{"@type":"WebPage","@id":"https:\/\/kohenavocats.com\/ar\/tribunal-judiciaire-de-dax-le-24-septembre-2025-n24-00001\/","url":"https:\/\/kohenavocats.com\/ar\/tribunal-judiciaire-de-dax-le-24-septembre-2025-n24-00001\/","name":"Tribunal judiciaire de Dax, le 24 septembre 2025, n\u00b024\/00001 - Ma\u00eetre Hassan Kohen, avocat en droit p\u00e9nal \u00e0 Paris","isPartOf":{"@id":"https:\/\/kohenavocats.com\/ar\/#website"},"primaryImageOfPage":{"@id":"https:\/\/kohenavocats.com\/ar\/tribunal-judiciaire-de-dax-le-24-septembre-2025-n24-00001\/#primaryimage"},"image":{"@id":"https:\/\/kohenavocats.com\/ar\/tribunal-judiciaire-de-dax-le-24-septembre-2025-n24-00001\/#primaryimage"},"thumbnailUrl":"https:\/\/kohenavocats.com\/wp-content\/uploads\/2024\/11\/mohamed-nohassi-hj1WiuQsWzY-unsplash.webp","datePublished":"2026-04-23T22:09:48+00:00","dateModified":"2026-04-26T18:23:28+00:00","description":"Le Tribunal judiciaire de Dax, le 24 septembre 2025, statue sur un litige n\u00e9 d\u2019une vente en l\u2019\u00e9tat futur d\u2019ach\u00e8vement. L\u2019acqu\u00e9reur assigne le vendeur pour re...","breadcrumb":{"@id":"https:\/\/kohenavocats.com\/ar\/tribunal-judiciaire-de-dax-le-24-septembre-2025-n24-00001\/#breadcrumb"},"inLanguage":"ar","potentialAction":[{"@type":"ReadAction","target":["https:\/\/kohenavocats.com\/ar\/tribunal-judiciaire-de-dax-le-24-septembre-2025-n24-00001\/"]}]},{"@type":"ImageObject","inLanguage":"ar","@id":"https:\/\/kohenavocats.com\/ar\/tribunal-judiciaire-de-dax-le-24-septembre-2025-n24-00001\/#primaryimage","url":"https:\/\/kohenavocats.com\/wp-content\/uploads\/2024\/11\/mohamed-nohassi-hj1WiuQsWzY-unsplash.webp","contentUrl":"https:\/\/kohenavocats.com\/wp-content\/uploads\/2024\/11\/mohamed-nohassi-hj1WiuQsWzY-unsplash.webp","width":6528,"height":3780},{"@type":"BreadcrumbList","@id":"https:\/\/kohenavocats.com\/ar\/tribunal-judiciaire-de-dax-le-24-septembre-2025-n24-00001\/#breadcrumb","itemListElement":[{"@type":"ListItem","position":1,"name":"Home","item":"https:\/\/kohenavocats.com\/ar\/%d9%85%d8%ad%d8%a7%d9%85%d9%88%d9%86-%d9%85%d8%aa%d8%ae%d8%b5%d8%b5%d9%88%d9%86-%d9%81%d9%8a-%d8%a7%d9%84%d9%82%d8%a7%d9%86%d9%88%d9%86-%d8%a7%d9%84%d8%ac%d9%86%d8%a7%d8%a6%d9%8a-%d8%a8%d8%a8%d8%a7\/"},{"@type":"ListItem","position":2,"name":"Tribunal judiciaire de Dax, le 24 septembre 2025, n\u00b024\/00001"}]},{"@type":"WebSite","@id":"https:\/\/kohenavocats.com\/ar\/#website","url":"https:\/\/kohenavocats.com\/ar\/","name":"Kohen Avocats","description":"Ma\u00eetre Hassan Kohen, avocat p\u00e9naliste \u00e0 Paris, intervient exclusivement en droit p\u00e9nal pour la d\u00e9fense des particuliers, notamment en mati\u00e8re d\u2019accusations de viol. Il assure un accompagnement rigoureux d\u00e8s la garde \u00e0 vue jusqu\u2019\u00e0 la Cour d\u2019assises, veillant au strict respect des garanties proc\u00e9durales.","publisher":{"@id":"https:\/\/kohenavocats.com\/ar\/#organization"},"potentialAction":[{"@type":"SearchAction","target":{"@type":"EntryPoint","urlTemplate":"https:\/\/kohenavocats.com\/ar\/?s={search_term_string}"},"query-input":{"@type":"PropertyValueSpecification","valueRequired":true,"valueName":"search_term_string"}}],"inLanguage":"ar"},{"@type":"Organization","@id":"https:\/\/kohenavocats.com\/ar\/#organization","name":"Kohen Avocats","url":"https:\/\/kohenavocats.com\/ar\/","logo":{"@type":"ImageObject","inLanguage":"ar","@id":"https:\/\/kohenavocats.com\/ar\/#\/schema\/logo\/image\/","url":"https:\/\/kohenavocats.com\/wp-content\/uploads\/2026\/01\/Logo-2-1.webp","contentUrl":"https:\/\/kohenavocats.com\/wp-content\/uploads\/2026\/01\/Logo-2-1.webp","width":2114,"height":1253,"caption":"Kohen Avocats"},"image":{"@id":"https:\/\/kohenavocats.com\/ar\/#\/schema\/logo\/image\/"}},{"@type":"Person","@id":"https:\/\/kohenavocats.com\/ar\/#\/schema\/person\/761c9ba54fa1ca84d405cef0831ff751","name":"Kohen","image":{"@type":"ImageObject","inLanguage":"ar","@id":"https:\/\/secure.gravatar.com\/avatar\/1c5e76ef76bbbfdd2b4da984e2bf2fa4056fd51a27d25ce2c332047f1dfd6e00?s=96&d=identicon&r=g","url":"https:\/\/secure.gravatar.com\/avatar\/1c5e76ef76bbbfdd2b4da984e2bf2fa4056fd51a27d25ce2c332047f1dfd6e00?s=96&d=identicon&r=g","contentUrl":"https:\/\/secure.gravatar.com\/avatar\/1c5e76ef76bbbfdd2b4da984e2bf2fa4056fd51a27d25ce2c332047f1dfd6e00?s=96&d=identicon&r=g","caption":"Kohen"},"sameAs":["https:\/\/www.linkedin.com\/in\/hassan-kohen-448548192\/","https:\/\/www.youtube.com\/@Kohen-Avocats"],"url":"https:\/\/kohenavocats.com\/ar\/author\/kohenmlk\/"}]}},"jetpack_featured_media_url":"https:\/\/kohenavocats.com\/wp-content\/uploads\/2024\/11\/mohamed-nohassi-hj1WiuQsWzY-unsplash.webp","jetpack_likes_enabled":false,"jetpack_shortlink":"https:\/\/wp.me\/peCrII-2Naf","jetpack-related-posts":[{"id":651850,"url":"https:\/\/kohenavocats.com\/ar\/tribunal-judiciaire-de-dax-le-2-octobre-2025-n25-00075\/","url_meta":{"origin":665647,"position":0},"title":"Tribunal judiciaire de Dax, le 2 octobre 2025, n\u00b025\/00075","author":"Kohen","date":"22 \u0623\u0628\u0631\u064a\u0644\u060c 2026","format":false,"excerpt":"Le tribunal judiciaire de Dax, statuant le 2 octobre 2025, a connu d'un litige n\u00e9 de la vente d'un v\u00e9hicule motoris\u00e9. L'acqu\u00e9reur n'a pu obtenir le certifica...","rel":"","context":"\u0641\u064a &quot;Jurisprudence&quot;","block_context":{"text":"Jurisprudence","link":"https:\/\/kohenavocats.com\/category\/jurisprudence\/"},"img":{"alt_text":"","src":"https:\/\/i0.wp.com\/kohenavocats.com\/wp-content\/uploads\/2024\/08\/jez-timms-8muUTAmcWU4-unsplash.webp?resize=350%2C200&ssl=1","width":350,"height":200,"srcset":"https:\/\/i0.wp.com\/kohenavocats.com\/wp-content\/uploads\/2024\/08\/jez-timms-8muUTAmcWU4-unsplash.webp?resize=350%2C200&ssl=1 1x, https:\/\/i0.wp.com\/kohenavocats.com\/wp-content\/uploads\/2024\/08\/jez-timms-8muUTAmcWU4-unsplash.webp?resize=525%2C300&ssl=1 1.5x, https:\/\/i0.wp.com\/kohenavocats.com\/wp-content\/uploads\/2024\/08\/jez-timms-8muUTAmcWU4-unsplash.webp?resize=700%2C400&ssl=1 2x, https:\/\/i0.wp.com\/kohenavocats.com\/wp-content\/uploads\/2024\/08\/jez-timms-8muUTAmcWU4-unsplash.webp?resize=1050%2C600&ssl=1 3x, https:\/\/i0.wp.com\/kohenavocats.com\/wp-content\/uploads\/2024\/08\/jez-timms-8muUTAmcWU4-unsplash.webp?resize=1400%2C800&ssl=1 4x"},"classes":[]},{"id":239267,"url":"https:\/\/kohenavocats.com\/ar\/cour-dappel-de-metz-le-10-juillet-2025-n23-01728\/","url_meta":{"origin":665647,"position":1},"title":"Cour d&#8217;appel de Metz, le 10 juillet 2025, n\u00b023\/01728","author":"Kohen","date":"1 \u064a\u0646\u0627\u064a\u0631\u060c 2026","format":false,"excerpt":"L'arr\u00eat rendu par la Cour d'appel de Metz le 10 juillet 2025 illustre la vigilance du juge dans le contentieux de la vente en l'\u00e9tat futur d'ach\u00e8vement. Une acqu\u00e9reuse avait acquis un appartement et un garage par acte authentique du 18 avril 2019. La livraison, initialement pr\u00e9vue au premier trimestre\u2026","rel":"","context":"\u0641\u064a &quot;Cour d'appel&quot;","block_context":{"text":"Cour d'appel","link":"https:\/\/kohenavocats.com\/category\/cour-dappel\/"},"img":{"alt_text":"","src":"https:\/\/i0.wp.com\/kohenavocats.com\/wp-content\/uploads\/2024\/11\/getty-images-U7YRxXgIqmo-unsplash.webp?resize=350%2C200&ssl=1","width":350,"height":200,"srcset":"https:\/\/i0.wp.com\/kohenavocats.com\/wp-content\/uploads\/2024\/11\/getty-images-U7YRxXgIqmo-unsplash.webp?resize=350%2C200&ssl=1 1x, https:\/\/i0.wp.com\/kohenavocats.com\/wp-content\/uploads\/2024\/11\/getty-images-U7YRxXgIqmo-unsplash.webp?resize=525%2C300&ssl=1 1.5x, https:\/\/i0.wp.com\/kohenavocats.com\/wp-content\/uploads\/2024\/11\/getty-images-U7YRxXgIqmo-unsplash.webp?resize=700%2C400&ssl=1 2x, https:\/\/i0.wp.com\/kohenavocats.com\/wp-content\/uploads\/2024\/11\/getty-images-U7YRxXgIqmo-unsplash.webp?resize=1050%2C600&ssl=1 3x, https:\/\/i0.wp.com\/kohenavocats.com\/wp-content\/uploads\/2024\/11\/getty-images-U7YRxXgIqmo-unsplash.webp?resize=1400%2C800&ssl=1 4x"},"classes":[]},{"id":648104,"url":"https:\/\/kohenavocats.com\/ar\/tribunal-judiciaire-de-dax-le-3-octobre-2025-n24-00773\/","url_meta":{"origin":665647,"position":2},"title":"Tribunal judiciaire de Dax, le 3 octobre 2025, n\u00b024\/00773","author":"Kohen","date":"22 \u0623\u0628\u0631\u064a\u0644\u060c 2026","format":false,"excerpt":"Le Tribunal judiciaire de Dax, statuant comme juge de la mise en \u00e9tat, a rendu une ordonnance le 3 octobre 2025. L\u2019affaire concerne un acqu\u00e9reur d\u2019un lot en ...","rel":"","context":"\u0641\u064a &quot;Jurisprudence&quot;","block_context":{"text":"Jurisprudence","link":"https:\/\/kohenavocats.com\/category\/jurisprudence\/"},"img":{"alt_text":"","src":"https:\/\/i0.wp.com\/kohenavocats.com\/wp-content\/uploads\/2024\/11\/luke-jones-Z2f7IumQdo4-unsplash.webp?resize=350%2C200&ssl=1","width":350,"height":200,"srcset":"https:\/\/i0.wp.com\/kohenavocats.com\/wp-content\/uploads\/2024\/11\/luke-jones-Z2f7IumQdo4-unsplash.webp?resize=350%2C200&ssl=1 1x, https:\/\/i0.wp.com\/kohenavocats.com\/wp-content\/uploads\/2024\/11\/luke-jones-Z2f7IumQdo4-unsplash.webp?resize=525%2C300&ssl=1 1.5x, https:\/\/i0.wp.com\/kohenavocats.com\/wp-content\/uploads\/2024\/11\/luke-jones-Z2f7IumQdo4-unsplash.webp?resize=700%2C400&ssl=1 2x, https:\/\/i0.wp.com\/kohenavocats.com\/wp-content\/uploads\/2024\/11\/luke-jones-Z2f7IumQdo4-unsplash.webp?resize=1050%2C600&ssl=1 3x, https:\/\/i0.wp.com\/kohenavocats.com\/wp-content\/uploads\/2024\/11\/luke-jones-Z2f7IumQdo4-unsplash.webp?resize=1400%2C800&ssl=1 4x"},"classes":[]},{"id":684215,"url":"https:\/\/kohenavocats.com\/ar\/cour-dappel-de-bordeaux-le-11-septembre-2025-n22-01408\/","url_meta":{"origin":665647,"position":3},"title":"Cour d&#8217;appel de Bordeaux, le 11 septembre 2025, n\u00b022\/01408","author":"Kohen","date":"25 \u0623\u0628\u0631\u064a\u0644\u060c 2026","format":false,"excerpt":"La Cour d'appel de Bordeaux, 11 septembre 2025 (2e chambre civile), statue sur un litige n\u00e9 d\u2019une vente en l\u2019\u00e9tat futur d\u2019ach\u00e8vement. L\u2019acheteuse d\u2019un appart...","rel":"","context":"\u0641\u064a &quot;Jurisprudence&quot;","block_context":{"text":"Jurisprudence","link":"https:\/\/kohenavocats.com\/category\/jurisprudence\/"},"img":{"alt_text":"","src":"https:\/\/i0.wp.com\/kohenavocats.com\/wp-content\/uploads\/2024\/11\/ave-calvar-k0Pb9akJkvs-unsplash.webp?resize=350%2C200&ssl=1","width":350,"height":200,"srcset":"https:\/\/i0.wp.com\/kohenavocats.com\/wp-content\/uploads\/2024\/11\/ave-calvar-k0Pb9akJkvs-unsplash.webp?resize=350%2C200&ssl=1 1x, https:\/\/i0.wp.com\/kohenavocats.com\/wp-content\/uploads\/2024\/11\/ave-calvar-k0Pb9akJkvs-unsplash.webp?resize=525%2C300&ssl=1 1.5x, https:\/\/i0.wp.com\/kohenavocats.com\/wp-content\/uploads\/2024\/11\/ave-calvar-k0Pb9akJkvs-unsplash.webp?resize=700%2C400&ssl=1 2x, https:\/\/i0.wp.com\/kohenavocats.com\/wp-content\/uploads\/2024\/11\/ave-calvar-k0Pb9akJkvs-unsplash.webp?resize=1050%2C600&ssl=1 3x, https:\/\/i0.wp.com\/kohenavocats.com\/wp-content\/uploads\/2024\/11\/ave-calvar-k0Pb9akJkvs-unsplash.webp?resize=1400%2C800&ssl=1 4x"},"classes":[]},{"id":431895,"url":"https:\/\/kohenavocats.com\/ar\/cour-dappel-de-paris-le-7-avril-2011-n09-20657\/","url_meta":{"origin":665647,"position":4},"title":"Cour d&#8217;appel de Paris, le 7 avril 2011, n\u00b009\/20657","author":"Kohen","date":"24 \u0645\u0627\u0631\u0633\u060c 2026","format":false,"excerpt":"La Cour d\u2019appel de Paris, le 7 avril 2011, a confirm\u00e9 un jugement condamnant un vendeur en l\u2019\u00e9tat futur d\u2019ach\u00e8vement \u00e0 indemniser des acqu\u00e9reurs pour un retard de livraison. Les acqu\u00e9reurs avaient donn\u00e9 en bail commercial les appartements achet\u00e9s. Le vendeur soutenait que n\u2019\u00e9tant pas partie au bail, il ne\u2026","rel":"","context":"\u0641\u064a &quot;Cour d'appel&quot;","block_context":{"text":"Cour d'appel","link":"https:\/\/kohenavocats.com\/category\/cour-dappel\/"},"img":{"alt_text":"","src":"https:\/\/i0.wp.com\/kohenavocats.com\/wp-content\/uploads\/2024\/08\/sebastian-pichler-bAQH53VquTc-unsplash.webp?resize=350%2C200&ssl=1","width":350,"height":200,"srcset":"https:\/\/i0.wp.com\/kohenavocats.com\/wp-content\/uploads\/2024\/08\/sebastian-pichler-bAQH53VquTc-unsplash.webp?resize=350%2C200&ssl=1 1x, https:\/\/i0.wp.com\/kohenavocats.com\/wp-content\/uploads\/2024\/08\/sebastian-pichler-bAQH53VquTc-unsplash.webp?resize=525%2C300&ssl=1 1.5x, https:\/\/i0.wp.com\/kohenavocats.com\/wp-content\/uploads\/2024\/08\/sebastian-pichler-bAQH53VquTc-unsplash.webp?resize=700%2C400&ssl=1 2x, https:\/\/i0.wp.com\/kohenavocats.com\/wp-content\/uploads\/2024\/08\/sebastian-pichler-bAQH53VquTc-unsplash.webp?resize=1050%2C600&ssl=1 3x, https:\/\/i0.wp.com\/kohenavocats.com\/wp-content\/uploads\/2024\/08\/sebastian-pichler-bAQH53VquTc-unsplash.webp?resize=1400%2C800&ssl=1 4x"},"classes":[]},{"id":665218,"url":"https:\/\/kohenavocats.com\/ar\/tribunal-judiciaire-de-dax-le-24-septembre-2025-n25-00011\/","url_meta":{"origin":665647,"position":5},"title":"Tribunal judiciaire de Dax, le 24 septembre 2025, n\u00b025\/00011","author":"Kohen","date":"23 \u0623\u0628\u0631\u064a\u0644\u060c 2026","format":false,"excerpt":"Le tribunal judiciaire de Dax, par jugement du 24 septembre 2025, statue sur une action en garantie des vices cach\u00e9s d'un v\u00e9hicule. Les acqu\u00e9reurs, ayant con...","rel":"","context":"\u0641\u064a &quot;Code des assurances&quot;","block_context":{"text":"Code des assurances","link":"https:\/\/kohenavocats.com\/category\/code-des-assurances\/"},"img":{"alt_text":"","src":"https:\/\/i0.wp.com\/kohenavocats.com\/wp-content\/uploads\/2024\/08\/mathew-schwartz-onOdABjwC0M-unsplash.webp?resize=350%2C200&ssl=1","width":350,"height":200,"srcset":"https:\/\/i0.wp.com\/kohenavocats.com\/wp-content\/uploads\/2024\/08\/mathew-schwartz-onOdABjwC0M-unsplash.webp?resize=350%2C200&ssl=1 1x, https:\/\/i0.wp.com\/kohenavocats.com\/wp-content\/uploads\/2024\/08\/mathew-schwartz-onOdABjwC0M-unsplash.webp?resize=525%2C300&ssl=1 1.5x, https:\/\/i0.wp.com\/kohenavocats.com\/wp-content\/uploads\/2024\/08\/mathew-schwartz-onOdABjwC0M-unsplash.webp?resize=700%2C400&ssl=1 2x, https:\/\/i0.wp.com\/kohenavocats.com\/wp-content\/uploads\/2024\/08\/mathew-schwartz-onOdABjwC0M-unsplash.webp?resize=1050%2C600&ssl=1 3x, https:\/\/i0.wp.com\/kohenavocats.com\/wp-content\/uploads\/2024\/08\/mathew-schwartz-onOdABjwC0M-unsplash.webp?resize=1400%2C800&ssl=1 4x"},"classes":[]}],"jetpack_sharing_enabled":true,"_links":{"self":[{"href":"https:\/\/kohenavocats.com\/ar\/wp-json\/wp\/v2\/posts\/665647","targetHints":{"allow":["GET"]}}],"collection":[{"href":"https:\/\/kohenavocats.com\/ar\/wp-json\/wp\/v2\/posts"}],"about":[{"href":"https:\/\/kohenavocats.com\/ar\/wp-json\/wp\/v2\/types\/post"}],"author":[{"embeddable":true,"href":"https:\/\/kohenavocats.com\/ar\/wp-json\/wp\/v2\/users\/232070755"}],"replies":[{"embeddable":true,"href":"https:\/\/kohenavocats.com\/ar\/wp-json\/wp\/v2\/comments?post=665647"}],"version-history":[{"count":1,"href":"https:\/\/kohenavocats.com\/ar\/wp-json\/wp\/v2\/posts\/665647\/revisions"}],"predecessor-version":[{"id":697136,"href":"https:\/\/kohenavocats.com\/ar\/wp-json\/wp\/v2\/posts\/665647\/revisions\/697136"}],"wp:featuredmedia":[{"embeddable":true,"href":"https:\/\/kohenavocats.com\/ar\/wp-json\/wp\/v2\/media\/9443"}],"wp:attachment":[{"href":"https:\/\/kohenavocats.com\/ar\/wp-json\/wp\/v2\/media?parent=665647"}],"wp:term":[{"taxonomy":"category","embeddable":true,"href":"https:\/\/kohenavocats.com\/ar\/wp-json\/wp\/v2\/categories?post=665647"},{"taxonomy":"post_tag","embeddable":true,"href":"https:\/\/kohenavocats.com\/ar\/wp-json\/wp\/v2\/tags?post=665647"}],"curies":[{"name":"wp","href":"https:\/\/api.w.org\/{rel}","templated":true}]}}