{"id":668714,"date":"2026-04-24T05:16:28","date_gmt":"2026-04-24T03:16:28","guid":{"rendered":"https:\/\/kohenavocats.com\/cour-dappel-le-13-fevrier-2025-n24-05431\/"},"modified":"2026-04-26T18:10:15","modified_gmt":"2026-04-26T16:10:15","slug":"cour-dappel-le-13-fevrier-2025-n24-05431","status":"publish","type":"post","link":"https:\/\/kohenavocats.com\/ar\/cour-dappel-le-13-fevrier-2025-n24-05431\/","title":{"rendered":"Cour d&#8217;appel, le 13 f\u00e9vrier 2025, n\u00b024\/05431"},"content":{"rendered":"<div class=\"article-content\">\n<p>La cour d&#8217;appel, statuant en r\u00e9f\u00e9r\u00e9, a rendu un arr\u00eat le 13 f\u00e9vrier 2025. Une soci\u00e9t\u00e9 civile immobili\u00e8re \u00e9tait en conflit entre ses deux associ\u00e9s. L&#8217;un d&#8217;eux demandait la d\u00e9signation d&#8217;un administrateur provisoire. Le juge des r\u00e9f\u00e9r\u00e9s avait rejet\u00e9 cette demande. La cour d&#8217;appel a confirm\u00e9 cette ordonnance. Elle a estim\u00e9 que les conditions l\u00e9gales n&#8217;\u00e9taient pas r\u00e9unies. La solution rejette donc la mesure exceptionnelle sollicit\u00e9e.<\/p>\n<p>La gravit\u00e9 insuffisante du blocage social<\/p>\n<p>L&#8217;exigence d&#8217;une crise sociale paralysante<\/p>\n<p>La d\u00e9signation d&#8217;un administrateur provisoire est une mesure exceptionnelle. Elle suppose la r\u00e9union cumulative de deux conditions strictes. Il faut une crise grave rendant impossible le fonctionnement normal. L&#8217;urgence doit \u00e9galement \u00eatre caract\u00e9ris\u00e9e par un p\u00e9ril imminent. &#8220;la d\u00e9signation d&#8217;un administrateur provisoire ne peut \u00eatre obtenue qu&#8217;en apportant la preuve de circonstances rendant impossible le fonctionnement normal de la soci\u00e9t\u00e9 et la mena\u00e7ant d&#8217;un p\u00e9ril imminent&#8221; (Motif 17). Le juge op\u00e8re ainsi un contr\u00f4le rigoureux des conditions de fond.<\/p>\n<p>L&#8217;absence de paralysie d\u00e9montr\u00e9e en l&#8217;esp\u00e8ce<\/p>\n<p>La cour rel\u00e8ve que le conflit ne paralyse pas la soci\u00e9t\u00e9. Les assembl\u00e9es g\u00e9n\u00e9rales se tiennent et les rapports sont communiqu\u00e9s. Les op\u00e9rations immobili\u00e8res constitutives de l&#8217;objet social sont men\u00e9es \u00e0 terme. &#8220;Il n&#8217;est pas justifi\u00e9 du fonctionnement anormal de la <a href=\"https:\/\/kohenavocats.fr\/elementor-60\/avocats-droit-immobilier-paris\/avocat-sci-paris\/\" target=\"_blank\" title=\"SCI\">SCI<\/a> Blanquefort, par la simple non approbation des comptes&#8221; (Motif 26). Le diff\u00e9rend porte essentiellement sur l&#8217;approbation des comptes et certains pr\u00e9l\u00e8vements. Ce d\u00e9saccord, bien que r\u00e9el, ne suffit pas \u00e0 caract\u00e9riser l&#8217;impossibilit\u00e9 de fonctionner.<\/p>\n<p>L&#8217;absence de d\u00e9monstration des conditions d&#8217;urgence<\/p>\n<p>Le d\u00e9faut de preuve d&#8217;un p\u00e9ril imminent<\/p>\n<p>La requ\u00e9rante invoquait la d\u00e9gradation financi\u00e8re et le blocage des distributions. La cour estime que l&#8217;existence d&#8217;un p\u00e9ril imminent n&#8217;est pas \u00e9tablie. &#8220;L&#8217;existence d&#8217;un p\u00e9ril imminent n&#8217;est pas d\u00e9montr\u00e9e, m\u00eame si la g\u00e9rance est critiqu\u00e9e&#8221; (Motif 25). Les organes sociaux fonctionnent et des solutions contractuelles existent. Le report \u00e0 nouveau des b\u00e9n\u00e9fices et les comptes courants d\u00e9biteurs ne cr\u00e9ent pas par eux-m\u00eames une urgence caract\u00e9ris\u00e9e.<\/p>\n<p>La nature r\u00e9elle du diff\u00e9rend et les voies de droit appropri\u00e9es<\/p>\n<p>La cour analyse la demande comme relevant d&#8217;un contentieux sur la gestion. Les contestations sur les prestations et honoraires rel\u00e8vent d&#8217;un d\u00e9bat au fond. &#8220;Il ne s&#8217;agit pas tant de d\u00e9signer un administrateur provisoire mais un expert&#8221; (Motif 23). La voie appropri\u00e9e serait une action en responsabilit\u00e9 ou une expertise comptable. La mesure sollicit\u00e9e appara\u00eet disproportionn\u00e9e au regard du trouble all\u00e9gu\u00e9. Le r\u00e9f\u00e9r\u00e9 n&#8217;est pas la proc\u00e9dure idoine pour trancher ce litige complexe.<\/p>\n<p>Cet arr\u00eat rappelle la s\u00e9v\u00e9rit\u00e9 du contr\u00f4le des conditions du r\u00e9f\u00e9r\u00e9. La m\u00e9sentente entre associ\u00e9s, m\u00eame profonde, ne justifie pas automatiquement une mesure d&#8217;administration judiciaire. La jurisprudence exige une d\u00e9monstration concr\u00e8te de la paralysie et du p\u00e9ril. &#8220;la non-approbation des comptes sociaux, en raison d&#8217;un diff\u00e9rend entre associ\u00e9s, ne r\u00e9v\u00e8le pas, en elle-m\u00eame, un blocage&#8221; (Motif 21). Cette solution rejoint une jurisprudence constante sur le caract\u00e8re exceptionnel de la mesure. Elle prot\u00e8ge l&#8217;autonomie de la volont\u00e9 et la libert\u00e9 de gestion des associ\u00e9s. Le juge encourage le recours aux voies de droit ordinaires pour les litiges complexes.<\/p>\n<\/div>\n","protected":false},"excerpt":{"rendered":"<p>La cour d&#8217;appel, statuant en r\u00e9f\u00e9r\u00e9, a rendu un arr\u00eat le 13 f\u00e9vrier 2025. Une soci\u00e9t\u00e9 civile immobili\u00e8re \u00e9tait en conflit entre ses deux associ\u00e9s. L&#8217;un d&#8217;eux&#8230;<\/p>\n","protected":false},"author":232070755,"featured_media":9713,"comment_status":"open","ping_status":"open","sticky":false,"template":"","format":"standard","meta":{"_crdt_document":"","_jetpack_newsletter_access":"","_jetpack_dont_email_post_to_subs":false,"_jetpack_newsletter_tier_id":0,"_jetpack_memberships_contains_paywalled_content":false,"_kj_source_type":"","_kj_official_id":"","_kj_official_url":"","_kj_judilibre_id":"","_kj_jur":"","_kj_lieu":"","_kj_chambre":"","_kj_rg":"","_kj_date":"","_jetpack_memberships_contains_paid_content":false,"footnotes":"","jetpack_post_was_ever_published":false},"categories":[7597],"tags":[],"class_list":["post-668714","post","type-post","status-publish","format-standard","has-post-thumbnail","hentry","category-jurisprudence"],"yoast_head":"<!-- This site is optimized with the Yoast SEO Premium plugin v27.4 (Yoast SEO v27.4) - https:\/\/yoast.com\/product\/yoast-seo-premium-wordpress\/ -->\n<title>Cour d&#039;appel, le 13 f\u00e9vrier 2025, n\u00b024\/05431 - Ma\u00eetre Hassan Kohen, avocat en droit p\u00e9nal \u00e0 Paris<\/title>\n<meta name=\"description\" content=\"La cour d&#039;appel, statuant en r\u00e9f\u00e9r\u00e9, a rendu un arr\u00eat le 13 f\u00e9vrier 2025. Une soci\u00e9t\u00e9 civile immobili\u00e8re \u00e9tait en conflit entre ses deux associ\u00e9s. L&#039;un d&#039;eux...\" \/>\n<meta name=\"robots\" content=\"index, follow, max-snippet:-1, max-image-preview:large, max-video-preview:-1\" \/>\n<link rel=\"canonical\" href=\"https:\/\/kohenavocats.com\/ar\/cour-dappel-le-13-fevrier-2025-n24-05431\/\" \/>\n<meta property=\"og:locale\" content=\"ar_AR\" \/>\n<meta property=\"og:type\" content=\"article\" \/>\n<meta property=\"og:title\" content=\"Cour d&#039;appel, le 13 f\u00e9vrier 2025, n\u00b024\/05431\" \/>\n<meta property=\"og:description\" content=\"La cour d&#039;appel, statuant en r\u00e9f\u00e9r\u00e9, a rendu un arr\u00eat le 13 f\u00e9vrier 2025. Une soci\u00e9t\u00e9 civile immobili\u00e8re \u00e9tait en conflit entre ses deux associ\u00e9s. L&#039;un d&#039;eux...\" \/>\n<meta property=\"og:url\" content=\"https:\/\/kohenavocats.com\/ar\/cour-dappel-le-13-fevrier-2025-n24-05431\/\" \/>\n<meta property=\"og:site_name\" content=\"Ma\u00eetre Hassan Kohen, avocat en droit p\u00e9nal \u00e0 Paris\" \/>\n<meta property=\"article:published_time\" content=\"2026-04-24T03:16:28+00:00\" \/>\n<meta property=\"article:modified_time\" content=\"2026-04-26T16:10:15+00:00\" \/>\n<meta property=\"og:image\" content=\"https:\/\/kohenavocats.com\/wp-content\/uploads\/2024\/11\/anita-austvika-uIEL3NE30xk-unsplash-1.webp\" \/>\n\t<meta property=\"og:image:width\" content=\"4912\" \/>\n\t<meta property=\"og:image:height\" content=\"7360\" \/>\n\t<meta property=\"og:image:type\" content=\"image\/webp\" \/>\n<meta name=\"author\" content=\"Kohen\" \/>\n<meta name=\"twitter:card\" content=\"summary_large_image\" \/>\n<meta name=\"twitter:label1\" content=\"\u0643\u064f\u062a\u0628 \u0628\u0648\u0627\u0633\u0637\u0629\" \/>\n\t<meta name=\"twitter:data1\" content=\"Kohen\" \/>\n\t<meta name=\"twitter:label2\" content=\"\u0648\u0642\u062a \u0627\u0644\u0642\u0631\u0627\u0621\u0629 \u0627\u0644\u0645\u064f\u0642\u062f\u0651\u0631\" \/>\n\t<meta name=\"twitter:data2\" content=\"3 \u062f\u0642\u0627\u0626\u0642\" \/>\n<script type=\"application\/ld+json\" class=\"yoast-schema-graph\">{\"@context\":\"https:\\\/\\\/schema.org\",\"@graph\":[{\"@type\":\"Article\",\"@id\":\"https:\\\/\\\/kohenavocats.com\\\/ar\\\/cour-dappel-le-13-fevrier-2025-n24-05431\\\/#article\",\"isPartOf\":{\"@id\":\"https:\\\/\\\/kohenavocats.com\\\/ar\\\/cour-dappel-le-13-fevrier-2025-n24-05431\\\/\"},\"author\":{\"name\":\"Kohen\",\"@id\":\"https:\\\/\\\/kohenavocats.com\\\/ar\\\/#\\\/schema\\\/person\\\/761c9ba54fa1ca84d405cef0831ff751\"},\"headline\":\"Cour d&#8217;appel, le 13 f\u00e9vrier 2025, n\u00b024\\\/05431\",\"datePublished\":\"2026-04-24T03:16:28+00:00\",\"dateModified\":\"2026-04-26T16:10:15+00:00\",\"mainEntityOfPage\":{\"@id\":\"https:\\\/\\\/kohenavocats.com\\\/ar\\\/cour-dappel-le-13-fevrier-2025-n24-05431\\\/\"},\"wordCount\":626,\"commentCount\":0,\"publisher\":{\"@id\":\"https:\\\/\\\/kohenavocats.com\\\/ar\\\/#organization\"},\"image\":{\"@id\":\"https:\\\/\\\/kohenavocats.com\\\/ar\\\/cour-dappel-le-13-fevrier-2025-n24-05431\\\/#primaryimage\"},\"thumbnailUrl\":\"https:\\\/\\\/kohenavocats.com\\\/wp-content\\\/uploads\\\/2024\\\/11\\\/anita-austvika-uIEL3NE30xk-unsplash-1.webp\",\"articleSection\":[\"Jurisprudence\"],\"inLanguage\":\"ar\",\"potentialAction\":[{\"@type\":\"CommentAction\",\"name\":\"Comment\",\"target\":[\"https:\\\/\\\/kohenavocats.com\\\/ar\\\/cour-dappel-le-13-fevrier-2025-n24-05431\\\/#respond\"]}],\"citation\":\"Cour d&#8217;appel, le 13 f\u00e9vrier 2025, n\u00b024\\\/05431\",\"about\":[{\"@type\":\"Thing\",\"name\":\"Jurisprudence\"}],\"speakable\":{\"@type\":\"SpeakableSpecification\",\"cssSelector\":[\".article-content > p:first-of-type\"]}},{\"@type\":\"WebPage\",\"@id\":\"https:\\\/\\\/kohenavocats.com\\\/ar\\\/cour-dappel-le-13-fevrier-2025-n24-05431\\\/\",\"url\":\"https:\\\/\\\/kohenavocats.com\\\/ar\\\/cour-dappel-le-13-fevrier-2025-n24-05431\\\/\",\"name\":\"Cour d'appel, le 13 f\u00e9vrier 2025, n\u00b024\\\/05431 - Ma\u00eetre Hassan Kohen, avocat en droit p\u00e9nal \u00e0 Paris\",\"isPartOf\":{\"@id\":\"https:\\\/\\\/kohenavocats.com\\\/ar\\\/#website\"},\"primaryImageOfPage\":{\"@id\":\"https:\\\/\\\/kohenavocats.com\\\/ar\\\/cour-dappel-le-13-fevrier-2025-n24-05431\\\/#primaryimage\"},\"image\":{\"@id\":\"https:\\\/\\\/kohenavocats.com\\\/ar\\\/cour-dappel-le-13-fevrier-2025-n24-05431\\\/#primaryimage\"},\"thumbnailUrl\":\"https:\\\/\\\/kohenavocats.com\\\/wp-content\\\/uploads\\\/2024\\\/11\\\/anita-austvika-uIEL3NE30xk-unsplash-1.webp\",\"datePublished\":\"2026-04-24T03:16:28+00:00\",\"dateModified\":\"2026-04-26T16:10:15+00:00\",\"description\":\"La cour d'appel, statuant en r\u00e9f\u00e9r\u00e9, a rendu un arr\u00eat le 13 f\u00e9vrier 2025. Une soci\u00e9t\u00e9 civile immobili\u00e8re \u00e9tait en conflit entre ses deux associ\u00e9s. L'un d'eux...\",\"breadcrumb\":{\"@id\":\"https:\\\/\\\/kohenavocats.com\\\/ar\\\/cour-dappel-le-13-fevrier-2025-n24-05431\\\/#breadcrumb\"},\"inLanguage\":\"ar\",\"potentialAction\":[{\"@type\":\"ReadAction\",\"target\":[\"https:\\\/\\\/kohenavocats.com\\\/ar\\\/cour-dappel-le-13-fevrier-2025-n24-05431\\\/\"]}]},{\"@type\":\"ImageObject\",\"inLanguage\":\"ar\",\"@id\":\"https:\\\/\\\/kohenavocats.com\\\/ar\\\/cour-dappel-le-13-fevrier-2025-n24-05431\\\/#primaryimage\",\"url\":\"https:\\\/\\\/kohenavocats.com\\\/wp-content\\\/uploads\\\/2024\\\/11\\\/anita-austvika-uIEL3NE30xk-unsplash-1.webp\",\"contentUrl\":\"https:\\\/\\\/kohenavocats.com\\\/wp-content\\\/uploads\\\/2024\\\/11\\\/anita-austvika-uIEL3NE30xk-unsplash-1.webp\",\"width\":4912,\"height\":7360},{\"@type\":\"BreadcrumbList\",\"@id\":\"https:\\\/\\\/kohenavocats.com\\\/ar\\\/cour-dappel-le-13-fevrier-2025-n24-05431\\\/#breadcrumb\",\"itemListElement\":[{\"@type\":\"ListItem\",\"position\":1,\"name\":\"Home\",\"item\":\"https:\\\/\\\/kohenavocats.com\\\/ar\\\/%d9%85%d8%ad%d8%a7%d9%85%d9%88%d9%86-%d9%85%d8%aa%d8%ae%d8%b5%d8%b5%d9%88%d9%86-%d9%81%d9%8a-%d8%a7%d9%84%d9%82%d8%a7%d9%86%d9%88%d9%86-%d8%a7%d9%84%d8%ac%d9%86%d8%a7%d8%a6%d9%8a-%d8%a8%d8%a8%d8%a7\\\/\"},{\"@type\":\"ListItem\",\"position\":2,\"name\":\"Cour d&rsquo;appel, le 13 f\u00e9vrier 2025, n\u00b024\\\/05431\"}]},{\"@type\":\"WebSite\",\"@id\":\"https:\\\/\\\/kohenavocats.com\\\/ar\\\/#website\",\"url\":\"https:\\\/\\\/kohenavocats.com\\\/ar\\\/\",\"name\":\"Kohen Avocats\",\"description\":\"Ma\u00eetre Hassan Kohen, avocat p\u00e9naliste \u00e0 Paris, intervient exclusivement en droit p\u00e9nal pour la d\u00e9fense des particuliers, notamment en mati\u00e8re d\u2019accusations de viol. Il assure un accompagnement rigoureux d\u00e8s la garde \u00e0 vue jusqu\u2019\u00e0 la Cour d\u2019assises, veillant au strict respect des garanties proc\u00e9durales.\",\"publisher\":{\"@id\":\"https:\\\/\\\/kohenavocats.com\\\/ar\\\/#organization\"},\"potentialAction\":[{\"@type\":\"SearchAction\",\"target\":{\"@type\":\"EntryPoint\",\"urlTemplate\":\"https:\\\/\\\/kohenavocats.com\\\/ar\\\/?s={search_term_string}\"},\"query-input\":{\"@type\":\"PropertyValueSpecification\",\"valueRequired\":true,\"valueName\":\"search_term_string\"}}],\"inLanguage\":\"ar\"},{\"@type\":\"Organization\",\"@id\":\"https:\\\/\\\/kohenavocats.com\\\/ar\\\/#organization\",\"name\":\"Kohen Avocats\",\"url\":\"https:\\\/\\\/kohenavocats.com\\\/ar\\\/\",\"logo\":{\"@type\":\"ImageObject\",\"inLanguage\":\"ar\",\"@id\":\"https:\\\/\\\/kohenavocats.com\\\/ar\\\/#\\\/schema\\\/logo\\\/image\\\/\",\"url\":\"https:\\\/\\\/kohenavocats.com\\\/wp-content\\\/uploads\\\/2026\\\/01\\\/Logo-2-1.webp\",\"contentUrl\":\"https:\\\/\\\/kohenavocats.com\\\/wp-content\\\/uploads\\\/2026\\\/01\\\/Logo-2-1.webp\",\"width\":2114,\"height\":1253,\"caption\":\"Kohen Avocats\"},\"image\":{\"@id\":\"https:\\\/\\\/kohenavocats.com\\\/ar\\\/#\\\/schema\\\/logo\\\/image\\\/\"}},{\"@type\":\"Person\",\"@id\":\"https:\\\/\\\/kohenavocats.com\\\/ar\\\/#\\\/schema\\\/person\\\/761c9ba54fa1ca84d405cef0831ff751\",\"name\":\"Kohen\",\"image\":{\"@type\":\"ImageObject\",\"inLanguage\":\"ar\",\"@id\":\"https:\\\/\\\/secure.gravatar.com\\\/avatar\\\/1c5e76ef76bbbfdd2b4da984e2bf2fa4056fd51a27d25ce2c332047f1dfd6e00?s=96&d=identicon&r=g\",\"url\":\"https:\\\/\\\/secure.gravatar.com\\\/avatar\\\/1c5e76ef76bbbfdd2b4da984e2bf2fa4056fd51a27d25ce2c332047f1dfd6e00?s=96&d=identicon&r=g\",\"contentUrl\":\"https:\\\/\\\/secure.gravatar.com\\\/avatar\\\/1c5e76ef76bbbfdd2b4da984e2bf2fa4056fd51a27d25ce2c332047f1dfd6e00?s=96&d=identicon&r=g\",\"caption\":\"Kohen\"},\"sameAs\":[\"https:\\\/\\\/www.linkedin.com\\\/in\\\/hassan-kohen-448548192\\\/\",\"https:\\\/\\\/www.youtube.com\\\/@Kohen-Avocats\"],\"url\":\"https:\\\/\\\/kohenavocats.com\\\/ar\\\/author\\\/kohenmlk\\\/\"}]}<\/script>\n<!-- \/ Yoast SEO Premium plugin. -->","yoast_head_json":{"title":"Cour d'appel, le 13 f\u00e9vrier 2025, n\u00b024\/05431 - Ma\u00eetre Hassan Kohen, avocat en droit p\u00e9nal \u00e0 Paris","description":"La cour d'appel, statuant en r\u00e9f\u00e9r\u00e9, a rendu un arr\u00eat le 13 f\u00e9vrier 2025. Une soci\u00e9t\u00e9 civile immobili\u00e8re \u00e9tait en conflit entre ses deux associ\u00e9s. L'un d'eux...","robots":{"index":"index","follow":"follow","max-snippet":"max-snippet:-1","max-image-preview":"max-image-preview:large","max-video-preview":"max-video-preview:-1"},"canonical":"https:\/\/kohenavocats.com\/ar\/cour-dappel-le-13-fevrier-2025-n24-05431\/","og_locale":"ar_AR","og_type":"article","og_title":"Cour d'appel, le 13 f\u00e9vrier 2025, n\u00b024\/05431","og_description":"La cour d'appel, statuant en r\u00e9f\u00e9r\u00e9, a rendu un arr\u00eat le 13 f\u00e9vrier 2025. Une soci\u00e9t\u00e9 civile immobili\u00e8re \u00e9tait en conflit entre ses deux associ\u00e9s. L'un d'eux...","og_url":"https:\/\/kohenavocats.com\/ar\/cour-dappel-le-13-fevrier-2025-n24-05431\/","og_site_name":"Ma\u00eetre Hassan Kohen, avocat en droit p\u00e9nal \u00e0 Paris","article_published_time":"2026-04-24T03:16:28+00:00","article_modified_time":"2026-04-26T16:10:15+00:00","og_image":[{"width":4912,"height":7360,"url":"https:\/\/kohenavocats.com\/wp-content\/uploads\/2024\/11\/anita-austvika-uIEL3NE30xk-unsplash-1.webp","type":"image\/webp"}],"author":"Kohen","twitter_card":"summary_large_image","twitter_misc":{"\u0643\u064f\u062a\u0628 \u0628\u0648\u0627\u0633\u0637\u0629":"Kohen","\u0648\u0642\u062a \u0627\u0644\u0642\u0631\u0627\u0621\u0629 \u0627\u0644\u0645\u064f\u0642\u062f\u0651\u0631":"3 \u062f\u0642\u0627\u0626\u0642"},"schema":{"@context":"https:\/\/schema.org","@graph":[{"@type":"Article","@id":"https:\/\/kohenavocats.com\/ar\/cour-dappel-le-13-fevrier-2025-n24-05431\/#article","isPartOf":{"@id":"https:\/\/kohenavocats.com\/ar\/cour-dappel-le-13-fevrier-2025-n24-05431\/"},"author":{"name":"Kohen","@id":"https:\/\/kohenavocats.com\/ar\/#\/schema\/person\/761c9ba54fa1ca84d405cef0831ff751"},"headline":"Cour d&#8217;appel, le 13 f\u00e9vrier 2025, n\u00b024\/05431","datePublished":"2026-04-24T03:16:28+00:00","dateModified":"2026-04-26T16:10:15+00:00","mainEntityOfPage":{"@id":"https:\/\/kohenavocats.com\/ar\/cour-dappel-le-13-fevrier-2025-n24-05431\/"},"wordCount":626,"commentCount":0,"publisher":{"@id":"https:\/\/kohenavocats.com\/ar\/#organization"},"image":{"@id":"https:\/\/kohenavocats.com\/ar\/cour-dappel-le-13-fevrier-2025-n24-05431\/#primaryimage"},"thumbnailUrl":"https:\/\/kohenavocats.com\/wp-content\/uploads\/2024\/11\/anita-austvika-uIEL3NE30xk-unsplash-1.webp","articleSection":["Jurisprudence"],"inLanguage":"ar","potentialAction":[{"@type":"CommentAction","name":"Comment","target":["https:\/\/kohenavocats.com\/ar\/cour-dappel-le-13-fevrier-2025-n24-05431\/#respond"]}],"citation":"Cour d&#8217;appel, le 13 f\u00e9vrier 2025, n\u00b024\/05431","about":[{"@type":"Thing","name":"Jurisprudence"}],"speakable":{"@type":"SpeakableSpecification","cssSelector":[".article-content > p:first-of-type"]}},{"@type":"WebPage","@id":"https:\/\/kohenavocats.com\/ar\/cour-dappel-le-13-fevrier-2025-n24-05431\/","url":"https:\/\/kohenavocats.com\/ar\/cour-dappel-le-13-fevrier-2025-n24-05431\/","name":"Cour d'appel, le 13 f\u00e9vrier 2025, n\u00b024\/05431 - Ma\u00eetre Hassan Kohen, avocat en droit p\u00e9nal \u00e0 Paris","isPartOf":{"@id":"https:\/\/kohenavocats.com\/ar\/#website"},"primaryImageOfPage":{"@id":"https:\/\/kohenavocats.com\/ar\/cour-dappel-le-13-fevrier-2025-n24-05431\/#primaryimage"},"image":{"@id":"https:\/\/kohenavocats.com\/ar\/cour-dappel-le-13-fevrier-2025-n24-05431\/#primaryimage"},"thumbnailUrl":"https:\/\/kohenavocats.com\/wp-content\/uploads\/2024\/11\/anita-austvika-uIEL3NE30xk-unsplash-1.webp","datePublished":"2026-04-24T03:16:28+00:00","dateModified":"2026-04-26T16:10:15+00:00","description":"La cour d'appel, statuant en r\u00e9f\u00e9r\u00e9, a rendu un arr\u00eat le 13 f\u00e9vrier 2025. Une soci\u00e9t\u00e9 civile immobili\u00e8re \u00e9tait en conflit entre ses deux associ\u00e9s. L'un d'eux...","breadcrumb":{"@id":"https:\/\/kohenavocats.com\/ar\/cour-dappel-le-13-fevrier-2025-n24-05431\/#breadcrumb"},"inLanguage":"ar","potentialAction":[{"@type":"ReadAction","target":["https:\/\/kohenavocats.com\/ar\/cour-dappel-le-13-fevrier-2025-n24-05431\/"]}]},{"@type":"ImageObject","inLanguage":"ar","@id":"https:\/\/kohenavocats.com\/ar\/cour-dappel-le-13-fevrier-2025-n24-05431\/#primaryimage","url":"https:\/\/kohenavocats.com\/wp-content\/uploads\/2024\/11\/anita-austvika-uIEL3NE30xk-unsplash-1.webp","contentUrl":"https:\/\/kohenavocats.com\/wp-content\/uploads\/2024\/11\/anita-austvika-uIEL3NE30xk-unsplash-1.webp","width":4912,"height":7360},{"@type":"BreadcrumbList","@id":"https:\/\/kohenavocats.com\/ar\/cour-dappel-le-13-fevrier-2025-n24-05431\/#breadcrumb","itemListElement":[{"@type":"ListItem","position":1,"name":"Home","item":"https:\/\/kohenavocats.com\/ar\/%d9%85%d8%ad%d8%a7%d9%85%d9%88%d9%86-%d9%85%d8%aa%d8%ae%d8%b5%d8%b5%d9%88%d9%86-%d9%81%d9%8a-%d8%a7%d9%84%d9%82%d8%a7%d9%86%d9%88%d9%86-%d8%a7%d9%84%d8%ac%d9%86%d8%a7%d8%a6%d9%8a-%d8%a8%d8%a8%d8%a7\/"},{"@type":"ListItem","position":2,"name":"Cour d&rsquo;appel, le 13 f\u00e9vrier 2025, n\u00b024\/05431"}]},{"@type":"WebSite","@id":"https:\/\/kohenavocats.com\/ar\/#website","url":"https:\/\/kohenavocats.com\/ar\/","name":"Kohen Avocats","description":"Ma\u00eetre Hassan Kohen, avocat p\u00e9naliste \u00e0 Paris, intervient exclusivement en droit p\u00e9nal pour la d\u00e9fense des particuliers, notamment en mati\u00e8re d\u2019accusations de viol. Il assure un accompagnement rigoureux d\u00e8s la garde \u00e0 vue jusqu\u2019\u00e0 la Cour d\u2019assises, veillant au strict respect des garanties proc\u00e9durales.","publisher":{"@id":"https:\/\/kohenavocats.com\/ar\/#organization"},"potentialAction":[{"@type":"SearchAction","target":{"@type":"EntryPoint","urlTemplate":"https:\/\/kohenavocats.com\/ar\/?s={search_term_string}"},"query-input":{"@type":"PropertyValueSpecification","valueRequired":true,"valueName":"search_term_string"}}],"inLanguage":"ar"},{"@type":"Organization","@id":"https:\/\/kohenavocats.com\/ar\/#organization","name":"Kohen Avocats","url":"https:\/\/kohenavocats.com\/ar\/","logo":{"@type":"ImageObject","inLanguage":"ar","@id":"https:\/\/kohenavocats.com\/ar\/#\/schema\/logo\/image\/","url":"https:\/\/kohenavocats.com\/wp-content\/uploads\/2026\/01\/Logo-2-1.webp","contentUrl":"https:\/\/kohenavocats.com\/wp-content\/uploads\/2026\/01\/Logo-2-1.webp","width":2114,"height":1253,"caption":"Kohen Avocats"},"image":{"@id":"https:\/\/kohenavocats.com\/ar\/#\/schema\/logo\/image\/"}},{"@type":"Person","@id":"https:\/\/kohenavocats.com\/ar\/#\/schema\/person\/761c9ba54fa1ca84d405cef0831ff751","name":"Kohen","image":{"@type":"ImageObject","inLanguage":"ar","@id":"https:\/\/secure.gravatar.com\/avatar\/1c5e76ef76bbbfdd2b4da984e2bf2fa4056fd51a27d25ce2c332047f1dfd6e00?s=96&d=identicon&r=g","url":"https:\/\/secure.gravatar.com\/avatar\/1c5e76ef76bbbfdd2b4da984e2bf2fa4056fd51a27d25ce2c332047f1dfd6e00?s=96&d=identicon&r=g","contentUrl":"https:\/\/secure.gravatar.com\/avatar\/1c5e76ef76bbbfdd2b4da984e2bf2fa4056fd51a27d25ce2c332047f1dfd6e00?s=96&d=identicon&r=g","caption":"Kohen"},"sameAs":["https:\/\/www.linkedin.com\/in\/hassan-kohen-448548192\/","https:\/\/www.youtube.com\/@Kohen-Avocats"],"url":"https:\/\/kohenavocats.com\/ar\/author\/kohenmlk\/"}]}},"jetpack_featured_media_url":"https:\/\/kohenavocats.com\/wp-content\/uploads\/2024\/11\/anita-austvika-uIEL3NE30xk-unsplash-1.webp","jetpack_likes_enabled":false,"jetpack_shortlink":"https:\/\/wp.me\/peCrII-2NXI","jetpack-related-posts":[{"id":486774,"url":"https:\/\/kohenavocats.com\/ar\/cour-dappel-de-aix-en-provence-le-27-novembre-2025-n2025r00052\/","url_meta":{"origin":668714,"position":0},"title":"Cour d&#8217;appel de Aix-en-Provence, le 27 novembre 2025, n\u00b02025R00052","author":"Kohen","date":"8 \u0623\u0628\u0631\u064a\u0644\u060c 2026","format":false,"excerpt":"La cour d\u2019appel d\u2019Aix-en-Provence, statuant en r\u00e9f\u00e9r\u00e9 le 27 novembre 2025, examine une demande de nomination d\u2019un administrateur provisoire. Un associ\u00e9 minor...","rel":"","context":"\u0641\u064a &quot;Jurisprudence&quot;","block_context":{"text":"Jurisprudence","link":"https:\/\/kohenavocats.com\/category\/jurisprudence\/"},"img":{"alt_text":"","src":"https:\/\/i0.wp.com\/kohenavocats.com\/wp-content\/uploads\/2024\/08\/philippe-oursel-pWhx6q22d_I-unsplash.webp?resize=350%2C200&ssl=1","width":350,"height":200,"srcset":"https:\/\/i0.wp.com\/kohenavocats.com\/wp-content\/uploads\/2024\/08\/philippe-oursel-pWhx6q22d_I-unsplash.webp?resize=350%2C200&ssl=1 1x, https:\/\/i0.wp.com\/kohenavocats.com\/wp-content\/uploads\/2024\/08\/philippe-oursel-pWhx6q22d_I-unsplash.webp?resize=525%2C300&ssl=1 1.5x, https:\/\/i0.wp.com\/kohenavocats.com\/wp-content\/uploads\/2024\/08\/philippe-oursel-pWhx6q22d_I-unsplash.webp?resize=700%2C400&ssl=1 2x, https:\/\/i0.wp.com\/kohenavocats.com\/wp-content\/uploads\/2024\/08\/philippe-oursel-pWhx6q22d_I-unsplash.webp?resize=1050%2C600&ssl=1 3x, https:\/\/i0.wp.com\/kohenavocats.com\/wp-content\/uploads\/2024\/08\/philippe-oursel-pWhx6q22d_I-unsplash.webp?resize=1400%2C800&ssl=1 4x"},"classes":[]},{"id":657685,"url":"https:\/\/kohenavocats.com\/ar\/cour-dappel-de-caen-le-11-fevrier-2025-n25-00330\/","url_meta":{"origin":668714,"position":1},"title":"Cour d&#8217;appel de Caen, le 11 f\u00e9vrier 2025, n\u00b025\/00330","author":"Kohen","date":"23 \u0623\u0628\u0631\u064a\u0644\u060c 2026","format":false,"excerpt":"La Cour d\u2019appel de Caen, statuant publiquement le 11 f\u00e9vrier 2025, confirme l\u2019ordonnance de r\u00e9f\u00e9r\u00e9 du pr\u00e9sident du tribunal judiciaire de Caen. La d\u00e9cision r...","rel":"","context":"\u0641\u064a &quot;Jurisprudence&quot;","block_context":{"text":"Jurisprudence","link":"https:\/\/kohenavocats.com\/category\/jurisprudence\/"},"img":{"alt_text":"","src":"https:\/\/i0.wp.com\/kohenavocats.com\/wp-content\/uploads\/2024\/08\/dillon-t-lHQ7gU7SgdM-unsplash.webp?resize=350%2C200&ssl=1","width":350,"height":200,"srcset":"https:\/\/i0.wp.com\/kohenavocats.com\/wp-content\/uploads\/2024\/08\/dillon-t-lHQ7gU7SgdM-unsplash.webp?resize=350%2C200&ssl=1 1x, https:\/\/i0.wp.com\/kohenavocats.com\/wp-content\/uploads\/2024\/08\/dillon-t-lHQ7gU7SgdM-unsplash.webp?resize=525%2C300&ssl=1 1.5x, https:\/\/i0.wp.com\/kohenavocats.com\/wp-content\/uploads\/2024\/08\/dillon-t-lHQ7gU7SgdM-unsplash.webp?resize=700%2C400&ssl=1 2x, https:\/\/i0.wp.com\/kohenavocats.com\/wp-content\/uploads\/2024\/08\/dillon-t-lHQ7gU7SgdM-unsplash.webp?resize=1050%2C600&ssl=1 3x, https:\/\/i0.wp.com\/kohenavocats.com\/wp-content\/uploads\/2024\/08\/dillon-t-lHQ7gU7SgdM-unsplash.webp?resize=1400%2C800&ssl=1 4x"},"classes":[]},{"id":650605,"url":"https:\/\/kohenavocats.com\/ar\/tribunal-judiciaire-de-saint-denis-de-la-reunion-le-2-octobre-2025-n25-00045\/","url_meta":{"origin":668714,"position":2},"title":"Tribunal judiciaire de Saint-Denis de La R\u00e9union, le 2 octobre 2025, n\u00b025\/00045","author":"Kohen","date":"22 \u0623\u0628\u0631\u064a\u0644\u060c 2026","format":false,"excerpt":"Le tribunal judiciaire, statuant en r\u00e9f\u00e9r\u00e9, a \u00e9t\u00e9 saisi d\u2019une demande concernant une SCI en conflit. Le juge a examin\u00e9 la d\u00e9signation d\u2019un administrateur pro...","rel":"","context":"\u0641\u064a &quot;Jurisprudence&quot;","block_context":{"text":"Jurisprudence","link":"https:\/\/kohenavocats.com\/category\/jurisprudence\/"},"img":{"alt_text":"","src":"https:\/\/i0.wp.com\/kohenavocats.com\/wp-content\/uploads\/2024\/11\/getty-images-naEd2MpzkNU-unsplash.webp?resize=350%2C200&ssl=1","width":350,"height":200,"srcset":"https:\/\/i0.wp.com\/kohenavocats.com\/wp-content\/uploads\/2024\/11\/getty-images-naEd2MpzkNU-unsplash.webp?resize=350%2C200&ssl=1 1x, https:\/\/i0.wp.com\/kohenavocats.com\/wp-content\/uploads\/2024\/11\/getty-images-naEd2MpzkNU-unsplash.webp?resize=525%2C300&ssl=1 1.5x, https:\/\/i0.wp.com\/kohenavocats.com\/wp-content\/uploads\/2024\/11\/getty-images-naEd2MpzkNU-unsplash.webp?resize=700%2C400&ssl=1 2x, https:\/\/i0.wp.com\/kohenavocats.com\/wp-content\/uploads\/2024\/11\/getty-images-naEd2MpzkNU-unsplash.webp?resize=1050%2C600&ssl=1 3x, https:\/\/i0.wp.com\/kohenavocats.com\/wp-content\/uploads\/2024\/11\/getty-images-naEd2MpzkNU-unsplash.webp?resize=1400%2C800&ssl=1 4x"},"classes":[]},{"id":623586,"url":"https:\/\/kohenavocats.com\/ar\/associe-evince-societe-bloquee-administrateur-provisoire-mandataire-ad-hoc\/","url_meta":{"origin":668714,"position":3},"title":"Associ\u00e9 \u00e9vinc\u00e9 ou soci\u00e9t\u00e9 bloqu\u00e9e : administrateur provisoire, mandataire ad hoc et preuves d&#8217;urgence","author":"Kohen","date":"20 \u0623\u0628\u0631\u064a\u0644\u060c 2026","format":false,"excerpt":"Associ\u00e9 \u00e9vinc\u00e9, comptes inaccessibles, assembl\u00e9es neutralis\u00e9es: quelles mesures d'urgence demander ? Mandataire ad hoc, administrateur provisoire, preuve du blocage et valorisation des parts.","rel":"","context":"\u0641\u064a &quot;Non cat\u00e9goris\u00e9&quot;","block_context":{"text":"Non cat\u00e9goris\u00e9","link":"https:\/\/kohenavocats.com\/category\/non-categorise\/"},"img":{"alt_text":"","src":"https:\/\/i0.wp.com\/kohenavocats.com\/wp-content\/uploads\/2024\/07\/nathan-cima-OHE90W2rQF4-unsplash.webp?resize=350%2C200&ssl=1","width":350,"height":200,"srcset":"https:\/\/i0.wp.com\/kohenavocats.com\/wp-content\/uploads\/2024\/07\/nathan-cima-OHE90W2rQF4-unsplash.webp?resize=350%2C200&ssl=1 1x, https:\/\/i0.wp.com\/kohenavocats.com\/wp-content\/uploads\/2024\/07\/nathan-cima-OHE90W2rQF4-unsplash.webp?resize=525%2C300&ssl=1 1.5x, https:\/\/i0.wp.com\/kohenavocats.com\/wp-content\/uploads\/2024\/07\/nathan-cima-OHE90W2rQF4-unsplash.webp?resize=700%2C400&ssl=1 2x, https:\/\/i0.wp.com\/kohenavocats.com\/wp-content\/uploads\/2024\/07\/nathan-cima-OHE90W2rQF4-unsplash.webp?resize=1050%2C600&ssl=1 3x, https:\/\/i0.wp.com\/kohenavocats.com\/wp-content\/uploads\/2024\/07\/nathan-cima-OHE90W2rQF4-unsplash.webp?resize=1400%2C800&ssl=1 4x"},"classes":[]},{"id":613583,"url":"https:\/\/kohenavocats.com\/ar\/tribunal-judiciaire-de-saint-pierre-de-la-reunion-le-9-decembre-2025-n25-00301\/","url_meta":{"origin":668714,"position":4},"title":"Tribunal judiciaire de Saint-Pierre de La R\u00e9union, le 9 d\u00e9cembre 2025, n\u00b025\/00301","author":"Kohen","date":"20 \u0623\u0628\u0631\u064a\u0644\u060c 2026","format":false,"excerpt":"Le tribunal judiciaire, statuant en r\u00e9f\u00e9r\u00e9 le 9 d\u00e9cembre 2025, examine une demande de d\u00e9signation d\u2019un administrateur provisoire. La soci\u00e9t\u00e9 civile immobili\u00e8...","rel":"","context":"\u0641\u064a &quot;Jurisprudence&quot;","block_context":{"text":"Jurisprudence","link":"https:\/\/kohenavocats.com\/category\/jurisprudence\/"},"img":{"alt_text":"","src":"https:\/\/i0.wp.com\/kohenavocats.com\/wp-content\/uploads\/2024\/11\/pawel-czerwinski-EPAQ0_u0VZo-unsplash.webp?resize=350%2C200&ssl=1","width":350,"height":200,"srcset":"https:\/\/i0.wp.com\/kohenavocats.com\/wp-content\/uploads\/2024\/11\/pawel-czerwinski-EPAQ0_u0VZo-unsplash.webp?resize=350%2C200&ssl=1 1x, https:\/\/i0.wp.com\/kohenavocats.com\/wp-content\/uploads\/2024\/11\/pawel-czerwinski-EPAQ0_u0VZo-unsplash.webp?resize=525%2C300&ssl=1 1.5x, https:\/\/i0.wp.com\/kohenavocats.com\/wp-content\/uploads\/2024\/11\/pawel-czerwinski-EPAQ0_u0VZo-unsplash.webp?resize=700%2C400&ssl=1 2x, https:\/\/i0.wp.com\/kohenavocats.com\/wp-content\/uploads\/2024\/11\/pawel-czerwinski-EPAQ0_u0VZo-unsplash.webp?resize=1050%2C600&ssl=1 3x, https:\/\/i0.wp.com\/kohenavocats.com\/wp-content\/uploads\/2024\/11\/pawel-czerwinski-EPAQ0_u0VZo-unsplash.webp?resize=1400%2C800&ssl=1 4x"},"classes":[]},{"id":416273,"url":"https:\/\/kohenavocats.com\/ar\/cour-dappel-de-bastia-le-23-mai-2012-n11-00598\/","url_meta":{"origin":668714,"position":5},"title":"Cour d&#8217;appel de Bastia, le 23 mai 2012, n\u00b011\/00598","author":"Kohen","date":"22 \u0645\u0627\u0631\u0633\u060c 2026","format":false,"excerpt":"La Cour d\u2019appel de Bastia, dans un arr\u00eat du 23 mai 2012, se prononce sur la validit\u00e9 d\u2019une ordonnance de r\u00e9f\u00e9r\u00e9 r\u00e9tractant la d\u00e9signation d\u2019un administrateur provisoire. Une associ\u00e9e minoritaire avait obtenu cette d\u00e9signation sur requ\u00eate, invoquant des agissements r\u00e9pr\u00e9hensibles du g\u00e9rant. Le pr\u00e9sident du Tribunal de commerce d\u2019Ajaccio a\u2026","rel":"","context":"\u0641\u064a &quot;Cour d'appel&quot;","block_context":{"text":"Cour d'appel","link":"https:\/\/kohenavocats.com\/category\/cour-dappel\/"},"img":{"alt_text":"","src":"https:\/\/i0.wp.com\/kohenavocats.com\/wp-content\/uploads\/2024\/08\/viktor-hesse-qPwYg5s1Fs-unsplash.webp?resize=350%2C200&ssl=1","width":350,"height":200,"srcset":"https:\/\/i0.wp.com\/kohenavocats.com\/wp-content\/uploads\/2024\/08\/viktor-hesse-qPwYg5s1Fs-unsplash.webp?resize=350%2C200&ssl=1 1x, https:\/\/i0.wp.com\/kohenavocats.com\/wp-content\/uploads\/2024\/08\/viktor-hesse-qPwYg5s1Fs-unsplash.webp?resize=525%2C300&ssl=1 1.5x, https:\/\/i0.wp.com\/kohenavocats.com\/wp-content\/uploads\/2024\/08\/viktor-hesse-qPwYg5s1Fs-unsplash.webp?resize=700%2C400&ssl=1 2x, https:\/\/i0.wp.com\/kohenavocats.com\/wp-content\/uploads\/2024\/08\/viktor-hesse-qPwYg5s1Fs-unsplash.webp?resize=1050%2C600&ssl=1 3x, https:\/\/i0.wp.com\/kohenavocats.com\/wp-content\/uploads\/2024\/08\/viktor-hesse-qPwYg5s1Fs-unsplash.webp?resize=1400%2C800&ssl=1 4x"},"classes":[]}],"jetpack_sharing_enabled":true,"_links":{"self":[{"href":"https:\/\/kohenavocats.com\/ar\/wp-json\/wp\/v2\/posts\/668714","targetHints":{"allow":["GET"]}}],"collection":[{"href":"https:\/\/kohenavocats.com\/ar\/wp-json\/wp\/v2\/posts"}],"about":[{"href":"https:\/\/kohenavocats.com\/ar\/wp-json\/wp\/v2\/types\/post"}],"author":[{"embeddable":true,"href":"https:\/\/kohenavocats.com\/ar\/wp-json\/wp\/v2\/users\/232070755"}],"replies":[{"embeddable":true,"href":"https:\/\/kohenavocats.com\/ar\/wp-json\/wp\/v2\/comments?post=668714"}],"version-history":[{"count":1,"href":"https:\/\/kohenavocats.com\/ar\/wp-json\/wp\/v2\/posts\/668714\/revisions"}],"predecessor-version":[{"id":695563,"href":"https:\/\/kohenavocats.com\/ar\/wp-json\/wp\/v2\/posts\/668714\/revisions\/695563"}],"wp:featuredmedia":[{"embeddable":true,"href":"https:\/\/kohenavocats.com\/ar\/wp-json\/wp\/v2\/media\/9713"}],"wp:attachment":[{"href":"https:\/\/kohenavocats.com\/ar\/wp-json\/wp\/v2\/media?parent=668714"}],"wp:term":[{"taxonomy":"category","embeddable":true,"href":"https:\/\/kohenavocats.com\/ar\/wp-json\/wp\/v2\/categories?post=668714"},{"taxonomy":"post_tag","embeddable":true,"href":"https:\/\/kohenavocats.com\/ar\/wp-json\/wp\/v2\/tags?post=668714"}],"curies":[{"name":"wp","href":"https:\/\/api.w.org\/{rel}","templated":true}]}}