{"id":668716,"date":"2026-04-24T05:16:43","date_gmt":"2026-04-24T03:16:43","guid":{"rendered":"https:\/\/kohenavocats.com\/cour-dappel-de-grenoble-le-10-juillet-2025-n24-00358\/"},"modified":"2026-04-24T05:16:43","modified_gmt":"2026-04-24T03:16:43","slug":"cour-dappel-de-grenoble-le-10-juillet-2025-n24-00358","status":"publish","type":"post","link":"https:\/\/kohenavocats.com\/ar\/cour-dappel-de-grenoble-le-10-juillet-2025-n24-00358\/","title":{"rendered":"Cour d&#8217;appel de Grenoble, le 10 juillet 2025, n\u00b024\/00358"},"content":{"rendered":"<div class=\"article-content\">\n<p>La cour d&#8217;appel de Grenoble, statuant le 10 juillet 2025, rejette un pourvoi contre un jugement ayant refus\u00e9 l&#8217;allocation aux adultes handicap\u00e9s. Le requ\u00e9rant, pr\u00e9sentant un taux d&#8217;incapacit\u00e9 compris entre cinquante et soixante-dix-neuf pour cent, contestait le refus de reconnaissance d&#8217;une restriction substantielle et durable pour l&#8217;acc\u00e8s \u00e0 l&#8217;emploi. La juridiction confirme le jugement d\u00e9f\u00e9r\u00e9 en estimant que les conditions l\u00e9gales ne sont pas remplies.<\/p>\n<p>L&#8217;appr\u00e9ciation stricte de la restriction substantielle<\/p>\n<p>La cour proc\u00e8de \u00e0 une analyse rigoureuse des \u00e9l\u00e9ments de preuve apport\u00e9s par le requ\u00e9rant. Elle rappelle que la restriction doit \u00eatre li\u00e9e au handicap lui-m\u00eame et non \u00e0 d&#8217;autres facteurs socio-professionnels. Les difficult\u00e9s invoqu\u00e9es, telles que l&#8217;analphab\u00e9tisme ou l&#8217;absence de dipl\u00f4me, sont ainsi \u00e9cart\u00e9es. &#8220;Par ailleurs, les difficult\u00e9s qu&#8217;il rencontre du fait de son analphab\u00e9tisme et de son absence de dipl\u00f4me sont inop\u00e9rantes pour d\u00e9montrer qu&#8217;il rencontrait une restriction substantielle et durable \u00e0 l&#8217;emploi justifiant l&#8217;attribution d&#8217;une AAH d\u00e8s lors que ces difficult\u00e9s ne r\u00e9sultent pas de son handicap.&#8221; (Motifs)<\/p>\n<p>Cette approche restrictive vise \u00e0 circonscrire le b\u00e9n\u00e9fice de l&#8217;allocation aux seules cons\u00e9quences directes du handicap. Elle aligne l&#8217;interpr\u00e9tation judiciaire sur la lettre du texte r\u00e9glementaire, lequel exige que les difficult\u00e9s importantes d&#8217;acc\u00e8s \u00e0 l&#8217;emploi soient li\u00e9es au handicap. La port\u00e9e de cette analyse est de recentrer le d\u00e9bat sur l&#8217;incapacit\u00e9 m\u00e9dicale et ses r\u00e9percussions fonctionnelles pr\u00e9cises.<\/p>\n<p>L&#8217;exigence probatoire des d\u00e9marches actives d&#8217;insertion<\/p>\n<p>La d\u00e9cision exige du demandeur la d\u00e9monstration de tentatives concr\u00e8tes et infructueuses de retour \u00e0 l&#8217;emploi. La production de contrats de formation est jug\u00e9e insuffisante sans preuve de recherches d&#8217;emploi subs\u00e9quentes. &#8220;Si M. [V] produit des contrats de formation professionnelle attestant qu&#8217;il a entrepris des d\u00e9marches de reconversion, il ne justifie pas avoir entrepris, \u00e0 la suite de ces formations, de d\u00e9marches concr\u00e8tes de recherches d&#8217;emplois.&#8221; (Motifs)<\/p>\n<p>Cette exigence place une charge probatoire significative sur le requ\u00e9rant, qui doit attester d&#8217;efforts actifs et de leur \u00e9chec imputable au handicap. La valeur de cette jurisprudence est de pr\u00e9ciser les attendus de l&#8217;article D. 821-1-2 du code de la s\u00e9curit\u00e9 sociale concernant le caract\u00e8re insurmontable de la restriction. Elle rejoint une jurisprudence constante exigeant une modification de l&#8217;\u00e9tat de la victime pour revoir un taux d&#8217;incapacit\u00e9. &#8220;Qu&#8217;en statuant ainsi, alors qu&#8217;il ne r\u00e9sultait pas de ses constatations que l&#8217;\u00e9tat des s\u00e9quelles de la victime avait \u00e9t\u00e9 modifi\u00e9 depuis la fixation \u00e0 15 % du taux qui lui avait \u00e9t\u00e9 pr\u00e9c\u00e9demment notifi\u00e9 au titre de son incapacit\u00e9 permanente partielle, la Cour nationale a viol\u00e9 les textes susvis\u00e9s ;&#8221; (Cass. Deuxi\u00e8me chambre civile, le 29 mai 2019, n\u00b018-13.495)<\/p>\n<p>La confirmation des conditions cumulatives d&#8217;attribution<\/p>\n<p>L&#8217;arr\u00eat op\u00e8re une application combin\u00e9e des textes fondateurs du r\u00e9gime de l&#8217;allocation. Il rappelle le cadre l\u00e9gal et r\u00e9glementaire qui conditionne l&#8217;octroi du b\u00e9n\u00e9fice. &#8220;Il r\u00e9sulte de la combinaison des articles L. 821-1, L.821-2 et D. 821-1 du code de la s\u00e9curit\u00e9 sociale que le b\u00e9n\u00e9fice d&#8217;une allocation \u00e0 adulte handicap\u00e9 est reconnu \u00e0 toute personne dont le taux d&#8217;incapacit\u00e9 permanente est au moins \u00e9gal \u00e0 80 % ou dont le taux d&#8217;incapacit\u00e9 permanente est compris entre 50 et 79 % avec reconnaissance, compte tenu de son handicap, d&#8217;une restriction substantielle et durable d&#8217;acc\u00e8s \u00e0 l&#8217;emploi.&#8221; (Cour d&#8217;appel de Grenoble, le 10 juillet 2025, n\u00b024\/03091)<\/p>\n<p>Ce rappel a pour sens de souligner le caract\u00e8re alternatif des deux volets du dispositif, tout en insistant sur la rigueur de l&#8217;appr\u00e9ciation pour le second. La port\u00e9e de la d\u00e9cision est ainsi de r\u00e9affirmer l&#8217;int\u00e9grit\u00e9 des conditions d&#8217;attribution, en refusant toute dilution des crit\u00e8res l\u00e9gaux au nom de consid\u00e9rations sociales ext\u00e9rieures.<\/p>\n<p>Le renforcement du contr\u00f4le judiciaire sur l&#8217;appr\u00e9ciation administrative<\/p>\n<p>En examinant minutieusement chaque argument du requ\u00e9rant, la cour exerce un contr\u00f4le complet de l&#8217;appr\u00e9ciation de la restriction d&#8217;acc\u00e8s \u00e0 l&#8217;emploi. Elle v\u00e9rifie l&#8217;absence de preuve quant \u00e0 l&#8217;impossibilit\u00e9 d&#8217;un am\u00e9nagement de poste ou d&#8217;une activit\u00e9 en milieu prot\u00e9g\u00e9. &#8220;Il ne d\u00e9montre pas que son handicap entraverait l&#8217;exercice d&#8217;une activit\u00e9 adapt\u00e9e dans une dur\u00e9e sup\u00e9rieure ou \u00e9gale \u00e0 un mi-temps, en milieu ordinaire ou prot\u00e9g\u00e9.&#8221; (Motifs)<\/p>\n<p>Cette d\u00e9marche judiciaire approfondie consolide les garanties proc\u00e9durales des demandeurs. Sa valeur r\u00e9side dans l&#8217;effectivit\u00e9 du recours contre les d\u00e9cisions administratives de refus. La jurisprudence contribue ainsi \u00e0 d\u00e9finir un standard probatoire clair, orientant tant l&#8217;action des commissions administratives que les strat\u00e9gies de contentieux des requ\u00e9rants.<\/p>\n<\/div>\n","protected":false},"excerpt":{"rendered":"<p>La cour d&#8217;appel de Grenoble, statuant le 10 juillet 2025, rejette un pourvoi contre un jugement ayant refus\u00e9 l&#8217;allocation aux adultes handicap\u00e9s. Le requ\u00e9ran&#8230;<\/p>\n","protected":false},"author":232070755,"featured_media":9583,"comment_status":"open","ping_status":"open","sticky":false,"template":"","format":"standard","meta":{"_crdt_document":"","_jetpack_newsletter_access":"","_jetpack_dont_email_post_to_subs":false,"_jetpack_newsletter_tier_id":0,"_jetpack_memberships_contains_paywalled_content":false,"_kj_source_type":"","_kj_official_id":"","_kj_official_url":"","_kj_judilibre_id":"","_kj_jur":"","_kj_lieu":"","_kj_chambre":"","_kj_rg":"","_kj_date":"","_jetpack_memberships_contains_paid_content":false,"footnotes":"","jetpack_post_was_ever_published":false},"categories":[7597],"tags":[],"class_list":["post-668716","post","type-post","status-publish","format-standard","has-post-thumbnail","hentry","category-jurisprudence"],"yoast_head":"<!-- This site is optimized with the Yoast SEO Premium plugin v27.4 (Yoast SEO v27.4) - https:\/\/yoast.com\/product\/yoast-seo-premium-wordpress\/ -->\n<title>Cour d&#039;appel de Grenoble, le 10 juillet 2025, n\u00b024\/00358 - Ma\u00eetre Hassan Kohen, avocat en droit p\u00e9nal \u00e0 Paris<\/title>\n<meta name=\"description\" content=\"La cour d&#039;appel de Grenoble, statuant le 10 juillet 2025, rejette un pourvoi contre un jugement ayant refus\u00e9 l&#039;allocation aux adultes handicap\u00e9s. Le requ\u00e9ran...\" \/>\n<meta name=\"robots\" content=\"index, follow, max-snippet:-1, max-image-preview:large, max-video-preview:-1\" \/>\n<link rel=\"canonical\" href=\"https:\/\/kohenavocats.com\/ar\/cour-dappel-de-grenoble-le-10-juillet-2025-n24-00358\/\" \/>\n<meta property=\"og:locale\" content=\"ar_AR\" \/>\n<meta property=\"og:type\" content=\"article\" \/>\n<meta property=\"og:title\" content=\"Cour d&#039;appel de Grenoble, le 10 juillet 2025, n\u00b024\/00358\" \/>\n<meta property=\"og:description\" content=\"La cour d&#039;appel de Grenoble, statuant le 10 juillet 2025, rejette un pourvoi contre un jugement ayant refus\u00e9 l&#039;allocation aux adultes handicap\u00e9s. Le requ\u00e9ran...\" \/>\n<meta property=\"og:url\" content=\"https:\/\/kohenavocats.com\/ar\/cour-dappel-de-grenoble-le-10-juillet-2025-n24-00358\/\" \/>\n<meta property=\"og:site_name\" content=\"Ma\u00eetre Hassan Kohen, avocat en droit p\u00e9nal \u00e0 Paris\" \/>\n<meta property=\"article:published_time\" content=\"2026-04-24T03:16:43+00:00\" \/>\n<meta property=\"og:image\" content=\"https:\/\/kohenavocats.com\/wp-content\/uploads\/2024\/11\/leandra-rieger-LrXNGasPQ2M-unsplash.webp\" \/>\n\t<meta property=\"og:image:width\" content=\"4000\" \/>\n\t<meta property=\"og:image:height\" content=\"6000\" \/>\n\t<meta property=\"og:image:type\" content=\"image\/webp\" \/>\n<meta name=\"author\" content=\"Kohen\" \/>\n<meta name=\"twitter:card\" content=\"summary_large_image\" \/>\n<meta name=\"twitter:label1\" content=\"\u0643\u064f\u062a\u0628 \u0628\u0648\u0627\u0633\u0637\u0629\" \/>\n\t<meta name=\"twitter:data1\" content=\"Kohen\" \/>\n\t<meta name=\"twitter:label2\" content=\"\u0648\u0642\u062a \u0627\u0644\u0642\u0631\u0627\u0621\u0629 \u0627\u0644\u0645\u064f\u0642\u062f\u0651\u0631\" \/>\n\t<meta name=\"twitter:data2\" content=\"4 \u062f\u0642\u0627\u0626\u0642\" \/>\n<script type=\"application\/ld+json\" class=\"yoast-schema-graph\">{\"@context\":\"https:\\\/\\\/schema.org\",\"@graph\":[{\"@type\":\"Article\",\"@id\":\"https:\\\/\\\/kohenavocats.com\\\/ar\\\/cour-dappel-de-grenoble-le-10-juillet-2025-n24-00358\\\/#article\",\"isPartOf\":{\"@id\":\"https:\\\/\\\/kohenavocats.com\\\/ar\\\/cour-dappel-de-grenoble-le-10-juillet-2025-n24-00358\\\/\"},\"author\":{\"name\":\"Kohen\",\"@id\":\"https:\\\/\\\/kohenavocats.com\\\/ar\\\/#\\\/schema\\\/person\\\/761c9ba54fa1ca84d405cef0831ff751\"},\"headline\":\"Cour d&#8217;appel de Grenoble, le 10 juillet 2025, n\u00b024\\\/00358\",\"datePublished\":\"2026-04-24T03:16:43+00:00\",\"mainEntityOfPage\":{\"@id\":\"https:\\\/\\\/kohenavocats.com\\\/ar\\\/cour-dappel-de-grenoble-le-10-juillet-2025-n24-00358\\\/\"},\"wordCount\":844,\"commentCount\":0,\"publisher\":{\"@id\":\"https:\\\/\\\/kohenavocats.com\\\/ar\\\/#organization\"},\"image\":{\"@id\":\"https:\\\/\\\/kohenavocats.com\\\/ar\\\/cour-dappel-de-grenoble-le-10-juillet-2025-n24-00358\\\/#primaryimage\"},\"thumbnailUrl\":\"https:\\\/\\\/kohenavocats.com\\\/wp-content\\\/uploads\\\/2024\\\/11\\\/leandra-rieger-LrXNGasPQ2M-unsplash.webp\",\"articleSection\":[\"Jurisprudence\"],\"inLanguage\":\"ar\",\"potentialAction\":[{\"@type\":\"CommentAction\",\"name\":\"Comment\",\"target\":[\"https:\\\/\\\/kohenavocats.com\\\/ar\\\/cour-dappel-de-grenoble-le-10-juillet-2025-n24-00358\\\/#respond\"]}],\"citation\":\"Cour d&#8217;appel de Grenoble, le 10 juillet 2025, n\u00b024\\\/00358\",\"about\":[{\"@type\":\"Thing\",\"name\":\"Jurisprudence\"}],\"dateModified\":\"2026-04-24T03:16:43+00:00\",\"speakable\":{\"@type\":\"SpeakableSpecification\",\"cssSelector\":[\".article-content > p:first-of-type\"]}},{\"@type\":\"WebPage\",\"@id\":\"https:\\\/\\\/kohenavocats.com\\\/ar\\\/cour-dappel-de-grenoble-le-10-juillet-2025-n24-00358\\\/\",\"url\":\"https:\\\/\\\/kohenavocats.com\\\/ar\\\/cour-dappel-de-grenoble-le-10-juillet-2025-n24-00358\\\/\",\"name\":\"Cour d'appel de Grenoble, le 10 juillet 2025, n\u00b024\\\/00358 - Ma\u00eetre Hassan Kohen, avocat en droit p\u00e9nal \u00e0 Paris\",\"isPartOf\":{\"@id\":\"https:\\\/\\\/kohenavocats.com\\\/ar\\\/#website\"},\"primaryImageOfPage\":{\"@id\":\"https:\\\/\\\/kohenavocats.com\\\/ar\\\/cour-dappel-de-grenoble-le-10-juillet-2025-n24-00358\\\/#primaryimage\"},\"image\":{\"@id\":\"https:\\\/\\\/kohenavocats.com\\\/ar\\\/cour-dappel-de-grenoble-le-10-juillet-2025-n24-00358\\\/#primaryimage\"},\"thumbnailUrl\":\"https:\\\/\\\/kohenavocats.com\\\/wp-content\\\/uploads\\\/2024\\\/11\\\/leandra-rieger-LrXNGasPQ2M-unsplash.webp\",\"datePublished\":\"2026-04-24T03:16:43+00:00\",\"description\":\"La cour d'appel de Grenoble, statuant le 10 juillet 2025, rejette un pourvoi contre un jugement ayant refus\u00e9 l'allocation aux adultes handicap\u00e9s. Le requ\u00e9ran...\",\"breadcrumb\":{\"@id\":\"https:\\\/\\\/kohenavocats.com\\\/ar\\\/cour-dappel-de-grenoble-le-10-juillet-2025-n24-00358\\\/#breadcrumb\"},\"inLanguage\":\"ar\",\"potentialAction\":[{\"@type\":\"ReadAction\",\"target\":[\"https:\\\/\\\/kohenavocats.com\\\/ar\\\/cour-dappel-de-grenoble-le-10-juillet-2025-n24-00358\\\/\"]}]},{\"@type\":\"ImageObject\",\"inLanguage\":\"ar\",\"@id\":\"https:\\\/\\\/kohenavocats.com\\\/ar\\\/cour-dappel-de-grenoble-le-10-juillet-2025-n24-00358\\\/#primaryimage\",\"url\":\"https:\\\/\\\/kohenavocats.com\\\/wp-content\\\/uploads\\\/2024\\\/11\\\/leandra-rieger-LrXNGasPQ2M-unsplash.webp\",\"contentUrl\":\"https:\\\/\\\/kohenavocats.com\\\/wp-content\\\/uploads\\\/2024\\\/11\\\/leandra-rieger-LrXNGasPQ2M-unsplash.webp\",\"width\":4000,\"height\":6000},{\"@type\":\"BreadcrumbList\",\"@id\":\"https:\\\/\\\/kohenavocats.com\\\/ar\\\/cour-dappel-de-grenoble-le-10-juillet-2025-n24-00358\\\/#breadcrumb\",\"itemListElement\":[{\"@type\":\"ListItem\",\"position\":1,\"name\":\"Home\",\"item\":\"https:\\\/\\\/kohenavocats.com\\\/ar\\\/%d9%85%d8%ad%d8%a7%d9%85%d9%88%d9%86-%d9%85%d8%aa%d8%ae%d8%b5%d8%b5%d9%88%d9%86-%d9%81%d9%8a-%d8%a7%d9%84%d9%82%d8%a7%d9%86%d9%88%d9%86-%d8%a7%d9%84%d8%ac%d9%86%d8%a7%d8%a6%d9%8a-%d8%a8%d8%a8%d8%a7\\\/\"},{\"@type\":\"ListItem\",\"position\":2,\"name\":\"Cour d&rsquo;appel de Grenoble, le 10 juillet 2025, n\u00b024\\\/00358\"}]},{\"@type\":\"WebSite\",\"@id\":\"https:\\\/\\\/kohenavocats.com\\\/ar\\\/#website\",\"url\":\"https:\\\/\\\/kohenavocats.com\\\/ar\\\/\",\"name\":\"Kohen Avocats\",\"description\":\"Ma\u00eetre Hassan Kohen, avocat p\u00e9naliste \u00e0 Paris, intervient exclusivement en droit p\u00e9nal pour la d\u00e9fense des particuliers, notamment en mati\u00e8re d\u2019accusations de viol. Il assure un accompagnement rigoureux d\u00e8s la garde \u00e0 vue jusqu\u2019\u00e0 la Cour d\u2019assises, veillant au strict respect des garanties proc\u00e9durales.\",\"publisher\":{\"@id\":\"https:\\\/\\\/kohenavocats.com\\\/ar\\\/#organization\"},\"potentialAction\":[{\"@type\":\"SearchAction\",\"target\":{\"@type\":\"EntryPoint\",\"urlTemplate\":\"https:\\\/\\\/kohenavocats.com\\\/ar\\\/?s={search_term_string}\"},\"query-input\":{\"@type\":\"PropertyValueSpecification\",\"valueRequired\":true,\"valueName\":\"search_term_string\"}}],\"inLanguage\":\"ar\"},{\"@type\":\"Organization\",\"@id\":\"https:\\\/\\\/kohenavocats.com\\\/ar\\\/#organization\",\"name\":\"Kohen Avocats\",\"url\":\"https:\\\/\\\/kohenavocats.com\\\/ar\\\/\",\"logo\":{\"@type\":\"ImageObject\",\"inLanguage\":\"ar\",\"@id\":\"https:\\\/\\\/kohenavocats.com\\\/ar\\\/#\\\/schema\\\/logo\\\/image\\\/\",\"url\":\"https:\\\/\\\/kohenavocats.com\\\/wp-content\\\/uploads\\\/2026\\\/01\\\/Logo-2-1.webp\",\"contentUrl\":\"https:\\\/\\\/kohenavocats.com\\\/wp-content\\\/uploads\\\/2026\\\/01\\\/Logo-2-1.webp\",\"width\":2114,\"height\":1253,\"caption\":\"Kohen Avocats\"},\"image\":{\"@id\":\"https:\\\/\\\/kohenavocats.com\\\/ar\\\/#\\\/schema\\\/logo\\\/image\\\/\"}},{\"@type\":\"Person\",\"@id\":\"https:\\\/\\\/kohenavocats.com\\\/ar\\\/#\\\/schema\\\/person\\\/761c9ba54fa1ca84d405cef0831ff751\",\"name\":\"Kohen\",\"image\":{\"@type\":\"ImageObject\",\"inLanguage\":\"ar\",\"@id\":\"https:\\\/\\\/secure.gravatar.com\\\/avatar\\\/1c5e76ef76bbbfdd2b4da984e2bf2fa4056fd51a27d25ce2c332047f1dfd6e00?s=96&d=identicon&r=g\",\"url\":\"https:\\\/\\\/secure.gravatar.com\\\/avatar\\\/1c5e76ef76bbbfdd2b4da984e2bf2fa4056fd51a27d25ce2c332047f1dfd6e00?s=96&d=identicon&r=g\",\"contentUrl\":\"https:\\\/\\\/secure.gravatar.com\\\/avatar\\\/1c5e76ef76bbbfdd2b4da984e2bf2fa4056fd51a27d25ce2c332047f1dfd6e00?s=96&d=identicon&r=g\",\"caption\":\"Kohen\"},\"sameAs\":[\"https:\\\/\\\/www.linkedin.com\\\/in\\\/hassan-kohen-448548192\\\/\",\"https:\\\/\\\/www.youtube.com\\\/@Kohen-Avocats\"],\"url\":\"https:\\\/\\\/kohenavocats.com\\\/ar\\\/author\\\/kohenmlk\\\/\"}]}<\/script>\n<!-- \/ Yoast SEO Premium plugin. -->","yoast_head_json":{"title":"Cour d'appel de Grenoble, le 10 juillet 2025, n\u00b024\/00358 - Ma\u00eetre Hassan Kohen, avocat en droit p\u00e9nal \u00e0 Paris","description":"La cour d'appel de Grenoble, statuant le 10 juillet 2025, rejette un pourvoi contre un jugement ayant refus\u00e9 l'allocation aux adultes handicap\u00e9s. Le requ\u00e9ran...","robots":{"index":"index","follow":"follow","max-snippet":"max-snippet:-1","max-image-preview":"max-image-preview:large","max-video-preview":"max-video-preview:-1"},"canonical":"https:\/\/kohenavocats.com\/ar\/cour-dappel-de-grenoble-le-10-juillet-2025-n24-00358\/","og_locale":"ar_AR","og_type":"article","og_title":"Cour d'appel de Grenoble, le 10 juillet 2025, n\u00b024\/00358","og_description":"La cour d'appel de Grenoble, statuant le 10 juillet 2025, rejette un pourvoi contre un jugement ayant refus\u00e9 l'allocation aux adultes handicap\u00e9s. Le requ\u00e9ran...","og_url":"https:\/\/kohenavocats.com\/ar\/cour-dappel-de-grenoble-le-10-juillet-2025-n24-00358\/","og_site_name":"Ma\u00eetre Hassan Kohen, avocat en droit p\u00e9nal \u00e0 Paris","article_published_time":"2026-04-24T03:16:43+00:00","og_image":[{"width":4000,"height":6000,"url":"https:\/\/kohenavocats.com\/wp-content\/uploads\/2024\/11\/leandra-rieger-LrXNGasPQ2M-unsplash.webp","type":"image\/webp"}],"author":"Kohen","twitter_card":"summary_large_image","twitter_misc":{"\u0643\u064f\u062a\u0628 \u0628\u0648\u0627\u0633\u0637\u0629":"Kohen","\u0648\u0642\u062a \u0627\u0644\u0642\u0631\u0627\u0621\u0629 \u0627\u0644\u0645\u064f\u0642\u062f\u0651\u0631":"4 \u062f\u0642\u0627\u0626\u0642"},"schema":{"@context":"https:\/\/schema.org","@graph":[{"@type":"Article","@id":"https:\/\/kohenavocats.com\/ar\/cour-dappel-de-grenoble-le-10-juillet-2025-n24-00358\/#article","isPartOf":{"@id":"https:\/\/kohenavocats.com\/ar\/cour-dappel-de-grenoble-le-10-juillet-2025-n24-00358\/"},"author":{"name":"Kohen","@id":"https:\/\/kohenavocats.com\/ar\/#\/schema\/person\/761c9ba54fa1ca84d405cef0831ff751"},"headline":"Cour d&#8217;appel de Grenoble, le 10 juillet 2025, n\u00b024\/00358","datePublished":"2026-04-24T03:16:43+00:00","mainEntityOfPage":{"@id":"https:\/\/kohenavocats.com\/ar\/cour-dappel-de-grenoble-le-10-juillet-2025-n24-00358\/"},"wordCount":844,"commentCount":0,"publisher":{"@id":"https:\/\/kohenavocats.com\/ar\/#organization"},"image":{"@id":"https:\/\/kohenavocats.com\/ar\/cour-dappel-de-grenoble-le-10-juillet-2025-n24-00358\/#primaryimage"},"thumbnailUrl":"https:\/\/kohenavocats.com\/wp-content\/uploads\/2024\/11\/leandra-rieger-LrXNGasPQ2M-unsplash.webp","articleSection":["Jurisprudence"],"inLanguage":"ar","potentialAction":[{"@type":"CommentAction","name":"Comment","target":["https:\/\/kohenavocats.com\/ar\/cour-dappel-de-grenoble-le-10-juillet-2025-n24-00358\/#respond"]}],"citation":"Cour d&#8217;appel de Grenoble, le 10 juillet 2025, n\u00b024\/00358","about":[{"@type":"Thing","name":"Jurisprudence"}],"dateModified":"2026-04-24T03:16:43+00:00","speakable":{"@type":"SpeakableSpecification","cssSelector":[".article-content > p:first-of-type"]}},{"@type":"WebPage","@id":"https:\/\/kohenavocats.com\/ar\/cour-dappel-de-grenoble-le-10-juillet-2025-n24-00358\/","url":"https:\/\/kohenavocats.com\/ar\/cour-dappel-de-grenoble-le-10-juillet-2025-n24-00358\/","name":"Cour d'appel de Grenoble, le 10 juillet 2025, n\u00b024\/00358 - Ma\u00eetre Hassan Kohen, avocat en droit p\u00e9nal \u00e0 Paris","isPartOf":{"@id":"https:\/\/kohenavocats.com\/ar\/#website"},"primaryImageOfPage":{"@id":"https:\/\/kohenavocats.com\/ar\/cour-dappel-de-grenoble-le-10-juillet-2025-n24-00358\/#primaryimage"},"image":{"@id":"https:\/\/kohenavocats.com\/ar\/cour-dappel-de-grenoble-le-10-juillet-2025-n24-00358\/#primaryimage"},"thumbnailUrl":"https:\/\/kohenavocats.com\/wp-content\/uploads\/2024\/11\/leandra-rieger-LrXNGasPQ2M-unsplash.webp","datePublished":"2026-04-24T03:16:43+00:00","description":"La cour d'appel de Grenoble, statuant le 10 juillet 2025, rejette un pourvoi contre un jugement ayant refus\u00e9 l'allocation aux adultes handicap\u00e9s. Le requ\u00e9ran...","breadcrumb":{"@id":"https:\/\/kohenavocats.com\/ar\/cour-dappel-de-grenoble-le-10-juillet-2025-n24-00358\/#breadcrumb"},"inLanguage":"ar","potentialAction":[{"@type":"ReadAction","target":["https:\/\/kohenavocats.com\/ar\/cour-dappel-de-grenoble-le-10-juillet-2025-n24-00358\/"]}]},{"@type":"ImageObject","inLanguage":"ar","@id":"https:\/\/kohenavocats.com\/ar\/cour-dappel-de-grenoble-le-10-juillet-2025-n24-00358\/#primaryimage","url":"https:\/\/kohenavocats.com\/wp-content\/uploads\/2024\/11\/leandra-rieger-LrXNGasPQ2M-unsplash.webp","contentUrl":"https:\/\/kohenavocats.com\/wp-content\/uploads\/2024\/11\/leandra-rieger-LrXNGasPQ2M-unsplash.webp","width":4000,"height":6000},{"@type":"BreadcrumbList","@id":"https:\/\/kohenavocats.com\/ar\/cour-dappel-de-grenoble-le-10-juillet-2025-n24-00358\/#breadcrumb","itemListElement":[{"@type":"ListItem","position":1,"name":"Home","item":"https:\/\/kohenavocats.com\/ar\/%d9%85%d8%ad%d8%a7%d9%85%d9%88%d9%86-%d9%85%d8%aa%d8%ae%d8%b5%d8%b5%d9%88%d9%86-%d9%81%d9%8a-%d8%a7%d9%84%d9%82%d8%a7%d9%86%d9%88%d9%86-%d8%a7%d9%84%d8%ac%d9%86%d8%a7%d8%a6%d9%8a-%d8%a8%d8%a8%d8%a7\/"},{"@type":"ListItem","position":2,"name":"Cour d&rsquo;appel de Grenoble, le 10 juillet 2025, n\u00b024\/00358"}]},{"@type":"WebSite","@id":"https:\/\/kohenavocats.com\/ar\/#website","url":"https:\/\/kohenavocats.com\/ar\/","name":"Kohen Avocats","description":"Ma\u00eetre Hassan Kohen, avocat p\u00e9naliste \u00e0 Paris, intervient exclusivement en droit p\u00e9nal pour la d\u00e9fense des particuliers, notamment en mati\u00e8re d\u2019accusations de viol. Il assure un accompagnement rigoureux d\u00e8s la garde \u00e0 vue jusqu\u2019\u00e0 la Cour d\u2019assises, veillant au strict respect des garanties proc\u00e9durales.","publisher":{"@id":"https:\/\/kohenavocats.com\/ar\/#organization"},"potentialAction":[{"@type":"SearchAction","target":{"@type":"EntryPoint","urlTemplate":"https:\/\/kohenavocats.com\/ar\/?s={search_term_string}"},"query-input":{"@type":"PropertyValueSpecification","valueRequired":true,"valueName":"search_term_string"}}],"inLanguage":"ar"},{"@type":"Organization","@id":"https:\/\/kohenavocats.com\/ar\/#organization","name":"Kohen Avocats","url":"https:\/\/kohenavocats.com\/ar\/","logo":{"@type":"ImageObject","inLanguage":"ar","@id":"https:\/\/kohenavocats.com\/ar\/#\/schema\/logo\/image\/","url":"https:\/\/kohenavocats.com\/wp-content\/uploads\/2026\/01\/Logo-2-1.webp","contentUrl":"https:\/\/kohenavocats.com\/wp-content\/uploads\/2026\/01\/Logo-2-1.webp","width":2114,"height":1253,"caption":"Kohen Avocats"},"image":{"@id":"https:\/\/kohenavocats.com\/ar\/#\/schema\/logo\/image\/"}},{"@type":"Person","@id":"https:\/\/kohenavocats.com\/ar\/#\/schema\/person\/761c9ba54fa1ca84d405cef0831ff751","name":"Kohen","image":{"@type":"ImageObject","inLanguage":"ar","@id":"https:\/\/secure.gravatar.com\/avatar\/1c5e76ef76bbbfdd2b4da984e2bf2fa4056fd51a27d25ce2c332047f1dfd6e00?s=96&d=identicon&r=g","url":"https:\/\/secure.gravatar.com\/avatar\/1c5e76ef76bbbfdd2b4da984e2bf2fa4056fd51a27d25ce2c332047f1dfd6e00?s=96&d=identicon&r=g","contentUrl":"https:\/\/secure.gravatar.com\/avatar\/1c5e76ef76bbbfdd2b4da984e2bf2fa4056fd51a27d25ce2c332047f1dfd6e00?s=96&d=identicon&r=g","caption":"Kohen"},"sameAs":["https:\/\/www.linkedin.com\/in\/hassan-kohen-448548192\/","https:\/\/www.youtube.com\/@Kohen-Avocats"],"url":"https:\/\/kohenavocats.com\/ar\/author\/kohenmlk\/"}]}},"jetpack_featured_media_url":"https:\/\/kohenavocats.com\/wp-content\/uploads\/2024\/11\/leandra-rieger-LrXNGasPQ2M-unsplash.webp","jetpack_likes_enabled":false,"jetpack_shortlink":"https:\/\/wp.me\/peCrII-2NXK","jetpack-related-posts":[{"id":55410,"url":"https:\/\/kohenavocats.com\/ar\/cour-dappel-de-grenoble-le-10-juillet-2025-n24-03020\/","url_meta":{"origin":668716,"position":0},"title":"Cour d&#8217;appel de Grenoble, le 10 juillet 2025, n\u00b024\/03020","author":"Kohen","date":"8 \u0646\u0648\u0641\u0645\u0628\u0631\u060c 2025","format":false,"excerpt":"Cour d\u2019appel de Grenoble, 10 juillet 2025. La juridiction sociale confirme le refus de l\u2019allocation aux adultes handicap\u00e9s oppos\u00e9 \u00e0 une requ\u00e9rante dont la demande initiale date du 16 ao\u00fbt 2021, malgr\u00e9 une reconnaissance de la qualit\u00e9 de travailleur handicap\u00e9 et l\u2019attribution de cartes mobilit\u00e9. L\u2019arr\u00eat repose sur l\u2019application du\u2026","rel":"","context":"\u0641\u064a &quot;Cour d'appel&quot;","block_context":{"text":"Cour d'appel","link":"https:\/\/kohenavocats.com\/category\/cour-dappel\/"},"img":{"alt_text":"","src":"https:\/\/i0.wp.com\/kohenavocats.com\/wp-content\/uploads\/2024\/11\/getty-images-RvXjV3spXFA-unsplash.webp?resize=350%2C200&ssl=1","width":350,"height":200,"srcset":"https:\/\/i0.wp.com\/kohenavocats.com\/wp-content\/uploads\/2024\/11\/getty-images-RvXjV3spXFA-unsplash.webp?resize=350%2C200&ssl=1 1x, https:\/\/i0.wp.com\/kohenavocats.com\/wp-content\/uploads\/2024\/11\/getty-images-RvXjV3spXFA-unsplash.webp?resize=525%2C300&ssl=1 1.5x, https:\/\/i0.wp.com\/kohenavocats.com\/wp-content\/uploads\/2024\/11\/getty-images-RvXjV3spXFA-unsplash.webp?resize=700%2C400&ssl=1 2x, https:\/\/i0.wp.com\/kohenavocats.com\/wp-content\/uploads\/2024\/11\/getty-images-RvXjV3spXFA-unsplash.webp?resize=1050%2C600&ssl=1 3x, https:\/\/i0.wp.com\/kohenavocats.com\/wp-content\/uploads\/2024\/11\/getty-images-RvXjV3spXFA-unsplash.webp?resize=1400%2C800&ssl=1 4x"},"classes":[]},{"id":53186,"url":"https:\/\/kohenavocats.com\/ar\/cour-dappel-de-grenoble-le-26-juin-2025-n24-03492\/","url_meta":{"origin":668716,"position":1},"title":"Cour d&#8217;appel de Grenoble, le 26 juin 2025, n\u00b024\/03492","author":"Kohen","date":"8 \u0646\u0648\u0641\u0645\u0628\u0631\u060c 2025","format":false,"excerpt":"Rendue par la Cour d'appel de Grenoble, le 26 juin 2025, la d\u00e9cision confirme le rejet des demandes d'allocation aux adultes handicap\u00e9s et de prestation de compensation du handicap, ainsi que le refus d\u2019ordonner une expertise. L\u2019affaire fait suite \u00e0 des refus administratifs maintenus en 2023 et \u00e0 un jugement\u2026","rel":"","context":"\u0641\u064a &quot;Cour d'appel&quot;","block_context":{"text":"Cour d'appel","link":"https:\/\/kohenavocats.com\/category\/cour-dappel\/"},"img":{"alt_text":"","src":"https:\/\/i0.wp.com\/kohenavocats.com\/wp-content\/uploads\/2024\/08\/gloria-villa-ByP0PtBXpi0-unsplash.webp?resize=350%2C200&ssl=1","width":350,"height":200,"srcset":"https:\/\/i0.wp.com\/kohenavocats.com\/wp-content\/uploads\/2024\/08\/gloria-villa-ByP0PtBXpi0-unsplash.webp?resize=350%2C200&ssl=1 1x, https:\/\/i0.wp.com\/kohenavocats.com\/wp-content\/uploads\/2024\/08\/gloria-villa-ByP0PtBXpi0-unsplash.webp?resize=525%2C300&ssl=1 1.5x, https:\/\/i0.wp.com\/kohenavocats.com\/wp-content\/uploads\/2024\/08\/gloria-villa-ByP0PtBXpi0-unsplash.webp?resize=700%2C400&ssl=1 2x, https:\/\/i0.wp.com\/kohenavocats.com\/wp-content\/uploads\/2024\/08\/gloria-villa-ByP0PtBXpi0-unsplash.webp?resize=1050%2C600&ssl=1 3x, https:\/\/i0.wp.com\/kohenavocats.com\/wp-content\/uploads\/2024\/08\/gloria-villa-ByP0PtBXpi0-unsplash.webp?resize=1400%2C800&ssl=1 4x"},"classes":[]},{"id":481931,"url":"https:\/\/kohenavocats.com\/ar\/tribunal-judiciaire-de-marseille-le-18-novembre-2025-n24-03054\/","url_meta":{"origin":668716,"position":2},"title":"Tribunal judiciaire de Marseille, le 18 novembre 2025, n\u00b024\/03054","author":"Kohen","date":"8 \u0623\u0628\u0631\u064a\u0644\u060c 2026","format":false,"excerpt":"Le p\u00f4le social du tribunal judiciaire de Marseille, par jugement du 18 novembre 2025, statue sur une demande d'allocation aux adultes handicap\u00e9s. Le requ\u00e9ran...","rel":"","context":"\u0641\u064a &quot;Jurisprudence&quot;","block_context":{"text":"Jurisprudence","link":"https:\/\/kohenavocats.com\/category\/jurisprudence\/"},"img":{"alt_text":"","src":"https:\/\/i0.wp.com\/kohenavocats.com\/wp-content\/uploads\/2024\/08\/diane-picchiottino-KI_-ZrxR6J4-unsplash.webp?resize=350%2C200&ssl=1","width":350,"height":200,"srcset":"https:\/\/i0.wp.com\/kohenavocats.com\/wp-content\/uploads\/2024\/08\/diane-picchiottino-KI_-ZrxR6J4-unsplash.webp?resize=350%2C200&ssl=1 1x, https:\/\/i0.wp.com\/kohenavocats.com\/wp-content\/uploads\/2024\/08\/diane-picchiottino-KI_-ZrxR6J4-unsplash.webp?resize=525%2C300&ssl=1 1.5x, https:\/\/i0.wp.com\/kohenavocats.com\/wp-content\/uploads\/2024\/08\/diane-picchiottino-KI_-ZrxR6J4-unsplash.webp?resize=700%2C400&ssl=1 2x, https:\/\/i0.wp.com\/kohenavocats.com\/wp-content\/uploads\/2024\/08\/diane-picchiottino-KI_-ZrxR6J4-unsplash.webp?resize=1050%2C600&ssl=1 3x, https:\/\/i0.wp.com\/kohenavocats.com\/wp-content\/uploads\/2024\/08\/diane-picchiottino-KI_-ZrxR6J4-unsplash.webp?resize=1400%2C800&ssl=1 4x"},"classes":[]},{"id":499707,"url":"https:\/\/kohenavocats.com\/ar\/tribunal-judiciaire-de-paris-le-26-novembre-2025-n22-03186\/","url_meta":{"origin":668716,"position":3},"title":"Tribunal judiciaire de Paris, le 26 novembre 2025, n\u00b022\/03186","author":"Kohen","date":"8 \u0623\u0628\u0631\u064a\u0644\u060c 2026","format":false,"excerpt":"Le tribunal judiciaire, statuant le 26 novembre 2025, a rejet\u00e9 un recours contre le refus d\u2019attribution de l\u2019allocation aux adultes handicap\u00e9s. La...","rel":"","context":"\u0641\u064a &quot;D\u00e9cisions juridiques&quot;","block_context":{"text":"D\u00e9cisions juridiques","link":"https:\/\/kohenavocats.com\/category\/decisions-juridiques\/"},"img":{"alt_text":"","src":"https:\/\/i0.wp.com\/kohenavocats.com\/wp-content\/uploads\/2024\/11\/allison-saeng-FimlRcXllbw-unsplash.webp?resize=350%2C200&ssl=1","width":350,"height":200,"srcset":"https:\/\/i0.wp.com\/kohenavocats.com\/wp-content\/uploads\/2024\/11\/allison-saeng-FimlRcXllbw-unsplash.webp?resize=350%2C200&ssl=1 1x, https:\/\/i0.wp.com\/kohenavocats.com\/wp-content\/uploads\/2024\/11\/allison-saeng-FimlRcXllbw-unsplash.webp?resize=525%2C300&ssl=1 1.5x, https:\/\/i0.wp.com\/kohenavocats.com\/wp-content\/uploads\/2024\/11\/allison-saeng-FimlRcXllbw-unsplash.webp?resize=700%2C400&ssl=1 2x, https:\/\/i0.wp.com\/kohenavocats.com\/wp-content\/uploads\/2024\/11\/allison-saeng-FimlRcXllbw-unsplash.webp?resize=1050%2C600&ssl=1 3x, https:\/\/i0.wp.com\/kohenavocats.com\/wp-content\/uploads\/2024\/11\/allison-saeng-FimlRcXllbw-unsplash.webp?resize=1400%2C800&ssl=1 4x"},"classes":[]},{"id":664634,"url":"https:\/\/kohenavocats.com\/ar\/cour-dappel-de-grenoble-le-12-janvier-2024-n24-01264\/","url_meta":{"origin":668716,"position":4},"title":"Cour d&#8217;appel de Grenoble, le 12 janvier 2024, n\u00b024\/01264","author":"Kohen","date":"23 \u0623\u0628\u0631\u064a\u0644\u060c 2026","format":false,"excerpt":"La cour d'appel de Grenoble, statuant en mati\u00e8re sociale le 12 janvier 2024, a examin\u00e9 un recours contre le rejet d'une demande de compl\u00e9ment d'allocation d'...","rel":"","context":"\u0641\u064a &quot;Jurisprudence&quot;","block_context":{"text":"Jurisprudence","link":"https:\/\/kohenavocats.com\/category\/jurisprudence\/"},"img":{"alt_text":"","src":"https:\/\/i0.wp.com\/kohenavocats.com\/wp-content\/uploads\/2024\/08\/susan-q-yin-YQhhlCS9Hto-unsplash-1.webp?resize=350%2C200&ssl=1","width":350,"height":200,"srcset":"https:\/\/i0.wp.com\/kohenavocats.com\/wp-content\/uploads\/2024\/08\/susan-q-yin-YQhhlCS9Hto-unsplash-1.webp?resize=350%2C200&ssl=1 1x, https:\/\/i0.wp.com\/kohenavocats.com\/wp-content\/uploads\/2024\/08\/susan-q-yin-YQhhlCS9Hto-unsplash-1.webp?resize=525%2C300&ssl=1 1.5x, https:\/\/i0.wp.com\/kohenavocats.com\/wp-content\/uploads\/2024\/08\/susan-q-yin-YQhhlCS9Hto-unsplash-1.webp?resize=700%2C400&ssl=1 2x, https:\/\/i0.wp.com\/kohenavocats.com\/wp-content\/uploads\/2024\/08\/susan-q-yin-YQhhlCS9Hto-unsplash-1.webp?resize=1050%2C600&ssl=1 3x, https:\/\/i0.wp.com\/kohenavocats.com\/wp-content\/uploads\/2024\/08\/susan-q-yin-YQhhlCS9Hto-unsplash-1.webp?resize=1400%2C800&ssl=1 4x"},"classes":[]},{"id":633724,"url":"https:\/\/kohenavocats.com\/ar\/cour-dappel-de-grenoble-le-17-novembre-2025-n22-04872\/","url_meta":{"origin":668716,"position":5},"title":"Cour d&#8217;appel de Grenoble, le 17 novembre 2025, n\u00b022\/04872","author":"Kohen","date":"21 \u0623\u0628\u0631\u064a\u0644\u060c 2026","format":false,"excerpt":"La cour d'appel de Grenoble, le 17 novembre 2025, rejette un pourvoi contre un jugement ayant refus\u00e9 une pension d'invalidit\u00e9. L'assur\u00e9e, ancienne aide-soign...","rel":"","context":"\u0641\u064a &quot;Jurisprudence&quot;","block_context":{"text":"Jurisprudence","link":"https:\/\/kohenavocats.com\/category\/jurisprudence\/"},"img":{"alt_text":"","src":"https:\/\/i0.wp.com\/kohenavocats.com\/wp-content\/uploads\/2024\/11\/tim-schmidbauer-EnC5f7At4ac-unsplash.webp?resize=350%2C200&ssl=1","width":350,"height":200,"srcset":"https:\/\/i0.wp.com\/kohenavocats.com\/wp-content\/uploads\/2024\/11\/tim-schmidbauer-EnC5f7At4ac-unsplash.webp?resize=350%2C200&ssl=1 1x, https:\/\/i0.wp.com\/kohenavocats.com\/wp-content\/uploads\/2024\/11\/tim-schmidbauer-EnC5f7At4ac-unsplash.webp?resize=525%2C300&ssl=1 1.5x, https:\/\/i0.wp.com\/kohenavocats.com\/wp-content\/uploads\/2024\/11\/tim-schmidbauer-EnC5f7At4ac-unsplash.webp?resize=700%2C400&ssl=1 2x, https:\/\/i0.wp.com\/kohenavocats.com\/wp-content\/uploads\/2024\/11\/tim-schmidbauer-EnC5f7At4ac-unsplash.webp?resize=1050%2C600&ssl=1 3x, https:\/\/i0.wp.com\/kohenavocats.com\/wp-content\/uploads\/2024\/11\/tim-schmidbauer-EnC5f7At4ac-unsplash.webp?resize=1400%2C800&ssl=1 4x"},"classes":[]}],"jetpack_sharing_enabled":true,"_links":{"self":[{"href":"https:\/\/kohenavocats.com\/ar\/wp-json\/wp\/v2\/posts\/668716","targetHints":{"allow":["GET"]}}],"collection":[{"href":"https:\/\/kohenavocats.com\/ar\/wp-json\/wp\/v2\/posts"}],"about":[{"href":"https:\/\/kohenavocats.com\/ar\/wp-json\/wp\/v2\/types\/post"}],"author":[{"embeddable":true,"href":"https:\/\/kohenavocats.com\/ar\/wp-json\/wp\/v2\/users\/232070755"}],"replies":[{"embeddable":true,"href":"https:\/\/kohenavocats.com\/ar\/wp-json\/wp\/v2\/comments?post=668716"}],"version-history":[{"count":0,"href":"https:\/\/kohenavocats.com\/ar\/wp-json\/wp\/v2\/posts\/668716\/revisions"}],"wp:featuredmedia":[{"embeddable":true,"href":"https:\/\/kohenavocats.com\/ar\/wp-json\/wp\/v2\/media\/9583"}],"wp:attachment":[{"href":"https:\/\/kohenavocats.com\/ar\/wp-json\/wp\/v2\/media?parent=668716"}],"wp:term":[{"taxonomy":"category","embeddable":true,"href":"https:\/\/kohenavocats.com\/ar\/wp-json\/wp\/v2\/categories?post=668716"},{"taxonomy":"post_tag","embeddable":true,"href":"https:\/\/kohenavocats.com\/ar\/wp-json\/wp\/v2\/tags?post=668716"}],"curies":[{"name":"wp","href":"https:\/\/api.w.org\/{rel}","templated":true}]}}