{"id":669202,"date":"2026-04-24T05:59:25","date_gmt":"2026-04-24T03:59:25","guid":{"rendered":"https:\/\/kohenavocats.com\/tribunal-judiciaire-de-mans-le-19-septembre-2025-n25-00328\/"},"modified":"2026-04-24T05:59:25","modified_gmt":"2026-04-24T03:59:25","slug":"tribunal-judiciaire-de-mans-le-19-septembre-2025-n25-00328","status":"publish","type":"post","link":"https:\/\/kohenavocats.com\/ar\/tribunal-judiciaire-de-mans-le-19-septembre-2025-n25-00328\/","title":{"rendered":"Tribunal judiciaire de Mans, le 19 septembre 2025, n\u00b025\/00328"},"content":{"rendered":"<div class=\"article-content\">\n<p>Le tribunal judiciaire du Mans, statuant en r\u00e9f\u00e9r\u00e9 le 19 septembre 2025, se prononce sur une demande d\u2019extension d\u2019une expertise. Un syndicat de copropri\u00e9taires, apr\u00e8s avoir fait expertiser des travaux d\u00e9fectueux, sollicite l\u2019extension de cette mesure \u00e0 l\u2019assureur de l\u2019entreprise constructrice. Le juge accueille la demande et rend l\u2019expertise commune \u00e0 la compagnie d\u2019assurances, qui devra en supporter les cons\u00e9quences.<\/p>\n<p>L\u2019extension d\u2019une mesure d\u2019instruction \u00e0 un tiers<\/p>\n<p><em>Les conditions de l\u2019extension d\u2019une expertise<\/em><br \/>\nLe juge des r\u00e9f\u00e9r\u00e9s fonde sa d\u00e9cision sur l\u2019article 145 du code de proc\u00e9dure civile. Il rappelle le pouvoir de d\u00e9clarer commune une mesure d\u2019instruction pr\u00e9c\u00e9demment ordonn\u00e9e. &#8220;Il est rappel\u00e9 que la juridiction des r\u00e9f\u00e9r\u00e9s peut sur le fondement de l&#8217;article 145 du code de proc\u00e9dure civile, d\u00e9clarer commune \u00e0 une autre partie une mesure d&#8217;instruction qu&#8217;elle a pr\u00e9c\u00e9demment ordonn\u00e9e en r\u00e9f\u00e9r\u00e9&#8221; (Motifs). Cette solution est conforme \u00e0 une jurisprudence r\u00e9cente qui en pr\u00e9cise les conditions. &#8220;Pour ce faire, il est n\u00e9cessaire, et suffisant, conform\u00e9ment aux conditions pr\u00e9vues par ce texte, qu&#8217;il existe un motif l\u00e9gitime de rendre l&#8217;expertise commune \u00e0 d&#8217;autres parties que celles initialement vis\u00e9es&#8221; (Tribunal judiciaire de Versailles, le 6 f\u00e9vrier 2024, n\u00b023\/01666). Le juge v\u00e9rifie ainsi l\u2019existence d\u2019un int\u00e9r\u00eat l\u00e9gitime justifiant l\u2019extension de la mesure.<\/p>\n<p><em>L\u2019int\u00e9r\u00eat l\u00e9gitime justifiant la mise en cause<\/em><br \/>\nLe requ\u00e9rant doit d\u00e9montrer un int\u00e9r\u00eat manifeste \u00e0 \u00e9tendre l\u2019expertise. Le syndicat justifie cet int\u00e9r\u00eat par la possibilit\u00e9 future d\u2019actionner la garantie de l\u2019assureur. &#8220;Le [demandeur] justifie d\u2019un motif l\u00e9gitime pour obtenir la mesure d\u2019extension r\u00e9clam\u00e9e d\u00e8s lors qu\u2019est \u00e9tabli un int\u00e9r\u00eat manifeste \u00e0 pouvoir opposer \u00e0 la SA ALLIANZ IARD les r\u00e9sultats de l\u2019expertise d\u00e9j\u00e0 ordonn\u00e9e&#8221; (Motifs). Cette analyse rejoint celle d\u2019autres d\u00e9cisions admettant l\u2019extension face \u00e0 un assureur potentiellement garant. &#8220;D\u00e8s lors, [les demandeurs] justifient d\u2019un int\u00e9r\u00eat l\u00e9gitime \u00e0 ce que les op\u00e9rations d\u2019expertise en cours soient \u00e9tendues \u00e0 la SA MAAF ASSURANCE, \u00e0 l\u2019\u00e9gard de laquelle ils sont susceptibles d\u2019agir en garantie&#8221; (Tribunal judiciaire, le 19 novembre 2025, n\u00b025\/00364). L\u2019existence d\u2019un lien contractuel d\u2019assurance suffit ainsi \u00e0 \u00e9tablir l\u2019int\u00e9r\u00eat requis.<\/p>\n<p>Le r\u00e9gime proc\u00e9dural de l\u2019expertise \u00e9tendue<\/p>\n<p><em>Les modalit\u00e9s de participation du tiers<\/em><br \/>\nL\u2019ordonnance int\u00e8gre formellement l\u2019assureur dans la proc\u00e9dure d\u2019expertise. Elle d\u00e9clare les dispositions de l\u2019expertise initiale communes et opposables \u00e0 la compagnie. Le juge \u00e9tend la mission de l\u2019expert pour inclure cette nouvelle partie. L\u2019assureur sera appel\u00e9 \u00e0 participer aux op\u00e9rations et pourra pr\u00e9senter ses observations. Le magistrat rappelle le droit de l\u2019intervenant de se faire entendre sur les op\u00e9rations d\u00e9j\u00e0 effectu\u00e9es. Ce rappel s\u2019appuie sur l\u2019article 169 du code de proc\u00e9dure civile. Il garantit ainsi les droits de la d\u00e9fense de la partie nouvellement impliqu\u00e9e dans l\u2019instruction.<\/p>\n<p><em>La charge financi\u00e8re et le contr\u00f4le de la mesure<\/em><br \/>\nLe juge impose la charge financi\u00e8re de l\u2019extension au demandeur, sous forme d\u2019une consignation compl\u00e9mentaire. Il proroge le d\u00e9lai de d\u00e9p\u00f4t du rapport d\u2019expertise pour tenir compte de la complexit\u00e9 nouvelle. Le magistrat charg\u00e9 du contr\u00f4le des mesures d\u2019instruction reste comp\u00e9tent pour trancher les difficult\u00e9s. La d\u00e9cision b\u00e9n\u00e9ficie de l\u2019ex\u00e9cution provisoire de droit, assurant l\u2019efficacit\u00e9 de la mesure. Cette organisation prot\u00e8ge \u00e0 la fois le principe du contradictoire et la c\u00e9l\u00e9rit\u00e9 de l\u2019instruction. Elle illustre la recherche d\u2019un \u00e9quilibre entre l\u2019efficacit\u00e9 probatoire et les garanties proc\u00e9durales fondamentales.<\/p>\n<\/div>\n","protected":false},"excerpt":{"rendered":"<p>Le tribunal judiciaire du Mans, statuant en r\u00e9f\u00e9r\u00e9 le 19 septembre 2025, se prononce sur une demande d\u2019extension d\u2019une expertise. Un syndicat de copropri\u00e9tai&#8230;<\/p>\n","protected":false},"author":232070755,"featured_media":4723,"comment_status":"open","ping_status":"open","sticky":false,"template":"","format":"standard","meta":{"_crdt_document":"","_jetpack_newsletter_access":"","_jetpack_dont_email_post_to_subs":false,"_jetpack_newsletter_tier_id":0,"_jetpack_memberships_contains_paywalled_content":false,"_kj_source_type":"judilibre","_kj_official_id":"68cdc11154b52e4d6be2188e","_kj_official_url":"https:\/\/www.courdecassation.fr\/decision\/68cdc11154b52e4d6be2188e","_kj_judilibre_id":"68cdc11154b52e4d6be2188e","_kj_jur":"Tribunal judiciaire","_kj_lieu":"Tribunal judiciaire du Mans","_kj_chambre":"Chambre 9","_kj_rg":"25\/00328","_kj_date":"2025-09-19","_jetpack_memberships_contains_paid_content":false,"footnotes":"","jetpack_post_was_ever_published":false},"categories":[7597],"tags":[],"class_list":["post-669202","post","type-post","status-publish","format-standard","has-post-thumbnail","hentry","category-jurisprudence"],"yoast_head":"<!-- This site is optimized with the Yoast SEO Premium plugin v27.5 (Yoast SEO v27.5) - https:\/\/yoast.com\/product\/yoast-seo-premium-wordpress\/ -->\n<title>Tribunal judiciaire de Mans, le 19 septembre 2025, n\u00b025\/00328 - Ma\u00eetre Hassan Kohen, avocat en droit p\u00e9nal \u00e0 Paris<\/title>\n<meta name=\"description\" content=\"Le tribunal judiciaire du Mans, statuant en r\u00e9f\u00e9r\u00e9 le 19 septembre 2025, se prononce sur une demande d\u2019extension d\u2019une expertise. Un syndicat de copropri\u00e9tai...\" \/>\n<meta name=\"robots\" content=\"index, follow, max-snippet:-1, max-image-preview:large, max-video-preview:-1\" \/>\n<link rel=\"canonical\" href=\"https:\/\/kohenavocats.com\/ar\/tribunal-judiciaire-de-mans-le-19-septembre-2025-n25-00328\/\" \/>\n<meta property=\"og:locale\" content=\"ar_AR\" \/>\n<meta property=\"og:type\" content=\"article\" \/>\n<meta property=\"og:title\" content=\"Tribunal judiciaire de Mans, le 19 septembre 2025, n\u00b025\/00328\" \/>\n<meta property=\"og:description\" content=\"Le tribunal judiciaire du Mans, statuant en r\u00e9f\u00e9r\u00e9 le 19 septembre 2025, se prononce sur une demande d\u2019extension d\u2019une expertise. Un syndicat de copropri\u00e9tai...\" \/>\n<meta property=\"og:url\" content=\"https:\/\/kohenavocats.com\/ar\/tribunal-judiciaire-de-mans-le-19-septembre-2025-n25-00328\/\" \/>\n<meta property=\"og:site_name\" content=\"Ma\u00eetre Hassan Kohen, avocat en droit p\u00e9nal \u00e0 Paris\" \/>\n<meta property=\"article:published_time\" content=\"2026-04-24T03:59:25+00:00\" \/>\n<meta property=\"og:image\" content=\"https:\/\/kohenavocats.com\/wp-content\/uploads\/2024\/08\/fabian-schneidereit-pahbeN4wc_M-unsplash.webp\" \/>\n\t<meta property=\"og:image:width\" content=\"6000\" \/>\n\t<meta property=\"og:image:height\" content=\"4000\" \/>\n\t<meta property=\"og:image:type\" content=\"image\/webp\" \/>\n<meta name=\"author\" content=\"Kohen\" \/>\n<meta name=\"twitter:card\" content=\"summary_large_image\" \/>\n<meta name=\"twitter:label1\" content=\"\u0643\u064f\u062a\u0628 \u0628\u0648\u0627\u0633\u0637\u0629\" \/>\n\t<meta name=\"twitter:data1\" content=\"Kohen\" \/>\n\t<meta name=\"twitter:label2\" content=\"\u0648\u0642\u062a \u0627\u0644\u0642\u0631\u0627\u0621\u0629 \u0627\u0644\u0645\u064f\u0642\u062f\u0651\u0631\" \/>\n\t<meta name=\"twitter:data2\" content=\"3 \u062f\u0642\u0627\u0626\u0642\" \/>\n<script type=\"application\/ld+json\" class=\"yoast-schema-graph\">{\"@context\":\"https:\\\/\\\/schema.org\",\"@graph\":[{\"@type\":\"Article\",\"@id\":\"https:\\\/\\\/kohenavocats.com\\\/ar\\\/tribunal-judiciaire-de-mans-le-19-septembre-2025-n25-00328\\\/#article\",\"isPartOf\":{\"@id\":\"https:\\\/\\\/kohenavocats.com\\\/ar\\\/tribunal-judiciaire-de-mans-le-19-septembre-2025-n25-00328\\\/\"},\"author\":{\"name\":\"Kohen\",\"@id\":\"https:\\\/\\\/kohenavocats.com\\\/ar\\\/#\\\/schema\\\/person\\\/761c9ba54fa1ca84d405cef0831ff751\"},\"headline\":\"Tribunal judiciaire de Mans, le 19 septembre 2025, n\u00b025\\\/00328\",\"datePublished\":\"2026-04-24T03:59:25+00:00\",\"mainEntityOfPage\":{\"@id\":\"https:\\\/\\\/kohenavocats.com\\\/ar\\\/tribunal-judiciaire-de-mans-le-19-septembre-2025-n25-00328\\\/\"},\"wordCount\":664,\"commentCount\":0,\"publisher\":{\"@id\":\"https:\\\/\\\/kohenavocats.com\\\/ar\\\/#organization\"},\"image\":{\"@id\":\"https:\\\/\\\/kohenavocats.com\\\/ar\\\/tribunal-judiciaire-de-mans-le-19-septembre-2025-n25-00328\\\/#primaryimage\"},\"thumbnailUrl\":\"https:\\\/\\\/kohenavocats.com\\\/wp-content\\\/uploads\\\/2024\\\/08\\\/fabian-schneidereit-pahbeN4wc_M-unsplash.webp\",\"articleSection\":[\"Jurisprudence\"],\"inLanguage\":\"ar\",\"potentialAction\":[{\"@type\":\"CommentAction\",\"name\":\"Comment\",\"target\":[\"https:\\\/\\\/kohenavocats.com\\\/ar\\\/tribunal-judiciaire-de-mans-le-19-septembre-2025-n25-00328\\\/#respond\"]}],\"citation\":\"Tribunal judiciaire de Mans, le 19 septembre 2025, n\u00b025\\\/00328\",\"about\":[{\"@type\":\"Thing\",\"name\":\"Jurisprudence\"}],\"dateModified\":\"2026-04-24T03:59:25+00:00\",\"speakable\":{\"@type\":\"SpeakableSpecification\",\"cssSelector\":[\".article-content > p:first-of-type\"]}},{\"@type\":\"WebPage\",\"@id\":\"https:\\\/\\\/kohenavocats.com\\\/ar\\\/tribunal-judiciaire-de-mans-le-19-septembre-2025-n25-00328\\\/\",\"url\":\"https:\\\/\\\/kohenavocats.com\\\/ar\\\/tribunal-judiciaire-de-mans-le-19-septembre-2025-n25-00328\\\/\",\"name\":\"Tribunal judiciaire de Mans, le 19 septembre 2025, n\u00b025\\\/00328 - Ma\u00eetre Hassan Kohen, avocat en droit p\u00e9nal \u00e0 Paris\",\"isPartOf\":{\"@id\":\"https:\\\/\\\/kohenavocats.com\\\/ar\\\/#website\"},\"primaryImageOfPage\":{\"@id\":\"https:\\\/\\\/kohenavocats.com\\\/ar\\\/tribunal-judiciaire-de-mans-le-19-septembre-2025-n25-00328\\\/#primaryimage\"},\"image\":{\"@id\":\"https:\\\/\\\/kohenavocats.com\\\/ar\\\/tribunal-judiciaire-de-mans-le-19-septembre-2025-n25-00328\\\/#primaryimage\"},\"thumbnailUrl\":\"https:\\\/\\\/kohenavocats.com\\\/wp-content\\\/uploads\\\/2024\\\/08\\\/fabian-schneidereit-pahbeN4wc_M-unsplash.webp\",\"datePublished\":\"2026-04-24T03:59:25+00:00\",\"description\":\"Le tribunal judiciaire du Mans, statuant en r\u00e9f\u00e9r\u00e9 le 19 septembre 2025, se prononce sur une demande d\u2019extension d\u2019une expertise. Un syndicat de copropri\u00e9tai...\",\"breadcrumb\":{\"@id\":\"https:\\\/\\\/kohenavocats.com\\\/ar\\\/tribunal-judiciaire-de-mans-le-19-septembre-2025-n25-00328\\\/#breadcrumb\"},\"inLanguage\":\"ar\",\"potentialAction\":[{\"@type\":\"ReadAction\",\"target\":[\"https:\\\/\\\/kohenavocats.com\\\/ar\\\/tribunal-judiciaire-de-mans-le-19-septembre-2025-n25-00328\\\/\"]}]},{\"@type\":\"ImageObject\",\"inLanguage\":\"ar\",\"@id\":\"https:\\\/\\\/kohenavocats.com\\\/ar\\\/tribunal-judiciaire-de-mans-le-19-septembre-2025-n25-00328\\\/#primaryimage\",\"url\":\"https:\\\/\\\/kohenavocats.com\\\/wp-content\\\/uploads\\\/2024\\\/08\\\/fabian-schneidereit-pahbeN4wc_M-unsplash.webp\",\"contentUrl\":\"https:\\\/\\\/kohenavocats.com\\\/wp-content\\\/uploads\\\/2024\\\/08\\\/fabian-schneidereit-pahbeN4wc_M-unsplash.webp\",\"width\":6000,\"height\":4000},{\"@type\":\"BreadcrumbList\",\"@id\":\"https:\\\/\\\/kohenavocats.com\\\/ar\\\/tribunal-judiciaire-de-mans-le-19-septembre-2025-n25-00328\\\/#breadcrumb\",\"itemListElement\":[{\"@type\":\"ListItem\",\"position\":1,\"name\":\"Home\",\"item\":\"https:\\\/\\\/kohenavocats.com\\\/ar\\\/%d9%85%d8%ad%d8%a7%d9%85%d9%88%d9%86-%d9%85%d8%aa%d8%ae%d8%b5%d8%b5%d9%88%d9%86-%d9%81%d9%8a-%d8%a7%d9%84%d9%82%d8%a7%d9%86%d9%88%d9%86-%d8%a7%d9%84%d8%ac%d9%86%d8%a7%d8%a6%d9%8a-%d8%a8%d8%a8%d8%a7\\\/\"},{\"@type\":\"ListItem\",\"position\":2,\"name\":\"Tribunal judiciaire de Mans, le 19 septembre 2025, n\u00b025\\\/00328\"}]},{\"@type\":\"WebSite\",\"@id\":\"https:\\\/\\\/kohenavocats.com\\\/ar\\\/#website\",\"url\":\"https:\\\/\\\/kohenavocats.com\\\/ar\\\/\",\"name\":\"Kohen Avocats\",\"description\":\"Ma\u00eetre Hassan Kohen, avocat p\u00e9naliste \u00e0 Paris, intervient exclusivement en droit p\u00e9nal pour la d\u00e9fense des particuliers, notamment en mati\u00e8re d\u2019accusations de viol. Il assure un accompagnement rigoureux d\u00e8s la garde \u00e0 vue jusqu\u2019\u00e0 la Cour d\u2019assises, veillant au strict respect des garanties proc\u00e9durales.\",\"publisher\":{\"@id\":\"https:\\\/\\\/kohenavocats.com\\\/ar\\\/#organization\"},\"potentialAction\":[{\"@type\":\"SearchAction\",\"target\":{\"@type\":\"EntryPoint\",\"urlTemplate\":\"https:\\\/\\\/kohenavocats.com\\\/ar\\\/?s={search_term_string}\"},\"query-input\":{\"@type\":\"PropertyValueSpecification\",\"valueRequired\":true,\"valueName\":\"search_term_string\"}}],\"inLanguage\":\"ar\"},{\"@type\":\"Organization\",\"@id\":\"https:\\\/\\\/kohenavocats.com\\\/ar\\\/#organization\",\"name\":\"Kohen Avocats\",\"url\":\"https:\\\/\\\/kohenavocats.com\\\/ar\\\/\",\"logo\":{\"@type\":\"ImageObject\",\"inLanguage\":\"ar\",\"@id\":\"https:\\\/\\\/kohenavocats.com\\\/ar\\\/#\\\/schema\\\/logo\\\/image\\\/\",\"url\":\"https:\\\/\\\/kohenavocats.com\\\/wp-content\\\/uploads\\\/2026\\\/01\\\/Logo-2-1.webp\",\"contentUrl\":\"https:\\\/\\\/kohenavocats.com\\\/wp-content\\\/uploads\\\/2026\\\/01\\\/Logo-2-1.webp\",\"width\":2114,\"height\":1253,\"caption\":\"Kohen Avocats\"},\"image\":{\"@id\":\"https:\\\/\\\/kohenavocats.com\\\/ar\\\/#\\\/schema\\\/logo\\\/image\\\/\"}},{\"@type\":\"Person\",\"@id\":\"https:\\\/\\\/kohenavocats.com\\\/ar\\\/#\\\/schema\\\/person\\\/761c9ba54fa1ca84d405cef0831ff751\",\"name\":\"Kohen\",\"image\":{\"@type\":\"ImageObject\",\"inLanguage\":\"ar\",\"@id\":\"https:\\\/\\\/secure.gravatar.com\\\/avatar\\\/1c5e76ef76bbbfdd2b4da984e2bf2fa4056fd51a27d25ce2c332047f1dfd6e00?s=96&d=identicon&r=g\",\"url\":\"https:\\\/\\\/secure.gravatar.com\\\/avatar\\\/1c5e76ef76bbbfdd2b4da984e2bf2fa4056fd51a27d25ce2c332047f1dfd6e00?s=96&d=identicon&r=g\",\"contentUrl\":\"https:\\\/\\\/secure.gravatar.com\\\/avatar\\\/1c5e76ef76bbbfdd2b4da984e2bf2fa4056fd51a27d25ce2c332047f1dfd6e00?s=96&d=identicon&r=g\",\"caption\":\"Kohen\"},\"sameAs\":[\"https:\\\/\\\/www.linkedin.com\\\/in\\\/hassan-kohen-448548192\\\/\",\"https:\\\/\\\/www.youtube.com\\\/@Kohen-Avocats\"],\"url\":\"https:\\\/\\\/kohenavocats.com\\\/ar\\\/author\\\/kohenmlk\\\/\"}]}<\/script>\n<!-- \/ Yoast SEO Premium plugin. -->","yoast_head_json":{"title":"Tribunal judiciaire de Mans, le 19 septembre 2025, n\u00b025\/00328 - Ma\u00eetre Hassan Kohen, avocat en droit p\u00e9nal \u00e0 Paris","description":"Le tribunal judiciaire du Mans, statuant en r\u00e9f\u00e9r\u00e9 le 19 septembre 2025, se prononce sur une demande d\u2019extension d\u2019une expertise. Un syndicat de copropri\u00e9tai...","robots":{"index":"index","follow":"follow","max-snippet":"max-snippet:-1","max-image-preview":"max-image-preview:large","max-video-preview":"max-video-preview:-1"},"canonical":"https:\/\/kohenavocats.com\/ar\/tribunal-judiciaire-de-mans-le-19-septembre-2025-n25-00328\/","og_locale":"ar_AR","og_type":"article","og_title":"Tribunal judiciaire de Mans, le 19 septembre 2025, n\u00b025\/00328","og_description":"Le tribunal judiciaire du Mans, statuant en r\u00e9f\u00e9r\u00e9 le 19 septembre 2025, se prononce sur une demande d\u2019extension d\u2019une expertise. Un syndicat de copropri\u00e9tai...","og_url":"https:\/\/kohenavocats.com\/ar\/tribunal-judiciaire-de-mans-le-19-septembre-2025-n25-00328\/","og_site_name":"Ma\u00eetre Hassan Kohen, avocat en droit p\u00e9nal \u00e0 Paris","article_published_time":"2026-04-24T03:59:25+00:00","og_image":[{"width":6000,"height":4000,"url":"https:\/\/kohenavocats.com\/wp-content\/uploads\/2024\/08\/fabian-schneidereit-pahbeN4wc_M-unsplash.webp","type":"image\/webp"}],"author":"Kohen","twitter_card":"summary_large_image","twitter_misc":{"\u0643\u064f\u062a\u0628 \u0628\u0648\u0627\u0633\u0637\u0629":"Kohen","\u0648\u0642\u062a \u0627\u0644\u0642\u0631\u0627\u0621\u0629 \u0627\u0644\u0645\u064f\u0642\u062f\u0651\u0631":"3 \u062f\u0642\u0627\u0626\u0642"},"schema":{"@context":"https:\/\/schema.org","@graph":[{"@type":"Article","@id":"https:\/\/kohenavocats.com\/ar\/tribunal-judiciaire-de-mans-le-19-septembre-2025-n25-00328\/#article","isPartOf":{"@id":"https:\/\/kohenavocats.com\/ar\/tribunal-judiciaire-de-mans-le-19-septembre-2025-n25-00328\/"},"author":{"name":"Kohen","@id":"https:\/\/kohenavocats.com\/ar\/#\/schema\/person\/761c9ba54fa1ca84d405cef0831ff751"},"headline":"Tribunal judiciaire de Mans, le 19 septembre 2025, n\u00b025\/00328","datePublished":"2026-04-24T03:59:25+00:00","mainEntityOfPage":{"@id":"https:\/\/kohenavocats.com\/ar\/tribunal-judiciaire-de-mans-le-19-septembre-2025-n25-00328\/"},"wordCount":664,"commentCount":0,"publisher":{"@id":"https:\/\/kohenavocats.com\/ar\/#organization"},"image":{"@id":"https:\/\/kohenavocats.com\/ar\/tribunal-judiciaire-de-mans-le-19-septembre-2025-n25-00328\/#primaryimage"},"thumbnailUrl":"https:\/\/kohenavocats.com\/wp-content\/uploads\/2024\/08\/fabian-schneidereit-pahbeN4wc_M-unsplash.webp","articleSection":["Jurisprudence"],"inLanguage":"ar","potentialAction":[{"@type":"CommentAction","name":"Comment","target":["https:\/\/kohenavocats.com\/ar\/tribunal-judiciaire-de-mans-le-19-septembre-2025-n25-00328\/#respond"]}],"citation":"Tribunal judiciaire de Mans, le 19 septembre 2025, n\u00b025\/00328","about":[{"@type":"Thing","name":"Jurisprudence"}],"dateModified":"2026-04-24T03:59:25+00:00","speakable":{"@type":"SpeakableSpecification","cssSelector":[".article-content > p:first-of-type"]}},{"@type":"WebPage","@id":"https:\/\/kohenavocats.com\/ar\/tribunal-judiciaire-de-mans-le-19-septembre-2025-n25-00328\/","url":"https:\/\/kohenavocats.com\/ar\/tribunal-judiciaire-de-mans-le-19-septembre-2025-n25-00328\/","name":"Tribunal judiciaire de Mans, le 19 septembre 2025, n\u00b025\/00328 - Ma\u00eetre Hassan Kohen, avocat en droit p\u00e9nal \u00e0 Paris","isPartOf":{"@id":"https:\/\/kohenavocats.com\/ar\/#website"},"primaryImageOfPage":{"@id":"https:\/\/kohenavocats.com\/ar\/tribunal-judiciaire-de-mans-le-19-septembre-2025-n25-00328\/#primaryimage"},"image":{"@id":"https:\/\/kohenavocats.com\/ar\/tribunal-judiciaire-de-mans-le-19-septembre-2025-n25-00328\/#primaryimage"},"thumbnailUrl":"https:\/\/kohenavocats.com\/wp-content\/uploads\/2024\/08\/fabian-schneidereit-pahbeN4wc_M-unsplash.webp","datePublished":"2026-04-24T03:59:25+00:00","description":"Le tribunal judiciaire du Mans, statuant en r\u00e9f\u00e9r\u00e9 le 19 septembre 2025, se prononce sur une demande d\u2019extension d\u2019une expertise. Un syndicat de copropri\u00e9tai...","breadcrumb":{"@id":"https:\/\/kohenavocats.com\/ar\/tribunal-judiciaire-de-mans-le-19-septembre-2025-n25-00328\/#breadcrumb"},"inLanguage":"ar","potentialAction":[{"@type":"ReadAction","target":["https:\/\/kohenavocats.com\/ar\/tribunal-judiciaire-de-mans-le-19-septembre-2025-n25-00328\/"]}]},{"@type":"ImageObject","inLanguage":"ar","@id":"https:\/\/kohenavocats.com\/ar\/tribunal-judiciaire-de-mans-le-19-septembre-2025-n25-00328\/#primaryimage","url":"https:\/\/kohenavocats.com\/wp-content\/uploads\/2024\/08\/fabian-schneidereit-pahbeN4wc_M-unsplash.webp","contentUrl":"https:\/\/kohenavocats.com\/wp-content\/uploads\/2024\/08\/fabian-schneidereit-pahbeN4wc_M-unsplash.webp","width":6000,"height":4000},{"@type":"BreadcrumbList","@id":"https:\/\/kohenavocats.com\/ar\/tribunal-judiciaire-de-mans-le-19-septembre-2025-n25-00328\/#breadcrumb","itemListElement":[{"@type":"ListItem","position":1,"name":"Home","item":"https:\/\/kohenavocats.com\/ar\/%d9%85%d8%ad%d8%a7%d9%85%d9%88%d9%86-%d9%85%d8%aa%d8%ae%d8%b5%d8%b5%d9%88%d9%86-%d9%81%d9%8a-%d8%a7%d9%84%d9%82%d8%a7%d9%86%d9%88%d9%86-%d8%a7%d9%84%d8%ac%d9%86%d8%a7%d8%a6%d9%8a-%d8%a8%d8%a8%d8%a7\/"},{"@type":"ListItem","position":2,"name":"Tribunal judiciaire de Mans, le 19 septembre 2025, n\u00b025\/00328"}]},{"@type":"WebSite","@id":"https:\/\/kohenavocats.com\/ar\/#website","url":"https:\/\/kohenavocats.com\/ar\/","name":"Kohen Avocats","description":"Ma\u00eetre Hassan Kohen, avocat p\u00e9naliste \u00e0 Paris, intervient exclusivement en droit p\u00e9nal pour la d\u00e9fense des particuliers, notamment en mati\u00e8re d\u2019accusations de viol. Il assure un accompagnement rigoureux d\u00e8s la garde \u00e0 vue jusqu\u2019\u00e0 la Cour d\u2019assises, veillant au strict respect des garanties proc\u00e9durales.","publisher":{"@id":"https:\/\/kohenavocats.com\/ar\/#organization"},"potentialAction":[{"@type":"SearchAction","target":{"@type":"EntryPoint","urlTemplate":"https:\/\/kohenavocats.com\/ar\/?s={search_term_string}"},"query-input":{"@type":"PropertyValueSpecification","valueRequired":true,"valueName":"search_term_string"}}],"inLanguage":"ar"},{"@type":"Organization","@id":"https:\/\/kohenavocats.com\/ar\/#organization","name":"Kohen Avocats","url":"https:\/\/kohenavocats.com\/ar\/","logo":{"@type":"ImageObject","inLanguage":"ar","@id":"https:\/\/kohenavocats.com\/ar\/#\/schema\/logo\/image\/","url":"https:\/\/kohenavocats.com\/wp-content\/uploads\/2026\/01\/Logo-2-1.webp","contentUrl":"https:\/\/kohenavocats.com\/wp-content\/uploads\/2026\/01\/Logo-2-1.webp","width":2114,"height":1253,"caption":"Kohen Avocats"},"image":{"@id":"https:\/\/kohenavocats.com\/ar\/#\/schema\/logo\/image\/"}},{"@type":"Person","@id":"https:\/\/kohenavocats.com\/ar\/#\/schema\/person\/761c9ba54fa1ca84d405cef0831ff751","name":"Kohen","image":{"@type":"ImageObject","inLanguage":"ar","@id":"https:\/\/secure.gravatar.com\/avatar\/1c5e76ef76bbbfdd2b4da984e2bf2fa4056fd51a27d25ce2c332047f1dfd6e00?s=96&d=identicon&r=g","url":"https:\/\/secure.gravatar.com\/avatar\/1c5e76ef76bbbfdd2b4da984e2bf2fa4056fd51a27d25ce2c332047f1dfd6e00?s=96&d=identicon&r=g","contentUrl":"https:\/\/secure.gravatar.com\/avatar\/1c5e76ef76bbbfdd2b4da984e2bf2fa4056fd51a27d25ce2c332047f1dfd6e00?s=96&d=identicon&r=g","caption":"Kohen"},"sameAs":["https:\/\/www.linkedin.com\/in\/hassan-kohen-448548192\/","https:\/\/www.youtube.com\/@Kohen-Avocats"],"url":"https:\/\/kohenavocats.com\/ar\/author\/kohenmlk\/"}]}},"jetpack_featured_media_url":"https:\/\/kohenavocats.com\/wp-content\/uploads\/2024\/08\/fabian-schneidereit-pahbeN4wc_M-unsplash.webp","jetpack_likes_enabled":false,"jetpack_shortlink":"https:\/\/wp.me\/peCrII-2O5A","jetpack-related-posts":[{"id":669205,"url":"https:\/\/kohenavocats.com\/ar\/tribunal-judiciaire-de-mans-le-19-septembre-2025-n25-00348\/","url_meta":{"origin":669202,"position":0},"title":"Tribunal judiciaire de Mans, le 19 septembre 2025, n\u00b025\/00348","author":"Kohen","date":"24 \u0623\u0628\u0631\u064a\u0644\u060c 2026","format":false,"excerpt":"Le tribunal judiciaire du Mans, statuant en r\u00e9f\u00e9r\u00e9 le 19 septembre 2025, se prononce sur une demande d'extension d'une expertise judiciaire. Des propri\u00e9taire...","rel":"","context":"\u0641\u064a &quot;Jurisprudence&quot;","block_context":{"text":"Jurisprudence","link":"https:\/\/kohenavocats.com\/category\/jurisprudence\/"},"img":{"alt_text":"","src":"https:\/\/i0.wp.com\/kohenavocats.com\/wp-content\/uploads\/2024\/08\/joshua-rawson-harris-WLXkaubn0Ig-unsplash.webp?resize=350%2C200&ssl=1","width":350,"height":200,"srcset":"https:\/\/i0.wp.com\/kohenavocats.com\/wp-content\/uploads\/2024\/08\/joshua-rawson-harris-WLXkaubn0Ig-unsplash.webp?resize=350%2C200&ssl=1 1x, https:\/\/i0.wp.com\/kohenavocats.com\/wp-content\/uploads\/2024\/08\/joshua-rawson-harris-WLXkaubn0Ig-unsplash.webp?resize=525%2C300&ssl=1 1.5x, https:\/\/i0.wp.com\/kohenavocats.com\/wp-content\/uploads\/2024\/08\/joshua-rawson-harris-WLXkaubn0Ig-unsplash.webp?resize=700%2C400&ssl=1 2x, https:\/\/i0.wp.com\/kohenavocats.com\/wp-content\/uploads\/2024\/08\/joshua-rawson-harris-WLXkaubn0Ig-unsplash.webp?resize=1050%2C600&ssl=1 3x, https:\/\/i0.wp.com\/kohenavocats.com\/wp-content\/uploads\/2024\/08\/joshua-rawson-harris-WLXkaubn0Ig-unsplash.webp?resize=1400%2C800&ssl=1 4x"},"classes":[]},{"id":476888,"url":"https:\/\/kohenavocats.com\/ar\/tribunal-judiciaire-de-mans-le-5-decembre-2025-n25-00271\/","url_meta":{"origin":669202,"position":1},"title":"Tribunal judiciaire de Mans, le 5 d\u00e9cembre 2025, n\u00b025\/00271","author":"Kohen","date":"7 \u0623\u0628\u0631\u064a\u0644\u060c 2026","format":false,"excerpt":"Le tribunal judiciaire du Mans, statuant en r\u00e9f\u00e9r\u00e9 le 5 d\u00e9cembre 2025, se prononce sur une demande d\u2019extension d\u2019une expertise judiciaire. L\u2019acqu\u00e9reur d\u2019un a...","rel":"","context":"\u0641\u064a &quot;Jurisprudence&quot;","block_context":{"text":"Jurisprudence","link":"https:\/\/kohenavocats.com\/category\/jurisprudence\/"},"img":{"alt_text":"","src":"https:\/\/i0.wp.com\/kohenavocats.com\/wp-content\/uploads\/2024\/11\/steve-johnson-Zc8yTDRagWY-unsplash.webp?resize=350%2C200&ssl=1","width":350,"height":200,"srcset":"https:\/\/i0.wp.com\/kohenavocats.com\/wp-content\/uploads\/2024\/11\/steve-johnson-Zc8yTDRagWY-unsplash.webp?resize=350%2C200&ssl=1 1x, https:\/\/i0.wp.com\/kohenavocats.com\/wp-content\/uploads\/2024\/11\/steve-johnson-Zc8yTDRagWY-unsplash.webp?resize=525%2C300&ssl=1 1.5x, https:\/\/i0.wp.com\/kohenavocats.com\/wp-content\/uploads\/2024\/11\/steve-johnson-Zc8yTDRagWY-unsplash.webp?resize=700%2C400&ssl=1 2x, https:\/\/i0.wp.com\/kohenavocats.com\/wp-content\/uploads\/2024\/11\/steve-johnson-Zc8yTDRagWY-unsplash.webp?resize=1050%2C600&ssl=1 3x, https:\/\/i0.wp.com\/kohenavocats.com\/wp-content\/uploads\/2024\/11\/steve-johnson-Zc8yTDRagWY-unsplash.webp?resize=1400%2C800&ssl=1 4x"},"classes":[]},{"id":322770,"url":"https:\/\/kohenavocats.com\/ar\/tribunal-judiciaire-de-du-mans-le-25-juillet-2025-n25-00280\/","url_meta":{"origin":669202,"position":2},"title":"Tribunal judiciaire de Du Mans, le 25 juillet 2025, n\u00b025\/00280","author":"Kohen","date":"9 \u0641\u0628\u0631\u0627\u064a\u0631\u060c 2026","format":false,"excerpt":"Le Tribunal judiciaire du Mans, statuant en r\u00e9f\u00e9r\u00e9 le 25 juillet 2025, a \u00e9t\u00e9 saisi par la soci\u00e9t\u00e9 MACIF d\u2019une demande d\u2019extension d\u2019une expertise m\u00e9dicale...","rel":"","context":"\u0641\u064a &quot;D\u00e9cisions juridiques&quot;","block_context":{"text":"D\u00e9cisions juridiques","link":"https:\/\/kohenavocats.com\/category\/decisions-juridiques\/"},"img":{"alt_text":"","src":"https:\/\/i0.wp.com\/kohenavocats.com\/wp-content\/uploads\/2024\/11\/getty-images-YCdjFYsEk9Q-unsplash.webp?resize=350%2C200&ssl=1","width":350,"height":200,"srcset":"https:\/\/i0.wp.com\/kohenavocats.com\/wp-content\/uploads\/2024\/11\/getty-images-YCdjFYsEk9Q-unsplash.webp?resize=350%2C200&ssl=1 1x, https:\/\/i0.wp.com\/kohenavocats.com\/wp-content\/uploads\/2024\/11\/getty-images-YCdjFYsEk9Q-unsplash.webp?resize=525%2C300&ssl=1 1.5x, https:\/\/i0.wp.com\/kohenavocats.com\/wp-content\/uploads\/2024\/11\/getty-images-YCdjFYsEk9Q-unsplash.webp?resize=700%2C400&ssl=1 2x, https:\/\/i0.wp.com\/kohenavocats.com\/wp-content\/uploads\/2024\/11\/getty-images-YCdjFYsEk9Q-unsplash.webp?resize=1050%2C600&ssl=1 3x, https:\/\/i0.wp.com\/kohenavocats.com\/wp-content\/uploads\/2024\/11\/getty-images-YCdjFYsEk9Q-unsplash.webp?resize=1400%2C800&ssl=1 4x"},"classes":[]},{"id":322775,"url":"https:\/\/kohenavocats.com\/ar\/tribunal-judiciaire-de-du-mans-le-25-juillet-2025-n25-00118\/","url_meta":{"origin":669202,"position":3},"title":"Tribunal judiciaire de Du Mans, le 25 juillet 2025, n\u00b025\/00118","author":"Kohen","date":"9 \u0641\u0628\u0631\u0627\u064a\u0631\u060c 2026","format":false,"excerpt":"Le Tribunal judiciaire du Mans, statuant en r\u00e9f\u00e9r\u00e9 le 25 juillet 2025, est saisi d\u2019une demande d\u2019extension d\u2019une expertise judiciaire \u00e0 l\u2019assureur d\u2019un...","rel":"","context":"\u0641\u064a &quot;D\u00e9cisions juridiques&quot;","block_context":{"text":"D\u00e9cisions juridiques","link":"https:\/\/kohenavocats.com\/category\/decisions-juridiques\/"},"img":{"alt_text":"","src":"https:\/\/i0.wp.com\/kohenavocats.com\/wp-content\/uploads\/2024\/11\/arnaud-mariat-ilqys8HnQak-unsplash.webp?resize=350%2C200&ssl=1","width":350,"height":200,"srcset":"https:\/\/i0.wp.com\/kohenavocats.com\/wp-content\/uploads\/2024\/11\/arnaud-mariat-ilqys8HnQak-unsplash.webp?resize=350%2C200&ssl=1 1x, https:\/\/i0.wp.com\/kohenavocats.com\/wp-content\/uploads\/2024\/11\/arnaud-mariat-ilqys8HnQak-unsplash.webp?resize=525%2C300&ssl=1 1.5x, https:\/\/i0.wp.com\/kohenavocats.com\/wp-content\/uploads\/2024\/11\/arnaud-mariat-ilqys8HnQak-unsplash.webp?resize=700%2C400&ssl=1 2x, https:\/\/i0.wp.com\/kohenavocats.com\/wp-content\/uploads\/2024\/11\/arnaud-mariat-ilqys8HnQak-unsplash.webp?resize=1050%2C600&ssl=1 3x, https:\/\/i0.wp.com\/kohenavocats.com\/wp-content\/uploads\/2024\/11\/arnaud-mariat-ilqys8HnQak-unsplash.webp?resize=1400%2C800&ssl=1 4x"},"classes":[]},{"id":521406,"url":"https:\/\/kohenavocats.com\/ar\/tribunal-de-commerce-le-13-octobre-2025-n2025004291\/","url_meta":{"origin":669202,"position":4},"title":"Tribunal de commerce, le 13 octobre 2025, n\u00b02025004291","author":"Kohen","date":"9 \u0623\u0628\u0631\u064a\u0644\u060c 2026","format":false,"excerpt":"Le tribunal des activit\u00e9s \u00e9conomiques du Mans, statuant en r\u00e9f\u00e9r\u00e9 le 13 octobre 2025, se prononce sur une demande d'opposabilit\u00e9 d'une mesure...","rel":"","context":"\u0641\u064a &quot;D\u00e9cisions juridiques&quot;","block_context":{"text":"D\u00e9cisions juridiques","link":"https:\/\/kohenavocats.com\/category\/decisions-juridiques\/"},"img":{"alt_text":"","src":"https:\/\/i0.wp.com\/kohenavocats.com\/wp-content\/uploads\/2024\/11\/viktor-forgacs-uWfXBePbvnw-unsplash.webp?resize=350%2C200&ssl=1","width":350,"height":200,"srcset":"https:\/\/i0.wp.com\/kohenavocats.com\/wp-content\/uploads\/2024\/11\/viktor-forgacs-uWfXBePbvnw-unsplash.webp?resize=350%2C200&ssl=1 1x, https:\/\/i0.wp.com\/kohenavocats.com\/wp-content\/uploads\/2024\/11\/viktor-forgacs-uWfXBePbvnw-unsplash.webp?resize=525%2C300&ssl=1 1.5x, https:\/\/i0.wp.com\/kohenavocats.com\/wp-content\/uploads\/2024\/11\/viktor-forgacs-uWfXBePbvnw-unsplash.webp?resize=700%2C400&ssl=1 2x, https:\/\/i0.wp.com\/kohenavocats.com\/wp-content\/uploads\/2024\/11\/viktor-forgacs-uWfXBePbvnw-unsplash.webp?resize=1050%2C600&ssl=1 3x, https:\/\/i0.wp.com\/kohenavocats.com\/wp-content\/uploads\/2024\/11\/viktor-forgacs-uWfXBePbvnw-unsplash.webp?resize=1400%2C800&ssl=1 4x"},"classes":[]},{"id":722203,"url":"https:\/\/kohenavocats.com\/ar\/tribunal-judiciaire-de-mans-le-6-fevrier-2026-n25-00612\/","url_meta":{"origin":669202,"position":5},"title":"Tribunal judiciaire de Mans, le 6 f\u00e9vrier 2026, n\u00b025\/00612","author":"Kohen","date":"28 \u0623\u0628\u0631\u064a\u0644\u060c 2026","format":false,"excerpt":"Le tribunal judiciaire du Mans, statuant en r\u00e9f\u00e9r\u00e9 le 6 f\u00e9vrier 2026, a ordonn\u00e9 l'extension d'une expertise \u00e0 un vendeur pr\u00e9c\u00e9dent. L'acqu\u00e9reur d'un camping-...","rel":"","context":"\u0641\u064a &quot;Jurisprudence&quot;","block_context":{"text":"Jurisprudence","link":"https:\/\/kohenavocats.com\/category\/jurisprudence\/"},"img":{"alt_text":"","src":"https:\/\/i0.wp.com\/kohenavocats.com\/wp-content\/uploads\/2024\/08\/pierre-chatel-innocenti-rSruCiNzPIQ-unsplash.webp?resize=350%2C200&ssl=1","width":350,"height":200,"srcset":"https:\/\/i0.wp.com\/kohenavocats.com\/wp-content\/uploads\/2024\/08\/pierre-chatel-innocenti-rSruCiNzPIQ-unsplash.webp?resize=350%2C200&ssl=1 1x, https:\/\/i0.wp.com\/kohenavocats.com\/wp-content\/uploads\/2024\/08\/pierre-chatel-innocenti-rSruCiNzPIQ-unsplash.webp?resize=525%2C300&ssl=1 1.5x, https:\/\/i0.wp.com\/kohenavocats.com\/wp-content\/uploads\/2024\/08\/pierre-chatel-innocenti-rSruCiNzPIQ-unsplash.webp?resize=700%2C400&ssl=1 2x, https:\/\/i0.wp.com\/kohenavocats.com\/wp-content\/uploads\/2024\/08\/pierre-chatel-innocenti-rSruCiNzPIQ-unsplash.webp?resize=1050%2C600&ssl=1 3x, https:\/\/i0.wp.com\/kohenavocats.com\/wp-content\/uploads\/2024\/08\/pierre-chatel-innocenti-rSruCiNzPIQ-unsplash.webp?resize=1400%2C800&ssl=1 4x"},"classes":[]}],"jetpack_sharing_enabled":true,"_links":{"self":[{"href":"https:\/\/kohenavocats.com\/ar\/wp-json\/wp\/v2\/posts\/669202","targetHints":{"allow":["GET"]}}],"collection":[{"href":"https:\/\/kohenavocats.com\/ar\/wp-json\/wp\/v2\/posts"}],"about":[{"href":"https:\/\/kohenavocats.com\/ar\/wp-json\/wp\/v2\/types\/post"}],"author":[{"embeddable":true,"href":"https:\/\/kohenavocats.com\/ar\/wp-json\/wp\/v2\/users\/232070755"}],"replies":[{"embeddable":true,"href":"https:\/\/kohenavocats.com\/ar\/wp-json\/wp\/v2\/comments?post=669202"}],"version-history":[{"count":0,"href":"https:\/\/kohenavocats.com\/ar\/wp-json\/wp\/v2\/posts\/669202\/revisions"}],"wp:featuredmedia":[{"embeddable":true,"href":"https:\/\/kohenavocats.com\/ar\/wp-json\/wp\/v2\/media\/4723"}],"wp:attachment":[{"href":"https:\/\/kohenavocats.com\/ar\/wp-json\/wp\/v2\/media?parent=669202"}],"wp:term":[{"taxonomy":"category","embeddable":true,"href":"https:\/\/kohenavocats.com\/ar\/wp-json\/wp\/v2\/categories?post=669202"},{"taxonomy":"post_tag","embeddable":true,"href":"https:\/\/kohenavocats.com\/ar\/wp-json\/wp\/v2\/tags?post=669202"}],"curies":[{"name":"wp","href":"https:\/\/api.w.org\/{rel}","templated":true}]}}