{"id":669205,"date":"2026-04-24T05:59:36","date_gmt":"2026-04-24T03:59:36","guid":{"rendered":"https:\/\/kohenavocats.com\/tribunal-judiciaire-de-mans-le-19-septembre-2025-n25-00348\/"},"modified":"2026-04-24T05:59:36","modified_gmt":"2026-04-24T03:59:36","slug":"tribunal-judiciaire-de-mans-le-19-septembre-2025-n25-00348","status":"publish","type":"post","link":"https:\/\/kohenavocats.com\/ar\/tribunal-judiciaire-de-mans-le-19-septembre-2025-n25-00348\/","title":{"rendered":"Tribunal judiciaire de Mans, le 19 septembre 2025, n\u00b025\/00348"},"content":{"rendered":"<div class=\"article-content\">\n<p>Le tribunal judiciaire du Mans, statuant en r\u00e9f\u00e9r\u00e9 le 19 septembre 2025, se prononce sur une demande d&#8217;extension d&#8217;une expertise judiciaire. Des propri\u00e9taires, ayant constat\u00e9 des malfa\u00e7ons suite \u00e0 des travaux, avaient obtenu une expertise contre l&#8217;entreprise concern\u00e9e. Ils sollicitent d\u00e9sormais l&#8217;extension de cette mesure \u00e0 la soci\u00e9t\u00e9 d&#8217;assurance de cette entreprise, invoquant la garantie subs\u00e9quente. La d\u00e9fenderesse oppose une r\u00e9siliation du contrat pour non-paiement. Le juge accueille la demande d&#8217;extension, estimant que l&#8217;assureur n&#8217;a pas prouv\u00e9 la r\u00e9siliation effective du contrat.<\/p>\n<p>L&#8217;extension d&#8217;une mesure d&#8217;instruction en r\u00e9f\u00e9r\u00e9<\/p>\n<p>Les conditions proc\u00e9durales de l&#8217;extension. Le juge des r\u00e9f\u00e9r\u00e9s peut, sur le fondement de l&#8217;article 145 du code de proc\u00e9dure civile, \u00e9tendre une mesure d&#8217;instruction \u00e0 une nouvelle partie. Il rappelle que cette extension est subordonn\u00e9e \u00e0 un motif l\u00e9gitime. &#8220;Pour ce faire, il est alors n\u00e9cessaire, conform\u00e9ment aux conditions pos\u00e9es par ce texte, qu&#8217;il existe un motif l\u00e9gitime de rendre l&#8217;expertise commune \u00e0 d&#8217;autres parties que celles initialement vis\u00e9es.&#8221; (Motifs) Cette condition est remplie d\u00e8s lors qu&#8217;un int\u00e9r\u00eat manifeste existe \u00e0 rendre les r\u00e9sultats de l&#8217;expertise opposables \u00e0 la partie mise en cause.<\/p>\n<p>La charge de la preuve concernant la r\u00e9siliation du contrat. Le d\u00e9bat porte sur la preuve de la r\u00e9siliation du contrat d&#8217;assurance invoqu\u00e9e par la compagnie. Les demandeurs produisent une attestation de validit\u00e9 du contrat pour la p\u00e9riode des travaux. La d\u00e9fenderesse ne produit qu&#8217;un avis de mise en demeure de payer. Le juge en d\u00e9duit l&#8217;absence de preuve de la r\u00e9siliation effective. &#8220;Il n\u2019appara\u00eet nullement que le contrat d\u2019assurance (&#8230;) a \u00e9t\u00e9 effectivement r\u00e9sili\u00e9.&#8221; (Motifs) L&#8217;incertitude sur la situation contractuelle constitue ainsi un motif l\u00e9gitime pour l&#8217;extension.<\/p>\n<p>La port\u00e9e pratique de la d\u00e9cision<\/p>\n<p>La gestion proc\u00e9durale de l&#8217;expertise \u00e9tendue. L&#8217;ordonnance organise les modalit\u00e9s pratiques de l&#8217;extension. Elle impose aux demandeurs une consignation compl\u00e9mentaire pour couvrir les frais. Elle pr\u00e9cise que l&#8217;intervenant pourra pr\u00e9senter ses observations sur les op\u00e9rations d\u00e9j\u00e0 effectu\u00e9es. Le calendrier de l&#8217;expertise est r\u00e9am\u00e9nag\u00e9 et son d\u00e9lai prorog\u00e9. Cette d\u00e9cision illustre le pouvoir d&#8217;adaptation du juge des r\u00e9f\u00e9r\u00e9s pour garantir l&#8217;efficacit\u00e9 de la mesure d&#8217;instruction.<\/p>\n<p>La neutralit\u00e9 du r\u00e9f\u00e9r\u00e9 sur le fond du droit des assurances. La d\u00e9cision \u00e9vite soigneusement de trancher le d\u00e9bat de fond sur l&#8217;application de l&#8217;article L. 124-5 du code des assurances. Elle se limite \u00e0 constater l&#8217;absence de preuve d&#8217;une r\u00e9siliation qui \u00e9carterait d&#8217;embl\u00e9e la garantie. En cela, elle respecte la nature provisoire du r\u00e9f\u00e9r\u00e9. Elle laisse ouverte la question de savoir si, en cas de r\u00e9siliation av\u00e9r\u00e9e, la garantie subs\u00e9quente pourrait jouer. Cette prudence contraste avec la position de la Cour de cassation pour qui &#8220;l&#8217;article L. 124-5 du code des assurances \u00e9tant d&#8217;ordre public, la clause (&#8230;) selon laquelle la disposition de ce texte concernant la garantie pendant le d\u00e9lai subs\u00e9quent n&#8217;\u00e9tait pas applicable en cas de r\u00e9siliation pour non-paiement de la prime, \u00e9tait illicite&#8221; (Cass. Deuxi\u00e8me chambre civile, le 12 d\u00e9cembre 2019, n\u00b018-12.762). Le juge du fond devra ult\u00e9rieurement se prononcer.<\/p>\n<\/div>\n","protected":false},"excerpt":{"rendered":"<p>Le tribunal judiciaire du Mans, statuant en r\u00e9f\u00e9r\u00e9 le 19 septembre 2025, se prononce sur une demande d&#8217;extension d&#8217;une expertise judiciaire. Des propri\u00e9taire&#8230;<\/p>\n","protected":false},"author":232070755,"featured_media":4683,"comment_status":"open","ping_status":"open","sticky":false,"template":"","format":"standard","meta":{"_crdt_document":"","_jetpack_newsletter_access":"","_jetpack_dont_email_post_to_subs":false,"_jetpack_newsletter_tier_id":0,"_jetpack_memberships_contains_paywalled_content":false,"_kj_source_type":"judilibre","_kj_official_id":"68cdc10b54b52e4d6be2177e","_kj_official_url":"https:\/\/www.courdecassation.fr\/decision\/68cdc10b54b52e4d6be2177e","_kj_judilibre_id":"68cdc10b54b52e4d6be2177e","_kj_jur":"Tribunal judiciaire","_kj_lieu":"Tribunal judiciaire du Mans","_kj_chambre":"Chambre 9","_kj_rg":"25\/00348","_kj_date":"2025-09-19","_jetpack_memberships_contains_paid_content":false,"footnotes":"","jetpack_post_was_ever_published":false},"categories":[7597],"tags":[],"class_list":["post-669205","post","type-post","status-publish","format-standard","has-post-thumbnail","hentry","category-jurisprudence"],"yoast_head":"<!-- This site is optimized with the Yoast SEO Premium plugin v27.5 (Yoast SEO v27.5) - https:\/\/yoast.com\/product\/yoast-seo-premium-wordpress\/ -->\n<title>Tribunal judiciaire de Mans, le 19 septembre 2025, n\u00b025\/00348 - Ma\u00eetre Hassan Kohen, avocat en droit p\u00e9nal \u00e0 Paris<\/title>\n<meta name=\"description\" content=\"Le tribunal judiciaire du Mans, statuant en r\u00e9f\u00e9r\u00e9 le 19 septembre 2025, se prononce sur une demande d&#039;extension d&#039;une expertise judiciaire. Des propri\u00e9taire...\" \/>\n<meta name=\"robots\" content=\"index, follow, max-snippet:-1, max-image-preview:large, max-video-preview:-1\" \/>\n<link rel=\"canonical\" href=\"https:\/\/kohenavocats.com\/ar\/tribunal-judiciaire-de-mans-le-19-septembre-2025-n25-00348\/\" \/>\n<meta property=\"og:locale\" content=\"ar_AR\" \/>\n<meta property=\"og:type\" content=\"article\" \/>\n<meta property=\"og:title\" content=\"Tribunal judiciaire de Mans, le 19 septembre 2025, n\u00b025\/00348\" \/>\n<meta property=\"og:description\" content=\"Le tribunal judiciaire du Mans, statuant en r\u00e9f\u00e9r\u00e9 le 19 septembre 2025, se prononce sur une demande d&#039;extension d&#039;une expertise judiciaire. Des propri\u00e9taire...\" \/>\n<meta property=\"og:url\" content=\"https:\/\/kohenavocats.com\/ar\/tribunal-judiciaire-de-mans-le-19-septembre-2025-n25-00348\/\" \/>\n<meta property=\"og:site_name\" content=\"Ma\u00eetre Hassan Kohen, avocat en droit p\u00e9nal \u00e0 Paris\" \/>\n<meta property=\"article:published_time\" content=\"2026-04-24T03:59:36+00:00\" \/>\n<meta property=\"og:image\" content=\"https:\/\/kohenavocats.com\/wp-content\/uploads\/2024\/08\/joshua-rawson-harris-WLXkaubn0Ig-unsplash.webp\" \/>\n\t<meta property=\"og:image:width\" content=\"6000\" \/>\n\t<meta property=\"og:image:height\" content=\"4000\" \/>\n\t<meta property=\"og:image:type\" content=\"image\/webp\" \/>\n<meta name=\"author\" content=\"Kohen\" \/>\n<meta name=\"twitter:card\" content=\"summary_large_image\" \/>\n<meta name=\"twitter:label1\" content=\"\u0643\u064f\u062a\u0628 \u0628\u0648\u0627\u0633\u0637\u0629\" \/>\n\t<meta name=\"twitter:data1\" content=\"Kohen\" \/>\n\t<meta name=\"twitter:label2\" content=\"\u0648\u0642\u062a \u0627\u0644\u0642\u0631\u0627\u0621\u0629 \u0627\u0644\u0645\u064f\u0642\u062f\u0651\u0631\" \/>\n\t<meta name=\"twitter:data2\" content=\"3 \u062f\u0642\u0627\u0626\u0642\" \/>\n<script type=\"application\/ld+json\" class=\"yoast-schema-graph\">{\"@context\":\"https:\\\/\\\/schema.org\",\"@graph\":[{\"@type\":\"Article\",\"@id\":\"https:\\\/\\\/kohenavocats.com\\\/ar\\\/tribunal-judiciaire-de-mans-le-19-septembre-2025-n25-00348\\\/#article\",\"isPartOf\":{\"@id\":\"https:\\\/\\\/kohenavocats.com\\\/ar\\\/tribunal-judiciaire-de-mans-le-19-septembre-2025-n25-00348\\\/\"},\"author\":{\"name\":\"Kohen\",\"@id\":\"https:\\\/\\\/kohenavocats.com\\\/ar\\\/#\\\/schema\\\/person\\\/761c9ba54fa1ca84d405cef0831ff751\"},\"headline\":\"Tribunal judiciaire de Mans, le 19 septembre 2025, n\u00b025\\\/00348\",\"datePublished\":\"2026-04-24T03:59:36+00:00\",\"mainEntityOfPage\":{\"@id\":\"https:\\\/\\\/kohenavocats.com\\\/ar\\\/tribunal-judiciaire-de-mans-le-19-septembre-2025-n25-00348\\\/\"},\"wordCount\":594,\"commentCount\":0,\"publisher\":{\"@id\":\"https:\\\/\\\/kohenavocats.com\\\/ar\\\/#organization\"},\"image\":{\"@id\":\"https:\\\/\\\/kohenavocats.com\\\/ar\\\/tribunal-judiciaire-de-mans-le-19-septembre-2025-n25-00348\\\/#primaryimage\"},\"thumbnailUrl\":\"https:\\\/\\\/kohenavocats.com\\\/wp-content\\\/uploads\\\/2024\\\/08\\\/joshua-rawson-harris-WLXkaubn0Ig-unsplash.webp\",\"articleSection\":[\"Jurisprudence\"],\"inLanguage\":\"ar\",\"potentialAction\":[{\"@type\":\"CommentAction\",\"name\":\"Comment\",\"target\":[\"https:\\\/\\\/kohenavocats.com\\\/ar\\\/tribunal-judiciaire-de-mans-le-19-septembre-2025-n25-00348\\\/#respond\"]}],\"citation\":\"Tribunal judiciaire de Mans, le 19 septembre 2025, n\u00b025\\\/00348\",\"about\":[{\"@type\":\"Thing\",\"name\":\"Jurisprudence\"}],\"dateModified\":\"2026-04-24T03:59:36+00:00\",\"speakable\":{\"@type\":\"SpeakableSpecification\",\"cssSelector\":[\".article-content > p:first-of-type\"]}},{\"@type\":\"WebPage\",\"@id\":\"https:\\\/\\\/kohenavocats.com\\\/ar\\\/tribunal-judiciaire-de-mans-le-19-septembre-2025-n25-00348\\\/\",\"url\":\"https:\\\/\\\/kohenavocats.com\\\/ar\\\/tribunal-judiciaire-de-mans-le-19-septembre-2025-n25-00348\\\/\",\"name\":\"Tribunal judiciaire de Mans, le 19 septembre 2025, n\u00b025\\\/00348 - Ma\u00eetre Hassan Kohen, avocat en droit p\u00e9nal \u00e0 Paris\",\"isPartOf\":{\"@id\":\"https:\\\/\\\/kohenavocats.com\\\/ar\\\/#website\"},\"primaryImageOfPage\":{\"@id\":\"https:\\\/\\\/kohenavocats.com\\\/ar\\\/tribunal-judiciaire-de-mans-le-19-septembre-2025-n25-00348\\\/#primaryimage\"},\"image\":{\"@id\":\"https:\\\/\\\/kohenavocats.com\\\/ar\\\/tribunal-judiciaire-de-mans-le-19-septembre-2025-n25-00348\\\/#primaryimage\"},\"thumbnailUrl\":\"https:\\\/\\\/kohenavocats.com\\\/wp-content\\\/uploads\\\/2024\\\/08\\\/joshua-rawson-harris-WLXkaubn0Ig-unsplash.webp\",\"datePublished\":\"2026-04-24T03:59:36+00:00\",\"description\":\"Le tribunal judiciaire du Mans, statuant en r\u00e9f\u00e9r\u00e9 le 19 septembre 2025, se prononce sur une demande d'extension d'une expertise judiciaire. Des propri\u00e9taire...\",\"breadcrumb\":{\"@id\":\"https:\\\/\\\/kohenavocats.com\\\/ar\\\/tribunal-judiciaire-de-mans-le-19-septembre-2025-n25-00348\\\/#breadcrumb\"},\"inLanguage\":\"ar\",\"potentialAction\":[{\"@type\":\"ReadAction\",\"target\":[\"https:\\\/\\\/kohenavocats.com\\\/ar\\\/tribunal-judiciaire-de-mans-le-19-septembre-2025-n25-00348\\\/\"]}]},{\"@type\":\"ImageObject\",\"inLanguage\":\"ar\",\"@id\":\"https:\\\/\\\/kohenavocats.com\\\/ar\\\/tribunal-judiciaire-de-mans-le-19-septembre-2025-n25-00348\\\/#primaryimage\",\"url\":\"https:\\\/\\\/kohenavocats.com\\\/wp-content\\\/uploads\\\/2024\\\/08\\\/joshua-rawson-harris-WLXkaubn0Ig-unsplash.webp\",\"contentUrl\":\"https:\\\/\\\/kohenavocats.com\\\/wp-content\\\/uploads\\\/2024\\\/08\\\/joshua-rawson-harris-WLXkaubn0Ig-unsplash.webp\",\"width\":6000,\"height\":4000},{\"@type\":\"BreadcrumbList\",\"@id\":\"https:\\\/\\\/kohenavocats.com\\\/ar\\\/tribunal-judiciaire-de-mans-le-19-septembre-2025-n25-00348\\\/#breadcrumb\",\"itemListElement\":[{\"@type\":\"ListItem\",\"position\":1,\"name\":\"Home\",\"item\":\"https:\\\/\\\/kohenavocats.com\\\/ar\\\/%d9%85%d8%ad%d8%a7%d9%85%d9%88%d9%86-%d9%85%d8%aa%d8%ae%d8%b5%d8%b5%d9%88%d9%86-%d9%81%d9%8a-%d8%a7%d9%84%d9%82%d8%a7%d9%86%d9%88%d9%86-%d8%a7%d9%84%d8%ac%d9%86%d8%a7%d8%a6%d9%8a-%d8%a8%d8%a8%d8%a7\\\/\"},{\"@type\":\"ListItem\",\"position\":2,\"name\":\"Tribunal judiciaire de Mans, le 19 septembre 2025, n\u00b025\\\/00348\"}]},{\"@type\":\"WebSite\",\"@id\":\"https:\\\/\\\/kohenavocats.com\\\/ar\\\/#website\",\"url\":\"https:\\\/\\\/kohenavocats.com\\\/ar\\\/\",\"name\":\"Kohen Avocats\",\"description\":\"Ma\u00eetre Hassan Kohen, avocat p\u00e9naliste \u00e0 Paris, intervient exclusivement en droit p\u00e9nal pour la d\u00e9fense des particuliers, notamment en mati\u00e8re d\u2019accusations de viol. Il assure un accompagnement rigoureux d\u00e8s la garde \u00e0 vue jusqu\u2019\u00e0 la Cour d\u2019assises, veillant au strict respect des garanties proc\u00e9durales.\",\"publisher\":{\"@id\":\"https:\\\/\\\/kohenavocats.com\\\/ar\\\/#organization\"},\"potentialAction\":[{\"@type\":\"SearchAction\",\"target\":{\"@type\":\"EntryPoint\",\"urlTemplate\":\"https:\\\/\\\/kohenavocats.com\\\/ar\\\/?s={search_term_string}\"},\"query-input\":{\"@type\":\"PropertyValueSpecification\",\"valueRequired\":true,\"valueName\":\"search_term_string\"}}],\"inLanguage\":\"ar\"},{\"@type\":\"Organization\",\"@id\":\"https:\\\/\\\/kohenavocats.com\\\/ar\\\/#organization\",\"name\":\"Kohen Avocats\",\"url\":\"https:\\\/\\\/kohenavocats.com\\\/ar\\\/\",\"logo\":{\"@type\":\"ImageObject\",\"inLanguage\":\"ar\",\"@id\":\"https:\\\/\\\/kohenavocats.com\\\/ar\\\/#\\\/schema\\\/logo\\\/image\\\/\",\"url\":\"https:\\\/\\\/kohenavocats.com\\\/wp-content\\\/uploads\\\/2026\\\/01\\\/Logo-2-1.webp\",\"contentUrl\":\"https:\\\/\\\/kohenavocats.com\\\/wp-content\\\/uploads\\\/2026\\\/01\\\/Logo-2-1.webp\",\"width\":2114,\"height\":1253,\"caption\":\"Kohen Avocats\"},\"image\":{\"@id\":\"https:\\\/\\\/kohenavocats.com\\\/ar\\\/#\\\/schema\\\/logo\\\/image\\\/\"}},{\"@type\":\"Person\",\"@id\":\"https:\\\/\\\/kohenavocats.com\\\/ar\\\/#\\\/schema\\\/person\\\/761c9ba54fa1ca84d405cef0831ff751\",\"name\":\"Kohen\",\"image\":{\"@type\":\"ImageObject\",\"inLanguage\":\"ar\",\"@id\":\"https:\\\/\\\/secure.gravatar.com\\\/avatar\\\/1c5e76ef76bbbfdd2b4da984e2bf2fa4056fd51a27d25ce2c332047f1dfd6e00?s=96&d=identicon&r=g\",\"url\":\"https:\\\/\\\/secure.gravatar.com\\\/avatar\\\/1c5e76ef76bbbfdd2b4da984e2bf2fa4056fd51a27d25ce2c332047f1dfd6e00?s=96&d=identicon&r=g\",\"contentUrl\":\"https:\\\/\\\/secure.gravatar.com\\\/avatar\\\/1c5e76ef76bbbfdd2b4da984e2bf2fa4056fd51a27d25ce2c332047f1dfd6e00?s=96&d=identicon&r=g\",\"caption\":\"Kohen\"},\"sameAs\":[\"https:\\\/\\\/www.linkedin.com\\\/in\\\/hassan-kohen-448548192\\\/\",\"https:\\\/\\\/www.youtube.com\\\/@Kohen-Avocats\"],\"url\":\"https:\\\/\\\/kohenavocats.com\\\/ar\\\/author\\\/kohenmlk\\\/\"}]}<\/script>\n<!-- \/ Yoast SEO Premium plugin. -->","yoast_head_json":{"title":"Tribunal judiciaire de Mans, le 19 septembre 2025, n\u00b025\/00348 - Ma\u00eetre Hassan Kohen, avocat en droit p\u00e9nal \u00e0 Paris","description":"Le tribunal judiciaire du Mans, statuant en r\u00e9f\u00e9r\u00e9 le 19 septembre 2025, se prononce sur une demande d'extension d'une expertise judiciaire. Des propri\u00e9taire...","robots":{"index":"index","follow":"follow","max-snippet":"max-snippet:-1","max-image-preview":"max-image-preview:large","max-video-preview":"max-video-preview:-1"},"canonical":"https:\/\/kohenavocats.com\/ar\/tribunal-judiciaire-de-mans-le-19-septembre-2025-n25-00348\/","og_locale":"ar_AR","og_type":"article","og_title":"Tribunal judiciaire de Mans, le 19 septembre 2025, n\u00b025\/00348","og_description":"Le tribunal judiciaire du Mans, statuant en r\u00e9f\u00e9r\u00e9 le 19 septembre 2025, se prononce sur une demande d'extension d'une expertise judiciaire. Des propri\u00e9taire...","og_url":"https:\/\/kohenavocats.com\/ar\/tribunal-judiciaire-de-mans-le-19-septembre-2025-n25-00348\/","og_site_name":"Ma\u00eetre Hassan Kohen, avocat en droit p\u00e9nal \u00e0 Paris","article_published_time":"2026-04-24T03:59:36+00:00","og_image":[{"width":6000,"height":4000,"url":"https:\/\/kohenavocats.com\/wp-content\/uploads\/2024\/08\/joshua-rawson-harris-WLXkaubn0Ig-unsplash.webp","type":"image\/webp"}],"author":"Kohen","twitter_card":"summary_large_image","twitter_misc":{"\u0643\u064f\u062a\u0628 \u0628\u0648\u0627\u0633\u0637\u0629":"Kohen","\u0648\u0642\u062a \u0627\u0644\u0642\u0631\u0627\u0621\u0629 \u0627\u0644\u0645\u064f\u0642\u062f\u0651\u0631":"3 \u062f\u0642\u0627\u0626\u0642"},"schema":{"@context":"https:\/\/schema.org","@graph":[{"@type":"Article","@id":"https:\/\/kohenavocats.com\/ar\/tribunal-judiciaire-de-mans-le-19-septembre-2025-n25-00348\/#article","isPartOf":{"@id":"https:\/\/kohenavocats.com\/ar\/tribunal-judiciaire-de-mans-le-19-septembre-2025-n25-00348\/"},"author":{"name":"Kohen","@id":"https:\/\/kohenavocats.com\/ar\/#\/schema\/person\/761c9ba54fa1ca84d405cef0831ff751"},"headline":"Tribunal judiciaire de Mans, le 19 septembre 2025, n\u00b025\/00348","datePublished":"2026-04-24T03:59:36+00:00","mainEntityOfPage":{"@id":"https:\/\/kohenavocats.com\/ar\/tribunal-judiciaire-de-mans-le-19-septembre-2025-n25-00348\/"},"wordCount":594,"commentCount":0,"publisher":{"@id":"https:\/\/kohenavocats.com\/ar\/#organization"},"image":{"@id":"https:\/\/kohenavocats.com\/ar\/tribunal-judiciaire-de-mans-le-19-septembre-2025-n25-00348\/#primaryimage"},"thumbnailUrl":"https:\/\/kohenavocats.com\/wp-content\/uploads\/2024\/08\/joshua-rawson-harris-WLXkaubn0Ig-unsplash.webp","articleSection":["Jurisprudence"],"inLanguage":"ar","potentialAction":[{"@type":"CommentAction","name":"Comment","target":["https:\/\/kohenavocats.com\/ar\/tribunal-judiciaire-de-mans-le-19-septembre-2025-n25-00348\/#respond"]}],"citation":"Tribunal judiciaire de Mans, le 19 septembre 2025, n\u00b025\/00348","about":[{"@type":"Thing","name":"Jurisprudence"}],"dateModified":"2026-04-24T03:59:36+00:00","speakable":{"@type":"SpeakableSpecification","cssSelector":[".article-content > p:first-of-type"]}},{"@type":"WebPage","@id":"https:\/\/kohenavocats.com\/ar\/tribunal-judiciaire-de-mans-le-19-septembre-2025-n25-00348\/","url":"https:\/\/kohenavocats.com\/ar\/tribunal-judiciaire-de-mans-le-19-septembre-2025-n25-00348\/","name":"Tribunal judiciaire de Mans, le 19 septembre 2025, n\u00b025\/00348 - Ma\u00eetre Hassan Kohen, avocat en droit p\u00e9nal \u00e0 Paris","isPartOf":{"@id":"https:\/\/kohenavocats.com\/ar\/#website"},"primaryImageOfPage":{"@id":"https:\/\/kohenavocats.com\/ar\/tribunal-judiciaire-de-mans-le-19-septembre-2025-n25-00348\/#primaryimage"},"image":{"@id":"https:\/\/kohenavocats.com\/ar\/tribunal-judiciaire-de-mans-le-19-septembre-2025-n25-00348\/#primaryimage"},"thumbnailUrl":"https:\/\/kohenavocats.com\/wp-content\/uploads\/2024\/08\/joshua-rawson-harris-WLXkaubn0Ig-unsplash.webp","datePublished":"2026-04-24T03:59:36+00:00","description":"Le tribunal judiciaire du Mans, statuant en r\u00e9f\u00e9r\u00e9 le 19 septembre 2025, se prononce sur une demande d'extension d'une expertise judiciaire. Des propri\u00e9taire...","breadcrumb":{"@id":"https:\/\/kohenavocats.com\/ar\/tribunal-judiciaire-de-mans-le-19-septembre-2025-n25-00348\/#breadcrumb"},"inLanguage":"ar","potentialAction":[{"@type":"ReadAction","target":["https:\/\/kohenavocats.com\/ar\/tribunal-judiciaire-de-mans-le-19-septembre-2025-n25-00348\/"]}]},{"@type":"ImageObject","inLanguage":"ar","@id":"https:\/\/kohenavocats.com\/ar\/tribunal-judiciaire-de-mans-le-19-septembre-2025-n25-00348\/#primaryimage","url":"https:\/\/kohenavocats.com\/wp-content\/uploads\/2024\/08\/joshua-rawson-harris-WLXkaubn0Ig-unsplash.webp","contentUrl":"https:\/\/kohenavocats.com\/wp-content\/uploads\/2024\/08\/joshua-rawson-harris-WLXkaubn0Ig-unsplash.webp","width":6000,"height":4000},{"@type":"BreadcrumbList","@id":"https:\/\/kohenavocats.com\/ar\/tribunal-judiciaire-de-mans-le-19-septembre-2025-n25-00348\/#breadcrumb","itemListElement":[{"@type":"ListItem","position":1,"name":"Home","item":"https:\/\/kohenavocats.com\/ar\/%d9%85%d8%ad%d8%a7%d9%85%d9%88%d9%86-%d9%85%d8%aa%d8%ae%d8%b5%d8%b5%d9%88%d9%86-%d9%81%d9%8a-%d8%a7%d9%84%d9%82%d8%a7%d9%86%d9%88%d9%86-%d8%a7%d9%84%d8%ac%d9%86%d8%a7%d8%a6%d9%8a-%d8%a8%d8%a8%d8%a7\/"},{"@type":"ListItem","position":2,"name":"Tribunal judiciaire de Mans, le 19 septembre 2025, n\u00b025\/00348"}]},{"@type":"WebSite","@id":"https:\/\/kohenavocats.com\/ar\/#website","url":"https:\/\/kohenavocats.com\/ar\/","name":"Kohen Avocats","description":"Ma\u00eetre Hassan Kohen, avocat p\u00e9naliste \u00e0 Paris, intervient exclusivement en droit p\u00e9nal pour la d\u00e9fense des particuliers, notamment en mati\u00e8re d\u2019accusations de viol. Il assure un accompagnement rigoureux d\u00e8s la garde \u00e0 vue jusqu\u2019\u00e0 la Cour d\u2019assises, veillant au strict respect des garanties proc\u00e9durales.","publisher":{"@id":"https:\/\/kohenavocats.com\/ar\/#organization"},"potentialAction":[{"@type":"SearchAction","target":{"@type":"EntryPoint","urlTemplate":"https:\/\/kohenavocats.com\/ar\/?s={search_term_string}"},"query-input":{"@type":"PropertyValueSpecification","valueRequired":true,"valueName":"search_term_string"}}],"inLanguage":"ar"},{"@type":"Organization","@id":"https:\/\/kohenavocats.com\/ar\/#organization","name":"Kohen Avocats","url":"https:\/\/kohenavocats.com\/ar\/","logo":{"@type":"ImageObject","inLanguage":"ar","@id":"https:\/\/kohenavocats.com\/ar\/#\/schema\/logo\/image\/","url":"https:\/\/kohenavocats.com\/wp-content\/uploads\/2026\/01\/Logo-2-1.webp","contentUrl":"https:\/\/kohenavocats.com\/wp-content\/uploads\/2026\/01\/Logo-2-1.webp","width":2114,"height":1253,"caption":"Kohen Avocats"},"image":{"@id":"https:\/\/kohenavocats.com\/ar\/#\/schema\/logo\/image\/"}},{"@type":"Person","@id":"https:\/\/kohenavocats.com\/ar\/#\/schema\/person\/761c9ba54fa1ca84d405cef0831ff751","name":"Kohen","image":{"@type":"ImageObject","inLanguage":"ar","@id":"https:\/\/secure.gravatar.com\/avatar\/1c5e76ef76bbbfdd2b4da984e2bf2fa4056fd51a27d25ce2c332047f1dfd6e00?s=96&d=identicon&r=g","url":"https:\/\/secure.gravatar.com\/avatar\/1c5e76ef76bbbfdd2b4da984e2bf2fa4056fd51a27d25ce2c332047f1dfd6e00?s=96&d=identicon&r=g","contentUrl":"https:\/\/secure.gravatar.com\/avatar\/1c5e76ef76bbbfdd2b4da984e2bf2fa4056fd51a27d25ce2c332047f1dfd6e00?s=96&d=identicon&r=g","caption":"Kohen"},"sameAs":["https:\/\/www.linkedin.com\/in\/hassan-kohen-448548192\/","https:\/\/www.youtube.com\/@Kohen-Avocats"],"url":"https:\/\/kohenavocats.com\/ar\/author\/kohenmlk\/"}]}},"jetpack_featured_media_url":"https:\/\/kohenavocats.com\/wp-content\/uploads\/2024\/08\/joshua-rawson-harris-WLXkaubn0Ig-unsplash.webp","jetpack_likes_enabled":false,"jetpack_shortlink":"https:\/\/wp.me\/peCrII-2O5D","jetpack-related-posts":[{"id":770304,"url":"https:\/\/kohenavocats.com\/ar\/tribunal-judiciaire-de-saint-etienne-le-8-janvier-2026-n25-00791-2\/","url_meta":{"origin":669205,"position":0},"title":"Tribunal judiciaire de Saint-\u00c9tienne, le 8 janvier 2026, n\u00b025\/00791","author":"Kohen","date":"30 \u0623\u0628\u0631\u064a\u0644\u060c 2026","format":false,"excerpt":"Le tribunal judiciaire de Saint-\u00c9tienne, statuant en r\u00e9f\u00e9r\u00e9 le 8 janvier 2026, a \u00e9t\u00e9 saisi d\u2019une demande d\u2019extension d\u2019expertise. Une soci\u00e9t\u00e9 de ma\u00e7onnerie, ...","rel":"","context":"\u0641\u064a &quot;Jurisprudence&quot;","block_context":{"text":"Jurisprudence","link":"https:\/\/kohenavocats.com\/category\/jurisprudence\/"},"img":{"alt_text":"","src":"https:\/\/i0.wp.com\/kohenavocats.com\/wp-content\/uploads\/2024\/08\/chris-karidis-QSRSgWlAFCQ-unsplash.webp?resize=350%2C200&ssl=1","width":350,"height":200,"srcset":"https:\/\/i0.wp.com\/kohenavocats.com\/wp-content\/uploads\/2024\/08\/chris-karidis-QSRSgWlAFCQ-unsplash.webp?resize=350%2C200&ssl=1 1x, https:\/\/i0.wp.com\/kohenavocats.com\/wp-content\/uploads\/2024\/08\/chris-karidis-QSRSgWlAFCQ-unsplash.webp?resize=525%2C300&ssl=1 1.5x, https:\/\/i0.wp.com\/kohenavocats.com\/wp-content\/uploads\/2024\/08\/chris-karidis-QSRSgWlAFCQ-unsplash.webp?resize=700%2C400&ssl=1 2x, https:\/\/i0.wp.com\/kohenavocats.com\/wp-content\/uploads\/2024\/08\/chris-karidis-QSRSgWlAFCQ-unsplash.webp?resize=1050%2C600&ssl=1 3x, https:\/\/i0.wp.com\/kohenavocats.com\/wp-content\/uploads\/2024\/08\/chris-karidis-QSRSgWlAFCQ-unsplash.webp?resize=1400%2C800&ssl=1 4x"},"classes":[]},{"id":795618,"url":"https:\/\/kohenavocats.com\/ar\/tribunal-judiciaire-de-paris-le-10-decembre-2025-n25-57122\/","url_meta":{"origin":669205,"position":1},"title":"Tribunal judiciaire de Paris, le 10 d\u00e9cembre 2025, n\u00b025\/57122","author":"Kohen","date":"1 \u0645\u0627\u064a\u0648\u060c 2026","format":false,"excerpt":"Le Tribunal judiciaire de Paris, dans une ordonnance de r\u00e9f\u00e9r\u00e9 rendue le 10 d\u00e9cembre 2025, a \u00e9t\u00e9 saisi d\u2019une demande d\u2019extension d\u2019une mesure d\u2019expertise...","rel":"","context":"\u0641\u064a &quot;D\u00e9cisions juridiques&quot;","block_context":{"text":"D\u00e9cisions juridiques","link":"https:\/\/kohenavocats.com\/category\/decisions-juridiques\/"},"img":{"alt_text":"","src":"https:\/\/i0.wp.com\/kohenavocats.com\/wp-content\/uploads\/2024\/07\/giammarco-boscaro-zeH-ljawHtg-unsplash.webp?resize=350%2C200&ssl=1","width":350,"height":200,"srcset":"https:\/\/i0.wp.com\/kohenavocats.com\/wp-content\/uploads\/2024\/07\/giammarco-boscaro-zeH-ljawHtg-unsplash.webp?resize=350%2C200&ssl=1 1x, https:\/\/i0.wp.com\/kohenavocats.com\/wp-content\/uploads\/2024\/07\/giammarco-boscaro-zeH-ljawHtg-unsplash.webp?resize=525%2C300&ssl=1 1.5x, https:\/\/i0.wp.com\/kohenavocats.com\/wp-content\/uploads\/2024\/07\/giammarco-boscaro-zeH-ljawHtg-unsplash.webp?resize=700%2C400&ssl=1 2x, https:\/\/i0.wp.com\/kohenavocats.com\/wp-content\/uploads\/2024\/07\/giammarco-boscaro-zeH-ljawHtg-unsplash.webp?resize=1050%2C600&ssl=1 3x, https:\/\/i0.wp.com\/kohenavocats.com\/wp-content\/uploads\/2024\/07\/giammarco-boscaro-zeH-ljawHtg-unsplash.webp?resize=1400%2C800&ssl=1 4x"},"classes":[]},{"id":796306,"url":"https:\/\/kohenavocats.com\/ar\/tribunal-judiciaire-de-olonne-le-9-decembre-2025-n25-00266\/","url_meta":{"origin":669205,"position":2},"title":"Tribunal judiciaire de Olonne, le 9 d\u00e9cembre 2025, n\u00b025\/00266","author":"Kohen","date":"1 \u0645\u0627\u064a\u0648\u060c 2026","format":false,"excerpt":"Le tribunal judiciaire des Sables d'Olonne, statuant en r\u00e9f\u00e9r\u00e9 le 9 d\u00e9cembre 2025, \u00e9tait saisi d'une demande d'extension d'une expertise pr\u00e9ventive. Une soci...","rel":"","context":"\u0641\u064a &quot;Jurisprudence&quot;","block_context":{"text":"Jurisprudence","link":"https:\/\/kohenavocats.com\/category\/jurisprudence\/"},"img":{"alt_text":"","src":"https:\/\/i0.wp.com\/kohenavocats.com\/wp-content\/uploads\/2024\/08\/xavier-photography-Cgzlv8ZL188-unsplash.webp?resize=350%2C200&ssl=1","width":350,"height":200,"srcset":"https:\/\/i0.wp.com\/kohenavocats.com\/wp-content\/uploads\/2024\/08\/xavier-photography-Cgzlv8ZL188-unsplash.webp?resize=350%2C200&ssl=1 1x, https:\/\/i0.wp.com\/kohenavocats.com\/wp-content\/uploads\/2024\/08\/xavier-photography-Cgzlv8ZL188-unsplash.webp?resize=525%2C300&ssl=1 1.5x, https:\/\/i0.wp.com\/kohenavocats.com\/wp-content\/uploads\/2024\/08\/xavier-photography-Cgzlv8ZL188-unsplash.webp?resize=700%2C400&ssl=1 2x, https:\/\/i0.wp.com\/kohenavocats.com\/wp-content\/uploads\/2024\/08\/xavier-photography-Cgzlv8ZL188-unsplash.webp?resize=1050%2C600&ssl=1 3x, https:\/\/i0.wp.com\/kohenavocats.com\/wp-content\/uploads\/2024\/08\/xavier-photography-Cgzlv8ZL188-unsplash.webp?resize=1400%2C800&ssl=1 4x"},"classes":[]},{"id":770302,"url":"https:\/\/kohenavocats.com\/ar\/tribunal-judiciaire-de-saint-etienne-le-8-janvier-2026-n25-00791\/","url_meta":{"origin":669205,"position":3},"title":"Tribunal judiciaire de Saint-Etienne, le 8 janvier 2026, n\u00b025\/00791","author":"Kohen","date":"30 \u0623\u0628\u0631\u064a\u0644\u060c 2026","format":false,"excerpt":"Le tribunal judiciaire de Saint-\u00c9tienne, statuant en r\u00e9f\u00e9r\u00e9 le 8 janvier 2026, a \u00e9t\u00e9 saisi d\u2019une demande d\u2019extension d\u2019expertise. Une soci\u00e9t\u00e9 de...","rel":"","context":"\u0641\u064a &quot;D\u00e9cisions juridiques&quot;","block_context":{"text":"D\u00e9cisions juridiques","link":"https:\/\/kohenavocats.com\/category\/decisions-juridiques\/"},"img":{"alt_text":"","src":"https:\/\/i0.wp.com\/kohenavocats.com\/wp-content\/uploads\/2024\/11\/zyanya-citlalli-rHPdKZUQqv4-unsplash.webp?resize=350%2C200&ssl=1","width":350,"height":200,"srcset":"https:\/\/i0.wp.com\/kohenavocats.com\/wp-content\/uploads\/2024\/11\/zyanya-citlalli-rHPdKZUQqv4-unsplash.webp?resize=350%2C200&ssl=1 1x, https:\/\/i0.wp.com\/kohenavocats.com\/wp-content\/uploads\/2024\/11\/zyanya-citlalli-rHPdKZUQqv4-unsplash.webp?resize=525%2C300&ssl=1 1.5x, https:\/\/i0.wp.com\/kohenavocats.com\/wp-content\/uploads\/2024\/11\/zyanya-citlalli-rHPdKZUQqv4-unsplash.webp?resize=700%2C400&ssl=1 2x, https:\/\/i0.wp.com\/kohenavocats.com\/wp-content\/uploads\/2024\/11\/zyanya-citlalli-rHPdKZUQqv4-unsplash.webp?resize=1050%2C600&ssl=1 3x, https:\/\/i0.wp.com\/kohenavocats.com\/wp-content\/uploads\/2024\/11\/zyanya-citlalli-rHPdKZUQqv4-unsplash.webp?resize=1400%2C800&ssl=1 4x"},"classes":[]},{"id":795624,"url":"https:\/\/kohenavocats.com\/ar\/tribunal-judiciaire-de-paris-le-10-decembre-2025-n25-57172-2\/","url_meta":{"origin":669205,"position":4},"title":"Tribunal judiciaire de Paris, le 10 d\u00e9cembre 2025, n\u00b025\/57172","author":"Kohen","date":"1 \u0645\u0627\u064a\u0648\u060c 2026","format":false,"excerpt":"Le 10 d\u00e9cembre 2025, le Tribunal judiciaire de Paris, statuant en r\u00e9f\u00e9r\u00e9, a rendu une ordonnance sur une demande d\u2019extension d\u2019expertise. Une soci\u00e9t\u00e9 bailler...","rel":"","context":"\u0641\u064a &quot;Jurisprudence&quot;","block_context":{"text":"Jurisprudence","link":"https:\/\/kohenavocats.com\/category\/jurisprudence\/"},"img":{"alt_text":"","src":"https:\/\/i0.wp.com\/kohenavocats.com\/wp-content\/uploads\/2024\/08\/daniele-d-andreti-ud9u7beav2s-unsplash.webp?resize=350%2C200&ssl=1","width":350,"height":200,"srcset":"https:\/\/i0.wp.com\/kohenavocats.com\/wp-content\/uploads\/2024\/08\/daniele-d-andreti-ud9u7beav2s-unsplash.webp?resize=350%2C200&ssl=1 1x, https:\/\/i0.wp.com\/kohenavocats.com\/wp-content\/uploads\/2024\/08\/daniele-d-andreti-ud9u7beav2s-unsplash.webp?resize=525%2C300&ssl=1 1.5x, https:\/\/i0.wp.com\/kohenavocats.com\/wp-content\/uploads\/2024\/08\/daniele-d-andreti-ud9u7beav2s-unsplash.webp?resize=700%2C400&ssl=1 2x, https:\/\/i0.wp.com\/kohenavocats.com\/wp-content\/uploads\/2024\/08\/daniele-d-andreti-ud9u7beav2s-unsplash.webp?resize=1050%2C600&ssl=1 3x, https:\/\/i0.wp.com\/kohenavocats.com\/wp-content\/uploads\/2024\/08\/daniele-d-andreti-ud9u7beav2s-unsplash.webp?resize=1400%2C800&ssl=1 4x"},"classes":[]},{"id":795412,"url":"https:\/\/kohenavocats.com\/ar\/tribunal-judiciaire-de-dijon-le-10-decembre-2025-n25-00493\/","url_meta":{"origin":669205,"position":5},"title":"Tribunal judiciaire de Dijon, le 10 d\u00e9cembre 2025, n\u00b025\/00493","author":"Kohen","date":"1 \u0645\u0627\u064a\u0648\u060c 2026","format":false,"excerpt":"Le pr\u00e9sident du tribunal judiciaire de Dijon, statuant en r\u00e9f\u00e9r\u00e9 le 10 d\u00e9cembre 2025, \u00e9tait saisi d'une demande d'extension d'expertise. Par une ordonnance d...","rel":"","context":"\u0641\u064a &quot;Jurisprudence&quot;","block_context":{"text":"Jurisprudence","link":"https:\/\/kohenavocats.com\/category\/jurisprudence\/"},"img":{"alt_text":"","src":"https:\/\/i0.wp.com\/kohenavocats.com\/wp-content\/uploads\/2024\/08\/giammarco-boscaro-a_VP5ObtzWk-unsplash.webp?resize=350%2C200&ssl=1","width":350,"height":200,"srcset":"https:\/\/i0.wp.com\/kohenavocats.com\/wp-content\/uploads\/2024\/08\/giammarco-boscaro-a_VP5ObtzWk-unsplash.webp?resize=350%2C200&ssl=1 1x, https:\/\/i0.wp.com\/kohenavocats.com\/wp-content\/uploads\/2024\/08\/giammarco-boscaro-a_VP5ObtzWk-unsplash.webp?resize=525%2C300&ssl=1 1.5x, https:\/\/i0.wp.com\/kohenavocats.com\/wp-content\/uploads\/2024\/08\/giammarco-boscaro-a_VP5ObtzWk-unsplash.webp?resize=700%2C400&ssl=1 2x, https:\/\/i0.wp.com\/kohenavocats.com\/wp-content\/uploads\/2024\/08\/giammarco-boscaro-a_VP5ObtzWk-unsplash.webp?resize=1050%2C600&ssl=1 3x, https:\/\/i0.wp.com\/kohenavocats.com\/wp-content\/uploads\/2024\/08\/giammarco-boscaro-a_VP5ObtzWk-unsplash.webp?resize=1400%2C800&ssl=1 4x"},"classes":[]}],"jetpack_sharing_enabled":true,"_links":{"self":[{"href":"https:\/\/kohenavocats.com\/ar\/wp-json\/wp\/v2\/posts\/669205","targetHints":{"allow":["GET"]}}],"collection":[{"href":"https:\/\/kohenavocats.com\/ar\/wp-json\/wp\/v2\/posts"}],"about":[{"href":"https:\/\/kohenavocats.com\/ar\/wp-json\/wp\/v2\/types\/post"}],"author":[{"embeddable":true,"href":"https:\/\/kohenavocats.com\/ar\/wp-json\/wp\/v2\/users\/232070755"}],"replies":[{"embeddable":true,"href":"https:\/\/kohenavocats.com\/ar\/wp-json\/wp\/v2\/comments?post=669205"}],"version-history":[{"count":0,"href":"https:\/\/kohenavocats.com\/ar\/wp-json\/wp\/v2\/posts\/669205\/revisions"}],"wp:featuredmedia":[{"embeddable":true,"href":"https:\/\/kohenavocats.com\/ar\/wp-json\/wp\/v2\/media\/4683"}],"wp:attachment":[{"href":"https:\/\/kohenavocats.com\/ar\/wp-json\/wp\/v2\/media?parent=669205"}],"wp:term":[{"taxonomy":"category","embeddable":true,"href":"https:\/\/kohenavocats.com\/ar\/wp-json\/wp\/v2\/categories?post=669205"},{"taxonomy":"post_tag","embeddable":true,"href":"https:\/\/kohenavocats.com\/ar\/wp-json\/wp\/v2\/tags?post=669205"}],"curies":[{"name":"wp","href":"https:\/\/api.w.org\/{rel}","templated":true}]}}