{"id":669207,"date":"2026-04-24T06:00:10","date_gmt":"2026-04-24T04:00:10","guid":{"rendered":"https:\/\/kohenavocats.com\/tribunal-judiciaire-de-lyon-le-4-decembre-2025-n19-02492\/"},"modified":"2026-04-24T06:00:10","modified_gmt":"2026-04-24T04:00:10","slug":"tribunal-judiciaire-de-lyon-le-4-decembre-2025-n19-02492","status":"publish","type":"post","link":"https:\/\/kohenavocats.com\/ar\/tribunal-judiciaire-de-lyon-le-4-decembre-2025-n19-02492\/","title":{"rendered":"Tribunal judiciaire de Lyon, le 4 d\u00e9cembre 2025, n\u00b019\/02492"},"content":{"rendered":"<div class=\"article-content\">\n<p>Le tribunal judiciaire de Lyon, statuant le 4 d\u00e9cembre 2025, a examin\u00e9 un litige opposant une association \u00e0 un organisme de recouvrement. L\u2019affaire concernait la r\u00e9gularit\u00e9 d\u2019une lettre d\u2019observations et le bien-fond\u00e9 de trois chefs de redressement relatifs \u00e0 des indemnit\u00e9s de rupture et des frais professionnels. La juridiction a confirm\u00e9 la r\u00e9gularit\u00e9 de la lettre d\u2019observations et la majorit\u00e9 des redressements. Elle a toutefois annul\u00e9 partiellement le premier chef pour vice de calcul et enjoint \u00e0 l\u2019organisme de recouvrement de proc\u00e9der \u00e0 un nouveau calcul.<\/p>\n<p>La motivation de la lettre d\u2019observations : une distinction essentielle<\/p>\n<p>Le tribunal rappelle d\u2019abord l\u2019exigence de motivation pesant sur l\u2019administration. La lettre d\u2019observations doit comprendre &#8220;les consid\u00e9rations de droit et de fait qui constituent leur fondement&#8221; (article R. 243-59, III du code de la s\u00e9curit\u00e9 sociale). La juridiction estime que cette condition est remplie d\u00e8s lors que les textes fondateurs du redressement sont pr\u00e9cis\u00e9s. Elle \u00e9carte le grief tir\u00e9 de l\u2019inclusion d\u2019un paragraphe interpr\u00e9tatif sur les transactions. La cour consid\u00e8re qu\u2019il s\u2019agit d\u2019une &#8220;lecture faite par l\u2019URSSAF des textes l\u00e9gislatifs&#8221;. Elle juge que cette interpr\u00e9tation, m\u00eame contestable, rel\u00e8ve du bien-fond\u00e9 et non de la r\u00e9gularit\u00e9 formelle de l\u2019acte. Cette analyse distingue clairement l\u2019erreur de droit de l\u2019absence de motivation. Elle prot\u00e8ge ainsi le droit \u00e0 un recours effectif en assurant une information minimale. Elle confirme n\u00e9anmoins la marge d\u2019appr\u00e9ciation de l\u2019administration dans l\u2019expos\u00e9 de sa doctrine.<\/p>\n<p>La preuve du caract\u00e8re indemnitaire : une charge stricte pour l\u2019employeur<\/p>\n<p>Sur le fond, la d\u00e9cision rappelle le principe d\u2019assujettissement des sommes vers\u00e9es \u00e0 l\u2019occasion de la rupture. L\u2019exon\u00e9ration est strictement encadr\u00e9e par les articles L. 242-1 du code de la s\u00e9curit\u00e9 sociale et 80 duodecies du code g\u00e9n\u00e9ral des imp\u00f4ts. Le tribunal souligne que c\u2019est \u00e0 l\u2019employeur qu\u2019incombe la preuve du caract\u00e8re purement indemnitaire des sommes vers\u00e9es. En l\u2019esp\u00e8ce, il examine les protocoles transactionnels litigieux. Il rel\u00e8ve que ceux-ci se bornent \u00e0 \u00e9voquer des &#8220;pr\u00e9judices all\u00e9gu\u00e9s&#8221; ou estim\u00e9s par le salari\u00e9. La cour note l\u2019absence de d\u00e9tail sur la nature des pr\u00e9judices et les contradictions internes des accords. Elle en d\u00e9duit que &#8220;la seule r\u00e9f\u00e9rence au terme \u2018pr\u00e9judice\u2019 [\u2026] ne suffit aucunement \u00e0 justifier du caract\u00e8re exclusivement indemnitaire&#8221;. Cette s\u00e9v\u00e9rit\u00e9 dans l\u2019appr\u00e9ciation de la preuve renforce la pr\u00e9somption de r\u00e9mun\u00e9ration. Elle limite les risques de contournement du droit social par le biais d\u2019accords transactionnels impr\u00e9cis.<\/p>\n<p>Le calcul de l\u2019assiette : le rejet de la reconstitution syst\u00e9matique<\/p>\n<p>Sur le quantum du premier redressement, la d\u00e9cision op\u00e8re un revirement partiel en faveur de l\u2019association. Le tribunal rappelle le principe de calcul des cotisations sur le montant brut des sommes vers\u00e9es. Toutefois, il pr\u00e9cise que lorsque l\u2019employeur n\u2019a pas proc\u00e9d\u00e9 au pr\u00e9compte, la somme vers\u00e9e correspond d\u00e9j\u00e0 \u00e0 ce montant brut. D\u00e8s lors, &#8220;il n\u2019y a donc pas lieu de proc\u00e9der \u00e0 une reconstitution d&#8217;un montant fictif en brut&#8221;. Cette solution s\u2019oppose \u00e0 la pratique administrative de la &#8220;rebrutalisation&#8221; syst\u00e9matique. Elle prot\u00e8ge l\u2019employeur de cotisations calcul\u00e9es sur une base fictivement major\u00e9e. Elle l\u2019invite n\u00e9anmoins \u00e0 proc\u00e9der correctement au pr\u00e9compte pour \u00e9viter tout contentieux ult\u00e9rieur. Cette analyse rejoint une pr\u00e9occupation d\u2019\u00e9quit\u00e9 et de stricte application de la loi.<\/p>\n<p>L\u2019accord tacite : une preuve difficile \u00e0 rapporter<\/p>\n<p>Enfin, la d\u00e9cision pr\u00e9cise les conditions strictes de l\u2019accord tacite de l\u2019administration. Se pr\u00e9valant de l\u2019article R. 243-59-7 du code de la s\u00e9curit\u00e9 sociale, l\u2019association invoquait un contr\u00f4le ant\u00e9rieur sans observation. Le tribunal rappelle que la charge de la preuve incombe au cotisant. Il estime que la production d\u2019une ancienne lettre d\u2019observations listant des documents consult\u00e9s est insuffisante. Il exige que le cotisant d\u00e9montre que &#8220;l&#8217;organisme a eu l&#8217;occasion, au vu de l&#8217;ensemble des documents consult\u00e9s, de se prononcer en toute connaissance de cause&#8221;. La simple consultation de pi\u00e8ces ne vaut pas examen approfondi de la pratique litigieuse. Cette interpr\u00e9tation restrictive prot\u00e8ge le pouvoir de contr\u00f4le de l\u2019administration. Elle emp\u00eache qu\u2019un silence pass\u00e9 ne lie d\u00e9finitivement l\u2019organisme de recouvrement. Elle garantit l\u2019application uniforme du droit social malgr\u00e9 l\u2019\u00e9volution des pratiques de contr\u00f4le.<\/p>\n<\/div>\n","protected":false},"excerpt":{"rendered":"<p>Le tribunal judiciaire de Lyon, statuant le 4 d\u00e9cembre 2025, a examin\u00e9 un litige opposant une association \u00e0 un organisme de recouvrement. L\u2019affaire concernai&#8230;<\/p>\n","protected":false},"author":232070755,"featured_media":3916,"comment_status":"open","ping_status":"open","sticky":false,"template":"","format":"standard","meta":{"_crdt_document":"","_jetpack_newsletter_access":"","_jetpack_dont_email_post_to_subs":false,"_jetpack_newsletter_tier_id":0,"_jetpack_memberships_contains_paywalled_content":false,"_kj_source_type":"judilibre","_kj_official_id":"68cd9dea54b52e4d6bdfd21a","_kj_official_url":"https:\/\/www.courdecassation.fr\/decision\/68cd9dea54b52e4d6bdfd21a","_kj_judilibre_id":"68cd9dea54b52e4d6bdfd21a","_kj_jur":"Tribunal judiciaire","_kj_lieu":"Tribunal judiciaire de Lyon","_kj_chambre":"CTX PROTECTION SOCIALE","_kj_rg":"19\/02492","_kj_date":"2025-09-19","_jetpack_memberships_contains_paid_content":false,"footnotes":"","jetpack_post_was_ever_published":false},"categories":[7597],"tags":[],"class_list":["post-669207","post","type-post","status-publish","format-standard","has-post-thumbnail","hentry","category-jurisprudence"],"yoast_head":"<!-- This site is optimized with the Yoast SEO Premium plugin v27.5 (Yoast SEO v27.5) - https:\/\/yoast.com\/product\/yoast-seo-premium-wordpress\/ -->\n<title>Tribunal judiciaire de Lyon, le 4 d\u00e9cembre 2025, n\u00b019\/02492 - Ma\u00eetre Hassan Kohen, avocat en droit p\u00e9nal \u00e0 Paris<\/title>\n<meta name=\"description\" content=\"Le tribunal judiciaire de Lyon, statuant le 4 d\u00e9cembre 2025, a examin\u00e9 un litige opposant une association \u00e0 un organisme de recouvrement. L\u2019affaire concernai...\" \/>\n<meta name=\"robots\" content=\"index, follow, max-snippet:-1, max-image-preview:large, max-video-preview:-1\" \/>\n<link rel=\"canonical\" href=\"https:\/\/kohenavocats.com\/ar\/tribunal-judiciaire-de-lyon-le-4-decembre-2025-n19-02492\/\" \/>\n<meta property=\"og:locale\" content=\"ar_AR\" \/>\n<meta property=\"og:type\" content=\"article\" \/>\n<meta property=\"og:title\" content=\"Tribunal judiciaire de Lyon, le 4 d\u00e9cembre 2025, n\u00b019\/02492\" \/>\n<meta property=\"og:description\" content=\"Le tribunal judiciaire de Lyon, statuant le 4 d\u00e9cembre 2025, a examin\u00e9 un litige opposant une association \u00e0 un organisme de recouvrement. L\u2019affaire concernai...\" \/>\n<meta property=\"og:url\" content=\"https:\/\/kohenavocats.com\/ar\/tribunal-judiciaire-de-lyon-le-4-decembre-2025-n19-02492\/\" \/>\n<meta property=\"og:site_name\" content=\"Ma\u00eetre Hassan Kohen, avocat en droit p\u00e9nal \u00e0 Paris\" \/>\n<meta property=\"article:published_time\" content=\"2026-04-24T04:00:10+00:00\" \/>\n<meta property=\"og:image\" content=\"https:\/\/kohenavocats.com\/wp-content\/uploads\/2024\/07\/pierre-bamin-tY7hL5Bu7Ic-unsplash.webp\" \/>\n\t<meta property=\"og:image:width\" content=\"5472\" \/>\n\t<meta property=\"og:image:height\" content=\"3648\" \/>\n\t<meta property=\"og:image:type\" content=\"image\/webp\" \/>\n<meta name=\"author\" content=\"Kohen\" \/>\n<meta name=\"twitter:card\" content=\"summary_large_image\" \/>\n<meta name=\"twitter:label1\" content=\"\u0643\u064f\u062a\u0628 \u0628\u0648\u0627\u0633\u0637\u0629\" \/>\n\t<meta name=\"twitter:data1\" content=\"Kohen\" \/>\n\t<meta name=\"twitter:label2\" content=\"\u0648\u0642\u062a \u0627\u0644\u0642\u0631\u0627\u0621\u0629 \u0627\u0644\u0645\u064f\u0642\u062f\u0651\u0631\" \/>\n\t<meta name=\"twitter:data2\" content=\"4 \u062f\u0642\u0627\u0626\u0642\" \/>\n<script type=\"application\/ld+json\" class=\"yoast-schema-graph\">{\"@context\":\"https:\\\/\\\/schema.org\",\"@graph\":[{\"@type\":\"Article\",\"@id\":\"https:\\\/\\\/kohenavocats.com\\\/ar\\\/tribunal-judiciaire-de-lyon-le-4-decembre-2025-n19-02492\\\/#article\",\"isPartOf\":{\"@id\":\"https:\\\/\\\/kohenavocats.com\\\/ar\\\/tribunal-judiciaire-de-lyon-le-4-decembre-2025-n19-02492\\\/\"},\"author\":{\"name\":\"Kohen\",\"@id\":\"https:\\\/\\\/kohenavocats.com\\\/ar\\\/#\\\/schema\\\/person\\\/761c9ba54fa1ca84d405cef0831ff751\"},\"headline\":\"Tribunal judiciaire de Lyon, le 4 d\u00e9cembre 2025, n\u00b019\\\/02492\",\"datePublished\":\"2026-04-24T04:00:10+00:00\",\"mainEntityOfPage\":{\"@id\":\"https:\\\/\\\/kohenavocats.com\\\/ar\\\/tribunal-judiciaire-de-lyon-le-4-decembre-2025-n19-02492\\\/\"},\"wordCount\":789,\"commentCount\":0,\"publisher\":{\"@id\":\"https:\\\/\\\/kohenavocats.com\\\/ar\\\/#organization\"},\"image\":{\"@id\":\"https:\\\/\\\/kohenavocats.com\\\/ar\\\/tribunal-judiciaire-de-lyon-le-4-decembre-2025-n19-02492\\\/#primaryimage\"},\"thumbnailUrl\":\"https:\\\/\\\/kohenavocats.com\\\/wp-content\\\/uploads\\\/2024\\\/07\\\/pierre-bamin-tY7hL5Bu7Ic-unsplash.webp\",\"articleSection\":[\"Jurisprudence\"],\"inLanguage\":\"ar\",\"potentialAction\":[{\"@type\":\"CommentAction\",\"name\":\"Comment\",\"target\":[\"https:\\\/\\\/kohenavocats.com\\\/ar\\\/tribunal-judiciaire-de-lyon-le-4-decembre-2025-n19-02492\\\/#respond\"]}],\"citation\":\"Tribunal judiciaire de Lyon, le 4 d\u00e9cembre 2025, n\u00b019\\\/02492\",\"about\":[{\"@type\":\"Thing\",\"name\":\"Jurisprudence\"}],\"dateModified\":\"2026-04-24T04:00:10+00:00\",\"speakable\":{\"@type\":\"SpeakableSpecification\",\"cssSelector\":[\".article-content > p:first-of-type\"]}},{\"@type\":\"WebPage\",\"@id\":\"https:\\\/\\\/kohenavocats.com\\\/ar\\\/tribunal-judiciaire-de-lyon-le-4-decembre-2025-n19-02492\\\/\",\"url\":\"https:\\\/\\\/kohenavocats.com\\\/ar\\\/tribunal-judiciaire-de-lyon-le-4-decembre-2025-n19-02492\\\/\",\"name\":\"Tribunal judiciaire de Lyon, le 4 d\u00e9cembre 2025, n\u00b019\\\/02492 - Ma\u00eetre Hassan Kohen, avocat en droit p\u00e9nal \u00e0 Paris\",\"isPartOf\":{\"@id\":\"https:\\\/\\\/kohenavocats.com\\\/ar\\\/#website\"},\"primaryImageOfPage\":{\"@id\":\"https:\\\/\\\/kohenavocats.com\\\/ar\\\/tribunal-judiciaire-de-lyon-le-4-decembre-2025-n19-02492\\\/#primaryimage\"},\"image\":{\"@id\":\"https:\\\/\\\/kohenavocats.com\\\/ar\\\/tribunal-judiciaire-de-lyon-le-4-decembre-2025-n19-02492\\\/#primaryimage\"},\"thumbnailUrl\":\"https:\\\/\\\/kohenavocats.com\\\/wp-content\\\/uploads\\\/2024\\\/07\\\/pierre-bamin-tY7hL5Bu7Ic-unsplash.webp\",\"datePublished\":\"2026-04-24T04:00:10+00:00\",\"description\":\"Le tribunal judiciaire de Lyon, statuant le 4 d\u00e9cembre 2025, a examin\u00e9 un litige opposant une association \u00e0 un organisme de recouvrement. L\u2019affaire concernai...\",\"breadcrumb\":{\"@id\":\"https:\\\/\\\/kohenavocats.com\\\/ar\\\/tribunal-judiciaire-de-lyon-le-4-decembre-2025-n19-02492\\\/#breadcrumb\"},\"inLanguage\":\"ar\",\"potentialAction\":[{\"@type\":\"ReadAction\",\"target\":[\"https:\\\/\\\/kohenavocats.com\\\/ar\\\/tribunal-judiciaire-de-lyon-le-4-decembre-2025-n19-02492\\\/\"]}]},{\"@type\":\"ImageObject\",\"inLanguage\":\"ar\",\"@id\":\"https:\\\/\\\/kohenavocats.com\\\/ar\\\/tribunal-judiciaire-de-lyon-le-4-decembre-2025-n19-02492\\\/#primaryimage\",\"url\":\"https:\\\/\\\/kohenavocats.com\\\/wp-content\\\/uploads\\\/2024\\\/07\\\/pierre-bamin-tY7hL5Bu7Ic-unsplash.webp\",\"contentUrl\":\"https:\\\/\\\/kohenavocats.com\\\/wp-content\\\/uploads\\\/2024\\\/07\\\/pierre-bamin-tY7hL5Bu7Ic-unsplash.webp\",\"width\":5472,\"height\":3648},{\"@type\":\"BreadcrumbList\",\"@id\":\"https:\\\/\\\/kohenavocats.com\\\/ar\\\/tribunal-judiciaire-de-lyon-le-4-decembre-2025-n19-02492\\\/#breadcrumb\",\"itemListElement\":[{\"@type\":\"ListItem\",\"position\":1,\"name\":\"Home\",\"item\":\"https:\\\/\\\/kohenavocats.com\\\/ar\\\/%d9%85%d8%ad%d8%a7%d9%85%d9%88%d9%86-%d9%85%d8%aa%d8%ae%d8%b5%d8%b5%d9%88%d9%86-%d9%81%d9%8a-%d8%a7%d9%84%d9%82%d8%a7%d9%86%d9%88%d9%86-%d8%a7%d9%84%d8%ac%d9%86%d8%a7%d8%a6%d9%8a-%d8%a8%d8%a8%d8%a7\\\/\"},{\"@type\":\"ListItem\",\"position\":2,\"name\":\"Tribunal judiciaire de Lyon, le 4 d\u00e9cembre 2025, n\u00b019\\\/02492\"}]},{\"@type\":\"WebSite\",\"@id\":\"https:\\\/\\\/kohenavocats.com\\\/ar\\\/#website\",\"url\":\"https:\\\/\\\/kohenavocats.com\\\/ar\\\/\",\"name\":\"Kohen Avocats\",\"description\":\"Ma\u00eetre Hassan Kohen, avocat p\u00e9naliste \u00e0 Paris, intervient exclusivement en droit p\u00e9nal pour la d\u00e9fense des particuliers, notamment en mati\u00e8re d\u2019accusations de viol. Il assure un accompagnement rigoureux d\u00e8s la garde \u00e0 vue jusqu\u2019\u00e0 la Cour d\u2019assises, veillant au strict respect des garanties proc\u00e9durales.\",\"publisher\":{\"@id\":\"https:\\\/\\\/kohenavocats.com\\\/ar\\\/#organization\"},\"potentialAction\":[{\"@type\":\"SearchAction\",\"target\":{\"@type\":\"EntryPoint\",\"urlTemplate\":\"https:\\\/\\\/kohenavocats.com\\\/ar\\\/?s={search_term_string}\"},\"query-input\":{\"@type\":\"PropertyValueSpecification\",\"valueRequired\":true,\"valueName\":\"search_term_string\"}}],\"inLanguage\":\"ar\"},{\"@type\":\"Organization\",\"@id\":\"https:\\\/\\\/kohenavocats.com\\\/ar\\\/#organization\",\"name\":\"Kohen Avocats\",\"url\":\"https:\\\/\\\/kohenavocats.com\\\/ar\\\/\",\"logo\":{\"@type\":\"ImageObject\",\"inLanguage\":\"ar\",\"@id\":\"https:\\\/\\\/kohenavocats.com\\\/ar\\\/#\\\/schema\\\/logo\\\/image\\\/\",\"url\":\"https:\\\/\\\/kohenavocats.com\\\/wp-content\\\/uploads\\\/2026\\\/01\\\/Logo-2-1.webp\",\"contentUrl\":\"https:\\\/\\\/kohenavocats.com\\\/wp-content\\\/uploads\\\/2026\\\/01\\\/Logo-2-1.webp\",\"width\":2114,\"height\":1253,\"caption\":\"Kohen Avocats\"},\"image\":{\"@id\":\"https:\\\/\\\/kohenavocats.com\\\/ar\\\/#\\\/schema\\\/logo\\\/image\\\/\"}},{\"@type\":\"Person\",\"@id\":\"https:\\\/\\\/kohenavocats.com\\\/ar\\\/#\\\/schema\\\/person\\\/761c9ba54fa1ca84d405cef0831ff751\",\"name\":\"Kohen\",\"image\":{\"@type\":\"ImageObject\",\"inLanguage\":\"ar\",\"@id\":\"https:\\\/\\\/secure.gravatar.com\\\/avatar\\\/1c5e76ef76bbbfdd2b4da984e2bf2fa4056fd51a27d25ce2c332047f1dfd6e00?s=96&d=identicon&r=g\",\"url\":\"https:\\\/\\\/secure.gravatar.com\\\/avatar\\\/1c5e76ef76bbbfdd2b4da984e2bf2fa4056fd51a27d25ce2c332047f1dfd6e00?s=96&d=identicon&r=g\",\"contentUrl\":\"https:\\\/\\\/secure.gravatar.com\\\/avatar\\\/1c5e76ef76bbbfdd2b4da984e2bf2fa4056fd51a27d25ce2c332047f1dfd6e00?s=96&d=identicon&r=g\",\"caption\":\"Kohen\"},\"sameAs\":[\"https:\\\/\\\/www.linkedin.com\\\/in\\\/hassan-kohen-448548192\\\/\",\"https:\\\/\\\/www.youtube.com\\\/@Kohen-Avocats\"],\"url\":\"https:\\\/\\\/kohenavocats.com\\\/ar\\\/author\\\/kohenmlk\\\/\"}]}<\/script>\n<!-- \/ Yoast SEO Premium plugin. -->","yoast_head_json":{"title":"Tribunal judiciaire de Lyon, le 4 d\u00e9cembre 2025, n\u00b019\/02492 - Ma\u00eetre Hassan Kohen, avocat en droit p\u00e9nal \u00e0 Paris","description":"Le tribunal judiciaire de Lyon, statuant le 4 d\u00e9cembre 2025, a examin\u00e9 un litige opposant une association \u00e0 un organisme de recouvrement. L\u2019affaire concernai...","robots":{"index":"index","follow":"follow","max-snippet":"max-snippet:-1","max-image-preview":"max-image-preview:large","max-video-preview":"max-video-preview:-1"},"canonical":"https:\/\/kohenavocats.com\/ar\/tribunal-judiciaire-de-lyon-le-4-decembre-2025-n19-02492\/","og_locale":"ar_AR","og_type":"article","og_title":"Tribunal judiciaire de Lyon, le 4 d\u00e9cembre 2025, n\u00b019\/02492","og_description":"Le tribunal judiciaire de Lyon, statuant le 4 d\u00e9cembre 2025, a examin\u00e9 un litige opposant une association \u00e0 un organisme de recouvrement. L\u2019affaire concernai...","og_url":"https:\/\/kohenavocats.com\/ar\/tribunal-judiciaire-de-lyon-le-4-decembre-2025-n19-02492\/","og_site_name":"Ma\u00eetre Hassan Kohen, avocat en droit p\u00e9nal \u00e0 Paris","article_published_time":"2026-04-24T04:00:10+00:00","og_image":[{"width":5472,"height":3648,"url":"https:\/\/kohenavocats.com\/wp-content\/uploads\/2024\/07\/pierre-bamin-tY7hL5Bu7Ic-unsplash.webp","type":"image\/webp"}],"author":"Kohen","twitter_card":"summary_large_image","twitter_misc":{"\u0643\u064f\u062a\u0628 \u0628\u0648\u0627\u0633\u0637\u0629":"Kohen","\u0648\u0642\u062a \u0627\u0644\u0642\u0631\u0627\u0621\u0629 \u0627\u0644\u0645\u064f\u0642\u062f\u0651\u0631":"4 \u062f\u0642\u0627\u0626\u0642"},"schema":{"@context":"https:\/\/schema.org","@graph":[{"@type":"Article","@id":"https:\/\/kohenavocats.com\/ar\/tribunal-judiciaire-de-lyon-le-4-decembre-2025-n19-02492\/#article","isPartOf":{"@id":"https:\/\/kohenavocats.com\/ar\/tribunal-judiciaire-de-lyon-le-4-decembre-2025-n19-02492\/"},"author":{"name":"Kohen","@id":"https:\/\/kohenavocats.com\/ar\/#\/schema\/person\/761c9ba54fa1ca84d405cef0831ff751"},"headline":"Tribunal judiciaire de Lyon, le 4 d\u00e9cembre 2025, n\u00b019\/02492","datePublished":"2026-04-24T04:00:10+00:00","mainEntityOfPage":{"@id":"https:\/\/kohenavocats.com\/ar\/tribunal-judiciaire-de-lyon-le-4-decembre-2025-n19-02492\/"},"wordCount":789,"commentCount":0,"publisher":{"@id":"https:\/\/kohenavocats.com\/ar\/#organization"},"image":{"@id":"https:\/\/kohenavocats.com\/ar\/tribunal-judiciaire-de-lyon-le-4-decembre-2025-n19-02492\/#primaryimage"},"thumbnailUrl":"https:\/\/kohenavocats.com\/wp-content\/uploads\/2024\/07\/pierre-bamin-tY7hL5Bu7Ic-unsplash.webp","articleSection":["Jurisprudence"],"inLanguage":"ar","potentialAction":[{"@type":"CommentAction","name":"Comment","target":["https:\/\/kohenavocats.com\/ar\/tribunal-judiciaire-de-lyon-le-4-decembre-2025-n19-02492\/#respond"]}],"citation":"Tribunal judiciaire de Lyon, le 4 d\u00e9cembre 2025, n\u00b019\/02492","about":[{"@type":"Thing","name":"Jurisprudence"}],"dateModified":"2026-04-24T04:00:10+00:00","speakable":{"@type":"SpeakableSpecification","cssSelector":[".article-content > p:first-of-type"]}},{"@type":"WebPage","@id":"https:\/\/kohenavocats.com\/ar\/tribunal-judiciaire-de-lyon-le-4-decembre-2025-n19-02492\/","url":"https:\/\/kohenavocats.com\/ar\/tribunal-judiciaire-de-lyon-le-4-decembre-2025-n19-02492\/","name":"Tribunal judiciaire de Lyon, le 4 d\u00e9cembre 2025, n\u00b019\/02492 - Ma\u00eetre Hassan Kohen, avocat en droit p\u00e9nal \u00e0 Paris","isPartOf":{"@id":"https:\/\/kohenavocats.com\/ar\/#website"},"primaryImageOfPage":{"@id":"https:\/\/kohenavocats.com\/ar\/tribunal-judiciaire-de-lyon-le-4-decembre-2025-n19-02492\/#primaryimage"},"image":{"@id":"https:\/\/kohenavocats.com\/ar\/tribunal-judiciaire-de-lyon-le-4-decembre-2025-n19-02492\/#primaryimage"},"thumbnailUrl":"https:\/\/kohenavocats.com\/wp-content\/uploads\/2024\/07\/pierre-bamin-tY7hL5Bu7Ic-unsplash.webp","datePublished":"2026-04-24T04:00:10+00:00","description":"Le tribunal judiciaire de Lyon, statuant le 4 d\u00e9cembre 2025, a examin\u00e9 un litige opposant une association \u00e0 un organisme de recouvrement. L\u2019affaire concernai...","breadcrumb":{"@id":"https:\/\/kohenavocats.com\/ar\/tribunal-judiciaire-de-lyon-le-4-decembre-2025-n19-02492\/#breadcrumb"},"inLanguage":"ar","potentialAction":[{"@type":"ReadAction","target":["https:\/\/kohenavocats.com\/ar\/tribunal-judiciaire-de-lyon-le-4-decembre-2025-n19-02492\/"]}]},{"@type":"ImageObject","inLanguage":"ar","@id":"https:\/\/kohenavocats.com\/ar\/tribunal-judiciaire-de-lyon-le-4-decembre-2025-n19-02492\/#primaryimage","url":"https:\/\/kohenavocats.com\/wp-content\/uploads\/2024\/07\/pierre-bamin-tY7hL5Bu7Ic-unsplash.webp","contentUrl":"https:\/\/kohenavocats.com\/wp-content\/uploads\/2024\/07\/pierre-bamin-tY7hL5Bu7Ic-unsplash.webp","width":5472,"height":3648},{"@type":"BreadcrumbList","@id":"https:\/\/kohenavocats.com\/ar\/tribunal-judiciaire-de-lyon-le-4-decembre-2025-n19-02492\/#breadcrumb","itemListElement":[{"@type":"ListItem","position":1,"name":"Home","item":"https:\/\/kohenavocats.com\/ar\/%d9%85%d8%ad%d8%a7%d9%85%d9%88%d9%86-%d9%85%d8%aa%d8%ae%d8%b5%d8%b5%d9%88%d9%86-%d9%81%d9%8a-%d8%a7%d9%84%d9%82%d8%a7%d9%86%d9%88%d9%86-%d8%a7%d9%84%d8%ac%d9%86%d8%a7%d8%a6%d9%8a-%d8%a8%d8%a8%d8%a7\/"},{"@type":"ListItem","position":2,"name":"Tribunal judiciaire de Lyon, le 4 d\u00e9cembre 2025, n\u00b019\/02492"}]},{"@type":"WebSite","@id":"https:\/\/kohenavocats.com\/ar\/#website","url":"https:\/\/kohenavocats.com\/ar\/","name":"Kohen Avocats","description":"Ma\u00eetre Hassan Kohen, avocat p\u00e9naliste \u00e0 Paris, intervient exclusivement en droit p\u00e9nal pour la d\u00e9fense des particuliers, notamment en mati\u00e8re d\u2019accusations de viol. Il assure un accompagnement rigoureux d\u00e8s la garde \u00e0 vue jusqu\u2019\u00e0 la Cour d\u2019assises, veillant au strict respect des garanties proc\u00e9durales.","publisher":{"@id":"https:\/\/kohenavocats.com\/ar\/#organization"},"potentialAction":[{"@type":"SearchAction","target":{"@type":"EntryPoint","urlTemplate":"https:\/\/kohenavocats.com\/ar\/?s={search_term_string}"},"query-input":{"@type":"PropertyValueSpecification","valueRequired":true,"valueName":"search_term_string"}}],"inLanguage":"ar"},{"@type":"Organization","@id":"https:\/\/kohenavocats.com\/ar\/#organization","name":"Kohen Avocats","url":"https:\/\/kohenavocats.com\/ar\/","logo":{"@type":"ImageObject","inLanguage":"ar","@id":"https:\/\/kohenavocats.com\/ar\/#\/schema\/logo\/image\/","url":"https:\/\/kohenavocats.com\/wp-content\/uploads\/2026\/01\/Logo-2-1.webp","contentUrl":"https:\/\/kohenavocats.com\/wp-content\/uploads\/2026\/01\/Logo-2-1.webp","width":2114,"height":1253,"caption":"Kohen Avocats"},"image":{"@id":"https:\/\/kohenavocats.com\/ar\/#\/schema\/logo\/image\/"}},{"@type":"Person","@id":"https:\/\/kohenavocats.com\/ar\/#\/schema\/person\/761c9ba54fa1ca84d405cef0831ff751","name":"Kohen","image":{"@type":"ImageObject","inLanguage":"ar","@id":"https:\/\/secure.gravatar.com\/avatar\/1c5e76ef76bbbfdd2b4da984e2bf2fa4056fd51a27d25ce2c332047f1dfd6e00?s=96&d=identicon&r=g","url":"https:\/\/secure.gravatar.com\/avatar\/1c5e76ef76bbbfdd2b4da984e2bf2fa4056fd51a27d25ce2c332047f1dfd6e00?s=96&d=identicon&r=g","contentUrl":"https:\/\/secure.gravatar.com\/avatar\/1c5e76ef76bbbfdd2b4da984e2bf2fa4056fd51a27d25ce2c332047f1dfd6e00?s=96&d=identicon&r=g","caption":"Kohen"},"sameAs":["https:\/\/www.linkedin.com\/in\/hassan-kohen-448548192\/","https:\/\/www.youtube.com\/@Kohen-Avocats"],"url":"https:\/\/kohenavocats.com\/ar\/author\/kohenmlk\/"}]}},"jetpack_featured_media_url":"https:\/\/kohenavocats.com\/wp-content\/uploads\/2024\/07\/pierre-bamin-tY7hL5Bu7Ic-unsplash.webp","jetpack_likes_enabled":false,"jetpack_shortlink":"https:\/\/wp.me\/peCrII-2O5F","jetpack-related-posts":[{"id":654383,"url":"https:\/\/kohenavocats.com\/ar\/tribunal-judiciaire-de-lyon-le-13-decembre-2023-n21-01995\/","url_meta":{"origin":669207,"position":0},"title":"Tribunal judiciaire de Lyon, le 13 d\u00e9cembre 2023, n\u00b021\/01995","author":"Kohen","date":"23 \u0623\u0628\u0631\u064a\u0644\u060c 2026","format":false,"excerpt":"Le tribunal judiciaire de Lyon, par jugement du 13 d\u00e9cembre 2023, a statu\u00e9 sur un litige opposant une entreprise de transport \u00e0 l\u2019URSSAF. L\u2019organisme de reco...","rel":"","context":"\u0641\u064a &quot;Jurisprudence&quot;","block_context":{"text":"Jurisprudence","link":"https:\/\/kohenavocats.com\/category\/jurisprudence\/"},"img":{"alt_text":"","src":"https:\/\/i0.wp.com\/kohenavocats.com\/wp-content\/uploads\/2024\/11\/curated-lifestyle-qCnkmrhcitk-unsplash.webp?resize=350%2C200&ssl=1","width":350,"height":200,"srcset":"https:\/\/i0.wp.com\/kohenavocats.com\/wp-content\/uploads\/2024\/11\/curated-lifestyle-qCnkmrhcitk-unsplash.webp?resize=350%2C200&ssl=1 1x, https:\/\/i0.wp.com\/kohenavocats.com\/wp-content\/uploads\/2024\/11\/curated-lifestyle-qCnkmrhcitk-unsplash.webp?resize=525%2C300&ssl=1 1.5x, https:\/\/i0.wp.com\/kohenavocats.com\/wp-content\/uploads\/2024\/11\/curated-lifestyle-qCnkmrhcitk-unsplash.webp?resize=700%2C400&ssl=1 2x, https:\/\/i0.wp.com\/kohenavocats.com\/wp-content\/uploads\/2024\/11\/curated-lifestyle-qCnkmrhcitk-unsplash.webp?resize=1050%2C600&ssl=1 3x, https:\/\/i0.wp.com\/kohenavocats.com\/wp-content\/uploads\/2024\/11\/curated-lifestyle-qCnkmrhcitk-unsplash.webp?resize=1400%2C800&ssl=1 4x"},"classes":[]},{"id":294272,"url":"https:\/\/kohenavocats.com\/ar\/tribunal-judiciaire-de-lyon-le-7-juillet-2025-n19-03755\/","url_meta":{"origin":669207,"position":1},"title":"Tribunal judiciaire de Lyon, le 7 juillet 2025, n\u00b019\/03755","author":"Kohen","date":"27 \u064a\u0646\u0627\u064a\u0631\u060c 2026","format":false,"excerpt":"Le Tribunal judiciaire de Lyon, statuant en mati\u00e8re sociale, a rendu un jugement le 7 juillet 2025. Cette d\u00e9cision tranche un litige relatif \u00e0 la r\u00e9gularit\u00e9 d\u2019une proc\u00e9dure de contr\u00f4le et de redressement des cotisations sociales. L\u2019organisme de recouvrement avait notifi\u00e9 deux redressements distincts \u00e0 une soci\u00e9t\u00e9 pour ses comptes\u2026","rel":"","context":"\u0641\u064a &quot;D\u00e9cisions juridiques&quot;","block_context":{"text":"D\u00e9cisions juridiques","link":"https:\/\/kohenavocats.com\/category\/decisions-juridiques\/"},"img":{"alt_text":"","src":"https:\/\/i0.wp.com\/kohenavocats.com\/wp-content\/uploads\/2024\/11\/pawel-czerwinski-WVPJ3ISFRZs-unsplash.webp?resize=350%2C200&ssl=1","width":350,"height":200,"srcset":"https:\/\/i0.wp.com\/kohenavocats.com\/wp-content\/uploads\/2024\/11\/pawel-czerwinski-WVPJ3ISFRZs-unsplash.webp?resize=350%2C200&ssl=1 1x, https:\/\/i0.wp.com\/kohenavocats.com\/wp-content\/uploads\/2024\/11\/pawel-czerwinski-WVPJ3ISFRZs-unsplash.webp?resize=525%2C300&ssl=1 1.5x, https:\/\/i0.wp.com\/kohenavocats.com\/wp-content\/uploads\/2024\/11\/pawel-czerwinski-WVPJ3ISFRZs-unsplash.webp?resize=700%2C400&ssl=1 2x, https:\/\/i0.wp.com\/kohenavocats.com\/wp-content\/uploads\/2024\/11\/pawel-czerwinski-WVPJ3ISFRZs-unsplash.webp?resize=1050%2C600&ssl=1 3x, https:\/\/i0.wp.com\/kohenavocats.com\/wp-content\/uploads\/2024\/11\/pawel-czerwinski-WVPJ3ISFRZs-unsplash.webp?resize=1400%2C800&ssl=1 4x"},"classes":[]},{"id":482312,"url":"https:\/\/kohenavocats.com\/ar\/tribunal-judiciaire-de-paris-le-10-juillet-2024-n23-00110\/","url_meta":{"origin":669207,"position":2},"title":"Tribunal judiciaire de Paris, le 10 juillet 2024, n\u00b023\/00110","author":"Kohen","date":"8 \u0623\u0628\u0631\u064a\u0644\u060c 2026","format":false,"excerpt":"Le tribunal judiciaire de Paris, dans un jugement du 10 juillet 2024, a examin\u00e9 un litige opposant une soci\u00e9t\u00e9 \u00e0 l'URSSAF d'Ile-de-France. L'organisme de rec...","rel":"","context":"\u0641\u064a &quot;Jurisprudence&quot;","block_context":{"text":"Jurisprudence","link":"https:\/\/kohenavocats.com\/category\/jurisprudence\/"},"img":{"alt_text":"","src":"https:\/\/i0.wp.com\/kohenavocats.com\/wp-content\/uploads\/2024\/08\/viktor-hesse-VYYihHCh2SU-unsplash.webp?resize=350%2C200&ssl=1","width":350,"height":200,"srcset":"https:\/\/i0.wp.com\/kohenavocats.com\/wp-content\/uploads\/2024\/08\/viktor-hesse-VYYihHCh2SU-unsplash.webp?resize=350%2C200&ssl=1 1x, https:\/\/i0.wp.com\/kohenavocats.com\/wp-content\/uploads\/2024\/08\/viktor-hesse-VYYihHCh2SU-unsplash.webp?resize=525%2C300&ssl=1 1.5x, https:\/\/i0.wp.com\/kohenavocats.com\/wp-content\/uploads\/2024\/08\/viktor-hesse-VYYihHCh2SU-unsplash.webp?resize=700%2C400&ssl=1 2x, https:\/\/i0.wp.com\/kohenavocats.com\/wp-content\/uploads\/2024\/08\/viktor-hesse-VYYihHCh2SU-unsplash.webp?resize=1050%2C600&ssl=1 3x, https:\/\/i0.wp.com\/kohenavocats.com\/wp-content\/uploads\/2024\/08\/viktor-hesse-VYYihHCh2SU-unsplash.webp?resize=1400%2C800&ssl=1 4x"},"classes":[]},{"id":667690,"url":"https:\/\/kohenavocats.com\/ar\/cour-dappel-de-lyon-le-10-juillet-2024-n22-06181\/","url_meta":{"origin":669207,"position":3},"title":"Cour d&#8217;appel de Lyon, le 10 juillet 2024, n\u00b022\/06181","author":"Kohen","date":"24 \u0623\u0628\u0631\u064a\u0644\u060c 2026","format":false,"excerpt":"La cour d'appel de Lyon, statuant le 10 juillet 2024, examine un litige opposant une soci\u00e9t\u00e9 de transport a\u00e9rien \u00e0 l'URSSAF. L'affaire concerne la r\u00e9gularit\u00e9...","rel":"","context":"\u0641\u064a &quot;Jurisprudence&quot;","block_context":{"text":"Jurisprudence","link":"https:\/\/kohenavocats.com\/category\/jurisprudence\/"},"img":{"alt_text":"","src":"https:\/\/i0.wp.com\/kohenavocats.com\/wp-content\/uploads\/2024\/11\/pawel-czerwinski-mIT9kEQBC6Q-unsplash.webp?resize=350%2C200&ssl=1","width":350,"height":200,"srcset":"https:\/\/i0.wp.com\/kohenavocats.com\/wp-content\/uploads\/2024\/11\/pawel-czerwinski-mIT9kEQBC6Q-unsplash.webp?resize=350%2C200&ssl=1 1x, https:\/\/i0.wp.com\/kohenavocats.com\/wp-content\/uploads\/2024\/11\/pawel-czerwinski-mIT9kEQBC6Q-unsplash.webp?resize=525%2C300&ssl=1 1.5x, https:\/\/i0.wp.com\/kohenavocats.com\/wp-content\/uploads\/2024\/11\/pawel-czerwinski-mIT9kEQBC6Q-unsplash.webp?resize=700%2C400&ssl=1 2x, https:\/\/i0.wp.com\/kohenavocats.com\/wp-content\/uploads\/2024\/11\/pawel-czerwinski-mIT9kEQBC6Q-unsplash.webp?resize=1050%2C600&ssl=1 3x, https:\/\/i0.wp.com\/kohenavocats.com\/wp-content\/uploads\/2024\/11\/pawel-czerwinski-mIT9kEQBC6Q-unsplash.webp?resize=1400%2C800&ssl=1 4x"},"classes":[]},{"id":51032,"url":"https:\/\/kohenavocats.com\/ar\/cour-dappel-de-rennes-le-25-juin-2025-n21-02349\/","url_meta":{"origin":669207,"position":4},"title":"Cour d&#8217;appel de Rennes, le 25 juin 2025, n\u00b021\/02349","author":"Kohen","date":"8 \u0646\u0648\u0641\u0645\u0628\u0631\u060c 2025","format":false,"excerpt":"La Cour d\u2019appel de Rennes, 25 juin 2025 (9e ch., s\u00e9curit\u00e9 sociale), statue sur plusieurs chefs de redressement cons\u00e9cutifs \u00e0 un contr\u00f4le portant sur 2012-2014. Une lettre d\u2019observations dat\u00e9e du 3 novembre 2015 a \u00e9t\u00e9 suivie d\u2019une mise en demeure du 22 d\u00e9cembre 2015, d\u2019un recours amiable rejet\u00e9, puis d\u2019un\u2026","rel":"","context":"\u0641\u064a &quot;Cour d'appel&quot;","block_context":{"text":"Cour d'appel","link":"https:\/\/kohenavocats.com\/category\/cour-dappel\/"},"img":{"alt_text":"","src":"https:\/\/i0.wp.com\/kohenavocats.com\/wp-content\/uploads\/2024\/08\/kylie-paz-cbl1K6yJlDI-unsplash.webp?resize=350%2C200&ssl=1","width":350,"height":200,"srcset":"https:\/\/i0.wp.com\/kohenavocats.com\/wp-content\/uploads\/2024\/08\/kylie-paz-cbl1K6yJlDI-unsplash.webp?resize=350%2C200&ssl=1 1x, https:\/\/i0.wp.com\/kohenavocats.com\/wp-content\/uploads\/2024\/08\/kylie-paz-cbl1K6yJlDI-unsplash.webp?resize=525%2C300&ssl=1 1.5x, https:\/\/i0.wp.com\/kohenavocats.com\/wp-content\/uploads\/2024\/08\/kylie-paz-cbl1K6yJlDI-unsplash.webp?resize=700%2C400&ssl=1 2x, https:\/\/i0.wp.com\/kohenavocats.com\/wp-content\/uploads\/2024\/08\/kylie-paz-cbl1K6yJlDI-unsplash.webp?resize=1050%2C600&ssl=1 3x, https:\/\/i0.wp.com\/kohenavocats.com\/wp-content\/uploads\/2024\/08\/kylie-paz-cbl1K6yJlDI-unsplash.webp?resize=1400%2C800&ssl=1 4x"},"classes":[]},{"id":654555,"url":"https:\/\/kohenavocats.com\/ar\/tribunal-judiciaire-de-paris-le-1-juillet-2026-n18-01348\/","url_meta":{"origin":669207,"position":5},"title":"Tribunal judiciaire de Paris, le 1 juillet 2026, n\u00b018\/01348","author":"Kohen","date":"23 \u0623\u0628\u0631\u064a\u0644\u060c 2026","format":false,"excerpt":"Le tribunal judiciaire de Paris, statuant le 1er juillet 2026, a examin\u00e9 un litige opposant une soci\u00e9t\u00e9 \u00e0 l\u2019organisme de recouvrement. L\u2019affaire concernait l...","rel":"","context":"\u0641\u064a &quot;Jurisprudence&quot;","block_context":{"text":"Jurisprudence","link":"https:\/\/kohenavocats.com\/category\/jurisprudence\/"},"img":{"alt_text":"","src":"https:\/\/i0.wp.com\/kohenavocats.com\/wp-content\/uploads\/2024\/07\/nathan-cima-UMK1mwunTZ8-unsplash.webp?resize=350%2C200&ssl=1","width":350,"height":200,"srcset":"https:\/\/i0.wp.com\/kohenavocats.com\/wp-content\/uploads\/2024\/07\/nathan-cima-UMK1mwunTZ8-unsplash.webp?resize=350%2C200&ssl=1 1x, https:\/\/i0.wp.com\/kohenavocats.com\/wp-content\/uploads\/2024\/07\/nathan-cima-UMK1mwunTZ8-unsplash.webp?resize=525%2C300&ssl=1 1.5x, https:\/\/i0.wp.com\/kohenavocats.com\/wp-content\/uploads\/2024\/07\/nathan-cima-UMK1mwunTZ8-unsplash.webp?resize=700%2C400&ssl=1 2x, https:\/\/i0.wp.com\/kohenavocats.com\/wp-content\/uploads\/2024\/07\/nathan-cima-UMK1mwunTZ8-unsplash.webp?resize=1050%2C600&ssl=1 3x, https:\/\/i0.wp.com\/kohenavocats.com\/wp-content\/uploads\/2024\/07\/nathan-cima-UMK1mwunTZ8-unsplash.webp?resize=1400%2C800&ssl=1 4x"},"classes":[]}],"jetpack_sharing_enabled":true,"_links":{"self":[{"href":"https:\/\/kohenavocats.com\/ar\/wp-json\/wp\/v2\/posts\/669207","targetHints":{"allow":["GET"]}}],"collection":[{"href":"https:\/\/kohenavocats.com\/ar\/wp-json\/wp\/v2\/posts"}],"about":[{"href":"https:\/\/kohenavocats.com\/ar\/wp-json\/wp\/v2\/types\/post"}],"author":[{"embeddable":true,"href":"https:\/\/kohenavocats.com\/ar\/wp-json\/wp\/v2\/users\/232070755"}],"replies":[{"embeddable":true,"href":"https:\/\/kohenavocats.com\/ar\/wp-json\/wp\/v2\/comments?post=669207"}],"version-history":[{"count":0,"href":"https:\/\/kohenavocats.com\/ar\/wp-json\/wp\/v2\/posts\/669207\/revisions"}],"wp:featuredmedia":[{"embeddable":true,"href":"https:\/\/kohenavocats.com\/ar\/wp-json\/wp\/v2\/media\/3916"}],"wp:attachment":[{"href":"https:\/\/kohenavocats.com\/ar\/wp-json\/wp\/v2\/media?parent=669207"}],"wp:term":[{"taxonomy":"category","embeddable":true,"href":"https:\/\/kohenavocats.com\/ar\/wp-json\/wp\/v2\/categories?post=669207"},{"taxonomy":"post_tag","embeddable":true,"href":"https:\/\/kohenavocats.com\/ar\/wp-json\/wp\/v2\/tags?post=669207"}],"curies":[{"name":"wp","href":"https:\/\/api.w.org\/{rel}","templated":true}]}}