{"id":669562,"date":"2026-04-24T06:31:15","date_gmt":"2026-04-24T04:31:15","guid":{"rendered":"https:\/\/kohenavocats.com\/cour-dappel-le-18-septembre-2025-n24-02286\/"},"modified":"2026-04-24T06:31:15","modified_gmt":"2026-04-24T04:31:15","slug":"cour-dappel-le-18-septembre-2025-n24-02286","status":"publish","type":"post","link":"https:\/\/kohenavocats.com\/ar\/cour-dappel-le-18-septembre-2025-n24-02286\/","title":{"rendered":"Cour d&#8217;appel, le 18 septembre 2025, n\u00b024\/02286"},"content":{"rendered":"<div class=\"article-content\">\n<p>La cour d&#8217;appel, statuant en formation sociale, a rendu une ordonnance le 18 septembre 2025. Une requ\u00e9rante contestait le refus d&#8217;attribution d&#8217;une carte mobilit\u00e9 inclusion mention invalidit\u00e9. Le juge du fond avait ordonn\u00e9 une expertise m\u00e9dicale avec examen de la personne. L&#8217;\u00e9tat de sant\u00e9 de la requ\u00e9rante l&#8217;emp\u00eachant de se pr\u00e9senter, elle a sollicit\u00e9 un examen sur pi\u00e8ces. La juridiction a d\u00fb se prononcer sur la possibilit\u00e9 de modifier la mission de l&#8217;expert apr\u00e8s sa d\u00e9signation initiale. L&#8217;ordonnance a accueilli la demande et a transform\u00e9 la mission en une consultation sur pi\u00e8ces.<\/p>\n<p>L&#8217;\u00e9tendue souveraine de la mission d&#8217;expertise<\/p>\n<p>Le pouvoir discr\u00e9tionnaire du juge sur la mesure d&#8217;instruction. Le juge de la mise en \u00e9tat conserve la ma\u00eetrise de la proc\u00e9dure d&#8217;expertise apr\u00e8s l&#8217;avoir ordonn\u00e9e. Il peut en adapter les modalit\u00e9s pour tenir compte de circonstances nouvelles affectant son bon d\u00e9roulement. L&#8217;impossibilit\u00e9 pour une partie de se soumettre \u00e0 un examen constitue un fait justifiant une r\u00e9vision des termes de la mission. Cette adaptation garantit le principe du contradictoire et l&#8217;\u00e9galit\u00e9 des armes. Elle permet \u00e0 la preuve de se constituer malgr\u00e9 un emp\u00eachement l\u00e9gitime.<\/p>\n<p>La modification des conditions d&#8217;intervention de l&#8217;expert. La d\u00e9cision substitue \u00e0 l&#8217;examen physique de la requ\u00e9rante un &#8220;examiner sur pi\u00e8ce le dossier&#8221; (Motifs). Cette modification alt\u00e8re la nature m\u00eame de la mission initialement confi\u00e9e au m\u00e9decin. L&#8217;expertise devient une simple \u00e9tude documentaire, privant le consultant d&#8217;un \u00e9l\u00e9ment d&#8217;appr\u00e9ciation essentiel. Toutefois, le juge estime que les pi\u00e8ces du dossier suffiront \u00e0 \u00e9tablir le taux d&#8217;incapacit\u00e9. Cette appr\u00e9ciation rel\u00e8ve de son pouvoir souverain d&#8217;organisation de la mesure d&#8217;instruction.<\/p>\n<p>La conciliation des imp\u00e9ratifs proc\u00e9duraux et des droits des parties<\/p>\n<p>La pr\u00e9servation des droits de la d\u00e9fense et de l&#8217;\u00e9quit\u00e9. La modification permet \u00e0 la proc\u00e9dure de suivre son cours sans p\u00e9naliser la requ\u00e9rante pour son \u00e9tat. Elle \u00e9vite un d\u00e9ni de justice qui r\u00e9sulterait d&#8217;une impossibilit\u00e9 de prouver son handicap. La collectivit\u00e9 d\u00e9fenderesse a \u00e9t\u00e9 entendue et s&#8217;en est remise \u00e0 la sagesse du tribunal. Son accord implicite renforce la l\u00e9gitimit\u00e9 de la d\u00e9cision de modifier la mission. L&#8217;ordonnance pr\u00e9serve ainsi l&#8217;\u00e9quilibre entre les int\u00e9r\u00eats en pr\u00e9sence et les exigences de la proc\u00e9dure.<\/p>\n<p>Les limites pratiques d&#8217;une expertise sur pi\u00e8ces en mati\u00e8re m\u00e9dicale. L&#8217;\u00e9valuation d&#8217;un taux d&#8217;incapacit\u00e9 repose souvent sur un examen clinique direct. Le guide-bar\u00e8me mentionn\u00e9 n\u00e9cessite une appr\u00e9ciation concr\u00e8te des d\u00e9ficiences et de leurs cons\u00e9quences. Un avis purement documentaire peut s&#8217;av\u00e9rer moins pr\u00e9cis et expos\u00e9 \u00e0 la critique. Le juge anticipe ce risque en demandant \u00e0 l&#8217;expert de &#8220;faire toutes observations utiles&#8221; (Motifs). La solution retenue privil\u00e9gie donc l&#8217;avancement de l&#8217;instance malgr\u00e9 une potentialit\u00e9 de preuve amoindrie.<\/p>\n<p>Cette ordonnance illustre la flexibilit\u00e9 proc\u00e9durale dont dispose le juge des r\u00e9f\u00e9r\u00e9s sociaux. Elle rappelle que &#8220;les juges du fond fixent souverainement l&#8217;\u00e9tendue de la mission confi\u00e9e \u00e0 un expert ainsi que les modalit\u00e9 d&#8217;intervention de celui-ci&#8221; (Cour d&#8217;appel, le 28 mai 2025, n\u00b024\/10497). La port\u00e9e de la d\u00e9cision est significative pour le contentieux social o\u00f9 l&#8217;\u00e9tat de sant\u00e9 des justiciables peut entraver le processus. Elle consacre une interpr\u00e9tation pragmatique du droit \u00e0 la preuve, adapt\u00e9e aux contraintes des parties vuln\u00e9rables. Toutefois, elle soul\u00e8ve la question de la fiabilit\u00e9 d&#8217;une expertise m\u00e9dicale sans examen direct du requ\u00e9rant.<\/p>\n<\/div>\n","protected":false},"excerpt":{"rendered":"<p>La cour d&#8217;appel, statuant en formation sociale, a rendu une ordonnance le 18 septembre 2025. Une requ\u00e9rante contestait le refus d&#8217;attribution d&#8217;une carte mob&#8230;<\/p>\n","protected":false},"author":232070755,"featured_media":9451,"comment_status":"open","ping_status":"open","sticky":false,"template":"","format":"standard","meta":{"_crdt_document":"","_jetpack_newsletter_access":"","_jetpack_dont_email_post_to_subs":false,"_jetpack_newsletter_tier_id":0,"_jetpack_memberships_contains_paywalled_content":false,"_kj_source_type":"judilibre","_kj_official_id":"68e7a4f6033cf481c39a3256","_kj_official_url":"https:\/\/www.courdecassation.fr\/decision\/68e7a4f6033cf481c39a3256","_kj_judilibre_id":"68e7a4f6033cf481c39a3256","_kj_jur":"Tribunal judiciaire","_kj_lieu":"Tribunal judiciaire de Bobigny","_kj_chambre":"Serv. contentieux social","_kj_rg":"24\/02286","_kj_date":"2025-09-19","_jetpack_memberships_contains_paid_content":false,"footnotes":"","jetpack_post_was_ever_published":false},"categories":[7597],"tags":[],"class_list":["post-669562","post","type-post","status-publish","format-standard","has-post-thumbnail","hentry","category-jurisprudence"],"yoast_head":"<!-- This site is optimized with the Yoast SEO Premium plugin v27.5 (Yoast SEO v27.5) - https:\/\/yoast.com\/product\/yoast-seo-premium-wordpress\/ -->\n<title>Cour d&#039;appel, le 18 septembre 2025, n\u00b024\/02286 - Ma\u00eetre Hassan Kohen, avocat en droit p\u00e9nal \u00e0 Paris<\/title>\n<meta name=\"description\" content=\"La cour d&#039;appel, statuant en formation sociale, a rendu une ordonnance le 18 septembre 2025. Une requ\u00e9rante contestait le refus d&#039;attribution d&#039;une carte mob...\" \/>\n<meta name=\"robots\" content=\"index, follow, max-snippet:-1, max-image-preview:large, max-video-preview:-1\" \/>\n<link rel=\"canonical\" href=\"https:\/\/kohenavocats.com\/ar\/cour-dappel-le-18-septembre-2025-n24-02286\/\" \/>\n<meta property=\"og:locale\" content=\"ar_AR\" \/>\n<meta property=\"og:type\" content=\"article\" \/>\n<meta property=\"og:title\" content=\"Cour d&#039;appel, le 18 septembre 2025, n\u00b024\/02286\" \/>\n<meta property=\"og:description\" content=\"La cour d&#039;appel, statuant en formation sociale, a rendu une ordonnance le 18 septembre 2025. Une requ\u00e9rante contestait le refus d&#039;attribution d&#039;une carte mob...\" \/>\n<meta property=\"og:url\" content=\"https:\/\/kohenavocats.com\/ar\/cour-dappel-le-18-septembre-2025-n24-02286\/\" \/>\n<meta property=\"og:site_name\" content=\"Ma\u00eetre Hassan Kohen, avocat en droit p\u00e9nal \u00e0 Paris\" \/>\n<meta property=\"article:published_time\" content=\"2026-04-24T04:31:15+00:00\" \/>\n<meta property=\"og:image\" content=\"https:\/\/kohenavocats.com\/wp-content\/uploads\/2024\/11\/ave-calvar-yJLFsme5WMU-unsplash.webp\" \/>\n\t<meta property=\"og:image:width\" content=\"7178\" \/>\n\t<meta property=\"og:image:height\" content=\"4037\" \/>\n\t<meta property=\"og:image:type\" content=\"image\/webp\" \/>\n<meta name=\"author\" content=\"Kohen\" \/>\n<meta name=\"twitter:card\" content=\"summary_large_image\" \/>\n<meta name=\"twitter:label1\" content=\"\u0643\u064f\u062a\u0628 \u0628\u0648\u0627\u0633\u0637\u0629\" \/>\n\t<meta name=\"twitter:data1\" content=\"Kohen\" \/>\n\t<meta name=\"twitter:label2\" content=\"\u0648\u0642\u062a \u0627\u0644\u0642\u0631\u0627\u0621\u0629 \u0627\u0644\u0645\u064f\u0642\u062f\u0651\u0631\" \/>\n\t<meta name=\"twitter:data2\" content=\"3 \u062f\u0642\u0627\u0626\u0642\" \/>\n<script type=\"application\/ld+json\" class=\"yoast-schema-graph\">{\"@context\":\"https:\\\/\\\/schema.org\",\"@graph\":[{\"@type\":\"Article\",\"@id\":\"https:\\\/\\\/kohenavocats.com\\\/ar\\\/cour-dappel-le-18-septembre-2025-n24-02286\\\/#article\",\"isPartOf\":{\"@id\":\"https:\\\/\\\/kohenavocats.com\\\/ar\\\/cour-dappel-le-18-septembre-2025-n24-02286\\\/\"},\"author\":{\"name\":\"Kohen\",\"@id\":\"https:\\\/\\\/kohenavocats.com\\\/ar\\\/#\\\/schema\\\/person\\\/761c9ba54fa1ca84d405cef0831ff751\"},\"headline\":\"Cour d&#8217;appel, le 18 septembre 2025, n\u00b024\\\/02286\",\"datePublished\":\"2026-04-24T04:31:15+00:00\",\"mainEntityOfPage\":{\"@id\":\"https:\\\/\\\/kohenavocats.com\\\/ar\\\/cour-dappel-le-18-septembre-2025-n24-02286\\\/\"},\"wordCount\":633,\"commentCount\":0,\"publisher\":{\"@id\":\"https:\\\/\\\/kohenavocats.com\\\/ar\\\/#organization\"},\"image\":{\"@id\":\"https:\\\/\\\/kohenavocats.com\\\/ar\\\/cour-dappel-le-18-septembre-2025-n24-02286\\\/#primaryimage\"},\"thumbnailUrl\":\"https:\\\/\\\/kohenavocats.com\\\/wp-content\\\/uploads\\\/2024\\\/11\\\/ave-calvar-yJLFsme5WMU-unsplash.webp\",\"articleSection\":[\"Jurisprudence\"],\"inLanguage\":\"ar\",\"potentialAction\":[{\"@type\":\"CommentAction\",\"name\":\"Comment\",\"target\":[\"https:\\\/\\\/kohenavocats.com\\\/ar\\\/cour-dappel-le-18-septembre-2025-n24-02286\\\/#respond\"]}],\"citation\":\"Cour d&#8217;appel, le 18 septembre 2025, n\u00b024\\\/02286\",\"about\":[{\"@type\":\"Thing\",\"name\":\"Jurisprudence\"}],\"dateModified\":\"2026-04-24T04:31:15+00:00\",\"speakable\":{\"@type\":\"SpeakableSpecification\",\"cssSelector\":[\".article-content > p:first-of-type\"]}},{\"@type\":\"WebPage\",\"@id\":\"https:\\\/\\\/kohenavocats.com\\\/ar\\\/cour-dappel-le-18-septembre-2025-n24-02286\\\/\",\"url\":\"https:\\\/\\\/kohenavocats.com\\\/ar\\\/cour-dappel-le-18-septembre-2025-n24-02286\\\/\",\"name\":\"Cour d'appel, le 18 septembre 2025, n\u00b024\\\/02286 - Ma\u00eetre Hassan Kohen, avocat en droit p\u00e9nal \u00e0 Paris\",\"isPartOf\":{\"@id\":\"https:\\\/\\\/kohenavocats.com\\\/ar\\\/#website\"},\"primaryImageOfPage\":{\"@id\":\"https:\\\/\\\/kohenavocats.com\\\/ar\\\/cour-dappel-le-18-septembre-2025-n24-02286\\\/#primaryimage\"},\"image\":{\"@id\":\"https:\\\/\\\/kohenavocats.com\\\/ar\\\/cour-dappel-le-18-septembre-2025-n24-02286\\\/#primaryimage\"},\"thumbnailUrl\":\"https:\\\/\\\/kohenavocats.com\\\/wp-content\\\/uploads\\\/2024\\\/11\\\/ave-calvar-yJLFsme5WMU-unsplash.webp\",\"datePublished\":\"2026-04-24T04:31:15+00:00\",\"description\":\"La cour d'appel, statuant en formation sociale, a rendu une ordonnance le 18 septembre 2025. Une requ\u00e9rante contestait le refus d'attribution d'une carte mob...\",\"breadcrumb\":{\"@id\":\"https:\\\/\\\/kohenavocats.com\\\/ar\\\/cour-dappel-le-18-septembre-2025-n24-02286\\\/#breadcrumb\"},\"inLanguage\":\"ar\",\"potentialAction\":[{\"@type\":\"ReadAction\",\"target\":[\"https:\\\/\\\/kohenavocats.com\\\/ar\\\/cour-dappel-le-18-septembre-2025-n24-02286\\\/\"]}]},{\"@type\":\"ImageObject\",\"inLanguage\":\"ar\",\"@id\":\"https:\\\/\\\/kohenavocats.com\\\/ar\\\/cour-dappel-le-18-septembre-2025-n24-02286\\\/#primaryimage\",\"url\":\"https:\\\/\\\/kohenavocats.com\\\/wp-content\\\/uploads\\\/2024\\\/11\\\/ave-calvar-yJLFsme5WMU-unsplash.webp\",\"contentUrl\":\"https:\\\/\\\/kohenavocats.com\\\/wp-content\\\/uploads\\\/2024\\\/11\\\/ave-calvar-yJLFsme5WMU-unsplash.webp\",\"width\":7178,\"height\":4037},{\"@type\":\"BreadcrumbList\",\"@id\":\"https:\\\/\\\/kohenavocats.com\\\/ar\\\/cour-dappel-le-18-septembre-2025-n24-02286\\\/#breadcrumb\",\"itemListElement\":[{\"@type\":\"ListItem\",\"position\":1,\"name\":\"Home\",\"item\":\"https:\\\/\\\/kohenavocats.com\\\/ar\\\/%d9%85%d8%ad%d8%a7%d9%85%d9%88%d9%86-%d9%85%d8%aa%d8%ae%d8%b5%d8%b5%d9%88%d9%86-%d9%81%d9%8a-%d8%a7%d9%84%d9%82%d8%a7%d9%86%d9%88%d9%86-%d8%a7%d9%84%d8%ac%d9%86%d8%a7%d8%a6%d9%8a-%d8%a8%d8%a8%d8%a7\\\/\"},{\"@type\":\"ListItem\",\"position\":2,\"name\":\"Cour d&rsquo;appel, le 18 septembre 2025, n\u00b024\\\/02286\"}]},{\"@type\":\"WebSite\",\"@id\":\"https:\\\/\\\/kohenavocats.com\\\/ar\\\/#website\",\"url\":\"https:\\\/\\\/kohenavocats.com\\\/ar\\\/\",\"name\":\"Kohen Avocats\",\"description\":\"Ma\u00eetre Hassan Kohen, avocat p\u00e9naliste \u00e0 Paris, intervient exclusivement en droit p\u00e9nal pour la d\u00e9fense des particuliers, notamment en mati\u00e8re d\u2019accusations de viol. Il assure un accompagnement rigoureux d\u00e8s la garde \u00e0 vue jusqu\u2019\u00e0 la Cour d\u2019assises, veillant au strict respect des garanties proc\u00e9durales.\",\"publisher\":{\"@id\":\"https:\\\/\\\/kohenavocats.com\\\/ar\\\/#organization\"},\"potentialAction\":[{\"@type\":\"SearchAction\",\"target\":{\"@type\":\"EntryPoint\",\"urlTemplate\":\"https:\\\/\\\/kohenavocats.com\\\/ar\\\/?s={search_term_string}\"},\"query-input\":{\"@type\":\"PropertyValueSpecification\",\"valueRequired\":true,\"valueName\":\"search_term_string\"}}],\"inLanguage\":\"ar\"},{\"@type\":\"Organization\",\"@id\":\"https:\\\/\\\/kohenavocats.com\\\/ar\\\/#organization\",\"name\":\"Kohen Avocats\",\"url\":\"https:\\\/\\\/kohenavocats.com\\\/ar\\\/\",\"logo\":{\"@type\":\"ImageObject\",\"inLanguage\":\"ar\",\"@id\":\"https:\\\/\\\/kohenavocats.com\\\/ar\\\/#\\\/schema\\\/logo\\\/image\\\/\",\"url\":\"https:\\\/\\\/kohenavocats.com\\\/wp-content\\\/uploads\\\/2026\\\/01\\\/Logo-2-1.webp\",\"contentUrl\":\"https:\\\/\\\/kohenavocats.com\\\/wp-content\\\/uploads\\\/2026\\\/01\\\/Logo-2-1.webp\",\"width\":2114,\"height\":1253,\"caption\":\"Kohen Avocats\"},\"image\":{\"@id\":\"https:\\\/\\\/kohenavocats.com\\\/ar\\\/#\\\/schema\\\/logo\\\/image\\\/\"}},{\"@type\":\"Person\",\"@id\":\"https:\\\/\\\/kohenavocats.com\\\/ar\\\/#\\\/schema\\\/person\\\/761c9ba54fa1ca84d405cef0831ff751\",\"name\":\"Kohen\",\"image\":{\"@type\":\"ImageObject\",\"inLanguage\":\"ar\",\"@id\":\"https:\\\/\\\/secure.gravatar.com\\\/avatar\\\/1c5e76ef76bbbfdd2b4da984e2bf2fa4056fd51a27d25ce2c332047f1dfd6e00?s=96&d=identicon&r=g\",\"url\":\"https:\\\/\\\/secure.gravatar.com\\\/avatar\\\/1c5e76ef76bbbfdd2b4da984e2bf2fa4056fd51a27d25ce2c332047f1dfd6e00?s=96&d=identicon&r=g\",\"contentUrl\":\"https:\\\/\\\/secure.gravatar.com\\\/avatar\\\/1c5e76ef76bbbfdd2b4da984e2bf2fa4056fd51a27d25ce2c332047f1dfd6e00?s=96&d=identicon&r=g\",\"caption\":\"Kohen\"},\"sameAs\":[\"https:\\\/\\\/www.linkedin.com\\\/in\\\/hassan-kohen-448548192\\\/\",\"https:\\\/\\\/www.youtube.com\\\/@Kohen-Avocats\"],\"url\":\"https:\\\/\\\/kohenavocats.com\\\/ar\\\/author\\\/kohenmlk\\\/\"}]}<\/script>\n<!-- \/ Yoast SEO Premium plugin. -->","yoast_head_json":{"title":"Cour d'appel, le 18 septembre 2025, n\u00b024\/02286 - Ma\u00eetre Hassan Kohen, avocat en droit p\u00e9nal \u00e0 Paris","description":"La cour d'appel, statuant en formation sociale, a rendu une ordonnance le 18 septembre 2025. Une requ\u00e9rante contestait le refus d'attribution d'une carte mob...","robots":{"index":"index","follow":"follow","max-snippet":"max-snippet:-1","max-image-preview":"max-image-preview:large","max-video-preview":"max-video-preview:-1"},"canonical":"https:\/\/kohenavocats.com\/ar\/cour-dappel-le-18-septembre-2025-n24-02286\/","og_locale":"ar_AR","og_type":"article","og_title":"Cour d'appel, le 18 septembre 2025, n\u00b024\/02286","og_description":"La cour d'appel, statuant en formation sociale, a rendu une ordonnance le 18 septembre 2025. Une requ\u00e9rante contestait le refus d'attribution d'une carte mob...","og_url":"https:\/\/kohenavocats.com\/ar\/cour-dappel-le-18-septembre-2025-n24-02286\/","og_site_name":"Ma\u00eetre Hassan Kohen, avocat en droit p\u00e9nal \u00e0 Paris","article_published_time":"2026-04-24T04:31:15+00:00","og_image":[{"width":7178,"height":4037,"url":"https:\/\/kohenavocats.com\/wp-content\/uploads\/2024\/11\/ave-calvar-yJLFsme5WMU-unsplash.webp","type":"image\/webp"}],"author":"Kohen","twitter_card":"summary_large_image","twitter_misc":{"\u0643\u064f\u062a\u0628 \u0628\u0648\u0627\u0633\u0637\u0629":"Kohen","\u0648\u0642\u062a \u0627\u0644\u0642\u0631\u0627\u0621\u0629 \u0627\u0644\u0645\u064f\u0642\u062f\u0651\u0631":"3 \u062f\u0642\u0627\u0626\u0642"},"schema":{"@context":"https:\/\/schema.org","@graph":[{"@type":"Article","@id":"https:\/\/kohenavocats.com\/ar\/cour-dappel-le-18-septembre-2025-n24-02286\/#article","isPartOf":{"@id":"https:\/\/kohenavocats.com\/ar\/cour-dappel-le-18-septembre-2025-n24-02286\/"},"author":{"name":"Kohen","@id":"https:\/\/kohenavocats.com\/ar\/#\/schema\/person\/761c9ba54fa1ca84d405cef0831ff751"},"headline":"Cour d&#8217;appel, le 18 septembre 2025, n\u00b024\/02286","datePublished":"2026-04-24T04:31:15+00:00","mainEntityOfPage":{"@id":"https:\/\/kohenavocats.com\/ar\/cour-dappel-le-18-septembre-2025-n24-02286\/"},"wordCount":633,"commentCount":0,"publisher":{"@id":"https:\/\/kohenavocats.com\/ar\/#organization"},"image":{"@id":"https:\/\/kohenavocats.com\/ar\/cour-dappel-le-18-septembre-2025-n24-02286\/#primaryimage"},"thumbnailUrl":"https:\/\/kohenavocats.com\/wp-content\/uploads\/2024\/11\/ave-calvar-yJLFsme5WMU-unsplash.webp","articleSection":["Jurisprudence"],"inLanguage":"ar","potentialAction":[{"@type":"CommentAction","name":"Comment","target":["https:\/\/kohenavocats.com\/ar\/cour-dappel-le-18-septembre-2025-n24-02286\/#respond"]}],"citation":"Cour d&#8217;appel, le 18 septembre 2025, n\u00b024\/02286","about":[{"@type":"Thing","name":"Jurisprudence"}],"dateModified":"2026-04-24T04:31:15+00:00","speakable":{"@type":"SpeakableSpecification","cssSelector":[".article-content > p:first-of-type"]}},{"@type":"WebPage","@id":"https:\/\/kohenavocats.com\/ar\/cour-dappel-le-18-septembre-2025-n24-02286\/","url":"https:\/\/kohenavocats.com\/ar\/cour-dappel-le-18-septembre-2025-n24-02286\/","name":"Cour d'appel, le 18 septembre 2025, n\u00b024\/02286 - Ma\u00eetre Hassan Kohen, avocat en droit p\u00e9nal \u00e0 Paris","isPartOf":{"@id":"https:\/\/kohenavocats.com\/ar\/#website"},"primaryImageOfPage":{"@id":"https:\/\/kohenavocats.com\/ar\/cour-dappel-le-18-septembre-2025-n24-02286\/#primaryimage"},"image":{"@id":"https:\/\/kohenavocats.com\/ar\/cour-dappel-le-18-septembre-2025-n24-02286\/#primaryimage"},"thumbnailUrl":"https:\/\/kohenavocats.com\/wp-content\/uploads\/2024\/11\/ave-calvar-yJLFsme5WMU-unsplash.webp","datePublished":"2026-04-24T04:31:15+00:00","description":"La cour d'appel, statuant en formation sociale, a rendu une ordonnance le 18 septembre 2025. Une requ\u00e9rante contestait le refus d'attribution d'une carte mob...","breadcrumb":{"@id":"https:\/\/kohenavocats.com\/ar\/cour-dappel-le-18-septembre-2025-n24-02286\/#breadcrumb"},"inLanguage":"ar","potentialAction":[{"@type":"ReadAction","target":["https:\/\/kohenavocats.com\/ar\/cour-dappel-le-18-septembre-2025-n24-02286\/"]}]},{"@type":"ImageObject","inLanguage":"ar","@id":"https:\/\/kohenavocats.com\/ar\/cour-dappel-le-18-septembre-2025-n24-02286\/#primaryimage","url":"https:\/\/kohenavocats.com\/wp-content\/uploads\/2024\/11\/ave-calvar-yJLFsme5WMU-unsplash.webp","contentUrl":"https:\/\/kohenavocats.com\/wp-content\/uploads\/2024\/11\/ave-calvar-yJLFsme5WMU-unsplash.webp","width":7178,"height":4037},{"@type":"BreadcrumbList","@id":"https:\/\/kohenavocats.com\/ar\/cour-dappel-le-18-septembre-2025-n24-02286\/#breadcrumb","itemListElement":[{"@type":"ListItem","position":1,"name":"Home","item":"https:\/\/kohenavocats.com\/ar\/%d9%85%d8%ad%d8%a7%d9%85%d9%88%d9%86-%d9%85%d8%aa%d8%ae%d8%b5%d8%b5%d9%88%d9%86-%d9%81%d9%8a-%d8%a7%d9%84%d9%82%d8%a7%d9%86%d9%88%d9%86-%d8%a7%d9%84%d8%ac%d9%86%d8%a7%d8%a6%d9%8a-%d8%a8%d8%a8%d8%a7\/"},{"@type":"ListItem","position":2,"name":"Cour d&rsquo;appel, le 18 septembre 2025, n\u00b024\/02286"}]},{"@type":"WebSite","@id":"https:\/\/kohenavocats.com\/ar\/#website","url":"https:\/\/kohenavocats.com\/ar\/","name":"Kohen Avocats","description":"Ma\u00eetre Hassan Kohen, avocat p\u00e9naliste \u00e0 Paris, intervient exclusivement en droit p\u00e9nal pour la d\u00e9fense des particuliers, notamment en mati\u00e8re d\u2019accusations de viol. Il assure un accompagnement rigoureux d\u00e8s la garde \u00e0 vue jusqu\u2019\u00e0 la Cour d\u2019assises, veillant au strict respect des garanties proc\u00e9durales.","publisher":{"@id":"https:\/\/kohenavocats.com\/ar\/#organization"},"potentialAction":[{"@type":"SearchAction","target":{"@type":"EntryPoint","urlTemplate":"https:\/\/kohenavocats.com\/ar\/?s={search_term_string}"},"query-input":{"@type":"PropertyValueSpecification","valueRequired":true,"valueName":"search_term_string"}}],"inLanguage":"ar"},{"@type":"Organization","@id":"https:\/\/kohenavocats.com\/ar\/#organization","name":"Kohen Avocats","url":"https:\/\/kohenavocats.com\/ar\/","logo":{"@type":"ImageObject","inLanguage":"ar","@id":"https:\/\/kohenavocats.com\/ar\/#\/schema\/logo\/image\/","url":"https:\/\/kohenavocats.com\/wp-content\/uploads\/2026\/01\/Logo-2-1.webp","contentUrl":"https:\/\/kohenavocats.com\/wp-content\/uploads\/2026\/01\/Logo-2-1.webp","width":2114,"height":1253,"caption":"Kohen Avocats"},"image":{"@id":"https:\/\/kohenavocats.com\/ar\/#\/schema\/logo\/image\/"}},{"@type":"Person","@id":"https:\/\/kohenavocats.com\/ar\/#\/schema\/person\/761c9ba54fa1ca84d405cef0831ff751","name":"Kohen","image":{"@type":"ImageObject","inLanguage":"ar","@id":"https:\/\/secure.gravatar.com\/avatar\/1c5e76ef76bbbfdd2b4da984e2bf2fa4056fd51a27d25ce2c332047f1dfd6e00?s=96&d=identicon&r=g","url":"https:\/\/secure.gravatar.com\/avatar\/1c5e76ef76bbbfdd2b4da984e2bf2fa4056fd51a27d25ce2c332047f1dfd6e00?s=96&d=identicon&r=g","contentUrl":"https:\/\/secure.gravatar.com\/avatar\/1c5e76ef76bbbfdd2b4da984e2bf2fa4056fd51a27d25ce2c332047f1dfd6e00?s=96&d=identicon&r=g","caption":"Kohen"},"sameAs":["https:\/\/www.linkedin.com\/in\/hassan-kohen-448548192\/","https:\/\/www.youtube.com\/@Kohen-Avocats"],"url":"https:\/\/kohenavocats.com\/ar\/author\/kohenmlk\/"}]}},"jetpack_featured_media_url":"https:\/\/kohenavocats.com\/wp-content\/uploads\/2024\/11\/ave-calvar-yJLFsme5WMU-unsplash.webp","jetpack_likes_enabled":false,"jetpack_shortlink":"https:\/\/wp.me\/peCrII-2Obo","jetpack-related-posts":[{"id":666689,"url":"https:\/\/kohenavocats.com\/ar\/cour-dappel-le-23-septembre-2025-n25-00932\/","url_meta":{"origin":669562,"position":0},"title":"Cour d&#8217;appel, le 23 septembre 2025, n\u00b025\/00932","author":"Kohen","date":"24 \u0623\u0628\u0631\u064a\u0644\u060c 2026","format":false,"excerpt":"La cour d'appel, statuant par ordonnance de mise en \u00e9tat du 23 septembre 2025, se prononce sur une contestation relative au taux d'incapacit\u00e9 permanente. Le ...","rel":"","context":"\u0641\u064a &quot;Droit du travail&quot;","block_context":{"text":"Droit du travail","link":"https:\/\/kohenavocats.com\/category\/droit-du-travail\/"},"img":{"alt_text":"","src":"https:\/\/i0.wp.com\/kohenavocats.com\/wp-content\/uploads\/2024\/08\/karla-caloca-2uGxst615P4-unsplash.webp?resize=350%2C200&ssl=1","width":350,"height":200,"srcset":"https:\/\/i0.wp.com\/kohenavocats.com\/wp-content\/uploads\/2024\/08\/karla-caloca-2uGxst615P4-unsplash.webp?resize=350%2C200&ssl=1 1x, https:\/\/i0.wp.com\/kohenavocats.com\/wp-content\/uploads\/2024\/08\/karla-caloca-2uGxst615P4-unsplash.webp?resize=525%2C300&ssl=1 1.5x, https:\/\/i0.wp.com\/kohenavocats.com\/wp-content\/uploads\/2024\/08\/karla-caloca-2uGxst615P4-unsplash.webp?resize=700%2C400&ssl=1 2x, https:\/\/i0.wp.com\/kohenavocats.com\/wp-content\/uploads\/2024\/08\/karla-caloca-2uGxst615P4-unsplash.webp?resize=1050%2C600&ssl=1 3x, https:\/\/i0.wp.com\/kohenavocats.com\/wp-content\/uploads\/2024\/08\/karla-caloca-2uGxst615P4-unsplash.webp?resize=1400%2C800&ssl=1 4x"},"classes":[]},{"id":668046,"url":"https:\/\/kohenavocats.com\/ar\/tribunal-judiciaire-de-havre-le-22-septembre-2025-n25-00110\/","url_meta":{"origin":669562,"position":1},"title":"Tribunal judiciaire de Havre, le 22 septembre 2025, n\u00b025\/00110","author":"Kohen","date":"24 \u0623\u0628\u0631\u064a\u0644\u060c 2026","format":false,"excerpt":"Le Tribunal judiciaire du Havre, statuant en mati\u00e8re sociale le 22 septembre 2025, se prononce sur une demande de nouvelle fixation de rente. La requ\u00e9rante i...","rel":"","context":"\u0641\u064a &quot;Droit du travail&quot;","block_context":{"text":"Droit du travail","link":"https:\/\/kohenavocats.com\/category\/droit-du-travail\/"},"img":{"alt_text":"","src":"https:\/\/i0.wp.com\/kohenavocats.com\/wp-content\/uploads\/2024\/08\/jonathan-velasquez-eUSpDPSFdKU-unsplash-1.webp?resize=350%2C200&ssl=1","width":350,"height":200,"srcset":"https:\/\/i0.wp.com\/kohenavocats.com\/wp-content\/uploads\/2024\/08\/jonathan-velasquez-eUSpDPSFdKU-unsplash-1.webp?resize=350%2C200&ssl=1 1x, https:\/\/i0.wp.com\/kohenavocats.com\/wp-content\/uploads\/2024\/08\/jonathan-velasquez-eUSpDPSFdKU-unsplash-1.webp?resize=525%2C300&ssl=1 1.5x, https:\/\/i0.wp.com\/kohenavocats.com\/wp-content\/uploads\/2024\/08\/jonathan-velasquez-eUSpDPSFdKU-unsplash-1.webp?resize=700%2C400&ssl=1 2x, https:\/\/i0.wp.com\/kohenavocats.com\/wp-content\/uploads\/2024\/08\/jonathan-velasquez-eUSpDPSFdKU-unsplash-1.webp?resize=1050%2C600&ssl=1 3x, https:\/\/i0.wp.com\/kohenavocats.com\/wp-content\/uploads\/2024\/08\/jonathan-velasquez-eUSpDPSFdKU-unsplash-1.webp?resize=1400%2C800&ssl=1 4x"},"classes":[]},{"id":666566,"url":"https:\/\/kohenavocats.com\/ar\/cour-dappel-le-23-septembre-2025-n25-00934\/","url_meta":{"origin":669562,"position":2},"title":"Cour d&#8217;appel, le 23 septembre 2025, n\u00b025\/00934","author":"Kohen","date":"24 \u0623\u0628\u0631\u064a\u0644\u060c 2026","format":false,"excerpt":"La cour d'appel, statuant en formation de tribunal judiciaire, a rendu une ordonnance le vingt-trois septembre deux mille vingt-cinq. Une requ\u00e9rante conteste...","rel":"","context":"\u0641\u064a &quot;Jurisprudence&quot;","block_context":{"text":"Jurisprudence","link":"https:\/\/kohenavocats.com\/category\/jurisprudence\/"},"img":{"alt_text":"","src":"https:\/\/i0.wp.com\/kohenavocats.com\/wp-content\/uploads\/2024\/08\/stephanie-leblanc-5dZBzZxISXE-unsplash.webp?resize=350%2C200&ssl=1","width":350,"height":200,"srcset":"https:\/\/i0.wp.com\/kohenavocats.com\/wp-content\/uploads\/2024\/08\/stephanie-leblanc-5dZBzZxISXE-unsplash.webp?resize=350%2C200&ssl=1 1x, https:\/\/i0.wp.com\/kohenavocats.com\/wp-content\/uploads\/2024\/08\/stephanie-leblanc-5dZBzZxISXE-unsplash.webp?resize=525%2C300&ssl=1 1.5x, https:\/\/i0.wp.com\/kohenavocats.com\/wp-content\/uploads\/2024\/08\/stephanie-leblanc-5dZBzZxISXE-unsplash.webp?resize=700%2C400&ssl=1 2x, https:\/\/i0.wp.com\/kohenavocats.com\/wp-content\/uploads\/2024\/08\/stephanie-leblanc-5dZBzZxISXE-unsplash.webp?resize=1050%2C600&ssl=1 3x, https:\/\/i0.wp.com\/kohenavocats.com\/wp-content\/uploads\/2024\/08\/stephanie-leblanc-5dZBzZxISXE-unsplash.webp?resize=1400%2C800&ssl=1 4x"},"classes":[]},{"id":650359,"url":"https:\/\/kohenavocats.com\/ar\/tribunal-judiciaire-de-lyon-le-19-septembre-2024-n22-05832\/","url_meta":{"origin":669562,"position":3},"title":"Tribunal judiciaire de Lyon, le 19 septembre 2024, n\u00b022\/05832","author":"Kohen","date":"22 \u0623\u0628\u0631\u064a\u0644\u060c 2026","format":false,"excerpt":"Le tribunal judiciaire de Lyon, statuant par son juge de la mise en \u00e9tat, a rendu une ordonnance le 19 septembre 2024. Cette d\u00e9cision intervient dans un liti...","rel":"","context":"\u0641\u064a &quot;Jurisprudence&quot;","block_context":{"text":"Jurisprudence","link":"https:\/\/kohenavocats.com\/category\/jurisprudence\/"},"img":{"alt_text":"","src":"https:\/\/i0.wp.com\/kohenavocats.com\/wp-content\/uploads\/2024\/08\/stephanie-leblanc-B0sAjqnp1Q8-unsplash.webp?resize=350%2C200&ssl=1","width":350,"height":200,"srcset":"https:\/\/i0.wp.com\/kohenavocats.com\/wp-content\/uploads\/2024\/08\/stephanie-leblanc-B0sAjqnp1Q8-unsplash.webp?resize=350%2C200&ssl=1 1x, https:\/\/i0.wp.com\/kohenavocats.com\/wp-content\/uploads\/2024\/08\/stephanie-leblanc-B0sAjqnp1Q8-unsplash.webp?resize=525%2C300&ssl=1 1.5x, https:\/\/i0.wp.com\/kohenavocats.com\/wp-content\/uploads\/2024\/08\/stephanie-leblanc-B0sAjqnp1Q8-unsplash.webp?resize=700%2C400&ssl=1 2x, https:\/\/i0.wp.com\/kohenavocats.com\/wp-content\/uploads\/2024\/08\/stephanie-leblanc-B0sAjqnp1Q8-unsplash.webp?resize=1050%2C600&ssl=1 3x, https:\/\/i0.wp.com\/kohenavocats.com\/wp-content\/uploads\/2024\/08\/stephanie-leblanc-B0sAjqnp1Q8-unsplash.webp?resize=1400%2C800&ssl=1 4x"},"classes":[]},{"id":668454,"url":"https:\/\/kohenavocats.com\/ar\/cour-dappel-le-22-septembre-2025-n25-00666\/","url_meta":{"origin":669562,"position":4},"title":"Cour d&#8217;appel, le 22 septembre 2025, n\u00b025\/00666","author":"Kohen","date":"24 \u0623\u0628\u0631\u064a\u0644\u060c 2026","format":false,"excerpt":"La cour d'appel, statuant par ordonance du 22 septembre 2025, examine une contestation de taux d'incapacit\u00e9 permanente. Le tribunal judiciaire avait radi\u00e9 l'...","rel":"","context":"\u0641\u064a &quot;Jurisprudence&quot;","block_context":{"text":"Jurisprudence","link":"https:\/\/kohenavocats.com\/category\/jurisprudence\/"},"img":{"alt_text":"","src":"https:\/\/i0.wp.com\/kohenavocats.com\/wp-content\/uploads\/2024\/11\/zyanya-citlalli-gy0ATtkEcZs-unsplash.webp?resize=350%2C200&ssl=1","width":350,"height":200,"srcset":"https:\/\/i0.wp.com\/kohenavocats.com\/wp-content\/uploads\/2024\/11\/zyanya-citlalli-gy0ATtkEcZs-unsplash.webp?resize=350%2C200&ssl=1 1x, https:\/\/i0.wp.com\/kohenavocats.com\/wp-content\/uploads\/2024\/11\/zyanya-citlalli-gy0ATtkEcZs-unsplash.webp?resize=525%2C300&ssl=1 1.5x, https:\/\/i0.wp.com\/kohenavocats.com\/wp-content\/uploads\/2024\/11\/zyanya-citlalli-gy0ATtkEcZs-unsplash.webp?resize=700%2C400&ssl=1 2x, https:\/\/i0.wp.com\/kohenavocats.com\/wp-content\/uploads\/2024\/11\/zyanya-citlalli-gy0ATtkEcZs-unsplash.webp?resize=1050%2C600&ssl=1 3x, https:\/\/i0.wp.com\/kohenavocats.com\/wp-content\/uploads\/2024\/11\/zyanya-citlalli-gy0ATtkEcZs-unsplash.webp?resize=1400%2C800&ssl=1 4x"},"classes":[]},{"id":666787,"url":"https:\/\/kohenavocats.com\/ar\/cour-dappel-le-23-septembre-2025-n25-00484\/","url_meta":{"origin":669562,"position":5},"title":"Cour d&#8217;appel, le 23 septembre 2025, n\u00b025\/00484","author":"Kohen","date":"24 \u0623\u0628\u0631\u064a\u0644\u060c 2026","format":false,"excerpt":"La cour d'appel, statuant par ordonance du tribunal judiciaire le 23 septembre 2025, examine une contestation relative \u00e0 la date de gu\u00e9rison d'un accident du...","rel":"","context":"\u0641\u064a &quot;Droit du travail&quot;","block_context":{"text":"Droit du travail","link":"https:\/\/kohenavocats.com\/category\/droit-du-travail\/"},"img":{"alt_text":"","src":"https:\/\/i0.wp.com\/kohenavocats.com\/wp-content\/uploads\/2024\/08\/cecile-XeJmFXu_jeU-unsplash.webp?resize=350%2C200&ssl=1","width":350,"height":200,"srcset":"https:\/\/i0.wp.com\/kohenavocats.com\/wp-content\/uploads\/2024\/08\/cecile-XeJmFXu_jeU-unsplash.webp?resize=350%2C200&ssl=1 1x, https:\/\/i0.wp.com\/kohenavocats.com\/wp-content\/uploads\/2024\/08\/cecile-XeJmFXu_jeU-unsplash.webp?resize=525%2C300&ssl=1 1.5x, https:\/\/i0.wp.com\/kohenavocats.com\/wp-content\/uploads\/2024\/08\/cecile-XeJmFXu_jeU-unsplash.webp?resize=700%2C400&ssl=1 2x, https:\/\/i0.wp.com\/kohenavocats.com\/wp-content\/uploads\/2024\/08\/cecile-XeJmFXu_jeU-unsplash.webp?resize=1050%2C600&ssl=1 3x, https:\/\/i0.wp.com\/kohenavocats.com\/wp-content\/uploads\/2024\/08\/cecile-XeJmFXu_jeU-unsplash.webp?resize=1400%2C800&ssl=1 4x"},"classes":[]}],"jetpack_sharing_enabled":true,"_links":{"self":[{"href":"https:\/\/kohenavocats.com\/ar\/wp-json\/wp\/v2\/posts\/669562","targetHints":{"allow":["GET"]}}],"collection":[{"href":"https:\/\/kohenavocats.com\/ar\/wp-json\/wp\/v2\/posts"}],"about":[{"href":"https:\/\/kohenavocats.com\/ar\/wp-json\/wp\/v2\/types\/post"}],"author":[{"embeddable":true,"href":"https:\/\/kohenavocats.com\/ar\/wp-json\/wp\/v2\/users\/232070755"}],"replies":[{"embeddable":true,"href":"https:\/\/kohenavocats.com\/ar\/wp-json\/wp\/v2\/comments?post=669562"}],"version-history":[{"count":0,"href":"https:\/\/kohenavocats.com\/ar\/wp-json\/wp\/v2\/posts\/669562\/revisions"}],"wp:featuredmedia":[{"embeddable":true,"href":"https:\/\/kohenavocats.com\/ar\/wp-json\/wp\/v2\/media\/9451"}],"wp:attachment":[{"href":"https:\/\/kohenavocats.com\/ar\/wp-json\/wp\/v2\/media?parent=669562"}],"wp:term":[{"taxonomy":"category","embeddable":true,"href":"https:\/\/kohenavocats.com\/ar\/wp-json\/wp\/v2\/categories?post=669562"},{"taxonomy":"post_tag","embeddable":true,"href":"https:\/\/kohenavocats.com\/ar\/wp-json\/wp\/v2\/tags?post=669562"}],"curies":[{"name":"wp","href":"https:\/\/api.w.org\/{rel}","templated":true}]}}