{"id":669566,"date":"2026-04-24T06:31:31","date_gmt":"2026-04-24T04:31:31","guid":{"rendered":"https:\/\/kohenavocats.com\/tribunal-judiciaire-de-saint-denis-de-la-reunion-le-19-septembre-2025-n25-00164\/"},"modified":"2026-04-24T06:31:31","modified_gmt":"2026-04-24T04:31:31","slug":"tribunal-judiciaire-de-saint-denis-de-la-reunion-le-19-septembre-2025-n25-00164","status":"publish","type":"post","link":"https:\/\/kohenavocats.com\/ar\/tribunal-judiciaire-de-saint-denis-de-la-reunion-le-19-septembre-2025-n25-00164\/","title":{"rendered":"Tribunal judiciaire de Saint-Denis de La R\u00e9union, le 19 septembre 2025, n\u00b025\/00164"},"content":{"rendered":"<div class=\"article-content\">\n<p>Le tribunal judiciaire de Saint-Denis de La R\u00e9union, statuant en mati\u00e8re sociale, a rendu une ordonnance le 19 septembre 2025. Cette d\u00e9cision fait suite \u00e0 un recours contre un taux d&#8217;incapacit\u00e9 permanente partielle fix\u00e9 \u00e0 vingt pour cent. Le juge de la mise en \u00e9tat a ordonn\u00e9 une expertise m\u00e9dicale pour \u00e9clairer ce litige d&#8217;ordre essentiellement m\u00e9dical. Il a d\u00e9sign\u00e9 un m\u00e9decin expert et fix\u00e9 les modalit\u00e9s de sa mission ainsi que sa r\u00e9mun\u00e9ration provisionnelle.<\/p>\n<p>La l\u00e9galit\u00e9 de la mesure d&#8217;instruction ordonn\u00e9e<\/p>\n<p>Le juge a fond\u00e9 sa d\u00e9cision sur le code de la s\u00e9curit\u00e9 sociale et le code de proc\u00e9dure civile. L&#8217;expertise est justifi\u00e9e par la nature technique du diff\u00e9rend portant sur un taux d&#8217;incapacit\u00e9. Le magistrat a retenu la forme d&#8217;une expertise sur pi\u00e8ces, adapt\u00e9e au contentieux.<\/p>\n<p>La forme de l&#8217;expertise r\u00e9pond aux exigences l\u00e9gales en l&#8217;absence de l&#8217;assur\u00e9. &#8220;Dans le cadre d\u2019un litige relevant des relations entre la caisse et l\u2019employeur, la mesure d\u2019instruction doit n\u00e9cessairement prendre la forme d\u2019un examen sur pi\u00e8ces en l\u2019absence de participation de l\u2019assur\u00e9 \u00e0 la proc\u00e9dure&#8221; (Tribunal judiciaire, le 20 ao\u00fbt 2025, n\u00b023\/00216). Cette jurisprudence confirme le bien-fond\u00e9 du choix proc\u00e9dural op\u00e9r\u00e9 par le juge.<\/p>\n<p>La mission confi\u00e9e \u00e0 l&#8217;expert est d\u00e9taill\u00e9e et encadr\u00e9e par la loi. Elle couvre l&#8217;\u00e9valuation du taux d&#8217;incapacit\u00e9 et ses cons\u00e9quences professionnelles. Le juge rappelle les crit\u00e8res l\u00e9gaux que l&#8217;expert doit appliquer pour formuler sa proposition. Cette pr\u00e9cision garantit la conformit\u00e9 de l&#8217;expertise aux dispositions r\u00e9glementaires en vigueur.<\/p>\n<p>L&#8217;encadrement proc\u00e9dural et financier de l&#8217;expertise<\/p>\n<p>L&#8217;ordonnance organise minutieusement le d\u00e9roulement de la mesure d&#8217;instruction. Elle pr\u00e9voit la communication des pi\u00e8ces confidentielles et la collaboration de sp\u00e9cialistes. Un dialogue contradictoire est institu\u00e9 entre l&#8217;expert et les m\u00e9decins des parties avant le rapport d\u00e9finitif. Ce cadre assure le respect des droits de la d\u00e9fense et la qualit\u00e9 des travaux.<\/p>\n<p>La r\u00e9mun\u00e9ration de l&#8217;expert est fix\u00e9e de mani\u00e8re provisionnelle par le juge. &#8220;FIXONS \u00e0 350 EUROS la r\u00e9mun\u00e9ration provisionnelle de l\u2019expert judiciaire&#8221; (Motifs). Cette somme est mise \u00e0 la charge de la partie perdante selon les r\u00e8gles de proc\u00e9dure. Le juge pr\u00e9voit une proc\u00e9dure pour d&#8217;\u00e9ventuels d\u00e9passements, s\u00e9curisant ainsi l&#8217;avance des frais.<\/p>\n<p>La d\u00e9cision impose le respect d&#8217;un d\u00e9lai de sept mois pour le d\u00e9p\u00f4t du rapport. Elle pr\u00e9voit \u00e9galement une audience de plaidoirie apr\u00e8s r\u00e9ception des conclusions de l&#8217;expert. L&#8217;ex\u00e9cution provisoire est de droit, conform\u00e9ment aux r\u00e8gles applicables devant la juridiction sociale. Ces dispositions assurent une c\u00e9l\u00e9rit\u00e9 et une efficacit\u00e9 \u00e0 la proc\u00e9dure.<\/p>\n<p>Cette ordonnance illustre le pouvoir d&#8217;initiative du juge de la mise en \u00e9tat en mati\u00e8re sociale. Elle d\u00e9montre l&#8217;adaptation des mesures d&#8217;instruction \u00e0 la nature technique du litige. Le cadre strict impos\u00e9 \u00e0 l&#8217;expertise garantit \u00e0 la fois son utilit\u00e9 et sa loyaut\u00e9 proc\u00e9durale. La d\u00e9cision permet ainsi un \u00e9clairage technique indispensable au r\u00e8glement du diff\u00e9rend.<\/p>\n<\/div>\n","protected":false},"excerpt":{"rendered":"<p>Le tribunal judiciaire de Saint-Denis de La R\u00e9union, statuant en mati\u00e8re sociale, a rendu une ordonnance le 19 septembre 2025. Cette d\u00e9cision fait suite \u00e0 un&#8230;<\/p>\n","protected":false},"author":232070755,"featured_media":4841,"comment_status":"open","ping_status":"open","sticky":false,"template":"","format":"standard","meta":{"_crdt_document":"","_jetpack_newsletter_access":"","_jetpack_dont_email_post_to_subs":false,"_jetpack_newsletter_tier_id":0,"_jetpack_memberships_contains_paywalled_content":false,"_kj_source_type":"","_kj_official_id":"","_kj_official_url":"","_kj_judilibre_id":"","_kj_jur":"","_kj_lieu":"","_kj_chambre":"","_kj_rg":"","_kj_date":"","_jetpack_memberships_contains_paid_content":false,"footnotes":"","jetpack_post_was_ever_published":false},"categories":[7123,6580,7597,6718,6992],"tags":[],"class_list":["post-669566","post","type-post","status-publish","format-standard","has-post-thumbnail","hentry","category-droit-du-travail","category-droit-social","category-jurisprudence","category-social","category-travail"],"yoast_head":"<!-- This site is optimized with the Yoast SEO Premium plugin v27.4 (Yoast SEO v27.4) - https:\/\/yoast.com\/product\/yoast-seo-premium-wordpress\/ -->\n<title>Tribunal judiciaire de Saint-Denis de La R\u00e9union, le 19 septembre 2025, n\u00b025\/00164 - Ma\u00eetre Hassan Kohen, avocat en droit p\u00e9nal \u00e0 Paris<\/title>\n<meta name=\"description\" content=\"Le tribunal judiciaire de Saint-Denis de La R\u00e9union, statuant en mati\u00e8re sociale, a rendu une ordonnance le 19 septembre 2025. Cette d\u00e9cision fait suite \u00e0 un...\" \/>\n<meta name=\"robots\" content=\"index, follow, max-snippet:-1, max-image-preview:large, max-video-preview:-1\" \/>\n<link rel=\"canonical\" href=\"https:\/\/kohenavocats.com\/ar\/tribunal-judiciaire-de-saint-denis-de-la-reunion-le-19-septembre-2025-n25-00164\/\" \/>\n<meta property=\"og:locale\" content=\"ar_AR\" \/>\n<meta property=\"og:type\" content=\"article\" \/>\n<meta property=\"og:title\" content=\"Tribunal judiciaire de Saint-Denis de La R\u00e9union, le 19 septembre 2025, n\u00b025\/00164\" \/>\n<meta property=\"og:description\" content=\"Le tribunal judiciaire de Saint-Denis de La R\u00e9union, statuant en mati\u00e8re sociale, a rendu une ordonnance le 19 septembre 2025. Cette d\u00e9cision fait suite \u00e0 un...\" \/>\n<meta property=\"og:url\" content=\"https:\/\/kohenavocats.com\/ar\/tribunal-judiciaire-de-saint-denis-de-la-reunion-le-19-septembre-2025-n25-00164\/\" \/>\n<meta property=\"og:site_name\" content=\"Ma\u00eetre Hassan Kohen, avocat en droit p\u00e9nal \u00e0 Paris\" \/>\n<meta property=\"article:published_time\" content=\"2026-04-24T04:31:31+00:00\" \/>\n<meta property=\"og:image\" content=\"https:\/\/kohenavocats.com\/wp-content\/uploads\/2024\/08\/nathan-cima-y5aFdoCjB5U-unsplash.webp\" \/>\n\t<meta property=\"og:image:width\" content=\"6000\" \/>\n\t<meta property=\"og:image:height\" content=\"4000\" \/>\n\t<meta property=\"og:image:type\" content=\"image\/webp\" \/>\n<meta name=\"author\" content=\"Kohen\" \/>\n<meta name=\"twitter:card\" content=\"summary_large_image\" \/>\n<meta name=\"twitter:label1\" content=\"\u0643\u064f\u062a\u0628 \u0628\u0648\u0627\u0633\u0637\u0629\" \/>\n\t<meta name=\"twitter:data1\" content=\"Kohen\" \/>\n\t<meta name=\"twitter:label2\" content=\"\u0648\u0642\u062a \u0627\u0644\u0642\u0631\u0627\u0621\u0629 \u0627\u0644\u0645\u064f\u0642\u062f\u0651\u0631\" \/>\n\t<meta name=\"twitter:data2\" content=\"3 \u062f\u0642\u0627\u0626\u0642\" \/>\n<script type=\"application\/ld+json\" class=\"yoast-schema-graph\">{\"@context\":\"https:\\\/\\\/schema.org\",\"@graph\":[{\"@type\":\"Article\",\"@id\":\"https:\\\/\\\/kohenavocats.com\\\/ar\\\/tribunal-judiciaire-de-saint-denis-de-la-reunion-le-19-septembre-2025-n25-00164\\\/#article\",\"isPartOf\":{\"@id\":\"https:\\\/\\\/kohenavocats.com\\\/ar\\\/tribunal-judiciaire-de-saint-denis-de-la-reunion-le-19-septembre-2025-n25-00164\\\/\"},\"author\":{\"name\":\"Kohen\",\"@id\":\"https:\\\/\\\/kohenavocats.com\\\/ar\\\/#\\\/schema\\\/person\\\/761c9ba54fa1ca84d405cef0831ff751\"},\"headline\":\"Tribunal judiciaire de Saint-Denis de La R\u00e9union, le 19 septembre 2025, n\u00b025\\\/00164\",\"datePublished\":\"2026-04-24T04:31:31+00:00\",\"mainEntityOfPage\":{\"@id\":\"https:\\\/\\\/kohenavocats.com\\\/ar\\\/tribunal-judiciaire-de-saint-denis-de-la-reunion-le-19-septembre-2025-n25-00164\\\/\"},\"wordCount\":566,\"commentCount\":0,\"publisher\":{\"@id\":\"https:\\\/\\\/kohenavocats.com\\\/ar\\\/#organization\"},\"image\":{\"@id\":\"https:\\\/\\\/kohenavocats.com\\\/ar\\\/tribunal-judiciaire-de-saint-denis-de-la-reunion-le-19-septembre-2025-n25-00164\\\/#primaryimage\"},\"thumbnailUrl\":\"https:\\\/\\\/kohenavocats.com\\\/wp-content\\\/uploads\\\/2024\\\/08\\\/nathan-cima-y5aFdoCjB5U-unsplash.webp\",\"articleSection\":[\"Droit du travail\",\"Droit Social\",\"Jurisprudence\",\"Social\",\"Travail\"],\"inLanguage\":\"ar\",\"potentialAction\":[{\"@type\":\"CommentAction\",\"name\":\"Comment\",\"target\":[\"https:\\\/\\\/kohenavocats.com\\\/ar\\\/tribunal-judiciaire-de-saint-denis-de-la-reunion-le-19-septembre-2025-n25-00164\\\/#respond\"]}],\"citation\":\"Tribunal judiciaire de Saint-Denis de La R\u00e9union, le 19 septembre 2025, n\u00b025\\\/00164\",\"about\":[{\"@type\":\"Thing\",\"name\":\"Droit du travail\"},{\"@type\":\"Thing\",\"name\":\"Droit Social\"},{\"@type\":\"Thing\",\"name\":\"Jurisprudence\"},{\"@type\":\"Thing\",\"name\":\"Social\"},{\"@type\":\"Thing\",\"name\":\"Travail\"}],\"dateModified\":\"2026-04-24T04:31:31+00:00\",\"speakable\":{\"@type\":\"SpeakableSpecification\",\"cssSelector\":[\".article-content > p:first-of-type\"]}},{\"@type\":\"WebPage\",\"@id\":\"https:\\\/\\\/kohenavocats.com\\\/ar\\\/tribunal-judiciaire-de-saint-denis-de-la-reunion-le-19-septembre-2025-n25-00164\\\/\",\"url\":\"https:\\\/\\\/kohenavocats.com\\\/ar\\\/tribunal-judiciaire-de-saint-denis-de-la-reunion-le-19-septembre-2025-n25-00164\\\/\",\"name\":\"Tribunal judiciaire de Saint-Denis de La R\u00e9union, le 19 septembre 2025, n\u00b025\\\/00164 - Ma\u00eetre Hassan Kohen, avocat en droit p\u00e9nal \u00e0 Paris\",\"isPartOf\":{\"@id\":\"https:\\\/\\\/kohenavocats.com\\\/ar\\\/#website\"},\"primaryImageOfPage\":{\"@id\":\"https:\\\/\\\/kohenavocats.com\\\/ar\\\/tribunal-judiciaire-de-saint-denis-de-la-reunion-le-19-septembre-2025-n25-00164\\\/#primaryimage\"},\"image\":{\"@id\":\"https:\\\/\\\/kohenavocats.com\\\/ar\\\/tribunal-judiciaire-de-saint-denis-de-la-reunion-le-19-septembre-2025-n25-00164\\\/#primaryimage\"},\"thumbnailUrl\":\"https:\\\/\\\/kohenavocats.com\\\/wp-content\\\/uploads\\\/2024\\\/08\\\/nathan-cima-y5aFdoCjB5U-unsplash.webp\",\"datePublished\":\"2026-04-24T04:31:31+00:00\",\"description\":\"Le tribunal judiciaire de Saint-Denis de La R\u00e9union, statuant en mati\u00e8re sociale, a rendu une ordonnance le 19 septembre 2025. Cette d\u00e9cision fait suite \u00e0 un...\",\"breadcrumb\":{\"@id\":\"https:\\\/\\\/kohenavocats.com\\\/ar\\\/tribunal-judiciaire-de-saint-denis-de-la-reunion-le-19-septembre-2025-n25-00164\\\/#breadcrumb\"},\"inLanguage\":\"ar\",\"potentialAction\":[{\"@type\":\"ReadAction\",\"target\":[\"https:\\\/\\\/kohenavocats.com\\\/ar\\\/tribunal-judiciaire-de-saint-denis-de-la-reunion-le-19-septembre-2025-n25-00164\\\/\"]}]},{\"@type\":\"ImageObject\",\"inLanguage\":\"ar\",\"@id\":\"https:\\\/\\\/kohenavocats.com\\\/ar\\\/tribunal-judiciaire-de-saint-denis-de-la-reunion-le-19-septembre-2025-n25-00164\\\/#primaryimage\",\"url\":\"https:\\\/\\\/kohenavocats.com\\\/wp-content\\\/uploads\\\/2024\\\/08\\\/nathan-cima-y5aFdoCjB5U-unsplash.webp\",\"contentUrl\":\"https:\\\/\\\/kohenavocats.com\\\/wp-content\\\/uploads\\\/2024\\\/08\\\/nathan-cima-y5aFdoCjB5U-unsplash.webp\",\"width\":6000,\"height\":4000},{\"@type\":\"BreadcrumbList\",\"@id\":\"https:\\\/\\\/kohenavocats.com\\\/ar\\\/tribunal-judiciaire-de-saint-denis-de-la-reunion-le-19-septembre-2025-n25-00164\\\/#breadcrumb\",\"itemListElement\":[{\"@type\":\"ListItem\",\"position\":1,\"name\":\"Home\",\"item\":\"https:\\\/\\\/kohenavocats.com\\\/ar\\\/%d9%85%d8%ad%d8%a7%d9%85%d9%88%d9%86-%d9%85%d8%aa%d8%ae%d8%b5%d8%b5%d9%88%d9%86-%d9%81%d9%8a-%d8%a7%d9%84%d9%82%d8%a7%d9%86%d9%88%d9%86-%d8%a7%d9%84%d8%ac%d9%86%d8%a7%d8%a6%d9%8a-%d8%a8%d8%a8%d8%a7\\\/\"},{\"@type\":\"ListItem\",\"position\":2,\"name\":\"Tribunal judiciaire de Saint-Denis de La R\u00e9union, le 19 septembre 2025, n\u00b025\\\/00164\"}]},{\"@type\":\"WebSite\",\"@id\":\"https:\\\/\\\/kohenavocats.com\\\/ar\\\/#website\",\"url\":\"https:\\\/\\\/kohenavocats.com\\\/ar\\\/\",\"name\":\"Kohen Avocats\",\"description\":\"Ma\u00eetre Hassan Kohen, avocat p\u00e9naliste \u00e0 Paris, intervient exclusivement en droit p\u00e9nal pour la d\u00e9fense des particuliers, notamment en mati\u00e8re d\u2019accusations de viol. Il assure un accompagnement rigoureux d\u00e8s la garde \u00e0 vue jusqu\u2019\u00e0 la Cour d\u2019assises, veillant au strict respect des garanties proc\u00e9durales.\",\"publisher\":{\"@id\":\"https:\\\/\\\/kohenavocats.com\\\/ar\\\/#organization\"},\"potentialAction\":[{\"@type\":\"SearchAction\",\"target\":{\"@type\":\"EntryPoint\",\"urlTemplate\":\"https:\\\/\\\/kohenavocats.com\\\/ar\\\/?s={search_term_string}\"},\"query-input\":{\"@type\":\"PropertyValueSpecification\",\"valueRequired\":true,\"valueName\":\"search_term_string\"}}],\"inLanguage\":\"ar\"},{\"@type\":\"Organization\",\"@id\":\"https:\\\/\\\/kohenavocats.com\\\/ar\\\/#organization\",\"name\":\"Kohen Avocats\",\"url\":\"https:\\\/\\\/kohenavocats.com\\\/ar\\\/\",\"logo\":{\"@type\":\"ImageObject\",\"inLanguage\":\"ar\",\"@id\":\"https:\\\/\\\/kohenavocats.com\\\/ar\\\/#\\\/schema\\\/logo\\\/image\\\/\",\"url\":\"https:\\\/\\\/kohenavocats.com\\\/wp-content\\\/uploads\\\/2026\\\/01\\\/Logo-2-1.webp\",\"contentUrl\":\"https:\\\/\\\/kohenavocats.com\\\/wp-content\\\/uploads\\\/2026\\\/01\\\/Logo-2-1.webp\",\"width\":2114,\"height\":1253,\"caption\":\"Kohen Avocats\"},\"image\":{\"@id\":\"https:\\\/\\\/kohenavocats.com\\\/ar\\\/#\\\/schema\\\/logo\\\/image\\\/\"}},{\"@type\":\"Person\",\"@id\":\"https:\\\/\\\/kohenavocats.com\\\/ar\\\/#\\\/schema\\\/person\\\/761c9ba54fa1ca84d405cef0831ff751\",\"name\":\"Kohen\",\"image\":{\"@type\":\"ImageObject\",\"inLanguage\":\"ar\",\"@id\":\"https:\\\/\\\/secure.gravatar.com\\\/avatar\\\/1c5e76ef76bbbfdd2b4da984e2bf2fa4056fd51a27d25ce2c332047f1dfd6e00?s=96&d=identicon&r=g\",\"url\":\"https:\\\/\\\/secure.gravatar.com\\\/avatar\\\/1c5e76ef76bbbfdd2b4da984e2bf2fa4056fd51a27d25ce2c332047f1dfd6e00?s=96&d=identicon&r=g\",\"contentUrl\":\"https:\\\/\\\/secure.gravatar.com\\\/avatar\\\/1c5e76ef76bbbfdd2b4da984e2bf2fa4056fd51a27d25ce2c332047f1dfd6e00?s=96&d=identicon&r=g\",\"caption\":\"Kohen\"},\"sameAs\":[\"https:\\\/\\\/www.linkedin.com\\\/in\\\/hassan-kohen-448548192\\\/\",\"https:\\\/\\\/www.youtube.com\\\/@Kohen-Avocats\"],\"url\":\"https:\\\/\\\/kohenavocats.com\\\/ar\\\/author\\\/kohenmlk\\\/\"}]}<\/script>\n<!-- \/ Yoast SEO Premium plugin. -->","yoast_head_json":{"title":"Tribunal judiciaire de Saint-Denis de La R\u00e9union, le 19 septembre 2025, n\u00b025\/00164 - Ma\u00eetre Hassan Kohen, avocat en droit p\u00e9nal \u00e0 Paris","description":"Le tribunal judiciaire de Saint-Denis de La R\u00e9union, statuant en mati\u00e8re sociale, a rendu une ordonnance le 19 septembre 2025. Cette d\u00e9cision fait suite \u00e0 un...","robots":{"index":"index","follow":"follow","max-snippet":"max-snippet:-1","max-image-preview":"max-image-preview:large","max-video-preview":"max-video-preview:-1"},"canonical":"https:\/\/kohenavocats.com\/ar\/tribunal-judiciaire-de-saint-denis-de-la-reunion-le-19-septembre-2025-n25-00164\/","og_locale":"ar_AR","og_type":"article","og_title":"Tribunal judiciaire de Saint-Denis de La R\u00e9union, le 19 septembre 2025, n\u00b025\/00164","og_description":"Le tribunal judiciaire de Saint-Denis de La R\u00e9union, statuant en mati\u00e8re sociale, a rendu une ordonnance le 19 septembre 2025. Cette d\u00e9cision fait suite \u00e0 un...","og_url":"https:\/\/kohenavocats.com\/ar\/tribunal-judiciaire-de-saint-denis-de-la-reunion-le-19-septembre-2025-n25-00164\/","og_site_name":"Ma\u00eetre Hassan Kohen, avocat en droit p\u00e9nal \u00e0 Paris","article_published_time":"2026-04-24T04:31:31+00:00","og_image":[{"width":6000,"height":4000,"url":"https:\/\/kohenavocats.com\/wp-content\/uploads\/2024\/08\/nathan-cima-y5aFdoCjB5U-unsplash.webp","type":"image\/webp"}],"author":"Kohen","twitter_card":"summary_large_image","twitter_misc":{"\u0643\u064f\u062a\u0628 \u0628\u0648\u0627\u0633\u0637\u0629":"Kohen","\u0648\u0642\u062a \u0627\u0644\u0642\u0631\u0627\u0621\u0629 \u0627\u0644\u0645\u064f\u0642\u062f\u0651\u0631":"3 \u062f\u0642\u0627\u0626\u0642"},"schema":{"@context":"https:\/\/schema.org","@graph":[{"@type":"Article","@id":"https:\/\/kohenavocats.com\/ar\/tribunal-judiciaire-de-saint-denis-de-la-reunion-le-19-septembre-2025-n25-00164\/#article","isPartOf":{"@id":"https:\/\/kohenavocats.com\/ar\/tribunal-judiciaire-de-saint-denis-de-la-reunion-le-19-septembre-2025-n25-00164\/"},"author":{"name":"Kohen","@id":"https:\/\/kohenavocats.com\/ar\/#\/schema\/person\/761c9ba54fa1ca84d405cef0831ff751"},"headline":"Tribunal judiciaire de Saint-Denis de La R\u00e9union, le 19 septembre 2025, n\u00b025\/00164","datePublished":"2026-04-24T04:31:31+00:00","mainEntityOfPage":{"@id":"https:\/\/kohenavocats.com\/ar\/tribunal-judiciaire-de-saint-denis-de-la-reunion-le-19-septembre-2025-n25-00164\/"},"wordCount":566,"commentCount":0,"publisher":{"@id":"https:\/\/kohenavocats.com\/ar\/#organization"},"image":{"@id":"https:\/\/kohenavocats.com\/ar\/tribunal-judiciaire-de-saint-denis-de-la-reunion-le-19-septembre-2025-n25-00164\/#primaryimage"},"thumbnailUrl":"https:\/\/kohenavocats.com\/wp-content\/uploads\/2024\/08\/nathan-cima-y5aFdoCjB5U-unsplash.webp","articleSection":["Droit du travail","Droit Social","Jurisprudence","Social","Travail"],"inLanguage":"ar","potentialAction":[{"@type":"CommentAction","name":"Comment","target":["https:\/\/kohenavocats.com\/ar\/tribunal-judiciaire-de-saint-denis-de-la-reunion-le-19-septembre-2025-n25-00164\/#respond"]}],"citation":"Tribunal judiciaire de Saint-Denis de La R\u00e9union, le 19 septembre 2025, n\u00b025\/00164","about":[{"@type":"Thing","name":"Droit du travail"},{"@type":"Thing","name":"Droit Social"},{"@type":"Thing","name":"Jurisprudence"},{"@type":"Thing","name":"Social"},{"@type":"Thing","name":"Travail"}],"dateModified":"2026-04-24T04:31:31+00:00","speakable":{"@type":"SpeakableSpecification","cssSelector":[".article-content > p:first-of-type"]}},{"@type":"WebPage","@id":"https:\/\/kohenavocats.com\/ar\/tribunal-judiciaire-de-saint-denis-de-la-reunion-le-19-septembre-2025-n25-00164\/","url":"https:\/\/kohenavocats.com\/ar\/tribunal-judiciaire-de-saint-denis-de-la-reunion-le-19-septembre-2025-n25-00164\/","name":"Tribunal judiciaire de Saint-Denis de La R\u00e9union, le 19 septembre 2025, n\u00b025\/00164 - Ma\u00eetre Hassan Kohen, avocat en droit p\u00e9nal \u00e0 Paris","isPartOf":{"@id":"https:\/\/kohenavocats.com\/ar\/#website"},"primaryImageOfPage":{"@id":"https:\/\/kohenavocats.com\/ar\/tribunal-judiciaire-de-saint-denis-de-la-reunion-le-19-septembre-2025-n25-00164\/#primaryimage"},"image":{"@id":"https:\/\/kohenavocats.com\/ar\/tribunal-judiciaire-de-saint-denis-de-la-reunion-le-19-septembre-2025-n25-00164\/#primaryimage"},"thumbnailUrl":"https:\/\/kohenavocats.com\/wp-content\/uploads\/2024\/08\/nathan-cima-y5aFdoCjB5U-unsplash.webp","datePublished":"2026-04-24T04:31:31+00:00","description":"Le tribunal judiciaire de Saint-Denis de La R\u00e9union, statuant en mati\u00e8re sociale, a rendu une ordonnance le 19 septembre 2025. Cette d\u00e9cision fait suite \u00e0 un...","breadcrumb":{"@id":"https:\/\/kohenavocats.com\/ar\/tribunal-judiciaire-de-saint-denis-de-la-reunion-le-19-septembre-2025-n25-00164\/#breadcrumb"},"inLanguage":"ar","potentialAction":[{"@type":"ReadAction","target":["https:\/\/kohenavocats.com\/ar\/tribunal-judiciaire-de-saint-denis-de-la-reunion-le-19-septembre-2025-n25-00164\/"]}]},{"@type":"ImageObject","inLanguage":"ar","@id":"https:\/\/kohenavocats.com\/ar\/tribunal-judiciaire-de-saint-denis-de-la-reunion-le-19-septembre-2025-n25-00164\/#primaryimage","url":"https:\/\/kohenavocats.com\/wp-content\/uploads\/2024\/08\/nathan-cima-y5aFdoCjB5U-unsplash.webp","contentUrl":"https:\/\/kohenavocats.com\/wp-content\/uploads\/2024\/08\/nathan-cima-y5aFdoCjB5U-unsplash.webp","width":6000,"height":4000},{"@type":"BreadcrumbList","@id":"https:\/\/kohenavocats.com\/ar\/tribunal-judiciaire-de-saint-denis-de-la-reunion-le-19-septembre-2025-n25-00164\/#breadcrumb","itemListElement":[{"@type":"ListItem","position":1,"name":"Home","item":"https:\/\/kohenavocats.com\/ar\/%d9%85%d8%ad%d8%a7%d9%85%d9%88%d9%86-%d9%85%d8%aa%d8%ae%d8%b5%d8%b5%d9%88%d9%86-%d9%81%d9%8a-%d8%a7%d9%84%d9%82%d8%a7%d9%86%d9%88%d9%86-%d8%a7%d9%84%d8%ac%d9%86%d8%a7%d8%a6%d9%8a-%d8%a8%d8%a8%d8%a7\/"},{"@type":"ListItem","position":2,"name":"Tribunal judiciaire de Saint-Denis de La R\u00e9union, le 19 septembre 2025, n\u00b025\/00164"}]},{"@type":"WebSite","@id":"https:\/\/kohenavocats.com\/ar\/#website","url":"https:\/\/kohenavocats.com\/ar\/","name":"Kohen Avocats","description":"Ma\u00eetre Hassan Kohen, avocat p\u00e9naliste \u00e0 Paris, intervient exclusivement en droit p\u00e9nal pour la d\u00e9fense des particuliers, notamment en mati\u00e8re d\u2019accusations de viol. Il assure un accompagnement rigoureux d\u00e8s la garde \u00e0 vue jusqu\u2019\u00e0 la Cour d\u2019assises, veillant au strict respect des garanties proc\u00e9durales.","publisher":{"@id":"https:\/\/kohenavocats.com\/ar\/#organization"},"potentialAction":[{"@type":"SearchAction","target":{"@type":"EntryPoint","urlTemplate":"https:\/\/kohenavocats.com\/ar\/?s={search_term_string}"},"query-input":{"@type":"PropertyValueSpecification","valueRequired":true,"valueName":"search_term_string"}}],"inLanguage":"ar"},{"@type":"Organization","@id":"https:\/\/kohenavocats.com\/ar\/#organization","name":"Kohen Avocats","url":"https:\/\/kohenavocats.com\/ar\/","logo":{"@type":"ImageObject","inLanguage":"ar","@id":"https:\/\/kohenavocats.com\/ar\/#\/schema\/logo\/image\/","url":"https:\/\/kohenavocats.com\/wp-content\/uploads\/2026\/01\/Logo-2-1.webp","contentUrl":"https:\/\/kohenavocats.com\/wp-content\/uploads\/2026\/01\/Logo-2-1.webp","width":2114,"height":1253,"caption":"Kohen Avocats"},"image":{"@id":"https:\/\/kohenavocats.com\/ar\/#\/schema\/logo\/image\/"}},{"@type":"Person","@id":"https:\/\/kohenavocats.com\/ar\/#\/schema\/person\/761c9ba54fa1ca84d405cef0831ff751","name":"Kohen","image":{"@type":"ImageObject","inLanguage":"ar","@id":"https:\/\/secure.gravatar.com\/avatar\/1c5e76ef76bbbfdd2b4da984e2bf2fa4056fd51a27d25ce2c332047f1dfd6e00?s=96&d=identicon&r=g","url":"https:\/\/secure.gravatar.com\/avatar\/1c5e76ef76bbbfdd2b4da984e2bf2fa4056fd51a27d25ce2c332047f1dfd6e00?s=96&d=identicon&r=g","contentUrl":"https:\/\/secure.gravatar.com\/avatar\/1c5e76ef76bbbfdd2b4da984e2bf2fa4056fd51a27d25ce2c332047f1dfd6e00?s=96&d=identicon&r=g","caption":"Kohen"},"sameAs":["https:\/\/www.linkedin.com\/in\/hassan-kohen-448548192\/","https:\/\/www.youtube.com\/@Kohen-Avocats"],"url":"https:\/\/kohenavocats.com\/ar\/author\/kohenmlk\/"}]}},"jetpack_featured_media_url":"https:\/\/kohenavocats.com\/wp-content\/uploads\/2024\/08\/nathan-cima-y5aFdoCjB5U-unsplash.webp","jetpack_likes_enabled":false,"jetpack_shortlink":"https:\/\/wp.me\/peCrII-2Obs","jetpack-related-posts":[{"id":659334,"url":"https:\/\/kohenavocats.com\/ar\/tribunal-judiciaire-de-saint-denis-de-la-reunion-le-26-septembre-2025-n25-00180-2\/","url_meta":{"origin":669566,"position":0},"title":"Tribunal judiciaire de Saint-Denis de La R\u00e9union, le 26 septembre 2025, n\u00b025\/00180","author":"Kohen","date":"23 \u0623\u0628\u0631\u064a\u0644\u060c 2026","format":false,"excerpt":"Le tribunal judiciaire de Saint-Denis de La R\u00e9union, statuant en son p\u00f4le social, a rendu une ordonnance le 26 septembre 2025. L\u2019employeur contestait le taux...","rel":"","context":"\u0641\u064a &quot;Jurisprudence&quot;","block_context":{"text":"Jurisprudence","link":"https:\/\/kohenavocats.com\/category\/jurisprudence\/"},"img":{"alt_text":"","src":"https:\/\/i0.wp.com\/kohenavocats.com\/wp-content\/uploads\/2024\/08\/stephanie-leblanc-B0sAjqnp1Q8-unsplash.webp?resize=350%2C200&ssl=1","width":350,"height":200,"srcset":"https:\/\/i0.wp.com\/kohenavocats.com\/wp-content\/uploads\/2024\/08\/stephanie-leblanc-B0sAjqnp1Q8-unsplash.webp?resize=350%2C200&ssl=1 1x, https:\/\/i0.wp.com\/kohenavocats.com\/wp-content\/uploads\/2024\/08\/stephanie-leblanc-B0sAjqnp1Q8-unsplash.webp?resize=525%2C300&ssl=1 1.5x, https:\/\/i0.wp.com\/kohenavocats.com\/wp-content\/uploads\/2024\/08\/stephanie-leblanc-B0sAjqnp1Q8-unsplash.webp?resize=700%2C400&ssl=1 2x, https:\/\/i0.wp.com\/kohenavocats.com\/wp-content\/uploads\/2024\/08\/stephanie-leblanc-B0sAjqnp1Q8-unsplash.webp?resize=1050%2C600&ssl=1 3x, https:\/\/i0.wp.com\/kohenavocats.com\/wp-content\/uploads\/2024\/08\/stephanie-leblanc-B0sAjqnp1Q8-unsplash.webp?resize=1400%2C800&ssl=1 4x"},"classes":[]},{"id":665670,"url":"https:\/\/kohenavocats.com\/ar\/tribunal-judiciaire-de-saint-denis-de-la-reunion-le-24-septembre-2025-n25-00070\/","url_meta":{"origin":669566,"position":1},"title":"Tribunal judiciaire de Saint-Denis de La R\u00e9union, le 24 septembre 2025, n\u00b025\/00070","author":"Kohen","date":"24 \u0623\u0628\u0631\u064a\u0644\u060c 2026","format":false,"excerpt":"Le tribunal judiciaire de Saint-Denis de La R\u00e9union, statuant le 24 septembre 2025, examine un litige relatif au refus de prise en charge d'une maladie profe...","rel":"","context":"\u0641\u064a &quot;Droit du travail&quot;","block_context":{"text":"Droit du travail","link":"https:\/\/kohenavocats.com\/category\/droit-du-travail\/"},"img":{"alt_text":"","src":"https:\/\/i0.wp.com\/kohenavocats.com\/wp-content\/uploads\/2024\/11\/getty-images-wvhLLa5sdtg-unsplash.webp?resize=350%2C200&ssl=1","width":350,"height":200,"srcset":"https:\/\/i0.wp.com\/kohenavocats.com\/wp-content\/uploads\/2024\/11\/getty-images-wvhLLa5sdtg-unsplash.webp?resize=350%2C200&ssl=1 1x, https:\/\/i0.wp.com\/kohenavocats.com\/wp-content\/uploads\/2024\/11\/getty-images-wvhLLa5sdtg-unsplash.webp?resize=525%2C300&ssl=1 1.5x, https:\/\/i0.wp.com\/kohenavocats.com\/wp-content\/uploads\/2024\/11\/getty-images-wvhLLa5sdtg-unsplash.webp?resize=700%2C400&ssl=1 2x, https:\/\/i0.wp.com\/kohenavocats.com\/wp-content\/uploads\/2024\/11\/getty-images-wvhLLa5sdtg-unsplash.webp?resize=1050%2C600&ssl=1 3x, https:\/\/i0.wp.com\/kohenavocats.com\/wp-content\/uploads\/2024\/11\/getty-images-wvhLLa5sdtg-unsplash.webp?resize=1400%2C800&ssl=1 4x"},"classes":[]},{"id":659336,"url":"https:\/\/kohenavocats.com\/ar\/tribunal-judiciaire-de-saint-denis-de-la-reunion-le-26-septembre-2025-n25-00088-2\/","url_meta":{"origin":669566,"position":2},"title":"Tribunal judiciaire de Saint-Denis de La R\u00e9union, le 26 septembre 2025, n\u00b025\/00088","author":"Kohen","date":"23 \u0623\u0628\u0631\u064a\u0644\u060c 2026","format":false,"excerpt":"Le tribunal judiciaire de Saint-Denis de La R\u00e9union, statuant par ordonnance du juge de la mise en \u00e9tat le 26 septembre 2025, a \u00e9t\u00e9 saisi d\u2019un litige concern...","rel":"","context":"\u0641\u064a &quot;Jurisprudence&quot;","block_context":{"text":"Jurisprudence","link":"https:\/\/kohenavocats.com\/category\/jurisprudence\/"},"img":{"alt_text":"","src":"https:\/\/i0.wp.com\/kohenavocats.com\/wp-content\/uploads\/2024\/11\/alex-shuper-VUyzsIViXQ0-unsplash.webp?resize=350%2C200&ssl=1","width":350,"height":200,"srcset":"https:\/\/i0.wp.com\/kohenavocats.com\/wp-content\/uploads\/2024\/11\/alex-shuper-VUyzsIViXQ0-unsplash.webp?resize=350%2C200&ssl=1 1x, https:\/\/i0.wp.com\/kohenavocats.com\/wp-content\/uploads\/2024\/11\/alex-shuper-VUyzsIViXQ0-unsplash.webp?resize=525%2C300&ssl=1 1.5x, https:\/\/i0.wp.com\/kohenavocats.com\/wp-content\/uploads\/2024\/11\/alex-shuper-VUyzsIViXQ0-unsplash.webp?resize=700%2C400&ssl=1 2x, https:\/\/i0.wp.com\/kohenavocats.com\/wp-content\/uploads\/2024\/11\/alex-shuper-VUyzsIViXQ0-unsplash.webp?resize=1050%2C600&ssl=1 3x, https:\/\/i0.wp.com\/kohenavocats.com\/wp-content\/uploads\/2024\/11\/alex-shuper-VUyzsIViXQ0-unsplash.webp?resize=1400%2C800&ssl=1 4x"},"classes":[]},{"id":655891,"url":"https:\/\/kohenavocats.com\/ar\/tribunal-judiciaire-de-saint-denis-de-la-reunion-le-30-septembre-2025-n24-01050\/","url_meta":{"origin":669566,"position":3},"title":"Tribunal judiciaire de Saint-Denis de La R\u00e9union, le 30 septembre 2025, n\u00b024\/01050","author":"Kohen","date":"23 \u0623\u0628\u0631\u064a\u0644\u060c 2026","format":false,"excerpt":"Le Tribunal judiciaire de Saint-Denis de La R\u00e9union, par un jugement du 30 septembre 2025, a \u00e9t\u00e9 saisi d\u2019un recours form\u00e9 par un employeur. Cet employeur con...","rel":"","context":"\u0641\u064a &quot;Jurisprudence&quot;","block_context":{"text":"Jurisprudence","link":"https:\/\/kohenavocats.com\/category\/jurisprudence\/"},"img":{"alt_text":"","src":"https:\/\/i0.wp.com\/kohenavocats.com\/wp-content\/uploads\/2024\/07\/nathan-cima-L89SN03SJK8-unsplash.webp?resize=350%2C200&ssl=1","width":350,"height":200,"srcset":"https:\/\/i0.wp.com\/kohenavocats.com\/wp-content\/uploads\/2024\/07\/nathan-cima-L89SN03SJK8-unsplash.webp?resize=350%2C200&ssl=1 1x, https:\/\/i0.wp.com\/kohenavocats.com\/wp-content\/uploads\/2024\/07\/nathan-cima-L89SN03SJK8-unsplash.webp?resize=525%2C300&ssl=1 1.5x, https:\/\/i0.wp.com\/kohenavocats.com\/wp-content\/uploads\/2024\/07\/nathan-cima-L89SN03SJK8-unsplash.webp?resize=700%2C400&ssl=1 2x, https:\/\/i0.wp.com\/kohenavocats.com\/wp-content\/uploads\/2024\/07\/nathan-cima-L89SN03SJK8-unsplash.webp?resize=1050%2C600&ssl=1 3x, https:\/\/i0.wp.com\/kohenavocats.com\/wp-content\/uploads\/2024\/07\/nathan-cima-L89SN03SJK8-unsplash.webp?resize=1400%2C800&ssl=1 4x"},"classes":[]},{"id":665672,"url":"https:\/\/kohenavocats.com\/ar\/tribunal-judiciaire-de-saint-denis-de-la-reunion-le-24-septembre-2025-n25-00091\/","url_meta":{"origin":669566,"position":4},"title":"Tribunal judiciaire de Saint-Denis de La R\u00e9union, le 24 septembre 2025, n\u00b025\/00091","author":"Kohen","date":"24 \u0623\u0628\u0631\u064a\u0644\u060c 2026","format":false,"excerpt":"Le tribunal judiciaire de Saint-Denis de La R\u00e9union, le 24 septembre 2025, statue sur un litige concernant la reconnaissance d'une maladie professionnelle ho...","rel":"","context":"\u0641\u064a &quot;Droit du travail&quot;","block_context":{"text":"Droit du travail","link":"https:\/\/kohenavocats.com\/category\/droit-du-travail\/"},"img":{"alt_text":"","src":"https:\/\/i0.wp.com\/kohenavocats.com\/wp-content\/uploads\/2024\/11\/margaret-jaszowska-iJ4qhyNQEjE-unsplash.webp?resize=350%2C200&ssl=1","width":350,"height":200,"srcset":"https:\/\/i0.wp.com\/kohenavocats.com\/wp-content\/uploads\/2024\/11\/margaret-jaszowska-iJ4qhyNQEjE-unsplash.webp?resize=350%2C200&ssl=1 1x, https:\/\/i0.wp.com\/kohenavocats.com\/wp-content\/uploads\/2024\/11\/margaret-jaszowska-iJ4qhyNQEjE-unsplash.webp?resize=525%2C300&ssl=1 1.5x, https:\/\/i0.wp.com\/kohenavocats.com\/wp-content\/uploads\/2024\/11\/margaret-jaszowska-iJ4qhyNQEjE-unsplash.webp?resize=700%2C400&ssl=1 2x, https:\/\/i0.wp.com\/kohenavocats.com\/wp-content\/uploads\/2024\/11\/margaret-jaszowska-iJ4qhyNQEjE-unsplash.webp?resize=1050%2C600&ssl=1 3x, https:\/\/i0.wp.com\/kohenavocats.com\/wp-content\/uploads\/2024\/11\/margaret-jaszowska-iJ4qhyNQEjE-unsplash.webp?resize=1400%2C800&ssl=1 4x"},"classes":[]},{"id":682432,"url":"https:\/\/kohenavocats.com\/ar\/cour-dappel-de-saint-denis-de-la-reunion-le-28-mai-2024-n24-00819\/","url_meta":{"origin":669566,"position":5},"title":"Cour d&#8217;appel de Saint-Denis de la R\u00e9union, le 28 mai 2024, n\u00b024\/00819","author":"Kohen","date":"25 \u0623\u0628\u0631\u064a\u0644\u060c 2026","format":false,"excerpt":"La cour d'appel de Saint-Denis de la R\u00e9union, statuant le 28 mai 2024, examine un litige relatif \u00e0 un accident du travail. L'employeur conteste l'imputabilit...","rel":"","context":"\u0641\u064a &quot;Jurisprudence&quot;","block_context":{"text":"Jurisprudence","link":"https:\/\/kohenavocats.com\/category\/jurisprudence\/"},"img":{"alt_text":"","src":"https:\/\/i0.wp.com\/kohenavocats.com\/wp-content\/uploads\/2024\/08\/alex-h0dEvfM3EU8-unsplash.webp?resize=350%2C200&ssl=1","width":350,"height":200,"srcset":"https:\/\/i0.wp.com\/kohenavocats.com\/wp-content\/uploads\/2024\/08\/alex-h0dEvfM3EU8-unsplash.webp?resize=350%2C200&ssl=1 1x, https:\/\/i0.wp.com\/kohenavocats.com\/wp-content\/uploads\/2024\/08\/alex-h0dEvfM3EU8-unsplash.webp?resize=525%2C300&ssl=1 1.5x, https:\/\/i0.wp.com\/kohenavocats.com\/wp-content\/uploads\/2024\/08\/alex-h0dEvfM3EU8-unsplash.webp?resize=700%2C400&ssl=1 2x, https:\/\/i0.wp.com\/kohenavocats.com\/wp-content\/uploads\/2024\/08\/alex-h0dEvfM3EU8-unsplash.webp?resize=1050%2C600&ssl=1 3x, https:\/\/i0.wp.com\/kohenavocats.com\/wp-content\/uploads\/2024\/08\/alex-h0dEvfM3EU8-unsplash.webp?resize=1400%2C800&ssl=1 4x"},"classes":[]}],"jetpack_sharing_enabled":true,"_links":{"self":[{"href":"https:\/\/kohenavocats.com\/ar\/wp-json\/wp\/v2\/posts\/669566","targetHints":{"allow":["GET"]}}],"collection":[{"href":"https:\/\/kohenavocats.com\/ar\/wp-json\/wp\/v2\/posts"}],"about":[{"href":"https:\/\/kohenavocats.com\/ar\/wp-json\/wp\/v2\/types\/post"}],"author":[{"embeddable":true,"href":"https:\/\/kohenavocats.com\/ar\/wp-json\/wp\/v2\/users\/232070755"}],"replies":[{"embeddable":true,"href":"https:\/\/kohenavocats.com\/ar\/wp-json\/wp\/v2\/comments?post=669566"}],"version-history":[{"count":0,"href":"https:\/\/kohenavocats.com\/ar\/wp-json\/wp\/v2\/posts\/669566\/revisions"}],"wp:featuredmedia":[{"embeddable":true,"href":"https:\/\/kohenavocats.com\/ar\/wp-json\/wp\/v2\/media\/4841"}],"wp:attachment":[{"href":"https:\/\/kohenavocats.com\/ar\/wp-json\/wp\/v2\/media?parent=669566"}],"wp:term":[{"taxonomy":"category","embeddable":true,"href":"https:\/\/kohenavocats.com\/ar\/wp-json\/wp\/v2\/categories?post=669566"},{"taxonomy":"post_tag","embeddable":true,"href":"https:\/\/kohenavocats.com\/ar\/wp-json\/wp\/v2\/tags?post=669566"}],"curies":[{"name":"wp","href":"https:\/\/api.w.org\/{rel}","templated":true}]}}