{"id":670925,"date":"2026-04-24T08:30:27","date_gmt":"2026-04-24T06:30:27","guid":{"rendered":"https:\/\/kohenavocats.com\/tribunal-judiciaire-de-nanterre-le-24-octobre-2025-n22-06860\/"},"modified":"2026-04-26T16:39:45","modified_gmt":"2026-04-26T14:39:45","slug":"tribunal-judiciaire-de-nanterre-le-24-octobre-2025-n22-06860","status":"publish","type":"post","link":"https:\/\/kohenavocats.com\/ar\/tribunal-judiciaire-de-nanterre-le-24-octobre-2025-n22-06860\/","title":{"rendered":"Tribunal judiciaire de Nanterre, le 24 octobre 2025, n\u00b022\/06860"},"content":{"rendered":"<div class=\"article-content\">\n<p>Le tribunal judiciaire, statuant le 24 octobre 2025, a \u00e9t\u00e9 saisi par un acqu\u00e9reur m\u00e9content d&#8217;un v\u00e9hicule d&#8217;occasion. L&#8217;acheteur assignait la venderesse professionnelle ainsi que l&#8217;organisme ayant r\u00e9alis\u00e9 le contr\u00f4le technique pr\u00e9alable. Il sollicitait la r\u00e9solution de la vente pour d\u00e9faut de conformit\u00e9 et la r\u00e9paration de divers pr\u00e9judices. Le tribunal a prononc\u00e9 la r\u00e9solution du contrat \u00e0 l&#8217;encontre de la vendeuse mais a rejet\u00e9 toutes les demandes dirig\u00e9es contre le contr\u00f4leur technique, estimant sa responsabilit\u00e9 non \u00e9tablie.<\/p>\n<p>La dualit\u00e9 des r\u00e9gimes de responsabilit\u00e9 engag\u00e9s<\/p>\n<p>La distinction entre responsabilit\u00e9 contractuelle et d\u00e9lictuelle. Le tribunal op\u00e8re une nette distinction entre les obligations des parties au contrat de vente et les \u00e9ventuels manquements d&#8217;un tiers. La demande de r\u00e9solution de la vente, fond\u00e9e sur la garantie l\u00e9gale de conformit\u00e9, ne concerne que le lien contractuel unissant l&#8217;acheteur au vendeur professionnel. Le juge rappelle ainsi qu&#8217;aucune demande &#8220;conjointe ou solidaire form\u00e9e \u00e0 l\u2019encontre de la soci\u00e9t\u00e9 de contr\u00f4le technique ne saurait prosp\u00e9rer&#8221; (Motifs du jugement). Cette s\u00e9paration stricte des r\u00e9gimes juridiques guide toute la solution et isole le d\u00e9biteur principal.<\/p>\n<p>La port\u00e9e de cette distinction est essentielle pour la s\u00e9curit\u00e9 juridique des transactions. Elle pr\u00e9serve l&#8217;autonomie des engagements et emp\u00eache un acheteur d&#8217;\u00e9largir ind\u00fbment le cercle des responsables. L&#8217;acheteur doit caract\u00e9riser une faute distincte du contr\u00f4leur pour obtenir r\u00e9paration \u00e0 son encontre, ind\u00e9pendamment des vices du bien vendu. Cette solution rappelle que la garantie de conformit\u00e9 constitue un r\u00e9gime sp\u00e9cial et exhaustif entre vendeur et acheteur consommateur.<\/p>\n<p>La preuve des d\u00e9fauts de conformit\u00e9 et la pr\u00e9somption l\u00e9gale. Pour caract\u00e9riser le d\u00e9faut de conformit\u00e9, le juge applique m\u00e9thodiquement les articles L. 217-4 et suivants du code de la consommation. Il retient les d\u00e9fauts confirm\u00e9s par l&#8217;expertise amiable, \u00e0 savoir un jeu important dans les bras de suspension et des fuites. Ces d\u00e9sordres \u00e9tant &#8220;apparus dans le d\u00e9lai de six mois ayant suivi la vente&#8221;, la pr\u00e9somption de l&#8217;article L. 217-7 joue pleinement (Motifs du jugement). Le vendeur, qui ne compara\u00eet pas, ne rapporte aucun \u00e9l\u00e9ment pour la renverser.<\/p>\n<p>La valeur de cette d\u00e9monstration r\u00e9side dans son alignement sur la jurisprudence protectrice des consommateurs. Comme l&#8217;a jug\u00e9 un tribunal, &#8220;la pr\u00e9somption de non conformit\u00e9 s&#8217;applique donc&#8221; lorsque des d\u00e9fauts apparaissent peu apr\u00e8s l&#8217;acquisition (Tribunal judiciaire de Meaux, le 8 janvier 2025, n\u00b024\/04635). La d\u00e9cision renforce ainsi l&#8217;effectivit\u00e9 de la garantie l\u00e9gale en facilitant la preuve pour l&#8217;acheteur, surtout face \u00e0 un d\u00e9fendeur d\u00e9faillant.<\/p>\n<p>L&#8217;exigence d&#8217;une faute caract\u00e9ris\u00e9e pour engager la responsabilit\u00e9 du contr\u00f4leur<\/p>\n<p>L&#8217;absence de preuve d&#8217;un manquement aux obligations l\u00e9gales. Concernant le contr\u00f4leur technique, le demandeur invoquait une responsabilit\u00e9 d\u00e9lictuelle pour faute. Le tribunal examine scrupuleusement les obligations de ce dernier. Il constate que les mesures report\u00e9es dans le proc\u00e8s-verbal, comme la dissym\u00e9trie des suspensions, \u00e9taient conformes aux limites r\u00e9glementaires. Surtout, il rel\u00e8ve que &#8220;s\u2019agissant du jeu constat\u00e9 dans les suspensions, il n\u2019est pas d\u00e9montr\u00e9 que la soci\u00e9t\u00e9 Auto Bilan France devait mentionner ce point de contr\u00f4le dans les d\u00e9faillances&#8221; (Motifs du jugement). L&#8217;absence de mention d&#8217;une fuite n&#8217;est pas non plus constitutive d&#8217;une faute.<\/p>\n<p>Le sens de cette analyse est de circonscrire strictement le devoir de diligence du contr\u00f4leur \u00e0 son cadre r\u00e9glementaire. Sa mission n&#8217;est pas une garantie de parfait \u00e9tat du v\u00e9hicule mais un contr\u00f4le norm\u00e9. Tant qu&#8217;il ex\u00e9cute les tests prescrits et rapporte fid\u00e8lement les r\u00e9sultats, sa responsabilit\u00e9 n&#8217;est pas engag\u00e9e. Cette interpr\u00e9tation prot\u00e8ge les professionnels du secteur contre des demandes fond\u00e9es sur une attente excessive de leur r\u00f4le.<\/p>\n<p>Le rejet des all\u00e9gations de collusion frauduleuse. L&#8217;acheteur soutenait l&#8217;existence d&#8217;une entente entre le vendeur et le contr\u00f4leur. Le tribunal \u00e9carte cette argumentation par un d\u00e9faut de preuve mat\u00e9rielle. Il note que l&#8217;acqu\u00e9reur &#8220;ne communique pas les autres contr\u00f4les techniques de complaisance dont il affirme que la soci\u00e9t\u00e9 Auto Bilan France aurait fait \u00e9tablir&#8221; (Motifs du jugement). D\u00e8s lors, l&#8217;existence d&#8217;une faute intentionnelle ou d&#8217;une <a href=\"https:\/\/kohenavocats.com\/avocats-en-droit-penal-a-paris-conseil-et-defense-strategique\/avocats-complicite-infraction-paris\/\" target=\"_blank\" title=\"complicit\u00e9\">complicit\u00e9<\/a> n&#8217;est pas \u00e9tablie, ce qui entra\u00eene le rejet des demandes indemnitaires.<\/p>\n<p>La port\u00e9e de ce rejet est significative pour la charge de la preuve en mati\u00e8re d\u00e9lictuelle. Il incombe au demandeur de rapporter des \u00e9l\u00e9ments pr\u00e9cis et concordants pour \u00e9tayer des all\u00e9gations aussi graves. La simple suspicion ou la co\u00efncidence temporelle entre un contr\u00f4le sans anomalie et la d\u00e9couverte ult\u00e9rieure de d\u00e9fauts est insuffisante. Cette rigueur proc\u00e9durale est n\u00e9cessaire pour pr\u00e9server la r\u00e9putation des professionnels et \u00e9viter les actions abusives.<\/p>\n<\/div>\n","protected":false},"excerpt":{"rendered":"<p>Le tribunal judiciaire, statuant le 24 octobre 2025, a \u00e9t\u00e9 saisi par un acqu\u00e9reur m\u00e9content d&#8217;un v\u00e9hicule d&#8217;occasion. L&#8217;acheteur assignait la venderesse prof&#8230;<\/p>\n","protected":false},"author":232070755,"featured_media":9624,"comment_status":"open","ping_status":"open","sticky":false,"template":"","format":"standard","meta":{"_crdt_document":"","_jetpack_newsletter_access":"","_jetpack_dont_email_post_to_subs":false,"_jetpack_newsletter_tier_id":0,"_jetpack_memberships_contains_paywalled_content":false,"_kj_source_type":"judilibre","_kj_official_id":"68cdb1cd54b52e4d6be10d3e","_kj_official_url":"https:\/\/www.courdecassation.fr\/decision\/68cdb1cd54b52e4d6be10d3e","_kj_judilibre_id":"68cdb1cd54b52e4d6be10d3e","_kj_jur":"Tribunal judiciaire","_kj_lieu":"Tribunal judiciaire de Nanterre","_kj_chambre":"2\u00e8me Chambre","_kj_rg":"22\/06860","_kj_date":"2025-09-18","_jetpack_memberships_contains_paid_content":false,"footnotes":"","jetpack_post_was_ever_published":false},"categories":[7597],"tags":[],"class_list":["post-670925","post","type-post","status-publish","format-standard","has-post-thumbnail","hentry","category-jurisprudence"],"yoast_head":"<!-- This site is optimized with the Yoast SEO Premium plugin v27.5 (Yoast SEO v27.5) - https:\/\/yoast.com\/product\/yoast-seo-premium-wordpress\/ -->\n<title>Tribunal judiciaire de Nanterre, le 24 octobre 2025, n\u00b022\/06860 - Ma\u00eetre Hassan Kohen, avocat en droit p\u00e9nal \u00e0 Paris<\/title>\n<meta name=\"description\" content=\"Le tribunal judiciaire, statuant le 24 octobre 2025, a \u00e9t\u00e9 saisi par un acqu\u00e9reur m\u00e9content d&#039;un v\u00e9hicule d&#039;occasion. L&#039;acheteur assignait la venderesse prof...\" \/>\n<meta name=\"robots\" content=\"index, follow, max-snippet:-1, max-image-preview:large, max-video-preview:-1\" \/>\n<link rel=\"canonical\" href=\"https:\/\/kohenavocats.com\/ar\/tribunal-judiciaire-de-nanterre-le-24-octobre-2025-n22-06860\/\" \/>\n<meta property=\"og:locale\" content=\"ar_AR\" \/>\n<meta property=\"og:type\" content=\"article\" \/>\n<meta property=\"og:title\" content=\"Tribunal judiciaire de Nanterre, le 24 octobre 2025, n\u00b022\/06860\" \/>\n<meta property=\"og:description\" content=\"Le tribunal judiciaire, statuant le 24 octobre 2025, a \u00e9t\u00e9 saisi par un acqu\u00e9reur m\u00e9content d&#039;un v\u00e9hicule d&#039;occasion. L&#039;acheteur assignait la venderesse prof...\" \/>\n<meta property=\"og:url\" content=\"https:\/\/kohenavocats.com\/ar\/tribunal-judiciaire-de-nanterre-le-24-octobre-2025-n22-06860\/\" \/>\n<meta property=\"og:site_name\" content=\"Ma\u00eetre Hassan Kohen, avocat en droit p\u00e9nal \u00e0 Paris\" \/>\n<meta property=\"article:published_time\" content=\"2026-04-24T06:30:27+00:00\" \/>\n<meta property=\"article:modified_time\" content=\"2026-04-26T14:39:45+00:00\" \/>\n<meta property=\"og:image\" content=\"https:\/\/kohenavocats.com\/wp-content\/uploads\/2024\/11\/kevin-delval-JCjXLkyk6Kw-unsplash.webp\" \/>\n\t<meta property=\"og:image:width\" content=\"6000\" \/>\n\t<meta property=\"og:image:height\" content=\"4000\" \/>\n\t<meta property=\"og:image:type\" content=\"image\/webp\" \/>\n<meta name=\"author\" content=\"Kohen\" \/>\n<meta name=\"twitter:card\" content=\"summary_large_image\" \/>\n<meta name=\"twitter:label1\" content=\"\u0643\u064f\u062a\u0628 \u0628\u0648\u0627\u0633\u0637\u0629\" \/>\n\t<meta name=\"twitter:data1\" content=\"Kohen\" \/>\n\t<meta name=\"twitter:label2\" content=\"\u0648\u0642\u062a \u0627\u0644\u0642\u0631\u0627\u0621\u0629 \u0627\u0644\u0645\u064f\u0642\u062f\u0651\u0631\" \/>\n\t<meta name=\"twitter:data2\" content=\"4 \u062f\u0642\u0627\u0626\u0642\" \/>\n<script type=\"application\/ld+json\" class=\"yoast-schema-graph\">{\"@context\":\"https:\\\/\\\/schema.org\",\"@graph\":[{\"@type\":\"Article\",\"@id\":\"https:\\\/\\\/kohenavocats.com\\\/ar\\\/tribunal-judiciaire-de-nanterre-le-24-octobre-2025-n22-06860\\\/#article\",\"isPartOf\":{\"@id\":\"https:\\\/\\\/kohenavocats.com\\\/ar\\\/tribunal-judiciaire-de-nanterre-le-24-octobre-2025-n22-06860\\\/\"},\"author\":{\"name\":\"Kohen\",\"@id\":\"https:\\\/\\\/kohenavocats.com\\\/ar\\\/#\\\/schema\\\/person\\\/761c9ba54fa1ca84d405cef0831ff751\"},\"headline\":\"Tribunal judiciaire de Nanterre, le 24 octobre 2025, n\u00b022\\\/06860\",\"datePublished\":\"2026-04-24T06:30:27+00:00\",\"dateModified\":\"2026-04-26T14:39:45+00:00\",\"mainEntityOfPage\":{\"@id\":\"https:\\\/\\\/kohenavocats.com\\\/ar\\\/tribunal-judiciaire-de-nanterre-le-24-octobre-2025-n22-06860\\\/\"},\"wordCount\":863,\"commentCount\":0,\"publisher\":{\"@id\":\"https:\\\/\\\/kohenavocats.com\\\/ar\\\/#organization\"},\"image\":{\"@id\":\"https:\\\/\\\/kohenavocats.com\\\/ar\\\/tribunal-judiciaire-de-nanterre-le-24-octobre-2025-n22-06860\\\/#primaryimage\"},\"thumbnailUrl\":\"https:\\\/\\\/kohenavocats.com\\\/wp-content\\\/uploads\\\/2024\\\/11\\\/kevin-delval-JCjXLkyk6Kw-unsplash.webp\",\"articleSection\":[\"Jurisprudence\"],\"inLanguage\":\"ar\",\"potentialAction\":[{\"@type\":\"CommentAction\",\"name\":\"Comment\",\"target\":[\"https:\\\/\\\/kohenavocats.com\\\/ar\\\/tribunal-judiciaire-de-nanterre-le-24-octobre-2025-n22-06860\\\/#respond\"]}],\"citation\":\"Tribunal judiciaire de Nanterre, le 24 octobre 2025, n\u00b022\\\/06860\",\"about\":[{\"@type\":\"Thing\",\"name\":\"Jurisprudence\"}],\"speakable\":{\"@type\":\"SpeakableSpecification\",\"cssSelector\":[\".article-content > p:first-of-type\"]}},{\"@type\":\"WebPage\",\"@id\":\"https:\\\/\\\/kohenavocats.com\\\/ar\\\/tribunal-judiciaire-de-nanterre-le-24-octobre-2025-n22-06860\\\/\",\"url\":\"https:\\\/\\\/kohenavocats.com\\\/ar\\\/tribunal-judiciaire-de-nanterre-le-24-octobre-2025-n22-06860\\\/\",\"name\":\"Tribunal judiciaire de Nanterre, le 24 octobre 2025, n\u00b022\\\/06860 - Ma\u00eetre Hassan Kohen, avocat en droit p\u00e9nal \u00e0 Paris\",\"isPartOf\":{\"@id\":\"https:\\\/\\\/kohenavocats.com\\\/ar\\\/#website\"},\"primaryImageOfPage\":{\"@id\":\"https:\\\/\\\/kohenavocats.com\\\/ar\\\/tribunal-judiciaire-de-nanterre-le-24-octobre-2025-n22-06860\\\/#primaryimage\"},\"image\":{\"@id\":\"https:\\\/\\\/kohenavocats.com\\\/ar\\\/tribunal-judiciaire-de-nanterre-le-24-octobre-2025-n22-06860\\\/#primaryimage\"},\"thumbnailUrl\":\"https:\\\/\\\/kohenavocats.com\\\/wp-content\\\/uploads\\\/2024\\\/11\\\/kevin-delval-JCjXLkyk6Kw-unsplash.webp\",\"datePublished\":\"2026-04-24T06:30:27+00:00\",\"dateModified\":\"2026-04-26T14:39:45+00:00\",\"description\":\"Le tribunal judiciaire, statuant le 24 octobre 2025, a \u00e9t\u00e9 saisi par un acqu\u00e9reur m\u00e9content d'un v\u00e9hicule d'occasion. L'acheteur assignait la venderesse prof...\",\"breadcrumb\":{\"@id\":\"https:\\\/\\\/kohenavocats.com\\\/ar\\\/tribunal-judiciaire-de-nanterre-le-24-octobre-2025-n22-06860\\\/#breadcrumb\"},\"inLanguage\":\"ar\",\"potentialAction\":[{\"@type\":\"ReadAction\",\"target\":[\"https:\\\/\\\/kohenavocats.com\\\/ar\\\/tribunal-judiciaire-de-nanterre-le-24-octobre-2025-n22-06860\\\/\"]}]},{\"@type\":\"ImageObject\",\"inLanguage\":\"ar\",\"@id\":\"https:\\\/\\\/kohenavocats.com\\\/ar\\\/tribunal-judiciaire-de-nanterre-le-24-octobre-2025-n22-06860\\\/#primaryimage\",\"url\":\"https:\\\/\\\/kohenavocats.com\\\/wp-content\\\/uploads\\\/2024\\\/11\\\/kevin-delval-JCjXLkyk6Kw-unsplash.webp\",\"contentUrl\":\"https:\\\/\\\/kohenavocats.com\\\/wp-content\\\/uploads\\\/2024\\\/11\\\/kevin-delval-JCjXLkyk6Kw-unsplash.webp\",\"width\":6000,\"height\":4000},{\"@type\":\"BreadcrumbList\",\"@id\":\"https:\\\/\\\/kohenavocats.com\\\/ar\\\/tribunal-judiciaire-de-nanterre-le-24-octobre-2025-n22-06860\\\/#breadcrumb\",\"itemListElement\":[{\"@type\":\"ListItem\",\"position\":1,\"name\":\"Home\",\"item\":\"https:\\\/\\\/kohenavocats.com\\\/ar\\\/%d9%85%d8%ad%d8%a7%d9%85%d9%88%d9%86-%d9%85%d8%aa%d8%ae%d8%b5%d8%b5%d9%88%d9%86-%d9%81%d9%8a-%d8%a7%d9%84%d9%82%d8%a7%d9%86%d9%88%d9%86-%d8%a7%d9%84%d8%ac%d9%86%d8%a7%d8%a6%d9%8a-%d8%a8%d8%a8%d8%a7\\\/\"},{\"@type\":\"ListItem\",\"position\":2,\"name\":\"Tribunal judiciaire de Nanterre, le 24 octobre 2025, n\u00b022\\\/06860\"}]},{\"@type\":\"WebSite\",\"@id\":\"https:\\\/\\\/kohenavocats.com\\\/ar\\\/#website\",\"url\":\"https:\\\/\\\/kohenavocats.com\\\/ar\\\/\",\"name\":\"Kohen Avocats\",\"description\":\"Ma\u00eetre Hassan Kohen, avocat p\u00e9naliste \u00e0 Paris, intervient exclusivement en droit p\u00e9nal pour la d\u00e9fense des particuliers, notamment en mati\u00e8re d\u2019accusations de viol. Il assure un accompagnement rigoureux d\u00e8s la garde \u00e0 vue jusqu\u2019\u00e0 la Cour d\u2019assises, veillant au strict respect des garanties proc\u00e9durales.\",\"publisher\":{\"@id\":\"https:\\\/\\\/kohenavocats.com\\\/ar\\\/#organization\"},\"potentialAction\":[{\"@type\":\"SearchAction\",\"target\":{\"@type\":\"EntryPoint\",\"urlTemplate\":\"https:\\\/\\\/kohenavocats.com\\\/ar\\\/?s={search_term_string}\"},\"query-input\":{\"@type\":\"PropertyValueSpecification\",\"valueRequired\":true,\"valueName\":\"search_term_string\"}}],\"inLanguage\":\"ar\"},{\"@type\":\"Organization\",\"@id\":\"https:\\\/\\\/kohenavocats.com\\\/ar\\\/#organization\",\"name\":\"Kohen Avocats\",\"url\":\"https:\\\/\\\/kohenavocats.com\\\/ar\\\/\",\"logo\":{\"@type\":\"ImageObject\",\"inLanguage\":\"ar\",\"@id\":\"https:\\\/\\\/kohenavocats.com\\\/ar\\\/#\\\/schema\\\/logo\\\/image\\\/\",\"url\":\"https:\\\/\\\/kohenavocats.com\\\/wp-content\\\/uploads\\\/2026\\\/01\\\/Logo-2-1.webp\",\"contentUrl\":\"https:\\\/\\\/kohenavocats.com\\\/wp-content\\\/uploads\\\/2026\\\/01\\\/Logo-2-1.webp\",\"width\":2114,\"height\":1253,\"caption\":\"Kohen Avocats\"},\"image\":{\"@id\":\"https:\\\/\\\/kohenavocats.com\\\/ar\\\/#\\\/schema\\\/logo\\\/image\\\/\"}},{\"@type\":\"Person\",\"@id\":\"https:\\\/\\\/kohenavocats.com\\\/ar\\\/#\\\/schema\\\/person\\\/761c9ba54fa1ca84d405cef0831ff751\",\"name\":\"Kohen\",\"image\":{\"@type\":\"ImageObject\",\"inLanguage\":\"ar\",\"@id\":\"https:\\\/\\\/secure.gravatar.com\\\/avatar\\\/1c5e76ef76bbbfdd2b4da984e2bf2fa4056fd51a27d25ce2c332047f1dfd6e00?s=96&d=identicon&r=g\",\"url\":\"https:\\\/\\\/secure.gravatar.com\\\/avatar\\\/1c5e76ef76bbbfdd2b4da984e2bf2fa4056fd51a27d25ce2c332047f1dfd6e00?s=96&d=identicon&r=g\",\"contentUrl\":\"https:\\\/\\\/secure.gravatar.com\\\/avatar\\\/1c5e76ef76bbbfdd2b4da984e2bf2fa4056fd51a27d25ce2c332047f1dfd6e00?s=96&d=identicon&r=g\",\"caption\":\"Kohen\"},\"sameAs\":[\"https:\\\/\\\/www.linkedin.com\\\/in\\\/hassan-kohen-448548192\\\/\",\"https:\\\/\\\/www.youtube.com\\\/@Kohen-Avocats\"],\"url\":\"https:\\\/\\\/kohenavocats.com\\\/ar\\\/author\\\/kohenmlk\\\/\"}]}<\/script>\n<!-- \/ Yoast SEO Premium plugin. -->","yoast_head_json":{"title":"Tribunal judiciaire de Nanterre, le 24 octobre 2025, n\u00b022\/06860 - Ma\u00eetre Hassan Kohen, avocat en droit p\u00e9nal \u00e0 Paris","description":"Le tribunal judiciaire, statuant le 24 octobre 2025, a \u00e9t\u00e9 saisi par un acqu\u00e9reur m\u00e9content d'un v\u00e9hicule d'occasion. L'acheteur assignait la venderesse prof...","robots":{"index":"index","follow":"follow","max-snippet":"max-snippet:-1","max-image-preview":"max-image-preview:large","max-video-preview":"max-video-preview:-1"},"canonical":"https:\/\/kohenavocats.com\/ar\/tribunal-judiciaire-de-nanterre-le-24-octobre-2025-n22-06860\/","og_locale":"ar_AR","og_type":"article","og_title":"Tribunal judiciaire de Nanterre, le 24 octobre 2025, n\u00b022\/06860","og_description":"Le tribunal judiciaire, statuant le 24 octobre 2025, a \u00e9t\u00e9 saisi par un acqu\u00e9reur m\u00e9content d'un v\u00e9hicule d'occasion. L'acheteur assignait la venderesse prof...","og_url":"https:\/\/kohenavocats.com\/ar\/tribunal-judiciaire-de-nanterre-le-24-octobre-2025-n22-06860\/","og_site_name":"Ma\u00eetre Hassan Kohen, avocat en droit p\u00e9nal \u00e0 Paris","article_published_time":"2026-04-24T06:30:27+00:00","article_modified_time":"2026-04-26T14:39:45+00:00","og_image":[{"width":6000,"height":4000,"url":"https:\/\/kohenavocats.com\/wp-content\/uploads\/2024\/11\/kevin-delval-JCjXLkyk6Kw-unsplash.webp","type":"image\/webp"}],"author":"Kohen","twitter_card":"summary_large_image","twitter_misc":{"\u0643\u064f\u062a\u0628 \u0628\u0648\u0627\u0633\u0637\u0629":"Kohen","\u0648\u0642\u062a \u0627\u0644\u0642\u0631\u0627\u0621\u0629 \u0627\u0644\u0645\u064f\u0642\u062f\u0651\u0631":"4 \u062f\u0642\u0627\u0626\u0642"},"schema":{"@context":"https:\/\/schema.org","@graph":[{"@type":"Article","@id":"https:\/\/kohenavocats.com\/ar\/tribunal-judiciaire-de-nanterre-le-24-octobre-2025-n22-06860\/#article","isPartOf":{"@id":"https:\/\/kohenavocats.com\/ar\/tribunal-judiciaire-de-nanterre-le-24-octobre-2025-n22-06860\/"},"author":{"name":"Kohen","@id":"https:\/\/kohenavocats.com\/ar\/#\/schema\/person\/761c9ba54fa1ca84d405cef0831ff751"},"headline":"Tribunal judiciaire de Nanterre, le 24 octobre 2025, n\u00b022\/06860","datePublished":"2026-04-24T06:30:27+00:00","dateModified":"2026-04-26T14:39:45+00:00","mainEntityOfPage":{"@id":"https:\/\/kohenavocats.com\/ar\/tribunal-judiciaire-de-nanterre-le-24-octobre-2025-n22-06860\/"},"wordCount":863,"commentCount":0,"publisher":{"@id":"https:\/\/kohenavocats.com\/ar\/#organization"},"image":{"@id":"https:\/\/kohenavocats.com\/ar\/tribunal-judiciaire-de-nanterre-le-24-octobre-2025-n22-06860\/#primaryimage"},"thumbnailUrl":"https:\/\/kohenavocats.com\/wp-content\/uploads\/2024\/11\/kevin-delval-JCjXLkyk6Kw-unsplash.webp","articleSection":["Jurisprudence"],"inLanguage":"ar","potentialAction":[{"@type":"CommentAction","name":"Comment","target":["https:\/\/kohenavocats.com\/ar\/tribunal-judiciaire-de-nanterre-le-24-octobre-2025-n22-06860\/#respond"]}],"citation":"Tribunal judiciaire de Nanterre, le 24 octobre 2025, n\u00b022\/06860","about":[{"@type":"Thing","name":"Jurisprudence"}],"speakable":{"@type":"SpeakableSpecification","cssSelector":[".article-content > p:first-of-type"]}},{"@type":"WebPage","@id":"https:\/\/kohenavocats.com\/ar\/tribunal-judiciaire-de-nanterre-le-24-octobre-2025-n22-06860\/","url":"https:\/\/kohenavocats.com\/ar\/tribunal-judiciaire-de-nanterre-le-24-octobre-2025-n22-06860\/","name":"Tribunal judiciaire de Nanterre, le 24 octobre 2025, n\u00b022\/06860 - Ma\u00eetre Hassan Kohen, avocat en droit p\u00e9nal \u00e0 Paris","isPartOf":{"@id":"https:\/\/kohenavocats.com\/ar\/#website"},"primaryImageOfPage":{"@id":"https:\/\/kohenavocats.com\/ar\/tribunal-judiciaire-de-nanterre-le-24-octobre-2025-n22-06860\/#primaryimage"},"image":{"@id":"https:\/\/kohenavocats.com\/ar\/tribunal-judiciaire-de-nanterre-le-24-octobre-2025-n22-06860\/#primaryimage"},"thumbnailUrl":"https:\/\/kohenavocats.com\/wp-content\/uploads\/2024\/11\/kevin-delval-JCjXLkyk6Kw-unsplash.webp","datePublished":"2026-04-24T06:30:27+00:00","dateModified":"2026-04-26T14:39:45+00:00","description":"Le tribunal judiciaire, statuant le 24 octobre 2025, a \u00e9t\u00e9 saisi par un acqu\u00e9reur m\u00e9content d'un v\u00e9hicule d'occasion. L'acheteur assignait la venderesse prof...","breadcrumb":{"@id":"https:\/\/kohenavocats.com\/ar\/tribunal-judiciaire-de-nanterre-le-24-octobre-2025-n22-06860\/#breadcrumb"},"inLanguage":"ar","potentialAction":[{"@type":"ReadAction","target":["https:\/\/kohenavocats.com\/ar\/tribunal-judiciaire-de-nanterre-le-24-octobre-2025-n22-06860\/"]}]},{"@type":"ImageObject","inLanguage":"ar","@id":"https:\/\/kohenavocats.com\/ar\/tribunal-judiciaire-de-nanterre-le-24-octobre-2025-n22-06860\/#primaryimage","url":"https:\/\/kohenavocats.com\/wp-content\/uploads\/2024\/11\/kevin-delval-JCjXLkyk6Kw-unsplash.webp","contentUrl":"https:\/\/kohenavocats.com\/wp-content\/uploads\/2024\/11\/kevin-delval-JCjXLkyk6Kw-unsplash.webp","width":6000,"height":4000},{"@type":"BreadcrumbList","@id":"https:\/\/kohenavocats.com\/ar\/tribunal-judiciaire-de-nanterre-le-24-octobre-2025-n22-06860\/#breadcrumb","itemListElement":[{"@type":"ListItem","position":1,"name":"Home","item":"https:\/\/kohenavocats.com\/ar\/%d9%85%d8%ad%d8%a7%d9%85%d9%88%d9%86-%d9%85%d8%aa%d8%ae%d8%b5%d8%b5%d9%88%d9%86-%d9%81%d9%8a-%d8%a7%d9%84%d9%82%d8%a7%d9%86%d9%88%d9%86-%d8%a7%d9%84%d8%ac%d9%86%d8%a7%d8%a6%d9%8a-%d8%a8%d8%a8%d8%a7\/"},{"@type":"ListItem","position":2,"name":"Tribunal judiciaire de Nanterre, le 24 octobre 2025, n\u00b022\/06860"}]},{"@type":"WebSite","@id":"https:\/\/kohenavocats.com\/ar\/#website","url":"https:\/\/kohenavocats.com\/ar\/","name":"Kohen Avocats","description":"Ma\u00eetre Hassan Kohen, avocat p\u00e9naliste \u00e0 Paris, intervient exclusivement en droit p\u00e9nal pour la d\u00e9fense des particuliers, notamment en mati\u00e8re d\u2019accusations de viol. Il assure un accompagnement rigoureux d\u00e8s la garde \u00e0 vue jusqu\u2019\u00e0 la Cour d\u2019assises, veillant au strict respect des garanties proc\u00e9durales.","publisher":{"@id":"https:\/\/kohenavocats.com\/ar\/#organization"},"potentialAction":[{"@type":"SearchAction","target":{"@type":"EntryPoint","urlTemplate":"https:\/\/kohenavocats.com\/ar\/?s={search_term_string}"},"query-input":{"@type":"PropertyValueSpecification","valueRequired":true,"valueName":"search_term_string"}}],"inLanguage":"ar"},{"@type":"Organization","@id":"https:\/\/kohenavocats.com\/ar\/#organization","name":"Kohen Avocats","url":"https:\/\/kohenavocats.com\/ar\/","logo":{"@type":"ImageObject","inLanguage":"ar","@id":"https:\/\/kohenavocats.com\/ar\/#\/schema\/logo\/image\/","url":"https:\/\/kohenavocats.com\/wp-content\/uploads\/2026\/01\/Logo-2-1.webp","contentUrl":"https:\/\/kohenavocats.com\/wp-content\/uploads\/2026\/01\/Logo-2-1.webp","width":2114,"height":1253,"caption":"Kohen Avocats"},"image":{"@id":"https:\/\/kohenavocats.com\/ar\/#\/schema\/logo\/image\/"}},{"@type":"Person","@id":"https:\/\/kohenavocats.com\/ar\/#\/schema\/person\/761c9ba54fa1ca84d405cef0831ff751","name":"Kohen","image":{"@type":"ImageObject","inLanguage":"ar","@id":"https:\/\/secure.gravatar.com\/avatar\/1c5e76ef76bbbfdd2b4da984e2bf2fa4056fd51a27d25ce2c332047f1dfd6e00?s=96&d=identicon&r=g","url":"https:\/\/secure.gravatar.com\/avatar\/1c5e76ef76bbbfdd2b4da984e2bf2fa4056fd51a27d25ce2c332047f1dfd6e00?s=96&d=identicon&r=g","contentUrl":"https:\/\/secure.gravatar.com\/avatar\/1c5e76ef76bbbfdd2b4da984e2bf2fa4056fd51a27d25ce2c332047f1dfd6e00?s=96&d=identicon&r=g","caption":"Kohen"},"sameAs":["https:\/\/www.linkedin.com\/in\/hassan-kohen-448548192\/","https:\/\/www.youtube.com\/@Kohen-Avocats"],"url":"https:\/\/kohenavocats.com\/ar\/author\/kohenmlk\/"}]}},"jetpack_featured_media_url":"https:\/\/kohenavocats.com\/wp-content\/uploads\/2024\/11\/kevin-delval-JCjXLkyk6Kw-unsplash.webp","jetpack_likes_enabled":false,"jetpack_shortlink":"https:\/\/wp.me\/peCrII-2Oxn","jetpack-related-posts":[{"id":646981,"url":"https:\/\/kohenavocats.com\/ar\/tribunal-judiciaire-de-lille-le-6-octobre-2025-n25-00520\/","url_meta":{"origin":670925,"position":0},"title":"Tribunal judiciaire de Lille, le 6 octobre 2025, n\u00b025\/00520","author":"Kohen","date":"22 \u0623\u0628\u0631\u064a\u0644\u060c 2026","format":false,"excerpt":"Le tribunal judiciaire, par une d\u00e9cision r\u00e9put\u00e9e contradictoire, a statu\u00e9 sur le fond en l'absence du d\u00e9fendeur vendeur. L'acqu\u00e9reur d'un v\u00e9hicule d'occasion...","rel":"","context":"\u0641\u064a &quot;Jurisprudence&quot;","block_context":{"text":"Jurisprudence","link":"https:\/\/kohenavocats.com\/category\/jurisprudence\/"},"img":{"alt_text":"","src":"https:\/\/i0.wp.com\/kohenavocats.com\/wp-content\/uploads\/2024\/08\/denise-schuld-zasdQFfh4oA-unsplash.webp?resize=350%2C200&ssl=1","width":350,"height":200,"srcset":"https:\/\/i0.wp.com\/kohenavocats.com\/wp-content\/uploads\/2024\/08\/denise-schuld-zasdQFfh4oA-unsplash.webp?resize=350%2C200&ssl=1 1x, https:\/\/i0.wp.com\/kohenavocats.com\/wp-content\/uploads\/2024\/08\/denise-schuld-zasdQFfh4oA-unsplash.webp?resize=525%2C300&ssl=1 1.5x, https:\/\/i0.wp.com\/kohenavocats.com\/wp-content\/uploads\/2024\/08\/denise-schuld-zasdQFfh4oA-unsplash.webp?resize=700%2C400&ssl=1 2x, https:\/\/i0.wp.com\/kohenavocats.com\/wp-content\/uploads\/2024\/08\/denise-schuld-zasdQFfh4oA-unsplash.webp?resize=1050%2C600&ssl=1 3x, https:\/\/i0.wp.com\/kohenavocats.com\/wp-content\/uploads\/2024\/08\/denise-schuld-zasdQFfh4oA-unsplash.webp?resize=1400%2C800&ssl=1 4x"},"classes":[]},{"id":632892,"url":"https:\/\/kohenavocats.com\/ar\/tribunal-judiciaire-de-melun-le-14-octobre-2025-n23-04443\/","url_meta":{"origin":670925,"position":1},"title":"Tribunal judiciaire de Melun, le 14 octobre 2025, n\u00b023\/04443","author":"Kohen","date":"21 \u0623\u0628\u0631\u064a\u0644\u060c 2026","format":false,"excerpt":"Le Tribunal judiciaire de Melun, le 14 octobre 2025, statue sur un litige cons\u00e9cutif \u00e0 la vente d'un v\u00e9hicule d'occasion. L'acqu\u00e9reur agit en garantie des vi...","rel":"","context":"\u0641\u064a &quot;Jurisprudence&quot;","block_context":{"text":"Jurisprudence","link":"https:\/\/kohenavocats.com\/category\/jurisprudence\/"},"img":{"alt_text":"","src":"https:\/\/i0.wp.com\/kohenavocats.com\/wp-content\/uploads\/2024\/11\/viktor-forgacs-uWfXBePbvnw-unsplash.webp?resize=350%2C200&ssl=1","width":350,"height":200,"srcset":"https:\/\/i0.wp.com\/kohenavocats.com\/wp-content\/uploads\/2024\/11\/viktor-forgacs-uWfXBePbvnw-unsplash.webp?resize=350%2C200&ssl=1 1x, https:\/\/i0.wp.com\/kohenavocats.com\/wp-content\/uploads\/2024\/11\/viktor-forgacs-uWfXBePbvnw-unsplash.webp?resize=525%2C300&ssl=1 1.5x, https:\/\/i0.wp.com\/kohenavocats.com\/wp-content\/uploads\/2024\/11\/viktor-forgacs-uWfXBePbvnw-unsplash.webp?resize=700%2C400&ssl=1 2x, https:\/\/i0.wp.com\/kohenavocats.com\/wp-content\/uploads\/2024\/11\/viktor-forgacs-uWfXBePbvnw-unsplash.webp?resize=1050%2C600&ssl=1 3x, https:\/\/i0.wp.com\/kohenavocats.com\/wp-content\/uploads\/2024\/11\/viktor-forgacs-uWfXBePbvnw-unsplash.webp?resize=1400%2C800&ssl=1 4x"},"classes":[]},{"id":645237,"url":"https:\/\/kohenavocats.com\/ar\/tribunal-judiciaire-de-limoges-le-27-octobre-2025-n24-02399\/","url_meta":{"origin":670925,"position":2},"title":"Tribunal judiciaire de Limoges, le 27 octobre 2025, n\u00b024\/02399","author":"Kohen","date":"22 \u0623\u0628\u0631\u064a\u0644\u060c 2026","format":false,"excerpt":"Le tribunal judiciaire de Limoges, par jugement du 27 octobre 2025, statue sur un litige relatif \u00e0 la vente et \u00e0 l\u2019installation d\u2019un monte-escalier. L\u2019acqu\u00e9r...","rel":"","context":"\u0641\u064a &quot;Jurisprudence&quot;","block_context":{"text":"Jurisprudence","link":"https:\/\/kohenavocats.com\/category\/jurisprudence\/"},"img":{"alt_text":"","src":"https:\/\/i0.wp.com\/kohenavocats.com\/wp-content\/uploads\/2024\/11\/ave-calvar-JCzi4IDosxM-unsplash.webp?resize=350%2C200&ssl=1","width":350,"height":200,"srcset":"https:\/\/i0.wp.com\/kohenavocats.com\/wp-content\/uploads\/2024\/11\/ave-calvar-JCzi4IDosxM-unsplash.webp?resize=350%2C200&ssl=1 1x, https:\/\/i0.wp.com\/kohenavocats.com\/wp-content\/uploads\/2024\/11\/ave-calvar-JCzi4IDosxM-unsplash.webp?resize=525%2C300&ssl=1 1.5x, https:\/\/i0.wp.com\/kohenavocats.com\/wp-content\/uploads\/2024\/11\/ave-calvar-JCzi4IDosxM-unsplash.webp?resize=700%2C400&ssl=1 2x, https:\/\/i0.wp.com\/kohenavocats.com\/wp-content\/uploads\/2024\/11\/ave-calvar-JCzi4IDosxM-unsplash.webp?resize=1050%2C600&ssl=1 3x, https:\/\/i0.wp.com\/kohenavocats.com\/wp-content\/uploads\/2024\/11\/ave-calvar-JCzi4IDosxM-unsplash.webp?resize=1400%2C800&ssl=1 4x"},"classes":[]},{"id":242671,"url":"https:\/\/kohenavocats.com\/ar\/tribunal-judiciaire-de-marseille-le-23-juin-2025-n23-02987\/","url_meta":{"origin":670925,"position":3},"title":"Tribunal judiciaire de Marseille, le 23 juin 2025, n\u00b023\/02987","author":"Kohen","date":"3 \u064a\u0646\u0627\u064a\u0631\u060c 2026","format":false,"excerpt":"Tribunal judiciaire de Marseille, 28 avril 2025 (prorog\u00e9 23 juin 2025). \u00c0 la suite d\u2019un d\u00e9marchage \u00e0 domicile, une acqu\u00e9reuse a command\u00e9 en ao\u00fbt 2016 une installation photovolta\u00efque et un ballon thermodynamique, enti\u00e8rement financ\u00e9s par cr\u00e9dit affect\u00e9, avec attestation de livraison fin septembre et d\u00e9blocage des fonds d\u00e9but octobre. Plusieurs\u2026","rel":"","context":"\u0641\u064a &quot;D\u00e9cisions juridiques&quot;","block_context":{"text":"D\u00e9cisions juridiques","link":"https:\/\/kohenavocats.com\/category\/decisions-juridiques\/"},"img":{"alt_text":"","src":"https:\/\/i0.wp.com\/kohenavocats.com\/wp-content\/uploads\/2024\/08\/mathias-reding-AUDG_Ja0MOU-unsplash.webp?resize=350%2C200&ssl=1","width":350,"height":200,"srcset":"https:\/\/i0.wp.com\/kohenavocats.com\/wp-content\/uploads\/2024\/08\/mathias-reding-AUDG_Ja0MOU-unsplash.webp?resize=350%2C200&ssl=1 1x, https:\/\/i0.wp.com\/kohenavocats.com\/wp-content\/uploads\/2024\/08\/mathias-reding-AUDG_Ja0MOU-unsplash.webp?resize=525%2C300&ssl=1 1.5x, https:\/\/i0.wp.com\/kohenavocats.com\/wp-content\/uploads\/2024\/08\/mathias-reding-AUDG_Ja0MOU-unsplash.webp?resize=700%2C400&ssl=1 2x, https:\/\/i0.wp.com\/kohenavocats.com\/wp-content\/uploads\/2024\/08\/mathias-reding-AUDG_Ja0MOU-unsplash.webp?resize=1050%2C600&ssl=1 3x, https:\/\/i0.wp.com\/kohenavocats.com\/wp-content\/uploads\/2024\/08\/mathias-reding-AUDG_Ja0MOU-unsplash.webp?resize=1400%2C800&ssl=1 4x"},"classes":[]},{"id":622537,"url":"https:\/\/kohenavocats.com\/ar\/tribunal-judiciaire-de-amiens-le-17-octobre-2025-n25-00748\/","url_meta":{"origin":670925,"position":4},"title":"Tribunal judiciaire de Amiens, le 17 octobre 2025, n\u00b025\/00748","author":"Kohen","date":"20 \u0623\u0628\u0631\u064a\u0644\u060c 2026","format":false,"excerpt":"Le Tribunal judiciaire d\u2019Amiens, chambre de proximit\u00e9, statuant le 17 octobre 2025, a examin\u00e9 une demande en r\u00e9solution d\u2019une vente de v\u00e9hicule d\u2019occasion. L...","rel":"","context":"\u0641\u064a &quot;Jurisprudence&quot;","block_context":{"text":"Jurisprudence","link":"https:\/\/kohenavocats.com\/category\/jurisprudence\/"},"img":{"alt_text":"","src":"https:\/\/i0.wp.com\/kohenavocats.com\/wp-content\/uploads\/2024\/08\/karla-caloca-2uGxst615P4-unsplash.webp?resize=350%2C200&ssl=1","width":350,"height":200,"srcset":"https:\/\/i0.wp.com\/kohenavocats.com\/wp-content\/uploads\/2024\/08\/karla-caloca-2uGxst615P4-unsplash.webp?resize=350%2C200&ssl=1 1x, https:\/\/i0.wp.com\/kohenavocats.com\/wp-content\/uploads\/2024\/08\/karla-caloca-2uGxst615P4-unsplash.webp?resize=525%2C300&ssl=1 1.5x, https:\/\/i0.wp.com\/kohenavocats.com\/wp-content\/uploads\/2024\/08\/karla-caloca-2uGxst615P4-unsplash.webp?resize=700%2C400&ssl=1 2x, https:\/\/i0.wp.com\/kohenavocats.com\/wp-content\/uploads\/2024\/08\/karla-caloca-2uGxst615P4-unsplash.webp?resize=1050%2C600&ssl=1 3x, https:\/\/i0.wp.com\/kohenavocats.com\/wp-content\/uploads\/2024\/08\/karla-caloca-2uGxst615P4-unsplash.webp?resize=1400%2C800&ssl=1 4x"},"classes":[]},{"id":611182,"url":"https:\/\/kohenavocats.com\/ar\/tribunal-judiciaire-de-angers-le-31-octobre-2025-n25-00574\/","url_meta":{"origin":670925,"position":5},"title":"Tribunal judiciaire de Angers, le 31 octobre 2025, n\u00b025\/00574","author":"Kohen","date":"19 \u0623\u0628\u0631\u064a\u0644\u060c 2026","format":false,"excerpt":"Le tribunal judiciaire, statuant le trente et un octobre deux mille vingt-cinq, examine une demande en r\u00e9solution de vente pour d\u00e9faut de conformit\u00e9. Un v\u00e9hi...","rel":"","context":"\u0641\u064a &quot;Jurisprudence&quot;","block_context":{"text":"Jurisprudence","link":"https:\/\/kohenavocats.com\/category\/jurisprudence\/"},"img":{"alt_text":"","src":"https:\/\/i0.wp.com\/kohenavocats.com\/wp-content\/uploads\/2024\/11\/pawel-czerwinski-WVPJ3ISFRZs-unsplash.webp?resize=350%2C200&ssl=1","width":350,"height":200,"srcset":"https:\/\/i0.wp.com\/kohenavocats.com\/wp-content\/uploads\/2024\/11\/pawel-czerwinski-WVPJ3ISFRZs-unsplash.webp?resize=350%2C200&ssl=1 1x, https:\/\/i0.wp.com\/kohenavocats.com\/wp-content\/uploads\/2024\/11\/pawel-czerwinski-WVPJ3ISFRZs-unsplash.webp?resize=525%2C300&ssl=1 1.5x, https:\/\/i0.wp.com\/kohenavocats.com\/wp-content\/uploads\/2024\/11\/pawel-czerwinski-WVPJ3ISFRZs-unsplash.webp?resize=700%2C400&ssl=1 2x, https:\/\/i0.wp.com\/kohenavocats.com\/wp-content\/uploads\/2024\/11\/pawel-czerwinski-WVPJ3ISFRZs-unsplash.webp?resize=1050%2C600&ssl=1 3x, https:\/\/i0.wp.com\/kohenavocats.com\/wp-content\/uploads\/2024\/11\/pawel-czerwinski-WVPJ3ISFRZs-unsplash.webp?resize=1400%2C800&ssl=1 4x"},"classes":[]}],"jetpack_sharing_enabled":true,"_links":{"self":[{"href":"https:\/\/kohenavocats.com\/ar\/wp-json\/wp\/v2\/posts\/670925","targetHints":{"allow":["GET"]}}],"collection":[{"href":"https:\/\/kohenavocats.com\/ar\/wp-json\/wp\/v2\/posts"}],"about":[{"href":"https:\/\/kohenavocats.com\/ar\/wp-json\/wp\/v2\/types\/post"}],"author":[{"embeddable":true,"href":"https:\/\/kohenavocats.com\/ar\/wp-json\/wp\/v2\/users\/232070755"}],"replies":[{"embeddable":true,"href":"https:\/\/kohenavocats.com\/ar\/wp-json\/wp\/v2\/comments?post=670925"}],"version-history":[{"count":1,"href":"https:\/\/kohenavocats.com\/ar\/wp-json\/wp\/v2\/posts\/670925\/revisions"}],"predecessor-version":[{"id":694697,"href":"https:\/\/kohenavocats.com\/ar\/wp-json\/wp\/v2\/posts\/670925\/revisions\/694697"}],"wp:featuredmedia":[{"embeddable":true,"href":"https:\/\/kohenavocats.com\/ar\/wp-json\/wp\/v2\/media\/9624"}],"wp:attachment":[{"href":"https:\/\/kohenavocats.com\/ar\/wp-json\/wp\/v2\/media?parent=670925"}],"wp:term":[{"taxonomy":"category","embeddable":true,"href":"https:\/\/kohenavocats.com\/ar\/wp-json\/wp\/v2\/categories?post=670925"},{"taxonomy":"post_tag","embeddable":true,"href":"https:\/\/kohenavocats.com\/ar\/wp-json\/wp\/v2\/tags?post=670925"}],"curies":[{"name":"wp","href":"https:\/\/api.w.org\/{rel}","templated":true}]}}