{"id":670948,"date":"2026-04-24T08:34:17","date_gmt":"2026-04-24T06:34:17","guid":{"rendered":"https:\/\/kohenavocats.com\/tribunal-judiciaire-de-lille-le-12-mars-2021-n19-00920\/"},"modified":"2026-04-26T17:25:32","modified_gmt":"2026-04-26T15:25:32","slug":"tribunal-judiciaire-de-lille-le-12-mars-2021-n19-00920","status":"publish","type":"post","link":"https:\/\/kohenavocats.com\/ar\/tribunal-judiciaire-de-lille-le-12-mars-2021-n19-00920\/","title":{"rendered":"Tribunal judiciaire de Lille, le 12 mars 2021, n\u00b019\/00920"},"content":{"rendered":"<div class=\"article-content\">\n<p>Le tribunal judiciaire de Lille, statuant en mati\u00e8re sociale, a rendu un jugement le 12 mars 2021. Un salari\u00e9 demandait la reconnaissance de la faute inexcusable de son employeur pour une d\u00e9pression. La juridiction a d&#8217;abord rappel\u00e9 les conditions de cette reconnaissance. Elle a ensuite examin\u00e9 la preuve du caract\u00e8re professionnel de la maladie. Le tribunal a finalement d\u00e9bout\u00e9 le salari\u00e9 de toutes ses demandes.<\/p>\n<p>La d\u00e9limitation des conditions de la faute inexcusable<\/p>\n<p>Le tribunal commence par distinguer les comp\u00e9tences des juridictions. La juridiction prud&#8217;homale est la juridiction naturelle pour sanctionner les manquements d&#8217;un employeur. Le p\u00f4le social n&#8217;intervient que pour indemniser une pathologie psychique reconnue. Cette pr\u00e9cision rappelle le partage des r\u00f4les entre le contentieux du contrat et celui de la s\u00e9curit\u00e9 sociale. Elle \u00e9vite ainsi les recours parall\u00e8les pour des faits identiques devant deux juges diff\u00e9rents.<\/p>\n<p>La d\u00e9cision pr\u00e9cise ensuite la charge de la preuve pesant sur le salari\u00e9. L&#8217;existence d&#8217;une d\u00e9cision de prise en charge de la maladie au titre de la l\u00e9gislation professionnelle n&#8217;exclut pas le droit pour l&#8217;employeur pour d\u00e9fendre \u00e0 l&#8217;action en reconnaissance de la faute inexcusable, de contester le caract\u00e8re professionnel de la maladie. Cette r\u00e8gle affirme l&#8217;ind\u00e9pendance de l&#8217;action en faute inexcusable. Elle place sur le demandeur la charge de prouver \u00e0 nouveau le lien avec le travail, m\u00eame apr\u00e8s une d\u00e9cision administrative favorable.<\/p>\n<p>L&#8217;exigence d&#8217;une preuve certaine du caract\u00e8re professionnel<\/p>\n<p>Le tribunal analyse minutieusement les \u00e9l\u00e9ments produits par le salari\u00e9. Il rel\u00e8ve que les faits d\u00e9crits ne sont corrobor\u00e9s par aucun \u00e9l\u00e9ment objectif ou t\u00e9moignage qui n&#8217;aurait pas \u00e9t\u00e9 remis en cause. Le juge s&#8217;appuie sur le rapport d&#8217;enqu\u00eate dont les constats font foi jusqu&#8217;\u00e0 preuve du contraire. Cette analyse d\u00e9montre l&#8217;exigence d&#8217;une preuve solide et objective. Elle \u00e9carte les simples all\u00e9gations ou t\u00e9moignages non \u00e9tay\u00e9s par des faits concrets.<\/p>\n<p>La d\u00e9cision \u00e9carte \u00e9galement les t\u00e9moignages produits, jug\u00e9s non probants. Les faits \u00e9nonc\u00e9s par le t\u00e9moin ne peuvent recevoir la qualification d&#8217;<a href=\"https:\/\/kohenavocats.com\/avocats-en-droit-penal-a-paris-conseil-et-defense-strategique\/avocat-harcelement-moral-paris\/\" target=\"_blank\" title=\"harc\u00e8lement moral\">harc\u00e8lement moral<\/a>. Un autre t\u00e9moignage n&#8217;est nullement circonstanci\u00e9 et son auteur s&#8217;est partiellement r\u00e9tract\u00e9. Le tribunal applique ici une appr\u00e9ciation stricte des moyens de preuve. Il refuse de fonder sa d\u00e9cision sur des d\u00e9clarations impr\u00e9cises ou r\u00e9tract\u00e9es, pr\u00e9servant ainsi la s\u00e9curit\u00e9 juridique.<\/p>\n<p>Ce jugement illustre la rigueur probatoire requise en mati\u00e8re de faute inexcusable. Il rappelle que l&#8217;insatisfaction ou les difficult\u00e9s relationnelles ne suffisent pas. La pathologie doit \u00eatre \u00e9tablie et son lien direct avec le travail doit \u00eatre prouv\u00e9 de mani\u00e8re certaine. Cette solution prot\u00e8ge les employeurs contre des demandes infond\u00e9es tout en respectant le principe du contradictoire. Elle aligne le raisonnement du tribunal sur la jurisprudence existante en mati\u00e8re de maladies professionnelles.<\/p>\n<\/div>\n","protected":false},"excerpt":{"rendered":"<p>Le tribunal judiciaire de Lille, statuant en mati\u00e8re sociale, a rendu un jugement le 12 mars 2021. Un salari\u00e9 demandait la reconnaissance de la faute inexcus&#8230;<\/p>\n","protected":false},"author":232070755,"featured_media":4879,"comment_status":"open","ping_status":"open","sticky":false,"template":"","format":"standard","meta":{"_crdt_document":"","_jetpack_newsletter_access":"","_jetpack_dont_email_post_to_subs":false,"_jetpack_newsletter_tier_id":0,"_jetpack_memberships_contains_paywalled_content":false,"_kj_source_type":"","_kj_official_id":"","_kj_official_url":"","_kj_judilibre_id":"","_kj_jur":"","_kj_lieu":"","_kj_chambre":"","_kj_rg":"","_kj_date":"","_jetpack_memberships_contains_paid_content":false,"footnotes":"","jetpack_post_was_ever_published":false},"categories":[7123,6580,7597,6718,6992],"tags":[],"class_list":["post-670948","post","type-post","status-publish","format-standard","has-post-thumbnail","hentry","category-droit-du-travail","category-droit-social","category-jurisprudence","category-social","category-travail"],"yoast_head":"<!-- This site is optimized with the Yoast SEO Premium plugin v27.5 (Yoast SEO v27.5) - https:\/\/yoast.com\/product\/yoast-seo-premium-wordpress\/ -->\n<title>Tribunal judiciaire de Lille, le 12 mars 2021, n\u00b019\/00920 - Ma\u00eetre Hassan Kohen, avocat en droit p\u00e9nal \u00e0 Paris<\/title>\n<meta name=\"description\" content=\"Le tribunal judiciaire de Lille, statuant en mati\u00e8re sociale, a rendu un jugement le 12 mars 2021. Un salari\u00e9 demandait la reconnaissance de la faute inexcus...\" \/>\n<meta name=\"robots\" content=\"index, follow, max-snippet:-1, max-image-preview:large, max-video-preview:-1\" \/>\n<link rel=\"canonical\" href=\"https:\/\/kohenavocats.com\/ar\/tribunal-judiciaire-de-lille-le-12-mars-2021-n19-00920\/\" \/>\n<meta property=\"og:locale\" content=\"ar_AR\" \/>\n<meta property=\"og:type\" content=\"article\" \/>\n<meta property=\"og:title\" content=\"Tribunal judiciaire de Lille, le 12 mars 2021, n\u00b019\/00920\" \/>\n<meta property=\"og:description\" content=\"Le tribunal judiciaire de Lille, statuant en mati\u00e8re sociale, a rendu un jugement le 12 mars 2021. Un salari\u00e9 demandait la reconnaissance de la faute inexcus...\" \/>\n<meta property=\"og:url\" content=\"https:\/\/kohenavocats.com\/ar\/tribunal-judiciaire-de-lille-le-12-mars-2021-n19-00920\/\" \/>\n<meta property=\"og:site_name\" content=\"Ma\u00eetre Hassan Kohen, avocat en droit p\u00e9nal \u00e0 Paris\" \/>\n<meta property=\"article:published_time\" content=\"2026-04-24T06:34:17+00:00\" \/>\n<meta property=\"article:modified_time\" content=\"2026-04-26T15:25:32+00:00\" \/>\n<meta property=\"og:image\" content=\"https:\/\/kohenavocats.com\/wp-content\/uploads\/2024\/08\/tomas-williams-0i38SCsSxJc-unsplash.webp\" \/>\n\t<meta property=\"og:image:width\" content=\"6000\" \/>\n\t<meta property=\"og:image:height\" content=\"4000\" \/>\n\t<meta property=\"og:image:type\" content=\"image\/webp\" \/>\n<meta name=\"author\" content=\"Kohen\" \/>\n<meta name=\"twitter:card\" content=\"summary_large_image\" \/>\n<meta name=\"twitter:label1\" content=\"\u0643\u064f\u062a\u0628 \u0628\u0648\u0627\u0633\u0637\u0629\" \/>\n\t<meta name=\"twitter:data1\" content=\"Kohen\" \/>\n\t<meta name=\"twitter:label2\" content=\"\u0648\u0642\u062a \u0627\u0644\u0642\u0631\u0627\u0621\u0629 \u0627\u0644\u0645\u064f\u0642\u062f\u0651\u0631\" \/>\n\t<meta name=\"twitter:data2\" content=\"\u062f\u0642\u064a\u0642\u062a\u0627\u0646\" \/>\n<script type=\"application\/ld+json\" class=\"yoast-schema-graph\">{\"@context\":\"https:\\\/\\\/schema.org\",\"@graph\":[{\"@type\":\"Article\",\"@id\":\"https:\\\/\\\/kohenavocats.com\\\/ar\\\/tribunal-judiciaire-de-lille-le-12-mars-2021-n19-00920\\\/#article\",\"isPartOf\":{\"@id\":\"https:\\\/\\\/kohenavocats.com\\\/ar\\\/tribunal-judiciaire-de-lille-le-12-mars-2021-n19-00920\\\/\"},\"author\":{\"name\":\"Kohen\",\"@id\":\"https:\\\/\\\/kohenavocats.com\\\/ar\\\/#\\\/schema\\\/person\\\/761c9ba54fa1ca84d405cef0831ff751\"},\"headline\":\"Tribunal judiciaire de Lille, le 12 mars 2021, n\u00b019\\\/00920\",\"datePublished\":\"2026-04-24T06:34:17+00:00\",\"dateModified\":\"2026-04-26T15:25:32+00:00\",\"mainEntityOfPage\":{\"@id\":\"https:\\\/\\\/kohenavocats.com\\\/ar\\\/tribunal-judiciaire-de-lille-le-12-mars-2021-n19-00920\\\/\"},\"wordCount\":516,\"commentCount\":0,\"publisher\":{\"@id\":\"https:\\\/\\\/kohenavocats.com\\\/ar\\\/#organization\"},\"image\":{\"@id\":\"https:\\\/\\\/kohenavocats.com\\\/ar\\\/tribunal-judiciaire-de-lille-le-12-mars-2021-n19-00920\\\/#primaryimage\"},\"thumbnailUrl\":\"https:\\\/\\\/kohenavocats.com\\\/wp-content\\\/uploads\\\/2024\\\/08\\\/tomas-williams-0i38SCsSxJc-unsplash.webp\",\"articleSection\":[\"Droit du travail\",\"Droit Social\",\"Jurisprudence\",\"Social\",\"Travail\"],\"inLanguage\":\"ar\",\"potentialAction\":[{\"@type\":\"CommentAction\",\"name\":\"Comment\",\"target\":[\"https:\\\/\\\/kohenavocats.com\\\/ar\\\/tribunal-judiciaire-de-lille-le-12-mars-2021-n19-00920\\\/#respond\"]}],\"citation\":\"Tribunal judiciaire de Lille, le 12 mars 2021, n\u00b019\\\/00920\",\"about\":[{\"@type\":\"Thing\",\"name\":\"Droit du travail\"},{\"@type\":\"Thing\",\"name\":\"Droit Social\"},{\"@type\":\"Thing\",\"name\":\"Jurisprudence\"},{\"@type\":\"Thing\",\"name\":\"Social\"},{\"@type\":\"Thing\",\"name\":\"Travail\"}],\"speakable\":{\"@type\":\"SpeakableSpecification\",\"cssSelector\":[\".article-content > p:first-of-type\"]}},{\"@type\":\"WebPage\",\"@id\":\"https:\\\/\\\/kohenavocats.com\\\/ar\\\/tribunal-judiciaire-de-lille-le-12-mars-2021-n19-00920\\\/\",\"url\":\"https:\\\/\\\/kohenavocats.com\\\/ar\\\/tribunal-judiciaire-de-lille-le-12-mars-2021-n19-00920\\\/\",\"name\":\"Tribunal judiciaire de Lille, le 12 mars 2021, n\u00b019\\\/00920 - Ma\u00eetre Hassan Kohen, avocat en droit p\u00e9nal \u00e0 Paris\",\"isPartOf\":{\"@id\":\"https:\\\/\\\/kohenavocats.com\\\/ar\\\/#website\"},\"primaryImageOfPage\":{\"@id\":\"https:\\\/\\\/kohenavocats.com\\\/ar\\\/tribunal-judiciaire-de-lille-le-12-mars-2021-n19-00920\\\/#primaryimage\"},\"image\":{\"@id\":\"https:\\\/\\\/kohenavocats.com\\\/ar\\\/tribunal-judiciaire-de-lille-le-12-mars-2021-n19-00920\\\/#primaryimage\"},\"thumbnailUrl\":\"https:\\\/\\\/kohenavocats.com\\\/wp-content\\\/uploads\\\/2024\\\/08\\\/tomas-williams-0i38SCsSxJc-unsplash.webp\",\"datePublished\":\"2026-04-24T06:34:17+00:00\",\"dateModified\":\"2026-04-26T15:25:32+00:00\",\"description\":\"Le tribunal judiciaire de Lille, statuant en mati\u00e8re sociale, a rendu un jugement le 12 mars 2021. Un salari\u00e9 demandait la reconnaissance de la faute inexcus...\",\"breadcrumb\":{\"@id\":\"https:\\\/\\\/kohenavocats.com\\\/ar\\\/tribunal-judiciaire-de-lille-le-12-mars-2021-n19-00920\\\/#breadcrumb\"},\"inLanguage\":\"ar\",\"potentialAction\":[{\"@type\":\"ReadAction\",\"target\":[\"https:\\\/\\\/kohenavocats.com\\\/ar\\\/tribunal-judiciaire-de-lille-le-12-mars-2021-n19-00920\\\/\"]}]},{\"@type\":\"ImageObject\",\"inLanguage\":\"ar\",\"@id\":\"https:\\\/\\\/kohenavocats.com\\\/ar\\\/tribunal-judiciaire-de-lille-le-12-mars-2021-n19-00920\\\/#primaryimage\",\"url\":\"https:\\\/\\\/kohenavocats.com\\\/wp-content\\\/uploads\\\/2024\\\/08\\\/tomas-williams-0i38SCsSxJc-unsplash.webp\",\"contentUrl\":\"https:\\\/\\\/kohenavocats.com\\\/wp-content\\\/uploads\\\/2024\\\/08\\\/tomas-williams-0i38SCsSxJc-unsplash.webp\",\"width\":6000,\"height\":4000},{\"@type\":\"BreadcrumbList\",\"@id\":\"https:\\\/\\\/kohenavocats.com\\\/ar\\\/tribunal-judiciaire-de-lille-le-12-mars-2021-n19-00920\\\/#breadcrumb\",\"itemListElement\":[{\"@type\":\"ListItem\",\"position\":1,\"name\":\"Home\",\"item\":\"https:\\\/\\\/kohenavocats.com\\\/ar\\\/%d9%85%d8%ad%d8%a7%d9%85%d9%88%d9%86-%d9%85%d8%aa%d8%ae%d8%b5%d8%b5%d9%88%d9%86-%d9%81%d9%8a-%d8%a7%d9%84%d9%82%d8%a7%d9%86%d9%88%d9%86-%d8%a7%d9%84%d8%ac%d9%86%d8%a7%d8%a6%d9%8a-%d8%a8%d8%a8%d8%a7\\\/\"},{\"@type\":\"ListItem\",\"position\":2,\"name\":\"Tribunal judiciaire de Lille, le 12 mars 2021, n\u00b019\\\/00920\"}]},{\"@type\":\"WebSite\",\"@id\":\"https:\\\/\\\/kohenavocats.com\\\/ar\\\/#website\",\"url\":\"https:\\\/\\\/kohenavocats.com\\\/ar\\\/\",\"name\":\"Kohen Avocats\",\"description\":\"Ma\u00eetre Hassan Kohen, avocat p\u00e9naliste \u00e0 Paris, intervient exclusivement en droit p\u00e9nal pour la d\u00e9fense des particuliers, notamment en mati\u00e8re d\u2019accusations de viol. Il assure un accompagnement rigoureux d\u00e8s la garde \u00e0 vue jusqu\u2019\u00e0 la Cour d\u2019assises, veillant au strict respect des garanties proc\u00e9durales.\",\"publisher\":{\"@id\":\"https:\\\/\\\/kohenavocats.com\\\/ar\\\/#organization\"},\"potentialAction\":[{\"@type\":\"SearchAction\",\"target\":{\"@type\":\"EntryPoint\",\"urlTemplate\":\"https:\\\/\\\/kohenavocats.com\\\/ar\\\/?s={search_term_string}\"},\"query-input\":{\"@type\":\"PropertyValueSpecification\",\"valueRequired\":true,\"valueName\":\"search_term_string\"}}],\"inLanguage\":\"ar\"},{\"@type\":\"Organization\",\"@id\":\"https:\\\/\\\/kohenavocats.com\\\/ar\\\/#organization\",\"name\":\"Kohen Avocats\",\"url\":\"https:\\\/\\\/kohenavocats.com\\\/ar\\\/\",\"logo\":{\"@type\":\"ImageObject\",\"inLanguage\":\"ar\",\"@id\":\"https:\\\/\\\/kohenavocats.com\\\/ar\\\/#\\\/schema\\\/logo\\\/image\\\/\",\"url\":\"https:\\\/\\\/kohenavocats.com\\\/wp-content\\\/uploads\\\/2026\\\/01\\\/Logo-2-1.webp\",\"contentUrl\":\"https:\\\/\\\/kohenavocats.com\\\/wp-content\\\/uploads\\\/2026\\\/01\\\/Logo-2-1.webp\",\"width\":2114,\"height\":1253,\"caption\":\"Kohen Avocats\"},\"image\":{\"@id\":\"https:\\\/\\\/kohenavocats.com\\\/ar\\\/#\\\/schema\\\/logo\\\/image\\\/\"}},{\"@type\":\"Person\",\"@id\":\"https:\\\/\\\/kohenavocats.com\\\/ar\\\/#\\\/schema\\\/person\\\/761c9ba54fa1ca84d405cef0831ff751\",\"name\":\"Kohen\",\"image\":{\"@type\":\"ImageObject\",\"inLanguage\":\"ar\",\"@id\":\"https:\\\/\\\/secure.gravatar.com\\\/avatar\\\/1c5e76ef76bbbfdd2b4da984e2bf2fa4056fd51a27d25ce2c332047f1dfd6e00?s=96&d=identicon&r=g\",\"url\":\"https:\\\/\\\/secure.gravatar.com\\\/avatar\\\/1c5e76ef76bbbfdd2b4da984e2bf2fa4056fd51a27d25ce2c332047f1dfd6e00?s=96&d=identicon&r=g\",\"contentUrl\":\"https:\\\/\\\/secure.gravatar.com\\\/avatar\\\/1c5e76ef76bbbfdd2b4da984e2bf2fa4056fd51a27d25ce2c332047f1dfd6e00?s=96&d=identicon&r=g\",\"caption\":\"Kohen\"},\"sameAs\":[\"https:\\\/\\\/www.linkedin.com\\\/in\\\/hassan-kohen-448548192\\\/\",\"https:\\\/\\\/www.youtube.com\\\/@Kohen-Avocats\"],\"url\":\"https:\\\/\\\/kohenavocats.com\\\/ar\\\/author\\\/kohenmlk\\\/\"}]}<\/script>\n<!-- \/ Yoast SEO Premium plugin. -->","yoast_head_json":{"title":"Tribunal judiciaire de Lille, le 12 mars 2021, n\u00b019\/00920 - Ma\u00eetre Hassan Kohen, avocat en droit p\u00e9nal \u00e0 Paris","description":"Le tribunal judiciaire de Lille, statuant en mati\u00e8re sociale, a rendu un jugement le 12 mars 2021. Un salari\u00e9 demandait la reconnaissance de la faute inexcus...","robots":{"index":"index","follow":"follow","max-snippet":"max-snippet:-1","max-image-preview":"max-image-preview:large","max-video-preview":"max-video-preview:-1"},"canonical":"https:\/\/kohenavocats.com\/ar\/tribunal-judiciaire-de-lille-le-12-mars-2021-n19-00920\/","og_locale":"ar_AR","og_type":"article","og_title":"Tribunal judiciaire de Lille, le 12 mars 2021, n\u00b019\/00920","og_description":"Le tribunal judiciaire de Lille, statuant en mati\u00e8re sociale, a rendu un jugement le 12 mars 2021. Un salari\u00e9 demandait la reconnaissance de la faute inexcus...","og_url":"https:\/\/kohenavocats.com\/ar\/tribunal-judiciaire-de-lille-le-12-mars-2021-n19-00920\/","og_site_name":"Ma\u00eetre Hassan Kohen, avocat en droit p\u00e9nal \u00e0 Paris","article_published_time":"2026-04-24T06:34:17+00:00","article_modified_time":"2026-04-26T15:25:32+00:00","og_image":[{"width":6000,"height":4000,"url":"https:\/\/kohenavocats.com\/wp-content\/uploads\/2024\/08\/tomas-williams-0i38SCsSxJc-unsplash.webp","type":"image\/webp"}],"author":"Kohen","twitter_card":"summary_large_image","twitter_misc":{"\u0643\u064f\u062a\u0628 \u0628\u0648\u0627\u0633\u0637\u0629":"Kohen","\u0648\u0642\u062a \u0627\u0644\u0642\u0631\u0627\u0621\u0629 \u0627\u0644\u0645\u064f\u0642\u062f\u0651\u0631":"\u062f\u0642\u064a\u0642\u062a\u0627\u0646"},"schema":{"@context":"https:\/\/schema.org","@graph":[{"@type":"Article","@id":"https:\/\/kohenavocats.com\/ar\/tribunal-judiciaire-de-lille-le-12-mars-2021-n19-00920\/#article","isPartOf":{"@id":"https:\/\/kohenavocats.com\/ar\/tribunal-judiciaire-de-lille-le-12-mars-2021-n19-00920\/"},"author":{"name":"Kohen","@id":"https:\/\/kohenavocats.com\/ar\/#\/schema\/person\/761c9ba54fa1ca84d405cef0831ff751"},"headline":"Tribunal judiciaire de Lille, le 12 mars 2021, n\u00b019\/00920","datePublished":"2026-04-24T06:34:17+00:00","dateModified":"2026-04-26T15:25:32+00:00","mainEntityOfPage":{"@id":"https:\/\/kohenavocats.com\/ar\/tribunal-judiciaire-de-lille-le-12-mars-2021-n19-00920\/"},"wordCount":516,"commentCount":0,"publisher":{"@id":"https:\/\/kohenavocats.com\/ar\/#organization"},"image":{"@id":"https:\/\/kohenavocats.com\/ar\/tribunal-judiciaire-de-lille-le-12-mars-2021-n19-00920\/#primaryimage"},"thumbnailUrl":"https:\/\/kohenavocats.com\/wp-content\/uploads\/2024\/08\/tomas-williams-0i38SCsSxJc-unsplash.webp","articleSection":["Droit du travail","Droit Social","Jurisprudence","Social","Travail"],"inLanguage":"ar","potentialAction":[{"@type":"CommentAction","name":"Comment","target":["https:\/\/kohenavocats.com\/ar\/tribunal-judiciaire-de-lille-le-12-mars-2021-n19-00920\/#respond"]}],"citation":"Tribunal judiciaire de Lille, le 12 mars 2021, n\u00b019\/00920","about":[{"@type":"Thing","name":"Droit du travail"},{"@type":"Thing","name":"Droit Social"},{"@type":"Thing","name":"Jurisprudence"},{"@type":"Thing","name":"Social"},{"@type":"Thing","name":"Travail"}],"speakable":{"@type":"SpeakableSpecification","cssSelector":[".article-content > p:first-of-type"]}},{"@type":"WebPage","@id":"https:\/\/kohenavocats.com\/ar\/tribunal-judiciaire-de-lille-le-12-mars-2021-n19-00920\/","url":"https:\/\/kohenavocats.com\/ar\/tribunal-judiciaire-de-lille-le-12-mars-2021-n19-00920\/","name":"Tribunal judiciaire de Lille, le 12 mars 2021, n\u00b019\/00920 - Ma\u00eetre Hassan Kohen, avocat en droit p\u00e9nal \u00e0 Paris","isPartOf":{"@id":"https:\/\/kohenavocats.com\/ar\/#website"},"primaryImageOfPage":{"@id":"https:\/\/kohenavocats.com\/ar\/tribunal-judiciaire-de-lille-le-12-mars-2021-n19-00920\/#primaryimage"},"image":{"@id":"https:\/\/kohenavocats.com\/ar\/tribunal-judiciaire-de-lille-le-12-mars-2021-n19-00920\/#primaryimage"},"thumbnailUrl":"https:\/\/kohenavocats.com\/wp-content\/uploads\/2024\/08\/tomas-williams-0i38SCsSxJc-unsplash.webp","datePublished":"2026-04-24T06:34:17+00:00","dateModified":"2026-04-26T15:25:32+00:00","description":"Le tribunal judiciaire de Lille, statuant en mati\u00e8re sociale, a rendu un jugement le 12 mars 2021. Un salari\u00e9 demandait la reconnaissance de la faute inexcus...","breadcrumb":{"@id":"https:\/\/kohenavocats.com\/ar\/tribunal-judiciaire-de-lille-le-12-mars-2021-n19-00920\/#breadcrumb"},"inLanguage":"ar","potentialAction":[{"@type":"ReadAction","target":["https:\/\/kohenavocats.com\/ar\/tribunal-judiciaire-de-lille-le-12-mars-2021-n19-00920\/"]}]},{"@type":"ImageObject","inLanguage":"ar","@id":"https:\/\/kohenavocats.com\/ar\/tribunal-judiciaire-de-lille-le-12-mars-2021-n19-00920\/#primaryimage","url":"https:\/\/kohenavocats.com\/wp-content\/uploads\/2024\/08\/tomas-williams-0i38SCsSxJc-unsplash.webp","contentUrl":"https:\/\/kohenavocats.com\/wp-content\/uploads\/2024\/08\/tomas-williams-0i38SCsSxJc-unsplash.webp","width":6000,"height":4000},{"@type":"BreadcrumbList","@id":"https:\/\/kohenavocats.com\/ar\/tribunal-judiciaire-de-lille-le-12-mars-2021-n19-00920\/#breadcrumb","itemListElement":[{"@type":"ListItem","position":1,"name":"Home","item":"https:\/\/kohenavocats.com\/ar\/%d9%85%d8%ad%d8%a7%d9%85%d9%88%d9%86-%d9%85%d8%aa%d8%ae%d8%b5%d8%b5%d9%88%d9%86-%d9%81%d9%8a-%d8%a7%d9%84%d9%82%d8%a7%d9%86%d9%88%d9%86-%d8%a7%d9%84%d8%ac%d9%86%d8%a7%d8%a6%d9%8a-%d8%a8%d8%a8%d8%a7\/"},{"@type":"ListItem","position":2,"name":"Tribunal judiciaire de Lille, le 12 mars 2021, n\u00b019\/00920"}]},{"@type":"WebSite","@id":"https:\/\/kohenavocats.com\/ar\/#website","url":"https:\/\/kohenavocats.com\/ar\/","name":"Kohen Avocats","description":"Ma\u00eetre Hassan Kohen, avocat p\u00e9naliste \u00e0 Paris, intervient exclusivement en droit p\u00e9nal pour la d\u00e9fense des particuliers, notamment en mati\u00e8re d\u2019accusations de viol. Il assure un accompagnement rigoureux d\u00e8s la garde \u00e0 vue jusqu\u2019\u00e0 la Cour d\u2019assises, veillant au strict respect des garanties proc\u00e9durales.","publisher":{"@id":"https:\/\/kohenavocats.com\/ar\/#organization"},"potentialAction":[{"@type":"SearchAction","target":{"@type":"EntryPoint","urlTemplate":"https:\/\/kohenavocats.com\/ar\/?s={search_term_string}"},"query-input":{"@type":"PropertyValueSpecification","valueRequired":true,"valueName":"search_term_string"}}],"inLanguage":"ar"},{"@type":"Organization","@id":"https:\/\/kohenavocats.com\/ar\/#organization","name":"Kohen Avocats","url":"https:\/\/kohenavocats.com\/ar\/","logo":{"@type":"ImageObject","inLanguage":"ar","@id":"https:\/\/kohenavocats.com\/ar\/#\/schema\/logo\/image\/","url":"https:\/\/kohenavocats.com\/wp-content\/uploads\/2026\/01\/Logo-2-1.webp","contentUrl":"https:\/\/kohenavocats.com\/wp-content\/uploads\/2026\/01\/Logo-2-1.webp","width":2114,"height":1253,"caption":"Kohen Avocats"},"image":{"@id":"https:\/\/kohenavocats.com\/ar\/#\/schema\/logo\/image\/"}},{"@type":"Person","@id":"https:\/\/kohenavocats.com\/ar\/#\/schema\/person\/761c9ba54fa1ca84d405cef0831ff751","name":"Kohen","image":{"@type":"ImageObject","inLanguage":"ar","@id":"https:\/\/secure.gravatar.com\/avatar\/1c5e76ef76bbbfdd2b4da984e2bf2fa4056fd51a27d25ce2c332047f1dfd6e00?s=96&d=identicon&r=g","url":"https:\/\/secure.gravatar.com\/avatar\/1c5e76ef76bbbfdd2b4da984e2bf2fa4056fd51a27d25ce2c332047f1dfd6e00?s=96&d=identicon&r=g","contentUrl":"https:\/\/secure.gravatar.com\/avatar\/1c5e76ef76bbbfdd2b4da984e2bf2fa4056fd51a27d25ce2c332047f1dfd6e00?s=96&d=identicon&r=g","caption":"Kohen"},"sameAs":["https:\/\/www.linkedin.com\/in\/hassan-kohen-448548192\/","https:\/\/www.youtube.com\/@Kohen-Avocats"],"url":"https:\/\/kohenavocats.com\/ar\/author\/kohenmlk\/"}]}},"jetpack_featured_media_url":"https:\/\/kohenavocats.com\/wp-content\/uploads\/2024\/08\/tomas-williams-0i38SCsSxJc-unsplash.webp","jetpack_likes_enabled":false,"jetpack_shortlink":"https:\/\/wp.me\/peCrII-2OxK","jetpack-related-posts":[{"id":612130,"url":"https:\/\/kohenavocats.com\/ar\/tribunal-judiciaire-de-lille-le-13-mars-2024-n21-01090\/","url_meta":{"origin":670948,"position":0},"title":"Tribunal judiciaire de Lille, le 13 mars 2024, n\u00b021\/01090","author":"Kohen","date":"19 \u0623\u0628\u0631\u064a\u0644\u060c 2026","format":false,"excerpt":"Le p\u00f4le social du tribunal judiciaire de Lille a statu\u00e9 par jugement du 13 mars 2024 sur une demande en reconnaissance de faute inexcusable de l\u2019employeur. L...","rel":"","context":"\u0641\u064a &quot;Jurisprudence&quot;","block_context":{"text":"Jurisprudence","link":"https:\/\/kohenavocats.com\/category\/jurisprudence\/"},"img":{"alt_text":"","src":"https:\/\/i0.wp.com\/kohenavocats.com\/wp-content\/uploads\/2024\/08\/rafael-m-CTNHIGI2WcU-unsplash.webp?resize=350%2C200&ssl=1","width":350,"height":200,"srcset":"https:\/\/i0.wp.com\/kohenavocats.com\/wp-content\/uploads\/2024\/08\/rafael-m-CTNHIGI2WcU-unsplash.webp?resize=350%2C200&ssl=1 1x, https:\/\/i0.wp.com\/kohenavocats.com\/wp-content\/uploads\/2024\/08\/rafael-m-CTNHIGI2WcU-unsplash.webp?resize=525%2C300&ssl=1 1.5x, https:\/\/i0.wp.com\/kohenavocats.com\/wp-content\/uploads\/2024\/08\/rafael-m-CTNHIGI2WcU-unsplash.webp?resize=700%2C400&ssl=1 2x, https:\/\/i0.wp.com\/kohenavocats.com\/wp-content\/uploads\/2024\/08\/rafael-m-CTNHIGI2WcU-unsplash.webp?resize=1050%2C600&ssl=1 3x, https:\/\/i0.wp.com\/kohenavocats.com\/wp-content\/uploads\/2024\/08\/rafael-m-CTNHIGI2WcU-unsplash.webp?resize=1400%2C800&ssl=1 4x"},"classes":[]},{"id":682279,"url":"https:\/\/kohenavocats.com\/ar\/tribunal-judiciaire-de-lille-le-8-mars-2024-n22-01362\/","url_meta":{"origin":670948,"position":1},"title":"Tribunal judiciaire de Lille, le 8 mars 2024, n\u00b022\/01362","author":"Kohen","date":"25 \u0623\u0628\u0631\u064a\u0644\u060c 2026","format":false,"excerpt":"Le tribunal judiciaire de Lille, statuant en mati\u00e8re sociale, a rendu un jugement le 8 mars 2024. Une salari\u00e9e, ayant obtenu la prise en charge d\u2019un \u00e9tat d\u00e9p...","rel":"","context":"\u0641\u064a &quot;Jurisprudence&quot;","block_context":{"text":"Jurisprudence","link":"https:\/\/kohenavocats.com\/category\/jurisprudence\/"},"img":{"alt_text":"","src":"https:\/\/i0.wp.com\/kohenavocats.com\/wp-content\/uploads\/2024\/08\/tom-gainor-TRALLodRQE0-unsplash.webp?resize=350%2C200&ssl=1","width":350,"height":200,"srcset":"https:\/\/i0.wp.com\/kohenavocats.com\/wp-content\/uploads\/2024\/08\/tom-gainor-TRALLodRQE0-unsplash.webp?resize=350%2C200&ssl=1 1x, https:\/\/i0.wp.com\/kohenavocats.com\/wp-content\/uploads\/2024\/08\/tom-gainor-TRALLodRQE0-unsplash.webp?resize=525%2C300&ssl=1 1.5x, https:\/\/i0.wp.com\/kohenavocats.com\/wp-content\/uploads\/2024\/08\/tom-gainor-TRALLodRQE0-unsplash.webp?resize=700%2C400&ssl=1 2x, https:\/\/i0.wp.com\/kohenavocats.com\/wp-content\/uploads\/2024\/08\/tom-gainor-TRALLodRQE0-unsplash.webp?resize=1050%2C600&ssl=1 3x, https:\/\/i0.wp.com\/kohenavocats.com\/wp-content\/uploads\/2024\/08\/tom-gainor-TRALLodRQE0-unsplash.webp?resize=1400%2C800&ssl=1 4x"},"classes":[]},{"id":670754,"url":"https:\/\/kohenavocats.com\/ar\/tribunal-judiciaire-de-lille-le-26-mars-2026-n23-02080\/","url_meta":{"origin":670948,"position":2},"title":"Tribunal judiciaire de Lille, le 26 mars 2026, n\u00b023\/02080","author":"Kohen","date":"24 \u0623\u0628\u0631\u064a\u0644\u060c 2026","format":false,"excerpt":"Le tribunal judiciaire de Lille, statuant en mati\u00e8re sociale, a rendu un jugement le 26 mars 2026. Un salari\u00e9, ancien soudeur expos\u00e9 \u00e0 l'amiante de 1961 \u00e0 19...","rel":"","context":"\u0641\u064a &quot;Code des assurances&quot;","block_context":{"text":"Code des assurances","link":"https:\/\/kohenavocats.com\/category\/code-des-assurances\/"},"img":{"alt_text":"","src":"https:\/\/i0.wp.com\/kohenavocats.com\/wp-content\/uploads\/2024\/08\/sofia-vila-flor-iX4r2YviN8E-unsplash.webp?resize=350%2C200&ssl=1","width":350,"height":200,"srcset":"https:\/\/i0.wp.com\/kohenavocats.com\/wp-content\/uploads\/2024\/08\/sofia-vila-flor-iX4r2YviN8E-unsplash.webp?resize=350%2C200&ssl=1 1x, https:\/\/i0.wp.com\/kohenavocats.com\/wp-content\/uploads\/2024\/08\/sofia-vila-flor-iX4r2YviN8E-unsplash.webp?resize=525%2C300&ssl=1 1.5x, https:\/\/i0.wp.com\/kohenavocats.com\/wp-content\/uploads\/2024\/08\/sofia-vila-flor-iX4r2YviN8E-unsplash.webp?resize=700%2C400&ssl=1 2x, https:\/\/i0.wp.com\/kohenavocats.com\/wp-content\/uploads\/2024\/08\/sofia-vila-flor-iX4r2YviN8E-unsplash.webp?resize=1050%2C600&ssl=1 3x, https:\/\/i0.wp.com\/kohenavocats.com\/wp-content\/uploads\/2024\/08\/sofia-vila-flor-iX4r2YviN8E-unsplash.webp?resize=1400%2C800&ssl=1 4x"},"classes":[]},{"id":202922,"url":"https:\/\/kohenavocats.com\/ar\/tribunal-judiciaire-de-lille-le-19-juin-2025-n22-00738\/","url_meta":{"origin":670948,"position":3},"title":"Tribunal judiciaire de Lille, le 19 juin 2025, n\u00b022\/00738","author":"Kohen","date":"21 \u062f\u064a\u0633\u0645\u0628\u0631\u060c 2025","format":false,"excerpt":"Par un jugement du 19 juin 2025, le p\u00f4le social du tribunal judiciaire de Lille statue sur une action en faute inexcusable li\u00e9e \u00e0 un accident du travail. La salari\u00e9e, engag\u00e9e en contrat \u00e0 dur\u00e9e ind\u00e9termin\u00e9e comme cadre, a \u00e9t\u00e9 convoqu\u00e9e le 9 juillet 2020 pour un \u00e9change pr\u00e9sent\u00e9 comme\u2026","rel":"","context":"\u0641\u064a &quot;D\u00e9cisions juridiques&quot;","block_context":{"text":"D\u00e9cisions juridiques","link":"https:\/\/kohenavocats.com\/category\/decisions-juridiques\/"},"img":{"alt_text":"","src":"https:\/\/i0.wp.com\/kohenavocats.com\/wp-content\/uploads\/2024\/11\/alexander-mils-LH6ZMdmq_9Y-unsplash.webp?resize=350%2C200&ssl=1","width":350,"height":200,"srcset":"https:\/\/i0.wp.com\/kohenavocats.com\/wp-content\/uploads\/2024\/11\/alexander-mils-LH6ZMdmq_9Y-unsplash.webp?resize=350%2C200&ssl=1 1x, https:\/\/i0.wp.com\/kohenavocats.com\/wp-content\/uploads\/2024\/11\/alexander-mils-LH6ZMdmq_9Y-unsplash.webp?resize=525%2C300&ssl=1 1.5x, https:\/\/i0.wp.com\/kohenavocats.com\/wp-content\/uploads\/2024\/11\/alexander-mils-LH6ZMdmq_9Y-unsplash.webp?resize=700%2C400&ssl=1 2x, https:\/\/i0.wp.com\/kohenavocats.com\/wp-content\/uploads\/2024\/11\/alexander-mils-LH6ZMdmq_9Y-unsplash.webp?resize=1050%2C600&ssl=1 3x, https:\/\/i0.wp.com\/kohenavocats.com\/wp-content\/uploads\/2024\/11\/alexander-mils-LH6ZMdmq_9Y-unsplash.webp?resize=1400%2C800&ssl=1 4x"},"classes":[]},{"id":611896,"url":"https:\/\/kohenavocats.com\/ar\/tribunal-judiciaire-de-lille-le-28-mai-2026-n23-00265\/","url_meta":{"origin":670948,"position":4},"title":"Tribunal judiciaire de Lille, le 28 mai 2026, n\u00b023\/00265","author":"Kohen","date":"19 \u0623\u0628\u0631\u064a\u0644\u060c 2026","format":false,"excerpt":"Le tribunal judiciaire de Lille, statuant en mati\u00e8re sociale, a rendu un jugement le 28 mai 2026. Un salari\u00e9 a \u00e9t\u00e9 victime d\u2019un grave accident du travail en ...","rel":"","context":"\u0641\u064a &quot;Jurisprudence&quot;","block_context":{"text":"Jurisprudence","link":"https:\/\/kohenavocats.com\/category\/jurisprudence\/"},"img":{"alt_text":"","src":"https:\/\/i0.wp.com\/kohenavocats.com\/wp-content\/uploads\/2024\/07\/valentino-mazzariello-Ndm1hhIcwHc-unsplash.webp?resize=350%2C200&ssl=1","width":350,"height":200,"srcset":"https:\/\/i0.wp.com\/kohenavocats.com\/wp-content\/uploads\/2024\/07\/valentino-mazzariello-Ndm1hhIcwHc-unsplash.webp?resize=350%2C200&ssl=1 1x, https:\/\/i0.wp.com\/kohenavocats.com\/wp-content\/uploads\/2024\/07\/valentino-mazzariello-Ndm1hhIcwHc-unsplash.webp?resize=525%2C300&ssl=1 1.5x, https:\/\/i0.wp.com\/kohenavocats.com\/wp-content\/uploads\/2024\/07\/valentino-mazzariello-Ndm1hhIcwHc-unsplash.webp?resize=700%2C400&ssl=1 2x, https:\/\/i0.wp.com\/kohenavocats.com\/wp-content\/uploads\/2024\/07\/valentino-mazzariello-Ndm1hhIcwHc-unsplash.webp?resize=1050%2C600&ssl=1 3x, https:\/\/i0.wp.com\/kohenavocats.com\/wp-content\/uploads\/2024\/07\/valentino-mazzariello-Ndm1hhIcwHc-unsplash.webp?resize=1400%2C800&ssl=1 4x"},"classes":[]},{"id":667519,"url":"https:\/\/kohenavocats.com\/ar\/cour-dappel-le-10-janvier-2024-n22-06334\/","url_meta":{"origin":670948,"position":5},"title":"Cour d&#8217;appel, le 10 janvier 2024, n\u00b022\/06334","author":"Kohen","date":"24 \u0623\u0628\u0631\u064a\u0644\u060c 2026","format":false,"excerpt":"La Cour d'appel, statuant le 10 janvier 2024, examine le recours d'un salari\u00e9. Ce dernier sollicite la reconnaissance d'une maladie professionnelle li\u00e9e au p...","rel":"","context":"\u0641\u064a &quot;Droit du travail&quot;","block_context":{"text":"Droit du travail","link":"https:\/\/kohenavocats.com\/category\/droit-du-travail\/"},"img":{"alt_text":"","src":"https:\/\/i0.wp.com\/kohenavocats.com\/wp-content\/uploads\/2024\/08\/mathieu-gauzy-4CVs3VcCR6k-unsplash.webp?resize=350%2C200&ssl=1","width":350,"height":200,"srcset":"https:\/\/i0.wp.com\/kohenavocats.com\/wp-content\/uploads\/2024\/08\/mathieu-gauzy-4CVs3VcCR6k-unsplash.webp?resize=350%2C200&ssl=1 1x, https:\/\/i0.wp.com\/kohenavocats.com\/wp-content\/uploads\/2024\/08\/mathieu-gauzy-4CVs3VcCR6k-unsplash.webp?resize=525%2C300&ssl=1 1.5x, https:\/\/i0.wp.com\/kohenavocats.com\/wp-content\/uploads\/2024\/08\/mathieu-gauzy-4CVs3VcCR6k-unsplash.webp?resize=700%2C400&ssl=1 2x, https:\/\/i0.wp.com\/kohenavocats.com\/wp-content\/uploads\/2024\/08\/mathieu-gauzy-4CVs3VcCR6k-unsplash.webp?resize=1050%2C600&ssl=1 3x, https:\/\/i0.wp.com\/kohenavocats.com\/wp-content\/uploads\/2024\/08\/mathieu-gauzy-4CVs3VcCR6k-unsplash.webp?resize=1400%2C800&ssl=1 4x"},"classes":[]}],"jetpack_sharing_enabled":true,"_links":{"self":[{"href":"https:\/\/kohenavocats.com\/ar\/wp-json\/wp\/v2\/posts\/670948","targetHints":{"allow":["GET"]}}],"collection":[{"href":"https:\/\/kohenavocats.com\/ar\/wp-json\/wp\/v2\/posts"}],"about":[{"href":"https:\/\/kohenavocats.com\/ar\/wp-json\/wp\/v2\/types\/post"}],"author":[{"embeddable":true,"href":"https:\/\/kohenavocats.com\/ar\/wp-json\/wp\/v2\/users\/232070755"}],"replies":[{"embeddable":true,"href":"https:\/\/kohenavocats.com\/ar\/wp-json\/wp\/v2\/comments?post=670948"}],"version-history":[{"count":1,"href":"https:\/\/kohenavocats.com\/ar\/wp-json\/wp\/v2\/posts\/670948\/revisions"}],"predecessor-version":[{"id":694936,"href":"https:\/\/kohenavocats.com\/ar\/wp-json\/wp\/v2\/posts\/670948\/revisions\/694936"}],"wp:featuredmedia":[{"embeddable":true,"href":"https:\/\/kohenavocats.com\/ar\/wp-json\/wp\/v2\/media\/4879"}],"wp:attachment":[{"href":"https:\/\/kohenavocats.com\/ar\/wp-json\/wp\/v2\/media?parent=670948"}],"wp:term":[{"taxonomy":"category","embeddable":true,"href":"https:\/\/kohenavocats.com\/ar\/wp-json\/wp\/v2\/categories?post=670948"},{"taxonomy":"post_tag","embeddable":true,"href":"https:\/\/kohenavocats.com\/ar\/wp-json\/wp\/v2\/tags?post=670948"}],"curies":[{"name":"wp","href":"https:\/\/api.w.org\/{rel}","templated":true}]}}