{"id":674272,"date":"2026-04-24T18:36:29","date_gmt":"2026-04-24T16:36:29","guid":{"rendered":"https:\/\/kohenavocats.com\/pension-alimentaire-enfant-majeur-etudiant-justificatifs-suppression\/"},"modified":"2026-04-26T17:26:04","modified_gmt":"2026-04-26T15:26:04","slug":"pension-alimentaire-enfant-majeur-etudiant-justificatifs-suppression","status":"publish","type":"post","link":"https:\/\/kohenavocats.com\/ar\/pension-alimentaire-enfant-majeur-etudiant-justificatifs-suppression\/","title":{"rendered":"Pension alimentaire pour enfant majeur \u00e9tudiant : justificatifs, suppression et erreurs \u00e0 \u00e9viter"},"content":{"rendered":"<p>La majorit\u00e9 de l&#8217;enfant ne met pas fin automatiquement \u00e0 la pension alimentaire. C&#8217;est souvent le point qui d\u00e9clenche le conflit. Un parent continue de payer alors que l&#8217;enfant a quitt\u00e9 le foyer, chang\u00e9 d&#8217;\u00e9tudes, commenc\u00e9 \u00e0 travailler ou ne transmet plus aucun justificatif. L&#8217;autre parent r\u00e9pond que les \u00e9tudes continuent, que le logement co\u00fbte cher, que l&#8217;enfant n&#8217;est pas encore autonome.<\/p>\n<p>Le risque est de r\u00e9agir trop vite. Arr\u00eater seul le virement parce que l&#8217;enfant a 18 ans, parce qu&#8217;il ne r\u00e9pond plus, ou parce qu&#8217;il ne donne pas son certificat de scolarit\u00e9, expose \u00e0 un arri\u00e9r\u00e9 et parfois \u00e0 une proc\u00e9dure pour abandon de famille si une d\u00e9cision ex\u00e9cutoire existe. \u00c0 l&#8217;inverse, continuer sans rien demander peut laisser s&#8217;installer une pension qui n&#8217;est plus adapt\u00e9e.<\/p>\n<p>L&#8217;<a href=\"https:\/\/www.legifrance.gouv.fr\/codes\/article_lc\/LEGIARTI000039778192\">article 371-2 du code civil<\/a> pr\u00e9voit que chacun des parents contribue \u00e0 l&#8217;entretien et \u00e0 l&#8217;\u00e9ducation des enfants selon ses ressources, celles de l&#8217;autre parent et les besoins de l&#8217;enfant. Il pr\u00e9cise que cette obligation ne cesse pas de plein droit lorsque l&#8217;enfant est majeur.<\/p>\n<p>La question pratique n&#8217;est donc pas seulement : &#8220;mon enfant est majeur, dois-je encore payer ?&#8221; La vraie question est : quelles preuves montrent qu&#8217;il ne peut pas subvenir seul \u00e0 ses besoins, \u00e0 qui la pension doit \u00eatre vers\u00e9e, et faut-il saisir le JAF pour la maintenir, la r\u00e9duire, la verser directement \u00e0 l&#8217;enfant ou la supprimer ?<\/p>\n<h2>Pourquoi cet angle m\u00e9rite un article s\u00e9par\u00e9<\/h2>\n<p>La recherche Google Ads du run montre une demande nette : <code>pension alimentaire majeur etudiant<\/code> atteint 880 recherches mensuelles moyennes en France, <code>montant pension alimentaire \u00e9tudiant majeur<\/code> 720, <code>pension alimentaire pour etudiant<\/code> 320 et <code>pension alimentaire \u00e9tudiant<\/code> 320. L&#8217;intention n&#8217;est pas th\u00e9orique. Les parents cherchent un montant, une preuve, une limite et une d\u00e9marche.<\/p>\n<p>L&#8217;inventaire local a \u00e9cart\u00e9 les clusters d\u00e9j\u00e0 publi\u00e9s : calcul g\u00e9n\u00e9ral de pension alimentaire, pension impay\u00e9e, ARIPA, droit de visite, <a href=\"https:\/\/kohenavocats.com\/avocats-droit-famille-paris\/avocats-residence-alternee-paris\/\" target=\"_blank\" title=\"r\u00e9sidence altern\u00e9e\">r\u00e9sidence altern\u00e9e<\/a> et contribution \u00e0 l&#8217;entretien. Aucun doublon strict n&#8217;a \u00e9t\u00e9 trouv\u00e9 sur le sous-angle <code>enfant majeur \u00e9tudiant \/ justificatifs \/ suppression<\/code>.<\/p>\n<p>Les angles voisins v\u00e9rifi\u00e9s \u00e9taient les suivants : pension alimentaire pour enfant majeur \u00e9tudiant, arr\u00eat de la pension si l&#8217;enfant travaille, absence de justificatif d&#8217;\u00e9tudes, versement direct \u00e0 l&#8217;enfant majeur, demande de suppression devant le JAF. Le premier angle retenu les articule dans une logique de dossier : preuves, demande judiciaire et risques en cas d&#8217;arr\u00eat unilat\u00e9ral.<\/p>\n<h2>Ce que dit la r\u00e8gle : la majorit\u00e9 ne suffit pas<\/h2>\n<p>La pension alimentaire fix\u00e9e pendant la minorit\u00e9 peut continuer apr\u00e8s les 18 ans. La Cour de cassation l&#8217;a rappel\u00e9 dans une d\u00e9cision du 18 septembre 2019, publi\u00e9e au Bulletin, \u00e0 propos de l&#8217;<a href=\"https:\/\/www.courdecassation.fr\/decision\/5fca67b0c864315129fc467c\">article 371-2 du code civil<\/a> : l&#8217;obligation de contribuer \u00e0 l&#8217;entretien d&#8217;un enfant majeur reste soumise aux ressources des parents et aux besoins de l&#8217;enfant.<\/p>\n<p>Cette r\u00e8gle ne signifie pas que le parent doit payer sans limite. Elle signifie que la fin de l&#8217;obligation ne se d\u00e9duit pas automatiquement de l&#8217;\u00e2ge. Il faut regarder la situation concr\u00e8te.<\/p>\n<p>Un enfant majeur peut encore avoir besoin d&#8217;une contribution s&#8217;il poursuit des \u00e9tudes s\u00e9rieuses, s&#8217;il suit une formation, s&#8217;il recherche un emploi de mani\u00e8re r\u00e9elle, s&#8217;il souffre d&#8217;un probl\u00e8me de sant\u00e9, ou si ses ressources restent insuffisantes pour assumer logement, nourriture, transport, inscription, mat\u00e9riel et frais courants.<\/p>\n<p>\u00c0 l&#8217;inverse, la pension peut \u00eatre discut\u00e9e si l&#8217;enfant a des revenus stables, s&#8217;il ne justifie plus de ses \u00e9tudes, s&#8217;il abandonne successivement des formations sans explication, s&#8217;il refuse tout \u00e9change sur sa situation, ou si le parent d\u00e9biteur subit une baisse durable de revenus.<\/p>\n<h2>Quels justificatifs demander<\/h2>\n<p>Le dossier doit \u00eatre concret. Le parent qui demande le maintien de la pension doit pouvoir expliquer le besoin actuel de l&#8217;enfant. Le parent qui demande la r\u00e9duction ou la suppression doit r\u00e9unir des \u00e9l\u00e9ments montrant que la situation a chang\u00e9.<\/p>\n<p>Les justificatifs utiles sont notamment :<\/p>\n<ul>\n<li>certificat de scolarit\u00e9 ou attestation d&#8217;inscription ;<\/li>\n<li>calendrier de formation, relev\u00e9s de pr\u00e9sence ou justificatifs d&#8217;examens ;<\/li>\n<li>bail, quittances, charges de logement, frais de transport ;<\/li>\n<li>justificatifs de bourse, alternance, stage, salaire, aide familiale ou prestations ;<\/li>\n<li>avis d&#8217;imposition ou \u00e9l\u00e9ments fiscaux lorsque la situation financi\u00e8re est discut\u00e9e ;<\/li>\n<li>\u00e9changes \u00e9crits demandant les justificatifs et r\u00e9ponses re\u00e7ues ;<\/li>\n<li>preuve d&#8217;une interruption d&#8217;\u00e9tudes, d&#8217;un emploi, d&#8217;un CDI, d&#8217;une alternance r\u00e9mun\u00e9r\u00e9e ou d&#8217;une absence de recherche.<\/li>\n<\/ul>\n<p>Il ne faut pas transformer la demande en surveillance g\u00e9n\u00e9rale de la vie de l&#8217;enfant. Le juge s&#8217;int\u00e9resse aux besoins et aux ressources. Il faut donc demander des pi\u00e8ces utiles, pas des explications intrusives.<\/p>\n<p>Lorsque l&#8217;enfant majeur vit chez l&#8217;un des parents, l&#8217;<a href=\"https:\/\/www.legifrance.gouv.fr\/codes\/article_lc\/LEGIARTI000006426742\">article 373-2-5 du code civil<\/a> permet au parent qui assume principalement sa charge de demander une contribution \u00e0 l&#8217;autre parent. Le juge peut aussi d\u00e9cider que cette contribution sera vers\u00e9e en tout ou partie entre les mains de l&#8217;enfant.<\/p>\n<h2>Peut-on arr\u00eater de payer si aucun justificatif n&#8217;est transmis ?<\/h2>\n<p>Si une d\u00e9cision, une convention homologu\u00e9e, un acte notari\u00e9 ou un titre ex\u00e9cutoire fixe la pension, il ne faut pas arr\u00eater seul le paiement. Le bon r\u00e9flexe consiste \u00e0 \u00e9crire une demande pr\u00e9cise de justificatifs, \u00e0 conserver la preuve de cette demande, puis \u00e0 saisir le JAF si la situation reste bloqu\u00e9e.<\/p>\n<p>L&#8217;<a href=\"https:\/\/www.legifrance.gouv.fr\/codes\/article_lc\/LEGIARTI000033460816\">article 373-2-13 du code civil<\/a> permet de demander au juge de modifier ou compl\u00e9ter les d\u00e9cisions relatives \u00e0 l&#8217;exercice de l&#8217;<a href=\"https:\/\/kohenavocats.com\/avocats-droit-famille-paris\/avocats-autorite-parentale-paris\/\" target=\"_blank\" title=\"autorit\u00e9 parentale\">autorit\u00e9 parentale<\/a>. En pratique, cela sert aussi \u00e0 adapter une contribution lorsque les conditions ont chang\u00e9 : enfant devenu majeur, \u00e9tudes termin\u00e9es, revenus nouveaux, baisse de ressources, charges nouvelles.<\/p>\n<p>La demande peut viser plusieurs mesures :<\/p>\n<ul>\n<li>suppression de la pension \u00e0 compter d&#8217;une date pr\u00e9cise ;<\/li>\n<li>r\u00e9duction du montant ;<\/li>\n<li>suspension temporaire sous condition de justificatifs ;<\/li>\n<li>versement direct \u00e0 l&#8217;enfant majeur ;<\/li>\n<li>fixation d&#8217;une obligation annuelle de transmission de pi\u00e8ces ;<\/li>\n<li>partage direct de certains frais plut\u00f4t qu&#8217;un montant forfaitaire.<\/li>\n<\/ul>\n<p>La Cour de cassation a aussi rappel\u00e9, le 23 juin 2021, que le juge ne peut pas fonder une modification de pension sur des pi\u00e8ces transmises hors d\u00e9bat contradictoire. La d\u00e9cision est disponible sur le site officiel de la Cour de cassation : <a href=\"https:\/\/www.courdecassation.fr\/decision\/60d2ce5cd540981b57d0745e\">Cass. 1re civ., 23 juin 2021, n\u00b0 20-11.110<\/a>. Pour le justiciable, la le\u00e7on est simple : les justificatifs doivent \u00eatre produits proprement, communiqu\u00e9s \u00e0 l&#8217;autre partie et discut\u00e9s.<\/p>\n<h2>\u00c0 qui verser la pension : parent ou enfant majeur ?<\/h2>\n<p>La pension est souvent vers\u00e9e au parent qui assume la charge principale. Mais lorsque l&#8217;enfant majeur vit ailleurs pour ses \u00e9tudes, travaille partiellement ou g\u00e8re son propre logement, le versement direct peut devenir pertinent.<\/p>\n<p>L&#8217;<a href=\"https:\/\/www.legifrance.gouv.fr\/codes\/article_lc\/LEGIARTI000044629469\">article 373-2-2 du code civil<\/a> pr\u00e9voit que la contribution peut prendre la forme d&#8217;une pension alimentaire vers\u00e9e selon le cas \u00e0 l&#8217;un des parents, \u00e0 la personne \u00e0 laquelle l&#8217;enfant a \u00e9t\u00e9 confi\u00e9, ou prendre la forme d&#8217;une prise en charge directe de frais expos\u00e9s pour l&#8217;enfant.<\/p>\n<p>Le versement direct \u00e0 l&#8217;enfant n&#8217;est pas toujours la meilleure solution. Il peut r\u00e9duire les tensions lorsque l&#8217;enfant a son logement et ses charges. Il peut aussi cr\u00e9er une difficult\u00e9 si le parent chez lequel l&#8217;enfant r\u00e9side continue \u00e0 payer l&#8217;essentiel des d\u00e9penses.<\/p>\n<p>Le juge regarde donc la r\u00e9alit\u00e9 : o\u00f9 vit l&#8217;enfant, qui paie le loyer, qui avance les frais d&#8217;inscription, qui r\u00e8gle les transports, quelles ressources l&#8217;enfant per\u00e7oit, et quel syst\u00e8me \u00e9vite les conflits.<\/p>\n<h2>Les erreurs fr\u00e9quentes du parent d\u00e9biteur<\/h2>\n<p>Premi\u00e8re erreur : arr\u00eater le virement sans titre nouveau. Tant que la d\u00e9cision existe, elle s&#8217;ex\u00e9cute. La contestation se pr\u00e9pare devant le juge.<\/p>\n<p>Deuxi\u00e8me erreur : attendre plusieurs ann\u00e9es. Si l&#8217;enfant a termin\u00e9 ses \u00e9tudes depuis longtemps ou travaille d\u00e9j\u00e0, il faut agir vite. Plus l&#8217;arri\u00e9r\u00e9 de discussion est ancien, plus le dossier devient confus.<\/p>\n<p>Troisi\u00e8me erreur : demander seulement &#8220;la suppression&#8221; sans proposer de date. La demande doit dire depuis quand le changement est \u00e9tabli : fin d&#8217;\u00e9tudes, signature d&#8217;un contrat, refus r\u00e9p\u00e9t\u00e9 de justificatifs, d\u00e9part du foyer, changement de revenus.<\/p>\n<p>Quatri\u00e8me erreur : produire des captures de r\u00e9seaux sociaux au lieu de pi\u00e8ces utiles. Une photo de vacances ne prouve pas l&#8217;autonomie financi\u00e8re. Un contrat de travail, une fiche de paie ou une attestation d&#8217;inscription non renouvel\u00e9e p\u00e8se davantage.<\/p>\n<p>Cinqui\u00e8me erreur : oublier le risque p\u00e9nal. Une pension fix\u00e9e par d\u00e9cision de justice et non pay\u00e9e peut faire na\u00eetre un contentieux distinct. Avant d&#8217;interrompre les paiements, il faut v\u00e9rifier le titre, les dates, le montant et l&#8217;existence d&#8217;une d\u00e9cision modifi\u00e9e.<\/p>\n<h2>Les erreurs fr\u00e9quentes du parent cr\u00e9ancier<\/h2>\n<p>Le parent qui re\u00e7oit la pension doit aussi pr\u00e9parer son dossier. Il ne suffit pas d&#8217;\u00e9crire que l&#8217;enfant est \u00e9tudiant. Il faut montrer le besoin r\u00e9el.<\/p>\n<p>Les pi\u00e8ces les plus utiles sont les certificats d&#8217;inscription, les relev\u00e9s de frais, le bail, les charges, les d\u00e9penses de transport, les justificatifs de bourse et les revenus de l&#8217;enfant. Si l&#8217;enfant a redoubl\u00e9, chang\u00e9 de fili\u00e8re ou interrompu son ann\u00e9e, il faut l&#8217;expliquer. Le juge peut comprendre une r\u00e9orientation. Il comprend moins bien un silence complet.<\/p>\n<p>Lorsque l&#8217;enfant ne veut pas transmettre ses pi\u00e8ces, le parent cr\u00e9ancier doit garder la trace de ses demandes. Le dossier ne doit pas donner l&#8217;impression que la pension est r\u00e9clam\u00e9e par inertie, sans v\u00e9rification de la situation actuelle.<\/p>\n<h2>Ce que les concurrents couvrent moins<\/h2>\n<p>Le benchmark r\u00e9alis\u00e9 au <code>playwright-cli<\/code> montre trois approches. Service-Public explique qui peut demander une pension pour enfant majeur et cite les justificatifs g\u00e9n\u00e9raux. Justifit traite l&#8217;angle &#8220;sans justificatif&#8221; avec une FAQ accessible. LMB Avocats rappelle utilement que l&#8217;obligation ne cesse pas \u00e0 18 ans et \u00e9voque les risques d&#8217;arr\u00eat unilat\u00e9ral.<\/p>\n<p>L&#8217;espace \u00e9ditorial restant est plus op\u00e9rationnel : transformer le sujet en dossier JAF exploitable. Notre angle ajoute une m\u00e9thode de preuve, une strat\u00e9gie de demande, la distinction parent cr\u00e9ancier \/ parent d\u00e9biteur, le versement direct \u00e0 l&#8217;enfant majeur, et la d\u00e9clinaison Paris \/ \u00cele-de-France.<\/p>\n<p>Pour les situations proches, vous pouvez consulter notre page sur la <a href=\"https:\/\/kohenavocats.com\/avocats-droit-famille-paris\/avocats-pension-alimentaire-enfant-paris\/\">pension alimentaire \u00e0 Paris<\/a>, notre guide sur le <a href=\"https:\/\/kohenavocats.com\/calcul-pension-alimentaire-bareme-garde-alternee-revenus-simulateur\/\">calcul de la pension alimentaire<\/a> et notre article sur la <a href=\"https:\/\/kohenavocats.com\/pension-alimentaire-non-payee-droit-visite-refuser-enfant-aripa-plainte\/\">pension alimentaire non pay\u00e9e et le droit de visite<\/a>.<\/p>\n<p>Nous avons aussi publi\u00e9 une d\u00e9clinaison locale : <a href=\"https:\/\/kohenavocats.fr\/2026\/04\/24\/pension-alimentaire-enfant-majeur-paris-ile-de-france-jaf-pieces\/\">pension alimentaire pour enfant majeur \u00e0 Paris et en \u00cele-de-France<\/a>.<\/p>\n<h2>Besoin d&#8217;un avis rapide sur votre dossier<\/h2>\n<p>Le cabinet peut organiser une consultation t\u00e9l\u00e9phonique sous 48 heures avec un avocat pour v\u00e9rifier si la pension alimentaire d&#8217;un enfant majeur doit \u00eatre maintenue, r\u00e9duite, vers\u00e9e directement ou supprim\u00e9e.<\/p>\n<p>Nous analysons le jugement existant, les justificatifs d&#8217;\u00e9tudes, les ressources de l&#8217;enfant, les revenus des parents et la strat\u00e9gie de saisine du JAF.<\/p>\n<p>Appelez le cabinet au <a href=\"tel:+33689113445\">06 89 11 34 45<\/a> ou utilisez la <a href=\"https:\/\/kohenavocats.com\/contactez-nous\/\">page contact<\/a>.<\/p>\n","protected":false},"excerpt":{"rendered":"<p>Enfant majeur \u00e9tudiant, absence de justificatifs, versement direct ou suppression : les r\u00e9flexes \u00e0 adopter avant de modifier une pension alimentaire.<\/p>\n","protected":false},"author":232070755,"featured_media":9502,"comment_status":"open","ping_status":"open","sticky":false,"template":"","format":"standard","meta":{"_crdt_document":"","_jetpack_newsletter_access":"","_jetpack_dont_email_post_to_subs":false,"_jetpack_newsletter_tier_id":0,"_jetpack_memberships_contains_paywalled_content":false,"_kj_source_type":"","_kj_official_id":"","_kj_official_url":"","_kj_judilibre_id":"","_kj_jur":"","_kj_lieu":"","_kj_chambre":"","_kj_rg":"","_kj_date":"","_jetpack_memberships_contains_paid_content":false,"footnotes":"","jetpack_post_was_ever_published":false},"categories":[6995,6581,7123,6580,6719,6718,6992],"tags":[],"class_list":["post-674272","post","type-post","status-publish","format-standard","has-post-thumbnail","hentry","category-decryptage","category-droit-de-la-famille","category-droit-du-travail","category-droit-social","category-famille","category-social","category-travail"],"yoast_head":"<!-- This site is optimized with the Yoast SEO Premium plugin v27.5 (Yoast SEO v27.5) - https:\/\/yoast.com\/product\/yoast-seo-premium-wordpress\/ -->\n<title>Pension alimentaire pour enfant majeur \u00e9tudiant : justificatifs, suppression et erreurs \u00e0 \u00e9viter - Ma\u00eetre Hassan Kohen, avocat en droit p\u00e9nal \u00e0 Paris<\/title>\n<meta name=\"robots\" content=\"index, follow, max-snippet:-1, max-image-preview:large, max-video-preview:-1\" \/>\n<link rel=\"canonical\" href=\"https:\/\/kohenavocats.com\/ar\/pension-alimentaire-enfant-majeur-etudiant-justificatifs-suppression\/\" \/>\n<meta property=\"og:locale\" content=\"ar_AR\" \/>\n<meta property=\"og:type\" content=\"article\" \/>\n<meta property=\"og:title\" content=\"Pension alimentaire pour enfant majeur \u00e9tudiant : justificatifs, suppression et erreurs \u00e0 \u00e9viter\" \/>\n<meta property=\"og:description\" content=\"Enfant majeur \u00e9tudiant, absence de justificatifs, versement direct ou suppression : les r\u00e9flexes \u00e0 adopter avant de modifier une pension alimentaire.\" \/>\n<meta property=\"og:url\" content=\"https:\/\/kohenavocats.com\/ar\/pension-alimentaire-enfant-majeur-etudiant-justificatifs-suppression\/\" \/>\n<meta property=\"og:site_name\" content=\"Ma\u00eetre Hassan Kohen, avocat en droit p\u00e9nal \u00e0 Paris\" \/>\n<meta property=\"article:published_time\" content=\"2026-04-24T16:36:29+00:00\" \/>\n<meta property=\"article:modified_time\" content=\"2026-04-26T15:26:04+00:00\" \/>\n<meta property=\"og:image\" content=\"https:\/\/kohenavocats.com\/wp-content\/uploads\/2024\/11\/getty-images-Q3a9uErAXXo-unsplash.webp\" \/>\n\t<meta property=\"og:image:width\" content=\"1742\" \/>\n\t<meta property=\"og:image:height\" content=\"2500\" \/>\n\t<meta property=\"og:image:type\" content=\"image\/webp\" \/>\n<meta name=\"author\" content=\"Kohen\" \/>\n<meta name=\"twitter:card\" content=\"summary_large_image\" \/>\n<meta name=\"twitter:label1\" content=\"\u0643\u064f\u062a\u0628 \u0628\u0648\u0627\u0633\u0637\u0629\" \/>\n\t<meta name=\"twitter:data1\" content=\"Kohen\" \/>\n\t<meta name=\"twitter:label2\" content=\"\u0648\u0642\u062a \u0627\u0644\u0642\u0631\u0627\u0621\u0629 \u0627\u0644\u0645\u064f\u0642\u062f\u0651\u0631\" \/>\n\t<meta name=\"twitter:data2\" content=\"9 \u062f\u0642\u0627\u0626\u0642\" \/>\n<script type=\"application\/ld+json\" class=\"yoast-schema-graph\">{\"@context\":\"https:\\\/\\\/schema.org\",\"@graph\":[{\"@type\":\"Article\",\"@id\":\"https:\\\/\\\/kohenavocats.com\\\/ar\\\/pension-alimentaire-enfant-majeur-etudiant-justificatifs-suppression\\\/#article\",\"isPartOf\":{\"@id\":\"https:\\\/\\\/kohenavocats.com\\\/ar\\\/pension-alimentaire-enfant-majeur-etudiant-justificatifs-suppression\\\/\"},\"author\":{\"name\":\"Kohen\",\"@id\":\"https:\\\/\\\/kohenavocats.com\\\/ar\\\/#\\\/schema\\\/person\\\/761c9ba54fa1ca84d405cef0831ff751\"},\"headline\":\"Pension alimentaire pour enfant majeur \u00e9tudiant : justificatifs, suppression et erreurs \u00e0 \u00e9viter\",\"datePublished\":\"2026-04-24T16:36:29+00:00\",\"dateModified\":\"2026-04-26T15:26:04+00:00\",\"mainEntityOfPage\":{\"@id\":\"https:\\\/\\\/kohenavocats.com\\\/ar\\\/pension-alimentaire-enfant-majeur-etudiant-justificatifs-suppression\\\/\"},\"wordCount\":1905,\"commentCount\":0,\"publisher\":{\"@id\":\"https:\\\/\\\/kohenavocats.com\\\/ar\\\/#organization\"},\"image\":{\"@id\":\"https:\\\/\\\/kohenavocats.com\\\/ar\\\/pension-alimentaire-enfant-majeur-etudiant-justificatifs-suppression\\\/#primaryimage\"},\"thumbnailUrl\":\"https:\\\/\\\/kohenavocats.com\\\/wp-content\\\/uploads\\\/2024\\\/11\\\/getty-images-Q3a9uErAXXo-unsplash.webp\",\"articleSection\":[\"D\u00e9cryptage\",\"Droit de la Famille\",\"Droit du travail\",\"Droit Social\",\"Famille\",\"Social\",\"Travail\"],\"inLanguage\":\"ar\",\"potentialAction\":[{\"@type\":\"CommentAction\",\"name\":\"Comment\",\"target\":[\"https:\\\/\\\/kohenavocats.com\\\/ar\\\/pension-alimentaire-enfant-majeur-etudiant-justificatifs-suppression\\\/#respond\"]}],\"citation\":\"Pension alimentaire pour enfant majeur \u00e9tudiant : justificatifs, suppression et erreurs \u00e0 \u00e9viter\",\"about\":[{\"@type\":\"Thing\",\"name\":\"D\u00e9cryptage\"},{\"@type\":\"Thing\",\"name\":\"Droit de la Famille\"},{\"@type\":\"Thing\",\"name\":\"Droit du travail\"},{\"@type\":\"Thing\",\"name\":\"Droit Social\"},{\"@type\":\"Thing\",\"name\":\"Famille\"},{\"@type\":\"Thing\",\"name\":\"Social\"},{\"@type\":\"Thing\",\"name\":\"Travail\"}],\"speakable\":{\"@type\":\"SpeakableSpecification\",\"cssSelector\":[\".article-content > p:first-of-type\"]}},{\"@type\":\"WebPage\",\"@id\":\"https:\\\/\\\/kohenavocats.com\\\/ar\\\/pension-alimentaire-enfant-majeur-etudiant-justificatifs-suppression\\\/\",\"url\":\"https:\\\/\\\/kohenavocats.com\\\/ar\\\/pension-alimentaire-enfant-majeur-etudiant-justificatifs-suppression\\\/\",\"name\":\"Pension alimentaire pour enfant majeur \u00e9tudiant : justificatifs, suppression et erreurs \u00e0 \u00e9viter - Ma\u00eetre Hassan Kohen, avocat en droit p\u00e9nal \u00e0 Paris\",\"isPartOf\":{\"@id\":\"https:\\\/\\\/kohenavocats.com\\\/ar\\\/#website\"},\"primaryImageOfPage\":{\"@id\":\"https:\\\/\\\/kohenavocats.com\\\/ar\\\/pension-alimentaire-enfant-majeur-etudiant-justificatifs-suppression\\\/#primaryimage\"},\"image\":{\"@id\":\"https:\\\/\\\/kohenavocats.com\\\/ar\\\/pension-alimentaire-enfant-majeur-etudiant-justificatifs-suppression\\\/#primaryimage\"},\"thumbnailUrl\":\"https:\\\/\\\/kohenavocats.com\\\/wp-content\\\/uploads\\\/2024\\\/11\\\/getty-images-Q3a9uErAXXo-unsplash.webp\",\"datePublished\":\"2026-04-24T16:36:29+00:00\",\"dateModified\":\"2026-04-26T15:26:04+00:00\",\"breadcrumb\":{\"@id\":\"https:\\\/\\\/kohenavocats.com\\\/ar\\\/pension-alimentaire-enfant-majeur-etudiant-justificatifs-suppression\\\/#breadcrumb\"},\"inLanguage\":\"ar\",\"potentialAction\":[{\"@type\":\"ReadAction\",\"target\":[\"https:\\\/\\\/kohenavocats.com\\\/ar\\\/pension-alimentaire-enfant-majeur-etudiant-justificatifs-suppression\\\/\"]}]},{\"@type\":\"ImageObject\",\"inLanguage\":\"ar\",\"@id\":\"https:\\\/\\\/kohenavocats.com\\\/ar\\\/pension-alimentaire-enfant-majeur-etudiant-justificatifs-suppression\\\/#primaryimage\",\"url\":\"https:\\\/\\\/kohenavocats.com\\\/wp-content\\\/uploads\\\/2024\\\/11\\\/getty-images-Q3a9uErAXXo-unsplash.webp\",\"contentUrl\":\"https:\\\/\\\/kohenavocats.com\\\/wp-content\\\/uploads\\\/2024\\\/11\\\/getty-images-Q3a9uErAXXo-unsplash.webp\",\"width\":1742,\"height\":2500},{\"@type\":\"BreadcrumbList\",\"@id\":\"https:\\\/\\\/kohenavocats.com\\\/ar\\\/pension-alimentaire-enfant-majeur-etudiant-justificatifs-suppression\\\/#breadcrumb\",\"itemListElement\":[{\"@type\":\"ListItem\",\"position\":1,\"name\":\"Home\",\"item\":\"https:\\\/\\\/kohenavocats.com\\\/ar\\\/%d9%85%d8%ad%d8%a7%d9%85%d9%88%d9%86-%d9%85%d8%aa%d8%ae%d8%b5%d8%b5%d9%88%d9%86-%d9%81%d9%8a-%d8%a7%d9%84%d9%82%d8%a7%d9%86%d9%88%d9%86-%d8%a7%d9%84%d8%ac%d9%86%d8%a7%d8%a6%d9%8a-%d8%a8%d8%a8%d8%a7\\\/\"},{\"@type\":\"ListItem\",\"position\":2,\"name\":\"Pension alimentaire pour enfant majeur \u00e9tudiant : justificatifs, suppression et erreurs \u00e0 \u00e9viter\"}]},{\"@type\":\"WebSite\",\"@id\":\"https:\\\/\\\/kohenavocats.com\\\/ar\\\/#website\",\"url\":\"https:\\\/\\\/kohenavocats.com\\\/ar\\\/\",\"name\":\"Kohen Avocats\",\"description\":\"Ma\u00eetre Hassan Kohen, avocat p\u00e9naliste \u00e0 Paris, intervient exclusivement en droit p\u00e9nal pour la d\u00e9fense des particuliers, notamment en mati\u00e8re d\u2019accusations de viol. Il assure un accompagnement rigoureux d\u00e8s la garde \u00e0 vue jusqu\u2019\u00e0 la Cour d\u2019assises, veillant au strict respect des garanties proc\u00e9durales.\",\"publisher\":{\"@id\":\"https:\\\/\\\/kohenavocats.com\\\/ar\\\/#organization\"},\"potentialAction\":[{\"@type\":\"SearchAction\",\"target\":{\"@type\":\"EntryPoint\",\"urlTemplate\":\"https:\\\/\\\/kohenavocats.com\\\/ar\\\/?s={search_term_string}\"},\"query-input\":{\"@type\":\"PropertyValueSpecification\",\"valueRequired\":true,\"valueName\":\"search_term_string\"}}],\"inLanguage\":\"ar\"},{\"@type\":\"Organization\",\"@id\":\"https:\\\/\\\/kohenavocats.com\\\/ar\\\/#organization\",\"name\":\"Kohen Avocats\",\"url\":\"https:\\\/\\\/kohenavocats.com\\\/ar\\\/\",\"logo\":{\"@type\":\"ImageObject\",\"inLanguage\":\"ar\",\"@id\":\"https:\\\/\\\/kohenavocats.com\\\/ar\\\/#\\\/schema\\\/logo\\\/image\\\/\",\"url\":\"https:\\\/\\\/kohenavocats.com\\\/wp-content\\\/uploads\\\/2026\\\/01\\\/Logo-2-1.webp\",\"contentUrl\":\"https:\\\/\\\/kohenavocats.com\\\/wp-content\\\/uploads\\\/2026\\\/01\\\/Logo-2-1.webp\",\"width\":2114,\"height\":1253,\"caption\":\"Kohen Avocats\"},\"image\":{\"@id\":\"https:\\\/\\\/kohenavocats.com\\\/ar\\\/#\\\/schema\\\/logo\\\/image\\\/\"}},{\"@type\":\"Person\",\"@id\":\"https:\\\/\\\/kohenavocats.com\\\/ar\\\/#\\\/schema\\\/person\\\/761c9ba54fa1ca84d405cef0831ff751\",\"name\":\"Kohen\",\"image\":{\"@type\":\"ImageObject\",\"inLanguage\":\"ar\",\"@id\":\"https:\\\/\\\/secure.gravatar.com\\\/avatar\\\/1c5e76ef76bbbfdd2b4da984e2bf2fa4056fd51a27d25ce2c332047f1dfd6e00?s=96&d=identicon&r=g\",\"url\":\"https:\\\/\\\/secure.gravatar.com\\\/avatar\\\/1c5e76ef76bbbfdd2b4da984e2bf2fa4056fd51a27d25ce2c332047f1dfd6e00?s=96&d=identicon&r=g\",\"contentUrl\":\"https:\\\/\\\/secure.gravatar.com\\\/avatar\\\/1c5e76ef76bbbfdd2b4da984e2bf2fa4056fd51a27d25ce2c332047f1dfd6e00?s=96&d=identicon&r=g\",\"caption\":\"Kohen\"},\"sameAs\":[\"https:\\\/\\\/www.linkedin.com\\\/in\\\/hassan-kohen-448548192\\\/\",\"https:\\\/\\\/www.youtube.com\\\/@Kohen-Avocats\"],\"url\":\"https:\\\/\\\/kohenavocats.com\\\/ar\\\/author\\\/kohenmlk\\\/\"}]}<\/script>\n<!-- \/ Yoast SEO Premium plugin. -->","yoast_head_json":{"title":"Pension alimentaire pour enfant majeur \u00e9tudiant : justificatifs, suppression et erreurs \u00e0 \u00e9viter - Ma\u00eetre Hassan Kohen, avocat en droit p\u00e9nal \u00e0 Paris","robots":{"index":"index","follow":"follow","max-snippet":"max-snippet:-1","max-image-preview":"max-image-preview:large","max-video-preview":"max-video-preview:-1"},"canonical":"https:\/\/kohenavocats.com\/ar\/pension-alimentaire-enfant-majeur-etudiant-justificatifs-suppression\/","og_locale":"ar_AR","og_type":"article","og_title":"Pension alimentaire pour enfant majeur \u00e9tudiant : justificatifs, suppression et erreurs \u00e0 \u00e9viter","og_description":"Enfant majeur \u00e9tudiant, absence de justificatifs, versement direct ou suppression : les r\u00e9flexes \u00e0 adopter avant de modifier une pension alimentaire.","og_url":"https:\/\/kohenavocats.com\/ar\/pension-alimentaire-enfant-majeur-etudiant-justificatifs-suppression\/","og_site_name":"Ma\u00eetre Hassan Kohen, avocat en droit p\u00e9nal \u00e0 Paris","article_published_time":"2026-04-24T16:36:29+00:00","article_modified_time":"2026-04-26T15:26:04+00:00","og_image":[{"width":1742,"height":2500,"url":"https:\/\/kohenavocats.com\/wp-content\/uploads\/2024\/11\/getty-images-Q3a9uErAXXo-unsplash.webp","type":"image\/webp"}],"author":"Kohen","twitter_card":"summary_large_image","twitter_misc":{"\u0643\u064f\u062a\u0628 \u0628\u0648\u0627\u0633\u0637\u0629":"Kohen","\u0648\u0642\u062a \u0627\u0644\u0642\u0631\u0627\u0621\u0629 \u0627\u0644\u0645\u064f\u0642\u062f\u0651\u0631":"9 \u062f\u0642\u0627\u0626\u0642"},"schema":{"@context":"https:\/\/schema.org","@graph":[{"@type":"Article","@id":"https:\/\/kohenavocats.com\/ar\/pension-alimentaire-enfant-majeur-etudiant-justificatifs-suppression\/#article","isPartOf":{"@id":"https:\/\/kohenavocats.com\/ar\/pension-alimentaire-enfant-majeur-etudiant-justificatifs-suppression\/"},"author":{"name":"Kohen","@id":"https:\/\/kohenavocats.com\/ar\/#\/schema\/person\/761c9ba54fa1ca84d405cef0831ff751"},"headline":"Pension alimentaire pour enfant majeur \u00e9tudiant : justificatifs, suppression et erreurs \u00e0 \u00e9viter","datePublished":"2026-04-24T16:36:29+00:00","dateModified":"2026-04-26T15:26:04+00:00","mainEntityOfPage":{"@id":"https:\/\/kohenavocats.com\/ar\/pension-alimentaire-enfant-majeur-etudiant-justificatifs-suppression\/"},"wordCount":1905,"commentCount":0,"publisher":{"@id":"https:\/\/kohenavocats.com\/ar\/#organization"},"image":{"@id":"https:\/\/kohenavocats.com\/ar\/pension-alimentaire-enfant-majeur-etudiant-justificatifs-suppression\/#primaryimage"},"thumbnailUrl":"https:\/\/kohenavocats.com\/wp-content\/uploads\/2024\/11\/getty-images-Q3a9uErAXXo-unsplash.webp","articleSection":["D\u00e9cryptage","Droit de la Famille","Droit du travail","Droit Social","Famille","Social","Travail"],"inLanguage":"ar","potentialAction":[{"@type":"CommentAction","name":"Comment","target":["https:\/\/kohenavocats.com\/ar\/pension-alimentaire-enfant-majeur-etudiant-justificatifs-suppression\/#respond"]}],"citation":"Pension alimentaire pour enfant majeur \u00e9tudiant : justificatifs, suppression et erreurs \u00e0 \u00e9viter","about":[{"@type":"Thing","name":"D\u00e9cryptage"},{"@type":"Thing","name":"Droit de la Famille"},{"@type":"Thing","name":"Droit du travail"},{"@type":"Thing","name":"Droit Social"},{"@type":"Thing","name":"Famille"},{"@type":"Thing","name":"Social"},{"@type":"Thing","name":"Travail"}],"speakable":{"@type":"SpeakableSpecification","cssSelector":[".article-content > p:first-of-type"]}},{"@type":"WebPage","@id":"https:\/\/kohenavocats.com\/ar\/pension-alimentaire-enfant-majeur-etudiant-justificatifs-suppression\/","url":"https:\/\/kohenavocats.com\/ar\/pension-alimentaire-enfant-majeur-etudiant-justificatifs-suppression\/","name":"Pension alimentaire pour enfant majeur \u00e9tudiant : justificatifs, suppression et erreurs \u00e0 \u00e9viter - Ma\u00eetre Hassan Kohen, avocat en droit p\u00e9nal \u00e0 Paris","isPartOf":{"@id":"https:\/\/kohenavocats.com\/ar\/#website"},"primaryImageOfPage":{"@id":"https:\/\/kohenavocats.com\/ar\/pension-alimentaire-enfant-majeur-etudiant-justificatifs-suppression\/#primaryimage"},"image":{"@id":"https:\/\/kohenavocats.com\/ar\/pension-alimentaire-enfant-majeur-etudiant-justificatifs-suppression\/#primaryimage"},"thumbnailUrl":"https:\/\/kohenavocats.com\/wp-content\/uploads\/2024\/11\/getty-images-Q3a9uErAXXo-unsplash.webp","datePublished":"2026-04-24T16:36:29+00:00","dateModified":"2026-04-26T15:26:04+00:00","breadcrumb":{"@id":"https:\/\/kohenavocats.com\/ar\/pension-alimentaire-enfant-majeur-etudiant-justificatifs-suppression\/#breadcrumb"},"inLanguage":"ar","potentialAction":[{"@type":"ReadAction","target":["https:\/\/kohenavocats.com\/ar\/pension-alimentaire-enfant-majeur-etudiant-justificatifs-suppression\/"]}]},{"@type":"ImageObject","inLanguage":"ar","@id":"https:\/\/kohenavocats.com\/ar\/pension-alimentaire-enfant-majeur-etudiant-justificatifs-suppression\/#primaryimage","url":"https:\/\/kohenavocats.com\/wp-content\/uploads\/2024\/11\/getty-images-Q3a9uErAXXo-unsplash.webp","contentUrl":"https:\/\/kohenavocats.com\/wp-content\/uploads\/2024\/11\/getty-images-Q3a9uErAXXo-unsplash.webp","width":1742,"height":2500},{"@type":"BreadcrumbList","@id":"https:\/\/kohenavocats.com\/ar\/pension-alimentaire-enfant-majeur-etudiant-justificatifs-suppression\/#breadcrumb","itemListElement":[{"@type":"ListItem","position":1,"name":"Home","item":"https:\/\/kohenavocats.com\/ar\/%d9%85%d8%ad%d8%a7%d9%85%d9%88%d9%86-%d9%85%d8%aa%d8%ae%d8%b5%d8%b5%d9%88%d9%86-%d9%81%d9%8a-%d8%a7%d9%84%d9%82%d8%a7%d9%86%d9%88%d9%86-%d8%a7%d9%84%d8%ac%d9%86%d8%a7%d8%a6%d9%8a-%d8%a8%d8%a8%d8%a7\/"},{"@type":"ListItem","position":2,"name":"Pension alimentaire pour enfant majeur \u00e9tudiant : justificatifs, suppression et erreurs \u00e0 \u00e9viter"}]},{"@type":"WebSite","@id":"https:\/\/kohenavocats.com\/ar\/#website","url":"https:\/\/kohenavocats.com\/ar\/","name":"Kohen Avocats","description":"Ma\u00eetre Hassan Kohen, avocat p\u00e9naliste \u00e0 Paris, intervient exclusivement en droit p\u00e9nal pour la d\u00e9fense des particuliers, notamment en mati\u00e8re d\u2019accusations de viol. Il assure un accompagnement rigoureux d\u00e8s la garde \u00e0 vue jusqu\u2019\u00e0 la Cour d\u2019assises, veillant au strict respect des garanties proc\u00e9durales.","publisher":{"@id":"https:\/\/kohenavocats.com\/ar\/#organization"},"potentialAction":[{"@type":"SearchAction","target":{"@type":"EntryPoint","urlTemplate":"https:\/\/kohenavocats.com\/ar\/?s={search_term_string}"},"query-input":{"@type":"PropertyValueSpecification","valueRequired":true,"valueName":"search_term_string"}}],"inLanguage":"ar"},{"@type":"Organization","@id":"https:\/\/kohenavocats.com\/ar\/#organization","name":"Kohen Avocats","url":"https:\/\/kohenavocats.com\/ar\/","logo":{"@type":"ImageObject","inLanguage":"ar","@id":"https:\/\/kohenavocats.com\/ar\/#\/schema\/logo\/image\/","url":"https:\/\/kohenavocats.com\/wp-content\/uploads\/2026\/01\/Logo-2-1.webp","contentUrl":"https:\/\/kohenavocats.com\/wp-content\/uploads\/2026\/01\/Logo-2-1.webp","width":2114,"height":1253,"caption":"Kohen Avocats"},"image":{"@id":"https:\/\/kohenavocats.com\/ar\/#\/schema\/logo\/image\/"}},{"@type":"Person","@id":"https:\/\/kohenavocats.com\/ar\/#\/schema\/person\/761c9ba54fa1ca84d405cef0831ff751","name":"Kohen","image":{"@type":"ImageObject","inLanguage":"ar","@id":"https:\/\/secure.gravatar.com\/avatar\/1c5e76ef76bbbfdd2b4da984e2bf2fa4056fd51a27d25ce2c332047f1dfd6e00?s=96&d=identicon&r=g","url":"https:\/\/secure.gravatar.com\/avatar\/1c5e76ef76bbbfdd2b4da984e2bf2fa4056fd51a27d25ce2c332047f1dfd6e00?s=96&d=identicon&r=g","contentUrl":"https:\/\/secure.gravatar.com\/avatar\/1c5e76ef76bbbfdd2b4da984e2bf2fa4056fd51a27d25ce2c332047f1dfd6e00?s=96&d=identicon&r=g","caption":"Kohen"},"sameAs":["https:\/\/www.linkedin.com\/in\/hassan-kohen-448548192\/","https:\/\/www.youtube.com\/@Kohen-Avocats"],"url":"https:\/\/kohenavocats.com\/ar\/author\/kohenmlk\/"}]}},"jetpack_featured_media_url":"https:\/\/kohenavocats.com\/wp-content\/uploads\/2024\/11\/getty-images-Q3a9uErAXXo-unsplash.webp","jetpack_likes_enabled":false,"jetpack_shortlink":"https:\/\/wp.me\/peCrII-2Ppm","jetpack-related-posts":[{"id":723797,"url":"https:\/\/kohenavocats.com\/ar\/pension-alimentaire-impots-2026-declaration-separation-erreur\/","url_meta":{"origin":674272,"position":0},"title":"Pension alimentaire non d\u00e9clar\u00e9e aux imp\u00f4ts en 2026 : que faire apr\u00e8s une s\u00e9paration ?","author":"Kohen","date":"28 \u0623\u0628\u0631\u064a\u0644\u060c 2026","format":false,"excerpt":"Pension alimentaire et imp\u00f4ts 2026 : que d\u00e9clarer apr\u00e8s une s\u00e9paration, comment corriger une erreur, et comment choisir entre rattachement fiscal et pension pour un enfant majeur.","rel":"","context":"\u0641\u064a &quot;D\u00e9cryptage&quot;","block_context":{"text":"D\u00e9cryptage","link":"https:\/\/kohenavocats.com\/category\/decryptage\/"},"img":{"alt_text":"","src":"https:\/\/i0.wp.com\/kohenavocats.com\/wp-content\/uploads\/2024\/06\/the-free-birds-9nGaQJjAAng-unsplash.webp?resize=350%2C200&ssl=1","width":350,"height":200,"srcset":"https:\/\/i0.wp.com\/kohenavocats.com\/wp-content\/uploads\/2024\/06\/the-free-birds-9nGaQJjAAng-unsplash.webp?resize=350%2C200&ssl=1 1x, https:\/\/i0.wp.com\/kohenavocats.com\/wp-content\/uploads\/2024\/06\/the-free-birds-9nGaQJjAAng-unsplash.webp?resize=525%2C300&ssl=1 1.5x, https:\/\/i0.wp.com\/kohenavocats.com\/wp-content\/uploads\/2024\/06\/the-free-birds-9nGaQJjAAng-unsplash.webp?resize=700%2C400&ssl=1 2x, https:\/\/i0.wp.com\/kohenavocats.com\/wp-content\/uploads\/2024\/06\/the-free-birds-9nGaQJjAAng-unsplash.webp?resize=1050%2C600&ssl=1 3x, https:\/\/i0.wp.com\/kohenavocats.com\/wp-content\/uploads\/2024\/06\/the-free-birds-9nGaQJjAAng-unsplash.webp?resize=1400%2C800&ssl=1 4x"},"classes":[]},{"id":737104,"url":"https:\/\/kohenavocats.com\/ar\/caf-garde-alternee-allocations-familiales-cmg-apl-recours\/","url_meta":{"origin":674272,"position":1},"title":"CAF et garde altern\u00e9e 2026 : allocations familiales, CMG, APL, que faire si l&#8217;autre parent refuse ?","author":"Kohen","date":"28 \u0623\u0628\u0631\u064a\u0644\u060c 2026","format":false,"excerpt":"Parents s\u00e9par\u00e9s : ce qui peut \u00eatre partag\u00e9 \u00e0 la CAF en garde altern\u00e9e, ce qui ne l'est pas, et quand saisir le JAF si l'autre parent bloque.","rel":"","context":"\u0641\u064a &quot;D\u00e9cryptage&quot;","block_context":{"text":"D\u00e9cryptage","link":"https:\/\/kohenavocats.com\/category\/decryptage\/"},"img":{"alt_text":"","src":"https:\/\/i0.wp.com\/kohenavocats.com\/wp-content\/uploads\/2024\/08\/alexandre-brondino-jCxM7spcAWY-unsplash.webp?resize=350%2C200&ssl=1","width":350,"height":200,"srcset":"https:\/\/i0.wp.com\/kohenavocats.com\/wp-content\/uploads\/2024\/08\/alexandre-brondino-jCxM7spcAWY-unsplash.webp?resize=350%2C200&ssl=1 1x, https:\/\/i0.wp.com\/kohenavocats.com\/wp-content\/uploads\/2024\/08\/alexandre-brondino-jCxM7spcAWY-unsplash.webp?resize=525%2C300&ssl=1 1.5x, https:\/\/i0.wp.com\/kohenavocats.com\/wp-content\/uploads\/2024\/08\/alexandre-brondino-jCxM7spcAWY-unsplash.webp?resize=700%2C400&ssl=1 2x, https:\/\/i0.wp.com\/kohenavocats.com\/wp-content\/uploads\/2024\/08\/alexandre-brondino-jCxM7spcAWY-unsplash.webp?resize=1050%2C600&ssl=1 3x, https:\/\/i0.wp.com\/kohenavocats.com\/wp-content\/uploads\/2024\/08\/alexandre-brondino-jCxM7spcAWY-unsplash.webp?resize=1400%2C800&ssl=1 4x"},"classes":[]},{"id":544612,"url":"https:\/\/kohenavocats.com\/ar\/cour-de-cassation-du-maroc-chambre-du-statut-personnel-23-mars-2021-n-2021-156\/","url_meta":{"origin":674272,"position":2},"title":"Cour de cassation du Maroc, chambre du statut personnel, 23 mars 2021, n\u00b0 2021\/156","author":"Kohen","date":"9 \u0623\u0628\u0631\u064a\u0644\u060c 2026","format":false,"excerpt":"Cour de cassation du Royaume du Maroc Chambre du statut personnel Arr\u00eat n\u00b0 2021\/156 du 23 mars 2021 \u2014 Dossier n\u00b0 2018\/1\/2\/422 Version fran\u00e7aise \u0627\u0644\u0646\u0633\u062e\u0629 \u0627\u0644\u0639\u0631\u0628\u064a\u0629 Arr\u00eat n\u00b0 156Rendu le 23 mars 2021Dans le dossier de statut personnel n\u00b0 2018\/1\/2\/422Pension alimentaire - Conditions de sa r\u00e9vision.La r\u00e9vision de la pension\u2026","rel":"","context":"\u0641\u064a &quot;Chambre du statut personnel (Maroc)&quot;","block_context":{"text":"Chambre du statut personnel (Maroc)","link":"https:\/\/kohenavocats.com\/category\/jurisprudence-marocaine\/chambre-du-statut-personnel-maroc\/"},"img":{"alt_text":"","src":"https:\/\/i0.wp.com\/kohenavocats.com\/wp-content\/uploads\/2024\/08\/daphne-be-frenchie-atTJIQ5kk3E-unsplash.webp?resize=350%2C200&ssl=1","width":350,"height":200,"srcset":"https:\/\/i0.wp.com\/kohenavocats.com\/wp-content\/uploads\/2024\/08\/daphne-be-frenchie-atTJIQ5kk3E-unsplash.webp?resize=350%2C200&ssl=1 1x, https:\/\/i0.wp.com\/kohenavocats.com\/wp-content\/uploads\/2024\/08\/daphne-be-frenchie-atTJIQ5kk3E-unsplash.webp?resize=525%2C300&ssl=1 1.5x, https:\/\/i0.wp.com\/kohenavocats.com\/wp-content\/uploads\/2024\/08\/daphne-be-frenchie-atTJIQ5kk3E-unsplash.webp?resize=700%2C400&ssl=1 2x, https:\/\/i0.wp.com\/kohenavocats.com\/wp-content\/uploads\/2024\/08\/daphne-be-frenchie-atTJIQ5kk3E-unsplash.webp?resize=1050%2C600&ssl=1 3x, https:\/\/i0.wp.com\/kohenavocats.com\/wp-content\/uploads\/2024\/08\/daphne-be-frenchie-atTJIQ5kk3E-unsplash.webp?resize=1400%2C800&ssl=1 4x"},"classes":[]},{"id":737014,"url":"https:\/\/kohenavocats.com\/ar\/tribunal-judiciaire-de-lyon-le-28-janvier-2026-n22-09322\/","url_meta":{"origin":674272,"position":3},"title":"Tribunal judiciaire de Lyon, le 28 janvier 2026, n\u00b022\/09322","author":"Kohen","date":"28 \u0623\u0628\u0631\u064a\u0644\u060c 2026","format":false,"excerpt":"Par un jugement contradictoire rendu le 28 janvier 2026, le tribunal judiciaire de Lyon a statu\u00e9 sur une action relative \u00e0 la filiation et \u00e0 ses...","rel":"","context":"\u0641\u064a &quot;D\u00e9cisions juridiques&quot;","block_context":{"text":"D\u00e9cisions juridiques","link":"https:\/\/kohenavocats.com\/category\/decisions-juridiques\/"},"img":{"alt_text":"","src":"https:\/\/i0.wp.com\/kohenavocats.com\/wp-content\/uploads\/2024\/08\/pierre-chatel-innocenti-5ASZ_qxS9dQ-unsplash.webp?resize=350%2C200&ssl=1","width":350,"height":200,"srcset":"https:\/\/i0.wp.com\/kohenavocats.com\/wp-content\/uploads\/2024\/08\/pierre-chatel-innocenti-5ASZ_qxS9dQ-unsplash.webp?resize=350%2C200&ssl=1 1x, https:\/\/i0.wp.com\/kohenavocats.com\/wp-content\/uploads\/2024\/08\/pierre-chatel-innocenti-5ASZ_qxS9dQ-unsplash.webp?resize=525%2C300&ssl=1 1.5x, https:\/\/i0.wp.com\/kohenavocats.com\/wp-content\/uploads\/2024\/08\/pierre-chatel-innocenti-5ASZ_qxS9dQ-unsplash.webp?resize=700%2C400&ssl=1 2x, https:\/\/i0.wp.com\/kohenavocats.com\/wp-content\/uploads\/2024\/08\/pierre-chatel-innocenti-5ASZ_qxS9dQ-unsplash.webp?resize=1050%2C600&ssl=1 3x, https:\/\/i0.wp.com\/kohenavocats.com\/wp-content\/uploads\/2024\/08\/pierre-chatel-innocenti-5ASZ_qxS9dQ-unsplash.webp?resize=1400%2C800&ssl=1 4x"},"classes":[]},{"id":724213,"url":"https:\/\/kohenavocats.com\/ar\/tribunal-judiciaire-de-chalons-en-champagne-le-5-fevrier-2026-n25-03373-2\/","url_meta":{"origin":674272,"position":4},"title":"Tribunal judiciaire de Chalons-en-Champagne, le 5 f\u00e9vrier 2026, n\u00b025\/03373","author":"Kohen","date":"28 \u0623\u0628\u0631\u064a\u0644\u060c 2026","format":false,"excerpt":"Le tribunal judiciaire de Ch\u00e2lons-en-Champagne, dans son ordonnance du 5 f\u00e9vrier 2026, a statu\u00e9 sur les mesures provisoires d\u2019un divorce accept\u00e9. Une...","rel":"","context":"\u0641\u064a &quot;D\u00e9cisions juridiques&quot;","block_context":{"text":"D\u00e9cisions juridiques","link":"https:\/\/kohenavocats.com\/category\/decisions-juridiques\/"},"img":{"alt_text":"","src":"https:\/\/i0.wp.com\/kohenavocats.com\/wp-content\/uploads\/2024\/11\/ave-calvar-o6Zd8_PweIA-unsplash.webp?resize=350%2C200&ssl=1","width":350,"height":200,"srcset":"https:\/\/i0.wp.com\/kohenavocats.com\/wp-content\/uploads\/2024\/11\/ave-calvar-o6Zd8_PweIA-unsplash.webp?resize=350%2C200&ssl=1 1x, https:\/\/i0.wp.com\/kohenavocats.com\/wp-content\/uploads\/2024\/11\/ave-calvar-o6Zd8_PweIA-unsplash.webp?resize=525%2C300&ssl=1 1.5x, https:\/\/i0.wp.com\/kohenavocats.com\/wp-content\/uploads\/2024\/11\/ave-calvar-o6Zd8_PweIA-unsplash.webp?resize=700%2C400&ssl=1 2x, https:\/\/i0.wp.com\/kohenavocats.com\/wp-content\/uploads\/2024\/11\/ave-calvar-o6Zd8_PweIA-unsplash.webp?resize=1050%2C600&ssl=1 3x, https:\/\/i0.wp.com\/kohenavocats.com\/wp-content\/uploads\/2024\/11\/ave-calvar-o6Zd8_PweIA-unsplash.webp?resize=1400%2C800&ssl=1 4x"},"classes":[]}],"jetpack_sharing_enabled":true,"_links":{"self":[{"href":"https:\/\/kohenavocats.com\/ar\/wp-json\/wp\/v2\/posts\/674272","targetHints":{"allow":["GET"]}}],"collection":[{"href":"https:\/\/kohenavocats.com\/ar\/wp-json\/wp\/v2\/posts"}],"about":[{"href":"https:\/\/kohenavocats.com\/ar\/wp-json\/wp\/v2\/types\/post"}],"author":[{"embeddable":true,"href":"https:\/\/kohenavocats.com\/ar\/wp-json\/wp\/v2\/users\/232070755"}],"replies":[{"embeddable":true,"href":"https:\/\/kohenavocats.com\/ar\/wp-json\/wp\/v2\/comments?post=674272"}],"version-history":[{"count":1,"href":"https:\/\/kohenavocats.com\/ar\/wp-json\/wp\/v2\/posts\/674272\/revisions"}],"predecessor-version":[{"id":694958,"href":"https:\/\/kohenavocats.com\/ar\/wp-json\/wp\/v2\/posts\/674272\/revisions\/694958"}],"wp:featuredmedia":[{"embeddable":true,"href":"https:\/\/kohenavocats.com\/ar\/wp-json\/wp\/v2\/media\/9502"}],"wp:attachment":[{"href":"https:\/\/kohenavocats.com\/ar\/wp-json\/wp\/v2\/media?parent=674272"}],"wp:term":[{"taxonomy":"category","embeddable":true,"href":"https:\/\/kohenavocats.com\/ar\/wp-json\/wp\/v2\/categories?post=674272"},{"taxonomy":"post_tag","embeddable":true,"href":"https:\/\/kohenavocats.com\/ar\/wp-json\/wp\/v2\/tags?post=674272"}],"curies":[{"name":"wp","href":"https:\/\/api.w.org\/{rel}","templated":true}]}}