{"id":677174,"date":"2026-04-25T02:17:50","date_gmt":"2026-04-25T00:17:50","guid":{"rendered":"https:\/\/kohenavocats.com\/deplafonnement-loyer-bail-commercial-volet-penal-manoeuvres-dirigeant\/"},"modified":"2026-04-25T02:17:50","modified_gmt":"2026-04-25T00:17:50","slug":"deplafonnement-loyer-bail-commercial-volet-penal-manoeuvres-dirigeant","status":"publish","type":"post","link":"https:\/\/kohenavocats.com\/ar\/deplafonnement-loyer-bail-commercial-volet-penal-manoeuvres-dirigeant\/","title":{"rendered":"D\u00e9plafonnement du loyer du bail commercial : volet p\u00e9nal des man\u0153uvres et d\u00e9fense du dirigeant"},"content":{"rendered":"<p>Le contentieux du d\u00e9plafonnement du loyer commercial se d\u00e9ploie principalement devant le juge civil des loyers commerciaux. Il est, dans son ordinaire, technique : l&#8217;expert mesure les facteurs locaux de commercialit\u00e9, le bailleur d\u00e9montre la modification notable, le juge tranche selon la valeur locative. Mais certains dossiers franchissent la fronti\u00e8re. Quand le bailleur produit de fausses attestations, quand l&#8217;expert dissimule un conflit d&#8217;int\u00e9r\u00eats, quand un dirigeant locataire d\u00e9tourne le fonds pour all\u00e9ger la charge locative, l&#8217;affaire peut basculer dans le p\u00e9nal. Cet article expose les hypoth\u00e8ses o\u00f9 le d\u00e9plafonnement croise le droit p\u00e9nal des affaires, et la strat\u00e9gie de d\u00e9fense du dirigeant.<\/p>\n<h2>I. Les man\u0153uvres frauduleuses autour de la valeur locative<\/h2>\n<h3>A. Le faux et usage de faux dans la proc\u00e9dure de d\u00e9plafonnement<\/h3>\n<p>La proc\u00e9dure de fixation du loyer du bail renouvel\u00e9 repose sur des pi\u00e8ces. Le bailleur produit des baux comparatifs, des attestations de chambre de commerce, des \u00e9l\u00e9ments d\u00e9mographiques. L&#8217;expert exploite ces pi\u00e8ces pour son rapport. Le juge en tire la valeur locative. Quand l&#8217;une de ces pi\u00e8ces est falsifi\u00e9e, l&#8217;infraction de faux de l&#8217;article 441-1 du Code p\u00e9nal peut \u00eatre caract\u00e9ris\u00e9e.<\/p>\n<p>Aux termes de l&#8217;article 441-1, alin\u00e9a 1er, du Code p\u00e9nal : \u00ab Constitue un faux toute alt\u00e9ration frauduleuse de la v\u00e9rit\u00e9, de nature \u00e0 causer un pr\u00e9judice et accomplie par quelque moyen que ce soit, dans un \u00e9crit ou tout autre support d&#8217;expression de la pens\u00e9e qui a pour objet ou qui peut avoir pour effet d&#8217;\u00e9tablir la preuve d&#8217;un droit ou d&#8217;un fait ayant des cons\u00e9quences juridiques. \u00bb L&#8217;usage du faux est puni des m\u00eames peines : trois ans d&#8217;emprisonnement et 45 000 euros d&#8217;amende. Le pr\u00e9judice n&#8217;est pas requis pour la consommation : l&#8217;aptitude \u00e0 causer un pr\u00e9judice suffit.<\/p>\n<p>Le bailleur qui produirait dans la proc\u00e9dure de d\u00e9plafonnement de faux baux comparatifs, ou qui falsifierait des attestations sur les flux de chaland, s&#8217;exposerait \u00e0 des poursuites p\u00e9nales. Le pr\u00e9judice du preneur est \u00e9vident : un loyer artificiellement gonfl\u00e9. La constitution de partie civile du preneur sur le fondement des articles 85 et suivants du Code de proc\u00e9dure p\u00e9nale est ouverte.<\/p>\n<h3>B. L&#8217;escroquerie au jugement<\/h3>\n<p>L&#8217;escroquerie est d\u00e9finie par l&#8217;article 313-1 du Code p\u00e9nal : \u00ab L&#8217;escroquerie est le fait, soit par l&#8217;usage d&#8217;un faux nom ou d&#8217;une fausse qualit\u00e9, soit par l&#8217;abus d&#8217;une qualit\u00e9 vraie, soit par l&#8217;emploi de man\u0153uvres frauduleuses, de tromper une personne physique ou morale et de la d\u00e9terminer ainsi, \u00e0 son pr\u00e9judice ou au pr\u00e9judice d&#8217;un tiers, \u00e0 remettre des fonds, des valeurs ou un bien quelconque, \u00e0 fournir un service ou \u00e0 consentir un acte op\u00e9rant obligation ou d\u00e9charge. \u00bb Les peines atteignent cinq ans d&#8217;emprisonnement et 375 000 euros d&#8217;amende.<\/p>\n<p>L&#8217;escroquerie au jugement existe en jurisprudence ancienne. Elle suppose que le justiciable trompe le juge, par des man\u0153uvres frauduleuses, et obtienne une d\u00e9cision qui consacre \u00e0 son profit un avantage injustifi\u00e9. La production organis\u00e9e et syst\u00e9matique de fausses pi\u00e8ces dans une proc\u00e9dure de d\u00e9plafonnement, combin\u00e9e \u00e0 des t\u00e9moignages sollicit\u00e9s d&#8217;experts complaisants, peut caract\u00e9riser l&#8217;infraction.<\/p>\n<p>L&#8217;enjeu de la qualification est double : p\u00e9nal pour l&#8217;auteur, civil pour la victime. La condamnation p\u00e9nale du bailleur ouvre au preneur la voie d&#8217;une action en responsabilit\u00e9 civile devant la juridiction p\u00e9nale, par constitution de partie civile, ou devant la juridiction civile, par action s\u00e9par\u00e9e. L&#8217;autorit\u00e9 de la chose jug\u00e9e au p\u00e9nal sur le civil interdit au juge civil de revenir sur la mat\u00e9rialit\u00e9 des faits constat\u00e9s par le juge p\u00e9nal.<\/p>\n<h3>C. L&#8217;abus de confiance dans la gestion du fonds par le dirigeant<\/h3>\n<p>L&#8217;abus de confiance pr\u00e9vu \u00e0 l&#8217;article 314-1 du Code p\u00e9nal est l&#8217;infraction reine du droit p\u00e9nal des affaires. Il vise \u00ab le fait par une personne de d\u00e9tourner, au pr\u00e9judice d&#8217;autrui, des fonds, des valeurs ou un bien quelconque qui lui ont \u00e9t\u00e9 remis et qu&#8217;elle a accept\u00e9s \u00e0 charge de les rendre, de les repr\u00e9senter ou d&#8217;en faire un usage d\u00e9termin\u00e9 \u00bb. Les peines vont jusqu&#8217;\u00e0 cinq ans et 375 000 euros d&#8217;amende, port\u00e9es \u00e0 sept ans et 750 000 euros si l&#8217;auteur est d\u00e9positaire public ou agit en qualit\u00e9 de mandataire.<\/p>\n<p>Dans le contentieux du d\u00e9plafonnement, le dirigeant d&#8217;une soci\u00e9t\u00e9 preneuse peut d\u00e9tourner les loyers, organiser la sous-location \u00e0 un prix d\u00e9risoire \u00e0 une soci\u00e9t\u00e9 qu&#8217;il contr\u00f4le, ou transf\u00e9rer le fonds \u00e0 une structure tierce pour soustraire la valeur locative au calcul. Ces man\u0153uvres exposent le dirigeant \u00e0 des poursuites p\u00e9nales et engagent sa responsabilit\u00e9 personnelle.<\/p>\n<h2>II. La responsabilit\u00e9 du dirigeant locataire et la strat\u00e9gie de d\u00e9fense<\/h2>\n<h3>A. La responsabilit\u00e9 civile et p\u00e9nale du dirigeant<\/h3>\n<p>Le dirigeant d&#8217;une soci\u00e9t\u00e9 preneuse engage sa responsabilit\u00e9 civile dans la gestion du bail. La soci\u00e9t\u00e9 paie le loyer, mais le dirigeant qui m\u00e9conna\u00eet les obligations du bail peut voir sa responsabilit\u00e9 personnelle recherch\u00e9e. L&#8217;abus de confiance dans la gestion du fonds, dont nous avons expos\u00e9 les \u00e9l\u00e9ments constitutifs et la jurisprudence r\u00e9cente dans notre \u00e9tude sur l&#8217;<a href=\"https:\/\/kohenavocats.com\/abus-de-confiance-elements-constitutifs-detournement-jurisprudence-2024-2026\/\">abus de confiance et le d\u00e9tournement par le dirigeant<\/a>, engage la responsabilit\u00e9 personnelle du dirigeant.<\/p>\n<p>La responsabilit\u00e9 p\u00e9nale du dirigeant n&#8217;est pas absorb\u00e9e par celle de la soci\u00e9t\u00e9. L&#8217;article 121-2 du Code p\u00e9nal admet la responsabilit\u00e9 p\u00e9nale des personnes morales, mais sans exon\u00e9rer la personne physique auteur ou complice. Le dirigeant condamn\u00e9 comme auteur d&#8217;un faux ou d&#8217;une escroquerie au jugement subit personnellement la peine, ind\u00e9pendamment de la sanction de la soci\u00e9t\u00e9.<\/p>\n<p>L&#8217;enjeu pratique est lourd. Le dirigeant condamn\u00e9 voit son casier judiciaire compl\u00e9t\u00e9, peut \u00eatre interdit de g\u00e9rer, et perd l&#8217;acc\u00e8s \u00e0 certaines fonctions r\u00e9glement\u00e9es. La condamnation au sein de la proc\u00e9dure p\u00e9nale d&#8217;un bailleur ou d&#8217;un preneur produit donc des effets en cascade qui d\u00e9passent le seul contentieux locatif.<\/p>\n<h3>B. La d\u00e9fense du dirigeant attaqu\u00e9<\/h3>\n<p>Le dirigeant attaqu\u00e9 pour des man\u0153uvres dans une proc\u00e9dure de d\u00e9plafonnement doit construire sa d\u00e9fense sur trois axes. Premi\u00e8rement, contester l&#8217;\u00e9l\u00e9ment mat\u00e9riel : les pi\u00e8ces produites \u00e9taient-elles r\u00e9ellement falsifi\u00e9es ? La fronti\u00e8re entre l&#8217;argumentation orient\u00e9e et le faux p\u00e9nal est \u00e9troite. Le dirigeant qui se borne \u00e0 pr\u00e9senter des \u00e9l\u00e9ments de mani\u00e8re favorable \u00e0 sa th\u00e8se n&#8217;est pas auteur d&#8217;un faux. Il faut une alt\u00e9ration frauduleuse de la v\u00e9rit\u00e9.<\/p>\n<p>Deuxi\u00e8mement, contester l&#8217;\u00e9l\u00e9ment intentionnel. Le faux et l&#8217;escroquerie sont des infractions intentionnelles. La preuve de l&#8217;intention frauduleuse incombe au minist\u00e8re public. Le dirigeant qui s&#8217;est fi\u00e9 aux indications d&#8217;un expert ou d&#8217;un conseil n&#8217;a pas n\u00e9cessairement eu connaissance de la falsification. La complicit\u00e9 par fourniture de moyens suppose une connaissance pr\u00e9cise de l&#8217;infraction principale.<\/p>\n<p>Troisi\u00e8mement, le dirigeant peut invoquer l&#8217;absence de pr\u00e9judice. Pour l&#8217;escroquerie, le pr\u00e9judice est \u00e9l\u00e9ment constitutif. Pour le faux, le pr\u00e9judice n&#8217;est qu&#8217;\u00e9ventuel. La d\u00e9fense porte alors sur la cha\u00eene causale entre l&#8217;alt\u00e9ration de la pi\u00e8ce et la d\u00e9cision rendue. Une d\u00e9cision qui aurait \u00e9t\u00e9 identique sans la pi\u00e8ce litigieuse n&#8217;a pas \u00e9t\u00e9 obtenue par escroquerie.<\/p>\n<p>L&#8217;enjeu de la d\u00e9fense est aussi calendaire. Le d\u00e9lai de prescription est de six ans depuis la loi du 27 f\u00e9vrier 2017. Le point de d\u00e9part pour les infractions clandestines est la date de d\u00e9couverte. Pour l&#8217;escroquerie au jugement, ce point de d\u00e9part est souvent la date \u00e0 laquelle la victime a d\u00e9couvert la falsification, parfois des ann\u00e9es apr\u00e8s la d\u00e9cision.<\/p>\n<h3>C. La constitution de partie civile du preneur ou du bailleur victime<\/h3>\n<p>Le preneur qui se d\u00e9couvre victime d&#8217;un d\u00e9plafonnement obtenu par fraude peut d\u00e9poser plainte avec constitution de partie civile aupr\u00e8s du doyen des juges d&#8217;instruction du tribunal judiciaire territorialement comp\u00e9tent. La proc\u00e9dure est ouverte par les articles 85 et suivants du Code de proc\u00e9dure p\u00e9nale et offre l&#8217;avantage de mettre en mouvement l&#8217;action publique sans d\u00e9pendre de l&#8217;opportunit\u00e9 des poursuites du parquet.<\/p>\n<p>La consignation, pr\u00e9vue \u00e0 l&#8217;article 88 du Code de proc\u00e9dure p\u00e9nale, est une condition de recevabilit\u00e9. Son montant est fix\u00e9 par le juge d&#8217;instruction selon les ressources de la partie civile. La constitution est suivie d&#8217;une enqu\u00eate : le juge d&#8217;instruction peut ordonner des perquisitions, entendre les t\u00e9moins, d\u00e9signer un expert. La coh\u00e9rence avec la proc\u00e9dure civile parall\u00e8le est d\u00e9licate. Le sursis \u00e0 statuer du juge civil peut \u00eatre ordonn\u00e9 dans l&#8217;attente de la d\u00e9cision p\u00e9nale, sur le fondement de l&#8217;article 4 du Code de proc\u00e9dure p\u00e9nale.<\/p>\n<p>Le bailleur peut, sym\u00e9triquement, \u00eatre victime de man\u0153uvres du preneur. Production de faux documents pour minimiser la valeur locative, t\u00e9moignages mensongers, man\u0153uvres pour faire d\u00e9signer un expert complaisant. La constitution de partie civile du bailleur est ouverte sur les m\u00eames fondements.<\/p>\n<h2>III. Les enjeux pour la gouvernance et la d\u00e9fense p\u00e9nale<\/h2>\n<h3>A. La gestion de la proc\u00e9dure pour le dirigeant<\/h3>\n<p>Le dirigeant convoqu\u00e9 par le service enqu\u00eateur ou par le juge d&#8217;instruction doit imm\u00e9diatement prendre conseil. La garde \u00e0 vue, l&#8217;audition libre, la mise en examen et le statut de t\u00e9moin assist\u00e9 ont des cons\u00e9quences proc\u00e9durales tr\u00e8s diff\u00e9rentes. La distinction entre <a href=\"https:\/\/kohenavocats.com\/avocats-en-droit-penal-a-paris-conseil-et-defense-strategique\/avocats-garde-a-vue-paris\/\">garde \u00e0 vue<\/a> et audition libre tient \u00e0 l&#8217;existence de raisons plausibles de soup\u00e7onner l&#8217;auteur.<\/p>\n<p>Le dirigeant doit aussi anticiper les cons\u00e9quences r\u00e9putationnelles. Une perquisition au si\u00e8ge social, une garde \u00e0 vue m\u00e9diatis\u00e9e, une mise en examen pour escroquerie au jugement, peuvent fragiliser la tr\u00e9sorerie, affecter les relations bancaires et compromettre les contrats commerciaux en cours. La communication de crise et la gestion du contentieux p\u00e9nal sont des \u00e9l\u00e9ments strat\u00e9giques aussi importants que la d\u00e9fense au fond.<\/p>\n<h3>B. L&#8217;articulation entre la proc\u00e9dure p\u00e9nale et le contentieux civil<\/h3>\n<p>La proc\u00e9dure p\u00e9nale agit comme un acc\u00e9l\u00e9rateur. Quand l&#8217;instruction met au jour des faits que la juridiction civile ignorait, la strat\u00e9gie de d\u00e9fense du dossier civil change. Le sursis \u00e0 statuer peut \u00eatre obtenu. La victime peut compl\u00e9ter son dossier civil avec les pi\u00e8ces de l&#8217;instruction. La condamnation p\u00e9nale, une fois d\u00e9finitive, lie le juge civil sur la mat\u00e9rialit\u00e9 des faits.<\/p>\n<p>Pour le bailleur ou le preneur engag\u00e9 dans un contentieux locatif o\u00f9 le doute s&#8217;installe sur la r\u00e9gularit\u00e9 des pi\u00e8ces, la voie p\u00e9nale doit \u00eatre envisag\u00e9e pr\u00e9cocement. Notre cabinet accompagne les dirigeants confront\u00e9s \u00e0 ce type de proc\u00e9dure tant dans la dimension civile, trait\u00e9e \u00e0 Paris au sein de notre <a href=\"https:\/\/kohenavocats.fr\/\">cabinet immobilier<\/a> r\u00e9f\u00e9rent en mati\u00e8re de baux commerciaux, que dans la dimension p\u00e9nale, o\u00f9 la d\u00e9fense du dirigeant rel\u00e8ve de notre d\u00e9partement <a href=\"https:\/\/kohenavocats.com\/avocats-en-droit-penal-a-paris-conseil-et-defense-strategique\/avocats-abus-biens-sociaux-paris\/\">p\u00e9nal des affaires \u00e0 Paris<\/a> et de la mati\u00e8re <a href=\"https:\/\/kohenavocats.com\/avocats-en-droit-penal-a-paris-conseil-et-defense-strategique\/avocats-escroquerie-paris\/\">escroquerie<\/a>.<\/p>\n<p>Cette analyse compl\u00e8te notre \u00e9tude r\u00e9cente sur la <a href=\"https:\/\/kohenavocats.com\/franchise-escroquerie-abus-confiance-dol-penal-dirigeant\/\">responsabilit\u00e9 p\u00e9nale du dirigeant face \u00e0 un contrat de franchise frauduleux<\/a>, qui expose un sch\u00e9ma similaire de man\u0153uvres pr\u00e9contractuelles, et notre panorama de la <a href=\"https:\/\/kohenavocats.com\/banqueroute-detournement-actif-dirigeant-l654-2-jurisprudence-2026\/\">banqueroute par d\u00e9tournement d&#8217;actif<\/a> lorsque le dirigeant organise l&#8217;insolvabilit\u00e9 de la soci\u00e9t\u00e9 preneuse pour \u00e9chapper au loyer d\u00e9plafonn\u00e9.<\/p>\n<h2>Besoin d&#8217;un avis rapide sur votre dossier<\/h2>\n<p>Vous \u00eates dirigeant et vous avez \u00e9t\u00e9 convoqu\u00e9 dans le cadre d&#8217;une proc\u00e9dure li\u00e9e \u00e0 un contentieux locatif commercial. Vous \u00eates preneur ou bailleur et vous suspectez la production de fausses pi\u00e8ces dans une proc\u00e9dure de d\u00e9plafonnement. Le cabinet Kohen Avocats vous propose une consultation t\u00e9l\u00e9phonique en 48 heures pour analyser le dossier et arr\u00eater une strat\u00e9gie p\u00e9nale et civile coordonn\u00e9e. Le calendrier compte autant que le fond.<\/p>\n<p>T\u00e9l\u00e9phone : <a href=\"tel:0689113445\">06 89 11 34 45<\/a> \u2014 Paris et \u00cele-de-France.<\/p>\n<p><a href=\"https:\/\/kohenavocats.com\/contactez-nous\/\">Page de contact<\/a>.<\/p>\n","protected":false},"excerpt":{"rendered":"<p>Le contentieux du d\u00e9plafonnement du loyer commercial se d\u00e9ploie principalement devant le juge civil des loyers commerciaux. Il est, dans son ordinaire, technique : l&#8217;expert mesure les facteurs locaux de commercialit\u00e9, le bailleur d\u00e9montre la modification notable, le juge tranche selon la valeur locative. Mais certains dossiers franchissent la fronti\u00e8re. Quand le bailleur produit de [&hellip;]<\/p>\n","protected":false},"author":232070755,"featured_media":9528,"comment_status":"open","ping_status":"open","sticky":false,"template":"","format":"standard","meta":{"_crdt_document":"","_jetpack_newsletter_access":"","_jetpack_dont_email_post_to_subs":false,"_jetpack_newsletter_tier_id":0,"_jetpack_memberships_contains_paywalled_content":false,"_jetpack_memberships_contains_paid_content":false,"footnotes":"","jetpack_post_was_ever_published":false},"categories":[7096,35581,6708,35583,6325,6364,6991],"tags":[],"class_list":["post-677174","post","type-post","status-publish","format-standard","has-post-thumbnail","hentry","category-code-des-assurances","category-droit-des-affaires","category-droit-penal","category-immobilier","category-non-categorise","category-penal","category-penal-2"],"yoast_head":"<!-- This site is optimized with the Yoast SEO Premium plugin v27.4 (Yoast SEO v27.4) - https:\/\/yoast.com\/product\/yoast-seo-premium-wordpress\/ -->\n<title>D\u00e9plafonnement du loyer du bail commercial : volet p\u00e9nal des man\u0153uvres et d\u00e9fense du dirigeant - Ma\u00eetre Hassan Kohen, avocat en droit p\u00e9nal \u00e0 Paris<\/title>\n<meta name=\"robots\" content=\"index, follow, max-snippet:-1, max-image-preview:large, max-video-preview:-1\" \/>\n<link rel=\"canonical\" href=\"https:\/\/kohenavocats.com\/ar\/deplafonnement-loyer-bail-commercial-volet-penal-manoeuvres-dirigeant\/\" \/>\n<meta property=\"og:locale\" content=\"ar_AR\" \/>\n<meta property=\"og:type\" content=\"article\" \/>\n<meta property=\"og:title\" content=\"D\u00e9plafonnement du loyer du bail commercial : volet p\u00e9nal des man\u0153uvres et d\u00e9fense du dirigeant\" \/>\n<meta property=\"og:description\" content=\"Le contentieux du d\u00e9plafonnement du loyer commercial se d\u00e9ploie principalement devant le juge civil des loyers commerciaux. Il est, dans son ordinaire, technique : l&#8217;expert mesure les facteurs locaux de commercialit\u00e9, le bailleur d\u00e9montre la modification notable, le juge tranche selon la valeur locative. Mais certains dossiers franchissent la fronti\u00e8re. Quand le bailleur produit de [&hellip;]\" \/>\n<meta property=\"og:url\" content=\"https:\/\/kohenavocats.com\/ar\/deplafonnement-loyer-bail-commercial-volet-penal-manoeuvres-dirigeant\/\" \/>\n<meta property=\"og:site_name\" content=\"Ma\u00eetre Hassan Kohen, avocat en droit p\u00e9nal \u00e0 Paris\" \/>\n<meta property=\"article:published_time\" content=\"2026-04-25T00:17:50+00:00\" \/>\n<meta name=\"author\" content=\"Kohen\" \/>\n<meta name=\"twitter:card\" content=\"summary_large_image\" \/>\n<meta name=\"twitter:label1\" content=\"\u0643\u064f\u062a\u0628 \u0628\u0648\u0627\u0633\u0637\u0629\" \/>\n\t<meta name=\"twitter:data1\" content=\"Kohen\" \/>\n\t<meta name=\"twitter:label2\" content=\"\u0648\u0642\u062a \u0627\u0644\u0642\u0631\u0627\u0621\u0629 \u0627\u0644\u0645\u064f\u0642\u062f\u0651\u0631\" \/>\n\t<meta name=\"twitter:data2\" content=\"10 \u062f\u0642\u0627\u0626\u0642\" \/>\n<script type=\"application\/ld+json\" class=\"yoast-schema-graph\">{\"@context\":\"https:\\\/\\\/schema.org\",\"@graph\":[{\"@type\":\"Article\",\"@id\":\"https:\\\/\\\/kohenavocats.com\\\/ar\\\/deplafonnement-loyer-bail-commercial-volet-penal-manoeuvres-dirigeant\\\/#article\",\"isPartOf\":{\"@id\":\"https:\\\/\\\/kohenavocats.com\\\/ar\\\/deplafonnement-loyer-bail-commercial-volet-penal-manoeuvres-dirigeant\\\/\"},\"author\":{\"name\":\"Kohen\",\"@id\":\"https:\\\/\\\/kohenavocats.com\\\/ar\\\/#\\\/schema\\\/person\\\/761c9ba54fa1ca84d405cef0831ff751\"},\"headline\":\"D\u00e9plafonnement du loyer du bail commercial : volet p\u00e9nal des man\u0153uvres et d\u00e9fense du dirigeant\",\"datePublished\":\"2026-04-25T00:17:50+00:00\",\"mainEntityOfPage\":{\"@id\":\"https:\\\/\\\/kohenavocats.com\\\/ar\\\/deplafonnement-loyer-bail-commercial-volet-penal-manoeuvres-dirigeant\\\/\"},\"wordCount\":2120,\"commentCount\":0,\"publisher\":{\"@id\":\"https:\\\/\\\/kohenavocats.com\\\/ar\\\/#organization\"},\"image\":{\"@id\":\"https:\\\/\\\/kohenavocats.com\\\/ar\\\/deplafonnement-loyer-bail-commercial-volet-penal-manoeuvres-dirigeant\\\/#primaryimage\"},\"thumbnailUrl\":\"https:\\\/\\\/kohenavocats.com\\\/wp-content\\\/uploads\\\/2024\\\/11\\\/aperture-vintage-BcceGzBmeTI-unsplash.webp\",\"articleSection\":[\"Code des assurances\",\"Droit des affaires\",\"Droit P\u00e9nal\",\"Immobilier\",\"Non cat\u00e9goris\u00e9\",\"P\u00e9nal\",\"Penal\"],\"inLanguage\":\"ar\",\"potentialAction\":[{\"@type\":\"CommentAction\",\"name\":\"Comment\",\"target\":[\"https:\\\/\\\/kohenavocats.com\\\/ar\\\/deplafonnement-loyer-bail-commercial-volet-penal-manoeuvres-dirigeant\\\/#respond\"]}],\"citation\":\"D\u00e9plafonnement du loyer du bail commercial : volet p\u00e9nal des man\u0153uvres et d\u00e9fense du dirigeant\",\"about\":[{\"@type\":\"Thing\",\"name\":\"Code des assurances\"},{\"@type\":\"Thing\",\"name\":\"Droit des affaires\"},{\"@type\":\"Thing\",\"name\":\"Droit P\u00e9nal\"},{\"@type\":\"Thing\",\"name\":\"Immobilier\"},{\"@type\":\"Thing\",\"name\":\"Non cat\u00e9goris\u00e9\"},{\"@type\":\"Thing\",\"name\":\"P\u00e9nal\"},{\"@type\":\"Thing\",\"name\":\"Penal\"}],\"dateModified\":\"2026-04-25T00:17:50+00:00\",\"speakable\":{\"@type\":\"SpeakableSpecification\",\"cssSelector\":[\".article-content > p:first-of-type\"]}},{\"@type\":\"WebPage\",\"@id\":\"https:\\\/\\\/kohenavocats.com\\\/ar\\\/deplafonnement-loyer-bail-commercial-volet-penal-manoeuvres-dirigeant\\\/\",\"url\":\"https:\\\/\\\/kohenavocats.com\\\/ar\\\/deplafonnement-loyer-bail-commercial-volet-penal-manoeuvres-dirigeant\\\/\",\"name\":\"D\u00e9plafonnement du loyer du bail commercial : volet p\u00e9nal des man\u0153uvres et d\u00e9fense du dirigeant - Ma\u00eetre Hassan Kohen, avocat en droit p\u00e9nal \u00e0 Paris\",\"isPartOf\":{\"@id\":\"https:\\\/\\\/kohenavocats.com\\\/ar\\\/#website\"},\"primaryImageOfPage\":{\"@id\":\"https:\\\/\\\/kohenavocats.com\\\/ar\\\/deplafonnement-loyer-bail-commercial-volet-penal-manoeuvres-dirigeant\\\/#primaryimage\"},\"image\":{\"@id\":\"https:\\\/\\\/kohenavocats.com\\\/ar\\\/deplafonnement-loyer-bail-commercial-volet-penal-manoeuvres-dirigeant\\\/#primaryimage\"},\"thumbnailUrl\":\"https:\\\/\\\/kohenavocats.com\\\/wp-content\\\/uploads\\\/2024\\\/11\\\/aperture-vintage-BcceGzBmeTI-unsplash.webp\",\"datePublished\":\"2026-04-25T00:17:50+00:00\",\"breadcrumb\":{\"@id\":\"https:\\\/\\\/kohenavocats.com\\\/ar\\\/deplafonnement-loyer-bail-commercial-volet-penal-manoeuvres-dirigeant\\\/#breadcrumb\"},\"inLanguage\":\"ar\",\"potentialAction\":[{\"@type\":\"ReadAction\",\"target\":[\"https:\\\/\\\/kohenavocats.com\\\/ar\\\/deplafonnement-loyer-bail-commercial-volet-penal-manoeuvres-dirigeant\\\/\"]}]},{\"@type\":\"ImageObject\",\"inLanguage\":\"ar\",\"@id\":\"https:\\\/\\\/kohenavocats.com\\\/ar\\\/deplafonnement-loyer-bail-commercial-volet-penal-manoeuvres-dirigeant\\\/#primaryimage\",\"url\":\"https:\\\/\\\/kohenavocats.com\\\/wp-content\\\/uploads\\\/2024\\\/11\\\/aperture-vintage-BcceGzBmeTI-unsplash.webp\",\"contentUrl\":\"https:\\\/\\\/kohenavocats.com\\\/wp-content\\\/uploads\\\/2024\\\/11\\\/aperture-vintage-BcceGzBmeTI-unsplash.webp\",\"width\":7309,\"height\":4096},{\"@type\":\"BreadcrumbList\",\"@id\":\"https:\\\/\\\/kohenavocats.com\\\/ar\\\/deplafonnement-loyer-bail-commercial-volet-penal-manoeuvres-dirigeant\\\/#breadcrumb\",\"itemListElement\":[{\"@type\":\"ListItem\",\"position\":1,\"name\":\"Home\",\"item\":\"https:\\\/\\\/kohenavocats.com\\\/ar\\\/%d9%85%d8%ad%d8%a7%d9%85%d9%88%d9%86-%d9%85%d8%aa%d8%ae%d8%b5%d8%b5%d9%88%d9%86-%d9%81%d9%8a-%d8%a7%d9%84%d9%82%d8%a7%d9%86%d9%88%d9%86-%d8%a7%d9%84%d8%ac%d9%86%d8%a7%d8%a6%d9%8a-%d8%a8%d8%a8%d8%a7\\\/\"},{\"@type\":\"ListItem\",\"position\":2,\"name\":\"D\u00e9plafonnement du loyer du bail commercial : volet p\u00e9nal des man\u0153uvres et d\u00e9fense du dirigeant\"}]},{\"@type\":\"WebSite\",\"@id\":\"https:\\\/\\\/kohenavocats.com\\\/ar\\\/#website\",\"url\":\"https:\\\/\\\/kohenavocats.com\\\/ar\\\/\",\"name\":\"Kohen Avocats\",\"description\":\"Ma\u00eetre Hassan Kohen, avocat p\u00e9naliste \u00e0 Paris, intervient exclusivement en droit p\u00e9nal pour la d\u00e9fense des particuliers, notamment en mati\u00e8re d\u2019accusations de viol. Il assure un accompagnement rigoureux d\u00e8s la garde \u00e0 vue jusqu\u2019\u00e0 la Cour d\u2019assises, veillant au strict respect des garanties proc\u00e9durales.\",\"publisher\":{\"@id\":\"https:\\\/\\\/kohenavocats.com\\\/ar\\\/#organization\"},\"potentialAction\":[{\"@type\":\"SearchAction\",\"target\":{\"@type\":\"EntryPoint\",\"urlTemplate\":\"https:\\\/\\\/kohenavocats.com\\\/ar\\\/?s={search_term_string}\"},\"query-input\":{\"@type\":\"PropertyValueSpecification\",\"valueRequired\":true,\"valueName\":\"search_term_string\"}}],\"inLanguage\":\"ar\"},{\"@type\":\"Organization\",\"@id\":\"https:\\\/\\\/kohenavocats.com\\\/ar\\\/#organization\",\"name\":\"Kohen Avocats\",\"url\":\"https:\\\/\\\/kohenavocats.com\\\/ar\\\/\",\"logo\":{\"@type\":\"ImageObject\",\"inLanguage\":\"ar\",\"@id\":\"https:\\\/\\\/kohenavocats.com\\\/ar\\\/#\\\/schema\\\/logo\\\/image\\\/\",\"url\":\"https:\\\/\\\/kohenavocats.com\\\/wp-content\\\/uploads\\\/2026\\\/01\\\/Logo-2-1.webp\",\"contentUrl\":\"https:\\\/\\\/kohenavocats.com\\\/wp-content\\\/uploads\\\/2026\\\/01\\\/Logo-2-1.webp\",\"width\":2114,\"height\":1253,\"caption\":\"Kohen Avocats\"},\"image\":{\"@id\":\"https:\\\/\\\/kohenavocats.com\\\/ar\\\/#\\\/schema\\\/logo\\\/image\\\/\"}},{\"@type\":\"Person\",\"@id\":\"https:\\\/\\\/kohenavocats.com\\\/ar\\\/#\\\/schema\\\/person\\\/761c9ba54fa1ca84d405cef0831ff751\",\"name\":\"Kohen\",\"image\":{\"@type\":\"ImageObject\",\"inLanguage\":\"ar\",\"@id\":\"https:\\\/\\\/secure.gravatar.com\\\/avatar\\\/1c5e76ef76bbbfdd2b4da984e2bf2fa4056fd51a27d25ce2c332047f1dfd6e00?s=96&d=identicon&r=g\",\"url\":\"https:\\\/\\\/secure.gravatar.com\\\/avatar\\\/1c5e76ef76bbbfdd2b4da984e2bf2fa4056fd51a27d25ce2c332047f1dfd6e00?s=96&d=identicon&r=g\",\"contentUrl\":\"https:\\\/\\\/secure.gravatar.com\\\/avatar\\\/1c5e76ef76bbbfdd2b4da984e2bf2fa4056fd51a27d25ce2c332047f1dfd6e00?s=96&d=identicon&r=g\",\"caption\":\"Kohen\"},\"sameAs\":[\"https:\\\/\\\/www.linkedin.com\\\/in\\\/hassan-kohen-448548192\\\/\",\"https:\\\/\\\/www.youtube.com\\\/@Kohen-Avocats\"],\"url\":\"https:\\\/\\\/kohenavocats.com\\\/ar\\\/author\\\/kohenmlk\\\/\"}]}<\/script>\n<!-- \/ Yoast SEO Premium plugin. -->","yoast_head_json":{"title":"D\u00e9plafonnement du loyer du bail commercial : volet p\u00e9nal des man\u0153uvres et d\u00e9fense du dirigeant - Ma\u00eetre Hassan Kohen, avocat en droit p\u00e9nal \u00e0 Paris","robots":{"index":"index","follow":"follow","max-snippet":"max-snippet:-1","max-image-preview":"max-image-preview:large","max-video-preview":"max-video-preview:-1"},"canonical":"https:\/\/kohenavocats.com\/ar\/deplafonnement-loyer-bail-commercial-volet-penal-manoeuvres-dirigeant\/","og_locale":"ar_AR","og_type":"article","og_title":"D\u00e9plafonnement du loyer du bail commercial : volet p\u00e9nal des man\u0153uvres et d\u00e9fense du dirigeant","og_description":"Le contentieux du d\u00e9plafonnement du loyer commercial se d\u00e9ploie principalement devant le juge civil des loyers commerciaux. Il est, dans son ordinaire, technique : l&#8217;expert mesure les facteurs locaux de commercialit\u00e9, le bailleur d\u00e9montre la modification notable, le juge tranche selon la valeur locative. Mais certains dossiers franchissent la fronti\u00e8re. Quand le bailleur produit de [&hellip;]","og_url":"https:\/\/kohenavocats.com\/ar\/deplafonnement-loyer-bail-commercial-volet-penal-manoeuvres-dirigeant\/","og_site_name":"Ma\u00eetre Hassan Kohen, avocat en droit p\u00e9nal \u00e0 Paris","article_published_time":"2026-04-25T00:17:50+00:00","author":"Kohen","twitter_card":"summary_large_image","twitter_misc":{"\u0643\u064f\u062a\u0628 \u0628\u0648\u0627\u0633\u0637\u0629":"Kohen","\u0648\u0642\u062a \u0627\u0644\u0642\u0631\u0627\u0621\u0629 \u0627\u0644\u0645\u064f\u0642\u062f\u0651\u0631":"10 \u062f\u0642\u0627\u0626\u0642"},"schema":{"@context":"https:\/\/schema.org","@graph":[{"@type":"Article","@id":"https:\/\/kohenavocats.com\/ar\/deplafonnement-loyer-bail-commercial-volet-penal-manoeuvres-dirigeant\/#article","isPartOf":{"@id":"https:\/\/kohenavocats.com\/ar\/deplafonnement-loyer-bail-commercial-volet-penal-manoeuvres-dirigeant\/"},"author":{"name":"Kohen","@id":"https:\/\/kohenavocats.com\/ar\/#\/schema\/person\/761c9ba54fa1ca84d405cef0831ff751"},"headline":"D\u00e9plafonnement du loyer du bail commercial : volet p\u00e9nal des man\u0153uvres et d\u00e9fense du dirigeant","datePublished":"2026-04-25T00:17:50+00:00","mainEntityOfPage":{"@id":"https:\/\/kohenavocats.com\/ar\/deplafonnement-loyer-bail-commercial-volet-penal-manoeuvres-dirigeant\/"},"wordCount":2120,"commentCount":0,"publisher":{"@id":"https:\/\/kohenavocats.com\/ar\/#organization"},"image":{"@id":"https:\/\/kohenavocats.com\/ar\/deplafonnement-loyer-bail-commercial-volet-penal-manoeuvres-dirigeant\/#primaryimage"},"thumbnailUrl":"https:\/\/kohenavocats.com\/wp-content\/uploads\/2024\/11\/aperture-vintage-BcceGzBmeTI-unsplash.webp","articleSection":["Code des assurances","Droit des affaires","Droit P\u00e9nal","Immobilier","Non cat\u00e9goris\u00e9","P\u00e9nal","Penal"],"inLanguage":"ar","potentialAction":[{"@type":"CommentAction","name":"Comment","target":["https:\/\/kohenavocats.com\/ar\/deplafonnement-loyer-bail-commercial-volet-penal-manoeuvres-dirigeant\/#respond"]}],"citation":"D\u00e9plafonnement du loyer du bail commercial : volet p\u00e9nal des man\u0153uvres et d\u00e9fense du dirigeant","about":[{"@type":"Thing","name":"Code des assurances"},{"@type":"Thing","name":"Droit des affaires"},{"@type":"Thing","name":"Droit P\u00e9nal"},{"@type":"Thing","name":"Immobilier"},{"@type":"Thing","name":"Non cat\u00e9goris\u00e9"},{"@type":"Thing","name":"P\u00e9nal"},{"@type":"Thing","name":"Penal"}],"dateModified":"2026-04-25T00:17:50+00:00","speakable":{"@type":"SpeakableSpecification","cssSelector":[".article-content > p:first-of-type"]}},{"@type":"WebPage","@id":"https:\/\/kohenavocats.com\/ar\/deplafonnement-loyer-bail-commercial-volet-penal-manoeuvres-dirigeant\/","url":"https:\/\/kohenavocats.com\/ar\/deplafonnement-loyer-bail-commercial-volet-penal-manoeuvres-dirigeant\/","name":"D\u00e9plafonnement du loyer du bail commercial : volet p\u00e9nal des man\u0153uvres et d\u00e9fense du dirigeant - Ma\u00eetre Hassan Kohen, avocat en droit p\u00e9nal \u00e0 Paris","isPartOf":{"@id":"https:\/\/kohenavocats.com\/ar\/#website"},"primaryImageOfPage":{"@id":"https:\/\/kohenavocats.com\/ar\/deplafonnement-loyer-bail-commercial-volet-penal-manoeuvres-dirigeant\/#primaryimage"},"image":{"@id":"https:\/\/kohenavocats.com\/ar\/deplafonnement-loyer-bail-commercial-volet-penal-manoeuvres-dirigeant\/#primaryimage"},"thumbnailUrl":"https:\/\/kohenavocats.com\/wp-content\/uploads\/2024\/11\/aperture-vintage-BcceGzBmeTI-unsplash.webp","datePublished":"2026-04-25T00:17:50+00:00","breadcrumb":{"@id":"https:\/\/kohenavocats.com\/ar\/deplafonnement-loyer-bail-commercial-volet-penal-manoeuvres-dirigeant\/#breadcrumb"},"inLanguage":"ar","potentialAction":[{"@type":"ReadAction","target":["https:\/\/kohenavocats.com\/ar\/deplafonnement-loyer-bail-commercial-volet-penal-manoeuvres-dirigeant\/"]}]},{"@type":"ImageObject","inLanguage":"ar","@id":"https:\/\/kohenavocats.com\/ar\/deplafonnement-loyer-bail-commercial-volet-penal-manoeuvres-dirigeant\/#primaryimage","url":"https:\/\/kohenavocats.com\/wp-content\/uploads\/2024\/11\/aperture-vintage-BcceGzBmeTI-unsplash.webp","contentUrl":"https:\/\/kohenavocats.com\/wp-content\/uploads\/2024\/11\/aperture-vintage-BcceGzBmeTI-unsplash.webp","width":7309,"height":4096},{"@type":"BreadcrumbList","@id":"https:\/\/kohenavocats.com\/ar\/deplafonnement-loyer-bail-commercial-volet-penal-manoeuvres-dirigeant\/#breadcrumb","itemListElement":[{"@type":"ListItem","position":1,"name":"Home","item":"https:\/\/kohenavocats.com\/ar\/%d9%85%d8%ad%d8%a7%d9%85%d9%88%d9%86-%d9%85%d8%aa%d8%ae%d8%b5%d8%b5%d9%88%d9%86-%d9%81%d9%8a-%d8%a7%d9%84%d9%82%d8%a7%d9%86%d9%88%d9%86-%d8%a7%d9%84%d8%ac%d9%86%d8%a7%d8%a6%d9%8a-%d8%a8%d8%a8%d8%a7\/"},{"@type":"ListItem","position":2,"name":"D\u00e9plafonnement du loyer du bail commercial : volet p\u00e9nal des man\u0153uvres et d\u00e9fense du dirigeant"}]},{"@type":"WebSite","@id":"https:\/\/kohenavocats.com\/ar\/#website","url":"https:\/\/kohenavocats.com\/ar\/","name":"Kohen Avocats","description":"Ma\u00eetre Hassan Kohen, avocat p\u00e9naliste \u00e0 Paris, intervient exclusivement en droit p\u00e9nal pour la d\u00e9fense des particuliers, notamment en mati\u00e8re d\u2019accusations de viol. Il assure un accompagnement rigoureux d\u00e8s la garde \u00e0 vue jusqu\u2019\u00e0 la Cour d\u2019assises, veillant au strict respect des garanties proc\u00e9durales.","publisher":{"@id":"https:\/\/kohenavocats.com\/ar\/#organization"},"potentialAction":[{"@type":"SearchAction","target":{"@type":"EntryPoint","urlTemplate":"https:\/\/kohenavocats.com\/ar\/?s={search_term_string}"},"query-input":{"@type":"PropertyValueSpecification","valueRequired":true,"valueName":"search_term_string"}}],"inLanguage":"ar"},{"@type":"Organization","@id":"https:\/\/kohenavocats.com\/ar\/#organization","name":"Kohen Avocats","url":"https:\/\/kohenavocats.com\/ar\/","logo":{"@type":"ImageObject","inLanguage":"ar","@id":"https:\/\/kohenavocats.com\/ar\/#\/schema\/logo\/image\/","url":"https:\/\/kohenavocats.com\/wp-content\/uploads\/2026\/01\/Logo-2-1.webp","contentUrl":"https:\/\/kohenavocats.com\/wp-content\/uploads\/2026\/01\/Logo-2-1.webp","width":2114,"height":1253,"caption":"Kohen Avocats"},"image":{"@id":"https:\/\/kohenavocats.com\/ar\/#\/schema\/logo\/image\/"}},{"@type":"Person","@id":"https:\/\/kohenavocats.com\/ar\/#\/schema\/person\/761c9ba54fa1ca84d405cef0831ff751","name":"Kohen","image":{"@type":"ImageObject","inLanguage":"ar","@id":"https:\/\/secure.gravatar.com\/avatar\/1c5e76ef76bbbfdd2b4da984e2bf2fa4056fd51a27d25ce2c332047f1dfd6e00?s=96&d=identicon&r=g","url":"https:\/\/secure.gravatar.com\/avatar\/1c5e76ef76bbbfdd2b4da984e2bf2fa4056fd51a27d25ce2c332047f1dfd6e00?s=96&d=identicon&r=g","contentUrl":"https:\/\/secure.gravatar.com\/avatar\/1c5e76ef76bbbfdd2b4da984e2bf2fa4056fd51a27d25ce2c332047f1dfd6e00?s=96&d=identicon&r=g","caption":"Kohen"},"sameAs":["https:\/\/www.linkedin.com\/in\/hassan-kohen-448548192\/","https:\/\/www.youtube.com\/@Kohen-Avocats"],"url":"https:\/\/kohenavocats.com\/ar\/author\/kohenmlk\/"}]}},"jetpack_featured_media_url":"https:\/\/kohenavocats.com\/wp-content\/uploads\/2024\/11\/aperture-vintage-BcceGzBmeTI-unsplash.webp","jetpack_likes_enabled":false,"jetpack_shortlink":"https:\/\/wp.me\/peCrII-2Qaa","jetpack-related-posts":[{"id":597788,"url":"https:\/\/kohenavocats.com\/ar\/tribunal-judiciaire-de-mulhouse-le-4-decembre-2025-n24-01403\/","url_meta":{"origin":677174,"position":0},"title":"Tribunal judiciaire de Mulhouse, le 4 d\u00e9cembre 2025, n\u00b024\/01403","author":"Kohen","date":"18 \u0623\u0628\u0631\u064a\u0644\u060c 2026","format":false,"excerpt":"Le juge des contentieux de la protection, par jugement du 4 d\u00e9cembre 2025, a \u00e9t\u00e9 saisi d\u2019un litige entre un bailleur et sa locataire concernant l\u2019\u00e9tat d\u2019un l...","rel":"","context":"\u0641\u064a &quot;Jurisprudence&quot;","block_context":{"text":"Jurisprudence","link":"https:\/\/kohenavocats.com\/category\/jurisprudence\/"},"img":{"alt_text":"","src":"https:\/\/i0.wp.com\/kohenavocats.com\/wp-content\/uploads\/2024\/07\/prateek-katyal-_YzGQvASeMk-unsplash.webp?resize=350%2C200&ssl=1","width":350,"height":200,"srcset":"https:\/\/i0.wp.com\/kohenavocats.com\/wp-content\/uploads\/2024\/07\/prateek-katyal-_YzGQvASeMk-unsplash.webp?resize=350%2C200&ssl=1 1x, https:\/\/i0.wp.com\/kohenavocats.com\/wp-content\/uploads\/2024\/07\/prateek-katyal-_YzGQvASeMk-unsplash.webp?resize=525%2C300&ssl=1 1.5x, https:\/\/i0.wp.com\/kohenavocats.com\/wp-content\/uploads\/2024\/07\/prateek-katyal-_YzGQvASeMk-unsplash.webp?resize=700%2C400&ssl=1 2x, https:\/\/i0.wp.com\/kohenavocats.com\/wp-content\/uploads\/2024\/07\/prateek-katyal-_YzGQvASeMk-unsplash.webp?resize=1050%2C600&ssl=1 3x, https:\/\/i0.wp.com\/kohenavocats.com\/wp-content\/uploads\/2024\/07\/prateek-katyal-_YzGQvASeMk-unsplash.webp?resize=1400%2C800&ssl=1 4x"},"classes":[]},{"id":597778,"url":"https:\/\/kohenavocats.com\/ar\/tribunal-judiciaire-de-versailles-le-4-decembre-2025-n25-01164\/","url_meta":{"origin":677174,"position":1},"title":"Tribunal judiciaire de Versailles, le 4 d\u00e9cembre 2025, n\u00b025\/01164","author":"Kohen","date":"18 \u0623\u0628\u0631\u064a\u0644\u060c 2026","format":false,"excerpt":"Le tribunal judiciaire de Versailles, statuant en r\u00e9f\u00e9r\u00e9 le 4 d\u00e9cembre 2025, examine une demande de constat de r\u00e9siliation de bail et d\u2019expulsion. Le bailleu...","rel":"","context":"\u0641\u064a &quot;Jurisprudence&quot;","block_context":{"text":"Jurisprudence","link":"https:\/\/kohenavocats.com\/category\/jurisprudence\/"},"img":{"alt_text":"","src":"https:\/\/i0.wp.com\/kohenavocats.com\/wp-content\/uploads\/2024\/08\/chris-czermak-PamFFHL6fVY-unsplash.webp?resize=350%2C200&ssl=1","width":350,"height":200,"srcset":"https:\/\/i0.wp.com\/kohenavocats.com\/wp-content\/uploads\/2024\/08\/chris-czermak-PamFFHL6fVY-unsplash.webp?resize=350%2C200&ssl=1 1x, https:\/\/i0.wp.com\/kohenavocats.com\/wp-content\/uploads\/2024\/08\/chris-czermak-PamFFHL6fVY-unsplash.webp?resize=525%2C300&ssl=1 1.5x, https:\/\/i0.wp.com\/kohenavocats.com\/wp-content\/uploads\/2024\/08\/chris-czermak-PamFFHL6fVY-unsplash.webp?resize=700%2C400&ssl=1 2x, https:\/\/i0.wp.com\/kohenavocats.com\/wp-content\/uploads\/2024\/08\/chris-czermak-PamFFHL6fVY-unsplash.webp?resize=1050%2C600&ssl=1 3x, https:\/\/i0.wp.com\/kohenavocats.com\/wp-content\/uploads\/2024\/08\/chris-czermak-PamFFHL6fVY-unsplash.webp?resize=1400%2C800&ssl=1 4x"},"classes":[]},{"id":597758,"url":"https:\/\/kohenavocats.com\/ar\/tribunal-judiciaire-de-grenoble-le-4-decembre-2025-n25-04256\/","url_meta":{"origin":677174,"position":2},"title":"Tribunal judiciaire de Grenoble, le 4 d\u00e9cembre 2025, n\u00b025\/04256","author":"Kohen","date":"18 \u0623\u0628\u0631\u064a\u0644\u060c 2026","format":false,"excerpt":"Le Tribunal judiciaire de Grenoble, statuant en mati\u00e8re de contentieux de la protection, a rendu un jugement le 4 d\u00e9cembre 2025. Le bailleur demandait la r\u00e9s...","rel":"","context":"\u0641\u064a &quot;Jurisprudence&quot;","block_context":{"text":"Jurisprudence","link":"https:\/\/kohenavocats.com\/category\/jurisprudence\/"},"img":{"alt_text":"","src":"https:\/\/i0.wp.com\/kohenavocats.com\/wp-content\/uploads\/2024\/11\/anita-austvika-0feDabnRz58-unsplash.webp?resize=350%2C200&ssl=1","width":350,"height":200,"srcset":"https:\/\/i0.wp.com\/kohenavocats.com\/wp-content\/uploads\/2024\/11\/anita-austvika-0feDabnRz58-unsplash.webp?resize=350%2C200&ssl=1 1x, https:\/\/i0.wp.com\/kohenavocats.com\/wp-content\/uploads\/2024\/11\/anita-austvika-0feDabnRz58-unsplash.webp?resize=525%2C300&ssl=1 1.5x, https:\/\/i0.wp.com\/kohenavocats.com\/wp-content\/uploads\/2024\/11\/anita-austvika-0feDabnRz58-unsplash.webp?resize=700%2C400&ssl=1 2x, https:\/\/i0.wp.com\/kohenavocats.com\/wp-content\/uploads\/2024\/11\/anita-austvika-0feDabnRz58-unsplash.webp?resize=1050%2C600&ssl=1 3x, https:\/\/i0.wp.com\/kohenavocats.com\/wp-content\/uploads\/2024\/11\/anita-austvika-0feDabnRz58-unsplash.webp?resize=1400%2C800&ssl=1 4x"},"classes":[]},{"id":597786,"url":"https:\/\/kohenavocats.com\/ar\/tribunal-judiciaire-de-paris-le-4-decembre-2025-n24-10325\/","url_meta":{"origin":677174,"position":3},"title":"Tribunal judiciaire de Paris, le 4 d\u00e9cembre 2025, n\u00b024\/10325","author":"Kohen","date":"18 \u0623\u0628\u0631\u064a\u0644\u060c 2026","format":false,"excerpt":"Le juge des contentieux de la protection, statuant en premier ressort, a rendu un jugement le 4 d\u00e9cembre 2025. Il \u00e9tait saisi par une soci\u00e9t\u00e9 bailleur pour i...","rel":"","context":"\u0641\u064a &quot;Jurisprudence&quot;","block_context":{"text":"Jurisprudence","link":"https:\/\/kohenavocats.com\/category\/jurisprudence\/"},"img":{"alt_text":"","src":"https:\/\/i0.wp.com\/kohenavocats.com\/wp-content\/uploads\/2024\/11\/kateryna-hliznitsova-mbsL-olOezY-unsplash.webp?resize=350%2C200&ssl=1","width":350,"height":200,"srcset":"https:\/\/i0.wp.com\/kohenavocats.com\/wp-content\/uploads\/2024\/11\/kateryna-hliznitsova-mbsL-olOezY-unsplash.webp?resize=350%2C200&ssl=1 1x, https:\/\/i0.wp.com\/kohenavocats.com\/wp-content\/uploads\/2024\/11\/kateryna-hliznitsova-mbsL-olOezY-unsplash.webp?resize=525%2C300&ssl=1 1.5x, https:\/\/i0.wp.com\/kohenavocats.com\/wp-content\/uploads\/2024\/11\/kateryna-hliznitsova-mbsL-olOezY-unsplash.webp?resize=700%2C400&ssl=1 2x, https:\/\/i0.wp.com\/kohenavocats.com\/wp-content\/uploads\/2024\/11\/kateryna-hliznitsova-mbsL-olOezY-unsplash.webp?resize=1050%2C600&ssl=1 3x, https:\/\/i0.wp.com\/kohenavocats.com\/wp-content\/uploads\/2024\/11\/kateryna-hliznitsova-mbsL-olOezY-unsplash.webp?resize=1400%2C800&ssl=1 4x"},"classes":[]},{"id":597753,"url":"https:\/\/kohenavocats.com\/ar\/tribunal-judiciaire-de-paris-le-4-decembre-2025-n25-05605\/","url_meta":{"origin":677174,"position":4},"title":"Tribunal judiciaire de Paris, le 4 d\u00e9cembre 2025, n\u00b025\/05605","author":"Kohen","date":"18 \u0623\u0628\u0631\u064a\u0644\u060c 2026","format":false,"excerpt":"Le tribunal judiciaire, statuant en juge des contentieux de la protection, a rendu un jugement le 4 d\u00e9cembre 2025. Une soci\u00e9t\u00e9 bailleur a engag\u00e9 une proc\u00e9dur...","rel":"","context":"\u0641\u064a &quot;Jurisprudence&quot;","block_context":{"text":"Jurisprudence","link":"https:\/\/kohenavocats.com\/category\/jurisprudence\/"},"img":{"alt_text":"","src":"https:\/\/i0.wp.com\/kohenavocats.com\/wp-content\/uploads\/2024\/08\/pierre-chatel-innocenti-5ASZ_qxS9dQ-unsplash.webp?resize=350%2C200&ssl=1","width":350,"height":200,"srcset":"https:\/\/i0.wp.com\/kohenavocats.com\/wp-content\/uploads\/2024\/08\/pierre-chatel-innocenti-5ASZ_qxS9dQ-unsplash.webp?resize=350%2C200&ssl=1 1x, https:\/\/i0.wp.com\/kohenavocats.com\/wp-content\/uploads\/2024\/08\/pierre-chatel-innocenti-5ASZ_qxS9dQ-unsplash.webp?resize=525%2C300&ssl=1 1.5x, https:\/\/i0.wp.com\/kohenavocats.com\/wp-content\/uploads\/2024\/08\/pierre-chatel-innocenti-5ASZ_qxS9dQ-unsplash.webp?resize=700%2C400&ssl=1 2x, https:\/\/i0.wp.com\/kohenavocats.com\/wp-content\/uploads\/2024\/08\/pierre-chatel-innocenti-5ASZ_qxS9dQ-unsplash.webp?resize=1050%2C600&ssl=1 3x, https:\/\/i0.wp.com\/kohenavocats.com\/wp-content\/uploads\/2024\/08\/pierre-chatel-innocenti-5ASZ_qxS9dQ-unsplash.webp?resize=1400%2C800&ssl=1 4x"},"classes":[]},{"id":597798,"url":"https:\/\/kohenavocats.com\/ar\/tribunal-judiciaire-de-saint-denis-de-la-reunion-le-4-decembre-2025-n25-00624\/","url_meta":{"origin":677174,"position":5},"title":"Tribunal judiciaire de Saint-Denis de La R\u00e9union, le 4 d\u00e9cembre 2025, n\u00b025\/00624","author":"Kohen","date":"18 \u0623\u0628\u0631\u064a\u0644\u060c 2026","format":false,"excerpt":"La mise en \u0153uvre encadr\u00e9e de la clause r\u00e9solutoire","rel":"","context":"\u0641\u064a &quot;Jurisprudence&quot;","block_context":{"text":"Jurisprudence","link":"https:\/\/kohenavocats.com\/category\/jurisprudence\/"},"img":{"alt_text":"","src":"https:\/\/i0.wp.com\/kohenavocats.com\/wp-content\/uploads\/2024\/08\/judith-ekedi-jangwa-fyfmXbDaR14-unsplash.webp?resize=350%2C200&ssl=1","width":350,"height":200,"srcset":"https:\/\/i0.wp.com\/kohenavocats.com\/wp-content\/uploads\/2024\/08\/judith-ekedi-jangwa-fyfmXbDaR14-unsplash.webp?resize=350%2C200&ssl=1 1x, https:\/\/i0.wp.com\/kohenavocats.com\/wp-content\/uploads\/2024\/08\/judith-ekedi-jangwa-fyfmXbDaR14-unsplash.webp?resize=525%2C300&ssl=1 1.5x, https:\/\/i0.wp.com\/kohenavocats.com\/wp-content\/uploads\/2024\/08\/judith-ekedi-jangwa-fyfmXbDaR14-unsplash.webp?resize=700%2C400&ssl=1 2x, https:\/\/i0.wp.com\/kohenavocats.com\/wp-content\/uploads\/2024\/08\/judith-ekedi-jangwa-fyfmXbDaR14-unsplash.webp?resize=1050%2C600&ssl=1 3x, https:\/\/i0.wp.com\/kohenavocats.com\/wp-content\/uploads\/2024\/08\/judith-ekedi-jangwa-fyfmXbDaR14-unsplash.webp?resize=1400%2C800&ssl=1 4x"},"classes":[]}],"jetpack_sharing_enabled":true,"_links":{"self":[{"href":"https:\/\/kohenavocats.com\/ar\/wp-json\/wp\/v2\/posts\/677174","targetHints":{"allow":["GET"]}}],"collection":[{"href":"https:\/\/kohenavocats.com\/ar\/wp-json\/wp\/v2\/posts"}],"about":[{"href":"https:\/\/kohenavocats.com\/ar\/wp-json\/wp\/v2\/types\/post"}],"author":[{"embeddable":true,"href":"https:\/\/kohenavocats.com\/ar\/wp-json\/wp\/v2\/users\/232070755"}],"replies":[{"embeddable":true,"href":"https:\/\/kohenavocats.com\/ar\/wp-json\/wp\/v2\/comments?post=677174"}],"version-history":[{"count":0,"href":"https:\/\/kohenavocats.com\/ar\/wp-json\/wp\/v2\/posts\/677174\/revisions"}],"wp:featuredmedia":[{"embeddable":true,"href":"https:\/\/kohenavocats.com\/ar\/wp-json\/wp\/v2\/media\/9528"}],"wp:attachment":[{"href":"https:\/\/kohenavocats.com\/ar\/wp-json\/wp\/v2\/media?parent=677174"}],"wp:term":[{"taxonomy":"category","embeddable":true,"href":"https:\/\/kohenavocats.com\/ar\/wp-json\/wp\/v2\/categories?post=677174"},{"taxonomy":"post_tag","embeddable":true,"href":"https:\/\/kohenavocats.com\/ar\/wp-json\/wp\/v2\/tags?post=677174"}],"curies":[{"name":"wp","href":"https:\/\/api.w.org\/{rel}","templated":true}]}}