{"id":677504,"date":"2026-04-25T03:19:41","date_gmt":"2026-04-25T01:19:41","guid":{"rendered":"https:\/\/kohenavocats.com\/clause-mobilite-refus-salarie-licenciement-validite-abus\/"},"modified":"2026-04-26T17:26:25","modified_gmt":"2026-04-26T15:26:25","slug":"clause-mobilite-refus-salarie-licenciement-validite-abus","status":"publish","type":"post","link":"https:\/\/kohenavocats.com\/ar\/clause-mobilite-refus-salarie-licenciement-validite-abus\/","title":{"rendered":"Clause de mobilit\u00e9 et refus du salari\u00e9 : conditions de validit\u00e9, abus de l&#8217;employeur et licenciement"},"content":{"rendered":"<p>Vous venez de recevoir un courrier de votre employeur qui active la clause de mobilit\u00e9 figurant dans votre contrat de travail. Le nouveau lieu d&#8217;affectation est plus loin, plus t\u00f4t, ou dans un autre d\u00e9partement. La question est imm\u00e9diate : pouvez-vous refuser, et avec quel risque ?<\/p>\n<p>La r\u00e9ponse n&#8217;est jamais binaire. Elle d\u00e9pend de la r\u00e9daction exacte de la clause, de la zone g\u00e9ographique qu&#8217;elle vise, du pr\u00e9avis laiss\u00e9 pour s&#8217;organiser, du but r\u00e9el de la mutation et de l&#8217;atteinte qu&#8217;elle porte \u00e0 votre vie personnelle et familiale. La Cour de cassation a pr\u00e9cis\u00e9 chaque \u00e9tape de ce contr\u00f4le, et la chambre sociale renforce depuis 2023 l&#8217;office du juge qui doit v\u00e9rifier d&#8217;office la proportionnalit\u00e9 de l&#8217;atteinte.<\/p>\n<p>L&#8217;objectif est donc pratique. Identifier si la clause est valide, v\u00e9rifier les conditions de mise en \u0153uvre, mesurer les marges de refus, anticiper la proc\u00e9dure prud&#8217;homale et chiffrer les indemnit\u00e9s \u00e0 r\u00e9clamer en cas de licenciement.<\/p>\n<h2>La clause de mobilit\u00e9, un outil contractuel encadr\u00e9<\/h2>\n<p>La clause de mobilit\u00e9 pr\u00e9voit par avance que le salari\u00e9 peut \u00eatre affect\u00e9 \u00e0 un autre lieu de travail dans une zone d\u00e9finie. Elle d\u00e9place l&#8217;\u00e9quilibre du contrat. \u00c0 d\u00e9faut de clause, un changement de lieu de travail d\u00e9passant le secteur g\u00e9ographique d&#8217;origine constitue une modification du contrat qui exige l&#8217;accord du salari\u00e9. Avec une clause valide, ce m\u00eame changement devient un simple changement des conditions de travail, qui rel\u00e8ve du pouvoir de direction de l&#8217;employeur.<\/p>\n<p>Cette diff\u00e9rence de qualification a une port\u00e9e consid\u00e9rable. Le refus d&#8217;une modification du contrat ne peut pas \u00eatre fautif. Le refus d&#8217;un changement des conditions de travail peut, en revanche, justifier une sanction disciplinaire et, si les conditions sont r\u00e9unies, un licenciement pour cause r\u00e9elle et s\u00e9rieuse, voire pour faute grave.<\/p>\n<p>C&#8217;est pour cette raison que le contentieux de la clause de mobilit\u00e9 se joue d&#8217;abord sur deux terrains. La validit\u00e9 de la clause d&#8217;abord. Sa mise en \u0153uvre ensuite.<\/p>\n<h2>I. La validit\u00e9 de la clause : zone g\u00e9ographique pr\u00e9cise et interdiction de l&#8217;extension unilat\u00e9rale<\/h2>\n<h3>Le principe : une zone g\u00e9ographique d\u00e9finie au moment de la signature<\/h3>\n<p>Une clause de mobilit\u00e9 ne vaut que si le salari\u00e9 peut, d\u00e8s la signature de son contrat, identifier le p\u00e9rim\u00e8tre dans lequel l&#8217;employeur pourra l&#8217;affecter. La chambre sociale juge depuis longtemps que la clause doit d\u00e9finir de fa\u00e7on pr\u00e9cise sa zone g\u00e9ographique d&#8217;application et qu&#8217;elle ne peut conf\u00e9rer \u00e0 l&#8217;employeur le pouvoir d&#8217;en \u00e9tendre unilat\u00e9ralement la port\u00e9e.<\/p>\n<p>La cour d&#8217;appel de Bordeaux a rappel\u00e9 cette exigence dans un arr\u00eat du 20 janvier 2026 : \u00ab la clause de mobilit\u00e9 consiste \u00e0 pr\u00e9voir contractuellement l&#8217;\u00e9ventualit\u00e9 d&#8217;une modification du lieu de travail que le salari\u00e9 accepte express\u00e9ment par avance. Elle donne \u00e0 l&#8217;employeur la possibilit\u00e9 de muter librement le salari\u00e9, y compris dans un secteur g\u00e9ographique diff\u00e9rent, sans que l&#8217;accord de ce dernier ne soit n\u00e9cessaire, sous r\u00e9serve qu&#8217;elle d\u00e9finisse de fa\u00e7on pr\u00e9cise sa zone g\u00e9ographique d&#8217;application \u00bb (<a href=\"https:\/\/www.courdecassation.fr\/decision\/6970d751cdc6046d471d82a7\">CA Bordeaux, ch. soc. A, 20 janvier 2026, n\u00b0 23\/03411<\/a>, citant Cass. soc., 12 juillet 2006, n\u00b0 04-45.396 et Cass. soc., 9 janvier 2013, n\u00b0 11-18.790).<\/p>\n<p>L&#8217;id\u00e9e est simple. Le salari\u00e9 doit savoir, au moment o\u00f9 il signe, jusqu&#8217;o\u00f9 il peut \u00eatre d\u00e9plac\u00e9. Une clause qui renvoie \u00e0 \u00ab toute affectation d\u00e9cid\u00e9e par l&#8217;employeur \u00bb sans p\u00e9rim\u00e8tre lisible n&#8217;est pas une clause de mobilit\u00e9.<\/p>\n<h3>Les clauses-types fragiles : \u00ab France enti\u00e8re \u00bb, \u00ab groupe \u00bb, \u00ab \u00e9tablissements actuels et futurs \u00bb<\/h3>\n<p>Plusieurs formules r\u00e9guli\u00e8rement ins\u00e9r\u00e9es dans les contrats sont, en pratique, fragiles devant le juge.<\/p>\n<p>La clause qui vise \u00ab la France m\u00e9tropolitaine, les DOM, ROM, COM \u00bb a \u00e9t\u00e9 d\u00e9clar\u00e9e nulle par la cour d&#8217;appel de Saint-Denis de la R\u00e9union : \u00ab la clause de mobilit\u00e9 vise \u00ab France m\u00e9tropolitaine, DOM, ROM, COM \u00bb et qu&#8217;elle doit donc \u00eatre d\u00e9clar\u00e9e nulle pour \u00eatre trop large \u00bb (<a href=\"https:\/\/www.courdecassation.fr\/decision\/694a349475782d5f065280d9\">CA Saint-Denis de la R\u00e9union, ch. soc., 18 d\u00e9cembre 2025, n\u00b0 24\/00895<\/a>). Le juge tient compte du contexte. Pour un salari\u00e9 dont la vie professionnelle se construit en outre-mer, l&#8217;envoi en m\u00e9tropole n&#8217;est pas un simple changement de lieu de travail.<\/p>\n<p>La clause qui pr\u00e9voit la mutation \u00ab dans tous les \u00e9tablissements actuels et futurs de la soci\u00e9t\u00e9 \u00bb expose au m\u00eame risque. La cour d&#8217;appel de Versailles l&#8217;a rappel\u00e9 : \u00ab une clause de mobilit\u00e9 doit d\u00e9finir de fa\u00e7on pr\u00e9cise sa zone g\u00e9ographique d&#8217;application et ne peut conf\u00e9rer \u00e0 l&#8217;employeur la facult\u00e9 d&#8217;en \u00e9tendre unilat\u00e9ralement la port\u00e9e. Les clauses \u00e9volutives doivent \u00eatre \u00e9cart\u00e9es \u00bb (<a href=\"https:\/\/www.courdecassation.fr\/decision\/666bde5d4f86b00008118226\">CA Versailles, ch. soc. 4-2, 13 juin 2024, n\u00b0 22\/00938<\/a>).<\/p>\n<p>La clause qui d\u00e9place le salari\u00e9 dans une autre soci\u00e9t\u00e9 du groupe est, elle, en principe nulle. La mutation dans une autre entit\u00e9 suppose un changement d&#8217;employeur, qui ne peut r\u00e9sulter d&#8217;une clause unilat\u00e9rale ins\u00e9r\u00e9e au contrat de travail. La cour d&#8217;appel de Versailles a \u00e9cart\u00e9 la clause au cas d&#8217;esp\u00e8ce sur ce motif : \u00ab la clause litigieuse ne donne aucune indication sur le p\u00e9rim\u00e8tre g\u00e9ographique, de sorte qu&#8217;il convient de dire cette clause non valide \u00bb (<a href=\"https:\/\/www.courdecassation.fr\/decision\/67e63b2c2985b65426f725b5\">CA Versailles, ch. soc. 4-6, 27 mars 2025, n\u00b0 23\/00202<\/a>).<\/p>\n<h3>Les clauses valid\u00e9es : zone d\u00e9crite par lieu et environs<\/h3>\n<p>A contrario, les clauses sont valid\u00e9es lorsqu&#8217;elles d\u00e9crivent une zone born\u00e9e. La cour d&#8217;appel de Bourges a confirm\u00e9 la validit\u00e9 d&#8217;une clause limit\u00e9e au secteur de l&#8217;\u00e9tablissement d&#8217;attache et ses environs : \u00ab la clause de mobilit\u00e9 ins\u00e9r\u00e9e dans le contrat de travail de l&#8217;intim\u00e9e est pr\u00e9cise en ce qu&#8217;elle est limit\u00e9e au secteur de l&#8217;\u00e9tablissement de [Localit\u00e9 3] et ses environs \u00bb (<a href=\"https:\/\/www.courdecassation.fr\/decision\/694a5aaa75782d5f06556d3f\">CA Bourges, ch. soc., 19 d\u00e9cembre 2025, n\u00b0 24\/01035<\/a>).<\/p>\n<p>La cour d&#8217;appel de Lyon a valid\u00e9 une clause pr\u00e9voyant \u00ab toute mutation sur un chantier appartenant ou \u00e9tant sous-trait\u00e9 par la Soci\u00e9t\u00e9, dans une zone de travail comportant le d\u00e9partement du Rh\u00f4ne et les d\u00e9partements limitrophes \u00bb. Elle juge que \u00ab le secteur g\u00e9ographique est pr\u00e9cis\u00e9ment d\u00e9fini puisqu&#8217;il s&#8217;agit du d\u00e9partement du Rh\u00f4ne et des d\u00e9partements limitrophes \u00bb (<a href=\"https:\/\/www.courdecassation.fr\/decision\/6788a3c405b7378c3f0c525a\">CA Lyon, ch. soc. A, 15 janvier 2025, n\u00b0 21\/07064<\/a>).<\/p>\n<p>La cour d&#8217;appel de Grenoble a, dans le m\u00eame esprit, \u00e9cart\u00e9 la nullit\u00e9 d&#8217;une clause inscrite dans un contrat conclu pour des fonctions techniques itin\u00e9rantes (<a href=\"https:\/\/www.courdecassation.fr\/decision\/6892e3a5bf535a2d228f9612\">CA Grenoble, ch. soc. A, 5 ao\u00fbt 2025, n\u00b0 23\/02672<\/a>).<\/p>\n<h3>L&#8217;effet de la nullit\u00e9 : la mutation devient une modification du contrat<\/h3>\n<p>Lorsque la clause est jug\u00e9e nulle ou impr\u00e9cise, l&#8217;employeur ne peut pas s&#8217;en pr\u00e9valoir. Le d\u00e9placement du salari\u00e9 hors de son secteur g\u00e9ographique habituel redevient une modification du contrat, qui exige son accord expr\u00e8s. Le refus du salari\u00e9 n&#8217;est pas fautif. Le licenciement prononc\u00e9 en repr\u00e9sailles devient, dans la plupart des cas, sans cause r\u00e9elle et s\u00e9rieuse.<\/p>\n<p>Cette articulation entre la qualification du d\u00e9placement et la qualification du refus est le pivot de tout le contentieux.<\/p>\n<h2>II. La mise en \u0153uvre de la clause : bonne foi, vie priv\u00e9e et proportionnalit\u00e9<\/h2>\n<h3>Le principe : changement des conditions de travail dans la zone vis\u00e9e<\/h3>\n<p>Lorsque la clause est valide et que le nouveau lieu d&#8217;affectation se situe dans le p\u00e9rim\u00e8tre pr\u00e9vu, la jurisprudence retient que la mutation n&#8217;est pas une modification du contrat. Elle rel\u00e8ve du pouvoir de direction.<\/p>\n<p>La cour d&#8217;appel de Versailles a synth\u00e9tis\u00e9 le principe sur le visa de l&#8217;arr\u00eat fondateur : \u00ab l&#8217;application d&#8217;une clause de mobilit\u00e9 incluse dans le contrat de travail correspond \u00e0 un simple changement des conditions de travail et non \u00e0 une modification du contrat de travail qui n\u00e9cessiterait l&#8217;accord du salari\u00e9. Ainsi le refus du salari\u00e9 d&#8217;accepter un changement de ses conditions de travail constitue une faute contractuelle susceptible de justifier la mesure de licenciement prise \u00e0 son encontre (Soc., 23 janvier 2008, n\u00b0 07-40.522, Bull. 2008, V, n\u00b019) \u00bb (<a href=\"https:\/\/www.courdecassation.fr\/decision\/65d855e6c32b4100082b3380\">CA Versailles, ch. soc. 4-3, 22 f\u00e9vrier 2024, n\u00b0 23\/02162<\/a>).<\/p>\n<p>Le rappel n&#8217;est pas seulement acad\u00e9mique. Il fixe la charge de la preuve et le standard de contr\u00f4le. L&#8217;employeur n&#8217;a pas, en principe, \u00e0 justifier la mutation. Il lui suffit de l&#8217;inscrire dans le p\u00e9rim\u00e8tre de la clause. C&#8217;est au salari\u00e9 d&#8217;\u00e9tablir un motif l\u00e9gitime de refus.<\/p>\n<h3>La pr\u00e9somption de bonne foi et l&#8217;office du juge depuis l&#8217;arr\u00eat du 28 juin 2023<\/h3>\n<p>L&#8217;article L. 1222-1 du code du travail impose une ex\u00e9cution de bonne foi du contrat. La bonne foi est pr\u00e9sum\u00e9e. La mise en \u0153uvre de la clause est donc pr\u00e9sum\u00e9e correspondre \u00e0 l&#8217;int\u00e9r\u00eat de l&#8217;entreprise.<\/p>\n<p>Cette pr\u00e9somption a longtemps fait peser sur le salari\u00e9 la charge int\u00e9grale de la preuve d&#8217;un d\u00e9tournement de pouvoir. La chambre sociale a corrig\u00e9 l&#8217;\u00e9quilibre dans un arr\u00eat du 28 juin 2023.<\/p>\n<p>La cour d&#8217;appel de Rouen a repris la solution en termes nets : \u00ab les juges sont tenus de v\u00e9rifier \u00e0 la demande du salari\u00e9 s&#8217;il y a ou non atteinte \u00e0 la vie personnelle et familiale de ce dernier et, le cas \u00e9ch\u00e9ant, si cette atteinte est justifi\u00e9e par la t\u00e2che \u00e0 accomplir et proportionn\u00e9e au but recherch\u00e9, sans se limiter \u00e0 appr\u00e9cier si le salari\u00e9 rapporte la preuve de la mauvaise foi de l&#8217;employeur ou d&#8217;un abus de celui-ci dans la mise en \u0153uvre de la clause de mobilit\u00e9 (Cass., Soc., 28 juin 2023, pourvoi n\u00b0 22-11.227) \u00bb (<a href=\"https:\/\/www.courdecassation.fr\/decision\/6960b4d0cdc6046d47b83d50\">CA Rouen, ch. soc., 8 janvier 2026, n\u00b0 25\/00586<\/a>).<\/p>\n<p>Le test devient ainsi \u00e0 trois temps. Le juge identifie l&#8217;atteinte \u00e0 la vie personnelle et familiale. Il v\u00e9rifie qu&#8217;elle est justifi\u00e9e par la nature des t\u00e2ches. Il contr\u00f4le la proportionnalit\u00e9 au but recherch\u00e9. Le salari\u00e9 n&#8217;a plus \u00e0 d\u00e9montrer l&#8217;intention de nuire de l&#8217;employeur. Il lui suffit d&#8217;\u00e9tablir l&#8217;atteinte. Il appartient ensuite \u00e0 l&#8217;employeur de justifier la n\u00e9cessit\u00e9 et la proportion.<\/p>\n<h3>Les crit\u00e8res concrets de l&#8217;atteinte \u00e0 la vie personnelle et familiale<\/h3>\n<p>Les \u00e9l\u00e9ments retenus par les cours d&#8217;appel sont, en pratique, toujours les m\u00eames.<\/p>\n<p>Le temps et la longueur du trajet. La cour d&#8217;appel de Montpellier a admis le refus d&#8217;une salari\u00e9e qui aurait d\u00fb effectuer plus de deux heures et demie de trajet par jour avec embouteillages, dans un autre bassin d&#8217;emploi, pour un poste qu&#8217;elle estimait imposer une modification substantielle de son contrat (<a href=\"https:\/\/www.courdecassation.fr\/decision\/6866136d27f49a37ec714d8e\">CA Montpellier, 2e ch. soc., 2 juillet 2025, n\u00b0 22\/04070<\/a>).<\/p>\n<p>La situation de famille et la sant\u00e9 d&#8217;un proche. La cour d&#8217;appel de Bordeaux a d\u00e9clar\u00e9 sans cause r\u00e9elle et s\u00e9rieuse le licenciement d&#8217;une salari\u00e9e m\u00e8re d&#8217;une fillette de trois ans atteinte de probl\u00e8mes m\u00e9dicaux. Elle rel\u00e8ve que \u00ab la mutation porte atteinte \u00e0 ses droits \u00e0 une vie personnelle et familiale dans la mesure o\u00f9 sa fille, \u00e2g\u00e9e de 3 ans au moment des faits, connaissait des probl\u00e8mes de sant\u00e9 comme elle en justifie en produisant le certificat m\u00e9dical du docteur [D] du 7 juin 2021 qui indique que la pr\u00e9sence de sa m\u00e8re \u00e0 ses c\u00f4t\u00e9s est indispensable \u00bb (<a href=\"https:\/\/www.courdecassation.fr\/decision\/6970d751cdc6046d471d82a7\">CA Bordeaux, 20 janvier 2026, n\u00b0 23\/03411<\/a>).<\/p>\n<p>La coh\u00e9rence avec l&#8217;organisation d\u00e9j\u00e0 en place. La cour d&#8217;appel de Versailles a \u00e9cart\u00e9 la faute grave d&#8217;un salari\u00e9 qui contestait des changements de site successifs en jugeant que \u00ab les changements de lieux d&#8217;affectation successifs qui lui ont \u00e9t\u00e9 notifi\u00e9s par l&#8217;employeur constituent une modification du contrat de travail, de sorte que son refus \u00e9tait justifi\u00e9, et que le licenciement prononc\u00e9 pour faute grave est d\u00e9pourvu de cause r\u00e9elle et s\u00e9rieuse \u00bb (<a href=\"https:\/\/www.courdecassation.fr\/decision\/6822d292c2c043d9edc460eb\">CA Versailles, ch. soc. 4-3, 12 mai 2025, n\u00b0 22\/03514<\/a>).<\/p>\n<p>\u00c0 l&#8217;inverse, la cour d&#8217;appel d&#8217;Aix-en-Provence a valid\u00e9 une mutation lorsque l&#8217;entreprise avait au contraire pris en compte la situation personnelle du salari\u00e9, notamment en l&#8217;affectant dans la m\u00eame ville que sa compagne : \u00ab dans ce contexte de prise en compte par l&#8217;entreprise de la situation familiale du salari\u00e9 qu&#8217;elle souhaitait muter au m\u00eame endroit que sa compagne&#8230; la mise en \u0153uvre de la clause de mobilit\u00e9 litigieuse ne portait pas une atteinte excessive aux droits du salari\u00e9 \u00e0 une vie personnelle et familiale \u00bb (<a href=\"https:\/\/www.courdecassation.fr\/decision\/67fdeb605af6a3e85961c991\">CA Aix-en-Provence, ch. 4-1, 11 avril 2025, n\u00b0 21\/14661<\/a>).<\/p>\n<h3>L&#8217;int\u00e9r\u00eat de l&#8217;entreprise et la justification du but recherch\u00e9<\/h3>\n<p>Le juge ne contr\u00f4le pas l&#8217;opportunit\u00e9 de la mutation. Il contr\u00f4le qu&#8217;elle a un objet s\u00e9rieux et qu&#8217;elle ne sert pas \u00e0 fragiliser un salari\u00e9. L&#8217;employeur n&#8217;a pas \u00e0 r\u00e9v\u00e9ler sa strat\u00e9gie. Il doit cependant pouvoir \u00e9tablir un besoin organisationnel : reprise de march\u00e9, fermeture d&#8217;un site, red\u00e9ploiement d&#8217;effectifs, perte d&#8217;un client, restructuration ponctuelle.<\/p>\n<p>L&#8217;arr\u00eat pr\u00e9cit\u00e9 de la cour d&#8217;appel de Bordeaux en fournit une illustration claire. La soci\u00e9t\u00e9 s&#8217;\u00e9tait born\u00e9e \u00e0 invoquer un objectif vague d&#8217;\u00ab am\u00e9lioration de la qualit\u00e9 et de la performance de la rel\u00e8ve \u00bb et un \u00ab besoin de l&#8217;exp\u00e9rience \u00bb du salari\u00e9. La cour rel\u00e8ve que \u00ab la soci\u00e9t\u00e9 n&#8217;\u00e9tablit \u00e0 aucun moment par les pi\u00e8ces qu&#8217;elle verse \u00e0 son dossier la r\u00e9alit\u00e9 du but poursuivi notamment par la comparaison des effectifs entre le site d&#8217;Aquitaine et celui du [Localit\u00e9 9] Est et des sites environnants, des t\u00e2ches \u00e0 r\u00e9aliser, les qualit\u00e9s professionnelles des salari\u00e9s employ\u00e9s, la qualit\u00e9 des travaux accomplis \u00bb (<a href=\"https:\/\/www.courdecassation.fr\/decision\/6970d751cdc6046d471d82a7\">CA Bordeaux, 20 janvier 2026, n\u00b0 23\/03411<\/a>). Faute de pouvoir comparer les sites, la mutation a \u00e9t\u00e9 jug\u00e9e injustifi\u00e9e et disproportionn\u00e9e.<\/p>\n<p>L&#8217;enseignement pratique est important. Devant le conseil de prud&#8217;hommes, le d\u00e9bat tourne tr\u00e8s souvent autour de la production par l&#8217;employeur d&#8217;un dossier interne \u2014 comparaison d&#8217;effectifs, calendrier de march\u00e9, lettres clients, plan de charge \u2014 qui d\u00e9montre que la mutation a un sens.<\/p>\n<h3>Le d\u00e9lai de pr\u00e9venance et l&#8217;accompagnement<\/h3>\n<p>Beaucoup de clauses pr\u00e9voient un d\u00e9lai de pr\u00e9venance, en g\u00e9n\u00e9ral de un \u00e0 trois mois. Le respect de ce d\u00e9lai est un indice fort de la bonne foi. Son absence devient un argument de premier plan pour le salari\u00e9.<\/p>\n<p>La cour d&#8217;appel d&#8217;Amiens a, par exemple, retenu que la modification du secteur d&#8217;intervention \u00ab du jour au lendemain \u00bb d&#8217;un cadre soumis \u00e0 un forfait jours, sans respect du d\u00e9lai de pr\u00e9venance pr\u00e9vu, constituait une modification que le salari\u00e9 pouvait refuser (<a href=\"https:\/\/www.courdecassation.fr\/decision\/67a5a9d1d987368212826784\">CA Amiens, 5e ch. prud&#8217;homale, 6 f\u00e9vrier 2025, n\u00b0 23\/03314<\/a>).<\/p>\n<p>L&#8217;accompagnement mat\u00e9riel p\u00e8se \u00e9galement. La cour d&#8217;appel de Grenoble a, dans l&#8217;arr\u00eat pr\u00e9cit\u00e9, valid\u00e9 la mutation apr\u00e8s avoir relev\u00e9 que l&#8217;employeur proposait au salari\u00e9 une aide au d\u00e9m\u00e9nagement, une aide \u00e0 la recherche de logement et une indemnit\u00e9 journali\u00e8re de double r\u00e9sidence dans la limite de six mois (<a href=\"https:\/\/www.courdecassation.fr\/decision\/6892e3a5bf535a2d228f9612\">CA Grenoble, 5 ao\u00fbt 2025, n\u00b0 23\/02672<\/a>). Plus l&#8217;accompagnement est concret et chiffr\u00e9, plus la mutation est jug\u00e9e proportionn\u00e9e.<\/p>\n<h3>La mise en \u0153uvre discriminatoire<\/h3>\n<p>La mise en \u0153uvre de la clause peut aussi \u00eatre contest\u00e9e sur le terrain de la discrimination, sur le visa de l&#8217;article L. 1132-1 du code du travail. Lorsque plusieurs salari\u00e9s du m\u00eame service sont en th\u00e9orie concern\u00e9s et qu&#8217;un seul est mut\u00e9, le juge contr\u00f4le l&#8217;absence de diff\u00e9rence de traitement li\u00e9e \u00e0 un motif prohib\u00e9 (origine, \u00e9tat de sant\u00e9, activit\u00e9 syndicale, situation de famille, signalement de harc\u00e8lement).<\/p>\n<p>La cour d&#8217;appel de Grenoble a synth\u00e9tis\u00e9 la grille : \u00ab il r\u00e9sulte des dispositions de l&#8217;article 1132-1 du code du travail qu&#8217;aucune personne ne peut \u00eatre \u00e9cart\u00e9e d&#8217;une proc\u00e9dure de recrutement&#8230; aucun salari\u00e9 ne peut \u00eatre sanctionn\u00e9, licenci\u00e9 ou faire l&#8217;objet d&#8217;une mesure discriminatoire \u00bb (<a href=\"https:\/\/www.courdecassation.fr\/decision\/6892e3a5bf535a2d228f9612\">CA Grenoble, 5 ao\u00fbt 2025, n\u00b0 23\/02672<\/a>). Le salari\u00e9 doit pr\u00e9senter des \u00e9l\u00e9ments de fait laissant supposer la discrimination, \u00e0 charge ensuite pour l&#8217;employeur de prouver que sa d\u00e9cision repose sur des \u00e9l\u00e9ments objectifs \u00e9trangers \u00e0 toute discrimination.<\/p>\n<h2>III. Refus du salari\u00e9, licenciement et indemnit\u00e9s<\/h2>\n<h3>La qualification de la rupture apr\u00e8s refus<\/h3>\n<p>Le refus du salari\u00e9 est analys\u00e9 selon trois grilles successives.<\/p>\n<p>Premi\u00e8re grille, la clause est nulle ou la mutation exc\u00e8de la zone g\u00e9ographique pr\u00e9vue. Le d\u00e9placement est une modification du contrat. Le refus n&#8217;est pas fautif. Le licenciement prononc\u00e9 sans autre motif est, dans la quasi-totalit\u00e9 des cas, d\u00e9pourvu de cause r\u00e9elle et s\u00e9rieuse.<\/p>\n<p>Deuxi\u00e8me grille, la clause est valide et la mutation se situe dans la zone, mais la mise en \u0153uvre porte une atteinte injustifi\u00e9e \u00e0 la vie personnelle et familiale. Le refus est \u00e0 nouveau l\u00e9gitime. Le licenciement est sans cause r\u00e9elle et s\u00e9rieuse, parfois nul lorsque la mutation visait \u00e0 contraindre le salari\u00e9 \u00e0 d\u00e9missionner ou s&#8217;inscrit dans un contexte de discrimination ou de repr\u00e9sailles.<\/p>\n<p>Troisi\u00e8me grille, la clause est valide, la mutation est dans la zone, l&#8217;atteinte \u00e0 la vie priv\u00e9e n&#8217;est pas caract\u00e9ris\u00e9e. Le refus devient fautif. La sanction varie alors entre la cause r\u00e9elle et s\u00e9rieuse, plus rarement la faute grave. La faute grave suppose une impossibilit\u00e9 de maintien du salari\u00e9 dans l&#8217;entreprise et n&#8217;est retenue que lorsque le salari\u00e9 a abandonn\u00e9 son poste sans r\u00e9pondre aux mises en demeure.<\/p>\n<h3>La faute grave est r\u00e9sistante<\/h3>\n<p>Plusieurs cours d&#8217;appel ont r\u00e9cemment \u00e9cart\u00e9 la faute grave en pr\u00e9sence d&#8217;un refus simple, sans abandon de poste prolong\u00e9 ni d\u00e9nigrement public. Le simple refus d&#8217;une mutation jug\u00e9e discutable, exprim\u00e9 par \u00e9crit et accompagn\u00e9 d&#8217;une pr\u00e9sence sur le site habituel, ne suffit pas \u00e0 caract\u00e9riser une faute grave.<\/p>\n<p>La cour d&#8217;appel de Bordeaux, dans l&#8217;arr\u00eat du 20 janvier 2026 pr\u00e9cit\u00e9, a m\u00eame retenu un <a href=\"https:\/\/kohenavocats.com\/avocats-droit-social-paris\/avocats-heures-supplementaires-paris\/\" target=\"_blank\" title=\"rappel de salaire\">rappel de salaire<\/a> au profit de la salari\u00e9e. Elle rel\u00e8ve \u00ab qu&#8217;elle s&#8217;est pr\u00e9sent\u00e9e tous les jours sur son lieu habituel de travail et que c&#8217;est son employeur qui ne lui a pas fourni de travail \u00bb (<a href=\"https:\/\/www.courdecassation.fr\/decision\/6970d751cdc6046d471d82a7\">CA Bordeaux, 20 janvier 2026, n\u00b0 23\/03411<\/a>). La salari\u00e9e a obtenu non seulement la requalification du licenciement en licenciement sans cause r\u00e9elle et s\u00e9rieuse, mais aussi un rappel des salaires correspondant aux jours pendant lesquels l&#8217;employeur lui avait refus\u00e9 de travailler.<\/p>\n<h3>Le chiffrage indicatif des indemnit\u00e9s<\/h3>\n<p>Lorsque le licenciement est jug\u00e9 sans cause r\u00e9elle et s\u00e9rieuse, le salari\u00e9 peut pr\u00e9tendre, en application de l&#8217;article L. 1235-3 du code du travail, \u00e0 une indemnit\u00e9 comprise entre des montants planchers et plafonds fix\u00e9s par le bar\u00e8me dit Macron. Les fourchettes d\u00e9pendent de l&#8217;anciennet\u00e9 et de la taille de l&#8217;entreprise. Pour un salari\u00e9 ayant cinq ann\u00e9es compl\u00e8tes d&#8217;anciennet\u00e9 dans une entreprise d&#8217;au moins onze salari\u00e9s, la fourchette s&#8217;\u00e9tend de trois \u00e0 six mois de salaire.<\/p>\n<p>Le salari\u00e9 r\u00e9cup\u00e8re par ailleurs l&#8217;indemnit\u00e9 l\u00e9gale ou conventionnelle de licenciement (article L. 1234-9 du code du travail) et l&#8217;indemnit\u00e9 compensatrice de pr\u00e9avis assortie des cong\u00e9s pay\u00e9s aff\u00e9rents (article L. 1234-1 du code du travail). Ces indemnit\u00e9s sont normalement exclues en cas de faute grave. Leur r\u00e9cup\u00e9ration est l&#8217;un des effets concrets de la requalification.<\/p>\n<p>Si la mise \u00e0 pied conservatoire prononc\u00e9e pendant la proc\u00e9dure n&#8217;est pas justifi\u00e9e, le salari\u00e9 r\u00e9clame un rappel de salaire correspondant \u00e0 la p\u00e9riode non travaill\u00e9e et non pay\u00e9e, sur le fondement des articles L. 1332-3 du code du travail et 9 du code de proc\u00e9dure civile. La cour d&#8217;appel de Bordeaux l&#8217;a appliqu\u00e9 : 423,99 euros pour une mise \u00e0 pied conservatoire de quelques jours, outre les cong\u00e9s pay\u00e9s aff\u00e9rents (<a href=\"https:\/\/www.courdecassation.fr\/decision\/6970d751cdc6046d471d82a7\">CA Bordeaux, 20 janvier 2026, n\u00b0 23\/03411<\/a>).<\/p>\n<p>Lorsque la mise en \u0153uvre d\u00e9loyale de la clause de mobilit\u00e9 a caus\u00e9 un pr\u00e9judice distinct du licenciement \u2014 par exemple en g\u00e9n\u00e9rant un trajet excessif pendant des semaines avant la rupture \u2014 le salari\u00e9 peut demander une indemnit\u00e9 suppl\u00e9mentaire sur le fondement de l&#8217;article L. 1222-1 du code du travail. La cour d&#8217;appel de Bordeaux a en revanche \u00e9cart\u00e9 ce poste lorsque le pr\u00e9judice se confondait d\u00e9j\u00e0 avec celui r\u00e9par\u00e9 au titre du licenciement abusif (<a href=\"https:\/\/www.courdecassation.fr\/decision\/6970d751cdc6046d471d82a7\">CA Bordeaux, 20 janvier 2026, n\u00b0 23\/03411<\/a>).<\/p>\n<h3>La nullit\u00e9 du licenciement pour atteinte \u00e0 une libert\u00e9 fondamentale<\/h3>\n<p>Lorsque la mutation a pour v\u00e9ritable but de contraindre un salari\u00e9 \u00e0 d\u00e9missionner, ou s&#8217;inscrit dans un sch\u00e9ma de repr\u00e9sailles \u00e0 la suite d&#8217;un signalement de harc\u00e8lement, d&#8217;un t\u00e9moignage en justice ou d&#8217;une activit\u00e9 syndicale, la nullit\u00e9 du licenciement peut \u00eatre prononc\u00e9e. La nullit\u00e9 ouvre droit \u00e0 une indemnit\u00e9 au moins \u00e9gale \u00e0 six mois de salaire, \u00e0 la demande de r\u00e9int\u00e9gration et, en cas de r\u00e9int\u00e9gration, \u00e0 un rappel des salaires perdus entre la rupture et la reprise effective. C&#8217;est un terrain \u00e0 explorer d\u00e8s qu&#8217;il existe un contexte de conflit ant\u00e9rieur entre le salari\u00e9 et la hi\u00e9rarchie.<\/p>\n<h3>La preuve : ce qu&#8217;il faut conserver<\/h3>\n<p>La d\u00e9fense d&#8217;un salari\u00e9 mut\u00e9 repose presque toujours sur des pi\u00e8ces mat\u00e9rielles. Une checklist utile, \u00e0 constituer d\u00e8s que l&#8217;employeur annonce la mise en \u0153uvre de la clause :<\/p>\n<ul>\n<li>le contrat de travail et ses avenants ;<\/li>\n<li>les bulletins de paie sur les douze derniers mois ;<\/li>\n<li>la convention collective applicable et l&#8217;accord d&#8217;entreprise \u00e9ventuel ;<\/li>\n<li>la lettre annon\u00e7ant la mutation et l&#8217;ordre de mission ;<\/li>\n<li>les courriers de mise en demeure et les r\u00e9ponses adress\u00e9es ;<\/li>\n<li>les pi\u00e8ces personnelles justifiant l&#8217;atteinte \u00e0 la vie priv\u00e9e : composition du foyer, scolarit\u00e9 des enfants, certificats m\u00e9dicaux, contrat de bail, justificatifs de garde, attestation de l&#8217;autre parent, plannings ;<\/li>\n<li>les itin\u00e9raires et dur\u00e9es de trajet r\u00e9els en transports en commun et en voiture ;<\/li>\n<li>les \u00e9ventuels \u00e9changes internes \u2014 courriels, SMS, messageries \u2014 montrant les motivations de l&#8217;employeur ;<\/li>\n<li>la liste des coll\u00e8gues affect\u00e9s au m\u00eame service, avec mention des mutations qui leur ont \u00e9t\u00e9 ou n&#8217;ont pas \u00e9t\u00e9 impos\u00e9es.<\/li>\n<\/ul>\n<p>Un dossier prud&#8217;homal sur clause de mobilit\u00e9 se gagne ou se perd au moment o\u00f9 le salari\u00e9 rassemble ces \u00e9l\u00e9ments, c&#8217;est-\u00e0-dire avant m\u00eame le licenciement. La logique consiste \u00e0 mat\u00e9rialiser, par \u00e9crit, \u00e0 la fois l&#8217;atteinte personnelle et l&#8217;absence de justification objective de la mesure.<\/p>\n<h3>Les d\u00e9lais \u00e0 surveiller<\/h3>\n<p>L&#8217;action en contestation du licenciement doit \u00eatre engag\u00e9e dans les douze mois \u00e0 compter de la notification de la rupture (article L. 1471-1 du code du travail).<\/p>\n<p>L&#8217;action en paiement des salaires non vers\u00e9s ou de la mise \u00e0 pied conservatoire est ouverte pendant trois ans \u00e0 compter de la date \u00e0 laquelle la cr\u00e9ance est devenue exigible (article L. 3245-1 du code du travail).<\/p>\n<p>L&#8217;action fond\u00e9e sur la discrimination peut, quant \u00e0 elle, remonter sur cinq ans \u00e0 compter de la r\u00e9v\u00e9lation de la discrimination (article L. 1134-5 du code du travail).<\/p>\n<p>Ces d\u00e9lais ne suspendent pas les d\u00e9marches d&#8217;inscription \u00e0 France Travail, qui restent ind\u00e9pendantes de l&#8217;issue du litige prud&#8217;homal.<\/p>\n<h2>La strat\u00e9gie pratique avant et apr\u00e8s la mutation<\/h2>\n<h3>Avant l&#8217;envoi du courrier de mutation : auditer la clause<\/h3>\n<p>Le travail commence avant l&#8217;\u00e9v\u00e9nement d\u00e9clencheur. Un salari\u00e9 qui rep\u00e8re que sa clause vise \u00ab la France enti\u00e8re \u00bb, \u00ab tous les \u00e9tablissements actuels et futurs \u00bb ou \u00ab toute soci\u00e9t\u00e9 du groupe \u00bb a int\u00e9r\u00eat \u00e0 le savoir avant que la question ne se pose. Ce rep\u00e9rage permet, \u00e0 l&#8217;occasion d&#8217;une n\u00e9gociation salariale ou d&#8217;un avenant, d&#8217;obtenir une r\u00e9daction plus protectrice et de baliser les futurs d\u00e9placements possibles.<\/p>\n<h3>Au re\u00e7u du courrier : ne pas refuser frontalement sans avoir analys\u00e9<\/h3>\n<p>La pire strat\u00e9gie consiste \u00e0 r\u00e9pondre par un refus brut. Un courrier qui se contente d&#8217;\u00e9crire \u00ab je refuse \u00bb expose \u00e0 une qualification de faute, sans pr\u00e9server les arguments. La bonne r\u00e9ponse est g\u00e9n\u00e9ralement une demande d&#8217;explications, par lettre recommand\u00e9e, qui demande \u00e0 l&#8217;employeur de pr\u00e9ciser le but de la mutation, le d\u00e9lai de pr\u00e9venance retenu, l&#8217;\u00e9ventuel accompagnement, la dur\u00e9e de l&#8217;affectation et la coh\u00e9rence avec la zone g\u00e9ographique de la clause. Cette correspondance fixe la photo du dossier au jour de la d\u00e9cision.<\/p>\n<h3>Pendant la proc\u00e9dure disciplinaire : se pr\u00e9senter au site habituel et formaliser l&#8217;atteinte<\/h3>\n<p>Lorsque le salari\u00e9 estime qu&#8217;il n&#8217;a pas \u00e0 se rendre au nouveau site, il doit n\u00e9anmoins maintenir la fourniture de sa prestation de travail. Se pr\u00e9senter au site habituel, signaler sa pr\u00e9sence par mail \u00e0 la hi\u00e9rarchie, justifier en parall\u00e8le les \u00e9l\u00e9ments de vie personnelle qui s&#8217;opposent \u00e0 la mutation. C&#8217;est cette double d\u00e9marche que les juges consid\u00e8rent comme r\u00e9v\u00e9latrice de la bonne foi.<\/p>\n<h3>En cas de licenciement : engager la proc\u00e9dure et pr\u00e9server l&#8217;inscription \u00e0 France Travail<\/h3>\n<p>Le licenciement, m\u00eame pour faute grave, n&#8217;emp\u00eache pas l&#8217;inscription \u00e0 France Travail. La rupture reste involontaire au sens du r\u00e8glement g\u00e9n\u00e9ral d&#8217;assurance ch\u00f4mage. Il faut s&#8217;inscrire sans attendre, demander la rectification \u00e9ventuelle de l&#8217;attestation, et lancer en parall\u00e8le la proc\u00e9dure prud&#8217;homale pour contester les motifs.<\/p>\n<p>Notre cabinet accompagne plusieurs profils sur ce terrain : cadres soumis \u00e0 une clause large, agents itin\u00e9rants des secteurs propret\u00e9, s\u00e9curit\u00e9, BTP et grande distribution, techniciens dont la mutation conditionne la poursuite d&#8217;un march\u00e9. Voir aussi notre analyse sur le <a href=\"https:\/\/kohenavocats.com\/licenciement-faute-grave-chomage-france-travail-droits-recours\/\">licenciement pour faute grave et le ch\u00f4mage<\/a> et sur l&#8217;<a href=\"https:\/\/kohenavocats.com\/attestation-france-travail-erronee-ou-remise-trop-tard-debloquer-droits-chomage-reparation\/\">attestation France Travail erron\u00e9e ou remise trop tard<\/a>, qui compl\u00e8tent l&#8217;aspect indemnitaire des contentieux li\u00e9s \u00e0 la mutation refus\u00e9e.<\/p>\n<p>Pour une pr\u00e9sentation compl\u00e8te des autres motifs disciplinaires que l&#8217;employeur peut invoquer apr\u00e8s un refus, on lira utilement notre \u00e9tude sur le <a href=\"https:\/\/kohenavocats.com\/licenciement-vexatoire-indemnite-distincte-circonstances-jurisprudence\/\">licenciement vexatoire et l&#8217;indemnit\u00e9 distincte des circonstances de la rupture<\/a>, souvent plaid\u00e9 en compl\u00e9ment lorsque l&#8217;employeur a accompagn\u00e9 la mutation d&#8217;\u00e9l\u00e9ments humiliants.<\/p>\n<p>Pour la d\u00e9fense au fond, l&#8217;expertise du cabinet est centralis\u00e9e sur la page <a href=\"https:\/\/kohenavocats.com\/avocats-droit-social-paris\/avocats-contentieux-prudhommes-paris\/\">contentieux prud&#8217;homal \u00e0 Paris<\/a>. Les contestations de <a href=\"https:\/\/kohenavocats.com\/avocats-droit-social-paris\/avocats-licenciement-faute-paris\/\">licenciement pour faute<\/a> et les n\u00e9gociations de <a href=\"https:\/\/kohenavocats.com\/avocats-droit-social-paris\/avocats-transaction-indemnites-paris\/\">transaction et indemnit\u00e9s<\/a> sont \u00e9galement suivies par le cabinet, de m\u00eame que les demandes de <a href=\"https:\/\/kohenavocats.com\/avocats-droit-social-paris\/avocats-rupture-conventionnelle-paris\/\">rupture conventionnelle<\/a> lorsque la situation conduit \u00e0 une sortie n\u00e9goci\u00e9e plut\u00f4t qu&#8217;\u00e0 un contentieux frontal. Les dossiers concernant les cadres soumis \u00e0 une <a href=\"https:\/\/kohenavocats.com\/avocats-droit-social-paris\/avocats-forfait-jours-paris\/\">convention de forfait jours<\/a> impliquent souvent une articulation avec la clause de mobilit\u00e9, l&#8217;amplitude horaire et la charge de travail.<\/p>\n<h2>Synth\u00e8se op\u00e9rationnelle<\/h2>\n<p>La clause de mobilit\u00e9 reste l&#8217;un des outils les plus sensibles du contrat de travail. Elle consacre un d\u00e9s\u00e9quilibre, par lequel le salari\u00e9 accepte par avance un d\u00e9placement futur. La jurisprudence n&#8217;interdit pas cette stipulation. Elle l&#8217;encadre.<\/p>\n<p>Le salari\u00e9 doit retenir que sa marge de refus se construit en trois temps : la lecture de la clause, la lecture de la lettre de mutation, la lecture de sa propre situation familiale et g\u00e9ographique. Chacun de ces trois \u00e9l\u00e9ments peut faire basculer le contentieux du c\u00f4t\u00e9 de la cause r\u00e9elle et s\u00e9rieuse vers le licenciement abusif, voire la nullit\u00e9.<\/p>\n<p>L&#8217;employeur, de son c\u00f4t\u00e9, doit retenir que la mise en \u0153uvre de la clause appelle d\u00e9sormais un travail documentaire. Il ne suffit plus d&#8217;invoquer l&#8217;int\u00e9r\u00eat de l&#8217;entreprise. Il faut le d\u00e9montrer, comparer, accompagner, pr\u00e9venir et \u00e9crire. \u00c0 d\u00e9faut, la chambre sociale tire les cons\u00e9quences de la cha\u00eene de jurisprudence ouverte par l&#8217;arr\u00eat du 28 juin 2023 et continu\u00e9e par les arr\u00eats r\u00e9cents des cours d&#8217;appel : disqualification de la faute grave, requalification en licenciement sans cause r\u00e9elle et s\u00e9rieuse, voire nullit\u00e9.<\/p>\n<h2>Besoin d&#8217;un avis rapide sur votre dossier<\/h2>\n<p>Vous venez de recevoir un courrier de mutation, votre clause de mobilit\u00e9 vise une zone tr\u00e8s large, ou votre licenciement vient d&#8217;\u00eatre notifi\u00e9 pour avoir refus\u00e9 une affectation : le cabinet Kohen Avocats vous propose une consultation t\u00e9l\u00e9phonique avec un avocat sous quarante-huit heures \u00e0 Paris et en \u00cele-de-France. Nous \u00e9tudions votre clause, votre courrier et vos pi\u00e8ces, puis nous vous indiquons imm\u00e9diatement les chances de contestation et le calendrier prud&#8217;homal.<\/p>\n<p>T\u00e9l\u00e9phone direct : <a href=\"tel:+33689113445\">06 89 11 34 45<\/a>.<\/p>\n<p>Page <a href=\"https:\/\/kohenavocats.com\/contactez-nous\/\">contact du cabinet<\/a> \u00e0 Paris et en \u00cele-de-France.<\/p>\n","protected":false},"excerpt":{"rendered":"<p>Vous venez de recevoir un courrier de votre employeur qui active la clause de mobilit\u00e9 figurant dans votre contrat de travail. Le nouveau lieu d&#8217;affectation est plus loin, plus t\u00f4t, ou dans un autre d\u00e9partement. La question est imm\u00e9diate : pouvez-\u2026<\/p>\n","protected":false},"author":232070755,"featured_media":9593,"comment_status":"open","ping_status":"open","sticky":false,"template":"","format":"standard","meta":{"_crdt_document":"","_jetpack_newsletter_access":"","_jetpack_dont_email_post_to_subs":false,"_jetpack_newsletter_tier_id":0,"_jetpack_memberships_contains_paywalled_content":false,"_kj_source_type":"","_kj_official_id":"","_kj_official_url":"","_kj_judilibre_id":"","_kj_jur":"","_kj_lieu":"","_kj_chambre":"","_kj_rg":"","_kj_date":"","_jetpack_memberships_contains_paid_content":false,"footnotes":"","jetpack_post_was_ever_published":false},"categories":[7096,7123,6580,6325,6718,6992],"tags":[],"class_list":["post-677504","post","type-post","status-publish","format-standard","has-post-thumbnail","hentry","category-code-des-assurances","category-droit-du-travail","category-droit-social","category-non-categorise","category-social","category-travail"],"yoast_head":"<!-- This site is optimized with the Yoast SEO Premium plugin v27.5 (Yoast SEO v27.5) - https:\/\/yoast.com\/product\/yoast-seo-premium-wordpress\/ -->\n<title>Clause de mobilit\u00e9 et refus du salari\u00e9 : conditions de validit\u00e9, abus de l&#039;employeur et licenciement - Ma\u00eetre Hassan Kohen, avocat en droit p\u00e9nal \u00e0 Paris<\/title>\n<meta name=\"robots\" content=\"index, follow, max-snippet:-1, max-image-preview:large, max-video-preview:-1\" \/>\n<link rel=\"canonical\" href=\"https:\/\/kohenavocats.com\/ar\/clause-mobilite-refus-salarie-licenciement-validite-abus\/\" \/>\n<meta property=\"og:locale\" content=\"ar_AR\" \/>\n<meta property=\"og:type\" content=\"article\" \/>\n<meta property=\"og:title\" content=\"Clause de mobilit\u00e9 et refus du salari\u00e9 : conditions de validit\u00e9, abus de l&#039;employeur et licenciement\" \/>\n<meta property=\"og:description\" content=\"Vous venez de recevoir un courrier de votre employeur qui active la clause de mobilit\u00e9 figurant dans votre contrat de travail. Le nouveau lieu d&#039;affectation est plus loin, plus t\u00f4t, ou dans un autre d\u00e9partement. La question est imm\u00e9diate : pouvez-\u2026\" \/>\n<meta property=\"og:url\" content=\"https:\/\/kohenavocats.com\/ar\/clause-mobilite-refus-salarie-licenciement-validite-abus\/\" \/>\n<meta property=\"og:site_name\" content=\"Ma\u00eetre Hassan Kohen, avocat en droit p\u00e9nal \u00e0 Paris\" \/>\n<meta property=\"article:published_time\" content=\"2026-04-25T01:19:41+00:00\" \/>\n<meta property=\"article:modified_time\" content=\"2026-04-26T15:26:25+00:00\" \/>\n<meta property=\"og:image\" content=\"https:\/\/kohenavocats.com\/wp-content\/uploads\/2024\/11\/planet-volumes-YGEIDE-iUi8-unsplash.webp\" \/>\n\t<meta property=\"og:image:width\" content=\"2500\" \/>\n\t<meta property=\"og:image:height\" content=\"3500\" \/>\n\t<meta property=\"og:image:type\" content=\"image\/webp\" \/>\n<meta name=\"author\" content=\"Kohen\" \/>\n<meta name=\"twitter:card\" content=\"summary_large_image\" \/>\n<meta name=\"twitter:label1\" content=\"\u0643\u064f\u062a\u0628 \u0628\u0648\u0627\u0633\u0637\u0629\" \/>\n\t<meta name=\"twitter:data1\" content=\"Kohen\" \/>\n\t<meta name=\"twitter:label2\" content=\"\u0648\u0642\u062a \u0627\u0644\u0642\u0631\u0627\u0621\u0629 \u0627\u0644\u0645\u064f\u0642\u062f\u0651\u0631\" \/>\n\t<meta name=\"twitter:data2\" content=\"23 \u062f\u0642\u064a\u0642\u0629\" \/>\n<script type=\"application\/ld+json\" class=\"yoast-schema-graph\">{\"@context\":\"https:\\\/\\\/schema.org\",\"@graph\":[{\"@type\":\"Article\",\"@id\":\"https:\\\/\\\/kohenavocats.com\\\/ar\\\/clause-mobilite-refus-salarie-licenciement-validite-abus\\\/#article\",\"isPartOf\":{\"@id\":\"https:\\\/\\\/kohenavocats.com\\\/ar\\\/clause-mobilite-refus-salarie-licenciement-validite-abus\\\/\"},\"author\":{\"name\":\"Kohen\",\"@id\":\"https:\\\/\\\/kohenavocats.com\\\/ar\\\/#\\\/schema\\\/person\\\/761c9ba54fa1ca84d405cef0831ff751\"},\"headline\":\"Clause de mobilit\u00e9 et refus du salari\u00e9 : conditions de validit\u00e9, abus de l&#8217;employeur et licenciement\",\"datePublished\":\"2026-04-25T01:19:41+00:00\",\"dateModified\":\"2026-04-26T15:26:25+00:00\",\"mainEntityOfPage\":{\"@id\":\"https:\\\/\\\/kohenavocats.com\\\/ar\\\/clause-mobilite-refus-salarie-licenciement-validite-abus\\\/\"},\"wordCount\":4865,\"commentCount\":0,\"publisher\":{\"@id\":\"https:\\\/\\\/kohenavocats.com\\\/ar\\\/#organization\"},\"image\":{\"@id\":\"https:\\\/\\\/kohenavocats.com\\\/ar\\\/clause-mobilite-refus-salarie-licenciement-validite-abus\\\/#primaryimage\"},\"thumbnailUrl\":\"https:\\\/\\\/kohenavocats.com\\\/wp-content\\\/uploads\\\/2024\\\/11\\\/planet-volumes-YGEIDE-iUi8-unsplash.webp\",\"articleSection\":[\"Code des assurances\",\"Droit du travail\",\"Droit Social\",\"Non cat\u00e9goris\u00e9\",\"Social\",\"Travail\"],\"inLanguage\":\"ar\",\"potentialAction\":[{\"@type\":\"CommentAction\",\"name\":\"Comment\",\"target\":[\"https:\\\/\\\/kohenavocats.com\\\/ar\\\/clause-mobilite-refus-salarie-licenciement-validite-abus\\\/#respond\"]}],\"citation\":\"Clause de mobilit\u00e9 et refus du salari\u00e9 : conditions de validit\u00e9, abus de l&#8217;employeur et licenciement\",\"about\":[{\"@type\":\"Thing\",\"name\":\"Code des assurances\"},{\"@type\":\"Thing\",\"name\":\"Droit du travail\"},{\"@type\":\"Thing\",\"name\":\"Droit Social\"},{\"@type\":\"Thing\",\"name\":\"Non cat\u00e9goris\u00e9\"},{\"@type\":\"Thing\",\"name\":\"Social\"},{\"@type\":\"Thing\",\"name\":\"Travail\"}],\"speakable\":{\"@type\":\"SpeakableSpecification\",\"cssSelector\":[\".article-content > p:first-of-type\"]}},{\"@type\":\"WebPage\",\"@id\":\"https:\\\/\\\/kohenavocats.com\\\/ar\\\/clause-mobilite-refus-salarie-licenciement-validite-abus\\\/\",\"url\":\"https:\\\/\\\/kohenavocats.com\\\/ar\\\/clause-mobilite-refus-salarie-licenciement-validite-abus\\\/\",\"name\":\"Clause de mobilit\u00e9 et refus du salari\u00e9 : conditions de validit\u00e9, abus de l'employeur et licenciement - Ma\u00eetre Hassan Kohen, avocat en droit p\u00e9nal \u00e0 Paris\",\"isPartOf\":{\"@id\":\"https:\\\/\\\/kohenavocats.com\\\/ar\\\/#website\"},\"primaryImageOfPage\":{\"@id\":\"https:\\\/\\\/kohenavocats.com\\\/ar\\\/clause-mobilite-refus-salarie-licenciement-validite-abus\\\/#primaryimage\"},\"image\":{\"@id\":\"https:\\\/\\\/kohenavocats.com\\\/ar\\\/clause-mobilite-refus-salarie-licenciement-validite-abus\\\/#primaryimage\"},\"thumbnailUrl\":\"https:\\\/\\\/kohenavocats.com\\\/wp-content\\\/uploads\\\/2024\\\/11\\\/planet-volumes-YGEIDE-iUi8-unsplash.webp\",\"datePublished\":\"2026-04-25T01:19:41+00:00\",\"dateModified\":\"2026-04-26T15:26:25+00:00\",\"breadcrumb\":{\"@id\":\"https:\\\/\\\/kohenavocats.com\\\/ar\\\/clause-mobilite-refus-salarie-licenciement-validite-abus\\\/#breadcrumb\"},\"inLanguage\":\"ar\",\"potentialAction\":[{\"@type\":\"ReadAction\",\"target\":[\"https:\\\/\\\/kohenavocats.com\\\/ar\\\/clause-mobilite-refus-salarie-licenciement-validite-abus\\\/\"]}]},{\"@type\":\"ImageObject\",\"inLanguage\":\"ar\",\"@id\":\"https:\\\/\\\/kohenavocats.com\\\/ar\\\/clause-mobilite-refus-salarie-licenciement-validite-abus\\\/#primaryimage\",\"url\":\"https:\\\/\\\/kohenavocats.com\\\/wp-content\\\/uploads\\\/2024\\\/11\\\/planet-volumes-YGEIDE-iUi8-unsplash.webp\",\"contentUrl\":\"https:\\\/\\\/kohenavocats.com\\\/wp-content\\\/uploads\\\/2024\\\/11\\\/planet-volumes-YGEIDE-iUi8-unsplash.webp\",\"width\":2500,\"height\":3500},{\"@type\":\"BreadcrumbList\",\"@id\":\"https:\\\/\\\/kohenavocats.com\\\/ar\\\/clause-mobilite-refus-salarie-licenciement-validite-abus\\\/#breadcrumb\",\"itemListElement\":[{\"@type\":\"ListItem\",\"position\":1,\"name\":\"Home\",\"item\":\"https:\\\/\\\/kohenavocats.com\\\/ar\\\/%d9%85%d8%ad%d8%a7%d9%85%d9%88%d9%86-%d9%85%d8%aa%d8%ae%d8%b5%d8%b5%d9%88%d9%86-%d9%81%d9%8a-%d8%a7%d9%84%d9%82%d8%a7%d9%86%d9%88%d9%86-%d8%a7%d9%84%d8%ac%d9%86%d8%a7%d8%a6%d9%8a-%d8%a8%d8%a8%d8%a7\\\/\"},{\"@type\":\"ListItem\",\"position\":2,\"name\":\"Clause de mobilit\u00e9 et refus du salari\u00e9 : conditions de validit\u00e9, abus de l&#8217;employeur et licenciement\"}]},{\"@type\":\"WebSite\",\"@id\":\"https:\\\/\\\/kohenavocats.com\\\/ar\\\/#website\",\"url\":\"https:\\\/\\\/kohenavocats.com\\\/ar\\\/\",\"name\":\"Kohen Avocats\",\"description\":\"Ma\u00eetre Hassan Kohen, avocat p\u00e9naliste \u00e0 Paris, intervient exclusivement en droit p\u00e9nal pour la d\u00e9fense des particuliers, notamment en mati\u00e8re d\u2019accusations de viol. Il assure un accompagnement rigoureux d\u00e8s la garde \u00e0 vue jusqu\u2019\u00e0 la Cour d\u2019assises, veillant au strict respect des garanties proc\u00e9durales.\",\"publisher\":{\"@id\":\"https:\\\/\\\/kohenavocats.com\\\/ar\\\/#organization\"},\"potentialAction\":[{\"@type\":\"SearchAction\",\"target\":{\"@type\":\"EntryPoint\",\"urlTemplate\":\"https:\\\/\\\/kohenavocats.com\\\/ar\\\/?s={search_term_string}\"},\"query-input\":{\"@type\":\"PropertyValueSpecification\",\"valueRequired\":true,\"valueName\":\"search_term_string\"}}],\"inLanguage\":\"ar\"},{\"@type\":\"Organization\",\"@id\":\"https:\\\/\\\/kohenavocats.com\\\/ar\\\/#organization\",\"name\":\"Kohen Avocats\",\"url\":\"https:\\\/\\\/kohenavocats.com\\\/ar\\\/\",\"logo\":{\"@type\":\"ImageObject\",\"inLanguage\":\"ar\",\"@id\":\"https:\\\/\\\/kohenavocats.com\\\/ar\\\/#\\\/schema\\\/logo\\\/image\\\/\",\"url\":\"https:\\\/\\\/kohenavocats.com\\\/wp-content\\\/uploads\\\/2026\\\/01\\\/Logo-2-1.webp\",\"contentUrl\":\"https:\\\/\\\/kohenavocats.com\\\/wp-content\\\/uploads\\\/2026\\\/01\\\/Logo-2-1.webp\",\"width\":2114,\"height\":1253,\"caption\":\"Kohen Avocats\"},\"image\":{\"@id\":\"https:\\\/\\\/kohenavocats.com\\\/ar\\\/#\\\/schema\\\/logo\\\/image\\\/\"}},{\"@type\":\"Person\",\"@id\":\"https:\\\/\\\/kohenavocats.com\\\/ar\\\/#\\\/schema\\\/person\\\/761c9ba54fa1ca84d405cef0831ff751\",\"name\":\"Kohen\",\"image\":{\"@type\":\"ImageObject\",\"inLanguage\":\"ar\",\"@id\":\"https:\\\/\\\/secure.gravatar.com\\\/avatar\\\/1c5e76ef76bbbfdd2b4da984e2bf2fa4056fd51a27d25ce2c332047f1dfd6e00?s=96&d=identicon&r=g\",\"url\":\"https:\\\/\\\/secure.gravatar.com\\\/avatar\\\/1c5e76ef76bbbfdd2b4da984e2bf2fa4056fd51a27d25ce2c332047f1dfd6e00?s=96&d=identicon&r=g\",\"contentUrl\":\"https:\\\/\\\/secure.gravatar.com\\\/avatar\\\/1c5e76ef76bbbfdd2b4da984e2bf2fa4056fd51a27d25ce2c332047f1dfd6e00?s=96&d=identicon&r=g\",\"caption\":\"Kohen\"},\"sameAs\":[\"https:\\\/\\\/www.linkedin.com\\\/in\\\/hassan-kohen-448548192\\\/\",\"https:\\\/\\\/www.youtube.com\\\/@Kohen-Avocats\"],\"url\":\"https:\\\/\\\/kohenavocats.com\\\/ar\\\/author\\\/kohenmlk\\\/\"}]}<\/script>\n<!-- \/ Yoast SEO Premium plugin. -->","yoast_head_json":{"title":"Clause de mobilit\u00e9 et refus du salari\u00e9 : conditions de validit\u00e9, abus de l'employeur et licenciement - Ma\u00eetre Hassan Kohen, avocat en droit p\u00e9nal \u00e0 Paris","robots":{"index":"index","follow":"follow","max-snippet":"max-snippet:-1","max-image-preview":"max-image-preview:large","max-video-preview":"max-video-preview:-1"},"canonical":"https:\/\/kohenavocats.com\/ar\/clause-mobilite-refus-salarie-licenciement-validite-abus\/","og_locale":"ar_AR","og_type":"article","og_title":"Clause de mobilit\u00e9 et refus du salari\u00e9 : conditions de validit\u00e9, abus de l'employeur et licenciement","og_description":"Vous venez de recevoir un courrier de votre employeur qui active la clause de mobilit\u00e9 figurant dans votre contrat de travail. Le nouveau lieu d'affectation est plus loin, plus t\u00f4t, ou dans un autre d\u00e9partement. La question est imm\u00e9diate : pouvez-\u2026","og_url":"https:\/\/kohenavocats.com\/ar\/clause-mobilite-refus-salarie-licenciement-validite-abus\/","og_site_name":"Ma\u00eetre Hassan Kohen, avocat en droit p\u00e9nal \u00e0 Paris","article_published_time":"2026-04-25T01:19:41+00:00","article_modified_time":"2026-04-26T15:26:25+00:00","og_image":[{"width":2500,"height":3500,"url":"https:\/\/kohenavocats.com\/wp-content\/uploads\/2024\/11\/planet-volumes-YGEIDE-iUi8-unsplash.webp","type":"image\/webp"}],"author":"Kohen","twitter_card":"summary_large_image","twitter_misc":{"\u0643\u064f\u062a\u0628 \u0628\u0648\u0627\u0633\u0637\u0629":"Kohen","\u0648\u0642\u062a \u0627\u0644\u0642\u0631\u0627\u0621\u0629 \u0627\u0644\u0645\u064f\u0642\u062f\u0651\u0631":"23 \u062f\u0642\u064a\u0642\u0629"},"schema":{"@context":"https:\/\/schema.org","@graph":[{"@type":"Article","@id":"https:\/\/kohenavocats.com\/ar\/clause-mobilite-refus-salarie-licenciement-validite-abus\/#article","isPartOf":{"@id":"https:\/\/kohenavocats.com\/ar\/clause-mobilite-refus-salarie-licenciement-validite-abus\/"},"author":{"name":"Kohen","@id":"https:\/\/kohenavocats.com\/ar\/#\/schema\/person\/761c9ba54fa1ca84d405cef0831ff751"},"headline":"Clause de mobilit\u00e9 et refus du salari\u00e9 : conditions de validit\u00e9, abus de l&#8217;employeur et licenciement","datePublished":"2026-04-25T01:19:41+00:00","dateModified":"2026-04-26T15:26:25+00:00","mainEntityOfPage":{"@id":"https:\/\/kohenavocats.com\/ar\/clause-mobilite-refus-salarie-licenciement-validite-abus\/"},"wordCount":4865,"commentCount":0,"publisher":{"@id":"https:\/\/kohenavocats.com\/ar\/#organization"},"image":{"@id":"https:\/\/kohenavocats.com\/ar\/clause-mobilite-refus-salarie-licenciement-validite-abus\/#primaryimage"},"thumbnailUrl":"https:\/\/kohenavocats.com\/wp-content\/uploads\/2024\/11\/planet-volumes-YGEIDE-iUi8-unsplash.webp","articleSection":["Code des assurances","Droit du travail","Droit Social","Non cat\u00e9goris\u00e9","Social","Travail"],"inLanguage":"ar","potentialAction":[{"@type":"CommentAction","name":"Comment","target":["https:\/\/kohenavocats.com\/ar\/clause-mobilite-refus-salarie-licenciement-validite-abus\/#respond"]}],"citation":"Clause de mobilit\u00e9 et refus du salari\u00e9 : conditions de validit\u00e9, abus de l&#8217;employeur et licenciement","about":[{"@type":"Thing","name":"Code des assurances"},{"@type":"Thing","name":"Droit du travail"},{"@type":"Thing","name":"Droit Social"},{"@type":"Thing","name":"Non cat\u00e9goris\u00e9"},{"@type":"Thing","name":"Social"},{"@type":"Thing","name":"Travail"}],"speakable":{"@type":"SpeakableSpecification","cssSelector":[".article-content > p:first-of-type"]}},{"@type":"WebPage","@id":"https:\/\/kohenavocats.com\/ar\/clause-mobilite-refus-salarie-licenciement-validite-abus\/","url":"https:\/\/kohenavocats.com\/ar\/clause-mobilite-refus-salarie-licenciement-validite-abus\/","name":"Clause de mobilit\u00e9 et refus du salari\u00e9 : conditions de validit\u00e9, abus de l'employeur et licenciement - Ma\u00eetre Hassan Kohen, avocat en droit p\u00e9nal \u00e0 Paris","isPartOf":{"@id":"https:\/\/kohenavocats.com\/ar\/#website"},"primaryImageOfPage":{"@id":"https:\/\/kohenavocats.com\/ar\/clause-mobilite-refus-salarie-licenciement-validite-abus\/#primaryimage"},"image":{"@id":"https:\/\/kohenavocats.com\/ar\/clause-mobilite-refus-salarie-licenciement-validite-abus\/#primaryimage"},"thumbnailUrl":"https:\/\/kohenavocats.com\/wp-content\/uploads\/2024\/11\/planet-volumes-YGEIDE-iUi8-unsplash.webp","datePublished":"2026-04-25T01:19:41+00:00","dateModified":"2026-04-26T15:26:25+00:00","breadcrumb":{"@id":"https:\/\/kohenavocats.com\/ar\/clause-mobilite-refus-salarie-licenciement-validite-abus\/#breadcrumb"},"inLanguage":"ar","potentialAction":[{"@type":"ReadAction","target":["https:\/\/kohenavocats.com\/ar\/clause-mobilite-refus-salarie-licenciement-validite-abus\/"]}]},{"@type":"ImageObject","inLanguage":"ar","@id":"https:\/\/kohenavocats.com\/ar\/clause-mobilite-refus-salarie-licenciement-validite-abus\/#primaryimage","url":"https:\/\/kohenavocats.com\/wp-content\/uploads\/2024\/11\/planet-volumes-YGEIDE-iUi8-unsplash.webp","contentUrl":"https:\/\/kohenavocats.com\/wp-content\/uploads\/2024\/11\/planet-volumes-YGEIDE-iUi8-unsplash.webp","width":2500,"height":3500},{"@type":"BreadcrumbList","@id":"https:\/\/kohenavocats.com\/ar\/clause-mobilite-refus-salarie-licenciement-validite-abus\/#breadcrumb","itemListElement":[{"@type":"ListItem","position":1,"name":"Home","item":"https:\/\/kohenavocats.com\/ar\/%d9%85%d8%ad%d8%a7%d9%85%d9%88%d9%86-%d9%85%d8%aa%d8%ae%d8%b5%d8%b5%d9%88%d9%86-%d9%81%d9%8a-%d8%a7%d9%84%d9%82%d8%a7%d9%86%d9%88%d9%86-%d8%a7%d9%84%d8%ac%d9%86%d8%a7%d8%a6%d9%8a-%d8%a8%d8%a8%d8%a7\/"},{"@type":"ListItem","position":2,"name":"Clause de mobilit\u00e9 et refus du salari\u00e9 : conditions de validit\u00e9, abus de l&#8217;employeur et licenciement"}]},{"@type":"WebSite","@id":"https:\/\/kohenavocats.com\/ar\/#website","url":"https:\/\/kohenavocats.com\/ar\/","name":"Kohen Avocats","description":"Ma\u00eetre Hassan Kohen, avocat p\u00e9naliste \u00e0 Paris, intervient exclusivement en droit p\u00e9nal pour la d\u00e9fense des particuliers, notamment en mati\u00e8re d\u2019accusations de viol. Il assure un accompagnement rigoureux d\u00e8s la garde \u00e0 vue jusqu\u2019\u00e0 la Cour d\u2019assises, veillant au strict respect des garanties proc\u00e9durales.","publisher":{"@id":"https:\/\/kohenavocats.com\/ar\/#organization"},"potentialAction":[{"@type":"SearchAction","target":{"@type":"EntryPoint","urlTemplate":"https:\/\/kohenavocats.com\/ar\/?s={search_term_string}"},"query-input":{"@type":"PropertyValueSpecification","valueRequired":true,"valueName":"search_term_string"}}],"inLanguage":"ar"},{"@type":"Organization","@id":"https:\/\/kohenavocats.com\/ar\/#organization","name":"Kohen Avocats","url":"https:\/\/kohenavocats.com\/ar\/","logo":{"@type":"ImageObject","inLanguage":"ar","@id":"https:\/\/kohenavocats.com\/ar\/#\/schema\/logo\/image\/","url":"https:\/\/kohenavocats.com\/wp-content\/uploads\/2026\/01\/Logo-2-1.webp","contentUrl":"https:\/\/kohenavocats.com\/wp-content\/uploads\/2026\/01\/Logo-2-1.webp","width":2114,"height":1253,"caption":"Kohen Avocats"},"image":{"@id":"https:\/\/kohenavocats.com\/ar\/#\/schema\/logo\/image\/"}},{"@type":"Person","@id":"https:\/\/kohenavocats.com\/ar\/#\/schema\/person\/761c9ba54fa1ca84d405cef0831ff751","name":"Kohen","image":{"@type":"ImageObject","inLanguage":"ar","@id":"https:\/\/secure.gravatar.com\/avatar\/1c5e76ef76bbbfdd2b4da984e2bf2fa4056fd51a27d25ce2c332047f1dfd6e00?s=96&d=identicon&r=g","url":"https:\/\/secure.gravatar.com\/avatar\/1c5e76ef76bbbfdd2b4da984e2bf2fa4056fd51a27d25ce2c332047f1dfd6e00?s=96&d=identicon&r=g","contentUrl":"https:\/\/secure.gravatar.com\/avatar\/1c5e76ef76bbbfdd2b4da984e2bf2fa4056fd51a27d25ce2c332047f1dfd6e00?s=96&d=identicon&r=g","caption":"Kohen"},"sameAs":["https:\/\/www.linkedin.com\/in\/hassan-kohen-448548192\/","https:\/\/www.youtube.com\/@Kohen-Avocats"],"url":"https:\/\/kohenavocats.com\/ar\/author\/kohenmlk\/"}]}},"jetpack_featured_media_url":"https:\/\/kohenavocats.com\/wp-content\/uploads\/2024\/11\/planet-volumes-YGEIDE-iUi8-unsplash.webp","jetpack_likes_enabled":false,"jetpack_shortlink":"https:\/\/wp.me\/peCrII-2Qfu","jetpack-related-posts":[{"id":70184,"url":"https:\/\/kohenavocats.com\/ar\/cour-dappel-de-grenoble-le-5-aout-2025-n23-02672\/","url_meta":{"origin":677504,"position":0},"title":"Cour d&#8217;appel de Grenoble, le 5 ao\u00fbt 2025, n\u00b023\/02672","author":"Kohen","date":"9 \u0646\u0648\u0641\u0645\u0628\u0631\u060c 2025","format":false,"excerpt":"Cour d'appel de Grenoble, chambre sociale, 5 ao\u00fbt 2025. L'arr\u00eat tranche un appel form\u00e9 contre un jugement du conseil de prud'hommes de Mont\u00e9limar du 20 juin 2023. Il porte sur la lic\u00e9it\u00e9 d'une mutation fond\u00e9e sur une clause de mobilit\u00e9 et sur le bien-fond\u00e9 d'un licenciement motiv\u00e9 par le refus\u2026","rel":"","context":"\u0641\u064a &quot;Cour d'appel&quot;","block_context":{"text":"Cour d'appel","link":"https:\/\/kohenavocats.com\/category\/cour-dappel\/"},"img":{"alt_text":"","src":"https:\/\/i0.wp.com\/kohenavocats.com\/wp-content\/uploads\/2024\/08\/nick-night-XhesAbQnelI-unsplash.webp?resize=350%2C200&ssl=1","width":350,"height":200,"srcset":"https:\/\/i0.wp.com\/kohenavocats.com\/wp-content\/uploads\/2024\/08\/nick-night-XhesAbQnelI-unsplash.webp?resize=350%2C200&ssl=1 1x, https:\/\/i0.wp.com\/kohenavocats.com\/wp-content\/uploads\/2024\/08\/nick-night-XhesAbQnelI-unsplash.webp?resize=525%2C300&ssl=1 1.5x, https:\/\/i0.wp.com\/kohenavocats.com\/wp-content\/uploads\/2024\/08\/nick-night-XhesAbQnelI-unsplash.webp?resize=700%2C400&ssl=1 2x, https:\/\/i0.wp.com\/kohenavocats.com\/wp-content\/uploads\/2024\/08\/nick-night-XhesAbQnelI-unsplash.webp?resize=1050%2C600&ssl=1 3x, https:\/\/i0.wp.com\/kohenavocats.com\/wp-content\/uploads\/2024\/08\/nick-night-XhesAbQnelI-unsplash.webp?resize=1400%2C800&ssl=1 4x"},"classes":[]},{"id":222274,"url":"https:\/\/kohenavocats.com\/ar\/cour-dappel-de-paris-le-3-juillet-2025-n20-06013\/","url_meta":{"origin":677504,"position":1},"title":"Cour d&#8217;appel de Paris, le 3 juillet 2025, n\u00b020\/06013","author":"Kohen","date":"25 \u062f\u064a\u0633\u0645\u0628\u0631\u060c 2025","format":false,"excerpt":"Par un arr\u00eat du 3 juillet 2025, la Cour d\u2019appel de Paris se prononce sur la validit\u00e9 d\u2019un licenciement intervenu dans le sillage d\u2019un contentieux portant sur la r\u00e9affectation d\u2019un salari\u00e9. Engag\u00e9 d\u2019abord en contrat \u00e0 dur\u00e9e d\u00e9termin\u00e9e, puis en contrat \u00e0 dur\u00e9e ind\u00e9termin\u00e9e, l\u2019int\u00e9ress\u00e9 avait \u00e9t\u00e9 affect\u00e9 successivement sur\u2026","rel":"","context":"\u0641\u064a &quot;Cour d'appel&quot;","block_context":{"text":"Cour d'appel","link":"https:\/\/kohenavocats.com\/category\/cour-dappel\/"},"img":{"alt_text":"","src":"https:\/\/i0.wp.com\/kohenavocats.com\/wp-content\/uploads\/2024\/08\/judith-ekedi-jangwa-FVA1CH1_LSk-unsplash.webp?resize=350%2C200&ssl=1","width":350,"height":200,"srcset":"https:\/\/i0.wp.com\/kohenavocats.com\/wp-content\/uploads\/2024\/08\/judith-ekedi-jangwa-FVA1CH1_LSk-unsplash.webp?resize=350%2C200&ssl=1 1x, https:\/\/i0.wp.com\/kohenavocats.com\/wp-content\/uploads\/2024\/08\/judith-ekedi-jangwa-FVA1CH1_LSk-unsplash.webp?resize=525%2C300&ssl=1 1.5x, https:\/\/i0.wp.com\/kohenavocats.com\/wp-content\/uploads\/2024\/08\/judith-ekedi-jangwa-FVA1CH1_LSk-unsplash.webp?resize=700%2C400&ssl=1 2x, https:\/\/i0.wp.com\/kohenavocats.com\/wp-content\/uploads\/2024\/08\/judith-ekedi-jangwa-FVA1CH1_LSk-unsplash.webp?resize=1050%2C600&ssl=1 3x, https:\/\/i0.wp.com\/kohenavocats.com\/wp-content\/uploads\/2024\/08\/judith-ekedi-jangwa-FVA1CH1_LSk-unsplash.webp?resize=1400%2C800&ssl=1 4x"},"classes":[]},{"id":52843,"url":"https:\/\/kohenavocats.com\/ar\/cour-dappel-de-lyon-le-27-juin-2025-n24-02342\/","url_meta":{"origin":677504,"position":2},"title":"Cour d&#8217;appel de Lyon, le 27 juin 2025, n\u00b024\/02342","author":"Kohen","date":"8 \u0646\u0648\u0641\u0645\u0628\u0631\u060c 2025","format":false,"excerpt":"Par un arr\u00eat de la cour d\u2019appel de Lyon, chambre sociale B, du 27 juin 2025, la juridiction statue sur un licenciement pour faute grave. Le litige na\u00eet d\u2019un refus de mutation fond\u00e9 sur une clause de mobilit\u00e9 contractuelle, oppos\u00e9e apr\u00e8s une r\u00e9organisation du site d\u2019affectation. La soci\u00e9t\u00e9 de nettoyage\u2026","rel":"","context":"\u0641\u064a &quot;Cour d'appel&quot;","block_context":{"text":"Cour d'appel","link":"https:\/\/kohenavocats.com\/category\/cour-dappel\/"},"img":{"alt_text":"","src":"https:\/\/i0.wp.com\/kohenavocats.com\/wp-content\/uploads\/2024\/11\/samuel-pujades-3y1FUf7mjFw-unsplash.webp?resize=350%2C200&ssl=1","width":350,"height":200,"srcset":"https:\/\/i0.wp.com\/kohenavocats.com\/wp-content\/uploads\/2024\/11\/samuel-pujades-3y1FUf7mjFw-unsplash.webp?resize=350%2C200&ssl=1 1x, https:\/\/i0.wp.com\/kohenavocats.com\/wp-content\/uploads\/2024\/11\/samuel-pujades-3y1FUf7mjFw-unsplash.webp?resize=525%2C300&ssl=1 1.5x, https:\/\/i0.wp.com\/kohenavocats.com\/wp-content\/uploads\/2024\/11\/samuel-pujades-3y1FUf7mjFw-unsplash.webp?resize=700%2C400&ssl=1 2x, https:\/\/i0.wp.com\/kohenavocats.com\/wp-content\/uploads\/2024\/11\/samuel-pujades-3y1FUf7mjFw-unsplash.webp?resize=1050%2C600&ssl=1 3x, https:\/\/i0.wp.com\/kohenavocats.com\/wp-content\/uploads\/2024\/11\/samuel-pujades-3y1FUf7mjFw-unsplash.webp?resize=1400%2C800&ssl=1 4x"},"classes":[]},{"id":413078,"url":"https:\/\/kohenavocats.com\/ar\/cour-dappel-de-angers-le-20-novembre-2012-n11-01234\/","url_meta":{"origin":677504,"position":3},"title":"Cour d&#8217;appel de Angers, le 20 novembre 2012, n\u00b011\/01234","author":"Kohen","date":"21 \u0645\u0627\u0631\u0633\u060c 2026","format":false,"excerpt":"L\u2019arr\u00eat de la Cour d\u2019appel d\u2019Angers, chambre sociale, du 20 novembre 2012, statue sur la contestation d\u2019un licenciement pour cause r\u00e9elle et s\u00e9rieuse. Un salari\u00e9, engag\u00e9 sous contrat de travail \u00e0 dur\u00e9e ind\u00e9termin\u00e9e avec une clause de mobilit\u00e9 g\u00e9ographique, a vu son employeur lui notifier successivement deux affectations. La premi\u00e8re,\u2026","rel":"","context":"\u0641\u064a &quot;Cour d'appel&quot;","block_context":{"text":"Cour d'appel","link":"https:\/\/kohenavocats.com\/category\/cour-dappel\/"},"img":{"alt_text":"","src":"https:\/\/i0.wp.com\/kohenavocats.com\/wp-content\/uploads\/2024\/07\/clarisse-meyer-jKU2NneZAbI-unsplash.webp?resize=350%2C200&ssl=1","width":350,"height":200,"srcset":"https:\/\/i0.wp.com\/kohenavocats.com\/wp-content\/uploads\/2024\/07\/clarisse-meyer-jKU2NneZAbI-unsplash.webp?resize=350%2C200&ssl=1 1x, https:\/\/i0.wp.com\/kohenavocats.com\/wp-content\/uploads\/2024\/07\/clarisse-meyer-jKU2NneZAbI-unsplash.webp?resize=525%2C300&ssl=1 1.5x, https:\/\/i0.wp.com\/kohenavocats.com\/wp-content\/uploads\/2024\/07\/clarisse-meyer-jKU2NneZAbI-unsplash.webp?resize=700%2C400&ssl=1 2x, https:\/\/i0.wp.com\/kohenavocats.com\/wp-content\/uploads\/2024\/07\/clarisse-meyer-jKU2NneZAbI-unsplash.webp?resize=1050%2C600&ssl=1 3x, https:\/\/i0.wp.com\/kohenavocats.com\/wp-content\/uploads\/2024\/07\/clarisse-meyer-jKU2NneZAbI-unsplash.webp?resize=1400%2C800&ssl=1 4x"},"classes":[]},{"id":440047,"url":"https:\/\/kohenavocats.com\/ar\/cour-dappel-de-grenoble-le-5-mars-2026-n23-02376\/","url_meta":{"origin":677504,"position":4},"title":"Cour d&#8217;appel de Grenoble, le 5 mars 2026, n\u00b023\/02376","author":"Kohen","date":"27 \u0645\u0627\u0631\u0633\u060c 2026","format":false,"excerpt":"Cour d\u2019appel de Grenoble, Chambre sociale - Section prud'homale, 5 mars 2026, n\u00b023\/02376. La juridiction se prononce sur la validit\u00e9 d\u2019un licenciement fond\u00e9 sur le refus d\u2019une salari\u00e9e enceinte d\u2019appliquer une clause de mobilit\u00e9. La salari\u00e9e, engag\u00e9e comme consultante, refuse une mutation en r\u00e9gion parisienne apr\u00e8s l\u2019\u00e9chec de pourparlers en\u2026","rel":"","context":"\u0641\u064a &quot;Cour d'appel&quot;","block_context":{"text":"Cour d'appel","link":"https:\/\/kohenavocats.com\/category\/cour-dappel\/"},"img":{"alt_text":"","src":"https:\/\/i0.wp.com\/kohenavocats.com\/wp-content\/uploads\/2024\/11\/ave-calvar-o6Zd8_PweIA-unsplash.webp?resize=350%2C200&ssl=1","width":350,"height":200,"srcset":"https:\/\/i0.wp.com\/kohenavocats.com\/wp-content\/uploads\/2024\/11\/ave-calvar-o6Zd8_PweIA-unsplash.webp?resize=350%2C200&ssl=1 1x, https:\/\/i0.wp.com\/kohenavocats.com\/wp-content\/uploads\/2024\/11\/ave-calvar-o6Zd8_PweIA-unsplash.webp?resize=525%2C300&ssl=1 1.5x, https:\/\/i0.wp.com\/kohenavocats.com\/wp-content\/uploads\/2024\/11\/ave-calvar-o6Zd8_PweIA-unsplash.webp?resize=700%2C400&ssl=1 2x, https:\/\/i0.wp.com\/kohenavocats.com\/wp-content\/uploads\/2024\/11\/ave-calvar-o6Zd8_PweIA-unsplash.webp?resize=1050%2C600&ssl=1 3x, https:\/\/i0.wp.com\/kohenavocats.com\/wp-content\/uploads\/2024\/11\/ave-calvar-o6Zd8_PweIA-unsplash.webp?resize=1400%2C800&ssl=1 4x"},"classes":[]},{"id":430814,"url":"https:\/\/kohenavocats.com\/ar\/cour-dappel-de-paris-le-12-fevrier-2026-n23-00806\/","url_meta":{"origin":677504,"position":5},"title":"Cour d&#8217;appel de Paris, le 12 f\u00e9vrier 2026, n\u00b023\/00806","author":"Kohen","date":"24 \u0645\u0627\u0631\u0633\u060c 2026","format":false,"excerpt":"La Cour d\u2019appel de Paris, dans un arr\u00eat du 12 f\u00e9vrier 2026, a \u00e9t\u00e9 saisie d\u2019un litige relatif au licenciement pour faute grave d\u2019un salari\u00e9 et \u00e0 diverses demandes indemnitaires. Le conseil de prud\u2019hommes avait partiellement accueilli la demande du salari\u00e9 en allouant une indemnit\u00e9 pour irr\u00e9gularit\u00e9 proc\u00e9durale. Le salari\u00e9\u2026","rel":"","context":"\u0641\u064a &quot;Cour d'appel&quot;","block_context":{"text":"Cour d'appel","link":"https:\/\/kohenavocats.com\/category\/cour-dappel\/"},"img":{"alt_text":"","src":"https:\/\/i0.wp.com\/kohenavocats.com\/wp-content\/uploads\/2024\/08\/brandy-willetts-8gXjWj-9OD0-unsplash.webp?resize=350%2C200&ssl=1","width":350,"height":200,"srcset":"https:\/\/i0.wp.com\/kohenavocats.com\/wp-content\/uploads\/2024\/08\/brandy-willetts-8gXjWj-9OD0-unsplash.webp?resize=350%2C200&ssl=1 1x, https:\/\/i0.wp.com\/kohenavocats.com\/wp-content\/uploads\/2024\/08\/brandy-willetts-8gXjWj-9OD0-unsplash.webp?resize=525%2C300&ssl=1 1.5x, https:\/\/i0.wp.com\/kohenavocats.com\/wp-content\/uploads\/2024\/08\/brandy-willetts-8gXjWj-9OD0-unsplash.webp?resize=700%2C400&ssl=1 2x, https:\/\/i0.wp.com\/kohenavocats.com\/wp-content\/uploads\/2024\/08\/brandy-willetts-8gXjWj-9OD0-unsplash.webp?resize=1050%2C600&ssl=1 3x, https:\/\/i0.wp.com\/kohenavocats.com\/wp-content\/uploads\/2024\/08\/brandy-willetts-8gXjWj-9OD0-unsplash.webp?resize=1400%2C800&ssl=1 4x"},"classes":[]}],"jetpack_sharing_enabled":true,"_links":{"self":[{"href":"https:\/\/kohenavocats.com\/ar\/wp-json\/wp\/v2\/posts\/677504","targetHints":{"allow":["GET"]}}],"collection":[{"href":"https:\/\/kohenavocats.com\/ar\/wp-json\/wp\/v2\/posts"}],"about":[{"href":"https:\/\/kohenavocats.com\/ar\/wp-json\/wp\/v2\/types\/post"}],"author":[{"embeddable":true,"href":"https:\/\/kohenavocats.com\/ar\/wp-json\/wp\/v2\/users\/232070755"}],"replies":[{"embeddable":true,"href":"https:\/\/kohenavocats.com\/ar\/wp-json\/wp\/v2\/comments?post=677504"}],"version-history":[{"count":1,"href":"https:\/\/kohenavocats.com\/ar\/wp-json\/wp\/v2\/posts\/677504\/revisions"}],"predecessor-version":[{"id":694972,"href":"https:\/\/kohenavocats.com\/ar\/wp-json\/wp\/v2\/posts\/677504\/revisions\/694972"}],"wp:featuredmedia":[{"embeddable":true,"href":"https:\/\/kohenavocats.com\/ar\/wp-json\/wp\/v2\/media\/9593"}],"wp:attachment":[{"href":"https:\/\/kohenavocats.com\/ar\/wp-json\/wp\/v2\/media?parent=677504"}],"wp:term":[{"taxonomy":"category","embeddable":true,"href":"https:\/\/kohenavocats.com\/ar\/wp-json\/wp\/v2\/categories?post=677504"},{"taxonomy":"post_tag","embeddable":true,"href":"https:\/\/kohenavocats.com\/ar\/wp-json\/wp\/v2\/tags?post=677504"}],"curies":[{"name":"wp","href":"https:\/\/api.w.org\/{rel}","templated":true}]}}