{"id":702105,"date":"2026-04-27T08:33:03","date_gmt":"2026-04-27T06:33:03","guid":{"rendered":"https:\/\/kohenavocats.com\/tribunal-judiciaire-de-paris-le-9-decembre-2025-n25-03785\/"},"modified":"2026-04-27T08:33:03","modified_gmt":"2026-04-27T06:33:03","slug":"tribunal-judiciaire-de-paris-le-9-decembre-2025-n25-03785","status":"publish","type":"post","link":"https:\/\/kohenavocats.com\/ar\/tribunal-judiciaire-de-paris-le-9-decembre-2025-n25-03785\/","title":{"rendered":"Tribunal judiciaire de Paris, le 9 d\u00e9cembre 2025, n\u00b025\/03785"},"content":{"rendered":"<div class='article-content'>\n<style scoped>.toc-article{background:#f8f9fa;border:1px solid #e2e6ea;border-left:4px solid #2c5f8a;border-radius:6px;padding:20px 24px;margin:0 0 32px;font-size:15px;line-height:1.6}.toc-article p{margin:0 0 10px;font-size:16px;font-weight:600;color:#1a1a1a}.toc-article ul{list-style:none;margin:0;padding:0}.toc-article li.toc-h2{padding:4px 0}.toc-article li.toc-h3{padding:2px 0 2px 20px;font-size:14px}.toc-article a{color:#2c5f8a;text-decoration:none;border-bottom:1px dotted #a0b4c8}.toc-article a:hover{color:#1a3d5c;border-bottom-color:#1a3d5c}<\/style>\n<nav class=\"toc-article\" role=\"navigation\" aria-label=\"Sommaire\">\n<p>Sommaire<\/p>\n<ul>\n<li class=\"toc-h2\"><a href=\"#fondements-juridiques\">Fondements juridiques<\/a><\/li>\n<\/ul>\n<\/nav>\n<p>Le juge des contentieux de la protection a rendu une d\u00e9cision le 9 d\u00e9cembre 2025 dans un litige opposant un \u00e9tablissement bancaire \u00e0 une cliente d\u00e9faillante. La banque r\u00e9clamait le paiement du solde d\u2019un cr\u00e9dit \u00e0 la consommation non rembours\u00e9, mais la cliente ne comparaissait pas en d\u00e9fense. La question centrale portait sur la validit\u00e9 de la signature \u00e9lectronique appos\u00e9e sur le contrat de pr\u00eat. Apr\u00e8s avoir relev\u00e9 d\u2019office les moyens tir\u00e9s du code de la consommation, le juge a d\u00e9bout\u00e9 la banque de toutes ses demandes.<\/p>\n<p>I. L\u2019office du juge face \u00e0 la d\u00e9faillance du d\u00e9fendeur.<\/p>\n<p>Le juge rappelle que, selon l\u2019article 472 du code de proc\u00e9dure civile, il statue sur le fond m\u00eame en l\u2019absence du d\u00e9fendeur. Il ne peut faire droit \u00e0 la demande que s\u2019il l\u2019estime r\u00e9guli\u00e8re, recevable et bien fond\u00e9e. Cette obligation lui impose un contr\u00f4le rigoureux des pi\u00e8ces produites par le demandeur.<\/p>\n<p>Le magistrat exerce pleinement ce pouvoir en application de l\u2019article R.632-1 du code de la consommation. Ce texte l\u2019autorise \u00e0 soulever d\u2019office tout moyen tir\u00e9 des dispositions protectrices du consommateur, sous r\u00e9serve du respect du contradictoire. En l\u2019esp\u00e8ce, il examine ainsi la validit\u00e9 de la signature \u00e9lectronique sans que la cliente ne l\u2019ait contest\u00e9e.<\/p>\n<p>Cette approche illustre la fonction protectrice du juge envers la partie d\u00e9faillante, compensant son absence par un contr\u00f4le d\u2019office. La valeur de cette solution est de garantir l\u2019\u00e9quilibre proc\u00e9dural dans les litiges impliquant un consommateur non comparant. Sa port\u00e9e est de rappeler que le d\u00e9faut de comparution n\u2019\u00e9quivaut pas \u00e0 une acceptation automatique des pr\u00e9tentions adverses.<\/p>\n<p>II. L\u2019exigence d\u2019une preuve fiable de la signature \u00e9lectronique.<\/p>\n<p>Le juge distingue deux types de signatures \u00e9lectroniques, la signature qualifi\u00e9e et la signature simple. Pour la premi\u00e8re, la fiabilit\u00e9 est pr\u00e9sum\u00e9e, tandis que pour la seconde, il appartient \u00e0 la banque de prouver le respect des conditions de l\u2019article 1367 du code civil. Cette distinction repose sur le niveau de certification du proc\u00e9d\u00e9 utilis\u00e9.<\/p>\n<p>En l\u2019esp\u00e8ce, le certificat de prestataire produit \u00e9tait expir\u00e9 \u00e0 la date de la signature du contrat. Le juge en d\u00e9duit que <em>&#8220;la signature \u00e9lectronique ne saurait ainsi \u00eatre qualifi\u00e9e et sa fiabilit\u00e9 ne saurait \u00eatre pr\u00e9sum\u00e9e&#8221;<\/em> (Motifs). La banque devait donc d\u00e9montrer l\u2019identification fiable de la signataire et l\u2019int\u00e9grit\u00e9 de l\u2019acte.<\/p>\n<p>Or, aucun \u00e9l\u00e9ment probant n\u2019a \u00e9t\u00e9 fourni, la simple v\u00e9rification par SMS \u00e9tant jug\u00e9e insuffisante. Le juge rel\u00e8ve \u00e9galement l\u2019absence de rencontre en agence et l\u2019activit\u00e9 anormale du compte. Cette solution souligne l\u2019exigence d\u2019une preuve rigoureuse de l\u2019identit\u00e9 du signataire pour les contrats \u00e9lectroniques. Sa port\u00e9e est de prot\u00e9ger les consommateurs contre les risques d\u2019usurpation d\u2019identit\u00e9 dans le cr\u00e9dit \u00e0 la consommation.<\/p>\n<\/div>\n<style scoped>.fondements-juridiques{margin:40px 0 0;padding:0}.fondements-juridiques>h2{font-size:22px;color:#1a1a1a;border-bottom:2px solid #2c5f8a;padding-bottom:10px;margin-bottom:20px}.fj-article{background:#fdfdfd;border:1px solid #e8e8e8;border-radius:6px;padding:20px;margin-bottom:16px}.fj-article h3{font-size:17px;color:#2c5f8a;margin:0 0 12px;font-weight:600}.fj-texte{font-size:15px;line-height:1.7;color:#333}.fj-texte p{margin:8px 0}.fj-badge{font-size:11px;padding:2px 8px;border-radius:3px;margin-left:8px;font-weight:500;vertical-align:middle}.fj-en-vigueur{background:#e8f5e9;color:#2e7d32}.fj-abroge{background:#ffebee;color:#c62828}.fj-modifie{background:#fff3e0;color:#e65100}<\/style>\n<section class=\"fondements-juridiques\">\n<h2 id=\"fondements-juridiques\">Fondements juridiques<\/h2>\n<div class=\"fj-article\">\n<h3><a href=\"https:\/\/www.legifrance.gouv.fr\/codes\/article_lc\/LEGIARTI000006410732\" rel=\"nofollow\" target=\"_blank\">Article 472 du Code de proc\u00e9dure civile<\/a> <span class=\"fj-badge fj-en-vigueur\">En vigueur<\/span><\/h3>\n<div class=\"fj-texte\">   Si le d\u00e9fendeur ne compara\u00eet pas, il est n\u00e9anmoins statu\u00e9 sur le fond.<\/p>\n<p>    Le juge ne fait droit \u00e0 la demande que dans la mesure o\u00f9 il l&#8217;estime r\u00e9guli\u00e8re, recevable et bien fond\u00e9e.<\/p>\n<\/div>\n<\/div>\n<div class=\"fj-article\">\n<h3><a href=\"https:\/\/www.legifrance.gouv.fr\/codes\/article_lc\/LEGIARTI000032808510\" rel=\"nofollow\" target=\"_blank\">Article R. 632-1 du Code de la consommation<\/a> <span class=\"fj-badge fj-en-vigueur\">En vigueur<\/span><\/h3>\n<div class=\"fj-texte\">\n<p> Le juge peut relever d&#8217;office toutes les dispositions du pr\u00e9sent code dans les litiges n\u00e9s de son application.<br \/>Il \u00e9carte d&#8217;office, apr\u00e8s avoir recueilli les observations des parties, l&#8217;application d&#8217;une clause dont le caract\u00e8re abusif ressort des \u00e9l\u00e9ments du d\u00e9bat.<\/p>\n<\/div>\n<\/div>\n<div class=\"fj-article\">\n<h3><a href=\"https:\/\/www.legifrance.gouv.fr\/codes\/article_lc\/LEGIARTI000032042456\" rel=\"nofollow\" target=\"_blank\">Article 1367 du Code civil<\/a> <span class=\"fj-badge fj-en-vigueur\">En vigueur<\/span><\/h3>\n<div class=\"fj-texte\">\n<p>La signature n\u00e9cessaire \u00e0 la perfection d&#8217;un acte juridique identifie son auteur. Elle manifeste son consentement aux obligations qui d\u00e9coulent de cet acte. Quand elle est appos\u00e9e par un officier public, elle conf\u00e8re l&#8217;authenticit\u00e9 \u00e0 l&#8217;acte.<\/p>\n<p>Lorsqu&#8217;elle est \u00e9lectronique, elle consiste en l&#8217;usage d&#8217;un proc\u00e9d\u00e9 fiable d&#8217;identification garantissant son lien avec l&#8217;acte auquel elle s&#8217;attache. La fiabilit\u00e9 de ce proc\u00e9d\u00e9 est pr\u00e9sum\u00e9e, jusqu&#8217;\u00e0 preuve contraire, lorsque la signature \u00e9lectronique est cr\u00e9\u00e9e, l&#8217;identit\u00e9 du signataire assur\u00e9e et l&#8217;int\u00e9grit\u00e9 de l&#8217;acte garantie, dans des conditions fix\u00e9es par d\u00e9cret en Conseil d&#8217;Etat.<\/p>\n<\/div>\n<\/div>\n<\/section>\n","protected":false},"excerpt":{"rendered":"<p>Le juge des contentieux de la protection a rendu une d\u00e9cision le 9 d\u00e9cembre 2025 dans un litige opposant un \u00e9tablissement bancaire \u00e0 une cliente&#8230;<\/p>\n","protected":false},"author":232070755,"featured_media":3909,"comment_status":"open","ping_status":"open","sticky":false,"template":"","format":"standard","meta":{"_crdt_document":"","_jetpack_newsletter_access":"","_jetpack_dont_email_post_to_subs":false,"_jetpack_newsletter_tier_id":0,"_jetpack_memberships_contains_paywalled_content":false,"_kj_source_type":"judilibre","_kj_official_id":"694678ab75782d5f06f1deee","_kj_official_url":"https:\/\/www.courdecassation.fr\/decision\/694678ab75782d5f06f1deee","_kj_judilibre_id":"694678ab75782d5f06f1deee","_kj_jur":"Tribunal judiciaire","_kj_lieu":"Tribunal judiciaire de Paris","_kj_chambre":"PCP JCP fond","_kj_rg":"25\/03785","_kj_date":"2025-12-09","_jetpack_memberships_contains_paid_content":false,"footnotes":"","jetpack_post_was_ever_published":false},"categories":[6454,6440],"tags":[],"class_list":["post-702105","post","type-post","status-publish","format-standard","has-post-thumbnail","hentry","category-decisions-juridiques","category-tribunal-judiciaire"],"yoast_head":"<!-- This site is optimized with the Yoast SEO Premium plugin v27.5 (Yoast SEO v27.5) - https:\/\/yoast.com\/product\/yoast-seo-premium-wordpress\/ -->\n<title>Tribunal judiciaire de Paris, le 9 d\u00e9cembre 2025, n\u00b025\/03785 - Ma\u00eetre Hassan Kohen, avocat en droit p\u00e9nal \u00e0 Paris<\/title>\n<meta name=\"description\" content=\"Le juge des contentieux de la protection a rendu une d\u00e9cision le 9 d\u00e9cembre 2025 dans un litige opposant un \u00e9tablissement bancaire \u00e0 une cliente...\" \/>\n<meta name=\"robots\" content=\"index, follow, max-snippet:-1, max-image-preview:large, max-video-preview:-1\" \/>\n<link rel=\"canonical\" href=\"https:\/\/kohenavocats.com\/ar\/tribunal-judiciaire-de-paris-le-9-decembre-2025-n25-03785\/\" \/>\n<meta property=\"og:locale\" content=\"ar_AR\" \/>\n<meta property=\"og:type\" content=\"article\" \/>\n<meta property=\"og:title\" content=\"Tribunal judiciaire de Paris, le 9 d\u00e9cembre 2025, n\u00b025\/03785\" \/>\n<meta property=\"og:description\" content=\"Le juge des contentieux de la protection a rendu une d\u00e9cision le 9 d\u00e9cembre 2025 dans un litige opposant un \u00e9tablissement bancaire \u00e0 une cliente...\" \/>\n<meta property=\"og:url\" content=\"https:\/\/kohenavocats.com\/ar\/tribunal-judiciaire-de-paris-le-9-decembre-2025-n25-03785\/\" \/>\n<meta property=\"og:site_name\" content=\"Ma\u00eetre Hassan Kohen, avocat en droit p\u00e9nal \u00e0 Paris\" \/>\n<meta property=\"article:published_time\" content=\"2026-04-27T06:33:03+00:00\" \/>\n<meta property=\"og:image\" content=\"https:\/\/kohenavocats.com\/wp-content\/uploads\/2024\/07\/louis-velazquez-XWW746i6WoM-unsplash.webp\" \/>\n\t<meta property=\"og:image:width\" content=\"5472\" \/>\n\t<meta property=\"og:image:height\" content=\"3648\" \/>\n\t<meta property=\"og:image:type\" content=\"image\/webp\" \/>\n<meta name=\"author\" content=\"Kohen\" \/>\n<meta name=\"twitter:card\" content=\"summary_large_image\" \/>\n<meta name=\"twitter:label1\" content=\"\u0643\u064f\u062a\u0628 \u0628\u0648\u0627\u0633\u0637\u0629\" \/>\n\t<meta name=\"twitter:data1\" content=\"Kohen\" \/>\n\t<meta name=\"twitter:label2\" content=\"\u0648\u0642\u062a \u0627\u0644\u0642\u0631\u0627\u0621\u0629 \u0627\u0644\u0645\u064f\u0642\u062f\u0651\u0631\" \/>\n\t<meta name=\"twitter:data2\" content=\"4 \u062f\u0642\u0627\u0626\u0642\" \/>\n<script type=\"application\/ld+json\" class=\"yoast-schema-graph\">{\"@context\":\"https:\\\/\\\/schema.org\",\"@graph\":[{\"@type\":\"Article\",\"@id\":\"https:\\\/\\\/kohenavocats.com\\\/ar\\\/tribunal-judiciaire-de-paris-le-9-decembre-2025-n25-03785\\\/#article\",\"isPartOf\":{\"@id\":\"https:\\\/\\\/kohenavocats.com\\\/ar\\\/tribunal-judiciaire-de-paris-le-9-decembre-2025-n25-03785\\\/\"},\"author\":{\"name\":\"Kohen\",\"@id\":\"https:\\\/\\\/kohenavocats.com\\\/ar\\\/#\\\/schema\\\/person\\\/761c9ba54fa1ca84d405cef0831ff751\"},\"headline\":\"Tribunal judiciaire de Paris, le 9 d\u00e9cembre 2025, n\u00b025\\\/03785\",\"datePublished\":\"2026-04-27T06:33:03+00:00\",\"mainEntityOfPage\":{\"@id\":\"https:\\\/\\\/kohenavocats.com\\\/ar\\\/tribunal-judiciaire-de-paris-le-9-decembre-2025-n25-03785\\\/\"},\"wordCount\":743,\"commentCount\":0,\"publisher\":{\"@id\":\"https:\\\/\\\/kohenavocats.com\\\/ar\\\/#organization\"},\"image\":{\"@id\":\"https:\\\/\\\/kohenavocats.com\\\/ar\\\/tribunal-judiciaire-de-paris-le-9-decembre-2025-n25-03785\\\/#primaryimage\"},\"thumbnailUrl\":\"https:\\\/\\\/kohenavocats.com\\\/wp-content\\\/uploads\\\/2024\\\/07\\\/louis-velazquez-XWW746i6WoM-unsplash.webp\",\"articleSection\":[\"D\u00e9cisions juridiques\",\"Tribunal judiciaire\"],\"inLanguage\":\"ar\",\"potentialAction\":[{\"@type\":\"CommentAction\",\"name\":\"Comment\",\"target\":[\"https:\\\/\\\/kohenavocats.com\\\/ar\\\/tribunal-judiciaire-de-paris-le-9-decembre-2025-n25-03785\\\/#respond\"]}],\"citation\":\"Tribunal judiciaire de Paris, le 9 d\u00e9cembre 2025, n\u00b025\\\/03785\",\"about\":[{\"@type\":\"Thing\",\"name\":\"D\u00e9cisions juridiques\"},{\"@type\":\"Thing\",\"name\":\"Tribunal judiciaire\"}],\"dateModified\":\"2026-04-27T06:33:03+00:00\",\"speakable\":{\"@type\":\"SpeakableSpecification\",\"cssSelector\":[\".article-content > p:first-of-type\"]}},{\"@type\":\"WebPage\",\"@id\":\"https:\\\/\\\/kohenavocats.com\\\/ar\\\/tribunal-judiciaire-de-paris-le-9-decembre-2025-n25-03785\\\/\",\"url\":\"https:\\\/\\\/kohenavocats.com\\\/ar\\\/tribunal-judiciaire-de-paris-le-9-decembre-2025-n25-03785\\\/\",\"name\":\"Tribunal judiciaire de Paris, le 9 d\u00e9cembre 2025, n\u00b025\\\/03785 - Ma\u00eetre Hassan Kohen, avocat en droit p\u00e9nal \u00e0 Paris\",\"isPartOf\":{\"@id\":\"https:\\\/\\\/kohenavocats.com\\\/ar\\\/#website\"},\"primaryImageOfPage\":{\"@id\":\"https:\\\/\\\/kohenavocats.com\\\/ar\\\/tribunal-judiciaire-de-paris-le-9-decembre-2025-n25-03785\\\/#primaryimage\"},\"image\":{\"@id\":\"https:\\\/\\\/kohenavocats.com\\\/ar\\\/tribunal-judiciaire-de-paris-le-9-decembre-2025-n25-03785\\\/#primaryimage\"},\"thumbnailUrl\":\"https:\\\/\\\/kohenavocats.com\\\/wp-content\\\/uploads\\\/2024\\\/07\\\/louis-velazquez-XWW746i6WoM-unsplash.webp\",\"datePublished\":\"2026-04-27T06:33:03+00:00\",\"description\":\"Le juge des contentieux de la protection a rendu une d\u00e9cision le 9 d\u00e9cembre 2025 dans un litige opposant un \u00e9tablissement bancaire \u00e0 une cliente...\",\"breadcrumb\":{\"@id\":\"https:\\\/\\\/kohenavocats.com\\\/ar\\\/tribunal-judiciaire-de-paris-le-9-decembre-2025-n25-03785\\\/#breadcrumb\"},\"inLanguage\":\"ar\",\"potentialAction\":[{\"@type\":\"ReadAction\",\"target\":[\"https:\\\/\\\/kohenavocats.com\\\/ar\\\/tribunal-judiciaire-de-paris-le-9-decembre-2025-n25-03785\\\/\"]}]},{\"@type\":\"ImageObject\",\"inLanguage\":\"ar\",\"@id\":\"https:\\\/\\\/kohenavocats.com\\\/ar\\\/tribunal-judiciaire-de-paris-le-9-decembre-2025-n25-03785\\\/#primaryimage\",\"url\":\"https:\\\/\\\/kohenavocats.com\\\/wp-content\\\/uploads\\\/2024\\\/07\\\/louis-velazquez-XWW746i6WoM-unsplash.webp\",\"contentUrl\":\"https:\\\/\\\/kohenavocats.com\\\/wp-content\\\/uploads\\\/2024\\\/07\\\/louis-velazquez-XWW746i6WoM-unsplash.webp\",\"width\":5472,\"height\":3648},{\"@type\":\"BreadcrumbList\",\"@id\":\"https:\\\/\\\/kohenavocats.com\\\/ar\\\/tribunal-judiciaire-de-paris-le-9-decembre-2025-n25-03785\\\/#breadcrumb\",\"itemListElement\":[{\"@type\":\"ListItem\",\"position\":1,\"name\":\"Home\",\"item\":\"https:\\\/\\\/kohenavocats.com\\\/ar\\\/%d9%85%d8%ad%d8%a7%d9%85%d9%88%d9%86-%d9%85%d8%aa%d8%ae%d8%b5%d8%b5%d9%88%d9%86-%d9%81%d9%8a-%d8%a7%d9%84%d9%82%d8%a7%d9%86%d9%88%d9%86-%d8%a7%d9%84%d8%ac%d9%86%d8%a7%d8%a6%d9%8a-%d8%a8%d8%a8%d8%a7\\\/\"},{\"@type\":\"ListItem\",\"position\":2,\"name\":\"Tribunal judiciaire de Paris, le 9 d\u00e9cembre 2025, n\u00b025\\\/03785\"}]},{\"@type\":\"WebSite\",\"@id\":\"https:\\\/\\\/kohenavocats.com\\\/ar\\\/#website\",\"url\":\"https:\\\/\\\/kohenavocats.com\\\/ar\\\/\",\"name\":\"Kohen Avocats\",\"description\":\"Ma\u00eetre Hassan Kohen, avocat p\u00e9naliste \u00e0 Paris, intervient exclusivement en droit p\u00e9nal pour la d\u00e9fense des particuliers, notamment en mati\u00e8re d\u2019accusations de viol. Il assure un accompagnement rigoureux d\u00e8s la garde \u00e0 vue jusqu\u2019\u00e0 la Cour d\u2019assises, veillant au strict respect des garanties proc\u00e9durales.\",\"publisher\":{\"@id\":\"https:\\\/\\\/kohenavocats.com\\\/ar\\\/#organization\"},\"potentialAction\":[{\"@type\":\"SearchAction\",\"target\":{\"@type\":\"EntryPoint\",\"urlTemplate\":\"https:\\\/\\\/kohenavocats.com\\\/ar\\\/?s={search_term_string}\"},\"query-input\":{\"@type\":\"PropertyValueSpecification\",\"valueRequired\":true,\"valueName\":\"search_term_string\"}}],\"inLanguage\":\"ar\"},{\"@type\":\"Organization\",\"@id\":\"https:\\\/\\\/kohenavocats.com\\\/ar\\\/#organization\",\"name\":\"Kohen Avocats\",\"url\":\"https:\\\/\\\/kohenavocats.com\\\/ar\\\/\",\"logo\":{\"@type\":\"ImageObject\",\"inLanguage\":\"ar\",\"@id\":\"https:\\\/\\\/kohenavocats.com\\\/ar\\\/#\\\/schema\\\/logo\\\/image\\\/\",\"url\":\"https:\\\/\\\/kohenavocats.com\\\/wp-content\\\/uploads\\\/2026\\\/01\\\/Logo-2-1.webp\",\"contentUrl\":\"https:\\\/\\\/kohenavocats.com\\\/wp-content\\\/uploads\\\/2026\\\/01\\\/Logo-2-1.webp\",\"width\":2114,\"height\":1253,\"caption\":\"Kohen Avocats\"},\"image\":{\"@id\":\"https:\\\/\\\/kohenavocats.com\\\/ar\\\/#\\\/schema\\\/logo\\\/image\\\/\"}},{\"@type\":\"Person\",\"@id\":\"https:\\\/\\\/kohenavocats.com\\\/ar\\\/#\\\/schema\\\/person\\\/761c9ba54fa1ca84d405cef0831ff751\",\"name\":\"Kohen\",\"image\":{\"@type\":\"ImageObject\",\"inLanguage\":\"ar\",\"@id\":\"https:\\\/\\\/secure.gravatar.com\\\/avatar\\\/1c5e76ef76bbbfdd2b4da984e2bf2fa4056fd51a27d25ce2c332047f1dfd6e00?s=96&d=identicon&r=g\",\"url\":\"https:\\\/\\\/secure.gravatar.com\\\/avatar\\\/1c5e76ef76bbbfdd2b4da984e2bf2fa4056fd51a27d25ce2c332047f1dfd6e00?s=96&d=identicon&r=g\",\"contentUrl\":\"https:\\\/\\\/secure.gravatar.com\\\/avatar\\\/1c5e76ef76bbbfdd2b4da984e2bf2fa4056fd51a27d25ce2c332047f1dfd6e00?s=96&d=identicon&r=g\",\"caption\":\"Kohen\"},\"sameAs\":[\"https:\\\/\\\/www.linkedin.com\\\/in\\\/hassan-kohen-448548192\\\/\",\"https:\\\/\\\/www.youtube.com\\\/@Kohen-Avocats\"],\"url\":\"https:\\\/\\\/kohenavocats.com\\\/ar\\\/author\\\/kohenmlk\\\/\"}]}<\/script>\n<!-- \/ Yoast SEO Premium plugin. -->","yoast_head_json":{"title":"Tribunal judiciaire de Paris, le 9 d\u00e9cembre 2025, n\u00b025\/03785 - Ma\u00eetre Hassan Kohen, avocat en droit p\u00e9nal \u00e0 Paris","description":"Le juge des contentieux de la protection a rendu une d\u00e9cision le 9 d\u00e9cembre 2025 dans un litige opposant un \u00e9tablissement bancaire \u00e0 une cliente...","robots":{"index":"index","follow":"follow","max-snippet":"max-snippet:-1","max-image-preview":"max-image-preview:large","max-video-preview":"max-video-preview:-1"},"canonical":"https:\/\/kohenavocats.com\/ar\/tribunal-judiciaire-de-paris-le-9-decembre-2025-n25-03785\/","og_locale":"ar_AR","og_type":"article","og_title":"Tribunal judiciaire de Paris, le 9 d\u00e9cembre 2025, n\u00b025\/03785","og_description":"Le juge des contentieux de la protection a rendu une d\u00e9cision le 9 d\u00e9cembre 2025 dans un litige opposant un \u00e9tablissement bancaire \u00e0 une cliente...","og_url":"https:\/\/kohenavocats.com\/ar\/tribunal-judiciaire-de-paris-le-9-decembre-2025-n25-03785\/","og_site_name":"Ma\u00eetre Hassan Kohen, avocat en droit p\u00e9nal \u00e0 Paris","article_published_time":"2026-04-27T06:33:03+00:00","og_image":[{"width":5472,"height":3648,"url":"https:\/\/kohenavocats.com\/wp-content\/uploads\/2024\/07\/louis-velazquez-XWW746i6WoM-unsplash.webp","type":"image\/webp"}],"author":"Kohen","twitter_card":"summary_large_image","twitter_misc":{"\u0643\u064f\u062a\u0628 \u0628\u0648\u0627\u0633\u0637\u0629":"Kohen","\u0648\u0642\u062a \u0627\u0644\u0642\u0631\u0627\u0621\u0629 \u0627\u0644\u0645\u064f\u0642\u062f\u0651\u0631":"4 \u062f\u0642\u0627\u0626\u0642"},"schema":{"@context":"https:\/\/schema.org","@graph":[{"@type":"Article","@id":"https:\/\/kohenavocats.com\/ar\/tribunal-judiciaire-de-paris-le-9-decembre-2025-n25-03785\/#article","isPartOf":{"@id":"https:\/\/kohenavocats.com\/ar\/tribunal-judiciaire-de-paris-le-9-decembre-2025-n25-03785\/"},"author":{"name":"Kohen","@id":"https:\/\/kohenavocats.com\/ar\/#\/schema\/person\/761c9ba54fa1ca84d405cef0831ff751"},"headline":"Tribunal judiciaire de Paris, le 9 d\u00e9cembre 2025, n\u00b025\/03785","datePublished":"2026-04-27T06:33:03+00:00","mainEntityOfPage":{"@id":"https:\/\/kohenavocats.com\/ar\/tribunal-judiciaire-de-paris-le-9-decembre-2025-n25-03785\/"},"wordCount":743,"commentCount":0,"publisher":{"@id":"https:\/\/kohenavocats.com\/ar\/#organization"},"image":{"@id":"https:\/\/kohenavocats.com\/ar\/tribunal-judiciaire-de-paris-le-9-decembre-2025-n25-03785\/#primaryimage"},"thumbnailUrl":"https:\/\/kohenavocats.com\/wp-content\/uploads\/2024\/07\/louis-velazquez-XWW746i6WoM-unsplash.webp","articleSection":["D\u00e9cisions juridiques","Tribunal judiciaire"],"inLanguage":"ar","potentialAction":[{"@type":"CommentAction","name":"Comment","target":["https:\/\/kohenavocats.com\/ar\/tribunal-judiciaire-de-paris-le-9-decembre-2025-n25-03785\/#respond"]}],"citation":"Tribunal judiciaire de Paris, le 9 d\u00e9cembre 2025, n\u00b025\/03785","about":[{"@type":"Thing","name":"D\u00e9cisions juridiques"},{"@type":"Thing","name":"Tribunal judiciaire"}],"dateModified":"2026-04-27T06:33:03+00:00","speakable":{"@type":"SpeakableSpecification","cssSelector":[".article-content > p:first-of-type"]}},{"@type":"WebPage","@id":"https:\/\/kohenavocats.com\/ar\/tribunal-judiciaire-de-paris-le-9-decembre-2025-n25-03785\/","url":"https:\/\/kohenavocats.com\/ar\/tribunal-judiciaire-de-paris-le-9-decembre-2025-n25-03785\/","name":"Tribunal judiciaire de Paris, le 9 d\u00e9cembre 2025, n\u00b025\/03785 - Ma\u00eetre Hassan Kohen, avocat en droit p\u00e9nal \u00e0 Paris","isPartOf":{"@id":"https:\/\/kohenavocats.com\/ar\/#website"},"primaryImageOfPage":{"@id":"https:\/\/kohenavocats.com\/ar\/tribunal-judiciaire-de-paris-le-9-decembre-2025-n25-03785\/#primaryimage"},"image":{"@id":"https:\/\/kohenavocats.com\/ar\/tribunal-judiciaire-de-paris-le-9-decembre-2025-n25-03785\/#primaryimage"},"thumbnailUrl":"https:\/\/kohenavocats.com\/wp-content\/uploads\/2024\/07\/louis-velazquez-XWW746i6WoM-unsplash.webp","datePublished":"2026-04-27T06:33:03+00:00","description":"Le juge des contentieux de la protection a rendu une d\u00e9cision le 9 d\u00e9cembre 2025 dans un litige opposant un \u00e9tablissement bancaire \u00e0 une cliente...","breadcrumb":{"@id":"https:\/\/kohenavocats.com\/ar\/tribunal-judiciaire-de-paris-le-9-decembre-2025-n25-03785\/#breadcrumb"},"inLanguage":"ar","potentialAction":[{"@type":"ReadAction","target":["https:\/\/kohenavocats.com\/ar\/tribunal-judiciaire-de-paris-le-9-decembre-2025-n25-03785\/"]}]},{"@type":"ImageObject","inLanguage":"ar","@id":"https:\/\/kohenavocats.com\/ar\/tribunal-judiciaire-de-paris-le-9-decembre-2025-n25-03785\/#primaryimage","url":"https:\/\/kohenavocats.com\/wp-content\/uploads\/2024\/07\/louis-velazquez-XWW746i6WoM-unsplash.webp","contentUrl":"https:\/\/kohenavocats.com\/wp-content\/uploads\/2024\/07\/louis-velazquez-XWW746i6WoM-unsplash.webp","width":5472,"height":3648},{"@type":"BreadcrumbList","@id":"https:\/\/kohenavocats.com\/ar\/tribunal-judiciaire-de-paris-le-9-decembre-2025-n25-03785\/#breadcrumb","itemListElement":[{"@type":"ListItem","position":1,"name":"Home","item":"https:\/\/kohenavocats.com\/ar\/%d9%85%d8%ad%d8%a7%d9%85%d9%88%d9%86-%d9%85%d8%aa%d8%ae%d8%b5%d8%b5%d9%88%d9%86-%d9%81%d9%8a-%d8%a7%d9%84%d9%82%d8%a7%d9%86%d9%88%d9%86-%d8%a7%d9%84%d8%ac%d9%86%d8%a7%d8%a6%d9%8a-%d8%a8%d8%a8%d8%a7\/"},{"@type":"ListItem","position":2,"name":"Tribunal judiciaire de Paris, le 9 d\u00e9cembre 2025, n\u00b025\/03785"}]},{"@type":"WebSite","@id":"https:\/\/kohenavocats.com\/ar\/#website","url":"https:\/\/kohenavocats.com\/ar\/","name":"Kohen Avocats","description":"Ma\u00eetre Hassan Kohen, avocat p\u00e9naliste \u00e0 Paris, intervient exclusivement en droit p\u00e9nal pour la d\u00e9fense des particuliers, notamment en mati\u00e8re d\u2019accusations de viol. Il assure un accompagnement rigoureux d\u00e8s la garde \u00e0 vue jusqu\u2019\u00e0 la Cour d\u2019assises, veillant au strict respect des garanties proc\u00e9durales.","publisher":{"@id":"https:\/\/kohenavocats.com\/ar\/#organization"},"potentialAction":[{"@type":"SearchAction","target":{"@type":"EntryPoint","urlTemplate":"https:\/\/kohenavocats.com\/ar\/?s={search_term_string}"},"query-input":{"@type":"PropertyValueSpecification","valueRequired":true,"valueName":"search_term_string"}}],"inLanguage":"ar"},{"@type":"Organization","@id":"https:\/\/kohenavocats.com\/ar\/#organization","name":"Kohen Avocats","url":"https:\/\/kohenavocats.com\/ar\/","logo":{"@type":"ImageObject","inLanguage":"ar","@id":"https:\/\/kohenavocats.com\/ar\/#\/schema\/logo\/image\/","url":"https:\/\/kohenavocats.com\/wp-content\/uploads\/2026\/01\/Logo-2-1.webp","contentUrl":"https:\/\/kohenavocats.com\/wp-content\/uploads\/2026\/01\/Logo-2-1.webp","width":2114,"height":1253,"caption":"Kohen Avocats"},"image":{"@id":"https:\/\/kohenavocats.com\/ar\/#\/schema\/logo\/image\/"}},{"@type":"Person","@id":"https:\/\/kohenavocats.com\/ar\/#\/schema\/person\/761c9ba54fa1ca84d405cef0831ff751","name":"Kohen","image":{"@type":"ImageObject","inLanguage":"ar","@id":"https:\/\/secure.gravatar.com\/avatar\/1c5e76ef76bbbfdd2b4da984e2bf2fa4056fd51a27d25ce2c332047f1dfd6e00?s=96&d=identicon&r=g","url":"https:\/\/secure.gravatar.com\/avatar\/1c5e76ef76bbbfdd2b4da984e2bf2fa4056fd51a27d25ce2c332047f1dfd6e00?s=96&d=identicon&r=g","contentUrl":"https:\/\/secure.gravatar.com\/avatar\/1c5e76ef76bbbfdd2b4da984e2bf2fa4056fd51a27d25ce2c332047f1dfd6e00?s=96&d=identicon&r=g","caption":"Kohen"},"sameAs":["https:\/\/www.linkedin.com\/in\/hassan-kohen-448548192\/","https:\/\/www.youtube.com\/@Kohen-Avocats"],"url":"https:\/\/kohenavocats.com\/ar\/author\/kohenmlk\/"}]}},"jetpack_featured_media_url":"https:\/\/kohenavocats.com\/wp-content\/uploads\/2024\/07\/louis-velazquez-XWW746i6WoM-unsplash.webp","jetpack_likes_enabled":false,"jetpack_shortlink":"https:\/\/wp.me\/peCrII-2WEh","jetpack-related-posts":[{"id":495403,"url":"https:\/\/kohenavocats.com\/ar\/cour-dappel-de-colmar-le-3-decembre-2025-n24-01640\/","url_meta":{"origin":702105,"position":0},"title":"Cour d&#8217;appel de Colmar, le 3 d\u00e9cembre 2025, n\u00b024\/01640","author":"Kohen","date":"8 \u0623\u0628\u0631\u064a\u0644\u060c 2026","format":false,"excerpt":"La Cour d'appel de Paris, statuant le 3 d\u00e9cembre 2025, est saisie d'un litige relatif \u00e0 la fixation du loyer d'un bail commercial renouvel\u00e9. Le bailleur...","rel":"","context":"\u0641\u064a &quot;Cour d'appel&quot;","block_context":{"text":"Cour d'appel","link":"https:\/\/kohenavocats.com\/category\/cour-dappel\/"},"img":{"alt_text":"","src":"https:\/\/i0.wp.com\/kohenavocats.com\/wp-content\/uploads\/2024\/11\/ave-calvar-KfxfnO7EWX4-unsplash.webp?resize=350%2C200&ssl=1","width":350,"height":200,"srcset":"https:\/\/i0.wp.com\/kohenavocats.com\/wp-content\/uploads\/2024\/11\/ave-calvar-KfxfnO7EWX4-unsplash.webp?resize=350%2C200&ssl=1 1x, https:\/\/i0.wp.com\/kohenavocats.com\/wp-content\/uploads\/2024\/11\/ave-calvar-KfxfnO7EWX4-unsplash.webp?resize=525%2C300&ssl=1 1.5x, https:\/\/i0.wp.com\/kohenavocats.com\/wp-content\/uploads\/2024\/11\/ave-calvar-KfxfnO7EWX4-unsplash.webp?resize=700%2C400&ssl=1 2x, https:\/\/i0.wp.com\/kohenavocats.com\/wp-content\/uploads\/2024\/11\/ave-calvar-KfxfnO7EWX4-unsplash.webp?resize=1050%2C600&ssl=1 3x, https:\/\/i0.wp.com\/kohenavocats.com\/wp-content\/uploads\/2024\/11\/ave-calvar-KfxfnO7EWX4-unsplash.webp?resize=1400%2C800&ssl=1 4x"},"classes":[]},{"id":488853,"url":"https:\/\/kohenavocats.com\/ar\/tribunal-judiciaire-de-la-reunion-le-25-novembre-2025-n24-02394\/","url_meta":{"origin":702105,"position":1},"title":"Tribunal judiciaire de La R\u00e9union, le 25 novembre 2025, n\u00b024\/02394","author":"Kohen","date":"8 \u0623\u0628\u0631\u064a\u0644\u060c 2026","format":false,"excerpt":"Le tribunal judiciaire de Montpellier, le 11 d\u00e9cembre 2024, a statu\u00e9 sur une action du comit\u00e9 social et \u00e9conomique. L\u2019instance reprochait \u00e0 l\u2019employeur...","rel":"","context":"\u0641\u064a &quot;D\u00e9cisions juridiques&quot;","block_context":{"text":"D\u00e9cisions juridiques","link":"https:\/\/kohenavocats.com\/category\/decisions-juridiques\/"},"img":{"alt_text":"","src":"https:\/\/i0.wp.com\/kohenavocats.com\/wp-content\/uploads\/2024\/08\/maxwell-andrews-RHEm0vS4QNE-unsplash.webp?resize=350%2C200&ssl=1","width":350,"height":200,"srcset":"https:\/\/i0.wp.com\/kohenavocats.com\/wp-content\/uploads\/2024\/08\/maxwell-andrews-RHEm0vS4QNE-unsplash.webp?resize=350%2C200&ssl=1 1x, https:\/\/i0.wp.com\/kohenavocats.com\/wp-content\/uploads\/2024\/08\/maxwell-andrews-RHEm0vS4QNE-unsplash.webp?resize=525%2C300&ssl=1 1.5x, https:\/\/i0.wp.com\/kohenavocats.com\/wp-content\/uploads\/2024\/08\/maxwell-andrews-RHEm0vS4QNE-unsplash.webp?resize=700%2C400&ssl=1 2x, https:\/\/i0.wp.com\/kohenavocats.com\/wp-content\/uploads\/2024\/08\/maxwell-andrews-RHEm0vS4QNE-unsplash.webp?resize=1050%2C600&ssl=1 3x, https:\/\/i0.wp.com\/kohenavocats.com\/wp-content\/uploads\/2024\/08\/maxwell-andrews-RHEm0vS4QNE-unsplash.webp?resize=1400%2C800&ssl=1 4x"},"classes":[]},{"id":496590,"url":"https:\/\/kohenavocats.com\/ar\/tribunal-judiciaire-de-grenoble-le-1-decembre-2025-n25-01720\/","url_meta":{"origin":702105,"position":2},"title":"Tribunal judiciaire de Grenoble, le 1 d\u00e9cembre 2025, n\u00b025\/01720","author":"Kohen","date":"8 \u0623\u0628\u0631\u064a\u0644\u060c 2026","format":false,"excerpt":"Le tribunal judiciaire de Paris, statuant \u00e0 juge unique, rend le 27 f\u00e9vrier 2025 un jugement r\u00e9put\u00e9 contradictoire. Un propri\u00e9taire reprochait \u00e0 sa...","rel":"","context":"\u0641\u064a &quot;D\u00e9cisions juridiques&quot;","block_context":{"text":"D\u00e9cisions juridiques","link":"https:\/\/kohenavocats.com\/category\/decisions-juridiques\/"},"img":{"alt_text":"","src":"https:\/\/i0.wp.com\/kohenavocats.com\/wp-content\/uploads\/2024\/11\/alex-shuper-VUyzsIViXQ0-unsplash.webp?resize=350%2C200&ssl=1","width":350,"height":200,"srcset":"https:\/\/i0.wp.com\/kohenavocats.com\/wp-content\/uploads\/2024\/11\/alex-shuper-VUyzsIViXQ0-unsplash.webp?resize=350%2C200&ssl=1 1x, https:\/\/i0.wp.com\/kohenavocats.com\/wp-content\/uploads\/2024\/11\/alex-shuper-VUyzsIViXQ0-unsplash.webp?resize=525%2C300&ssl=1 1.5x, https:\/\/i0.wp.com\/kohenavocats.com\/wp-content\/uploads\/2024\/11\/alex-shuper-VUyzsIViXQ0-unsplash.webp?resize=700%2C400&ssl=1 2x, https:\/\/i0.wp.com\/kohenavocats.com\/wp-content\/uploads\/2024\/11\/alex-shuper-VUyzsIViXQ0-unsplash.webp?resize=1050%2C600&ssl=1 3x, https:\/\/i0.wp.com\/kohenavocats.com\/wp-content\/uploads\/2024\/11\/alex-shuper-VUyzsIViXQ0-unsplash.webp?resize=1400%2C800&ssl=1 4x"},"classes":[]},{"id":499525,"url":"https:\/\/kohenavocats.com\/ar\/tribunal-judiciaire-de-saint-etienne-le-26-novembre-2025-n25-00225\/","url_meta":{"origin":702105,"position":3},"title":"Tribunal judiciaire de Saint-Etienne, le 26 novembre 2025, n\u00b025\/00225","author":"Kohen","date":"8 \u0623\u0628\u0631\u064a\u0644\u060c 2026","format":false,"excerpt":"Le tribunal judiciaire de Saint-\u00c9tienne, statuant par d\u00e9faut le 9 d\u00e9cembre 2025, examine une action en recouvrement de charges de copropri\u00e9t\u00e9. Le syndicat...","rel":"","context":"\u0641\u064a &quot;D\u00e9cisions juridiques&quot;","block_context":{"text":"D\u00e9cisions juridiques","link":"https:\/\/kohenavocats.com\/category\/decisions-juridiques\/"},"img":{"alt_text":"","src":"https:\/\/i0.wp.com\/kohenavocats.com\/wp-content\/uploads\/2024\/08\/leonhard-niederwimmer-GOqi8yEDEsE-unsplash.webp?resize=350%2C200&ssl=1","width":350,"height":200,"srcset":"https:\/\/i0.wp.com\/kohenavocats.com\/wp-content\/uploads\/2024\/08\/leonhard-niederwimmer-GOqi8yEDEsE-unsplash.webp?resize=350%2C200&ssl=1 1x, https:\/\/i0.wp.com\/kohenavocats.com\/wp-content\/uploads\/2024\/08\/leonhard-niederwimmer-GOqi8yEDEsE-unsplash.webp?resize=525%2C300&ssl=1 1.5x, https:\/\/i0.wp.com\/kohenavocats.com\/wp-content\/uploads\/2024\/08\/leonhard-niederwimmer-GOqi8yEDEsE-unsplash.webp?resize=700%2C400&ssl=1 2x, https:\/\/i0.wp.com\/kohenavocats.com\/wp-content\/uploads\/2024\/08\/leonhard-niederwimmer-GOqi8yEDEsE-unsplash.webp?resize=1050%2C600&ssl=1 3x, https:\/\/i0.wp.com\/kohenavocats.com\/wp-content\/uploads\/2024\/08\/leonhard-niederwimmer-GOqi8yEDEsE-unsplash.webp?resize=1400%2C800&ssl=1 4x"},"classes":[]},{"id":496496,"url":"https:\/\/kohenavocats.com\/ar\/tribunal-judiciaire-de-paris-le-1-decembre-2025-n25-04477\/","url_meta":{"origin":702105,"position":4},"title":"Tribunal judiciaire de Paris, le 1 d\u00e9cembre 2025, n\u00b025\/04477","author":"Kohen","date":"8 \u0623\u0628\u0631\u064a\u0644\u060c 2026","format":false,"excerpt":"Le tribunal judiciaire de Paris, par ordonnance du premier d\u00e9cembre deux mille vingt-cinq, statue sur une demande de d\u00e9sistement partiel. La demanderesse...","rel":"","context":"\u0641\u064a &quot;D\u00e9cisions juridiques&quot;","block_context":{"text":"D\u00e9cisions juridiques","link":"https:\/\/kohenavocats.com\/category\/decisions-juridiques\/"},"img":{"alt_text":"","src":"https:\/\/i0.wp.com\/kohenavocats.com\/wp-content\/uploads\/2024\/11\/jigar-panchal-JMz61NKc3E-unsplash.webp?resize=350%2C200&ssl=1","width":350,"height":200,"srcset":"https:\/\/i0.wp.com\/kohenavocats.com\/wp-content\/uploads\/2024\/11\/jigar-panchal-JMz61NKc3E-unsplash.webp?resize=350%2C200&ssl=1 1x, https:\/\/i0.wp.com\/kohenavocats.com\/wp-content\/uploads\/2024\/11\/jigar-panchal-JMz61NKc3E-unsplash.webp?resize=525%2C300&ssl=1 1.5x, https:\/\/i0.wp.com\/kohenavocats.com\/wp-content\/uploads\/2024\/11\/jigar-panchal-JMz61NKc3E-unsplash.webp?resize=700%2C400&ssl=1 2x, https:\/\/i0.wp.com\/kohenavocats.com\/wp-content\/uploads\/2024\/11\/jigar-panchal-JMz61NKc3E-unsplash.webp?resize=1050%2C600&ssl=1 3x, https:\/\/i0.wp.com\/kohenavocats.com\/wp-content\/uploads\/2024\/11\/jigar-panchal-JMz61NKc3E-unsplash.webp?resize=1400%2C800&ssl=1 4x"},"classes":[]},{"id":497329,"url":"https:\/\/kohenavocats.com\/ar\/tribunal-judiciaire-de-papeete-le-28-novembre-2025-n23-00149\/","url_meta":{"origin":702105,"position":5},"title":"Tribunal judiciaire de Papeete, le 28 novembre 2025, n\u00b023\/00149","author":"Kohen","date":"8 \u0623\u0628\u0631\u064a\u0644\u060c 2026","format":false,"excerpt":"Le tribunal de premi\u00e8re instance de Papeete, statuant le 9 d\u00e9cembre 2024, a examin\u00e9 diverses demandes relatives \u00e0 des droits fonciers sur une terre...","rel":"","context":"\u0641\u064a &quot;D\u00e9cisions juridiques&quot;","block_context":{"text":"D\u00e9cisions juridiques","link":"https:\/\/kohenavocats.com\/category\/decisions-juridiques\/"},"img":{"alt_text":"","src":"https:\/\/i0.wp.com\/kohenavocats.com\/wp-content\/uploads\/2024\/08\/roman-kraft-X1exjxxBho4-unsplash.webp?resize=350%2C200&ssl=1","width":350,"height":200,"srcset":"https:\/\/i0.wp.com\/kohenavocats.com\/wp-content\/uploads\/2024\/08\/roman-kraft-X1exjxxBho4-unsplash.webp?resize=350%2C200&ssl=1 1x, https:\/\/i0.wp.com\/kohenavocats.com\/wp-content\/uploads\/2024\/08\/roman-kraft-X1exjxxBho4-unsplash.webp?resize=525%2C300&ssl=1 1.5x, https:\/\/i0.wp.com\/kohenavocats.com\/wp-content\/uploads\/2024\/08\/roman-kraft-X1exjxxBho4-unsplash.webp?resize=700%2C400&ssl=1 2x, https:\/\/i0.wp.com\/kohenavocats.com\/wp-content\/uploads\/2024\/08\/roman-kraft-X1exjxxBho4-unsplash.webp?resize=1050%2C600&ssl=1 3x, https:\/\/i0.wp.com\/kohenavocats.com\/wp-content\/uploads\/2024\/08\/roman-kraft-X1exjxxBho4-unsplash.webp?resize=1400%2C800&ssl=1 4x"},"classes":[]}],"jetpack_sharing_enabled":true,"_links":{"self":[{"href":"https:\/\/kohenavocats.com\/ar\/wp-json\/wp\/v2\/posts\/702105","targetHints":{"allow":["GET"]}}],"collection":[{"href":"https:\/\/kohenavocats.com\/ar\/wp-json\/wp\/v2\/posts"}],"about":[{"href":"https:\/\/kohenavocats.com\/ar\/wp-json\/wp\/v2\/types\/post"}],"author":[{"embeddable":true,"href":"https:\/\/kohenavocats.com\/ar\/wp-json\/wp\/v2\/users\/232070755"}],"replies":[{"embeddable":true,"href":"https:\/\/kohenavocats.com\/ar\/wp-json\/wp\/v2\/comments?post=702105"}],"version-history":[{"count":0,"href":"https:\/\/kohenavocats.com\/ar\/wp-json\/wp\/v2\/posts\/702105\/revisions"}],"wp:featuredmedia":[{"embeddable":true,"href":"https:\/\/kohenavocats.com\/ar\/wp-json\/wp\/v2\/media\/3909"}],"wp:attachment":[{"href":"https:\/\/kohenavocats.com\/ar\/wp-json\/wp\/v2\/media?parent=702105"}],"wp:term":[{"taxonomy":"category","embeddable":true,"href":"https:\/\/kohenavocats.com\/ar\/wp-json\/wp\/v2\/categories?post=702105"},{"taxonomy":"post_tag","embeddable":true,"href":"https:\/\/kohenavocats.com\/ar\/wp-json\/wp\/v2\/tags?post=702105"}],"curies":[{"name":"wp","href":"https:\/\/api.w.org\/{rel}","templated":true}]}}