{"id":721873,"date":"2026-04-28T06:08:41","date_gmt":"2026-04-28T04:08:41","guid":{"rendered":"https:\/\/kohenavocats.com\/tribunal-judiciaire-de-beziers-le-6-fevrier-2026-n25-00800\/"},"modified":"2026-04-28T06:08:41","modified_gmt":"2026-04-28T04:08:41","slug":"tribunal-judiciaire-de-beziers-le-6-fevrier-2026-n25-00800","status":"publish","type":"post","link":"https:\/\/kohenavocats.com\/ar\/tribunal-judiciaire-de-beziers-le-6-fevrier-2026-n25-00800\/","title":{"rendered":"Tribunal judiciaire de B\u00e9ziers, le 6 f\u00e9vrier 2026, n\u00b025\/00800"},"content":{"rendered":"<div class=\"article-content\">\n<p>Le Tribunal judiciaire de B\u00e9ziers, par une ordonnance de r\u00e9f\u00e9r\u00e9 du 6 f\u00e9vrier 2026, a liquid\u00e9 une astreinte provisoire \u00e0 hauteur de 9 300 euros. Une soci\u00e9t\u00e9 acqu\u00e9reuse d\u2019un v\u00e9hicule avait obtenu une premi\u00e8re ordonnance condamnant le vendeur \u00e0 lui remettre la carte grise sous astreinte. Face \u00e0 l\u2019inex\u00e9cution persistante de cette obligation, la soci\u00e9t\u00e9 a saisi le juge de l\u2019ex\u00e9cution pour faire liquider l\u2019astreinte et obtenir des dommages-int\u00e9r\u00eats. La question centrale portait sur les conditions de liquidation de l\u2019astreinte provisoire et sur l\u2019octroi d\u2019une provision pour r\u00e9sistance abusive.<\/p>\n<p>La liquidation de l\u2019astreinte provisoire et le refus d\u2019une astreinte d\u00e9finitive.<\/p>\n<p>Le juge rappelle que le montant de l\u2019astreinte provisoire est liquid\u00e9 en tenant compte du comportement du d\u00e9biteur. Il constate que le vendeur n\u2019a pas ex\u00e9cut\u00e9 l\u2019injonction de communiquer le certificat d\u2019immatriculation, sans fournir aucune justification. D\u00e8s lors, il liquide l\u2019astreinte \u00e0 la somme de 9 300 euros correspondant \u00e0 93 jours de retard.<\/p>\n<p>Le sens de cette d\u00e9cision est de sanctionner l\u2019inex\u00e9cution d\u2019une d\u00e9cision de justice par le paiement d\u2019une somme calcul\u00e9e m\u00e9caniquement. La valeur de ce raisonnement est de rappeler que l\u2019astreinte provisoire remplit une fonction comminatoire et punitive. Sa port\u00e9e est de souligner que l\u2019absence de contestation du d\u00e9biteur facilite la liquidation \u00e0 son encontre.<\/p>\n<p>Le juge refuse ensuite de fixer une nouvelle astreinte d\u00e9finitive, consid\u00e9rant que le pr\u00e9judice est d\u00e9j\u00e0 r\u00e9par\u00e9. Il estime que le montant liquid\u00e9, sup\u00e9rieur au prix d\u2019achat du v\u00e9hicule, compense int\u00e9gralement le dommage subi par la soci\u00e9t\u00e9. Il n\u2019y a donc pas lieu \u00e0 r\u00e9f\u00e9r\u00e9 sur cette demande.<\/p>\n<p>Le rejet de la demande provisionnelle pour r\u00e9sistance abusive.<\/p>\n<p>La soci\u00e9t\u00e9 sollicitait des dommages-int\u00e9r\u00eats pour r\u00e9sistance abusive, invoquant l\u2019obstination du vendeur \u00e0 ne pas ex\u00e9cuter l\u2019ordonnance. Le juge constate que malgr\u00e9 deux mises en demeure et la condamnation, le document n\u2019a toujours pas \u00e9t\u00e9 fourni. Il rappelle que le juge des r\u00e9f\u00e9r\u00e9s peut accorder une provision si l\u2019obligation n\u2019est pas s\u00e9rieusement contestable.<\/p>\n<p>Le sens de la d\u00e9cision est de subordonner la provision \u00e0 l\u2019existence d\u2019un pr\u00e9judice distinct de celui d\u00e9j\u00e0 r\u00e9par\u00e9 par l\u2019astreinte. Le juge estime que la soci\u00e9t\u00e9 ne d\u00e9montre pas ce pr\u00e9judice distinct, cr\u00e9ant ainsi un doute sur l\u2019\u00e9tendue de l\u2019obligation. La valeur de ce raisonnement est de pr\u00e9venir une double indemnisation du m\u00eame chef de pr\u00e9judice.<\/p>\n<p>La port\u00e9e de cette solution est de limiter le cumul des sanctions p\u00e9cuniaires en l\u2019absence de pr\u00e9judice sp\u00e9cifique prouv\u00e9. En cons\u00e9quence, le juge dit n\u2019y avoir lieu \u00e0 r\u00e9f\u00e9r\u00e9 sur la demande de dommages-int\u00e9r\u00eats. Le vendeur est toutefois condamn\u00e9 aux d\u00e9pens et \u00e0 payer une somme de 1 500 euros au titre des frais irr\u00e9p\u00e9tibles.<\/p>\n<\/div>\n","protected":false},"excerpt":{"rendered":"<p>Le Tribunal judiciaire de B\u00e9ziers, par une ordonnance de r\u00e9f\u00e9r\u00e9 du 6 f\u00e9vrier 2026, a liquid\u00e9 une astreinte provisoire \u00e0 hauteur de 9 300 euros. Une soci\u00e9t\u00e9 a&#8230;<\/p>\n","protected":false},"author":232070755,"featured_media":4680,"comment_status":"open","ping_status":"open","sticky":false,"template":"","format":"standard","meta":{"_crdt_document":"","_jetpack_newsletter_access":"","_jetpack_dont_email_post_to_subs":false,"_jetpack_newsletter_tier_id":0,"_jetpack_memberships_contains_paywalled_content":false,"_kj_source_type":"judilibre","_kj_official_id":"69868573cdc6046d474abe72","_kj_official_url":"https:\/\/www.courdecassation.fr\/decision\/69868573cdc6046d474abe72","_kj_judilibre_id":"69868573cdc6046d474abe72","_kj_jur":"Tribunal judiciaire","_kj_lieu":"B\u00e9ziers","_kj_chambre":"Chamb. r\u00e9f\u00e9r\u00e9s(sup 10000)","_kj_rg":"25\/00800","_kj_date":"2026-02-06","_jetpack_memberships_contains_paid_content":false,"footnotes":"","jetpack_post_was_ever_published":false},"categories":[7597],"tags":[],"class_list":["post-721873","post","type-post","status-publish","format-standard","has-post-thumbnail","hentry","category-jurisprudence"],"yoast_head":"<!-- This site is optimized with the Yoast SEO Premium plugin v27.5 (Yoast SEO v27.5) - https:\/\/yoast.com\/product\/yoast-seo-premium-wordpress\/ -->\n<title>Tribunal judiciaire de B\u00e9ziers, le 6 f\u00e9vrier 2026, n\u00b025\/00800 - Ma\u00eetre Hassan Kohen, avocat en droit p\u00e9nal \u00e0 Paris<\/title>\n<meta name=\"description\" content=\"Le Tribunal judiciaire de B\u00e9ziers, par une ordonnance de r\u00e9f\u00e9r\u00e9 du 6 f\u00e9vrier 2026, a liquid\u00e9 une astreinte provisoire \u00e0 hauteur de 9 300 euros. Une soci\u00e9t\u00e9 a...\" \/>\n<meta name=\"robots\" content=\"index, follow, max-snippet:-1, max-image-preview:large, max-video-preview:-1\" \/>\n<link rel=\"canonical\" href=\"https:\/\/kohenavocats.com\/ar\/tribunal-judiciaire-de-beziers-le-6-fevrier-2026-n25-00800\/\" \/>\n<meta property=\"og:locale\" content=\"ar_AR\" \/>\n<meta property=\"og:type\" content=\"article\" \/>\n<meta property=\"og:title\" content=\"Tribunal judiciaire de B\u00e9ziers, le 6 f\u00e9vrier 2026, n\u00b025\/00800\" \/>\n<meta property=\"og:description\" content=\"Le Tribunal judiciaire de B\u00e9ziers, par une ordonnance de r\u00e9f\u00e9r\u00e9 du 6 f\u00e9vrier 2026, a liquid\u00e9 une astreinte provisoire \u00e0 hauteur de 9 300 euros. Une soci\u00e9t\u00e9 a...\" \/>\n<meta property=\"og:url\" content=\"https:\/\/kohenavocats.com\/ar\/tribunal-judiciaire-de-beziers-le-6-fevrier-2026-n25-00800\/\" \/>\n<meta property=\"og:site_name\" content=\"Ma\u00eetre Hassan Kohen, avocat en droit p\u00e9nal \u00e0 Paris\" \/>\n<meta property=\"article:published_time\" content=\"2026-04-28T04:08:41+00:00\" \/>\n<meta property=\"og:image\" content=\"https:\/\/kohenavocats.com\/wp-content\/uploads\/2024\/08\/stefan-steinbauer-HK8IoD-5zpg-unsplash.webp\" \/>\n\t<meta property=\"og:image:width\" content=\"7492\" \/>\n\t<meta property=\"og:image:height\" content=\"4973\" \/>\n\t<meta property=\"og:image:type\" content=\"image\/webp\" \/>\n<meta name=\"author\" content=\"Kohen\" \/>\n<meta name=\"twitter:card\" content=\"summary_large_image\" \/>\n<meta name=\"twitter:label1\" content=\"\u0643\u064f\u062a\u0628 \u0628\u0648\u0627\u0633\u0637\u0629\" \/>\n\t<meta name=\"twitter:data1\" content=\"Kohen\" \/>\n\t<meta name=\"twitter:label2\" content=\"\u0648\u0642\u062a \u0627\u0644\u0642\u0631\u0627\u0621\u0629 \u0627\u0644\u0645\u064f\u0642\u062f\u0651\u0631\" \/>\n\t<meta name=\"twitter:data2\" content=\"3 \u062f\u0642\u0627\u0626\u0642\" \/>\n<script type=\"application\/ld+json\" class=\"yoast-schema-graph\">{\"@context\":\"https:\\\/\\\/schema.org\",\"@graph\":[{\"@type\":\"Article\",\"@id\":\"https:\\\/\\\/kohenavocats.com\\\/ar\\\/tribunal-judiciaire-de-beziers-le-6-fevrier-2026-n25-00800\\\/#article\",\"isPartOf\":{\"@id\":\"https:\\\/\\\/kohenavocats.com\\\/ar\\\/tribunal-judiciaire-de-beziers-le-6-fevrier-2026-n25-00800\\\/\"},\"author\":{\"name\":\"Kohen\",\"@id\":\"https:\\\/\\\/kohenavocats.com\\\/ar\\\/#\\\/schema\\\/person\\\/761c9ba54fa1ca84d405cef0831ff751\"},\"headline\":\"Tribunal judiciaire de B\u00e9ziers, le 6 f\u00e9vrier 2026, n\u00b025\\\/00800\",\"datePublished\":\"2026-04-28T04:08:41+00:00\",\"mainEntityOfPage\":{\"@id\":\"https:\\\/\\\/kohenavocats.com\\\/ar\\\/tribunal-judiciaire-de-beziers-le-6-fevrier-2026-n25-00800\\\/\"},\"wordCount\":521,\"commentCount\":0,\"publisher\":{\"@id\":\"https:\\\/\\\/kohenavocats.com\\\/ar\\\/#organization\"},\"image\":{\"@id\":\"https:\\\/\\\/kohenavocats.com\\\/ar\\\/tribunal-judiciaire-de-beziers-le-6-fevrier-2026-n25-00800\\\/#primaryimage\"},\"thumbnailUrl\":\"https:\\\/\\\/kohenavocats.com\\\/wp-content\\\/uploads\\\/2024\\\/08\\\/stefan-steinbauer-HK8IoD-5zpg-unsplash.webp\",\"articleSection\":[\"Jurisprudence\"],\"inLanguage\":\"ar\",\"potentialAction\":[{\"@type\":\"CommentAction\",\"name\":\"Comment\",\"target\":[\"https:\\\/\\\/kohenavocats.com\\\/ar\\\/tribunal-judiciaire-de-beziers-le-6-fevrier-2026-n25-00800\\\/#respond\"]}],\"citation\":\"Tribunal judiciaire de B\u00e9ziers, le 6 f\u00e9vrier 2026, n\u00b025\\\/00800\",\"about\":[{\"@type\":\"Thing\",\"name\":\"Jurisprudence\"}],\"dateModified\":\"2026-04-28T04:08:41+00:00\",\"speakable\":{\"@type\":\"SpeakableSpecification\",\"cssSelector\":[\".article-content > p:first-of-type\"]}},{\"@type\":\"WebPage\",\"@id\":\"https:\\\/\\\/kohenavocats.com\\\/ar\\\/tribunal-judiciaire-de-beziers-le-6-fevrier-2026-n25-00800\\\/\",\"url\":\"https:\\\/\\\/kohenavocats.com\\\/ar\\\/tribunal-judiciaire-de-beziers-le-6-fevrier-2026-n25-00800\\\/\",\"name\":\"Tribunal judiciaire de B\u00e9ziers, le 6 f\u00e9vrier 2026, n\u00b025\\\/00800 - Ma\u00eetre Hassan Kohen, avocat en droit p\u00e9nal \u00e0 Paris\",\"isPartOf\":{\"@id\":\"https:\\\/\\\/kohenavocats.com\\\/ar\\\/#website\"},\"primaryImageOfPage\":{\"@id\":\"https:\\\/\\\/kohenavocats.com\\\/ar\\\/tribunal-judiciaire-de-beziers-le-6-fevrier-2026-n25-00800\\\/#primaryimage\"},\"image\":{\"@id\":\"https:\\\/\\\/kohenavocats.com\\\/ar\\\/tribunal-judiciaire-de-beziers-le-6-fevrier-2026-n25-00800\\\/#primaryimage\"},\"thumbnailUrl\":\"https:\\\/\\\/kohenavocats.com\\\/wp-content\\\/uploads\\\/2024\\\/08\\\/stefan-steinbauer-HK8IoD-5zpg-unsplash.webp\",\"datePublished\":\"2026-04-28T04:08:41+00:00\",\"description\":\"Le Tribunal judiciaire de B\u00e9ziers, par une ordonnance de r\u00e9f\u00e9r\u00e9 du 6 f\u00e9vrier 2026, a liquid\u00e9 une astreinte provisoire \u00e0 hauteur de 9 300 euros. Une soci\u00e9t\u00e9 a...\",\"breadcrumb\":{\"@id\":\"https:\\\/\\\/kohenavocats.com\\\/ar\\\/tribunal-judiciaire-de-beziers-le-6-fevrier-2026-n25-00800\\\/#breadcrumb\"},\"inLanguage\":\"ar\",\"potentialAction\":[{\"@type\":\"ReadAction\",\"target\":[\"https:\\\/\\\/kohenavocats.com\\\/ar\\\/tribunal-judiciaire-de-beziers-le-6-fevrier-2026-n25-00800\\\/\"]}]},{\"@type\":\"ImageObject\",\"inLanguage\":\"ar\",\"@id\":\"https:\\\/\\\/kohenavocats.com\\\/ar\\\/tribunal-judiciaire-de-beziers-le-6-fevrier-2026-n25-00800\\\/#primaryimage\",\"url\":\"https:\\\/\\\/kohenavocats.com\\\/wp-content\\\/uploads\\\/2024\\\/08\\\/stefan-steinbauer-HK8IoD-5zpg-unsplash.webp\",\"contentUrl\":\"https:\\\/\\\/kohenavocats.com\\\/wp-content\\\/uploads\\\/2024\\\/08\\\/stefan-steinbauer-HK8IoD-5zpg-unsplash.webp\",\"width\":7492,\"height\":4973},{\"@type\":\"BreadcrumbList\",\"@id\":\"https:\\\/\\\/kohenavocats.com\\\/ar\\\/tribunal-judiciaire-de-beziers-le-6-fevrier-2026-n25-00800\\\/#breadcrumb\",\"itemListElement\":[{\"@type\":\"ListItem\",\"position\":1,\"name\":\"Home\",\"item\":\"https:\\\/\\\/kohenavocats.com\\\/ar\\\/%d9%85%d8%ad%d8%a7%d9%85%d9%88%d9%86-%d9%85%d8%aa%d8%ae%d8%b5%d8%b5%d9%88%d9%86-%d9%81%d9%8a-%d8%a7%d9%84%d9%82%d8%a7%d9%86%d9%88%d9%86-%d8%a7%d9%84%d8%ac%d9%86%d8%a7%d8%a6%d9%8a-%d8%a8%d8%a8%d8%a7\\\/\"},{\"@type\":\"ListItem\",\"position\":2,\"name\":\"Tribunal judiciaire de B\u00e9ziers, le 6 f\u00e9vrier 2026, n\u00b025\\\/00800\"}]},{\"@type\":\"WebSite\",\"@id\":\"https:\\\/\\\/kohenavocats.com\\\/ar\\\/#website\",\"url\":\"https:\\\/\\\/kohenavocats.com\\\/ar\\\/\",\"name\":\"Kohen Avocats\",\"description\":\"Ma\u00eetre Hassan Kohen, avocat p\u00e9naliste \u00e0 Paris, intervient exclusivement en droit p\u00e9nal pour la d\u00e9fense des particuliers, notamment en mati\u00e8re d\u2019accusations de viol. Il assure un accompagnement rigoureux d\u00e8s la garde \u00e0 vue jusqu\u2019\u00e0 la Cour d\u2019assises, veillant au strict respect des garanties proc\u00e9durales.\",\"publisher\":{\"@id\":\"https:\\\/\\\/kohenavocats.com\\\/ar\\\/#organization\"},\"potentialAction\":[{\"@type\":\"SearchAction\",\"target\":{\"@type\":\"EntryPoint\",\"urlTemplate\":\"https:\\\/\\\/kohenavocats.com\\\/ar\\\/?s={search_term_string}\"},\"query-input\":{\"@type\":\"PropertyValueSpecification\",\"valueRequired\":true,\"valueName\":\"search_term_string\"}}],\"inLanguage\":\"ar\"},{\"@type\":\"Organization\",\"@id\":\"https:\\\/\\\/kohenavocats.com\\\/ar\\\/#organization\",\"name\":\"Kohen Avocats\",\"url\":\"https:\\\/\\\/kohenavocats.com\\\/ar\\\/\",\"logo\":{\"@type\":\"ImageObject\",\"inLanguage\":\"ar\",\"@id\":\"https:\\\/\\\/kohenavocats.com\\\/ar\\\/#\\\/schema\\\/logo\\\/image\\\/\",\"url\":\"https:\\\/\\\/kohenavocats.com\\\/wp-content\\\/uploads\\\/2026\\\/01\\\/Logo-2-1.webp\",\"contentUrl\":\"https:\\\/\\\/kohenavocats.com\\\/wp-content\\\/uploads\\\/2026\\\/01\\\/Logo-2-1.webp\",\"width\":2114,\"height\":1253,\"caption\":\"Kohen Avocats\"},\"image\":{\"@id\":\"https:\\\/\\\/kohenavocats.com\\\/ar\\\/#\\\/schema\\\/logo\\\/image\\\/\"}},{\"@type\":\"Person\",\"@id\":\"https:\\\/\\\/kohenavocats.com\\\/ar\\\/#\\\/schema\\\/person\\\/761c9ba54fa1ca84d405cef0831ff751\",\"name\":\"Kohen\",\"image\":{\"@type\":\"ImageObject\",\"inLanguage\":\"ar\",\"@id\":\"https:\\\/\\\/secure.gravatar.com\\\/avatar\\\/1c5e76ef76bbbfdd2b4da984e2bf2fa4056fd51a27d25ce2c332047f1dfd6e00?s=96&d=identicon&r=g\",\"url\":\"https:\\\/\\\/secure.gravatar.com\\\/avatar\\\/1c5e76ef76bbbfdd2b4da984e2bf2fa4056fd51a27d25ce2c332047f1dfd6e00?s=96&d=identicon&r=g\",\"contentUrl\":\"https:\\\/\\\/secure.gravatar.com\\\/avatar\\\/1c5e76ef76bbbfdd2b4da984e2bf2fa4056fd51a27d25ce2c332047f1dfd6e00?s=96&d=identicon&r=g\",\"caption\":\"Kohen\"},\"sameAs\":[\"https:\\\/\\\/www.linkedin.com\\\/in\\\/hassan-kohen-448548192\\\/\",\"https:\\\/\\\/www.youtube.com\\\/@Kohen-Avocats\"],\"url\":\"https:\\\/\\\/kohenavocats.com\\\/ar\\\/author\\\/kohenmlk\\\/\"}]}<\/script>\n<!-- \/ Yoast SEO Premium plugin. -->","yoast_head_json":{"title":"Tribunal judiciaire de B\u00e9ziers, le 6 f\u00e9vrier 2026, n\u00b025\/00800 - Ma\u00eetre Hassan Kohen, avocat en droit p\u00e9nal \u00e0 Paris","description":"Le Tribunal judiciaire de B\u00e9ziers, par une ordonnance de r\u00e9f\u00e9r\u00e9 du 6 f\u00e9vrier 2026, a liquid\u00e9 une astreinte provisoire \u00e0 hauteur de 9 300 euros. Une soci\u00e9t\u00e9 a...","robots":{"index":"index","follow":"follow","max-snippet":"max-snippet:-1","max-image-preview":"max-image-preview:large","max-video-preview":"max-video-preview:-1"},"canonical":"https:\/\/kohenavocats.com\/ar\/tribunal-judiciaire-de-beziers-le-6-fevrier-2026-n25-00800\/","og_locale":"ar_AR","og_type":"article","og_title":"Tribunal judiciaire de B\u00e9ziers, le 6 f\u00e9vrier 2026, n\u00b025\/00800","og_description":"Le Tribunal judiciaire de B\u00e9ziers, par une ordonnance de r\u00e9f\u00e9r\u00e9 du 6 f\u00e9vrier 2026, a liquid\u00e9 une astreinte provisoire \u00e0 hauteur de 9 300 euros. Une soci\u00e9t\u00e9 a...","og_url":"https:\/\/kohenavocats.com\/ar\/tribunal-judiciaire-de-beziers-le-6-fevrier-2026-n25-00800\/","og_site_name":"Ma\u00eetre Hassan Kohen, avocat en droit p\u00e9nal \u00e0 Paris","article_published_time":"2026-04-28T04:08:41+00:00","og_image":[{"width":7492,"height":4973,"url":"https:\/\/kohenavocats.com\/wp-content\/uploads\/2024\/08\/stefan-steinbauer-HK8IoD-5zpg-unsplash.webp","type":"image\/webp"}],"author":"Kohen","twitter_card":"summary_large_image","twitter_misc":{"\u0643\u064f\u062a\u0628 \u0628\u0648\u0627\u0633\u0637\u0629":"Kohen","\u0648\u0642\u062a \u0627\u0644\u0642\u0631\u0627\u0621\u0629 \u0627\u0644\u0645\u064f\u0642\u062f\u0651\u0631":"3 \u062f\u0642\u0627\u0626\u0642"},"schema":{"@context":"https:\/\/schema.org","@graph":[{"@type":"Article","@id":"https:\/\/kohenavocats.com\/ar\/tribunal-judiciaire-de-beziers-le-6-fevrier-2026-n25-00800\/#article","isPartOf":{"@id":"https:\/\/kohenavocats.com\/ar\/tribunal-judiciaire-de-beziers-le-6-fevrier-2026-n25-00800\/"},"author":{"name":"Kohen","@id":"https:\/\/kohenavocats.com\/ar\/#\/schema\/person\/761c9ba54fa1ca84d405cef0831ff751"},"headline":"Tribunal judiciaire de B\u00e9ziers, le 6 f\u00e9vrier 2026, n\u00b025\/00800","datePublished":"2026-04-28T04:08:41+00:00","mainEntityOfPage":{"@id":"https:\/\/kohenavocats.com\/ar\/tribunal-judiciaire-de-beziers-le-6-fevrier-2026-n25-00800\/"},"wordCount":521,"commentCount":0,"publisher":{"@id":"https:\/\/kohenavocats.com\/ar\/#organization"},"image":{"@id":"https:\/\/kohenavocats.com\/ar\/tribunal-judiciaire-de-beziers-le-6-fevrier-2026-n25-00800\/#primaryimage"},"thumbnailUrl":"https:\/\/kohenavocats.com\/wp-content\/uploads\/2024\/08\/stefan-steinbauer-HK8IoD-5zpg-unsplash.webp","articleSection":["Jurisprudence"],"inLanguage":"ar","potentialAction":[{"@type":"CommentAction","name":"Comment","target":["https:\/\/kohenavocats.com\/ar\/tribunal-judiciaire-de-beziers-le-6-fevrier-2026-n25-00800\/#respond"]}],"citation":"Tribunal judiciaire de B\u00e9ziers, le 6 f\u00e9vrier 2026, n\u00b025\/00800","about":[{"@type":"Thing","name":"Jurisprudence"}],"dateModified":"2026-04-28T04:08:41+00:00","speakable":{"@type":"SpeakableSpecification","cssSelector":[".article-content > p:first-of-type"]}},{"@type":"WebPage","@id":"https:\/\/kohenavocats.com\/ar\/tribunal-judiciaire-de-beziers-le-6-fevrier-2026-n25-00800\/","url":"https:\/\/kohenavocats.com\/ar\/tribunal-judiciaire-de-beziers-le-6-fevrier-2026-n25-00800\/","name":"Tribunal judiciaire de B\u00e9ziers, le 6 f\u00e9vrier 2026, n\u00b025\/00800 - Ma\u00eetre Hassan Kohen, avocat en droit p\u00e9nal \u00e0 Paris","isPartOf":{"@id":"https:\/\/kohenavocats.com\/ar\/#website"},"primaryImageOfPage":{"@id":"https:\/\/kohenavocats.com\/ar\/tribunal-judiciaire-de-beziers-le-6-fevrier-2026-n25-00800\/#primaryimage"},"image":{"@id":"https:\/\/kohenavocats.com\/ar\/tribunal-judiciaire-de-beziers-le-6-fevrier-2026-n25-00800\/#primaryimage"},"thumbnailUrl":"https:\/\/kohenavocats.com\/wp-content\/uploads\/2024\/08\/stefan-steinbauer-HK8IoD-5zpg-unsplash.webp","datePublished":"2026-04-28T04:08:41+00:00","description":"Le Tribunal judiciaire de B\u00e9ziers, par une ordonnance de r\u00e9f\u00e9r\u00e9 du 6 f\u00e9vrier 2026, a liquid\u00e9 une astreinte provisoire \u00e0 hauteur de 9 300 euros. Une soci\u00e9t\u00e9 a...","breadcrumb":{"@id":"https:\/\/kohenavocats.com\/ar\/tribunal-judiciaire-de-beziers-le-6-fevrier-2026-n25-00800\/#breadcrumb"},"inLanguage":"ar","potentialAction":[{"@type":"ReadAction","target":["https:\/\/kohenavocats.com\/ar\/tribunal-judiciaire-de-beziers-le-6-fevrier-2026-n25-00800\/"]}]},{"@type":"ImageObject","inLanguage":"ar","@id":"https:\/\/kohenavocats.com\/ar\/tribunal-judiciaire-de-beziers-le-6-fevrier-2026-n25-00800\/#primaryimage","url":"https:\/\/kohenavocats.com\/wp-content\/uploads\/2024\/08\/stefan-steinbauer-HK8IoD-5zpg-unsplash.webp","contentUrl":"https:\/\/kohenavocats.com\/wp-content\/uploads\/2024\/08\/stefan-steinbauer-HK8IoD-5zpg-unsplash.webp","width":7492,"height":4973},{"@type":"BreadcrumbList","@id":"https:\/\/kohenavocats.com\/ar\/tribunal-judiciaire-de-beziers-le-6-fevrier-2026-n25-00800\/#breadcrumb","itemListElement":[{"@type":"ListItem","position":1,"name":"Home","item":"https:\/\/kohenavocats.com\/ar\/%d9%85%d8%ad%d8%a7%d9%85%d9%88%d9%86-%d9%85%d8%aa%d8%ae%d8%b5%d8%b5%d9%88%d9%86-%d9%81%d9%8a-%d8%a7%d9%84%d9%82%d8%a7%d9%86%d9%88%d9%86-%d8%a7%d9%84%d8%ac%d9%86%d8%a7%d8%a6%d9%8a-%d8%a8%d8%a8%d8%a7\/"},{"@type":"ListItem","position":2,"name":"Tribunal judiciaire de B\u00e9ziers, le 6 f\u00e9vrier 2026, n\u00b025\/00800"}]},{"@type":"WebSite","@id":"https:\/\/kohenavocats.com\/ar\/#website","url":"https:\/\/kohenavocats.com\/ar\/","name":"Kohen Avocats","description":"Ma\u00eetre Hassan Kohen, avocat p\u00e9naliste \u00e0 Paris, intervient exclusivement en droit p\u00e9nal pour la d\u00e9fense des particuliers, notamment en mati\u00e8re d\u2019accusations de viol. Il assure un accompagnement rigoureux d\u00e8s la garde \u00e0 vue jusqu\u2019\u00e0 la Cour d\u2019assises, veillant au strict respect des garanties proc\u00e9durales.","publisher":{"@id":"https:\/\/kohenavocats.com\/ar\/#organization"},"potentialAction":[{"@type":"SearchAction","target":{"@type":"EntryPoint","urlTemplate":"https:\/\/kohenavocats.com\/ar\/?s={search_term_string}"},"query-input":{"@type":"PropertyValueSpecification","valueRequired":true,"valueName":"search_term_string"}}],"inLanguage":"ar"},{"@type":"Organization","@id":"https:\/\/kohenavocats.com\/ar\/#organization","name":"Kohen Avocats","url":"https:\/\/kohenavocats.com\/ar\/","logo":{"@type":"ImageObject","inLanguage":"ar","@id":"https:\/\/kohenavocats.com\/ar\/#\/schema\/logo\/image\/","url":"https:\/\/kohenavocats.com\/wp-content\/uploads\/2026\/01\/Logo-2-1.webp","contentUrl":"https:\/\/kohenavocats.com\/wp-content\/uploads\/2026\/01\/Logo-2-1.webp","width":2114,"height":1253,"caption":"Kohen Avocats"},"image":{"@id":"https:\/\/kohenavocats.com\/ar\/#\/schema\/logo\/image\/"}},{"@type":"Person","@id":"https:\/\/kohenavocats.com\/ar\/#\/schema\/person\/761c9ba54fa1ca84d405cef0831ff751","name":"Kohen","image":{"@type":"ImageObject","inLanguage":"ar","@id":"https:\/\/secure.gravatar.com\/avatar\/1c5e76ef76bbbfdd2b4da984e2bf2fa4056fd51a27d25ce2c332047f1dfd6e00?s=96&d=identicon&r=g","url":"https:\/\/secure.gravatar.com\/avatar\/1c5e76ef76bbbfdd2b4da984e2bf2fa4056fd51a27d25ce2c332047f1dfd6e00?s=96&d=identicon&r=g","contentUrl":"https:\/\/secure.gravatar.com\/avatar\/1c5e76ef76bbbfdd2b4da984e2bf2fa4056fd51a27d25ce2c332047f1dfd6e00?s=96&d=identicon&r=g","caption":"Kohen"},"sameAs":["https:\/\/www.linkedin.com\/in\/hassan-kohen-448548192\/","https:\/\/www.youtube.com\/@Kohen-Avocats"],"url":"https:\/\/kohenavocats.com\/ar\/author\/kohenmlk\/"}]}},"jetpack_featured_media_url":"https:\/\/kohenavocats.com\/wp-content\/uploads\/2024\/08\/stefan-steinbauer-HK8IoD-5zpg-unsplash.webp","jetpack_likes_enabled":false,"jetpack_shortlink":"https:\/\/wp.me\/peCrII-31N7","jetpack-related-posts":[{"id":659197,"url":"https:\/\/kohenavocats.com\/ar\/tribunal-judiciaire-de-beziers-le-26-septembre-2025-n25-00433\/","url_meta":{"origin":721873,"position":0},"title":"Tribunal judiciaire de B\u00e9ziers, le 26 septembre 2025, n\u00b025\/00433","author":"Kohen","date":"23 \u0623\u0628\u0631\u064a\u0644\u060c 2026","format":false,"excerpt":"Le tribunal judiciaire de B\u00e9ziers, statuant en r\u00e9f\u00e9r\u00e9 le 26 septembre 2025, se prononce sur une demande de liquidation d\u2019astreinte et de provision. Un propri...","rel":"","context":"\u0641\u064a &quot;Jurisprudence&quot;","block_context":{"text":"Jurisprudence","link":"https:\/\/kohenavocats.com\/category\/jurisprudence\/"},"img":{"alt_text":"","src":"https:\/\/i0.wp.com\/kohenavocats.com\/wp-content\/uploads\/2024\/11\/resource-database-lRwnx8gdAW0-unsplash.webp?resize=350%2C200&ssl=1","width":350,"height":200,"srcset":"https:\/\/i0.wp.com\/kohenavocats.com\/wp-content\/uploads\/2024\/11\/resource-database-lRwnx8gdAW0-unsplash.webp?resize=350%2C200&ssl=1 1x, https:\/\/i0.wp.com\/kohenavocats.com\/wp-content\/uploads\/2024\/11\/resource-database-lRwnx8gdAW0-unsplash.webp?resize=525%2C300&ssl=1 1.5x, https:\/\/i0.wp.com\/kohenavocats.com\/wp-content\/uploads\/2024\/11\/resource-database-lRwnx8gdAW0-unsplash.webp?resize=700%2C400&ssl=1 2x, https:\/\/i0.wp.com\/kohenavocats.com\/wp-content\/uploads\/2024\/11\/resource-database-lRwnx8gdAW0-unsplash.webp?resize=1050%2C600&ssl=1 3x, https:\/\/i0.wp.com\/kohenavocats.com\/wp-content\/uploads\/2024\/11\/resource-database-lRwnx8gdAW0-unsplash.webp?resize=1400%2C800&ssl=1 4x"},"classes":[]},{"id":660006,"url":"https:\/\/kohenavocats.com\/ar\/tribunal-judiciaire-de-beziers-le-26-septembre-2025-n25-00513\/","url_meta":{"origin":721873,"position":1},"title":"Tribunal judiciaire de B\u00e9ziers, le 26 septembre 2025, n\u00b025\/00513","author":"Kohen","date":"23 \u0623\u0628\u0631\u064a\u0644\u060c 2026","format":false,"excerpt":"Le tribunal judiciaire de B\u00e9ziers, statuant en r\u00e9f\u00e9r\u00e9 le 26 septembre 2025, se prononce sur une demande d'extension d'une expertise et de communication de do...","rel":"","context":"\u0641\u064a &quot;Jurisprudence&quot;","block_context":{"text":"Jurisprudence","link":"https:\/\/kohenavocats.com\/category\/jurisprudence\/"},"img":{"alt_text":"","src":"https:\/\/i0.wp.com\/kohenavocats.com\/wp-content\/uploads\/2024\/08\/florian-wehde-KqAUa9OAwFY-unsplash.webp?resize=350%2C200&ssl=1","width":350,"height":200,"srcset":"https:\/\/i0.wp.com\/kohenavocats.com\/wp-content\/uploads\/2024\/08\/florian-wehde-KqAUa9OAwFY-unsplash.webp?resize=350%2C200&ssl=1 1x, https:\/\/i0.wp.com\/kohenavocats.com\/wp-content\/uploads\/2024\/08\/florian-wehde-KqAUa9OAwFY-unsplash.webp?resize=525%2C300&ssl=1 1.5x, https:\/\/i0.wp.com\/kohenavocats.com\/wp-content\/uploads\/2024\/08\/florian-wehde-KqAUa9OAwFY-unsplash.webp?resize=700%2C400&ssl=1 2x, https:\/\/i0.wp.com\/kohenavocats.com\/wp-content\/uploads\/2024\/08\/florian-wehde-KqAUa9OAwFY-unsplash.webp?resize=1050%2C600&ssl=1 3x, https:\/\/i0.wp.com\/kohenavocats.com\/wp-content\/uploads\/2024\/08\/florian-wehde-KqAUa9OAwFY-unsplash.webp?resize=1400%2C800&ssl=1 4x"},"classes":[]},{"id":670750,"url":"https:\/\/kohenavocats.com\/ar\/tribunal-judiciaire-de-saint-denis-de-la-reunion-le-18-septembre-2025-n25-00336\/","url_meta":{"origin":721873,"position":2},"title":"Tribunal judiciaire de Saint-Denis de La R\u00e9union, le 18 septembre 2025, n\u00b025\/00336","author":"Kohen","date":"24 \u0623\u0628\u0631\u064a\u0644\u060c 2026","format":false,"excerpt":"Le juge de l'ex\u00e9cution, statuant par jugement contradictoire, a \u00e9t\u00e9 saisi d'une demande de liquidation d'une astreinte provisoire. L'astreinte avait \u00e9t\u00e9 ordo...","rel":"","context":"\u0641\u064a &quot;Jurisprudence&quot;","block_context":{"text":"Jurisprudence","link":"https:\/\/kohenavocats.com\/category\/jurisprudence\/"},"img":{"alt_text":"","src":"https:\/\/i0.wp.com\/kohenavocats.com\/wp-content\/uploads\/2024\/08\/giammarco-boscaro-xLhKkk2tKkA-unsplash.webp?resize=350%2C200&ssl=1","width":350,"height":200,"srcset":"https:\/\/i0.wp.com\/kohenavocats.com\/wp-content\/uploads\/2024\/08\/giammarco-boscaro-xLhKkk2tKkA-unsplash.webp?resize=350%2C200&ssl=1 1x, https:\/\/i0.wp.com\/kohenavocats.com\/wp-content\/uploads\/2024\/08\/giammarco-boscaro-xLhKkk2tKkA-unsplash.webp?resize=525%2C300&ssl=1 1.5x, https:\/\/i0.wp.com\/kohenavocats.com\/wp-content\/uploads\/2024\/08\/giammarco-boscaro-xLhKkk2tKkA-unsplash.webp?resize=700%2C400&ssl=1 2x, https:\/\/i0.wp.com\/kohenavocats.com\/wp-content\/uploads\/2024\/08\/giammarco-boscaro-xLhKkk2tKkA-unsplash.webp?resize=1050%2C600&ssl=1 3x, https:\/\/i0.wp.com\/kohenavocats.com\/wp-content\/uploads\/2024\/08\/giammarco-boscaro-xLhKkk2tKkA-unsplash.webp?resize=1400%2C800&ssl=1 4x"},"classes":[]},{"id":655407,"url":"https:\/\/kohenavocats.com\/ar\/tribunal-judiciaire-de-thonon-les-bains-le-30-septembre-2025-n25-00173\/","url_meta":{"origin":721873,"position":3},"title":"Tribunal judiciaire de Thonon-les-Bains, le 30 septembre 2025, n\u00b025\/00173","author":"Kohen","date":"23 \u0623\u0628\u0631\u064a\u0644\u060c 2026","format":false,"excerpt":"Le tribunal judiciaire, statuant en r\u00e9f\u00e9r\u00e9 le 30 septembre 2025, se prononce sur la liquidation d\u2019une astreinte provisoire. Des acqu\u00e9reurs avaient obtenu la ...","rel":"","context":"\u0641\u064a &quot;Jurisprudence&quot;","block_context":{"text":"Jurisprudence","link":"https:\/\/kohenavocats.com\/category\/jurisprudence\/"},"img":{"alt_text":"","src":"https:\/\/i0.wp.com\/kohenavocats.com\/wp-content\/uploads\/2024\/11\/michael-tucker-Zd_0XzZevtI-unsplash.webp?resize=350%2C200&ssl=1","width":350,"height":200,"srcset":"https:\/\/i0.wp.com\/kohenavocats.com\/wp-content\/uploads\/2024\/11\/michael-tucker-Zd_0XzZevtI-unsplash.webp?resize=350%2C200&ssl=1 1x, https:\/\/i0.wp.com\/kohenavocats.com\/wp-content\/uploads\/2024\/11\/michael-tucker-Zd_0XzZevtI-unsplash.webp?resize=525%2C300&ssl=1 1.5x, https:\/\/i0.wp.com\/kohenavocats.com\/wp-content\/uploads\/2024\/11\/michael-tucker-Zd_0XzZevtI-unsplash.webp?resize=700%2C400&ssl=1 2x, https:\/\/i0.wp.com\/kohenavocats.com\/wp-content\/uploads\/2024\/11\/michael-tucker-Zd_0XzZevtI-unsplash.webp?resize=1050%2C600&ssl=1 3x, https:\/\/i0.wp.com\/kohenavocats.com\/wp-content\/uploads\/2024\/11\/michael-tucker-Zd_0XzZevtI-unsplash.webp?resize=1400%2C800&ssl=1 4x"},"classes":[]},{"id":430815,"url":"https:\/\/kohenavocats.com\/ar\/cour-dappel-de-bordeaux-le-19-fevrier-2026-n25-01721\/","url_meta":{"origin":721873,"position":4},"title":"Cour d&#8217;appel de Bordeaux, le 19 f\u00e9vrier 2026, n\u00b025\/01721","author":"Kohen","date":"24 \u0645\u0627\u0631\u0633\u060c 2026","format":false,"excerpt":"Un bailleur commercial avait \u00e9t\u00e9 condamn\u00e9 \u00e0 r\u00e9aliser des travaux sous astreinte. Le juge de l'ex\u00e9cution du tribunal judiciaire de Bordeaux avait liquid\u00e9 une astreinte et en avait ordonn\u00e9 une nouvelle. Par arr\u00eat du 19 f\u00e9vrier 2026, la Cour d\u2019appel de Bordeaux r\u00e9forme en partie cette d\u00e9cision. Elle liquide une\u2026","rel":"","context":"\u0641\u064a &quot;Cour d'appel&quot;","block_context":{"text":"Cour d'appel","link":"https:\/\/kohenavocats.com\/category\/cour-dappel\/"},"img":{"alt_text":"","src":"https:\/\/i0.wp.com\/kohenavocats.com\/wp-content\/uploads\/2024\/08\/jan-zinnbauer-NeLDhX6pbxE-unsplash.webp?resize=350%2C200&ssl=1","width":350,"height":200,"srcset":"https:\/\/i0.wp.com\/kohenavocats.com\/wp-content\/uploads\/2024\/08\/jan-zinnbauer-NeLDhX6pbxE-unsplash.webp?resize=350%2C200&ssl=1 1x, https:\/\/i0.wp.com\/kohenavocats.com\/wp-content\/uploads\/2024\/08\/jan-zinnbauer-NeLDhX6pbxE-unsplash.webp?resize=525%2C300&ssl=1 1.5x, https:\/\/i0.wp.com\/kohenavocats.com\/wp-content\/uploads\/2024\/08\/jan-zinnbauer-NeLDhX6pbxE-unsplash.webp?resize=700%2C400&ssl=1 2x, https:\/\/i0.wp.com\/kohenavocats.com\/wp-content\/uploads\/2024\/08\/jan-zinnbauer-NeLDhX6pbxE-unsplash.webp?resize=1050%2C600&ssl=1 3x, https:\/\/i0.wp.com\/kohenavocats.com\/wp-content\/uploads\/2024\/08\/jan-zinnbauer-NeLDhX6pbxE-unsplash.webp?resize=1400%2C800&ssl=1 4x"},"classes":[]},{"id":721874,"url":"https:\/\/kohenavocats.com\/ar\/tribunal-judiciaire-de-beziers-le-6-fevrier-2026-n25-00800-2\/","url_meta":{"origin":721873,"position":5},"title":"Tribunal judiciaire de B\u00e9ziers, le 6 f\u00e9vrier 2026, n\u00b025\/00800","author":"Kohen","date":"28 \u0623\u0628\u0631\u064a\u0644\u060c 2026","format":false,"excerpt":"Le Tribunal judiciaire de B\u00e9ziers, par une ordonnance de r\u00e9f\u00e9r\u00e9 du 6 f\u00e9vrier 2026, a liquid\u00e9 une astreinte provisoire \u00e0 hauteur de 9 300 euros. Une...","rel":"","context":"\u0641\u064a &quot;D\u00e9cisions juridiques&quot;","block_context":{"text":"D\u00e9cisions juridiques","link":"https:\/\/kohenavocats.com\/category\/decisions-juridiques\/"},"img":{"alt_text":"","src":"https:\/\/i0.wp.com\/kohenavocats.com\/wp-content\/uploads\/2024\/11\/mohamed-nohassi-JRDWIrzOZpI-unsplash.webp?resize=350%2C200&ssl=1","width":350,"height":200,"srcset":"https:\/\/i0.wp.com\/kohenavocats.com\/wp-content\/uploads\/2024\/11\/mohamed-nohassi-JRDWIrzOZpI-unsplash.webp?resize=350%2C200&ssl=1 1x, https:\/\/i0.wp.com\/kohenavocats.com\/wp-content\/uploads\/2024\/11\/mohamed-nohassi-JRDWIrzOZpI-unsplash.webp?resize=525%2C300&ssl=1 1.5x, https:\/\/i0.wp.com\/kohenavocats.com\/wp-content\/uploads\/2024\/11\/mohamed-nohassi-JRDWIrzOZpI-unsplash.webp?resize=700%2C400&ssl=1 2x, https:\/\/i0.wp.com\/kohenavocats.com\/wp-content\/uploads\/2024\/11\/mohamed-nohassi-JRDWIrzOZpI-unsplash.webp?resize=1050%2C600&ssl=1 3x, https:\/\/i0.wp.com\/kohenavocats.com\/wp-content\/uploads\/2024\/11\/mohamed-nohassi-JRDWIrzOZpI-unsplash.webp?resize=1400%2C800&ssl=1 4x"},"classes":[]}],"jetpack_sharing_enabled":true,"_links":{"self":[{"href":"https:\/\/kohenavocats.com\/ar\/wp-json\/wp\/v2\/posts\/721873","targetHints":{"allow":["GET"]}}],"collection":[{"href":"https:\/\/kohenavocats.com\/ar\/wp-json\/wp\/v2\/posts"}],"about":[{"href":"https:\/\/kohenavocats.com\/ar\/wp-json\/wp\/v2\/types\/post"}],"author":[{"embeddable":true,"href":"https:\/\/kohenavocats.com\/ar\/wp-json\/wp\/v2\/users\/232070755"}],"replies":[{"embeddable":true,"href":"https:\/\/kohenavocats.com\/ar\/wp-json\/wp\/v2\/comments?post=721873"}],"version-history":[{"count":0,"href":"https:\/\/kohenavocats.com\/ar\/wp-json\/wp\/v2\/posts\/721873\/revisions"}],"wp:featuredmedia":[{"embeddable":true,"href":"https:\/\/kohenavocats.com\/ar\/wp-json\/wp\/v2\/media\/4680"}],"wp:attachment":[{"href":"https:\/\/kohenavocats.com\/ar\/wp-json\/wp\/v2\/media?parent=721873"}],"wp:term":[{"taxonomy":"category","embeddable":true,"href":"https:\/\/kohenavocats.com\/ar\/wp-json\/wp\/v2\/categories?post=721873"},{"taxonomy":"post_tag","embeddable":true,"href":"https:\/\/kohenavocats.com\/ar\/wp-json\/wp\/v2\/tags?post=721873"}],"curies":[{"name":"wp","href":"https:\/\/api.w.org\/{rel}","templated":true}]}}