{"id":627299,"date":"2026-04-20T21:49:18","date_gmt":"2026-04-20T19:49:18","guid":{"rendered":"https:\/\/kohenavocats.com\/tribunal-judiciaire-de-toulouse-le-16-octobre-2025-n25-01714\/"},"modified":"2026-04-20T21:49:18","modified_gmt":"2026-04-20T19:49:18","slug":"tribunal-judiciaire-de-toulouse-le-16-octobre-2025-n25-01714","status":"publish","type":"post","link":"https:\/\/kohenavocats.com\/en\/tribunal-judiciaire-de-toulouse-le-16-octobre-2025-n25-01714\/","title":{"rendered":"Tribunal judiciaire de Toulouse, le 16 octobre 2025, n\u00b025\/01714"},"content":{"rendered":"<div class=\"article-content\">\n<p>Le juge des contentieux de la protection, statuant en r\u00e9f\u00e9r\u00e9 par ordonnance du 16 octobre 2025, examine une demande de r\u00e9siliation de bail, d&#8217;expulsion et de condamnation \u00e0 indemnit\u00e9 d&#8217;occupation. Le bailleur invoque cette fois un d\u00e9faut de paiement, apr\u00e8s qu&#8217;un jugement ant\u00e9rieur du 8 juillet 2025, fond\u00e9 sur des troubles de voisinage, ait d\u00e9j\u00e0 rejet\u00e9 des demandes identiques. Le juge rel\u00e8ve d&#8217;office la fin de non-recevoir tir\u00e9e de l&#8217;autorit\u00e9 de la chose jug\u00e9e. Il d\u00e9clare irrecevables les demandes principales mais condamne le locataire au paiement provisionnel des loyers impay\u00e9s.<\/p>\n<p>L&#8217;autorit\u00e9 de la chose jug\u00e9e comme fin de non-recevoir<\/p>\n<p>Le juge oppose d&#8217;office l&#8217;autorit\u00e9 de la chose jug\u00e9e aux demandes r\u00e9p\u00e9t\u00e9es. L&#8217;article 125 du code de proc\u00e9dure civile lui permet de relever cette fin de non-recevoir sans que les parties ne l&#8217;invoquent. Cette facult\u00e9 assure l&#8217;efficacit\u00e9 de la justice en \u00e9vitant les demandes abusives. Elle prot\u00e8ge \u00e9galement la s\u00e9curit\u00e9 juridique en garantissant la stabilit\u00e9 des d\u00e9cisions rendues.<\/p>\n<p>Les conditions de l&#8217;autorit\u00e9 de la chose jug\u00e9e sont strictement remplies en l&#8217;esp\u00e8ce. Le juge constate que le jugement ant\u00e9rieur et la pr\u00e9sente instance concernent les m\u00eames parties agissant en la m\u00eame qualit\u00e9. Il note aussi que l&#8217;objet des demandes est identique, visant la r\u00e9siliation du bail, l&#8217;expulsion et une indemnit\u00e9 d&#8217;occupation. &#8220;Si le fondement juridique \u00e9voqu\u00e9 pour la r\u00e9siliation est distinct, [&#8230;] il revenait [au demandeur] de concentrer ses moyens et de les \u00e9voquer tous lors de la premi\u00e8re instance&#8221; (Motifs, I). Cette application rigoureuse consacre le principe de concentration des moyens, essentiel pour la bonne administration de la justice.<\/p>\n<p>L&#8217;absence de circonstances nouvelles justifiant une nouvelle demande<\/p>\n<p>Le demandeur ne peut se pr\u00e9valoir d&#8217;\u00e9v\u00e9nements post\u00e9rieurs modifiant la situation. La jurisprudence admet que l&#8217;autorit\u00e9 de chose jug\u00e9e peut \u00eatre \u00e9cart\u00e9e en cas de tels \u00e9v\u00e9nements. En l&#8217;esp\u00e8ce, le juge \u00e9carte cette possibilit\u00e9 car les impay\u00e9s invoqu\u00e9s sont ant\u00e9rieurs \u00e0 la premi\u00e8re instance. Il applique ainsi une solution jurisprudentielle constante sur la d\u00e9finition des circonstances nouvelles.<\/p>\n<p>Le d\u00e9faut d&#8217;ex\u00e9cution de la premi\u00e8re d\u00e9cision ne constitue pas non plus un fait nouveau. Le juge rappelle que &#8220;le refus d\u2019ex\u00e9cuter un jugement irr\u00e9vocable [&#8230;] ne constituent pas des circonstances nouvelles permettant d\u2019\u00e9carter l\u2019autorit\u00e9 de chose jug\u00e9e&#8221; (Motifs, I). Cette solution pr\u00e9vient toute strat\u00e9gie de contournement de l&#8217;autorit\u00e9 de la chose jug\u00e9e par la simple inaction. Elle renforce l&#8217;obligation pour les parties d&#8217;ex\u00e9cuter les d\u00e9cisions de justice et de soulever tous leurs moyens en temps utile.<\/p>\n<p>La dissociation entre la demande principale et la cr\u00e9ance locative<\/p>\n<p>Le juge op\u00e8re une distinction nette entre la demande en r\u00e9siliation et la cr\u00e9ance de loyer. L&#8217;autorit\u00e9 de la chose jug\u00e9e ne s&#8217;\u00e9tend pas \u00e0 la demande en paiement des loyers arri\u00e9r\u00e9s. Cette cr\u00e9ance, de nature contractuelle et p\u00e9cuniaire, forme une demande distincte qui peut \u00eatre jug\u00e9e s\u00e9par\u00e9ment. Le juge v\u00e9rifie ainsi d&#8217;office les \u00e9l\u00e9ments constitutifs de la dette locative conform\u00e9ment \u00e0 la loi.<\/p>\n<p>La condamnation \u00e0 titre provisionnel au paiement des sommes dues est prononc\u00e9e. Le juge fonde sa d\u00e9cision sur le d\u00e9compte produit et l&#8217;absence de contestation s\u00e9rieuse du d\u00e9biteur. Cette solution assure une protection efficace du cr\u00e9ancier dans le cadre de la proc\u00e9dure de r\u00e9f\u00e9r\u00e9. Elle illustre la fonction du juge des r\u00e9f\u00e9r\u00e9s qui peut ordonner des mesures provisoires pour pr\u00e9server les droits d&#8217;une partie.<\/p>\n<p>La port\u00e9e pratique de la d\u00e9cision<\/p>\n<p>Cette ordonnance rappelle l&#8217;importance du principe de concentration des moyens devant le juge. Elle sanctionne la strat\u00e9gie consistant \u00e0 diviser ses demandes en fondant successivement une action sur des moyens diff\u00e9rents. La solution prot\u00e8ge ainsi le d\u00e9fendeur contre le harc\u00e8lement processuel et contribue \u00e0 la c\u00e9l\u00e9rit\u00e9 de la justice. Elle clarifie \u00e9galement la notion de circonstance nouvelle au sens de l&#8217;autorit\u00e9 de la chose jug\u00e9e.<\/p>\n<p>La d\u00e9cision affirme enfin l&#8217;autonomie de la demande en paiement des loyers. M\u00eame lorsque la demande en r\u00e9siliation est irrecevable, le bailleur peut obtenir le paiement des sommes dues. Cette dissociation est essentielle pour la s\u00e9curit\u00e9 des relations locatives. Elle permet au bailleur de recouvrer sa cr\u00e9ance tout en respectant l&#8217;autorit\u00e9 de la chose jug\u00e9e attach\u00e9e \u00e0 la demande en r\u00e9solution du contrat.<\/p>\n<\/div>\n","protected":false},"excerpt":{"rendered":"<p>Le juge des contentieux de la protection, statuant en r\u00e9f\u00e9r\u00e9 par ordonnance du 16 octobre 2025, examine une demande de r\u00e9siliation de bail, d&#8217;expulsion et de&#8230;<\/p>\n","protected":false},"author":232070755,"featured_media":4678,"comment_status":"open","ping_status":"open","sticky":false,"template":"","format":"standard","meta":{"_crdt_document":"","_jetpack_newsletter_access":"","_jetpack_dont_email_post_to_subs":false,"_jetpack_newsletter_tier_id":0,"_jetpack_memberships_contains_paywalled_content":false,"_kj_source_type":"","_kj_official_id":"","_kj_official_url":"","_kj_judilibre_id":"","_kj_jur":"","_kj_lieu":"","_kj_chambre":"","_kj_rg":"","_kj_date":"","_jetpack_memberships_contains_paid_content":false,"footnotes":"","jetpack_post_was_ever_published":false},"categories":[7597],"tags":[],"class_list":["post-627299","post","type-post","status-publish","format-standard","has-post-thumbnail","hentry","category-jurisprudence"],"yoast_head":"<!-- This site is optimized with the Yoast SEO Premium plugin v27.4 (Yoast SEO v27.4) - https:\/\/yoast.com\/product\/yoast-seo-premium-wordpress\/ -->\n<title>Tribunal judiciaire de Toulouse, le 16 octobre 2025, n\u00b025\/01714 - Ma\u00eetre Hassan Kohen, avocat en droit p\u00e9nal \u00e0 Paris<\/title>\n<meta name=\"description\" content=\"Le juge des contentieux de la protection, statuant en r\u00e9f\u00e9r\u00e9 par ordonnance du 16 octobre 2025, examine une demande de r\u00e9siliation de bail, d&#039;expulsion et de...\" \/>\n<meta name=\"robots\" content=\"index, follow, max-snippet:-1, max-image-preview:large, max-video-preview:-1\" \/>\n<link rel=\"canonical\" href=\"https:\/\/kohenavocats.com\/en\/tribunal-judiciaire-de-toulouse-le-16-octobre-2025-n25-01714\/\" \/>\n<meta property=\"og:locale\" content=\"en_US\" \/>\n<meta property=\"og:type\" content=\"article\" \/>\n<meta property=\"og:title\" content=\"Tribunal judiciaire de Toulouse, le 16 octobre 2025, n\u00b025\/01714\" \/>\n<meta property=\"og:description\" content=\"Le juge des contentieux de la protection, statuant en r\u00e9f\u00e9r\u00e9 par ordonnance du 16 octobre 2025, examine une demande de r\u00e9siliation de bail, d&#039;expulsion et de...\" \/>\n<meta property=\"og:url\" content=\"https:\/\/kohenavocats.com\/en\/tribunal-judiciaire-de-toulouse-le-16-octobre-2025-n25-01714\/\" \/>\n<meta property=\"og:site_name\" content=\"Ma\u00eetre Hassan Kohen, avocat en droit p\u00e9nal \u00e0 Paris\" \/>\n<meta property=\"article:published_time\" content=\"2026-04-20T19:49:18+00:00\" \/>\n<meta property=\"og:image\" content=\"https:\/\/kohenavocats.com\/wp-content\/uploads\/2024\/08\/mana5280-BxTlFRk-FPg-unsplash.webp\" \/>\n\t<meta property=\"og:image:width\" content=\"7339\" \/>\n\t<meta property=\"og:image:height\" content=\"3922\" \/>\n\t<meta property=\"og:image:type\" content=\"image\/webp\" \/>\n<meta name=\"author\" content=\"Kohen\" \/>\n<meta name=\"twitter:card\" content=\"summary_large_image\" \/>\n<meta name=\"twitter:label1\" content=\"Written by\" \/>\n\t<meta name=\"twitter:data1\" content=\"Kohen\" \/>\n\t<meta name=\"twitter:label2\" content=\"Est. reading time\" \/>\n\t<meta name=\"twitter:data2\" content=\"4 minutes\" \/>\n<script type=\"application\/ld+json\" class=\"yoast-schema-graph\">{\"@context\":\"https:\\\/\\\/schema.org\",\"@graph\":[{\"@type\":\"Article\",\"@id\":\"https:\\\/\\\/kohenavocats.com\\\/en\\\/tribunal-judiciaire-de-toulouse-le-16-octobre-2025-n25-01714\\\/#article\",\"isPartOf\":{\"@id\":\"https:\\\/\\\/kohenavocats.com\\\/en\\\/tribunal-judiciaire-de-toulouse-le-16-octobre-2025-n25-01714\\\/\"},\"author\":{\"name\":\"Kohen\",\"@id\":\"https:\\\/\\\/kohenavocats.com\\\/en\\\/#\\\/schema\\\/person\\\/761c9ba54fa1ca84d405cef0831ff751\"},\"headline\":\"Tribunal judiciaire de Toulouse, le 16 octobre 2025, n\u00b025\\\/01714\",\"datePublished\":\"2026-04-20T19:49:18+00:00\",\"mainEntityOfPage\":{\"@id\":\"https:\\\/\\\/kohenavocats.com\\\/en\\\/tribunal-judiciaire-de-toulouse-le-16-octobre-2025-n25-01714\\\/\"},\"wordCount\":800,\"commentCount\":0,\"publisher\":{\"@id\":\"https:\\\/\\\/kohenavocats.com\\\/en\\\/#organization\"},\"image\":{\"@id\":\"https:\\\/\\\/kohenavocats.com\\\/en\\\/tribunal-judiciaire-de-toulouse-le-16-octobre-2025-n25-01714\\\/#primaryimage\"},\"thumbnailUrl\":\"https:\\\/\\\/kohenavocats.com\\\/wp-content\\\/uploads\\\/2024\\\/08\\\/mana5280-BxTlFRk-FPg-unsplash.webp\",\"articleSection\":[\"Jurisprudence\"],\"inLanguage\":\"en-US\",\"potentialAction\":[{\"@type\":\"CommentAction\",\"name\":\"Comment\",\"target\":[\"https:\\\/\\\/kohenavocats.com\\\/en\\\/tribunal-judiciaire-de-toulouse-le-16-octobre-2025-n25-01714\\\/#respond\"]}],\"citation\":\"Tribunal judiciaire de Toulouse, le 16 octobre 2025, n\u00b025\\\/01714\",\"about\":[{\"@type\":\"Thing\",\"name\":\"Jurisprudence\"}],\"dateModified\":\"2026-04-20T19:49:18+00:00\",\"speakable\":{\"@type\":\"SpeakableSpecification\",\"cssSelector\":[\".article-content > p:first-of-type\"]}},{\"@type\":\"WebPage\",\"@id\":\"https:\\\/\\\/kohenavocats.com\\\/en\\\/tribunal-judiciaire-de-toulouse-le-16-octobre-2025-n25-01714\\\/\",\"url\":\"https:\\\/\\\/kohenavocats.com\\\/en\\\/tribunal-judiciaire-de-toulouse-le-16-octobre-2025-n25-01714\\\/\",\"name\":\"Tribunal judiciaire de Toulouse, le 16 octobre 2025, n\u00b025\\\/01714 - Ma\u00eetre Hassan Kohen, avocat en droit p\u00e9nal \u00e0 Paris\",\"isPartOf\":{\"@id\":\"https:\\\/\\\/kohenavocats.com\\\/en\\\/#website\"},\"primaryImageOfPage\":{\"@id\":\"https:\\\/\\\/kohenavocats.com\\\/en\\\/tribunal-judiciaire-de-toulouse-le-16-octobre-2025-n25-01714\\\/#primaryimage\"},\"image\":{\"@id\":\"https:\\\/\\\/kohenavocats.com\\\/en\\\/tribunal-judiciaire-de-toulouse-le-16-octobre-2025-n25-01714\\\/#primaryimage\"},\"thumbnailUrl\":\"https:\\\/\\\/kohenavocats.com\\\/wp-content\\\/uploads\\\/2024\\\/08\\\/mana5280-BxTlFRk-FPg-unsplash.webp\",\"datePublished\":\"2026-04-20T19:49:18+00:00\",\"description\":\"Le juge des contentieux de la protection, statuant en r\u00e9f\u00e9r\u00e9 par ordonnance du 16 octobre 2025, examine une demande de r\u00e9siliation de bail, d'expulsion et de...\",\"breadcrumb\":{\"@id\":\"https:\\\/\\\/kohenavocats.com\\\/en\\\/tribunal-judiciaire-de-toulouse-le-16-octobre-2025-n25-01714\\\/#breadcrumb\"},\"inLanguage\":\"en-US\",\"potentialAction\":[{\"@type\":\"ReadAction\",\"target\":[\"https:\\\/\\\/kohenavocats.com\\\/en\\\/tribunal-judiciaire-de-toulouse-le-16-octobre-2025-n25-01714\\\/\"]}]},{\"@type\":\"ImageObject\",\"inLanguage\":\"en-US\",\"@id\":\"https:\\\/\\\/kohenavocats.com\\\/en\\\/tribunal-judiciaire-de-toulouse-le-16-octobre-2025-n25-01714\\\/#primaryimage\",\"url\":\"https:\\\/\\\/kohenavocats.com\\\/wp-content\\\/uploads\\\/2024\\\/08\\\/mana5280-BxTlFRk-FPg-unsplash.webp\",\"contentUrl\":\"https:\\\/\\\/kohenavocats.com\\\/wp-content\\\/uploads\\\/2024\\\/08\\\/mana5280-BxTlFRk-FPg-unsplash.webp\",\"width\":7339,\"height\":3922},{\"@type\":\"BreadcrumbList\",\"@id\":\"https:\\\/\\\/kohenavocats.com\\\/en\\\/tribunal-judiciaire-de-toulouse-le-16-octobre-2025-n25-01714\\\/#breadcrumb\",\"itemListElement\":[{\"@type\":\"ListItem\",\"position\":1,\"name\":\"Home\",\"item\":\"https:\\\/\\\/kohenavocats.com\\\/en\\\/criminal-law-attorneys-in-paris-counsel-and-strategic-defense\\\/\"},{\"@type\":\"ListItem\",\"position\":2,\"name\":\"Tribunal judiciaire de Toulouse, le 16 octobre 2025, n\u00b025\\\/01714\"}]},{\"@type\":\"WebSite\",\"@id\":\"https:\\\/\\\/kohenavocats.com\\\/en\\\/#website\",\"url\":\"https:\\\/\\\/kohenavocats.com\\\/en\\\/\",\"name\":\"Kohen Avocats\",\"description\":\"Ma\u00eetre Hassan Kohen, avocat p\u00e9naliste \u00e0 Paris, intervient exclusivement en droit p\u00e9nal pour la d\u00e9fense des particuliers, notamment en mati\u00e8re d\u2019accusations de viol. Il assure un accompagnement rigoureux d\u00e8s la garde \u00e0 vue jusqu\u2019\u00e0 la Cour d\u2019assises, veillant au strict respect des garanties proc\u00e9durales.\",\"publisher\":{\"@id\":\"https:\\\/\\\/kohenavocats.com\\\/en\\\/#organization\"},\"potentialAction\":[{\"@type\":\"SearchAction\",\"target\":{\"@type\":\"EntryPoint\",\"urlTemplate\":\"https:\\\/\\\/kohenavocats.com\\\/en\\\/?s={search_term_string}\"},\"query-input\":{\"@type\":\"PropertyValueSpecification\",\"valueRequired\":true,\"valueName\":\"search_term_string\"}}],\"inLanguage\":\"en-US\"},{\"@type\":\"Organization\",\"@id\":\"https:\\\/\\\/kohenavocats.com\\\/en\\\/#organization\",\"name\":\"Kohen Avocats\",\"url\":\"https:\\\/\\\/kohenavocats.com\\\/en\\\/\",\"logo\":{\"@type\":\"ImageObject\",\"inLanguage\":\"en-US\",\"@id\":\"https:\\\/\\\/kohenavocats.com\\\/en\\\/#\\\/schema\\\/logo\\\/image\\\/\",\"url\":\"https:\\\/\\\/kohenavocats.com\\\/wp-content\\\/uploads\\\/2026\\\/01\\\/Logo-2-1.webp\",\"contentUrl\":\"https:\\\/\\\/kohenavocats.com\\\/wp-content\\\/uploads\\\/2026\\\/01\\\/Logo-2-1.webp\",\"width\":2114,\"height\":1253,\"caption\":\"Kohen Avocats\"},\"image\":{\"@id\":\"https:\\\/\\\/kohenavocats.com\\\/en\\\/#\\\/schema\\\/logo\\\/image\\\/\"}},{\"@type\":\"Person\",\"@id\":\"https:\\\/\\\/kohenavocats.com\\\/en\\\/#\\\/schema\\\/person\\\/761c9ba54fa1ca84d405cef0831ff751\",\"name\":\"Kohen\",\"image\":{\"@type\":\"ImageObject\",\"inLanguage\":\"en-US\",\"@id\":\"https:\\\/\\\/secure.gravatar.com\\\/avatar\\\/1c5e76ef76bbbfdd2b4da984e2bf2fa4056fd51a27d25ce2c332047f1dfd6e00?s=96&d=identicon&r=g\",\"url\":\"https:\\\/\\\/secure.gravatar.com\\\/avatar\\\/1c5e76ef76bbbfdd2b4da984e2bf2fa4056fd51a27d25ce2c332047f1dfd6e00?s=96&d=identicon&r=g\",\"contentUrl\":\"https:\\\/\\\/secure.gravatar.com\\\/avatar\\\/1c5e76ef76bbbfdd2b4da984e2bf2fa4056fd51a27d25ce2c332047f1dfd6e00?s=96&d=identicon&r=g\",\"caption\":\"Kohen\"},\"sameAs\":[\"https:\\\/\\\/www.linkedin.com\\\/in\\\/hassan-kohen-448548192\\\/\",\"https:\\\/\\\/www.youtube.com\\\/@Kohen-Avocats\"],\"url\":\"https:\\\/\\\/kohenavocats.com\\\/en\\\/author\\\/kohenmlk\\\/\"}]}<\/script>\n<!-- \/ Yoast SEO Premium plugin. -->","yoast_head_json":{"title":"Tribunal judiciaire de Toulouse, le 16 octobre 2025, n\u00b025\/01714 - Ma\u00eetre Hassan Kohen, avocat en droit p\u00e9nal \u00e0 Paris","description":"Le juge des contentieux de la protection, statuant en r\u00e9f\u00e9r\u00e9 par ordonnance du 16 octobre 2025, examine une demande de r\u00e9siliation de bail, d'expulsion et de...","robots":{"index":"index","follow":"follow","max-snippet":"max-snippet:-1","max-image-preview":"max-image-preview:large","max-video-preview":"max-video-preview:-1"},"canonical":"https:\/\/kohenavocats.com\/en\/tribunal-judiciaire-de-toulouse-le-16-octobre-2025-n25-01714\/","og_locale":"en_US","og_type":"article","og_title":"Tribunal judiciaire de Toulouse, le 16 octobre 2025, n\u00b025\/01714","og_description":"Le juge des contentieux de la protection, statuant en r\u00e9f\u00e9r\u00e9 par ordonnance du 16 octobre 2025, examine une demande de r\u00e9siliation de bail, d'expulsion et de...","og_url":"https:\/\/kohenavocats.com\/en\/tribunal-judiciaire-de-toulouse-le-16-octobre-2025-n25-01714\/","og_site_name":"Ma\u00eetre Hassan Kohen, avocat en droit p\u00e9nal \u00e0 Paris","article_published_time":"2026-04-20T19:49:18+00:00","og_image":[{"width":7339,"height":3922,"url":"https:\/\/kohenavocats.com\/wp-content\/uploads\/2024\/08\/mana5280-BxTlFRk-FPg-unsplash.webp","type":"image\/webp"}],"author":"Kohen","twitter_card":"summary_large_image","twitter_misc":{"Written by":"Kohen","Est. reading time":"4 minutes"},"schema":{"@context":"https:\/\/schema.org","@graph":[{"@type":"Article","@id":"https:\/\/kohenavocats.com\/en\/tribunal-judiciaire-de-toulouse-le-16-octobre-2025-n25-01714\/#article","isPartOf":{"@id":"https:\/\/kohenavocats.com\/en\/tribunal-judiciaire-de-toulouse-le-16-octobre-2025-n25-01714\/"},"author":{"name":"Kohen","@id":"https:\/\/kohenavocats.com\/en\/#\/schema\/person\/761c9ba54fa1ca84d405cef0831ff751"},"headline":"Tribunal judiciaire de Toulouse, le 16 octobre 2025, n\u00b025\/01714","datePublished":"2026-04-20T19:49:18+00:00","mainEntityOfPage":{"@id":"https:\/\/kohenavocats.com\/en\/tribunal-judiciaire-de-toulouse-le-16-octobre-2025-n25-01714\/"},"wordCount":800,"commentCount":0,"publisher":{"@id":"https:\/\/kohenavocats.com\/en\/#organization"},"image":{"@id":"https:\/\/kohenavocats.com\/en\/tribunal-judiciaire-de-toulouse-le-16-octobre-2025-n25-01714\/#primaryimage"},"thumbnailUrl":"https:\/\/kohenavocats.com\/wp-content\/uploads\/2024\/08\/mana5280-BxTlFRk-FPg-unsplash.webp","articleSection":["Jurisprudence"],"inLanguage":"en-US","potentialAction":[{"@type":"CommentAction","name":"Comment","target":["https:\/\/kohenavocats.com\/en\/tribunal-judiciaire-de-toulouse-le-16-octobre-2025-n25-01714\/#respond"]}],"citation":"Tribunal judiciaire de Toulouse, le 16 octobre 2025, n\u00b025\/01714","about":[{"@type":"Thing","name":"Jurisprudence"}],"dateModified":"2026-04-20T19:49:18+00:00","speakable":{"@type":"SpeakableSpecification","cssSelector":[".article-content > p:first-of-type"]}},{"@type":"WebPage","@id":"https:\/\/kohenavocats.com\/en\/tribunal-judiciaire-de-toulouse-le-16-octobre-2025-n25-01714\/","url":"https:\/\/kohenavocats.com\/en\/tribunal-judiciaire-de-toulouse-le-16-octobre-2025-n25-01714\/","name":"Tribunal judiciaire de Toulouse, le 16 octobre 2025, n\u00b025\/01714 - Ma\u00eetre Hassan Kohen, avocat en droit p\u00e9nal \u00e0 Paris","isPartOf":{"@id":"https:\/\/kohenavocats.com\/en\/#website"},"primaryImageOfPage":{"@id":"https:\/\/kohenavocats.com\/en\/tribunal-judiciaire-de-toulouse-le-16-octobre-2025-n25-01714\/#primaryimage"},"image":{"@id":"https:\/\/kohenavocats.com\/en\/tribunal-judiciaire-de-toulouse-le-16-octobre-2025-n25-01714\/#primaryimage"},"thumbnailUrl":"https:\/\/kohenavocats.com\/wp-content\/uploads\/2024\/08\/mana5280-BxTlFRk-FPg-unsplash.webp","datePublished":"2026-04-20T19:49:18+00:00","description":"Le juge des contentieux de la protection, statuant en r\u00e9f\u00e9r\u00e9 par ordonnance du 16 octobre 2025, examine une demande de r\u00e9siliation de bail, d'expulsion et de...","breadcrumb":{"@id":"https:\/\/kohenavocats.com\/en\/tribunal-judiciaire-de-toulouse-le-16-octobre-2025-n25-01714\/#breadcrumb"},"inLanguage":"en-US","potentialAction":[{"@type":"ReadAction","target":["https:\/\/kohenavocats.com\/en\/tribunal-judiciaire-de-toulouse-le-16-octobre-2025-n25-01714\/"]}]},{"@type":"ImageObject","inLanguage":"en-US","@id":"https:\/\/kohenavocats.com\/en\/tribunal-judiciaire-de-toulouse-le-16-octobre-2025-n25-01714\/#primaryimage","url":"https:\/\/kohenavocats.com\/wp-content\/uploads\/2024\/08\/mana5280-BxTlFRk-FPg-unsplash.webp","contentUrl":"https:\/\/kohenavocats.com\/wp-content\/uploads\/2024\/08\/mana5280-BxTlFRk-FPg-unsplash.webp","width":7339,"height":3922},{"@type":"BreadcrumbList","@id":"https:\/\/kohenavocats.com\/en\/tribunal-judiciaire-de-toulouse-le-16-octobre-2025-n25-01714\/#breadcrumb","itemListElement":[{"@type":"ListItem","position":1,"name":"Home","item":"https:\/\/kohenavocats.com\/en\/criminal-law-attorneys-in-paris-counsel-and-strategic-defense\/"},{"@type":"ListItem","position":2,"name":"Tribunal judiciaire de Toulouse, le 16 octobre 2025, n\u00b025\/01714"}]},{"@type":"WebSite","@id":"https:\/\/kohenavocats.com\/en\/#website","url":"https:\/\/kohenavocats.com\/en\/","name":"Kohen Avocats","description":"Ma\u00eetre Hassan Kohen, avocat p\u00e9naliste \u00e0 Paris, intervient exclusivement en droit p\u00e9nal pour la d\u00e9fense des particuliers, notamment en mati\u00e8re d\u2019accusations de viol. Il assure un accompagnement rigoureux d\u00e8s la garde \u00e0 vue jusqu\u2019\u00e0 la Cour d\u2019assises, veillant au strict respect des garanties proc\u00e9durales.","publisher":{"@id":"https:\/\/kohenavocats.com\/en\/#organization"},"potentialAction":[{"@type":"SearchAction","target":{"@type":"EntryPoint","urlTemplate":"https:\/\/kohenavocats.com\/en\/?s={search_term_string}"},"query-input":{"@type":"PropertyValueSpecification","valueRequired":true,"valueName":"search_term_string"}}],"inLanguage":"en-US"},{"@type":"Organization","@id":"https:\/\/kohenavocats.com\/en\/#organization","name":"Kohen Avocats","url":"https:\/\/kohenavocats.com\/en\/","logo":{"@type":"ImageObject","inLanguage":"en-US","@id":"https:\/\/kohenavocats.com\/en\/#\/schema\/logo\/image\/","url":"https:\/\/kohenavocats.com\/wp-content\/uploads\/2026\/01\/Logo-2-1.webp","contentUrl":"https:\/\/kohenavocats.com\/wp-content\/uploads\/2026\/01\/Logo-2-1.webp","width":2114,"height":1253,"caption":"Kohen Avocats"},"image":{"@id":"https:\/\/kohenavocats.com\/en\/#\/schema\/logo\/image\/"}},{"@type":"Person","@id":"https:\/\/kohenavocats.com\/en\/#\/schema\/person\/761c9ba54fa1ca84d405cef0831ff751","name":"Kohen","image":{"@type":"ImageObject","inLanguage":"en-US","@id":"https:\/\/secure.gravatar.com\/avatar\/1c5e76ef76bbbfdd2b4da984e2bf2fa4056fd51a27d25ce2c332047f1dfd6e00?s=96&d=identicon&r=g","url":"https:\/\/secure.gravatar.com\/avatar\/1c5e76ef76bbbfdd2b4da984e2bf2fa4056fd51a27d25ce2c332047f1dfd6e00?s=96&d=identicon&r=g","contentUrl":"https:\/\/secure.gravatar.com\/avatar\/1c5e76ef76bbbfdd2b4da984e2bf2fa4056fd51a27d25ce2c332047f1dfd6e00?s=96&d=identicon&r=g","caption":"Kohen"},"sameAs":["https:\/\/www.linkedin.com\/in\/hassan-kohen-448548192\/","https:\/\/www.youtube.com\/@Kohen-Avocats"],"url":"https:\/\/kohenavocats.com\/en\/author\/kohenmlk\/"}]}},"jetpack_featured_media_url":"https:\/\/kohenavocats.com\/wp-content\/uploads\/2024\/08\/mana5280-BxTlFRk-FPg-unsplash.webp","jetpack_likes_enabled":false,"jetpack_shortlink":"https:\/\/wp.me\/peCrII-2DbJ","jetpack-related-posts":[{"id":637672,"url":"https:\/\/kohenavocats.com\/en\/tribunal-judiciaire-de-nimes-le-9-octobre-2025-n22-01650\/","url_meta":{"origin":627299,"position":0},"title":"Tribunal judiciaire de N\u00eemes, le 9 octobre 2025, n\u00b022\/01650","author":"Kohen","date":"21 April 2026","format":false,"excerpt":"Le tribunal judiciaire de N\u00eemes, le 9 octobre 2025, statue sur une fin de non-recevoir. Une soci\u00e9t\u00e9 avait form\u00e9 un recours contre une d\u00e9cision de l'URSSAF co...","rel":"","context":"In &quot;Jurisprudence&quot;","block_context":{"text":"Jurisprudence","link":"https:\/\/kohenavocats.com\/category\/jurisprudence\/"},"img":{"alt_text":"","src":"https:\/\/i0.wp.com\/kohenavocats.com\/wp-content\/uploads\/2024\/08\/viktor-hesse-qPwYg5s1Fs-unsplash.webp?resize=350%2C200&ssl=1","width":350,"height":200,"srcset":"https:\/\/i0.wp.com\/kohenavocats.com\/wp-content\/uploads\/2024\/08\/viktor-hesse-qPwYg5s1Fs-unsplash.webp?resize=350%2C200&ssl=1 1x, https:\/\/i0.wp.com\/kohenavocats.com\/wp-content\/uploads\/2024\/08\/viktor-hesse-qPwYg5s1Fs-unsplash.webp?resize=525%2C300&ssl=1 1.5x, https:\/\/i0.wp.com\/kohenavocats.com\/wp-content\/uploads\/2024\/08\/viktor-hesse-qPwYg5s1Fs-unsplash.webp?resize=700%2C400&ssl=1 2x, https:\/\/i0.wp.com\/kohenavocats.com\/wp-content\/uploads\/2024\/08\/viktor-hesse-qPwYg5s1Fs-unsplash.webp?resize=1050%2C600&ssl=1 3x, https:\/\/i0.wp.com\/kohenavocats.com\/wp-content\/uploads\/2024\/08\/viktor-hesse-qPwYg5s1Fs-unsplash.webp?resize=1400%2C800&ssl=1 4x"},"classes":[]},{"id":481437,"url":"https:\/\/kohenavocats.com\/en\/tribunal-judiciaire-de-nanterre-le-14-novembre-2025-n21-03484\/","url_meta":{"origin":627299,"position":1},"title":"Tribunal judiciaire de Nanterre, le 14 novembre 2025, n\u00b021\/03484","author":"Kohen","date":"7 April 2026","format":false,"excerpt":"La ma\u00eetrise proc\u00e9durale des fins de non-recevoir","rel":"","context":"In &quot;Jurisprudence&quot;","block_context":{"text":"Jurisprudence","link":"https:\/\/kohenavocats.com\/category\/jurisprudence\/"},"img":{"alt_text":"","src":"https:\/\/i0.wp.com\/kohenavocats.com\/wp-content\/uploads\/2024\/11\/shubham-dhage-ICCn56-jyuw-unsplash.webp?resize=350%2C200&ssl=1","width":350,"height":200,"srcset":"https:\/\/i0.wp.com\/kohenavocats.com\/wp-content\/uploads\/2024\/11\/shubham-dhage-ICCn56-jyuw-unsplash.webp?resize=350%2C200&ssl=1 1x, https:\/\/i0.wp.com\/kohenavocats.com\/wp-content\/uploads\/2024\/11\/shubham-dhage-ICCn56-jyuw-unsplash.webp?resize=525%2C300&ssl=1 1.5x, https:\/\/i0.wp.com\/kohenavocats.com\/wp-content\/uploads\/2024\/11\/shubham-dhage-ICCn56-jyuw-unsplash.webp?resize=700%2C400&ssl=1 2x, https:\/\/i0.wp.com\/kohenavocats.com\/wp-content\/uploads\/2024\/11\/shubham-dhage-ICCn56-jyuw-unsplash.webp?resize=1050%2C600&ssl=1 3x, https:\/\/i0.wp.com\/kohenavocats.com\/wp-content\/uploads\/2024\/11\/shubham-dhage-ICCn56-jyuw-unsplash.webp?resize=1400%2C800&ssl=1 4x"},"classes":[]},{"id":479014,"url":"https:\/\/kohenavocats.com\/en\/cour-dappel-de-montpellier-le-6-fevrier-2025-n25-00479\/","url_meta":{"origin":627299,"position":2},"title":"Cour d&#8217;appel de Montpellier, le 6 f\u00e9vrier 2025, n\u00b025\/00479","author":"Kohen","date":"7 April 2026","format":false,"excerpt":"La Cour d'appel de Montpellier, le 6 f\u00e9vrier 2025, statue sur un litige n\u00e9 de la rupture d'une collaboration lib\u00e9rale entre avocats. Apr\u00e8s une premi\u00e8re proc\u00e9...","rel":"","context":"In &quot;Jurisprudence&quot;","block_context":{"text":"Jurisprudence","link":"https:\/\/kohenavocats.com\/category\/jurisprudence\/"},"img":{"alt_text":"","src":"https:\/\/i0.wp.com\/kohenavocats.com\/wp-content\/uploads\/2024\/07\/wesley-tingey-KJgkqQcdynQ-unsplash.webp?resize=350%2C200&ssl=1","width":350,"height":200,"srcset":"https:\/\/i0.wp.com\/kohenavocats.com\/wp-content\/uploads\/2024\/07\/wesley-tingey-KJgkqQcdynQ-unsplash.webp?resize=350%2C200&ssl=1 1x, https:\/\/i0.wp.com\/kohenavocats.com\/wp-content\/uploads\/2024\/07\/wesley-tingey-KJgkqQcdynQ-unsplash.webp?resize=525%2C300&ssl=1 1.5x, https:\/\/i0.wp.com\/kohenavocats.com\/wp-content\/uploads\/2024\/07\/wesley-tingey-KJgkqQcdynQ-unsplash.webp?resize=700%2C400&ssl=1 2x, https:\/\/i0.wp.com\/kohenavocats.com\/wp-content\/uploads\/2024\/07\/wesley-tingey-KJgkqQcdynQ-unsplash.webp?resize=1050%2C600&ssl=1 3x, https:\/\/i0.wp.com\/kohenavocats.com\/wp-content\/uploads\/2024\/07\/wesley-tingey-KJgkqQcdynQ-unsplash.webp?resize=1400%2C800&ssl=1 4x"},"classes":[]},{"id":624736,"url":"https:\/\/kohenavocats.com\/en\/tribunal-judiciaire-de-paris-le-16-octobre-2025-n25-50309\/","url_meta":{"origin":627299,"position":3},"title":"Tribunal judiciaire de Paris, le 16 octobre 2025, n\u00b025\/50309","author":"Kohen","date":"20 April 2026","format":false,"excerpt":"Le Tribunal judiciaire de Paris, statuant en r\u00e9f\u00e9r\u00e9 le 16 octobre 2025, se prononce sur une demande de d\u00e9lais de paiement formul\u00e9e par un h\u00e9ritier condamn\u00e9 \u00e0...","rel":"","context":"In &quot;Jurisprudence&quot;","block_context":{"text":"Jurisprudence","link":"https:\/\/kohenavocats.com\/category\/jurisprudence\/"},"img":{"alt_text":"","src":"https:\/\/i0.wp.com\/kohenavocats.com\/wp-content\/uploads\/2024\/08\/pierre-antona-ir9dYEOvx5s-unsplash.webp?resize=350%2C200&ssl=1","width":350,"height":200,"srcset":"https:\/\/i0.wp.com\/kohenavocats.com\/wp-content\/uploads\/2024\/08\/pierre-antona-ir9dYEOvx5s-unsplash.webp?resize=350%2C200&ssl=1 1x, https:\/\/i0.wp.com\/kohenavocats.com\/wp-content\/uploads\/2024\/08\/pierre-antona-ir9dYEOvx5s-unsplash.webp?resize=525%2C300&ssl=1 1.5x, https:\/\/i0.wp.com\/kohenavocats.com\/wp-content\/uploads\/2024\/08\/pierre-antona-ir9dYEOvx5s-unsplash.webp?resize=700%2C400&ssl=1 2x, https:\/\/i0.wp.com\/kohenavocats.com\/wp-content\/uploads\/2024\/08\/pierre-antona-ir9dYEOvx5s-unsplash.webp?resize=1050%2C600&ssl=1 3x, https:\/\/i0.wp.com\/kohenavocats.com\/wp-content\/uploads\/2024\/08\/pierre-antona-ir9dYEOvx5s-unsplash.webp?resize=1400%2C800&ssl=1 4x"},"classes":[]},{"id":638875,"url":"https:\/\/kohenavocats.com\/en\/tribunal-judiciaire-de-evry-le-9-octobre-2025-n23-02613\/","url_meta":{"origin":627299,"position":4},"title":"Tribunal judiciaire de \u00c9vry, le 9 octobre 2025, n\u00b023\/02613","author":"Kohen","date":"21 April 2026","format":false,"excerpt":"Le juge de la mise en \u00e9tat du tribunal judiciaire, statuant le 9 octobre 2025, rejette une fin de non-recevoir tir\u00e9e de l'autorit\u00e9 de la chose jug\u00e9e. La d\u00e9ci...","rel":"","context":"In &quot;Jurisprudence&quot;","block_context":{"text":"Jurisprudence","link":"https:\/\/kohenavocats.com\/category\/jurisprudence\/"},"img":{"alt_text":"","src":"https:\/\/i0.wp.com\/kohenavocats.com\/wp-content\/uploads\/2024\/11\/michael-tucker-Zd_0XzZevtI-unsplash.webp?resize=350%2C200&ssl=1","width":350,"height":200,"srcset":"https:\/\/i0.wp.com\/kohenavocats.com\/wp-content\/uploads\/2024\/11\/michael-tucker-Zd_0XzZevtI-unsplash.webp?resize=350%2C200&ssl=1 1x, https:\/\/i0.wp.com\/kohenavocats.com\/wp-content\/uploads\/2024\/11\/michael-tucker-Zd_0XzZevtI-unsplash.webp?resize=525%2C300&ssl=1 1.5x, https:\/\/i0.wp.com\/kohenavocats.com\/wp-content\/uploads\/2024\/11\/michael-tucker-Zd_0XzZevtI-unsplash.webp?resize=700%2C400&ssl=1 2x, https:\/\/i0.wp.com\/kohenavocats.com\/wp-content\/uploads\/2024\/11\/michael-tucker-Zd_0XzZevtI-unsplash.webp?resize=1050%2C600&ssl=1 3x, https:\/\/i0.wp.com\/kohenavocats.com\/wp-content\/uploads\/2024\/11\/michael-tucker-Zd_0XzZevtI-unsplash.webp?resize=1400%2C800&ssl=1 4x"},"classes":[]},{"id":486587,"url":"https:\/\/kohenavocats.com\/en\/tribunal-judiciaire-de-strasbourg-le-1-octobre-2025-n24-00069\/","url_meta":{"origin":627299,"position":5},"title":"Tribunal judiciaire de Strasbourg, le 1 octobre 2025, n\u00b024\/00069","author":"Kohen","date":"8 April 2026","format":false,"excerpt":"Le juge des contentieux de la protection, statuant en premier ressort, a rendu un jugement le 1er octobre 2025. Il s\u2019agissait d\u2019une demande d\u2019int\u00e9gration de ...","rel":"","context":"In &quot;Jurisprudence&quot;","block_context":{"text":"Jurisprudence","link":"https:\/\/kohenavocats.com\/category\/jurisprudence\/"},"img":{"alt_text":"","src":"https:\/\/i0.wp.com\/kohenavocats.com\/wp-content\/uploads\/2024\/11\/getty-images-lG4kfeF1q-I-unsplash.webp?resize=350%2C200&ssl=1","width":350,"height":200,"srcset":"https:\/\/i0.wp.com\/kohenavocats.com\/wp-content\/uploads\/2024\/11\/getty-images-lG4kfeF1q-I-unsplash.webp?resize=350%2C200&ssl=1 1x, https:\/\/i0.wp.com\/kohenavocats.com\/wp-content\/uploads\/2024\/11\/getty-images-lG4kfeF1q-I-unsplash.webp?resize=525%2C300&ssl=1 1.5x, https:\/\/i0.wp.com\/kohenavocats.com\/wp-content\/uploads\/2024\/11\/getty-images-lG4kfeF1q-I-unsplash.webp?resize=700%2C400&ssl=1 2x, https:\/\/i0.wp.com\/kohenavocats.com\/wp-content\/uploads\/2024\/11\/getty-images-lG4kfeF1q-I-unsplash.webp?resize=1050%2C600&ssl=1 3x, https:\/\/i0.wp.com\/kohenavocats.com\/wp-content\/uploads\/2024\/11\/getty-images-lG4kfeF1q-I-unsplash.webp?resize=1400%2C800&ssl=1 4x"},"classes":[]}],"jetpack_sharing_enabled":true,"_links":{"self":[{"href":"https:\/\/kohenavocats.com\/en\/wp-json\/wp\/v2\/posts\/627299","targetHints":{"allow":["GET"]}}],"collection":[{"href":"https:\/\/kohenavocats.com\/en\/wp-json\/wp\/v2\/posts"}],"about":[{"href":"https:\/\/kohenavocats.com\/en\/wp-json\/wp\/v2\/types\/post"}],"author":[{"embeddable":true,"href":"https:\/\/kohenavocats.com\/en\/wp-json\/wp\/v2\/users\/232070755"}],"replies":[{"embeddable":true,"href":"https:\/\/kohenavocats.com\/en\/wp-json\/wp\/v2\/comments?post=627299"}],"version-history":[{"count":0,"href":"https:\/\/kohenavocats.com\/en\/wp-json\/wp\/v2\/posts\/627299\/revisions"}],"wp:featuredmedia":[{"embeddable":true,"href":"https:\/\/kohenavocats.com\/en\/wp-json\/wp\/v2\/media\/4678"}],"wp:attachment":[{"href":"https:\/\/kohenavocats.com\/en\/wp-json\/wp\/v2\/media?parent=627299"}],"wp:term":[{"taxonomy":"category","embeddable":true,"href":"https:\/\/kohenavocats.com\/en\/wp-json\/wp\/v2\/categories?post=627299"},{"taxonomy":"post_tag","embeddable":true,"href":"https:\/\/kohenavocats.com\/en\/wp-json\/wp\/v2\/tags?post=627299"}],"curies":[{"name":"wp","href":"https:\/\/api.w.org\/{rel}","templated":true}]}}