{"id":627305,"date":"2026-04-20T21:49:40","date_gmt":"2026-04-20T19:49:40","guid":{"rendered":"https:\/\/kohenavocats.com\/tribunal-judiciaire-de-metz-le-16-octobre-2025-n25-00262\/"},"modified":"2026-04-20T21:49:40","modified_gmt":"2026-04-20T19:49:40","slug":"tribunal-judiciaire-de-metz-le-16-octobre-2025-n25-00262","status":"publish","type":"post","link":"https:\/\/kohenavocats.com\/en\/tribunal-judiciaire-de-metz-le-16-octobre-2025-n25-00262\/","title":{"rendered":"Tribunal judiciaire de Metz, le 16 octobre 2025, n\u00b025\/00262"},"content":{"rendered":"<div class=\"article-content\">\n<p>Le tribunal judiciaire de Metz, statuant en r\u00e9f\u00e9r\u00e9 le 16 octobre 2025, se prononce sur une demande en constat d&#8217;acquisition d&#8217;une clause r\u00e9solutoire et en expulsion pour impay\u00e9s locatifs. Les locataires avaient r\u00e9gularis\u00e9 l&#8217;int\u00e9gralit\u00e9 de leur dette avant la d\u00e9cision. Le juge d\u00e9clare la demande recevable et constate l&#8217;acquisition de la clause, mais en \u00e9carte les effets au regard du paiement int\u00e9gral intervenu. Il rejette donc les demandes d&#8217;expulsion et de condamnation au paiement des arri\u00e9r\u00e9s.<\/p>\n<p>La r\u00e9gularit\u00e9 proc\u00e9durale des demandes<\/p>\n<p>Le juge v\u00e9rifie d&#8217;abord le strict respect des formalit\u00e9s pr\u00e9alables \u00e0 l&#8217;action en r\u00e9siliation. La signification du commandement de payer et sa notification aux autorit\u00e9s comp\u00e9tentes sont examin\u00e9es. &#8220;Le commandement de payer visant la clause r\u00e9solutoire a \u00e9t\u00e9 signifi\u00e9 aux locataires le 16 d\u00e9cembre 2024&#8221; (Motifs, Sur la recevabilit\u00e9). L&#8217;assignation a \u00e9galement \u00e9t\u00e9 notifi\u00e9e \u00e0 l&#8217;autorit\u00e9 pr\u00e9fectorale dans les d\u00e9lais l\u00e9gaux. Cette v\u00e9rification minutieuse assure la s\u00e9curit\u00e9 juridique de la proc\u00e9dure d&#8217;expulsion. Elle garantit que le bailleur a accompli toutes les \u00e9tapes destin\u00e9es \u00e0 prot\u00e9ger le locataire. La port\u00e9e de ce contr\u00f4le est essentielle pour la recevabilit\u00e9 de l&#8217;action.<\/p>\n<p>L&#8217;analyse s&#8217;attache ensuite au d\u00e9lai d&#8217;acquisition de la clause r\u00e9solutoire. Le juge applique l&#8217;ancienne version de la loi, ant\u00e9rieure \u00e0 la r\u00e9forme de juillet 2023. &#8220;Toute clause pr\u00e9voyant la r\u00e9siliation de plein droit du contrat de location pour d\u00e9faut de paiement (&#8230;) ne produit effet que deux mois apr\u00e8s un commandement de payer demeur\u00e9 infructueux&#8221; (Motifs, Sur l&#8217;acquisition). Le d\u00e9faut de paiement dans ce d\u00e9lai est \u00e9tabli, permettant de constater l&#8217;acquisition de la clause \u00e0 une date certaine. Cette application du droit transitoire pr\u00e9cise le champ de la r\u00e9forme. La valeur de cette pr\u00e9cision r\u00e9side dans la s\u00e9curit\u00e9 qu&#8217;elle apporte aux parties concern\u00e9es.<\/p>\n<p>L&#8217;effacement des cons\u00e9quences par le paiement int\u00e9gral<\/p>\n<p>Le raisonnement aborde ensuite les effets du paiement complet de la dette avant la d\u00e9cision. Le juge rel\u00e8ve que la loi pr\u00e9voit des d\u00e9lais de paiement suspendant la clause. &#8220;Le paiement int\u00e9gral de la dette avant la d\u00e9cision ne permet pas l\u2019octroi de d\u00e9lais de paiement suspendant les effets de la clause r\u00e9solutoire&#8221; (Motifs, Sur les d\u00e9lais). Toutefois, il estime qu&#8217;une interpr\u00e9tation stricte conduirait \u00e0 une iniquit\u00e9. Le sens de cette analyse est de rechercher l&#8217;esprit de la loi protectrice au-del\u00e0 de sa lettre. Elle vise \u00e0 \u00e9viter une situation absurde o\u00f9 un locataire partiellement payant serait mieux trait\u00e9.<\/p>\n<p>Le juge op\u00e8re donc une interpr\u00e9tation constructive pour r\u00e9tablir l&#8217;\u00e9quit\u00e9. &#8220;Il appartient au juge de restituer \u00e0 la loi le sens exact que le l\u00e9gislateur a voulu lui donner&#8221; (Motifs, Sur les d\u00e9lais). Puisque la dette est int\u00e9gralement r\u00e9gl\u00e9e, la clause est r\u00e9put\u00e9e ne pas avoir jou\u00e9. Cette solution privil\u00e9gie le maintien dans les lieux lorsque le trouble a cess\u00e9. Sa port\u00e9e est majeure en mati\u00e8re de droit au logement et de proportionnalit\u00e9 de la sanction. Elle consacre une forme de r\u00e9habilitation du locataire de bonne foi qui r\u00e8gle sa dette.<\/p>\n<\/div>\n","protected":false},"excerpt":{"rendered":"<p>Le tribunal judiciaire de Metz, statuant en r\u00e9f\u00e9r\u00e9 le 16 octobre 2025, se prononce sur une demande en constat d&#8217;acquisition d&#8217;une clause r\u00e9solutoire et en ex&#8230;<\/p>\n","protected":false},"author":232070755,"featured_media":4782,"comment_status":"open","ping_status":"open","sticky":false,"template":"","format":"standard","meta":{"_crdt_document":"","_jetpack_newsletter_access":"","_jetpack_dont_email_post_to_subs":false,"_jetpack_newsletter_tier_id":0,"_jetpack_memberships_contains_paywalled_content":false,"_kj_source_type":"judilibre","_kj_official_id":"68f6a0b7f444f3ad06a5dcc7","_kj_official_url":"https:\/\/www.courdecassation.fr\/decision\/68f6a0b7f444f3ad06a5dcc7","_kj_judilibre_id":"68f6a0b7f444f3ad06a5dcc7","_kj_jur":"Tribunal judiciaire","_kj_lieu":"Tribunal judiciaire de Metz","_kj_chambre":"CH4 R\u00c9F\u00c9R\u00c9 JCP","_kj_rg":"25\/00262","_kj_date":"2025-10-16","_jetpack_memberships_contains_paid_content":false,"footnotes":"","jetpack_post_was_ever_published":false},"categories":[7597],"tags":[],"class_list":["post-627305","post","type-post","status-publish","format-standard","has-post-thumbnail","hentry","category-jurisprudence"],"yoast_head":"<!-- This site is optimized with the Yoast SEO Premium plugin v27.5 (Yoast SEO v27.5) - https:\/\/yoast.com\/product\/yoast-seo-premium-wordpress\/ -->\n<title>Tribunal judiciaire de Metz, le 16 octobre 2025, n\u00b025\/00262 - Ma\u00eetre Hassan Kohen, avocat en droit p\u00e9nal \u00e0 Paris<\/title>\n<meta name=\"description\" content=\"Le tribunal judiciaire de Metz, statuant en r\u00e9f\u00e9r\u00e9 le 16 octobre 2025, se prononce sur une demande en constat d&#039;acquisition d&#039;une clause r\u00e9solutoire et en ex...\" \/>\n<meta name=\"robots\" content=\"index, follow, max-snippet:-1, max-image-preview:large, max-video-preview:-1\" \/>\n<link rel=\"canonical\" href=\"https:\/\/kohenavocats.com\/en\/tribunal-judiciaire-de-metz-le-16-octobre-2025-n25-00262\/\" \/>\n<meta property=\"og:locale\" content=\"en_US\" \/>\n<meta property=\"og:type\" content=\"article\" \/>\n<meta property=\"og:title\" content=\"Tribunal judiciaire de Metz, le 16 octobre 2025, n\u00b025\/00262\" \/>\n<meta property=\"og:description\" content=\"Le tribunal judiciaire de Metz, statuant en r\u00e9f\u00e9r\u00e9 le 16 octobre 2025, se prononce sur une demande en constat d&#039;acquisition d&#039;une clause r\u00e9solutoire et en ex...\" \/>\n<meta property=\"og:url\" content=\"https:\/\/kohenavocats.com\/en\/tribunal-judiciaire-de-metz-le-16-octobre-2025-n25-00262\/\" \/>\n<meta property=\"og:site_name\" content=\"Ma\u00eetre Hassan Kohen, avocat en droit p\u00e9nal \u00e0 Paris\" \/>\n<meta property=\"article:published_time\" content=\"2026-04-20T19:49:40+00:00\" \/>\n<meta property=\"og:image\" content=\"https:\/\/kohenavocats.com\/wp-content\/uploads\/2024\/08\/patrick-robert-doyle-OvXht_wi5Ew-unsplash.webp\" \/>\n\t<meta property=\"og:image:width\" content=\"5938\" \/>\n\t<meta property=\"og:image:height\" content=\"3711\" \/>\n\t<meta property=\"og:image:type\" content=\"image\/webp\" \/>\n<meta name=\"author\" content=\"Kohen\" \/>\n<meta name=\"twitter:card\" content=\"summary_large_image\" \/>\n<meta name=\"twitter:label1\" content=\"Written by\" \/>\n\t<meta name=\"twitter:data1\" content=\"Kohen\" \/>\n\t<meta name=\"twitter:label2\" content=\"Est. reading time\" \/>\n\t<meta name=\"twitter:data2\" content=\"3 minutes\" \/>\n<script type=\"application\/ld+json\" class=\"yoast-schema-graph\">{\"@context\":\"https:\\\/\\\/schema.org\",\"@graph\":[{\"@type\":\"Article\",\"@id\":\"https:\\\/\\\/kohenavocats.com\\\/en\\\/tribunal-judiciaire-de-metz-le-16-octobre-2025-n25-00262\\\/#article\",\"isPartOf\":{\"@id\":\"https:\\\/\\\/kohenavocats.com\\\/en\\\/tribunal-judiciaire-de-metz-le-16-octobre-2025-n25-00262\\\/\"},\"author\":{\"name\":\"Kohen\",\"@id\":\"https:\\\/\\\/kohenavocats.com\\\/en\\\/#\\\/schema\\\/person\\\/761c9ba54fa1ca84d405cef0831ff751\"},\"headline\":\"Tribunal judiciaire de Metz, le 16 octobre 2025, n\u00b025\\\/00262\",\"datePublished\":\"2026-04-20T19:49:40+00:00\",\"mainEntityOfPage\":{\"@id\":\"https:\\\/\\\/kohenavocats.com\\\/en\\\/tribunal-judiciaire-de-metz-le-16-octobre-2025-n25-00262\\\/\"},\"wordCount\":572,\"commentCount\":0,\"publisher\":{\"@id\":\"https:\\\/\\\/kohenavocats.com\\\/en\\\/#organization\"},\"image\":{\"@id\":\"https:\\\/\\\/kohenavocats.com\\\/en\\\/tribunal-judiciaire-de-metz-le-16-octobre-2025-n25-00262\\\/#primaryimage\"},\"thumbnailUrl\":\"https:\\\/\\\/kohenavocats.com\\\/wp-content\\\/uploads\\\/2024\\\/08\\\/patrick-robert-doyle-OvXht_wi5Ew-unsplash.webp\",\"articleSection\":[\"Jurisprudence\"],\"inLanguage\":\"en-US\",\"potentialAction\":[{\"@type\":\"CommentAction\",\"name\":\"Comment\",\"target\":[\"https:\\\/\\\/kohenavocats.com\\\/en\\\/tribunal-judiciaire-de-metz-le-16-octobre-2025-n25-00262\\\/#respond\"]}],\"citation\":\"Tribunal judiciaire de Metz, le 16 octobre 2025, n\u00b025\\\/00262\",\"about\":[{\"@type\":\"Thing\",\"name\":\"Jurisprudence\"}],\"dateModified\":\"2026-04-20T19:49:40+00:00\",\"speakable\":{\"@type\":\"SpeakableSpecification\",\"cssSelector\":[\".article-content > p:first-of-type\"]}},{\"@type\":\"WebPage\",\"@id\":\"https:\\\/\\\/kohenavocats.com\\\/en\\\/tribunal-judiciaire-de-metz-le-16-octobre-2025-n25-00262\\\/\",\"url\":\"https:\\\/\\\/kohenavocats.com\\\/en\\\/tribunal-judiciaire-de-metz-le-16-octobre-2025-n25-00262\\\/\",\"name\":\"Tribunal judiciaire de Metz, le 16 octobre 2025, n\u00b025\\\/00262 - Ma\u00eetre Hassan Kohen, avocat en droit p\u00e9nal \u00e0 Paris\",\"isPartOf\":{\"@id\":\"https:\\\/\\\/kohenavocats.com\\\/en\\\/#website\"},\"primaryImageOfPage\":{\"@id\":\"https:\\\/\\\/kohenavocats.com\\\/en\\\/tribunal-judiciaire-de-metz-le-16-octobre-2025-n25-00262\\\/#primaryimage\"},\"image\":{\"@id\":\"https:\\\/\\\/kohenavocats.com\\\/en\\\/tribunal-judiciaire-de-metz-le-16-octobre-2025-n25-00262\\\/#primaryimage\"},\"thumbnailUrl\":\"https:\\\/\\\/kohenavocats.com\\\/wp-content\\\/uploads\\\/2024\\\/08\\\/patrick-robert-doyle-OvXht_wi5Ew-unsplash.webp\",\"datePublished\":\"2026-04-20T19:49:40+00:00\",\"description\":\"Le tribunal judiciaire de Metz, statuant en r\u00e9f\u00e9r\u00e9 le 16 octobre 2025, se prononce sur une demande en constat d'acquisition d'une clause r\u00e9solutoire et en ex...\",\"breadcrumb\":{\"@id\":\"https:\\\/\\\/kohenavocats.com\\\/en\\\/tribunal-judiciaire-de-metz-le-16-octobre-2025-n25-00262\\\/#breadcrumb\"},\"inLanguage\":\"en-US\",\"potentialAction\":[{\"@type\":\"ReadAction\",\"target\":[\"https:\\\/\\\/kohenavocats.com\\\/en\\\/tribunal-judiciaire-de-metz-le-16-octobre-2025-n25-00262\\\/\"]}]},{\"@type\":\"ImageObject\",\"inLanguage\":\"en-US\",\"@id\":\"https:\\\/\\\/kohenavocats.com\\\/en\\\/tribunal-judiciaire-de-metz-le-16-octobre-2025-n25-00262\\\/#primaryimage\",\"url\":\"https:\\\/\\\/kohenavocats.com\\\/wp-content\\\/uploads\\\/2024\\\/08\\\/patrick-robert-doyle-OvXht_wi5Ew-unsplash.webp\",\"contentUrl\":\"https:\\\/\\\/kohenavocats.com\\\/wp-content\\\/uploads\\\/2024\\\/08\\\/patrick-robert-doyle-OvXht_wi5Ew-unsplash.webp\",\"width\":5938,\"height\":3711},{\"@type\":\"BreadcrumbList\",\"@id\":\"https:\\\/\\\/kohenavocats.com\\\/en\\\/tribunal-judiciaire-de-metz-le-16-octobre-2025-n25-00262\\\/#breadcrumb\",\"itemListElement\":[{\"@type\":\"ListItem\",\"position\":1,\"name\":\"Home\",\"item\":\"https:\\\/\\\/kohenavocats.com\\\/en\\\/criminal-law-attorneys-in-paris-counsel-and-strategic-defense\\\/\"},{\"@type\":\"ListItem\",\"position\":2,\"name\":\"Tribunal judiciaire de Metz, le 16 octobre 2025, n\u00b025\\\/00262\"}]},{\"@type\":\"WebSite\",\"@id\":\"https:\\\/\\\/kohenavocats.com\\\/en\\\/#website\",\"url\":\"https:\\\/\\\/kohenavocats.com\\\/en\\\/\",\"name\":\"Kohen Avocats\",\"description\":\"Ma\u00eetre Hassan Kohen, avocat p\u00e9naliste \u00e0 Paris, intervient exclusivement en droit p\u00e9nal pour la d\u00e9fense des particuliers, notamment en mati\u00e8re d\u2019accusations de viol. Il assure un accompagnement rigoureux d\u00e8s la garde \u00e0 vue jusqu\u2019\u00e0 la Cour d\u2019assises, veillant au strict respect des garanties proc\u00e9durales.\",\"publisher\":{\"@id\":\"https:\\\/\\\/kohenavocats.com\\\/en\\\/#organization\"},\"potentialAction\":[{\"@type\":\"SearchAction\",\"target\":{\"@type\":\"EntryPoint\",\"urlTemplate\":\"https:\\\/\\\/kohenavocats.com\\\/en\\\/?s={search_term_string}\"},\"query-input\":{\"@type\":\"PropertyValueSpecification\",\"valueRequired\":true,\"valueName\":\"search_term_string\"}}],\"inLanguage\":\"en-US\"},{\"@type\":\"Organization\",\"@id\":\"https:\\\/\\\/kohenavocats.com\\\/en\\\/#organization\",\"name\":\"Kohen Avocats\",\"url\":\"https:\\\/\\\/kohenavocats.com\\\/en\\\/\",\"logo\":{\"@type\":\"ImageObject\",\"inLanguage\":\"en-US\",\"@id\":\"https:\\\/\\\/kohenavocats.com\\\/en\\\/#\\\/schema\\\/logo\\\/image\\\/\",\"url\":\"https:\\\/\\\/kohenavocats.com\\\/wp-content\\\/uploads\\\/2026\\\/01\\\/Logo-2-1.webp\",\"contentUrl\":\"https:\\\/\\\/kohenavocats.com\\\/wp-content\\\/uploads\\\/2026\\\/01\\\/Logo-2-1.webp\",\"width\":2114,\"height\":1253,\"caption\":\"Kohen Avocats\"},\"image\":{\"@id\":\"https:\\\/\\\/kohenavocats.com\\\/en\\\/#\\\/schema\\\/logo\\\/image\\\/\"}},{\"@type\":\"Person\",\"@id\":\"https:\\\/\\\/kohenavocats.com\\\/en\\\/#\\\/schema\\\/person\\\/761c9ba54fa1ca84d405cef0831ff751\",\"name\":\"Kohen\",\"image\":{\"@type\":\"ImageObject\",\"inLanguage\":\"en-US\",\"@id\":\"https:\\\/\\\/secure.gravatar.com\\\/avatar\\\/1c5e76ef76bbbfdd2b4da984e2bf2fa4056fd51a27d25ce2c332047f1dfd6e00?s=96&d=identicon&r=g\",\"url\":\"https:\\\/\\\/secure.gravatar.com\\\/avatar\\\/1c5e76ef76bbbfdd2b4da984e2bf2fa4056fd51a27d25ce2c332047f1dfd6e00?s=96&d=identicon&r=g\",\"contentUrl\":\"https:\\\/\\\/secure.gravatar.com\\\/avatar\\\/1c5e76ef76bbbfdd2b4da984e2bf2fa4056fd51a27d25ce2c332047f1dfd6e00?s=96&d=identicon&r=g\",\"caption\":\"Kohen\"},\"sameAs\":[\"https:\\\/\\\/www.linkedin.com\\\/in\\\/hassan-kohen-448548192\\\/\",\"https:\\\/\\\/www.youtube.com\\\/@Kohen-Avocats\"],\"url\":\"https:\\\/\\\/kohenavocats.com\\\/en\\\/author\\\/kohenmlk\\\/\"}]}<\/script>\n<!-- \/ Yoast SEO Premium plugin. -->","yoast_head_json":{"title":"Tribunal judiciaire de Metz, le 16 octobre 2025, n\u00b025\/00262 - Ma\u00eetre Hassan Kohen, avocat en droit p\u00e9nal \u00e0 Paris","description":"Le tribunal judiciaire de Metz, statuant en r\u00e9f\u00e9r\u00e9 le 16 octobre 2025, se prononce sur une demande en constat d'acquisition d'une clause r\u00e9solutoire et en ex...","robots":{"index":"index","follow":"follow","max-snippet":"max-snippet:-1","max-image-preview":"max-image-preview:large","max-video-preview":"max-video-preview:-1"},"canonical":"https:\/\/kohenavocats.com\/en\/tribunal-judiciaire-de-metz-le-16-octobre-2025-n25-00262\/","og_locale":"en_US","og_type":"article","og_title":"Tribunal judiciaire de Metz, le 16 octobre 2025, n\u00b025\/00262","og_description":"Le tribunal judiciaire de Metz, statuant en r\u00e9f\u00e9r\u00e9 le 16 octobre 2025, se prononce sur une demande en constat d'acquisition d'une clause r\u00e9solutoire et en ex...","og_url":"https:\/\/kohenavocats.com\/en\/tribunal-judiciaire-de-metz-le-16-octobre-2025-n25-00262\/","og_site_name":"Ma\u00eetre Hassan Kohen, avocat en droit p\u00e9nal \u00e0 Paris","article_published_time":"2026-04-20T19:49:40+00:00","og_image":[{"width":5938,"height":3711,"url":"https:\/\/kohenavocats.com\/wp-content\/uploads\/2024\/08\/patrick-robert-doyle-OvXht_wi5Ew-unsplash.webp","type":"image\/webp"}],"author":"Kohen","twitter_card":"summary_large_image","twitter_misc":{"Written by":"Kohen","Est. reading time":"3 minutes"},"schema":{"@context":"https:\/\/schema.org","@graph":[{"@type":"Article","@id":"https:\/\/kohenavocats.com\/en\/tribunal-judiciaire-de-metz-le-16-octobre-2025-n25-00262\/#article","isPartOf":{"@id":"https:\/\/kohenavocats.com\/en\/tribunal-judiciaire-de-metz-le-16-octobre-2025-n25-00262\/"},"author":{"name":"Kohen","@id":"https:\/\/kohenavocats.com\/en\/#\/schema\/person\/761c9ba54fa1ca84d405cef0831ff751"},"headline":"Tribunal judiciaire de Metz, le 16 octobre 2025, n\u00b025\/00262","datePublished":"2026-04-20T19:49:40+00:00","mainEntityOfPage":{"@id":"https:\/\/kohenavocats.com\/en\/tribunal-judiciaire-de-metz-le-16-octobre-2025-n25-00262\/"},"wordCount":572,"commentCount":0,"publisher":{"@id":"https:\/\/kohenavocats.com\/en\/#organization"},"image":{"@id":"https:\/\/kohenavocats.com\/en\/tribunal-judiciaire-de-metz-le-16-octobre-2025-n25-00262\/#primaryimage"},"thumbnailUrl":"https:\/\/kohenavocats.com\/wp-content\/uploads\/2024\/08\/patrick-robert-doyle-OvXht_wi5Ew-unsplash.webp","articleSection":["Jurisprudence"],"inLanguage":"en-US","potentialAction":[{"@type":"CommentAction","name":"Comment","target":["https:\/\/kohenavocats.com\/en\/tribunal-judiciaire-de-metz-le-16-octobre-2025-n25-00262\/#respond"]}],"citation":"Tribunal judiciaire de Metz, le 16 octobre 2025, n\u00b025\/00262","about":[{"@type":"Thing","name":"Jurisprudence"}],"dateModified":"2026-04-20T19:49:40+00:00","speakable":{"@type":"SpeakableSpecification","cssSelector":[".article-content > p:first-of-type"]}},{"@type":"WebPage","@id":"https:\/\/kohenavocats.com\/en\/tribunal-judiciaire-de-metz-le-16-octobre-2025-n25-00262\/","url":"https:\/\/kohenavocats.com\/en\/tribunal-judiciaire-de-metz-le-16-octobre-2025-n25-00262\/","name":"Tribunal judiciaire de Metz, le 16 octobre 2025, n\u00b025\/00262 - Ma\u00eetre Hassan Kohen, avocat en droit p\u00e9nal \u00e0 Paris","isPartOf":{"@id":"https:\/\/kohenavocats.com\/en\/#website"},"primaryImageOfPage":{"@id":"https:\/\/kohenavocats.com\/en\/tribunal-judiciaire-de-metz-le-16-octobre-2025-n25-00262\/#primaryimage"},"image":{"@id":"https:\/\/kohenavocats.com\/en\/tribunal-judiciaire-de-metz-le-16-octobre-2025-n25-00262\/#primaryimage"},"thumbnailUrl":"https:\/\/kohenavocats.com\/wp-content\/uploads\/2024\/08\/patrick-robert-doyle-OvXht_wi5Ew-unsplash.webp","datePublished":"2026-04-20T19:49:40+00:00","description":"Le tribunal judiciaire de Metz, statuant en r\u00e9f\u00e9r\u00e9 le 16 octobre 2025, se prononce sur une demande en constat d'acquisition d'une clause r\u00e9solutoire et en ex...","breadcrumb":{"@id":"https:\/\/kohenavocats.com\/en\/tribunal-judiciaire-de-metz-le-16-octobre-2025-n25-00262\/#breadcrumb"},"inLanguage":"en-US","potentialAction":[{"@type":"ReadAction","target":["https:\/\/kohenavocats.com\/en\/tribunal-judiciaire-de-metz-le-16-octobre-2025-n25-00262\/"]}]},{"@type":"ImageObject","inLanguage":"en-US","@id":"https:\/\/kohenavocats.com\/en\/tribunal-judiciaire-de-metz-le-16-octobre-2025-n25-00262\/#primaryimage","url":"https:\/\/kohenavocats.com\/wp-content\/uploads\/2024\/08\/patrick-robert-doyle-OvXht_wi5Ew-unsplash.webp","contentUrl":"https:\/\/kohenavocats.com\/wp-content\/uploads\/2024\/08\/patrick-robert-doyle-OvXht_wi5Ew-unsplash.webp","width":5938,"height":3711},{"@type":"BreadcrumbList","@id":"https:\/\/kohenavocats.com\/en\/tribunal-judiciaire-de-metz-le-16-octobre-2025-n25-00262\/#breadcrumb","itemListElement":[{"@type":"ListItem","position":1,"name":"Home","item":"https:\/\/kohenavocats.com\/en\/criminal-law-attorneys-in-paris-counsel-and-strategic-defense\/"},{"@type":"ListItem","position":2,"name":"Tribunal judiciaire de Metz, le 16 octobre 2025, n\u00b025\/00262"}]},{"@type":"WebSite","@id":"https:\/\/kohenavocats.com\/en\/#website","url":"https:\/\/kohenavocats.com\/en\/","name":"Kohen Avocats","description":"Ma\u00eetre Hassan Kohen, avocat p\u00e9naliste \u00e0 Paris, intervient exclusivement en droit p\u00e9nal pour la d\u00e9fense des particuliers, notamment en mati\u00e8re d\u2019accusations de viol. Il assure un accompagnement rigoureux d\u00e8s la garde \u00e0 vue jusqu\u2019\u00e0 la Cour d\u2019assises, veillant au strict respect des garanties proc\u00e9durales.","publisher":{"@id":"https:\/\/kohenavocats.com\/en\/#organization"},"potentialAction":[{"@type":"SearchAction","target":{"@type":"EntryPoint","urlTemplate":"https:\/\/kohenavocats.com\/en\/?s={search_term_string}"},"query-input":{"@type":"PropertyValueSpecification","valueRequired":true,"valueName":"search_term_string"}}],"inLanguage":"en-US"},{"@type":"Organization","@id":"https:\/\/kohenavocats.com\/en\/#organization","name":"Kohen Avocats","url":"https:\/\/kohenavocats.com\/en\/","logo":{"@type":"ImageObject","inLanguage":"en-US","@id":"https:\/\/kohenavocats.com\/en\/#\/schema\/logo\/image\/","url":"https:\/\/kohenavocats.com\/wp-content\/uploads\/2026\/01\/Logo-2-1.webp","contentUrl":"https:\/\/kohenavocats.com\/wp-content\/uploads\/2026\/01\/Logo-2-1.webp","width":2114,"height":1253,"caption":"Kohen Avocats"},"image":{"@id":"https:\/\/kohenavocats.com\/en\/#\/schema\/logo\/image\/"}},{"@type":"Person","@id":"https:\/\/kohenavocats.com\/en\/#\/schema\/person\/761c9ba54fa1ca84d405cef0831ff751","name":"Kohen","image":{"@type":"ImageObject","inLanguage":"en-US","@id":"https:\/\/secure.gravatar.com\/avatar\/1c5e76ef76bbbfdd2b4da984e2bf2fa4056fd51a27d25ce2c332047f1dfd6e00?s=96&d=identicon&r=g","url":"https:\/\/secure.gravatar.com\/avatar\/1c5e76ef76bbbfdd2b4da984e2bf2fa4056fd51a27d25ce2c332047f1dfd6e00?s=96&d=identicon&r=g","contentUrl":"https:\/\/secure.gravatar.com\/avatar\/1c5e76ef76bbbfdd2b4da984e2bf2fa4056fd51a27d25ce2c332047f1dfd6e00?s=96&d=identicon&r=g","caption":"Kohen"},"sameAs":["https:\/\/www.linkedin.com\/in\/hassan-kohen-448548192\/","https:\/\/www.youtube.com\/@Kohen-Avocats"],"url":"https:\/\/kohenavocats.com\/en\/author\/kohenmlk\/"}]}},"jetpack_featured_media_url":"https:\/\/kohenavocats.com\/wp-content\/uploads\/2024\/08\/patrick-robert-doyle-OvXht_wi5Ew-unsplash.webp","jetpack_likes_enabled":false,"jetpack_shortlink":"https:\/\/wp.me\/peCrII-2DbP","jetpack-related-posts":[{"id":625203,"url":"https:\/\/kohenavocats.com\/en\/tribunal-judiciaire-de-metz-le-16-octobre-2025-n25-00298\/","url_meta":{"origin":627305,"position":0},"title":"Tribunal judiciaire de Metz, le 16 octobre 2025, n\u00b025\/00298","author":"Kohen","date":"20 April 2026","format":false,"excerpt":"Le tribunal judiciaire de Metz, statuant en r\u00e9f\u00e9r\u00e9 le 16 octobre 2025, examine une demande en constat d'acquisition d'une clause r\u00e9solutoire et en expulsion....","rel":"","context":"In &quot;Jurisprudence&quot;","block_context":{"text":"Jurisprudence","link":"https:\/\/kohenavocats.com\/category\/jurisprudence\/"},"img":{"alt_text":"","src":"https:\/\/i0.wp.com\/kohenavocats.com\/wp-content\/uploads\/2024\/11\/laura-adai-7irj5rVew44-unsplash.webp?resize=350%2C200&ssl=1","width":350,"height":200,"srcset":"https:\/\/i0.wp.com\/kohenavocats.com\/wp-content\/uploads\/2024\/11\/laura-adai-7irj5rVew44-unsplash.webp?resize=350%2C200&ssl=1 1x, https:\/\/i0.wp.com\/kohenavocats.com\/wp-content\/uploads\/2024\/11\/laura-adai-7irj5rVew44-unsplash.webp?resize=525%2C300&ssl=1 1.5x, https:\/\/i0.wp.com\/kohenavocats.com\/wp-content\/uploads\/2024\/11\/laura-adai-7irj5rVew44-unsplash.webp?resize=700%2C400&ssl=1 2x, https:\/\/i0.wp.com\/kohenavocats.com\/wp-content\/uploads\/2024\/11\/laura-adai-7irj5rVew44-unsplash.webp?resize=1050%2C600&ssl=1 3x, https:\/\/i0.wp.com\/kohenavocats.com\/wp-content\/uploads\/2024\/11\/laura-adai-7irj5rVew44-unsplash.webp?resize=1400%2C800&ssl=1 4x"},"classes":[]},{"id":625672,"url":"https:\/\/kohenavocats.com\/en\/tribunal-judiciaire-de-metz-le-16-octobre-2025-n25-00229\/","url_meta":{"origin":627305,"position":1},"title":"Tribunal judiciaire de Metz, le 16 octobre 2025, n\u00b025\/00229","author":"Kohen","date":"20 April 2026","format":false,"excerpt":"Le tribunal judiciaire de Metz, statuant en r\u00e9f\u00e9r\u00e9 le 16 octobre 2025, examine une demande en constat d'acquisition d'une clause r\u00e9solutoire pour impay\u00e9s loc...","rel":"","context":"In &quot;Jurisprudence&quot;","block_context":{"text":"Jurisprudence","link":"https:\/\/kohenavocats.com\/category\/jurisprudence\/"},"img":{"alt_text":"","src":"https:\/\/i0.wp.com\/kohenavocats.com\/wp-content\/uploads\/2024\/11\/getty-images-FR36ckXxsMM-unsplash.webp?resize=350%2C200&ssl=1","width":350,"height":200,"srcset":"https:\/\/i0.wp.com\/kohenavocats.com\/wp-content\/uploads\/2024\/11\/getty-images-FR36ckXxsMM-unsplash.webp?resize=350%2C200&ssl=1 1x, https:\/\/i0.wp.com\/kohenavocats.com\/wp-content\/uploads\/2024\/11\/getty-images-FR36ckXxsMM-unsplash.webp?resize=525%2C300&ssl=1 1.5x, https:\/\/i0.wp.com\/kohenavocats.com\/wp-content\/uploads\/2024\/11\/getty-images-FR36ckXxsMM-unsplash.webp?resize=700%2C400&ssl=1 2x, https:\/\/i0.wp.com\/kohenavocats.com\/wp-content\/uploads\/2024\/11\/getty-images-FR36ckXxsMM-unsplash.webp?resize=1050%2C600&ssl=1 3x, https:\/\/i0.wp.com\/kohenavocats.com\/wp-content\/uploads\/2024\/11\/getty-images-FR36ckXxsMM-unsplash.webp?resize=1400%2C800&ssl=1 4x"},"classes":[]},{"id":626864,"url":"https:\/\/kohenavocats.com\/en\/tribunal-judiciaire-de-metz-le-16-octobre-2025-n25-00232\/","url_meta":{"origin":627305,"position":2},"title":"Tribunal judiciaire de Metz, le 16 octobre 2025, n\u00b025\/00232","author":"Kohen","date":"20 April 2026","format":false,"excerpt":"Le tribunal judiciaire de Metz, statuant en r\u00e9f\u00e9r\u00e9 le 16 octobre 2025, examine une demande de constat d'acquisition d'une clause r\u00e9solutoire et d'expulsion p...","rel":"","context":"In &quot;Jurisprudence&quot;","block_context":{"text":"Jurisprudence","link":"https:\/\/kohenavocats.com\/category\/jurisprudence\/"},"img":{"alt_text":"","src":"https:\/\/i0.wp.com\/kohenavocats.com\/wp-content\/uploads\/2024\/11\/xhiliana-CfCB8S-7RM4-unsplash.webp?resize=350%2C200&ssl=1","width":350,"height":200,"srcset":"https:\/\/i0.wp.com\/kohenavocats.com\/wp-content\/uploads\/2024\/11\/xhiliana-CfCB8S-7RM4-unsplash.webp?resize=350%2C200&ssl=1 1x, https:\/\/i0.wp.com\/kohenavocats.com\/wp-content\/uploads\/2024\/11\/xhiliana-CfCB8S-7RM4-unsplash.webp?resize=525%2C300&ssl=1 1.5x, https:\/\/i0.wp.com\/kohenavocats.com\/wp-content\/uploads\/2024\/11\/xhiliana-CfCB8S-7RM4-unsplash.webp?resize=700%2C400&ssl=1 2x, https:\/\/i0.wp.com\/kohenavocats.com\/wp-content\/uploads\/2024\/11\/xhiliana-CfCB8S-7RM4-unsplash.webp?resize=1050%2C600&ssl=1 3x, https:\/\/i0.wp.com\/kohenavocats.com\/wp-content\/uploads\/2024\/11\/xhiliana-CfCB8S-7RM4-unsplash.webp?resize=1400%2C800&ssl=1 4x"},"classes":[]},{"id":625062,"url":"https:\/\/kohenavocats.com\/en\/tribunal-judiciaire-de-metz-le-16-octobre-2025-n25-00225\/","url_meta":{"origin":627305,"position":3},"title":"Tribunal judiciaire de Metz, le 16 octobre 2025, n\u00b025\/00225","author":"Kohen","date":"20 April 2026","format":false,"excerpt":"Le tribunal judiciaire de Metz, statuant en r\u00e9f\u00e9r\u00e9 le 16 octobre 2025, examine une demande en constat d'acquisition d'une clause r\u00e9solutoire pour impay\u00e9s de ...","rel":"","context":"In &quot;Jurisprudence&quot;","block_context":{"text":"Jurisprudence","link":"https:\/\/kohenavocats.com\/category\/jurisprudence\/"},"img":{"alt_text":"","src":"https:\/\/i0.wp.com\/kohenavocats.com\/wp-content\/uploads\/2024\/07\/dmitrij-paskevic-YjVa-F9P9kk-unsplash.webp?resize=350%2C200&ssl=1","width":350,"height":200,"srcset":"https:\/\/i0.wp.com\/kohenavocats.com\/wp-content\/uploads\/2024\/07\/dmitrij-paskevic-YjVa-F9P9kk-unsplash.webp?resize=350%2C200&ssl=1 1x, https:\/\/i0.wp.com\/kohenavocats.com\/wp-content\/uploads\/2024\/07\/dmitrij-paskevic-YjVa-F9P9kk-unsplash.webp?resize=525%2C300&ssl=1 1.5x, https:\/\/i0.wp.com\/kohenavocats.com\/wp-content\/uploads\/2024\/07\/dmitrij-paskevic-YjVa-F9P9kk-unsplash.webp?resize=700%2C400&ssl=1 2x, https:\/\/i0.wp.com\/kohenavocats.com\/wp-content\/uploads\/2024\/07\/dmitrij-paskevic-YjVa-F9P9kk-unsplash.webp?resize=1050%2C600&ssl=1 3x, https:\/\/i0.wp.com\/kohenavocats.com\/wp-content\/uploads\/2024\/07\/dmitrij-paskevic-YjVa-F9P9kk-unsplash.webp?resize=1400%2C800&ssl=1 4x"},"classes":[]},{"id":625563,"url":"https:\/\/kohenavocats.com\/en\/tribunal-judiciaire-de-metz-le-16-octobre-2025-n25-00257\/","url_meta":{"origin":627305,"position":4},"title":"Tribunal judiciaire de Metz, le 16 octobre 2025, n\u00b025\/00257","author":"Kohen","date":"20 April 2026","format":false,"excerpt":"Le tribunal judiciaire de Metz, statuant en r\u00e9f\u00e9r\u00e9 le 16 octobre 2025, examine une demande en constat d'acquisition d'une clause r\u00e9solutoire pour impay\u00e9s de ...","rel":"","context":"In &quot;Jurisprudence&quot;","block_context":{"text":"Jurisprudence","link":"https:\/\/kohenavocats.com\/category\/jurisprudence\/"},"img":{"alt_text":"","src":"https:\/\/i0.wp.com\/kohenavocats.com\/wp-content\/uploads\/2024\/08\/pierre-axel-cotteret-ZxtssYV12S4-unsplash.webp?resize=350%2C200&ssl=1","width":350,"height":200,"srcset":"https:\/\/i0.wp.com\/kohenavocats.com\/wp-content\/uploads\/2024\/08\/pierre-axel-cotteret-ZxtssYV12S4-unsplash.webp?resize=350%2C200&ssl=1 1x, https:\/\/i0.wp.com\/kohenavocats.com\/wp-content\/uploads\/2024\/08\/pierre-axel-cotteret-ZxtssYV12S4-unsplash.webp?resize=525%2C300&ssl=1 1.5x, https:\/\/i0.wp.com\/kohenavocats.com\/wp-content\/uploads\/2024\/08\/pierre-axel-cotteret-ZxtssYV12S4-unsplash.webp?resize=700%2C400&ssl=1 2x, https:\/\/i0.wp.com\/kohenavocats.com\/wp-content\/uploads\/2024\/08\/pierre-axel-cotteret-ZxtssYV12S4-unsplash.webp?resize=1050%2C600&ssl=1 3x, https:\/\/i0.wp.com\/kohenavocats.com\/wp-content\/uploads\/2024\/08\/pierre-axel-cotteret-ZxtssYV12S4-unsplash.webp?resize=1400%2C800&ssl=1 4x"},"classes":[]},{"id":627003,"url":"https:\/\/kohenavocats.com\/en\/tribunal-judiciaire-de-metz-le-16-octobre-2025-n25-00324\/","url_meta":{"origin":627305,"position":5},"title":"Tribunal judiciaire de Metz, le 16 octobre 2025, n\u00b025\/00324","author":"Kohen","date":"20 April 2026","format":false,"excerpt":"Le tribunal judiciaire de Metz, statuant en r\u00e9f\u00e9r\u00e9, a rendu une ordonnance le 16 octobre 2025. Le juge des contentieux de la protection a examin\u00e9 une demande...","rel":"","context":"In &quot;Jurisprudence&quot;","block_context":{"text":"Jurisprudence","link":"https:\/\/kohenavocats.com\/category\/jurisprudence\/"},"img":{"alt_text":"","src":"https:\/\/i0.wp.com\/kohenavocats.com\/wp-content\/uploads\/2024\/11\/laura-adai-483rEMrcau8-unsplash.webp?resize=350%2C200&ssl=1","width":350,"height":200,"srcset":"https:\/\/i0.wp.com\/kohenavocats.com\/wp-content\/uploads\/2024\/11\/laura-adai-483rEMrcau8-unsplash.webp?resize=350%2C200&ssl=1 1x, https:\/\/i0.wp.com\/kohenavocats.com\/wp-content\/uploads\/2024\/11\/laura-adai-483rEMrcau8-unsplash.webp?resize=525%2C300&ssl=1 1.5x, https:\/\/i0.wp.com\/kohenavocats.com\/wp-content\/uploads\/2024\/11\/laura-adai-483rEMrcau8-unsplash.webp?resize=700%2C400&ssl=1 2x, https:\/\/i0.wp.com\/kohenavocats.com\/wp-content\/uploads\/2024\/11\/laura-adai-483rEMrcau8-unsplash.webp?resize=1050%2C600&ssl=1 3x, https:\/\/i0.wp.com\/kohenavocats.com\/wp-content\/uploads\/2024\/11\/laura-adai-483rEMrcau8-unsplash.webp?resize=1400%2C800&ssl=1 4x"},"classes":[]}],"jetpack_sharing_enabled":true,"_links":{"self":[{"href":"https:\/\/kohenavocats.com\/en\/wp-json\/wp\/v2\/posts\/627305","targetHints":{"allow":["GET"]}}],"collection":[{"href":"https:\/\/kohenavocats.com\/en\/wp-json\/wp\/v2\/posts"}],"about":[{"href":"https:\/\/kohenavocats.com\/en\/wp-json\/wp\/v2\/types\/post"}],"author":[{"embeddable":true,"href":"https:\/\/kohenavocats.com\/en\/wp-json\/wp\/v2\/users\/232070755"}],"replies":[{"embeddable":true,"href":"https:\/\/kohenavocats.com\/en\/wp-json\/wp\/v2\/comments?post=627305"}],"version-history":[{"count":0,"href":"https:\/\/kohenavocats.com\/en\/wp-json\/wp\/v2\/posts\/627305\/revisions"}],"wp:featuredmedia":[{"embeddable":true,"href":"https:\/\/kohenavocats.com\/en\/wp-json\/wp\/v2\/media\/4782"}],"wp:attachment":[{"href":"https:\/\/kohenavocats.com\/en\/wp-json\/wp\/v2\/media?parent=627305"}],"wp:term":[{"taxonomy":"category","embeddable":true,"href":"https:\/\/kohenavocats.com\/en\/wp-json\/wp\/v2\/categories?post=627305"},{"taxonomy":"post_tag","embeddable":true,"href":"https:\/\/kohenavocats.com\/en\/wp-json\/wp\/v2\/tags?post=627305"}],"curies":[{"name":"wp","href":"https:\/\/api.w.org\/{rel}","templated":true}]}}