{"id":632150,"date":"2026-04-21T06:24:25","date_gmt":"2026-04-21T04:24:25","guid":{"rendered":"https:\/\/kohenavocats.com\/tribunal-judiciaire-de-quimper-le-12-decembre-2025-n25-00015\/"},"modified":"2026-04-21T06:24:25","modified_gmt":"2026-04-21T04:24:25","slug":"tribunal-judiciaire-de-quimper-le-12-decembre-2025-n25-00015","status":"publish","type":"post","link":"https:\/\/kohenavocats.com\/en\/tribunal-judiciaire-de-quimper-le-12-decembre-2025-n25-00015\/","title":{"rendered":"Tribunal judiciaire de Quimper, le 12 d\u00e9cembre 2025, n\u00b025\/00015"},"content":{"rendered":"<div class=\"article-content\">\n<p>Le tribunal judiciaire de Quimper, statuant le 12 d\u00e9cembre 2025, a \u00e9t\u00e9 saisi d\u2019un conflit successoral opposant trois h\u00e9ritiers. Le juge a ordonn\u00e9 l\u2019ouverture d\u2019un partage judiciaire et d\u00e9sign\u00e9 un notaire. Il a \u00e9galement rejet\u00e9 diverses demandes indemnitaires et renvoy\u00e9 l\u2019\u00e9valuation de certains biens au notaire commis.<\/p>\n<p>La mise en \u0153uvre du partage judiciaire<\/p>\n<p>La d\u00e9signation d\u2019un notaire comme auxiliaire de justice<\/p>\n<p>Face \u00e0 l\u2019\u00e9chec des tentatives de partage amiable, le tribunal a ordonn\u00e9 l\u2019ouverture des op\u00e9rations de comptes, liquidation et partage. Il a d\u00e9sign\u00e9 un notaire pour y proc\u00e9der, conform\u00e9ment \u00e0 l\u2019article 815 du code civil. Le juge a \u00e9galement commis un magistrat pour surveiller ces op\u00e9rations complexes et conflictuelles. Cette d\u00e9signation permet d\u2019encadrer l\u00e9galement la dissolution d\u2019une indivision devenue conflictuelle.<\/p>\n<p>La mission du notaire inclut l\u2019\u00e9tablissement d\u2019un \u00e9tat liquidatif dans un d\u00e9lai d\u2019un an. &#8220;Le notaire commis devra dresser dans le d\u00e9lai d\u2019un an \u00e0 compter de cette d\u00e9signation, un \u00e9tat liquidatif qui \u00e9tablira la masse partageable, les comptes entre les copartageants, les droits des parties et les \u00e9ventuels d\u00e9passements de la quotit\u00e9 disponible, ainsi que la composition des lots \u00e0 r\u00e9partir, chaque copartageant devant recevoir des biens pour une valeur \u00e9gale \u00e0 celle de ses droits dans l\u2019indivision.&#8221; (Motifs). Cette mission pr\u00e9cise garantit une liquidation exhaustive et \u00e9quitable de la succession.<\/p>\n<p>Le renvoi de questions litigieuses devant le notaire<\/p>\n<p>Le tribunal a refus\u00e9 de statuer imm\u00e9diatement sur la valeur d\u2019un v\u00e9hicule, renvoyant cette question au notaire. Il a justifi\u00e9 cette d\u00e9cision en s\u2019appuyant sur la jurisprudence de la Cour de cassation. &#8220;\u00e9tant rappel\u00e9 que ne m\u00e9conna\u00eet pas son office le juge qui, saisi de demandes au stade de l&#8217;ouverture des op\u00e9rations de partage, estime qu&#8217;il y a lieu de renvoyer les parties devant le notaire afin d&#8217;en permettre l&#8217;instruction.&#8221; (Cour de cassation, 1re chambre civile, 27 Mars 2024). Ce renvoi souligne la nature pr\u00e9paratoire de la phase d\u2019ouverture du partage.<\/p>\n<p>De m\u00eame, la demande de remboursement de frais pour le v\u00e9hicule, bien que non reprise au dispositif des conclusions, pourra \u00eatre pr\u00e9sent\u00e9e devant le notaire. Le juge a \u00e9galement renvoy\u00e9 l\u2019\u00e9valuation et le partage des meubles au notaire commis. Cette solution confirme que le juge de l\u2019ouverture n\u2019a pas \u00e0 trancher le fond des d\u00e9saccords sur la valeur des biens.<\/p>\n<p>Le rejet des demandes indemnitaires entre h\u00e9ritiers<\/p>\n<p>L\u2019exigence d\u2019une d\u00e9monstration probante du pr\u00e9judice<\/p>\n<p>Les demandes fond\u00e9es sur l\u2019article 1240 du code civil ont \u00e9t\u00e9 syst\u00e9matiquement rejet\u00e9es pour d\u00e9faut de preuve. Le tribunal a rappel\u00e9 la n\u00e9cessit\u00e9 de prouver une faute, un pr\u00e9judice et un lien de causalit\u00e9. Concernant la perte de valeur du v\u00e9hicule, les requ\u00e9rantes n\u2019ont pas rapport\u00e9 la preuve du pr\u00e9judice all\u00e9gu\u00e9. &#8220;mesdames [Z] et [G] ne versent aux d\u00e9bats aucune pi\u00e8ce permettant d\u2019\u00e9tablir la perte de valeur all\u00e9gu\u00e9e, la valeur du v\u00e9hicule au jour du d\u00e9c\u00e8s n\u2019\u00e9tant pas connue&#8221; (Motifs). Cette exigence rigoureuse \u00e9vite les indemnisations sp\u00e9culatives.<\/p>\n<p>La demande pour pr\u00e9judice de jouissance li\u00e9 au stationnement du v\u00e9hicule a subi le m\u00eame sort. La requ\u00e9rante s\u2019est content\u00e9e d\u2019all\u00e9gations sans les \u00e9tayer par des \u00e9l\u00e9ments probants. Le juge a constat\u00e9 qu\u2019elle &#8220;n\u2019en \u00e9tablit pas la r\u00e9alit\u00e9, se contentant de soutenir qu\u2019elle ne peut pas acheter un nouveau v\u00e9hicule&#8221; (Motifs). Cette d\u00e9cision r\u00e9affirme que les pr\u00e9tentions indemnitaires doivent \u00eatre s\u00e9rieusement document\u00e9es.<\/p>\n<p>La qualification des d\u00e9saccords dans l\u2019indivision<\/p>\n<p>Le tribunal a refus\u00e9 de qualifier d\u2019abusif le comportement d\u2019un h\u00e9ritier ayant oppos\u00e9 son veto aux propositions de partage. Il a estim\u00e9 que le refus d\u2019un copartageant ne peut a priori \u00eatre consid\u00e9r\u00e9 comme une faute. &#8220;le refus d\u2019un h\u00e9ritier aux propositions de r\u00e9partition faites par les autres ne peut a priori \u00eatre qualifi\u00e9 d\u2019abusif, chacun des co-h\u00e9ritiers devant veiller \u00e0 ce que ses droits dans la succession soient pr\u00e9serv\u00e9s.&#8221; (Motifs). Cette analyse prot\u00e8ge la libert\u00e9 de chaque indivisaire dans les n\u00e9gociations pr\u00e9alables au partage.<\/p>\n<p>Enfin, les demandes relatives \u00e0 une obstruction syst\u00e9matique ont \u00e9t\u00e9 rejet\u00e9es. Les requ\u00e9rantes n\u2019ont pas d\u00e9velopp\u00e9 la nature des pr\u00e9judices subis ni fourni de pi\u00e8ces pour les \u00e9tablir. Ce rejet confirme que les simples d\u00e9saccords, m\u00eame prolong\u00e9s, ne constituent pas en eux-m\u00eames un d\u00e9lit d\u2019obstruction. La solution renvoie l\u2019\u00e9quilibre des droits \u00e0 l\u2019issue des op\u00e9rations liquidatives, conform\u00e9ment \u00e0 la jurisprudence. &#8220;C\u2019est seulement dans l\u2019hypoth\u00e8se o\u00f9 un copartageant ne serait pas rempli de ses droits \u00e0 l\u2019issue de la liquidation \u201cprimaire\u201d qu\u2019il pourrait pr\u00e9tendre au paiement d\u2019une soulte.&#8221; (Tribunal judiciaire de Rennes, le 12 d\u00e9cembre 2025, n\u00b023\/07680).<\/p>\n<\/div>\n","protected":false},"excerpt":{"rendered":"<p>Le tribunal judiciaire de Quimper, statuant le 12 d\u00e9cembre 2025, a \u00e9t\u00e9 saisi d\u2019un conflit successoral opposant trois h\u00e9ritiers. Le juge a ordonn\u00e9 l\u2019ouverture&#8230;<\/p>\n","protected":false},"author":232070755,"featured_media":9572,"comment_status":"open","ping_status":"open","sticky":false,"template":"","format":"standard","meta":{"_crdt_document":"","_jetpack_newsletter_access":"","_jetpack_dont_email_post_to_subs":false,"_jetpack_newsletter_tier_id":0,"_jetpack_memberships_contains_paywalled_content":false,"_kj_source_type":"","_kj_official_id":"","_kj_official_url":"","_kj_judilibre_id":"","_kj_jur":"","_kj_lieu":"","_kj_chambre":"","_kj_rg":"","_kj_date":"","_jetpack_memberships_contains_paid_content":false,"footnotes":"","jetpack_post_was_ever_published":false},"categories":[7597],"tags":[],"class_list":["post-632150","post","type-post","status-publish","format-standard","has-post-thumbnail","hentry","category-jurisprudence"],"yoast_head":"<!-- This site is optimized with the Yoast SEO Premium plugin v27.4 (Yoast SEO v27.4) - https:\/\/yoast.com\/product\/yoast-seo-premium-wordpress\/ -->\n<title>Tribunal judiciaire de Quimper, le 12 d\u00e9cembre 2025, n\u00b025\/00015 - Ma\u00eetre Hassan Kohen, avocat en droit p\u00e9nal \u00e0 Paris<\/title>\n<meta name=\"description\" content=\"Le tribunal judiciaire de Quimper, statuant le 12 d\u00e9cembre 2025, a \u00e9t\u00e9 saisi d\u2019un conflit successoral opposant trois h\u00e9ritiers. Le juge a ordonn\u00e9 l\u2019ouverture...\" \/>\n<meta name=\"robots\" content=\"index, follow, max-snippet:-1, max-image-preview:large, max-video-preview:-1\" \/>\n<link rel=\"canonical\" href=\"https:\/\/kohenavocats.com\/en\/tribunal-judiciaire-de-quimper-le-12-decembre-2025-n25-00015\/\" \/>\n<meta property=\"og:locale\" content=\"en_US\" \/>\n<meta property=\"og:type\" content=\"article\" \/>\n<meta property=\"og:title\" content=\"Tribunal judiciaire de Quimper, le 12 d\u00e9cembre 2025, n\u00b025\/00015\" \/>\n<meta property=\"og:description\" content=\"Le tribunal judiciaire de Quimper, statuant le 12 d\u00e9cembre 2025, a \u00e9t\u00e9 saisi d\u2019un conflit successoral opposant trois h\u00e9ritiers. Le juge a ordonn\u00e9 l\u2019ouverture...\" \/>\n<meta property=\"og:url\" content=\"https:\/\/kohenavocats.com\/en\/tribunal-judiciaire-de-quimper-le-12-decembre-2025-n25-00015\/\" \/>\n<meta property=\"og:site_name\" content=\"Ma\u00eetre Hassan Kohen, avocat en droit p\u00e9nal \u00e0 Paris\" \/>\n<meta property=\"article:published_time\" content=\"2026-04-21T04:24:25+00:00\" \/>\n<meta property=\"og:image\" content=\"https:\/\/kohenavocats.com\/wp-content\/uploads\/2024\/11\/ave-calvar-clKiaVaiROM-unsplash.webp\" \/>\n\t<meta property=\"og:image:width\" content=\"3927\" \/>\n\t<meta property=\"og:image:height\" content=\"6291\" \/>\n\t<meta property=\"og:image:type\" content=\"image\/webp\" \/>\n<meta name=\"author\" content=\"Kohen\" \/>\n<meta name=\"twitter:card\" content=\"summary_large_image\" \/>\n<meta name=\"twitter:label1\" content=\"Written by\" \/>\n\t<meta name=\"twitter:data1\" content=\"Kohen\" \/>\n\t<meta name=\"twitter:label2\" content=\"Est. reading time\" \/>\n\t<meta name=\"twitter:data2\" content=\"4 minutes\" \/>\n<script type=\"application\/ld+json\" class=\"yoast-schema-graph\">{\"@context\":\"https:\\\/\\\/schema.org\",\"@graph\":[{\"@type\":\"Article\",\"@id\":\"https:\\\/\\\/kohenavocats.com\\\/en\\\/tribunal-judiciaire-de-quimper-le-12-decembre-2025-n25-00015\\\/#article\",\"isPartOf\":{\"@id\":\"https:\\\/\\\/kohenavocats.com\\\/en\\\/tribunal-judiciaire-de-quimper-le-12-decembre-2025-n25-00015\\\/\"},\"author\":{\"name\":\"Kohen\",\"@id\":\"https:\\\/\\\/kohenavocats.com\\\/en\\\/#\\\/schema\\\/person\\\/761c9ba54fa1ca84d405cef0831ff751\"},\"headline\":\"Tribunal judiciaire de Quimper, le 12 d\u00e9cembre 2025, n\u00b025\\\/00015\",\"datePublished\":\"2026-04-21T04:24:25+00:00\",\"mainEntityOfPage\":{\"@id\":\"https:\\\/\\\/kohenavocats.com\\\/en\\\/tribunal-judiciaire-de-quimper-le-12-decembre-2025-n25-00015\\\/\"},\"wordCount\":853,\"commentCount\":0,\"publisher\":{\"@id\":\"https:\\\/\\\/kohenavocats.com\\\/en\\\/#organization\"},\"image\":{\"@id\":\"https:\\\/\\\/kohenavocats.com\\\/en\\\/tribunal-judiciaire-de-quimper-le-12-decembre-2025-n25-00015\\\/#primaryimage\"},\"thumbnailUrl\":\"https:\\\/\\\/kohenavocats.com\\\/wp-content\\\/uploads\\\/2024\\\/11\\\/ave-calvar-clKiaVaiROM-unsplash.webp\",\"articleSection\":[\"Jurisprudence\"],\"inLanguage\":\"en-US\",\"potentialAction\":[{\"@type\":\"CommentAction\",\"name\":\"Comment\",\"target\":[\"https:\\\/\\\/kohenavocats.com\\\/en\\\/tribunal-judiciaire-de-quimper-le-12-decembre-2025-n25-00015\\\/#respond\"]}],\"citation\":\"Tribunal judiciaire de Quimper, le 12 d\u00e9cembre 2025, n\u00b025\\\/00015\",\"about\":[{\"@type\":\"Thing\",\"name\":\"Jurisprudence\"}],\"dateModified\":\"2026-04-21T04:24:25+00:00\",\"speakable\":{\"@type\":\"SpeakableSpecification\",\"cssSelector\":[\".article-content > p:first-of-type\"]}},{\"@type\":\"WebPage\",\"@id\":\"https:\\\/\\\/kohenavocats.com\\\/en\\\/tribunal-judiciaire-de-quimper-le-12-decembre-2025-n25-00015\\\/\",\"url\":\"https:\\\/\\\/kohenavocats.com\\\/en\\\/tribunal-judiciaire-de-quimper-le-12-decembre-2025-n25-00015\\\/\",\"name\":\"Tribunal judiciaire de Quimper, le 12 d\u00e9cembre 2025, n\u00b025\\\/00015 - Ma\u00eetre Hassan Kohen, avocat en droit p\u00e9nal \u00e0 Paris\",\"isPartOf\":{\"@id\":\"https:\\\/\\\/kohenavocats.com\\\/en\\\/#website\"},\"primaryImageOfPage\":{\"@id\":\"https:\\\/\\\/kohenavocats.com\\\/en\\\/tribunal-judiciaire-de-quimper-le-12-decembre-2025-n25-00015\\\/#primaryimage\"},\"image\":{\"@id\":\"https:\\\/\\\/kohenavocats.com\\\/en\\\/tribunal-judiciaire-de-quimper-le-12-decembre-2025-n25-00015\\\/#primaryimage\"},\"thumbnailUrl\":\"https:\\\/\\\/kohenavocats.com\\\/wp-content\\\/uploads\\\/2024\\\/11\\\/ave-calvar-clKiaVaiROM-unsplash.webp\",\"datePublished\":\"2026-04-21T04:24:25+00:00\",\"description\":\"Le tribunal judiciaire de Quimper, statuant le 12 d\u00e9cembre 2025, a \u00e9t\u00e9 saisi d\u2019un conflit successoral opposant trois h\u00e9ritiers. Le juge a ordonn\u00e9 l\u2019ouverture...\",\"breadcrumb\":{\"@id\":\"https:\\\/\\\/kohenavocats.com\\\/en\\\/tribunal-judiciaire-de-quimper-le-12-decembre-2025-n25-00015\\\/#breadcrumb\"},\"inLanguage\":\"en-US\",\"potentialAction\":[{\"@type\":\"ReadAction\",\"target\":[\"https:\\\/\\\/kohenavocats.com\\\/en\\\/tribunal-judiciaire-de-quimper-le-12-decembre-2025-n25-00015\\\/\"]}]},{\"@type\":\"ImageObject\",\"inLanguage\":\"en-US\",\"@id\":\"https:\\\/\\\/kohenavocats.com\\\/en\\\/tribunal-judiciaire-de-quimper-le-12-decembre-2025-n25-00015\\\/#primaryimage\",\"url\":\"https:\\\/\\\/kohenavocats.com\\\/wp-content\\\/uploads\\\/2024\\\/11\\\/ave-calvar-clKiaVaiROM-unsplash.webp\",\"contentUrl\":\"https:\\\/\\\/kohenavocats.com\\\/wp-content\\\/uploads\\\/2024\\\/11\\\/ave-calvar-clKiaVaiROM-unsplash.webp\",\"width\":3927,\"height\":6291},{\"@type\":\"BreadcrumbList\",\"@id\":\"https:\\\/\\\/kohenavocats.com\\\/en\\\/tribunal-judiciaire-de-quimper-le-12-decembre-2025-n25-00015\\\/#breadcrumb\",\"itemListElement\":[{\"@type\":\"ListItem\",\"position\":1,\"name\":\"Home\",\"item\":\"https:\\\/\\\/kohenavocats.com\\\/en\\\/criminal-law-attorneys-in-paris-counsel-and-strategic-defense\\\/\"},{\"@type\":\"ListItem\",\"position\":2,\"name\":\"Tribunal judiciaire de Quimper, le 12 d\u00e9cembre 2025, n\u00b025\\\/00015\"}]},{\"@type\":\"WebSite\",\"@id\":\"https:\\\/\\\/kohenavocats.com\\\/en\\\/#website\",\"url\":\"https:\\\/\\\/kohenavocats.com\\\/en\\\/\",\"name\":\"Kohen Avocats\",\"description\":\"Ma\u00eetre Hassan Kohen, avocat p\u00e9naliste \u00e0 Paris, intervient exclusivement en droit p\u00e9nal pour la d\u00e9fense des particuliers, notamment en mati\u00e8re d\u2019accusations de viol. Il assure un accompagnement rigoureux d\u00e8s la garde \u00e0 vue jusqu\u2019\u00e0 la Cour d\u2019assises, veillant au strict respect des garanties proc\u00e9durales.\",\"publisher\":{\"@id\":\"https:\\\/\\\/kohenavocats.com\\\/en\\\/#organization\"},\"potentialAction\":[{\"@type\":\"SearchAction\",\"target\":{\"@type\":\"EntryPoint\",\"urlTemplate\":\"https:\\\/\\\/kohenavocats.com\\\/en\\\/?s={search_term_string}\"},\"query-input\":{\"@type\":\"PropertyValueSpecification\",\"valueRequired\":true,\"valueName\":\"search_term_string\"}}],\"inLanguage\":\"en-US\"},{\"@type\":\"Organization\",\"@id\":\"https:\\\/\\\/kohenavocats.com\\\/en\\\/#organization\",\"name\":\"Kohen Avocats\",\"url\":\"https:\\\/\\\/kohenavocats.com\\\/en\\\/\",\"logo\":{\"@type\":\"ImageObject\",\"inLanguage\":\"en-US\",\"@id\":\"https:\\\/\\\/kohenavocats.com\\\/en\\\/#\\\/schema\\\/logo\\\/image\\\/\",\"url\":\"https:\\\/\\\/kohenavocats.com\\\/wp-content\\\/uploads\\\/2026\\\/01\\\/Logo-2-1.webp\",\"contentUrl\":\"https:\\\/\\\/kohenavocats.com\\\/wp-content\\\/uploads\\\/2026\\\/01\\\/Logo-2-1.webp\",\"width\":2114,\"height\":1253,\"caption\":\"Kohen Avocats\"},\"image\":{\"@id\":\"https:\\\/\\\/kohenavocats.com\\\/en\\\/#\\\/schema\\\/logo\\\/image\\\/\"}},{\"@type\":\"Person\",\"@id\":\"https:\\\/\\\/kohenavocats.com\\\/en\\\/#\\\/schema\\\/person\\\/761c9ba54fa1ca84d405cef0831ff751\",\"name\":\"Kohen\",\"image\":{\"@type\":\"ImageObject\",\"inLanguage\":\"en-US\",\"@id\":\"https:\\\/\\\/secure.gravatar.com\\\/avatar\\\/1c5e76ef76bbbfdd2b4da984e2bf2fa4056fd51a27d25ce2c332047f1dfd6e00?s=96&d=identicon&r=g\",\"url\":\"https:\\\/\\\/secure.gravatar.com\\\/avatar\\\/1c5e76ef76bbbfdd2b4da984e2bf2fa4056fd51a27d25ce2c332047f1dfd6e00?s=96&d=identicon&r=g\",\"contentUrl\":\"https:\\\/\\\/secure.gravatar.com\\\/avatar\\\/1c5e76ef76bbbfdd2b4da984e2bf2fa4056fd51a27d25ce2c332047f1dfd6e00?s=96&d=identicon&r=g\",\"caption\":\"Kohen\"},\"sameAs\":[\"https:\\\/\\\/www.linkedin.com\\\/in\\\/hassan-kohen-448548192\\\/\",\"https:\\\/\\\/www.youtube.com\\\/@Kohen-Avocats\"],\"url\":\"https:\\\/\\\/kohenavocats.com\\\/en\\\/author\\\/kohenmlk\\\/\"}]}<\/script>\n<!-- \/ Yoast SEO Premium plugin. -->","yoast_head_json":{"title":"Tribunal judiciaire de Quimper, le 12 d\u00e9cembre 2025, n\u00b025\/00015 - Ma\u00eetre Hassan Kohen, avocat en droit p\u00e9nal \u00e0 Paris","description":"Le tribunal judiciaire de Quimper, statuant le 12 d\u00e9cembre 2025, a \u00e9t\u00e9 saisi d\u2019un conflit successoral opposant trois h\u00e9ritiers. Le juge a ordonn\u00e9 l\u2019ouverture...","robots":{"index":"index","follow":"follow","max-snippet":"max-snippet:-1","max-image-preview":"max-image-preview:large","max-video-preview":"max-video-preview:-1"},"canonical":"https:\/\/kohenavocats.com\/en\/tribunal-judiciaire-de-quimper-le-12-decembre-2025-n25-00015\/","og_locale":"en_US","og_type":"article","og_title":"Tribunal judiciaire de Quimper, le 12 d\u00e9cembre 2025, n\u00b025\/00015","og_description":"Le tribunal judiciaire de Quimper, statuant le 12 d\u00e9cembre 2025, a \u00e9t\u00e9 saisi d\u2019un conflit successoral opposant trois h\u00e9ritiers. Le juge a ordonn\u00e9 l\u2019ouverture...","og_url":"https:\/\/kohenavocats.com\/en\/tribunal-judiciaire-de-quimper-le-12-decembre-2025-n25-00015\/","og_site_name":"Ma\u00eetre Hassan Kohen, avocat en droit p\u00e9nal \u00e0 Paris","article_published_time":"2026-04-21T04:24:25+00:00","og_image":[{"width":3927,"height":6291,"url":"https:\/\/kohenavocats.com\/wp-content\/uploads\/2024\/11\/ave-calvar-clKiaVaiROM-unsplash.webp","type":"image\/webp"}],"author":"Kohen","twitter_card":"summary_large_image","twitter_misc":{"Written by":"Kohen","Est. reading time":"4 minutes"},"schema":{"@context":"https:\/\/schema.org","@graph":[{"@type":"Article","@id":"https:\/\/kohenavocats.com\/en\/tribunal-judiciaire-de-quimper-le-12-decembre-2025-n25-00015\/#article","isPartOf":{"@id":"https:\/\/kohenavocats.com\/en\/tribunal-judiciaire-de-quimper-le-12-decembre-2025-n25-00015\/"},"author":{"name":"Kohen","@id":"https:\/\/kohenavocats.com\/en\/#\/schema\/person\/761c9ba54fa1ca84d405cef0831ff751"},"headline":"Tribunal judiciaire de Quimper, le 12 d\u00e9cembre 2025, n\u00b025\/00015","datePublished":"2026-04-21T04:24:25+00:00","mainEntityOfPage":{"@id":"https:\/\/kohenavocats.com\/en\/tribunal-judiciaire-de-quimper-le-12-decembre-2025-n25-00015\/"},"wordCount":853,"commentCount":0,"publisher":{"@id":"https:\/\/kohenavocats.com\/en\/#organization"},"image":{"@id":"https:\/\/kohenavocats.com\/en\/tribunal-judiciaire-de-quimper-le-12-decembre-2025-n25-00015\/#primaryimage"},"thumbnailUrl":"https:\/\/kohenavocats.com\/wp-content\/uploads\/2024\/11\/ave-calvar-clKiaVaiROM-unsplash.webp","articleSection":["Jurisprudence"],"inLanguage":"en-US","potentialAction":[{"@type":"CommentAction","name":"Comment","target":["https:\/\/kohenavocats.com\/en\/tribunal-judiciaire-de-quimper-le-12-decembre-2025-n25-00015\/#respond"]}],"citation":"Tribunal judiciaire de Quimper, le 12 d\u00e9cembre 2025, n\u00b025\/00015","about":[{"@type":"Thing","name":"Jurisprudence"}],"dateModified":"2026-04-21T04:24:25+00:00","speakable":{"@type":"SpeakableSpecification","cssSelector":[".article-content > p:first-of-type"]}},{"@type":"WebPage","@id":"https:\/\/kohenavocats.com\/en\/tribunal-judiciaire-de-quimper-le-12-decembre-2025-n25-00015\/","url":"https:\/\/kohenavocats.com\/en\/tribunal-judiciaire-de-quimper-le-12-decembre-2025-n25-00015\/","name":"Tribunal judiciaire de Quimper, le 12 d\u00e9cembre 2025, n\u00b025\/00015 - Ma\u00eetre Hassan Kohen, avocat en droit p\u00e9nal \u00e0 Paris","isPartOf":{"@id":"https:\/\/kohenavocats.com\/en\/#website"},"primaryImageOfPage":{"@id":"https:\/\/kohenavocats.com\/en\/tribunal-judiciaire-de-quimper-le-12-decembre-2025-n25-00015\/#primaryimage"},"image":{"@id":"https:\/\/kohenavocats.com\/en\/tribunal-judiciaire-de-quimper-le-12-decembre-2025-n25-00015\/#primaryimage"},"thumbnailUrl":"https:\/\/kohenavocats.com\/wp-content\/uploads\/2024\/11\/ave-calvar-clKiaVaiROM-unsplash.webp","datePublished":"2026-04-21T04:24:25+00:00","description":"Le tribunal judiciaire de Quimper, statuant le 12 d\u00e9cembre 2025, a \u00e9t\u00e9 saisi d\u2019un conflit successoral opposant trois h\u00e9ritiers. Le juge a ordonn\u00e9 l\u2019ouverture...","breadcrumb":{"@id":"https:\/\/kohenavocats.com\/en\/tribunal-judiciaire-de-quimper-le-12-decembre-2025-n25-00015\/#breadcrumb"},"inLanguage":"en-US","potentialAction":[{"@type":"ReadAction","target":["https:\/\/kohenavocats.com\/en\/tribunal-judiciaire-de-quimper-le-12-decembre-2025-n25-00015\/"]}]},{"@type":"ImageObject","inLanguage":"en-US","@id":"https:\/\/kohenavocats.com\/en\/tribunal-judiciaire-de-quimper-le-12-decembre-2025-n25-00015\/#primaryimage","url":"https:\/\/kohenavocats.com\/wp-content\/uploads\/2024\/11\/ave-calvar-clKiaVaiROM-unsplash.webp","contentUrl":"https:\/\/kohenavocats.com\/wp-content\/uploads\/2024\/11\/ave-calvar-clKiaVaiROM-unsplash.webp","width":3927,"height":6291},{"@type":"BreadcrumbList","@id":"https:\/\/kohenavocats.com\/en\/tribunal-judiciaire-de-quimper-le-12-decembre-2025-n25-00015\/#breadcrumb","itemListElement":[{"@type":"ListItem","position":1,"name":"Home","item":"https:\/\/kohenavocats.com\/en\/criminal-law-attorneys-in-paris-counsel-and-strategic-defense\/"},{"@type":"ListItem","position":2,"name":"Tribunal judiciaire de Quimper, le 12 d\u00e9cembre 2025, n\u00b025\/00015"}]},{"@type":"WebSite","@id":"https:\/\/kohenavocats.com\/en\/#website","url":"https:\/\/kohenavocats.com\/en\/","name":"Kohen Avocats","description":"Ma\u00eetre Hassan Kohen, avocat p\u00e9naliste \u00e0 Paris, intervient exclusivement en droit p\u00e9nal pour la d\u00e9fense des particuliers, notamment en mati\u00e8re d\u2019accusations de viol. Il assure un accompagnement rigoureux d\u00e8s la garde \u00e0 vue jusqu\u2019\u00e0 la Cour d\u2019assises, veillant au strict respect des garanties proc\u00e9durales.","publisher":{"@id":"https:\/\/kohenavocats.com\/en\/#organization"},"potentialAction":[{"@type":"SearchAction","target":{"@type":"EntryPoint","urlTemplate":"https:\/\/kohenavocats.com\/en\/?s={search_term_string}"},"query-input":{"@type":"PropertyValueSpecification","valueRequired":true,"valueName":"search_term_string"}}],"inLanguage":"en-US"},{"@type":"Organization","@id":"https:\/\/kohenavocats.com\/en\/#organization","name":"Kohen Avocats","url":"https:\/\/kohenavocats.com\/en\/","logo":{"@type":"ImageObject","inLanguage":"en-US","@id":"https:\/\/kohenavocats.com\/en\/#\/schema\/logo\/image\/","url":"https:\/\/kohenavocats.com\/wp-content\/uploads\/2026\/01\/Logo-2-1.webp","contentUrl":"https:\/\/kohenavocats.com\/wp-content\/uploads\/2026\/01\/Logo-2-1.webp","width":2114,"height":1253,"caption":"Kohen Avocats"},"image":{"@id":"https:\/\/kohenavocats.com\/en\/#\/schema\/logo\/image\/"}},{"@type":"Person","@id":"https:\/\/kohenavocats.com\/en\/#\/schema\/person\/761c9ba54fa1ca84d405cef0831ff751","name":"Kohen","image":{"@type":"ImageObject","inLanguage":"en-US","@id":"https:\/\/secure.gravatar.com\/avatar\/1c5e76ef76bbbfdd2b4da984e2bf2fa4056fd51a27d25ce2c332047f1dfd6e00?s=96&d=identicon&r=g","url":"https:\/\/secure.gravatar.com\/avatar\/1c5e76ef76bbbfdd2b4da984e2bf2fa4056fd51a27d25ce2c332047f1dfd6e00?s=96&d=identicon&r=g","contentUrl":"https:\/\/secure.gravatar.com\/avatar\/1c5e76ef76bbbfdd2b4da984e2bf2fa4056fd51a27d25ce2c332047f1dfd6e00?s=96&d=identicon&r=g","caption":"Kohen"},"sameAs":["https:\/\/www.linkedin.com\/in\/hassan-kohen-448548192\/","https:\/\/www.youtube.com\/@Kohen-Avocats"],"url":"https:\/\/kohenavocats.com\/en\/author\/kohenmlk\/"}]}},"jetpack_featured_media_url":"https:\/\/kohenavocats.com\/wp-content\/uploads\/2024\/11\/ave-calvar-clKiaVaiROM-unsplash.webp","jetpack_likes_enabled":false,"jetpack_shortlink":"https:\/\/wp.me\/peCrII-2ErY","jetpack-related-posts":[{"id":228092,"url":"https:\/\/kohenavocats.com\/en\/tribunal-judiciaire-de-quimper-le-13-juin-2025-n24-01686\/","url_meta":{"origin":632150,"position":0},"title":"Tribunal judiciaire de Quimper, le 13 juin 2025, n\u00b024\/01686","author":"Kohen","date":"27 December 2025","format":false,"excerpt":"Now using node v22.15.1 (npm v10.8.2)Utilisation de Node.js v20.19.4 et npm 10.8.2Codex est d\u00e9j\u00e0 install\u00e9.Lancement de Codex\u2026Par jugement du 13 juin 2025, tribunal judiciaire de Quimper, juge aux affaires familiales, statuant en premier ressort, a ordonn\u00e9 l\u2019ouverture des op\u00e9rations de liquidation et de partage du r\u00e9gime matrimonial. La d\u00e9cision s\u2019inscrit\u2026","rel":"","context":"In &quot;D\u00e9cisions juridiques&quot;","block_context":{"text":"D\u00e9cisions juridiques","link":"https:\/\/kohenavocats.com\/category\/decisions-juridiques\/"},"img":{"alt_text":"","src":"https:\/\/i0.wp.com\/kohenavocats.com\/wp-content\/uploads\/2024\/08\/rafael-garcin-DnyhSrgrrNc-unsplash.webp?resize=350%2C200&ssl=1","width":350,"height":200,"srcset":"https:\/\/i0.wp.com\/kohenavocats.com\/wp-content\/uploads\/2024\/08\/rafael-garcin-DnyhSrgrrNc-unsplash.webp?resize=350%2C200&ssl=1 1x, https:\/\/i0.wp.com\/kohenavocats.com\/wp-content\/uploads\/2024\/08\/rafael-garcin-DnyhSrgrrNc-unsplash.webp?resize=525%2C300&ssl=1 1.5x, https:\/\/i0.wp.com\/kohenavocats.com\/wp-content\/uploads\/2024\/08\/rafael-garcin-DnyhSrgrrNc-unsplash.webp?resize=700%2C400&ssl=1 2x, https:\/\/i0.wp.com\/kohenavocats.com\/wp-content\/uploads\/2024\/08\/rafael-garcin-DnyhSrgrrNc-unsplash.webp?resize=1050%2C600&ssl=1 3x, https:\/\/i0.wp.com\/kohenavocats.com\/wp-content\/uploads\/2024\/08\/rafael-garcin-DnyhSrgrrNc-unsplash.webp?resize=1400%2C800&ssl=1 4x"},"classes":[]},{"id":632606,"url":"https:\/\/kohenavocats.com\/en\/tribunal-judiciaire-de-quimper-le-25-avril-2024-n25-00283\/","url_meta":{"origin":632150,"position":1},"title":"Tribunal judiciaire de Quimper, le 25 avril 2024, n\u00b025\/00283","author":"Kohen","date":"21 April 2026","format":false,"excerpt":"Le tribunal judiciaire de Quimper, statuant en premier ressort, a rendu un jugement r\u00e9put\u00e9 contradictoire le 25 avril 2024. Il \u00e9tait saisi d\u2019une demande en o...","rel":"","context":"In &quot;Jurisprudence&quot;","block_context":{"text":"Jurisprudence","link":"https:\/\/kohenavocats.com\/category\/jurisprudence\/"},"img":{"alt_text":"","src":"https:\/\/i0.wp.com\/kohenavocats.com\/wp-content\/uploads\/2024\/11\/chris-barbalis-p3hlhPiB9Ro-unsplash.webp?resize=350%2C200&ssl=1","width":350,"height":200,"srcset":"https:\/\/i0.wp.com\/kohenavocats.com\/wp-content\/uploads\/2024\/11\/chris-barbalis-p3hlhPiB9Ro-unsplash.webp?resize=350%2C200&ssl=1 1x, https:\/\/i0.wp.com\/kohenavocats.com\/wp-content\/uploads\/2024\/11\/chris-barbalis-p3hlhPiB9Ro-unsplash.webp?resize=525%2C300&ssl=1 1.5x, https:\/\/i0.wp.com\/kohenavocats.com\/wp-content\/uploads\/2024\/11\/chris-barbalis-p3hlhPiB9Ro-unsplash.webp?resize=700%2C400&ssl=1 2x, https:\/\/i0.wp.com\/kohenavocats.com\/wp-content\/uploads\/2024\/11\/chris-barbalis-p3hlhPiB9Ro-unsplash.webp?resize=1050%2C600&ssl=1 3x, https:\/\/i0.wp.com\/kohenavocats.com\/wp-content\/uploads\/2024\/11\/chris-barbalis-p3hlhPiB9Ro-unsplash.webp?resize=1400%2C800&ssl=1 4x"},"classes":[]},{"id":57553,"url":"https:\/\/kohenavocats.com\/en\/tribunal-judiciaire-de-quimper-le-13-juin-2025-n24-01685\/","url_meta":{"origin":632150,"position":2},"title":"Tribunal judiciaire de Quimper, le 13 juin 2025, n\u00b024\/01685","author":"Kohen","date":"8 November 2025","format":false,"excerpt":"Le tribunal judiciaire de Quimper, 13 juin 2025, intervient dans la liquidation-partage d\u2019un r\u00e9gime communautaire, en pr\u00e9sence de plusieurs immeubles indivis. Les ex\u2011\u00e9poux ne parvenaient pas \u00e0 s\u2019accorder sur l\u2019attribution de l\u2019un des biens ni sur la vente des autres, malgr\u00e9 des \u00e9changes ant\u00e9rieurs. La formation, statuant en premier ressort\u2026","rel":"","context":"In &quot;D\u00e9cisions juridiques&quot;","block_context":{"text":"D\u00e9cisions juridiques","link":"https:\/\/kohenavocats.com\/category\/decisions-juridiques\/"},"img":{"alt_text":"","src":"https:\/\/i0.wp.com\/kohenavocats.com\/wp-content\/uploads\/2024\/08\/zhu-yunxiao-M-RTlATkDWU-unsplash.webp?resize=350%2C200&ssl=1","width":350,"height":200,"srcset":"https:\/\/i0.wp.com\/kohenavocats.com\/wp-content\/uploads\/2024\/08\/zhu-yunxiao-M-RTlATkDWU-unsplash.webp?resize=350%2C200&ssl=1 1x, https:\/\/i0.wp.com\/kohenavocats.com\/wp-content\/uploads\/2024\/08\/zhu-yunxiao-M-RTlATkDWU-unsplash.webp?resize=525%2C300&ssl=1 1.5x, https:\/\/i0.wp.com\/kohenavocats.com\/wp-content\/uploads\/2024\/08\/zhu-yunxiao-M-RTlATkDWU-unsplash.webp?resize=700%2C400&ssl=1 2x, https:\/\/i0.wp.com\/kohenavocats.com\/wp-content\/uploads\/2024\/08\/zhu-yunxiao-M-RTlATkDWU-unsplash.webp?resize=1050%2C600&ssl=1 3x, https:\/\/i0.wp.com\/kohenavocats.com\/wp-content\/uploads\/2024\/08\/zhu-yunxiao-M-RTlATkDWU-unsplash.webp?resize=1400%2C800&ssl=1 4x"},"classes":[]},{"id":489250,"url":"https:\/\/kohenavocats.com\/en\/tribunal-judiciaire-de-quimper-le-21-novembre-2025-n23-02260\/","url_meta":{"origin":632150,"position":3},"title":"Tribunal judiciaire de Quimper, le 21 novembre 2025, n\u00b023\/02260","author":"Kohen","date":"8 April 2026","format":false,"excerpt":"Le Tribunal judiciaire de Quimper, statuant en chambre de la famille le 21 novembre 2025, a \u00e9t\u00e9 saisi d\u2019une demande relative \u00e0 la liquidation des int\u00e9r\u00eats pa...","rel":"","context":"In &quot;Jurisprudence&quot;","block_context":{"text":"Jurisprudence","link":"https:\/\/kohenavocats.com\/category\/jurisprudence\/"},"img":{"alt_text":"","src":"https:\/\/i0.wp.com\/kohenavocats.com\/wp-content\/uploads\/2024\/11\/alex-shuper-VcLOsHAk_SA-unsplash.webp?resize=350%2C200&ssl=1","width":350,"height":200,"srcset":"https:\/\/i0.wp.com\/kohenavocats.com\/wp-content\/uploads\/2024\/11\/alex-shuper-VcLOsHAk_SA-unsplash.webp?resize=350%2C200&ssl=1 1x, https:\/\/i0.wp.com\/kohenavocats.com\/wp-content\/uploads\/2024\/11\/alex-shuper-VcLOsHAk_SA-unsplash.webp?resize=525%2C300&ssl=1 1.5x, https:\/\/i0.wp.com\/kohenavocats.com\/wp-content\/uploads\/2024\/11\/alex-shuper-VcLOsHAk_SA-unsplash.webp?resize=700%2C400&ssl=1 2x, https:\/\/i0.wp.com\/kohenavocats.com\/wp-content\/uploads\/2024\/11\/alex-shuper-VcLOsHAk_SA-unsplash.webp?resize=1050%2C600&ssl=1 3x, https:\/\/i0.wp.com\/kohenavocats.com\/wp-content\/uploads\/2024\/11\/alex-shuper-VcLOsHAk_SA-unsplash.webp?resize=1400%2C800&ssl=1 4x"},"classes":[]},{"id":29952,"url":"https:\/\/kohenavocats.com\/en\/tribunal-judiciaire-de-quimper-le-13-juin-2025-n24-00435\/","url_meta":{"origin":632150,"position":4},"title":"Tribunal judiciaire de Quimper, le 13 juin 2025, n\u00b024\/00435","author":"Kohen","date":"5 November 2025","format":false,"excerpt":"Par un jugement du 13 juin 2025, le tribunal judiciaire de Quimper, chambre de la famille, a organis\u00e9 la liquidation et le partage d\u2019un patrimoine post\u2011conjugal. Saisi de demandes relatives \u00e0 l\u2019ouverture des op\u00e9rations, \u00e0 la vente du bien commun et aux effets de l\u2019occupation, il a articul\u00e9 des mesures\u2026","rel":"","context":"In &quot;D\u00e9cisions juridiques&quot;","block_context":{"text":"D\u00e9cisions juridiques","link":"https:\/\/kohenavocats.com\/category\/decisions-juridiques\/"},"img":{"alt_text":"","src":"https:\/\/i0.wp.com\/kohenavocats.com\/wp-content\/uploads\/2024\/11\/kateryna-hliznitsova-TQpOu3Bivsc-unsplash.webp?resize=350%2C200&ssl=1","width":350,"height":200,"srcset":"https:\/\/i0.wp.com\/kohenavocats.com\/wp-content\/uploads\/2024\/11\/kateryna-hliznitsova-TQpOu3Bivsc-unsplash.webp?resize=350%2C200&ssl=1 1x, https:\/\/i0.wp.com\/kohenavocats.com\/wp-content\/uploads\/2024\/11\/kateryna-hliznitsova-TQpOu3Bivsc-unsplash.webp?resize=525%2C300&ssl=1 1.5x, https:\/\/i0.wp.com\/kohenavocats.com\/wp-content\/uploads\/2024\/11\/kateryna-hliznitsova-TQpOu3Bivsc-unsplash.webp?resize=700%2C400&ssl=1 2x, https:\/\/i0.wp.com\/kohenavocats.com\/wp-content\/uploads\/2024\/11\/kateryna-hliznitsova-TQpOu3Bivsc-unsplash.webp?resize=1050%2C600&ssl=1 3x, https:\/\/i0.wp.com\/kohenavocats.com\/wp-content\/uploads\/2024\/11\/kateryna-hliznitsova-TQpOu3Bivsc-unsplash.webp?resize=1400%2C800&ssl=1 4x"},"classes":[]},{"id":57862,"url":"https:\/\/kohenavocats.com\/en\/tribunal-judiciaire-de-quimper-le-13-juin-2025-n23-02285\/","url_meta":{"origin":632150,"position":5},"title":"Tribunal judiciaire de Quimper, le 13 juin 2025, n\u00b023\/02285","author":"Kohen","date":"9 November 2025","format":false,"excerpt":"Par un jugement du tribunal judiciaire de Quimper, chambre de la famille, du 13 juin 2025, le juge aux affaires familiales a organis\u00e9 les op\u00e9rations de comptes, liquidation et partage cons\u00e9cutives \u00e0 un divorce. La d\u00e9cision \u00ab ORDONNE l\u2019ouverture de compte liquidation et partage des int\u00e9r\u00eats patrimoniaux \u00bb et \u00ab\u2026","rel":"","context":"In &quot;D\u00e9cisions juridiques&quot;","block_context":{"text":"D\u00e9cisions juridiques","link":"https:\/\/kohenavocats.com\/category\/decisions-juridiques\/"},"img":{"alt_text":"","src":"https:\/\/i0.wp.com\/kohenavocats.com\/wp-content\/uploads\/2024\/08\/cristina-gottardi-GeKoZualPmA-unsplash-1.webp?resize=350%2C200&ssl=1","width":350,"height":200,"srcset":"https:\/\/i0.wp.com\/kohenavocats.com\/wp-content\/uploads\/2024\/08\/cristina-gottardi-GeKoZualPmA-unsplash-1.webp?resize=350%2C200&ssl=1 1x, https:\/\/i0.wp.com\/kohenavocats.com\/wp-content\/uploads\/2024\/08\/cristina-gottardi-GeKoZualPmA-unsplash-1.webp?resize=525%2C300&ssl=1 1.5x, https:\/\/i0.wp.com\/kohenavocats.com\/wp-content\/uploads\/2024\/08\/cristina-gottardi-GeKoZualPmA-unsplash-1.webp?resize=700%2C400&ssl=1 2x, https:\/\/i0.wp.com\/kohenavocats.com\/wp-content\/uploads\/2024\/08\/cristina-gottardi-GeKoZualPmA-unsplash-1.webp?resize=1050%2C600&ssl=1 3x, https:\/\/i0.wp.com\/kohenavocats.com\/wp-content\/uploads\/2024\/08\/cristina-gottardi-GeKoZualPmA-unsplash-1.webp?resize=1400%2C800&ssl=1 4x"},"classes":[]}],"jetpack_sharing_enabled":true,"_links":{"self":[{"href":"https:\/\/kohenavocats.com\/en\/wp-json\/wp\/v2\/posts\/632150","targetHints":{"allow":["GET"]}}],"collection":[{"href":"https:\/\/kohenavocats.com\/en\/wp-json\/wp\/v2\/posts"}],"about":[{"href":"https:\/\/kohenavocats.com\/en\/wp-json\/wp\/v2\/types\/post"}],"author":[{"embeddable":true,"href":"https:\/\/kohenavocats.com\/en\/wp-json\/wp\/v2\/users\/232070755"}],"replies":[{"embeddable":true,"href":"https:\/\/kohenavocats.com\/en\/wp-json\/wp\/v2\/comments?post=632150"}],"version-history":[{"count":0,"href":"https:\/\/kohenavocats.com\/en\/wp-json\/wp\/v2\/posts\/632150\/revisions"}],"wp:featuredmedia":[{"embeddable":true,"href":"https:\/\/kohenavocats.com\/en\/wp-json\/wp\/v2\/media\/9572"}],"wp:attachment":[{"href":"https:\/\/kohenavocats.com\/en\/wp-json\/wp\/v2\/media?parent=632150"}],"wp:term":[{"taxonomy":"category","embeddable":true,"href":"https:\/\/kohenavocats.com\/en\/wp-json\/wp\/v2\/categories?post=632150"},{"taxonomy":"post_tag","embeddable":true,"href":"https:\/\/kohenavocats.com\/en\/wp-json\/wp\/v2\/tags?post=632150"}],"curies":[{"name":"wp","href":"https:\/\/api.w.org\/{rel}","templated":true}]}}