{"id":632152,"date":"2026-04-21T06:24:31","date_gmt":"2026-04-21T04:24:31","guid":{"rendered":"https:\/\/kohenavocats.com\/tribunal-judiciaire-de-valence-le-26-fevrier-2025-n25-00246\/"},"modified":"2026-04-21T06:24:31","modified_gmt":"2026-04-21T04:24:31","slug":"tribunal-judiciaire-de-valence-le-26-fevrier-2025-n25-00246","status":"publish","type":"post","link":"https:\/\/kohenavocats.com\/en\/tribunal-judiciaire-de-valence-le-26-fevrier-2025-n25-00246\/","title":{"rendered":"Tribunal judiciaire de Valence, le 26 f\u00e9vrier 2025, n\u00b025\/00246"},"content":{"rendered":"<div class=\"article-content\">\n<p>Le p\u00f4le social du tribunal judiciaire de Valence, statuant en dernier ressort, valide par cette d\u00e9cision du 26 f\u00e9vrier 2025 une contrainte \u00e9mise par l\u2019organisme de recouvrement. Le litige oppose un g\u00e9rant de SARL \u00e0 l\u2019URSSAF concernant le paiement de cotisations personnelles. La juridiction \u00e9carte l\u2019opposition du g\u00e9rant et confirme sa dette personnelle de 2 534 euros, ind\u00e9pendamment du sort de la soci\u00e9t\u00e9.<\/p>\n<p>La responsabilit\u00e9 personnelle du g\u00e9rant ind\u00e9pendant<\/p>\n<p>Le principe d\u2019une dette personnelle et directe. La d\u00e9cision rappelle avec fermet\u00e9 le principe de la dette personnelle du travailleur ind\u00e9pendant. Le g\u00e9rant affili\u00e9 \u00e0 l\u2019URSSAF demeure redevable de ses cotisations en l\u2019absence de cessation d\u2019activit\u00e9. &#8220;Il s\u2019ensuit donc qu\u2019en l\u2019absence de toute d\u00e9claration de cessation d\u2019activit\u00e9, l\u2019int\u00e9ress\u00e9 demeure affili\u00e9 [&#8230;] et redevable de cotisations sociales&#8221; (Motifs). Ce principe est absolu et s\u2019impose au d\u00e9biteur concern\u00e9. La port\u00e9e de cette solution est de clarifier le statut du g\u00e9rant, souvent confondu avec celui de son entreprise. Elle affirme une s\u00e9curit\u00e9 juridique pour l\u2019organisme de recouvrement dans ses actions en recouvrement.<\/p>\n<p>L\u2019inopposabilit\u00e9 des conventions internes \u00e0 l\u2019URSSAF. Le tribunal pr\u00e9cise ensuite l\u2019inopposabilit\u00e9 \u00e0 l\u2019URSSAF des accords internes \u00e0 la soci\u00e9t\u00e9. Un \u00e9ventuel engagement de la soci\u00e9t\u00e9 \u00e0 payer les cotisations du g\u00e9rant est sans effet sur la cr\u00e9ance de l\u2019organisme. &#8220;S\u2019il existe par la voie statutaire ou conventionnelle un accord [&#8230;] celui-ci n\u2019est pas opposable \u00e0 l\u2019URSSAF&#8221; (Motifs). La valeur de ce point est essentielle pour prot\u00e9ger le privil\u00e8ge de la s\u00e9curit\u00e9 sociale. La solution isole la relation l\u00e9gale de cotisation de toute relation contractuelle interne, garantissant ainsi son efficacit\u00e9.<\/p>\n<p>Le recouvrement forc\u00e9 et ses garanties proc\u00e9durales<\/p>\n<p>La r\u00e9gularit\u00e9 de la proc\u00e9dure de recouvrement. La d\u00e9cision examine ensuite la r\u00e9gularit\u00e9 formelle de la contrainte. L\u2019URSSAF a justifi\u00e9 du respect de la proc\u00e9dure, notamment par l\u2019envoi d\u2019une mise en demeure pr\u00e9alable. &#8220;L\u2019URSSAF justifie ainsi qu\u2019en l\u2019absence de paiement [&#8230;] elle a adress\u00e9 [&#8230;] une mise en demeure le 18 d\u00e9cembre 2024&#8221; (Motifs). Ce contr\u00f4le est fondamental car il conditionne la validit\u00e9 de l\u2019acte de recouvrement forc\u00e9. La jurisprudence rappelle que &#8220;la d\u00e9livrance d\u2019une contrainte doit \u00eatre obligatoirement pr\u00e9c\u00e9d\u00e9e de la d\u00e9livrance d\u2019une mise en demeure&#8221; (Tribunal judiciaire de Dijon, le 15 avril 2025, n\u00b024\/00251). La port\u00e9e est de garantir les droits de la d\u00e9fense du redevable.<\/p>\n<p>Le rejet des moyens de d\u00e9fense substantiels. Enfin, le tribunal \u00e9carte les arguments du g\u00e9rant fond\u00e9s sur sa confusion et ses difficult\u00e9s financi\u00e8res. Ces \u00e9l\u00e9ments ne sauraient affecter l\u2019existence m\u00eame de la dette l\u00e9gale. &#8220;En l\u2019absence de tout argument recevable permettant de remettre en cause la teneur des cotisations [&#8230;] il y a lieu de valider la contrainte&#8221; (Motifs). La solution rappelle le caract\u00e8re d\u2019ordre public des cotisations sociales, insensibles aux situations individuelles. La valeur de cette analyse est de pr\u00e9server l\u2019\u00e9quilibre financier du r\u00e9gime de protection sociale, en refusant tout am\u00e9nagement substantiel du droit \u00e0 la cr\u00e9ance.<\/p>\n<\/div>\n","protected":false},"excerpt":{"rendered":"<p>Le p\u00f4le social du tribunal judiciaire de Valence, statuant en dernier ressort, valide par cette d\u00e9cision du 26 f\u00e9vrier 2025 une contrainte \u00e9mise par l\u2019organi&#8230;<\/p>\n","protected":false},"author":232070755,"featured_media":4809,"comment_status":"open","ping_status":"open","sticky":false,"template":"","format":"standard","meta":{"_crdt_document":"","_jetpack_newsletter_access":"","_jetpack_dont_email_post_to_subs":false,"_jetpack_newsletter_tier_id":0,"_jetpack_memberships_contains_paywalled_content":false,"_kj_source_type":"judilibre","_kj_official_id":"68f6ada0f444f3ad06a6a11d","_kj_official_url":"https:\/\/www.courdecassation.fr\/decision\/68f6ada0f444f3ad06a6a11d","_kj_judilibre_id":"68f6ada0f444f3ad06a6a11d","_kj_jur":"Tribunal judiciaire","_kj_lieu":"Tribunal judiciaire de Valence","_kj_chambre":"Ctx Protection Sociale","_kj_rg":"25\/00246","_kj_date":"2025-10-14","_jetpack_memberships_contains_paid_content":false,"footnotes":"","jetpack_post_was_ever_published":false},"categories":[7597],"tags":[],"class_list":["post-632152","post","type-post","status-publish","format-standard","has-post-thumbnail","hentry","category-jurisprudence"],"yoast_head":"<!-- This site is optimized with the Yoast SEO Premium plugin v27.5 (Yoast SEO v27.5) - https:\/\/yoast.com\/product\/yoast-seo-premium-wordpress\/ -->\n<title>Tribunal judiciaire de Valence, le 26 f\u00e9vrier 2025, n\u00b025\/00246 - Ma\u00eetre Hassan Kohen, avocat en droit p\u00e9nal \u00e0 Paris<\/title>\n<meta name=\"description\" content=\"Le p\u00f4le social du tribunal judiciaire de Valence, statuant en dernier ressort, valide par cette d\u00e9cision du 26 f\u00e9vrier 2025 une contrainte \u00e9mise par l\u2019organi...\" \/>\n<meta name=\"robots\" content=\"index, follow, max-snippet:-1, max-image-preview:large, max-video-preview:-1\" \/>\n<link rel=\"canonical\" href=\"https:\/\/kohenavocats.com\/en\/tribunal-judiciaire-de-valence-le-26-fevrier-2025-n25-00246\/\" \/>\n<meta property=\"og:locale\" content=\"en_US\" \/>\n<meta property=\"og:type\" content=\"article\" \/>\n<meta property=\"og:title\" content=\"Tribunal judiciaire de Valence, le 26 f\u00e9vrier 2025, n\u00b025\/00246\" \/>\n<meta property=\"og:description\" content=\"Le p\u00f4le social du tribunal judiciaire de Valence, statuant en dernier ressort, valide par cette d\u00e9cision du 26 f\u00e9vrier 2025 une contrainte \u00e9mise par l\u2019organi...\" \/>\n<meta property=\"og:url\" content=\"https:\/\/kohenavocats.com\/en\/tribunal-judiciaire-de-valence-le-26-fevrier-2025-n25-00246\/\" \/>\n<meta property=\"og:site_name\" content=\"Ma\u00eetre Hassan Kohen, avocat en droit p\u00e9nal \u00e0 Paris\" \/>\n<meta property=\"article:published_time\" content=\"2026-04-21T04:24:31+00:00\" \/>\n<meta property=\"og:image\" content=\"https:\/\/kohenavocats.com\/wp-content\/uploads\/2024\/08\/vlad-kutepov-utAMCFc1-SY-unsplash.webp\" \/>\n\t<meta property=\"og:image:width\" content=\"5184\" \/>\n\t<meta property=\"og:image:height\" content=\"3888\" \/>\n\t<meta property=\"og:image:type\" content=\"image\/webp\" \/>\n<meta name=\"author\" content=\"Kohen\" \/>\n<meta name=\"twitter:card\" content=\"summary_large_image\" \/>\n<meta name=\"twitter:label1\" content=\"Written by\" \/>\n\t<meta name=\"twitter:data1\" content=\"Kohen\" \/>\n\t<meta name=\"twitter:label2\" content=\"Est. reading time\" \/>\n\t<meta name=\"twitter:data2\" content=\"3 minutes\" \/>\n<script type=\"application\/ld+json\" class=\"yoast-schema-graph\">{\"@context\":\"https:\\\/\\\/schema.org\",\"@graph\":[{\"@type\":\"Article\",\"@id\":\"https:\\\/\\\/kohenavocats.com\\\/en\\\/tribunal-judiciaire-de-valence-le-26-fevrier-2025-n25-00246\\\/#article\",\"isPartOf\":{\"@id\":\"https:\\\/\\\/kohenavocats.com\\\/en\\\/tribunal-judiciaire-de-valence-le-26-fevrier-2025-n25-00246\\\/\"},\"author\":{\"name\":\"Kohen\",\"@id\":\"https:\\\/\\\/kohenavocats.com\\\/en\\\/#\\\/schema\\\/person\\\/761c9ba54fa1ca84d405cef0831ff751\"},\"headline\":\"Tribunal judiciaire de Valence, le 26 f\u00e9vrier 2025, n\u00b025\\\/00246\",\"datePublished\":\"2026-04-21T04:24:31+00:00\",\"mainEntityOfPage\":{\"@id\":\"https:\\\/\\\/kohenavocats.com\\\/en\\\/tribunal-judiciaire-de-valence-le-26-fevrier-2025-n25-00246\\\/\"},\"wordCount\":548,\"commentCount\":0,\"publisher\":{\"@id\":\"https:\\\/\\\/kohenavocats.com\\\/en\\\/#organization\"},\"image\":{\"@id\":\"https:\\\/\\\/kohenavocats.com\\\/en\\\/tribunal-judiciaire-de-valence-le-26-fevrier-2025-n25-00246\\\/#primaryimage\"},\"thumbnailUrl\":\"https:\\\/\\\/kohenavocats.com\\\/wp-content\\\/uploads\\\/2024\\\/08\\\/vlad-kutepov-utAMCFc1-SY-unsplash.webp\",\"articleSection\":[\"Jurisprudence\"],\"inLanguage\":\"en-US\",\"potentialAction\":[{\"@type\":\"CommentAction\",\"name\":\"Comment\",\"target\":[\"https:\\\/\\\/kohenavocats.com\\\/en\\\/tribunal-judiciaire-de-valence-le-26-fevrier-2025-n25-00246\\\/#respond\"]}],\"citation\":\"Tribunal judiciaire de Valence, le 26 f\u00e9vrier 2025, n\u00b025\\\/00246\",\"about\":[{\"@type\":\"Thing\",\"name\":\"Jurisprudence\"}],\"dateModified\":\"2026-04-21T04:24:31+00:00\",\"speakable\":{\"@type\":\"SpeakableSpecification\",\"cssSelector\":[\".article-content > p:first-of-type\"]}},{\"@type\":\"WebPage\",\"@id\":\"https:\\\/\\\/kohenavocats.com\\\/en\\\/tribunal-judiciaire-de-valence-le-26-fevrier-2025-n25-00246\\\/\",\"url\":\"https:\\\/\\\/kohenavocats.com\\\/en\\\/tribunal-judiciaire-de-valence-le-26-fevrier-2025-n25-00246\\\/\",\"name\":\"Tribunal judiciaire de Valence, le 26 f\u00e9vrier 2025, n\u00b025\\\/00246 - Ma\u00eetre Hassan Kohen, avocat en droit p\u00e9nal \u00e0 Paris\",\"isPartOf\":{\"@id\":\"https:\\\/\\\/kohenavocats.com\\\/en\\\/#website\"},\"primaryImageOfPage\":{\"@id\":\"https:\\\/\\\/kohenavocats.com\\\/en\\\/tribunal-judiciaire-de-valence-le-26-fevrier-2025-n25-00246\\\/#primaryimage\"},\"image\":{\"@id\":\"https:\\\/\\\/kohenavocats.com\\\/en\\\/tribunal-judiciaire-de-valence-le-26-fevrier-2025-n25-00246\\\/#primaryimage\"},\"thumbnailUrl\":\"https:\\\/\\\/kohenavocats.com\\\/wp-content\\\/uploads\\\/2024\\\/08\\\/vlad-kutepov-utAMCFc1-SY-unsplash.webp\",\"datePublished\":\"2026-04-21T04:24:31+00:00\",\"description\":\"Le p\u00f4le social du tribunal judiciaire de Valence, statuant en dernier ressort, valide par cette d\u00e9cision du 26 f\u00e9vrier 2025 une contrainte \u00e9mise par l\u2019organi...\",\"breadcrumb\":{\"@id\":\"https:\\\/\\\/kohenavocats.com\\\/en\\\/tribunal-judiciaire-de-valence-le-26-fevrier-2025-n25-00246\\\/#breadcrumb\"},\"inLanguage\":\"en-US\",\"potentialAction\":[{\"@type\":\"ReadAction\",\"target\":[\"https:\\\/\\\/kohenavocats.com\\\/en\\\/tribunal-judiciaire-de-valence-le-26-fevrier-2025-n25-00246\\\/\"]}]},{\"@type\":\"ImageObject\",\"inLanguage\":\"en-US\",\"@id\":\"https:\\\/\\\/kohenavocats.com\\\/en\\\/tribunal-judiciaire-de-valence-le-26-fevrier-2025-n25-00246\\\/#primaryimage\",\"url\":\"https:\\\/\\\/kohenavocats.com\\\/wp-content\\\/uploads\\\/2024\\\/08\\\/vlad-kutepov-utAMCFc1-SY-unsplash.webp\",\"contentUrl\":\"https:\\\/\\\/kohenavocats.com\\\/wp-content\\\/uploads\\\/2024\\\/08\\\/vlad-kutepov-utAMCFc1-SY-unsplash.webp\",\"width\":5184,\"height\":3888},{\"@type\":\"BreadcrumbList\",\"@id\":\"https:\\\/\\\/kohenavocats.com\\\/en\\\/tribunal-judiciaire-de-valence-le-26-fevrier-2025-n25-00246\\\/#breadcrumb\",\"itemListElement\":[{\"@type\":\"ListItem\",\"position\":1,\"name\":\"Home\",\"item\":\"https:\\\/\\\/kohenavocats.com\\\/en\\\/criminal-law-attorneys-in-paris-counsel-and-strategic-defense\\\/\"},{\"@type\":\"ListItem\",\"position\":2,\"name\":\"Tribunal judiciaire de Valence, le 26 f\u00e9vrier 2025, n\u00b025\\\/00246\"}]},{\"@type\":\"WebSite\",\"@id\":\"https:\\\/\\\/kohenavocats.com\\\/en\\\/#website\",\"url\":\"https:\\\/\\\/kohenavocats.com\\\/en\\\/\",\"name\":\"Kohen Avocats\",\"description\":\"Ma\u00eetre Hassan Kohen, avocat p\u00e9naliste \u00e0 Paris, intervient exclusivement en droit p\u00e9nal pour la d\u00e9fense des particuliers, notamment en mati\u00e8re d\u2019accusations de viol. Il assure un accompagnement rigoureux d\u00e8s la garde \u00e0 vue jusqu\u2019\u00e0 la Cour d\u2019assises, veillant au strict respect des garanties proc\u00e9durales.\",\"publisher\":{\"@id\":\"https:\\\/\\\/kohenavocats.com\\\/en\\\/#organization\"},\"potentialAction\":[{\"@type\":\"SearchAction\",\"target\":{\"@type\":\"EntryPoint\",\"urlTemplate\":\"https:\\\/\\\/kohenavocats.com\\\/en\\\/?s={search_term_string}\"},\"query-input\":{\"@type\":\"PropertyValueSpecification\",\"valueRequired\":true,\"valueName\":\"search_term_string\"}}],\"inLanguage\":\"en-US\"},{\"@type\":\"Organization\",\"@id\":\"https:\\\/\\\/kohenavocats.com\\\/en\\\/#organization\",\"name\":\"Kohen Avocats\",\"url\":\"https:\\\/\\\/kohenavocats.com\\\/en\\\/\",\"logo\":{\"@type\":\"ImageObject\",\"inLanguage\":\"en-US\",\"@id\":\"https:\\\/\\\/kohenavocats.com\\\/en\\\/#\\\/schema\\\/logo\\\/image\\\/\",\"url\":\"https:\\\/\\\/kohenavocats.com\\\/wp-content\\\/uploads\\\/2026\\\/01\\\/Logo-2-1.webp\",\"contentUrl\":\"https:\\\/\\\/kohenavocats.com\\\/wp-content\\\/uploads\\\/2026\\\/01\\\/Logo-2-1.webp\",\"width\":2114,\"height\":1253,\"caption\":\"Kohen Avocats\"},\"image\":{\"@id\":\"https:\\\/\\\/kohenavocats.com\\\/en\\\/#\\\/schema\\\/logo\\\/image\\\/\"}},{\"@type\":\"Person\",\"@id\":\"https:\\\/\\\/kohenavocats.com\\\/en\\\/#\\\/schema\\\/person\\\/761c9ba54fa1ca84d405cef0831ff751\",\"name\":\"Kohen\",\"image\":{\"@type\":\"ImageObject\",\"inLanguage\":\"en-US\",\"@id\":\"https:\\\/\\\/secure.gravatar.com\\\/avatar\\\/1c5e76ef76bbbfdd2b4da984e2bf2fa4056fd51a27d25ce2c332047f1dfd6e00?s=96&d=identicon&r=g\",\"url\":\"https:\\\/\\\/secure.gravatar.com\\\/avatar\\\/1c5e76ef76bbbfdd2b4da984e2bf2fa4056fd51a27d25ce2c332047f1dfd6e00?s=96&d=identicon&r=g\",\"contentUrl\":\"https:\\\/\\\/secure.gravatar.com\\\/avatar\\\/1c5e76ef76bbbfdd2b4da984e2bf2fa4056fd51a27d25ce2c332047f1dfd6e00?s=96&d=identicon&r=g\",\"caption\":\"Kohen\"},\"sameAs\":[\"https:\\\/\\\/www.linkedin.com\\\/in\\\/hassan-kohen-448548192\\\/\",\"https:\\\/\\\/www.youtube.com\\\/@Kohen-Avocats\"],\"url\":\"https:\\\/\\\/kohenavocats.com\\\/en\\\/author\\\/kohenmlk\\\/\"}]}<\/script>\n<!-- \/ Yoast SEO Premium plugin. -->","yoast_head_json":{"title":"Tribunal judiciaire de Valence, le 26 f\u00e9vrier 2025, n\u00b025\/00246 - Ma\u00eetre Hassan Kohen, avocat en droit p\u00e9nal \u00e0 Paris","description":"Le p\u00f4le social du tribunal judiciaire de Valence, statuant en dernier ressort, valide par cette d\u00e9cision du 26 f\u00e9vrier 2025 une contrainte \u00e9mise par l\u2019organi...","robots":{"index":"index","follow":"follow","max-snippet":"max-snippet:-1","max-image-preview":"max-image-preview:large","max-video-preview":"max-video-preview:-1"},"canonical":"https:\/\/kohenavocats.com\/en\/tribunal-judiciaire-de-valence-le-26-fevrier-2025-n25-00246\/","og_locale":"en_US","og_type":"article","og_title":"Tribunal judiciaire de Valence, le 26 f\u00e9vrier 2025, n\u00b025\/00246","og_description":"Le p\u00f4le social du tribunal judiciaire de Valence, statuant en dernier ressort, valide par cette d\u00e9cision du 26 f\u00e9vrier 2025 une contrainte \u00e9mise par l\u2019organi...","og_url":"https:\/\/kohenavocats.com\/en\/tribunal-judiciaire-de-valence-le-26-fevrier-2025-n25-00246\/","og_site_name":"Ma\u00eetre Hassan Kohen, avocat en droit p\u00e9nal \u00e0 Paris","article_published_time":"2026-04-21T04:24:31+00:00","og_image":[{"width":5184,"height":3888,"url":"https:\/\/kohenavocats.com\/wp-content\/uploads\/2024\/08\/vlad-kutepov-utAMCFc1-SY-unsplash.webp","type":"image\/webp"}],"author":"Kohen","twitter_card":"summary_large_image","twitter_misc":{"Written by":"Kohen","Est. reading time":"3 minutes"},"schema":{"@context":"https:\/\/schema.org","@graph":[{"@type":"Article","@id":"https:\/\/kohenavocats.com\/en\/tribunal-judiciaire-de-valence-le-26-fevrier-2025-n25-00246\/#article","isPartOf":{"@id":"https:\/\/kohenavocats.com\/en\/tribunal-judiciaire-de-valence-le-26-fevrier-2025-n25-00246\/"},"author":{"name":"Kohen","@id":"https:\/\/kohenavocats.com\/en\/#\/schema\/person\/761c9ba54fa1ca84d405cef0831ff751"},"headline":"Tribunal judiciaire de Valence, le 26 f\u00e9vrier 2025, n\u00b025\/00246","datePublished":"2026-04-21T04:24:31+00:00","mainEntityOfPage":{"@id":"https:\/\/kohenavocats.com\/en\/tribunal-judiciaire-de-valence-le-26-fevrier-2025-n25-00246\/"},"wordCount":548,"commentCount":0,"publisher":{"@id":"https:\/\/kohenavocats.com\/en\/#organization"},"image":{"@id":"https:\/\/kohenavocats.com\/en\/tribunal-judiciaire-de-valence-le-26-fevrier-2025-n25-00246\/#primaryimage"},"thumbnailUrl":"https:\/\/kohenavocats.com\/wp-content\/uploads\/2024\/08\/vlad-kutepov-utAMCFc1-SY-unsplash.webp","articleSection":["Jurisprudence"],"inLanguage":"en-US","potentialAction":[{"@type":"CommentAction","name":"Comment","target":["https:\/\/kohenavocats.com\/en\/tribunal-judiciaire-de-valence-le-26-fevrier-2025-n25-00246\/#respond"]}],"citation":"Tribunal judiciaire de Valence, le 26 f\u00e9vrier 2025, n\u00b025\/00246","about":[{"@type":"Thing","name":"Jurisprudence"}],"dateModified":"2026-04-21T04:24:31+00:00","speakable":{"@type":"SpeakableSpecification","cssSelector":[".article-content > p:first-of-type"]}},{"@type":"WebPage","@id":"https:\/\/kohenavocats.com\/en\/tribunal-judiciaire-de-valence-le-26-fevrier-2025-n25-00246\/","url":"https:\/\/kohenavocats.com\/en\/tribunal-judiciaire-de-valence-le-26-fevrier-2025-n25-00246\/","name":"Tribunal judiciaire de Valence, le 26 f\u00e9vrier 2025, n\u00b025\/00246 - Ma\u00eetre Hassan Kohen, avocat en droit p\u00e9nal \u00e0 Paris","isPartOf":{"@id":"https:\/\/kohenavocats.com\/en\/#website"},"primaryImageOfPage":{"@id":"https:\/\/kohenavocats.com\/en\/tribunal-judiciaire-de-valence-le-26-fevrier-2025-n25-00246\/#primaryimage"},"image":{"@id":"https:\/\/kohenavocats.com\/en\/tribunal-judiciaire-de-valence-le-26-fevrier-2025-n25-00246\/#primaryimage"},"thumbnailUrl":"https:\/\/kohenavocats.com\/wp-content\/uploads\/2024\/08\/vlad-kutepov-utAMCFc1-SY-unsplash.webp","datePublished":"2026-04-21T04:24:31+00:00","description":"Le p\u00f4le social du tribunal judiciaire de Valence, statuant en dernier ressort, valide par cette d\u00e9cision du 26 f\u00e9vrier 2025 une contrainte \u00e9mise par l\u2019organi...","breadcrumb":{"@id":"https:\/\/kohenavocats.com\/en\/tribunal-judiciaire-de-valence-le-26-fevrier-2025-n25-00246\/#breadcrumb"},"inLanguage":"en-US","potentialAction":[{"@type":"ReadAction","target":["https:\/\/kohenavocats.com\/en\/tribunal-judiciaire-de-valence-le-26-fevrier-2025-n25-00246\/"]}]},{"@type":"ImageObject","inLanguage":"en-US","@id":"https:\/\/kohenavocats.com\/en\/tribunal-judiciaire-de-valence-le-26-fevrier-2025-n25-00246\/#primaryimage","url":"https:\/\/kohenavocats.com\/wp-content\/uploads\/2024\/08\/vlad-kutepov-utAMCFc1-SY-unsplash.webp","contentUrl":"https:\/\/kohenavocats.com\/wp-content\/uploads\/2024\/08\/vlad-kutepov-utAMCFc1-SY-unsplash.webp","width":5184,"height":3888},{"@type":"BreadcrumbList","@id":"https:\/\/kohenavocats.com\/en\/tribunal-judiciaire-de-valence-le-26-fevrier-2025-n25-00246\/#breadcrumb","itemListElement":[{"@type":"ListItem","position":1,"name":"Home","item":"https:\/\/kohenavocats.com\/en\/criminal-law-attorneys-in-paris-counsel-and-strategic-defense\/"},{"@type":"ListItem","position":2,"name":"Tribunal judiciaire de Valence, le 26 f\u00e9vrier 2025, n\u00b025\/00246"}]},{"@type":"WebSite","@id":"https:\/\/kohenavocats.com\/en\/#website","url":"https:\/\/kohenavocats.com\/en\/","name":"Kohen Avocats","description":"Ma\u00eetre Hassan Kohen, avocat p\u00e9naliste \u00e0 Paris, intervient exclusivement en droit p\u00e9nal pour la d\u00e9fense des particuliers, notamment en mati\u00e8re d\u2019accusations de viol. Il assure un accompagnement rigoureux d\u00e8s la garde \u00e0 vue jusqu\u2019\u00e0 la Cour d\u2019assises, veillant au strict respect des garanties proc\u00e9durales.","publisher":{"@id":"https:\/\/kohenavocats.com\/en\/#organization"},"potentialAction":[{"@type":"SearchAction","target":{"@type":"EntryPoint","urlTemplate":"https:\/\/kohenavocats.com\/en\/?s={search_term_string}"},"query-input":{"@type":"PropertyValueSpecification","valueRequired":true,"valueName":"search_term_string"}}],"inLanguage":"en-US"},{"@type":"Organization","@id":"https:\/\/kohenavocats.com\/en\/#organization","name":"Kohen Avocats","url":"https:\/\/kohenavocats.com\/en\/","logo":{"@type":"ImageObject","inLanguage":"en-US","@id":"https:\/\/kohenavocats.com\/en\/#\/schema\/logo\/image\/","url":"https:\/\/kohenavocats.com\/wp-content\/uploads\/2026\/01\/Logo-2-1.webp","contentUrl":"https:\/\/kohenavocats.com\/wp-content\/uploads\/2026\/01\/Logo-2-1.webp","width":2114,"height":1253,"caption":"Kohen Avocats"},"image":{"@id":"https:\/\/kohenavocats.com\/en\/#\/schema\/logo\/image\/"}},{"@type":"Person","@id":"https:\/\/kohenavocats.com\/en\/#\/schema\/person\/761c9ba54fa1ca84d405cef0831ff751","name":"Kohen","image":{"@type":"ImageObject","inLanguage":"en-US","@id":"https:\/\/secure.gravatar.com\/avatar\/1c5e76ef76bbbfdd2b4da984e2bf2fa4056fd51a27d25ce2c332047f1dfd6e00?s=96&d=identicon&r=g","url":"https:\/\/secure.gravatar.com\/avatar\/1c5e76ef76bbbfdd2b4da984e2bf2fa4056fd51a27d25ce2c332047f1dfd6e00?s=96&d=identicon&r=g","contentUrl":"https:\/\/secure.gravatar.com\/avatar\/1c5e76ef76bbbfdd2b4da984e2bf2fa4056fd51a27d25ce2c332047f1dfd6e00?s=96&d=identicon&r=g","caption":"Kohen"},"sameAs":["https:\/\/www.linkedin.com\/in\/hassan-kohen-448548192\/","https:\/\/www.youtube.com\/@Kohen-Avocats"],"url":"https:\/\/kohenavocats.com\/en\/author\/kohenmlk\/"}]}},"jetpack_featured_media_url":"https:\/\/kohenavocats.com\/wp-content\/uploads\/2024\/08\/vlad-kutepov-utAMCFc1-SY-unsplash.webp","jetpack_likes_enabled":false,"jetpack_shortlink":"https:\/\/wp.me\/peCrII-2Es0","jetpack-related-posts":[{"id":716294,"url":"https:\/\/kohenavocats.com\/en\/tribunal-judiciaire-de-valenciennes-le-15-janvier-2026-n23-00714\/","url_meta":{"origin":632152,"position":0},"title":"Tribunal judiciaire de Valenciennes, le 15 janvier 2026, n\u00b023\/00714","author":"Kohen","date":"28 April 2026","format":false,"excerpt":"Le tribunal judiciaire de Valenciennes, dans son jugement du 15 janvier 2026, statuait sur l'opposition d'un g\u00e9rant \u00e0 une contrainte d\u00e9livr\u00e9e par l'URSSAF. L...","rel":"","context":"In &quot;Jurisprudence&quot;","block_context":{"text":"Jurisprudence","link":"https:\/\/kohenavocats.com\/category\/jurisprudence\/"},"img":{"alt_text":"","src":"https:\/\/i0.wp.com\/kohenavocats.com\/wp-content\/uploads\/2024\/08\/pascal-bernardon-PwM_qb33Ux0-unsplash.webp?resize=350%2C200&ssl=1","width":350,"height":200,"srcset":"https:\/\/i0.wp.com\/kohenavocats.com\/wp-content\/uploads\/2024\/08\/pascal-bernardon-PwM_qb33Ux0-unsplash.webp?resize=350%2C200&ssl=1 1x, https:\/\/i0.wp.com\/kohenavocats.com\/wp-content\/uploads\/2024\/08\/pascal-bernardon-PwM_qb33Ux0-unsplash.webp?resize=525%2C300&ssl=1 1.5x, https:\/\/i0.wp.com\/kohenavocats.com\/wp-content\/uploads\/2024\/08\/pascal-bernardon-PwM_qb33Ux0-unsplash.webp?resize=700%2C400&ssl=1 2x, https:\/\/i0.wp.com\/kohenavocats.com\/wp-content\/uploads\/2024\/08\/pascal-bernardon-PwM_qb33Ux0-unsplash.webp?resize=1050%2C600&ssl=1 3x, https:\/\/i0.wp.com\/kohenavocats.com\/wp-content\/uploads\/2024\/08\/pascal-bernardon-PwM_qb33Ux0-unsplash.webp?resize=1400%2C800&ssl=1 4x"},"classes":[]},{"id":718808,"url":"https:\/\/kohenavocats.com\/en\/tribunal-judiciaire-de-reims-le-26-janvier-2026-n25-00267\/","url_meta":{"origin":632152,"position":1},"title":"Tribunal judiciaire de Reims, le 26 janvier 2026, n\u00b025\/00267","author":"Kohen","date":"28 April 2026","format":false,"excerpt":"Le tribunal judiciaire de Reims, dans son jugement du 26 janvier 2026, statuait sur le recours d\u2019un g\u00e9rant majoritaire contestant des mises en demeure de...","rel":"","context":"In &quot;D\u00e9cisions juridiques&quot;","block_context":{"text":"D\u00e9cisions juridiques","link":"https:\/\/kohenavocats.com\/category\/decisions-juridiques\/"},"img":{"alt_text":"","src":"https:\/\/i0.wp.com\/kohenavocats.com\/wp-content\/uploads\/2024\/11\/zyanya-citlalli-0ITfUIWxi9k-unsplash.webp?resize=350%2C200&ssl=1","width":350,"height":200,"srcset":"https:\/\/i0.wp.com\/kohenavocats.com\/wp-content\/uploads\/2024\/11\/zyanya-citlalli-0ITfUIWxi9k-unsplash.webp?resize=350%2C200&ssl=1 1x, https:\/\/i0.wp.com\/kohenavocats.com\/wp-content\/uploads\/2024\/11\/zyanya-citlalli-0ITfUIWxi9k-unsplash.webp?resize=525%2C300&ssl=1 1.5x, https:\/\/i0.wp.com\/kohenavocats.com\/wp-content\/uploads\/2024\/11\/zyanya-citlalli-0ITfUIWxi9k-unsplash.webp?resize=700%2C400&ssl=1 2x, https:\/\/i0.wp.com\/kohenavocats.com\/wp-content\/uploads\/2024\/11\/zyanya-citlalli-0ITfUIWxi9k-unsplash.webp?resize=1050%2C600&ssl=1 3x, https:\/\/i0.wp.com\/kohenavocats.com\/wp-content\/uploads\/2024\/11\/zyanya-citlalli-0ITfUIWxi9k-unsplash.webp?resize=1400%2C800&ssl=1 4x"},"classes":[]},{"id":228658,"url":"https:\/\/kohenavocats.com\/en\/cour-dappel-de-saint-denis-le-18-juin-2025-n24-00783\/","url_meta":{"origin":632152,"position":2},"title":"Cour d&#8217;appel de Saint-Denis, le 18 juin 2025, n\u00b024\/00783","author":"Kohen","date":"27 December 2025","format":false,"excerpt":"Now using node v22.15.1 (npm v10.8.2)Utilisation de Node.js v20.19.4 et npm 10.8.2Codex est d\u00e9j\u00e0 install\u00e9.Lancement de Codex\u2026Rendue par la Cour d\u2019appel de Saint-Denis le 18 juin 2025, la d\u00e9cision commente les conditions de prononc\u00e9 des sanctions personnelles \u00e0 l\u2019encontre d\u2019un ancien dirigeant. La proc\u00e9dure collective a \u00e9t\u00e9 ouverte en 2018,\u2026","rel":"","context":"In &quot;Cour d'appel&quot;","block_context":{"text":"Cour d'appel","link":"https:\/\/kohenavocats.com\/category\/cour-dappel\/"},"img":{"alt_text":"","src":"https:\/\/i0.wp.com\/kohenavocats.com\/wp-content\/uploads\/2024\/11\/allison-saeng-D22VPXUIm0o-unsplash.webp?resize=350%2C200&ssl=1","width":350,"height":200,"srcset":"https:\/\/i0.wp.com\/kohenavocats.com\/wp-content\/uploads\/2024\/11\/allison-saeng-D22VPXUIm0o-unsplash.webp?resize=350%2C200&ssl=1 1x, https:\/\/i0.wp.com\/kohenavocats.com\/wp-content\/uploads\/2024\/11\/allison-saeng-D22VPXUIm0o-unsplash.webp?resize=525%2C300&ssl=1 1.5x, https:\/\/i0.wp.com\/kohenavocats.com\/wp-content\/uploads\/2024\/11\/allison-saeng-D22VPXUIm0o-unsplash.webp?resize=700%2C400&ssl=1 2x, https:\/\/i0.wp.com\/kohenavocats.com\/wp-content\/uploads\/2024\/11\/allison-saeng-D22VPXUIm0o-unsplash.webp?resize=1050%2C600&ssl=1 3x, https:\/\/i0.wp.com\/kohenavocats.com\/wp-content\/uploads\/2024\/11\/allison-saeng-D22VPXUIm0o-unsplash.webp?resize=1400%2C800&ssl=1 4x"},"classes":[]},{"id":716869,"url":"https:\/\/kohenavocats.com\/en\/tribunal-judiciaire-de-vannes-le-19-janvier-2026-n25-00191\/","url_meta":{"origin":632152,"position":3},"title":"Tribunal judiciaire de Vannes, le 19 janvier 2026, n\u00b025\/00191","author":"Kohen","date":"28 April 2026","format":false,"excerpt":"Le Tribunal judiciaire de Vannes, dans son jugement du 19 janvier 2026, a statu\u00e9 sur l\u2019opposition d\u2019une g\u00e9rante de micro-cr\u00e8che \u00e0 une contrainte de l\u2019URSSAF....","rel":"","context":"In &quot;Jurisprudence&quot;","block_context":{"text":"Jurisprudence","link":"https:\/\/kohenavocats.com\/category\/jurisprudence\/"},"img":{"alt_text":"","src":"https:\/\/i0.wp.com\/kohenavocats.com\/wp-content\/uploads\/2024\/11\/leandra-rieger-LrXNGasPQ2M-unsplash.webp?resize=350%2C200&ssl=1","width":350,"height":200,"srcset":"https:\/\/i0.wp.com\/kohenavocats.com\/wp-content\/uploads\/2024\/11\/leandra-rieger-LrXNGasPQ2M-unsplash.webp?resize=350%2C200&ssl=1 1x, https:\/\/i0.wp.com\/kohenavocats.com\/wp-content\/uploads\/2024\/11\/leandra-rieger-LrXNGasPQ2M-unsplash.webp?resize=525%2C300&ssl=1 1.5x, https:\/\/i0.wp.com\/kohenavocats.com\/wp-content\/uploads\/2024\/11\/leandra-rieger-LrXNGasPQ2M-unsplash.webp?resize=700%2C400&ssl=1 2x, https:\/\/i0.wp.com\/kohenavocats.com\/wp-content\/uploads\/2024\/11\/leandra-rieger-LrXNGasPQ2M-unsplash.webp?resize=1050%2C600&ssl=1 3x, https:\/\/i0.wp.com\/kohenavocats.com\/wp-content\/uploads\/2024\/11\/leandra-rieger-LrXNGasPQ2M-unsplash.webp?resize=1400%2C800&ssl=1 4x"},"classes":[]},{"id":304780,"url":"https:\/\/kohenavocats.com\/en\/tribunal-judiciaire-de-orleans-le-17-juillet-2025-n23-00454\/","url_meta":{"origin":632152,"position":4},"title":"Tribunal judiciaire de Orl\u00e9ans, le 17 juillet 2025, n\u00b023\/00454","author":"Kohen","date":"5 February 2026","format":false,"excerpt":"Le jugement rendu statue sur une opposition \u00e0 contrainte \u00e9mise par l\u2019organisme de recouvrement. Le tribunal d\u00e9clare cette opposition recevable en la forme mais irrecevable au fond. Il valide la contrainte contest\u00e9e et condamne le d\u00e9biteur au paiement des sommes r\u00e9clam\u00e9es.**I. La recevabilit\u00e9 de l\u2019opposition ne garantit pas son bien-fond\u00e9**L\u2019opposition\u2026","rel":"","context":"In &quot;D\u00e9cisions juridiques&quot;","block_context":{"text":"D\u00e9cisions juridiques","link":"https:\/\/kohenavocats.com\/category\/decisions-juridiques\/"},"img":{"alt_text":"","src":"https:\/\/i0.wp.com\/kohenavocats.com\/wp-content\/uploads\/2024\/11\/mohamed-nohassi-RwwD1cmvyC0-unsplash.webp?resize=350%2C200&ssl=1","width":350,"height":200,"srcset":"https:\/\/i0.wp.com\/kohenavocats.com\/wp-content\/uploads\/2024\/11\/mohamed-nohassi-RwwD1cmvyC0-unsplash.webp?resize=350%2C200&ssl=1 1x, https:\/\/i0.wp.com\/kohenavocats.com\/wp-content\/uploads\/2024\/11\/mohamed-nohassi-RwwD1cmvyC0-unsplash.webp?resize=525%2C300&ssl=1 1.5x, https:\/\/i0.wp.com\/kohenavocats.com\/wp-content\/uploads\/2024\/11\/mohamed-nohassi-RwwD1cmvyC0-unsplash.webp?resize=700%2C400&ssl=1 2x, https:\/\/i0.wp.com\/kohenavocats.com\/wp-content\/uploads\/2024\/11\/mohamed-nohassi-RwwD1cmvyC0-unsplash.webp?resize=1050%2C600&ssl=1 3x, https:\/\/i0.wp.com\/kohenavocats.com\/wp-content\/uploads\/2024\/11\/mohamed-nohassi-RwwD1cmvyC0-unsplash.webp?resize=1400%2C800&ssl=1 4x"},"classes":[]},{"id":717249,"url":"https:\/\/kohenavocats.com\/en\/tribunal-judiciaire-de-lille-le-20-janvier-2026-n24-01817\/","url_meta":{"origin":632152,"position":5},"title":"Tribunal judiciaire de Lille, le 20 janvier 2026, n\u00b024\/01817","author":"Kohen","date":"28 April 2026","format":false,"excerpt":"Le tribunal judiciaire de Lille, dans un jugement du 20 janvier 2026, a annul\u00e9 un redressement pour travail dissimul\u00e9. Une soci\u00e9t\u00e9 contestait une mise en dem...","rel":"","context":"In &quot;Jurisprudence&quot;","block_context":{"text":"Jurisprudence","link":"https:\/\/kohenavocats.com\/category\/jurisprudence\/"},"img":{"alt_text":"","src":"https:\/\/i0.wp.com\/kohenavocats.com\/wp-content\/uploads\/2024\/08\/luca-trassini-OhaRmr5mJYA-unsplash.webp?resize=350%2C200&ssl=1","width":350,"height":200,"srcset":"https:\/\/i0.wp.com\/kohenavocats.com\/wp-content\/uploads\/2024\/08\/luca-trassini-OhaRmr5mJYA-unsplash.webp?resize=350%2C200&ssl=1 1x, https:\/\/i0.wp.com\/kohenavocats.com\/wp-content\/uploads\/2024\/08\/luca-trassini-OhaRmr5mJYA-unsplash.webp?resize=525%2C300&ssl=1 1.5x, https:\/\/i0.wp.com\/kohenavocats.com\/wp-content\/uploads\/2024\/08\/luca-trassini-OhaRmr5mJYA-unsplash.webp?resize=700%2C400&ssl=1 2x, https:\/\/i0.wp.com\/kohenavocats.com\/wp-content\/uploads\/2024\/08\/luca-trassini-OhaRmr5mJYA-unsplash.webp?resize=1050%2C600&ssl=1 3x, https:\/\/i0.wp.com\/kohenavocats.com\/wp-content\/uploads\/2024\/08\/luca-trassini-OhaRmr5mJYA-unsplash.webp?resize=1400%2C800&ssl=1 4x"},"classes":[]}],"jetpack_sharing_enabled":true,"_links":{"self":[{"href":"https:\/\/kohenavocats.com\/en\/wp-json\/wp\/v2\/posts\/632152","targetHints":{"allow":["GET"]}}],"collection":[{"href":"https:\/\/kohenavocats.com\/en\/wp-json\/wp\/v2\/posts"}],"about":[{"href":"https:\/\/kohenavocats.com\/en\/wp-json\/wp\/v2\/types\/post"}],"author":[{"embeddable":true,"href":"https:\/\/kohenavocats.com\/en\/wp-json\/wp\/v2\/users\/232070755"}],"replies":[{"embeddable":true,"href":"https:\/\/kohenavocats.com\/en\/wp-json\/wp\/v2\/comments?post=632152"}],"version-history":[{"count":0,"href":"https:\/\/kohenavocats.com\/en\/wp-json\/wp\/v2\/posts\/632152\/revisions"}],"wp:featuredmedia":[{"embeddable":true,"href":"https:\/\/kohenavocats.com\/en\/wp-json\/wp\/v2\/media\/4809"}],"wp:attachment":[{"href":"https:\/\/kohenavocats.com\/en\/wp-json\/wp\/v2\/media?parent=632152"}],"wp:term":[{"taxonomy":"category","embeddable":true,"href":"https:\/\/kohenavocats.com\/en\/wp-json\/wp\/v2\/categories?post=632152"},{"taxonomy":"post_tag","embeddable":true,"href":"https:\/\/kohenavocats.com\/en\/wp-json\/wp\/v2\/tags?post=632152"}],"curies":[{"name":"wp","href":"https:\/\/api.w.org\/{rel}","templated":true}]}}