{"id":632154,"date":"2026-04-21T06:24:35","date_gmt":"2026-04-21T04:24:35","guid":{"rendered":"https:\/\/kohenavocats.com\/tribunal-judiciaire-de-bourg-en-bresse-le-1-octobre-2025-n25-01350\/"},"modified":"2026-04-21T06:24:35","modified_gmt":"2026-04-21T04:24:35","slug":"tribunal-judiciaire-de-bourg-en-bresse-le-1-octobre-2025-n25-01350","status":"publish","type":"post","link":"https:\/\/kohenavocats.com\/en\/tribunal-judiciaire-de-bourg-en-bresse-le-1-octobre-2025-n25-01350\/","title":{"rendered":"Tribunal judiciaire de Bourg-en-Bresse, le 1 octobre 2025, n\u00b025\/01350"},"content":{"rendered":"<div class=\"article-content\">\n<p>Le tribunal judiciaire, statuant en mati\u00e8re de contentieux de la protection, a rendu une d\u00e9cision le 1er octobre 2025. Un d\u00e9biteur, salari\u00e9 en arr\u00eat maladie, contestait les mesures impos\u00e9es par la commission de surendettement. Le juge a examin\u00e9 la recevabilit\u00e9 du recours, fix\u00e9 le montant du passif et d\u00e9termin\u00e9 les mesures adapt\u00e9es. Il a d\u00e9clar\u00e9 le recours recevable et prononc\u00e9 un moratoire de douze mois sur les dettes, consid\u00e9rant l&#8217;absence de capacit\u00e9 de remboursement actuelle.<\/p>\n<p>La recevabilit\u00e9 du recours et la fixation du passif<\/p>\n<p>Le juge v\u00e9rifie d&#8217;abord le respect des conditions de forme et de d\u00e9lai pour contester. Le texte pr\u00e9voit un recours par lettre recommand\u00e9e dans les trente jours suivant la notification des mesures. &#8220;Le courrier de contestation a \u00e9t\u00e9 pris en charge par les services postaux le 6 mai 2025, soit dans les d\u00e9lais l\u00e9gaux&#8221; (Motifs). Cette application stricte rejoint une jurisprudence constante sur le point de d\u00e9part du d\u00e9lai. &#8220;Il r\u00e9sulte de l\u2019article R.733-6 du code de la consommation que la contestation (&#8230;) est form\u00e9e par d\u00e9claration remise ou adress\u00e9e par lettre recommand\u00e9e avec demande d\u2019avis de r\u00e9ception \u00e0 son secr\u00e9tariat dans un d\u00e9lai de trente jours \u00e0 compter de leur notification&#8221; (Tribunal judiciaire de N\u00eemes, le 13 f\u00e9vrier 2025, n\u00b024\/01145). La recevabilit\u00e9 est ainsi assur\u00e9e par le strict respect des modalit\u00e9s proc\u00e9durales.<\/p>\n<p>Saisi du fond, le juge proc\u00e8de \u00e0 l&#8217;examen substantiel des cr\u00e9ances. Il exerce son pouvoir de contr\u00f4le sur la validit\u00e9 et le montant des dettes, comme le lui permet la loi. Pour une cr\u00e9ance, il constate son extinction par la production d&#8217;une quittance. Pour une autre, il retient le montant d\u00e9clar\u00e9 par l&#8217;organisme cr\u00e9ancier, faute d&#8217;\u00e9l\u00e9ments contraires probants. &#8220;Le tribunal n\u2019est pas en capacit\u00e9 d\u2019actualiser la cr\u00e9ance au regard des seules d\u00e9clarations de la d\u00e9bitrice&#8221; (Motifs). Le juge fixe ainsi le passif de mani\u00e8re pr\u00e9cise et motiv\u00e9e, exer\u00e7ant pleinement son office de v\u00e9rification des \u00e9l\u00e9ments du dossier.<\/p>\n<p>L&#8217;appr\u00e9ciation de la capacit\u00e9 de remboursement et le choix de la mesure<\/p>\n<p>Le juge d\u00e9termine ensuite les ressources et les charges du d\u00e9biteur pour \u00e9valuer sa capacit\u00e9. Il retient un revenu provenant du maintien de salaire et des prestations familiales. Pour les charges, il applique la m\u00e9thode des bar\u00e8mes forfaitaires de la commission, qu&#8217;il compl\u00e8te par des frais r\u00e9els. &#8220;La part des ressources n\u00e9cessaires aux d\u00e9penses courantes du m\u00e9nage (&#8230;) est fix\u00e9e \u00e0 1958 euros&#8221; (Motifs). La diff\u00e9rence entre revenus et charges ne laisse appara\u00eetre qu&#8217;une capacit\u00e9 r\u00e9siduelle de trente et un euros. Cette approche combine forfait et r\u00e9alit\u00e9 pour une appr\u00e9ciation au plus pr\u00e8s de la situation.<\/p>\n<p>Face \u00e0 l&#8217;absence de capacit\u00e9 effective, le juge \u00e9carte le r\u00e9tablissement personnel et opte pour un moratoire. Il estime que la situation difficile r\u00e9sulte d&#8217;une baisse temporaire de ressources due \u00e0 une maladie. &#8220;Aucun \u00e9l\u00e9ment de l&#8217;esp\u00e8ce ne permet de consid\u00e9rer qu&#8217;elle est plac\u00e9e dans une situation irr\u00e9m\u00e9diablement compromise&#8221; (Motifs). La suspension d&#8217;exigibilit\u00e9 pour douze mois, sans int\u00e9r\u00eats, constitue la mesure proportionn\u00e9e. Elle fige le passif en attendant une reprise d&#8217;activit\u00e9 ou, \u00e0 d\u00e9faut, un nouvel examen. Cette d\u00e9cision illustre la gradation des mesures et le caract\u00e8re subsidiaire du r\u00e9tablissement personnel.<\/p>\n<\/div>\n","protected":false},"excerpt":{"rendered":"<p>Le tribunal judiciaire, statuant en mati\u00e8re de contentieux de la protection, a rendu une d\u00e9cision le 1er octobre 2025. Un d\u00e9biteur, salari\u00e9 en arr\u00eat maladie,&#8230;<\/p>\n","protected":false},"author":232070755,"featured_media":9449,"comment_status":"open","ping_status":"open","sticky":false,"template":"","format":"standard","meta":{"_crdt_document":"","_jetpack_newsletter_access":"","_jetpack_dont_email_post_to_subs":false,"_jetpack_newsletter_tier_id":0,"_jetpack_memberships_contains_paywalled_content":false,"_kj_source_type":"judilibre","_kj_official_id":"68f13fc888dcb0e97e904ee8","_kj_official_url":"https:\/\/www.courdecassation.fr\/decision\/68f13fc888dcb0e97e904ee8","_kj_judilibre_id":"68f13fc888dcb0e97e904ee8","_kj_jur":"Tribunal judiciaire","_kj_lieu":"Tribunal judiciaire de Bourg-en-Bresse","_kj_chambre":"JCP","_kj_rg":"25\/01350","_kj_date":"2025-10-14","_jetpack_memberships_contains_paid_content":false,"footnotes":"","jetpack_post_was_ever_published":false},"categories":[7597],"tags":[],"class_list":["post-632154","post","type-post","status-publish","format-standard","has-post-thumbnail","hentry","category-jurisprudence"],"yoast_head":"<!-- This site is optimized with the Yoast SEO Premium plugin v27.5 (Yoast SEO v27.5) - https:\/\/yoast.com\/product\/yoast-seo-premium-wordpress\/ -->\n<title>Tribunal judiciaire de Bourg-en-Bresse, le 1 octobre 2025, n\u00b025\/01350 - Ma\u00eetre Hassan Kohen, avocat en droit p\u00e9nal \u00e0 Paris<\/title>\n<meta name=\"description\" content=\"Le tribunal judiciaire, statuant en mati\u00e8re de contentieux de la protection, a rendu une d\u00e9cision le 1er octobre 2025. Un d\u00e9biteur, salari\u00e9 en arr\u00eat maladie,...\" \/>\n<meta name=\"robots\" content=\"index, follow, max-snippet:-1, max-image-preview:large, max-video-preview:-1\" \/>\n<link rel=\"canonical\" href=\"https:\/\/kohenavocats.com\/en\/tribunal-judiciaire-de-bourg-en-bresse-le-1-octobre-2025-n25-01350\/\" \/>\n<meta property=\"og:locale\" content=\"en_US\" \/>\n<meta property=\"og:type\" content=\"article\" \/>\n<meta property=\"og:title\" content=\"Tribunal judiciaire de Bourg-en-Bresse, le 1 octobre 2025, n\u00b025\/01350\" \/>\n<meta property=\"og:description\" content=\"Le tribunal judiciaire, statuant en mati\u00e8re de contentieux de la protection, a rendu une d\u00e9cision le 1er octobre 2025. Un d\u00e9biteur, salari\u00e9 en arr\u00eat maladie,...\" \/>\n<meta property=\"og:url\" content=\"https:\/\/kohenavocats.com\/en\/tribunal-judiciaire-de-bourg-en-bresse-le-1-octobre-2025-n25-01350\/\" \/>\n<meta property=\"og:site_name\" content=\"Ma\u00eetre Hassan Kohen, avocat en droit p\u00e9nal \u00e0 Paris\" \/>\n<meta property=\"article:published_time\" content=\"2026-04-21T04:24:35+00:00\" \/>\n<meta property=\"og:image\" content=\"https:\/\/kohenavocats.com\/wp-content\/uploads\/2024\/11\/arnaud-mariat-ilqys8HnQak-unsplash.webp\" \/>\n\t<meta property=\"og:image:width\" content=\"5096\" \/>\n\t<meta property=\"og:image:height\" content=\"3397\" \/>\n\t<meta property=\"og:image:type\" content=\"image\/webp\" \/>\n<meta name=\"author\" content=\"Kohen\" \/>\n<meta name=\"twitter:card\" content=\"summary_large_image\" \/>\n<meta name=\"twitter:label1\" content=\"Written by\" \/>\n\t<meta name=\"twitter:data1\" content=\"Kohen\" \/>\n\t<meta name=\"twitter:label2\" content=\"Est. reading time\" \/>\n\t<meta name=\"twitter:data2\" content=\"3 minutes\" \/>\n<script type=\"application\/ld+json\" class=\"yoast-schema-graph\">{\"@context\":\"https:\\\/\\\/schema.org\",\"@graph\":[{\"@type\":\"Article\",\"@id\":\"https:\\\/\\\/kohenavocats.com\\\/en\\\/tribunal-judiciaire-de-bourg-en-bresse-le-1-octobre-2025-n25-01350\\\/#article\",\"isPartOf\":{\"@id\":\"https:\\\/\\\/kohenavocats.com\\\/en\\\/tribunal-judiciaire-de-bourg-en-bresse-le-1-octobre-2025-n25-01350\\\/\"},\"author\":{\"name\":\"Kohen\",\"@id\":\"https:\\\/\\\/kohenavocats.com\\\/en\\\/#\\\/schema\\\/person\\\/761c9ba54fa1ca84d405cef0831ff751\"},\"headline\":\"Tribunal judiciaire de Bourg-en-Bresse, le 1 octobre 2025, n\u00b025\\\/01350\",\"datePublished\":\"2026-04-21T04:24:35+00:00\",\"mainEntityOfPage\":{\"@id\":\"https:\\\/\\\/kohenavocats.com\\\/en\\\/tribunal-judiciaire-de-bourg-en-bresse-le-1-octobre-2025-n25-01350\\\/\"},\"wordCount\":603,\"commentCount\":0,\"publisher\":{\"@id\":\"https:\\\/\\\/kohenavocats.com\\\/en\\\/#organization\"},\"image\":{\"@id\":\"https:\\\/\\\/kohenavocats.com\\\/en\\\/tribunal-judiciaire-de-bourg-en-bresse-le-1-octobre-2025-n25-01350\\\/#primaryimage\"},\"thumbnailUrl\":\"https:\\\/\\\/kohenavocats.com\\\/wp-content\\\/uploads\\\/2024\\\/11\\\/arnaud-mariat-ilqys8HnQak-unsplash.webp\",\"articleSection\":[\"Jurisprudence\"],\"inLanguage\":\"en-US\",\"potentialAction\":[{\"@type\":\"CommentAction\",\"name\":\"Comment\",\"target\":[\"https:\\\/\\\/kohenavocats.com\\\/en\\\/tribunal-judiciaire-de-bourg-en-bresse-le-1-octobre-2025-n25-01350\\\/#respond\"]}],\"citation\":\"Tribunal judiciaire de Bourg-en-Bresse, le 1 octobre 2025, n\u00b025\\\/01350\",\"about\":[{\"@type\":\"Thing\",\"name\":\"Jurisprudence\"}],\"dateModified\":\"2026-04-21T04:24:35+00:00\",\"speakable\":{\"@type\":\"SpeakableSpecification\",\"cssSelector\":[\".article-content > p:first-of-type\"]}},{\"@type\":\"WebPage\",\"@id\":\"https:\\\/\\\/kohenavocats.com\\\/en\\\/tribunal-judiciaire-de-bourg-en-bresse-le-1-octobre-2025-n25-01350\\\/\",\"url\":\"https:\\\/\\\/kohenavocats.com\\\/en\\\/tribunal-judiciaire-de-bourg-en-bresse-le-1-octobre-2025-n25-01350\\\/\",\"name\":\"Tribunal judiciaire de Bourg-en-Bresse, le 1 octobre 2025, n\u00b025\\\/01350 - Ma\u00eetre Hassan Kohen, avocat en droit p\u00e9nal \u00e0 Paris\",\"isPartOf\":{\"@id\":\"https:\\\/\\\/kohenavocats.com\\\/en\\\/#website\"},\"primaryImageOfPage\":{\"@id\":\"https:\\\/\\\/kohenavocats.com\\\/en\\\/tribunal-judiciaire-de-bourg-en-bresse-le-1-octobre-2025-n25-01350\\\/#primaryimage\"},\"image\":{\"@id\":\"https:\\\/\\\/kohenavocats.com\\\/en\\\/tribunal-judiciaire-de-bourg-en-bresse-le-1-octobre-2025-n25-01350\\\/#primaryimage\"},\"thumbnailUrl\":\"https:\\\/\\\/kohenavocats.com\\\/wp-content\\\/uploads\\\/2024\\\/11\\\/arnaud-mariat-ilqys8HnQak-unsplash.webp\",\"datePublished\":\"2026-04-21T04:24:35+00:00\",\"description\":\"Le tribunal judiciaire, statuant en mati\u00e8re de contentieux de la protection, a rendu une d\u00e9cision le 1er octobre 2025. Un d\u00e9biteur, salari\u00e9 en arr\u00eat maladie,...\",\"breadcrumb\":{\"@id\":\"https:\\\/\\\/kohenavocats.com\\\/en\\\/tribunal-judiciaire-de-bourg-en-bresse-le-1-octobre-2025-n25-01350\\\/#breadcrumb\"},\"inLanguage\":\"en-US\",\"potentialAction\":[{\"@type\":\"ReadAction\",\"target\":[\"https:\\\/\\\/kohenavocats.com\\\/en\\\/tribunal-judiciaire-de-bourg-en-bresse-le-1-octobre-2025-n25-01350\\\/\"]}]},{\"@type\":\"ImageObject\",\"inLanguage\":\"en-US\",\"@id\":\"https:\\\/\\\/kohenavocats.com\\\/en\\\/tribunal-judiciaire-de-bourg-en-bresse-le-1-octobre-2025-n25-01350\\\/#primaryimage\",\"url\":\"https:\\\/\\\/kohenavocats.com\\\/wp-content\\\/uploads\\\/2024\\\/11\\\/arnaud-mariat-ilqys8HnQak-unsplash.webp\",\"contentUrl\":\"https:\\\/\\\/kohenavocats.com\\\/wp-content\\\/uploads\\\/2024\\\/11\\\/arnaud-mariat-ilqys8HnQak-unsplash.webp\",\"width\":5096,\"height\":3397},{\"@type\":\"BreadcrumbList\",\"@id\":\"https:\\\/\\\/kohenavocats.com\\\/en\\\/tribunal-judiciaire-de-bourg-en-bresse-le-1-octobre-2025-n25-01350\\\/#breadcrumb\",\"itemListElement\":[{\"@type\":\"ListItem\",\"position\":1,\"name\":\"Home\",\"item\":\"https:\\\/\\\/kohenavocats.com\\\/en\\\/criminal-law-attorneys-in-paris-counsel-and-strategic-defense\\\/\"},{\"@type\":\"ListItem\",\"position\":2,\"name\":\"Tribunal judiciaire de Bourg-en-Bresse, le 1 octobre 2025, n\u00b025\\\/01350\"}]},{\"@type\":\"WebSite\",\"@id\":\"https:\\\/\\\/kohenavocats.com\\\/en\\\/#website\",\"url\":\"https:\\\/\\\/kohenavocats.com\\\/en\\\/\",\"name\":\"Kohen Avocats\",\"description\":\"Ma\u00eetre Hassan Kohen, avocat p\u00e9naliste \u00e0 Paris, intervient exclusivement en droit p\u00e9nal pour la d\u00e9fense des particuliers, notamment en mati\u00e8re d\u2019accusations de viol. Il assure un accompagnement rigoureux d\u00e8s la garde \u00e0 vue jusqu\u2019\u00e0 la Cour d\u2019assises, veillant au strict respect des garanties proc\u00e9durales.\",\"publisher\":{\"@id\":\"https:\\\/\\\/kohenavocats.com\\\/en\\\/#organization\"},\"potentialAction\":[{\"@type\":\"SearchAction\",\"target\":{\"@type\":\"EntryPoint\",\"urlTemplate\":\"https:\\\/\\\/kohenavocats.com\\\/en\\\/?s={search_term_string}\"},\"query-input\":{\"@type\":\"PropertyValueSpecification\",\"valueRequired\":true,\"valueName\":\"search_term_string\"}}],\"inLanguage\":\"en-US\"},{\"@type\":\"Organization\",\"@id\":\"https:\\\/\\\/kohenavocats.com\\\/en\\\/#organization\",\"name\":\"Kohen Avocats\",\"url\":\"https:\\\/\\\/kohenavocats.com\\\/en\\\/\",\"logo\":{\"@type\":\"ImageObject\",\"inLanguage\":\"en-US\",\"@id\":\"https:\\\/\\\/kohenavocats.com\\\/en\\\/#\\\/schema\\\/logo\\\/image\\\/\",\"url\":\"https:\\\/\\\/kohenavocats.com\\\/wp-content\\\/uploads\\\/2026\\\/01\\\/Logo-2-1.webp\",\"contentUrl\":\"https:\\\/\\\/kohenavocats.com\\\/wp-content\\\/uploads\\\/2026\\\/01\\\/Logo-2-1.webp\",\"width\":2114,\"height\":1253,\"caption\":\"Kohen Avocats\"},\"image\":{\"@id\":\"https:\\\/\\\/kohenavocats.com\\\/en\\\/#\\\/schema\\\/logo\\\/image\\\/\"}},{\"@type\":\"Person\",\"@id\":\"https:\\\/\\\/kohenavocats.com\\\/en\\\/#\\\/schema\\\/person\\\/761c9ba54fa1ca84d405cef0831ff751\",\"name\":\"Kohen\",\"image\":{\"@type\":\"ImageObject\",\"inLanguage\":\"en-US\",\"@id\":\"https:\\\/\\\/secure.gravatar.com\\\/avatar\\\/1c5e76ef76bbbfdd2b4da984e2bf2fa4056fd51a27d25ce2c332047f1dfd6e00?s=96&d=identicon&r=g\",\"url\":\"https:\\\/\\\/secure.gravatar.com\\\/avatar\\\/1c5e76ef76bbbfdd2b4da984e2bf2fa4056fd51a27d25ce2c332047f1dfd6e00?s=96&d=identicon&r=g\",\"contentUrl\":\"https:\\\/\\\/secure.gravatar.com\\\/avatar\\\/1c5e76ef76bbbfdd2b4da984e2bf2fa4056fd51a27d25ce2c332047f1dfd6e00?s=96&d=identicon&r=g\",\"caption\":\"Kohen\"},\"sameAs\":[\"https:\\\/\\\/www.linkedin.com\\\/in\\\/hassan-kohen-448548192\\\/\",\"https:\\\/\\\/www.youtube.com\\\/@Kohen-Avocats\"],\"url\":\"https:\\\/\\\/kohenavocats.com\\\/en\\\/author\\\/kohenmlk\\\/\"}]}<\/script>\n<!-- \/ Yoast SEO Premium plugin. -->","yoast_head_json":{"title":"Tribunal judiciaire de Bourg-en-Bresse, le 1 octobre 2025, n\u00b025\/01350 - Ma\u00eetre Hassan Kohen, avocat en droit p\u00e9nal \u00e0 Paris","description":"Le tribunal judiciaire, statuant en mati\u00e8re de contentieux de la protection, a rendu une d\u00e9cision le 1er octobre 2025. Un d\u00e9biteur, salari\u00e9 en arr\u00eat maladie,...","robots":{"index":"index","follow":"follow","max-snippet":"max-snippet:-1","max-image-preview":"max-image-preview:large","max-video-preview":"max-video-preview:-1"},"canonical":"https:\/\/kohenavocats.com\/en\/tribunal-judiciaire-de-bourg-en-bresse-le-1-octobre-2025-n25-01350\/","og_locale":"en_US","og_type":"article","og_title":"Tribunal judiciaire de Bourg-en-Bresse, le 1 octobre 2025, n\u00b025\/01350","og_description":"Le tribunal judiciaire, statuant en mati\u00e8re de contentieux de la protection, a rendu une d\u00e9cision le 1er octobre 2025. Un d\u00e9biteur, salari\u00e9 en arr\u00eat maladie,...","og_url":"https:\/\/kohenavocats.com\/en\/tribunal-judiciaire-de-bourg-en-bresse-le-1-octobre-2025-n25-01350\/","og_site_name":"Ma\u00eetre Hassan Kohen, avocat en droit p\u00e9nal \u00e0 Paris","article_published_time":"2026-04-21T04:24:35+00:00","og_image":[{"width":5096,"height":3397,"url":"https:\/\/kohenavocats.com\/wp-content\/uploads\/2024\/11\/arnaud-mariat-ilqys8HnQak-unsplash.webp","type":"image\/webp"}],"author":"Kohen","twitter_card":"summary_large_image","twitter_misc":{"Written by":"Kohen","Est. reading time":"3 minutes"},"schema":{"@context":"https:\/\/schema.org","@graph":[{"@type":"Article","@id":"https:\/\/kohenavocats.com\/en\/tribunal-judiciaire-de-bourg-en-bresse-le-1-octobre-2025-n25-01350\/#article","isPartOf":{"@id":"https:\/\/kohenavocats.com\/en\/tribunal-judiciaire-de-bourg-en-bresse-le-1-octobre-2025-n25-01350\/"},"author":{"name":"Kohen","@id":"https:\/\/kohenavocats.com\/en\/#\/schema\/person\/761c9ba54fa1ca84d405cef0831ff751"},"headline":"Tribunal judiciaire de Bourg-en-Bresse, le 1 octobre 2025, n\u00b025\/01350","datePublished":"2026-04-21T04:24:35+00:00","mainEntityOfPage":{"@id":"https:\/\/kohenavocats.com\/en\/tribunal-judiciaire-de-bourg-en-bresse-le-1-octobre-2025-n25-01350\/"},"wordCount":603,"commentCount":0,"publisher":{"@id":"https:\/\/kohenavocats.com\/en\/#organization"},"image":{"@id":"https:\/\/kohenavocats.com\/en\/tribunal-judiciaire-de-bourg-en-bresse-le-1-octobre-2025-n25-01350\/#primaryimage"},"thumbnailUrl":"https:\/\/kohenavocats.com\/wp-content\/uploads\/2024\/11\/arnaud-mariat-ilqys8HnQak-unsplash.webp","articleSection":["Jurisprudence"],"inLanguage":"en-US","potentialAction":[{"@type":"CommentAction","name":"Comment","target":["https:\/\/kohenavocats.com\/en\/tribunal-judiciaire-de-bourg-en-bresse-le-1-octobre-2025-n25-01350\/#respond"]}],"citation":"Tribunal judiciaire de Bourg-en-Bresse, le 1 octobre 2025, n\u00b025\/01350","about":[{"@type":"Thing","name":"Jurisprudence"}],"dateModified":"2026-04-21T04:24:35+00:00","speakable":{"@type":"SpeakableSpecification","cssSelector":[".article-content > p:first-of-type"]}},{"@type":"WebPage","@id":"https:\/\/kohenavocats.com\/en\/tribunal-judiciaire-de-bourg-en-bresse-le-1-octobre-2025-n25-01350\/","url":"https:\/\/kohenavocats.com\/en\/tribunal-judiciaire-de-bourg-en-bresse-le-1-octobre-2025-n25-01350\/","name":"Tribunal judiciaire de Bourg-en-Bresse, le 1 octobre 2025, n\u00b025\/01350 - Ma\u00eetre Hassan Kohen, avocat en droit p\u00e9nal \u00e0 Paris","isPartOf":{"@id":"https:\/\/kohenavocats.com\/en\/#website"},"primaryImageOfPage":{"@id":"https:\/\/kohenavocats.com\/en\/tribunal-judiciaire-de-bourg-en-bresse-le-1-octobre-2025-n25-01350\/#primaryimage"},"image":{"@id":"https:\/\/kohenavocats.com\/en\/tribunal-judiciaire-de-bourg-en-bresse-le-1-octobre-2025-n25-01350\/#primaryimage"},"thumbnailUrl":"https:\/\/kohenavocats.com\/wp-content\/uploads\/2024\/11\/arnaud-mariat-ilqys8HnQak-unsplash.webp","datePublished":"2026-04-21T04:24:35+00:00","description":"Le tribunal judiciaire, statuant en mati\u00e8re de contentieux de la protection, a rendu une d\u00e9cision le 1er octobre 2025. Un d\u00e9biteur, salari\u00e9 en arr\u00eat maladie,...","breadcrumb":{"@id":"https:\/\/kohenavocats.com\/en\/tribunal-judiciaire-de-bourg-en-bresse-le-1-octobre-2025-n25-01350\/#breadcrumb"},"inLanguage":"en-US","potentialAction":[{"@type":"ReadAction","target":["https:\/\/kohenavocats.com\/en\/tribunal-judiciaire-de-bourg-en-bresse-le-1-octobre-2025-n25-01350\/"]}]},{"@type":"ImageObject","inLanguage":"en-US","@id":"https:\/\/kohenavocats.com\/en\/tribunal-judiciaire-de-bourg-en-bresse-le-1-octobre-2025-n25-01350\/#primaryimage","url":"https:\/\/kohenavocats.com\/wp-content\/uploads\/2024\/11\/arnaud-mariat-ilqys8HnQak-unsplash.webp","contentUrl":"https:\/\/kohenavocats.com\/wp-content\/uploads\/2024\/11\/arnaud-mariat-ilqys8HnQak-unsplash.webp","width":5096,"height":3397},{"@type":"BreadcrumbList","@id":"https:\/\/kohenavocats.com\/en\/tribunal-judiciaire-de-bourg-en-bresse-le-1-octobre-2025-n25-01350\/#breadcrumb","itemListElement":[{"@type":"ListItem","position":1,"name":"Home","item":"https:\/\/kohenavocats.com\/en\/criminal-law-attorneys-in-paris-counsel-and-strategic-defense\/"},{"@type":"ListItem","position":2,"name":"Tribunal judiciaire de Bourg-en-Bresse, le 1 octobre 2025, n\u00b025\/01350"}]},{"@type":"WebSite","@id":"https:\/\/kohenavocats.com\/en\/#website","url":"https:\/\/kohenavocats.com\/en\/","name":"Kohen Avocats","description":"Ma\u00eetre Hassan Kohen, avocat p\u00e9naliste \u00e0 Paris, intervient exclusivement en droit p\u00e9nal pour la d\u00e9fense des particuliers, notamment en mati\u00e8re d\u2019accusations de viol. Il assure un accompagnement rigoureux d\u00e8s la garde \u00e0 vue jusqu\u2019\u00e0 la Cour d\u2019assises, veillant au strict respect des garanties proc\u00e9durales.","publisher":{"@id":"https:\/\/kohenavocats.com\/en\/#organization"},"potentialAction":[{"@type":"SearchAction","target":{"@type":"EntryPoint","urlTemplate":"https:\/\/kohenavocats.com\/en\/?s={search_term_string}"},"query-input":{"@type":"PropertyValueSpecification","valueRequired":true,"valueName":"search_term_string"}}],"inLanguage":"en-US"},{"@type":"Organization","@id":"https:\/\/kohenavocats.com\/en\/#organization","name":"Kohen Avocats","url":"https:\/\/kohenavocats.com\/en\/","logo":{"@type":"ImageObject","inLanguage":"en-US","@id":"https:\/\/kohenavocats.com\/en\/#\/schema\/logo\/image\/","url":"https:\/\/kohenavocats.com\/wp-content\/uploads\/2026\/01\/Logo-2-1.webp","contentUrl":"https:\/\/kohenavocats.com\/wp-content\/uploads\/2026\/01\/Logo-2-1.webp","width":2114,"height":1253,"caption":"Kohen Avocats"},"image":{"@id":"https:\/\/kohenavocats.com\/en\/#\/schema\/logo\/image\/"}},{"@type":"Person","@id":"https:\/\/kohenavocats.com\/en\/#\/schema\/person\/761c9ba54fa1ca84d405cef0831ff751","name":"Kohen","image":{"@type":"ImageObject","inLanguage":"en-US","@id":"https:\/\/secure.gravatar.com\/avatar\/1c5e76ef76bbbfdd2b4da984e2bf2fa4056fd51a27d25ce2c332047f1dfd6e00?s=96&d=identicon&r=g","url":"https:\/\/secure.gravatar.com\/avatar\/1c5e76ef76bbbfdd2b4da984e2bf2fa4056fd51a27d25ce2c332047f1dfd6e00?s=96&d=identicon&r=g","contentUrl":"https:\/\/secure.gravatar.com\/avatar\/1c5e76ef76bbbfdd2b4da984e2bf2fa4056fd51a27d25ce2c332047f1dfd6e00?s=96&d=identicon&r=g","caption":"Kohen"},"sameAs":["https:\/\/www.linkedin.com\/in\/hassan-kohen-448548192\/","https:\/\/www.youtube.com\/@Kohen-Avocats"],"url":"https:\/\/kohenavocats.com\/en\/author\/kohenmlk\/"}]}},"jetpack_featured_media_url":"https:\/\/kohenavocats.com\/wp-content\/uploads\/2024\/11\/arnaud-mariat-ilqys8HnQak-unsplash.webp","jetpack_likes_enabled":false,"jetpack_shortlink":"https:\/\/wp.me\/peCrII-2Es2","jetpack-related-posts":[{"id":608839,"url":"https:\/\/kohenavocats.com\/en\/cour-dappel-de-orleans-le-23-octobre-2025-n25-00492\/","url_meta":{"origin":632154,"position":0},"title":"Cour d&#8217;appel de Orl\u00e9ans, le 23 octobre 2025, n\u00b025\/00492","author":"Kohen","date":"19 April 2026","format":false,"excerpt":"La Cour d'appel d'Orl\u00e9ans, statuant en chambre commerciale le 23 octobre 2025, examine un pourvoi contre une ordonnance de juge-commissaire. Le litige concer...","rel":"","context":"In &quot;Jurisprudence&quot;","block_context":{"text":"Jurisprudence","link":"https:\/\/kohenavocats.com\/category\/jurisprudence\/"},"img":{"alt_text":"","src":"https:\/\/i0.wp.com\/kohenavocats.com\/wp-content\/uploads\/2024\/11\/andrej-lisakov-kuemAVWEwXU-unsplash.webp?resize=350%2C200&ssl=1","width":350,"height":200,"srcset":"https:\/\/i0.wp.com\/kohenavocats.com\/wp-content\/uploads\/2024\/11\/andrej-lisakov-kuemAVWEwXU-unsplash.webp?resize=350%2C200&ssl=1 1x, https:\/\/i0.wp.com\/kohenavocats.com\/wp-content\/uploads\/2024\/11\/andrej-lisakov-kuemAVWEwXU-unsplash.webp?resize=525%2C300&ssl=1 1.5x, https:\/\/i0.wp.com\/kohenavocats.com\/wp-content\/uploads\/2024\/11\/andrej-lisakov-kuemAVWEwXU-unsplash.webp?resize=700%2C400&ssl=1 2x, https:\/\/i0.wp.com\/kohenavocats.com\/wp-content\/uploads\/2024\/11\/andrej-lisakov-kuemAVWEwXU-unsplash.webp?resize=1050%2C600&ssl=1 3x, https:\/\/i0.wp.com\/kohenavocats.com\/wp-content\/uploads\/2024\/11\/andrej-lisakov-kuemAVWEwXU-unsplash.webp?resize=1400%2C800&ssl=1 4x"},"classes":[]},{"id":630636,"url":"https:\/\/kohenavocats.com\/en\/tribunal-judiciaire-de-montpellier-le-8-avril-2025-n25-00123\/","url_meta":{"origin":632154,"position":1},"title":"Tribunal judiciaire de Montpellier, le 8 avril 2025, n\u00b025\/00123","author":"Kohen","date":"21 April 2026","format":false,"excerpt":"Le juge des contentieux de la protection, statuant en premier ressort, a rendu un jugement le 8 avril 2025. Il s\u2019agissait d\u2019examiner le recours form\u00e9 contre ...","rel":"","context":"In &quot;Jurisprudence&quot;","block_context":{"text":"Jurisprudence","link":"https:\/\/kohenavocats.com\/category\/jurisprudence\/"},"img":{"alt_text":"","src":"https:\/\/i0.wp.com\/kohenavocats.com\/wp-content\/uploads\/2024\/11\/planet-volumes-qCodK5vqaNs-unsplash.webp?resize=350%2C200&ssl=1","width":350,"height":200,"srcset":"https:\/\/i0.wp.com\/kohenavocats.com\/wp-content\/uploads\/2024\/11\/planet-volumes-qCodK5vqaNs-unsplash.webp?resize=350%2C200&ssl=1 1x, https:\/\/i0.wp.com\/kohenavocats.com\/wp-content\/uploads\/2024\/11\/planet-volumes-qCodK5vqaNs-unsplash.webp?resize=525%2C300&ssl=1 1.5x, https:\/\/i0.wp.com\/kohenavocats.com\/wp-content\/uploads\/2024\/11\/planet-volumes-qCodK5vqaNs-unsplash.webp?resize=700%2C400&ssl=1 2x, https:\/\/i0.wp.com\/kohenavocats.com\/wp-content\/uploads\/2024\/11\/planet-volumes-qCodK5vqaNs-unsplash.webp?resize=1050%2C600&ssl=1 3x, https:\/\/i0.wp.com\/kohenavocats.com\/wp-content\/uploads\/2024\/11\/planet-volumes-qCodK5vqaNs-unsplash.webp?resize=1400%2C800&ssl=1 4x"},"classes":[]},{"id":489522,"url":"https:\/\/kohenavocats.com\/en\/cour-dappel-de-versailles-le-4-mars-2025-n23-02841\/","url_meta":{"origin":632154,"position":2},"title":"Cour d&#8217;appel de Versailles, le 4 mars 2025, n\u00b023\/02841","author":"Kohen","date":"8 April 2026","format":false,"excerpt":"La Cour d'appel de Versailles, le 4 mars 2025, statue sur un recours contre un jugement de surendettement. Elle examine la fixation de plusieurs cr\u00e9ances fis...","rel":"","context":"In &quot;Jurisprudence&quot;","block_context":{"text":"Jurisprudence","link":"https:\/\/kohenavocats.com\/category\/jurisprudence\/"},"img":{"alt_text":"","src":"https:\/\/i0.wp.com\/kohenavocats.com\/wp-content\/uploads\/2024\/08\/louis-paulin-CJ_Ipj0rYWk-unsplash.webp?resize=350%2C200&ssl=1","width":350,"height":200,"srcset":"https:\/\/i0.wp.com\/kohenavocats.com\/wp-content\/uploads\/2024\/08\/louis-paulin-CJ_Ipj0rYWk-unsplash.webp?resize=350%2C200&ssl=1 1x, https:\/\/i0.wp.com\/kohenavocats.com\/wp-content\/uploads\/2024\/08\/louis-paulin-CJ_Ipj0rYWk-unsplash.webp?resize=525%2C300&ssl=1 1.5x, https:\/\/i0.wp.com\/kohenavocats.com\/wp-content\/uploads\/2024\/08\/louis-paulin-CJ_Ipj0rYWk-unsplash.webp?resize=700%2C400&ssl=1 2x, https:\/\/i0.wp.com\/kohenavocats.com\/wp-content\/uploads\/2024\/08\/louis-paulin-CJ_Ipj0rYWk-unsplash.webp?resize=1050%2C600&ssl=1 3x, https:\/\/i0.wp.com\/kohenavocats.com\/wp-content\/uploads\/2024\/08\/louis-paulin-CJ_Ipj0rYWk-unsplash.webp?resize=1400%2C800&ssl=1 4x"},"classes":[]},{"id":617411,"url":"https:\/\/kohenavocats.com\/en\/tribunal-judiciaire-de-beziers-le-22-octobre-2025-n24-00275\/","url_meta":{"origin":632154,"position":3},"title":"Tribunal judiciaire de B\u00e9ziers, le 22 octobre 2025, n\u00b024\/00275","author":"Kohen","date":"20 April 2026","format":false,"excerpt":"Le tribunal judiciaire de B\u00e9ziers, statuant en mati\u00e8re de protection, a rendu un jugement le vingt-cinq novembre deux mille vingt-quatre. Il \u00e9tait saisi d\u2019un...","rel":"","context":"In &quot;Jurisprudence&quot;","block_context":{"text":"Jurisprudence","link":"https:\/\/kohenavocats.com\/category\/jurisprudence\/"},"img":{"alt_text":"","src":"https:\/\/i0.wp.com\/kohenavocats.com\/wp-content\/uploads\/2024\/11\/chris-barbalis-axkgSXdeD98-unsplash.webp?resize=350%2C200&ssl=1","width":350,"height":200,"srcset":"https:\/\/i0.wp.com\/kohenavocats.com\/wp-content\/uploads\/2024\/11\/chris-barbalis-axkgSXdeD98-unsplash.webp?resize=350%2C200&ssl=1 1x, https:\/\/i0.wp.com\/kohenavocats.com\/wp-content\/uploads\/2024\/11\/chris-barbalis-axkgSXdeD98-unsplash.webp?resize=525%2C300&ssl=1 1.5x, https:\/\/i0.wp.com\/kohenavocats.com\/wp-content\/uploads\/2024\/11\/chris-barbalis-axkgSXdeD98-unsplash.webp?resize=700%2C400&ssl=1 2x, https:\/\/i0.wp.com\/kohenavocats.com\/wp-content\/uploads\/2024\/11\/chris-barbalis-axkgSXdeD98-unsplash.webp?resize=1050%2C600&ssl=1 3x, https:\/\/i0.wp.com\/kohenavocats.com\/wp-content\/uploads\/2024\/11\/chris-barbalis-axkgSXdeD98-unsplash.webp?resize=1400%2C800&ssl=1 4x"},"classes":[]},{"id":499416,"url":"https:\/\/kohenavocats.com\/en\/cour-dappel-de-paris-le-10-octobre-2025-n25-09273\/","url_meta":{"origin":632154,"position":4},"title":"Cour d&#8217;appel de Paris, le 10 octobre 2025, n\u00b025\/09273","author":"Kohen","date":"8 April 2026","format":false,"excerpt":"La cour d'appel de Paris, statuant le 10 octobre 2025, examine le recours d'une soci\u00e9t\u00e9 contre un jugement l'ayant plac\u00e9e en redressement judiciaire. La soci...","rel":"","context":"In &quot;Jurisprudence&quot;","block_context":{"text":"Jurisprudence","link":"https:\/\/kohenavocats.com\/category\/jurisprudence\/"},"img":{"alt_text":"","src":"https:\/\/i0.wp.com\/kohenavocats.com\/wp-content\/uploads\/2024\/08\/giammarco-boscaro-a_VP5ObtzWk-unsplash.webp?resize=350%2C200&ssl=1","width":350,"height":200,"srcset":"https:\/\/i0.wp.com\/kohenavocats.com\/wp-content\/uploads\/2024\/08\/giammarco-boscaro-a_VP5ObtzWk-unsplash.webp?resize=350%2C200&ssl=1 1x, https:\/\/i0.wp.com\/kohenavocats.com\/wp-content\/uploads\/2024\/08\/giammarco-boscaro-a_VP5ObtzWk-unsplash.webp?resize=525%2C300&ssl=1 1.5x, https:\/\/i0.wp.com\/kohenavocats.com\/wp-content\/uploads\/2024\/08\/giammarco-boscaro-a_VP5ObtzWk-unsplash.webp?resize=700%2C400&ssl=1 2x, https:\/\/i0.wp.com\/kohenavocats.com\/wp-content\/uploads\/2024\/08\/giammarco-boscaro-a_VP5ObtzWk-unsplash.webp?resize=1050%2C600&ssl=1 3x, https:\/\/i0.wp.com\/kohenavocats.com\/wp-content\/uploads\/2024\/08\/giammarco-boscaro-a_VP5ObtzWk-unsplash.webp?resize=1400%2C800&ssl=1 4x"},"classes":[]},{"id":494561,"url":"https:\/\/kohenavocats.com\/en\/tribunal-judiciaire-de-nice-le-28-octobre-2025-n25-00898\/","url_meta":{"origin":632154,"position":5},"title":"Tribunal judiciaire de Nice, le 28 octobre 2025, n\u00b025\/00898","author":"Kohen","date":"8 April 2026","format":false,"excerpt":"La cour d\u2019appel d\u2019Aix-en-Provence, statuant en mati\u00e8re de surendettement, a rendu un jugement le 28 octobre 2025. Une requ\u00e9rante avait contest\u00e9 les...","rel":"","context":"In &quot;D\u00e9cisions juridiques&quot;","block_context":{"text":"D\u00e9cisions juridiques","link":"https:\/\/kohenavocats.com\/category\/decisions-juridiques\/"},"img":{"alt_text":"","src":"https:\/\/i0.wp.com\/kohenavocats.com\/wp-content\/uploads\/2024\/08\/alexey-larionov-S8cOCANSb8g-unsplash.webp?resize=350%2C200&ssl=1","width":350,"height":200,"srcset":"https:\/\/i0.wp.com\/kohenavocats.com\/wp-content\/uploads\/2024\/08\/alexey-larionov-S8cOCANSb8g-unsplash.webp?resize=350%2C200&ssl=1 1x, https:\/\/i0.wp.com\/kohenavocats.com\/wp-content\/uploads\/2024\/08\/alexey-larionov-S8cOCANSb8g-unsplash.webp?resize=525%2C300&ssl=1 1.5x, https:\/\/i0.wp.com\/kohenavocats.com\/wp-content\/uploads\/2024\/08\/alexey-larionov-S8cOCANSb8g-unsplash.webp?resize=700%2C400&ssl=1 2x, https:\/\/i0.wp.com\/kohenavocats.com\/wp-content\/uploads\/2024\/08\/alexey-larionov-S8cOCANSb8g-unsplash.webp?resize=1050%2C600&ssl=1 3x, https:\/\/i0.wp.com\/kohenavocats.com\/wp-content\/uploads\/2024\/08\/alexey-larionov-S8cOCANSb8g-unsplash.webp?resize=1400%2C800&ssl=1 4x"},"classes":[]}],"jetpack_sharing_enabled":true,"_links":{"self":[{"href":"https:\/\/kohenavocats.com\/en\/wp-json\/wp\/v2\/posts\/632154","targetHints":{"allow":["GET"]}}],"collection":[{"href":"https:\/\/kohenavocats.com\/en\/wp-json\/wp\/v2\/posts"}],"about":[{"href":"https:\/\/kohenavocats.com\/en\/wp-json\/wp\/v2\/types\/post"}],"author":[{"embeddable":true,"href":"https:\/\/kohenavocats.com\/en\/wp-json\/wp\/v2\/users\/232070755"}],"replies":[{"embeddable":true,"href":"https:\/\/kohenavocats.com\/en\/wp-json\/wp\/v2\/comments?post=632154"}],"version-history":[{"count":0,"href":"https:\/\/kohenavocats.com\/en\/wp-json\/wp\/v2\/posts\/632154\/revisions"}],"wp:featuredmedia":[{"embeddable":true,"href":"https:\/\/kohenavocats.com\/en\/wp-json\/wp\/v2\/media\/9449"}],"wp:attachment":[{"href":"https:\/\/kohenavocats.com\/en\/wp-json\/wp\/v2\/media?parent=632154"}],"wp:term":[{"taxonomy":"category","embeddable":true,"href":"https:\/\/kohenavocats.com\/en\/wp-json\/wp\/v2\/categories?post=632154"},{"taxonomy":"post_tag","embeddable":true,"href":"https:\/\/kohenavocats.com\/en\/wp-json\/wp\/v2\/tags?post=632154"}],"curies":[{"name":"wp","href":"https:\/\/api.w.org\/{rel}","templated":true}]}}