{"id":641802,"date":"2026-04-21T23:33:34","date_gmt":"2026-04-21T21:33:34","guid":{"rendered":"https:\/\/kohenavocats.com\/cour-dappel-de-dijon-le-12-juin-2024-n23-00545\/"},"modified":"2026-04-21T23:33:34","modified_gmt":"2026-04-21T21:33:34","slug":"cour-dappel-de-dijon-le-12-juin-2024-n23-00545","status":"publish","type":"post","link":"https:\/\/kohenavocats.com\/en\/cour-dappel-de-dijon-le-12-juin-2024-n23-00545\/","title":{"rendered":"Cour d&#8217;appel de Dijon, le 12 juin 2024, n\u00b023\/00545"},"content":{"rendered":"<div class=\"article-content\">\n<p>La cour d&#8217;appel de Dijon, statuant le 12 juin 2024, a examin\u00e9 un litige relatif \u00e0 la prise en charge d&#8217;un accident du travail. L&#8217;employeur contestait l&#8217;inopposabilit\u00e9 de la d\u00e9cision de la caisse, invoquant un vice de proc\u00e9dure et la non-mat\u00e9rialit\u00e9 de l&#8217;accident. La juridiction a infirm\u00e9 le premier jugement et d\u00e9clar\u00e9 la d\u00e9cision de prise en charge opposable \u00e0 l&#8217;employeur, apr\u00e8s avoir jug\u00e9 la proc\u00e9dure r\u00e9guli\u00e8re et l&#8217;accident \u00e9tabli.<\/p>\n<p>La r\u00e9gularit\u00e9 de la proc\u00e9dure contradictoire d\u00e9mat\u00e9rialis\u00e9e<\/p>\n<p>L&#8217;obligation d&#8217;information de la caisse en cas de proc\u00e9dure d\u00e9mat\u00e9rialis\u00e9e. La cour rappelle les exigences proc\u00e9durales issues des articles R. 441-7 et R. 441-8 du code de la s\u00e9curit\u00e9 sociale. Elle souligne que la caisse a inform\u00e9 l&#8217;employeur du traitement de la d\u00e9claration par courrier du 7 janvier 2020. Ce courrier indiquait la disponibilit\u00e9 d&#8217;un questionnaire en ligne et pr\u00e9cisait les modalit\u00e9s de consultation du dossier. &#8220;La caisse informe la victime ou ses repr\u00e9sentants ainsi que l&#8217;employeur de la date d&#8217;expiration du d\u00e9lai pr\u00e9vu au premier alin\u00e9a lors de l&#8217;envoi du questionnaire&#8221; (D\u00e9cision \u00e0 commenter). La valeur de ce point r\u00e9side dans l&#8217;adaptation des obligations classiques d&#8217;information au support d\u00e9mat\u00e9rialis\u00e9.<\/p>\n<p>L&#8217;impossibilit\u00e9 de se pr\u00e9valoir de sa propre carence proc\u00e9durale. La cour estime que l&#8217;employeur, inform\u00e9, ne peut invoquer un vice du contradictoire d\u00e9coulant de son abstention. Elle rel\u00e8ve que l&#8217;employeur s&#8217;est refus\u00e9 \u00e0 cr\u00e9er un compte en ligne par principe. &#8220;Il appartenait donc dans un tel contexte \u00e0 l&#8217;employeur, r\u00e9guli\u00e8rement inform\u00e9 [&#8230;] de solliciter l&#8217;envoi du questionnaire sous format papier&#8221; (D\u00e9cision \u00e0 commenter). La port\u00e9e est essentielle car elle sanctionne la mauvaise foi et emp\u00eache qu&#8217;une partie tire profit de son propre manquement pour invalider la proc\u00e9dure, conform\u00e9ment \u00e0 la jurisprudence. &#8220;L&#8217;employeur ne peut se pr\u00e9valoir que de l&#8217;irr\u00e9gularit\u00e9 de la proc\u00e9dure d&#8217;instruction conduite par la caisse, seuls les manquements de cette derni\u00e8re pouvant \u00eatre sanctionn\u00e9s&#8221; (Cass. Deuxi\u00e8me chambre civile, le 19 f\u00e9vrier 2026, n\u00b024-10.126).<\/p>\n<p>Le fondement de la qualification d&#8217;accident du travail<\/p>\n<p>L&#8217;application de la pr\u00e9somption d&#8217;imputabilit\u00e9 l\u00e9gale. La cour rappelle les termes de l&#8217;article L. 411-1 du code de la s\u00e9curit\u00e9 sociale. Elle applique la pr\u00e9somption simple selon laquelle toute l\u00e9sion survenue au temps et au lieu du travail est un accident du travail. &#8220;La pr\u00e9somption d&#8217;imputabilit\u00e9 \u00e9nonc\u00e9e par ces dispositions implique que toute l\u00e9sion survenue au temps et au lieu du travail doit \u00eatre consid\u00e9r\u00e9e comme r\u00e9sultant d&#8217;un accident du travail&#8221; (D\u00e9cision \u00e0 commenter). Le sens de ce point est de confirmer la force probante de cette pr\u00e9somption l\u00e9gale, prot\u00e9geant ainsi la victime.<\/p>\n<p>L&#8217;insuffisance des \u00e9l\u00e9ments produits pour renverser la pr\u00e9somption. La cour examine les arguments de l&#8217;employeur et les juge non probants. L&#8217;absence de t\u00e9moin ou de consultation imm\u00e9diate d&#8217;un infirmier n&#8217;est pas d\u00e9cisive. Elle constate la concordance entre la d\u00e9claration de la victime et le certificat m\u00e9dical initial. &#8220;La pr\u00e9somption [&#8230;] doit s&#8217;appliquer d\u00e8s lors qu&#8217;elle ne r\u00e9sulte pas des seules all\u00e9gations de la victime mais est manifestement corrobor\u00e9e par des \u00e9l\u00e9ments objectifs contemporains&#8221; (D\u00e9cision \u00e0 commenter). La port\u00e9e est de pr\u00e9ciser les conditions n\u00e9cessaires pour \u00e9carter la pr\u00e9somption, exigeant une preuve solide d&#8217;une cause \u00e9trang\u00e8re au travail, ce que l&#8217;employeur n&#8217;a pas rapport\u00e9e.<\/p>\n<\/div>\n","protected":false},"excerpt":{"rendered":"<p>La cour d&#8217;appel de Dijon, statuant le 12 juin 2024, a examin\u00e9 un litige relatif \u00e0 la prise en charge d&#8217;un accident du travail. L&#8217;employeur contestait l&#8217;inopp&#8230;<\/p>\n","protected":false},"author":232070755,"featured_media":9534,"comment_status":"open","ping_status":"open","sticky":false,"template":"","format":"standard","meta":{"_crdt_document":"","_jetpack_newsletter_access":"","_jetpack_dont_email_post_to_subs":false,"_jetpack_newsletter_tier_id":0,"_jetpack_memberships_contains_paywalled_content":false,"_jetpack_memberships_contains_paid_content":false,"footnotes":"","jetpack_post_was_ever_published":false},"categories":[7597],"tags":[],"class_list":["post-641802","post","type-post","status-publish","format-standard","has-post-thumbnail","hentry","category-jurisprudence"],"yoast_head":"<!-- This site is optimized with the Yoast SEO Premium plugin v27.4 (Yoast SEO v27.4) - https:\/\/yoast.com\/product\/yoast-seo-premium-wordpress\/ -->\n<title>Cour d&#039;appel de Dijon, le 12 juin 2024, n\u00b023\/00545 - Ma\u00eetre Hassan Kohen, avocat en droit p\u00e9nal \u00e0 Paris<\/title>\n<meta name=\"description\" content=\"La cour d&#039;appel de Dijon, statuant le 12 juin 2024, a examin\u00e9 un litige relatif \u00e0 la prise en charge d&#039;un accident du travail. L&#039;employeur contestait l&#039;inopp...\" \/>\n<meta name=\"robots\" content=\"index, follow, max-snippet:-1, max-image-preview:large, max-video-preview:-1\" \/>\n<link rel=\"canonical\" href=\"https:\/\/kohenavocats.com\/en\/cour-dappel-de-dijon-le-12-juin-2024-n23-00545\/\" \/>\n<meta property=\"og:locale\" content=\"en_US\" \/>\n<meta property=\"og:type\" content=\"article\" \/>\n<meta property=\"og:title\" content=\"Cour d&#039;appel de Dijon, le 12 juin 2024, n\u00b023\/00545\" \/>\n<meta property=\"og:description\" content=\"La cour d&#039;appel de Dijon, statuant le 12 juin 2024, a examin\u00e9 un litige relatif \u00e0 la prise en charge d&#039;un accident du travail. L&#039;employeur contestait l&#039;inopp...\" \/>\n<meta property=\"og:url\" content=\"https:\/\/kohenavocats.com\/en\/cour-dappel-de-dijon-le-12-juin-2024-n23-00545\/\" \/>\n<meta property=\"og:site_name\" content=\"Ma\u00eetre Hassan Kohen, avocat en droit p\u00e9nal \u00e0 Paris\" \/>\n<meta property=\"article:published_time\" content=\"2026-04-21T21:33:34+00:00\" \/>\n<meta property=\"og:image\" content=\"https:\/\/kohenavocats.com\/wp-content\/uploads\/2024\/11\/davey-gravy-JkcYTtNfFgw-unsplash.webp\" \/>\n\t<meta property=\"og:image:width\" content=\"6206\" \/>\n\t<meta property=\"og:image:height\" content=\"4137\" \/>\n\t<meta property=\"og:image:type\" content=\"image\/webp\" \/>\n<meta name=\"author\" content=\"Kohen\" \/>\n<meta name=\"twitter:card\" content=\"summary_large_image\" \/>\n<meta name=\"twitter:label1\" content=\"Written by\" \/>\n\t<meta name=\"twitter:data1\" content=\"Kohen\" \/>\n\t<meta name=\"twitter:label2\" content=\"Est. reading time\" \/>\n\t<meta name=\"twitter:data2\" content=\"3 minutes\" \/>\n<script type=\"application\/ld+json\" class=\"yoast-schema-graph\">{\"@context\":\"https:\\\/\\\/schema.org\",\"@graph\":[{\"@type\":\"Article\",\"@id\":\"https:\\\/\\\/kohenavocats.com\\\/en\\\/cour-dappel-de-dijon-le-12-juin-2024-n23-00545\\\/#article\",\"isPartOf\":{\"@id\":\"https:\\\/\\\/kohenavocats.com\\\/en\\\/cour-dappel-de-dijon-le-12-juin-2024-n23-00545\\\/\"},\"author\":{\"name\":\"Kohen\",\"@id\":\"https:\\\/\\\/kohenavocats.com\\\/en\\\/#\\\/schema\\\/person\\\/761c9ba54fa1ca84d405cef0831ff751\"},\"headline\":\"Cour d&#8217;appel de Dijon, le 12 juin 2024, n\u00b023\\\/00545\",\"datePublished\":\"2026-04-21T21:33:34+00:00\",\"mainEntityOfPage\":{\"@id\":\"https:\\\/\\\/kohenavocats.com\\\/en\\\/cour-dappel-de-dijon-le-12-juin-2024-n23-00545\\\/\"},\"wordCount\":635,\"commentCount\":0,\"publisher\":{\"@id\":\"https:\\\/\\\/kohenavocats.com\\\/en\\\/#organization\"},\"image\":{\"@id\":\"https:\\\/\\\/kohenavocats.com\\\/en\\\/cour-dappel-de-dijon-le-12-juin-2024-n23-00545\\\/#primaryimage\"},\"thumbnailUrl\":\"https:\\\/\\\/kohenavocats.com\\\/wp-content\\\/uploads\\\/2024\\\/11\\\/davey-gravy-JkcYTtNfFgw-unsplash.webp\",\"articleSection\":[\"Jurisprudence\"],\"inLanguage\":\"en-US\",\"potentialAction\":[{\"@type\":\"CommentAction\",\"name\":\"Comment\",\"target\":[\"https:\\\/\\\/kohenavocats.com\\\/en\\\/cour-dappel-de-dijon-le-12-juin-2024-n23-00545\\\/#respond\"]}],\"citation\":\"Cour d&#8217;appel de Dijon, le 12 juin 2024, n\u00b023\\\/00545\",\"about\":[{\"@type\":\"Thing\",\"name\":\"Jurisprudence\"}],\"dateModified\":\"2026-04-21T21:33:34+00:00\",\"speakable\":{\"@type\":\"SpeakableSpecification\",\"cssSelector\":[\".article-content > p:first-of-type\"]}},{\"@type\":\"WebPage\",\"@id\":\"https:\\\/\\\/kohenavocats.com\\\/en\\\/cour-dappel-de-dijon-le-12-juin-2024-n23-00545\\\/\",\"url\":\"https:\\\/\\\/kohenavocats.com\\\/en\\\/cour-dappel-de-dijon-le-12-juin-2024-n23-00545\\\/\",\"name\":\"Cour d'appel de Dijon, le 12 juin 2024, n\u00b023\\\/00545 - Ma\u00eetre Hassan Kohen, avocat en droit p\u00e9nal \u00e0 Paris\",\"isPartOf\":{\"@id\":\"https:\\\/\\\/kohenavocats.com\\\/en\\\/#website\"},\"primaryImageOfPage\":{\"@id\":\"https:\\\/\\\/kohenavocats.com\\\/en\\\/cour-dappel-de-dijon-le-12-juin-2024-n23-00545\\\/#primaryimage\"},\"image\":{\"@id\":\"https:\\\/\\\/kohenavocats.com\\\/en\\\/cour-dappel-de-dijon-le-12-juin-2024-n23-00545\\\/#primaryimage\"},\"thumbnailUrl\":\"https:\\\/\\\/kohenavocats.com\\\/wp-content\\\/uploads\\\/2024\\\/11\\\/davey-gravy-JkcYTtNfFgw-unsplash.webp\",\"datePublished\":\"2026-04-21T21:33:34+00:00\",\"description\":\"La cour d'appel de Dijon, statuant le 12 juin 2024, a examin\u00e9 un litige relatif \u00e0 la prise en charge d'un accident du travail. L'employeur contestait l'inopp...\",\"breadcrumb\":{\"@id\":\"https:\\\/\\\/kohenavocats.com\\\/en\\\/cour-dappel-de-dijon-le-12-juin-2024-n23-00545\\\/#breadcrumb\"},\"inLanguage\":\"en-US\",\"potentialAction\":[{\"@type\":\"ReadAction\",\"target\":[\"https:\\\/\\\/kohenavocats.com\\\/en\\\/cour-dappel-de-dijon-le-12-juin-2024-n23-00545\\\/\"]}]},{\"@type\":\"ImageObject\",\"inLanguage\":\"en-US\",\"@id\":\"https:\\\/\\\/kohenavocats.com\\\/en\\\/cour-dappel-de-dijon-le-12-juin-2024-n23-00545\\\/#primaryimage\",\"url\":\"https:\\\/\\\/kohenavocats.com\\\/wp-content\\\/uploads\\\/2024\\\/11\\\/davey-gravy-JkcYTtNfFgw-unsplash.webp\",\"contentUrl\":\"https:\\\/\\\/kohenavocats.com\\\/wp-content\\\/uploads\\\/2024\\\/11\\\/davey-gravy-JkcYTtNfFgw-unsplash.webp\",\"width\":6206,\"height\":4137},{\"@type\":\"BreadcrumbList\",\"@id\":\"https:\\\/\\\/kohenavocats.com\\\/en\\\/cour-dappel-de-dijon-le-12-juin-2024-n23-00545\\\/#breadcrumb\",\"itemListElement\":[{\"@type\":\"ListItem\",\"position\":1,\"name\":\"Home\",\"item\":\"https:\\\/\\\/kohenavocats.com\\\/en\\\/criminal-law-attorneys-in-paris-counsel-and-strategic-defense\\\/\"},{\"@type\":\"ListItem\",\"position\":2,\"name\":\"Cour d&rsquo;appel de Dijon, le 12 juin 2024, n\u00b023\\\/00545\"}]},{\"@type\":\"WebSite\",\"@id\":\"https:\\\/\\\/kohenavocats.com\\\/en\\\/#website\",\"url\":\"https:\\\/\\\/kohenavocats.com\\\/en\\\/\",\"name\":\"Kohen Avocats\",\"description\":\"Ma\u00eetre Hassan Kohen, avocat p\u00e9naliste \u00e0 Paris, intervient exclusivement en droit p\u00e9nal pour la d\u00e9fense des particuliers, notamment en mati\u00e8re d\u2019accusations de viol. Il assure un accompagnement rigoureux d\u00e8s la garde \u00e0 vue jusqu\u2019\u00e0 la Cour d\u2019assises, veillant au strict respect des garanties proc\u00e9durales.\",\"publisher\":{\"@id\":\"https:\\\/\\\/kohenavocats.com\\\/en\\\/#organization\"},\"potentialAction\":[{\"@type\":\"SearchAction\",\"target\":{\"@type\":\"EntryPoint\",\"urlTemplate\":\"https:\\\/\\\/kohenavocats.com\\\/en\\\/?s={search_term_string}\"},\"query-input\":{\"@type\":\"PropertyValueSpecification\",\"valueRequired\":true,\"valueName\":\"search_term_string\"}}],\"inLanguage\":\"en-US\"},{\"@type\":\"Organization\",\"@id\":\"https:\\\/\\\/kohenavocats.com\\\/en\\\/#organization\",\"name\":\"Kohen Avocats\",\"url\":\"https:\\\/\\\/kohenavocats.com\\\/en\\\/\",\"logo\":{\"@type\":\"ImageObject\",\"inLanguage\":\"en-US\",\"@id\":\"https:\\\/\\\/kohenavocats.com\\\/en\\\/#\\\/schema\\\/logo\\\/image\\\/\",\"url\":\"https:\\\/\\\/kohenavocats.com\\\/wp-content\\\/uploads\\\/2026\\\/01\\\/Logo-2-1.webp\",\"contentUrl\":\"https:\\\/\\\/kohenavocats.com\\\/wp-content\\\/uploads\\\/2026\\\/01\\\/Logo-2-1.webp\",\"width\":2114,\"height\":1253,\"caption\":\"Kohen Avocats\"},\"image\":{\"@id\":\"https:\\\/\\\/kohenavocats.com\\\/en\\\/#\\\/schema\\\/logo\\\/image\\\/\"}},{\"@type\":\"Person\",\"@id\":\"https:\\\/\\\/kohenavocats.com\\\/en\\\/#\\\/schema\\\/person\\\/761c9ba54fa1ca84d405cef0831ff751\",\"name\":\"Kohen\",\"image\":{\"@type\":\"ImageObject\",\"inLanguage\":\"en-US\",\"@id\":\"https:\\\/\\\/secure.gravatar.com\\\/avatar\\\/1c5e76ef76bbbfdd2b4da984e2bf2fa4056fd51a27d25ce2c332047f1dfd6e00?s=96&d=identicon&r=g\",\"url\":\"https:\\\/\\\/secure.gravatar.com\\\/avatar\\\/1c5e76ef76bbbfdd2b4da984e2bf2fa4056fd51a27d25ce2c332047f1dfd6e00?s=96&d=identicon&r=g\",\"contentUrl\":\"https:\\\/\\\/secure.gravatar.com\\\/avatar\\\/1c5e76ef76bbbfdd2b4da984e2bf2fa4056fd51a27d25ce2c332047f1dfd6e00?s=96&d=identicon&r=g\",\"caption\":\"Kohen\"},\"sameAs\":[\"https:\\\/\\\/www.linkedin.com\\\/in\\\/hassan-kohen-448548192\\\/\",\"https:\\\/\\\/www.youtube.com\\\/@Kohen-Avocats\"],\"url\":\"https:\\\/\\\/kohenavocats.com\\\/en\\\/author\\\/kohenmlk\\\/\"}]}<\/script>\n<!-- \/ Yoast SEO Premium plugin. -->","yoast_head_json":{"title":"Cour d'appel de Dijon, le 12 juin 2024, n\u00b023\/00545 - Ma\u00eetre Hassan Kohen, avocat en droit p\u00e9nal \u00e0 Paris","description":"La cour d'appel de Dijon, statuant le 12 juin 2024, a examin\u00e9 un litige relatif \u00e0 la prise en charge d'un accident du travail. L'employeur contestait l'inopp...","robots":{"index":"index","follow":"follow","max-snippet":"max-snippet:-1","max-image-preview":"max-image-preview:large","max-video-preview":"max-video-preview:-1"},"canonical":"https:\/\/kohenavocats.com\/en\/cour-dappel-de-dijon-le-12-juin-2024-n23-00545\/","og_locale":"en_US","og_type":"article","og_title":"Cour d'appel de Dijon, le 12 juin 2024, n\u00b023\/00545","og_description":"La cour d'appel de Dijon, statuant le 12 juin 2024, a examin\u00e9 un litige relatif \u00e0 la prise en charge d'un accident du travail. L'employeur contestait l'inopp...","og_url":"https:\/\/kohenavocats.com\/en\/cour-dappel-de-dijon-le-12-juin-2024-n23-00545\/","og_site_name":"Ma\u00eetre Hassan Kohen, avocat en droit p\u00e9nal \u00e0 Paris","article_published_time":"2026-04-21T21:33:34+00:00","og_image":[{"width":6206,"height":4137,"url":"https:\/\/kohenavocats.com\/wp-content\/uploads\/2024\/11\/davey-gravy-JkcYTtNfFgw-unsplash.webp","type":"image\/webp"}],"author":"Kohen","twitter_card":"summary_large_image","twitter_misc":{"Written by":"Kohen","Est. reading time":"3 minutes"},"schema":{"@context":"https:\/\/schema.org","@graph":[{"@type":"Article","@id":"https:\/\/kohenavocats.com\/en\/cour-dappel-de-dijon-le-12-juin-2024-n23-00545\/#article","isPartOf":{"@id":"https:\/\/kohenavocats.com\/en\/cour-dappel-de-dijon-le-12-juin-2024-n23-00545\/"},"author":{"name":"Kohen","@id":"https:\/\/kohenavocats.com\/en\/#\/schema\/person\/761c9ba54fa1ca84d405cef0831ff751"},"headline":"Cour d&#8217;appel de Dijon, le 12 juin 2024, n\u00b023\/00545","datePublished":"2026-04-21T21:33:34+00:00","mainEntityOfPage":{"@id":"https:\/\/kohenavocats.com\/en\/cour-dappel-de-dijon-le-12-juin-2024-n23-00545\/"},"wordCount":635,"commentCount":0,"publisher":{"@id":"https:\/\/kohenavocats.com\/en\/#organization"},"image":{"@id":"https:\/\/kohenavocats.com\/en\/cour-dappel-de-dijon-le-12-juin-2024-n23-00545\/#primaryimage"},"thumbnailUrl":"https:\/\/kohenavocats.com\/wp-content\/uploads\/2024\/11\/davey-gravy-JkcYTtNfFgw-unsplash.webp","articleSection":["Jurisprudence"],"inLanguage":"en-US","potentialAction":[{"@type":"CommentAction","name":"Comment","target":["https:\/\/kohenavocats.com\/en\/cour-dappel-de-dijon-le-12-juin-2024-n23-00545\/#respond"]}],"citation":"Cour d&#8217;appel de Dijon, le 12 juin 2024, n\u00b023\/00545","about":[{"@type":"Thing","name":"Jurisprudence"}],"dateModified":"2026-04-21T21:33:34+00:00","speakable":{"@type":"SpeakableSpecification","cssSelector":[".article-content > p:first-of-type"]}},{"@type":"WebPage","@id":"https:\/\/kohenavocats.com\/en\/cour-dappel-de-dijon-le-12-juin-2024-n23-00545\/","url":"https:\/\/kohenavocats.com\/en\/cour-dappel-de-dijon-le-12-juin-2024-n23-00545\/","name":"Cour d'appel de Dijon, le 12 juin 2024, n\u00b023\/00545 - Ma\u00eetre Hassan Kohen, avocat en droit p\u00e9nal \u00e0 Paris","isPartOf":{"@id":"https:\/\/kohenavocats.com\/en\/#website"},"primaryImageOfPage":{"@id":"https:\/\/kohenavocats.com\/en\/cour-dappel-de-dijon-le-12-juin-2024-n23-00545\/#primaryimage"},"image":{"@id":"https:\/\/kohenavocats.com\/en\/cour-dappel-de-dijon-le-12-juin-2024-n23-00545\/#primaryimage"},"thumbnailUrl":"https:\/\/kohenavocats.com\/wp-content\/uploads\/2024\/11\/davey-gravy-JkcYTtNfFgw-unsplash.webp","datePublished":"2026-04-21T21:33:34+00:00","description":"La cour d'appel de Dijon, statuant le 12 juin 2024, a examin\u00e9 un litige relatif \u00e0 la prise en charge d'un accident du travail. L'employeur contestait l'inopp...","breadcrumb":{"@id":"https:\/\/kohenavocats.com\/en\/cour-dappel-de-dijon-le-12-juin-2024-n23-00545\/#breadcrumb"},"inLanguage":"en-US","potentialAction":[{"@type":"ReadAction","target":["https:\/\/kohenavocats.com\/en\/cour-dappel-de-dijon-le-12-juin-2024-n23-00545\/"]}]},{"@type":"ImageObject","inLanguage":"en-US","@id":"https:\/\/kohenavocats.com\/en\/cour-dappel-de-dijon-le-12-juin-2024-n23-00545\/#primaryimage","url":"https:\/\/kohenavocats.com\/wp-content\/uploads\/2024\/11\/davey-gravy-JkcYTtNfFgw-unsplash.webp","contentUrl":"https:\/\/kohenavocats.com\/wp-content\/uploads\/2024\/11\/davey-gravy-JkcYTtNfFgw-unsplash.webp","width":6206,"height":4137},{"@type":"BreadcrumbList","@id":"https:\/\/kohenavocats.com\/en\/cour-dappel-de-dijon-le-12-juin-2024-n23-00545\/#breadcrumb","itemListElement":[{"@type":"ListItem","position":1,"name":"Home","item":"https:\/\/kohenavocats.com\/en\/criminal-law-attorneys-in-paris-counsel-and-strategic-defense\/"},{"@type":"ListItem","position":2,"name":"Cour d&rsquo;appel de Dijon, le 12 juin 2024, n\u00b023\/00545"}]},{"@type":"WebSite","@id":"https:\/\/kohenavocats.com\/en\/#website","url":"https:\/\/kohenavocats.com\/en\/","name":"Kohen Avocats","description":"Ma\u00eetre Hassan Kohen, avocat p\u00e9naliste \u00e0 Paris, intervient exclusivement en droit p\u00e9nal pour la d\u00e9fense des particuliers, notamment en mati\u00e8re d\u2019accusations de viol. Il assure un accompagnement rigoureux d\u00e8s la garde \u00e0 vue jusqu\u2019\u00e0 la Cour d\u2019assises, veillant au strict respect des garanties proc\u00e9durales.","publisher":{"@id":"https:\/\/kohenavocats.com\/en\/#organization"},"potentialAction":[{"@type":"SearchAction","target":{"@type":"EntryPoint","urlTemplate":"https:\/\/kohenavocats.com\/en\/?s={search_term_string}"},"query-input":{"@type":"PropertyValueSpecification","valueRequired":true,"valueName":"search_term_string"}}],"inLanguage":"en-US"},{"@type":"Organization","@id":"https:\/\/kohenavocats.com\/en\/#organization","name":"Kohen Avocats","url":"https:\/\/kohenavocats.com\/en\/","logo":{"@type":"ImageObject","inLanguage":"en-US","@id":"https:\/\/kohenavocats.com\/en\/#\/schema\/logo\/image\/","url":"https:\/\/kohenavocats.com\/wp-content\/uploads\/2026\/01\/Logo-2-1.webp","contentUrl":"https:\/\/kohenavocats.com\/wp-content\/uploads\/2026\/01\/Logo-2-1.webp","width":2114,"height":1253,"caption":"Kohen Avocats"},"image":{"@id":"https:\/\/kohenavocats.com\/en\/#\/schema\/logo\/image\/"}},{"@type":"Person","@id":"https:\/\/kohenavocats.com\/en\/#\/schema\/person\/761c9ba54fa1ca84d405cef0831ff751","name":"Kohen","image":{"@type":"ImageObject","inLanguage":"en-US","@id":"https:\/\/secure.gravatar.com\/avatar\/1c5e76ef76bbbfdd2b4da984e2bf2fa4056fd51a27d25ce2c332047f1dfd6e00?s=96&d=identicon&r=g","url":"https:\/\/secure.gravatar.com\/avatar\/1c5e76ef76bbbfdd2b4da984e2bf2fa4056fd51a27d25ce2c332047f1dfd6e00?s=96&d=identicon&r=g","contentUrl":"https:\/\/secure.gravatar.com\/avatar\/1c5e76ef76bbbfdd2b4da984e2bf2fa4056fd51a27d25ce2c332047f1dfd6e00?s=96&d=identicon&r=g","caption":"Kohen"},"sameAs":["https:\/\/www.linkedin.com\/in\/hassan-kohen-448548192\/","https:\/\/www.youtube.com\/@Kohen-Avocats"],"url":"https:\/\/kohenavocats.com\/en\/author\/kohenmlk\/"}]}},"jetpack_featured_media_url":"https:\/\/kohenavocats.com\/wp-content\/uploads\/2024\/11\/davey-gravy-JkcYTtNfFgw-unsplash.webp","jetpack_likes_enabled":false,"jetpack_shortlink":"https:\/\/wp.me\/peCrII-2GXE","jetpack-related-posts":[{"id":236909,"url":"https:\/\/kohenavocats.com\/en\/cour-dappel-de-metz-le-12-aout-2025-n23-00629\/","url_meta":{"origin":641802,"position":0},"title":"Cour d&#8217;appel de Metz, le 12 ao\u00fbt 2025, n\u00b023\/00629","author":"Kohen","date":"30 December 2025","format":false,"excerpt":"# Commentaire de l'arr\u00eat de la Cour d'appel de Metz, 12 ao\u00fbt 2025La reconnaissance du caract\u00e8re professionnel d'une maladie constitue un enjeu majeur pour les assur\u00e9s sociaux, tant sur le plan de l'indemnisation que de la protection sociale. L'arr\u00eat rendu par la Cour d'appel de Metz le 12 ao\u00fbt 2025\u2026","rel":"","context":"In &quot;Cour d'appel&quot;","block_context":{"text":"Cour d'appel","link":"https:\/\/kohenavocats.com\/category\/cour-dappel\/"},"img":{"alt_text":"","src":"https:\/\/i0.wp.com\/kohenavocats.com\/wp-content\/uploads\/2024\/08\/andrian-rubinskiy-2g3yyKNaMxw-unsplash.webp?resize=350%2C200&ssl=1","width":350,"height":200,"srcset":"https:\/\/i0.wp.com\/kohenavocats.com\/wp-content\/uploads\/2024\/08\/andrian-rubinskiy-2g3yyKNaMxw-unsplash.webp?resize=350%2C200&ssl=1 1x, https:\/\/i0.wp.com\/kohenavocats.com\/wp-content\/uploads\/2024\/08\/andrian-rubinskiy-2g3yyKNaMxw-unsplash.webp?resize=525%2C300&ssl=1 1.5x, https:\/\/i0.wp.com\/kohenavocats.com\/wp-content\/uploads\/2024\/08\/andrian-rubinskiy-2g3yyKNaMxw-unsplash.webp?resize=700%2C400&ssl=1 2x, https:\/\/i0.wp.com\/kohenavocats.com\/wp-content\/uploads\/2024\/08\/andrian-rubinskiy-2g3yyKNaMxw-unsplash.webp?resize=1050%2C600&ssl=1 3x, https:\/\/i0.wp.com\/kohenavocats.com\/wp-content\/uploads\/2024\/08\/andrian-rubinskiy-2g3yyKNaMxw-unsplash.webp?resize=1400%2C800&ssl=1 4x"},"classes":[]},{"id":267254,"url":"https:\/\/kohenavocats.com\/en\/tribunal-judiciaire-de-lyon-le-1-juillet-2025-n21-01716\/","url_meta":{"origin":641802,"position":1},"title":"Tribunal judiciaire de Lyon, le 1 juillet 2025, n\u00b021\/01716","author":"Kohen","date":"10 January 2026","format":false,"excerpt":"Rendu par le p\u00f4le social du tribunal judiciaire de Lyon le 1er juillet 2025 (n\u00b0 RG 21\/01716), le jugement tranche un litige relatif \u00e0 la r\u00e9gularit\u00e9 de l\u2019instruction d\u2019une demande de prise en charge au titre de la l\u00e9gislation professionnelle d\u2019un d\u00e9c\u00e8s cons\u00e9cutif \u00e0 une affection psychique. Un salari\u00e9, engag\u00e9\u2026","rel":"","context":"In &quot;D\u00e9cisions juridiques&quot;","block_context":{"text":"D\u00e9cisions juridiques","link":"https:\/\/kohenavocats.com\/category\/decisions-juridiques\/"},"img":{"alt_text":"","src":"https:\/\/i0.wp.com\/kohenavocats.com\/wp-content\/uploads\/2024\/11\/allison-saeng-Xp2cnkaRwlw-unsplash.webp?resize=350%2C200&ssl=1","width":350,"height":200,"srcset":"https:\/\/i0.wp.com\/kohenavocats.com\/wp-content\/uploads\/2024\/11\/allison-saeng-Xp2cnkaRwlw-unsplash.webp?resize=350%2C200&ssl=1 1x, https:\/\/i0.wp.com\/kohenavocats.com\/wp-content\/uploads\/2024\/11\/allison-saeng-Xp2cnkaRwlw-unsplash.webp?resize=525%2C300&ssl=1 1.5x, https:\/\/i0.wp.com\/kohenavocats.com\/wp-content\/uploads\/2024\/11\/allison-saeng-Xp2cnkaRwlw-unsplash.webp?resize=700%2C400&ssl=1 2x, https:\/\/i0.wp.com\/kohenavocats.com\/wp-content\/uploads\/2024\/11\/allison-saeng-Xp2cnkaRwlw-unsplash.webp?resize=1050%2C600&ssl=1 3x, https:\/\/i0.wp.com\/kohenavocats.com\/wp-content\/uploads\/2024\/11\/allison-saeng-Xp2cnkaRwlw-unsplash.webp?resize=1400%2C800&ssl=1 4x"},"classes":[]},{"id":374143,"url":"https:\/\/kohenavocats.com\/en\/cour-dappel-de-dijon-le-4-decembre-2025-n23-00381\/","url_meta":{"origin":641802,"position":2},"title":"Cour d&#8217;appel de Dijon, le 4 d\u00e9cembre 2025, n\u00b023\/00381","author":"Kohen","date":"17 February 2026","format":false,"excerpt":"La Cour d\u2019appel de Dijon, dans un arr\u00eat du 4 d\u00e9cembre 2025, a \u00e9t\u00e9 saisie d\u2019un recours form\u00e9 par une soci\u00e9t\u00e9 contre un jugement ayant rejet\u00e9 sa demande...","rel":"","context":"In &quot;Cour d'appel&quot;","block_context":{"text":"Cour d'appel","link":"https:\/\/kohenavocats.com\/category\/cour-dappel\/"},"img":{"alt_text":"","src":"https:\/\/i0.wp.com\/kohenavocats.com\/wp-content\/uploads\/2024\/11\/juliet-furst-LhkovoqKi70-unsplash.webp?resize=350%2C200&ssl=1","width":350,"height":200,"srcset":"https:\/\/i0.wp.com\/kohenavocats.com\/wp-content\/uploads\/2024\/11\/juliet-furst-LhkovoqKi70-unsplash.webp?resize=350%2C200&ssl=1 1x, https:\/\/i0.wp.com\/kohenavocats.com\/wp-content\/uploads\/2024\/11\/juliet-furst-LhkovoqKi70-unsplash.webp?resize=525%2C300&ssl=1 1.5x, https:\/\/i0.wp.com\/kohenavocats.com\/wp-content\/uploads\/2024\/11\/juliet-furst-LhkovoqKi70-unsplash.webp?resize=700%2C400&ssl=1 2x, https:\/\/i0.wp.com\/kohenavocats.com\/wp-content\/uploads\/2024\/11\/juliet-furst-LhkovoqKi70-unsplash.webp?resize=1050%2C600&ssl=1 3x, https:\/\/i0.wp.com\/kohenavocats.com\/wp-content\/uploads\/2024\/11\/juliet-furst-LhkovoqKi70-unsplash.webp?resize=1400%2C800&ssl=1 4x"},"classes":[]},{"id":269010,"url":"https:\/\/kohenavocats.com\/en\/tribunal-judiciaire-de-boulogne-sur-mer-le-27-juin-2025-n24-00404\/","url_meta":{"origin":641802,"position":3},"title":"Tribunal judiciaire de Boulogne sur Mer, le 27 juin 2025, n\u00b024\/00404","author":"Kohen","date":"10 January 2026","format":false,"excerpt":"Par un jugement du Tribunal judiciaire de Boulogne-sur-Mer, p\u00f4le social, du 27 juin 2025, la juridiction fixe le point de d\u00e9part d\u2019une pension de retraite de base lorsqu\u2019une demande en ligne a omis le r\u00e9gime g\u00e9n\u00e9ral. Le demandeur avait cess\u00e9 son activit\u00e9 au 31 janvier 2024 et souhaitait une prise\u2026","rel":"","context":"In &quot;D\u00e9cisions juridiques&quot;","block_context":{"text":"D\u00e9cisions juridiques","link":"https:\/\/kohenavocats.com\/category\/decisions-juridiques\/"},"img":{"alt_text":"","src":"https:\/\/i0.wp.com\/kohenavocats.com\/wp-content\/uploads\/2024\/08\/alexey-larionov-S8cOCANSb8g-unsplash.webp?resize=350%2C200&ssl=1","width":350,"height":200,"srcset":"https:\/\/i0.wp.com\/kohenavocats.com\/wp-content\/uploads\/2024\/08\/alexey-larionov-S8cOCANSb8g-unsplash.webp?resize=350%2C200&ssl=1 1x, https:\/\/i0.wp.com\/kohenavocats.com\/wp-content\/uploads\/2024\/08\/alexey-larionov-S8cOCANSb8g-unsplash.webp?resize=525%2C300&ssl=1 1.5x, https:\/\/i0.wp.com\/kohenavocats.com\/wp-content\/uploads\/2024\/08\/alexey-larionov-S8cOCANSb8g-unsplash.webp?resize=700%2C400&ssl=1 2x, https:\/\/i0.wp.com\/kohenavocats.com\/wp-content\/uploads\/2024\/08\/alexey-larionov-S8cOCANSb8g-unsplash.webp?resize=1050%2C600&ssl=1 3x, https:\/\/i0.wp.com\/kohenavocats.com\/wp-content\/uploads\/2024\/08\/alexey-larionov-S8cOCANSb8g-unsplash.webp?resize=1400%2C800&ssl=1 4x"},"classes":[]},{"id":263863,"url":"https:\/\/kohenavocats.com\/en\/tribunal-judiciaire-de-vannes-le-30-juin-2025-n24-00657\/","url_meta":{"origin":641802,"position":4},"title":"Tribunal judiciaire de Vannes, le 30 juin 2025, n\u00b024\/00657","author":"Kohen","date":"10 January 2026","format":false,"excerpt":"P\u00f4le social du tribunal judiciaire de Vannes, 30 juin 2025 (RG 24\/00657 et 24\/00658). Un employeur conteste l\u2019opposabilit\u00e9 des prises en charge d\u2019un syndrome du canal carpien bilat\u00e9ral, au titre du tableau 57 C. La caisse a instruit par questionnaires, tandis que les versions du salari\u00e9 et de l\u2019employeur divergent\u2026","rel":"","context":"In &quot;D\u00e9cisions juridiques&quot;","block_context":{"text":"D\u00e9cisions juridiques","link":"https:\/\/kohenavocats.com\/category\/decisions-juridiques\/"},"img":{"alt_text":"","src":"https:\/\/i0.wp.com\/kohenavocats.com\/wp-content\/uploads\/2024\/11\/allison-saeng-D22VPXUIm0o-unsplash.webp?resize=350%2C200&ssl=1","width":350,"height":200,"srcset":"https:\/\/i0.wp.com\/kohenavocats.com\/wp-content\/uploads\/2024\/11\/allison-saeng-D22VPXUIm0o-unsplash.webp?resize=350%2C200&ssl=1 1x, https:\/\/i0.wp.com\/kohenavocats.com\/wp-content\/uploads\/2024\/11\/allison-saeng-D22VPXUIm0o-unsplash.webp?resize=525%2C300&ssl=1 1.5x, https:\/\/i0.wp.com\/kohenavocats.com\/wp-content\/uploads\/2024\/11\/allison-saeng-D22VPXUIm0o-unsplash.webp?resize=700%2C400&ssl=1 2x, https:\/\/i0.wp.com\/kohenavocats.com\/wp-content\/uploads\/2024\/11\/allison-saeng-D22VPXUIm0o-unsplash.webp?resize=1050%2C600&ssl=1 3x, https:\/\/i0.wp.com\/kohenavocats.com\/wp-content\/uploads\/2024\/11\/allison-saeng-D22VPXUIm0o-unsplash.webp?resize=1400%2C800&ssl=1 4x"},"classes":[]},{"id":269095,"url":"https:\/\/kohenavocats.com\/en\/tribunal-judiciaire-de-lyon-le-1-juillet-2025-n21-02104\/","url_meta":{"origin":641802,"position":5},"title":"Tribunal judiciaire de Lyon, le 1 juillet 2025, n\u00b021\/02104","author":"Kohen","date":"10 January 2026","format":false,"excerpt":"Rendu par le p\u00f4le social du tribunal judiciaire de Lyon le 1er juillet 2025, le jugement tranche un recours en inopposabilit\u00e9 d\u2019une d\u00e9cision de prise en charge d\u2019un accident du travail. Le litige porte sur un malaise survenu dans l\u2019entreprise et sur l\u2019\u00e9tendue du contr\u00f4le du juge sur l\u2019instruction men\u00e9e\u2026","rel":"","context":"In &quot;6917&quot;","block_context":{"text":"6917","link":"https:\/\/kohenavocats.com\/category\/6917\/"},"img":{"alt_text":"","src":"https:\/\/i0.wp.com\/kohenavocats.com\/wp-content\/uploads\/2024\/11\/getty-images-imdnMdUDomE-unsplash.webp?resize=350%2C200&ssl=1","width":350,"height":200,"srcset":"https:\/\/i0.wp.com\/kohenavocats.com\/wp-content\/uploads\/2024\/11\/getty-images-imdnMdUDomE-unsplash.webp?resize=350%2C200&ssl=1 1x, https:\/\/i0.wp.com\/kohenavocats.com\/wp-content\/uploads\/2024\/11\/getty-images-imdnMdUDomE-unsplash.webp?resize=525%2C300&ssl=1 1.5x, https:\/\/i0.wp.com\/kohenavocats.com\/wp-content\/uploads\/2024\/11\/getty-images-imdnMdUDomE-unsplash.webp?resize=700%2C400&ssl=1 2x, https:\/\/i0.wp.com\/kohenavocats.com\/wp-content\/uploads\/2024\/11\/getty-images-imdnMdUDomE-unsplash.webp?resize=1050%2C600&ssl=1 3x, https:\/\/i0.wp.com\/kohenavocats.com\/wp-content\/uploads\/2024\/11\/getty-images-imdnMdUDomE-unsplash.webp?resize=1400%2C800&ssl=1 4x"},"classes":[]}],"jetpack_sharing_enabled":true,"_links":{"self":[{"href":"https:\/\/kohenavocats.com\/en\/wp-json\/wp\/v2\/posts\/641802","targetHints":{"allow":["GET"]}}],"collection":[{"href":"https:\/\/kohenavocats.com\/en\/wp-json\/wp\/v2\/posts"}],"about":[{"href":"https:\/\/kohenavocats.com\/en\/wp-json\/wp\/v2\/types\/post"}],"author":[{"embeddable":true,"href":"https:\/\/kohenavocats.com\/en\/wp-json\/wp\/v2\/users\/232070755"}],"replies":[{"embeddable":true,"href":"https:\/\/kohenavocats.com\/en\/wp-json\/wp\/v2\/comments?post=641802"}],"version-history":[{"count":0,"href":"https:\/\/kohenavocats.com\/en\/wp-json\/wp\/v2\/posts\/641802\/revisions"}],"wp:featuredmedia":[{"embeddable":true,"href":"https:\/\/kohenavocats.com\/en\/wp-json\/wp\/v2\/media\/9534"}],"wp:attachment":[{"href":"https:\/\/kohenavocats.com\/en\/wp-json\/wp\/v2\/media?parent=641802"}],"wp:term":[{"taxonomy":"category","embeddable":true,"href":"https:\/\/kohenavocats.com\/en\/wp-json\/wp\/v2\/categories?post=641802"},{"taxonomy":"post_tag","embeddable":true,"href":"https:\/\/kohenavocats.com\/en\/wp-json\/wp\/v2\/tags?post=641802"}],"curies":[{"name":"wp","href":"https:\/\/api.w.org\/{rel}","templated":true}]}}