{"id":642890,"date":"2026-04-22T02:26:30","date_gmt":"2026-04-22T00:26:30","guid":{"rendered":"https:\/\/kohenavocats.com\/tribunal-judiciaire-de-limoges-le-3-septembre-2025-n24-00843\/"},"modified":"2026-04-22T02:26:30","modified_gmt":"2026-04-22T00:26:30","slug":"tribunal-judiciaire-de-limoges-le-3-septembre-2025-n24-00843","status":"publish","type":"post","link":"https:\/\/kohenavocats.com\/en\/tribunal-judiciaire-de-limoges-le-3-septembre-2025-n24-00843\/","title":{"rendered":"Tribunal judiciaire de Limoges, le 3 septembre 2025, n\u00b024\/00843"},"content":{"rendered":"<div class=\"article-content\">\n<p>Le juge des contentieux de la protection a rendu une ordonnance le 3 septembre 2025. Un organisme public de logement social demandait la r\u00e9solution d&#8217;un bail pour impay\u00e9s de loyers. Le locataire reconnaissait la dette mais sollicitait des d\u00e9lais de paiement. Le juge a constat\u00e9 l&#8217;acquisition de la clause r\u00e9solutoire tout en accordant des d\u00e9lais \u00e9tendus et en suspendant ses effets, sous conditions strictes.<\/p>\n<p>La r\u00e9gularit\u00e9 proc\u00e9durale et l&#8217;acquisition de la clause r\u00e9solutoire<\/p>\n<p>Le juge v\u00e9rifie d&#8217;abord le strict respect des formalit\u00e9s pr\u00e9alables \u00e0 l&#8217;action en r\u00e9solution. La notification de l&#8217;assignation \u00e0 la pr\u00e9fecture et la saisine de la commission de pr\u00e9vention des expulsions sont des conditions de recevabilit\u00e9. &#8220;Une copie de l\u2019assignation a \u00e9t\u00e9 notifi\u00e9e \u00e0 la pr\u00e9fecture par la voie \u00e9lectronique le 20 novembre 2024, soit au moins six semaines avant l\u2019audience&#8221; (II. SUR LA RECEVABILITE). Cette v\u00e9rification rigoureuse assure le respect des droits \u00e0 la d\u00e9fense et des mesures de protection sociale. La port\u00e9e est essentielle car une irr\u00e9gularit\u00e9 entra\u00eenerait l&#8217;irrecevabilit\u00e9 de la demande du bailleur.<\/p>\n<p>Le juge constate ensuite que les conditions l\u00e9gales pour la mise en \u0153uvre de la clause sont r\u00e9unies. Un commandement de payer infructueux a \u00e9t\u00e9 signifi\u00e9, suivi d&#8217;un d\u00e9lai de plus de deux mois. &#8220;Ce commandement est demeur\u00e9 infructueux pendant plus de deux mois, de sorte qu\u2019il y a lieu de constater que les conditions d\u2019acquisition de la clause r\u00e9solutoire contenue dans le bail \u00e9taient r\u00e9unies&#8221; (II. SUR L\u2019ACQUISITION DES EFFETS DE LA CLAUSE RESOLUTOIRE). Ce constat objectif est une \u00e9tape n\u00e9cessaire avant l&#8217;examen d&#8217;une \u00e9ventuelle cl\u00e9mence. La valeur de cette analyse est de s\u00e9curiser le processus de r\u00e9solution pour le bailleur, en fondant l\u00e9galement son droit.<\/p>\n<p>Le pouvoir d&#8217;am\u00e9nagement du juge et les modalit\u00e9s de sa d\u00e9cision<\/p>\n<p>Le juge use de son pouvoir discr\u00e9tionnaire pour accorder des d\u00e9lais de paiement malgr\u00e9 la r\u00e9solution acquise. Il se fonde sur l&#8217;article 24 V de la loi de 1989, qui lui permet d&#8217;agir d&#8217;office. &#8220;Le juge peut, \u00e0 la demande du locataire, du bailleur ou d&#8217;office, \u00e0 la condition que le locataire soit en situation de r\u00e9gler sa dette locative et qu&#8217;il ait repris le versement int\u00e9gral du loyer courant avant la date de l&#8217;audience, accorder des d\u00e9lais de paiement&#8221; (IV. SUR LES DELAIS DE PAIEMENT). Cette disposition place la pr\u00e9servation du logement au c\u0153ur du contentieux locatif. La Cour d&#8217;appel de Bordeaux rappelle que &#8220;Si lors de l&#8217;audience la dette est r\u00e9gl\u00e9e, le juge peut accorder r\u00e9troactivement un d\u00e9lai&#8221; (Cour d&#8217;appel de Bordeaux, le 9 janvier 2025, n\u00b024\/02924). La port\u00e9e est consid\u00e9rable, transformant une proc\u00e9dure d&#8217;expulsion en plan de sauvegarde.<\/p>\n<p>La d\u00e9cision articule une cl\u00e9mence conditionnelle avec un dispositif contraignant de sanction. Le juge accorde trente-six mensualit\u00e9s pour l&#8217;arri\u00e9r\u00e9 et suspend la clause r\u00e9solutoire. &#8220;SUSPENDONS les effets de la clause r\u00e9solutoire pendant l\u2019ex\u00e9cution des d\u00e9lais accord\u00e9s&#8221; (PAR CES MOTIFS). Cependant, tout d\u00e9faut de paiement entra\u00eene l&#8217;exigibilit\u00e9 imm\u00e9diate du solde et la remise en vigueur de l&#8217;expulsion. Cette m\u00e9canique incitative vise \u00e0 garantir l&#8217;ex\u00e9cution du plan. Le sens est de concilier protection du locataire et s\u00e9curit\u00e9 juridique pour le bailleur, en pr\u00e9voyant une issue alternative claire en cas de nouvel incident.<\/p>\n<\/div>\n","protected":false},"excerpt":{"rendered":"<p>Le juge des contentieux de la protection a rendu une ordonnance le 3 septembre 2025. Un organisme public de logement social demandait la r\u00e9solution d&#8217;un bail&#8230;<\/p>\n","protected":false},"author":232070755,"featured_media":9442,"comment_status":"open","ping_status":"open","sticky":false,"template":"","format":"standard","meta":{"_crdt_document":"","_jetpack_newsletter_access":"","_jetpack_dont_email_post_to_subs":false,"_jetpack_newsletter_tier_id":0,"_jetpack_memberships_contains_paywalled_content":false,"_kj_source_type":"judilibre","_kj_official_id":"68ee961322996ce5448211b4","_kj_official_url":"https:\/\/www.courdecassation.fr\/decision\/68ee961322996ce5448211b4","_kj_judilibre_id":"68ee961322996ce5448211b4","_kj_jur":"Tribunal judiciaire","_kj_lieu":"Tribunal judiciaire de Limoges","_kj_chambre":"JCP","_kj_rg":"24\/00843","_kj_date":"2025-10-08","_jetpack_memberships_contains_paid_content":false,"footnotes":"","jetpack_post_was_ever_published":false},"categories":[7597],"tags":[],"class_list":["post-642890","post","type-post","status-publish","format-standard","has-post-thumbnail","hentry","category-jurisprudence"],"yoast_head":"<!-- This site is optimized with the Yoast SEO Premium plugin v27.5 (Yoast SEO v27.5) - https:\/\/yoast.com\/product\/yoast-seo-premium-wordpress\/ -->\n<title>Tribunal judiciaire de Limoges, le 3 septembre 2025, n\u00b024\/00843 - Ma\u00eetre Hassan Kohen, avocat en droit p\u00e9nal \u00e0 Paris<\/title>\n<meta name=\"description\" content=\"Le juge des contentieux de la protection a rendu une ordonnance le 3 septembre 2025. Un organisme public de logement social demandait la r\u00e9solution d&#039;un bail...\" \/>\n<meta name=\"robots\" content=\"index, follow, max-snippet:-1, max-image-preview:large, max-video-preview:-1\" \/>\n<link rel=\"canonical\" href=\"https:\/\/kohenavocats.com\/en\/tribunal-judiciaire-de-limoges-le-3-septembre-2025-n24-00843\/\" \/>\n<meta property=\"og:locale\" content=\"en_US\" \/>\n<meta property=\"og:type\" content=\"article\" \/>\n<meta property=\"og:title\" content=\"Tribunal judiciaire de Limoges, le 3 septembre 2025, n\u00b024\/00843\" \/>\n<meta property=\"og:description\" content=\"Le juge des contentieux de la protection a rendu une ordonnance le 3 septembre 2025. Un organisme public de logement social demandait la r\u00e9solution d&#039;un bail...\" \/>\n<meta property=\"og:url\" content=\"https:\/\/kohenavocats.com\/en\/tribunal-judiciaire-de-limoges-le-3-septembre-2025-n24-00843\/\" \/>\n<meta property=\"og:site_name\" content=\"Ma\u00eetre Hassan Kohen, avocat en droit p\u00e9nal \u00e0 Paris\" \/>\n<meta property=\"article:published_time\" content=\"2026-04-22T00:26:30+00:00\" \/>\n<meta property=\"og:image\" content=\"https:\/\/kohenavocats.com\/wp-content\/uploads\/2024\/11\/viktor-forgacs-5j8nd3QpRbo-unsplash.webp\" \/>\n\t<meta property=\"og:image:width\" content=\"3456\" \/>\n\t<meta property=\"og:image:height\" content=\"2444\" \/>\n\t<meta property=\"og:image:type\" content=\"image\/webp\" \/>\n<meta name=\"author\" content=\"Kohen\" \/>\n<meta name=\"twitter:card\" content=\"summary_large_image\" \/>\n<meta name=\"twitter:label1\" content=\"Written by\" \/>\n\t<meta name=\"twitter:data1\" content=\"Kohen\" \/>\n\t<meta name=\"twitter:label2\" content=\"Est. reading time\" \/>\n\t<meta name=\"twitter:data2\" content=\"3 minutes\" \/>\n<script type=\"application\/ld+json\" class=\"yoast-schema-graph\">{\"@context\":\"https:\\\/\\\/schema.org\",\"@graph\":[{\"@type\":\"Article\",\"@id\":\"https:\\\/\\\/kohenavocats.com\\\/en\\\/tribunal-judiciaire-de-limoges-le-3-septembre-2025-n24-00843\\\/#article\",\"isPartOf\":{\"@id\":\"https:\\\/\\\/kohenavocats.com\\\/en\\\/tribunal-judiciaire-de-limoges-le-3-septembre-2025-n24-00843\\\/\"},\"author\":{\"name\":\"Kohen\",\"@id\":\"https:\\\/\\\/kohenavocats.com\\\/en\\\/#\\\/schema\\\/person\\\/761c9ba54fa1ca84d405cef0831ff751\"},\"headline\":\"Tribunal judiciaire de Limoges, le 3 septembre 2025, n\u00b024\\\/00843\",\"datePublished\":\"2026-04-22T00:26:30+00:00\",\"mainEntityOfPage\":{\"@id\":\"https:\\\/\\\/kohenavocats.com\\\/en\\\/tribunal-judiciaire-de-limoges-le-3-septembre-2025-n24-00843\\\/\"},\"wordCount\":606,\"commentCount\":0,\"publisher\":{\"@id\":\"https:\\\/\\\/kohenavocats.com\\\/en\\\/#organization\"},\"image\":{\"@id\":\"https:\\\/\\\/kohenavocats.com\\\/en\\\/tribunal-judiciaire-de-limoges-le-3-septembre-2025-n24-00843\\\/#primaryimage\"},\"thumbnailUrl\":\"https:\\\/\\\/kohenavocats.com\\\/wp-content\\\/uploads\\\/2024\\\/11\\\/viktor-forgacs-5j8nd3QpRbo-unsplash.webp\",\"articleSection\":[\"Jurisprudence\"],\"inLanguage\":\"en-US\",\"potentialAction\":[{\"@type\":\"CommentAction\",\"name\":\"Comment\",\"target\":[\"https:\\\/\\\/kohenavocats.com\\\/en\\\/tribunal-judiciaire-de-limoges-le-3-septembre-2025-n24-00843\\\/#respond\"]}],\"citation\":\"Tribunal judiciaire de Limoges, le 3 septembre 2025, n\u00b024\\\/00843\",\"about\":[{\"@type\":\"Thing\",\"name\":\"Jurisprudence\"}],\"dateModified\":\"2026-04-22T00:26:30+00:00\",\"speakable\":{\"@type\":\"SpeakableSpecification\",\"cssSelector\":[\".article-content > p:first-of-type\"]}},{\"@type\":\"WebPage\",\"@id\":\"https:\\\/\\\/kohenavocats.com\\\/en\\\/tribunal-judiciaire-de-limoges-le-3-septembre-2025-n24-00843\\\/\",\"url\":\"https:\\\/\\\/kohenavocats.com\\\/en\\\/tribunal-judiciaire-de-limoges-le-3-septembre-2025-n24-00843\\\/\",\"name\":\"Tribunal judiciaire de Limoges, le 3 septembre 2025, n\u00b024\\\/00843 - Ma\u00eetre Hassan Kohen, avocat en droit p\u00e9nal \u00e0 Paris\",\"isPartOf\":{\"@id\":\"https:\\\/\\\/kohenavocats.com\\\/en\\\/#website\"},\"primaryImageOfPage\":{\"@id\":\"https:\\\/\\\/kohenavocats.com\\\/en\\\/tribunal-judiciaire-de-limoges-le-3-septembre-2025-n24-00843\\\/#primaryimage\"},\"image\":{\"@id\":\"https:\\\/\\\/kohenavocats.com\\\/en\\\/tribunal-judiciaire-de-limoges-le-3-septembre-2025-n24-00843\\\/#primaryimage\"},\"thumbnailUrl\":\"https:\\\/\\\/kohenavocats.com\\\/wp-content\\\/uploads\\\/2024\\\/11\\\/viktor-forgacs-5j8nd3QpRbo-unsplash.webp\",\"datePublished\":\"2026-04-22T00:26:30+00:00\",\"description\":\"Le juge des contentieux de la protection a rendu une ordonnance le 3 septembre 2025. Un organisme public de logement social demandait la r\u00e9solution d'un bail...\",\"breadcrumb\":{\"@id\":\"https:\\\/\\\/kohenavocats.com\\\/en\\\/tribunal-judiciaire-de-limoges-le-3-septembre-2025-n24-00843\\\/#breadcrumb\"},\"inLanguage\":\"en-US\",\"potentialAction\":[{\"@type\":\"ReadAction\",\"target\":[\"https:\\\/\\\/kohenavocats.com\\\/en\\\/tribunal-judiciaire-de-limoges-le-3-septembre-2025-n24-00843\\\/\"]}]},{\"@type\":\"ImageObject\",\"inLanguage\":\"en-US\",\"@id\":\"https:\\\/\\\/kohenavocats.com\\\/en\\\/tribunal-judiciaire-de-limoges-le-3-septembre-2025-n24-00843\\\/#primaryimage\",\"url\":\"https:\\\/\\\/kohenavocats.com\\\/wp-content\\\/uploads\\\/2024\\\/11\\\/viktor-forgacs-5j8nd3QpRbo-unsplash.webp\",\"contentUrl\":\"https:\\\/\\\/kohenavocats.com\\\/wp-content\\\/uploads\\\/2024\\\/11\\\/viktor-forgacs-5j8nd3QpRbo-unsplash.webp\",\"width\":3456,\"height\":2444},{\"@type\":\"BreadcrumbList\",\"@id\":\"https:\\\/\\\/kohenavocats.com\\\/en\\\/tribunal-judiciaire-de-limoges-le-3-septembre-2025-n24-00843\\\/#breadcrumb\",\"itemListElement\":[{\"@type\":\"ListItem\",\"position\":1,\"name\":\"Home\",\"item\":\"https:\\\/\\\/kohenavocats.com\\\/en\\\/criminal-law-attorneys-in-paris-counsel-and-strategic-defense\\\/\"},{\"@type\":\"ListItem\",\"position\":2,\"name\":\"Tribunal judiciaire de Limoges, le 3 septembre 2025, n\u00b024\\\/00843\"}]},{\"@type\":\"WebSite\",\"@id\":\"https:\\\/\\\/kohenavocats.com\\\/en\\\/#website\",\"url\":\"https:\\\/\\\/kohenavocats.com\\\/en\\\/\",\"name\":\"Kohen Avocats\",\"description\":\"Ma\u00eetre Hassan Kohen, avocat p\u00e9naliste \u00e0 Paris, intervient exclusivement en droit p\u00e9nal pour la d\u00e9fense des particuliers, notamment en mati\u00e8re d\u2019accusations de viol. Il assure un accompagnement rigoureux d\u00e8s la garde \u00e0 vue jusqu\u2019\u00e0 la Cour d\u2019assises, veillant au strict respect des garanties proc\u00e9durales.\",\"publisher\":{\"@id\":\"https:\\\/\\\/kohenavocats.com\\\/en\\\/#organization\"},\"potentialAction\":[{\"@type\":\"SearchAction\",\"target\":{\"@type\":\"EntryPoint\",\"urlTemplate\":\"https:\\\/\\\/kohenavocats.com\\\/en\\\/?s={search_term_string}\"},\"query-input\":{\"@type\":\"PropertyValueSpecification\",\"valueRequired\":true,\"valueName\":\"search_term_string\"}}],\"inLanguage\":\"en-US\"},{\"@type\":\"Organization\",\"@id\":\"https:\\\/\\\/kohenavocats.com\\\/en\\\/#organization\",\"name\":\"Kohen Avocats\",\"url\":\"https:\\\/\\\/kohenavocats.com\\\/en\\\/\",\"logo\":{\"@type\":\"ImageObject\",\"inLanguage\":\"en-US\",\"@id\":\"https:\\\/\\\/kohenavocats.com\\\/en\\\/#\\\/schema\\\/logo\\\/image\\\/\",\"url\":\"https:\\\/\\\/kohenavocats.com\\\/wp-content\\\/uploads\\\/2026\\\/01\\\/Logo-2-1.webp\",\"contentUrl\":\"https:\\\/\\\/kohenavocats.com\\\/wp-content\\\/uploads\\\/2026\\\/01\\\/Logo-2-1.webp\",\"width\":2114,\"height\":1253,\"caption\":\"Kohen Avocats\"},\"image\":{\"@id\":\"https:\\\/\\\/kohenavocats.com\\\/en\\\/#\\\/schema\\\/logo\\\/image\\\/\"}},{\"@type\":\"Person\",\"@id\":\"https:\\\/\\\/kohenavocats.com\\\/en\\\/#\\\/schema\\\/person\\\/761c9ba54fa1ca84d405cef0831ff751\",\"name\":\"Kohen\",\"image\":{\"@type\":\"ImageObject\",\"inLanguage\":\"en-US\",\"@id\":\"https:\\\/\\\/secure.gravatar.com\\\/avatar\\\/1c5e76ef76bbbfdd2b4da984e2bf2fa4056fd51a27d25ce2c332047f1dfd6e00?s=96&d=identicon&r=g\",\"url\":\"https:\\\/\\\/secure.gravatar.com\\\/avatar\\\/1c5e76ef76bbbfdd2b4da984e2bf2fa4056fd51a27d25ce2c332047f1dfd6e00?s=96&d=identicon&r=g\",\"contentUrl\":\"https:\\\/\\\/secure.gravatar.com\\\/avatar\\\/1c5e76ef76bbbfdd2b4da984e2bf2fa4056fd51a27d25ce2c332047f1dfd6e00?s=96&d=identicon&r=g\",\"caption\":\"Kohen\"},\"sameAs\":[\"https:\\\/\\\/www.linkedin.com\\\/in\\\/hassan-kohen-448548192\\\/\",\"https:\\\/\\\/www.youtube.com\\\/@Kohen-Avocats\"],\"url\":\"https:\\\/\\\/kohenavocats.com\\\/en\\\/author\\\/kohenmlk\\\/\"}]}<\/script>\n<!-- \/ Yoast SEO Premium plugin. -->","yoast_head_json":{"title":"Tribunal judiciaire de Limoges, le 3 septembre 2025, n\u00b024\/00843 - Ma\u00eetre Hassan Kohen, avocat en droit p\u00e9nal \u00e0 Paris","description":"Le juge des contentieux de la protection a rendu une ordonnance le 3 septembre 2025. Un organisme public de logement social demandait la r\u00e9solution d'un bail...","robots":{"index":"index","follow":"follow","max-snippet":"max-snippet:-1","max-image-preview":"max-image-preview:large","max-video-preview":"max-video-preview:-1"},"canonical":"https:\/\/kohenavocats.com\/en\/tribunal-judiciaire-de-limoges-le-3-septembre-2025-n24-00843\/","og_locale":"en_US","og_type":"article","og_title":"Tribunal judiciaire de Limoges, le 3 septembre 2025, n\u00b024\/00843","og_description":"Le juge des contentieux de la protection a rendu une ordonnance le 3 septembre 2025. Un organisme public de logement social demandait la r\u00e9solution d'un bail...","og_url":"https:\/\/kohenavocats.com\/en\/tribunal-judiciaire-de-limoges-le-3-septembre-2025-n24-00843\/","og_site_name":"Ma\u00eetre Hassan Kohen, avocat en droit p\u00e9nal \u00e0 Paris","article_published_time":"2026-04-22T00:26:30+00:00","og_image":[{"width":3456,"height":2444,"url":"https:\/\/kohenavocats.com\/wp-content\/uploads\/2024\/11\/viktor-forgacs-5j8nd3QpRbo-unsplash.webp","type":"image\/webp"}],"author":"Kohen","twitter_card":"summary_large_image","twitter_misc":{"Written by":"Kohen","Est. reading time":"3 minutes"},"schema":{"@context":"https:\/\/schema.org","@graph":[{"@type":"Article","@id":"https:\/\/kohenavocats.com\/en\/tribunal-judiciaire-de-limoges-le-3-septembre-2025-n24-00843\/#article","isPartOf":{"@id":"https:\/\/kohenavocats.com\/en\/tribunal-judiciaire-de-limoges-le-3-septembre-2025-n24-00843\/"},"author":{"name":"Kohen","@id":"https:\/\/kohenavocats.com\/en\/#\/schema\/person\/761c9ba54fa1ca84d405cef0831ff751"},"headline":"Tribunal judiciaire de Limoges, le 3 septembre 2025, n\u00b024\/00843","datePublished":"2026-04-22T00:26:30+00:00","mainEntityOfPage":{"@id":"https:\/\/kohenavocats.com\/en\/tribunal-judiciaire-de-limoges-le-3-septembre-2025-n24-00843\/"},"wordCount":606,"commentCount":0,"publisher":{"@id":"https:\/\/kohenavocats.com\/en\/#organization"},"image":{"@id":"https:\/\/kohenavocats.com\/en\/tribunal-judiciaire-de-limoges-le-3-septembre-2025-n24-00843\/#primaryimage"},"thumbnailUrl":"https:\/\/kohenavocats.com\/wp-content\/uploads\/2024\/11\/viktor-forgacs-5j8nd3QpRbo-unsplash.webp","articleSection":["Jurisprudence"],"inLanguage":"en-US","potentialAction":[{"@type":"CommentAction","name":"Comment","target":["https:\/\/kohenavocats.com\/en\/tribunal-judiciaire-de-limoges-le-3-septembre-2025-n24-00843\/#respond"]}],"citation":"Tribunal judiciaire de Limoges, le 3 septembre 2025, n\u00b024\/00843","about":[{"@type":"Thing","name":"Jurisprudence"}],"dateModified":"2026-04-22T00:26:30+00:00","speakable":{"@type":"SpeakableSpecification","cssSelector":[".article-content > p:first-of-type"]}},{"@type":"WebPage","@id":"https:\/\/kohenavocats.com\/en\/tribunal-judiciaire-de-limoges-le-3-septembre-2025-n24-00843\/","url":"https:\/\/kohenavocats.com\/en\/tribunal-judiciaire-de-limoges-le-3-septembre-2025-n24-00843\/","name":"Tribunal judiciaire de Limoges, le 3 septembre 2025, n\u00b024\/00843 - Ma\u00eetre Hassan Kohen, avocat en droit p\u00e9nal \u00e0 Paris","isPartOf":{"@id":"https:\/\/kohenavocats.com\/en\/#website"},"primaryImageOfPage":{"@id":"https:\/\/kohenavocats.com\/en\/tribunal-judiciaire-de-limoges-le-3-septembre-2025-n24-00843\/#primaryimage"},"image":{"@id":"https:\/\/kohenavocats.com\/en\/tribunal-judiciaire-de-limoges-le-3-septembre-2025-n24-00843\/#primaryimage"},"thumbnailUrl":"https:\/\/kohenavocats.com\/wp-content\/uploads\/2024\/11\/viktor-forgacs-5j8nd3QpRbo-unsplash.webp","datePublished":"2026-04-22T00:26:30+00:00","description":"Le juge des contentieux de la protection a rendu une ordonnance le 3 septembre 2025. Un organisme public de logement social demandait la r\u00e9solution d'un bail...","breadcrumb":{"@id":"https:\/\/kohenavocats.com\/en\/tribunal-judiciaire-de-limoges-le-3-septembre-2025-n24-00843\/#breadcrumb"},"inLanguage":"en-US","potentialAction":[{"@type":"ReadAction","target":["https:\/\/kohenavocats.com\/en\/tribunal-judiciaire-de-limoges-le-3-septembre-2025-n24-00843\/"]}]},{"@type":"ImageObject","inLanguage":"en-US","@id":"https:\/\/kohenavocats.com\/en\/tribunal-judiciaire-de-limoges-le-3-septembre-2025-n24-00843\/#primaryimage","url":"https:\/\/kohenavocats.com\/wp-content\/uploads\/2024\/11\/viktor-forgacs-5j8nd3QpRbo-unsplash.webp","contentUrl":"https:\/\/kohenavocats.com\/wp-content\/uploads\/2024\/11\/viktor-forgacs-5j8nd3QpRbo-unsplash.webp","width":3456,"height":2444},{"@type":"BreadcrumbList","@id":"https:\/\/kohenavocats.com\/en\/tribunal-judiciaire-de-limoges-le-3-septembre-2025-n24-00843\/#breadcrumb","itemListElement":[{"@type":"ListItem","position":1,"name":"Home","item":"https:\/\/kohenavocats.com\/en\/criminal-law-attorneys-in-paris-counsel-and-strategic-defense\/"},{"@type":"ListItem","position":2,"name":"Tribunal judiciaire de Limoges, le 3 septembre 2025, n\u00b024\/00843"}]},{"@type":"WebSite","@id":"https:\/\/kohenavocats.com\/en\/#website","url":"https:\/\/kohenavocats.com\/en\/","name":"Kohen Avocats","description":"Ma\u00eetre Hassan Kohen, avocat p\u00e9naliste \u00e0 Paris, intervient exclusivement en droit p\u00e9nal pour la d\u00e9fense des particuliers, notamment en mati\u00e8re d\u2019accusations de viol. Il assure un accompagnement rigoureux d\u00e8s la garde \u00e0 vue jusqu\u2019\u00e0 la Cour d\u2019assises, veillant au strict respect des garanties proc\u00e9durales.","publisher":{"@id":"https:\/\/kohenavocats.com\/en\/#organization"},"potentialAction":[{"@type":"SearchAction","target":{"@type":"EntryPoint","urlTemplate":"https:\/\/kohenavocats.com\/en\/?s={search_term_string}"},"query-input":{"@type":"PropertyValueSpecification","valueRequired":true,"valueName":"search_term_string"}}],"inLanguage":"en-US"},{"@type":"Organization","@id":"https:\/\/kohenavocats.com\/en\/#organization","name":"Kohen Avocats","url":"https:\/\/kohenavocats.com\/en\/","logo":{"@type":"ImageObject","inLanguage":"en-US","@id":"https:\/\/kohenavocats.com\/en\/#\/schema\/logo\/image\/","url":"https:\/\/kohenavocats.com\/wp-content\/uploads\/2026\/01\/Logo-2-1.webp","contentUrl":"https:\/\/kohenavocats.com\/wp-content\/uploads\/2026\/01\/Logo-2-1.webp","width":2114,"height":1253,"caption":"Kohen Avocats"},"image":{"@id":"https:\/\/kohenavocats.com\/en\/#\/schema\/logo\/image\/"}},{"@type":"Person","@id":"https:\/\/kohenavocats.com\/en\/#\/schema\/person\/761c9ba54fa1ca84d405cef0831ff751","name":"Kohen","image":{"@type":"ImageObject","inLanguage":"en-US","@id":"https:\/\/secure.gravatar.com\/avatar\/1c5e76ef76bbbfdd2b4da984e2bf2fa4056fd51a27d25ce2c332047f1dfd6e00?s=96&d=identicon&r=g","url":"https:\/\/secure.gravatar.com\/avatar\/1c5e76ef76bbbfdd2b4da984e2bf2fa4056fd51a27d25ce2c332047f1dfd6e00?s=96&d=identicon&r=g","contentUrl":"https:\/\/secure.gravatar.com\/avatar\/1c5e76ef76bbbfdd2b4da984e2bf2fa4056fd51a27d25ce2c332047f1dfd6e00?s=96&d=identicon&r=g","caption":"Kohen"},"sameAs":["https:\/\/www.linkedin.com\/in\/hassan-kohen-448548192\/","https:\/\/www.youtube.com\/@Kohen-Avocats"],"url":"https:\/\/kohenavocats.com\/en\/author\/kohenmlk\/"}]}},"jetpack_featured_media_url":"https:\/\/kohenavocats.com\/wp-content\/uploads\/2024\/11\/viktor-forgacs-5j8nd3QpRbo-unsplash.webp","jetpack_likes_enabled":false,"jetpack_shortlink":"https:\/\/wp.me\/peCrII-2Hfc","jetpack-related-posts":[{"id":642991,"url":"https:\/\/kohenavocats.com\/en\/tribunal-judiciaire-de-limoges-le-8-septembre-2025-n25-00367\/","url_meta":{"origin":642890,"position":0},"title":"Tribunal judiciaire de Limoges, le 8 septembre 2025, n\u00b025\/00367","author":"Kohen","date":"22 April 2026","format":false,"excerpt":"Le juge des contentieux de la protection, statuant par ordonnance r\u00e9put\u00e9e contradictoire le 8 septembre 2025, se prononce sur une demande en r\u00e9solution d\u2019un ...","rel":"","context":"In &quot;Jurisprudence&quot;","block_context":{"text":"Jurisprudence","link":"https:\/\/kohenavocats.com\/category\/jurisprudence\/"},"img":{"alt_text":"","src":"https:\/\/i0.wp.com\/kohenavocats.com\/wp-content\/uploads\/2024\/11\/virginia-marinova-3UfkjHxVch0-unsplash-1.webp?resize=350%2C200&ssl=1","width":350,"height":200,"srcset":"https:\/\/i0.wp.com\/kohenavocats.com\/wp-content\/uploads\/2024\/11\/virginia-marinova-3UfkjHxVch0-unsplash-1.webp?resize=350%2C200&ssl=1 1x, https:\/\/i0.wp.com\/kohenavocats.com\/wp-content\/uploads\/2024\/11\/virginia-marinova-3UfkjHxVch0-unsplash-1.webp?resize=525%2C300&ssl=1 1.5x, https:\/\/i0.wp.com\/kohenavocats.com\/wp-content\/uploads\/2024\/11\/virginia-marinova-3UfkjHxVch0-unsplash-1.webp?resize=700%2C400&ssl=1 2x, https:\/\/i0.wp.com\/kohenavocats.com\/wp-content\/uploads\/2024\/11\/virginia-marinova-3UfkjHxVch0-unsplash-1.webp?resize=1050%2C600&ssl=1 3x, https:\/\/i0.wp.com\/kohenavocats.com\/wp-content\/uploads\/2024\/11\/virginia-marinova-3UfkjHxVch0-unsplash-1.webp?resize=1400%2C800&ssl=1 4x"},"classes":[]},{"id":489025,"url":"https:\/\/kohenavocats.com\/en\/tribunal-judiciaire-de-toulouse-le-23-septembre-2025-n25-01974\/","url_meta":{"origin":642890,"position":1},"title":"Tribunal judiciaire de Toulouse, le 23 septembre 2025, n\u00b025\/01974","author":"Kohen","date":"8 April 2026","format":false,"excerpt":"Le juge des contentieux de la protection, statuant par ordonnance le 23 septembre 2025, examine une demande en r\u00e9siliation de bail pour impay\u00e9s. Le bailleur ...","rel":"","context":"In &quot;Jurisprudence&quot;","block_context":{"text":"Jurisprudence","link":"https:\/\/kohenavocats.com\/category\/jurisprudence\/"},"img":{"alt_text":"","src":"https:\/\/i0.wp.com\/kohenavocats.com\/wp-content\/uploads\/2024\/07\/colin-lloyd-_JEiyOfC2y8-unsplash.webp?resize=350%2C200&ssl=1","width":350,"height":200,"srcset":"https:\/\/i0.wp.com\/kohenavocats.com\/wp-content\/uploads\/2024\/07\/colin-lloyd-_JEiyOfC2y8-unsplash.webp?resize=350%2C200&ssl=1 1x, https:\/\/i0.wp.com\/kohenavocats.com\/wp-content\/uploads\/2024\/07\/colin-lloyd-_JEiyOfC2y8-unsplash.webp?resize=525%2C300&ssl=1 1.5x, https:\/\/i0.wp.com\/kohenavocats.com\/wp-content\/uploads\/2024\/07\/colin-lloyd-_JEiyOfC2y8-unsplash.webp?resize=700%2C400&ssl=1 2x, https:\/\/i0.wp.com\/kohenavocats.com\/wp-content\/uploads\/2024\/07\/colin-lloyd-_JEiyOfC2y8-unsplash.webp?resize=1050%2C600&ssl=1 3x, https:\/\/i0.wp.com\/kohenavocats.com\/wp-content\/uploads\/2024\/07\/colin-lloyd-_JEiyOfC2y8-unsplash.webp?resize=1400%2C800&ssl=1 4x"},"classes":[]},{"id":609926,"url":"https:\/\/kohenavocats.com\/en\/tribunal-judiciaire-de-toulouse-le-3-decembre-2025-n25-02744\/","url_meta":{"origin":642890,"position":2},"title":"Tribunal judiciaire de Toulouse, le 3 d\u00e9cembre 2025, n\u00b025\/02744","author":"Kohen","date":"19 April 2026","format":false,"excerpt":"Le juge des contentieux de la protection, statuant en r\u00e9f\u00e9r\u00e9 par ordonnance le vingt-neuf septembre 2025, examine une demande en r\u00e9siliation de bail pour d\u00e9f...","rel":"","context":"In &quot;Jurisprudence&quot;","block_context":{"text":"Jurisprudence","link":"https:\/\/kohenavocats.com\/category\/jurisprudence\/"},"img":{"alt_text":"","src":"https:\/\/i0.wp.com\/kohenavocats.com\/wp-content\/uploads\/2024\/11\/luke-jones-DaS7IxmJGfw-unsplash.webp?resize=350%2C200&ssl=1","width":350,"height":200,"srcset":"https:\/\/i0.wp.com\/kohenavocats.com\/wp-content\/uploads\/2024\/11\/luke-jones-DaS7IxmJGfw-unsplash.webp?resize=350%2C200&ssl=1 1x, https:\/\/i0.wp.com\/kohenavocats.com\/wp-content\/uploads\/2024\/11\/luke-jones-DaS7IxmJGfw-unsplash.webp?resize=525%2C300&ssl=1 1.5x, https:\/\/i0.wp.com\/kohenavocats.com\/wp-content\/uploads\/2024\/11\/luke-jones-DaS7IxmJGfw-unsplash.webp?resize=700%2C400&ssl=1 2x, https:\/\/i0.wp.com\/kohenavocats.com\/wp-content\/uploads\/2024\/11\/luke-jones-DaS7IxmJGfw-unsplash.webp?resize=1050%2C600&ssl=1 3x, https:\/\/i0.wp.com\/kohenavocats.com\/wp-content\/uploads\/2024\/11\/luke-jones-DaS7IxmJGfw-unsplash.webp?resize=1400%2C800&ssl=1 4x"},"classes":[]},{"id":670744,"url":"https:\/\/kohenavocats.com\/en\/tribunal-judiciaire-de-chambery-le-18-septembre-2025-n25-00130-2\/","url_meta":{"origin":642890,"position":3},"title":"Tribunal judiciaire de Chamb\u00e9ry, le 18 septembre 2025, n\u00b025\/00130","author":"Kohen","date":"24 April 2026","format":false,"excerpt":"Le tribunal judiciaire de Chamb\u00e9ry, statuant en mati\u00e8re de contentieux de la protection le 18 septembre 2025, se prononce sur une demande en constatation de ...","rel":"","context":"In &quot;Immobilier&quot;","block_context":{"text":"Immobilier","link":"https:\/\/kohenavocats.com\/category\/immobilier\/"},"img":{"alt_text":"","src":"https:\/\/i0.wp.com\/kohenavocats.com\/wp-content\/uploads\/2024\/08\/ionut-dobre-nnlVXi1lp3k-unsplash.webp?resize=350%2C200&ssl=1","width":350,"height":200,"srcset":"https:\/\/i0.wp.com\/kohenavocats.com\/wp-content\/uploads\/2024\/08\/ionut-dobre-nnlVXi1lp3k-unsplash.webp?resize=350%2C200&ssl=1 1x, https:\/\/i0.wp.com\/kohenavocats.com\/wp-content\/uploads\/2024\/08\/ionut-dobre-nnlVXi1lp3k-unsplash.webp?resize=525%2C300&ssl=1 1.5x, https:\/\/i0.wp.com\/kohenavocats.com\/wp-content\/uploads\/2024\/08\/ionut-dobre-nnlVXi1lp3k-unsplash.webp?resize=700%2C400&ssl=1 2x, https:\/\/i0.wp.com\/kohenavocats.com\/wp-content\/uploads\/2024\/08\/ionut-dobre-nnlVXi1lp3k-unsplash.webp?resize=1050%2C600&ssl=1 3x, https:\/\/i0.wp.com\/kohenavocats.com\/wp-content\/uploads\/2024\/08\/ionut-dobre-nnlVXi1lp3k-unsplash.webp?resize=1400%2C800&ssl=1 4x"},"classes":[]},{"id":670396,"url":"https:\/\/kohenavocats.com\/en\/tribunal-judiciaire-de-nantes-le-18-septembre-2025-n25-01146\/","url_meta":{"origin":642890,"position":4},"title":"Tribunal judiciaire de Nantes, le 18 septembre 2025, n\u00b025\/01146","author":"Kohen","date":"24 April 2026","format":false,"excerpt":"Le Juge des Contentieux de la Protection, statuant par d\u00e9cision mise \u00e0 disposition au greffe, constate la r\u00e9siliation d\u2019un bail d\u2019habitation pour impay\u00e9s. Il...","rel":"","context":"In &quot;Code des assurances&quot;","block_context":{"text":"Code des assurances","link":"https:\/\/kohenavocats.com\/category\/code-des-assurances\/"},"img":{"alt_text":"","src":"https:\/\/i0.wp.com\/kohenavocats.com\/wp-content\/uploads\/2024\/08\/peter-ivey-hansen-K3qrgjT7N2M-unsplash.webp?resize=350%2C200&ssl=1","width":350,"height":200,"srcset":"https:\/\/i0.wp.com\/kohenavocats.com\/wp-content\/uploads\/2024\/08\/peter-ivey-hansen-K3qrgjT7N2M-unsplash.webp?resize=350%2C200&ssl=1 1x, https:\/\/i0.wp.com\/kohenavocats.com\/wp-content\/uploads\/2024\/08\/peter-ivey-hansen-K3qrgjT7N2M-unsplash.webp?resize=525%2C300&ssl=1 1.5x, https:\/\/i0.wp.com\/kohenavocats.com\/wp-content\/uploads\/2024\/08\/peter-ivey-hansen-K3qrgjT7N2M-unsplash.webp?resize=700%2C400&ssl=1 2x, https:\/\/i0.wp.com\/kohenavocats.com\/wp-content\/uploads\/2024\/08\/peter-ivey-hansen-K3qrgjT7N2M-unsplash.webp?resize=1050%2C600&ssl=1 3x, https:\/\/i0.wp.com\/kohenavocats.com\/wp-content\/uploads\/2024\/08\/peter-ivey-hansen-K3qrgjT7N2M-unsplash.webp?resize=1400%2C800&ssl=1 4x"},"classes":[]},{"id":486896,"url":"https:\/\/kohenavocats.com\/en\/tribunal-judiciaire-le-27-novembre-2025-n25-02008\/","url_meta":{"origin":642890,"position":5},"title":"Tribunal judiciaire, le 27 novembre 2025, n\u00b025\/02008","author":"Kohen","date":"8 April 2026","format":false,"excerpt":"Le tribunal judiciaire, statuant en la forme des contentieux de la protection, rend un jugement r\u00e9put\u00e9 contradictoire le 27 novembre 2025. Le bailleur social...","rel":"","context":"In &quot;Jurisprudence&quot;","block_context":{"text":"Jurisprudence","link":"https:\/\/kohenavocats.com\/category\/jurisprudence\/"},"img":{"alt_text":"","src":"https:\/\/i0.wp.com\/kohenavocats.com\/wp-content\/uploads\/2024\/08\/katie-moum-o0kbc907i20-unsplash.webp?resize=350%2C200&ssl=1","width":350,"height":200,"srcset":"https:\/\/i0.wp.com\/kohenavocats.com\/wp-content\/uploads\/2024\/08\/katie-moum-o0kbc907i20-unsplash.webp?resize=350%2C200&ssl=1 1x, https:\/\/i0.wp.com\/kohenavocats.com\/wp-content\/uploads\/2024\/08\/katie-moum-o0kbc907i20-unsplash.webp?resize=525%2C300&ssl=1 1.5x, https:\/\/i0.wp.com\/kohenavocats.com\/wp-content\/uploads\/2024\/08\/katie-moum-o0kbc907i20-unsplash.webp?resize=700%2C400&ssl=1 2x, https:\/\/i0.wp.com\/kohenavocats.com\/wp-content\/uploads\/2024\/08\/katie-moum-o0kbc907i20-unsplash.webp?resize=1050%2C600&ssl=1 3x, https:\/\/i0.wp.com\/kohenavocats.com\/wp-content\/uploads\/2024\/08\/katie-moum-o0kbc907i20-unsplash.webp?resize=1400%2C800&ssl=1 4x"},"classes":[]}],"jetpack_sharing_enabled":true,"_links":{"self":[{"href":"https:\/\/kohenavocats.com\/en\/wp-json\/wp\/v2\/posts\/642890","targetHints":{"allow":["GET"]}}],"collection":[{"href":"https:\/\/kohenavocats.com\/en\/wp-json\/wp\/v2\/posts"}],"about":[{"href":"https:\/\/kohenavocats.com\/en\/wp-json\/wp\/v2\/types\/post"}],"author":[{"embeddable":true,"href":"https:\/\/kohenavocats.com\/en\/wp-json\/wp\/v2\/users\/232070755"}],"replies":[{"embeddable":true,"href":"https:\/\/kohenavocats.com\/en\/wp-json\/wp\/v2\/comments?post=642890"}],"version-history":[{"count":0,"href":"https:\/\/kohenavocats.com\/en\/wp-json\/wp\/v2\/posts\/642890\/revisions"}],"wp:featuredmedia":[{"embeddable":true,"href":"https:\/\/kohenavocats.com\/en\/wp-json\/wp\/v2\/media\/9442"}],"wp:attachment":[{"href":"https:\/\/kohenavocats.com\/en\/wp-json\/wp\/v2\/media?parent=642890"}],"wp:term":[{"taxonomy":"category","embeddable":true,"href":"https:\/\/kohenavocats.com\/en\/wp-json\/wp\/v2\/categories?post=642890"},{"taxonomy":"post_tag","embeddable":true,"href":"https:\/\/kohenavocats.com\/en\/wp-json\/wp\/v2\/tags?post=642890"}],"curies":[{"name":"wp","href":"https:\/\/api.w.org\/{rel}","templated":true}]}}